{"id":47646,"date":"2023-10-27T14:25:41","date_gmt":"2023-10-27T13:25:41","guid":{"rendered":"http:\/\/www.spaziotorino.it\/scatto\/?p=47646"},"modified":"2023-10-27T15:29:38","modified_gmt":"2023-10-27T14:29:38","slug":"miro-a-torino","status":"publish","type":"post","link":"http:\/\/www.spaziotorino.it\/scatto\/?p=47646","title":{"rendered":"Mir\u00f2 a Torino"},"content":{"rendered":"<p><a class=\"ngg-fancybox\" title=\"Mir\u00f2 a Torino\" href=\"http:\/\/www.spaziotorino.it\/scatto\/wp-content\/gallery\/2023_10_27_miro\/PLA_8511.jpg\" rel=\"lightbox[set_2057]\"><br \/>\n<img decoding=\"async\" loading=\"lazy\" class=\"ngg-singlepic\" title=\"Mir\u00f2 a Torino\" src=\"http:\/\/www.spaziotorino.it\/scatto\/wp-content\/gallery\/2023_10_27_miro\/PLA_8511.jpg\" alt=\"\" width=\"540\" height=\"360\"\/><\/a><\/p>\n<!-- index.php -->\n<div\n\tclass=\"ngg-galleryoverview ngg-ajax-pagination-none\"\n\tid=\"ngg-gallery-81520af71dad0af51aa79e6a3a31d72e-1\">\n\n    \t\t<!-- Thumbnails -->\n\t\t\t\t<div id=\"ngg-image-0\" class=\"ngg-gallery-thumbnail-box\" >\n\t\t\t\t        <div class=\"ngg-gallery-thumbnail\">\n            <a href=\"http:\/\/www.spaziotorino.it\/scatto\/wp-content\/gallery\/2023_10_27_miro\/PLA_8535.jpg\"\n               title=\"Mir\u00f2 a Torino\"\n               data-src=\"http:\/\/www.spaziotorino.it\/scatto\/wp-content\/gallery\/2023_10_27_miro\/PLA_8535.jpg\"\n               data-thumbnail=\"http:\/\/www.spaziotorino.it\/scatto\/wp-content\/gallery\/2023_10_27_miro\/thumbs\/thumbs_PLA_8535.jpg\"\n               data-image-id=\"30793\"\n               data-title=\"Mir\u00f2 a Torino\"\n               data-description=\"Mir\u00f2 a Torino\"\n               data-image-slug=\"pla_8535-3\"\n               class=\"ngg-fancybox\" rel=\"81520af71dad0af51aa79e6a3a31d72e\">\n                <img\n                    title=\"Mir\u00f2 a Torino\"\n                    alt=\"Mir\u00f2 a Torino\"\n                    src=\"http:\/\/www.spaziotorino.it\/scatto\/wp-content\/gallery\/2023_10_27_miro\/cache\/PLA_8535.jpg-nggid0530793-ngg0dyn-60x60x100-00f0w010c011r110f110r010t010.jpg\"\n                    width=\"60\"\n                    height=\"60\"\n                    style=\"max-width:100%;\"\n                \/>\n            <\/a>\n        <\/div>\n\t\t\t\t\t\t\t<\/div> \n\t\t\t\n        \n\t\t\t\t<div id=\"ngg-image-1\" class=\"ngg-gallery-thumbnail-box\" >\n\t\t\t\t        <div class=\"ngg-gallery-thumbnail\">\n            <a href=\"http:\/\/www.spaziotorino.it\/scatto\/wp-content\/gallery\/2023_10_27_miro\/PLA_8502.jpg\"\n               title=\"Mir\u00f2 a Torino\"\n               data-src=\"http:\/\/www.spaziotorino.it\/scatto\/wp-content\/gallery\/2023_10_27_miro\/PLA_8502.jpg\"\n               data-thumbnail=\"http:\/\/www.spaziotorino.it\/scatto\/wp-content\/gallery\/2023_10_27_miro\/thumbs\/thumbs_PLA_8502.jpg\"\n               data-image-id=\"30783\"\n               data-title=\"Mir\u00f2 a Torino\"\n               data-description=\"Mir\u00f2 a Torino\"\n               data-image-slug=\"pla_8502\"\n               class=\"ngg-fancybox\" rel=\"81520af71dad0af51aa79e6a3a31d72e\">\n                <img\n                    title=\"Mir\u00f2 a Torino\"\n                    alt=\"Mir\u00f2 a Torino\"\n                    src=\"http:\/\/www.spaziotorino.it\/scatto\/wp-content\/gallery\/2023_10_27_miro\/cache\/PLA_8502.jpg-nggid0530783-ngg0dyn-60x60x100-00f0w010c011r110f110r010t010.jpg\"\n                    width=\"60\"\n                    height=\"60\"\n                    style=\"max-width:100%;\"\n                \/>\n            <\/a>\n        <\/div>\n\t\t\t\t\t\t\t<\/div> \n\t\t\t\n        \n\t\t\t\t<div id=\"ngg-image-2\" class=\"ngg-gallery-thumbnail-box\" >\n\t\t\t\t        <div class=\"ngg-gallery-thumbnail\">\n            <a href=\"http:\/\/www.spaziotorino.it\/scatto\/wp-content\/gallery\/2023_10_27_miro\/PLA_8514.jpg\"\n               title=\"Mir\u00f2 a Torino\"\n               data-src=\"http:\/\/www.spaziotorino.it\/scatto\/wp-content\/gallery\/2023_10_27_miro\/PLA_8514.jpg\"\n               data-thumbnail=\"http:\/\/www.spaziotorino.it\/scatto\/wp-content\/gallery\/2023_10_27_miro\/thumbs\/thumbs_PLA_8514.jpg\"\n               data-image-id=\"30779\"\n               data-title=\"Mir\u00f2 a Torino\"\n               data-description=\"Mir\u00f2 a Torino\"\n               data-image-slug=\"pla_8514-1\"\n               class=\"ngg-fancybox\" rel=\"81520af71dad0af51aa79e6a3a31d72e\">\n                <img\n                    title=\"Mir\u00f2 a Torino\"\n                    alt=\"Mir\u00f2 a Torino\"\n                    src=\"http:\/\/www.spaziotorino.it\/scatto\/wp-content\/gallery\/2023_10_27_miro\/cache\/PLA_8514.jpg-nggid0530779-ngg0dyn-60x60x100-00f0w010c011r110f110r010t010.jpg\"\n                    width=\"60\"\n                    height=\"60\"\n                    style=\"max-width:100%;\"\n                \/>\n            <\/a>\n        <\/div>\n\t\t\t\t\t\t\t<\/div> \n\t\t\t\n        \n\t\t\t\t<div id=\"ngg-image-3\" class=\"ngg-gallery-thumbnail-box\" >\n\t\t\t\t        <div class=\"ngg-gallery-thumbnail\">\n            <a href=\"http:\/\/www.spaziotorino.it\/scatto\/wp-content\/gallery\/2023_10_27_miro\/PLA_8505.jpg\"\n               title=\"Mir\u00f2 a Torino\"\n               data-src=\"http:\/\/www.spaziotorino.it\/scatto\/wp-content\/gallery\/2023_10_27_miro\/PLA_8505.jpg\"\n               data-thumbnail=\"http:\/\/www.spaziotorino.it\/scatto\/wp-content\/gallery\/2023_10_27_miro\/thumbs\/thumbs_PLA_8505.jpg\"\n               data-image-id=\"30780\"\n               data-title=\"Mir\u00f2 a Torino\"\n               data-description=\"Mir\u00f2 a Torino\"\n               data-image-slug=\"pla_8505\"\n               class=\"ngg-fancybox\" rel=\"81520af71dad0af51aa79e6a3a31d72e\">\n                <img\n                    title=\"Mir\u00f2 a Torino\"\n                    alt=\"Mir\u00f2 a Torino\"\n                    src=\"http:\/\/www.spaziotorino.it\/scatto\/wp-content\/gallery\/2023_10_27_miro\/cache\/PLA_8505.jpg-nggid0530780-ngg0dyn-60x60x100-00f0w010c011r110f110r010t010.jpg\"\n                    width=\"60\"\n                    height=\"60\"\n                    style=\"max-width:100%;\"\n                \/>\n            <\/a>\n        <\/div>\n\t\t\t\t\t\t\t<\/div> \n\t\t\t\n        \n\t\t\t\t<div id=\"ngg-image-4\" class=\"ngg-gallery-thumbnail-box\" >\n\t\t\t\t        <div class=\"ngg-gallery-thumbnail\">\n            <a href=\"http:\/\/www.spaziotorino.it\/scatto\/wp-content\/gallery\/2023_10_27_miro\/PLA_8504.jpg\"\n               title=\"Mir\u00f2 a Torino\"\n               data-src=\"http:\/\/www.spaziotorino.it\/scatto\/wp-content\/gallery\/2023_10_27_miro\/PLA_8504.jpg\"\n               data-thumbnail=\"http:\/\/www.spaziotorino.it\/scatto\/wp-content\/gallery\/2023_10_27_miro\/thumbs\/thumbs_PLA_8504.jpg\"\n               data-image-id=\"30782\"\n               data-title=\"Mir\u00f2 a Torino\"\n               data-description=\"Mir\u00f2 a Torino\"\n               data-image-slug=\"pla_8504-1\"\n               class=\"ngg-fancybox\" rel=\"81520af71dad0af51aa79e6a3a31d72e\">\n                <img\n                    title=\"Mir\u00f2 a Torino\"\n                    alt=\"Mir\u00f2 a Torino\"\n                    src=\"http:\/\/www.spaziotorino.it\/scatto\/wp-content\/gallery\/2023_10_27_miro\/cache\/PLA_8504.jpg-nggid0530782-ngg0dyn-60x60x100-00f0w010c011r110f110r010t010.jpg\"\n                    width=\"60\"\n                    height=\"60\"\n                    style=\"max-width:100%;\"\n                \/>\n            <\/a>\n        <\/div>\n\t\t\t\t\t\t\t<\/div> \n\t\t\t\n        \n\t\t\t\t<div id=\"ngg-image-5\" class=\"ngg-gallery-thumbnail-box\" >\n\t\t\t\t        <div class=\"ngg-gallery-thumbnail\">\n            <a href=\"http:\/\/www.spaziotorino.it\/scatto\/wp-content\/gallery\/2023_10_27_miro\/PLA_8515.jpg\"\n               title=\"Mir\u00f2 a Torino\"\n               data-src=\"http:\/\/www.spaziotorino.it\/scatto\/wp-content\/gallery\/2023_10_27_miro\/PLA_8515.jpg\"\n               data-thumbnail=\"http:\/\/www.spaziotorino.it\/scatto\/wp-content\/gallery\/2023_10_27_miro\/thumbs\/thumbs_PLA_8515.jpg\"\n               data-image-id=\"30785\"\n               data-title=\"Mir\u00f2 a Torino\"\n               data-description=\"Mir\u00f2 a Torino\"\n               data-image-slug=\"pla_8515\"\n               class=\"ngg-fancybox\" rel=\"81520af71dad0af51aa79e6a3a31d72e\">\n                <img\n                    title=\"Mir\u00f2 a Torino\"\n                    alt=\"Mir\u00f2 a Torino\"\n                    src=\"http:\/\/www.spaziotorino.it\/scatto\/wp-content\/gallery\/2023_10_27_miro\/cache\/PLA_8515.jpg-nggid0530785-ngg0dyn-60x60x100-00f0w010c011r110f110r010t010.jpg\"\n                    width=\"60\"\n                    height=\"60\"\n                    style=\"max-width:100%;\"\n                \/>\n            <\/a>\n        <\/div>\n\t\t\t\t\t\t\t<\/div> \n\t\t\t\n        \n\t\t\t\t<div id=\"ngg-image-6\" class=\"ngg-gallery-thumbnail-box\" >\n\t\t\t\t        <div class=\"ngg-gallery-thumbnail\">\n            <a href=\"http:\/\/www.spaziotorino.it\/scatto\/wp-content\/gallery\/2023_10_27_miro\/PLA_8516.jpg\"\n               title=\"Mir\u00f2 a Torino\"\n               data-src=\"http:\/\/www.spaziotorino.it\/scatto\/wp-content\/gallery\/2023_10_27_miro\/PLA_8516.jpg\"\n               data-thumbnail=\"http:\/\/www.spaziotorino.it\/scatto\/wp-content\/gallery\/2023_10_27_miro\/thumbs\/thumbs_PLA_8516.jpg\"\n               data-image-id=\"30786\"\n               data-title=\"Mir\u00f2 a Torino\"\n               data-description=\"Mir\u00f2 a Torino\"\n               data-image-slug=\"pla_8516-2\"\n               class=\"ngg-fancybox\" rel=\"81520af71dad0af51aa79e6a3a31d72e\">\n                <img\n                    title=\"Mir\u00f2 a Torino\"\n                    alt=\"Mir\u00f2 a Torino\"\n                    src=\"http:\/\/www.spaziotorino.it\/scatto\/wp-content\/gallery\/2023_10_27_miro\/cache\/PLA_8516.jpg-nggid0530786-ngg0dyn-60x60x100-00f0w010c011r110f110r010t010.jpg\"\n                    width=\"60\"\n                    height=\"60\"\n                    style=\"max-width:100%;\"\n                \/>\n            <\/a>\n        <\/div>\n\t\t\t\t\t\t\t<\/div> \n\t\t\t\n        \n\t\t\t\t<div id=\"ngg-image-7\" class=\"ngg-gallery-thumbnail-box\" >\n\t\t\t\t        <div class=\"ngg-gallery-thumbnail\">\n            <a href=\"http:\/\/www.spaziotorino.it\/scatto\/wp-content\/gallery\/2023_10_27_miro\/PLA_8524.jpg\"\n               title=\"Mir\u00f2 a Torino\"\n               data-src=\"http:\/\/www.spaziotorino.it\/scatto\/wp-content\/gallery\/2023_10_27_miro\/PLA_8524.jpg\"\n               data-thumbnail=\"http:\/\/www.spaziotorino.it\/scatto\/wp-content\/gallery\/2023_10_27_miro\/thumbs\/thumbs_PLA_8524.jpg\"\n               data-image-id=\"30787\"\n               data-title=\"Mir\u00f2 a Torino\"\n               data-description=\"Mir\u00f2 a Torino\"\n               data-image-slug=\"pla_8524\"\n               class=\"ngg-fancybox\" rel=\"81520af71dad0af51aa79e6a3a31d72e\">\n                <img\n                    title=\"Mir\u00f2 a Torino\"\n                    alt=\"Mir\u00f2 a Torino\"\n                    src=\"http:\/\/www.spaziotorino.it\/scatto\/wp-content\/gallery\/2023_10_27_miro\/cache\/PLA_8524.jpg-nggid0530787-ngg0dyn-60x60x100-00f0w010c011r110f110r010t010.jpg\"\n                    width=\"60\"\n                    height=\"60\"\n                    style=\"max-width:100%;\"\n                \/>\n            <\/a>\n        <\/div>\n\t\t\t\t\t\t\t<\/div> \n\t\t\t\n        \n\t\t\t\t<div id=\"ngg-image-8\" class=\"ngg-gallery-thumbnail-box\" >\n\t\t\t\t        <div class=\"ngg-gallery-thumbnail\">\n            <a href=\"http:\/\/www.spaziotorino.it\/scatto\/wp-content\/gallery\/2023_10_27_miro\/PLA_8525.jpg\"\n               title=\"Mir\u00f2 a Torino\"\n               data-src=\"http:\/\/www.spaziotorino.it\/scatto\/wp-content\/gallery\/2023_10_27_miro\/PLA_8525.jpg\"\n               data-thumbnail=\"http:\/\/www.spaziotorino.it\/scatto\/wp-content\/gallery\/2023_10_27_miro\/thumbs\/thumbs_PLA_8525.jpg\"\n               data-image-id=\"30788\"\n               data-title=\"Mir\u00f2 a Torino\"\n               data-description=\"Mir\u00f2 a Torino\"\n               data-image-slug=\"pla_8525\"\n               class=\"ngg-fancybox\" rel=\"81520af71dad0af51aa79e6a3a31d72e\">\n                <img\n                    title=\"Mir\u00f2 a Torino\"\n                    alt=\"Mir\u00f2 a Torino\"\n                    src=\"http:\/\/www.spaziotorino.it\/scatto\/wp-content\/gallery\/2023_10_27_miro\/cache\/PLA_8525.jpg-nggid0530788-ngg0dyn-60x60x100-00f0w010c011r110f110r010t010.jpg\"\n                    width=\"60\"\n                    height=\"60\"\n                    style=\"max-width:100%;\"\n                \/>\n            <\/a>\n        <\/div>\n\t\t\t\t\t\t\t<\/div> \n\t\t\t\n        \n\t\t\t\t<div id=\"ngg-image-9\" class=\"ngg-gallery-thumbnail-box\" >\n\t\t\t\t        <div class=\"ngg-gallery-thumbnail\">\n            <a href=\"http:\/\/www.spaziotorino.it\/scatto\/wp-content\/gallery\/2023_10_27_miro\/PLA_8522.jpg\"\n               title=\"Mir\u00f2 a Torino\"\n               data-src=\"http:\/\/www.spaziotorino.it\/scatto\/wp-content\/gallery\/2023_10_27_miro\/PLA_8522.jpg\"\n               data-thumbnail=\"http:\/\/www.spaziotorino.it\/scatto\/wp-content\/gallery\/2023_10_27_miro\/thumbs\/thumbs_PLA_8522.jpg\"\n               data-image-id=\"30789\"\n               data-title=\"Mir\u00f2 a Torino\"\n               data-description=\"Mir\u00f2 a Torino\"\n               data-image-slug=\"pla_8522-1\"\n               class=\"ngg-fancybox\" rel=\"81520af71dad0af51aa79e6a3a31d72e\">\n                <img\n                    title=\"Mir\u00f2 a Torino\"\n                    alt=\"Mir\u00f2 a Torino\"\n                    src=\"http:\/\/www.spaziotorino.it\/scatto\/wp-content\/gallery\/2023_10_27_miro\/cache\/PLA_8522.jpg-nggid0530789-ngg0dyn-60x60x100-00f0w010c011r110f110r010t010.jpg\"\n                    width=\"60\"\n                    height=\"60\"\n                    style=\"max-width:100%;\"\n                \/>\n            <\/a>\n        <\/div>\n\t\t\t\t\t\t\t<\/div> \n\t\t\t\n        \n\t\t\t\t<div id=\"ngg-image-10\" class=\"ngg-gallery-thumbnail-box\" >\n\t\t\t\t        <div class=\"ngg-gallery-thumbnail\">\n            <a href=\"http:\/\/www.spaziotorino.it\/scatto\/wp-content\/gallery\/2023_10_27_miro\/PLA_8528.jpg\"\n               title=\"Mir\u00f2 a Torino\"\n               data-src=\"http:\/\/www.spaziotorino.it\/scatto\/wp-content\/gallery\/2023_10_27_miro\/PLA_8528.jpg\"\n               data-thumbnail=\"http:\/\/www.spaziotorino.it\/scatto\/wp-content\/gallery\/2023_10_27_miro\/thumbs\/thumbs_PLA_8528.jpg\"\n               data-image-id=\"30790\"\n               data-title=\"Mir\u00f2 a Torino\"\n               data-description=\"Mir\u00f2 a Torino\"\n               data-image-slug=\"pla_8528\"\n               class=\"ngg-fancybox\" rel=\"81520af71dad0af51aa79e6a3a31d72e\">\n                <img\n                    title=\"Mir\u00f2 a Torino\"\n                    alt=\"Mir\u00f2 a Torino\"\n                    src=\"http:\/\/www.spaziotorino.it\/scatto\/wp-content\/gallery\/2023_10_27_miro\/cache\/PLA_8528.jpg-nggid0530790-ngg0dyn-60x60x100-00f0w010c011r110f110r010t010.jpg\"\n                    width=\"60\"\n                    height=\"60\"\n                    style=\"max-width:100%;\"\n                \/>\n            <\/a>\n        <\/div>\n\t\t\t\t\t\t\t<\/div> \n\t\t\t\n        \n\t\t\t\t<div id=\"ngg-image-11\" class=\"ngg-gallery-thumbnail-box\" >\n\t\t\t\t        <div class=\"ngg-gallery-thumbnail\">\n            <a href=\"http:\/\/www.spaziotorino.it\/scatto\/wp-content\/gallery\/2023_10_27_miro\/PLA_8530.jpg\"\n               title=\"Mir\u00f2 a Torino\"\n               data-src=\"http:\/\/www.spaziotorino.it\/scatto\/wp-content\/gallery\/2023_10_27_miro\/PLA_8530.jpg\"\n               data-thumbnail=\"http:\/\/www.spaziotorino.it\/scatto\/wp-content\/gallery\/2023_10_27_miro\/thumbs\/thumbs_PLA_8530.jpg\"\n               data-image-id=\"30791\"\n               data-title=\"Mir\u00f2 a Torino\"\n               data-description=\"Mir\u00f2 a Torino\"\n               data-image-slug=\"pla_8530\"\n               class=\"ngg-fancybox\" rel=\"81520af71dad0af51aa79e6a3a31d72e\">\n                <img\n                    title=\"Mir\u00f2 a Torino\"\n                    alt=\"Mir\u00f2 a Torino\"\n                    src=\"http:\/\/www.spaziotorino.it\/scatto\/wp-content\/gallery\/2023_10_27_miro\/cache\/PLA_8530.jpg-nggid0530791-ngg0dyn-60x60x100-00f0w010c011r110f110r010t010.jpg\"\n                    width=\"60\"\n                    height=\"60\"\n                    style=\"max-width:100%;\"\n                \/>\n            <\/a>\n        <\/div>\n\t\t\t\t\t\t\t<\/div> \n\t\t\t\n        \n\t\t\t\t<div id=\"ngg-image-12\" class=\"ngg-gallery-thumbnail-box\" >\n\t\t\t\t        <div class=\"ngg-gallery-thumbnail\">\n            <a href=\"http:\/\/www.spaziotorino.it\/scatto\/wp-content\/gallery\/2023_10_27_miro\/PLA_8531.jpg\"\n               title=\"Mir\u00f2 a Torino\"\n               data-src=\"http:\/\/www.spaziotorino.it\/scatto\/wp-content\/gallery\/2023_10_27_miro\/PLA_8531.jpg\"\n               data-thumbnail=\"http:\/\/www.spaziotorino.it\/scatto\/wp-content\/gallery\/2023_10_27_miro\/thumbs\/thumbs_PLA_8531.jpg\"\n               data-image-id=\"30792\"\n               data-title=\"Mir\u00f2 a Torino\"\n               data-description=\"Mir\u00f2 a Torino\"\n               data-image-slug=\"pla_8531-1\"\n               class=\"ngg-fancybox\" rel=\"81520af71dad0af51aa79e6a3a31d72e\">\n                <img\n                    title=\"Mir\u00f2 a Torino\"\n                    alt=\"Mir\u00f2 a Torino\"\n                    src=\"http:\/\/www.spaziotorino.it\/scatto\/wp-content\/gallery\/2023_10_27_miro\/cache\/PLA_8531.jpg-nggid0530792-ngg0dyn-60x60x100-00f0w010c011r110f110r010t010.jpg\"\n                    width=\"60\"\n                    height=\"60\"\n                    style=\"max-width:100%;\"\n                \/>\n            <\/a>\n        <\/div>\n\t\t\t\t\t\t\t<\/div> \n\t\t\t\n        \n\t\t\n\t\t<!-- Pagination -->\n\t<div class='ngg-clear'><\/div>\t<\/div>\n\n<p>Al Mastio della Cittadella \u00e8 stata presentata la mostra Mir\u00f2 a Torino visibile fino al 14 gennaio 2024.<\/p>\n<div id=\"block-system-main\" class=\"block block-system clearfix\">\n<div class=\"content\">\n<article id=\"node-32065\" class=\"node node-evento clearfix node-mt\">\n<div class=\"node-main-content full-width clearfix\">\n<div class=\"content\">\n<div class=\"field field-name-body field-type-text-with-summary field-label-hidden\">\n<div class=\"field-items\">\n<div class=\"field-item even\">\n<p>La mostra racchiude all&#8217;incirca&nbsp;<strong>100 opere<\/strong>&nbsp;tra&nbsp;<strong>dipinti<\/strong>,&nbsp;<strong>tempere<\/strong>,&nbsp;<strong>acquerelli<\/strong>,&nbsp;<strong>disegni<\/strong>,&nbsp;<strong>sculture&nbsp;<\/strong>e&nbsp;<strong>ceramiche<\/strong>, completata da una serie di alcuni video inediti e foto che raccontano il privato e il pubblico del grande maestro del surrealismo europeo. La curatela \u00e8 affidata al critico d&#8217;arte&nbsp;<strong>Achille Bonito Oliva<\/strong>, fra i maggiori e pi\u00f9 stimati critici d&#8217;arte, con la collaborazione di&nbsp;<strong>Ma\u00efth\u00e9 Vall\u00e8s-Bled<\/strong>&nbsp;(gi\u00e0 direttrice di musei francesi) e&nbsp;<strong>Vincenzo Sanfo<\/strong>, esperto d&#8217;arte e organizzatore di grandi mostre internazionali. L&#8217;importante nucleo di opere copre un periodo di sei decenni della carriera di&nbsp;<strong>Joan Mir\u00f3<\/strong>: dal 1924 al 1981, con un focus in particolare sulla trasformazione dei linguaggi pittorici che l&#8217;artista catalano inizi\u00f2 a sviluppare nella prima met\u00e0 degli anni &#8217;20.<\/p>\n<p>Maggiori informazioni nelle pagine dedicate alla mostra <a href=\"http:\/\/www.navigaresrl.com\/mostra\/miro-a-torino\/\">Mir\u00f2 a Torino<\/a><\/p>\n<\/div>\n<\/div>\n<\/div>\n<\/div>\n<\/div>\n<\/article>\n<\/div>\n<\/div>\n","protected":false},"excerpt":{"rendered":"<p>Al Mastio della Cittadella \u00e8 stata presentata la mostra Mir\u00f2 a Torino visibile fino al 14 gennaio 2024. La mostra racchiude all&#8217;incirca&nbsp;100 opere&nbsp;tra&nbsp;dipinti,&nbsp;tempere,&nbsp;acquerelli,&nbsp;disegni,&nbsp;sculture&nbsp;e&nbsp;ceramiche, completata da una serie di alcuni video inediti e foto che raccontano il privato e il pubblico del grande maestro del surrealismo europeo. La curatela \u00e8 affidata al critico d&#8217;arte&nbsp;Achille Bonito Oliva, [&hellip;]<\/p>\n","protected":false},"author":1,"featured_media":0,"comment_status":"closed","ping_status":"open","sticky":false,"template":"","format":"standard","meta":{"ngg_post_thumbnail":0},"categories":[54,1],"tags":[],"_links":{"self":[{"href":"http:\/\/www.spaziotorino.it\/scatto\/index.php?rest_route=\/wp\/v2\/posts\/47646"}],"collection":[{"href":"http:\/\/www.spaziotorino.it\/scatto\/index.php?rest_route=\/wp\/v2\/posts"}],"about":[{"href":"http:\/\/www.spaziotorino.it\/scatto\/index.php?rest_route=\/wp\/v2\/types\/post"}],"author":[{"embeddable":true,"href":"http:\/\/www.spaziotorino.it\/scatto\/index.php?rest_route=\/wp\/v2\/users\/1"}],"replies":[{"embeddable":true,"href":"http:\/\/www.spaziotorino.it\/scatto\/index.php?rest_route=%2Fwp%2Fv2%2Fcomments&post=47646"}],"version-history":[{"count":1,"href":"http:\/\/www.spaziotorino.it\/scatto\/index.php?rest_route=\/wp\/v2\/posts\/47646\/revisions"}],"predecessor-version":[{"id":47648,"href":"http:\/\/www.spaziotorino.it\/scatto\/index.php?rest_route=\/wp\/v2\/posts\/47646\/revisions\/47648"}],"wp:attachment":[{"href":"http:\/\/www.spaziotorino.it\/scatto\/index.php?rest_route=%2Fwp%2Fv2%2Fmedia&parent=47646"}],"wp:term":[{"taxonomy":"category","embeddable":true,"href":"http:\/\/www.spaziotorino.it\/scatto\/index.php?rest_route=%2Fwp%2Fv2%2Fcategories&post=47646"},{"taxonomy":"post_tag","embeddable":true,"href":"http:\/\/www.spaziotorino.it\/scatto\/index.php?rest_route=%2Fwp%2Fv2%2Ftags&post=47646"}],"curies":[{"name":"wp","href":"https:\/\/api.w.org\/{rel}","templated":true}]}}