{"id":4775,"date":"2015-07-02T16:28:54","date_gmt":"2015-07-02T15:28:54","guid":{"rendered":"http:\/\/www.spaziotorino.it\/scatto\/?p=4775"},"modified":"2015-07-02T16:28:54","modified_gmt":"2015-07-02T15:28:54","slug":"nuovo-allestimento-per-l%e2%80%99urban-center","status":"publish","type":"post","link":"http:\/\/www.spaziotorino.it\/scatto\/?p=4775","title":{"rendered":"Nuovo allestimento per l\u2019Urban Center"},"content":{"rendered":"<p><a title=\"Nuovo allestimento per l\u2019Urban Center\" rel=\"lightbox[set_963]\" href=\"http:\/\/www.spaziotorino.it\/scatto\/wp-content\/gallery\/2015_07_02_urban\/img_7740.jpg\"><br \/>\n<img decoding=\"async\" loading=\"lazy\" class=\"ngg-singlepic\" title=\"Nuovo allestimento per l\u2019Urban Center\" src=\"http:\/\/www.spaziotorino.it\/scatto\/wp-content\/gallery\/2015_07_02_urban\/img_7740.jpg\" alt=\"\" width=\"540\" height=\"360\" \/><\/a><\/p>\n<!-- index.php -->\n<div\n\tclass=\"ngg-galleryoverview ngg-ajax-pagination-none\"\n\tid=\"ngg-gallery-cb9fbad211e94640630edb820e400465-1\">\n\n    \t\t<!-- Thumbnails -->\n\t\t\t\t<div id=\"ngg-image-0\" class=\"ngg-gallery-thumbnail-box\" >\n\t\t\t\t        <div class=\"ngg-gallery-thumbnail\">\n            <a href=\"http:\/\/www.spaziotorino.it\/scatto\/wp-content\/gallery\/2015_07_02_urban\/img_7673.jpg\"\n               title=\"\"\n               data-src=\"http:\/\/www.spaziotorino.it\/scatto\/wp-content\/gallery\/2015_07_02_urban\/img_7673.jpg\"\n               data-thumbnail=\"http:\/\/www.spaziotorino.it\/scatto\/wp-content\/gallery\/2015_07_02_urban\/thumbs\/thumbs_img_7673.jpg\"\n               data-image-id=\"15596\"\n               data-title=\"img_7673\"\n               data-description=\"\"\n               data-image-slug=\"img_7673\"\n               class=\"ngg-fancybox\" rel=\"cb9fbad211e94640630edb820e400465\">\n                <img\n                    title=\"img_7673\"\n                    alt=\"img_7673\"\n                    src=\"http:\/\/www.spaziotorino.it\/scatto\/wp-content\/gallery\/2015_07_02_urban\/cache\/img_7673.jpg-nggid0515596-ngg0dyn-60x60x100-00f0w010c011r110f110r010t010.jpg\"\n                    width=\"60\"\n                    height=\"60\"\n                    style=\"max-width:100%;\"\n                \/>\n            <\/a>\n        <\/div>\n\t\t\t\t\t\t\t<\/div> \n\t\t\t\n        \n\t\t\t\t<div id=\"ngg-image-1\" class=\"ngg-gallery-thumbnail-box\" >\n\t\t\t\t        <div class=\"ngg-gallery-thumbnail\">\n            <a href=\"http:\/\/www.spaziotorino.it\/scatto\/wp-content\/gallery\/2015_07_02_urban\/img_7688.jpg\"\n               title=\"\"\n               data-src=\"http:\/\/www.spaziotorino.it\/scatto\/wp-content\/gallery\/2015_07_02_urban\/img_7688.jpg\"\n               data-thumbnail=\"http:\/\/www.spaziotorino.it\/scatto\/wp-content\/gallery\/2015_07_02_urban\/thumbs\/thumbs_img_7688.jpg\"\n               data-image-id=\"15597\"\n               data-title=\"img_7688\"\n               data-description=\"\"\n               data-image-slug=\"img_7688\"\n               class=\"ngg-fancybox\" rel=\"cb9fbad211e94640630edb820e400465\">\n                <img\n                    title=\"img_7688\"\n                    alt=\"img_7688\"\n                    src=\"http:\/\/www.spaziotorino.it\/scatto\/wp-content\/gallery\/2015_07_02_urban\/cache\/img_7688.jpg-nggid0515597-ngg0dyn-60x60x100-00f0w010c011r110f110r010t010.jpg\"\n                    width=\"60\"\n                    height=\"60\"\n                    style=\"max-width:100%;\"\n                \/>\n            <\/a>\n        <\/div>\n\t\t\t\t\t\t\t<\/div> \n\t\t\t\n        \n\t\t\t\t<div id=\"ngg-image-2\" class=\"ngg-gallery-thumbnail-box\" >\n\t\t\t\t        <div class=\"ngg-gallery-thumbnail\">\n            <a href=\"http:\/\/www.spaziotorino.it\/scatto\/wp-content\/gallery\/2015_07_02_urban\/img_7718.jpg\"\n               title=\"\"\n               data-src=\"http:\/\/www.spaziotorino.it\/scatto\/wp-content\/gallery\/2015_07_02_urban\/img_7718.jpg\"\n               data-thumbnail=\"http:\/\/www.spaziotorino.it\/scatto\/wp-content\/gallery\/2015_07_02_urban\/thumbs\/thumbs_img_7718.jpg\"\n               data-image-id=\"15598\"\n               data-title=\"img_7718\"\n               data-description=\"\"\n               data-image-slug=\"img_7718\"\n               class=\"ngg-fancybox\" rel=\"cb9fbad211e94640630edb820e400465\">\n                <img\n                    title=\"img_7718\"\n                    alt=\"img_7718\"\n                    src=\"http:\/\/www.spaziotorino.it\/scatto\/wp-content\/gallery\/2015_07_02_urban\/cache\/img_7718.jpg-nggid0515598-ngg0dyn-60x60x100-00f0w010c011r110f110r010t010.jpg\"\n                    width=\"60\"\n                    height=\"60\"\n                    style=\"max-width:100%;\"\n                \/>\n            <\/a>\n        <\/div>\n\t\t\t\t\t\t\t<\/div> \n\t\t\t\n        \n\t\t\t\t<div id=\"ngg-image-3\" class=\"ngg-gallery-thumbnail-box\" >\n\t\t\t\t        <div class=\"ngg-gallery-thumbnail\">\n            <a href=\"http:\/\/www.spaziotorino.it\/scatto\/wp-content\/gallery\/2015_07_02_urban\/img_7723.jpg\"\n               title=\"\"\n               data-src=\"http:\/\/www.spaziotorino.it\/scatto\/wp-content\/gallery\/2015_07_02_urban\/img_7723.jpg\"\n               data-thumbnail=\"http:\/\/www.spaziotorino.it\/scatto\/wp-content\/gallery\/2015_07_02_urban\/thumbs\/thumbs_img_7723.jpg\"\n               data-image-id=\"15599\"\n               data-title=\"img_7723\"\n               data-description=\"\"\n               data-image-slug=\"img_7723\"\n               class=\"ngg-fancybox\" rel=\"cb9fbad211e94640630edb820e400465\">\n                <img\n                    title=\"img_7723\"\n                    alt=\"img_7723\"\n                    src=\"http:\/\/www.spaziotorino.it\/scatto\/wp-content\/gallery\/2015_07_02_urban\/cache\/img_7723.jpg-nggid0515599-ngg0dyn-60x60x100-00f0w010c011r110f110r010t010.jpg\"\n                    width=\"60\"\n                    height=\"60\"\n                    style=\"max-width:100%;\"\n                \/>\n            <\/a>\n        <\/div>\n\t\t\t\t\t\t\t<\/div> \n\t\t\t\n        \n\t\t\t\t<div id=\"ngg-image-4\" class=\"ngg-gallery-thumbnail-box\" >\n\t\t\t\t        <div class=\"ngg-gallery-thumbnail\">\n            <a href=\"http:\/\/www.spaziotorino.it\/scatto\/wp-content\/gallery\/2015_07_02_urban\/img_7734.jpg\"\n               title=\"\"\n               data-src=\"http:\/\/www.spaziotorino.it\/scatto\/wp-content\/gallery\/2015_07_02_urban\/img_7734.jpg\"\n               data-thumbnail=\"http:\/\/www.spaziotorino.it\/scatto\/wp-content\/gallery\/2015_07_02_urban\/thumbs\/thumbs_img_7734.jpg\"\n               data-image-id=\"15600\"\n               data-title=\"img_7734\"\n               data-description=\"\"\n               data-image-slug=\"img_7734\"\n               class=\"ngg-fancybox\" rel=\"cb9fbad211e94640630edb820e400465\">\n                <img\n                    title=\"img_7734\"\n                    alt=\"img_7734\"\n                    src=\"http:\/\/www.spaziotorino.it\/scatto\/wp-content\/gallery\/2015_07_02_urban\/cache\/img_7734.jpg-nggid0515600-ngg0dyn-60x60x100-00f0w010c011r110f110r010t010.jpg\"\n                    width=\"60\"\n                    height=\"60\"\n                    style=\"max-width:100%;\"\n                \/>\n            <\/a>\n        <\/div>\n\t\t\t\t\t\t\t<\/div> \n\t\t\t\n        \n\t\t\t\t<div id=\"ngg-image-5\" class=\"ngg-gallery-thumbnail-box\" >\n\t\t\t\t        <div class=\"ngg-gallery-thumbnail\">\n            <a href=\"http:\/\/www.spaziotorino.it\/scatto\/wp-content\/gallery\/2015_07_02_urban\/img_7740.jpg\"\n               title=\"\"\n               data-src=\"http:\/\/www.spaziotorino.it\/scatto\/wp-content\/gallery\/2015_07_02_urban\/img_7740.jpg\"\n               data-thumbnail=\"http:\/\/www.spaziotorino.it\/scatto\/wp-content\/gallery\/2015_07_02_urban\/thumbs\/thumbs_img_7740.jpg\"\n               data-image-id=\"15601\"\n               data-title=\"img_7740\"\n               data-description=\"\"\n               data-image-slug=\"img_7740\"\n               class=\"ngg-fancybox\" rel=\"cb9fbad211e94640630edb820e400465\">\n                <img\n                    title=\"img_7740\"\n                    alt=\"img_7740\"\n                    src=\"http:\/\/www.spaziotorino.it\/scatto\/wp-content\/gallery\/2015_07_02_urban\/cache\/img_7740.jpg-nggid0515601-ngg0dyn-60x60x100-00f0w010c011r110f110r010t010.jpg\"\n                    width=\"60\"\n                    height=\"60\"\n                    style=\"max-width:100%;\"\n                \/>\n            <\/a>\n        <\/div>\n\t\t\t\t\t\t\t<\/div> \n\t\t\t\n        \n\t\t\t\t<div id=\"ngg-image-6\" class=\"ngg-gallery-thumbnail-box\" >\n\t\t\t\t        <div class=\"ngg-gallery-thumbnail\">\n            <a href=\"http:\/\/www.spaziotorino.it\/scatto\/wp-content\/gallery\/2015_07_02_urban\/img_7759.jpg\"\n               title=\"\"\n               data-src=\"http:\/\/www.spaziotorino.it\/scatto\/wp-content\/gallery\/2015_07_02_urban\/img_7759.jpg\"\n               data-thumbnail=\"http:\/\/www.spaziotorino.it\/scatto\/wp-content\/gallery\/2015_07_02_urban\/thumbs\/thumbs_img_7759.jpg\"\n               data-image-id=\"15602\"\n               data-title=\"img_7759\"\n               data-description=\"\"\n               data-image-slug=\"img_7759\"\n               class=\"ngg-fancybox\" rel=\"cb9fbad211e94640630edb820e400465\">\n                <img\n                    title=\"img_7759\"\n                    alt=\"img_7759\"\n                    src=\"http:\/\/www.spaziotorino.it\/scatto\/wp-content\/gallery\/2015_07_02_urban\/cache\/img_7759.jpg-nggid0515602-ngg0dyn-60x60x100-00f0w010c011r110f110r010t010.jpg\"\n                    width=\"60\"\n                    height=\"60\"\n                    style=\"max-width:100%;\"\n                \/>\n            <\/a>\n        <\/div>\n\t\t\t\t\t\t\t<\/div> \n\t\t\t\n        \n\t\t\n\t\t<!-- Pagination -->\n\t<div class='ngg-clear'><\/div>\t<\/div>\n\n<p>L\u2019Urban Center Metropolitano, dopo il rinnovo della struttura organizzativa ha scelto il ventennale dell\u2019avvio delle grandi trasformazioni della citt\u00e0 \u2013 con l\u2019approvazione del Piano regolatore generale disegnato dagli architetti Gregotti e Cagnardi \u2013 per rinnovare l\u2019allestimento della sua sede di piazza Palazzo di Citt\u00e0 8f. Un segno di un cambiamento non soltanto fisico, ma anche culturale della sua mission: raccontare il passato e il presente delle grandi opere che hanno trasfigurato il volto di Torino, vecchia citt\u00e0 industriale, e rappresentare una ipotetica via di sviluppo per anticipare il futuro e dare a tutti la possibilit\u00e0 di essere attori del cambiamento.<br \/>\nNell\u2019inaugurare il nuovo allestimento interattivo l\u2019assessore Stefano Lo Russo, che \u00e8 anche presidente di Urban Center Metropolitano, ha affermato che \u201cil processo di trasformazione di Torino avviato vent\u2019anni fa ha cambiato profondamente il volto della citt\u00e0. La pianificazione urbanistica \u00e8 uno strumento fondamentale per definire le nuove vocazioni strategiche che rappresentano il nostro orizzonte di riferimento. Innovazione, ricerca e cultura costituiscono direttrici essenziali nella costruzione della Torino che verr\u00e0\u201d.<br \/>\nIn vent\u2019anni Torino ha trasformato cinque milioni di metri quadrati di aree produttive dismesse. Per celebrare questo anniversario l\u2019Urban Center ha promosso il ciclo di incontri Torino \u00e8 un\u2019altra citt\u00e0, un programma che occuper\u00e0 tutto il 2015 che ha come fulcro la sede di fronte al Municipio con l\u2019allestimento Torino si mostra.<br \/>\nL\u2019allestimento \u00e8 realizzato da Aurora Meccanica. La mostra temporanea Torino era un\u2019altra citt\u00e0, un percorso fotografico  dedicato al com\u2019era che illustra il passato di luoghi come il Lingotto, il centro storico, le aree industriali lungo la Spina e lo stabilimento di Mirafiori, \u00e8 curata  da Noodles Comunicazione.<br \/>\nL\u2019Urban Center Metropoltano \u00e8 aperto da domani (dal luned\u00ec al venerd\u00ec) con orario 11-18, il luned\u00ec dalle 15 alle 18. Nel mese di agosto sar\u00e0 chiuso al pubblico.<br \/>\nInformazioni: <a href=\"http:\/\/www.urbancenter.to.it\">www.urbancenter.to.it<\/a><\/p>\n","protected":false},"excerpt":{"rendered":"<p>L\u2019Urban Center Metropolitano, dopo il rinnovo della struttura organizzativa ha scelto il ventennale dell\u2019avvio delle grandi trasformazioni della citt\u00e0 \u2013 con l\u2019approvazione del Piano regolatore generale disegnato dagli architetti Gregotti e Cagnardi \u2013 per rinnovare l\u2019allestimento della sua sede di piazza Palazzo di Citt\u00e0 8f. Un segno di un cambiamento non soltanto fisico, ma anche [&hellip;]<\/p>\n","protected":false},"author":1,"featured_media":0,"comment_status":"closed","ping_status":"open","sticky":false,"template":"","format":"standard","meta":{"ngg_post_thumbnail":0},"categories":[1,41,895],"tags":[],"_links":{"self":[{"href":"http:\/\/www.spaziotorino.it\/scatto\/index.php?rest_route=\/wp\/v2\/posts\/4775"}],"collection":[{"href":"http:\/\/www.spaziotorino.it\/scatto\/index.php?rest_route=\/wp\/v2\/posts"}],"about":[{"href":"http:\/\/www.spaziotorino.it\/scatto\/index.php?rest_route=\/wp\/v2\/types\/post"}],"author":[{"embeddable":true,"href":"http:\/\/www.spaziotorino.it\/scatto\/index.php?rest_route=\/wp\/v2\/users\/1"}],"replies":[{"embeddable":true,"href":"http:\/\/www.spaziotorino.it\/scatto\/index.php?rest_route=%2Fwp%2Fv2%2Fcomments&post=4775"}],"version-history":[{"count":2,"href":"http:\/\/www.spaziotorino.it\/scatto\/index.php?rest_route=\/wp\/v2\/posts\/4775\/revisions"}],"predecessor-version":[{"id":4777,"href":"http:\/\/www.spaziotorino.it\/scatto\/index.php?rest_route=\/wp\/v2\/posts\/4775\/revisions\/4777"}],"wp:attachment":[{"href":"http:\/\/www.spaziotorino.it\/scatto\/index.php?rest_route=%2Fwp%2Fv2%2Fmedia&parent=4775"}],"wp:term":[{"taxonomy":"category","embeddable":true,"href":"http:\/\/www.spaziotorino.it\/scatto\/index.php?rest_route=%2Fwp%2Fv2%2Fcategories&post=4775"},{"taxonomy":"post_tag","embeddable":true,"href":"http:\/\/www.spaziotorino.it\/scatto\/index.php?rest_route=%2Fwp%2Fv2%2Ftags&post=4775"}],"curies":[{"name":"wp","href":"https:\/\/api.w.org\/{rel}","templated":true}]}}