{"id":4779,"date":"2015-07-07T14:20:04","date_gmt":"2015-07-07T13:20:04","guid":{"rendered":"http:\/\/www.spaziotorino.it\/scatto\/?p=4779"},"modified":"2015-07-07T14:21:40","modified_gmt":"2015-07-07T13:21:40","slug":"al-museo-ettore-fico-liberi-tutti-arte-e-societa-in-italia-1989-2001","status":"publish","type":"post","link":"http:\/\/www.spaziotorino.it\/scatto\/?p=4779","title":{"rendered":"Liberi tutti! Al Museo Ettore Fico Arte e societ\u00e0 in Italia dal 1989 al 2001"},"content":{"rendered":"<p><a title=\"Al Museo Ettore Fico Liberi tutti! Arte e societ\u00e0 in Italia. 1989 - 2001\" rel=\"lightbox[set_964]\" href=\"http:\/\/www.spaziotorino.it\/scatto\/wp-content\/gallery\/2015_07_07_fico\/img_7859.jpg\"><br \/>\n<img decoding=\"async\" loading=\"lazy\" class=\"ngg-singlepic\" title=\"Al Museo Ettore Fico Liberi tutti! Arte e societ\u00e0 in Italia. 1989 - 2001\" src=\"http:\/\/www.spaziotorino.it\/scatto\/wp-content\/gallery\/2015_07_07_fico\/img_7859.jpg\" alt=\"\" width=\"540\" height=\"360\" \/><\/a><\/p>\n<!-- index.php -->\n<div\n\tclass=\"ngg-galleryoverview ngg-ajax-pagination-none\"\n\tid=\"ngg-gallery-e85569ca7fdd6ffd020e2c12f6fe3c26-1\">\n\n    \t\t<!-- Thumbnails -->\n\t\t\t\t<div id=\"ngg-image-0\" class=\"ngg-gallery-thumbnail-box\" >\n\t\t\t\t        <div class=\"ngg-gallery-thumbnail\">\n            <a href=\"http:\/\/www.spaziotorino.it\/scatto\/wp-content\/gallery\/2015_07_07_fico\/img_7772.jpg\"\n               title=\"Liberi tutti! Arte e societ\u00e0 in Italia. 1989 -2001\"\n               data-src=\"http:\/\/www.spaziotorino.it\/scatto\/wp-content\/gallery\/2015_07_07_fico\/img_7772.jpg\"\n               data-thumbnail=\"http:\/\/www.spaziotorino.it\/scatto\/wp-content\/gallery\/2015_07_07_fico\/thumbs\/thumbs_img_7772.jpg\"\n               data-image-id=\"15603\"\n               data-title=\"Liberi tutti! Arte e societ\u00e0 in Italia. 1989 -2001\"\n               data-description=\"Liberi tutti! Arte e societ\u00e0 in Italia. 1989 -2001\"\n               data-image-slug=\"liberi-tutti-arte-e-societ%c3%a0-in-italia-1989-2001-2\"\n               class=\"ngg-fancybox\" rel=\"e85569ca7fdd6ffd020e2c12f6fe3c26\">\n                <img\n                    title=\"Liberi tutti! Arte e societ\u00e0 in Italia. 1989 -2001\"\n                    alt=\"Liberi tutti! Arte e societ\u00e0 in Italia. 1989 -2001\"\n                    src=\"http:\/\/www.spaziotorino.it\/scatto\/wp-content\/gallery\/2015_07_07_fico\/cache\/img_7772.jpg-nggid0515603-ngg0dyn-60x60x100-00f0w010c011r110f110r010t010.jpg\"\n                    width=\"60\"\n                    height=\"60\"\n                    style=\"max-width:100%;\"\n                \/>\n            <\/a>\n        <\/div>\n\t\t\t\t\t\t\t<\/div> \n\t\t\t\n        \n\t\t\t\t<div id=\"ngg-image-1\" class=\"ngg-gallery-thumbnail-box\" >\n\t\t\t\t        <div class=\"ngg-gallery-thumbnail\">\n            <a href=\"http:\/\/www.spaziotorino.it\/scatto\/wp-content\/gallery\/2015_07_07_fico\/img_7795.jpg\"\n               title=\"Liberi tutti! Arte e societ\u00e0 in Italia. 1989 -2001\"\n               data-src=\"http:\/\/www.spaziotorino.it\/scatto\/wp-content\/gallery\/2015_07_07_fico\/img_7795.jpg\"\n               data-thumbnail=\"http:\/\/www.spaziotorino.it\/scatto\/wp-content\/gallery\/2015_07_07_fico\/thumbs\/thumbs_img_7795.jpg\"\n               data-image-id=\"15621\"\n               data-title=\"Liberi tutti! Arte e societ\u00e0 in Italia. 1989 -2001\"\n               data-description=\"Liberi tutti! Arte e societ\u00e0 in Italia. 1989 -2001\"\n               data-image-slug=\"liberi-tutti-arte-e-societ%c3%a0-in-italia-1989-2001-6\"\n               class=\"ngg-fancybox\" rel=\"e85569ca7fdd6ffd020e2c12f6fe3c26\">\n                <img\n                    title=\"Liberi tutti! Arte e societ\u00e0 in Italia. 1989 -2001\"\n                    alt=\"Liberi tutti! Arte e societ\u00e0 in Italia. 1989 -2001\"\n                    src=\"http:\/\/www.spaziotorino.it\/scatto\/wp-content\/gallery\/2015_07_07_fico\/cache\/img_7795.jpg-nggid0515621-ngg0dyn-60x60x100-00f0w010c011r110f110r010t010.jpg\"\n                    width=\"60\"\n                    height=\"60\"\n                    style=\"max-width:100%;\"\n                \/>\n            <\/a>\n        <\/div>\n\t\t\t\t\t\t\t<\/div> \n\t\t\t\n        \n\t\t\t\t<div id=\"ngg-image-2\" class=\"ngg-gallery-thumbnail-box\" >\n\t\t\t\t        <div class=\"ngg-gallery-thumbnail\">\n            <a href=\"http:\/\/www.spaziotorino.it\/scatto\/wp-content\/gallery\/2015_07_07_fico\/img_7787.jpg\"\n               title=\"Mario Air\u00f2 - Bue, 1991\"\n               data-src=\"http:\/\/www.spaziotorino.it\/scatto\/wp-content\/gallery\/2015_07_07_fico\/img_7787.jpg\"\n               data-thumbnail=\"http:\/\/www.spaziotorino.it\/scatto\/wp-content\/gallery\/2015_07_07_fico\/thumbs\/thumbs_img_7787.jpg\"\n               data-image-id=\"15605\"\n               data-title=\"Mario Air\u00f2 - Bue, 1991\"\n               data-description=\"Mario Air\u00f2 - Bue, 1991\"\n               data-image-slug=\"mario-air%c3%b2-bue-1991\"\n               class=\"ngg-fancybox\" rel=\"e85569ca7fdd6ffd020e2c12f6fe3c26\">\n                <img\n                    title=\"Mario Air\u00f2 - Bue, 1991\"\n                    alt=\"Mario Air\u00f2 - Bue, 1991\"\n                    src=\"http:\/\/www.spaziotorino.it\/scatto\/wp-content\/gallery\/2015_07_07_fico\/cache\/img_7787.jpg-nggid0515605-ngg0dyn-60x60x100-00f0w010c011r110f110r010t010.jpg\"\n                    width=\"60\"\n                    height=\"60\"\n                    style=\"max-width:100%;\"\n                \/>\n            <\/a>\n        <\/div>\n\t\t\t\t\t\t\t<\/div> \n\t\t\t\n        \n\t\t\t\t<div id=\"ngg-image-3\" class=\"ngg-gallery-thumbnail-box\" >\n\t\t\t\t        <div class=\"ngg-gallery-thumbnail\">\n            <a href=\"http:\/\/www.spaziotorino.it\/scatto\/wp-content\/gallery\/2015_07_07_fico\/img_7793.jpg\"\n               title=\"Massimo Kaufmann - Lettera, 1990\"\n               data-src=\"http:\/\/www.spaziotorino.it\/scatto\/wp-content\/gallery\/2015_07_07_fico\/img_7793.jpg\"\n               data-thumbnail=\"http:\/\/www.spaziotorino.it\/scatto\/wp-content\/gallery\/2015_07_07_fico\/thumbs\/thumbs_img_7793.jpg\"\n               data-image-id=\"15606\"\n               data-title=\"Massimo Kaufmann - Lettera, 1990\"\n               data-description=\"Massimo Kaufmann - Lettera, 1990\"\n               data-image-slug=\"massimo-kaufmann-lettera-1990\"\n               class=\"ngg-fancybox\" rel=\"e85569ca7fdd6ffd020e2c12f6fe3c26\">\n                <img\n                    title=\"Massimo Kaufmann - Lettera, 1990\"\n                    alt=\"Massimo Kaufmann - Lettera, 1990\"\n                    src=\"http:\/\/www.spaziotorino.it\/scatto\/wp-content\/gallery\/2015_07_07_fico\/cache\/img_7793.jpg-nggid0515606-ngg0dyn-60x60x100-00f0w010c011r110f110r010t010.jpg\"\n                    width=\"60\"\n                    height=\"60\"\n                    style=\"max-width:100%;\"\n                \/>\n            <\/a>\n        <\/div>\n\t\t\t\t\t\t\t<\/div> \n\t\t\t\n        \n\t\t\t\t<div id=\"ngg-image-4\" class=\"ngg-gallery-thumbnail-box\" >\n\t\t\t\t        <div class=\"ngg-gallery-thumbnail\">\n            <a href=\"http:\/\/www.spaziotorino.it\/scatto\/wp-content\/gallery\/2015_07_07_fico\/img_7801.jpg\"\n               title=\"Umberto Cavenago - Telescopico, 1991 \/ Cesare Pietroiusti - 40 persone scelgono dove mettersi nello studio Casoli, 1991\"\n               data-src=\"http:\/\/www.spaziotorino.it\/scatto\/wp-content\/gallery\/2015_07_07_fico\/img_7801.jpg\"\n               data-thumbnail=\"http:\/\/www.spaziotorino.it\/scatto\/wp-content\/gallery\/2015_07_07_fico\/thumbs\/thumbs_img_7801.jpg\"\n               data-image-id=\"15607\"\n               data-title=\"Umberto Cavenago - Telescopico, 1991 \/ Cesare Pietroiusti - 40 persone scelgono dove mettersi nello studio Casoli, 1991\"\n               data-description=\"Umberto Cavenago - Telescopico, 1991 \/ Cesare Pietroiusti - 40 persone scelgono dove mettersi nello studio Casoli, 1991\"\n               data-image-slug=\"umberto-cavenago-telescopico-1991-cesare-pietroiusti-40-persone-scelgono-dove-mettersi-nello-studio-casoli-1991\"\n               class=\"ngg-fancybox\" rel=\"e85569ca7fdd6ffd020e2c12f6fe3c26\">\n                <img\n                    title=\"Umberto Cavenago - Telescopico, 1991 \/ Cesare Pietroiusti - 40 persone scelgono dove mettersi nello studio Casoli, 1991\"\n                    alt=\"Umberto Cavenago - Telescopico, 1991 \/ Cesare Pietroiusti - 40 persone scelgono dove mettersi nello studio Casoli, 1991\"\n                    src=\"http:\/\/www.spaziotorino.it\/scatto\/wp-content\/gallery\/2015_07_07_fico\/cache\/img_7801.jpg-nggid0515607-ngg0dyn-60x60x100-00f0w010c011r110f110r010t010.jpg\"\n                    width=\"60\"\n                    height=\"60\"\n                    style=\"max-width:100%;\"\n                \/>\n            <\/a>\n        <\/div>\n\t\t\t\t\t\t\t<\/div> \n\t\t\t\n        \n\t\t\t\t<div id=\"ngg-image-5\" class=\"ngg-gallery-thumbnail-box\" >\n\t\t\t\t        <div class=\"ngg-gallery-thumbnail\">\n            <a href=\"http:\/\/www.spaziotorino.it\/scatto\/wp-content\/gallery\/2015_07_07_fico\/img_7915.jpg\"\n               title=\"Cristiana Perrella, curatrice della mostra\"\n               data-src=\"http:\/\/www.spaziotorino.it\/scatto\/wp-content\/gallery\/2015_07_07_fico\/img_7915.jpg\"\n               data-thumbnail=\"http:\/\/www.spaziotorino.it\/scatto\/wp-content\/gallery\/2015_07_07_fico\/thumbs\/thumbs_img_7915.jpg\"\n               data-image-id=\"15617\"\n               data-title=\"Cristiana Perrella, curatrice della mostra\"\n               data-description=\"Cristiana Perrella, curatrice della mostra\"\n               data-image-slug=\"cristiana-perrella-curatrice-della-mostra\"\n               class=\"ngg-fancybox\" rel=\"e85569ca7fdd6ffd020e2c12f6fe3c26\">\n                <img\n                    title=\"Cristiana Perrella, curatrice della mostra\"\n                    alt=\"Cristiana Perrella, curatrice della mostra\"\n                    src=\"http:\/\/www.spaziotorino.it\/scatto\/wp-content\/gallery\/2015_07_07_fico\/cache\/img_7915.jpg-nggid0515617-ngg0dyn-60x60x100-00f0w010c011r110f110r010t010.jpg\"\n                    width=\"60\"\n                    height=\"60\"\n                    style=\"max-width:100%;\"\n                \/>\n            <\/a>\n        <\/div>\n\t\t\t\t\t\t\t<\/div> \n\t\t\t\n        \n\t\t\t\t<div id=\"ngg-image-6\" class=\"ngg-gallery-thumbnail-box\" >\n\t\t\t\t        <div class=\"ngg-gallery-thumbnail\">\n            <a href=\"http:\/\/www.spaziotorino.it\/scatto\/wp-content\/gallery\/2015_07_07_fico\/img_7805.jpg\"\n               title=\"Maurizio Cattelan - Punizioni (Non si deve fare la lotta di-in classe), 1991\"\n               data-src=\"http:\/\/www.spaziotorino.it\/scatto\/wp-content\/gallery\/2015_07_07_fico\/img_7805.jpg\"\n               data-thumbnail=\"http:\/\/www.spaziotorino.it\/scatto\/wp-content\/gallery\/2015_07_07_fico\/thumbs\/thumbs_img_7805.jpg\"\n               data-image-id=\"15608\"\n               data-title=\"Maurizio Cattelan - Punizioni (Non si deve fare la lotta di-in classe), 1991\"\n               data-description=\"Maurizio Cattelan - Punizioni (Non si deve fare la lotta di-in classe), 1991\"\n               data-image-slug=\"maurizio-cattelan-punizioni-non-si-deve-fare-la-lotta-di-in-classe-1991\"\n               class=\"ngg-fancybox\" rel=\"e85569ca7fdd6ffd020e2c12f6fe3c26\">\n                <img\n                    title=\"Maurizio Cattelan - Punizioni (Non si deve fare la lotta di-in classe), 1991\"\n                    alt=\"Maurizio Cattelan - Punizioni (Non si deve fare la lotta di-in classe), 1991\"\n                    src=\"http:\/\/www.spaziotorino.it\/scatto\/wp-content\/gallery\/2015_07_07_fico\/cache\/img_7805.jpg-nggid0515608-ngg0dyn-60x60x100-00f0w010c011r110f110r010t010.jpg\"\n                    width=\"60\"\n                    height=\"60\"\n                    style=\"max-width:100%;\"\n                \/>\n            <\/a>\n        <\/div>\n\t\t\t\t\t\t\t<\/div> \n\t\t\t\n        \n\t\t\t\t<div id=\"ngg-image-7\" class=\"ngg-gallery-thumbnail-box\" >\n\t\t\t\t        <div class=\"ngg-gallery-thumbnail\">\n            <a href=\"http:\/\/www.spaziotorino.it\/scatto\/wp-content\/gallery\/2015_07_07_fico\/img_7918.jpg\"\n               title=\"Maurizio Cattelan - Untitled, 1995\"\n               data-src=\"http:\/\/www.spaziotorino.it\/scatto\/wp-content\/gallery\/2015_07_07_fico\/img_7918.jpg\"\n               data-thumbnail=\"http:\/\/www.spaziotorino.it\/scatto\/wp-content\/gallery\/2015_07_07_fico\/thumbs\/thumbs_img_7918.jpg\"\n               data-image-id=\"15618\"\n               data-title=\"Maurizio Cattelan - Untitled, 1995\"\n               data-description=\"Maurizio Cattelan - Untitled, 1995\"\n               data-image-slug=\"maurizio-cattelan-untitled-1995\"\n               class=\"ngg-fancybox\" rel=\"e85569ca7fdd6ffd020e2c12f6fe3c26\">\n                <img\n                    title=\"Maurizio Cattelan - Untitled, 1995\"\n                    alt=\"Maurizio Cattelan - Untitled, 1995\"\n                    src=\"http:\/\/www.spaziotorino.it\/scatto\/wp-content\/gallery\/2015_07_07_fico\/cache\/img_7918.jpg-nggid0515618-ngg0dyn-60x60x100-00f0w010c011r110f110r010t010.jpg\"\n                    width=\"60\"\n                    height=\"60\"\n                    style=\"max-width:100%;\"\n                \/>\n            <\/a>\n        <\/div>\n\t\t\t\t\t\t\t<\/div> \n\t\t\t\n        \n\t\t\t\t<div id=\"ngg-image-8\" class=\"ngg-gallery-thumbnail-box\" >\n\t\t\t\t        <div class=\"ngg-gallery-thumbnail\">\n            <a href=\"http:\/\/www.spaziotorino.it\/scatto\/wp-content\/gallery\/2015_07_07_fico\/img_7828.jpg\"\n               title=\"Cristiano Pintaldi - Pigmei, 1997\"\n               data-src=\"http:\/\/www.spaziotorino.it\/scatto\/wp-content\/gallery\/2015_07_07_fico\/img_7828.jpg\"\n               data-thumbnail=\"http:\/\/www.spaziotorino.it\/scatto\/wp-content\/gallery\/2015_07_07_fico\/thumbs\/thumbs_img_7828.jpg\"\n               data-image-id=\"15609\"\n               data-title=\"Cristiano Pintaldi - Pigmei, 1997\"\n               data-description=\"Cristiano Pintaldi - Pigmei, 1997\"\n               data-image-slug=\"cristiano-pintaldi-pigmei-1997\"\n               class=\"ngg-fancybox\" rel=\"e85569ca7fdd6ffd020e2c12f6fe3c26\">\n                <img\n                    title=\"Cristiano Pintaldi - Pigmei, 1997\"\n                    alt=\"Cristiano Pintaldi - Pigmei, 1997\"\n                    src=\"http:\/\/www.spaziotorino.it\/scatto\/wp-content\/gallery\/2015_07_07_fico\/cache\/img_7828.jpg-nggid0515609-ngg0dyn-60x60x100-00f0w010c011r110f110r010t010.jpg\"\n                    width=\"60\"\n                    height=\"60\"\n                    style=\"max-width:100%;\"\n                \/>\n            <\/a>\n        <\/div>\n\t\t\t\t\t\t\t<\/div> \n\t\t\t\n        \n\t\t\t\t<div id=\"ngg-image-9\" class=\"ngg-gallery-thumbnail-box\" >\n\t\t\t\t        <div class=\"ngg-gallery-thumbnail\">\n            <a href=\"http:\/\/www.spaziotorino.it\/scatto\/wp-content\/gallery\/2015_07_07_fico\/img_7834.jpg\"\n               title=\"Luca Beatrice, curatore della mostra\"\n               data-src=\"http:\/\/www.spaziotorino.it\/scatto\/wp-content\/gallery\/2015_07_07_fico\/img_7834.jpg\"\n               data-thumbnail=\"http:\/\/www.spaziotorino.it\/scatto\/wp-content\/gallery\/2015_07_07_fico\/thumbs\/thumbs_img_7834.jpg\"\n               data-image-id=\"15610\"\n               data-title=\"Luca Beatrice, curatore della mostra\"\n               data-description=\"Luca Beatrice, curatore della mostra\"\n               data-image-slug=\"luca-beatrice-curatore-della-mostra\"\n               class=\"ngg-fancybox\" rel=\"e85569ca7fdd6ffd020e2c12f6fe3c26\">\n                <img\n                    title=\"Luca Beatrice, curatore della mostra\"\n                    alt=\"Luca Beatrice, curatore della mostra\"\n                    src=\"http:\/\/www.spaziotorino.it\/scatto\/wp-content\/gallery\/2015_07_07_fico\/cache\/img_7834.jpg-nggid0515610-ngg0dyn-60x60x100-00f0w010c011r110f110r010t010.jpg\"\n                    width=\"60\"\n                    height=\"60\"\n                    style=\"max-width:100%;\"\n                \/>\n            <\/a>\n        <\/div>\n\t\t\t\t\t\t\t<\/div> \n\t\t\t\n        \n\t\t\t\t<div id=\"ngg-image-10\" class=\"ngg-gallery-thumbnail-box\" >\n\t\t\t\t        <div class=\"ngg-gallery-thumbnail\">\n            <a href=\"http:\/\/www.spaziotorino.it\/scatto\/wp-content\/gallery\/2015_07_07_fico\/img_7841.jpg\"\n               title=\"Liberi tutti! Arte e societ\u00e0 in Italia. 1989 -2001\"\n               data-src=\"http:\/\/www.spaziotorino.it\/scatto\/wp-content\/gallery\/2015_07_07_fico\/img_7841.jpg\"\n               data-thumbnail=\"http:\/\/www.spaziotorino.it\/scatto\/wp-content\/gallery\/2015_07_07_fico\/thumbs\/thumbs_img_7841.jpg\"\n               data-image-id=\"15611\"\n               data-title=\"Liberi tutti! Arte e societ\u00e0 in Italia. 1989 -2001\"\n               data-description=\"Liberi tutti! Arte e societ\u00e0 in Italia. 1989 -2001\"\n               data-image-slug=\"liberi-tutti-arte-e-societ%c3%a0-in-italia-1989-2001\"\n               class=\"ngg-fancybox\" rel=\"e85569ca7fdd6ffd020e2c12f6fe3c26\">\n                <img\n                    title=\"Liberi tutti! Arte e societ\u00e0 in Italia. 1989 -2001\"\n                    alt=\"Liberi tutti! Arte e societ\u00e0 in Italia. 1989 -2001\"\n                    src=\"http:\/\/www.spaziotorino.it\/scatto\/wp-content\/gallery\/2015_07_07_fico\/cache\/img_7841.jpg-nggid0515611-ngg0dyn-60x60x100-00f0w010c011r110f110r010t010.jpg\"\n                    width=\"60\"\n                    height=\"60\"\n                    style=\"max-width:100%;\"\n                \/>\n            <\/a>\n        <\/div>\n\t\t\t\t\t\t\t<\/div> \n\t\t\t\n        \n\t\t\t\t<div id=\"ngg-image-11\" class=\"ngg-gallery-thumbnail-box\" >\n\t\t\t\t        <div class=\"ngg-gallery-thumbnail\">\n            <a href=\"http:\/\/www.spaziotorino.it\/scatto\/wp-content\/gallery\/2015_07_07_fico\/img_7846.jpg\"\n               title=\"Liberi tutti! Arte e societ\u00e0 in Italia. 1989 -2001\"\n               data-src=\"http:\/\/www.spaziotorino.it\/scatto\/wp-content\/gallery\/2015_07_07_fico\/img_7846.jpg\"\n               data-thumbnail=\"http:\/\/www.spaziotorino.it\/scatto\/wp-content\/gallery\/2015_07_07_fico\/thumbs\/thumbs_img_7846.jpg\"\n               data-image-id=\"15612\"\n               data-title=\"Liberi tutti! Arte e societ\u00e0 in Italia. 1989 -2001\"\n               data-description=\"Liberi tutti! Arte e societ\u00e0 in Italia. 1989 -2001\"\n               data-image-slug=\"liberi-tutti-arte-e-societ%c3%a0-in-italia-1989-2001-5\"\n               class=\"ngg-fancybox\" rel=\"e85569ca7fdd6ffd020e2c12f6fe3c26\">\n                <img\n                    title=\"Liberi tutti! Arte e societ\u00e0 in Italia. 1989 -2001\"\n                    alt=\"Liberi tutti! Arte e societ\u00e0 in Italia. 1989 -2001\"\n                    src=\"http:\/\/www.spaziotorino.it\/scatto\/wp-content\/gallery\/2015_07_07_fico\/cache\/img_7846.jpg-nggid0515612-ngg0dyn-60x60x100-00f0w010c011r110f110r010t010.jpg\"\n                    width=\"60\"\n                    height=\"60\"\n                    style=\"max-width:100%;\"\n                \/>\n            <\/a>\n        <\/div>\n\t\t\t\t\t\t\t<\/div> \n\t\t\t\n        \n\t\t\t\t<div id=\"ngg-image-12\" class=\"ngg-gallery-thumbnail-box\" >\n\t\t\t\t        <div class=\"ngg-gallery-thumbnail\">\n            <a href=\"http:\/\/www.spaziotorino.it\/scatto\/wp-content\/gallery\/2015_07_07_fico\/img_7861.jpg\"\n               title=\"Matteo Basil\u00e8 - Drum\\&#039;n\\&#039;Bass Remix, 1999\"\n               data-src=\"http:\/\/www.spaziotorino.it\/scatto\/wp-content\/gallery\/2015_07_07_fico\/img_7861.jpg\"\n               data-thumbnail=\"http:\/\/www.spaziotorino.it\/scatto\/wp-content\/gallery\/2015_07_07_fico\/thumbs\/thumbs_img_7861.jpg\"\n               data-image-id=\"15613\"\n               data-title=\"Matteo Basil\u00e8 - Drum\\&#039;n\\&#039;Bass Remix, 1999\"\n               data-description=\"Matteo Basil\u00e8 - Drum&#039;n&#039;Bass Remix, 1999\"\n               data-image-slug=\"matteo-basil%c3%a8-drumnbass-remix-1999\"\n               class=\"ngg-fancybox\" rel=\"e85569ca7fdd6ffd020e2c12f6fe3c26\">\n                <img\n                    title=\"Matteo Basil\u00e8 - Drum\\&#039;n\\&#039;Bass Remix, 1999\"\n                    alt=\"Matteo Basil\u00e8 - Drum\\&#039;n\\&#039;Bass Remix, 1999\"\n                    src=\"http:\/\/www.spaziotorino.it\/scatto\/wp-content\/gallery\/2015_07_07_fico\/cache\/img_7861.jpg-nggid0515613-ngg0dyn-60x60x100-00f0w010c011r110f110r010t010.jpg\"\n                    width=\"60\"\n                    height=\"60\"\n                    style=\"max-width:100%;\"\n                \/>\n            <\/a>\n        <\/div>\n\t\t\t\t\t\t\t<\/div> \n\t\t\t\n        \n\t\t\t\t<div id=\"ngg-image-13\" class=\"ngg-gallery-thumbnail-box\" >\n\t\t\t\t        <div class=\"ngg-gallery-thumbnail\">\n            <a href=\"http:\/\/www.spaziotorino.it\/scatto\/wp-content\/gallery\/2015_07_07_fico\/img_7859.jpg\"\n               title=\"Perino&amp;Vele - Cappotto 500, 1997-99\"\n               data-src=\"http:\/\/www.spaziotorino.it\/scatto\/wp-content\/gallery\/2015_07_07_fico\/img_7859.jpg\"\n               data-thumbnail=\"http:\/\/www.spaziotorino.it\/scatto\/wp-content\/gallery\/2015_07_07_fico\/thumbs\/thumbs_img_7859.jpg\"\n               data-image-id=\"15622\"\n               data-title=\"Perino&amp;Vele - Cappotto 500, 1997-99\"\n               data-description=\"Perino&amp;Vele - Cappotto 500, 1997-99\"\n               data-image-slug=\"perinovele-cappotto-500-1997-99\"\n               class=\"ngg-fancybox\" rel=\"e85569ca7fdd6ffd020e2c12f6fe3c26\">\n                <img\n                    title=\"Perino&amp;Vele - Cappotto 500, 1997-99\"\n                    alt=\"Perino&amp;Vele - Cappotto 500, 1997-99\"\n                    src=\"http:\/\/www.spaziotorino.it\/scatto\/wp-content\/gallery\/2015_07_07_fico\/cache\/img_7859.jpg-nggid0515622-ngg0dyn-60x60x100-00f0w010c011r110f110r010t010.jpg\"\n                    width=\"60\"\n                    height=\"60\"\n                    style=\"max-width:100%;\"\n                \/>\n            <\/a>\n        <\/div>\n\t\t\t\t\t\t\t<\/div> \n\t\t\t\n        \n\t\t\t\t<div id=\"ngg-image-14\" class=\"ngg-gallery-thumbnail-box\" >\n\t\t\t\t        <div class=\"ngg-gallery-thumbnail\">\n            <a href=\"http:\/\/www.spaziotorino.it\/scatto\/wp-content\/gallery\/2015_07_07_fico\/img_7876.jpg\"\n               title=\"Liberi tutti! Arte e societ\u00e0 in Italia. 1989 -2001\"\n               data-src=\"http:\/\/www.spaziotorino.it\/scatto\/wp-content\/gallery\/2015_07_07_fico\/img_7876.jpg\"\n               data-thumbnail=\"http:\/\/www.spaziotorino.it\/scatto\/wp-content\/gallery\/2015_07_07_fico\/thumbs\/thumbs_img_7876.jpg\"\n               data-image-id=\"15614\"\n               data-title=\"Liberi tutti! Arte e societ\u00e0 in Italia. 1989 -2001\"\n               data-description=\"Liberi tutti! Arte e societ\u00e0 in Italia. 1989 -2001\"\n               data-image-slug=\"liberi-tutti-arte-e-societ%c3%a0-in-italia-1989-2001-4\"\n               class=\"ngg-fancybox\" rel=\"e85569ca7fdd6ffd020e2c12f6fe3c26\">\n                <img\n                    title=\"Liberi tutti! Arte e societ\u00e0 in Italia. 1989 -2001\"\n                    alt=\"Liberi tutti! Arte e societ\u00e0 in Italia. 1989 -2001\"\n                    src=\"http:\/\/www.spaziotorino.it\/scatto\/wp-content\/gallery\/2015_07_07_fico\/cache\/img_7876.jpg-nggid0515614-ngg0dyn-60x60x100-00f0w010c011r110f110r010t010.jpg\"\n                    width=\"60\"\n                    height=\"60\"\n                    style=\"max-width:100%;\"\n                \/>\n            <\/a>\n        <\/div>\n\t\t\t\t\t\t\t<\/div> \n\t\t\t\n        \n\t\t\t\t<div id=\"ngg-image-15\" class=\"ngg-gallery-thumbnail-box\" >\n\t\t\t\t        <div class=\"ngg-gallery-thumbnail\">\n            <a href=\"http:\/\/www.spaziotorino.it\/scatto\/wp-content\/gallery\/2015_07_07_fico\/img_7882.jpg\"\n               title=\"Adrian Paci - Home to Go, 2000 \/ Vanessa Beecroft - VB48.934 PD, 2001\"\n               data-src=\"http:\/\/www.spaziotorino.it\/scatto\/wp-content\/gallery\/2015_07_07_fico\/img_7882.jpg\"\n               data-thumbnail=\"http:\/\/www.spaziotorino.it\/scatto\/wp-content\/gallery\/2015_07_07_fico\/thumbs\/thumbs_img_7882.jpg\"\n               data-image-id=\"15615\"\n               data-title=\"Adrian Paci - Home to Go, 2000 \/ Vanessa Beecroft - VB48.934 PD, 2001\"\n               data-description=\"Adrian Paci - Home to Go, 2000 \/ Vanessa Beecroft - VB48.934 PD, 2001\"\n               data-image-slug=\"adrian-paci-home-to-go-2000-vanessa-beecroft-vb48-934-pd-2001\"\n               class=\"ngg-fancybox\" rel=\"e85569ca7fdd6ffd020e2c12f6fe3c26\">\n                <img\n                    title=\"Adrian Paci - Home to Go, 2000 \/ Vanessa Beecroft - VB48.934 PD, 2001\"\n                    alt=\"Adrian Paci - Home to Go, 2000 \/ Vanessa Beecroft - VB48.934 PD, 2001\"\n                    src=\"http:\/\/www.spaziotorino.it\/scatto\/wp-content\/gallery\/2015_07_07_fico\/cache\/img_7882.jpg-nggid0515615-ngg0dyn-60x60x100-00f0w010c011r110f110r010t010.jpg\"\n                    width=\"60\"\n                    height=\"60\"\n                    style=\"max-width:100%;\"\n                \/>\n            <\/a>\n        <\/div>\n\t\t\t\t\t\t\t<\/div> \n\t\t\t\n        \n\t\t\t\t<div id=\"ngg-image-16\" class=\"ngg-gallery-thumbnail-box\" >\n\t\t\t\t        <div class=\"ngg-gallery-thumbnail\">\n            <a href=\"http:\/\/www.spaziotorino.it\/scatto\/wp-content\/gallery\/2015_07_07_fico\/img_7885.jpg\"\n               title=\"Marcello Maloberti - Marcello che arriva in treno, 2001\"\n               data-src=\"http:\/\/www.spaziotorino.it\/scatto\/wp-content\/gallery\/2015_07_07_fico\/img_7885.jpg\"\n               data-thumbnail=\"http:\/\/www.spaziotorino.it\/scatto\/wp-content\/gallery\/2015_07_07_fico\/thumbs\/thumbs_img_7885.jpg\"\n               data-image-id=\"15616\"\n               data-title=\"Marcello Maloberti - Marcello che arriva in treno, 2001\"\n               data-description=\"Marcello Maloberti - Marcello che arriva in treno, 2001\"\n               data-image-slug=\"marcello-maloberti-marcello-che-arriva-in-treno-2001\"\n               class=\"ngg-fancybox\" rel=\"e85569ca7fdd6ffd020e2c12f6fe3c26\">\n                <img\n                    title=\"Marcello Maloberti - Marcello che arriva in treno, 2001\"\n                    alt=\"Marcello Maloberti - Marcello che arriva in treno, 2001\"\n                    src=\"http:\/\/www.spaziotorino.it\/scatto\/wp-content\/gallery\/2015_07_07_fico\/cache\/img_7885.jpg-nggid0515616-ngg0dyn-60x60x100-00f0w010c011r110f110r010t010.jpg\"\n                    width=\"60\"\n                    height=\"60\"\n                    style=\"max-width:100%;\"\n                \/>\n            <\/a>\n        <\/div>\n\t\t\t\t\t\t\t<\/div> \n\t\t\t\n        \n\t\t\t\t<div id=\"ngg-image-17\" class=\"ngg-gallery-thumbnail-box\" >\n\t\t\t\t        <div class=\"ngg-gallery-thumbnail\">\n            <a href=\"http:\/\/www.spaziotorino.it\/scatto\/wp-content\/gallery\/2015_07_07_fico\/img_7942.jpg\"\n               title=\"Liberi tutti! Arte e societ\u00e0 in Italia. 1989 -2001\"\n               data-src=\"http:\/\/www.spaziotorino.it\/scatto\/wp-content\/gallery\/2015_07_07_fico\/img_7942.jpg\"\n               data-thumbnail=\"http:\/\/www.spaziotorino.it\/scatto\/wp-content\/gallery\/2015_07_07_fico\/thumbs\/thumbs_img_7942.jpg\"\n               data-image-id=\"15619\"\n               data-title=\"Liberi tutti! Arte e societ\u00e0 in Italia. 1989 -2001\"\n               data-description=\"Liberi tutti! Arte e societ\u00e0 in Italia. 1989 -2001\"\n               data-image-slug=\"liberi-tutti-arte-e-societ%c3%a0-in-italia-1989-2001-1\"\n               class=\"ngg-fancybox\" rel=\"e85569ca7fdd6ffd020e2c12f6fe3c26\">\n                <img\n                    title=\"Liberi tutti! Arte e societ\u00e0 in Italia. 1989 -2001\"\n                    alt=\"Liberi tutti! Arte e societ\u00e0 in Italia. 1989 -2001\"\n                    src=\"http:\/\/www.spaziotorino.it\/scatto\/wp-content\/gallery\/2015_07_07_fico\/cache\/img_7942.jpg-nggid0515619-ngg0dyn-60x60x100-00f0w010c011r110f110r010t010.jpg\"\n                    width=\"60\"\n                    height=\"60\"\n                    style=\"max-width:100%;\"\n                \/>\n            <\/a>\n        <\/div>\n\t\t\t\t\t\t\t<\/div> \n\t\t\t\n        \n\t\t\t\t<div id=\"ngg-image-18\" class=\"ngg-gallery-thumbnail-box\" >\n\t\t\t\t        <div class=\"ngg-gallery-thumbnail\">\n            <a href=\"http:\/\/www.spaziotorino.it\/scatto\/wp-content\/gallery\/2015_07_07_fico\/img_7950.jpg\"\n               title=\"Liberi tutti! Arte e societ\u00e0 in Italia. 1989 -2001\"\n               data-src=\"http:\/\/www.spaziotorino.it\/scatto\/wp-content\/gallery\/2015_07_07_fico\/img_7950.jpg\"\n               data-thumbnail=\"http:\/\/www.spaziotorino.it\/scatto\/wp-content\/gallery\/2015_07_07_fico\/thumbs\/thumbs_img_7950.jpg\"\n               data-image-id=\"15620\"\n               data-title=\"Liberi tutti! Arte e societ\u00e0 in Italia. 1989 -2001\"\n               data-description=\"Liberi tutti! Arte e societ\u00e0 in Italia. 1989 -2001\"\n               data-image-slug=\"liberi-tutti-arte-e-societ%c3%a0-in-italia-1989-2001-3\"\n               class=\"ngg-fancybox\" rel=\"e85569ca7fdd6ffd020e2c12f6fe3c26\">\n                <img\n                    title=\"Liberi tutti! Arte e societ\u00e0 in Italia. 1989 -2001\"\n                    alt=\"Liberi tutti! Arte e societ\u00e0 in Italia. 1989 -2001\"\n                    src=\"http:\/\/www.spaziotorino.it\/scatto\/wp-content\/gallery\/2015_07_07_fico\/cache\/img_7950.jpg-nggid0515620-ngg0dyn-60x60x100-00f0w010c011r110f110r010t010.jpg\"\n                    width=\"60\"\n                    height=\"60\"\n                    style=\"max-width:100%;\"\n                \/>\n            <\/a>\n        <\/div>\n\t\t\t\t\t\t\t<\/div> \n\t\t\t\n        \n\t\t\n\t\t<!-- Pagination -->\n\t<div class='ngg-clear'><\/div>\t<\/div>\n\n<p>Da gioved\u00ec 9 luglio fino al 18 ottobre al MEF &#8211; Museo Ettore Fico la mostra &#8220;Liberi tutti! Arte e societ\u00e0 in Italia. 1989 &#8211; 2001&#8221; che presenta il primo tentativo di analisi attraverso una prospettiva storica della generazione di artisti italiani attivi tra la fine degli anni Ottanta e l\u2019inizio degli anni Duemila.<br \/>\nUn periodo, dalla caduta del muro di Berlino (9 novembre 1989) al crollo delle torri gemelle a New York (11 settembre 2001) in cui societ\u00e0 e cultura hanno conosciuto cambiamenti particolarmente intensi, in attesa di un altro cruciale passaggio, l\u2019avvento di un nuovo secolo e di un nuovo millennio.<br \/>\nIn un brevissimo arco di tempo, infatti, l\u2019affermazione della cultura digitale rivoluziona il nostro modo di vivere. La diffusione del virus dell\u2019AIDS segna un cambiamento nei rapporti interpersonali, minando la libert\u00e0 sessuale conquistata nei decenni precedenti allo stesso tempo stimolando una nuova riflessione sull\u2019identit\u00e0 di genere.<br \/>\nSi diffonde una maggiore consapevolezza dei problemi ambientali e, soprattutto, con la fine della guerra fredda e lo scioglimento dell\u2019URSS, l\u2019affermarsi di dinamiche economiche globali e con i grandi flussi migratori verso i paesi pi\u00f9 sviluppati e liberi da conflitti, cambia la percezione del mondo e dei suoi confini e l\u2019incontro tra culture lontane si fa esperienza quotidiana.<br \/>\nL\u2019arte esprime il proprio tempo e, a volte, \u00e8 in grado di anticiparlo, fornendo consapevolezza sulla realt\u00e0 che viviamo. Dal 1989 al 2001 essa stessa \u00e8 dunque cambiata con una velocit\u00e0 sconosciuta, aprendosi a nuovi temi, nuovi linguaggi, e includendo nel suo sistema le espressioni di culture e ambiti geografici prima ignorati.<\/p>\n<p>Tutte le informazioni sul sito del <a href=\"http:\/\/www.museofico.it\/it\/\">Museo Ettore Fico<\/a><\/p>\n","protected":false},"excerpt":{"rendered":"<p>Da gioved\u00ec 9 luglio fino al 18 ottobre al MEF &#8211; Museo Ettore Fico la mostra &#8220;Liberi tutti! Arte e societ\u00e0 in Italia. 1989 &#8211; 2001&#8221; che presenta il primo tentativo di analisi attraverso una prospettiva storica della generazione di artisti italiani attivi tra la fine degli anni Ottanta e l\u2019inizio degli anni Duemila. Un [&hellip;]<\/p>\n","protected":false},"author":1,"featured_media":0,"comment_status":"closed","ping_status":"open","sticky":false,"template":"","format":"standard","meta":{"ngg_post_thumbnail":0},"categories":[54,1],"tags":[2710,2708,2709],"_links":{"self":[{"href":"http:\/\/www.spaziotorino.it\/scatto\/index.php?rest_route=\/wp\/v2\/posts\/4779"}],"collection":[{"href":"http:\/\/www.spaziotorino.it\/scatto\/index.php?rest_route=\/wp\/v2\/posts"}],"about":[{"href":"http:\/\/www.spaziotorino.it\/scatto\/index.php?rest_route=\/wp\/v2\/types\/post"}],"author":[{"embeddable":true,"href":"http:\/\/www.spaziotorino.it\/scatto\/index.php?rest_route=\/wp\/v2\/users\/1"}],"replies":[{"embeddable":true,"href":"http:\/\/www.spaziotorino.it\/scatto\/index.php?rest_route=%2Fwp%2Fv2%2Fcomments&post=4779"}],"version-history":[{"count":5,"href":"http:\/\/www.spaziotorino.it\/scatto\/index.php?rest_route=\/wp\/v2\/posts\/4779\/revisions"}],"predecessor-version":[{"id":4784,"href":"http:\/\/www.spaziotorino.it\/scatto\/index.php?rest_route=\/wp\/v2\/posts\/4779\/revisions\/4784"}],"wp:attachment":[{"href":"http:\/\/www.spaziotorino.it\/scatto\/index.php?rest_route=%2Fwp%2Fv2%2Fmedia&parent=4779"}],"wp:term":[{"taxonomy":"category","embeddable":true,"href":"http:\/\/www.spaziotorino.it\/scatto\/index.php?rest_route=%2Fwp%2Fv2%2Fcategories&post=4779"},{"taxonomy":"post_tag","embeddable":true,"href":"http:\/\/www.spaziotorino.it\/scatto\/index.php?rest_route=%2Fwp%2Fv2%2Ftags&post=4779"}],"curies":[{"name":"wp","href":"https:\/\/api.w.org\/{rel}","templated":true}]}}