{"id":4810,"date":"2015-08-09T19:16:40","date_gmt":"2015-08-09T18:16:40","guid":{"rendered":"http:\/\/www.spaziotorino.it\/scatto\/?p=4810"},"modified":"2015-08-10T09:21:09","modified_gmt":"2015-08-10T08:21:09","slug":"la-festa-catalana-chiude-la-prima-edizione-di-the-children%e2%80%99s-world","status":"publish","type":"post","link":"http:\/\/www.spaziotorino.it\/scatto\/?p=4810","title":{"rendered":"La Festa Catalana chiude la prima edizione di The Children\u2019s World"},"content":{"rendered":"<p><a title=\"La Festa Catalana chiude la prima edizione di The Children\u2019s World\" rel=\"lightbox[set_973]\" href=\"http:\/\/www.spaziotorino.it\/scatto\/wp-content\/gallery\/2015_08_08_catala\/img_1630.jpg\"><br \/>\n<img decoding=\"async\" loading=\"lazy\" class=\"ngg-singlepic\" title=\"La Festa Catalana chiude la prima edizione di The Children\u2019s World\" src=\"http:\/\/www.spaziotorino.it\/scatto\/wp-content\/gallery\/2015_08_08_catala\/img_1630.jpg\" alt=\"\" width=\"540\" height=\"360\" \/><\/a><\/p>\n<!-- index.php -->\n<div\n\tclass=\"ngg-galleryoverview ngg-ajax-pagination-none\"\n\tid=\"ngg-gallery-68778e7f03e195a28f5ccff20280eb72-1\">\n\n    \t\t<!-- Thumbnails -->\n\t\t\t\t<div id=\"ngg-image-0\" class=\"ngg-gallery-thumbnail-box\" >\n\t\t\t\t        <div class=\"ngg-gallery-thumbnail\">\n            <a href=\"http:\/\/www.spaziotorino.it\/scatto\/wp-content\/gallery\/2015_08_08_catala\/img_1515.jpg\"\n               title=\"Preparativi\"\n               data-src=\"http:\/\/www.spaziotorino.it\/scatto\/wp-content\/gallery\/2015_08_08_catala\/img_1515.jpg\"\n               data-thumbnail=\"http:\/\/www.spaziotorino.it\/scatto\/wp-content\/gallery\/2015_08_08_catala\/thumbs\/thumbs_img_1515.jpg\"\n               data-image-id=\"15786\"\n               data-title=\"Preparativi\"\n               data-description=\"Preparativi\"\n               data-image-slug=\"preparativi\"\n               class=\"ngg-fancybox\" rel=\"68778e7f03e195a28f5ccff20280eb72\">\n                <img\n                    title=\"Preparativi\"\n                    alt=\"Preparativi\"\n                    src=\"http:\/\/www.spaziotorino.it\/scatto\/wp-content\/gallery\/2015_08_08_catala\/cache\/img_1515.jpg-nggid0515786-ngg0dyn-60x60x100-00f0w010c011r110f110r010t010.jpg\"\n                    width=\"60\"\n                    height=\"60\"\n                    style=\"max-width:100%;\"\n                \/>\n            <\/a>\n        <\/div>\n\t\t\t\t\t\t\t<\/div> \n\t\t\t\n        \n\t\t\t\t<div id=\"ngg-image-1\" class=\"ngg-gallery-thumbnail-box\" >\n\t\t\t\t        <div class=\"ngg-gallery-thumbnail\">\n            <a href=\"http:\/\/www.spaziotorino.it\/scatto\/wp-content\/gallery\/2015_08_08_catala\/img_1531.jpg\"\n               title=\"Prove di sfilata sotto i portici di piazza San Carlo\"\n               data-src=\"http:\/\/www.spaziotorino.it\/scatto\/wp-content\/gallery\/2015_08_08_catala\/img_1531.jpg\"\n               data-thumbnail=\"http:\/\/www.spaziotorino.it\/scatto\/wp-content\/gallery\/2015_08_08_catala\/thumbs\/thumbs_img_1531.jpg\"\n               data-image-id=\"15776\"\n               data-title=\"Prove di sfilata sotto i portici di piazza San Carlo\"\n               data-description=\"Prove di sfilata sotto i portici di piazza San Carlo\"\n               data-image-slug=\"prove-di-sfilata-sotto-i-portici-di-piazza-san-carlo\"\n               class=\"ngg-fancybox\" rel=\"68778e7f03e195a28f5ccff20280eb72\">\n                <img\n                    title=\"Prove di sfilata sotto i portici di piazza San Carlo\"\n                    alt=\"Prove di sfilata sotto i portici di piazza San Carlo\"\n                    src=\"http:\/\/www.spaziotorino.it\/scatto\/wp-content\/gallery\/2015_08_08_catala\/cache\/img_1531.jpg-nggid0515776-ngg0dyn-60x60x100-00f0w010c011r110f110r010t010.jpg\"\n                    width=\"60\"\n                    height=\"60\"\n                    style=\"max-width:100%;\"\n                \/>\n            <\/a>\n        <\/div>\n\t\t\t\t\t\t\t<\/div> \n\t\t\t\n        \n\t\t\t\t<div id=\"ngg-image-2\" class=\"ngg-gallery-thumbnail-box\" >\n\t\t\t\t        <div class=\"ngg-gallery-thumbnail\">\n            <a href=\"http:\/\/www.spaziotorino.it\/scatto\/wp-content\/gallery\/2015_08_08_catala\/img_1543.jpg\"\n               title=\"Giganti in piazza\"\n               data-src=\"http:\/\/www.spaziotorino.it\/scatto\/wp-content\/gallery\/2015_08_08_catala\/img_1543.jpg\"\n               data-thumbnail=\"http:\/\/www.spaziotorino.it\/scatto\/wp-content\/gallery\/2015_08_08_catala\/thumbs\/thumbs_img_1543.jpg\"\n               data-image-id=\"15787\"\n               data-title=\"Giganti in piazza\"\n               data-description=\"Giganti in piazza\"\n               data-image-slug=\"giganti-in-piazza\"\n               class=\"ngg-fancybox\" rel=\"68778e7f03e195a28f5ccff20280eb72\">\n                <img\n                    title=\"Giganti in piazza\"\n                    alt=\"Giganti in piazza\"\n                    src=\"http:\/\/www.spaziotorino.it\/scatto\/wp-content\/gallery\/2015_08_08_catala\/cache\/img_1543.jpg-nggid0515787-ngg0dyn-60x60x100-00f0w010c011r110f110r010t010.jpg\"\n                    width=\"60\"\n                    height=\"60\"\n                    style=\"max-width:100%;\"\n                \/>\n            <\/a>\n        <\/div>\n\t\t\t\t\t\t\t<\/div> \n\t\t\t\n        \n\t\t\t\t<div id=\"ngg-image-3\" class=\"ngg-gallery-thumbnail-box\" >\n\t\t\t\t        <div class=\"ngg-gallery-thumbnail\">\n            <a href=\"http:\/\/www.spaziotorino.it\/scatto\/wp-content\/gallery\/2015_08_08_catala\/img_1551.jpg\"\n               title=\"\"\n               data-src=\"http:\/\/www.spaziotorino.it\/scatto\/wp-content\/gallery\/2015_08_08_catala\/img_1551.jpg\"\n               data-thumbnail=\"http:\/\/www.spaziotorino.it\/scatto\/wp-content\/gallery\/2015_08_08_catala\/thumbs\/thumbs_img_1551.jpg\"\n               data-image-id=\"15777\"\n               data-title=\"img_1551\"\n               data-description=\"\"\n               data-image-slug=\"img_1551\"\n               class=\"ngg-fancybox\" rel=\"68778e7f03e195a28f5ccff20280eb72\">\n                <img\n                    title=\"img_1551\"\n                    alt=\"img_1551\"\n                    src=\"http:\/\/www.spaziotorino.it\/scatto\/wp-content\/gallery\/2015_08_08_catala\/cache\/img_1551.jpg-nggid0515777-ngg0dyn-60x60x100-00f0w010c011r110f110r010t010.jpg\"\n                    width=\"60\"\n                    height=\"60\"\n                    style=\"max-width:100%;\"\n                \/>\n            <\/a>\n        <\/div>\n\t\t\t\t\t\t\t<\/div> \n\t\t\t\n        \n\t\t\t\t<div id=\"ngg-image-4\" class=\"ngg-gallery-thumbnail-box\" >\n\t\t\t\t        <div class=\"ngg-gallery-thumbnail\">\n            <a href=\"http:\/\/www.spaziotorino.it\/scatto\/wp-content\/gallery\/2015_08_08_catala\/img_1574.jpg\"\n               title=\"\"\n               data-src=\"http:\/\/www.spaziotorino.it\/scatto\/wp-content\/gallery\/2015_08_08_catala\/img_1574.jpg\"\n               data-thumbnail=\"http:\/\/www.spaziotorino.it\/scatto\/wp-content\/gallery\/2015_08_08_catala\/thumbs\/thumbs_img_1574.jpg\"\n               data-image-id=\"15788\"\n               data-title=\"img_1574\"\n               data-description=\"\"\n               data-image-slug=\"img_1574\"\n               class=\"ngg-fancybox\" rel=\"68778e7f03e195a28f5ccff20280eb72\">\n                <img\n                    title=\"img_1574\"\n                    alt=\"img_1574\"\n                    src=\"http:\/\/www.spaziotorino.it\/scatto\/wp-content\/gallery\/2015_08_08_catala\/cache\/img_1574.jpg-nggid0515788-ngg0dyn-60x60x100-00f0w010c011r110f110r010t010.jpg\"\n                    width=\"60\"\n                    height=\"60\"\n                    style=\"max-width:100%;\"\n                \/>\n            <\/a>\n        <\/div>\n\t\t\t\t\t\t\t<\/div> \n\t\t\t\n        \n\t\t\t\t<div id=\"ngg-image-5\" class=\"ngg-gallery-thumbnail-box\" >\n\t\t\t\t        <div class=\"ngg-gallery-thumbnail\">\n            <a href=\"http:\/\/www.spaziotorino.it\/scatto\/wp-content\/gallery\/2015_08_08_catala\/img_1559.jpg\"\n               title=\"\"\n               data-src=\"http:\/\/www.spaziotorino.it\/scatto\/wp-content\/gallery\/2015_08_08_catala\/img_1559.jpg\"\n               data-thumbnail=\"http:\/\/www.spaziotorino.it\/scatto\/wp-content\/gallery\/2015_08_08_catala\/thumbs\/thumbs_img_1559.jpg\"\n               data-image-id=\"15778\"\n               data-title=\"img_1559\"\n               data-description=\"\"\n               data-image-slug=\"img_1559\"\n               class=\"ngg-fancybox\" rel=\"68778e7f03e195a28f5ccff20280eb72\">\n                <img\n                    title=\"img_1559\"\n                    alt=\"img_1559\"\n                    src=\"http:\/\/www.spaziotorino.it\/scatto\/wp-content\/gallery\/2015_08_08_catala\/cache\/img_1559.jpg-nggid0515778-ngg0dyn-60x60x100-00f0w010c011r110f110r010t010.jpg\"\n                    width=\"60\"\n                    height=\"60\"\n                    style=\"max-width:100%;\"\n                \/>\n            <\/a>\n        <\/div>\n\t\t\t\t\t\t\t<\/div> \n\t\t\t\n        \n\t\t\t\t<div id=\"ngg-image-6\" class=\"ngg-gallery-thumbnail-box\" >\n\t\t\t\t        <div class=\"ngg-gallery-thumbnail\">\n            <a href=\"http:\/\/www.spaziotorino.it\/scatto\/wp-content\/gallery\/2015_08_08_catala\/img_1578.jpg\"\n               title=\"\"\n               data-src=\"http:\/\/www.spaziotorino.it\/scatto\/wp-content\/gallery\/2015_08_08_catala\/img_1578.jpg\"\n               data-thumbnail=\"http:\/\/www.spaziotorino.it\/scatto\/wp-content\/gallery\/2015_08_08_catala\/thumbs\/thumbs_img_1578.jpg\"\n               data-image-id=\"15789\"\n               data-title=\"img_1578\"\n               data-description=\"\"\n               data-image-slug=\"img_1578-1\"\n               class=\"ngg-fancybox\" rel=\"68778e7f03e195a28f5ccff20280eb72\">\n                <img\n                    title=\"img_1578\"\n                    alt=\"img_1578\"\n                    src=\"http:\/\/www.spaziotorino.it\/scatto\/wp-content\/gallery\/2015_08_08_catala\/cache\/img_1578.jpg-nggid0515789-ngg0dyn-60x60x100-00f0w010c011r110f110r010t010.jpg\"\n                    width=\"60\"\n                    height=\"60\"\n                    style=\"max-width:100%;\"\n                \/>\n            <\/a>\n        <\/div>\n\t\t\t\t\t\t\t<\/div> \n\t\t\t\n        \n\t\t\t\t<div id=\"ngg-image-7\" class=\"ngg-gallery-thumbnail-box\" >\n\t\t\t\t        <div class=\"ngg-gallery-thumbnail\">\n            <a href=\"http:\/\/www.spaziotorino.it\/scatto\/wp-content\/gallery\/2015_08_08_catala\/img_1581.jpg\"\n               title=\"\"\n               data-src=\"http:\/\/www.spaziotorino.it\/scatto\/wp-content\/gallery\/2015_08_08_catala\/img_1581.jpg\"\n               data-thumbnail=\"http:\/\/www.spaziotorino.it\/scatto\/wp-content\/gallery\/2015_08_08_catala\/thumbs\/thumbs_img_1581.jpg\"\n               data-image-id=\"15779\"\n               data-title=\"img_1581\"\n               data-description=\"\"\n               data-image-slug=\"img_1581\"\n               class=\"ngg-fancybox\" rel=\"68778e7f03e195a28f5ccff20280eb72\">\n                <img\n                    title=\"img_1581\"\n                    alt=\"img_1581\"\n                    src=\"http:\/\/www.spaziotorino.it\/scatto\/wp-content\/gallery\/2015_08_08_catala\/cache\/img_1581.jpg-nggid0515779-ngg0dyn-60x60x100-00f0w010c011r110f110r010t010.jpg\"\n                    width=\"60\"\n                    height=\"60\"\n                    style=\"max-width:100%;\"\n                \/>\n            <\/a>\n        <\/div>\n\t\t\t\t\t\t\t<\/div> \n\t\t\t\n        \n\t\t\t\t<div id=\"ngg-image-8\" class=\"ngg-gallery-thumbnail-box\" >\n\t\t\t\t        <div class=\"ngg-gallery-thumbnail\">\n            <a href=\"http:\/\/www.spaziotorino.it\/scatto\/wp-content\/gallery\/2015_08_08_catala\/img_1593.jpg\"\n               title=\"\"\n               data-src=\"http:\/\/www.spaziotorino.it\/scatto\/wp-content\/gallery\/2015_08_08_catala\/img_1593.jpg\"\n               data-thumbnail=\"http:\/\/www.spaziotorino.it\/scatto\/wp-content\/gallery\/2015_08_08_catala\/thumbs\/thumbs_img_1593.jpg\"\n               data-image-id=\"15780\"\n               data-title=\"img_1593\"\n               data-description=\"\"\n               data-image-slug=\"img_1593\"\n               class=\"ngg-fancybox\" rel=\"68778e7f03e195a28f5ccff20280eb72\">\n                <img\n                    title=\"img_1593\"\n                    alt=\"img_1593\"\n                    src=\"http:\/\/www.spaziotorino.it\/scatto\/wp-content\/gallery\/2015_08_08_catala\/cache\/img_1593.jpg-nggid0515780-ngg0dyn-60x60x100-00f0w010c011r110f110r010t010.jpg\"\n                    width=\"60\"\n                    height=\"60\"\n                    style=\"max-width:100%;\"\n                \/>\n            <\/a>\n        <\/div>\n\t\t\t\t\t\t\t<\/div> \n\t\t\t\n        \n\t\t\t\t<div id=\"ngg-image-9\" class=\"ngg-gallery-thumbnail-box\" >\n\t\t\t\t        <div class=\"ngg-gallery-thumbnail\">\n            <a href=\"http:\/\/www.spaziotorino.it\/scatto\/wp-content\/gallery\/2015_08_08_catala\/img_1610.jpg\"\n               title=\"\"\n               data-src=\"http:\/\/www.spaziotorino.it\/scatto\/wp-content\/gallery\/2015_08_08_catala\/img_1610.jpg\"\n               data-thumbnail=\"http:\/\/www.spaziotorino.it\/scatto\/wp-content\/gallery\/2015_08_08_catala\/thumbs\/thumbs_img_1610.jpg\"\n               data-image-id=\"15781\"\n               data-title=\"img_1610\"\n               data-description=\"\"\n               data-image-slug=\"img_1610\"\n               class=\"ngg-fancybox\" rel=\"68778e7f03e195a28f5ccff20280eb72\">\n                <img\n                    title=\"img_1610\"\n                    alt=\"img_1610\"\n                    src=\"http:\/\/www.spaziotorino.it\/scatto\/wp-content\/gallery\/2015_08_08_catala\/cache\/img_1610.jpg-nggid0515781-ngg0dyn-60x60x100-00f0w010c011r110f110r010t010.jpg\"\n                    width=\"60\"\n                    height=\"60\"\n                    style=\"max-width:100%;\"\n                \/>\n            <\/a>\n        <\/div>\n\t\t\t\t\t\t\t<\/div> \n\t\t\t\n        \n\t\t\t\t<div id=\"ngg-image-10\" class=\"ngg-gallery-thumbnail-box\" >\n\t\t\t\t        <div class=\"ngg-gallery-thumbnail\">\n            <a href=\"http:\/\/www.spaziotorino.it\/scatto\/wp-content\/gallery\/2015_08_08_catala\/img_1630.jpg\"\n               title=\"\"\n               data-src=\"http:\/\/www.spaziotorino.it\/scatto\/wp-content\/gallery\/2015_08_08_catala\/img_1630.jpg\"\n               data-thumbnail=\"http:\/\/www.spaziotorino.it\/scatto\/wp-content\/gallery\/2015_08_08_catala\/thumbs\/thumbs_img_1630.jpg\"\n               data-image-id=\"15782\"\n               data-title=\"img_1630\"\n               data-description=\"\"\n               data-image-slug=\"img_1630\"\n               class=\"ngg-fancybox\" rel=\"68778e7f03e195a28f5ccff20280eb72\">\n                <img\n                    title=\"img_1630\"\n                    alt=\"img_1630\"\n                    src=\"http:\/\/www.spaziotorino.it\/scatto\/wp-content\/gallery\/2015_08_08_catala\/cache\/img_1630.jpg-nggid0515782-ngg0dyn-60x60x100-00f0w010c011r110f110r010t010.jpg\"\n                    width=\"60\"\n                    height=\"60\"\n                    style=\"max-width:100%;\"\n                \/>\n            <\/a>\n        <\/div>\n\t\t\t\t\t\t\t<\/div> \n\t\t\t\n        \n\t\t\t\t<div id=\"ngg-image-11\" class=\"ngg-gallery-thumbnail-box\" >\n\t\t\t\t        <div class=\"ngg-gallery-thumbnail\">\n            <a href=\"http:\/\/www.spaziotorino.it\/scatto\/wp-content\/gallery\/2015_08_08_catala\/img_1671.jpg\"\n               title=\"\"\n               data-src=\"http:\/\/www.spaziotorino.it\/scatto\/wp-content\/gallery\/2015_08_08_catala\/img_1671.jpg\"\n               data-thumbnail=\"http:\/\/www.spaziotorino.it\/scatto\/wp-content\/gallery\/2015_08_08_catala\/thumbs\/thumbs_img_1671.jpg\"\n               data-image-id=\"15783\"\n               data-title=\"img_1671\"\n               data-description=\"\"\n               data-image-slug=\"img_1671-1\"\n               class=\"ngg-fancybox\" rel=\"68778e7f03e195a28f5ccff20280eb72\">\n                <img\n                    title=\"img_1671\"\n                    alt=\"img_1671\"\n                    src=\"http:\/\/www.spaziotorino.it\/scatto\/wp-content\/gallery\/2015_08_08_catala\/cache\/img_1671.jpg-nggid0515783-ngg0dyn-60x60x100-00f0w010c011r110f110r010t010.jpg\"\n                    width=\"60\"\n                    height=\"60\"\n                    style=\"max-width:100%;\"\n                \/>\n            <\/a>\n        <\/div>\n\t\t\t\t\t\t\t<\/div> \n\t\t\t\n        \n\t\t\t\t<div id=\"ngg-image-12\" class=\"ngg-gallery-thumbnail-box\" >\n\t\t\t\t        <div class=\"ngg-gallery-thumbnail\">\n            <a href=\"http:\/\/www.spaziotorino.it\/scatto\/wp-content\/gallery\/2015_08_08_catala\/img_1633.jpg\"\n               title=\"\"\n               data-src=\"http:\/\/www.spaziotorino.it\/scatto\/wp-content\/gallery\/2015_08_08_catala\/img_1633.jpg\"\n               data-thumbnail=\"http:\/\/www.spaziotorino.it\/scatto\/wp-content\/gallery\/2015_08_08_catala\/thumbs\/thumbs_img_1633.jpg\"\n               data-image-id=\"15790\"\n               data-title=\"img_1633\"\n               data-description=\"\"\n               data-image-slug=\"img_1633-1\"\n               class=\"ngg-fancybox\" rel=\"68778e7f03e195a28f5ccff20280eb72\">\n                <img\n                    title=\"img_1633\"\n                    alt=\"img_1633\"\n                    src=\"http:\/\/www.spaziotorino.it\/scatto\/wp-content\/gallery\/2015_08_08_catala\/cache\/img_1633.jpg-nggid0515790-ngg0dyn-60x60x100-00f0w010c011r110f110r010t010.jpg\"\n                    width=\"60\"\n                    height=\"60\"\n                    style=\"max-width:100%;\"\n                \/>\n            <\/a>\n        <\/div>\n\t\t\t\t\t\t\t<\/div> \n\t\t\t\n        \n\t\t\t\t<div id=\"ngg-image-13\" class=\"ngg-gallery-thumbnail-box\" >\n\t\t\t\t        <div class=\"ngg-gallery-thumbnail\">\n            <a href=\"http:\/\/www.spaziotorino.it\/scatto\/wp-content\/gallery\/2015_08_08_catala\/img_1689.jpg\"\n               title=\"\"\n               data-src=\"http:\/\/www.spaziotorino.it\/scatto\/wp-content\/gallery\/2015_08_08_catala\/img_1689.jpg\"\n               data-thumbnail=\"http:\/\/www.spaziotorino.it\/scatto\/wp-content\/gallery\/2015_08_08_catala\/thumbs\/thumbs_img_1689.jpg\"\n               data-image-id=\"15791\"\n               data-title=\"img_1689\"\n               data-description=\"\"\n               data-image-slug=\"img_1689\"\n               class=\"ngg-fancybox\" rel=\"68778e7f03e195a28f5ccff20280eb72\">\n                <img\n                    title=\"img_1689\"\n                    alt=\"img_1689\"\n                    src=\"http:\/\/www.spaziotorino.it\/scatto\/wp-content\/gallery\/2015_08_08_catala\/cache\/img_1689.jpg-nggid0515791-ngg0dyn-60x60x100-00f0w010c011r110f110r010t010.jpg\"\n                    width=\"60\"\n                    height=\"60\"\n                    style=\"max-width:100%;\"\n                \/>\n            <\/a>\n        <\/div>\n\t\t\t\t\t\t\t<\/div> \n\t\t\t\n        \n\t\t\t\t<div id=\"ngg-image-14\" class=\"ngg-gallery-thumbnail-box\" >\n\t\t\t\t        <div class=\"ngg-gallery-thumbnail\">\n            <a href=\"http:\/\/www.spaziotorino.it\/scatto\/wp-content\/gallery\/2015_08_08_catala\/img_1741.jpg\"\n               title=\"\"\n               data-src=\"http:\/\/www.spaziotorino.it\/scatto\/wp-content\/gallery\/2015_08_08_catala\/img_1741.jpg\"\n               data-thumbnail=\"http:\/\/www.spaziotorino.it\/scatto\/wp-content\/gallery\/2015_08_08_catala\/thumbs\/thumbs_img_1741.jpg\"\n               data-image-id=\"15792\"\n               data-title=\"img_1741\"\n               data-description=\"\"\n               data-image-slug=\"img_1741\"\n               class=\"ngg-fancybox\" rel=\"68778e7f03e195a28f5ccff20280eb72\">\n                <img\n                    title=\"img_1741\"\n                    alt=\"img_1741\"\n                    src=\"http:\/\/www.spaziotorino.it\/scatto\/wp-content\/gallery\/2015_08_08_catala\/cache\/img_1741.jpg-nggid0515792-ngg0dyn-60x60x100-00f0w010c011r110f110r010t010.jpg\"\n                    width=\"60\"\n                    height=\"60\"\n                    style=\"max-width:100%;\"\n                \/>\n            <\/a>\n        <\/div>\n\t\t\t\t\t\t\t<\/div> \n\t\t\t\n        \n\t\t\t\t<div id=\"ngg-image-15\" class=\"ngg-gallery-thumbnail-box\" >\n\t\t\t\t        <div class=\"ngg-gallery-thumbnail\">\n            <a href=\"http:\/\/www.spaziotorino.it\/scatto\/wp-content\/gallery\/2015_08_08_catala\/img_1744.jpg\"\n               title=\"\"\n               data-src=\"http:\/\/www.spaziotorino.it\/scatto\/wp-content\/gallery\/2015_08_08_catala\/img_1744.jpg\"\n               data-thumbnail=\"http:\/\/www.spaziotorino.it\/scatto\/wp-content\/gallery\/2015_08_08_catala\/thumbs\/thumbs_img_1744.jpg\"\n               data-image-id=\"15784\"\n               data-title=\"img_1744\"\n               data-description=\"\"\n               data-image-slug=\"img_1744\"\n               class=\"ngg-fancybox\" rel=\"68778e7f03e195a28f5ccff20280eb72\">\n                <img\n                    title=\"img_1744\"\n                    alt=\"img_1744\"\n                    src=\"http:\/\/www.spaziotorino.it\/scatto\/wp-content\/gallery\/2015_08_08_catala\/cache\/img_1744.jpg-nggid0515784-ngg0dyn-60x60x100-00f0w010c011r110f110r010t010.jpg\"\n                    width=\"60\"\n                    height=\"60\"\n                    style=\"max-width:100%;\"\n                \/>\n            <\/a>\n        <\/div>\n\t\t\t\t\t\t\t<\/div> \n\t\t\t\n        \n\t\t\t\t<div id=\"ngg-image-16\" class=\"ngg-gallery-thumbnail-box\" >\n\t\t\t\t        <div class=\"ngg-gallery-thumbnail\">\n            <a href=\"http:\/\/www.spaziotorino.it\/scatto\/wp-content\/gallery\/2015_08_08_catala\/img_1752.jpg\"\n               title=\"\"\n               data-src=\"http:\/\/www.spaziotorino.it\/scatto\/wp-content\/gallery\/2015_08_08_catala\/img_1752.jpg\"\n               data-thumbnail=\"http:\/\/www.spaziotorino.it\/scatto\/wp-content\/gallery\/2015_08_08_catala\/thumbs\/thumbs_img_1752.jpg\"\n               data-image-id=\"15793\"\n               data-title=\"img_1752\"\n               data-description=\"\"\n               data-image-slug=\"img_1752\"\n               class=\"ngg-fancybox\" rel=\"68778e7f03e195a28f5ccff20280eb72\">\n                <img\n                    title=\"img_1752\"\n                    alt=\"img_1752\"\n                    src=\"http:\/\/www.spaziotorino.it\/scatto\/wp-content\/gallery\/2015_08_08_catala\/cache\/img_1752.jpg-nggid0515793-ngg0dyn-60x60x100-00f0w010c011r110f110r010t010.jpg\"\n                    width=\"60\"\n                    height=\"60\"\n                    style=\"max-width:100%;\"\n                \/>\n            <\/a>\n        <\/div>\n\t\t\t\t\t\t\t<\/div> \n\t\t\t\n        \n\t\t\t\t<div id=\"ngg-image-17\" class=\"ngg-gallery-thumbnail-box\" >\n\t\t\t\t        <div class=\"ngg-gallery-thumbnail\">\n            <a href=\"http:\/\/www.spaziotorino.it\/scatto\/wp-content\/gallery\/2015_08_08_catala\/img_1770.jpg\"\n               title=\"\"\n               data-src=\"http:\/\/www.spaziotorino.it\/scatto\/wp-content\/gallery\/2015_08_08_catala\/img_1770.jpg\"\n               data-thumbnail=\"http:\/\/www.spaziotorino.it\/scatto\/wp-content\/gallery\/2015_08_08_catala\/thumbs\/thumbs_img_1770.jpg\"\n               data-image-id=\"15794\"\n               data-title=\"img_1770\"\n               data-description=\"\"\n               data-image-slug=\"img_1770\"\n               class=\"ngg-fancybox\" rel=\"68778e7f03e195a28f5ccff20280eb72\">\n                <img\n                    title=\"img_1770\"\n                    alt=\"img_1770\"\n                    src=\"http:\/\/www.spaziotorino.it\/scatto\/wp-content\/gallery\/2015_08_08_catala\/cache\/img_1770.jpg-nggid0515794-ngg0dyn-60x60x100-00f0w010c011r110f110r010t010.jpg\"\n                    width=\"60\"\n                    height=\"60\"\n                    style=\"max-width:100%;\"\n                \/>\n            <\/a>\n        <\/div>\n\t\t\t\t\t\t\t<\/div> \n\t\t\t\n        \n\t\t\t\t<div id=\"ngg-image-18\" class=\"ngg-gallery-thumbnail-box\" >\n\t\t\t\t        <div class=\"ngg-gallery-thumbnail\">\n            <a href=\"http:\/\/www.spaziotorino.it\/scatto\/wp-content\/gallery\/2015_08_08_catala\/img_1780.jpg\"\n               title=\"\"\n               data-src=\"http:\/\/www.spaziotorino.it\/scatto\/wp-content\/gallery\/2015_08_08_catala\/img_1780.jpg\"\n               data-thumbnail=\"http:\/\/www.spaziotorino.it\/scatto\/wp-content\/gallery\/2015_08_08_catala\/thumbs\/thumbs_img_1780.jpg\"\n               data-image-id=\"15785\"\n               data-title=\"img_1780\"\n               data-description=\"\"\n               data-image-slug=\"img_1780\"\n               class=\"ngg-fancybox\" rel=\"68778e7f03e195a28f5ccff20280eb72\">\n                <img\n                    title=\"img_1780\"\n                    alt=\"img_1780\"\n                    src=\"http:\/\/www.spaziotorino.it\/scatto\/wp-content\/gallery\/2015_08_08_catala\/cache\/img_1780.jpg-nggid0515785-ngg0dyn-60x60x100-00f0w010c011r110f110r010t010.jpg\"\n                    width=\"60\"\n                    height=\"60\"\n                    style=\"max-width:100%;\"\n                \/>\n            <\/a>\n        <\/div>\n\t\t\t\t\t\t\t<\/div> \n\t\t\t\n        \n\t\t\t\t<div id=\"ngg-image-19\" class=\"ngg-gallery-thumbnail-box\" >\n\t\t\t\t        <div class=\"ngg-gallery-thumbnail\">\n            <a href=\"http:\/\/www.spaziotorino.it\/scatto\/wp-content\/gallery\/2015_08_08_catala\/img_1772.jpg\"\n               title=\"\"\n               data-src=\"http:\/\/www.spaziotorino.it\/scatto\/wp-content\/gallery\/2015_08_08_catala\/img_1772.jpg\"\n               data-thumbnail=\"http:\/\/www.spaziotorino.it\/scatto\/wp-content\/gallery\/2015_08_08_catala\/thumbs\/thumbs_img_1772.jpg\"\n               data-image-id=\"15795\"\n               data-title=\"img_1772\"\n               data-description=\"\"\n               data-image-slug=\"img_1772\"\n               class=\"ngg-fancybox\" rel=\"68778e7f03e195a28f5ccff20280eb72\">\n                <img\n                    title=\"img_1772\"\n                    alt=\"img_1772\"\n                    src=\"http:\/\/www.spaziotorino.it\/scatto\/wp-content\/gallery\/2015_08_08_catala\/cache\/img_1772.jpg-nggid0515795-ngg0dyn-60x60x100-00f0w010c011r110f110r010t010.jpg\"\n                    width=\"60\"\n                    height=\"60\"\n                    style=\"max-width:100%;\"\n                \/>\n            <\/a>\n        <\/div>\n\t\t\t\t\t\t\t<\/div> \n\t\t\t\n        \n\t\t\t\t<div id=\"ngg-image-20\" class=\"ngg-gallery-thumbnail-box\" >\n\t\t\t\t        <div class=\"ngg-gallery-thumbnail\">\n            <a href=\"http:\/\/www.spaziotorino.it\/scatto\/wp-content\/gallery\/2015_08_08_catala\/img_1788.jpg\"\n               title=\"\"\n               data-src=\"http:\/\/www.spaziotorino.it\/scatto\/wp-content\/gallery\/2015_08_08_catala\/img_1788.jpg\"\n               data-thumbnail=\"http:\/\/www.spaziotorino.it\/scatto\/wp-content\/gallery\/2015_08_08_catala\/thumbs\/thumbs_img_1788.jpg\"\n               data-image-id=\"15796\"\n               data-title=\"img_1788\"\n               data-description=\"\"\n               data-image-slug=\"img_1788\"\n               class=\"ngg-fancybox\" rel=\"68778e7f03e195a28f5ccff20280eb72\">\n                <img\n                    title=\"img_1788\"\n                    alt=\"img_1788\"\n                    src=\"http:\/\/www.spaziotorino.it\/scatto\/wp-content\/gallery\/2015_08_08_catala\/cache\/img_1788.jpg-nggid0515796-ngg0dyn-60x60x100-00f0w010c011r110f110r010t010.jpg\"\n                    width=\"60\"\n                    height=\"60\"\n                    style=\"max-width:100%;\"\n                \/>\n            <\/a>\n        <\/div>\n\t\t\t\t\t\t\t<\/div> \n\t\t\t\n        \n\t\t\n\t\t<!-- Pagination -->\n\t<div class='ngg-clear'><\/div>\t<\/div>\n\n<p>Si \u00e8 conclusa domenica 9 agosto con successo la prima edizione della festa internazionale della creativit\u00e0, che lega insieme attivit\u00e0 teatrali, di danza e di circo offerte da attori provenienti da tutto il mondo.<br \/>\nNel weekend conclusivo piazza San Carlo ha visto andare in scena la Festa Catalana. Torino, infatti, \u00e8 stata scelta come sede 2015 dell\u2019Aplec Internacional, la fantasmagorica Festa Catalana che per due giorni ha coinvolto  centinaia di partecipanti con le sue musiche, le sue danze, i tradizionali Castell (vere e proprie torri umane), i pupazzi giganti e l\u2019irrefrenabile, energica allegria di oltre 500 artisti in scena.<\/p>\n","protected":false},"excerpt":{"rendered":"<p>Si \u00e8 conclusa domenica 9 agosto con successo la prima edizione della festa internazionale della creativit\u00e0, che lega insieme attivit\u00e0 teatrali, di danza e di circo offerte da attori provenienti da tutto il mondo. Nel weekend conclusivo piazza San Carlo ha visto andare in scena la Festa Catalana. Torino, infatti, \u00e8 stata scelta come sede [&hellip;]<\/p>\n","protected":false},"author":1,"featured_media":0,"comment_status":"closed","ping_status":"open","sticky":false,"template":"","format":"standard","meta":{"ngg_post_thumbnail":0},"categories":[133,1],"tags":[2726,2727,2725,2720],"_links":{"self":[{"href":"http:\/\/www.spaziotorino.it\/scatto\/index.php?rest_route=\/wp\/v2\/posts\/4810"}],"collection":[{"href":"http:\/\/www.spaziotorino.it\/scatto\/index.php?rest_route=\/wp\/v2\/posts"}],"about":[{"href":"http:\/\/www.spaziotorino.it\/scatto\/index.php?rest_route=\/wp\/v2\/types\/post"}],"author":[{"embeddable":true,"href":"http:\/\/www.spaziotorino.it\/scatto\/index.php?rest_route=\/wp\/v2\/users\/1"}],"replies":[{"embeddable":true,"href":"http:\/\/www.spaziotorino.it\/scatto\/index.php?rest_route=%2Fwp%2Fv2%2Fcomments&post=4810"}],"version-history":[{"count":2,"href":"http:\/\/www.spaziotorino.it\/scatto\/index.php?rest_route=\/wp\/v2\/posts\/4810\/revisions"}],"predecessor-version":[{"id":4812,"href":"http:\/\/www.spaziotorino.it\/scatto\/index.php?rest_route=\/wp\/v2\/posts\/4810\/revisions\/4812"}],"wp:attachment":[{"href":"http:\/\/www.spaziotorino.it\/scatto\/index.php?rest_route=%2Fwp%2Fv2%2Fmedia&parent=4810"}],"wp:term":[{"taxonomy":"category","embeddable":true,"href":"http:\/\/www.spaziotorino.it\/scatto\/index.php?rest_route=%2Fwp%2Fv2%2Fcategories&post=4810"},{"taxonomy":"post_tag","embeddable":true,"href":"http:\/\/www.spaziotorino.it\/scatto\/index.php?rest_route=%2Fwp%2Fv2%2Ftags&post=4810"}],"curies":[{"name":"wp","href":"https:\/\/api.w.org\/{rel}","templated":true}]}}