{"id":48717,"date":"2024-01-12T16:11:01","date_gmt":"2024-01-12T15:11:01","guid":{"rendered":"http:\/\/www.spaziotorino.it\/scatto\/?p=48717"},"modified":"2024-01-12T16:11:01","modified_gmt":"2024-01-12T15:11:01","slug":"riapre-al-pubblico-il-museo-regionale-di-scienze-naturali","status":"publish","type":"post","link":"http:\/\/www.spaziotorino.it\/scatto\/?p=48717","title":{"rendered":"Riapre al pubblico il Museo Regionale di Scienze Naturali"},"content":{"rendered":"<p><a class=\"ngg-fancybox\" title=\"Riapre al pubblico il Museo Regionale di Scienze Naturali\" href=\"http:\/\/www.spaziotorino.it\/scatto\/wp-content\/gallery\/2024_01_12_mrsn\/PLA_9589.jpg\" rel=\"lightbox[set_2115]\"><br \/>\n<img decoding=\"async\" loading=\"lazy\" class=\"ngg-singlepic\" title=\"Riapre al pubblico il Museo Regionale di Scienze Naturali\" src=\"http:\/\/www.spaziotorino.it\/scatto\/wp-content\/gallery\/2024_01_12_mrsn\/PLA_9589.jpg\" alt=\"\" width=\"540\" height=\"360\"\/><\/a><\/p>\n<!-- index.php -->\n<div\n\tclass=\"ngg-galleryoverview ngg-ajax-pagination-none\"\n\tid=\"ngg-gallery-3e61c157987a45dc88994114d986f2e6-1\">\n\n    \t\t<!-- Thumbnails -->\n\t\t\t\t<div id=\"ngg-image-0\" class=\"ngg-gallery-thumbnail-box\" >\n\t\t\t\t        <div class=\"ngg-gallery-thumbnail\">\n            <a href=\"http:\/\/www.spaziotorino.it\/scatto\/wp-content\/gallery\/2024_01_12_mrsn\/PLA_9671.jpg\"\n               title=\"Riapre al pubblico il Museo Regionale di Scienze Naturali\"\n               data-src=\"http:\/\/www.spaziotorino.it\/scatto\/wp-content\/gallery\/2024_01_12_mrsn\/PLA_9671.jpg\"\n               data-thumbnail=\"http:\/\/www.spaziotorino.it\/scatto\/wp-content\/gallery\/2024_01_12_mrsn\/thumbs\/thumbs_PLA_9671.jpg\"\n               data-image-id=\"31586\"\n               data-title=\"Riapre al pubblico il Museo Regionale di Scienze Naturali\"\n               data-description=\"Riapre al pubblico il Museo Regionale di Scienze Naturali\"\n               data-image-slug=\"pla_9671-1\"\n               class=\"ngg-fancybox\" rel=\"3e61c157987a45dc88994114d986f2e6\">\n                <img\n                    title=\"Riapre al pubblico il Museo Regionale di Scienze Naturali\"\n                    alt=\"Riapre al pubblico il Museo Regionale di Scienze Naturali\"\n                    src=\"http:\/\/www.spaziotorino.it\/scatto\/wp-content\/gallery\/2024_01_12_mrsn\/cache\/PLA_9671.jpg-nggid0531586-ngg0dyn-60x60x100-00f0w010c011r110f110r010t010.jpg\"\n                    width=\"60\"\n                    height=\"60\"\n                    style=\"max-width:100%;\"\n                \/>\n            <\/a>\n        <\/div>\n\t\t\t\t\t\t\t<\/div> \n\t\t\t\n        \n\t\t\t\t<div id=\"ngg-image-1\" class=\"ngg-gallery-thumbnail-box\" >\n\t\t\t\t        <div class=\"ngg-gallery-thumbnail\">\n            <a href=\"http:\/\/www.spaziotorino.it\/scatto\/wp-content\/gallery\/2024_01_12_mrsn\/PLA_9663.jpg\"\n               title=\"Riapre al pubblico il Museo Regionale di Scienze Naturali\"\n               data-src=\"http:\/\/www.spaziotorino.it\/scatto\/wp-content\/gallery\/2024_01_12_mrsn\/PLA_9663.jpg\"\n               data-thumbnail=\"http:\/\/www.spaziotorino.it\/scatto\/wp-content\/gallery\/2024_01_12_mrsn\/thumbs\/thumbs_PLA_9663.jpg\"\n               data-image-id=\"31583\"\n               data-title=\"Riapre al pubblico il Museo Regionale di Scienze Naturali\"\n               data-description=\"Riapre al pubblico il Museo Regionale di Scienze Naturali\"\n               data-image-slug=\"pla_9663\"\n               class=\"ngg-fancybox\" rel=\"3e61c157987a45dc88994114d986f2e6\">\n                <img\n                    title=\"Riapre al pubblico il Museo Regionale di Scienze Naturali\"\n                    alt=\"Riapre al pubblico il Museo Regionale di Scienze Naturali\"\n                    src=\"http:\/\/www.spaziotorino.it\/scatto\/wp-content\/gallery\/2024_01_12_mrsn\/cache\/PLA_9663.jpg-nggid0531583-ngg0dyn-60x60x100-00f0w010c011r110f110r010t010.jpg\"\n                    width=\"60\"\n                    height=\"60\"\n                    style=\"max-width:100%;\"\n                \/>\n            <\/a>\n        <\/div>\n\t\t\t\t\t\t\t<\/div> \n\t\t\t\n        \n\t\t\t\t<div id=\"ngg-image-2\" class=\"ngg-gallery-thumbnail-box\" >\n\t\t\t\t        <div class=\"ngg-gallery-thumbnail\">\n            <a href=\"http:\/\/www.spaziotorino.it\/scatto\/wp-content\/gallery\/2024_01_12_mrsn\/PLA_9669.jpg\"\n               title=\"Riapre al pubblico il Museo Regionale di Scienze Naturali\"\n               data-src=\"http:\/\/www.spaziotorino.it\/scatto\/wp-content\/gallery\/2024_01_12_mrsn\/PLA_9669.jpg\"\n               data-thumbnail=\"http:\/\/www.spaziotorino.it\/scatto\/wp-content\/gallery\/2024_01_12_mrsn\/thumbs\/thumbs_PLA_9669.jpg\"\n               data-image-id=\"31587\"\n               data-title=\"Riapre al pubblico il Museo Regionale di Scienze Naturali\"\n               data-description=\"Riapre al pubblico il Museo Regionale di Scienze Naturali\"\n               data-image-slug=\"pla_9669-2\"\n               class=\"ngg-fancybox\" rel=\"3e61c157987a45dc88994114d986f2e6\">\n                <img\n                    title=\"Riapre al pubblico il Museo Regionale di Scienze Naturali\"\n                    alt=\"Riapre al pubblico il Museo Regionale di Scienze Naturali\"\n                    src=\"http:\/\/www.spaziotorino.it\/scatto\/wp-content\/gallery\/2024_01_12_mrsn\/cache\/PLA_9669.jpg-nggid0531587-ngg0dyn-60x60x100-00f0w010c011r110f110r010t010.jpg\"\n                    width=\"60\"\n                    height=\"60\"\n                    style=\"max-width:100%;\"\n                \/>\n            <\/a>\n        <\/div>\n\t\t\t\t\t\t\t<\/div> \n\t\t\t\n        \n\t\t\t\t<div id=\"ngg-image-3\" class=\"ngg-gallery-thumbnail-box\" >\n\t\t\t\t        <div class=\"ngg-gallery-thumbnail\">\n            <a href=\"http:\/\/www.spaziotorino.it\/scatto\/wp-content\/gallery\/2024_01_12_mrsn\/PLA_9666.jpg\"\n               title=\"Riapre al pubblico il Museo Regionale di Scienze Naturali\"\n               data-src=\"http:\/\/www.spaziotorino.it\/scatto\/wp-content\/gallery\/2024_01_12_mrsn\/PLA_9666.jpg\"\n               data-thumbnail=\"http:\/\/www.spaziotorino.it\/scatto\/wp-content\/gallery\/2024_01_12_mrsn\/thumbs\/thumbs_PLA_9666.jpg\"\n               data-image-id=\"31585\"\n               data-title=\"Riapre al pubblico il Museo Regionale di Scienze Naturali\"\n               data-description=\"Riapre al pubblico il Museo Regionale di Scienze Naturali\"\n               data-image-slug=\"pla_9666-3\"\n               class=\"ngg-fancybox\" rel=\"3e61c157987a45dc88994114d986f2e6\">\n                <img\n                    title=\"Riapre al pubblico il Museo Regionale di Scienze Naturali\"\n                    alt=\"Riapre al pubblico il Museo Regionale di Scienze Naturali\"\n                    src=\"http:\/\/www.spaziotorino.it\/scatto\/wp-content\/gallery\/2024_01_12_mrsn\/cache\/PLA_9666.jpg-nggid0531585-ngg0dyn-60x60x100-00f0w010c011r110f110r010t010.jpg\"\n                    width=\"60\"\n                    height=\"60\"\n                    style=\"max-width:100%;\"\n                \/>\n            <\/a>\n        <\/div>\n\t\t\t\t\t\t\t<\/div> \n\t\t\t\n        \n\t\t\t\t<div id=\"ngg-image-4\" class=\"ngg-gallery-thumbnail-box\" >\n\t\t\t\t        <div class=\"ngg-gallery-thumbnail\">\n            <a href=\"http:\/\/www.spaziotorino.it\/scatto\/wp-content\/gallery\/2024_01_12_mrsn\/PLA_9597.jpg\"\n               title=\"Riapre al pubblico il Museo Regionale di Scienze Naturali\"\n               data-src=\"http:\/\/www.spaziotorino.it\/scatto\/wp-content\/gallery\/2024_01_12_mrsn\/PLA_9597.jpg\"\n               data-thumbnail=\"http:\/\/www.spaziotorino.it\/scatto\/wp-content\/gallery\/2024_01_12_mrsn\/thumbs\/thumbs_PLA_9597.jpg\"\n               data-image-id=\"31567\"\n               data-title=\"Riapre al pubblico il Museo Regionale di Scienze Naturali\"\n               data-description=\"Riapre al pubblico il Museo Regionale di Scienze Naturali\"\n               data-image-slug=\"pla_9597-1\"\n               class=\"ngg-fancybox\" rel=\"3e61c157987a45dc88994114d986f2e6\">\n                <img\n                    title=\"Riapre al pubblico il Museo Regionale di Scienze Naturali\"\n                    alt=\"Riapre al pubblico il Museo Regionale di Scienze Naturali\"\n                    src=\"http:\/\/www.spaziotorino.it\/scatto\/wp-content\/gallery\/2024_01_12_mrsn\/cache\/PLA_9597.jpg-nggid0531567-ngg0dyn-60x60x100-00f0w010c011r110f110r010t010.jpg\"\n                    width=\"60\"\n                    height=\"60\"\n                    style=\"max-width:100%;\"\n                \/>\n            <\/a>\n        <\/div>\n\t\t\t\t\t\t\t<\/div> \n\t\t\t\n        \n\t\t\t\t<div id=\"ngg-image-5\" class=\"ngg-gallery-thumbnail-box\" >\n\t\t\t\t        <div class=\"ngg-gallery-thumbnail\">\n            <a href=\"http:\/\/www.spaziotorino.it\/scatto\/wp-content\/gallery\/2024_01_12_mrsn\/PLA_9604.jpg\"\n               title=\"Riapre al pubblico il Museo Regionale di Scienze Naturali\"\n               data-src=\"http:\/\/www.spaziotorino.it\/scatto\/wp-content\/gallery\/2024_01_12_mrsn\/PLA_9604.jpg\"\n               data-thumbnail=\"http:\/\/www.spaziotorino.it\/scatto\/wp-content\/gallery\/2024_01_12_mrsn\/thumbs\/thumbs_PLA_9604.jpg\"\n               data-image-id=\"31568\"\n               data-title=\"Riapre al pubblico il Museo Regionale di Scienze Naturali\"\n               data-description=\"Riapre al pubblico il Museo Regionale di Scienze Naturali\"\n               data-image-slug=\"pla_9604-1\"\n               class=\"ngg-fancybox\" rel=\"3e61c157987a45dc88994114d986f2e6\">\n                <img\n                    title=\"Riapre al pubblico il Museo Regionale di Scienze Naturali\"\n                    alt=\"Riapre al pubblico il Museo Regionale di Scienze Naturali\"\n                    src=\"http:\/\/www.spaziotorino.it\/scatto\/wp-content\/gallery\/2024_01_12_mrsn\/cache\/PLA_9604.jpg-nggid0531568-ngg0dyn-60x60x100-00f0w010c011r110f110r010t010.jpg\"\n                    width=\"60\"\n                    height=\"60\"\n                    style=\"max-width:100%;\"\n                \/>\n            <\/a>\n        <\/div>\n\t\t\t\t\t\t\t<\/div> \n\t\t\t\n        \n\t\t\t\t<div id=\"ngg-image-6\" class=\"ngg-gallery-thumbnail-box\" >\n\t\t\t\t        <div class=\"ngg-gallery-thumbnail\">\n            <a href=\"http:\/\/www.spaziotorino.it\/scatto\/wp-content\/gallery\/2024_01_12_mrsn\/PLA_9601.jpg\"\n               title=\"Riapre al pubblico il Museo Regionale di Scienze Naturali\"\n               data-src=\"http:\/\/www.spaziotorino.it\/scatto\/wp-content\/gallery\/2024_01_12_mrsn\/PLA_9601.jpg\"\n               data-thumbnail=\"http:\/\/www.spaziotorino.it\/scatto\/wp-content\/gallery\/2024_01_12_mrsn\/thumbs\/thumbs_PLA_9601.jpg\"\n               data-image-id=\"31569\"\n               data-title=\"Riapre al pubblico il Museo Regionale di Scienze Naturali\"\n               data-description=\"Riapre al pubblico il Museo Regionale di Scienze Naturali\"\n               data-image-slug=\"pla_9601-1\"\n               class=\"ngg-fancybox\" rel=\"3e61c157987a45dc88994114d986f2e6\">\n                <img\n                    title=\"Riapre al pubblico il Museo Regionale di Scienze Naturali\"\n                    alt=\"Riapre al pubblico il Museo Regionale di Scienze Naturali\"\n                    src=\"http:\/\/www.spaziotorino.it\/scatto\/wp-content\/gallery\/2024_01_12_mrsn\/cache\/PLA_9601.jpg-nggid0531569-ngg0dyn-60x60x100-00f0w010c011r110f110r010t010.jpg\"\n                    width=\"60\"\n                    height=\"60\"\n                    style=\"max-width:100%;\"\n                \/>\n            <\/a>\n        <\/div>\n\t\t\t\t\t\t\t<\/div> \n\t\t\t\n        \n\t\t\t\t<div id=\"ngg-image-7\" class=\"ngg-gallery-thumbnail-box\" >\n\t\t\t\t        <div class=\"ngg-gallery-thumbnail\">\n            <a href=\"http:\/\/www.spaziotorino.it\/scatto\/wp-content\/gallery\/2024_01_12_mrsn\/PLA_9581.jpg\"\n               title=\"Riapre al pubblico il Museo Regionale di Scienze Naturali\"\n               data-src=\"http:\/\/www.spaziotorino.it\/scatto\/wp-content\/gallery\/2024_01_12_mrsn\/PLA_9581.jpg\"\n               data-thumbnail=\"http:\/\/www.spaziotorino.it\/scatto\/wp-content\/gallery\/2024_01_12_mrsn\/thumbs\/thumbs_PLA_9581.jpg\"\n               data-image-id=\"31571\"\n               data-title=\"Riapre al pubblico il Museo Regionale di Scienze Naturali\"\n               data-description=\"Riapre al pubblico il Museo Regionale di Scienze Naturali\"\n               data-image-slug=\"pla_9581\"\n               class=\"ngg-fancybox\" rel=\"3e61c157987a45dc88994114d986f2e6\">\n                <img\n                    title=\"Riapre al pubblico il Museo Regionale di Scienze Naturali\"\n                    alt=\"Riapre al pubblico il Museo Regionale di Scienze Naturali\"\n                    src=\"http:\/\/www.spaziotorino.it\/scatto\/wp-content\/gallery\/2024_01_12_mrsn\/cache\/PLA_9581.jpg-nggid0531571-ngg0dyn-60x60x100-00f0w010c011r110f110r010t010.jpg\"\n                    width=\"60\"\n                    height=\"60\"\n                    style=\"max-width:100%;\"\n                \/>\n            <\/a>\n        <\/div>\n\t\t\t\t\t\t\t<\/div> \n\t\t\t\n        \n\t\t\t\t<div id=\"ngg-image-8\" class=\"ngg-gallery-thumbnail-box\" >\n\t\t\t\t        <div class=\"ngg-gallery-thumbnail\">\n            <a href=\"http:\/\/www.spaziotorino.it\/scatto\/wp-content\/gallery\/2024_01_12_mrsn\/PLA_9591.jpg\"\n               title=\"Riapre al pubblico il Museo Regionale di Scienze Naturali\"\n               data-src=\"http:\/\/www.spaziotorino.it\/scatto\/wp-content\/gallery\/2024_01_12_mrsn\/PLA_9591.jpg\"\n               data-thumbnail=\"http:\/\/www.spaziotorino.it\/scatto\/wp-content\/gallery\/2024_01_12_mrsn\/thumbs\/thumbs_PLA_9591.jpg\"\n               data-image-id=\"31570\"\n               data-title=\"Riapre al pubblico il Museo Regionale di Scienze Naturali\"\n               data-description=\"Riapre al pubblico il Museo Regionale di Scienze Naturali\"\n               data-image-slug=\"pla_9591\"\n               class=\"ngg-fancybox\" rel=\"3e61c157987a45dc88994114d986f2e6\">\n                <img\n                    title=\"Riapre al pubblico il Museo Regionale di Scienze Naturali\"\n                    alt=\"Riapre al pubblico il Museo Regionale di Scienze Naturali\"\n                    src=\"http:\/\/www.spaziotorino.it\/scatto\/wp-content\/gallery\/2024_01_12_mrsn\/cache\/PLA_9591.jpg-nggid0531570-ngg0dyn-60x60x100-00f0w010c011r110f110r010t010.jpg\"\n                    width=\"60\"\n                    height=\"60\"\n                    style=\"max-width:100%;\"\n                \/>\n            <\/a>\n        <\/div>\n\t\t\t\t\t\t\t<\/div> \n\t\t\t\n        \n\t\t\t\t<div id=\"ngg-image-9\" class=\"ngg-gallery-thumbnail-box\" >\n\t\t\t\t        <div class=\"ngg-gallery-thumbnail\">\n            <a href=\"http:\/\/www.spaziotorino.it\/scatto\/wp-content\/gallery\/2024_01_12_mrsn\/PLA_9607.jpg\"\n               title=\"Riapre al pubblico il Museo Regionale di Scienze Naturali\"\n               data-src=\"http:\/\/www.spaziotorino.it\/scatto\/wp-content\/gallery\/2024_01_12_mrsn\/PLA_9607.jpg\"\n               data-thumbnail=\"http:\/\/www.spaziotorino.it\/scatto\/wp-content\/gallery\/2024_01_12_mrsn\/thumbs\/thumbs_PLA_9607.jpg\"\n               data-image-id=\"31573\"\n               data-title=\"Riapre al pubblico il Museo Regionale di Scienze Naturali\"\n               data-description=\"Riapre al pubblico il Museo Regionale di Scienze Naturali\"\n               data-image-slug=\"pla_9607\"\n               class=\"ngg-fancybox\" rel=\"3e61c157987a45dc88994114d986f2e6\">\n                <img\n                    title=\"Riapre al pubblico il Museo Regionale di Scienze Naturali\"\n                    alt=\"Riapre al pubblico il Museo Regionale di Scienze Naturali\"\n                    src=\"http:\/\/www.spaziotorino.it\/scatto\/wp-content\/gallery\/2024_01_12_mrsn\/cache\/PLA_9607.jpg-nggid0531573-ngg0dyn-60x60x100-00f0w010c011r110f110r010t010.jpg\"\n                    width=\"60\"\n                    height=\"60\"\n                    style=\"max-width:100%;\"\n                \/>\n            <\/a>\n        <\/div>\n\t\t\t\t\t\t\t<\/div> \n\t\t\t\n        \n\t\t\t\t<div id=\"ngg-image-10\" class=\"ngg-gallery-thumbnail-box\" >\n\t\t\t\t        <div class=\"ngg-gallery-thumbnail\">\n            <a href=\"http:\/\/www.spaziotorino.it\/scatto\/wp-content\/gallery\/2024_01_12_mrsn\/PLA_9617.jpg\"\n               title=\"Riapre al pubblico il Museo Regionale di Scienze Naturali\"\n               data-src=\"http:\/\/www.spaziotorino.it\/scatto\/wp-content\/gallery\/2024_01_12_mrsn\/PLA_9617.jpg\"\n               data-thumbnail=\"http:\/\/www.spaziotorino.it\/scatto\/wp-content\/gallery\/2024_01_12_mrsn\/thumbs\/thumbs_PLA_9617.jpg\"\n               data-image-id=\"31574\"\n               data-title=\"Riapre al pubblico il Museo Regionale di Scienze Naturali\"\n               data-description=\"Riapre al pubblico il Museo Regionale di Scienze Naturali\"\n               data-image-slug=\"pla_9617-1\"\n               class=\"ngg-fancybox\" rel=\"3e61c157987a45dc88994114d986f2e6\">\n                <img\n                    title=\"Riapre al pubblico il Museo Regionale di Scienze Naturali\"\n                    alt=\"Riapre al pubblico il Museo Regionale di Scienze Naturali\"\n                    src=\"http:\/\/www.spaziotorino.it\/scatto\/wp-content\/gallery\/2024_01_12_mrsn\/cache\/PLA_9617.jpg-nggid0531574-ngg0dyn-60x60x100-00f0w010c011r110f110r010t010.jpg\"\n                    width=\"60\"\n                    height=\"60\"\n                    style=\"max-width:100%;\"\n                \/>\n            <\/a>\n        <\/div>\n\t\t\t\t\t\t\t<\/div> \n\t\t\t\n        \n\t\t\t\t<div id=\"ngg-image-11\" class=\"ngg-gallery-thumbnail-box\" >\n\t\t\t\t        <div class=\"ngg-gallery-thumbnail\">\n            <a href=\"http:\/\/www.spaziotorino.it\/scatto\/wp-content\/gallery\/2024_01_12_mrsn\/PLA_9628.jpg\"\n               title=\"Riapre al pubblico il Museo Regionale di Scienze Naturali\"\n               data-src=\"http:\/\/www.spaziotorino.it\/scatto\/wp-content\/gallery\/2024_01_12_mrsn\/PLA_9628.jpg\"\n               data-thumbnail=\"http:\/\/www.spaziotorino.it\/scatto\/wp-content\/gallery\/2024_01_12_mrsn\/thumbs\/thumbs_PLA_9628.jpg\"\n               data-image-id=\"31575\"\n               data-title=\"Riapre al pubblico il Museo Regionale di Scienze Naturali\"\n               data-description=\"Riapre al pubblico il Museo Regionale di Scienze Naturali\"\n               data-image-slug=\"pla_9628-2\"\n               class=\"ngg-fancybox\" rel=\"3e61c157987a45dc88994114d986f2e6\">\n                <img\n                    title=\"Riapre al pubblico il Museo Regionale di Scienze Naturali\"\n                    alt=\"Riapre al pubblico il Museo Regionale di Scienze Naturali\"\n                    src=\"http:\/\/www.spaziotorino.it\/scatto\/wp-content\/gallery\/2024_01_12_mrsn\/cache\/PLA_9628.jpg-nggid0531575-ngg0dyn-60x60x100-00f0w010c011r110f110r010t010.jpg\"\n                    width=\"60\"\n                    height=\"60\"\n                    style=\"max-width:100%;\"\n                \/>\n            <\/a>\n        <\/div>\n\t\t\t\t\t\t\t<\/div> \n\t\t\t\n        \n\t\t\t\t<div id=\"ngg-image-12\" class=\"ngg-gallery-thumbnail-box\" >\n\t\t\t\t        <div class=\"ngg-gallery-thumbnail\">\n            <a href=\"http:\/\/www.spaziotorino.it\/scatto\/wp-content\/gallery\/2024_01_12_mrsn\/PLA_9624.jpg\"\n               title=\"Riapre al pubblico il Museo Regionale di Scienze Naturali\"\n               data-src=\"http:\/\/www.spaziotorino.it\/scatto\/wp-content\/gallery\/2024_01_12_mrsn\/PLA_9624.jpg\"\n               data-thumbnail=\"http:\/\/www.spaziotorino.it\/scatto\/wp-content\/gallery\/2024_01_12_mrsn\/thumbs\/thumbs_PLA_9624.jpg\"\n               data-image-id=\"31576\"\n               data-title=\"Riapre al pubblico il Museo Regionale di Scienze Naturali\"\n               data-description=\"Riapre al pubblico il Museo Regionale di Scienze Naturali\"\n               data-image-slug=\"pla_9624\"\n               class=\"ngg-fancybox\" rel=\"3e61c157987a45dc88994114d986f2e6\">\n                <img\n                    title=\"Riapre al pubblico il Museo Regionale di Scienze Naturali\"\n                    alt=\"Riapre al pubblico il Museo Regionale di Scienze Naturali\"\n                    src=\"http:\/\/www.spaziotorino.it\/scatto\/wp-content\/gallery\/2024_01_12_mrsn\/cache\/PLA_9624.jpg-nggid0531576-ngg0dyn-60x60x100-00f0w010c011r110f110r010t010.jpg\"\n                    width=\"60\"\n                    height=\"60\"\n                    style=\"max-width:100%;\"\n                \/>\n            <\/a>\n        <\/div>\n\t\t\t\t\t\t\t<\/div> \n\t\t\t\n        \n\t\t\t\t<div id=\"ngg-image-13\" class=\"ngg-gallery-thumbnail-box\" >\n\t\t\t\t        <div class=\"ngg-gallery-thumbnail\">\n            <a href=\"http:\/\/www.spaziotorino.it\/scatto\/wp-content\/gallery\/2024_01_12_mrsn\/PLA_9621.jpg\"\n               title=\"Riapre al pubblico il Museo Regionale di Scienze Naturali\"\n               data-src=\"http:\/\/www.spaziotorino.it\/scatto\/wp-content\/gallery\/2024_01_12_mrsn\/PLA_9621.jpg\"\n               data-thumbnail=\"http:\/\/www.spaziotorino.it\/scatto\/wp-content\/gallery\/2024_01_12_mrsn\/thumbs\/thumbs_PLA_9621.jpg\"\n               data-image-id=\"31577\"\n               data-title=\"Riapre al pubblico il Museo Regionale di Scienze Naturali\"\n               data-description=\"Riapre al pubblico il Museo Regionale di Scienze Naturali\"\n               data-image-slug=\"pla_9621-2\"\n               class=\"ngg-fancybox\" rel=\"3e61c157987a45dc88994114d986f2e6\">\n                <img\n                    title=\"Riapre al pubblico il Museo Regionale di Scienze Naturali\"\n                    alt=\"Riapre al pubblico il Museo Regionale di Scienze Naturali\"\n                    src=\"http:\/\/www.spaziotorino.it\/scatto\/wp-content\/gallery\/2024_01_12_mrsn\/cache\/PLA_9621.jpg-nggid0531577-ngg0dyn-60x60x100-00f0w010c011r110f110r010t010.jpg\"\n                    width=\"60\"\n                    height=\"60\"\n                    style=\"max-width:100%;\"\n                \/>\n            <\/a>\n        <\/div>\n\t\t\t\t\t\t\t<\/div> \n\t\t\t\n        \n\t\t\t\t<div id=\"ngg-image-14\" class=\"ngg-gallery-thumbnail-box\" >\n\t\t\t\t        <div class=\"ngg-gallery-thumbnail\">\n            <a href=\"http:\/\/www.spaziotorino.it\/scatto\/wp-content\/gallery\/2024_01_12_mrsn\/PLA_9618.jpg\"\n               title=\"Riapre al pubblico il Museo Regionale di Scienze Naturali\"\n               data-src=\"http:\/\/www.spaziotorino.it\/scatto\/wp-content\/gallery\/2024_01_12_mrsn\/PLA_9618.jpg\"\n               data-thumbnail=\"http:\/\/www.spaziotorino.it\/scatto\/wp-content\/gallery\/2024_01_12_mrsn\/thumbs\/thumbs_PLA_9618.jpg\"\n               data-image-id=\"31578\"\n               data-title=\"Riapre al pubblico il Museo Regionale di Scienze Naturali\"\n               data-description=\"Riapre al pubblico il Museo Regionale di Scienze Naturali\"\n               data-image-slug=\"pla_9618\"\n               class=\"ngg-fancybox\" rel=\"3e61c157987a45dc88994114d986f2e6\">\n                <img\n                    title=\"Riapre al pubblico il Museo Regionale di Scienze Naturali\"\n                    alt=\"Riapre al pubblico il Museo Regionale di Scienze Naturali\"\n                    src=\"http:\/\/www.spaziotorino.it\/scatto\/wp-content\/gallery\/2024_01_12_mrsn\/cache\/PLA_9618.jpg-nggid0531578-ngg0dyn-60x60x100-00f0w010c011r110f110r010t010.jpg\"\n                    width=\"60\"\n                    height=\"60\"\n                    style=\"max-width:100%;\"\n                \/>\n            <\/a>\n        <\/div>\n\t\t\t\t\t\t\t<\/div> \n\t\t\t\n        \n\t\t\t\t<div id=\"ngg-image-15\" class=\"ngg-gallery-thumbnail-box\" >\n\t\t\t\t        <div class=\"ngg-gallery-thumbnail\">\n            <a href=\"http:\/\/www.spaziotorino.it\/scatto\/wp-content\/gallery\/2024_01_12_mrsn\/PLA_9630.jpg\"\n               title=\"Riapre al pubblico il Museo Regionale di Scienze Naturali\"\n               data-src=\"http:\/\/www.spaziotorino.it\/scatto\/wp-content\/gallery\/2024_01_12_mrsn\/PLA_9630.jpg\"\n               data-thumbnail=\"http:\/\/www.spaziotorino.it\/scatto\/wp-content\/gallery\/2024_01_12_mrsn\/thumbs\/thumbs_PLA_9630.jpg\"\n               data-image-id=\"31579\"\n               data-title=\"Riapre al pubblico il Museo Regionale di Scienze Naturali\"\n               data-description=\"Riapre al pubblico il Museo Regionale di Scienze Naturali\"\n               data-image-slug=\"pla_9630\"\n               class=\"ngg-fancybox\" rel=\"3e61c157987a45dc88994114d986f2e6\">\n                <img\n                    title=\"Riapre al pubblico il Museo Regionale di Scienze Naturali\"\n                    alt=\"Riapre al pubblico il Museo Regionale di Scienze Naturali\"\n                    src=\"http:\/\/www.spaziotorino.it\/scatto\/wp-content\/gallery\/2024_01_12_mrsn\/cache\/PLA_9630.jpg-nggid0531579-ngg0dyn-60x60x100-00f0w010c011r110f110r010t010.jpg\"\n                    width=\"60\"\n                    height=\"60\"\n                    style=\"max-width:100%;\"\n                \/>\n            <\/a>\n        <\/div>\n\t\t\t\t\t\t\t<\/div> \n\t\t\t\n        \n\t\t\t\t<div id=\"ngg-image-16\" class=\"ngg-gallery-thumbnail-box\" >\n\t\t\t\t        <div class=\"ngg-gallery-thumbnail\">\n            <a href=\"http:\/\/www.spaziotorino.it\/scatto\/wp-content\/gallery\/2024_01_12_mrsn\/PLA_9634.jpg\"\n               title=\"Riapre al pubblico il Museo Regionale di Scienze Naturali\"\n               data-src=\"http:\/\/www.spaziotorino.it\/scatto\/wp-content\/gallery\/2024_01_12_mrsn\/PLA_9634.jpg\"\n               data-thumbnail=\"http:\/\/www.spaziotorino.it\/scatto\/wp-content\/gallery\/2024_01_12_mrsn\/thumbs\/thumbs_PLA_9634.jpg\"\n               data-image-id=\"31580\"\n               data-title=\"Riapre al pubblico il Museo Regionale di Scienze Naturali\"\n               data-description=\"Riapre al pubblico il Museo Regionale di Scienze Naturali\"\n               data-image-slug=\"pla_9634\"\n               class=\"ngg-fancybox\" rel=\"3e61c157987a45dc88994114d986f2e6\">\n                <img\n                    title=\"Riapre al pubblico il Museo Regionale di Scienze Naturali\"\n                    alt=\"Riapre al pubblico il Museo Regionale di Scienze Naturali\"\n                    src=\"http:\/\/www.spaziotorino.it\/scatto\/wp-content\/gallery\/2024_01_12_mrsn\/cache\/PLA_9634.jpg-nggid0531580-ngg0dyn-60x60x100-00f0w010c011r110f110r010t010.jpg\"\n                    width=\"60\"\n                    height=\"60\"\n                    style=\"max-width:100%;\"\n                \/>\n            <\/a>\n        <\/div>\n\t\t\t\t\t\t\t<\/div> \n\t\t\t\n        \n\t\t\t\t<div id=\"ngg-image-17\" class=\"ngg-gallery-thumbnail-box\" >\n\t\t\t\t        <div class=\"ngg-gallery-thumbnail\">\n            <a href=\"http:\/\/www.spaziotorino.it\/scatto\/wp-content\/gallery\/2024_01_12_mrsn\/PLA_9638.jpg\"\n               title=\"Riapre al pubblico il Museo Regionale di Scienze Naturali\"\n               data-src=\"http:\/\/www.spaziotorino.it\/scatto\/wp-content\/gallery\/2024_01_12_mrsn\/PLA_9638.jpg\"\n               data-thumbnail=\"http:\/\/www.spaziotorino.it\/scatto\/wp-content\/gallery\/2024_01_12_mrsn\/thumbs\/thumbs_PLA_9638.jpg\"\n               data-image-id=\"31581\"\n               data-title=\"Riapre al pubblico il Museo Regionale di Scienze Naturali\"\n               data-description=\"Riapre al pubblico il Museo Regionale di Scienze Naturali\"\n               data-image-slug=\"pla_9638\"\n               class=\"ngg-fancybox\" rel=\"3e61c157987a45dc88994114d986f2e6\">\n                <img\n                    title=\"Riapre al pubblico il Museo Regionale di Scienze Naturali\"\n                    alt=\"Riapre al pubblico il Museo Regionale di Scienze Naturali\"\n                    src=\"http:\/\/www.spaziotorino.it\/scatto\/wp-content\/gallery\/2024_01_12_mrsn\/cache\/PLA_9638.jpg-nggid0531581-ngg0dyn-60x60x100-00f0w010c011r110f110r010t010.jpg\"\n                    width=\"60\"\n                    height=\"60\"\n                    style=\"max-width:100%;\"\n                \/>\n            <\/a>\n        <\/div>\n\t\t\t\t\t\t\t<\/div> \n\t\t\t\n        \n\t\t\t\t<div id=\"ngg-image-18\" class=\"ngg-gallery-thumbnail-box\" >\n\t\t\t\t        <div class=\"ngg-gallery-thumbnail\">\n            <a href=\"http:\/\/www.spaziotorino.it\/scatto\/wp-content\/gallery\/2024_01_12_mrsn\/PLA_9643.jpg\"\n               title=\"Riapre al pubblico il Museo Regionale di Scienze Naturali\"\n               data-src=\"http:\/\/www.spaziotorino.it\/scatto\/wp-content\/gallery\/2024_01_12_mrsn\/PLA_9643.jpg\"\n               data-thumbnail=\"http:\/\/www.spaziotorino.it\/scatto\/wp-content\/gallery\/2024_01_12_mrsn\/thumbs\/thumbs_PLA_9643.jpg\"\n               data-image-id=\"31582\"\n               data-title=\"Riapre al pubblico il Museo Regionale di Scienze Naturali\"\n               data-description=\"Riapre al pubblico il Museo Regionale di Scienze Naturali\"\n               data-image-slug=\"pla_9643\"\n               class=\"ngg-fancybox\" rel=\"3e61c157987a45dc88994114d986f2e6\">\n                <img\n                    title=\"Riapre al pubblico il Museo Regionale di Scienze Naturali\"\n                    alt=\"Riapre al pubblico il Museo Regionale di Scienze Naturali\"\n                    src=\"http:\/\/www.spaziotorino.it\/scatto\/wp-content\/gallery\/2024_01_12_mrsn\/cache\/PLA_9643.jpg-nggid0531582-ngg0dyn-60x60x100-00f0w010c011r110f110r010t010.jpg\"\n                    width=\"60\"\n                    height=\"60\"\n                    style=\"max-width:100%;\"\n                \/>\n            <\/a>\n        <\/div>\n\t\t\t\t\t\t\t<\/div> \n\t\t\t\n        \n\t\t\t\t<div id=\"ngg-image-19\" class=\"ngg-gallery-thumbnail-box\" >\n\t\t\t\t        <div class=\"ngg-gallery-thumbnail\">\n            <a href=\"http:\/\/www.spaziotorino.it\/scatto\/wp-content\/gallery\/2024_01_12_mrsn\/PLA_9651.jpg\"\n               title=\"Riapre al pubblico il Museo Regionale di Scienze Naturali\"\n               data-src=\"http:\/\/www.spaziotorino.it\/scatto\/wp-content\/gallery\/2024_01_12_mrsn\/PLA_9651.jpg\"\n               data-thumbnail=\"http:\/\/www.spaziotorino.it\/scatto\/wp-content\/gallery\/2024_01_12_mrsn\/thumbs\/thumbs_PLA_9651.jpg\"\n               data-image-id=\"31584\"\n               data-title=\"Riapre al pubblico il Museo Regionale di Scienze Naturali\"\n               data-description=\"Riapre al pubblico il Museo Regionale di Scienze Naturali\"\n               data-image-slug=\"pla_9651\"\n               class=\"ngg-fancybox\" rel=\"3e61c157987a45dc88994114d986f2e6\">\n                <img\n                    title=\"Riapre al pubblico il Museo Regionale di Scienze Naturali\"\n                    alt=\"Riapre al pubblico il Museo Regionale di Scienze Naturali\"\n                    src=\"http:\/\/www.spaziotorino.it\/scatto\/wp-content\/gallery\/2024_01_12_mrsn\/cache\/PLA_9651.jpg-nggid0531584-ngg0dyn-60x60x100-00f0w010c011r110f110r010t010.jpg\"\n                    width=\"60\"\n                    height=\"60\"\n                    style=\"max-width:100%;\"\n                \/>\n            <\/a>\n        <\/div>\n\t\t\t\t\t\t\t<\/div> \n\t\t\t\n        \n\t\t\n\t\t<!-- Pagination -->\n\t<div class='ngg-clear'><\/div>\t<\/div>\n\n<p>Il&nbsp;<strong>Museo Regionale di Scienze Naturali di Torino<\/strong>&nbsp;&#8211; istituito dalla Regione Piemonte nel 1978, la cui sede \u00e8 nell\u2019edificio storico che originariamente ospitava l\u2019Ospedale San Giovanni Battista \u2013&nbsp;<strong>riapre al pubblico a partire da sabato 13 gennaio<\/strong>&nbsp;dopo oltre dieci anni di chiusura, dovuta agli interventi resi necessari a seguito dell\u2019incendio (agosto 2013) che ha danneggiato parte dell&#8217;edificio. A questo si sono aggiunti numerosi interventi infrastrutturali, di messa in sicurezza e di adeguamento.<\/p>\n<p>In occasione della nuova apertura al pubblico&nbsp;<strong>il MRSN sar\u00e0 a ingresso gratuito dal 13 gennaio al 2 febbraio 2024<\/strong>&nbsp;<strong>&#8211; prenotazione online info sul sito&nbsp;<\/strong><a href=\"https:\/\/mrsntorino.it\/\"><strong>mrsntorino.it<\/strong><\/a>.<\/p>\n<p><strong>Al&nbsp;<\/strong><strong>Museo<\/strong>,&nbsp;dedicato alla conservazione e alla valorizzazione di reperti naturalistici oltre che alla&nbsp;divulgazione delle collezioni di storia naturale provenienti in parte dall&#8217;Universit\u00e0 di Torino e in parte acquisite dal museo stesso,&nbsp;<strong>si accede<\/strong>&nbsp;<strong>dal portone di via Accademia Albertina 15<\/strong>. L\u2019entrata, che reca ancora la scritta \u2018Museo di Zoologia\u2019, \u00e8 quella storica, che si apr\u00ec nel 1936 quando l\u2019allora Museo di Storia Naturale, organizzato su diversi piani a Palazzo Carignano, venne trasferito all\u2019interno del palazzo dell\u2019Ospedale di San Giovanni per lasciare posto&nbsp;al Museo del Risorgimento.<\/p>\n<p>Il&nbsp;<strong>Regionale di Scienze Naturali \u00e8 tra i musei pi\u00f9 amati dai piemontesi<\/strong>.&nbsp;Nonostante i dieci anni di chiusura e a testimonianza dell&#8217;affetto che ancora lega il pubblico al ricordo delle esperienze vissute al suo interno \u00e8 risultato tra i \u2018musei del cuore\u2019 citati in una indagine effettuata nella primavera del 2022 a oltre 5 mila piemontesi dall&#8217;Associazione Abbonamento Musei.&nbsp;Gode di&nbsp;<strong>una fama di livello nazionale e internazionale<\/strong>&nbsp;per&nbsp;il valore delle collezioni che risalgono alla prima met\u00e0 dell\u2019Ottocento.<\/p>\n<p><strong>Tra le novit\u00e0<\/strong>, a disposizione del pubblico,&nbsp;<strong>2 videomapping e un totem dotato di Intelligenza Artificiale generativa<\/strong>. Il nuovo percorso espositivo, infatti, si \u00e8 arricchito di installazioni multimediali e il visitatore sar\u00e0 accolto da coinvolgenti esperienze immersive. Un videomapping interattivo \u00e8 proiettato in loop, tutti i giorni, su uno schermo gigante di 15&#215;6 metri al fondo della sala Arca delle Esplorazioni.&nbsp;L\u2019altro, invece, direttamente sul corpo dell\u2019elefante Fritz (compaiono proiettati, uno dopo l\u2019altro, gli organi interni dell\u2019icona del Museo). Il totem, all\u2019interno del quale si trova l\u2019<strong>avatar di Sir Alfred Russel Wallace<\/strong>, il padre della biogeografia con cui l\u2019ospite potr\u00e0 dialogare, sar\u00e0 posizionato nella parte storica del MRSN.<\/p>\n","protected":false},"excerpt":{"rendered":"<p>Il&nbsp;Museo Regionale di Scienze Naturali di Torino&nbsp;&#8211; istituito dalla Regione Piemonte nel 1978, la cui sede \u00e8 nell\u2019edificio storico che originariamente ospitava l\u2019Ospedale San Giovanni Battista \u2013&nbsp;riapre al pubblico a partire da sabato 13 gennaio&nbsp;dopo oltre dieci anni di chiusura, dovuta agli interventi resi necessari a seguito dell\u2019incendio (agosto 2013) che ha danneggiato parte dell&#8217;edificio. [&hellip;]<\/p>\n","protected":false},"author":1,"featured_media":0,"comment_status":"closed","ping_status":"open","sticky":false,"template":"","format":"standard","meta":{"ngg_post_thumbnail":0},"categories":[1,41],"tags":[],"_links":{"self":[{"href":"http:\/\/www.spaziotorino.it\/scatto\/index.php?rest_route=\/wp\/v2\/posts\/48717"}],"collection":[{"href":"http:\/\/www.spaziotorino.it\/scatto\/index.php?rest_route=\/wp\/v2\/posts"}],"about":[{"href":"http:\/\/www.spaziotorino.it\/scatto\/index.php?rest_route=\/wp\/v2\/types\/post"}],"author":[{"embeddable":true,"href":"http:\/\/www.spaziotorino.it\/scatto\/index.php?rest_route=\/wp\/v2\/users\/1"}],"replies":[{"embeddable":true,"href":"http:\/\/www.spaziotorino.it\/scatto\/index.php?rest_route=%2Fwp%2Fv2%2Fcomments&post=48717"}],"version-history":[{"count":5,"href":"http:\/\/www.spaziotorino.it\/scatto\/index.php?rest_route=\/wp\/v2\/posts\/48717\/revisions"}],"predecessor-version":[{"id":48723,"href":"http:\/\/www.spaziotorino.it\/scatto\/index.php?rest_route=\/wp\/v2\/posts\/48717\/revisions\/48723"}],"wp:attachment":[{"href":"http:\/\/www.spaziotorino.it\/scatto\/index.php?rest_route=%2Fwp%2Fv2%2Fmedia&parent=48717"}],"wp:term":[{"taxonomy":"category","embeddable":true,"href":"http:\/\/www.spaziotorino.it\/scatto\/index.php?rest_route=%2Fwp%2Fv2%2Fcategories&post=48717"},{"taxonomy":"post_tag","embeddable":true,"href":"http:\/\/www.spaziotorino.it\/scatto\/index.php?rest_route=%2Fwp%2Fv2%2Ftags&post=48717"}],"curies":[{"name":"wp","href":"https:\/\/api.w.org\/{rel}","templated":true}]}}