{"id":48738,"date":"2024-01-18T18:04:35","date_gmt":"2024-01-18T17:04:35","guid":{"rendered":"http:\/\/www.spaziotorino.it\/scatto\/?p=48738"},"modified":"2024-01-18T18:14:52","modified_gmt":"2024-01-18T17:14:52","slug":"in-sala-rossa-leredita-di-norberto-bobbio","status":"publish","type":"post","link":"http:\/\/www.spaziotorino.it\/scatto\/?p=48738","title":{"rendered":"In Sala Rossa &#8216;La libert\u00e0 della ragione. Norberto Bobbio, vent&#8217;anni dopo&#8217;"},"content":{"rendered":"<p><a class=\"ngg-fancybox\" title=\"In Sala Rossa 'La libert\u00e0 della ragione. Norberto Bobbio, vent'anni dopo'\" href=\"http:\/\/www.spaziotorino.it\/scatto\/wp-content\/gallery\/2024_01_18_bobbio\/PLA_0095.jpg\" rel=\"lightbox[set_2116]\"><br \/>\n<img decoding=\"async\" loading=\"lazy\" class=\"ngg-singlepic\" title=\"In Sala Rossa 'La libert\u00e0 della ragione. Norberto Bobbio, vent'anni dopo'\" src=\"http:\/\/www.spaziotorino.it\/scatto\/wp-content\/gallery\/2024_01_18_bobbio\/PLA_0095.jpg\" alt=\"\" width=\"540\" height=\"360\"\/><\/a><\/p>\n<!-- index.php -->\n<div\n\tclass=\"ngg-galleryoverview ngg-ajax-pagination-none\"\n\tid=\"ngg-gallery-ae7472186c0b33c4abbc857a87844d3c-1\">\n\n    \t\t<!-- Thumbnails -->\n\t\t\t\t<div id=\"ngg-image-0\" class=\"ngg-gallery-thumbnail-box\" >\n\t\t\t\t        <div class=\"ngg-gallery-thumbnail\">\n            <a href=\"http:\/\/www.spaziotorino.it\/scatto\/wp-content\/gallery\/2024_01_18_bobbio\/PLA_9985.jpg\"\n               title=\"Gustavo Zagrebelsky, Maria Grazia Grippo e Michela Favaro\"\n               data-src=\"http:\/\/www.spaziotorino.it\/scatto\/wp-content\/gallery\/2024_01_18_bobbio\/PLA_9985.jpg\"\n               data-thumbnail=\"http:\/\/www.spaziotorino.it\/scatto\/wp-content\/gallery\/2024_01_18_bobbio\/thumbs\/thumbs_PLA_9985.jpg\"\n               data-image-id=\"31598\"\n               data-title=\"Gustavo Zagrebelsky, Maria Grazia Grippo e Michela Favaro\"\n               data-description=\"Gustavo Zagrebelsky, Maria Grazia Grippo e Michela Favaro\"\n               data-image-slug=\"pla_9985-1\"\n               class=\"ngg-fancybox\" rel=\"ae7472186c0b33c4abbc857a87844d3c\">\n                <img\n                    title=\"Gustavo Zagrebelsky, Maria Grazia Grippo e Michela Favaro\"\n                    alt=\"Gustavo Zagrebelsky, Maria Grazia Grippo e Michela Favaro\"\n                    src=\"http:\/\/www.spaziotorino.it\/scatto\/wp-content\/gallery\/2024_01_18_bobbio\/cache\/PLA_9985.jpg-nggid0531598-ngg0dyn-60x60x100-00f0w010c011r110f110r010t010.jpg\"\n                    width=\"60\"\n                    height=\"60\"\n                    style=\"max-width:100%;\"\n                \/>\n            <\/a>\n        <\/div>\n\t\t\t\t\t\t\t<\/div> \n\t\t\t\n        \n\t\t\t\t<div id=\"ngg-image-1\" class=\"ngg-gallery-thumbnail-box\" >\n\t\t\t\t        <div class=\"ngg-gallery-thumbnail\">\n            <a href=\"http:\/\/www.spaziotorino.it\/scatto\/wp-content\/gallery\/2024_01_18_bobbio\/PLA_0001.jpg\"\n               title=\"Michela Favaro, Dora Marucco e Andrea Bobbio\"\n               data-src=\"http:\/\/www.spaziotorino.it\/scatto\/wp-content\/gallery\/2024_01_18_bobbio\/PLA_0001.jpg\"\n               data-thumbnail=\"http:\/\/www.spaziotorino.it\/scatto\/wp-content\/gallery\/2024_01_18_bobbio\/thumbs\/thumbs_PLA_0001.jpg\"\n               data-image-id=\"31593\"\n               data-title=\"Michela Favaro, Dora Marucco e Andrea Bobbio\"\n               data-description=\"Michela Favaro, Dora Marucco e Andrea Bobbio\"\n               data-image-slug=\"pla_0001\"\n               class=\"ngg-fancybox\" rel=\"ae7472186c0b33c4abbc857a87844d3c\">\n                <img\n                    title=\"Michela Favaro, Dora Marucco e Andrea Bobbio\"\n                    alt=\"Michela Favaro, Dora Marucco e Andrea Bobbio\"\n                    src=\"http:\/\/www.spaziotorino.it\/scatto\/wp-content\/gallery\/2024_01_18_bobbio\/cache\/PLA_0001.jpg-nggid0531593-ngg0dyn-60x60x100-00f0w010c011r110f110r010t010.jpg\"\n                    width=\"60\"\n                    height=\"60\"\n                    style=\"max-width:100%;\"\n                \/>\n            <\/a>\n        <\/div>\n\t\t\t\t\t\t\t<\/div> \n\t\t\t\n        \n\t\t\t\t<div id=\"ngg-image-2\" class=\"ngg-gallery-thumbnail-box\" >\n\t\t\t\t        <div class=\"ngg-gallery-thumbnail\">\n            <a href=\"http:\/\/www.spaziotorino.it\/scatto\/wp-content\/gallery\/2024_01_18_bobbio\/PLA_0038.jpg\"\n               title=\"In Sala Rossa &#039;La libert\u00e0 della ragione. Norberto Bobbio, vent&#039;anni dopo&#039;\"\n               data-src=\"http:\/\/www.spaziotorino.it\/scatto\/wp-content\/gallery\/2024_01_18_bobbio\/PLA_0038.jpg\"\n               data-thumbnail=\"http:\/\/www.spaziotorino.it\/scatto\/wp-content\/gallery\/2024_01_18_bobbio\/thumbs\/thumbs_PLA_0038.jpg\"\n               data-image-id=\"31588\"\n               data-title=\"In Sala Rossa &#039;La libert\u00e0 della ragione. Norberto Bobbio, vent&#039;anni dopo&#039;\"\n               data-description=\"In Sala Rossa &#039;La libert\u00e0 della ragione. Norberto Bobbio, vent&#039;anni dopo&#039;\"\n               data-image-slug=\"pla_0038-1\"\n               class=\"ngg-fancybox\" rel=\"ae7472186c0b33c4abbc857a87844d3c\">\n                <img\n                    title=\"In Sala Rossa &#039;La libert\u00e0 della ragione. Norberto Bobbio, vent&#039;anni dopo&#039;\"\n                    alt=\"In Sala Rossa &#039;La libert\u00e0 della ragione. Norberto Bobbio, vent&#039;anni dopo&#039;\"\n                    src=\"http:\/\/www.spaziotorino.it\/scatto\/wp-content\/gallery\/2024_01_18_bobbio\/cache\/PLA_0038.jpg-nggid0531588-ngg0dyn-60x60x100-00f0w010c011r110f110r010t010.jpg\"\n                    width=\"60\"\n                    height=\"60\"\n                    style=\"max-width:100%;\"\n                \/>\n            <\/a>\n        <\/div>\n\t\t\t\t\t\t\t<\/div> \n\t\t\t\n        \n\t\t\t\t<div id=\"ngg-image-3\" class=\"ngg-gallery-thumbnail-box\" >\n\t\t\t\t        <div class=\"ngg-gallery-thumbnail\">\n            <a href=\"http:\/\/www.spaziotorino.it\/scatto\/wp-content\/gallery\/2024_01_18_bobbio\/PLA_0011.jpg\"\n               title=\"In Sala Rossa &#039;La libert\u00e0 della ragione. Norberto Bobbio, vent&#039;anni dopo&#039;\"\n               data-src=\"http:\/\/www.spaziotorino.it\/scatto\/wp-content\/gallery\/2024_01_18_bobbio\/PLA_0011.jpg\"\n               data-thumbnail=\"http:\/\/www.spaziotorino.it\/scatto\/wp-content\/gallery\/2024_01_18_bobbio\/thumbs\/thumbs_PLA_0011.jpg\"\n               data-image-id=\"31589\"\n               data-title=\"In Sala Rossa &#039;La libert\u00e0 della ragione. Norberto Bobbio, vent&#039;anni dopo&#039;\"\n               data-description=\"In Sala Rossa &#039;La libert\u00e0 della ragione. Norberto Bobbio, vent&#039;anni dopo&#039;\"\n               data-image-slug=\"pla_0011-1\"\n               class=\"ngg-fancybox\" rel=\"ae7472186c0b33c4abbc857a87844d3c\">\n                <img\n                    title=\"In Sala Rossa &#039;La libert\u00e0 della ragione. Norberto Bobbio, vent&#039;anni dopo&#039;\"\n                    alt=\"In Sala Rossa &#039;La libert\u00e0 della ragione. Norberto Bobbio, vent&#039;anni dopo&#039;\"\n                    src=\"http:\/\/www.spaziotorino.it\/scatto\/wp-content\/gallery\/2024_01_18_bobbio\/cache\/PLA_0011.jpg-nggid0531589-ngg0dyn-60x60x100-00f0w010c011r110f110r010t010.jpg\"\n                    width=\"60\"\n                    height=\"60\"\n                    style=\"max-width:100%;\"\n                \/>\n            <\/a>\n        <\/div>\n\t\t\t\t\t\t\t<\/div> \n\t\t\t\n        \n\t\t\t\t<div id=\"ngg-image-4\" class=\"ngg-gallery-thumbnail-box\" >\n\t\t\t\t        <div class=\"ngg-gallery-thumbnail\">\n            <a href=\"http:\/\/www.spaziotorino.it\/scatto\/wp-content\/gallery\/2024_01_18_bobbio\/PLA_0015.jpg\"\n               title=\"Maria Grazia Grippo, Presidente del Consiglio Comunale\"\n               data-src=\"http:\/\/www.spaziotorino.it\/scatto\/wp-content\/gallery\/2024_01_18_bobbio\/PLA_0015.jpg\"\n               data-thumbnail=\"http:\/\/www.spaziotorino.it\/scatto\/wp-content\/gallery\/2024_01_18_bobbio\/thumbs\/thumbs_PLA_0015.jpg\"\n               data-image-id=\"31590\"\n               data-title=\"Maria Grazia Grippo, Presidente del Consiglio Comunale\"\n               data-description=\"Maria Grazia Grippo, Presidente del Consiglio Comunale\"\n               data-image-slug=\"pla_0015-2\"\n               class=\"ngg-fancybox\" rel=\"ae7472186c0b33c4abbc857a87844d3c\">\n                <img\n                    title=\"Maria Grazia Grippo, Presidente del Consiglio Comunale\"\n                    alt=\"Maria Grazia Grippo, Presidente del Consiglio Comunale\"\n                    src=\"http:\/\/www.spaziotorino.it\/scatto\/wp-content\/gallery\/2024_01_18_bobbio\/cache\/PLA_0015.jpg-nggid0531590-ngg0dyn-60x60x100-00f0w010c011r110f110r010t010.jpg\"\n                    width=\"60\"\n                    height=\"60\"\n                    style=\"max-width:100%;\"\n                \/>\n            <\/a>\n        <\/div>\n\t\t\t\t\t\t\t<\/div> \n\t\t\t\n        \n\t\t\t\t<div id=\"ngg-image-5\" class=\"ngg-gallery-thumbnail-box\" >\n\t\t\t\t        <div class=\"ngg-gallery-thumbnail\">\n            <a href=\"http:\/\/www.spaziotorino.it\/scatto\/wp-content\/gallery\/2024_01_18_bobbio\/PLA_0029.jpg\"\n               title=\"Dora Marucco, vicepresidente Centro studi Piero Gobetti\"\n               data-src=\"http:\/\/www.spaziotorino.it\/scatto\/wp-content\/gallery\/2024_01_18_bobbio\/PLA_0029.jpg\"\n               data-thumbnail=\"http:\/\/www.spaziotorino.it\/scatto\/wp-content\/gallery\/2024_01_18_bobbio\/thumbs\/thumbs_PLA_0029.jpg\"\n               data-image-id=\"31592\"\n               data-title=\"Dora Marucco, vicepresidente Centro studi Piero Gobetti\"\n               data-description=\"Dora Marucco, vicepresidente Centro studi Piero Gobetti\"\n               data-image-slug=\"pla_0029\"\n               class=\"ngg-fancybox\" rel=\"ae7472186c0b33c4abbc857a87844d3c\">\n                <img\n                    title=\"Dora Marucco, vicepresidente Centro studi Piero Gobetti\"\n                    alt=\"Dora Marucco, vicepresidente Centro studi Piero Gobetti\"\n                    src=\"http:\/\/www.spaziotorino.it\/scatto\/wp-content\/gallery\/2024_01_18_bobbio\/cache\/PLA_0029.jpg-nggid0531592-ngg0dyn-60x60x100-00f0w010c011r110f110r010t010.jpg\"\n                    width=\"60\"\n                    height=\"60\"\n                    style=\"max-width:100%;\"\n                \/>\n            <\/a>\n        <\/div>\n\t\t\t\t\t\t\t<\/div> \n\t\t\t\n        \n\t\t\t\t<div id=\"ngg-image-6\" class=\"ngg-gallery-thumbnail-box\" >\n\t\t\t\t        <div class=\"ngg-gallery-thumbnail\">\n            <a href=\"http:\/\/www.spaziotorino.it\/scatto\/wp-content\/gallery\/2024_01_18_bobbio\/PLA_0041.jpg\"\n               title=\"In Sala Rossa &#039;La libert\u00e0 della ragione. Norberto Bobbio, vent&#039;anni dopo&#039;\"\n               data-src=\"http:\/\/www.spaziotorino.it\/scatto\/wp-content\/gallery\/2024_01_18_bobbio\/PLA_0041.jpg\"\n               data-thumbnail=\"http:\/\/www.spaziotorino.it\/scatto\/wp-content\/gallery\/2024_01_18_bobbio\/thumbs\/thumbs_PLA_0041.jpg\"\n               data-image-id=\"31591\"\n               data-title=\"In Sala Rossa &#039;La libert\u00e0 della ragione. Norberto Bobbio, vent&#039;anni dopo&#039;\"\n               data-description=\"In Sala Rossa &#039;La libert\u00e0 della ragione. Norberto Bobbio, vent&#039;anni dopo&#039;\"\n               data-image-slug=\"pla_0041-2\"\n               class=\"ngg-fancybox\" rel=\"ae7472186c0b33c4abbc857a87844d3c\">\n                <img\n                    title=\"In Sala Rossa &#039;La libert\u00e0 della ragione. Norberto Bobbio, vent&#039;anni dopo&#039;\"\n                    alt=\"In Sala Rossa &#039;La libert\u00e0 della ragione. Norberto Bobbio, vent&#039;anni dopo&#039;\"\n                    src=\"http:\/\/www.spaziotorino.it\/scatto\/wp-content\/gallery\/2024_01_18_bobbio\/cache\/PLA_0041.jpg-nggid0531591-ngg0dyn-60x60x100-00f0w010c011r110f110r010t010.jpg\"\n                    width=\"60\"\n                    height=\"60\"\n                    style=\"max-width:100%;\"\n                \/>\n            <\/a>\n        <\/div>\n\t\t\t\t\t\t\t<\/div> \n\t\t\t\n        \n\t\t\t\t<div id=\"ngg-image-7\" class=\"ngg-gallery-thumbnail-box\" >\n\t\t\t\t        <div class=\"ngg-gallery-thumbnail\">\n            <a href=\"http:\/\/www.spaziotorino.it\/scatto\/wp-content\/gallery\/2024_01_18_bobbio\/PLA_0056.jpg\"\n               title=\"Andrea Bobbio, figlio di Norberto\"\n               data-src=\"http:\/\/www.spaziotorino.it\/scatto\/wp-content\/gallery\/2024_01_18_bobbio\/PLA_0056.jpg\"\n               data-thumbnail=\"http:\/\/www.spaziotorino.it\/scatto\/wp-content\/gallery\/2024_01_18_bobbio\/thumbs\/thumbs_PLA_0056.jpg\"\n               data-image-id=\"31594\"\n               data-title=\"Andrea Bobbio, figlio di Norberto\"\n               data-description=\"Andrea Bobbio, figlio di Norberto\"\n               data-image-slug=\"pla_0056-3\"\n               class=\"ngg-fancybox\" rel=\"ae7472186c0b33c4abbc857a87844d3c\">\n                <img\n                    title=\"Andrea Bobbio, figlio di Norberto\"\n                    alt=\"Andrea Bobbio, figlio di Norberto\"\n                    src=\"http:\/\/www.spaziotorino.it\/scatto\/wp-content\/gallery\/2024_01_18_bobbio\/cache\/PLA_0056.jpg-nggid0531594-ngg0dyn-60x60x100-00f0w010c011r110f110r010t010.jpg\"\n                    width=\"60\"\n                    height=\"60\"\n                    style=\"max-width:100%;\"\n                \/>\n            <\/a>\n        <\/div>\n\t\t\t\t\t\t\t<\/div> \n\t\t\t\n        \n\t\t\t\t<div id=\"ngg-image-8\" class=\"ngg-gallery-thumbnail-box\" >\n\t\t\t\t        <div class=\"ngg-gallery-thumbnail\">\n            <a href=\"http:\/\/www.spaziotorino.it\/scatto\/wp-content\/gallery\/2024_01_18_bobbio\/PLA_0061.jpg\"\n               title=\"In Sala Rossa &#039;La libert\u00e0 della ragione. Norberto Bobbio, vent&#039;anni dopo&#039;\"\n               data-src=\"http:\/\/www.spaziotorino.it\/scatto\/wp-content\/gallery\/2024_01_18_bobbio\/PLA_0061.jpg\"\n               data-thumbnail=\"http:\/\/www.spaziotorino.it\/scatto\/wp-content\/gallery\/2024_01_18_bobbio\/thumbs\/thumbs_PLA_0061.jpg\"\n               data-image-id=\"31597\"\n               data-title=\"In Sala Rossa &#039;La libert\u00e0 della ragione. Norberto Bobbio, vent&#039;anni dopo&#039;\"\n               data-description=\"In Sala Rossa &#039;La libert\u00e0 della ragione. Norberto Bobbio, vent&#039;anni dopo&#039;\"\n               data-image-slug=\"pla_0061-1\"\n               class=\"ngg-fancybox\" rel=\"ae7472186c0b33c4abbc857a87844d3c\">\n                <img\n                    title=\"In Sala Rossa &#039;La libert\u00e0 della ragione. Norberto Bobbio, vent&#039;anni dopo&#039;\"\n                    alt=\"In Sala Rossa &#039;La libert\u00e0 della ragione. Norberto Bobbio, vent&#039;anni dopo&#039;\"\n                    src=\"http:\/\/www.spaziotorino.it\/scatto\/wp-content\/gallery\/2024_01_18_bobbio\/cache\/PLA_0061.jpg-nggid0531597-ngg0dyn-60x60x100-00f0w010c011r110f110r010t010.jpg\"\n                    width=\"60\"\n                    height=\"60\"\n                    style=\"max-width:100%;\"\n                \/>\n            <\/a>\n        <\/div>\n\t\t\t\t\t\t\t<\/div> \n\t\t\t\n        \n\t\t\t\t<div id=\"ngg-image-9\" class=\"ngg-gallery-thumbnail-box\" >\n\t\t\t\t        <div class=\"ngg-gallery-thumbnail\">\n            <a href=\"http:\/\/www.spaziotorino.it\/scatto\/wp-content\/gallery\/2024_01_18_bobbio\/PLA_0082.jpg\"\n               title=\"La vicesindaca Michela Favaro\"\n               data-src=\"http:\/\/www.spaziotorino.it\/scatto\/wp-content\/gallery\/2024_01_18_bobbio\/PLA_0082.jpg\"\n               data-thumbnail=\"http:\/\/www.spaziotorino.it\/scatto\/wp-content\/gallery\/2024_01_18_bobbio\/thumbs\/thumbs_PLA_0082.jpg\"\n               data-image-id=\"31595\"\n               data-title=\"La vicesindaca Michela Favaro\"\n               data-description=\"La vicesindaca Michela Favaro\"\n               data-image-slug=\"pla_0082\"\n               class=\"ngg-fancybox\" rel=\"ae7472186c0b33c4abbc857a87844d3c\">\n                <img\n                    title=\"La vicesindaca Michela Favaro\"\n                    alt=\"La vicesindaca Michela Favaro\"\n                    src=\"http:\/\/www.spaziotorino.it\/scatto\/wp-content\/gallery\/2024_01_18_bobbio\/cache\/PLA_0082.jpg-nggid0531595-ngg0dyn-60x60x100-00f0w010c011r110f110r010t010.jpg\"\n                    width=\"60\"\n                    height=\"60\"\n                    style=\"max-width:100%;\"\n                \/>\n            <\/a>\n        <\/div>\n\t\t\t\t\t\t\t<\/div> \n\t\t\t\n        \n\t\t\t\t<div id=\"ngg-image-10\" class=\"ngg-gallery-thumbnail-box\" >\n\t\t\t\t        <div class=\"ngg-gallery-thumbnail\">\n            <a href=\"http:\/\/www.spaziotorino.it\/scatto\/wp-content\/gallery\/2024_01_18_bobbio\/PLA_0090.jpg\"\n               title=\"Gustavo Zagrebelsky\"\n               data-src=\"http:\/\/www.spaziotorino.it\/scatto\/wp-content\/gallery\/2024_01_18_bobbio\/PLA_0090.jpg\"\n               data-thumbnail=\"http:\/\/www.spaziotorino.it\/scatto\/wp-content\/gallery\/2024_01_18_bobbio\/thumbs\/thumbs_PLA_0090.jpg\"\n               data-image-id=\"31596\"\n               data-title=\"Gustavo Zagrebelsky\"\n               data-description=\"Gustavo Zagrebelsky\"\n               data-image-slug=\"pla_0090-1\"\n               class=\"ngg-fancybox\" rel=\"ae7472186c0b33c4abbc857a87844d3c\">\n                <img\n                    title=\"Gustavo Zagrebelsky\"\n                    alt=\"Gustavo Zagrebelsky\"\n                    src=\"http:\/\/www.spaziotorino.it\/scatto\/wp-content\/gallery\/2024_01_18_bobbio\/cache\/PLA_0090.jpg-nggid0531596-ngg0dyn-60x60x100-00f0w010c011r110f110r010t010.jpg\"\n                    width=\"60\"\n                    height=\"60\"\n                    style=\"max-width:100%;\"\n                \/>\n            <\/a>\n        <\/div>\n\t\t\t\t\t\t\t<\/div> \n\t\t\t\n        \n\t\t\n\t\t<!-- Pagination -->\n\t<div class='ngg-clear'><\/div>\t<\/div>\n\n<p>Gioved\u00ec 18 gennaio nella Sala Rossa di Palazzo Civico si \u00e8 svolto un incontro in ricordo di Norberto Bobbio.<\/p>\n<p>Promosso da Presidenza del Consiglio comunale della Citt\u00e0 di Torino e Centro studi Piero Gobetti, l&#8217;evento \u00e8 stato programmato nel ventennale della scomparsa del filosofo, giurista, politologo e senatore a vita torinese, considerato uno dei pi\u00f9 acuti intellettuali della seconda met\u00e0 del Novecento.<\/p>\n<p>La relazione del professor Gustavo Zagrebelsky \u00e8 stata preceduta da saluti istituzionali e interventi da parte di Maria Grazia Grippo, presidente del Consiglio comunale; Michela Favaro, vicesindaca; Dora Marucco, vicepresidente Centro studi Piero Gobetti e Andrea Bobbio, figlio di Norberto.<\/p>\n<p>&nbsp;<\/p>\n","protected":false},"excerpt":{"rendered":"<p>Gioved\u00ec 18 gennaio nella Sala Rossa di Palazzo Civico si \u00e8 svolto un incontro in ricordo di Norberto Bobbio. Promosso da Presidenza del Consiglio comunale della Citt\u00e0 di Torino e Centro studi Piero Gobetti, l&#8217;evento \u00e8 stato programmato nel ventennale della scomparsa del filosofo, giurista, politologo e senatore a vita torinese, considerato uno dei pi\u00f9 [&hellip;]<\/p>\n","protected":false},"author":1,"featured_media":0,"comment_status":"closed","ping_status":"open","sticky":false,"template":"","format":"standard","meta":{"ngg_post_thumbnail":0},"categories":[1,895],"tags":[],"_links":{"self":[{"href":"http:\/\/www.spaziotorino.it\/scatto\/index.php?rest_route=\/wp\/v2\/posts\/48738"}],"collection":[{"href":"http:\/\/www.spaziotorino.it\/scatto\/index.php?rest_route=\/wp\/v2\/posts"}],"about":[{"href":"http:\/\/www.spaziotorino.it\/scatto\/index.php?rest_route=\/wp\/v2\/types\/post"}],"author":[{"embeddable":true,"href":"http:\/\/www.spaziotorino.it\/scatto\/index.php?rest_route=\/wp\/v2\/users\/1"}],"replies":[{"embeddable":true,"href":"http:\/\/www.spaziotorino.it\/scatto\/index.php?rest_route=%2Fwp%2Fv2%2Fcomments&post=48738"}],"version-history":[{"count":3,"href":"http:\/\/www.spaziotorino.it\/scatto\/index.php?rest_route=\/wp\/v2\/posts\/48738\/revisions"}],"predecessor-version":[{"id":48742,"href":"http:\/\/www.spaziotorino.it\/scatto\/index.php?rest_route=\/wp\/v2\/posts\/48738\/revisions\/48742"}],"wp:attachment":[{"href":"http:\/\/www.spaziotorino.it\/scatto\/index.php?rest_route=%2Fwp%2Fv2%2Fmedia&parent=48738"}],"wp:term":[{"taxonomy":"category","embeddable":true,"href":"http:\/\/www.spaziotorino.it\/scatto\/index.php?rest_route=%2Fwp%2Fv2%2Fcategories&post=48738"},{"taxonomy":"post_tag","embeddable":true,"href":"http:\/\/www.spaziotorino.it\/scatto\/index.php?rest_route=%2Fwp%2Fv2%2Ftags&post=48738"}],"curies":[{"name":"wp","href":"https:\/\/api.w.org\/{rel}","templated":true}]}}