{"id":49111,"date":"2024-02-14T15:02:58","date_gmt":"2024-02-14T14:02:58","guid":{"rendered":"http:\/\/www.spaziotorino.it\/scatto\/?p=49111"},"modified":"2024-02-14T15:02:58","modified_gmt":"2024-02-14T14:02:58","slug":"vita-immaginaria-presentata-la-xxxvi-edizione-del-salone-internazionale-del-libro-di-torino-dal-9-al-13-maggio-2024","status":"publish","type":"post","link":"http:\/\/www.spaziotorino.it\/scatto\/?p=49111","title":{"rendered":"Vita immaginaria, presentata la XXXVI edizione del Salone Internazionale del Libro di Torino &#8211; dal 9 al 13 maggio 2024"},"content":{"rendered":"<p><a class=\"ngg-fancybox\" title=\"Vita immaginaria, presentata la XXXVI edizione del Salone Internazionale del Libro di Torino - dal 9 al 13 maggio 2024\" href=\"http:\/\/www.spaziotorino.it\/scatto\/wp-content\/gallery\/2024_02_14_salto\/PLA_4410.jpg\" rel=\"lightbox[set_2138]\"><br \/>\n<img decoding=\"async\" loading=\"lazy\" class=\"ngg-singlepic\" title=\"Vita immaginaria, presentata la XXXVI edizione del Salone Internazionale del Libro di Torino - dal 9 al 13 maggio 2024\" src=\"http:\/\/www.spaziotorino.it\/scatto\/wp-content\/gallery\/2024_02_14_salto\/PLA_4410.jpg\" alt=\"\" width=\"540\" height=\"360\"\/><\/a><\/p>\n<!-- index.php -->\n<div\n\tclass=\"ngg-galleryoverview ngg-ajax-pagination-none\"\n\tid=\"ngg-gallery-c969d58e486957793b6a9b410a5c986d-1\">\n\n    \t\t<!-- Thumbnails -->\n\t\t\t\t<div id=\"ngg-image-0\" class=\"ngg-gallery-thumbnail-box\" >\n\t\t\t\t        <div class=\"ngg-gallery-thumbnail\">\n            <a href=\"http:\/\/www.spaziotorino.it\/scatto\/wp-content\/gallery\/2024_02_14_salto\/PLA_4297.jpg\"\n               title=\"Foyer Teatro Regio: conferenza stampa di presentazione dell&#039;edizione 2024 del Salone del Libro\"\n               data-src=\"http:\/\/www.spaziotorino.it\/scatto\/wp-content\/gallery\/2024_02_14_salto\/PLA_4297.jpg\"\n               data-thumbnail=\"http:\/\/www.spaziotorino.it\/scatto\/wp-content\/gallery\/2024_02_14_salto\/thumbs\/thumbs_PLA_4297.jpg\"\n               data-image-id=\"31861\"\n               data-title=\"Foyer Teatro Regio: conferenza stampa di presentazione dell&#039;edizione 2024 del Salone del Libro\"\n               data-description=\"Foyer Teatro Regio: conferenza stampa di presentazione dell&#039;edizione 2024 del Salone del Libro\"\n               data-image-slug=\"pla_4297\"\n               class=\"ngg-fancybox\" rel=\"c969d58e486957793b6a9b410a5c986d\">\n                <img\n                    title=\"Foyer Teatro Regio: conferenza stampa di presentazione dell&#039;edizione 2024 del Salone del Libro\"\n                    alt=\"Foyer Teatro Regio: conferenza stampa di presentazione dell&#039;edizione 2024 del Salone del Libro\"\n                    src=\"http:\/\/www.spaziotorino.it\/scatto\/wp-content\/gallery\/2024_02_14_salto\/cache\/PLA_4297.jpg-nggid0531861-ngg0dyn-60x60x100-00f0w010c011r110f110r010t010.jpg\"\n                    width=\"60\"\n                    height=\"60\"\n                    style=\"max-width:100%;\"\n                \/>\n            <\/a>\n        <\/div>\n\t\t\t\t\t\t\t<\/div> \n\t\t\t\n        \n\t\t\t\t<div id=\"ngg-image-1\" class=\"ngg-gallery-thumbnail-box\" >\n\t\t\t\t        <div class=\"ngg-gallery-thumbnail\">\n            <a href=\"http:\/\/www.spaziotorino.it\/scatto\/wp-content\/gallery\/2024_02_14_salto\/PLA_4262.jpg\"\n               title=\"Il Sindaco Stefano Lo Russo  e Annalena Benini, direttrice del Salone Internazionale del Libro di Torino\"\n               data-src=\"http:\/\/www.spaziotorino.it\/scatto\/wp-content\/gallery\/2024_02_14_salto\/PLA_4262.jpg\"\n               data-thumbnail=\"http:\/\/www.spaziotorino.it\/scatto\/wp-content\/gallery\/2024_02_14_salto\/thumbs\/thumbs_PLA_4262.jpg\"\n               data-image-id=\"31862\"\n               data-title=\"Il Sindaco Stefano Lo Russo  e Annalena Benini, direttrice del Salone Internazionale del Libro di Torino\"\n               data-description=\"Il Sindaco Stefano Lo Russo  e Annalena Benini, direttrice del Salone Internazionale del Libro di Torino\"\n               data-image-slug=\"pla_4262-3\"\n               class=\"ngg-fancybox\" rel=\"c969d58e486957793b6a9b410a5c986d\">\n                <img\n                    title=\"Il Sindaco Stefano Lo Russo  e Annalena Benini, direttrice del Salone Internazionale del Libro di Torino\"\n                    alt=\"Il Sindaco Stefano Lo Russo  e Annalena Benini, direttrice del Salone Internazionale del Libro di Torino\"\n                    src=\"http:\/\/www.spaziotorino.it\/scatto\/wp-content\/gallery\/2024_02_14_salto\/cache\/PLA_4262.jpg-nggid0531862-ngg0dyn-60x60x100-00f0w010c011r110f110r010t010.jpg\"\n                    width=\"60\"\n                    height=\"60\"\n                    style=\"max-width:100%;\"\n                \/>\n            <\/a>\n        <\/div>\n\t\t\t\t\t\t\t<\/div> \n\t\t\t\n        \n\t\t\t\t<div id=\"ngg-image-2\" class=\"ngg-gallery-thumbnail-box\" >\n\t\t\t\t        <div class=\"ngg-gallery-thumbnail\">\n            <a href=\"http:\/\/www.spaziotorino.it\/scatto\/wp-content\/gallery\/2024_02_14_salto\/PLA_4288.jpg\"\n               title=\"Foyer Teatro Regio: conferenza stampa di presentazione dell&#039;edizione 2024 del Salone del Libro\"\n               data-src=\"http:\/\/www.spaziotorino.it\/scatto\/wp-content\/gallery\/2024_02_14_salto\/PLA_4288.jpg\"\n               data-thumbnail=\"http:\/\/www.spaziotorino.it\/scatto\/wp-content\/gallery\/2024_02_14_salto\/thumbs\/thumbs_PLA_4288.jpg\"\n               data-image-id=\"31860\"\n               data-title=\"Foyer Teatro Regio: conferenza stampa di presentazione dell&#039;edizione 2024 del Salone del Libro\"\n               data-description=\"Foyer Teatro Regio: conferenza stampa di presentazione dell&#039;edizione 2024 del Salone del Libro\"\n               data-image-slug=\"pla_4288\"\n               class=\"ngg-fancybox\" rel=\"c969d58e486957793b6a9b410a5c986d\">\n                <img\n                    title=\"Foyer Teatro Regio: conferenza stampa di presentazione dell&#039;edizione 2024 del Salone del Libro\"\n                    alt=\"Foyer Teatro Regio: conferenza stampa di presentazione dell&#039;edizione 2024 del Salone del Libro\"\n                    src=\"http:\/\/www.spaziotorino.it\/scatto\/wp-content\/gallery\/2024_02_14_salto\/cache\/PLA_4288.jpg-nggid0531860-ngg0dyn-60x60x100-00f0w010c011r110f110r010t010.jpg\"\n                    width=\"60\"\n                    height=\"60\"\n                    style=\"max-width:100%;\"\n                \/>\n            <\/a>\n        <\/div>\n\t\t\t\t\t\t\t<\/div> \n\t\t\t\n        \n\t\t\t\t<div id=\"ngg-image-3\" class=\"ngg-gallery-thumbnail-box\" >\n\t\t\t\t        <div class=\"ngg-gallery-thumbnail\">\n            <a href=\"http:\/\/www.spaziotorino.it\/scatto\/wp-content\/gallery\/2024_02_14_salto\/PLA_4319.jpg\"\n               title=\"Il Sindaco Stefano Lo Russo\"\n               data-src=\"http:\/\/www.spaziotorino.it\/scatto\/wp-content\/gallery\/2024_02_14_salto\/PLA_4319.jpg\"\n               data-thumbnail=\"http:\/\/www.spaziotorino.it\/scatto\/wp-content\/gallery\/2024_02_14_salto\/thumbs\/thumbs_PLA_4319.jpg\"\n               data-image-id=\"31858\"\n               data-title=\"Il Sindaco Stefano Lo Russo\"\n               data-description=\"Il Sindaco Stefano Lo Russo\"\n               data-image-slug=\"pla_4319-1\"\n               class=\"ngg-fancybox\" rel=\"c969d58e486957793b6a9b410a5c986d\">\n                <img\n                    title=\"Il Sindaco Stefano Lo Russo\"\n                    alt=\"Il Sindaco Stefano Lo Russo\"\n                    src=\"http:\/\/www.spaziotorino.it\/scatto\/wp-content\/gallery\/2024_02_14_salto\/cache\/PLA_4319.jpg-nggid0531858-ngg0dyn-60x60x100-00f0w010c011r110f110r010t010.jpg\"\n                    width=\"60\"\n                    height=\"60\"\n                    style=\"max-width:100%;\"\n                \/>\n            <\/a>\n        <\/div>\n\t\t\t\t\t\t\t<\/div> \n\t\t\t\n        \n\t\t\t\t<div id=\"ngg-image-4\" class=\"ngg-gallery-thumbnail-box\" >\n\t\t\t\t        <div class=\"ngg-gallery-thumbnail\">\n            <a href=\"http:\/\/www.spaziotorino.it\/scatto\/wp-content\/gallery\/2024_02_14_salto\/PLA_4325.jpg\"\n               title=\"Foyer Teatro Regio: conferenza stampa di presentazione dell&#039;edizione 2024 del Salone del Libro\"\n               data-src=\"http:\/\/www.spaziotorino.it\/scatto\/wp-content\/gallery\/2024_02_14_salto\/PLA_4325.jpg\"\n               data-thumbnail=\"http:\/\/www.spaziotorino.it\/scatto\/wp-content\/gallery\/2024_02_14_salto\/thumbs\/thumbs_PLA_4325.jpg\"\n               data-image-id=\"31859\"\n               data-title=\"Foyer Teatro Regio: conferenza stampa di presentazione dell&#039;edizione 2024 del Salone del Libro\"\n               data-description=\"Foyer Teatro Regio: conferenza stampa di presentazione dell&#039;edizione 2024 del Salone del Libro\"\n               data-image-slug=\"pla_4325-2\"\n               class=\"ngg-fancybox\" rel=\"c969d58e486957793b6a9b410a5c986d\">\n                <img\n                    title=\"Foyer Teatro Regio: conferenza stampa di presentazione dell&#039;edizione 2024 del Salone del Libro\"\n                    alt=\"Foyer Teatro Regio: conferenza stampa di presentazione dell&#039;edizione 2024 del Salone del Libro\"\n                    src=\"http:\/\/www.spaziotorino.it\/scatto\/wp-content\/gallery\/2024_02_14_salto\/cache\/PLA_4325.jpg-nggid0531859-ngg0dyn-60x60x100-00f0w010c011r110f110r010t010.jpg\"\n                    width=\"60\"\n                    height=\"60\"\n                    style=\"max-width:100%;\"\n                \/>\n            <\/a>\n        <\/div>\n\t\t\t\t\t\t\t<\/div> \n\t\t\t\n        \n\t\t\t\t<div id=\"ngg-image-5\" class=\"ngg-gallery-thumbnail-box\" >\n\t\t\t\t        <div class=\"ngg-gallery-thumbnail\">\n            <a href=\"http:\/\/www.spaziotorino.it\/scatto\/wp-content\/gallery\/2024_02_14_salto\/PLA_4349.jpg\"\n               title=\"Giovanni Toti, presidente della Regione Liguria, Regione ospite del Salone 2024\"\n               data-src=\"http:\/\/www.spaziotorino.it\/scatto\/wp-content\/gallery\/2024_02_14_salto\/PLA_4349.jpg\"\n               data-thumbnail=\"http:\/\/www.spaziotorino.it\/scatto\/wp-content\/gallery\/2024_02_14_salto\/thumbs\/thumbs_PLA_4349.jpg\"\n               data-image-id=\"31857\"\n               data-title=\"Giovanni Toti, presidente della Regione Liguria, Regione ospite del Salone 2024\"\n               data-description=\"Giovanni Toti, presidente della Regione Liguria, Regione ospite del Salone 2024\"\n               data-image-slug=\"pla_4349-1\"\n               class=\"ngg-fancybox\" rel=\"c969d58e486957793b6a9b410a5c986d\">\n                <img\n                    title=\"Giovanni Toti, presidente della Regione Liguria, Regione ospite del Salone 2024\"\n                    alt=\"Giovanni Toti, presidente della Regione Liguria, Regione ospite del Salone 2024\"\n                    src=\"http:\/\/www.spaziotorino.it\/scatto\/wp-content\/gallery\/2024_02_14_salto\/cache\/PLA_4349.jpg-nggid0531857-ngg0dyn-60x60x100-00f0w010c011r110f110r010t010.jpg\"\n                    width=\"60\"\n                    height=\"60\"\n                    style=\"max-width:100%;\"\n                \/>\n            <\/a>\n        <\/div>\n\t\t\t\t\t\t\t<\/div> \n\t\t\t\n        \n\t\t\t\t<div id=\"ngg-image-6\" class=\"ngg-gallery-thumbnail-box\" >\n\t\t\t\t        <div class=\"ngg-gallery-thumbnail\">\n            <a href=\"http:\/\/www.spaziotorino.it\/scatto\/wp-content\/gallery\/2024_02_14_salto\/PLA_4354.jpg\"\n               title=\"L&#039;intervento di Alessandro Isaia della Fondazione per la Cultura di Torino sul palco con Giulio Biino e Silvio Viale\"\n               data-src=\"http:\/\/www.spaziotorino.it\/scatto\/wp-content\/gallery\/2024_02_14_salto\/PLA_4354.jpg\"\n               data-thumbnail=\"http:\/\/www.spaziotorino.it\/scatto\/wp-content\/gallery\/2024_02_14_salto\/thumbs\/thumbs_PLA_4354.jpg\"\n               data-image-id=\"31863\"\n               data-title=\"L&#039;intervento di Alessandro Isaia della Fondazione per la Cultura di Torino sul palco con Giulio Biino e Silvio Viale\"\n               data-description=\"L&#039;intervento di Alessandro Isaia della Fondazione per la Cultura di Torino sul palco con Giulio Biino e Silvio Viale\"\n               data-image-slug=\"pla_4354\"\n               class=\"ngg-fancybox\" rel=\"c969d58e486957793b6a9b410a5c986d\">\n                <img\n                    title=\"L&#039;intervento di Alessandro Isaia della Fondazione per la Cultura di Torino sul palco con Giulio Biino e Silvio Viale\"\n                    alt=\"L&#039;intervento di Alessandro Isaia della Fondazione per la Cultura di Torino sul palco con Giulio Biino e Silvio Viale\"\n                    src=\"http:\/\/www.spaziotorino.it\/scatto\/wp-content\/gallery\/2024_02_14_salto\/cache\/PLA_4354.jpg-nggid0531863-ngg0dyn-60x60x100-00f0w010c011r110f110r010t010.jpg\"\n                    width=\"60\"\n                    height=\"60\"\n                    style=\"max-width:100%;\"\n                \/>\n            <\/a>\n        <\/div>\n\t\t\t\t\t\t\t<\/div> \n\t\t\t\n        \n\t\t\t\t<div id=\"ngg-image-7\" class=\"ngg-gallery-thumbnail-box\" >\n\t\t\t\t        <div class=\"ngg-gallery-thumbnail\">\n            <a href=\"http:\/\/www.spaziotorino.it\/scatto\/wp-content\/gallery\/2024_02_14_salto\/PLA_4398.jpg\"\n               title=\"Annalena Benini, direttrice del Salone Internazionale del Libro di Torino\"\n               data-src=\"http:\/\/www.spaziotorino.it\/scatto\/wp-content\/gallery\/2024_02_14_salto\/PLA_4398.jpg\"\n               data-thumbnail=\"http:\/\/www.spaziotorino.it\/scatto\/wp-content\/gallery\/2024_02_14_salto\/thumbs\/thumbs_PLA_4398.jpg\"\n               data-image-id=\"31864\"\n               data-title=\"Annalena Benini, direttrice del Salone Internazionale del Libro di Torino\"\n               data-description=\"Annalena Benini, direttrice del Salone Internazionale del Libro di Torino\"\n               data-image-slug=\"pla_4398\"\n               class=\"ngg-fancybox\" rel=\"c969d58e486957793b6a9b410a5c986d\">\n                <img\n                    title=\"Annalena Benini, direttrice del Salone Internazionale del Libro di Torino\"\n                    alt=\"Annalena Benini, direttrice del Salone Internazionale del Libro di Torino\"\n                    src=\"http:\/\/www.spaziotorino.it\/scatto\/wp-content\/gallery\/2024_02_14_salto\/cache\/PLA_4398.jpg-nggid0531864-ngg0dyn-60x60x100-00f0w010c011r110f110r010t010.jpg\"\n                    width=\"60\"\n                    height=\"60\"\n                    style=\"max-width:100%;\"\n                \/>\n            <\/a>\n        <\/div>\n\t\t\t\t\t\t\t<\/div> \n\t\t\t\n        \n\t\t\t\t<div id=\"ngg-image-8\" class=\"ngg-gallery-thumbnail-box\" >\n\t\t\t\t        <div class=\"ngg-gallery-thumbnail\">\n            <a href=\"http:\/\/www.spaziotorino.it\/scatto\/wp-content\/gallery\/2024_02_14_salto\/PLA_4403.jpg\"\n               title=\"Vita Immaginaria, il tema dell&#039;edizione 2024 del Salone del Libro\"\n               data-src=\"http:\/\/www.spaziotorino.it\/scatto\/wp-content\/gallery\/2024_02_14_salto\/PLA_4403.jpg\"\n               data-thumbnail=\"http:\/\/www.spaziotorino.it\/scatto\/wp-content\/gallery\/2024_02_14_salto\/thumbs\/thumbs_PLA_4403.jpg\"\n               data-image-id=\"31865\"\n               data-title=\"Vita Immaginaria, il tema dell&#039;edizione 2024 del Salone del Libro\"\n               data-description=\"Vita Immaginaria, il tema dell&#039;edizione 2024 del Salone del Libro\"\n               data-image-slug=\"pla_4403\"\n               class=\"ngg-fancybox\" rel=\"c969d58e486957793b6a9b410a5c986d\">\n                <img\n                    title=\"Vita Immaginaria, il tema dell&#039;edizione 2024 del Salone del Libro\"\n                    alt=\"Vita Immaginaria, il tema dell&#039;edizione 2024 del Salone del Libro\"\n                    src=\"http:\/\/www.spaziotorino.it\/scatto\/wp-content\/gallery\/2024_02_14_salto\/cache\/PLA_4403.jpg-nggid0531865-ngg0dyn-60x60x100-00f0w010c011r110f110r010t010.jpg\"\n                    width=\"60\"\n                    height=\"60\"\n                    style=\"max-width:100%;\"\n                \/>\n            <\/a>\n        <\/div>\n\t\t\t\t\t\t\t<\/div> \n\t\t\t\n        \n\t\t\t\t<div id=\"ngg-image-9\" class=\"ngg-gallery-thumbnail-box\" >\n\t\t\t\t        <div class=\"ngg-gallery-thumbnail\">\n            <a href=\"http:\/\/www.spaziotorino.it\/scatto\/wp-content\/gallery\/2024_02_14_salto\/PLA_4393.jpg\"\n               title=\"Foyer Teatro Regio: conferenza stampa di presentazione dell&#039;edizione 2024 del Salone del Libro\"\n               data-src=\"http:\/\/www.spaziotorino.it\/scatto\/wp-content\/gallery\/2024_02_14_salto\/PLA_4393.jpg\"\n               data-thumbnail=\"http:\/\/www.spaziotorino.it\/scatto\/wp-content\/gallery\/2024_02_14_salto\/thumbs\/thumbs_PLA_4393.jpg\"\n               data-image-id=\"31866\"\n               data-title=\"Foyer Teatro Regio: conferenza stampa di presentazione dell&#039;edizione 2024 del Salone del Libro\"\n               data-description=\"Foyer Teatro Regio: conferenza stampa di presentazione dell&#039;edizione 2024 del Salone del Libro\"\n               data-image-slug=\"pla_4393\"\n               class=\"ngg-fancybox\" rel=\"c969d58e486957793b6a9b410a5c986d\">\n                <img\n                    title=\"Foyer Teatro Regio: conferenza stampa di presentazione dell&#039;edizione 2024 del Salone del Libro\"\n                    alt=\"Foyer Teatro Regio: conferenza stampa di presentazione dell&#039;edizione 2024 del Salone del Libro\"\n                    src=\"http:\/\/www.spaziotorino.it\/scatto\/wp-content\/gallery\/2024_02_14_salto\/cache\/PLA_4393.jpg-nggid0531866-ngg0dyn-60x60x100-00f0w010c011r110f110r010t010.jpg\"\n                    width=\"60\"\n                    height=\"60\"\n                    style=\"max-width:100%;\"\n                \/>\n            <\/a>\n        <\/div>\n\t\t\t\t\t\t\t<\/div> \n\t\t\t\n        \n\t\t\n\t\t<!-- Pagination -->\n\t<div class='ngg-clear'><\/div>\t<\/div>\n\n<p>Il <strong>Salone Internazionale del Libro di Torino<\/strong> torna tra i padiglioni del Lingotto Fiere da <strong>gioved\u00ec 9 a luned\u00ec <span id=\"OBJ_PREFIX_DWT399_com_zimbra_date\" class=\"Object\" role=\"link\">13 maggio 2024<\/span><\/strong>, sotto la nuova direzione di <strong>Annalena Benini<\/strong>.&nbsp;<\/p>\n<p><em><strong>Vita immaginaria<\/strong><\/em> <strong>\u00e8 il tema della XXXVI edizione<\/strong>. Un omaggio alla vita immaginaria in tutte le sue forme, al suo modo creativo e sempre nuovo di creare altri mondi e di farli incontrare. Come diceva Natalia Ginzburg, la vita immaginaria muove la vita creativa e a volte anticipa la vita reale. L\u2019illustrazione \u00e8 stata realizzata da <strong>Sara Colaone<\/strong>, illustratrice, autrice di fumetti e insegnante di Fumetto e Illustrazione all\u2019Accademia di Belle Arti di Bologna.<\/p>\n<p>La XXXVI edizione \u00e8 stata presentata <span id=\"OBJ_PREFIX_DWT400_com_zimbra_date\" class=\"Object\" role=\"link\">oggi<\/span> &#8211; <strong>mercoled\u00ec 14 febbraio<\/strong> &#8211; presso il Teatro Regio da <strong>Silvio Viale<\/strong>, Presidente dell\u2019Associazione Torino, La Citt\u00e0 del Libro; <strong>Vittoria Poggio<\/strong>, assessore alla Cultura, Turismo e Commercio della Regione Piemonte; <strong>Stefano Lo Russo<\/strong>, Sindaco della Citt\u00e0 di Torino; <strong>Giovanni Toti<\/strong>, Presidente della Regione Liguria; <strong>Giulio Biino<\/strong>, Presidente della Fondazione Circolo dei lettori; <strong>Alessandro Isaia<\/strong>, Segretario Generale della Fondazione per la Cultura Torino; <strong>Alberto Anfossi<\/strong>, Segretario Generale della Fondazione Compagnia di San Paolo; <strong>Andrea Varese<\/strong>, Segretario Generale di Fondazione CRT; <strong>Dario Gallina<\/strong>, Presidente della Camera di commercio di Torino; <strong>Tiziana D\u2019Amico<\/strong>, Head Of Partnership Artistico Culturali di Intesa Sanpaolo e <strong>Annalena Benini<\/strong>, Direttrice editoriale del Salone Internazionale del Libro di Torino. Presenti in sala anche <strong>Rosanna Purchia<\/strong>, assessore alla Cultura della Citt\u00e0 di Torino.<\/p>\n<p><strong>Anticipazioni sul programma<\/strong><\/p>\n<p>Il programma completo sar\u00e0 diffuso ad aprile, ma <span id=\"OBJ_PREFIX_DWT401_com_zimbra_date\" class=\"Object\" role=\"link\">oggi<\/span> sono stati anticipati alcuni ospiti. <strong>Elizabeth Strout<\/strong>, una delle autrici pi\u00f9 incisive della letteratura contemporanea americana, inaugurer\u00e0 la manifestazione con una riflessione sulle donne e il loro spazio nel mondo.&nbsp;<\/p>\n<p>Come gi\u00e0 annunciato, una delle novit\u00e0 della XXXVI edizione \u00e8 la creazione di <strong>sette sezioni<\/strong> parallele al programma generale. Per ogni sezione i curatori hanno ideato <strong>tre o quattro incontri-evento<\/strong> che condurranno durante il Salone. Tra i primi nomi annunciati: per la sezione <strong>arte,<\/strong> curata da <strong>Melania G. Mazzucco<\/strong>, ci sar\u00e0 la scrittrice <strong>Alexandra Lapierre<\/strong>; sar\u00e0 presente il regista <strong>Paolo Sorrentino<\/strong>, in dialogo con <strong>Francesco Piccolo<\/strong>, curatore della sezione <strong>cinema<\/strong>; per la sezione&nbsp;<strong>editoria<\/strong>, curata da <strong>Teresa Cremisi<\/strong>, ci sar\u00e0 l&#8217;editore <strong>Antoine Gallimard<\/strong>; parleranno di <strong>informazione<\/strong>&nbsp;il curatore <strong>Francesco Costa<\/strong> con la giornalista <strong>Jill Abramson<\/strong>; <strong>Luciana Littizzetto<\/strong>, curatrice della sezione <strong>leggerezza<\/strong>, dialogher\u00e0 con il cantante <strong>Gianni Morandi<\/strong> sulla figura di Marcello Marchesi; per la sezione <strong>romance<\/strong>, la curatrice <strong>Erin Doom<\/strong> parler\u00e0 con l&#8217;autrice <strong>Mercedes Ron<\/strong>; infine, <strong>Alessandro Piperno<\/strong>, curatore della sezione <strong>romanzo<\/strong>, dialogher\u00e0 con lo scrittore <strong>Domenico Starnone<\/strong>.<\/p>\n<p>Nel programma generale, tra gli ospiti internazionali saranno presenti al Salone: il premio Nobel <strong>Abdulrazak Gurnah<\/strong>, l&#8217;autore di bestseller <strong>David Nicholls<\/strong>, due voci della letteratura latinoamericana contemporanea, <strong>Guadalupe Nettel<\/strong> e <strong>Camila Sosa Villada<\/strong>, e per i piccoli lettori lo scrittore bestseller <strong>Jeff Kinney<\/strong>.&nbsp;<\/p>\n<p><strong>Il Salone del Libro in Italia e nel mondo<\/strong><\/p>\n<p>Si confermano le storiche collaborazioni del Salone in Italia e nel mondo, e si aggiungono nuove e rinnovate sinergie con \u2013 tra i tanti \u2013 associazioni di categoria della filiera editoriali, enti culturali e istituzionali, manifestazioni, fondazioni e musei per la realizzazione e la prosecuzione di progetti di respiro nazionale e internazionale. Rai si conferma Main Media Partner.<\/p>\n<p><strong>Gli spazi, le novit\u00e0 e i ritorni<\/strong><\/p>\n<p>Torna anche per questa edizione la <strong>Pista 500<\/strong>, &nbsp;progetto artistico di <strong>Pinacoteca Agnelli <\/strong>sull\u2019iconica pista di collaudo delle automobili FIAT sul tetto del Lingotto.&nbsp;Torna uno degli spazi pi\u00f9 giovani, animati e frequentati delle ultime edizioni, il <strong>Palco Live<\/strong> e il camper di <strong>Margherita Schirmacher<\/strong>, che si trasformer\u00e0 in uno spazio eventi.&nbsp;<\/p>\n<p>La <strong>lingua ospite<\/strong> dell&#8217;edizione 2024 \u00e8 il <strong>tedesco<\/strong>, mentre la <strong>regione ospite<\/strong> \u00e8 la <strong>Liguria<\/strong>.&nbsp;<\/p>\n<p>Tutte le informazioni nelle pagine del <a href=\"https:\/\/www.salonelibro.it\/\"><strong>Salone del Libro<\/strong><\/a><\/p>\n","protected":false},"excerpt":{"rendered":"<p>Il Salone Internazionale del Libro di Torino torna tra i padiglioni del Lingotto Fiere da gioved\u00ec 9 a luned\u00ec 13 maggio 2024, sotto la nuova direzione di Annalena Benini.&nbsp; Vita immaginaria \u00e8 il tema della XXXVI edizione. Un omaggio alla vita immaginaria in tutte le sue forme, al suo modo creativo e sempre nuovo di [&hellip;]<\/p>\n","protected":false},"author":1,"featured_media":0,"comment_status":"closed","ping_status":"open","sticky":false,"template":"","format":"standard","meta":{"ngg_post_thumbnail":0},"categories":[54,1],"tags":[],"_links":{"self":[{"href":"http:\/\/www.spaziotorino.it\/scatto\/index.php?rest_route=\/wp\/v2\/posts\/49111"}],"collection":[{"href":"http:\/\/www.spaziotorino.it\/scatto\/index.php?rest_route=\/wp\/v2\/posts"}],"about":[{"href":"http:\/\/www.spaziotorino.it\/scatto\/index.php?rest_route=\/wp\/v2\/types\/post"}],"author":[{"embeddable":true,"href":"http:\/\/www.spaziotorino.it\/scatto\/index.php?rest_route=\/wp\/v2\/users\/1"}],"replies":[{"embeddable":true,"href":"http:\/\/www.spaziotorino.it\/scatto\/index.php?rest_route=%2Fwp%2Fv2%2Fcomments&post=49111"}],"version-history":[{"count":1,"href":"http:\/\/www.spaziotorino.it\/scatto\/index.php?rest_route=\/wp\/v2\/posts\/49111\/revisions"}],"predecessor-version":[{"id":49114,"href":"http:\/\/www.spaziotorino.it\/scatto\/index.php?rest_route=\/wp\/v2\/posts\/49111\/revisions\/49114"}],"wp:attachment":[{"href":"http:\/\/www.spaziotorino.it\/scatto\/index.php?rest_route=%2Fwp%2Fv2%2Fmedia&parent=49111"}],"wp:term":[{"taxonomy":"category","embeddable":true,"href":"http:\/\/www.spaziotorino.it\/scatto\/index.php?rest_route=%2Fwp%2Fv2%2Fcategories&post=49111"},{"taxonomy":"post_tag","embeddable":true,"href":"http:\/\/www.spaziotorino.it\/scatto\/index.php?rest_route=%2Fwp%2Fv2%2Ftags&post=49111"}],"curies":[{"name":"wp","href":"https:\/\/api.w.org\/{rel}","templated":true}]}}