{"id":49521,"date":"2024-03-15T16:36:43","date_gmt":"2024-03-15T15:36:43","guid":{"rendered":"http:\/\/www.spaziotorino.it\/scatto\/?p=49521"},"modified":"2024-03-15T16:36:43","modified_gmt":"2024-03-15T15:36:43","slug":"10-nuovi-cittadini-italiani-hanno-giurato-in-sala-rossa","status":"publish","type":"post","link":"http:\/\/www.spaziotorino.it\/scatto\/?p=49521","title":{"rendered":"10 nuovi cittadini italiani hanno giurato in Sala Rossa"},"content":{"rendered":"<p><a class=\"ngg-fancybox\" title=\"10 nuovi cittadini italiani hanno giurato in Sala Rossa\" href=\"http:\/\/www.spaziotorino.it\/scatto\/wp-content\/gallery\/2024_03_15_cittadinanza\/PLA_0026.jpg\" rel=\"lightbox[set_2162]\"><br \/>\n<img decoding=\"async\" loading=\"lazy\" class=\"ngg-singlepic\" title=\"10 nuovi cittadini italiani hanno giurato in Sala Rossa\" src=\"http:\/\/www.spaziotorino.it\/scatto\/wp-content\/gallery\/2024_03_15_cittadinanza\/PLA_0026.jpg\" alt=\"\" width=\"540\" height=\"360\"\/><\/a><\/p>\n<!-- index.php -->\n<div\n\tclass=\"ngg-galleryoverview ngg-ajax-pagination-none\"\n\tid=\"ngg-gallery-c8e3adc463db36c44bcbe1392e34d95b-1\">\n\n    \t\t<!-- Thumbnails -->\n\t\t\t\t<div id=\"ngg-image-0\" class=\"ngg-gallery-thumbnail-box\" >\n\t\t\t\t        <div class=\"ngg-gallery-thumbnail\">\n            <a href=\"http:\/\/www.spaziotorino.it\/scatto\/wp-content\/gallery\/2024_03_15_cittadinanza\/PLA_9811.jpg\"\n               title=\"Un momento della  cerimonia collettiva per l\u2019acquisto della cittadinanza italiana che si \u00e8 svolta in Sala Rossa\"\n               data-src=\"http:\/\/www.spaziotorino.it\/scatto\/wp-content\/gallery\/2024_03_15_cittadinanza\/PLA_9811.jpg\"\n               data-thumbnail=\"http:\/\/www.spaziotorino.it\/scatto\/wp-content\/gallery\/2024_03_15_cittadinanza\/thumbs\/thumbs_PLA_9811.jpg\"\n               data-image-id=\"32150\"\n               data-title=\"Un momento della  cerimonia collettiva per l\u2019acquisto della cittadinanza italiana che si \u00e8 svolta in Sala Rossa\"\n               data-description=\"Un momento della  cerimonia collettiva per l\u2019acquisto della cittadinanza italiana che si \u00e8 svolta in Sala Rossa\"\n               data-image-slug=\"pla_9811-1\"\n               class=\"ngg-fancybox\" rel=\"c8e3adc463db36c44bcbe1392e34d95b\">\n                <img\n                    title=\"Un momento della  cerimonia collettiva per l\u2019acquisto della cittadinanza italiana che si \u00e8 svolta in Sala Rossa\"\n                    alt=\"Un momento della  cerimonia collettiva per l\u2019acquisto della cittadinanza italiana che si \u00e8 svolta in Sala Rossa\"\n                    src=\"http:\/\/www.spaziotorino.it\/scatto\/wp-content\/gallery\/2024_03_15_cittadinanza\/cache\/PLA_9811.jpg-nggid0532150-ngg0dyn-60x60x100-00f0w010c011r110f110r010t010.jpg\"\n                    width=\"60\"\n                    height=\"60\"\n                    style=\"max-width:100%;\"\n                \/>\n            <\/a>\n        <\/div>\n\t\t\t\t\t\t\t<\/div> \n\t\t\t\n        \n\t\t\t\t<div id=\"ngg-image-1\" class=\"ngg-gallery-thumbnail-box\" >\n\t\t\t\t        <div class=\"ngg-gallery-thumbnail\">\n            <a href=\"http:\/\/www.spaziotorino.it\/scatto\/wp-content\/gallery\/2024_03_15_cittadinanza\/PLA_9813.jpg\"\n               title=\"10 nuovi cittadini italiani hanno giurato in Sala Rossa\"\n               data-src=\"http:\/\/www.spaziotorino.it\/scatto\/wp-content\/gallery\/2024_03_15_cittadinanza\/PLA_9813.jpg\"\n               data-thumbnail=\"http:\/\/www.spaziotorino.it\/scatto\/wp-content\/gallery\/2024_03_15_cittadinanza\/thumbs\/thumbs_PLA_9813.jpg\"\n               data-image-id=\"32147\"\n               data-title=\"10 nuovi cittadini italiani hanno giurato in Sala Rossa\"\n               data-description=\"10 nuovi cittadini italiani hanno giurato in Sala Rossa\"\n               data-image-slug=\"pla_9813-1\"\n               class=\"ngg-fancybox\" rel=\"c8e3adc463db36c44bcbe1392e34d95b\">\n                <img\n                    title=\"10 nuovi cittadini italiani hanno giurato in Sala Rossa\"\n                    alt=\"10 nuovi cittadini italiani hanno giurato in Sala Rossa\"\n                    src=\"http:\/\/www.spaziotorino.it\/scatto\/wp-content\/gallery\/2024_03_15_cittadinanza\/cache\/PLA_9813.jpg-nggid0532147-ngg0dyn-60x60x100-00f0w010c011r110f110r010t010.jpg\"\n                    width=\"60\"\n                    height=\"60\"\n                    style=\"max-width:100%;\"\n                \/>\n            <\/a>\n        <\/div>\n\t\t\t\t\t\t\t<\/div> \n\t\t\t\n        \n\t\t\t\t<div id=\"ngg-image-2\" class=\"ngg-gallery-thumbnail-box\" >\n\t\t\t\t        <div class=\"ngg-gallery-thumbnail\">\n            <a href=\"http:\/\/www.spaziotorino.it\/scatto\/wp-content\/gallery\/2024_03_15_cittadinanza\/PLA_9819.jpg\"\n               title=\"Un momento della  cerimonia collettiva per l\u2019acquisto della cittadinanza italiana che si \u00e8 svolta in Sala Rossa\"\n               data-src=\"http:\/\/www.spaziotorino.it\/scatto\/wp-content\/gallery\/2024_03_15_cittadinanza\/PLA_9819.jpg\"\n               data-thumbnail=\"http:\/\/www.spaziotorino.it\/scatto\/wp-content\/gallery\/2024_03_15_cittadinanza\/thumbs\/thumbs_PLA_9819.jpg\"\n               data-image-id=\"32151\"\n               data-title=\"Un momento della  cerimonia collettiva per l\u2019acquisto della cittadinanza italiana che si \u00e8 svolta in Sala Rossa\"\n               data-description=\"Un momento della  cerimonia collettiva per l\u2019acquisto della cittadinanza italiana che si \u00e8 svolta in Sala Rossa\"\n               data-image-slug=\"pla_9819\"\n               class=\"ngg-fancybox\" rel=\"c8e3adc463db36c44bcbe1392e34d95b\">\n                <img\n                    title=\"Un momento della  cerimonia collettiva per l\u2019acquisto della cittadinanza italiana che si \u00e8 svolta in Sala Rossa\"\n                    alt=\"Un momento della  cerimonia collettiva per l\u2019acquisto della cittadinanza italiana che si \u00e8 svolta in Sala Rossa\"\n                    src=\"http:\/\/www.spaziotorino.it\/scatto\/wp-content\/gallery\/2024_03_15_cittadinanza\/cache\/PLA_9819.jpg-nggid0532151-ngg0dyn-60x60x100-00f0w010c011r110f110r010t010.jpg\"\n                    width=\"60\"\n                    height=\"60\"\n                    style=\"max-width:100%;\"\n                \/>\n            <\/a>\n        <\/div>\n\t\t\t\t\t\t\t<\/div> \n\t\t\t\n        \n\t\t\t\t<div id=\"ngg-image-3\" class=\"ngg-gallery-thumbnail-box\" >\n\t\t\t\t        <div class=\"ngg-gallery-thumbnail\">\n            <a href=\"http:\/\/www.spaziotorino.it\/scatto\/wp-content\/gallery\/2024_03_15_cittadinanza\/PLA_9827.jpg\"\n               title=\"La presidente del Consiglio comunale Maria Grazia Grippo\"\n               data-src=\"http:\/\/www.spaziotorino.it\/scatto\/wp-content\/gallery\/2024_03_15_cittadinanza\/PLA_9827.jpg\"\n               data-thumbnail=\"http:\/\/www.spaziotorino.it\/scatto\/wp-content\/gallery\/2024_03_15_cittadinanza\/thumbs\/thumbs_PLA_9827.jpg\"\n               data-image-id=\"32153\"\n               data-title=\"La presidente del Consiglio comunale Maria Grazia Grippo\"\n               data-description=\"La presidente del Consiglio comunale Maria Grazia Grippo\"\n               data-image-slug=\"pla_9827-1\"\n               class=\"ngg-fancybox\" rel=\"c8e3adc463db36c44bcbe1392e34d95b\">\n                <img\n                    title=\"La presidente del Consiglio comunale Maria Grazia Grippo\"\n                    alt=\"La presidente del Consiglio comunale Maria Grazia Grippo\"\n                    src=\"http:\/\/www.spaziotorino.it\/scatto\/wp-content\/gallery\/2024_03_15_cittadinanza\/cache\/PLA_9827.jpg-nggid0532153-ngg0dyn-60x60x100-00f0w010c011r110f110r010t010.jpg\"\n                    width=\"60\"\n                    height=\"60\"\n                    style=\"max-width:100%;\"\n                \/>\n            <\/a>\n        <\/div>\n\t\t\t\t\t\t\t<\/div> \n\t\t\t\n        \n\t\t\t\t<div id=\"ngg-image-4\" class=\"ngg-gallery-thumbnail-box\" >\n\t\t\t\t        <div class=\"ngg-gallery-thumbnail\">\n            <a href=\"http:\/\/www.spaziotorino.it\/scatto\/wp-content\/gallery\/2024_03_15_cittadinanza\/PLA_9850.jpg\"\n               title=\"L&#039;assessore Tresso porta i saluti istituzionali della Citt\u00e0\"\n               data-src=\"http:\/\/www.spaziotorino.it\/scatto\/wp-content\/gallery\/2024_03_15_cittadinanza\/PLA_9850.jpg\"\n               data-thumbnail=\"http:\/\/www.spaziotorino.it\/scatto\/wp-content\/gallery\/2024_03_15_cittadinanza\/thumbs\/thumbs_PLA_9850.jpg\"\n               data-image-id=\"32154\"\n               data-title=\"L&#039;assessore Tresso porta i saluti istituzionali della Citt\u00e0\"\n               data-description=\"L&#039;assessore Tresso porta i saluti istituzionali della Citt\u00e0\"\n               data-image-slug=\"pla_9850\"\n               class=\"ngg-fancybox\" rel=\"c8e3adc463db36c44bcbe1392e34d95b\">\n                <img\n                    title=\"L&#039;assessore Tresso porta i saluti istituzionali della Citt\u00e0\"\n                    alt=\"L&#039;assessore Tresso porta i saluti istituzionali della Citt\u00e0\"\n                    src=\"http:\/\/www.spaziotorino.it\/scatto\/wp-content\/gallery\/2024_03_15_cittadinanza\/cache\/PLA_9850.jpg-nggid0532154-ngg0dyn-60x60x100-00f0w010c011r110f110r010t010.jpg\"\n                    width=\"60\"\n                    height=\"60\"\n                    style=\"max-width:100%;\"\n                \/>\n            <\/a>\n        <\/div>\n\t\t\t\t\t\t\t<\/div> \n\t\t\t\n        \n\t\t\t\t<div id=\"ngg-image-5\" class=\"ngg-gallery-thumbnail-box\" >\n\t\t\t\t        <div class=\"ngg-gallery-thumbnail\">\n            <a href=\"http:\/\/www.spaziotorino.it\/scatto\/wp-content\/gallery\/2024_03_15_cittadinanza\/PLA_9852.jpg\"\n               title=\"Un momento della  cerimonia collettiva per l\u2019acquisto della cittadinanza italiana che si \u00e8 svolta in Sala Rossa\"\n               data-src=\"http:\/\/www.spaziotorino.it\/scatto\/wp-content\/gallery\/2024_03_15_cittadinanza\/PLA_9852.jpg\"\n               data-thumbnail=\"http:\/\/www.spaziotorino.it\/scatto\/wp-content\/gallery\/2024_03_15_cittadinanza\/thumbs\/thumbs_PLA_9852.jpg\"\n               data-image-id=\"32155\"\n               data-title=\"Un momento della  cerimonia collettiva per l\u2019acquisto della cittadinanza italiana che si \u00e8 svolta in Sala Rossa\"\n               data-description=\"Un momento della  cerimonia collettiva per l\u2019acquisto della cittadinanza italiana che si \u00e8 svolta in Sala Rossa\"\n               data-image-slug=\"pla_9852-2\"\n               class=\"ngg-fancybox\" rel=\"c8e3adc463db36c44bcbe1392e34d95b\">\n                <img\n                    title=\"Un momento della  cerimonia collettiva per l\u2019acquisto della cittadinanza italiana che si \u00e8 svolta in Sala Rossa\"\n                    alt=\"Un momento della  cerimonia collettiva per l\u2019acquisto della cittadinanza italiana che si \u00e8 svolta in Sala Rossa\"\n                    src=\"http:\/\/www.spaziotorino.it\/scatto\/wp-content\/gallery\/2024_03_15_cittadinanza\/cache\/PLA_9852.jpg-nggid0532155-ngg0dyn-60x60x100-00f0w010c011r110f110r010t010.jpg\"\n                    width=\"60\"\n                    height=\"60\"\n                    style=\"max-width:100%;\"\n                \/>\n            <\/a>\n        <\/div>\n\t\t\t\t\t\t\t<\/div> \n\t\t\t\n        \n\t\t\t\t<div id=\"ngg-image-6\" class=\"ngg-gallery-thumbnail-box\" >\n\t\t\t\t        <div class=\"ngg-gallery-thumbnail\">\n            <a href=\"http:\/\/www.spaziotorino.it\/scatto\/wp-content\/gallery\/2024_03_15_cittadinanza\/PLA_9858.jpg\"\n               title=\"Un momento della  cerimonia collettiva per l\u2019acquisto della cittadinanza italiana che si \u00e8 svolta in Sala Rossa\"\n               data-src=\"http:\/\/www.spaziotorino.it\/scatto\/wp-content\/gallery\/2024_03_15_cittadinanza\/PLA_9858.jpg\"\n               data-thumbnail=\"http:\/\/www.spaziotorino.it\/scatto\/wp-content\/gallery\/2024_03_15_cittadinanza\/thumbs\/thumbs_PLA_9858.jpg\"\n               data-image-id=\"32157\"\n               data-title=\"Un momento della  cerimonia collettiva per l\u2019acquisto della cittadinanza italiana che si \u00e8 svolta in Sala Rossa\"\n               data-description=\"Un momento della  cerimonia collettiva per l\u2019acquisto della cittadinanza italiana che si \u00e8 svolta in Sala Rossa\"\n               data-image-slug=\"pla_9858-1\"\n               class=\"ngg-fancybox\" rel=\"c8e3adc463db36c44bcbe1392e34d95b\">\n                <img\n                    title=\"Un momento della  cerimonia collettiva per l\u2019acquisto della cittadinanza italiana che si \u00e8 svolta in Sala Rossa\"\n                    alt=\"Un momento della  cerimonia collettiva per l\u2019acquisto della cittadinanza italiana che si \u00e8 svolta in Sala Rossa\"\n                    src=\"http:\/\/www.spaziotorino.it\/scatto\/wp-content\/gallery\/2024_03_15_cittadinanza\/cache\/PLA_9858.jpg-nggid0532157-ngg0dyn-60x60x100-00f0w010c011r110f110r010t010.jpg\"\n                    width=\"60\"\n                    height=\"60\"\n                    style=\"max-width:100%;\"\n                \/>\n            <\/a>\n        <\/div>\n\t\t\t\t\t\t\t<\/div> \n\t\t\t\n        \n\t\t\t\t<div id=\"ngg-image-7\" class=\"ngg-gallery-thumbnail-box\" >\n\t\t\t\t        <div class=\"ngg-gallery-thumbnail\">\n            <a href=\"http:\/\/www.spaziotorino.it\/scatto\/wp-content\/gallery\/2024_03_15_cittadinanza\/PLA_9856.jpg\"\n               title=\"Un momento della  cerimonia collettiva per l\u2019acquisto della cittadinanza italiana che si \u00e8 svolta in Sala Rossa\"\n               data-src=\"http:\/\/www.spaziotorino.it\/scatto\/wp-content\/gallery\/2024_03_15_cittadinanza\/PLA_9856.jpg\"\n               data-thumbnail=\"http:\/\/www.spaziotorino.it\/scatto\/wp-content\/gallery\/2024_03_15_cittadinanza\/thumbs\/thumbs_PLA_9856.jpg\"\n               data-image-id=\"32158\"\n               data-title=\"Un momento della  cerimonia collettiva per l\u2019acquisto della cittadinanza italiana che si \u00e8 svolta in Sala Rossa\"\n               data-description=\"Un momento della  cerimonia collettiva per l\u2019acquisto della cittadinanza italiana che si \u00e8 svolta in Sala Rossa\"\n               data-image-slug=\"pla_9856\"\n               class=\"ngg-fancybox\" rel=\"c8e3adc463db36c44bcbe1392e34d95b\">\n                <img\n                    title=\"Un momento della  cerimonia collettiva per l\u2019acquisto della cittadinanza italiana che si \u00e8 svolta in Sala Rossa\"\n                    alt=\"Un momento della  cerimonia collettiva per l\u2019acquisto della cittadinanza italiana che si \u00e8 svolta in Sala Rossa\"\n                    src=\"http:\/\/www.spaziotorino.it\/scatto\/wp-content\/gallery\/2024_03_15_cittadinanza\/cache\/PLA_9856.jpg-nggid0532158-ngg0dyn-60x60x100-00f0w010c011r110f110r010t010.jpg\"\n                    width=\"60\"\n                    height=\"60\"\n                    style=\"max-width:100%;\"\n                \/>\n            <\/a>\n        <\/div>\n\t\t\t\t\t\t\t<\/div> \n\t\t\t\n        \n\t\t\t\t<div id=\"ngg-image-8\" class=\"ngg-gallery-thumbnail-box\" >\n\t\t\t\t        <div class=\"ngg-gallery-thumbnail\">\n            <a href=\"http:\/\/www.spaziotorino.it\/scatto\/wp-content\/gallery\/2024_03_15_cittadinanza\/PLA_9887.jpg\"\n               title=\"Un momento della  cerimonia collettiva per l\u2019acquisto della cittadinanza italiana che si \u00e8 svolta in Sala Rossa\"\n               data-src=\"http:\/\/www.spaziotorino.it\/scatto\/wp-content\/gallery\/2024_03_15_cittadinanza\/PLA_9887.jpg\"\n               data-thumbnail=\"http:\/\/www.spaziotorino.it\/scatto\/wp-content\/gallery\/2024_03_15_cittadinanza\/thumbs\/thumbs_PLA_9887.jpg\"\n               data-image-id=\"32159\"\n               data-title=\"Un momento della  cerimonia collettiva per l\u2019acquisto della cittadinanza italiana che si \u00e8 svolta in Sala Rossa\"\n               data-description=\"Un momento della  cerimonia collettiva per l\u2019acquisto della cittadinanza italiana che si \u00e8 svolta in Sala Rossa\"\n               data-image-slug=\"pla_9887-3\"\n               class=\"ngg-fancybox\" rel=\"c8e3adc463db36c44bcbe1392e34d95b\">\n                <img\n                    title=\"Un momento della  cerimonia collettiva per l\u2019acquisto della cittadinanza italiana che si \u00e8 svolta in Sala Rossa\"\n                    alt=\"Un momento della  cerimonia collettiva per l\u2019acquisto della cittadinanza italiana che si \u00e8 svolta in Sala Rossa\"\n                    src=\"http:\/\/www.spaziotorino.it\/scatto\/wp-content\/gallery\/2024_03_15_cittadinanza\/cache\/PLA_9887.jpg-nggid0532159-ngg0dyn-60x60x100-00f0w010c011r110f110r010t010.jpg\"\n                    width=\"60\"\n                    height=\"60\"\n                    style=\"max-width:100%;\"\n                \/>\n            <\/a>\n        <\/div>\n\t\t\t\t\t\t\t<\/div> \n\t\t\t\n        \n\t\t\t\t<div id=\"ngg-image-9\" class=\"ngg-gallery-thumbnail-box\" >\n\t\t\t\t        <div class=\"ngg-gallery-thumbnail\">\n            <a href=\"http:\/\/www.spaziotorino.it\/scatto\/wp-content\/gallery\/2024_03_15_cittadinanza\/PLA_9882.jpg\"\n               title=\"La consegna di una copia della Costituzione Italiana e, in ricordo della giornata, una stampa storica della citt\u00e0 ed una spilla con il simbolo della Citt\u00e0 di Torino\"\n               data-src=\"http:\/\/www.spaziotorino.it\/scatto\/wp-content\/gallery\/2024_03_15_cittadinanza\/PLA_9882.jpg\"\n               data-thumbnail=\"http:\/\/www.spaziotorino.it\/scatto\/wp-content\/gallery\/2024_03_15_cittadinanza\/thumbs\/thumbs_PLA_9882.jpg\"\n               data-image-id=\"32156\"\n               data-title=\"La consegna di una copia della Costituzione Italiana e, in ricordo della giornata, una stampa storica della citt\u00e0 ed una spilla con il simbolo della Citt\u00e0 di Torino\"\n               data-description=\"La consegna di una copia della Costituzione Italiana e, in ricordo della giornata, una stampa storica della citt\u00e0 ed una spilla con il simbolo della Citt\u00e0 di Torino\"\n               data-image-slug=\"pla_9882-1\"\n               class=\"ngg-fancybox\" rel=\"c8e3adc463db36c44bcbe1392e34d95b\">\n                <img\n                    title=\"La consegna di una copia della Costituzione Italiana e, in ricordo della giornata, una stampa storica della citt\u00e0 ed una spilla con il simbolo della Citt\u00e0 di Torino\"\n                    alt=\"La consegna di una copia della Costituzione Italiana e, in ricordo della giornata, una stampa storica della citt\u00e0 ed una spilla con il simbolo della Citt\u00e0 di Torino\"\n                    src=\"http:\/\/www.spaziotorino.it\/scatto\/wp-content\/gallery\/2024_03_15_cittadinanza\/cache\/PLA_9882.jpg-nggid0532156-ngg0dyn-60x60x100-00f0w010c011r110f110r010t010.jpg\"\n                    width=\"60\"\n                    height=\"60\"\n                    style=\"max-width:100%;\"\n                \/>\n            <\/a>\n        <\/div>\n\t\t\t\t\t\t\t<\/div> \n\t\t\t\n        \n\t\t\t\t<div id=\"ngg-image-10\" class=\"ngg-gallery-thumbnail-box\" >\n\t\t\t\t        <div class=\"ngg-gallery-thumbnail\">\n            <a href=\"http:\/\/www.spaziotorino.it\/scatto\/wp-content\/gallery\/2024_03_15_cittadinanza\/PLA_9903.jpg\"\n               title=\"La consegna di una copia della Costituzione Italiana e, in ricordo della giornata, una stampa storica della citt\u00e0 ed una spilla con il simbolo della Citt\u00e0 di Torino\"\n               data-src=\"http:\/\/www.spaziotorino.it\/scatto\/wp-content\/gallery\/2024_03_15_cittadinanza\/PLA_9903.jpg\"\n               data-thumbnail=\"http:\/\/www.spaziotorino.it\/scatto\/wp-content\/gallery\/2024_03_15_cittadinanza\/thumbs\/thumbs_PLA_9903.jpg\"\n               data-image-id=\"32160\"\n               data-title=\"La consegna di una copia della Costituzione Italiana e, in ricordo della giornata, una stampa storica della citt\u00e0 ed una spilla con il simbolo della Citt\u00e0 di Torino\"\n               data-description=\"La consegna di una copia della Costituzione Italiana e, in ricordo della giornata, una stampa storica della citt\u00e0 ed una spilla con il simbolo della Citt\u00e0 di Torino\"\n               data-image-slug=\"pla_9903\"\n               class=\"ngg-fancybox\" rel=\"c8e3adc463db36c44bcbe1392e34d95b\">\n                <img\n                    title=\"La consegna di una copia della Costituzione Italiana e, in ricordo della giornata, una stampa storica della citt\u00e0 ed una spilla con il simbolo della Citt\u00e0 di Torino\"\n                    alt=\"La consegna di una copia della Costituzione Italiana e, in ricordo della giornata, una stampa storica della citt\u00e0 ed una spilla con il simbolo della Citt\u00e0 di Torino\"\n                    src=\"http:\/\/www.spaziotorino.it\/scatto\/wp-content\/gallery\/2024_03_15_cittadinanza\/cache\/PLA_9903.jpg-nggid0532160-ngg0dyn-60x60x100-00f0w010c011r110f110r010t010.jpg\"\n                    width=\"60\"\n                    height=\"60\"\n                    style=\"max-width:100%;\"\n                \/>\n            <\/a>\n        <\/div>\n\t\t\t\t\t\t\t<\/div> \n\t\t\t\n        \n\t\t\t\t<div id=\"ngg-image-11\" class=\"ngg-gallery-thumbnail-box\" >\n\t\t\t\t        <div class=\"ngg-gallery-thumbnail\">\n            <a href=\"http:\/\/www.spaziotorino.it\/scatto\/wp-content\/gallery\/2024_03_15_cittadinanza\/PLA_9941.jpg\"\n               title=\"La consegna di una copia della Costituzione Italiana e, in ricordo della giornata, una stampa storica della citt\u00e0 ed una spilla con il simbolo della Citt\u00e0 di Torino\"\n               data-src=\"http:\/\/www.spaziotorino.it\/scatto\/wp-content\/gallery\/2024_03_15_cittadinanza\/PLA_9941.jpg\"\n               data-thumbnail=\"http:\/\/www.spaziotorino.it\/scatto\/wp-content\/gallery\/2024_03_15_cittadinanza\/thumbs\/thumbs_PLA_9941.jpg\"\n               data-image-id=\"32161\"\n               data-title=\"La consegna di una copia della Costituzione Italiana e, in ricordo della giornata, una stampa storica della citt\u00e0 ed una spilla con il simbolo della Citt\u00e0 di Torino\"\n               data-description=\"La consegna di una copia della Costituzione Italiana e, in ricordo della giornata, una stampa storica della citt\u00e0 ed una spilla con il simbolo della Citt\u00e0 di Torino\"\n               data-image-slug=\"pla_9941\"\n               class=\"ngg-fancybox\" rel=\"c8e3adc463db36c44bcbe1392e34d95b\">\n                <img\n                    title=\"La consegna di una copia della Costituzione Italiana e, in ricordo della giornata, una stampa storica della citt\u00e0 ed una spilla con il simbolo della Citt\u00e0 di Torino\"\n                    alt=\"La consegna di una copia della Costituzione Italiana e, in ricordo della giornata, una stampa storica della citt\u00e0 ed una spilla con il simbolo della Citt\u00e0 di Torino\"\n                    src=\"http:\/\/www.spaziotorino.it\/scatto\/wp-content\/gallery\/2024_03_15_cittadinanza\/cache\/PLA_9941.jpg-nggid0532161-ngg0dyn-60x60x100-00f0w010c011r110f110r010t010.jpg\"\n                    width=\"60\"\n                    height=\"60\"\n                    style=\"max-width:100%;\"\n                \/>\n            <\/a>\n        <\/div>\n\t\t\t\t\t\t\t<\/div> \n\t\t\t\n        \n\t\t\t\t<div id=\"ngg-image-12\" class=\"ngg-gallery-thumbnail-box\" >\n\t\t\t\t        <div class=\"ngg-gallery-thumbnail\">\n            <a href=\"http:\/\/www.spaziotorino.it\/scatto\/wp-content\/gallery\/2024_03_15_cittadinanza\/PLA_9926.jpg\"\n               title=\"La consegna di una copia della Costituzione Italiana e, in ricordo della giornata, una stampa storica della citt\u00e0 ed una spilla con il simbolo della Citt\u00e0 di Torino\"\n               data-src=\"http:\/\/www.spaziotorino.it\/scatto\/wp-content\/gallery\/2024_03_15_cittadinanza\/PLA_9926.jpg\"\n               data-thumbnail=\"http:\/\/www.spaziotorino.it\/scatto\/wp-content\/gallery\/2024_03_15_cittadinanza\/thumbs\/thumbs_PLA_9926.jpg\"\n               data-image-id=\"32162\"\n               data-title=\"La consegna di una copia della Costituzione Italiana e, in ricordo della giornata, una stampa storica della citt\u00e0 ed una spilla con il simbolo della Citt\u00e0 di Torino\"\n               data-description=\"La consegna di una copia della Costituzione Italiana e, in ricordo della giornata, una stampa storica della citt\u00e0 ed una spilla con il simbolo della Citt\u00e0 di Torino\"\n               data-image-slug=\"pla_9926-1\"\n               class=\"ngg-fancybox\" rel=\"c8e3adc463db36c44bcbe1392e34d95b\">\n                <img\n                    title=\"La consegna di una copia della Costituzione Italiana e, in ricordo della giornata, una stampa storica della citt\u00e0 ed una spilla con il simbolo della Citt\u00e0 di Torino\"\n                    alt=\"La consegna di una copia della Costituzione Italiana e, in ricordo della giornata, una stampa storica della citt\u00e0 ed una spilla con il simbolo della Citt\u00e0 di Torino\"\n                    src=\"http:\/\/www.spaziotorino.it\/scatto\/wp-content\/gallery\/2024_03_15_cittadinanza\/cache\/PLA_9926.jpg-nggid0532162-ngg0dyn-60x60x100-00f0w010c011r110f110r010t010.jpg\"\n                    width=\"60\"\n                    height=\"60\"\n                    style=\"max-width:100%;\"\n                \/>\n            <\/a>\n        <\/div>\n\t\t\t\t\t\t\t<\/div> \n\t\t\t\n        \n\t\t\t\t<div id=\"ngg-image-13\" class=\"ngg-gallery-thumbnail-box\" >\n\t\t\t\t        <div class=\"ngg-gallery-thumbnail\">\n            <a href=\"http:\/\/www.spaziotorino.it\/scatto\/wp-content\/gallery\/2024_03_15_cittadinanza\/PLA_9911.jpg\"\n               title=\"La consegna di una copia della Costituzione Italiana e, in ricordo della giornata, una stampa storica della citt\u00e0 ed una spilla con il simbolo della Citt\u00e0 di Torino\"\n               data-src=\"http:\/\/www.spaziotorino.it\/scatto\/wp-content\/gallery\/2024_03_15_cittadinanza\/PLA_9911.jpg\"\n               data-thumbnail=\"http:\/\/www.spaziotorino.it\/scatto\/wp-content\/gallery\/2024_03_15_cittadinanza\/thumbs\/thumbs_PLA_9911.jpg\"\n               data-image-id=\"32163\"\n               data-title=\"La consegna di una copia della Costituzione Italiana e, in ricordo della giornata, una stampa storica della citt\u00e0 ed una spilla con il simbolo della Citt\u00e0 di Torino\"\n               data-description=\"La consegna di una copia della Costituzione Italiana e, in ricordo della giornata, una stampa storica della citt\u00e0 ed una spilla con il simbolo della Citt\u00e0 di Torino\"\n               data-image-slug=\"pla_9911\"\n               class=\"ngg-fancybox\" rel=\"c8e3adc463db36c44bcbe1392e34d95b\">\n                <img\n                    title=\"La consegna di una copia della Costituzione Italiana e, in ricordo della giornata, una stampa storica della citt\u00e0 ed una spilla con il simbolo della Citt\u00e0 di Torino\"\n                    alt=\"La consegna di una copia della Costituzione Italiana e, in ricordo della giornata, una stampa storica della citt\u00e0 ed una spilla con il simbolo della Citt\u00e0 di Torino\"\n                    src=\"http:\/\/www.spaziotorino.it\/scatto\/wp-content\/gallery\/2024_03_15_cittadinanza\/cache\/PLA_9911.jpg-nggid0532163-ngg0dyn-60x60x100-00f0w010c011r110f110r010t010.jpg\"\n                    width=\"60\"\n                    height=\"60\"\n                    style=\"max-width:100%;\"\n                \/>\n            <\/a>\n        <\/div>\n\t\t\t\t\t\t\t<\/div> \n\t\t\t\n        \n\t\t\t\t<div id=\"ngg-image-14\" class=\"ngg-gallery-thumbnail-box\" >\n\t\t\t\t        <div class=\"ngg-gallery-thumbnail\">\n            <a href=\"http:\/\/www.spaziotorino.it\/scatto\/wp-content\/gallery\/2024_03_15_cittadinanza\/PLA_9948.jpg\"\n               title=\"La consegna di una copia della Costituzione Italiana e, in ricordo della giornata, una stampa storica della citt\u00e0 ed una spilla con il simbolo della Citt\u00e0 di Torino\"\n               data-src=\"http:\/\/www.spaziotorino.it\/scatto\/wp-content\/gallery\/2024_03_15_cittadinanza\/PLA_9948.jpg\"\n               data-thumbnail=\"http:\/\/www.spaziotorino.it\/scatto\/wp-content\/gallery\/2024_03_15_cittadinanza\/thumbs\/thumbs_PLA_9948.jpg\"\n               data-image-id=\"32164\"\n               data-title=\"La consegna di una copia della Costituzione Italiana e, in ricordo della giornata, una stampa storica della citt\u00e0 ed una spilla con il simbolo della Citt\u00e0 di Torino\"\n               data-description=\"La consegna di una copia della Costituzione Italiana e, in ricordo della giornata, una stampa storica della citt\u00e0 ed una spilla con il simbolo della Citt\u00e0 di Torino\"\n               data-image-slug=\"pla_9948\"\n               class=\"ngg-fancybox\" rel=\"c8e3adc463db36c44bcbe1392e34d95b\">\n                <img\n                    title=\"La consegna di una copia della Costituzione Italiana e, in ricordo della giornata, una stampa storica della citt\u00e0 ed una spilla con il simbolo della Citt\u00e0 di Torino\"\n                    alt=\"La consegna di una copia della Costituzione Italiana e, in ricordo della giornata, una stampa storica della citt\u00e0 ed una spilla con il simbolo della Citt\u00e0 di Torino\"\n                    src=\"http:\/\/www.spaziotorino.it\/scatto\/wp-content\/gallery\/2024_03_15_cittadinanza\/cache\/PLA_9948.jpg-nggid0532164-ngg0dyn-60x60x100-00f0w010c011r110f110r010t010.jpg\"\n                    width=\"60\"\n                    height=\"60\"\n                    style=\"max-width:100%;\"\n                \/>\n            <\/a>\n        <\/div>\n\t\t\t\t\t\t\t<\/div> \n\t\t\t\n        \n\t\t\t\t<div id=\"ngg-image-15\" class=\"ngg-gallery-thumbnail-box\" >\n\t\t\t\t        <div class=\"ngg-gallery-thumbnail\">\n            <a href=\"http:\/\/www.spaziotorino.it\/scatto\/wp-content\/gallery\/2024_03_15_cittadinanza\/PLA_9960.jpg\"\n               title=\"La consegna di una copia della Costituzione Italiana e, in ricordo della giornata, una stampa storica della citt\u00e0 ed una spilla con il simbolo della Citt\u00e0 di Torino\"\n               data-src=\"http:\/\/www.spaziotorino.it\/scatto\/wp-content\/gallery\/2024_03_15_cittadinanza\/PLA_9960.jpg\"\n               data-thumbnail=\"http:\/\/www.spaziotorino.it\/scatto\/wp-content\/gallery\/2024_03_15_cittadinanza\/thumbs\/thumbs_PLA_9960.jpg\"\n               data-image-id=\"32165\"\n               data-title=\"La consegna di una copia della Costituzione Italiana e, in ricordo della giornata, una stampa storica della citt\u00e0 ed una spilla con il simbolo della Citt\u00e0 di Torino\"\n               data-description=\"La consegna di una copia della Costituzione Italiana e, in ricordo della giornata, una stampa storica della citt\u00e0 ed una spilla con il simbolo della Citt\u00e0 di Torino\"\n               data-image-slug=\"pla_9960\"\n               class=\"ngg-fancybox\" rel=\"c8e3adc463db36c44bcbe1392e34d95b\">\n                <img\n                    title=\"La consegna di una copia della Costituzione Italiana e, in ricordo della giornata, una stampa storica della citt\u00e0 ed una spilla con il simbolo della Citt\u00e0 di Torino\"\n                    alt=\"La consegna di una copia della Costituzione Italiana e, in ricordo della giornata, una stampa storica della citt\u00e0 ed una spilla con il simbolo della Citt\u00e0 di Torino\"\n                    src=\"http:\/\/www.spaziotorino.it\/scatto\/wp-content\/gallery\/2024_03_15_cittadinanza\/cache\/PLA_9960.jpg-nggid0532165-ngg0dyn-60x60x100-00f0w010c011r110f110r010t010.jpg\"\n                    width=\"60\"\n                    height=\"60\"\n                    style=\"max-width:100%;\"\n                \/>\n            <\/a>\n        <\/div>\n\t\t\t\t\t\t\t<\/div> \n\t\t\t\n        \n\t\t\t\t<div id=\"ngg-image-16\" class=\"ngg-gallery-thumbnail-box\" >\n\t\t\t\t        <div class=\"ngg-gallery-thumbnail\">\n            <a href=\"http:\/\/www.spaziotorino.it\/scatto\/wp-content\/gallery\/2024_03_15_cittadinanza\/PLA_9972.jpg\"\n               title=\"La consegna di una copia della Costituzione Italiana e, in ricordo della giornata, una stampa storica della citt\u00e0 ed una spilla con il simbolo della Citt\u00e0 di Torino\"\n               data-src=\"http:\/\/www.spaziotorino.it\/scatto\/wp-content\/gallery\/2024_03_15_cittadinanza\/PLA_9972.jpg\"\n               data-thumbnail=\"http:\/\/www.spaziotorino.it\/scatto\/wp-content\/gallery\/2024_03_15_cittadinanza\/thumbs\/thumbs_PLA_9972.jpg\"\n               data-image-id=\"32166\"\n               data-title=\"La consegna di una copia della Costituzione Italiana e, in ricordo della giornata, una stampa storica della citt\u00e0 ed una spilla con il simbolo della Citt\u00e0 di Torino\"\n               data-description=\"La consegna di una copia della Costituzione Italiana e, in ricordo della giornata, una stampa storica della citt\u00e0 ed una spilla con il simbolo della Citt\u00e0 di Torino\"\n               data-image-slug=\"pla_9972-2\"\n               class=\"ngg-fancybox\" rel=\"c8e3adc463db36c44bcbe1392e34d95b\">\n                <img\n                    title=\"La consegna di una copia della Costituzione Italiana e, in ricordo della giornata, una stampa storica della citt\u00e0 ed una spilla con il simbolo della Citt\u00e0 di Torino\"\n                    alt=\"La consegna di una copia della Costituzione Italiana e, in ricordo della giornata, una stampa storica della citt\u00e0 ed una spilla con il simbolo della Citt\u00e0 di Torino\"\n                    src=\"http:\/\/www.spaziotorino.it\/scatto\/wp-content\/gallery\/2024_03_15_cittadinanza\/cache\/PLA_9972.jpg-nggid0532166-ngg0dyn-60x60x100-00f0w010c011r110f110r010t010.jpg\"\n                    width=\"60\"\n                    height=\"60\"\n                    style=\"max-width:100%;\"\n                \/>\n            <\/a>\n        <\/div>\n\t\t\t\t\t\t\t<\/div> \n\t\t\t\n        \n\t\t\t\t<div id=\"ngg-image-17\" class=\"ngg-gallery-thumbnail-box\" >\n\t\t\t\t        <div class=\"ngg-gallery-thumbnail\">\n            <a href=\"http:\/\/www.spaziotorino.it\/scatto\/wp-content\/gallery\/2024_03_15_cittadinanza\/PLA_9987.jpg\"\n               title=\"La consegna di una copia della Costituzione Italiana e, in ricordo della giornata, una stampa storica della citt\u00e0 ed una spilla con il simbolo della Citt\u00e0 di Torino\"\n               data-src=\"http:\/\/www.spaziotorino.it\/scatto\/wp-content\/gallery\/2024_03_15_cittadinanza\/PLA_9987.jpg\"\n               data-thumbnail=\"http:\/\/www.spaziotorino.it\/scatto\/wp-content\/gallery\/2024_03_15_cittadinanza\/thumbs\/thumbs_PLA_9987.jpg\"\n               data-image-id=\"32167\"\n               data-title=\"La consegna di una copia della Costituzione Italiana e, in ricordo della giornata, una stampa storica della citt\u00e0 ed una spilla con il simbolo della Citt\u00e0 di Torino\"\n               data-description=\"La consegna di una copia della Costituzione Italiana e, in ricordo della giornata, una stampa storica della citt\u00e0 ed una spilla con il simbolo della Citt\u00e0 di Torino\"\n               data-image-slug=\"pla_9987-1\"\n               class=\"ngg-fancybox\" rel=\"c8e3adc463db36c44bcbe1392e34d95b\">\n                <img\n                    title=\"La consegna di una copia della Costituzione Italiana e, in ricordo della giornata, una stampa storica della citt\u00e0 ed una spilla con il simbolo della Citt\u00e0 di Torino\"\n                    alt=\"La consegna di una copia della Costituzione Italiana e, in ricordo della giornata, una stampa storica della citt\u00e0 ed una spilla con il simbolo della Citt\u00e0 di Torino\"\n                    src=\"http:\/\/www.spaziotorino.it\/scatto\/wp-content\/gallery\/2024_03_15_cittadinanza\/cache\/PLA_9987.jpg-nggid0532167-ngg0dyn-60x60x100-00f0w010c011r110f110r010t010.jpg\"\n                    width=\"60\"\n                    height=\"60\"\n                    style=\"max-width:100%;\"\n                \/>\n            <\/a>\n        <\/div>\n\t\t\t\t\t\t\t<\/div> \n\t\t\t\n        \n\t\t\t\t<div id=\"ngg-image-18\" class=\"ngg-gallery-thumbnail-box\" >\n\t\t\t\t        <div class=\"ngg-gallery-thumbnail\">\n            <a href=\"http:\/\/www.spaziotorino.it\/scatto\/wp-content\/gallery\/2024_03_15_cittadinanza\/PLA_9995.jpg\"\n               title=\"La consegna di una copia della Costituzione Italiana e, in ricordo della giornata, una stampa storica della citt\u00e0 ed una spilla con il simbolo della Citt\u00e0 di Torino\"\n               data-src=\"http:\/\/www.spaziotorino.it\/scatto\/wp-content\/gallery\/2024_03_15_cittadinanza\/PLA_9995.jpg\"\n               data-thumbnail=\"http:\/\/www.spaziotorino.it\/scatto\/wp-content\/gallery\/2024_03_15_cittadinanza\/thumbs\/thumbs_PLA_9995.jpg\"\n               data-image-id=\"32168\"\n               data-title=\"La consegna di una copia della Costituzione Italiana e, in ricordo della giornata, una stampa storica della citt\u00e0 ed una spilla con il simbolo della Citt\u00e0 di Torino\"\n               data-description=\"La consegna di una copia della Costituzione Italiana e, in ricordo della giornata, una stampa storica della citt\u00e0 ed una spilla con il simbolo della Citt\u00e0 di Torino\"\n               data-image-slug=\"pla_9995-1\"\n               class=\"ngg-fancybox\" rel=\"c8e3adc463db36c44bcbe1392e34d95b\">\n                <img\n                    title=\"La consegna di una copia della Costituzione Italiana e, in ricordo della giornata, una stampa storica della citt\u00e0 ed una spilla con il simbolo della Citt\u00e0 di Torino\"\n                    alt=\"La consegna di una copia della Costituzione Italiana e, in ricordo della giornata, una stampa storica della citt\u00e0 ed una spilla con il simbolo della Citt\u00e0 di Torino\"\n                    src=\"http:\/\/www.spaziotorino.it\/scatto\/wp-content\/gallery\/2024_03_15_cittadinanza\/cache\/PLA_9995.jpg-nggid0532168-ngg0dyn-60x60x100-00f0w010c011r110f110r010t010.jpg\"\n                    width=\"60\"\n                    height=\"60\"\n                    style=\"max-width:100%;\"\n                \/>\n            <\/a>\n        <\/div>\n\t\t\t\t\t\t\t<\/div> \n\t\t\t\n        \n\t\t\t\t<div id=\"ngg-image-19\" class=\"ngg-gallery-thumbnail-box\" >\n\t\t\t\t        <div class=\"ngg-gallery-thumbnail\">\n            <a href=\"http:\/\/www.spaziotorino.it\/scatto\/wp-content\/gallery\/2024_03_15_cittadinanza\/PLA_0010.jpg\"\n               title=\"Un momento della  cerimonia collettiva per l\u2019acquisto della cittadinanza italiana che si \u00e8 svolta in Sala Rossa\"\n               data-src=\"http:\/\/www.spaziotorino.it\/scatto\/wp-content\/gallery\/2024_03_15_cittadinanza\/PLA_0010.jpg\"\n               data-thumbnail=\"http:\/\/www.spaziotorino.it\/scatto\/wp-content\/gallery\/2024_03_15_cittadinanza\/thumbs\/thumbs_PLA_0010.jpg\"\n               data-image-id=\"32152\"\n               data-title=\"Un momento della  cerimonia collettiva per l\u2019acquisto della cittadinanza italiana che si \u00e8 svolta in Sala Rossa\"\n               data-description=\"Un momento della  cerimonia collettiva per l\u2019acquisto della cittadinanza italiana che si \u00e8 svolta in Sala Rossa\"\n               data-image-slug=\"pla_0010-4\"\n               class=\"ngg-fancybox\" rel=\"c8e3adc463db36c44bcbe1392e34d95b\">\n                <img\n                    title=\"Un momento della  cerimonia collettiva per l\u2019acquisto della cittadinanza italiana che si \u00e8 svolta in Sala Rossa\"\n                    alt=\"Un momento della  cerimonia collettiva per l\u2019acquisto della cittadinanza italiana che si \u00e8 svolta in Sala Rossa\"\n                    src=\"http:\/\/www.spaziotorino.it\/scatto\/wp-content\/gallery\/2024_03_15_cittadinanza\/cache\/PLA_0010.jpg-nggid0532152-ngg0dyn-60x60x100-00f0w010c011r110f110r010t010.jpg\"\n                    width=\"60\"\n                    height=\"60\"\n                    style=\"max-width:100%;\"\n                \/>\n            <\/a>\n        <\/div>\n\t\t\t\t\t\t\t<\/div> \n\t\t\t\n        \n\t\t\t\t<div id=\"ngg-image-20\" class=\"ngg-gallery-thumbnail-box\" >\n\t\t\t\t        <div class=\"ngg-gallery-thumbnail\">\n            <a href=\"http:\/\/www.spaziotorino.it\/scatto\/wp-content\/gallery\/2024_03_15_cittadinanza\/PLA_0020.jpg\"\n               title=\"Un momento della  cerimonia collettiva per l\u2019acquisto della cittadinanza italiana che si \u00e8 svolta in Sala Rossa\"\n               data-src=\"http:\/\/www.spaziotorino.it\/scatto\/wp-content\/gallery\/2024_03_15_cittadinanza\/PLA_0020.jpg\"\n               data-thumbnail=\"http:\/\/www.spaziotorino.it\/scatto\/wp-content\/gallery\/2024_03_15_cittadinanza\/thumbs\/thumbs_PLA_0020.jpg\"\n               data-image-id=\"32149\"\n               data-title=\"Un momento della  cerimonia collettiva per l\u2019acquisto della cittadinanza italiana che si \u00e8 svolta in Sala Rossa\"\n               data-description=\"Un momento della  cerimonia collettiva per l\u2019acquisto della cittadinanza italiana che si \u00e8 svolta in Sala Rossa\"\n               data-image-slug=\"pla_0020-2\"\n               class=\"ngg-fancybox\" rel=\"c8e3adc463db36c44bcbe1392e34d95b\">\n                <img\n                    title=\"Un momento della  cerimonia collettiva per l\u2019acquisto della cittadinanza italiana che si \u00e8 svolta in Sala Rossa\"\n                    alt=\"Un momento della  cerimonia collettiva per l\u2019acquisto della cittadinanza italiana che si \u00e8 svolta in Sala Rossa\"\n                    src=\"http:\/\/www.spaziotorino.it\/scatto\/wp-content\/gallery\/2024_03_15_cittadinanza\/cache\/PLA_0020.jpg-nggid0532149-ngg0dyn-60x60x100-00f0w010c011r110f110r010t010.jpg\"\n                    width=\"60\"\n                    height=\"60\"\n                    style=\"max-width:100%;\"\n                \/>\n            <\/a>\n        <\/div>\n\t\t\t\t\t\t\t<\/div> \n\t\t\t\n        \n\t\t\n\t\t<!-- Pagination -->\n\t<div class='ngg-clear'><\/div>\t<\/div>\n\n<p>\u201cGiuro di essere fedele alla Repubblica e di osservare la Costituzione e le leggi dello Stato\u201d: con questa formula, questa mattina, 10 nuovi cittadini italiani hanno prestato giuramento durante la cerimonia collettiva per l\u2019acquisto della cittadinanza italiana che si \u00e8 svolta in Sala Rossa. Si tratta di cittadini provenienti da diversi paesi \u2013 Albania, Brasile, Ecuador, Egitto, Filippine, Marocco, Moldavia, Nigeria, Per\u00f9, Romania \u2013 che hanno completato l\u2019iter previsto dalla legge vigente.<br \/>\nAd officiare la cerimonia, che si \u00e8 svolta per la prima volta nella cornice aulica della sala del Consiglio Comunale di Palazzo Civico, l\u2019assessore ai servizi demografici Francesco Tresso e la Presidente del Consiglio Comunale Maria Grazia Grippo.  <\/p>\n<p>L\u2019incontro si \u00e8 aperto con l\u2019intervento della Presidente Grippo, che dando il benvenuto ai presenti ha sottolineato come per loro questo momento solenne sia l\u2019ultimo atto di un cammino lungo e complesso. \u201cQuella di oggi \u00e8 una cerimonia dal forte valore simbolico, che si svolge alla vigilia della festa Unit\u00e0 d\u2019Italia e della Carta Costituzionale \u2013 ha aggiunto la Grippo \u2013 e che rappresenta un ideale abbraccio dell\u2019intera citt\u00e0 ai nuovi cittadini italiani e torinesi\u201d.<\/p>\n<p>L\u2019assessore Tresso si \u00e8 detto onorato e commosso di partecipare alla cerimonia, un momento solenne e simbolico. L\u2019assessore ha ricordato come Torino, storicamente, sia una citt\u00e0 che ha una forte propensione all\u2019accoglienza, sottolineando come oggi abbia una opportunit\u00e0, quella di accogliere i suoi nuovi cittadini \u2013 sono 3700 le nuove cittadinanze rilasciate nell\u2019ultimo anno \u2013 \u201cChe con le loro storie e i loro valori rendono la comunit\u00e0 molto pi\u00f9 ricca, perch\u00e9 la differenza \u00e9 una ricchezza di cui tutti noi dobbiamo fare tesoro\u201d. <\/p>\n<p>Al termine dei discorsi introduttivi i nuovi cittadini italiani hanno pronunciato il giuramento di rito e sottoscritto il documento ufficiale. La cerimonia si \u00e8 conclusa con la consegna di una copia della Costituzione Italiana e, in ricordo della giornata, ad ogni nuovo cittadino sono state consegnate una stampa storica della citt\u00e0 ed una spilla con il simbolo della Citt\u00e0 di Torino. <\/p>\n<p>[Fonte: <a href=\"https:\/\/www.torinoclick.it\/societa\/10-nuovi-cittadini-italiani-hanno-giurato-in-sala-rossa\/\">TorinoClick<\/a>]<\/p>\n","protected":false},"excerpt":{"rendered":"<p>\u201cGiuro di essere fedele alla Repubblica e di osservare la Costituzione e le leggi dello Stato\u201d: con questa formula, questa mattina, 10 nuovi cittadini italiani hanno prestato giuramento durante la cerimonia collettiva per l\u2019acquisto della cittadinanza italiana che si \u00e8 svolta in Sala Rossa. Si tratta di cittadini provenienti da diversi paesi \u2013 Albania, Brasile, [&hellip;]<\/p>\n","protected":false},"author":1,"featured_media":0,"comment_status":"closed","ping_status":"open","sticky":false,"template":"","format":"standard","meta":{"ngg_post_thumbnail":0},"categories":[1,895],"tags":[],"_links":{"self":[{"href":"http:\/\/www.spaziotorino.it\/scatto\/index.php?rest_route=\/wp\/v2\/posts\/49521"}],"collection":[{"href":"http:\/\/www.spaziotorino.it\/scatto\/index.php?rest_route=\/wp\/v2\/posts"}],"about":[{"href":"http:\/\/www.spaziotorino.it\/scatto\/index.php?rest_route=\/wp\/v2\/types\/post"}],"author":[{"embeddable":true,"href":"http:\/\/www.spaziotorino.it\/scatto\/index.php?rest_route=\/wp\/v2\/users\/1"}],"replies":[{"embeddable":true,"href":"http:\/\/www.spaziotorino.it\/scatto\/index.php?rest_route=%2Fwp%2Fv2%2Fcomments&post=49521"}],"version-history":[{"count":1,"href":"http:\/\/www.spaziotorino.it\/scatto\/index.php?rest_route=\/wp\/v2\/posts\/49521\/revisions"}],"predecessor-version":[{"id":49523,"href":"http:\/\/www.spaziotorino.it\/scatto\/index.php?rest_route=\/wp\/v2\/posts\/49521\/revisions\/49523"}],"wp:attachment":[{"href":"http:\/\/www.spaziotorino.it\/scatto\/index.php?rest_route=%2Fwp%2Fv2%2Fmedia&parent=49521"}],"wp:term":[{"taxonomy":"category","embeddable":true,"href":"http:\/\/www.spaziotorino.it\/scatto\/index.php?rest_route=%2Fwp%2Fv2%2Fcategories&post=49521"},{"taxonomy":"post_tag","embeddable":true,"href":"http:\/\/www.spaziotorino.it\/scatto\/index.php?rest_route=%2Fwp%2Fv2%2Ftags&post=49521"}],"curies":[{"name":"wp","href":"https:\/\/api.w.org\/{rel}","templated":true}]}}