{"id":49564,"date":"2024-03-18T11:35:43","date_gmt":"2024-03-18T10:35:43","guid":{"rendered":"http:\/\/www.spaziotorino.it\/scatto\/?p=49564"},"modified":"2024-03-18T17:18:47","modified_gmt":"2024-03-18T16:18:47","slug":"celebrata-la-giornata-dellunita-nazionale-della-costituzione-dellinno-e-della-bandiera","status":"publish","type":"post","link":"http:\/\/www.spaziotorino.it\/scatto\/?p=49564","title":{"rendered":"Celebrata la Giornata dell\u2019Unit\u00e0 nazionale, della Costituzione, dell\u2019Inno e della Bandiera"},"content":{"rendered":"<p><a class=\"ngg-fancybox\" title=\"Celebrata la Giornata dell\u2019Unit\u00e0 nazionale, della Costituzione, dell\u2019Inno e della Bandiera\" href=\"http:\/\/www.spaziotorino.it\/scatto\/wp-content\/gallery\/2024_03_18_unita\/PLA_0223.jpg\" rel=\"lightbox[set_2164]\"><br \/>\n<img decoding=\"async\" loading=\"lazy\" class=\"ngg-singlepic\" title=\"Celebrata la Giornata dell\u2019Unit\u00e0 nazionale, della Costituzione, dell\u2019Inno e della Bandiera\" src=\"http:\/\/www.spaziotorino.it\/scatto\/wp-content\/gallery\/2024_03_18_unita\/PLA_0223.jpg\" alt=\"\" width=\"540\" height=\"360\"\/><\/a><\/p>\n<!-- index.php -->\n<div\n\tclass=\"ngg-galleryoverview ngg-ajax-pagination-none\"\n\tid=\"ngg-gallery-5daa0462e3bf1c035b7128bdc0715075-1\">\n\n    \t\t<!-- Thumbnails -->\n\t\t\t\t<div id=\"ngg-image-0\" class=\"ngg-gallery-thumbnail-box\" >\n\t\t\t\t        <div class=\"ngg-gallery-thumbnail\">\n            <a href=\"http:\/\/www.spaziotorino.it\/scatto\/wp-content\/gallery\/2024_03_18_unita\/PLA_0219.jpg\"\n               title=\"Celebrata la Giornata dell\u2019Unit\u00e0 nazionale, della Costituzione, dell\u2019Inno e della Bandiera\"\n               data-src=\"http:\/\/www.spaziotorino.it\/scatto\/wp-content\/gallery\/2024_03_18_unita\/PLA_0219.jpg\"\n               data-thumbnail=\"http:\/\/www.spaziotorino.it\/scatto\/wp-content\/gallery\/2024_03_18_unita\/thumbs\/thumbs_PLA_0219.jpg\"\n               data-image-id=\"32184\"\n               data-title=\"Celebrata la Giornata dell\u2019Unit\u00e0 nazionale, della Costituzione, dell\u2019Inno e della Bandiera\"\n               data-description=\"Celebrata la Giornata dell\u2019Unit\u00e0 nazionale, della Costituzione, dell\u2019Inno e della Bandiera\"\n               data-image-slug=\"pla_0219-1\"\n               class=\"ngg-fancybox\" rel=\"5daa0462e3bf1c035b7128bdc0715075\">\n                <img\n                    title=\"Celebrata la Giornata dell\u2019Unit\u00e0 nazionale, della Costituzione, dell\u2019Inno e della Bandiera\"\n                    alt=\"Celebrata la Giornata dell\u2019Unit\u00e0 nazionale, della Costituzione, dell\u2019Inno e della Bandiera\"\n                    src=\"http:\/\/www.spaziotorino.it\/scatto\/wp-content\/gallery\/2024_03_18_unita\/cache\/PLA_0219.jpg-nggid0532184-ngg0dyn-60x60x100-00f0w010c011r110f110r010t010.jpg\"\n                    width=\"60\"\n                    height=\"60\"\n                    style=\"max-width:100%;\"\n                \/>\n            <\/a>\n        <\/div>\n\t\t\t\t\t\t\t<\/div> \n\t\t\t\n        \n\t\t\t\t<div id=\"ngg-image-1\" class=\"ngg-gallery-thumbnail-box\" >\n\t\t\t\t        <div class=\"ngg-gallery-thumbnail\">\n            <a href=\"http:\/\/www.spaziotorino.it\/scatto\/wp-content\/gallery\/2024_03_18_unita\/PLA_0228.jpg\"\n               title=\"Celebrata la Giornata dell\u2019Unit\u00e0 nazionale, della Costituzione, dell\u2019Inno e della Bandiera\"\n               data-src=\"http:\/\/www.spaziotorino.it\/scatto\/wp-content\/gallery\/2024_03_18_unita\/PLA_0228.jpg\"\n               data-thumbnail=\"http:\/\/www.spaziotorino.it\/scatto\/wp-content\/gallery\/2024_03_18_unita\/thumbs\/thumbs_PLA_0228.jpg\"\n               data-image-id=\"32181\"\n               data-title=\"Celebrata la Giornata dell\u2019Unit\u00e0 nazionale, della Costituzione, dell\u2019Inno e della Bandiera\"\n               data-description=\"Celebrata la Giornata dell\u2019Unit\u00e0 nazionale, della Costituzione, dell\u2019Inno e della Bandiera\"\n               data-image-slug=\"pla_0228-2\"\n               class=\"ngg-fancybox\" rel=\"5daa0462e3bf1c035b7128bdc0715075\">\n                <img\n                    title=\"Celebrata la Giornata dell\u2019Unit\u00e0 nazionale, della Costituzione, dell\u2019Inno e della Bandiera\"\n                    alt=\"Celebrata la Giornata dell\u2019Unit\u00e0 nazionale, della Costituzione, dell\u2019Inno e della Bandiera\"\n                    src=\"http:\/\/www.spaziotorino.it\/scatto\/wp-content\/gallery\/2024_03_18_unita\/cache\/PLA_0228.jpg-nggid0532181-ngg0dyn-60x60x100-00f0w010c011r110f110r010t010.jpg\"\n                    width=\"60\"\n                    height=\"60\"\n                    style=\"max-width:100%;\"\n                \/>\n            <\/a>\n        <\/div>\n\t\t\t\t\t\t\t<\/div> \n\t\t\t\n        \n\t\t\t\t<div id=\"ngg-image-2\" class=\"ngg-gallery-thumbnail-box\" >\n\t\t\t\t        <div class=\"ngg-gallery-thumbnail\">\n            <a href=\"http:\/\/www.spaziotorino.it\/scatto\/wp-content\/gallery\/2024_03_18_unita\/PLA_0230.jpg\"\n               title=\"Celebrata la Giornata dell\u2019Unit\u00e0 nazionale, della Costituzione, dell\u2019Inno e della Bandiera\"\n               data-src=\"http:\/\/www.spaziotorino.it\/scatto\/wp-content\/gallery\/2024_03_18_unita\/PLA_0230.jpg\"\n               data-thumbnail=\"http:\/\/www.spaziotorino.it\/scatto\/wp-content\/gallery\/2024_03_18_unita\/thumbs\/thumbs_PLA_0230.jpg\"\n               data-image-id=\"32185\"\n               data-title=\"Celebrata la Giornata dell\u2019Unit\u00e0 nazionale, della Costituzione, dell\u2019Inno e della Bandiera\"\n               data-description=\"Celebrata la Giornata dell\u2019Unit\u00e0 nazionale, della Costituzione, dell\u2019Inno e della Bandiera\"\n               data-image-slug=\"pla_0230-2\"\n               class=\"ngg-fancybox\" rel=\"5daa0462e3bf1c035b7128bdc0715075\">\n                <img\n                    title=\"Celebrata la Giornata dell\u2019Unit\u00e0 nazionale, della Costituzione, dell\u2019Inno e della Bandiera\"\n                    alt=\"Celebrata la Giornata dell\u2019Unit\u00e0 nazionale, della Costituzione, dell\u2019Inno e della Bandiera\"\n                    src=\"http:\/\/www.spaziotorino.it\/scatto\/wp-content\/gallery\/2024_03_18_unita\/cache\/PLA_0230.jpg-nggid0532185-ngg0dyn-60x60x100-00f0w010c011r110f110r010t010.jpg\"\n                    width=\"60\"\n                    height=\"60\"\n                    style=\"max-width:100%;\"\n                \/>\n            <\/a>\n        <\/div>\n\t\t\t\t\t\t\t<\/div> \n\t\t\t\n        \n\t\t\t\t<div id=\"ngg-image-3\" class=\"ngg-gallery-thumbnail-box\" >\n\t\t\t\t        <div class=\"ngg-gallery-thumbnail\">\n            <a href=\"http:\/\/www.spaziotorino.it\/scatto\/wp-content\/gallery\/2024_03_18_unita\/PLA_0244.jpg\"\n               title=\"Celebrata la Giornata dell\u2019Unit\u00e0 nazionale, della Costituzione, dell\u2019Inno e della Bandiera\"\n               data-src=\"http:\/\/www.spaziotorino.it\/scatto\/wp-content\/gallery\/2024_03_18_unita\/PLA_0244.jpg\"\n               data-thumbnail=\"http:\/\/www.spaziotorino.it\/scatto\/wp-content\/gallery\/2024_03_18_unita\/thumbs\/thumbs_PLA_0244.jpg\"\n               data-image-id=\"32186\"\n               data-title=\"Celebrata la Giornata dell\u2019Unit\u00e0 nazionale, della Costituzione, dell\u2019Inno e della Bandiera\"\n               data-description=\"Celebrata la Giornata dell\u2019Unit\u00e0 nazionale, della Costituzione, dell\u2019Inno e della Bandiera\"\n               data-image-slug=\"pla_0244-1\"\n               class=\"ngg-fancybox\" rel=\"5daa0462e3bf1c035b7128bdc0715075\">\n                <img\n                    title=\"Celebrata la Giornata dell\u2019Unit\u00e0 nazionale, della Costituzione, dell\u2019Inno e della Bandiera\"\n                    alt=\"Celebrata la Giornata dell\u2019Unit\u00e0 nazionale, della Costituzione, dell\u2019Inno e della Bandiera\"\n                    src=\"http:\/\/www.spaziotorino.it\/scatto\/wp-content\/gallery\/2024_03_18_unita\/cache\/PLA_0244.jpg-nggid0532186-ngg0dyn-60x60x100-00f0w010c011r110f110r010t010.jpg\"\n                    width=\"60\"\n                    height=\"60\"\n                    style=\"max-width:100%;\"\n                \/>\n            <\/a>\n        <\/div>\n\t\t\t\t\t\t\t<\/div> \n\t\t\t\n        \n\t\t\t\t<div id=\"ngg-image-4\" class=\"ngg-gallery-thumbnail-box\" >\n\t\t\t\t        <div class=\"ngg-gallery-thumbnail\">\n            <a href=\"http:\/\/www.spaziotorino.it\/scatto\/wp-content\/gallery\/2024_03_18_unita\/PLA_0250.jpg\"\n               title=\"Celebrata la Giornata dell\u2019Unit\u00e0 nazionale, della Costituzione, dell\u2019Inno e della Bandiera\"\n               data-src=\"http:\/\/www.spaziotorino.it\/scatto\/wp-content\/gallery\/2024_03_18_unita\/PLA_0250.jpg\"\n               data-thumbnail=\"http:\/\/www.spaziotorino.it\/scatto\/wp-content\/gallery\/2024_03_18_unita\/thumbs\/thumbs_PLA_0250.jpg\"\n               data-image-id=\"32182\"\n               data-title=\"Celebrata la Giornata dell\u2019Unit\u00e0 nazionale, della Costituzione, dell\u2019Inno e della Bandiera\"\n               data-description=\"Celebrata la Giornata dell\u2019Unit\u00e0 nazionale, della Costituzione, dell\u2019Inno e della Bandiera\"\n               data-image-slug=\"pla_0250-2\"\n               class=\"ngg-fancybox\" rel=\"5daa0462e3bf1c035b7128bdc0715075\">\n                <img\n                    title=\"Celebrata la Giornata dell\u2019Unit\u00e0 nazionale, della Costituzione, dell\u2019Inno e della Bandiera\"\n                    alt=\"Celebrata la Giornata dell\u2019Unit\u00e0 nazionale, della Costituzione, dell\u2019Inno e della Bandiera\"\n                    src=\"http:\/\/www.spaziotorino.it\/scatto\/wp-content\/gallery\/2024_03_18_unita\/cache\/PLA_0250.jpg-nggid0532182-ngg0dyn-60x60x100-00f0w010c011r110f110r010t010.jpg\"\n                    width=\"60\"\n                    height=\"60\"\n                    style=\"max-width:100%;\"\n                \/>\n            <\/a>\n        <\/div>\n\t\t\t\t\t\t\t<\/div> \n\t\t\t\n        \n\t\t\t\t<div id=\"ngg-image-5\" class=\"ngg-gallery-thumbnail-box\" >\n\t\t\t\t        <div class=\"ngg-gallery-thumbnail\">\n            <a href=\"http:\/\/www.spaziotorino.it\/scatto\/wp-content\/gallery\/2024_03_18_unita\/PLA_0255.jpg\"\n               title=\"Celebrata la Giornata dell\u2019Unit\u00e0 nazionale, della Costituzione, dell\u2019Inno e della Bandiera\"\n               data-src=\"http:\/\/www.spaziotorino.it\/scatto\/wp-content\/gallery\/2024_03_18_unita\/PLA_0255.jpg\"\n               data-thumbnail=\"http:\/\/www.spaziotorino.it\/scatto\/wp-content\/gallery\/2024_03_18_unita\/thumbs\/thumbs_PLA_0255.jpg\"\n               data-image-id=\"32187\"\n               data-title=\"Celebrata la Giornata dell\u2019Unit\u00e0 nazionale, della Costituzione, dell\u2019Inno e della Bandiera\"\n               data-description=\"Celebrata la Giornata dell\u2019Unit\u00e0 nazionale, della Costituzione, dell\u2019Inno e della Bandiera\"\n               data-image-slug=\"pla_0255-1\"\n               class=\"ngg-fancybox\" rel=\"5daa0462e3bf1c035b7128bdc0715075\">\n                <img\n                    title=\"Celebrata la Giornata dell\u2019Unit\u00e0 nazionale, della Costituzione, dell\u2019Inno e della Bandiera\"\n                    alt=\"Celebrata la Giornata dell\u2019Unit\u00e0 nazionale, della Costituzione, dell\u2019Inno e della Bandiera\"\n                    src=\"http:\/\/www.spaziotorino.it\/scatto\/wp-content\/gallery\/2024_03_18_unita\/cache\/PLA_0255.jpg-nggid0532187-ngg0dyn-60x60x100-00f0w010c011r110f110r010t010.jpg\"\n                    width=\"60\"\n                    height=\"60\"\n                    style=\"max-width:100%;\"\n                \/>\n            <\/a>\n        <\/div>\n\t\t\t\t\t\t\t<\/div> \n\t\t\t\n        \n\t\t\t\t<div id=\"ngg-image-6\" class=\"ngg-gallery-thumbnail-box\" >\n\t\t\t\t        <div class=\"ngg-gallery-thumbnail\">\n            <a href=\"http:\/\/www.spaziotorino.it\/scatto\/wp-content\/gallery\/2024_03_18_unita\/PLA_0259.jpg\"\n               title=\"Agnese De Bortoli, sindaca del Consiglio comunale dei ragazzi\"\n               data-src=\"http:\/\/www.spaziotorino.it\/scatto\/wp-content\/gallery\/2024_03_18_unita\/PLA_0259.jpg\"\n               data-thumbnail=\"http:\/\/www.spaziotorino.it\/scatto\/wp-content\/gallery\/2024_03_18_unita\/thumbs\/thumbs_PLA_0259.jpg\"\n               data-image-id=\"32188\"\n               data-title=\"Agnese De Bortoli, sindaca del Consiglio comunale dei ragazzi\"\n               data-description=\"Agnese De Bortoli, sindaca del Consiglio comunale dei ragazzi\"\n               data-image-slug=\"pla_0259-1\"\n               class=\"ngg-fancybox\" rel=\"5daa0462e3bf1c035b7128bdc0715075\">\n                <img\n                    title=\"Agnese De Bortoli, sindaca del Consiglio comunale dei ragazzi\"\n                    alt=\"Agnese De Bortoli, sindaca del Consiglio comunale dei ragazzi\"\n                    src=\"http:\/\/www.spaziotorino.it\/scatto\/wp-content\/gallery\/2024_03_18_unita\/cache\/PLA_0259.jpg-nggid0532188-ngg0dyn-60x60x100-00f0w010c011r110f110r010t010.jpg\"\n                    width=\"60\"\n                    height=\"60\"\n                    style=\"max-width:100%;\"\n                \/>\n            <\/a>\n        <\/div>\n\t\t\t\t\t\t\t<\/div> \n\t\t\t\n        \n\t\t\t\t<div id=\"ngg-image-7\" class=\"ngg-gallery-thumbnail-box\" >\n\t\t\t\t        <div class=\"ngg-gallery-thumbnail\">\n            <a href=\"http:\/\/www.spaziotorino.it\/scatto\/wp-content\/gallery\/2024_03_18_unita\/PLA_0260.jpg\"\n               title=\"Stefano Arcangeli, Consiglio comunale dei ragazzi\"\n               data-src=\"http:\/\/www.spaziotorino.it\/scatto\/wp-content\/gallery\/2024_03_18_unita\/PLA_0260.jpg\"\n               data-thumbnail=\"http:\/\/www.spaziotorino.it\/scatto\/wp-content\/gallery\/2024_03_18_unita\/thumbs\/thumbs_PLA_0260.jpg\"\n               data-image-id=\"32190\"\n               data-title=\"Stefano Arcangeli, Consiglio comunale dei ragazzi\"\n               data-description=\"Stefano Arcangeli, Consiglio comunale dei ragazzi\"\n               data-image-slug=\"pla_0260-1\"\n               class=\"ngg-fancybox\" rel=\"5daa0462e3bf1c035b7128bdc0715075\">\n                <img\n                    title=\"Stefano Arcangeli, Consiglio comunale dei ragazzi\"\n                    alt=\"Stefano Arcangeli, Consiglio comunale dei ragazzi\"\n                    src=\"http:\/\/www.spaziotorino.it\/scatto\/wp-content\/gallery\/2024_03_18_unita\/cache\/PLA_0260.jpg-nggid0532190-ngg0dyn-60x60x100-00f0w010c011r110f110r010t010.jpg\"\n                    width=\"60\"\n                    height=\"60\"\n                    style=\"max-width:100%;\"\n                \/>\n            <\/a>\n        <\/div>\n\t\t\t\t\t\t\t<\/div> \n\t\t\t\n        \n\t\t\t\t<div id=\"ngg-image-8\" class=\"ngg-gallery-thumbnail-box\" >\n\t\t\t\t        <div class=\"ngg-gallery-thumbnail\">\n            <a href=\"http:\/\/www.spaziotorino.it\/scatto\/wp-content\/gallery\/2024_03_18_unita\/PLA_0265.jpg\"\n               title=\"Umberto d\u2019Ottavio, presidente del Patto Nord Ovest e promotore della legge per il riconoscimento ufficiale dell\u2019Inno d\u2019Italia\"\n               data-src=\"http:\/\/www.spaziotorino.it\/scatto\/wp-content\/gallery\/2024_03_18_unita\/PLA_0265.jpg\"\n               data-thumbnail=\"http:\/\/www.spaziotorino.it\/scatto\/wp-content\/gallery\/2024_03_18_unita\/thumbs\/thumbs_PLA_0265.jpg\"\n               data-image-id=\"32189\"\n               data-title=\"Umberto d\u2019Ottavio, presidente del Patto Nord Ovest e promotore della legge per il riconoscimento ufficiale dell\u2019Inno d\u2019Italia\"\n               data-description=\"Umberto d\u2019Ottavio, presidente del Patto Nord Ovest e promotore della legge per il riconoscimento ufficiale dell\u2019Inno d\u2019Italia\"\n               data-image-slug=\"pla_0265\"\n               class=\"ngg-fancybox\" rel=\"5daa0462e3bf1c035b7128bdc0715075\">\n                <img\n                    title=\"Umberto d\u2019Ottavio, presidente del Patto Nord Ovest e promotore della legge per il riconoscimento ufficiale dell\u2019Inno d\u2019Italia\"\n                    alt=\"Umberto d\u2019Ottavio, presidente del Patto Nord Ovest e promotore della legge per il riconoscimento ufficiale dell\u2019Inno d\u2019Italia\"\n                    src=\"http:\/\/www.spaziotorino.it\/scatto\/wp-content\/gallery\/2024_03_18_unita\/cache\/PLA_0265.jpg-nggid0532189-ngg0dyn-60x60x100-00f0w010c011r110f110r010t010.jpg\"\n                    width=\"60\"\n                    height=\"60\"\n                    style=\"max-width:100%;\"\n                \/>\n            <\/a>\n        <\/div>\n\t\t\t\t\t\t\t<\/div> \n\t\t\t\n        \n\t\t\t\t<div id=\"ngg-image-9\" class=\"ngg-gallery-thumbnail-box\" >\n\t\t\t\t        <div class=\"ngg-gallery-thumbnail\">\n            <a href=\"http:\/\/www.spaziotorino.it\/scatto\/wp-content\/gallery\/2024_03_18_unita\/PLA_0268.jpg\"\n               title=\"Celebrata la Giornata dell\u2019Unit\u00e0 nazionale, della Costituzione, dell\u2019Inno e della Bandiera\"\n               data-src=\"http:\/\/www.spaziotorino.it\/scatto\/wp-content\/gallery\/2024_03_18_unita\/PLA_0268.jpg\"\n               data-thumbnail=\"http:\/\/www.spaziotorino.it\/scatto\/wp-content\/gallery\/2024_03_18_unita\/thumbs\/thumbs_PLA_0268.jpg\"\n               data-image-id=\"32192\"\n               data-title=\"Celebrata la Giornata dell\u2019Unit\u00e0 nazionale, della Costituzione, dell\u2019Inno e della Bandiera\"\n               data-description=\"Celebrata la Giornata dell\u2019Unit\u00e0 nazionale, della Costituzione, dell\u2019Inno e della Bandiera\"\n               data-image-slug=\"pla_0268-1\"\n               class=\"ngg-fancybox\" rel=\"5daa0462e3bf1c035b7128bdc0715075\">\n                <img\n                    title=\"Celebrata la Giornata dell\u2019Unit\u00e0 nazionale, della Costituzione, dell\u2019Inno e della Bandiera\"\n                    alt=\"Celebrata la Giornata dell\u2019Unit\u00e0 nazionale, della Costituzione, dell\u2019Inno e della Bandiera\"\n                    src=\"http:\/\/www.spaziotorino.it\/scatto\/wp-content\/gallery\/2024_03_18_unita\/cache\/PLA_0268.jpg-nggid0532192-ngg0dyn-60x60x100-00f0w010c011r110f110r010t010.jpg\"\n                    width=\"60\"\n                    height=\"60\"\n                    style=\"max-width:100%;\"\n                \/>\n            <\/a>\n        <\/div>\n\t\t\t\t\t\t\t<\/div> \n\t\t\t\n        \n\t\t\t\t<div id=\"ngg-image-10\" class=\"ngg-gallery-thumbnail-box\" >\n\t\t\t\t        <div class=\"ngg-gallery-thumbnail\">\n            <a href=\"http:\/\/www.spaziotorino.it\/scatto\/wp-content\/gallery\/2024_03_18_unita\/PLA_0287.jpg\"\n               title=\"L&#039;assessora Carlotta Salerno partecipa ai festeggiamenti in occasione del 163\u00b0 anniversario dell&#039;Unit\u00e0 d&#039;Italia\"\n               data-src=\"http:\/\/www.spaziotorino.it\/scatto\/wp-content\/gallery\/2024_03_18_unita\/PLA_0287.jpg\"\n               data-thumbnail=\"http:\/\/www.spaziotorino.it\/scatto\/wp-content\/gallery\/2024_03_18_unita\/thumbs\/thumbs_PLA_0287.jpg\"\n               data-image-id=\"32191\"\n               data-title=\"L&#039;assessora Carlotta Salerno partecipa ai festeggiamenti in occasione del 163\u00b0 anniversario dell&#039;Unit\u00e0 d&#039;Italia\"\n               data-description=\"L&#039;assessora Carlotta Salerno partecipa ai festeggiamenti in occasione del 163\u00b0 anniversario dell&#039;Unit\u00e0 d&#039;Italia\"\n               data-image-slug=\"pla_0287-3\"\n               class=\"ngg-fancybox\" rel=\"5daa0462e3bf1c035b7128bdc0715075\">\n                <img\n                    title=\"L&#039;assessora Carlotta Salerno partecipa ai festeggiamenti in occasione del 163\u00b0 anniversario dell&#039;Unit\u00e0 d&#039;Italia\"\n                    alt=\"L&#039;assessora Carlotta Salerno partecipa ai festeggiamenti in occasione del 163\u00b0 anniversario dell&#039;Unit\u00e0 d&#039;Italia\"\n                    src=\"http:\/\/www.spaziotorino.it\/scatto\/wp-content\/gallery\/2024_03_18_unita\/cache\/PLA_0287.jpg-nggid0532191-ngg0dyn-60x60x100-00f0w010c011r110f110r010t010.jpg\"\n                    width=\"60\"\n                    height=\"60\"\n                    style=\"max-width:100%;\"\n                \/>\n            <\/a>\n        <\/div>\n\t\t\t\t\t\t\t<\/div> \n\t\t\t\n        \n\t\t\t\t<div id=\"ngg-image-11\" class=\"ngg-gallery-thumbnail-box\" >\n\t\t\t\t        <div class=\"ngg-gallery-thumbnail\">\n            <a href=\"http:\/\/www.spaziotorino.it\/scatto\/wp-content\/gallery\/2024_03_18_unita\/PLA_0295.jpg\"\n               title=\"L&#039;assessora Carlotta Salerno partecipa ai festeggiamenti in occasione del 163\u00b0 anniversario dell&#039;Unit\u00e0 d&#039;Italia\"\n               data-src=\"http:\/\/www.spaziotorino.it\/scatto\/wp-content\/gallery\/2024_03_18_unita\/PLA_0295.jpg\"\n               data-thumbnail=\"http:\/\/www.spaziotorino.it\/scatto\/wp-content\/gallery\/2024_03_18_unita\/thumbs\/thumbs_PLA_0295.jpg\"\n               data-image-id=\"32193\"\n               data-title=\"L&#039;assessora Carlotta Salerno partecipa ai festeggiamenti in occasione del 163\u00b0 anniversario dell&#039;Unit\u00e0 d&#039;Italia\"\n               data-description=\"L&#039;assessora Carlotta Salerno partecipa ai festeggiamenti in occasione del 163\u00b0 anniversario dell&#039;Unit\u00e0 d&#039;Italia\"\n               data-image-slug=\"pla_0295-2\"\n               class=\"ngg-fancybox\" rel=\"5daa0462e3bf1c035b7128bdc0715075\">\n                <img\n                    title=\"L&#039;assessora Carlotta Salerno partecipa ai festeggiamenti in occasione del 163\u00b0 anniversario dell&#039;Unit\u00e0 d&#039;Italia\"\n                    alt=\"L&#039;assessora Carlotta Salerno partecipa ai festeggiamenti in occasione del 163\u00b0 anniversario dell&#039;Unit\u00e0 d&#039;Italia\"\n                    src=\"http:\/\/www.spaziotorino.it\/scatto\/wp-content\/gallery\/2024_03_18_unita\/cache\/PLA_0295.jpg-nggid0532193-ngg0dyn-60x60x100-00f0w010c011r110f110r010t010.jpg\"\n                    width=\"60\"\n                    height=\"60\"\n                    style=\"max-width:100%;\"\n                \/>\n            <\/a>\n        <\/div>\n\t\t\t\t\t\t\t<\/div> \n\t\t\t\n        \n\t\t\t\t<div id=\"ngg-image-12\" class=\"ngg-gallery-thumbnail-box\" >\n\t\t\t\t        <div class=\"ngg-gallery-thumbnail\">\n            <a href=\"http:\/\/www.spaziotorino.it\/scatto\/wp-content\/gallery\/2024_03_18_unita\/PLA_0302.jpg\"\n               title=\"Celebrata la Giornata dell\u2019Unit\u00e0 nazionale, della Costituzione, dell\u2019Inno e della Bandiera\"\n               data-src=\"http:\/\/www.spaziotorino.it\/scatto\/wp-content\/gallery\/2024_03_18_unita\/PLA_0302.jpg\"\n               data-thumbnail=\"http:\/\/www.spaziotorino.it\/scatto\/wp-content\/gallery\/2024_03_18_unita\/thumbs\/thumbs_PLA_0302.jpg\"\n               data-image-id=\"32194\"\n               data-title=\"Celebrata la Giornata dell\u2019Unit\u00e0 nazionale, della Costituzione, dell\u2019Inno e della Bandiera\"\n               data-description=\"Celebrata la Giornata dell\u2019Unit\u00e0 nazionale, della Costituzione, dell\u2019Inno e della Bandiera\"\n               data-image-slug=\"pla_0302\"\n               class=\"ngg-fancybox\" rel=\"5daa0462e3bf1c035b7128bdc0715075\">\n                <img\n                    title=\"Celebrata la Giornata dell\u2019Unit\u00e0 nazionale, della Costituzione, dell\u2019Inno e della Bandiera\"\n                    alt=\"Celebrata la Giornata dell\u2019Unit\u00e0 nazionale, della Costituzione, dell\u2019Inno e della Bandiera\"\n                    src=\"http:\/\/www.spaziotorino.it\/scatto\/wp-content\/gallery\/2024_03_18_unita\/cache\/PLA_0302.jpg-nggid0532194-ngg0dyn-60x60x100-00f0w010c011r110f110r010t010.jpg\"\n                    width=\"60\"\n                    height=\"60\"\n                    style=\"max-width:100%;\"\n                \/>\n            <\/a>\n        <\/div>\n\t\t\t\t\t\t\t<\/div> \n\t\t\t\n        \n\t\t\t\t<div id=\"ngg-image-13\" class=\"ngg-gallery-thumbnail-box\" >\n\t\t\t\t        <div class=\"ngg-gallery-thumbnail\">\n            <a href=\"http:\/\/www.spaziotorino.it\/scatto\/wp-content\/gallery\/2024_03_18_unita\/PLA_0303.jpg\"\n               title=\"Celebrata la Giornata dell\u2019Unit\u00e0 nazionale, della Costituzione, dell\u2019Inno e della Bandiera\"\n               data-src=\"http:\/\/www.spaziotorino.it\/scatto\/wp-content\/gallery\/2024_03_18_unita\/PLA_0303.jpg\"\n               data-thumbnail=\"http:\/\/www.spaziotorino.it\/scatto\/wp-content\/gallery\/2024_03_18_unita\/thumbs\/thumbs_PLA_0303.jpg\"\n               data-image-id=\"32195\"\n               data-title=\"Celebrata la Giornata dell\u2019Unit\u00e0 nazionale, della Costituzione, dell\u2019Inno e della Bandiera\"\n               data-description=\"Celebrata la Giornata dell\u2019Unit\u00e0 nazionale, della Costituzione, dell\u2019Inno e della Bandiera\"\n               data-image-slug=\"pla_0303-1\"\n               class=\"ngg-fancybox\" rel=\"5daa0462e3bf1c035b7128bdc0715075\">\n                <img\n                    title=\"Celebrata la Giornata dell\u2019Unit\u00e0 nazionale, della Costituzione, dell\u2019Inno e della Bandiera\"\n                    alt=\"Celebrata la Giornata dell\u2019Unit\u00e0 nazionale, della Costituzione, dell\u2019Inno e della Bandiera\"\n                    src=\"http:\/\/www.spaziotorino.it\/scatto\/wp-content\/gallery\/2024_03_18_unita\/cache\/PLA_0303.jpg-nggid0532195-ngg0dyn-60x60x100-00f0w010c011r110f110r010t010.jpg\"\n                    width=\"60\"\n                    height=\"60\"\n                    style=\"max-width:100%;\"\n                \/>\n            <\/a>\n        <\/div>\n\t\t\t\t\t\t\t<\/div> \n\t\t\t\n        \n\t\t\t\t<div id=\"ngg-image-14\" class=\"ngg-gallery-thumbnail-box\" >\n\t\t\t\t        <div class=\"ngg-gallery-thumbnail\">\n            <a href=\"http:\/\/www.spaziotorino.it\/scatto\/wp-content\/gallery\/2024_03_18_unita\/PLA_0311.jpg\"\n               title=\"L&#039;assessora Carlotta Salerno partecipa ai festeggiamenti in occasione del 163\u00b0 anniversario dell&#039;Unit\u00e0 d&#039;Italia\"\n               data-src=\"http:\/\/www.spaziotorino.it\/scatto\/wp-content\/gallery\/2024_03_18_unita\/PLA_0311.jpg\"\n               data-thumbnail=\"http:\/\/www.spaziotorino.it\/scatto\/wp-content\/gallery\/2024_03_18_unita\/thumbs\/thumbs_PLA_0311.jpg\"\n               data-image-id=\"32196\"\n               data-title=\"L&#039;assessora Carlotta Salerno partecipa ai festeggiamenti in occasione del 163\u00b0 anniversario dell&#039;Unit\u00e0 d&#039;Italia\"\n               data-description=\"L&#039;assessora Carlotta Salerno partecipa ai festeggiamenti in occasione del 163\u00b0 anniversario dell&#039;Unit\u00e0 d&#039;Italia\"\n               data-image-slug=\"pla_0311\"\n               class=\"ngg-fancybox\" rel=\"5daa0462e3bf1c035b7128bdc0715075\">\n                <img\n                    title=\"L&#039;assessora Carlotta Salerno partecipa ai festeggiamenti in occasione del 163\u00b0 anniversario dell&#039;Unit\u00e0 d&#039;Italia\"\n                    alt=\"L&#039;assessora Carlotta Salerno partecipa ai festeggiamenti in occasione del 163\u00b0 anniversario dell&#039;Unit\u00e0 d&#039;Italia\"\n                    src=\"http:\/\/www.spaziotorino.it\/scatto\/wp-content\/gallery\/2024_03_18_unita\/cache\/PLA_0311.jpg-nggid0532196-ngg0dyn-60x60x100-00f0w010c011r110f110r010t010.jpg\"\n                    width=\"60\"\n                    height=\"60\"\n                    style=\"max-width:100%;\"\n                \/>\n            <\/a>\n        <\/div>\n\t\t\t\t\t\t\t<\/div> \n\t\t\t\n        \n\t\t\t\t<div id=\"ngg-image-15\" class=\"ngg-gallery-thumbnail-box\" >\n\t\t\t\t        <div class=\"ngg-gallery-thumbnail\">\n            <a href=\"http:\/\/www.spaziotorino.it\/scatto\/wp-content\/gallery\/2024_03_18_unita\/PLA_0316.jpg\"\n               title=\"Celebrata la Giornata dell\u2019Unit\u00e0 nazionale, della Costituzione, dell\u2019Inno e della Bandiera\"\n               data-src=\"http:\/\/www.spaziotorino.it\/scatto\/wp-content\/gallery\/2024_03_18_unita\/PLA_0316.jpg\"\n               data-thumbnail=\"http:\/\/www.spaziotorino.it\/scatto\/wp-content\/gallery\/2024_03_18_unita\/thumbs\/thumbs_PLA_0316.jpg\"\n               data-image-id=\"32198\"\n               data-title=\"Celebrata la Giornata dell\u2019Unit\u00e0 nazionale, della Costituzione, dell\u2019Inno e della Bandiera\"\n               data-description=\"Celebrata la Giornata dell\u2019Unit\u00e0 nazionale, della Costituzione, dell\u2019Inno e della Bandiera\"\n               data-image-slug=\"pla_0316-2\"\n               class=\"ngg-fancybox\" rel=\"5daa0462e3bf1c035b7128bdc0715075\">\n                <img\n                    title=\"Celebrata la Giornata dell\u2019Unit\u00e0 nazionale, della Costituzione, dell\u2019Inno e della Bandiera\"\n                    alt=\"Celebrata la Giornata dell\u2019Unit\u00e0 nazionale, della Costituzione, dell\u2019Inno e della Bandiera\"\n                    src=\"http:\/\/www.spaziotorino.it\/scatto\/wp-content\/gallery\/2024_03_18_unita\/cache\/PLA_0316.jpg-nggid0532198-ngg0dyn-60x60x100-00f0w010c011r110f110r010t010.jpg\"\n                    width=\"60\"\n                    height=\"60\"\n                    style=\"max-width:100%;\"\n                \/>\n            <\/a>\n        <\/div>\n\t\t\t\t\t\t\t<\/div> \n\t\t\t\n        \n\t\t\t\t<div id=\"ngg-image-16\" class=\"ngg-gallery-thumbnail-box\" >\n\t\t\t\t        <div class=\"ngg-gallery-thumbnail\">\n            <a href=\"http:\/\/www.spaziotorino.it\/scatto\/wp-content\/gallery\/2024_03_18_unita\/PLA_0326.jpg\"\n               title=\"L&#039;Assessora Gianna Pentenero partecipa ai festeggiamenti in occasione del 163\u00b0 anniversario dell&#039;Unit\u00e0 d&#039;Italia\"\n               data-src=\"http:\/\/www.spaziotorino.it\/scatto\/wp-content\/gallery\/2024_03_18_unita\/PLA_0326.jpg\"\n               data-thumbnail=\"http:\/\/www.spaziotorino.it\/scatto\/wp-content\/gallery\/2024_03_18_unita\/thumbs\/thumbs_PLA_0326.jpg\"\n               data-image-id=\"32197\"\n               data-title=\"L&#039;Assessora Gianna Pentenero partecipa ai festeggiamenti in occasione del 163\u00b0 anniversario dell&#039;Unit\u00e0 d&#039;Italia\"\n               data-description=\"L&#039;Assessora Gianna Pentenero partecipa ai festeggiamenti in occasione del 163\u00b0 anniversario dell&#039;Unit\u00e0 d&#039;Italia\"\n               data-image-slug=\"pla_0326-2\"\n               class=\"ngg-fancybox\" rel=\"5daa0462e3bf1c035b7128bdc0715075\">\n                <img\n                    title=\"L&#039;Assessora Gianna Pentenero partecipa ai festeggiamenti in occasione del 163\u00b0 anniversario dell&#039;Unit\u00e0 d&#039;Italia\"\n                    alt=\"L&#039;Assessora Gianna Pentenero partecipa ai festeggiamenti in occasione del 163\u00b0 anniversario dell&#039;Unit\u00e0 d&#039;Italia\"\n                    src=\"http:\/\/www.spaziotorino.it\/scatto\/wp-content\/gallery\/2024_03_18_unita\/cache\/PLA_0326.jpg-nggid0532197-ngg0dyn-60x60x100-00f0w010c011r110f110r010t010.jpg\"\n                    width=\"60\"\n                    height=\"60\"\n                    style=\"max-width:100%;\"\n                \/>\n            <\/a>\n        <\/div>\n\t\t\t\t\t\t\t<\/div> \n\t\t\t\n        \n\t\t\t\t<div id=\"ngg-image-17\" class=\"ngg-gallery-thumbnail-box\" >\n\t\t\t\t        <div class=\"ngg-gallery-thumbnail\">\n            <a href=\"http:\/\/www.spaziotorino.it\/scatto\/wp-content\/gallery\/2024_03_18_unita\/PLA_0342.jpg\"\n               title=\"Celebrata la Giornata dell\u2019Unit\u00e0 nazionale, della Costituzione, dell\u2019Inno e della Bandiera\"\n               data-src=\"http:\/\/www.spaziotorino.it\/scatto\/wp-content\/gallery\/2024_03_18_unita\/PLA_0342.jpg\"\n               data-thumbnail=\"http:\/\/www.spaziotorino.it\/scatto\/wp-content\/gallery\/2024_03_18_unita\/thumbs\/thumbs_PLA_0342.jpg\"\n               data-image-id=\"32199\"\n               data-title=\"Celebrata la Giornata dell\u2019Unit\u00e0 nazionale, della Costituzione, dell\u2019Inno e della Bandiera\"\n               data-description=\"Celebrata la Giornata dell\u2019Unit\u00e0 nazionale, della Costituzione, dell\u2019Inno e della Bandiera\"\n               data-image-slug=\"pla_0342\"\n               class=\"ngg-fancybox\" rel=\"5daa0462e3bf1c035b7128bdc0715075\">\n                <img\n                    title=\"Celebrata la Giornata dell\u2019Unit\u00e0 nazionale, della Costituzione, dell\u2019Inno e della Bandiera\"\n                    alt=\"Celebrata la Giornata dell\u2019Unit\u00e0 nazionale, della Costituzione, dell\u2019Inno e della Bandiera\"\n                    src=\"http:\/\/www.spaziotorino.it\/scatto\/wp-content\/gallery\/2024_03_18_unita\/cache\/PLA_0342.jpg-nggid0532199-ngg0dyn-60x60x100-00f0w010c011r110f110r010t010.jpg\"\n                    width=\"60\"\n                    height=\"60\"\n                    style=\"max-width:100%;\"\n                \/>\n            <\/a>\n        <\/div>\n\t\t\t\t\t\t\t<\/div> \n\t\t\t\n        \n\t\t\t\t<div id=\"ngg-image-18\" class=\"ngg-gallery-thumbnail-box\" >\n\t\t\t\t        <div class=\"ngg-gallery-thumbnail\">\n            <a href=\"http:\/\/www.spaziotorino.it\/scatto\/wp-content\/gallery\/2024_03_18_unita\/PLA_0344.jpg\"\n               title=\"Celebrata la Giornata dell\u2019Unit\u00e0 nazionale, della Costituzione, dell\u2019Inno e della Bandiera\"\n               data-src=\"http:\/\/www.spaziotorino.it\/scatto\/wp-content\/gallery\/2024_03_18_unita\/PLA_0344.jpg\"\n               data-thumbnail=\"http:\/\/www.spaziotorino.it\/scatto\/wp-content\/gallery\/2024_03_18_unita\/thumbs\/thumbs_PLA_0344.jpg\"\n               data-image-id=\"32202\"\n               data-title=\"Celebrata la Giornata dell\u2019Unit\u00e0 nazionale, della Costituzione, dell\u2019Inno e della Bandiera\"\n               data-description=\"Celebrata la Giornata dell\u2019Unit\u00e0 nazionale, della Costituzione, dell\u2019Inno e della Bandiera\"\n               data-image-slug=\"pla_0344-3\"\n               class=\"ngg-fancybox\" rel=\"5daa0462e3bf1c035b7128bdc0715075\">\n                <img\n                    title=\"Celebrata la Giornata dell\u2019Unit\u00e0 nazionale, della Costituzione, dell\u2019Inno e della Bandiera\"\n                    alt=\"Celebrata la Giornata dell\u2019Unit\u00e0 nazionale, della Costituzione, dell\u2019Inno e della Bandiera\"\n                    src=\"http:\/\/www.spaziotorino.it\/scatto\/wp-content\/gallery\/2024_03_18_unita\/cache\/PLA_0344.jpg-nggid0532202-ngg0dyn-60x60x100-00f0w010c011r110f110r010t010.jpg\"\n                    width=\"60\"\n                    height=\"60\"\n                    style=\"max-width:100%;\"\n                \/>\n            <\/a>\n        <\/div>\n\t\t\t\t\t\t\t<\/div> \n\t\t\t\n        \n\t\t\t\t<div id=\"ngg-image-19\" class=\"ngg-gallery-thumbnail-box\" >\n\t\t\t\t        <div class=\"ngg-gallery-thumbnail\">\n            <a href=\"http:\/\/www.spaziotorino.it\/scatto\/wp-content\/gallery\/2024_03_18_unita\/PLA_0346.jpg\"\n               title=\"Celebrata la Giornata dell\u2019Unit\u00e0 nazionale, della Costituzione, dell\u2019Inno e della Bandiera\"\n               data-src=\"http:\/\/www.spaziotorino.it\/scatto\/wp-content\/gallery\/2024_03_18_unita\/PLA_0346.jpg\"\n               data-thumbnail=\"http:\/\/www.spaziotorino.it\/scatto\/wp-content\/gallery\/2024_03_18_unita\/thumbs\/thumbs_PLA_0346.jpg\"\n               data-image-id=\"32200\"\n               data-title=\"Celebrata la Giornata dell\u2019Unit\u00e0 nazionale, della Costituzione, dell\u2019Inno e della Bandiera\"\n               data-description=\"Celebrata la Giornata dell\u2019Unit\u00e0 nazionale, della Costituzione, dell\u2019Inno e della Bandiera\"\n               data-image-slug=\"pla_0346-1\"\n               class=\"ngg-fancybox\" rel=\"5daa0462e3bf1c035b7128bdc0715075\">\n                <img\n                    title=\"Celebrata la Giornata dell\u2019Unit\u00e0 nazionale, della Costituzione, dell\u2019Inno e della Bandiera\"\n                    alt=\"Celebrata la Giornata dell\u2019Unit\u00e0 nazionale, della Costituzione, dell\u2019Inno e della Bandiera\"\n                    src=\"http:\/\/www.spaziotorino.it\/scatto\/wp-content\/gallery\/2024_03_18_unita\/cache\/PLA_0346.jpg-nggid0532200-ngg0dyn-60x60x100-00f0w010c011r110f110r010t010.jpg\"\n                    width=\"60\"\n                    height=\"60\"\n                    style=\"max-width:100%;\"\n                \/>\n            <\/a>\n        <\/div>\n\t\t\t\t\t\t\t<\/div> \n\t\t\t\n        \n\t\t\t\t<div id=\"ngg-image-20\" class=\"ngg-gallery-thumbnail-box\" >\n\t\t\t\t        <div class=\"ngg-gallery-thumbnail\">\n            <a href=\"http:\/\/www.spaziotorino.it\/scatto\/wp-content\/gallery\/2024_03_18_unita\/PLA_0348.jpg\"\n               title=\"Celebrata la Giornata dell\u2019Unit\u00e0 nazionale, della Costituzione, dell\u2019Inno e della Bandiera\"\n               data-src=\"http:\/\/www.spaziotorino.it\/scatto\/wp-content\/gallery\/2024_03_18_unita\/PLA_0348.jpg\"\n               data-thumbnail=\"http:\/\/www.spaziotorino.it\/scatto\/wp-content\/gallery\/2024_03_18_unita\/thumbs\/thumbs_PLA_0348.jpg\"\n               data-image-id=\"32201\"\n               data-title=\"Celebrata la Giornata dell\u2019Unit\u00e0 nazionale, della Costituzione, dell\u2019Inno e della Bandiera\"\n               data-description=\"Celebrata la Giornata dell\u2019Unit\u00e0 nazionale, della Costituzione, dell\u2019Inno e della Bandiera\"\n               data-image-slug=\"pla_0348-1\"\n               class=\"ngg-fancybox\" rel=\"5daa0462e3bf1c035b7128bdc0715075\">\n                <img\n                    title=\"Celebrata la Giornata dell\u2019Unit\u00e0 nazionale, della Costituzione, dell\u2019Inno e della Bandiera\"\n                    alt=\"Celebrata la Giornata dell\u2019Unit\u00e0 nazionale, della Costituzione, dell\u2019Inno e della Bandiera\"\n                    src=\"http:\/\/www.spaziotorino.it\/scatto\/wp-content\/gallery\/2024_03_18_unita\/cache\/PLA_0348.jpg-nggid0532201-ngg0dyn-60x60x100-00f0w010c011r110f110r010t010.jpg\"\n                    width=\"60\"\n                    height=\"60\"\n                    style=\"max-width:100%;\"\n                \/>\n            <\/a>\n        <\/div>\n\t\t\t\t\t\t\t<\/div> \n\t\t\t\n        \n\t\t\n\t\t<!-- Pagination -->\n\t<div class='ngg-clear'><\/div>\t<\/div>\n\n<p>Questa mattina in piazza Carignano davanti al monumento a Vincenzo Gioberti Torino ha celebrato la Giornata dell\u2019Unit\u00e0 nazionale, della Costituzione, dell\u2019Inno e della Bandiera, istituita nel 2012, con l\u2019obiettivo di ricordare e promuovere i \u201cvalori di cittadinanza, fondamento di una positiva convivenza civile, nonch\u00e9 di riaffermare e consolidare l\u2019identit\u00e0 nazionale attraverso il ricordo e la memoria civica\u201d.<\/p>\n<p>Sono trascorsi 163 anni, era il 17 marzo 1861, da quando la \u00abGazzetta Ufficiale\u00bb pubblica il reale decreto che conferisce a Vittorio il titolo di Re d\u2019Italia per s\u00e9 e i suoi successori, sancendo l\u2019Unit\u00e0 nazionale, quasi 7 da quando, nel novembre del 2017, &nbsp;l\u2019Inno di Mameli, o meglio \u00abIl canto degli Italiani\u00bb \u2013 adottato provvisoriamente dal Consiglio dei ministri il 12 ottobre 1946 \u2013 grazie a una legge diventa ufficialmente l\u2019Inno della Repubblica Italiana.<\/p>\n<p>\u201cSono felice di vedervi qui cos\u00ec numerosi \u2013 ha detto l\u2019assessora alla Politiche giovanili Carlotta Salerno rivolgendosi ai tanti bambine e bambine presenti alla cerimonia \u2013 Voi siete il presente e il futuro del nostro Paese. Una democrazia ancora giovane con alle spalle momenti di difficolt\u00e0 e cambiamento, dai quali \u00e8 sempre riemersa grazie alle capacit\u00e0 e all\u2019umanit\u00e0 dei suoi cittadini. Ma l\u2019unit\u00e0 del Paese non \u00e8 scontata \u2013 ha proseguito -, \u00e8 necessario continuare a prendersene cura quotidianamente preoccupandoci gli uni degli altri. Ci aiuta in questo l\u2019inno di Mameli che con le sue trascinanti note accompagna i grandi eventi e ci ricorda che siamo un unico Paese, un\u2019unica grande comunit\u00e0, a scuola, al lavoro, in famiglia, nello sport, con i compagni e con i colleghi\u201d.<\/p>\n<p>Oltre agli alunni delle scuole I.C. Regio Parco Gabriella Poli, Niccol\u00f2 Tommaseo e Pacchiotti-Revel, con l\u2019assessora Salerno in piazza Carignano erano presenti i gonfaloni della&nbsp; Citt\u00e0 di Torino, della Citt\u00e0 Metropolitana e della Regione Piemonte, insieme ai rappresentanti delle autorit\u00e0 di Stato.<\/p>\n<p>Deposta una corona di alloro della Citt\u00e0 di Torino per ricordare tutti i Caduti&nbsp; del Risorgimento Italiano sono poi intervenuti Agnese De Bortoli, sindaca del Consiglio comunale dei ragazzi e Stefano Arcangeli, dell\u2019Istituto Tommaseo. Ha preso la parola anche Umberto d\u2019Ottavio, presidente del Patto Nord Ovest e promotore della legge per il riconoscimento ufficiale dell\u2019Inno d\u2019Italia, il cui testo scritto da Goffredo Mameli il 10 settembre 1847 fu musicato proprio a Torino da Michele Novaro.<\/p>\n<p>La cerimonia \u00e8 stata accompagnata dalle note della Banda musicale del Corpo di Polizia municipale di Torino.<\/p>\n<p>[Fonte: <a href=\"https:\/\/www.torinoclick.it\/societa\/celebrata-la-giornata-dellunita-nazionale-della-costituzione-dellinno-e-della-bandiera\/\">TorinoClick<\/a>]<\/p>\n","protected":false},"excerpt":{"rendered":"<p>Questa mattina in piazza Carignano davanti al monumento a Vincenzo Gioberti Torino ha celebrato la Giornata dell\u2019Unit\u00e0 nazionale, della Costituzione, dell\u2019Inno e della Bandiera, istituita nel 2012, con l\u2019obiettivo di ricordare e promuovere i \u201cvalori di cittadinanza, fondamento di una positiva convivenza civile, nonch\u00e9 di riaffermare e consolidare l\u2019identit\u00e0 nazionale attraverso il ricordo e la [&hellip;]<\/p>\n","protected":false},"author":1,"featured_media":0,"comment_status":"closed","ping_status":"open","sticky":false,"template":"","format":"standard","meta":{"ngg_post_thumbnail":0},"categories":[1,895],"tags":[],"_links":{"self":[{"href":"http:\/\/www.spaziotorino.it\/scatto\/index.php?rest_route=\/wp\/v2\/posts\/49564"}],"collection":[{"href":"http:\/\/www.spaziotorino.it\/scatto\/index.php?rest_route=\/wp\/v2\/posts"}],"about":[{"href":"http:\/\/www.spaziotorino.it\/scatto\/index.php?rest_route=\/wp\/v2\/types\/post"}],"author":[{"embeddable":true,"href":"http:\/\/www.spaziotorino.it\/scatto\/index.php?rest_route=\/wp\/v2\/users\/1"}],"replies":[{"embeddable":true,"href":"http:\/\/www.spaziotorino.it\/scatto\/index.php?rest_route=%2Fwp%2Fv2%2Fcomments&post=49564"}],"version-history":[{"count":3,"href":"http:\/\/www.spaziotorino.it\/scatto\/index.php?rest_route=\/wp\/v2\/posts\/49564\/revisions"}],"predecessor-version":[{"id":49568,"href":"http:\/\/www.spaziotorino.it\/scatto\/index.php?rest_route=\/wp\/v2\/posts\/49564\/revisions\/49568"}],"wp:attachment":[{"href":"http:\/\/www.spaziotorino.it\/scatto\/index.php?rest_route=%2Fwp%2Fv2%2Fmedia&parent=49564"}],"wp:term":[{"taxonomy":"category","embeddable":true,"href":"http:\/\/www.spaziotorino.it\/scatto\/index.php?rest_route=%2Fwp%2Fv2%2Fcategories&post=49564"},{"taxonomy":"post_tag","embeddable":true,"href":"http:\/\/www.spaziotorino.it\/scatto\/index.php?rest_route=%2Fwp%2Fv2%2Ftags&post=49564"}],"curies":[{"name":"wp","href":"https:\/\/api.w.org\/{rel}","templated":true}]}}