{"id":5030,"date":"2016-02-10T16:56:00","date_gmt":"2016-02-10T15:56:00","guid":{"rendered":"http:\/\/www.spaziotorino.it\/scatto\/?p=5030"},"modified":"2016-02-10T17:06:07","modified_gmt":"2016-02-10T16:06:07","slug":"giorno-del-ricordo-2016","status":"publish","type":"post","link":"http:\/\/www.spaziotorino.it\/scatto\/?p=5030","title":{"rendered":"Giorno del Ricordo 2016"},"content":{"rendered":"<p><a title=\"Giorno del Ricordo 2016\" rel=\"lightbox[set_1019]\" href=\"http:\/\/www.spaziotorino.it\/scatto\/wp-content\/gallery\/2016_02_10_ricordo\/dsc_0018.jpg\"><br \/>\n<img decoding=\"async\" loading=\"lazy\" class=\"ngg-singlepic\" title=\"Giorno del Ricordo 2016\" src=\"http:\/\/www.spaziotorino.it\/scatto\/wp-content\/gallery\/2016_02_10_ricordo\/dsc_0018.jpg\" alt=\"\" width=\"540\" height=\"360\" \/><\/a><\/p>\n<!-- index.php -->\n<div\n\tclass=\"ngg-galleryoverview ngg-ajax-pagination-none\"\n\tid=\"ngg-gallery-eac838f770937d94baa130358a24eef0-1\">\n\n    \t\t<!-- Thumbnails -->\n\t\t\t\t<div id=\"ngg-image-0\" class=\"ngg-gallery-thumbnail-box\" >\n\t\t\t\t        <div class=\"ngg-gallery-thumbnail\">\n            <a href=\"http:\/\/www.spaziotorino.it\/scatto\/wp-content\/gallery\/2016_02_10_ricordo\/dsc_0003.jpg\"\n               title=\"Cimitero Monumentale: cerimonia commemorativa in occasione del Giorno del Ricordo\"\n               data-src=\"http:\/\/www.spaziotorino.it\/scatto\/wp-content\/gallery\/2016_02_10_ricordo\/dsc_0003.jpg\"\n               data-thumbnail=\"http:\/\/www.spaziotorino.it\/scatto\/wp-content\/gallery\/2016_02_10_ricordo\/thumbs\/thumbs_dsc_0003.jpg\"\n               data-image-id=\"16441\"\n               data-title=\"Cimitero Monumentale: cerimonia commemorativa in occasione del Giorno del Ricordo\"\n               data-description=\"Cimitero Monumentale: cerimonia commemorativa in occasione del Giorno del Ricordo\"\n               data-image-slug=\"cimitero-monumentale-cerimonia-commemorativa-in-occasione-del-giorno-del-ricordo-1\"\n               class=\"ngg-fancybox\" rel=\"eac838f770937d94baa130358a24eef0\">\n                <img\n                    title=\"Cimitero Monumentale: cerimonia commemorativa in occasione del Giorno del Ricordo\"\n                    alt=\"Cimitero Monumentale: cerimonia commemorativa in occasione del Giorno del Ricordo\"\n                    src=\"http:\/\/www.spaziotorino.it\/scatto\/wp-content\/gallery\/2016_02_10_ricordo\/cache\/dsc_0003.jpg-nggid0516441-ngg0dyn-60x60x100-00f0w010c011r110f110r010t010.jpg\"\n                    width=\"60\"\n                    height=\"60\"\n                    style=\"max-width:100%;\"\n                \/>\n            <\/a>\n        <\/div>\n\t\t\t\t\t\t\t<\/div> \n\t\t\t\n        \n\t\t\t\t<div id=\"ngg-image-1\" class=\"ngg-gallery-thumbnail-box\" >\n\t\t\t\t        <div class=\"ngg-gallery-thumbnail\">\n            <a href=\"http:\/\/www.spaziotorino.it\/scatto\/wp-content\/gallery\/2016_02_10_ricordo\/dsc_0004.jpg\"\n               title=\"Cimitero Monumentale: cerimonia commemorativa in occasione del Giorno del Ricordo\"\n               data-src=\"http:\/\/www.spaziotorino.it\/scatto\/wp-content\/gallery\/2016_02_10_ricordo\/dsc_0004.jpg\"\n               data-thumbnail=\"http:\/\/www.spaziotorino.it\/scatto\/wp-content\/gallery\/2016_02_10_ricordo\/thumbs\/thumbs_dsc_0004.jpg\"\n               data-image-id=\"16442\"\n               data-title=\"Cimitero Monumentale: cerimonia commemorativa in occasione del Giorno del Ricordo\"\n               data-description=\"Cimitero Monumentale: cerimonia commemorativa in occasione del Giorno del Ricordo\"\n               data-image-slug=\"cimitero-monumentale-cerimonia-commemorativa-in-occasione-del-giorno-del-ricordo-1\"\n               class=\"ngg-fancybox\" rel=\"eac838f770937d94baa130358a24eef0\">\n                <img\n                    title=\"Cimitero Monumentale: cerimonia commemorativa in occasione del Giorno del Ricordo\"\n                    alt=\"Cimitero Monumentale: cerimonia commemorativa in occasione del Giorno del Ricordo\"\n                    src=\"http:\/\/www.spaziotorino.it\/scatto\/wp-content\/gallery\/2016_02_10_ricordo\/cache\/dsc_0004.jpg-nggid0516442-ngg0dyn-60x60x100-00f0w010c011r110f110r010t010.jpg\"\n                    width=\"60\"\n                    height=\"60\"\n                    style=\"max-width:100%;\"\n                \/>\n            <\/a>\n        <\/div>\n\t\t\t\t\t\t\t<\/div> \n\t\t\t\n        \n\t\t\t\t<div id=\"ngg-image-2\" class=\"ngg-gallery-thumbnail-box\" >\n\t\t\t\t        <div class=\"ngg-gallery-thumbnail\">\n            <a href=\"http:\/\/www.spaziotorino.it\/scatto\/wp-content\/gallery\/2016_02_10_ricordo\/dsc_0012.jpg\"\n               title=\"Cimitero Monumentale: cerimonia commemorativa in occasione del Giorno del Ricordo\"\n               data-src=\"http:\/\/www.spaziotorino.it\/scatto\/wp-content\/gallery\/2016_02_10_ricordo\/dsc_0012.jpg\"\n               data-thumbnail=\"http:\/\/www.spaziotorino.it\/scatto\/wp-content\/gallery\/2016_02_10_ricordo\/thumbs\/thumbs_dsc_0012.jpg\"\n               data-image-id=\"16443\"\n               data-title=\"Cimitero Monumentale: cerimonia commemorativa in occasione del Giorno del Ricordo\"\n               data-description=\"Cimitero Monumentale: cerimonia commemorativa in occasione del Giorno del Ricordo\"\n               data-image-slug=\"cimitero-monumentale-cerimonia-commemorativa-in-occasione-del-giorno-del-ricordo-1\"\n               class=\"ngg-fancybox\" rel=\"eac838f770937d94baa130358a24eef0\">\n                <img\n                    title=\"Cimitero Monumentale: cerimonia commemorativa in occasione del Giorno del Ricordo\"\n                    alt=\"Cimitero Monumentale: cerimonia commemorativa in occasione del Giorno del Ricordo\"\n                    src=\"http:\/\/www.spaziotorino.it\/scatto\/wp-content\/gallery\/2016_02_10_ricordo\/cache\/dsc_0012.jpg-nggid0516443-ngg0dyn-60x60x100-00f0w010c011r110f110r010t010.jpg\"\n                    width=\"60\"\n                    height=\"60\"\n                    style=\"max-width:100%;\"\n                \/>\n            <\/a>\n        <\/div>\n\t\t\t\t\t\t\t<\/div> \n\t\t\t\n        \n\t\t\t\t<div id=\"ngg-image-3\" class=\"ngg-gallery-thumbnail-box\" >\n\t\t\t\t        <div class=\"ngg-gallery-thumbnail\">\n            <a href=\"http:\/\/www.spaziotorino.it\/scatto\/wp-content\/gallery\/2016_02_10_ricordo\/dsc_0015.jpg\"\n               title=\"Cimitero Monumentale: cerimonia commemorativa in occasione del Giorno del Ricordo\"\n               data-src=\"http:\/\/www.spaziotorino.it\/scatto\/wp-content\/gallery\/2016_02_10_ricordo\/dsc_0015.jpg\"\n               data-thumbnail=\"http:\/\/www.spaziotorino.it\/scatto\/wp-content\/gallery\/2016_02_10_ricordo\/thumbs\/thumbs_dsc_0015.jpg\"\n               data-image-id=\"16444\"\n               data-title=\"Cimitero Monumentale: cerimonia commemorativa in occasione del Giorno del Ricordo\"\n               data-description=\"Cimitero Monumentale: cerimonia commemorativa in occasione del Giorno del Ricordo\"\n               data-image-slug=\"cimitero-monumentale-cerimonia-commemorativa-in-occasione-del-giorno-del-ricordo-1\"\n               class=\"ngg-fancybox\" rel=\"eac838f770937d94baa130358a24eef0\">\n                <img\n                    title=\"Cimitero Monumentale: cerimonia commemorativa in occasione del Giorno del Ricordo\"\n                    alt=\"Cimitero Monumentale: cerimonia commemorativa in occasione del Giorno del Ricordo\"\n                    src=\"http:\/\/www.spaziotorino.it\/scatto\/wp-content\/gallery\/2016_02_10_ricordo\/cache\/dsc_0015.jpg-nggid0516444-ngg0dyn-60x60x100-00f0w010c011r110f110r010t010.jpg\"\n                    width=\"60\"\n                    height=\"60\"\n                    style=\"max-width:100%;\"\n                \/>\n            <\/a>\n        <\/div>\n\t\t\t\t\t\t\t<\/div> \n\t\t\t\n        \n\t\t\t\t<div id=\"ngg-image-4\" class=\"ngg-gallery-thumbnail-box\" >\n\t\t\t\t        <div class=\"ngg-gallery-thumbnail\">\n            <a href=\"http:\/\/www.spaziotorino.it\/scatto\/wp-content\/gallery\/2016_02_10_ricordo\/dsc_0018.jpg\"\n               title=\"Cimitero Monumentale: cerimonia commemorativa in occasione del Giorno del Ricordo\"\n               data-src=\"http:\/\/www.spaziotorino.it\/scatto\/wp-content\/gallery\/2016_02_10_ricordo\/dsc_0018.jpg\"\n               data-thumbnail=\"http:\/\/www.spaziotorino.it\/scatto\/wp-content\/gallery\/2016_02_10_ricordo\/thumbs\/thumbs_dsc_0018.jpg\"\n               data-image-id=\"16445\"\n               data-title=\"Cimitero Monumentale: cerimonia commemorativa in occasione del Giorno del Ricordo\"\n               data-description=\"Cimitero Monumentale: cerimonia commemorativa in occasione del Giorno del Ricordo\"\n               data-image-slug=\"cimitero-monumentale-cerimonia-commemorativa-in-occasione-del-giorno-del-ricordo-2\"\n               class=\"ngg-fancybox\" rel=\"eac838f770937d94baa130358a24eef0\">\n                <img\n                    title=\"Cimitero Monumentale: cerimonia commemorativa in occasione del Giorno del Ricordo\"\n                    alt=\"Cimitero Monumentale: cerimonia commemorativa in occasione del Giorno del Ricordo\"\n                    src=\"http:\/\/www.spaziotorino.it\/scatto\/wp-content\/gallery\/2016_02_10_ricordo\/cache\/dsc_0018.jpg-nggid0516445-ngg0dyn-60x60x100-00f0w010c011r110f110r010t010.jpg\"\n                    width=\"60\"\n                    height=\"60\"\n                    style=\"max-width:100%;\"\n                \/>\n            <\/a>\n        <\/div>\n\t\t\t\t\t\t\t<\/div> \n\t\t\t\n        \n\t\t\t\t<div id=\"ngg-image-5\" class=\"ngg-gallery-thumbnail-box\" >\n\t\t\t\t        <div class=\"ngg-gallery-thumbnail\">\n            <a href=\"http:\/\/www.spaziotorino.it\/scatto\/wp-content\/gallery\/2016_02_10_ricordo\/dsc_0029.jpg\"\n               title=\"Cimitero Monumentale: cerimonia commemorativa in occasione del Giorno del Ricordo\"\n               data-src=\"http:\/\/www.spaziotorino.it\/scatto\/wp-content\/gallery\/2016_02_10_ricordo\/dsc_0029.jpg\"\n               data-thumbnail=\"http:\/\/www.spaziotorino.it\/scatto\/wp-content\/gallery\/2016_02_10_ricordo\/thumbs\/thumbs_dsc_0029.jpg\"\n               data-image-id=\"16446\"\n               data-title=\"Cimitero Monumentale: cerimonia commemorativa in occasione del Giorno del Ricordo\"\n               data-description=\"Cimitero Monumentale: cerimonia commemorativa in occasione del Giorno del Ricordo\"\n               data-image-slug=\"cimitero-monumentale-cerimonia-commemorativa-in-occasione-del-giorno-del-ricordo-2\"\n               class=\"ngg-fancybox\" rel=\"eac838f770937d94baa130358a24eef0\">\n                <img\n                    title=\"Cimitero Monumentale: cerimonia commemorativa in occasione del Giorno del Ricordo\"\n                    alt=\"Cimitero Monumentale: cerimonia commemorativa in occasione del Giorno del Ricordo\"\n                    src=\"http:\/\/www.spaziotorino.it\/scatto\/wp-content\/gallery\/2016_02_10_ricordo\/cache\/dsc_0029.jpg-nggid0516446-ngg0dyn-60x60x100-00f0w010c011r110f110r010t010.jpg\"\n                    width=\"60\"\n                    height=\"60\"\n                    style=\"max-width:100%;\"\n                \/>\n            <\/a>\n        <\/div>\n\t\t\t\t\t\t\t<\/div> \n\t\t\t\n        \n\t\t\t\t<div id=\"ngg-image-6\" class=\"ngg-gallery-thumbnail-box\" >\n\t\t\t\t        <div class=\"ngg-gallery-thumbnail\">\n            <a href=\"http:\/\/www.spaziotorino.it\/scatto\/wp-content\/gallery\/2016_02_10_ricordo\/dsc_0040.jpg\"\n               title=\"Cimitero Monumentale: cerimonia commemorativa in occasione del Giorno del Ricordo\"\n               data-src=\"http:\/\/www.spaziotorino.it\/scatto\/wp-content\/gallery\/2016_02_10_ricordo\/dsc_0040.jpg\"\n               data-thumbnail=\"http:\/\/www.spaziotorino.it\/scatto\/wp-content\/gallery\/2016_02_10_ricordo\/thumbs\/thumbs_dsc_0040.jpg\"\n               data-image-id=\"16447\"\n               data-title=\"Cimitero Monumentale: cerimonia commemorativa in occasione del Giorno del Ricordo\"\n               data-description=\"Cimitero Monumentale: cerimonia commemorativa in occasione del Giorno del Ricordo\"\n               data-image-slug=\"cimitero-monumentale-cerimonia-commemorativa-in-occasione-del-giorno-del-ricordo\"\n               class=\"ngg-fancybox\" rel=\"eac838f770937d94baa130358a24eef0\">\n                <img\n                    title=\"Cimitero Monumentale: cerimonia commemorativa in occasione del Giorno del Ricordo\"\n                    alt=\"Cimitero Monumentale: cerimonia commemorativa in occasione del Giorno del Ricordo\"\n                    src=\"http:\/\/www.spaziotorino.it\/scatto\/wp-content\/gallery\/2016_02_10_ricordo\/cache\/dsc_0040.jpg-nggid0516447-ngg0dyn-60x60x100-00f0w010c011r110f110r010t010.jpg\"\n                    width=\"60\"\n                    height=\"60\"\n                    style=\"max-width:100%;\"\n                \/>\n            <\/a>\n        <\/div>\n\t\t\t\t\t\t\t<\/div> \n\t\t\t\n        \n\t\t\t\t<div id=\"ngg-image-7\" class=\"ngg-gallery-thumbnail-box\" >\n\t\t\t\t        <div class=\"ngg-gallery-thumbnail\">\n            <a href=\"http:\/\/www.spaziotorino.it\/scatto\/wp-content\/gallery\/2016_02_10_ricordo\/img_0098.jpg\"\n               title=\"Il Consigliere Comunale Alessandro Altamura\"\n               data-src=\"http:\/\/www.spaziotorino.it\/scatto\/wp-content\/gallery\/2016_02_10_ricordo\/img_0098.jpg\"\n               data-thumbnail=\"http:\/\/www.spaziotorino.it\/scatto\/wp-content\/gallery\/2016_02_10_ricordo\/thumbs\/thumbs_img_0098.jpg\"\n               data-image-id=\"16448\"\n               data-title=\"Il Consigliere Comunale Alessandro Altamura\"\n               data-description=\"Il Consigliere Comunale Alessandro Altamura\"\n               data-image-slug=\"il-consigliere-comunale-alessandro-altamura\"\n               class=\"ngg-fancybox\" rel=\"eac838f770937d94baa130358a24eef0\">\n                <img\n                    title=\"Il Consigliere Comunale Alessandro Altamura\"\n                    alt=\"Il Consigliere Comunale Alessandro Altamura\"\n                    src=\"http:\/\/www.spaziotorino.it\/scatto\/wp-content\/gallery\/2016_02_10_ricordo\/cache\/img_0098.jpg-nggid0516448-ngg0dyn-60x60x100-00f0w010c011r110f110r010t010.jpg\"\n                    width=\"60\"\n                    height=\"60\"\n                    style=\"max-width:100%;\"\n                \/>\n            <\/a>\n        <\/div>\n\t\t\t\t\t\t\t<\/div> \n\t\t\t\n        \n\t\t\t\t<div id=\"ngg-image-8\" class=\"ngg-gallery-thumbnail-box\" >\n\t\t\t\t        <div class=\"ngg-gallery-thumbnail\">\n            <a href=\"http:\/\/www.spaziotorino.it\/scatto\/wp-content\/gallery\/2016_02_10_ricordo\/img_0104.jpg\"\n               title=\"Antonio Vatta, presidente regionale dell\u2019Associazione nazionale Venezia Giulia e Dalmazia\"\n               data-src=\"http:\/\/www.spaziotorino.it\/scatto\/wp-content\/gallery\/2016_02_10_ricordo\/img_0104.jpg\"\n               data-thumbnail=\"http:\/\/www.spaziotorino.it\/scatto\/wp-content\/gallery\/2016_02_10_ricordo\/thumbs\/thumbs_img_0104.jpg\"\n               data-image-id=\"16449\"\n               data-title=\"Antonio Vatta, presidente regionale dell\u2019Associazione nazionale Venezia Giulia e Dalmazia\"\n               data-description=\"Antonio Vatta, presidente regionale dell\u2019Associazione nazionale Venezia Giulia e Dalmazia\"\n               data-image-slug=\"antonio-vatta-presidente-regionale-dell%e2%80%99associazione-nazionale-venezia-giulia-e-dalmazia-1\"\n               class=\"ngg-fancybox\" rel=\"eac838f770937d94baa130358a24eef0\">\n                <img\n                    title=\"Antonio Vatta, presidente regionale dell\u2019Associazione nazionale Venezia Giulia e Dalmazia\"\n                    alt=\"Antonio Vatta, presidente regionale dell\u2019Associazione nazionale Venezia Giulia e Dalmazia\"\n                    src=\"http:\/\/www.spaziotorino.it\/scatto\/wp-content\/gallery\/2016_02_10_ricordo\/cache\/img_0104.jpg-nggid0516449-ngg0dyn-60x60x100-00f0w010c011r110f110r010t010.jpg\"\n                    width=\"60\"\n                    height=\"60\"\n                    style=\"max-width:100%;\"\n                \/>\n            <\/a>\n        <\/div>\n\t\t\t\t\t\t\t<\/div> \n\t\t\t\n        \n\t\t\t\t<div id=\"ngg-image-9\" class=\"ngg-gallery-thumbnail-box\" >\n\t\t\t\t        <div class=\"ngg-gallery-thumbnail\">\n            <a href=\"http:\/\/www.spaziotorino.it\/scatto\/wp-content\/gallery\/2016_02_10_ricordo\/img_0111.jpg\"\n               title=\"Claudio Dellavalle: Presidente dell\\&#039;Istoreto\"\n               data-src=\"http:\/\/www.spaziotorino.it\/scatto\/wp-content\/gallery\/2016_02_10_ricordo\/img_0111.jpg\"\n               data-thumbnail=\"http:\/\/www.spaziotorino.it\/scatto\/wp-content\/gallery\/2016_02_10_ricordo\/thumbs\/thumbs_img_0111.jpg\"\n               data-image-id=\"16450\"\n               data-title=\"Claudio Dellavalle: Presidente dell\\&#039;Istoreto\"\n               data-description=\"Claudio Dellavalle: Presidente dell&#039;Istoreto\"\n               data-image-slug=\"claudio-dellavalle-presidente-dellistoreto\"\n               class=\"ngg-fancybox\" rel=\"eac838f770937d94baa130358a24eef0\">\n                <img\n                    title=\"Claudio Dellavalle: Presidente dell\\&#039;Istoreto\"\n                    alt=\"Claudio Dellavalle: Presidente dell\\&#039;Istoreto\"\n                    src=\"http:\/\/www.spaziotorino.it\/scatto\/wp-content\/gallery\/2016_02_10_ricordo\/cache\/img_0111.jpg-nggid0516450-ngg0dyn-60x60x100-00f0w010c011r110f110r010t010.jpg\"\n                    width=\"60\"\n                    height=\"60\"\n                    style=\"max-width:100%;\"\n                \/>\n            <\/a>\n        <\/div>\n\t\t\t\t\t\t\t<\/div> \n\t\t\t\n        \n\t\t\t\t<div id=\"ngg-image-10\" class=\"ngg-gallery-thumbnail-box\" >\n\t\t\t\t        <div class=\"ngg-gallery-thumbnail\">\n            <a href=\"http:\/\/www.spaziotorino.it\/scatto\/wp-content\/gallery\/2016_02_10_ricordo\/img_0116.jpg\"\n               title=\"Palazzo Civico, Sala Rossa: Cerimonia del Giorno del Ricordo 2016\"\n               data-src=\"http:\/\/www.spaziotorino.it\/scatto\/wp-content\/gallery\/2016_02_10_ricordo\/img_0116.jpg\"\n               data-thumbnail=\"http:\/\/www.spaziotorino.it\/scatto\/wp-content\/gallery\/2016_02_10_ricordo\/thumbs\/thumbs_img_0116.jpg\"\n               data-image-id=\"16451\"\n               data-title=\"Palazzo Civico, Sala Rossa: Cerimonia del Giorno del Ricordo 2016\"\n               data-description=\"Palazzo Civico, Sala Rossa: Cerimonia del Giorno del Ricordo 2016\"\n               data-image-slug=\"palazzo-civico-sala-rossa-cerimonia-del-giorno-del-ricordo-2016\"\n               class=\"ngg-fancybox\" rel=\"eac838f770937d94baa130358a24eef0\">\n                <img\n                    title=\"Palazzo Civico, Sala Rossa: Cerimonia del Giorno del Ricordo 2016\"\n                    alt=\"Palazzo Civico, Sala Rossa: Cerimonia del Giorno del Ricordo 2016\"\n                    src=\"http:\/\/www.spaziotorino.it\/scatto\/wp-content\/gallery\/2016_02_10_ricordo\/cache\/img_0116.jpg-nggid0516451-ngg0dyn-60x60x100-00f0w010c011r110f110r010t010.jpg\"\n                    width=\"60\"\n                    height=\"60\"\n                    style=\"max-width:100%;\"\n                \/>\n            <\/a>\n        <\/div>\n\t\t\t\t\t\t\t<\/div> \n\t\t\t\n        \n\t\t\t\t<div id=\"ngg-image-11\" class=\"ngg-gallery-thumbnail-box\" >\n\t\t\t\t        <div class=\"ngg-gallery-thumbnail\">\n            <a href=\"http:\/\/www.spaziotorino.it\/scatto\/wp-content\/gallery\/2016_02_10_ricordo\/img_0128.jpg\"\n               title=\"Palazzo Civico, Sala Rossa: Cerimonia del Giorno del Ricordo 2016\"\n               data-src=\"http:\/\/www.spaziotorino.it\/scatto\/wp-content\/gallery\/2016_02_10_ricordo\/img_0128.jpg\"\n               data-thumbnail=\"http:\/\/www.spaziotorino.it\/scatto\/wp-content\/gallery\/2016_02_10_ricordo\/thumbs\/thumbs_img_0128.jpg\"\n               data-image-id=\"16452\"\n               data-title=\"Palazzo Civico, Sala Rossa: Cerimonia del Giorno del Ricordo 2016\"\n               data-description=\"Palazzo Civico, Sala Rossa: Cerimonia del Giorno del Ricordo 2016\"\n               data-image-slug=\"palazzo-civico-sala-rossa-cerimonia-del-giorno-del-ricordo-2016\"\n               class=\"ngg-fancybox\" rel=\"eac838f770937d94baa130358a24eef0\">\n                <img\n                    title=\"Palazzo Civico, Sala Rossa: Cerimonia del Giorno del Ricordo 2016\"\n                    alt=\"Palazzo Civico, Sala Rossa: Cerimonia del Giorno del Ricordo 2016\"\n                    src=\"http:\/\/www.spaziotorino.it\/scatto\/wp-content\/gallery\/2016_02_10_ricordo\/cache\/img_0128.jpg-nggid0516452-ngg0dyn-60x60x100-00f0w010c011r110f110r010t010.jpg\"\n                    width=\"60\"\n                    height=\"60\"\n                    style=\"max-width:100%;\"\n                \/>\n            <\/a>\n        <\/div>\n\t\t\t\t\t\t\t<\/div> \n\t\t\t\n        \n\t\t\t\t<div id=\"ngg-image-12\" class=\"ngg-gallery-thumbnail-box\" >\n\t\t\t\t        <div class=\"ngg-gallery-thumbnail\">\n            <a href=\"http:\/\/www.spaziotorino.it\/scatto\/wp-content\/gallery\/2016_02_10_ricordo\/img_0131.jpg\"\n               title=\"L\\&#039;intervento del Sindaco Piero Fassino\"\n               data-src=\"http:\/\/www.spaziotorino.it\/scatto\/wp-content\/gallery\/2016_02_10_ricordo\/img_0131.jpg\"\n               data-thumbnail=\"http:\/\/www.spaziotorino.it\/scatto\/wp-content\/gallery\/2016_02_10_ricordo\/thumbs\/thumbs_img_0131.jpg\"\n               data-image-id=\"16453\"\n               data-title=\"L\\&#039;intervento del Sindaco Piero Fassino\"\n               data-description=\"L&#039;intervento del Sindaco Piero Fassino\"\n               data-image-slug=\"lintervento-del-sindaco-piero-fassino-3\"\n               class=\"ngg-fancybox\" rel=\"eac838f770937d94baa130358a24eef0\">\n                <img\n                    title=\"L\\&#039;intervento del Sindaco Piero Fassino\"\n                    alt=\"L\\&#039;intervento del Sindaco Piero Fassino\"\n                    src=\"http:\/\/www.spaziotorino.it\/scatto\/wp-content\/gallery\/2016_02_10_ricordo\/cache\/img_0131.jpg-nggid0516453-ngg0dyn-60x60x100-00f0w010c011r110f110r010t010.jpg\"\n                    width=\"60\"\n                    height=\"60\"\n                    style=\"max-width:100%;\"\n                \/>\n            <\/a>\n        <\/div>\n\t\t\t\t\t\t\t<\/div> \n\t\t\t\n        \n\t\t\t\t<div id=\"ngg-image-13\" class=\"ngg-gallery-thumbnail-box\" >\n\t\t\t\t        <div class=\"ngg-gallery-thumbnail\">\n            <a href=\"http:\/\/www.spaziotorino.it\/scatto\/wp-content\/gallery\/2016_02_10_ricordo\/img_0138.jpg\"\n               title=\"Palazzo Civico, Sala Rossa: Cerimonia del Giorno del Ricordo 2016\"\n               data-src=\"http:\/\/www.spaziotorino.it\/scatto\/wp-content\/gallery\/2016_02_10_ricordo\/img_0138.jpg\"\n               data-thumbnail=\"http:\/\/www.spaziotorino.it\/scatto\/wp-content\/gallery\/2016_02_10_ricordo\/thumbs\/thumbs_img_0138.jpg\"\n               data-image-id=\"16454\"\n               data-title=\"Palazzo Civico, Sala Rossa: Cerimonia del Giorno del Ricordo 2016\"\n               data-description=\"Palazzo Civico, Sala Rossa: Cerimonia del Giorno del Ricordo 2016\"\n               data-image-slug=\"palazzo-civico-sala-rossa-cerimonia-del-giorno-del-ricordo-2016-1\"\n               class=\"ngg-fancybox\" rel=\"eac838f770937d94baa130358a24eef0\">\n                <img\n                    title=\"Palazzo Civico, Sala Rossa: Cerimonia del Giorno del Ricordo 2016\"\n                    alt=\"Palazzo Civico, Sala Rossa: Cerimonia del Giorno del Ricordo 2016\"\n                    src=\"http:\/\/www.spaziotorino.it\/scatto\/wp-content\/gallery\/2016_02_10_ricordo\/cache\/img_0138.jpg-nggid0516454-ngg0dyn-60x60x100-00f0w010c011r110f110r010t010.jpg\"\n                    width=\"60\"\n                    height=\"60\"\n                    style=\"max-width:100%;\"\n                \/>\n            <\/a>\n        <\/div>\n\t\t\t\t\t\t\t<\/div> \n\t\t\t\n        \n\t\t\n\t\t<!-- Pagination -->\n\t<div class='ngg-clear'><\/div>\t<\/div>\n\n<p>\u201cOggi, 10 febbraio, ricordiamo una pagina drammatica della storia italiana per troppo tempo negata e colpevolmente rimossa, che ha rappresentato un disegno criminale di pulizia etnica che costrinse 300mila italiani a lasciare le loro terre i loro averi i loro affetti. E che cost\u00f2 la vita a tanti uomini e donne nelle foibe e in tanti altri modi orrendi. L\u2019unica responsabilit\u00e0 era quella di essere italiani. Questa la loro unica colpa. Donne, bambini, uomini che hanno sopportato la disumanit\u00e0 della violenza, del disprezzo e dell\u2019odio\u201d.  Queste vittime innocenti hanno il diritto di essere onorate, rispettate.\u201d Lo ha detto il Sindaco di Torino, Piero Fassino nella Sala Rossa di Palazzo Civico durante la cerimonia per il Giorno del Ricordo.<br \/>\n\u201cOggi vogliamo e dobbiamo coltivare la memoria &#8211; ha continuato il Sindaco &#8211; per ristabilire la verit\u00e0 di allora, per richiamare all\u2019attenzione soprattutto dei giovani, ma anche dei meno giovani, su questi tragici eventi che fanno parte della Storia dell\u2019Italia e che per troppo tempo sono stati nascosti o addirittura negati\u201d.<br \/>\nNelle cavit\u00e0 carsiche morirono donne e uomini, qualcuno si salv\u00f2 e fu costretto a fuggire a quella barbarie. Gli eccidi delle foibe sono stati senza dubbio uno dei peggiori episodi che l\u2019Italia, dal 1943 al 1947, ha dovuto sopportare. L&#8217;espulsione di massa che colp\u00ec l\u2019intera comunit\u00e0 di quelle terre, aveva l&#8217;obiettivo di sradicare l&#8217;italianit\u00e0. Pula, Opatija, Rijeka, ossia Pola, Abbazia, Fiume sono alcune delle realt\u00e0 cittadine che gli italiani di allora dovettero abbandonare per sempre.<br \/>\nIl Parlamento italiano nel 2004 ha voluto rendere giustizia a questi italiani istituendo il 10 febbraio come \u201cGiorno del ricordo\u201d con l\u2019obiettivo di conservare e rinnovare la memoria della tragedia di tutte le migliaia di vittime delle foibe, dell\u2019esodo dalle loro terre istriane, fiumane e dalmate nel secondo dopoguerra e della pi\u00f9 complessa vicenda del confine orientale. Fu scelta quella data perch\u00e9 il 10 febbraio 1947 entr\u00f2 in vigore il Trattato di pace con cui, purtroppo, le province di Pola, Fiume, Zara, parte delle zone di Gorizia e di Trieste passarono alla Jugoslavia.<br \/>\n\u201cNon \u00e8 sufficiente che una tragedia si sia consumata perch\u00e9 non si corra il rischio di vederla e di conoscerla nuovamente \u2013 ha ricordato Piero Fassino. Dopo le tragedie legate ai genocidi della Seconda Guerra mondiale abbiamo pensato che analoghe vicende tragiche non si sarebbero pi\u00f9 concretizzate. Ma non lontano dall\u2019Istria nei primi anni del 1990 nei Balcani sono comparse nuovamente le pulizia etniche, gli stupri di massa come a Srebrenica.  Questo ci deve spingere a far s\u00ec che il ricordo diventi un\u2019assunzione di responsabilit\u00e0. Affermare l\u2019impegno che ci\u00f2 che \u00e8 accaduto non accada pi\u00f9 e che ciascuno di noi nei comportamenti individuali e nei nostri comportamenti collettivi sia consapevole che difendere la libert\u00e0 di ogni persona e il diritto di vivere ognuno la propria vita e la propria identit\u00e0 sono la condizione fondamentale perch\u00e9 una societ\u00e0 sia libera, democratica e dove si possa vivere senza paure . Dobbiamo contrastare \u2013 ha concluso il Sindaco &#8211; tutti coloro che nonostante il tempo, nonostante i fatti continuano a modificare a negare quella storia manifestando cos\u00ec un nuovo sfregio su chi ha pagato con la vita\u201d.<br \/>\nNella Sala del Consiglio Comunale sono intervenuti, oltre al Sindaco, anche il Consigliere comunale Alessandro Altamura, il presidente piemontese dell\u2019Associazione Nazionale Venezia Giulia e Dalmazia, Antonio Vatta, il presidente di ISTORETO, Claudio della Valle, alla presenza delle massime autorit\u00e0 civili e militari del Piemonte.<br \/>\nLe cerimonie per il Giorno del Ricordo sono iniziate questa mattina al Cimitero monumentale con una deposizione di una corona al monumento che ricorda le vittime delle Foibe. Mercoled\u00ec 17 febbraio, alle ore 9.30, in corso Cincinnato all\u2019angolo con via Pirano si svolger\u00e0 la cerimonia di commemorazione davanti alla Targa dedicata dal Comune agli esuli istriani, fiumani e dalmati. Sabato 20, infine, al Conservatorio si svolger\u00e0 alle 21 il concerto dell\u2019Orchestra Mandolinistica di Torino con la partecipazione di Francesco Squarcia alla viola e di Aleksandar Valencic da Rijeka, al pianoforte.<\/p>\n<p>[fonte: <a href=\"http:\/\/www.torinoclick.it\/\">TorinoClick<\/a>]<\/p>\n","protected":false},"excerpt":{"rendered":"<p>\u201cOggi, 10 febbraio, ricordiamo una pagina drammatica della storia italiana per troppo tempo negata e colpevolmente rimossa, che ha rappresentato un disegno criminale di pulizia etnica che costrinse 300mila italiani a lasciare le loro terre i loro averi i loro affetti. E che cost\u00f2 la vita a tanti uomini e donne nelle foibe e in [&hellip;]<\/p>\n","protected":false},"author":1,"featured_media":0,"comment_status":"closed","ping_status":"open","sticky":false,"template":"","format":"standard","meta":{"ngg_post_thumbnail":0},"categories":[1,41,895],"tags":[2799,2800,2217,3050,3565,2798,2801,2216],"_links":{"self":[{"href":"http:\/\/www.spaziotorino.it\/scatto\/index.php?rest_route=\/wp\/v2\/posts\/5030"}],"collection":[{"href":"http:\/\/www.spaziotorino.it\/scatto\/index.php?rest_route=\/wp\/v2\/posts"}],"about":[{"href":"http:\/\/www.spaziotorino.it\/scatto\/index.php?rest_route=\/wp\/v2\/types\/post"}],"author":[{"embeddable":true,"href":"http:\/\/www.spaziotorino.it\/scatto\/index.php?rest_route=\/wp\/v2\/users\/1"}],"replies":[{"embeddable":true,"href":"http:\/\/www.spaziotorino.it\/scatto\/index.php?rest_route=%2Fwp%2Fv2%2Fcomments&post=5030"}],"version-history":[{"count":4,"href":"http:\/\/www.spaziotorino.it\/scatto\/index.php?rest_route=\/wp\/v2\/posts\/5030\/revisions"}],"predecessor-version":[{"id":5034,"href":"http:\/\/www.spaziotorino.it\/scatto\/index.php?rest_route=\/wp\/v2\/posts\/5030\/revisions\/5034"}],"wp:attachment":[{"href":"http:\/\/www.spaziotorino.it\/scatto\/index.php?rest_route=%2Fwp%2Fv2%2Fmedia&parent=5030"}],"wp:term":[{"taxonomy":"category","embeddable":true,"href":"http:\/\/www.spaziotorino.it\/scatto\/index.php?rest_route=%2Fwp%2Fv2%2Fcategories&post=5030"},{"taxonomy":"post_tag","embeddable":true,"href":"http:\/\/www.spaziotorino.it\/scatto\/index.php?rest_route=%2Fwp%2Fv2%2Ftags&post=5030"}],"curies":[{"name":"wp","href":"https:\/\/api.w.org\/{rel}","templated":true}]}}