{"id":50803,"date":"2024-06-13T14:46:00","date_gmt":"2024-06-13T13:46:00","guid":{"rendered":"http:\/\/www.spaziotorino.it\/scatto\/?p=50803"},"modified":"2024-06-13T14:46:00","modified_gmt":"2024-06-13T13:46:00","slug":"il-trofeo-della-grand-depart-nel-grattacielo-della-regione","status":"publish","type":"post","link":"http:\/\/www.spaziotorino.it\/scatto\/?p=50803","title":{"rendered":"Il trofeo della \u201cGrand D\u00e9part\u201d nel Grattacielo della Regione"},"content":{"rendered":"<p><a class=\"ngg-fancybox\" title=\"Il trofeo della \u201cGrand D\u00e9part\u201d nel Grattacielo della Regione\" href=\"http:\/\/www.spaziotorino.it\/scatto\/wp-content\/gallery\/2024_06_13_depart\/PLA_1408.jpg\" rel=\"lightbox[set_2239]\"><br \/>\n<img decoding=\"async\" loading=\"lazy\" class=\"ngg-singlepic\" title=\"Il trofeo della \u201cGrand D\u00e9part\u201d nel Grattacielo della Regione\" src=\"http:\/\/www.spaziotorino.it\/scatto\/wp-content\/gallery\/2024_06_13_depart\/PLA_1408.jpg\" alt=\"\" width=\"540\" height=\"360\"\/><\/a><\/p>\n<!-- index.php -->\n<div\n\tclass=\"ngg-galleryoverview ngg-ajax-pagination-none\"\n\tid=\"ngg-gallery-9fa097fdf771b05b675626db7c225b02-1\">\n\n    \t\t<!-- Thumbnails -->\n\t\t\t\t<div id=\"ngg-image-0\" class=\"ngg-gallery-thumbnail-box\" >\n\t\t\t\t        <div class=\"ngg-gallery-thumbnail\">\n            <a href=\"http:\/\/www.spaziotorino.it\/scatto\/wp-content\/gallery\/2024_06_13_depart\/PLA_1318.jpg\"\n               title=\"Il trofeo della \u201cGrand D\u00e9part\u201d nel Grattacielo della Regione\"\n               data-src=\"http:\/\/www.spaziotorino.it\/scatto\/wp-content\/gallery\/2024_06_13_depart\/PLA_1318.jpg\"\n               data-thumbnail=\"http:\/\/www.spaziotorino.it\/scatto\/wp-content\/gallery\/2024_06_13_depart\/thumbs\/thumbs_PLA_1318.jpg\"\n               data-image-id=\"33081\"\n               data-title=\"Il trofeo della \u201cGrand D\u00e9part\u201d nel Grattacielo della Regione\"\n               data-description=\"Il trofeo della \u201cGrand D\u00e9part\u201d nel Grattacielo della Regione\"\n               data-image-slug=\"pla_1318-4\"\n               class=\"ngg-fancybox\" rel=\"9fa097fdf771b05b675626db7c225b02\">\n                <img\n                    title=\"Il trofeo della \u201cGrand D\u00e9part\u201d nel Grattacielo della Regione\"\n                    alt=\"Il trofeo della \u201cGrand D\u00e9part\u201d nel Grattacielo della Regione\"\n                    src=\"http:\/\/www.spaziotorino.it\/scatto\/wp-content\/gallery\/2024_06_13_depart\/cache\/PLA_1318.jpg-nggid0533081-ngg0dyn-60x60x100-00f0w010c011r110f110r010t010.jpg\"\n                    width=\"60\"\n                    height=\"60\"\n                    style=\"max-width:100%;\"\n                \/>\n            <\/a>\n        <\/div>\n\t\t\t\t\t\t\t<\/div> \n\t\t\t\n        \n\t\t\t\t<div id=\"ngg-image-1\" class=\"ngg-gallery-thumbnail-box\" >\n\t\t\t\t        <div class=\"ngg-gallery-thumbnail\">\n            <a href=\"http:\/\/www.spaziotorino.it\/scatto\/wp-content\/gallery\/2024_06_13_depart\/PLA_1401.jpg\"\n               title=\"Il trofeo della \u201cGrand D\u00e9part\u201d nel Grattacielo della Regione\"\n               data-src=\"http:\/\/www.spaziotorino.it\/scatto\/wp-content\/gallery\/2024_06_13_depart\/PLA_1401.jpg\"\n               data-thumbnail=\"http:\/\/www.spaziotorino.it\/scatto\/wp-content\/gallery\/2024_06_13_depart\/thumbs\/thumbs_PLA_1401.jpg\"\n               data-image-id=\"33082\"\n               data-title=\"Il trofeo della \u201cGrand D\u00e9part\u201d nel Grattacielo della Regione\"\n               data-description=\"Il trofeo della \u201cGrand D\u00e9part\u201d nel Grattacielo della Regione\"\n               data-image-slug=\"pla_1401-1\"\n               class=\"ngg-fancybox\" rel=\"9fa097fdf771b05b675626db7c225b02\">\n                <img\n                    title=\"Il trofeo della \u201cGrand D\u00e9part\u201d nel Grattacielo della Regione\"\n                    alt=\"Il trofeo della \u201cGrand D\u00e9part\u201d nel Grattacielo della Regione\"\n                    src=\"http:\/\/www.spaziotorino.it\/scatto\/wp-content\/gallery\/2024_06_13_depart\/cache\/PLA_1401.jpg-nggid0533082-ngg0dyn-60x60x100-00f0w010c011r110f110r010t010.jpg\"\n                    width=\"60\"\n                    height=\"60\"\n                    style=\"max-width:100%;\"\n                \/>\n            <\/a>\n        <\/div>\n\t\t\t\t\t\t\t<\/div> \n\t\t\t\n        \n\t\t\t\t<div id=\"ngg-image-2\" class=\"ngg-gallery-thumbnail-box\" >\n\t\t\t\t        <div class=\"ngg-gallery-thumbnail\">\n            <a href=\"http:\/\/www.spaziotorino.it\/scatto\/wp-content\/gallery\/2024_06_13_depart\/PLA_1351.jpg\"\n               title=\"Il trofeo della \u201cGrand D\u00e9part\u201d nel Grattacielo della Regione\"\n               data-src=\"http:\/\/www.spaziotorino.it\/scatto\/wp-content\/gallery\/2024_06_13_depart\/PLA_1351.jpg\"\n               data-thumbnail=\"http:\/\/www.spaziotorino.it\/scatto\/wp-content\/gallery\/2024_06_13_depart\/thumbs\/thumbs_PLA_1351.jpg\"\n               data-image-id=\"33083\"\n               data-title=\"Il trofeo della \u201cGrand D\u00e9part\u201d nel Grattacielo della Regione\"\n               data-description=\"Il trofeo della \u201cGrand D\u00e9part\u201d nel Grattacielo della Regione\"\n               data-image-slug=\"pla_1351-3\"\n               class=\"ngg-fancybox\" rel=\"9fa097fdf771b05b675626db7c225b02\">\n                <img\n                    title=\"Il trofeo della \u201cGrand D\u00e9part\u201d nel Grattacielo della Regione\"\n                    alt=\"Il trofeo della \u201cGrand D\u00e9part\u201d nel Grattacielo della Regione\"\n                    src=\"http:\/\/www.spaziotorino.it\/scatto\/wp-content\/gallery\/2024_06_13_depart\/cache\/PLA_1351.jpg-nggid0533083-ngg0dyn-60x60x100-00f0w010c011r110f110r010t010.jpg\"\n                    width=\"60\"\n                    height=\"60\"\n                    style=\"max-width:100%;\"\n                \/>\n            <\/a>\n        <\/div>\n\t\t\t\t\t\t\t<\/div> \n\t\t\t\n        \n\t\t\t\t<div id=\"ngg-image-3\" class=\"ngg-gallery-thumbnail-box\" >\n\t\t\t\t        <div class=\"ngg-gallery-thumbnail\">\n            <a href=\"http:\/\/www.spaziotorino.it\/scatto\/wp-content\/gallery\/2024_06_13_depart\/PLA_1310.jpg\"\n               title=\"Il trofeo della \u201cGrand D\u00e9part\u201d nel Grattacielo della Regione\"\n               data-src=\"http:\/\/www.spaziotorino.it\/scatto\/wp-content\/gallery\/2024_06_13_depart\/PLA_1310.jpg\"\n               data-thumbnail=\"http:\/\/www.spaziotorino.it\/scatto\/wp-content\/gallery\/2024_06_13_depart\/thumbs\/thumbs_PLA_1310.jpg\"\n               data-image-id=\"33084\"\n               data-title=\"Il trofeo della \u201cGrand D\u00e9part\u201d nel Grattacielo della Regione\"\n               data-description=\"Il trofeo della \u201cGrand D\u00e9part\u201d nel Grattacielo della Regione\"\n               data-image-slug=\"pla_1310-1\"\n               class=\"ngg-fancybox\" rel=\"9fa097fdf771b05b675626db7c225b02\">\n                <img\n                    title=\"Il trofeo della \u201cGrand D\u00e9part\u201d nel Grattacielo della Regione\"\n                    alt=\"Il trofeo della \u201cGrand D\u00e9part\u201d nel Grattacielo della Regione\"\n                    src=\"http:\/\/www.spaziotorino.it\/scatto\/wp-content\/gallery\/2024_06_13_depart\/cache\/PLA_1310.jpg-nggid0533084-ngg0dyn-60x60x100-00f0w010c011r110f110r010t010.jpg\"\n                    width=\"60\"\n                    height=\"60\"\n                    style=\"max-width:100%;\"\n                \/>\n            <\/a>\n        <\/div>\n\t\t\t\t\t\t\t<\/div> \n\t\t\t\n        \n\t\t\n\t\t<!-- Pagination -->\n\t<div class='ngg-clear'><\/div>\t<\/div>\n\n<p align=\"justify\">Nell\u2019atrio del Grattacielo della Regione, in piazza Piemonte 1 a Torino, \u00e8 esposto il trofeo della \u201cGrand D\u00e9part\u201d.<\/p>\n<p align=\"justify\">Chi vuole vederlo da vicino e scattarsi una fotografia pu\u00f2 farlo <span id=\"OBJ_PREFIX_DWT80_com_zimbra_date\" class=\"Object\" role=\"link\">oggi<\/span> fino alle 19, il 14 <span id=\"OBJ_PREFIX_DWT81_com_zimbra_date\" class=\"Object\" role=\"link\">giugno <\/span>e dal 17 al 27 <span id=\"OBJ_PREFIX_DWT82_com_zimbra_date\" class=\"Object\" role=\"link\">giugno <\/span>dalle ore 10 alle ore 19. Non occorre registrazione.<\/p>\n<p align=\"justify\">Ad ogni visitatore verr\u00e0 consegnato un omaggio del Tour de France.<\/p>\n<p align=\"justify\">Ad inaugurare l\u2019esposizione sono stati <span id=\"OBJ_PREFIX_DWT83_com_zimbra_date\" class=\"Object\" role=\"link\">questa mattina<\/span> il presidente della Regione Piemonte&nbsp;<b>Alberto Cirio<\/b>&nbsp;e il sindaco di Torino&nbsp;<b>Stefano Lo Russo<\/b>.<\/p>\n<p align=\"justify\">\u201c\u00c8 un momento storico: storico che il Tour parta dall\u2019Italia, storico che abbini Firenze, Bologna e Torino, ed \u00e8 storico che la Piacenza-Torino sia la tappa pi\u00f9 lunga, a testimonianza di come abbiamo lavorato per ottenere il massimo ritorno in termini promozionali per la nostra terra &#8211; ha evidenziato il&nbsp;<b>presidente Cirio&nbsp;<\/b>&#8211; Coglieremo l\u2019opportunit\u00e0 fornita dal Tour, che \u00e8 l\u2019evento pi\u00f9 seguito al mondo dopo Olimpiadi e Mondiali di calcio, continuando una campagna promozionale iniziata al momento della presentazione ufficiale&nbsp;a Parigi&nbsp;con l\u2019omaggio ai giornalisti di prodotti piemontesi. Se il turismo funziona bene, costituisce il 10% del prodotto interno lordo e continua a crescere anno dopo anno \u00e8 perch\u00e9 organizziamo eventi che fanno pubblicit\u00e0 al Piemonte\u201d.<\/p>\n<p align=\"justify\">\u201cL\u2019arrivo della terza tappa del Tour da Piacenza sar\u00e0 una grandissima occasione di visibilit\u00e0 per Torino e il Piemonte, una fantastica festa di sport che coinvolger\u00e0 tutta la citt\u00e0 &#8211; ha dichiarato il&nbsp;<b>sindaco Lo Russo<\/b>&nbsp;&#8211; Quest\u2019anno poi il legame tra Torino e il mondo del ciclismo \u00e8 particolarmente stretto: dopo aver ospitato la partenza di Giro d&#8217;Italia il 4 maggio, ci prepariamo ad accogliere il 1\u00b0 <span id=\"OBJ_PREFIX_DWT84_com_zimbra_date\" class=\"Object\" role=\"link\">luglio <\/span>il Tour, uno dei pi\u00f9 grandi eventi sportivi del mondo. Tutto questo \u00e8 frutto di un gran lavoro organizzativo e di pianificazione, di concerto con la Regione, che sta portando risultati importanti nell\u2019attrarre grandi eventi sportivi internazionali sul territorio. Un percorso virtuoso avviato in questi anni, che ha prodotto risultati positivi e sul quale intendiamo proseguire\u201d.<\/p>\n<p align=\"justify\"><b>Le manifestazioni sul territorio<\/b><\/p>\n<p align=\"justify\">Comuni, Pro Loco e associazioni sportive hanno creato un fitto cartellone di rassegne culturali e culinarie.<\/p>\n<p align=\"justify\">Dall\u2019elenco completo consultabile su&nbsp;<u><span id=\"OBJ_PREFIX_DWT85_com_zimbra_url\" class=\"Object\" role=\"link\"><a href=\"https:\/\/piemontesport.org\/it\/eventi\/grandi-eventi\/tour-de-france\" target=\"_blank\" rel=\"nofollow noopener noreferrer\">https:\/\/piemontesport.org\/it\/eventi\/grandi-eventi\/tour-de-france<\/a><\/span><\/u>&nbsp;si segnalano:<\/p>\n<p align=\"justify\">&nbsp;<\/p>\n<ul>\n<li>il&nbsp;<b>15&nbsp;<\/b><b>giugno<\/b>&nbsp;a<b>&nbsp;<\/b><b>Vinovo&nbsp;<\/b>dalle ore 15&nbsp;<i>Giovani in Festa&nbsp;<\/i>ed a&nbsp;<b>Perosa Argentina&nbsp;<\/b>dalle ore 14.30&nbsp;<i>\u201cAlla scoperta delle antiche vie\u201d e poi cena e notte in giallo<\/i><\/li>\n<li><b>il 16 giugno&nbsp;<\/b>a<b>&nbsp;Torino&nbsp;<\/b>alle 9.45<i>&nbsp;\u201cPedalata lungo la Dora sulle tracce della storia industriale della<\/i><\/li>\n<li><i>Circoscrizione 5\u201d, a&nbsp;<\/i><b>Treiso&nbsp;<\/b>alle 16<b>&nbsp;<\/b><i>Pedalata in giallo<\/i><\/li>\n<li>il&nbsp;<b>17 giugno&nbsp;<\/b>a&nbsp;<b>Torino&nbsp;<\/b>alle 17,30<i>&nbsp;Pagine in volata<\/i><\/li>\n<li><b>il 20 giugno&nbsp;<\/b>a<b>&nbsp;Sommariva Perno&nbsp;<\/b>dalle 21<i>\u201cNote di Santi e Peccatori\u201d<\/i><\/li>\n<li>il&nbsp;<b>21 giugno&nbsp;<\/b>a&nbsp;<b>P<\/b><b>iobesi Torinese&nbsp;<\/b>dalle 15,30&nbsp;<i>\u201cAspettando il Tour: cultura, musica, sorrisi e voci in giallo\u201d con sfilata di moda al Castello,&nbsp;<\/i>ed a<i>&nbsp;<\/i><b>Guarene&nbsp;<\/b>alle 19,30<i>&nbsp;\u201cRacca in festa, aspettando il Tour\u201d<\/i><\/li>\n<li>il&nbsp;<b>22 giugno&nbsp;<\/b>a<i><b>&nbsp;<\/b><\/i><b>Guarene alle&nbsp;<\/b><i>9 Pedal\u00e8<\/i>, a<i>&nbsp;<\/i><b>Piobesi d\u2019Alba<\/b>&nbsp;dalle 10&nbsp;<i>\u201cAspettando il Tour: cultura, musica, sorrisi e voci in giallo\u201d,&nbsp;<\/i>a&nbsp;<b>Torino&nbsp;<\/b>alle 16 inizia&nbsp;<i>la rassegna \u201cCinema in sella: film attorno alla bicicletta\u201d, a&nbsp;<\/i><b>Corneliano d\u2019Alba&nbsp;<\/b>alle 19&nbsp;<i>Festival delle bande musicali in Tour<\/i><\/li>\n<li>il&nbsp;<b>23 giugno&nbsp;<\/b>a<b>&nbsp;Carmag<\/b><b>nola<\/b><b>&nbsp;<\/b>alle<b>&nbsp;<\/b><i>9 pedalata ecologica, a&nbsp;<\/i><b>Carignano&nbsp;<\/b>alle&nbsp;<i>9.30 \u201cPedalando in giallo\u201d, a&nbsp;<\/i><b>Torino&nbsp;<\/b>alle 16, 18 e 20,30 continua&nbsp;<i>\u201cCinema in sella: film attorno alla bicicletta\u201d, a&nbsp;<\/i><b>Barbaresco&nbsp;<\/b>alle 18<i>&nbsp;Party in giallo sotto la Torre, a&nbsp;<\/i><b>Sommariva Perno&nbsp;<\/b>alle 21&nbsp;<i>\u201cUna piccolissima serenata\u201d<\/i><\/li>\n<li>il&nbsp;<b>24 giugno&nbsp;<\/b>a<i><b>&nbsp;<\/b><\/i><b>Torino<\/b><i>&nbsp;<\/i>alle 18<i>&nbsp;\u201cPedala!\u201d<\/i><\/li>\n<li><b>il 27 giugno<\/b>&nbsp;a<b>&nbsp;Torino&nbsp;<\/b>alle 17 e 19<b>&nbsp;<\/b>inizia \u201c<i>Talks a Palazzo Madama\u201d,&nbsp;<\/i>a&nbsp;<b>Vinovo&nbsp;<\/b>alle 19.30<i>&nbsp;Cena in giallo<\/i>, a&nbsp;<b>Carignano&nbsp;<\/b>alle 20,30<i>&nbsp;\u201cScoprendo il Paradiso delle biciclette\u201d,&nbsp;<\/i>a&nbsp;<b>Carmagnola&nbsp;<\/b>alle&nbsp;<b>21 \u201c<\/b><i>Il gioved\u00ec \u00e8 sotto le stelle!\u201d<\/i><\/li>\n<li>il&nbsp;<b>28 giugno<\/b><i><b>&nbsp;<\/b><\/i>a&nbsp;<b>Torino&nbsp;<\/b>alle 17 e 19<b>&nbsp;<\/b><i><b>\u201cTalks a Palazzo Madama\u201d<\/b><\/i>, di sera a<i><b>&nbsp;<\/b><\/i><b>Sommariva Perno \u201c<\/b><i>Notte Gialla\u201d, a&nbsp;<\/i><b>Tortona \u201c<\/b><i>Calici sopra le stelle\u201d<\/i>, a<i>&nbsp;<\/i><b>Carignano \u201c<\/b><i>Dejeuner en Jaune\u201d<\/i>, ad<i>&nbsp;<\/i><b>Alessandria&nbsp;<\/b>\u201c<i>Tra Francia e Italia, la cultura musicale in un Festival evento\u201d<\/i>, a<i>&nbsp;<\/i><b>Baldissero d\u2019Alba&nbsp;<\/b><i>\u201cFesta d\u2019estate, miele, nocciole e&#8230;Aspettando Il Tour!, a&nbsp;<\/i><b>Vinovo&nbsp;<\/b><i>Concerto d\u2019estate in giallo<\/i>, a<i>&nbsp;<\/i><b>Pinerolo<\/b><i><b>&nbsp;<\/b><\/i>alle&nbsp;<i>10 V\u00e9lo-Lab&nbsp;<\/i>e poi una mostra delle pagine storiche di Tuttosport<\/li>\n<li><b>il 29 giugno&nbsp;<\/b>a<i><b>&nbsp;<\/b><\/i><b>Tortona&nbsp;<\/b>dalle 9 alle 18&nbsp;<i>\u201cCiclo Letterario\u201d,&nbsp;<\/i>a&nbsp;<b>Torino&nbsp;<\/b>alle ore 10.30&nbsp;<i>\u201cTutti in bici! Benvenuto Tour de France\u201d,&nbsp;<\/i>a<i>&nbsp;<\/i><b>Carmagnola&nbsp;<\/b>dalle 18<b>&nbsp;\u201c<\/b><i>I grandi campioni del ciclismo piemontese\u201d,<\/i>&nbsp;a&nbsp;<b>Santo Stefano Belbo, Ceresole d\u2019Alba e Pinerolo&nbsp;<\/b>\u201c<i>La Notte Gialla\u201d<\/i><i><b>&nbsp;<\/b><\/i>ed a<b>&nbsp;Sestriere&nbsp;<\/b>\u201c<i>Attraverso gli occhi della scultura\u201d<\/i><\/li>\n<li><b>il 30 giugno&nbsp;<\/b><i><b>a<\/b><\/i><b>&nbsp;<\/b><b>Tortona&nbsp;<\/b>alle ore 8.30<b>&nbsp;<\/b>\u201c<i>La mitica ciclo-storica\u201d e \u201cBellezze in bicicletta\/retr\u00f2\u201d,&nbsp;<\/i>a<i>&nbsp;<\/i><b>Torino&nbsp;<\/b>alle 11&nbsp;<b>\u201c<\/b><i>Il Cammino di Marcella\u201d<\/i>, a&nbsp;<b>Sommariva Perno&nbsp;<\/b><i>Cena in Giallo<\/i>, a&nbsp;<b>Costigliole d\u2019Asti<\/b>&nbsp;dalle 21&nbsp;<i>\u201cIn Tour tra Italia e Francia\u201d,&nbsp;<\/i>a&nbsp;<b>Pinerolo&nbsp;<\/b>alle&nbsp;21<i>&nbsp;lo spettacolo teatrale \u201cAlfonsina Corridora\u201d<\/i><\/li>\n<li><b>la mattina del 1\u00b0 luglio<\/b>&nbsp;a&nbsp;<b>Tortona, Sommariva Perno, Ceresole d\u2019Alba e Piobesi&nbsp;<\/b>feste e spettacoli in attesa del passaggio della tappa<\/li>\n<li><b>la mattina del 2<\/b><b>&nbsp;<span id=\"OBJ_PREFIX_DWT86_com_zimbra_date\" class=\"Object\" role=\"link\">luglio <\/span>a Pinerolo&nbsp;<\/b><i>l\u2019iniziativa conclusiva del progetto \u201cMusic 2 -Alcotra\u201d e il Tour in diretta<\/i><\/li>\n<\/ul>\n","protected":false},"excerpt":{"rendered":"<p>Nell\u2019atrio del Grattacielo della Regione, in piazza Piemonte 1 a Torino, \u00e8 esposto il trofeo della \u201cGrand D\u00e9part\u201d. Chi vuole vederlo da vicino e scattarsi una fotografia pu\u00f2 farlo oggi fino alle 19, il 14 giugno e dal 17 al 27 giugno dalle ore 10 alle ore 19. Non occorre registrazione. Ad ogni visitatore verr\u00e0 [&hellip;]<\/p>\n","protected":false},"author":1,"featured_media":0,"comment_status":"closed","ping_status":"open","sticky":false,"template":"","format":"standard","meta":{"ngg_post_thumbnail":0},"categories":[1,41,10],"tags":[],"_links":{"self":[{"href":"http:\/\/www.spaziotorino.it\/scatto\/index.php?rest_route=\/wp\/v2\/posts\/50803"}],"collection":[{"href":"http:\/\/www.spaziotorino.it\/scatto\/index.php?rest_route=\/wp\/v2\/posts"}],"about":[{"href":"http:\/\/www.spaziotorino.it\/scatto\/index.php?rest_route=\/wp\/v2\/types\/post"}],"author":[{"embeddable":true,"href":"http:\/\/www.spaziotorino.it\/scatto\/index.php?rest_route=\/wp\/v2\/users\/1"}],"replies":[{"embeddable":true,"href":"http:\/\/www.spaziotorino.it\/scatto\/index.php?rest_route=%2Fwp%2Fv2%2Fcomments&post=50803"}],"version-history":[{"count":1,"href":"http:\/\/www.spaziotorino.it\/scatto\/index.php?rest_route=\/wp\/v2\/posts\/50803\/revisions"}],"predecessor-version":[{"id":50805,"href":"http:\/\/www.spaziotorino.it\/scatto\/index.php?rest_route=\/wp\/v2\/posts\/50803\/revisions\/50805"}],"wp:attachment":[{"href":"http:\/\/www.spaziotorino.it\/scatto\/index.php?rest_route=%2Fwp%2Fv2%2Fmedia&parent=50803"}],"wp:term":[{"taxonomy":"category","embeddable":true,"href":"http:\/\/www.spaziotorino.it\/scatto\/index.php?rest_route=%2Fwp%2Fv2%2Fcategories&post=50803"},{"taxonomy":"post_tag","embeddable":true,"href":"http:\/\/www.spaziotorino.it\/scatto\/index.php?rest_route=%2Fwp%2Fv2%2Ftags&post=50803"}],"curies":[{"name":"wp","href":"https:\/\/api.w.org\/{rel}","templated":true}]}}