{"id":51041,"date":"2024-06-23T23:41:59","date_gmt":"2024-06-23T22:41:59","guid":{"rendered":"http:\/\/www.spaziotorino.it\/scatto\/?p=51041"},"modified":"2024-06-24T01:44:07","modified_gmt":"2024-06-24T00:44:07","slug":"il-toro-cade-verso-porta-nuova-per-il-faro-di-san-giovanni-sara-un-anno-propizio","status":"publish","type":"post","link":"http:\/\/www.spaziotorino.it\/scatto\/?p=51041","title":{"rendered":"Il toro cade verso Porta Nuova, per il Far\u00f2 di San Giovanni sar\u00e0 un anno propizio"},"content":{"rendered":"<p><a class=\"ngg-fancybox\" title=\"Il toro cade verso Porta Nuova, per il Far\u00f2 di San Giovanni sar\u00e0 un anno propizio\" href=\"http:\/\/www.spaziotorino.it\/scatto\/wp-content\/gallery\/2024_06_23_farosg\/PLA_4469.jpg\" rel=\"lightbox[set_2250]\"><br \/>\n<img decoding=\"async\" loading=\"lazy\" class=\"ngg-singlepic\" title=\"Il toro cade verso Porta Nuova, per il Far\u00f2 di San Giovanni sar\u00e0 un anno propizio\" src=\"http:\/\/www.spaziotorino.it\/scatto\/wp-content\/gallery\/2024_06_23_farosg\/PLA_4469.jpg\" alt=\"\" width=\"540\" height=\"360\"\/><\/a><\/p>\n<!-- index.php -->\n<div\n\tclass=\"ngg-galleryoverview ngg-ajax-pagination-none\"\n\tid=\"ngg-gallery-cadca5144f4ba60f2999e2f0ebe2b9b6-1\">\n\n    \t\t<!-- Thumbnails -->\n\t\t\t\t<div id=\"ngg-image-0\" class=\"ngg-gallery-thumbnail-box\" >\n\t\t\t\t        <div class=\"ngg-gallery-thumbnail\">\n            <a href=\"http:\/\/www.spaziotorino.it\/scatto\/wp-content\/gallery\/2024_06_23_farosg\/PLA_3900.jpg\"\n               title=\"La Banda Musicale del Corpo di Polizia Municipale\"\n               data-src=\"http:\/\/www.spaziotorino.it\/scatto\/wp-content\/gallery\/2024_06_23_farosg\/PLA_3900.jpg\"\n               data-thumbnail=\"http:\/\/www.spaziotorino.it\/scatto\/wp-content\/gallery\/2024_06_23_farosg\/thumbs\/thumbs_PLA_3900.jpg\"\n               data-image-id=\"33252\"\n               data-title=\"La Banda Musicale del Corpo di Polizia Municipale\"\n               data-description=\"La Banda Musicale del Corpo di Polizia Municipale\"\n               data-image-slug=\"pla_3900\"\n               class=\"ngg-fancybox\" rel=\"cadca5144f4ba60f2999e2f0ebe2b9b6\">\n                <img\n                    title=\"La Banda Musicale del Corpo di Polizia Municipale\"\n                    alt=\"La Banda Musicale del Corpo di Polizia Municipale\"\n                    src=\"http:\/\/www.spaziotorino.it\/scatto\/wp-content\/gallery\/2024_06_23_farosg\/cache\/PLA_3900.jpg-nggid0533252-ngg0dyn-60x60x100-00f0w010c011r110f110r010t010.jpg\"\n                    width=\"60\"\n                    height=\"60\"\n                    style=\"max-width:100%;\"\n                \/>\n            <\/a>\n        <\/div>\n\t\t\t\t\t\t\t<\/div> \n\t\t\t\n        \n\t\t\t\t<div id=\"ngg-image-1\" class=\"ngg-gallery-thumbnail-box\" >\n\t\t\t\t        <div class=\"ngg-gallery-thumbnail\">\n            <a href=\"http:\/\/www.spaziotorino.it\/scatto\/wp-content\/gallery\/2024_06_23_farosg\/PLA_3944.jpg\"\n               title=\"Il Sindaco Lo Russo riceve Gianduja e Giacometta nel Cortile d&#039;Onore di Palazzo Civico\"\n               data-src=\"http:\/\/www.spaziotorino.it\/scatto\/wp-content\/gallery\/2024_06_23_farosg\/PLA_3944.jpg\"\n               data-thumbnail=\"http:\/\/www.spaziotorino.it\/scatto\/wp-content\/gallery\/2024_06_23_farosg\/thumbs\/thumbs_PLA_3944.jpg\"\n               data-image-id=\"33257\"\n               data-title=\"Il Sindaco Lo Russo riceve Gianduja e Giacometta nel Cortile d&#039;Onore di Palazzo Civico\"\n               data-description=\"Il Sindaco Lo Russo riceve Gianduja e Giacometta nel Cortile d&#039;Onore di Palazzo Civico\"\n               data-image-slug=\"pla_3944-1\"\n               class=\"ngg-fancybox\" rel=\"cadca5144f4ba60f2999e2f0ebe2b9b6\">\n                <img\n                    title=\"Il Sindaco Lo Russo riceve Gianduja e Giacometta nel Cortile d&#039;Onore di Palazzo Civico\"\n                    alt=\"Il Sindaco Lo Russo riceve Gianduja e Giacometta nel Cortile d&#039;Onore di Palazzo Civico\"\n                    src=\"http:\/\/www.spaziotorino.it\/scatto\/wp-content\/gallery\/2024_06_23_farosg\/cache\/PLA_3944.jpg-nggid0533257-ngg0dyn-60x60x100-00f0w010c011r110f110r010t010.jpg\"\n                    width=\"60\"\n                    height=\"60\"\n                    style=\"max-width:100%;\"\n                \/>\n            <\/a>\n        <\/div>\n\t\t\t\t\t\t\t<\/div> \n\t\t\t\n        \n\t\t\t\t<div id=\"ngg-image-2\" class=\"ngg-gallery-thumbnail-box\" >\n\t\t\t\t        <div class=\"ngg-gallery-thumbnail\">\n            <a href=\"http:\/\/www.spaziotorino.it\/scatto\/wp-content\/gallery\/2024_06_23_farosg\/PLA_4015.jpg\"\n               title=\"Consegna dei Pani della Carit\u00e0 al Sindaco\"\n               data-src=\"http:\/\/www.spaziotorino.it\/scatto\/wp-content\/gallery\/2024_06_23_farosg\/PLA_4015.jpg\"\n               data-thumbnail=\"http:\/\/www.spaziotorino.it\/scatto\/wp-content\/gallery\/2024_06_23_farosg\/thumbs\/thumbs_PLA_4015.jpg\"\n               data-image-id=\"33253\"\n               data-title=\"Consegna dei Pani della Carit\u00e0 al Sindaco\"\n               data-description=\"Consegna dei Pani della Carit\u00e0 al Sindaco\"\n               data-image-slug=\"pla_4015-2\"\n               class=\"ngg-fancybox\" rel=\"cadca5144f4ba60f2999e2f0ebe2b9b6\">\n                <img\n                    title=\"Consegna dei Pani della Carit\u00e0 al Sindaco\"\n                    alt=\"Consegna dei Pani della Carit\u00e0 al Sindaco\"\n                    src=\"http:\/\/www.spaziotorino.it\/scatto\/wp-content\/gallery\/2024_06_23_farosg\/cache\/PLA_4015.jpg-nggid0533253-ngg0dyn-60x60x100-00f0w010c011r110f110r010t010.jpg\"\n                    width=\"60\"\n                    height=\"60\"\n                    style=\"max-width:100%;\"\n                \/>\n            <\/a>\n        <\/div>\n\t\t\t\t\t\t\t<\/div> \n\t\t\t\n        \n\t\t\t\t<div id=\"ngg-image-3\" class=\"ngg-gallery-thumbnail-box\" >\n\t\t\t\t        <div class=\"ngg-gallery-thumbnail\">\n            <a href=\"http:\/\/www.spaziotorino.it\/scatto\/wp-content\/gallery\/2024_06_23_farosg\/PLA_4032.jpg\"\n               title=\"Premio Tesi di Laurea su Torino a Cristina Andrea Giacolono  e Alberto Gorga\"\n               data-src=\"http:\/\/www.spaziotorino.it\/scatto\/wp-content\/gallery\/2024_06_23_farosg\/PLA_4032.jpg\"\n               data-thumbnail=\"http:\/\/www.spaziotorino.it\/scatto\/wp-content\/gallery\/2024_06_23_farosg\/thumbs\/thumbs_PLA_4032.jpg\"\n               data-image-id=\"33256\"\n               data-title=\"Premio Tesi di Laurea su Torino a Cristina Andrea Giacolono  e Alberto Gorga\"\n               data-description=\"Premio Tesi di Laurea su Torino a Cristina Andrea Giacolono  e Alberto Gorga\"\n               data-image-slug=\"pla_4032-1\"\n               class=\"ngg-fancybox\" rel=\"cadca5144f4ba60f2999e2f0ebe2b9b6\">\n                <img\n                    title=\"Premio Tesi di Laurea su Torino a Cristina Andrea Giacolono  e Alberto Gorga\"\n                    alt=\"Premio Tesi di Laurea su Torino a Cristina Andrea Giacolono  e Alberto Gorga\"\n                    src=\"http:\/\/www.spaziotorino.it\/scatto\/wp-content\/gallery\/2024_06_23_farosg\/cache\/PLA_4032.jpg-nggid0533256-ngg0dyn-60x60x100-00f0w010c011r110f110r010t010.jpg\"\n                    width=\"60\"\n                    height=\"60\"\n                    style=\"max-width:100%;\"\n                \/>\n            <\/a>\n        <\/div>\n\t\t\t\t\t\t\t<\/div> \n\t\t\t\n        \n\t\t\t\t<div id=\"ngg-image-4\" class=\"ngg-gallery-thumbnail-box\" >\n\t\t\t\t        <div class=\"ngg-gallery-thumbnail\">\n            <a href=\"http:\/\/www.spaziotorino.it\/scatto\/wp-content\/gallery\/2024_06_23_farosg\/PLA_4044.jpg\"\n               title=\"La cerimonia del Premio Tesi di Laurea su Torino\"\n               data-src=\"http:\/\/www.spaziotorino.it\/scatto\/wp-content\/gallery\/2024_06_23_farosg\/PLA_4044.jpg\"\n               data-thumbnail=\"http:\/\/www.spaziotorino.it\/scatto\/wp-content\/gallery\/2024_06_23_farosg\/thumbs\/thumbs_PLA_4044.jpg\"\n               data-image-id=\"33254\"\n               data-title=\"La cerimonia del Premio Tesi di Laurea su Torino\"\n               data-description=\"La cerimonia del Premio Tesi di Laurea su Torino\"\n               data-image-slug=\"pla_4044-1\"\n               class=\"ngg-fancybox\" rel=\"cadca5144f4ba60f2999e2f0ebe2b9b6\">\n                <img\n                    title=\"La cerimonia del Premio Tesi di Laurea su Torino\"\n                    alt=\"La cerimonia del Premio Tesi di Laurea su Torino\"\n                    src=\"http:\/\/www.spaziotorino.it\/scatto\/wp-content\/gallery\/2024_06_23_farosg\/cache\/PLA_4044.jpg-nggid0533254-ngg0dyn-60x60x100-00f0w010c011r110f110r010t010.jpg\"\n                    width=\"60\"\n                    height=\"60\"\n                    style=\"max-width:100%;\"\n                \/>\n            <\/a>\n        <\/div>\n\t\t\t\t\t\t\t<\/div> \n\t\t\t\n        \n\t\t\t\t<div id=\"ngg-image-5\" class=\"ngg-gallery-thumbnail-box\" >\n\t\t\t\t        <div class=\"ngg-gallery-thumbnail\">\n            <a href=\"http:\/\/www.spaziotorino.it\/scatto\/wp-content\/gallery\/2024_06_23_farosg\/PLA_4066.jpg\"\n               title=\"Cortile d&#039;Onore di Palazzo Civico: Cerimonia della Consegna dei Pani della Carit\u00e0 al Sindaco\"\n               data-src=\"http:\/\/www.spaziotorino.it\/scatto\/wp-content\/gallery\/2024_06_23_farosg\/PLA_4066.jpg\"\n               data-thumbnail=\"http:\/\/www.spaziotorino.it\/scatto\/wp-content\/gallery\/2024_06_23_farosg\/thumbs\/thumbs_PLA_4066.jpg\"\n               data-image-id=\"33258\"\n               data-title=\"Cortile d&#039;Onore di Palazzo Civico: Cerimonia della Consegna dei Pani della Carit\u00e0 al Sindaco\"\n               data-description=\"Cortile d&#039;Onore di Palazzo Civico: Cerimonia della Consegna dei Pani della Carit\u00e0 al Sindaco\"\n               data-image-slug=\"pla_4066\"\n               class=\"ngg-fancybox\" rel=\"cadca5144f4ba60f2999e2f0ebe2b9b6\">\n                <img\n                    title=\"Cortile d&#039;Onore di Palazzo Civico: Cerimonia della Consegna dei Pani della Carit\u00e0 al Sindaco\"\n                    alt=\"Cortile d&#039;Onore di Palazzo Civico: Cerimonia della Consegna dei Pani della Carit\u00e0 al Sindaco\"\n                    src=\"http:\/\/www.spaziotorino.it\/scatto\/wp-content\/gallery\/2024_06_23_farosg\/cache\/PLA_4066.jpg-nggid0533258-ngg0dyn-60x60x100-00f0w010c011r110f110r010t010.jpg\"\n                    width=\"60\"\n                    height=\"60\"\n                    style=\"max-width:100%;\"\n                \/>\n            <\/a>\n        <\/div>\n\t\t\t\t\t\t\t<\/div> \n\t\t\t\n        \n\t\t\t\t<div id=\"ngg-image-6\" class=\"ngg-gallery-thumbnail-box\" >\n\t\t\t\t        <div class=\"ngg-gallery-thumbnail\">\n            <a href=\"http:\/\/www.spaziotorino.it\/scatto\/wp-content\/gallery\/2024_06_23_farosg\/PLA_4104.jpg\"\n               title=\"Corteo Storico San Giovanni\"\n               data-src=\"http:\/\/www.spaziotorino.it\/scatto\/wp-content\/gallery\/2024_06_23_farosg\/PLA_4104.jpg\"\n               data-thumbnail=\"http:\/\/www.spaziotorino.it\/scatto\/wp-content\/gallery\/2024_06_23_farosg\/thumbs\/thumbs_PLA_4104.jpg\"\n               data-image-id=\"33260\"\n               data-title=\"Corteo Storico San Giovanni\"\n               data-description=\"Corteo Storico San Giovanni\"\n               data-image-slug=\"pla_4104\"\n               class=\"ngg-fancybox\" rel=\"cadca5144f4ba60f2999e2f0ebe2b9b6\">\n                <img\n                    title=\"Corteo Storico San Giovanni\"\n                    alt=\"Corteo Storico San Giovanni\"\n                    src=\"http:\/\/www.spaziotorino.it\/scatto\/wp-content\/gallery\/2024_06_23_farosg\/cache\/PLA_4104.jpg-nggid0533260-ngg0dyn-60x60x100-00f0w010c011r110f110r010t010.jpg\"\n                    width=\"60\"\n                    height=\"60\"\n                    style=\"max-width:100%;\"\n                \/>\n            <\/a>\n        <\/div>\n\t\t\t\t\t\t\t<\/div> \n\t\t\t\n        \n\t\t\t\t<div id=\"ngg-image-7\" class=\"ngg-gallery-thumbnail-box\" >\n\t\t\t\t        <div class=\"ngg-gallery-thumbnail\">\n            <a href=\"http:\/\/www.spaziotorino.it\/scatto\/wp-content\/gallery\/2024_06_23_farosg\/PLA_4148.jpg\"\n               title=\"Corteo Storico San Giovanni\"\n               data-src=\"http:\/\/www.spaziotorino.it\/scatto\/wp-content\/gallery\/2024_06_23_farosg\/PLA_4148.jpg\"\n               data-thumbnail=\"http:\/\/www.spaziotorino.it\/scatto\/wp-content\/gallery\/2024_06_23_farosg\/thumbs\/thumbs_PLA_4148.jpg\"\n               data-image-id=\"33259\"\n               data-title=\"Corteo Storico San Giovanni\"\n               data-description=\"Corteo Storico San Giovanni\"\n               data-image-slug=\"pla_4148-2\"\n               class=\"ngg-fancybox\" rel=\"cadca5144f4ba60f2999e2f0ebe2b9b6\">\n                <img\n                    title=\"Corteo Storico San Giovanni\"\n                    alt=\"Corteo Storico San Giovanni\"\n                    src=\"http:\/\/www.spaziotorino.it\/scatto\/wp-content\/gallery\/2024_06_23_farosg\/cache\/PLA_4148.jpg-nggid0533259-ngg0dyn-60x60x100-00f0w010c011r110f110r010t010.jpg\"\n                    width=\"60\"\n                    height=\"60\"\n                    style=\"max-width:100%;\"\n                \/>\n            <\/a>\n        <\/div>\n\t\t\t\t\t\t\t<\/div> \n\t\t\t\n        \n\t\t\t\t<div id=\"ngg-image-8\" class=\"ngg-gallery-thumbnail-box\" >\n\t\t\t\t        <div class=\"ngg-gallery-thumbnail\">\n            <a href=\"http:\/\/www.spaziotorino.it\/scatto\/wp-content\/gallery\/2024_06_23_farosg\/PLA_4168.jpg\"\n               title=\"Corteo Storico San Giovanni\"\n               data-src=\"http:\/\/www.spaziotorino.it\/scatto\/wp-content\/gallery\/2024_06_23_farosg\/PLA_4168.jpg\"\n               data-thumbnail=\"http:\/\/www.spaziotorino.it\/scatto\/wp-content\/gallery\/2024_06_23_farosg\/thumbs\/thumbs_PLA_4168.jpg\"\n               data-image-id=\"33262\"\n               data-title=\"Corteo Storico San Giovanni\"\n               data-description=\"Corteo Storico San Giovanni\"\n               data-image-slug=\"pla_4168\"\n               class=\"ngg-fancybox\" rel=\"cadca5144f4ba60f2999e2f0ebe2b9b6\">\n                <img\n                    title=\"Corteo Storico San Giovanni\"\n                    alt=\"Corteo Storico San Giovanni\"\n                    src=\"http:\/\/www.spaziotorino.it\/scatto\/wp-content\/gallery\/2024_06_23_farosg\/cache\/PLA_4168.jpg-nggid0533262-ngg0dyn-60x60x100-00f0w010c011r110f110r010t010.jpg\"\n                    width=\"60\"\n                    height=\"60\"\n                    style=\"max-width:100%;\"\n                \/>\n            <\/a>\n        <\/div>\n\t\t\t\t\t\t\t<\/div> \n\t\t\t\n        \n\t\t\t\t<div id=\"ngg-image-9\" class=\"ngg-gallery-thumbnail-box\" >\n\t\t\t\t        <div class=\"ngg-gallery-thumbnail\">\n            <a href=\"http:\/\/www.spaziotorino.it\/scatto\/wp-content\/gallery\/2024_06_23_farosg\/PLA_4183.jpg\"\n               title=\"Corteo Storico San Giovanni\"\n               data-src=\"http:\/\/www.spaziotorino.it\/scatto\/wp-content\/gallery\/2024_06_23_farosg\/PLA_4183.jpg\"\n               data-thumbnail=\"http:\/\/www.spaziotorino.it\/scatto\/wp-content\/gallery\/2024_06_23_farosg\/thumbs\/thumbs_PLA_4183.jpg\"\n               data-image-id=\"33261\"\n               data-title=\"Corteo Storico San Giovanni\"\n               data-description=\"Corteo Storico San Giovanni\"\n               data-image-slug=\"pla_4183-2\"\n               class=\"ngg-fancybox\" rel=\"cadca5144f4ba60f2999e2f0ebe2b9b6\">\n                <img\n                    title=\"Corteo Storico San Giovanni\"\n                    alt=\"Corteo Storico San Giovanni\"\n                    src=\"http:\/\/www.spaziotorino.it\/scatto\/wp-content\/gallery\/2024_06_23_farosg\/cache\/PLA_4183.jpg-nggid0533261-ngg0dyn-60x60x100-00f0w010c011r110f110r010t010.jpg\"\n                    width=\"60\"\n                    height=\"60\"\n                    style=\"max-width:100%;\"\n                \/>\n            <\/a>\n        <\/div>\n\t\t\t\t\t\t\t<\/div> \n\t\t\t\n        \n\t\t\t\t<div id=\"ngg-image-10\" class=\"ngg-gallery-thumbnail-box\" >\n\t\t\t\t        <div class=\"ngg-gallery-thumbnail\">\n            <a href=\"http:\/\/www.spaziotorino.it\/scatto\/wp-content\/gallery\/2024_06_23_farosg\/PLA_4190.jpg\"\n               title=\"Corteo Storico San Giovanni\"\n               data-src=\"http:\/\/www.spaziotorino.it\/scatto\/wp-content\/gallery\/2024_06_23_farosg\/PLA_4190.jpg\"\n               data-thumbnail=\"http:\/\/www.spaziotorino.it\/scatto\/wp-content\/gallery\/2024_06_23_farosg\/thumbs\/thumbs_PLA_4190.jpg\"\n               data-image-id=\"33263\"\n               data-title=\"Corteo Storico San Giovanni\"\n               data-description=\"Corteo Storico San Giovanni\"\n               data-image-slug=\"pla_4190-1\"\n               class=\"ngg-fancybox\" rel=\"cadca5144f4ba60f2999e2f0ebe2b9b6\">\n                <img\n                    title=\"Corteo Storico San Giovanni\"\n                    alt=\"Corteo Storico San Giovanni\"\n                    src=\"http:\/\/www.spaziotorino.it\/scatto\/wp-content\/gallery\/2024_06_23_farosg\/cache\/PLA_4190.jpg-nggid0533263-ngg0dyn-60x60x100-00f0w010c011r110f110r010t010.jpg\"\n                    width=\"60\"\n                    height=\"60\"\n                    style=\"max-width:100%;\"\n                \/>\n            <\/a>\n        <\/div>\n\t\t\t\t\t\t\t<\/div> \n\t\t\t\n        \n\t\t\t\t<div id=\"ngg-image-11\" class=\"ngg-gallery-thumbnail-box\" >\n\t\t\t\t        <div class=\"ngg-gallery-thumbnail\">\n            <a href=\"http:\/\/www.spaziotorino.it\/scatto\/wp-content\/gallery\/2024_06_23_farosg\/PLA_4199.jpg\"\n               title=\"Corteo Storico San Giovanni\"\n               data-src=\"http:\/\/www.spaziotorino.it\/scatto\/wp-content\/gallery\/2024_06_23_farosg\/PLA_4199.jpg\"\n               data-thumbnail=\"http:\/\/www.spaziotorino.it\/scatto\/wp-content\/gallery\/2024_06_23_farosg\/thumbs\/thumbs_PLA_4199.jpg\"\n               data-image-id=\"33265\"\n               data-title=\"Corteo Storico San Giovanni\"\n               data-description=\"Corteo Storico San Giovanni\"\n               data-image-slug=\"pla_4199-2\"\n               class=\"ngg-fancybox\" rel=\"cadca5144f4ba60f2999e2f0ebe2b9b6\">\n                <img\n                    title=\"Corteo Storico San Giovanni\"\n                    alt=\"Corteo Storico San Giovanni\"\n                    src=\"http:\/\/www.spaziotorino.it\/scatto\/wp-content\/gallery\/2024_06_23_farosg\/cache\/PLA_4199.jpg-nggid0533265-ngg0dyn-60x60x100-00f0w010c011r110f110r010t010.jpg\"\n                    width=\"60\"\n                    height=\"60\"\n                    style=\"max-width:100%;\"\n                \/>\n            <\/a>\n        <\/div>\n\t\t\t\t\t\t\t<\/div> \n\t\t\t\n        \n\t\t\t\t<div id=\"ngg-image-12\" class=\"ngg-gallery-thumbnail-box\" >\n\t\t\t\t        <div class=\"ngg-gallery-thumbnail\">\n            <a href=\"http:\/\/www.spaziotorino.it\/scatto\/wp-content\/gallery\/2024_06_23_farosg\/PLA_4278.jpg\"\n               title=\"Il Toro sulla catasta del Far\u00f2 di San Giovanni\"\n               data-src=\"http:\/\/www.spaziotorino.it\/scatto\/wp-content\/gallery\/2024_06_23_farosg\/PLA_4278.jpg\"\n               data-thumbnail=\"http:\/\/www.spaziotorino.it\/scatto\/wp-content\/gallery\/2024_06_23_farosg\/thumbs\/thumbs_PLA_4278.jpg\"\n               data-image-id=\"33266\"\n               data-title=\"Il Toro sulla catasta del Far\u00f2 di San Giovanni\"\n               data-description=\"Il Toro sulla catasta del Far\u00f2 di San Giovanni\"\n               data-image-slug=\"pla_4278\"\n               class=\"ngg-fancybox\" rel=\"cadca5144f4ba60f2999e2f0ebe2b9b6\">\n                <img\n                    title=\"Il Toro sulla catasta del Far\u00f2 di San Giovanni\"\n                    alt=\"Il Toro sulla catasta del Far\u00f2 di San Giovanni\"\n                    src=\"http:\/\/www.spaziotorino.it\/scatto\/wp-content\/gallery\/2024_06_23_farosg\/cache\/PLA_4278.jpg-nggid0533266-ngg0dyn-60x60x100-00f0w010c011r110f110r010t010.jpg\"\n                    width=\"60\"\n                    height=\"60\"\n                    style=\"max-width:100%;\"\n                \/>\n            <\/a>\n        <\/div>\n\t\t\t\t\t\t\t<\/div> \n\t\t\t\n        \n\t\t\t\t<div id=\"ngg-image-13\" class=\"ngg-gallery-thumbnail-box\" >\n\t\t\t\t        <div class=\"ngg-gallery-thumbnail\">\n            <a href=\"http:\/\/www.spaziotorino.it\/scatto\/wp-content\/gallery\/2024_06_23_farosg\/PLA_4416.jpg\"\n               title=\"Far\u00f2 di San Giovanni\"\n               data-src=\"http:\/\/www.spaziotorino.it\/scatto\/wp-content\/gallery\/2024_06_23_farosg\/PLA_4416.jpg\"\n               data-thumbnail=\"http:\/\/www.spaziotorino.it\/scatto\/wp-content\/gallery\/2024_06_23_farosg\/thumbs\/thumbs_PLA_4416.jpg\"\n               data-image-id=\"33268\"\n               data-title=\"Far\u00f2 di San Giovanni\"\n               data-description=\"Far\u00f2 di San Giovanni\"\n               data-image-slug=\"pla_4416-1\"\n               class=\"ngg-fancybox\" rel=\"cadca5144f4ba60f2999e2f0ebe2b9b6\">\n                <img\n                    title=\"Far\u00f2 di San Giovanni\"\n                    alt=\"Far\u00f2 di San Giovanni\"\n                    src=\"http:\/\/www.spaziotorino.it\/scatto\/wp-content\/gallery\/2024_06_23_farosg\/cache\/PLA_4416.jpg-nggid0533268-ngg0dyn-60x60x100-00f0w010c011r110f110r010t010.jpg\"\n                    width=\"60\"\n                    height=\"60\"\n                    style=\"max-width:100%;\"\n                \/>\n            <\/a>\n        <\/div>\n\t\t\t\t\t\t\t<\/div> \n\t\t\t\n        \n\t\t\t\t<div id=\"ngg-image-14\" class=\"ngg-gallery-thumbnail-box\" >\n\t\t\t\t        <div class=\"ngg-gallery-thumbnail\">\n            <a href=\"http:\/\/www.spaziotorino.it\/scatto\/wp-content\/gallery\/2024_06_23_farosg\/PLA_4448.jpg\"\n               title=\"Far\u00f2 di San Giovanni\"\n               data-src=\"http:\/\/www.spaziotorino.it\/scatto\/wp-content\/gallery\/2024_06_23_farosg\/PLA_4448.jpg\"\n               data-thumbnail=\"http:\/\/www.spaziotorino.it\/scatto\/wp-content\/gallery\/2024_06_23_farosg\/thumbs\/thumbs_PLA_4448.jpg\"\n               data-image-id=\"33267\"\n               data-title=\"Far\u00f2 di San Giovanni\"\n               data-description=\"Far\u00f2 di San Giovanni\"\n               data-image-slug=\"pla_4448-2\"\n               class=\"ngg-fancybox\" rel=\"cadca5144f4ba60f2999e2f0ebe2b9b6\">\n                <img\n                    title=\"Far\u00f2 di San Giovanni\"\n                    alt=\"Far\u00f2 di San Giovanni\"\n                    src=\"http:\/\/www.spaziotorino.it\/scatto\/wp-content\/gallery\/2024_06_23_farosg\/cache\/PLA_4448.jpg-nggid0533267-ngg0dyn-60x60x100-00f0w010c011r110f110r010t010.jpg\"\n                    width=\"60\"\n                    height=\"60\"\n                    style=\"max-width:100%;\"\n                \/>\n            <\/a>\n        <\/div>\n\t\t\t\t\t\t\t<\/div> \n\t\t\t\n        \n\t\t\t\t<div id=\"ngg-image-15\" class=\"ngg-gallery-thumbnail-box\" >\n\t\t\t\t        <div class=\"ngg-gallery-thumbnail\">\n            <a href=\"http:\/\/www.spaziotorino.it\/scatto\/wp-content\/gallery\/2024_06_23_farosg\/PLA_4525.jpg\"\n               title=\"Far\u00f2 di San Giovanni\"\n               data-src=\"http:\/\/www.spaziotorino.it\/scatto\/wp-content\/gallery\/2024_06_23_farosg\/PLA_4525.jpg\"\n               data-thumbnail=\"http:\/\/www.spaziotorino.it\/scatto\/wp-content\/gallery\/2024_06_23_farosg\/thumbs\/thumbs_PLA_4525.jpg\"\n               data-image-id=\"33270\"\n               data-title=\"Far\u00f2 di San Giovanni\"\n               data-description=\"Far\u00f2 di San Giovanni\"\n               data-image-slug=\"pla_4525\"\n               class=\"ngg-fancybox\" rel=\"cadca5144f4ba60f2999e2f0ebe2b9b6\">\n                <img\n                    title=\"Far\u00f2 di San Giovanni\"\n                    alt=\"Far\u00f2 di San Giovanni\"\n                    src=\"http:\/\/www.spaziotorino.it\/scatto\/wp-content\/gallery\/2024_06_23_farosg\/cache\/PLA_4525.jpg-nggid0533270-ngg0dyn-60x60x100-00f0w010c011r110f110r010t010.jpg\"\n                    width=\"60\"\n                    height=\"60\"\n                    style=\"max-width:100%;\"\n                \/>\n            <\/a>\n        <\/div>\n\t\t\t\t\t\t\t<\/div> \n\t\t\t\n        \n\t\t\t\t<div id=\"ngg-image-16\" class=\"ngg-gallery-thumbnail-box\" >\n\t\t\t\t        <div class=\"ngg-gallery-thumbnail\">\n            <a href=\"http:\/\/www.spaziotorino.it\/scatto\/wp-content\/gallery\/2024_06_23_farosg\/PLA_4540.jpg\"\n               title=\"Far\u00f2 di San Giovanni\"\n               data-src=\"http:\/\/www.spaziotorino.it\/scatto\/wp-content\/gallery\/2024_06_23_farosg\/PLA_4540.jpg\"\n               data-thumbnail=\"http:\/\/www.spaziotorino.it\/scatto\/wp-content\/gallery\/2024_06_23_farosg\/thumbs\/thumbs_PLA_4540.jpg\"\n               data-image-id=\"33271\"\n               data-title=\"Far\u00f2 di San Giovanni\"\n               data-description=\"Far\u00f2 di San Giovanni\"\n               data-image-slug=\"pla_4540\"\n               class=\"ngg-fancybox\" rel=\"cadca5144f4ba60f2999e2f0ebe2b9b6\">\n                <img\n                    title=\"Far\u00f2 di San Giovanni\"\n                    alt=\"Far\u00f2 di San Giovanni\"\n                    src=\"http:\/\/www.spaziotorino.it\/scatto\/wp-content\/gallery\/2024_06_23_farosg\/cache\/PLA_4540.jpg-nggid0533271-ngg0dyn-60x60x100-00f0w010c011r110f110r010t010.jpg\"\n                    width=\"60\"\n                    height=\"60\"\n                    style=\"max-width:100%;\"\n                \/>\n            <\/a>\n        <\/div>\n\t\t\t\t\t\t\t<\/div> \n\t\t\t\n        \n\t\t\t\t<div id=\"ngg-image-17\" class=\"ngg-gallery-thumbnail-box\" >\n\t\t\t\t        <div class=\"ngg-gallery-thumbnail\">\n            <a href=\"http:\/\/www.spaziotorino.it\/scatto\/wp-content\/gallery\/2024_06_23_farosg\/PLA_4564.jpg\"\n               title=\"Far\u00f2 di San Giovanni\"\n               data-src=\"http:\/\/www.spaziotorino.it\/scatto\/wp-content\/gallery\/2024_06_23_farosg\/PLA_4564.jpg\"\n               data-thumbnail=\"http:\/\/www.spaziotorino.it\/scatto\/wp-content\/gallery\/2024_06_23_farosg\/thumbs\/thumbs_PLA_4564.jpg\"\n               data-image-id=\"33273\"\n               data-title=\"Far\u00f2 di San Giovanni\"\n               data-description=\"Far\u00f2 di San Giovanni\"\n               data-image-slug=\"pla_4564\"\n               class=\"ngg-fancybox\" rel=\"cadca5144f4ba60f2999e2f0ebe2b9b6\">\n                <img\n                    title=\"Far\u00f2 di San Giovanni\"\n                    alt=\"Far\u00f2 di San Giovanni\"\n                    src=\"http:\/\/www.spaziotorino.it\/scatto\/wp-content\/gallery\/2024_06_23_farosg\/cache\/PLA_4564.jpg-nggid0533273-ngg0dyn-60x60x100-00f0w010c011r110f110r010t010.jpg\"\n                    width=\"60\"\n                    height=\"60\"\n                    style=\"max-width:100%;\"\n                \/>\n            <\/a>\n        <\/div>\n\t\t\t\t\t\t\t<\/div> \n\t\t\t\n        \n\t\t\t\t<div id=\"ngg-image-18\" class=\"ngg-gallery-thumbnail-box\" >\n\t\t\t\t        <div class=\"ngg-gallery-thumbnail\">\n            <a href=\"http:\/\/www.spaziotorino.it\/scatto\/wp-content\/gallery\/2024_06_23_farosg\/PLA_4573.jpg\"\n               title=\"Far\u00f2 di San Giovanni\"\n               data-src=\"http:\/\/www.spaziotorino.it\/scatto\/wp-content\/gallery\/2024_06_23_farosg\/PLA_4573.jpg\"\n               data-thumbnail=\"http:\/\/www.spaziotorino.it\/scatto\/wp-content\/gallery\/2024_06_23_farosg\/thumbs\/thumbs_PLA_4573.jpg\"\n               data-image-id=\"33272\"\n               data-title=\"Far\u00f2 di San Giovanni\"\n               data-description=\"Far\u00f2 di San Giovanni\"\n               data-image-slug=\"pla_4573\"\n               class=\"ngg-fancybox\" rel=\"cadca5144f4ba60f2999e2f0ebe2b9b6\">\n                <img\n                    title=\"Far\u00f2 di San Giovanni\"\n                    alt=\"Far\u00f2 di San Giovanni\"\n                    src=\"http:\/\/www.spaziotorino.it\/scatto\/wp-content\/gallery\/2024_06_23_farosg\/cache\/PLA_4573.jpg-nggid0533272-ngg0dyn-60x60x100-00f0w010c011r110f110r010t010.jpg\"\n                    width=\"60\"\n                    height=\"60\"\n                    style=\"max-width:100%;\"\n                \/>\n            <\/a>\n        <\/div>\n\t\t\t\t\t\t\t<\/div> \n\t\t\t\n        \n\t\t\n\t\t<!-- Pagination -->\n\t<div class='ngg-clear'><\/div>\t<\/div>\n\n<p>Sar\u00e0 un anno di prosperit\u00e0 quello che si preannuncia per Torino. La pioggia battente non ha fermato il tradizionale rito del Far\u00f2 di San Giovanni in piazza Castello e il toro \u00e8 caduto nella direzione di Porta Nuova, segno di buon auspicio per tutta la citt\u00e0. \u201cUn buon auspicio -ha commentato il Sindaco Stefano Lo Russo- e uno stimolo a continuare a lavorare con impegno per la nostra bellissima Torino\u201d.<\/p>\n<p>Il Far\u00f2 \u00e8 stato preceduto nel tardo pomeriggio dalla sfilata del corteo storico che, attraversate le vie del centro, ha raggiunto il cortile d\u2019onore di Palazzo Civico per la benedizione dei ceri e dei Pani della Carit\u00e0, poi consegnati da Gianduja e Giacometta al primo cittadino. Poi la cerimonia del Premio Tesi di Laurea su Torino, andato a Cristina Andrea Giacolono (tesi \u201cIntelligenza Artificiale Emotiva: analisi del linguaggio del corpo per il riconoscimento delle emozioni\u201d) e Alberto Gorga (tesi \u201cIl processo penale al vaglio dell\u2019Intelligenza Artificiale: l\u2019impatto della logica informatica sul ragionamento giuridico\u201d).<\/p>\n<p>I festeggiamenti dedicati al patrono di Torino si chiuderanno domani sera con il tradizionale spettacolo pirotecnico in piazza Vittorio.<\/p>\n","protected":false},"excerpt":{"rendered":"<p>Sar\u00e0 un anno di prosperit\u00e0 quello che si preannuncia per Torino. La pioggia battente non ha fermato il tradizionale rito del Far\u00f2 di San Giovanni in piazza Castello e il toro \u00e8 caduto nella direzione di Porta Nuova, segno di buon auspicio per tutta la citt\u00e0. \u201cUn buon auspicio -ha commentato il Sindaco Stefano Lo [&hellip;]<\/p>\n","protected":false},"author":1,"featured_media":0,"comment_status":"closed","ping_status":"open","sticky":false,"template":"","format":"standard","meta":{"ngg_post_thumbnail":0},"categories":[1,41],"tags":[],"_links":{"self":[{"href":"http:\/\/www.spaziotorino.it\/scatto\/index.php?rest_route=\/wp\/v2\/posts\/51041"}],"collection":[{"href":"http:\/\/www.spaziotorino.it\/scatto\/index.php?rest_route=\/wp\/v2\/posts"}],"about":[{"href":"http:\/\/www.spaziotorino.it\/scatto\/index.php?rest_route=\/wp\/v2\/types\/post"}],"author":[{"embeddable":true,"href":"http:\/\/www.spaziotorino.it\/scatto\/index.php?rest_route=\/wp\/v2\/users\/1"}],"replies":[{"embeddable":true,"href":"http:\/\/www.spaziotorino.it\/scatto\/index.php?rest_route=%2Fwp%2Fv2%2Fcomments&post=51041"}],"version-history":[{"count":1,"href":"http:\/\/www.spaziotorino.it\/scatto\/index.php?rest_route=\/wp\/v2\/posts\/51041\/revisions"}],"predecessor-version":[{"id":51044,"href":"http:\/\/www.spaziotorino.it\/scatto\/index.php?rest_route=\/wp\/v2\/posts\/51041\/revisions\/51044"}],"wp:attachment":[{"href":"http:\/\/www.spaziotorino.it\/scatto\/index.php?rest_route=%2Fwp%2Fv2%2Fmedia&parent=51041"}],"wp:term":[{"taxonomy":"category","embeddable":true,"href":"http:\/\/www.spaziotorino.it\/scatto\/index.php?rest_route=%2Fwp%2Fv2%2Fcategories&post=51041"},{"taxonomy":"post_tag","embeddable":true,"href":"http:\/\/www.spaziotorino.it\/scatto\/index.php?rest_route=%2Fwp%2Fv2%2Ftags&post=51041"}],"curies":[{"name":"wp","href":"https:\/\/api.w.org\/{rel}","templated":true}]}}