{"id":51081,"date":"2024-06-24T16:39:59","date_gmt":"2024-06-24T15:39:59","guid":{"rendered":"http:\/\/www.spaziotorino.it\/scatto\/?p=51081"},"modified":"2024-06-24T16:39:59","modified_gmt":"2024-06-24T15:39:59","slug":"beatrice-merz-e-valerio-minato-nuovi-ambasciatori-di-torino-nel-mondo","status":"publish","type":"post","link":"http:\/\/www.spaziotorino.it\/scatto\/?p=51081","title":{"rendered":"Beatrice Merz e Valerio Minato nuovi ambasciatori di Torino nel mondo"},"content":{"rendered":"<p><a class=\"ngg-fancybox\" title=\"Beatrice Merz e Valerio Minato nuovi ambasciatori di Torino nel mondo\" href=\"http:\/\/www.spaziotorino.it\/scatto\/wp-content\/gallery\/2024_06_24_ambass\/PLA_4614.jpg\" rel=\"lightbox[set_2252]\"><br \/>\n<img decoding=\"async\" loading=\"lazy\" class=\"ngg-singlepic\" title=\"Beatrice Merz e Valerio Minato nuovi ambasciatori di Torino nel mondo\" src=\"http:\/\/www.spaziotorino.it\/scatto\/wp-content\/gallery\/2024_06_24_ambass\/PLA_4614.jpg\" alt=\"\" width=\"540\" height=\"360\"\/><\/a><\/p>\n<!-- index.php -->\n<div\n\tclass=\"ngg-galleryoverview ngg-ajax-pagination-none\"\n\tid=\"ngg-gallery-1e163ac1015cbe281940878d6e4b3045-1\">\n\n    \t\t<!-- Thumbnails -->\n\t\t\t\t<div id=\"ngg-image-0\" class=\"ngg-gallery-thumbnail-box\" >\n\t\t\t\t        <div class=\"ngg-gallery-thumbnail\">\n            <a href=\"http:\/\/www.spaziotorino.it\/scatto\/wp-content\/gallery\/2024_06_24_ambass\/PLA_4577.jpg\"\n               title=\"Piazza Palazzo di Citt\u00e0: Balconata con drappo rosso a Palazzo Civico\"\n               data-src=\"http:\/\/www.spaziotorino.it\/scatto\/wp-content\/gallery\/2024_06_24_ambass\/PLA_4577.jpg\"\n               data-thumbnail=\"http:\/\/www.spaziotorino.it\/scatto\/wp-content\/gallery\/2024_06_24_ambass\/thumbs\/thumbs_PLA_4577.jpg\"\n               data-image-id=\"33285\"\n               data-title=\"Piazza Palazzo di Citt\u00e0: Balconata con drappo rosso a Palazzo Civico\"\n               data-description=\"Piazza Palazzo di Citt\u00e0: Balconata con drappo rosso a Palazzo Civico\"\n               data-image-slug=\"pla_4577-1\"\n               class=\"ngg-fancybox\" rel=\"1e163ac1015cbe281940878d6e4b3045\">\n                <img\n                    title=\"Piazza Palazzo di Citt\u00e0: Balconata con drappo rosso a Palazzo Civico\"\n                    alt=\"Piazza Palazzo di Citt\u00e0: Balconata con drappo rosso a Palazzo Civico\"\n                    src=\"http:\/\/www.spaziotorino.it\/scatto\/wp-content\/gallery\/2024_06_24_ambass\/cache\/PLA_4577.jpg-nggid0533285-ngg0dyn-60x60x100-00f0w010c011r110f110r010t010.jpg\"\n                    width=\"60\"\n                    height=\"60\"\n                    style=\"max-width:100%;\"\n                \/>\n            <\/a>\n        <\/div>\n\t\t\t\t\t\t\t<\/div> \n\t\t\t\n        \n\t\t\t\t<div id=\"ngg-image-1\" class=\"ngg-gallery-thumbnail-box\" >\n\t\t\t\t        <div class=\"ngg-gallery-thumbnail\">\n            <a href=\"http:\/\/www.spaziotorino.it\/scatto\/wp-content\/gallery\/2024_06_24_ambass\/PLA_4591.jpg\"\n               title=\"Beatrice Merz - Cerimonia di  conferimento titolo Ambasciatore delle eccellenze del territorio torinese\"\n               data-src=\"http:\/\/www.spaziotorino.it\/scatto\/wp-content\/gallery\/2024_06_24_ambass\/PLA_4591.jpg\"\n               data-thumbnail=\"http:\/\/www.spaziotorino.it\/scatto\/wp-content\/gallery\/2024_06_24_ambass\/thumbs\/thumbs_PLA_4591.jpg\"\n               data-image-id=\"33286\"\n               data-title=\"Beatrice Merz - Cerimonia di  conferimento titolo Ambasciatore delle eccellenze del territorio torinese\"\n               data-description=\"Beatrice Merz - Cerimonia di  conferimento titolo Ambasciatore delle eccellenze del territorio torinese\"\n               data-image-slug=\"pla_4591\"\n               class=\"ngg-fancybox\" rel=\"1e163ac1015cbe281940878d6e4b3045\">\n                <img\n                    title=\"Beatrice Merz - Cerimonia di  conferimento titolo Ambasciatore delle eccellenze del territorio torinese\"\n                    alt=\"Beatrice Merz - Cerimonia di  conferimento titolo Ambasciatore delle eccellenze del territorio torinese\"\n                    src=\"http:\/\/www.spaziotorino.it\/scatto\/wp-content\/gallery\/2024_06_24_ambass\/cache\/PLA_4591.jpg-nggid0533286-ngg0dyn-60x60x100-00f0w010c011r110f110r010t010.jpg\"\n                    width=\"60\"\n                    height=\"60\"\n                    style=\"max-width:100%;\"\n                \/>\n            <\/a>\n        <\/div>\n\t\t\t\t\t\t\t<\/div> \n\t\t\t\n        \n\t\t\t\t<div id=\"ngg-image-2\" class=\"ngg-gallery-thumbnail-box\" >\n\t\t\t\t        <div class=\"ngg-gallery-thumbnail\">\n            <a href=\"http:\/\/www.spaziotorino.it\/scatto\/wp-content\/gallery\/2024_06_24_ambass\/PLA_4592.jpg\"\n               title=\"Valerio Minato - Cerimonia di  conferimento titolo Ambasciatore delle eccellenze del territorio torinese\"\n               data-src=\"http:\/\/www.spaziotorino.it\/scatto\/wp-content\/gallery\/2024_06_24_ambass\/PLA_4592.jpg\"\n               data-thumbnail=\"http:\/\/www.spaziotorino.it\/scatto\/wp-content\/gallery\/2024_06_24_ambass\/thumbs\/thumbs_PLA_4592.jpg\"\n               data-image-id=\"33282\"\n               data-title=\"Valerio Minato - Cerimonia di  conferimento titolo Ambasciatore delle eccellenze del territorio torinese\"\n               data-description=\"Valerio Minato - Cerimonia di  conferimento titolo Ambasciatore delle eccellenze del territorio torinese\"\n               data-image-slug=\"pla_4592\"\n               class=\"ngg-fancybox\" rel=\"1e163ac1015cbe281940878d6e4b3045\">\n                <img\n                    title=\"Valerio Minato - Cerimonia di  conferimento titolo Ambasciatore delle eccellenze del territorio torinese\"\n                    alt=\"Valerio Minato - Cerimonia di  conferimento titolo Ambasciatore delle eccellenze del territorio torinese\"\n                    src=\"http:\/\/www.spaziotorino.it\/scatto\/wp-content\/gallery\/2024_06_24_ambass\/cache\/PLA_4592.jpg-nggid0533282-ngg0dyn-60x60x100-00f0w010c011r110f110r010t010.jpg\"\n                    width=\"60\"\n                    height=\"60\"\n                    style=\"max-width:100%;\"\n                \/>\n            <\/a>\n        <\/div>\n\t\t\t\t\t\t\t<\/div> \n\t\t\t\n        \n\t\t\t\t<div id=\"ngg-image-3\" class=\"ngg-gallery-thumbnail-box\" >\n\t\t\t\t        <div class=\"ngg-gallery-thumbnail\">\n            <a href=\"http:\/\/www.spaziotorino.it\/scatto\/wp-content\/gallery\/2024_06_24_ambass\/PLA_4635.jpg\"\n               title=\"Cerimonia di conferimento del titolo di Ambasciatore delle eccellenze del territorio torinese\"\n               data-src=\"http:\/\/www.spaziotorino.it\/scatto\/wp-content\/gallery\/2024_06_24_ambass\/PLA_4635.jpg\"\n               data-thumbnail=\"http:\/\/www.spaziotorino.it\/scatto\/wp-content\/gallery\/2024_06_24_ambass\/thumbs\/thumbs_PLA_4635.jpg\"\n               data-image-id=\"33287\"\n               data-title=\"Cerimonia di conferimento del titolo di Ambasciatore delle eccellenze del territorio torinese\"\n               data-description=\"Cerimonia di conferimento del titolo di Ambasciatore delle eccellenze del territorio torinese\"\n               data-image-slug=\"pla_4635-1\"\n               class=\"ngg-fancybox\" rel=\"1e163ac1015cbe281940878d6e4b3045\">\n                <img\n                    title=\"Cerimonia di conferimento del titolo di Ambasciatore delle eccellenze del territorio torinese\"\n                    alt=\"Cerimonia di conferimento del titolo di Ambasciatore delle eccellenze del territorio torinese\"\n                    src=\"http:\/\/www.spaziotorino.it\/scatto\/wp-content\/gallery\/2024_06_24_ambass\/cache\/PLA_4635.jpg-nggid0533287-ngg0dyn-60x60x100-00f0w010c011r110f110r010t010.jpg\"\n                    width=\"60\"\n                    height=\"60\"\n                    style=\"max-width:100%;\"\n                \/>\n            <\/a>\n        <\/div>\n\t\t\t\t\t\t\t<\/div> \n\t\t\t\n        \n\t\t\t\t<div id=\"ngg-image-4\" class=\"ngg-gallery-thumbnail-box\" >\n\t\t\t\t        <div class=\"ngg-gallery-thumbnail\">\n            <a href=\"http:\/\/www.spaziotorino.it\/scatto\/wp-content\/gallery\/2024_06_24_ambass\/PLA_4658.jpg\"\n               title=\"Luned\u00ec 24 giugno 2024San Giovanni 2024Sala Rossa, Palazzo CivicoCerimonia conferimento titolo Ambasciatore delle eccellenze del territorio torinese\"\n               data-src=\"http:\/\/www.spaziotorino.it\/scatto\/wp-content\/gallery\/2024_06_24_ambass\/PLA_4658.jpg\"\n               data-thumbnail=\"http:\/\/www.spaziotorino.it\/scatto\/wp-content\/gallery\/2024_06_24_ambass\/thumbs\/thumbs_PLA_4658.jpg\"\n               data-image-id=\"33283\"\n               data-title=\"Luned\u00ec 24 giugno 2024San Giovanni 2024Sala Rossa, Palazzo CivicoCerimonia conferimento titolo Ambasciatore delle eccellenze del territorio torinese\"\n               data-description=\"Luned\u00ec 24 giugno 2024San Giovanni 2024Sala Rossa, Palazzo CivicoCerimonia conferimento titolo Ambasciatore delle eccellenze del territorio torinese\"\n               data-image-slug=\"pla_4658-3\"\n               class=\"ngg-fancybox\" rel=\"1e163ac1015cbe281940878d6e4b3045\">\n                <img\n                    title=\"Luned\u00ec 24 giugno 2024San Giovanni 2024Sala Rossa, Palazzo CivicoCerimonia conferimento titolo Ambasciatore delle eccellenze del territorio torinese\"\n                    alt=\"Luned\u00ec 24 giugno 2024San Giovanni 2024Sala Rossa, Palazzo CivicoCerimonia conferimento titolo Ambasciatore delle eccellenze del territorio torinese\"\n                    src=\"http:\/\/www.spaziotorino.it\/scatto\/wp-content\/gallery\/2024_06_24_ambass\/cache\/PLA_4658.jpg-nggid0533283-ngg0dyn-60x60x100-00f0w010c011r110f110r010t010.jpg\"\n                    width=\"60\"\n                    height=\"60\"\n                    style=\"max-width:100%;\"\n                \/>\n            <\/a>\n        <\/div>\n\t\t\t\t\t\t\t<\/div> \n\t\t\t\n        \n\t\t\t\t<div id=\"ngg-image-5\" class=\"ngg-gallery-thumbnail-box\" >\n\t\t\t\t        <div class=\"ngg-gallery-thumbnail\">\n            <a href=\"http:\/\/www.spaziotorino.it\/scatto\/wp-content\/gallery\/2024_06_24_ambass\/PLA_4672.jpg\"\n               title=\"La Presidente del Consiglio Comunale Maria Grazia Grippo consegna un omaggio floreale a Beatrice Merz\"\n               data-src=\"http:\/\/www.spaziotorino.it\/scatto\/wp-content\/gallery\/2024_06_24_ambass\/PLA_4672.jpg\"\n               data-thumbnail=\"http:\/\/www.spaziotorino.it\/scatto\/wp-content\/gallery\/2024_06_24_ambass\/thumbs\/thumbs_PLA_4672.jpg\"\n               data-image-id=\"33288\"\n               data-title=\"La Presidente del Consiglio Comunale Maria Grazia Grippo consegna un omaggio floreale a Beatrice Merz\"\n               data-description=\"La Presidente del Consiglio Comunale Maria Grazia Grippo consegna un omaggio floreale a Beatrice Merz\"\n               data-image-slug=\"pla_4672-1\"\n               class=\"ngg-fancybox\" rel=\"1e163ac1015cbe281940878d6e4b3045\">\n                <img\n                    title=\"La Presidente del Consiglio Comunale Maria Grazia Grippo consegna un omaggio floreale a Beatrice Merz\"\n                    alt=\"La Presidente del Consiglio Comunale Maria Grazia Grippo consegna un omaggio floreale a Beatrice Merz\"\n                    src=\"http:\/\/www.spaziotorino.it\/scatto\/wp-content\/gallery\/2024_06_24_ambass\/cache\/PLA_4672.jpg-nggid0533288-ngg0dyn-60x60x100-00f0w010c011r110f110r010t010.jpg\"\n                    width=\"60\"\n                    height=\"60\"\n                    style=\"max-width:100%;\"\n                \/>\n            <\/a>\n        <\/div>\n\t\t\t\t\t\t\t<\/div> \n\t\t\t\n        \n\t\t\t\t<div id=\"ngg-image-6\" class=\"ngg-gallery-thumbnail-box\" >\n\t\t\t\t        <div class=\"ngg-gallery-thumbnail\">\n            <a href=\"http:\/\/www.spaziotorino.it\/scatto\/wp-content\/gallery\/2024_06_24_ambass\/PLA_4676.jpg\"\n               title=\"Cerimonia di conferimento del titolo di Ambasciatore delle eccellenze del territorio torinese\"\n               data-src=\"http:\/\/www.spaziotorino.it\/scatto\/wp-content\/gallery\/2024_06_24_ambass\/PLA_4676.jpg\"\n               data-thumbnail=\"http:\/\/www.spaziotorino.it\/scatto\/wp-content\/gallery\/2024_06_24_ambass\/thumbs\/thumbs_PLA_4676.jpg\"\n               data-image-id=\"33292\"\n               data-title=\"Cerimonia di conferimento del titolo di Ambasciatore delle eccellenze del territorio torinese\"\n               data-description=\"Cerimonia di conferimento del titolo di Ambasciatore delle eccellenze del territorio torinese\"\n               data-image-slug=\"pla_4676\"\n               class=\"ngg-fancybox\" rel=\"1e163ac1015cbe281940878d6e4b3045\">\n                <img\n                    title=\"Cerimonia di conferimento del titolo di Ambasciatore delle eccellenze del territorio torinese\"\n                    alt=\"Cerimonia di conferimento del titolo di Ambasciatore delle eccellenze del territorio torinese\"\n                    src=\"http:\/\/www.spaziotorino.it\/scatto\/wp-content\/gallery\/2024_06_24_ambass\/cache\/PLA_4676.jpg-nggid0533292-ngg0dyn-60x60x100-00f0w010c011r110f110r010t010.jpg\"\n                    width=\"60\"\n                    height=\"60\"\n                    style=\"max-width:100%;\"\n                \/>\n            <\/a>\n        <\/div>\n\t\t\t\t\t\t\t<\/div> \n\t\t\t\n        \n\t\t\t\t<div id=\"ngg-image-7\" class=\"ngg-gallery-thumbnail-box\" >\n\t\t\t\t        <div class=\"ngg-gallery-thumbnail\">\n            <a href=\"http:\/\/www.spaziotorino.it\/scatto\/wp-content\/gallery\/2024_06_24_ambass\/PLA_4703.jpg\"\n               title=\"Beatrice Merz\"\n               data-src=\"http:\/\/www.spaziotorino.it\/scatto\/wp-content\/gallery\/2024_06_24_ambass\/PLA_4703.jpg\"\n               data-thumbnail=\"http:\/\/www.spaziotorino.it\/scatto\/wp-content\/gallery\/2024_06_24_ambass\/thumbs\/thumbs_PLA_4703.jpg\"\n               data-image-id=\"33291\"\n               data-title=\"Beatrice Merz\"\n               data-description=\"Beatrice Merz\"\n               data-image-slug=\"pla_4703\"\n               class=\"ngg-fancybox\" rel=\"1e163ac1015cbe281940878d6e4b3045\">\n                <img\n                    title=\"Beatrice Merz\"\n                    alt=\"Beatrice Merz\"\n                    src=\"http:\/\/www.spaziotorino.it\/scatto\/wp-content\/gallery\/2024_06_24_ambass\/cache\/PLA_4703.jpg-nggid0533291-ngg0dyn-60x60x100-00f0w010c011r110f110r010t010.jpg\"\n                    width=\"60\"\n                    height=\"60\"\n                    style=\"max-width:100%;\"\n                \/>\n            <\/a>\n        <\/div>\n\t\t\t\t\t\t\t<\/div> \n\t\t\t\n        \n\t\t\t\t<div id=\"ngg-image-8\" class=\"ngg-gallery-thumbnail-box\" >\n\t\t\t\t        <div class=\"ngg-gallery-thumbnail\">\n            <a href=\"http:\/\/www.spaziotorino.it\/scatto\/wp-content\/gallery\/2024_06_24_ambass\/PLA_4727.jpg\"\n               title=\"La premiazione di Valerio Minato\"\n               data-src=\"http:\/\/www.spaziotorino.it\/scatto\/wp-content\/gallery\/2024_06_24_ambass\/PLA_4727.jpg\"\n               data-thumbnail=\"http:\/\/www.spaziotorino.it\/scatto\/wp-content\/gallery\/2024_06_24_ambass\/thumbs\/thumbs_PLA_4727.jpg\"\n               data-image-id=\"33289\"\n               data-title=\"La premiazione di Valerio Minato\"\n               data-description=\"La premiazione di Valerio Minato\"\n               data-image-slug=\"pla_4727-3\"\n               class=\"ngg-fancybox\" rel=\"1e163ac1015cbe281940878d6e4b3045\">\n                <img\n                    title=\"La premiazione di Valerio Minato\"\n                    alt=\"La premiazione di Valerio Minato\"\n                    src=\"http:\/\/www.spaziotorino.it\/scatto\/wp-content\/gallery\/2024_06_24_ambass\/cache\/PLA_4727.jpg-nggid0533289-ngg0dyn-60x60x100-00f0w010c011r110f110r010t010.jpg\"\n                    width=\"60\"\n                    height=\"60\"\n                    style=\"max-width:100%;\"\n                \/>\n            <\/a>\n        <\/div>\n\t\t\t\t\t\t\t<\/div> \n\t\t\t\n        \n\t\t\t\t<div id=\"ngg-image-9\" class=\"ngg-gallery-thumbnail-box\" >\n\t\t\t\t        <div class=\"ngg-gallery-thumbnail\">\n            <a href=\"http:\/\/www.spaziotorino.it\/scatto\/wp-content\/gallery\/2024_06_24_ambass\/PLA_4735.jpg\"\n               title=\"La premiazione di Valerio Minato\"\n               data-src=\"http:\/\/www.spaziotorino.it\/scatto\/wp-content\/gallery\/2024_06_24_ambass\/PLA_4735.jpg\"\n               data-thumbnail=\"http:\/\/www.spaziotorino.it\/scatto\/wp-content\/gallery\/2024_06_24_ambass\/thumbs\/thumbs_PLA_4735.jpg\"\n               data-image-id=\"33290\"\n               data-title=\"La premiazione di Valerio Minato\"\n               data-description=\"La premiazione di Valerio Minato\"\n               data-image-slug=\"pla_4735-1\"\n               class=\"ngg-fancybox\" rel=\"1e163ac1015cbe281940878d6e4b3045\">\n                <img\n                    title=\"La premiazione di Valerio Minato\"\n                    alt=\"La premiazione di Valerio Minato\"\n                    src=\"http:\/\/www.spaziotorino.it\/scatto\/wp-content\/gallery\/2024_06_24_ambass\/cache\/PLA_4735.jpg-nggid0533290-ngg0dyn-60x60x100-00f0w010c011r110f110r010t010.jpg\"\n                    width=\"60\"\n                    height=\"60\"\n                    style=\"max-width:100%;\"\n                \/>\n            <\/a>\n        <\/div>\n\t\t\t\t\t\t\t<\/div> \n\t\t\t\n        \n\t\t\t\t<div id=\"ngg-image-10\" class=\"ngg-gallery-thumbnail-box\" >\n\t\t\t\t        <div class=\"ngg-gallery-thumbnail\">\n            <a href=\"http:\/\/www.spaziotorino.it\/scatto\/wp-content\/gallery\/2024_06_24_ambass\/PLA_4740.jpg\"\n               title=\"Cerimonia di conferimento del titolo di Ambasciatore delle eccellenze del territorio torinese\"\n               data-src=\"http:\/\/www.spaziotorino.it\/scatto\/wp-content\/gallery\/2024_06_24_ambass\/PLA_4740.jpg\"\n               data-thumbnail=\"http:\/\/www.spaziotorino.it\/scatto\/wp-content\/gallery\/2024_06_24_ambass\/thumbs\/thumbs_PLA_4740.jpg\"\n               data-image-id=\"33294\"\n               data-title=\"Cerimonia di conferimento del titolo di Ambasciatore delle eccellenze del territorio torinese\"\n               data-description=\"Cerimonia di conferimento del titolo di Ambasciatore delle eccellenze del territorio torinese\"\n               data-image-slug=\"pla_4740-1\"\n               class=\"ngg-fancybox\" rel=\"1e163ac1015cbe281940878d6e4b3045\">\n                <img\n                    title=\"Cerimonia di conferimento del titolo di Ambasciatore delle eccellenze del territorio torinese\"\n                    alt=\"Cerimonia di conferimento del titolo di Ambasciatore delle eccellenze del territorio torinese\"\n                    src=\"http:\/\/www.spaziotorino.it\/scatto\/wp-content\/gallery\/2024_06_24_ambass\/cache\/PLA_4740.jpg-nggid0533294-ngg0dyn-60x60x100-00f0w010c011r110f110r010t010.jpg\"\n                    width=\"60\"\n                    height=\"60\"\n                    style=\"max-width:100%;\"\n                \/>\n            <\/a>\n        <\/div>\n\t\t\t\t\t\t\t<\/div> \n\t\t\t\n        \n\t\t\t\t<div id=\"ngg-image-11\" class=\"ngg-gallery-thumbnail-box\" >\n\t\t\t\t        <div class=\"ngg-gallery-thumbnail\">\n            <a href=\"http:\/\/www.spaziotorino.it\/scatto\/wp-content\/gallery\/2024_06_24_ambass\/PLA_4743.jpg\"\n               title=\"Luned\u00ec 24 giugno 2024San Giovanni 2024Sala Rossa, Palazzo CivicoCerimonia conferimento titolo Ambasciatore delle eccellenze del territorio torinese\"\n               data-src=\"http:\/\/www.spaziotorino.it\/scatto\/wp-content\/gallery\/2024_06_24_ambass\/PLA_4743.jpg\"\n               data-thumbnail=\"http:\/\/www.spaziotorino.it\/scatto\/wp-content\/gallery\/2024_06_24_ambass\/thumbs\/thumbs_PLA_4743.jpg\"\n               data-image-id=\"33297\"\n               data-title=\"Luned\u00ec 24 giugno 2024San Giovanni 2024Sala Rossa, Palazzo CivicoCerimonia conferimento titolo Ambasciatore delle eccellenze del territorio torinese\"\n               data-description=\"Luned\u00ec 24 giugno 2024San Giovanni 2024Sala Rossa, Palazzo CivicoCerimonia conferimento titolo Ambasciatore delle eccellenze del territorio torinese\"\n               data-image-slug=\"pla_4743-1\"\n               class=\"ngg-fancybox\" rel=\"1e163ac1015cbe281940878d6e4b3045\">\n                <img\n                    title=\"Luned\u00ec 24 giugno 2024San Giovanni 2024Sala Rossa, Palazzo CivicoCerimonia conferimento titolo Ambasciatore delle eccellenze del territorio torinese\"\n                    alt=\"Luned\u00ec 24 giugno 2024San Giovanni 2024Sala Rossa, Palazzo CivicoCerimonia conferimento titolo Ambasciatore delle eccellenze del territorio torinese\"\n                    src=\"http:\/\/www.spaziotorino.it\/scatto\/wp-content\/gallery\/2024_06_24_ambass\/cache\/PLA_4743.jpg-nggid0533297-ngg0dyn-60x60x100-00f0w010c011r110f110r010t010.jpg\"\n                    width=\"60\"\n                    height=\"60\"\n                    style=\"max-width:100%;\"\n                \/>\n            <\/a>\n        <\/div>\n\t\t\t\t\t\t\t<\/div> \n\t\t\t\n        \n\t\t\t\t<div id=\"ngg-image-12\" class=\"ngg-gallery-thumbnail-box\" >\n\t\t\t\t        <div class=\"ngg-gallery-thumbnail\">\n            <a href=\"http:\/\/www.spaziotorino.it\/scatto\/wp-content\/gallery\/2024_06_24_ambass\/PLA_4746.jpg\"\n               title=\"Valerio Minato\"\n               data-src=\"http:\/\/www.spaziotorino.it\/scatto\/wp-content\/gallery\/2024_06_24_ambass\/PLA_4746.jpg\"\n               data-thumbnail=\"http:\/\/www.spaziotorino.it\/scatto\/wp-content\/gallery\/2024_06_24_ambass\/thumbs\/thumbs_PLA_4746.jpg\"\n               data-image-id=\"33295\"\n               data-title=\"Valerio Minato\"\n               data-description=\"Valerio Minato\"\n               data-image-slug=\"pla_4746-1\"\n               class=\"ngg-fancybox\" rel=\"1e163ac1015cbe281940878d6e4b3045\">\n                <img\n                    title=\"Valerio Minato\"\n                    alt=\"Valerio Minato\"\n                    src=\"http:\/\/www.spaziotorino.it\/scatto\/wp-content\/gallery\/2024_06_24_ambass\/cache\/PLA_4746.jpg-nggid0533295-ngg0dyn-60x60x100-00f0w010c011r110f110r010t010.jpg\"\n                    width=\"60\"\n                    height=\"60\"\n                    style=\"max-width:100%;\"\n                \/>\n            <\/a>\n        <\/div>\n\t\t\t\t\t\t\t<\/div> \n\t\t\t\n        \n\t\t\t\t<div id=\"ngg-image-13\" class=\"ngg-gallery-thumbnail-box\" >\n\t\t\t\t        <div class=\"ngg-gallery-thumbnail\">\n            <a href=\"http:\/\/www.spaziotorino.it\/scatto\/wp-content\/gallery\/2024_06_24_ambass\/PLA_4786.jpg\"\n               title=\"Cerimonia di conferimento del titolo di Ambasciatore delle eccellenze del territorio torinese\"\n               data-src=\"http:\/\/www.spaziotorino.it\/scatto\/wp-content\/gallery\/2024_06_24_ambass\/PLA_4786.jpg\"\n               data-thumbnail=\"http:\/\/www.spaziotorino.it\/scatto\/wp-content\/gallery\/2024_06_24_ambass\/thumbs\/thumbs_PLA_4786.jpg\"\n               data-image-id=\"33298\"\n               data-title=\"Cerimonia di conferimento del titolo di Ambasciatore delle eccellenze del territorio torinese\"\n               data-description=\"Cerimonia di conferimento del titolo di Ambasciatore delle eccellenze del territorio torinese\"\n               data-image-slug=\"pla_4786\"\n               class=\"ngg-fancybox\" rel=\"1e163ac1015cbe281940878d6e4b3045\">\n                <img\n                    title=\"Cerimonia di conferimento del titolo di Ambasciatore delle eccellenze del territorio torinese\"\n                    alt=\"Cerimonia di conferimento del titolo di Ambasciatore delle eccellenze del territorio torinese\"\n                    src=\"http:\/\/www.spaziotorino.it\/scatto\/wp-content\/gallery\/2024_06_24_ambass\/cache\/PLA_4786.jpg-nggid0533298-ngg0dyn-60x60x100-00f0w010c011r110f110r010t010.jpg\"\n                    width=\"60\"\n                    height=\"60\"\n                    style=\"max-width:100%;\"\n                \/>\n            <\/a>\n        <\/div>\n\t\t\t\t\t\t\t<\/div> \n\t\t\t\n        \n\t\t\t\t<div id=\"ngg-image-14\" class=\"ngg-gallery-thumbnail-box\" >\n\t\t\t\t        <div class=\"ngg-gallery-thumbnail\">\n            <a href=\"http:\/\/www.spaziotorino.it\/scatto\/wp-content\/gallery\/2024_06_24_ambass\/PLA_4798.jpg\"\n               title=\"Il Sindaco Stefano Lo Russo interviene alla Cerimonia di conferimento del titolo di Ambasciatore delle eccellenze del territorio torinese\"\n               data-src=\"http:\/\/www.spaziotorino.it\/scatto\/wp-content\/gallery\/2024_06_24_ambass\/PLA_4798.jpg\"\n               data-thumbnail=\"http:\/\/www.spaziotorino.it\/scatto\/wp-content\/gallery\/2024_06_24_ambass\/thumbs\/thumbs_PLA_4798.jpg\"\n               data-image-id=\"33299\"\n               data-title=\"Il Sindaco Stefano Lo Russo interviene alla Cerimonia di conferimento del titolo di Ambasciatore delle eccellenze del territorio torinese\"\n               data-description=\"Il Sindaco Stefano Lo Russo interviene alla Cerimonia di conferimento del titolo di Ambasciatore delle eccellenze del territorio torinese\"\n               data-image-slug=\"pla_4798-2\"\n               class=\"ngg-fancybox\" rel=\"1e163ac1015cbe281940878d6e4b3045\">\n                <img\n                    title=\"Il Sindaco Stefano Lo Russo interviene alla Cerimonia di conferimento del titolo di Ambasciatore delle eccellenze del territorio torinese\"\n                    alt=\"Il Sindaco Stefano Lo Russo interviene alla Cerimonia di conferimento del titolo di Ambasciatore delle eccellenze del territorio torinese\"\n                    src=\"http:\/\/www.spaziotorino.it\/scatto\/wp-content\/gallery\/2024_06_24_ambass\/cache\/PLA_4798.jpg-nggid0533299-ngg0dyn-60x60x100-00f0w010c011r110f110r010t010.jpg\"\n                    width=\"60\"\n                    height=\"60\"\n                    style=\"max-width:100%;\"\n                \/>\n            <\/a>\n        <\/div>\n\t\t\t\t\t\t\t<\/div> \n\t\t\t\n        \n\t\t\t\t<div id=\"ngg-image-15\" class=\"ngg-gallery-thumbnail-box\" >\n\t\t\t\t        <div class=\"ngg-gallery-thumbnail\">\n            <a href=\"http:\/\/www.spaziotorino.it\/scatto\/wp-content\/gallery\/2024_06_24_ambass\/PLA_4811.jpg\"\n               title=\"Un momento della Cerimonia in Sala Rossa\"\n               data-src=\"http:\/\/www.spaziotorino.it\/scatto\/wp-content\/gallery\/2024_06_24_ambass\/PLA_4811.jpg\"\n               data-thumbnail=\"http:\/\/www.spaziotorino.it\/scatto\/wp-content\/gallery\/2024_06_24_ambass\/thumbs\/thumbs_PLA_4811.jpg\"\n               data-image-id=\"33300\"\n               data-title=\"Un momento della Cerimonia in Sala Rossa\"\n               data-description=\"Un momento della Cerimonia in Sala Rossa\"\n               data-image-slug=\"pla_4811-1\"\n               class=\"ngg-fancybox\" rel=\"1e163ac1015cbe281940878d6e4b3045\">\n                <img\n                    title=\"Un momento della Cerimonia in Sala Rossa\"\n                    alt=\"Un momento della Cerimonia in Sala Rossa\"\n                    src=\"http:\/\/www.spaziotorino.it\/scatto\/wp-content\/gallery\/2024_06_24_ambass\/cache\/PLA_4811.jpg-nggid0533300-ngg0dyn-60x60x100-00f0w010c011r110f110r010t010.jpg\"\n                    width=\"60\"\n                    height=\"60\"\n                    style=\"max-width:100%;\"\n                \/>\n            <\/a>\n        <\/div>\n\t\t\t\t\t\t\t<\/div> \n\t\t\t\n        \n\t\t\t\t<div id=\"ngg-image-16\" class=\"ngg-gallery-thumbnail-box\" >\n\t\t\t\t        <div class=\"ngg-gallery-thumbnail\">\n            <a href=\"http:\/\/www.spaziotorino.it\/scatto\/wp-content\/gallery\/2024_06_24_ambass\/PLA_4814.jpg\"\n               title=\"Cerimonia di conferimento del titolo di Ambasciatore delle eccellenze del territorio torinese\"\n               data-src=\"http:\/\/www.spaziotorino.it\/scatto\/wp-content\/gallery\/2024_06_24_ambass\/PLA_4814.jpg\"\n               data-thumbnail=\"http:\/\/www.spaziotorino.it\/scatto\/wp-content\/gallery\/2024_06_24_ambass\/thumbs\/thumbs_PLA_4814.jpg\"\n               data-image-id=\"33301\"\n               data-title=\"Cerimonia di conferimento del titolo di Ambasciatore delle eccellenze del territorio torinese\"\n               data-description=\"Cerimonia di conferimento del titolo di Ambasciatore delle eccellenze del territorio torinese\"\n               data-image-slug=\"pla_4814-2\"\n               class=\"ngg-fancybox\" rel=\"1e163ac1015cbe281940878d6e4b3045\">\n                <img\n                    title=\"Cerimonia di conferimento del titolo di Ambasciatore delle eccellenze del territorio torinese\"\n                    alt=\"Cerimonia di conferimento del titolo di Ambasciatore delle eccellenze del territorio torinese\"\n                    src=\"http:\/\/www.spaziotorino.it\/scatto\/wp-content\/gallery\/2024_06_24_ambass\/cache\/PLA_4814.jpg-nggid0533301-ngg0dyn-60x60x100-00f0w010c011r110f110r010t010.jpg\"\n                    width=\"60\"\n                    height=\"60\"\n                    style=\"max-width:100%;\"\n                \/>\n            <\/a>\n        <\/div>\n\t\t\t\t\t\t\t<\/div> \n\t\t\t\n        \n\t\t\t\t<div id=\"ngg-image-17\" class=\"ngg-gallery-thumbnail-box\" >\n\t\t\t\t        <div class=\"ngg-gallery-thumbnail\">\n            <a href=\"http:\/\/www.spaziotorino.it\/scatto\/wp-content\/gallery\/2024_06_24_ambass\/PLA_4819_.jpg\"\n               title=\"Stefano Lo Russo, Beatrice Merz, Valerio Minato e Maria Grazia Grippo\"\n               data-src=\"http:\/\/www.spaziotorino.it\/scatto\/wp-content\/gallery\/2024_06_24_ambass\/PLA_4819_.jpg\"\n               data-thumbnail=\"http:\/\/www.spaziotorino.it\/scatto\/wp-content\/gallery\/2024_06_24_ambass\/thumbs\/thumbs_PLA_4819_.jpg\"\n               data-image-id=\"33303\"\n               data-title=\"Stefano Lo Russo, Beatrice Merz, Valerio Minato e Maria Grazia Grippo\"\n               data-description=\"Stefano Lo Russo, Beatrice Merz, Valerio Minato e Maria Grazia Grippo\"\n               data-image-slug=\"pla_4819_\"\n               class=\"ngg-fancybox\" rel=\"1e163ac1015cbe281940878d6e4b3045\">\n                <img\n                    title=\"Stefano Lo Russo, Beatrice Merz, Valerio Minato e Maria Grazia Grippo\"\n                    alt=\"Stefano Lo Russo, Beatrice Merz, Valerio Minato e Maria Grazia Grippo\"\n                    src=\"http:\/\/www.spaziotorino.it\/scatto\/wp-content\/gallery\/2024_06_24_ambass\/cache\/PLA_4819_.jpg-nggid0533303-ngg0dyn-60x60x100-00f0w010c011r110f110r010t010.jpg\"\n                    width=\"60\"\n                    height=\"60\"\n                    style=\"max-width:100%;\"\n                \/>\n            <\/a>\n        <\/div>\n\t\t\t\t\t\t\t<\/div> \n\t\t\t\n        \n\t\t\t\t<div id=\"ngg-image-18\" class=\"ngg-gallery-thumbnail-box\" >\n\t\t\t\t        <div class=\"ngg-gallery-thumbnail\">\n            <a href=\"http:\/\/www.spaziotorino.it\/scatto\/wp-content\/gallery\/2024_06_24_ambass\/PLA_4826.jpg\"\n               title=\"Beatrice Merz e Valerio Minato con i membri della Giunta e i Consiglieri Comunali presenti alla Cerimonia\"\n               data-src=\"http:\/\/www.spaziotorino.it\/scatto\/wp-content\/gallery\/2024_06_24_ambass\/PLA_4826.jpg\"\n               data-thumbnail=\"http:\/\/www.spaziotorino.it\/scatto\/wp-content\/gallery\/2024_06_24_ambass\/thumbs\/thumbs_PLA_4826.jpg\"\n               data-image-id=\"33302\"\n               data-title=\"Beatrice Merz e Valerio Minato con i membri della Giunta e i Consiglieri Comunali presenti alla Cerimonia\"\n               data-description=\"Beatrice Merz e Valerio Minato con i membri della Giunta e i Consiglieri Comunali presenti alla Cerimonia\"\n               data-image-slug=\"pla_4826\"\n               class=\"ngg-fancybox\" rel=\"1e163ac1015cbe281940878d6e4b3045\">\n                <img\n                    title=\"Beatrice Merz e Valerio Minato con i membri della Giunta e i Consiglieri Comunali presenti alla Cerimonia\"\n                    alt=\"Beatrice Merz e Valerio Minato con i membri della Giunta e i Consiglieri Comunali presenti alla Cerimonia\"\n                    src=\"http:\/\/www.spaziotorino.it\/scatto\/wp-content\/gallery\/2024_06_24_ambass\/cache\/PLA_4826.jpg-nggid0533302-ngg0dyn-60x60x100-00f0w010c011r110f110r010t010.jpg\"\n                    width=\"60\"\n                    height=\"60\"\n                    style=\"max-width:100%;\"\n                \/>\n            <\/a>\n        <\/div>\n\t\t\t\t\t\t\t<\/div> \n\t\t\t\n        \n\t\t\n\t\t<!-- Pagination -->\n\t<div class='ngg-clear'><\/div>\t<\/div>\n\n<p>Sono due i nuovi ambasciatori che da oggi avranno il compito di rappresentare e promuovere nel mondo la nostra citt\u00e0. Questa mattina, durante la cerimonia nella Sala Rossa di Palazzo Civico che da quattro anni si celebra nel giorno di San Giovanni, il sindaco Stefano Lo Russo e la presidente del Consiglio comunale Maria Grazia Grippo hanno consegnato l\u2019onorificenza a Maria Beatrice Merz e a Valerio Minato.<\/p>\n<p>\u201cQuesto riconoscimento \u2013 ha spiegato il&nbsp;<strong>sindaco Stefano Lo Russo<\/strong>&nbsp;\u2013 rappresenta non soltanto un ringraziamento per l\u2019attivit\u00e0 in cui due concittadini illustri si distinguono ma anche la richiesta di aiutarci a raccontare e promuovere la nostra citt\u00e0. Molto spesso di noi torinesi si dice che siamo bravi nel fare le cose ma meno nel raccontarle: questo \u00e8 il compito nel quale, da oggi, chiederemo il loro impegno\u201d.<\/p>\n<p>&nbsp;\u201cPer aver notevolmente contribuito all\u2019attivit\u00e0 di ricerca sull\u2019arte contemporanea, che da vent\u2019anni trova nella Fondazione Merz un attivo e prolifico laboratorio di idee e un luogo di incontro e confronto per artisti nazionali e internazionali\u201d. Cos\u00ec recita la motivazione del riconoscimento a Maria Beatrice Merz, presidente e direttrice della fondazione intitolata al pittore, scultore e noto esponente torinese dell\u2019arte povera Mario Merz.<\/p>\n<p><strong>Beatrice Merz<\/strong>&nbsp;ha ringraziato il sindaco, la presidente del Consiglio Comunale e \u201ctutta la citt\u00e0 che ci accoglie e ci viene a trovare. Il nostro ruolo \u2013 ha detto \u2013 \u00e8 lavorare in questa citt\u00e0 ma portarla nel mondo. Torino \u2013 ha aggiunto- \u00e8 stata sempre per tutta la mia famiglia un punto di partenza e un punto di approdo, con questo ruolo intendo far s\u00ec che lo diventi ancora di pi\u00f9\u201d.<\/p>\n<p>Valerio Minato, fotografo, \u00e8 invece l\u2019autore di numerosissimi scatti di Torino. Premiato lo scorso 25 dicembre dalla Nasa per la foto della Basilica di Superga con alle spalle il Monviso e la luna, oggi \u00e8 stato riconosciuto \u201cper aver immortalato con occhio attento e dedizione l\u2019anima e la bellezza di Torino, creando un tesoro visivo per i torinesi e non solo. La sua dedizione alla citt\u00e0 si riflette in ogni dettaglio delle sue fotografie, trasmettendo l\u2019amore per Torino a chiunque le guardi\u201d.<\/p>\n<p>\u201cFaccio il lavoro pi\u00f9 bello che possa immaginare, nella citt\u00e0 che mi ha accolto vent\u2019anni fa \u2013 ha detto&nbsp;<strong>Valerio Minato<\/strong>&nbsp;-. Una citt\u00e0 che ho iniziato ad amare e a fotografare in ogni suo angolo, un hobby poi diventato col tempo un\u2019occupazione a tempo pieno. In questi ultimi mesi i miei scatti mi hanno portato molte cose belle e questo riconoscimento \u00e8 sicuramente tra queste\u201d.<\/p>\n<p>La Citt\u00e0 ha istituito il titolo di ambasciatore nel mondo delle eccellenze del territorio torinese nel 2020 per destinarlo a cittadini, torinesi e non, che si siano distinti per il loro contributo allo sviluppo e all\u2019immagine del territorio torinese. Gli ambasciatori vengono inseriti in un apposito albo e hanno il compito di rappresentare e di promuovere le eccellenze del territorio e del patrimonio artistico, architettonico e culturale che Torino pu\u00f2 offrire a turisti, istituzioni e imprese di tutto il mondo.<\/p>\n","protected":false},"excerpt":{"rendered":"<p>Sono due i nuovi ambasciatori che da oggi avranno il compito di rappresentare e promuovere nel mondo la nostra citt\u00e0. Questa mattina, durante la cerimonia nella Sala Rossa di Palazzo Civico che da quattro anni si celebra nel giorno di San Giovanni, il sindaco Stefano Lo Russo e la presidente del Consiglio comunale Maria Grazia [&hellip;]<\/p>\n","protected":false},"author":1,"featured_media":0,"comment_status":"closed","ping_status":"open","sticky":false,"template":"","format":"standard","meta":{"ngg_post_thumbnail":0},"categories":[1,895],"tags":[],"_links":{"self":[{"href":"http:\/\/www.spaziotorino.it\/scatto\/index.php?rest_route=\/wp\/v2\/posts\/51081"}],"collection":[{"href":"http:\/\/www.spaziotorino.it\/scatto\/index.php?rest_route=\/wp\/v2\/posts"}],"about":[{"href":"http:\/\/www.spaziotorino.it\/scatto\/index.php?rest_route=\/wp\/v2\/types\/post"}],"author":[{"embeddable":true,"href":"http:\/\/www.spaziotorino.it\/scatto\/index.php?rest_route=\/wp\/v2\/users\/1"}],"replies":[{"embeddable":true,"href":"http:\/\/www.spaziotorino.it\/scatto\/index.php?rest_route=%2Fwp%2Fv2%2Fcomments&post=51081"}],"version-history":[{"count":2,"href":"http:\/\/www.spaziotorino.it\/scatto\/index.php?rest_route=\/wp\/v2\/posts\/51081\/revisions"}],"predecessor-version":[{"id":51084,"href":"http:\/\/www.spaziotorino.it\/scatto\/index.php?rest_route=\/wp\/v2\/posts\/51081\/revisions\/51084"}],"wp:attachment":[{"href":"http:\/\/www.spaziotorino.it\/scatto\/index.php?rest_route=%2Fwp%2Fv2%2Fmedia&parent=51081"}],"wp:term":[{"taxonomy":"category","embeddable":true,"href":"http:\/\/www.spaziotorino.it\/scatto\/index.php?rest_route=%2Fwp%2Fv2%2Fcategories&post=51081"},{"taxonomy":"post_tag","embeddable":true,"href":"http:\/\/www.spaziotorino.it\/scatto\/index.php?rest_route=%2Fwp%2Fv2%2Ftags&post=51081"}],"curies":[{"name":"wp","href":"https:\/\/api.w.org\/{rel}","templated":true}]}}