{"id":51334,"date":"2024-07-23T19:31:03","date_gmt":"2024-07-23T18:31:03","guid":{"rendered":"http:\/\/www.spaziotorino.it\/scatto\/?p=51334"},"modified":"2024-07-24T09:32:43","modified_gmt":"2024-07-24T08:32:43","slug":"torino-al-fianco-di-andrea-joly-contro-il-fascismo-e-per-la-liberta-di-stampa","status":"publish","type":"post","link":"http:\/\/www.spaziotorino.it\/scatto\/?p=51334","title":{"rendered":"Torino al fianco di Andrea Joly contro il fascismo e per la libert\u00e0 di stampa"},"content":{"rendered":"<p><a class=\"ngg-fancybox\" title=\"Torino al fianco di Andrea Joly contro il fascismo e per la libert\u00e0 di stampa\" href=\"http:\/\/www.spaziotorino.it\/scatto\/wp-content\/gallery\/2024_07_23_joli\/PLA_7687.jpg\" rel=\"lightbox[set_2267]\"><br \/>\n<img decoding=\"async\" loading=\"lazy\" class=\"ngg-singlepic\" title=\"Torino al fianco di Andrea Joly contro il fascismo e per la libert\u00e0 di stampa\" src=\"http:\/\/www.spaziotorino.it\/scatto\/wp-content\/gallery\/2024_07_23_joli\/PLA_7687.jpg\" alt=\"\" width=\"540\" height=\"360\"\/><\/a><\/p>\n<!-- index.php -->\n<div\n\tclass=\"ngg-galleryoverview ngg-ajax-pagination-none\"\n\tid=\"ngg-gallery-a355eb441ccf5e323fa0cdf1cd7b4214-1\">\n\n    \t\t<!-- Thumbnails -->\n\t\t\t\t<div id=\"ngg-image-0\" class=\"ngg-gallery-thumbnail-box\" >\n\t\t\t\t        <div class=\"ngg-gallery-thumbnail\">\n            <a href=\"http:\/\/www.spaziotorino.it\/scatto\/wp-content\/gallery\/2024_07_23_joli\/PLA_7620.jpg\"\n               title=\"Andrea Joly con Stefano Tallia, Presidente Ordine dei Giornalisti del Piemonte\"\n               data-src=\"http:\/\/www.spaziotorino.it\/scatto\/wp-content\/gallery\/2024_07_23_joli\/PLA_7620.jpg\"\n               data-thumbnail=\"http:\/\/www.spaziotorino.it\/scatto\/wp-content\/gallery\/2024_07_23_joli\/thumbs\/thumbs_PLA_7620.jpg\"\n               data-image-id=\"33484\"\n               data-title=\"Andrea Joly con Stefano Tallia, Presidente Ordine dei Giornalisti del Piemonte\"\n               data-description=\"Andrea Joly con Stefano Tallia, Presidente Ordine dei Giornalisti del Piemonte\"\n               data-image-slug=\"pla_7620\"\n               class=\"ngg-fancybox\" rel=\"a355eb441ccf5e323fa0cdf1cd7b4214\">\n                <img\n                    title=\"Andrea Joly con Stefano Tallia, Presidente Ordine dei Giornalisti del Piemonte\"\n                    alt=\"Andrea Joly con Stefano Tallia, Presidente Ordine dei Giornalisti del Piemonte\"\n                    src=\"http:\/\/www.spaziotorino.it\/scatto\/wp-content\/gallery\/2024_07_23_joli\/cache\/PLA_7620.jpg-nggid0533484-ngg0dyn-60x60x100-00f0w010c011r110f110r010t010.jpg\"\n                    width=\"60\"\n                    height=\"60\"\n                    style=\"max-width:100%;\"\n                \/>\n            <\/a>\n        <\/div>\n\t\t\t\t\t\t\t<\/div> \n\t\t\t\n        \n\t\t\t\t<div id=\"ngg-image-1\" class=\"ngg-gallery-thumbnail-box\" >\n\t\t\t\t        <div class=\"ngg-gallery-thumbnail\">\n            <a href=\"http:\/\/www.spaziotorino.it\/scatto\/wp-content\/gallery\/2024_07_23_joli\/PLA_7660.jpg\"\n               title=\"Carla Piro Mander Giornalista e Consigliera Ordine dei Giornalisti Piemonte\"\n               data-src=\"http:\/\/www.spaziotorino.it\/scatto\/wp-content\/gallery\/2024_07_23_joli\/PLA_7660.jpg\"\n               data-thumbnail=\"http:\/\/www.spaziotorino.it\/scatto\/wp-content\/gallery\/2024_07_23_joli\/thumbs\/thumbs_PLA_7660.jpg\"\n               data-image-id=\"33487\"\n               data-title=\"Carla Piro Mander Giornalista e Consigliera Ordine dei Giornalisti Piemonte\"\n               data-description=\"Carla Piro Mander Giornalista e Consigliera Ordine dei Giornalisti Piemonte\"\n               data-image-slug=\"pla_7660\"\n               class=\"ngg-fancybox\" rel=\"a355eb441ccf5e323fa0cdf1cd7b4214\">\n                <img\n                    title=\"Carla Piro Mander Giornalista e Consigliera Ordine dei Giornalisti Piemonte\"\n                    alt=\"Carla Piro Mander Giornalista e Consigliera Ordine dei Giornalisti Piemonte\"\n                    src=\"http:\/\/www.spaziotorino.it\/scatto\/wp-content\/gallery\/2024_07_23_joli\/cache\/PLA_7660.jpg-nggid0533487-ngg0dyn-60x60x100-00f0w010c011r110f110r010t010.jpg\"\n                    width=\"60\"\n                    height=\"60\"\n                    style=\"max-width:100%;\"\n                \/>\n            <\/a>\n        <\/div>\n\t\t\t\t\t\t\t<\/div> \n\t\t\t\n        \n\t\t\t\t<div id=\"ngg-image-2\" class=\"ngg-gallery-thumbnail-box\" >\n\t\t\t\t        <div class=\"ngg-gallery-thumbnail\">\n            <a href=\"http:\/\/www.spaziotorino.it\/scatto\/wp-content\/gallery\/2024_07_23_joli\/PLA_7668.jpg\"\n               title=\"Stefano Tallia, Presidente Ordine dei Giornalisti del Piemonte\"\n               data-src=\"http:\/\/www.spaziotorino.it\/scatto\/wp-content\/gallery\/2024_07_23_joli\/PLA_7668.jpg\"\n               data-thumbnail=\"http:\/\/www.spaziotorino.it\/scatto\/wp-content\/gallery\/2024_07_23_joli\/thumbs\/thumbs_PLA_7668.jpg\"\n               data-image-id=\"33488\"\n               data-title=\"Stefano Tallia, Presidente Ordine dei Giornalisti del Piemonte\"\n               data-description=\"Stefano Tallia, Presidente Ordine dei Giornalisti del Piemonte\"\n               data-image-slug=\"pla_7668-1\"\n               class=\"ngg-fancybox\" rel=\"a355eb441ccf5e323fa0cdf1cd7b4214\">\n                <img\n                    title=\"Stefano Tallia, Presidente Ordine dei Giornalisti del Piemonte\"\n                    alt=\"Stefano Tallia, Presidente Ordine dei Giornalisti del Piemonte\"\n                    src=\"http:\/\/www.spaziotorino.it\/scatto\/wp-content\/gallery\/2024_07_23_joli\/cache\/PLA_7668.jpg-nggid0533488-ngg0dyn-60x60x100-00f0w010c011r110f110r010t010.jpg\"\n                    width=\"60\"\n                    height=\"60\"\n                    style=\"max-width:100%;\"\n                \/>\n            <\/a>\n        <\/div>\n\t\t\t\t\t\t\t<\/div> \n\t\t\t\n        \n\t\t\t\t<div id=\"ngg-image-3\" class=\"ngg-gallery-thumbnail-box\" >\n\t\t\t\t        <div class=\"ngg-gallery-thumbnail\">\n            <a href=\"http:\/\/www.spaziotorino.it\/scatto\/wp-content\/gallery\/2024_07_23_joli\/PLA_7705.jpg\"\n               title=\"L&#039;intervento della Vicesindaca Michela Favaro\"\n               data-src=\"http:\/\/www.spaziotorino.it\/scatto\/wp-content\/gallery\/2024_07_23_joli\/PLA_7705.jpg\"\n               data-thumbnail=\"http:\/\/www.spaziotorino.it\/scatto\/wp-content\/gallery\/2024_07_23_joli\/thumbs\/thumbs_PLA_7705.jpg\"\n               data-image-id=\"33485\"\n               data-title=\"L&#039;intervento della Vicesindaca Michela Favaro\"\n               data-description=\"L&#039;intervento della Vicesindaca Michela Favaro\"\n               data-image-slug=\"pla_7705\"\n               class=\"ngg-fancybox\" rel=\"a355eb441ccf5e323fa0cdf1cd7b4214\">\n                <img\n                    title=\"L&#039;intervento della Vicesindaca Michela Favaro\"\n                    alt=\"L&#039;intervento della Vicesindaca Michela Favaro\"\n                    src=\"http:\/\/www.spaziotorino.it\/scatto\/wp-content\/gallery\/2024_07_23_joli\/cache\/PLA_7705.jpg-nggid0533485-ngg0dyn-60x60x100-00f0w010c011r110f110r010t010.jpg\"\n                    width=\"60\"\n                    height=\"60\"\n                    style=\"max-width:100%;\"\n                \/>\n            <\/a>\n        <\/div>\n\t\t\t\t\t\t\t<\/div> \n\t\t\t\n        \n\t\t\t\t<div id=\"ngg-image-4\" class=\"ngg-gallery-thumbnail-box\" >\n\t\t\t\t        <div class=\"ngg-gallery-thumbnail\">\n            <a href=\"http:\/\/www.spaziotorino.it\/scatto\/wp-content\/gallery\/2024_07_23_joli\/PLA_7739.jpg\"\n               title=\"Torino al fianco di Andrea Joly contro il fascismo e per la libert\u00e0 di stampa\"\n               data-src=\"http:\/\/www.spaziotorino.it\/scatto\/wp-content\/gallery\/2024_07_23_joli\/PLA_7739.jpg\"\n               data-thumbnail=\"http:\/\/www.spaziotorino.it\/scatto\/wp-content\/gallery\/2024_07_23_joli\/thumbs\/thumbs_PLA_7739.jpg\"\n               data-image-id=\"33489\"\n               data-title=\"Torino al fianco di Andrea Joly contro il fascismo e per la libert\u00e0 di stampa\"\n               data-description=\"Torino al fianco di Andrea Joly contro il fascismo e per la libert\u00e0 di stampa\"\n               data-image-slug=\"pla_7739-3\"\n               class=\"ngg-fancybox\" rel=\"a355eb441ccf5e323fa0cdf1cd7b4214\">\n                <img\n                    title=\"Torino al fianco di Andrea Joly contro il fascismo e per la libert\u00e0 di stampa\"\n                    alt=\"Torino al fianco di Andrea Joly contro il fascismo e per la libert\u00e0 di stampa\"\n                    src=\"http:\/\/www.spaziotorino.it\/scatto\/wp-content\/gallery\/2024_07_23_joli\/cache\/PLA_7739.jpg-nggid0533489-ngg0dyn-60x60x100-00f0w010c011r110f110r010t010.jpg\"\n                    width=\"60\"\n                    height=\"60\"\n                    style=\"max-width:100%;\"\n                \/>\n            <\/a>\n        <\/div>\n\t\t\t\t\t\t\t<\/div> \n\t\t\t\n        \n\t\t\n\t\t<!-- Pagination -->\n\t<div class='ngg-clear'><\/div>\t<\/div>\n\n<p>Istituzioni, associazioni, giornalisti, ma anche tanti semplici cittadini, hanno portato oggi pomeriggio la loro solidariet\u00e0 ad Andrea Joly, il giornalista de La Stampa malmenato nella notte tra sabato e domenica da militanti di CasaPound, il movimento politico di estrema destra e di matrice neofascista, perch\u00e9 stava riprendendo con il suo cellulare una loro iniziativa non autorizzata in una strada torinese. Stava cio\u00e8 facendo semplicemente il lavoro di giornalista.<\/p>\n<p>La vicesindaca Michela Favaro ha ribadito la vicinanza e la solidariet\u00e0 della Citt\u00e0 di Torino, gi\u00e0 espresse personalmente a Joly dal sindaco Stefano Lo Russo a tutti gli operatori dell\u2019informazione. \u201cSono contenta di vedere tanta gente e tante realt\u00e0 che rappresentano la parte sana della nostra comunit\u00e0 per una manifestazione organizzata in pochi giorni in un periodo vicino alle ferie estive \u2013 ha detto Favaro \u2013 . Torino onora cos\u00ec la propria medaglia d\u2019oro al valor militare conferitale riconoscendone l\u2019alto sacrificio nella Resistenza e nella lotta di Liberazione dal nazifascismo. E\u2019 inaccettabile che, in violazione delle leggi, ci sia un circolo che prende il nome di una squadriglia fascista e che un\u2019organizzazione che rivendica simpatie fasciste e per la repubblica di Sal\u00f2 e i cui adepti si definiscono fascisti del terzo millennio possa compiere queste violenze intimidatorie\u201d.<\/p>\n<p>Solidariet\u00e0 a Joly \u00e8 stata manifestata anche dalla sottosegretaria alla Presidenza regionale Claudia Porchietto, in rappresentanza del presidente, Alberto Cirio, e di tutta la Regione Piemonte.<\/p>\n<p>Al presidio, organizzato davanti alla Prefettura di piazza Castello, erano presenti rappresentanti dell\u2019Ordine dei Giornalisti, del sindacato dei giornalisti Stampa Subalpina, dei sindacati Cgil, Cisl, Uil, dell\u2019Anpi e delle numerose associazioni riunite nel comitato \u2018La via maestra\u2019.<\/p>\n","protected":false},"excerpt":{"rendered":"<p>Istituzioni, associazioni, giornalisti, ma anche tanti semplici cittadini, hanno portato oggi pomeriggio la loro solidariet\u00e0 ad Andrea Joly, il giornalista de La Stampa malmenato nella notte tra sabato e domenica da militanti di CasaPound, il movimento politico di estrema destra e di matrice neofascista, perch\u00e9 stava riprendendo con il suo cellulare una loro iniziativa non [&hellip;]<\/p>\n","protected":false},"author":1,"featured_media":0,"comment_status":"closed","ping_status":"open","sticky":false,"template":"","format":"standard","meta":{"ngg_post_thumbnail":0},"categories":[1,41],"tags":[],"_links":{"self":[{"href":"http:\/\/www.spaziotorino.it\/scatto\/index.php?rest_route=\/wp\/v2\/posts\/51334"}],"collection":[{"href":"http:\/\/www.spaziotorino.it\/scatto\/index.php?rest_route=\/wp\/v2\/posts"}],"about":[{"href":"http:\/\/www.spaziotorino.it\/scatto\/index.php?rest_route=\/wp\/v2\/types\/post"}],"author":[{"embeddable":true,"href":"http:\/\/www.spaziotorino.it\/scatto\/index.php?rest_route=\/wp\/v2\/users\/1"}],"replies":[{"embeddable":true,"href":"http:\/\/www.spaziotorino.it\/scatto\/index.php?rest_route=%2Fwp%2Fv2%2Fcomments&post=51334"}],"version-history":[{"count":1,"href":"http:\/\/www.spaziotorino.it\/scatto\/index.php?rest_route=\/wp\/v2\/posts\/51334\/revisions"}],"predecessor-version":[{"id":51337,"href":"http:\/\/www.spaziotorino.it\/scatto\/index.php?rest_route=\/wp\/v2\/posts\/51334\/revisions\/51337"}],"wp:attachment":[{"href":"http:\/\/www.spaziotorino.it\/scatto\/index.php?rest_route=%2Fwp%2Fv2%2Fmedia&parent=51334"}],"wp:term":[{"taxonomy":"category","embeddable":true,"href":"http:\/\/www.spaziotorino.it\/scatto\/index.php?rest_route=%2Fwp%2Fv2%2Fcategories&post=51334"},{"taxonomy":"post_tag","embeddable":true,"href":"http:\/\/www.spaziotorino.it\/scatto\/index.php?rest_route=%2Fwp%2Fv2%2Ftags&post=51334"}],"curies":[{"name":"wp","href":"https:\/\/api.w.org\/{rel}","templated":true}]}}