{"id":51577,"date":"2024-09-11T14:38:37","date_gmt":"2024-09-11T13:38:37","guid":{"rendered":"http:\/\/www.spaziotorino.it\/scatto\/?p=51577"},"modified":"2024-09-11T14:38:37","modified_gmt":"2024-09-11T13:38:37","slug":"italian-tech-week-svelato-il-programma-della-quarta-edizione-alle-ogr-dal-25-al-27-settembre","status":"publish","type":"post","link":"http:\/\/www.spaziotorino.it\/scatto\/?p=51577","title":{"rendered":"Italian Tech Week, svelato il programma della quarta edizione. Alle OGR dal 25 al 27 settembre"},"content":{"rendered":"<p><a class=\"ngg-fancybox\" title=\"Italian Tech Week, svelato il programma della quarta edizione. Alle OGR dal 25 al 27 settembre\" href=\"http:\/\/www.spaziotorino.it\/scatto\/wp-content\/gallery\/2024_09_11_techweek\/PLA_1854.jpg\" rel=\"lightbox[set_2282]\"><br \/>\n<img decoding=\"async\" loading=\"lazy\" class=\"ngg-singlepic\" title=\"Italian Tech Week, svelato il programma della quarta edizione. Alle OGR dal 25 al 27 settembre\" src=\"http:\/\/www.spaziotorino.it\/scatto\/wp-content\/gallery\/2024_09_11_techweek\/PLA_1854.jpg\" alt=\"\" width=\"540\" height=\"360\"\/><\/a><\/p>\n<!-- index.php -->\n<div\n\tclass=\"ngg-galleryoverview ngg-ajax-pagination-none\"\n\tid=\"ngg-gallery-3416d9b2c2c84c4a8acececbc14e6f85-1\">\n\n    \t\t<!-- Thumbnails -->\n\t\t\t\t<div id=\"ngg-image-0\" class=\"ngg-gallery-thumbnail-box\" >\n\t\t\t\t        <div class=\"ngg-gallery-thumbnail\">\n            <a href=\"http:\/\/www.spaziotorino.it\/scatto\/wp-content\/gallery\/2024_09_11_techweek\/PLA_1879.jpg\"\n               title=\"Chiara Foglietta, Assessora alla Transizione Digitale\"\n               data-src=\"http:\/\/www.spaziotorino.it\/scatto\/wp-content\/gallery\/2024_09_11_techweek\/PLA_1879.jpg\"\n               data-thumbnail=\"http:\/\/www.spaziotorino.it\/scatto\/wp-content\/gallery\/2024_09_11_techweek\/thumbs\/thumbs_PLA_1879.jpg\"\n               data-image-id=\"33652\"\n               data-title=\"Chiara Foglietta, Assessora alla Transizione Digitale\"\n               data-description=\"Chiara Foglietta, Assessora alla Transizione Digitale\"\n               data-image-slug=\"pla_1879-1\"\n               class=\"ngg-fancybox\" rel=\"3416d9b2c2c84c4a8acececbc14e6f85\">\n                <img\n                    title=\"Chiara Foglietta, Assessora alla Transizione Digitale\"\n                    alt=\"Chiara Foglietta, Assessora alla Transizione Digitale\"\n                    src=\"http:\/\/www.spaziotorino.it\/scatto\/wp-content\/gallery\/2024_09_11_techweek\/cache\/PLA_1879.jpg-nggid0533652-ngg0dyn-60x60x100-00f0w010c011r110f110r010t010.jpg\"\n                    width=\"60\"\n                    height=\"60\"\n                    style=\"max-width:100%;\"\n                \/>\n            <\/a>\n        <\/div>\n\t\t\t\t\t\t\t<\/div> \n\t\t\t\n        \n\t\t\t\t<div id=\"ngg-image-1\" class=\"ngg-gallery-thumbnail-box\" >\n\t\t\t\t        <div class=\"ngg-gallery-thumbnail\">\n            <a href=\"http:\/\/www.spaziotorino.it\/scatto\/wp-content\/gallery\/2024_09_11_techweek\/PLA_1885.jpg\"\n               title=\"Italian Tech Week, svelato il programma della quarta edizione. Alle OGR dal 25 al 27 settembre\"\n               data-src=\"http:\/\/www.spaziotorino.it\/scatto\/wp-content\/gallery\/2024_09_11_techweek\/PLA_1885.jpg\"\n               data-thumbnail=\"http:\/\/www.spaziotorino.it\/scatto\/wp-content\/gallery\/2024_09_11_techweek\/thumbs\/thumbs_PLA_1885.jpg\"\n               data-image-id=\"33651\"\n               data-title=\"Italian Tech Week, svelato il programma della quarta edizione. Alle OGR dal 25 al 27 settembre\"\n               data-description=\"Italian Tech Week, svelato il programma della quarta edizione. Alle OGR dal 25 al 27 settembre\"\n               data-image-slug=\"pla_1885\"\n               class=\"ngg-fancybox\" rel=\"3416d9b2c2c84c4a8acececbc14e6f85\">\n                <img\n                    title=\"Italian Tech Week, svelato il programma della quarta edizione. Alle OGR dal 25 al 27 settembre\"\n                    alt=\"Italian Tech Week, svelato il programma della quarta edizione. Alle OGR dal 25 al 27 settembre\"\n                    src=\"http:\/\/www.spaziotorino.it\/scatto\/wp-content\/gallery\/2024_09_11_techweek\/cache\/PLA_1885.jpg-nggid0533651-ngg0dyn-60x60x100-00f0w010c011r110f110r010t010.jpg\"\n                    width=\"60\"\n                    height=\"60\"\n                    style=\"max-width:100%;\"\n                \/>\n            <\/a>\n        <\/div>\n\t\t\t\t\t\t\t<\/div> \n\t\t\t\n        \n\t\t\t\t<div id=\"ngg-image-2\" class=\"ngg-gallery-thumbnail-box\" >\n\t\t\t\t        <div class=\"ngg-gallery-thumbnail\">\n            <a href=\"http:\/\/www.spaziotorino.it\/scatto\/wp-content\/gallery\/2024_09_11_techweek\/PLA_1861.jpg\"\n               title=\"Italian Tech Week, svelato il programma della quarta edizione. Alle OGR dal 25 al 27 settembre\"\n               data-src=\"http:\/\/www.spaziotorino.it\/scatto\/wp-content\/gallery\/2024_09_11_techweek\/PLA_1861.jpg\"\n               data-thumbnail=\"http:\/\/www.spaziotorino.it\/scatto\/wp-content\/gallery\/2024_09_11_techweek\/thumbs\/thumbs_PLA_1861.jpg\"\n               data-image-id=\"33653\"\n               data-title=\"Italian Tech Week, svelato il programma della quarta edizione. Alle OGR dal 25 al 27 settembre\"\n               data-description=\"Italian Tech Week, svelato il programma della quarta edizione. Alle OGR dal 25 al 27 settembre\"\n               data-image-slug=\"pla_1861-1\"\n               class=\"ngg-fancybox\" rel=\"3416d9b2c2c84c4a8acececbc14e6f85\">\n                <img\n                    title=\"Italian Tech Week, svelato il programma della quarta edizione. Alle OGR dal 25 al 27 settembre\"\n                    alt=\"Italian Tech Week, svelato il programma della quarta edizione. Alle OGR dal 25 al 27 settembre\"\n                    src=\"http:\/\/www.spaziotorino.it\/scatto\/wp-content\/gallery\/2024_09_11_techweek\/cache\/PLA_1861.jpg-nggid0533653-ngg0dyn-60x60x100-00f0w010c011r110f110r010t010.jpg\"\n                    width=\"60\"\n                    height=\"60\"\n                    style=\"max-width:100%;\"\n                \/>\n            <\/a>\n        <\/div>\n\t\t\t\t\t\t\t<\/div> \n\t\t\t\n        \n\t\t\n\t\t<!-- Pagination -->\n\t<div class='ngg-clear'><\/div>\t<\/div>\n\n<p>Oltre 15mila iscritti e un\u2019agenda con oltre 140 speaker da pi\u00f9 di 15 Paesi, sono gli impressionanti numeri, a due settimane dall\u2019apertura dei cancelli, della quarta edizione dell\u2019Italian Tech Week, l\u2019evento che dal 25 al 27 settembre sar\u00e0 di nuovo a Torino alle OGR per puntare nuovamente i riflettori su innovazione, tendenze future e startup.<\/p>\n<p>\u201cNumeri che confermano non solo la continua imponente crescita dell\u2019iniziativa e il suo respiro sempre pi\u00f9 internazionale, ma anche il ruolo di prestigio che pu\u00f2 assumere il nostro Paese nell\u2019ecosistema VC-startup europeo \u2013 ha spiegato Diyala D\u2019aveni, Head of Vento, il chapter italiano del fondo di investimento Exor Ventures, che in collaborazione editoriale con il gruppo GEDI organizza la tech conference internazionale. \u201cCon Italian Tech Week \u2013 ha proseguito D\u2019Aveni \u2013 miriamo a offrire nuove opportunit\u00e0 di crescita e sviluppo all\u2019Italia e ai suoi talenti. Crediamo fortemente nel suo enorme potenziale e vogliamo trasmetterlo anche oltre confine per diventare, finalmente, una Startup-Nation.\u201d<\/p>\n<p>Prima di lei nel suo intervento di saluto l\u2019assessora alla Transizione Digitale Chiara Foglietta aveva sottolineato come \u201cper Torino, da sempre nel cuore dell\u2019innovazione, \u00e8 un piacere e un onore tornare a ospitare anche quest\u2019anno un appuntamento di tale risonanza, occasione di confronto e riflessione non solo tra gli addetti ai lavori, ma capace insieme di stimolare il dibattito in tutta la comunit\u00e0 sull\u2019importanza dell\u2019innovazione e delle nuove tecnologie nella costruzione di un domani migliore, pi\u00f9 sostenibile e inclusivo, sfide complesse che coinvolgono il futuro non solo delle nostre citt\u00e0, ma dell\u2019intera societ\u00e0\u201d.<\/p>\n<p>Nella tre giorni densa di di imperdibili interventi, masterclass ed eventi collaterali, saliranno infatti sul palco delle OGR le menti pi\u00f9 brillanti della scena tecnologica italiana e internazionale per ispirare nuove idee e creare le giuste connessioni cruciali per sostenere il progresso delle nuove tecnologie.<\/p>\n<p>La prima giornata inizier\u00e0 con la presentazione ufficiale di AI4I \u2013 Artificial Intelligence for Industry, il nuovo istituto italiano di l\u2019Intelligenza Artificiale, che sar\u00e0 punto di riferimento per lo sviluppo dell\u2019IA nel tessuto industriale italiano. Sul palco il presidente della neonata realt\u00e0, il professore Fabio Pammolli, illustrer\u00e0 i piani e gli investimenti futuri di AI4I, che nasce con una dotazione<br \/>\nfinanziaria di 20 milioni di euro l\u2019anno.<br \/>\nA seguire una sessione dedicata all\u2019Arte che verr\u00e0 inaugurata da Mike Winkelmann, in arte Beeple, uno dei migliori e pi\u00f9 influenti artisti digitali al mondo, noto per essere stato il pioniere del movimento artistico NFT e per il suo stile unico che fonde cultura pop e tecnologia. L\u2019artista sveler\u00e0 la sua prima scultura interattiva e un nuovo entusiasmante progetto insieme a Mazdak Sanii, co-fondatore e CEO di Avant Arte.&nbsp;<br \/>\nSi proseguir\u00e0 con il tema della Mobilit\u00e0 discutendo di micromobilit\u00e0 tra sfide normative, adozione degli utenti e tecnologia, e trend di investimento con focus su elettrico, veicoli autonomi e sostenibilit\u00e0. Spazio anche ai protagonisti del settore con le storie di imprenditori all\u2019avanguardia come David Hallac, fondatore di Viaduct (con una raccolta totale di 21 milioni), Peter Wilson, fondatore della startup di veicoli elettrici Volteras, che, dopo una raccolta di 2,9 milioni ha ingaggiato partner quali BMW, Volvo e Mercedes, e Alex Grant, fondatore di Magrathea Metals,<br \/>\nstartup che ha appena chiuso un accordo da 28 milioni di dollari con il Dipartimento della Difesa degli Stati Uniti per la produzione di magnesio.<br \/>\nL\u2019attenzione si sposter\u00e0 poi sullo stretto legame tra Alimentazione e Salute con un intervento della presidente di Slow Food Italia, Barbara Nappini e sul mondo della Sanit\u00e0 per esplorare la prossima rivoluzione bioindustriale che investir\u00e0 l\u2019industria farmaceutica tra biologia, robotica e AI, e il ruolo di quest\u2019ultima non solo nella ricerca e nello sviluppo di nuovi farmaci, ma anche nelle problematiche assistenziali, amministrative e normative della sanit\u00e0. Tra gli ospiti: Armon Sharei,<br \/>\nFounder e CEO di Portal Biotechnologies, startup che ha raccolto 5 milioni a marzo, e Luca Foschini, President e CEO di Sage Bionetworks, prima Co-Founder di Evidation Health.<br \/>\n&nbsp;<br \/>\nLa seconda giornata si incentrer\u00e0, invece, sull\u2019Italia e sull\u2019Intelligenza Artificiale.&nbsp;Si partir\u00e0, cos\u00ec, con una sessione dedicata all\u2019ecosistema italiano delle startup, analizzandone lo stato attuale e approfondendo le azioni possibili per compiere il passo successivo. Dall\u2019analisi di Dealroom sulle performance e il posizionamento del nostro Paese nel contesto europeo alle esperienze dirette di due founder italiane nel mondo Maria de Lourdes Zollo, Co-founder e CEO di Bee.ai, e Matilde Giglio, Co-founder e CEO di Even. La parola passer\u00e0 poi a Diego Piacentini, Chairman di Vento, per una panoramica sulle attivit\u00e0 di investimento e venture building di Vento (braccio italiano di Exor Ventures), a Jeannette zu F\u00fcrstenberg, Co-founder di La Famiglia VC, per alcune lezioni dagli ecosistemi tedesco e francese e infine a Doug Leone, partner di Sequoia Capital, e Christian Hecker, Co-founder e CEO di Trade Republic, per una roadmap unica per lo scaling internazionale.&nbsp;&nbsp;<br \/>\nNel pomeriggio salir\u00e0, invece, sul palco l\u2019indiscussa protagonista dell\u2019edizione 2024 ossia l\u2019Intelligenza Artificiale, e in particolare la Generative AI, la tecnologia pi\u00f9 discussa del momento.<br \/>\nOltre all\u2019intervento in presenza di Sam Altman, Co-founder e CEO di OpenAI, in conversazione con John Elkann, CEO di Exor e Chairman di Stellantis &amp; Ferrari, prevista la partecipazione di Arthur Mensch, CEO di Mistral.ai, la startup francese considerata la futura risposta europea alla Gen AI, Julia Andre di Index Ventures e Alexander Rinke, Co-Founder e Co-CEO di Celonis, startup unicorno tedesca leader nell\u2019ottimizzazione dei processi aziendali.<\/p>\n<p>La terza ed ultima giornata verter\u00e0, infine, sullo scenario europeo analizzando i diversi mercati, le strategie adottate e i case study vincenti. Si inizier\u00e0 con la panoramica di Agata Hidalgo, European Affairs Lead di France Digitale, su tendenze attuali, flussi di investimento e politiche UE, per proseguire con le esperienze dirette di alcuni leader del settore come Robert Gentz, Co-founder e co-CEO di Zalando, Diego Piacentini, Ilkka Paananen, Co-founder e CEO della startup unicorno<br \/>\nSupercell e Taavet Hinrikus, founder di startup con Wise e investitore con Plural. La sessione si concluder\u00e0 con James Anderson, Managing Partner e CIO di Lingotto Innovation e Susanna Campbell, ex CEO di Ratos, per una visione del futuro.&nbsp;<br \/>\nDa qui il focus si sposter\u00e0 sul potere di avere una forte identit\u00e0 scoprendo i segreti delle aziende che hanno superato la \u201cprova del tempo\u201d, mantenendosi all\u2019avanguardia e innovandosi sempre. Keynote speaker di eccezione sar\u00e0 Benedetto Vigna, CEO di Ferrari. Si parler\u00e0 poi di clima, attraverso un incontro in collaborazione con Breakthrough Energy, iniziativa fondata da Bill Gates per promuovere e finanziare innovazioni volte a ridurre le emissioni di gas serra, ma anche di donne nel mondo tech.&nbsp;<br \/>\nIn questo momento conclusivo si accenderanno i riflettori sul significativo divario di genere nel settore tecnologico. Dalla bassa percentuale di impiego femminile alla mancanza di un percorso di crescita definito, dalle sfide per bilanciare lavoro e famiglia alle pratiche di assunzione e reclutamento distorte, fino alla discriminazione sul posto di lavoro. Dopo una panoramica di Luna Esposito, autrice e content creator di Will Media, parleranno donne che lavorano quotidianamente per colmare queste lacune e creare un ambiente pi\u00f9 favorevole, come Silvia Wang, CEO e Co-Founder di Serenis e Cristiana Scelza, Presidente di Valore D.&nbsp;<br \/>\nQuesta fitta ed entusiasmante agenda che andr\u00e0 in scena alle OGR Torino \u2013 hub per l\u2019innovazione e la cultura contemporanea, non sar\u00e0 per\u00f2 l\u2019unico palinsesto della tech conference. Italian Tech Week si estender\u00e0, infatti, in tutta la citt\u00e0 di Torino con eventi collaterali, chiamati \u201cSide Events\u201d, organizzati in modo indipendente dalle principali comunit\u00e0 tech italiane.<\/p>\n<p>Italian Tech Week sar\u00e0 un\u2019opportunit\u00e0 imperdibile anche per ampliare il network professionale, grazie alla nuova app con sistema integrato di matchmaking. Disponibile per Android e iOS, l\u2019applicazione consentir\u00e0 di mettersi in contatto con le persone che parteciperanno all\u2019evento pi\u00f9 vicine alla propria sfera di interessi e competenze. Dopo aver compilato le informazioni del proprio profilo, l\u2019intelligenza artificiale individuer\u00e0 le persone \u201cgiuste\u201d da aggiungere e raggiungere con<br \/>\nuna conversazione in chat o fisicamente presso uno dei tavoli predisposti dall\u2019organizzazione.<br \/>\nSpazio infine alla formazione professionale con 30 masterclass gratuite curate in collaborazione con Italian Tech Academy, l\u2019academy di Talent Garden. L\u2019iscrizione alle masterclass \u00e8 disponibile solo tramite l\u2019app e tantissime sono gi\u00e0 andate sold out in poche ore.<\/p>\n<p>La tech conference ha il patrocinio di Citt\u00e0 di Torino, IAAD, Politecnico di Torino e Universit\u00e0 di Torino, supportati da OGR Torino, Fondazione CRT, Camera di Commercio di Torino, Punto Impresa Digitale, Ministero degli Affari Esteri e della Cooperazione Internazionale e ITA \u2013 Italian Trade Agency.<\/p>\n<p>Maggiori informazioni sul sito di <strong><a href=\"https:\/\/italiantechweek.com\/\">Italian Tech Week<\/a><\/strong><\/p>\n","protected":false},"excerpt":{"rendered":"<p>Oltre 15mila iscritti e un\u2019agenda con oltre 140 speaker da pi\u00f9 di 15 Paesi, sono gli impressionanti numeri, a due settimane dall\u2019apertura dei cancelli, della quarta edizione dell\u2019Italian Tech Week, l\u2019evento che dal 25 al 27 settembre sar\u00e0 di nuovo a Torino alle OGR per puntare nuovamente i riflettori su innovazione, tendenze future e startup. [&hellip;]<\/p>\n","protected":false},"author":1,"featured_media":0,"comment_status":"closed","ping_status":"open","sticky":false,"template":"","format":"standard","meta":{"ngg_post_thumbnail":0},"categories":[1,41],"tags":[],"_links":{"self":[{"href":"http:\/\/www.spaziotorino.it\/scatto\/index.php?rest_route=\/wp\/v2\/posts\/51577"}],"collection":[{"href":"http:\/\/www.spaziotorino.it\/scatto\/index.php?rest_route=\/wp\/v2\/posts"}],"about":[{"href":"http:\/\/www.spaziotorino.it\/scatto\/index.php?rest_route=\/wp\/v2\/types\/post"}],"author":[{"embeddable":true,"href":"http:\/\/www.spaziotorino.it\/scatto\/index.php?rest_route=\/wp\/v2\/users\/1"}],"replies":[{"embeddable":true,"href":"http:\/\/www.spaziotorino.it\/scatto\/index.php?rest_route=%2Fwp%2Fv2%2Fcomments&post=51577"}],"version-history":[{"count":1,"href":"http:\/\/www.spaziotorino.it\/scatto\/index.php?rest_route=\/wp\/v2\/posts\/51577\/revisions"}],"predecessor-version":[{"id":51579,"href":"http:\/\/www.spaziotorino.it\/scatto\/index.php?rest_route=\/wp\/v2\/posts\/51577\/revisions\/51579"}],"wp:attachment":[{"href":"http:\/\/www.spaziotorino.it\/scatto\/index.php?rest_route=%2Fwp%2Fv2%2Fmedia&parent=51577"}],"wp:term":[{"taxonomy":"category","embeddable":true,"href":"http:\/\/www.spaziotorino.it\/scatto\/index.php?rest_route=%2Fwp%2Fv2%2Fcategories&post=51577"},{"taxonomy":"post_tag","embeddable":true,"href":"http:\/\/www.spaziotorino.it\/scatto\/index.php?rest_route=%2Fwp%2Fv2%2Ftags&post=51577"}],"curies":[{"name":"wp","href":"https:\/\/api.w.org\/{rel}","templated":true}]}}