{"id":51589,"date":"2024-09-11T14:46:15","date_gmt":"2024-09-11T13:46:15","guid":{"rendered":"http:\/\/www.spaziotorino.it\/scatto\/?p=51589"},"modified":"2024-09-11T14:46:15","modified_gmt":"2024-09-11T13:46:15","slug":"un-nuovo-city-brand-per-torino","status":"publish","type":"post","link":"http:\/\/www.spaziotorino.it\/scatto\/?p=51589","title":{"rendered":"Un nuovo city brand per Torino"},"content":{"rendered":"<p><a class=\"ngg-fancybox\" title=\"Un nuovo city brand per Torino\" href=\"http:\/\/www.spaziotorino.it\/scatto\/wp-content\/gallery\/2024_09_11_citybrand\/PLA_1815.jpg\" rel=\"lightbox[set_2283]\"><br \/>\n<img decoding=\"async\" loading=\"lazy\" class=\"ngg-singlepic\" title=\"Un nuovo city brand per Torino\" src=\"http:\/\/www.spaziotorino.it\/scatto\/wp-content\/gallery\/2024_09_11_citybrand\/PLA_1815.jpg\" alt=\"\" width=\"540\" height=\"360\"\/><\/a><\/p>\n<!-- index.php -->\n<div\n\tclass=\"ngg-galleryoverview ngg-ajax-pagination-none\"\n\tid=\"ngg-gallery-8cf5435106c0a40d07fe56c76e1ab5d8-1\">\n\n    \t\t<!-- Thumbnails -->\n\t\t\t\t<div id=\"ngg-image-0\" class=\"ngg-gallery-thumbnail-box\" >\n\t\t\t\t        <div class=\"ngg-gallery-thumbnail\">\n            <a href=\"http:\/\/www.spaziotorino.it\/scatto\/wp-content\/gallery\/2024_09_11_citybrand\/PLA_1734.jpg\"\n               title=\"Un nuovo city brand per Torino\"\n               data-src=\"http:\/\/www.spaziotorino.it\/scatto\/wp-content\/gallery\/2024_09_11_citybrand\/PLA_1734.jpg\"\n               data-thumbnail=\"http:\/\/www.spaziotorino.it\/scatto\/wp-content\/gallery\/2024_09_11_citybrand\/thumbs\/thumbs_PLA_1734.jpg\"\n               data-image-id=\"33659\"\n               data-title=\"Un nuovo city brand per Torino\"\n               data-description=\"Un nuovo city brand per Torino\"\n               data-image-slug=\"pla_1734-1\"\n               class=\"ngg-fancybox\" rel=\"8cf5435106c0a40d07fe56c76e1ab5d8\">\n                <img\n                    title=\"Un nuovo city brand per Torino\"\n                    alt=\"Un nuovo city brand per Torino\"\n                    src=\"http:\/\/www.spaziotorino.it\/scatto\/wp-content\/gallery\/2024_09_11_citybrand\/cache\/PLA_1734.jpg-nggid0533659-ngg0dyn-60x60x100-00f0w010c011r110f110r010t010.jpg\"\n                    width=\"60\"\n                    height=\"60\"\n                    style=\"max-width:100%;\"\n                \/>\n            <\/a>\n        <\/div>\n\t\t\t\t\t\t\t<\/div> \n\t\t\t\n        \n\t\t\t\t<div id=\"ngg-image-1\" class=\"ngg-gallery-thumbnail-box\" >\n\t\t\t\t        <div class=\"ngg-gallery-thumbnail\">\n            <a href=\"http:\/\/www.spaziotorino.it\/scatto\/wp-content\/gallery\/2024_09_11_citybrand\/PLA_1746.jpg\"\n               title=\"Il Sindaco, Stefano Lo Russo\"\n               data-src=\"http:\/\/www.spaziotorino.it\/scatto\/wp-content\/gallery\/2024_09_11_citybrand\/PLA_1746.jpg\"\n               data-thumbnail=\"http:\/\/www.spaziotorino.it\/scatto\/wp-content\/gallery\/2024_09_11_citybrand\/thumbs\/thumbs_PLA_1746.jpg\"\n               data-image-id=\"33657\"\n               data-title=\"Il Sindaco, Stefano Lo Russo\"\n               data-description=\"Il Sindaco, Stefano Lo Russo\"\n               data-image-slug=\"pla_1746-1\"\n               class=\"ngg-fancybox\" rel=\"8cf5435106c0a40d07fe56c76e1ab5d8\">\n                <img\n                    title=\"Il Sindaco, Stefano Lo Russo\"\n                    alt=\"Il Sindaco, Stefano Lo Russo\"\n                    src=\"http:\/\/www.spaziotorino.it\/scatto\/wp-content\/gallery\/2024_09_11_citybrand\/cache\/PLA_1746.jpg-nggid0533657-ngg0dyn-60x60x100-00f0w010c011r110f110r010t010.jpg\"\n                    width=\"60\"\n                    height=\"60\"\n                    style=\"max-width:100%;\"\n                \/>\n            <\/a>\n        <\/div>\n\t\t\t\t\t\t\t<\/div> \n\t\t\t\n        \n\t\t\t\t<div id=\"ngg-image-2\" class=\"ngg-gallery-thumbnail-box\" >\n\t\t\t\t        <div class=\"ngg-gallery-thumbnail\">\n            <a href=\"http:\/\/www.spaziotorino.it\/scatto\/wp-content\/gallery\/2024_09_11_citybrand\/PLA_1758.jpg\"\n               title=\"Dario Gallina, Presidente della Camera di commercio di Torino\"\n               data-src=\"http:\/\/www.spaziotorino.it\/scatto\/wp-content\/gallery\/2024_09_11_citybrand\/PLA_1758.jpg\"\n               data-thumbnail=\"http:\/\/www.spaziotorino.it\/scatto\/wp-content\/gallery\/2024_09_11_citybrand\/thumbs\/thumbs_PLA_1758.jpg\"\n               data-image-id=\"33658\"\n               data-title=\"Dario Gallina, Presidente della Camera di commercio di Torino\"\n               data-description=\"Dario Gallina, Presidente della Camera di commercio di Torino\"\n               data-image-slug=\"pla_1758\"\n               class=\"ngg-fancybox\" rel=\"8cf5435106c0a40d07fe56c76e1ab5d8\">\n                <img\n                    title=\"Dario Gallina, Presidente della Camera di commercio di Torino\"\n                    alt=\"Dario Gallina, Presidente della Camera di commercio di Torino\"\n                    src=\"http:\/\/www.spaziotorino.it\/scatto\/wp-content\/gallery\/2024_09_11_citybrand\/cache\/PLA_1758.jpg-nggid0533658-ngg0dyn-60x60x100-00f0w010c011r110f110r010t010.jpg\"\n                    width=\"60\"\n                    height=\"60\"\n                    style=\"max-width:100%;\"\n                \/>\n            <\/a>\n        <\/div>\n\t\t\t\t\t\t\t<\/div> \n\t\t\t\n        \n\t\t\t\t<div id=\"ngg-image-3\" class=\"ngg-gallery-thumbnail-box\" >\n\t\t\t\t        <div class=\"ngg-gallery-thumbnail\">\n            <a href=\"http:\/\/www.spaziotorino.it\/scatto\/wp-content\/gallery\/2024_09_11_citybrand\/PLA_1772.jpg\"\n               title=\"Stefano Paolo Corgnati, Rettore del Politecnico di Torino\"\n               data-src=\"http:\/\/www.spaziotorino.it\/scatto\/wp-content\/gallery\/2024_09_11_citybrand\/PLA_1772.jpg\"\n               data-thumbnail=\"http:\/\/www.spaziotorino.it\/scatto\/wp-content\/gallery\/2024_09_11_citybrand\/thumbs\/thumbs_PLA_1772.jpg\"\n               data-image-id=\"33655\"\n               data-title=\"Stefano Paolo Corgnati, Rettore del Politecnico di Torino\"\n               data-description=\"Stefano Paolo Corgnati, Rettore del Politecnico di Torino\"\n               data-image-slug=\"pla_1772\"\n               class=\"ngg-fancybox\" rel=\"8cf5435106c0a40d07fe56c76e1ab5d8\">\n                <img\n                    title=\"Stefano Paolo Corgnati, Rettore del Politecnico di Torino\"\n                    alt=\"Stefano Paolo Corgnati, Rettore del Politecnico di Torino\"\n                    src=\"http:\/\/www.spaziotorino.it\/scatto\/wp-content\/gallery\/2024_09_11_citybrand\/cache\/PLA_1772.jpg-nggid0533655-ngg0dyn-60x60x100-00f0w010c011r110f110r010t010.jpg\"\n                    width=\"60\"\n                    height=\"60\"\n                    style=\"max-width:100%;\"\n                \/>\n            <\/a>\n        <\/div>\n\t\t\t\t\t\t\t<\/div> \n\t\t\t\n        \n\t\t\t\t<div id=\"ngg-image-4\" class=\"ngg-gallery-thumbnail-box\" >\n\t\t\t\t        <div class=\"ngg-gallery-thumbnail\">\n            <a href=\"http:\/\/www.spaziotorino.it\/scatto\/wp-content\/gallery\/2024_09_11_citybrand\/PLA_1784.jpg\"\n               title=\"Stefano Geuna, Rettore dell\u2019Universit\u00e0 di Torino\"\n               data-src=\"http:\/\/www.spaziotorino.it\/scatto\/wp-content\/gallery\/2024_09_11_citybrand\/PLA_1784.jpg\"\n               data-thumbnail=\"http:\/\/www.spaziotorino.it\/scatto\/wp-content\/gallery\/2024_09_11_citybrand\/thumbs\/thumbs_PLA_1784.jpg\"\n               data-image-id=\"33660\"\n               data-title=\"Stefano Geuna, Rettore dell\u2019Universit\u00e0 di Torino\"\n               data-description=\"Stefano Geuna, Rettore dell\u2019Universit\u00e0 di Torino\"\n               data-image-slug=\"pla_1784\"\n               class=\"ngg-fancybox\" rel=\"8cf5435106c0a40d07fe56c76e1ab5d8\">\n                <img\n                    title=\"Stefano Geuna, Rettore dell\u2019Universit\u00e0 di Torino\"\n                    alt=\"Stefano Geuna, Rettore dell\u2019Universit\u00e0 di Torino\"\n                    src=\"http:\/\/www.spaziotorino.it\/scatto\/wp-content\/gallery\/2024_09_11_citybrand\/cache\/PLA_1784.jpg-nggid0533660-ngg0dyn-60x60x100-00f0w010c011r110f110r010t010.jpg\"\n                    width=\"60\"\n                    height=\"60\"\n                    style=\"max-width:100%;\"\n                \/>\n            <\/a>\n        <\/div>\n\t\t\t\t\t\t\t<\/div> \n\t\t\t\n        \n\t\t\t\t<div id=\"ngg-image-5\" class=\"ngg-gallery-thumbnail-box\" >\n\t\t\t\t        <div class=\"ngg-gallery-thumbnail\">\n            <a href=\"http:\/\/www.spaziotorino.it\/scatto\/wp-content\/gallery\/2024_09_11_citybrand\/PLA_1793.jpg\"\n               title=\"Annapaola Venezia, Segretario Generale di Fondazione CRT\"\n               data-src=\"http:\/\/www.spaziotorino.it\/scatto\/wp-content\/gallery\/2024_09_11_citybrand\/PLA_1793.jpg\"\n               data-thumbnail=\"http:\/\/www.spaziotorino.it\/scatto\/wp-content\/gallery\/2024_09_11_citybrand\/thumbs\/thumbs_PLA_1793.jpg\"\n               data-image-id=\"33656\"\n               data-title=\"Annapaola Venezia, Segretario Generale di Fondazione CRT\"\n               data-description=\"Annapaola Venezia, Segretario Generale di Fondazione CRT\"\n               data-image-slug=\"pla_1793-1\"\n               class=\"ngg-fancybox\" rel=\"8cf5435106c0a40d07fe56c76e1ab5d8\">\n                <img\n                    title=\"Annapaola Venezia, Segretario Generale di Fondazione CRT\"\n                    alt=\"Annapaola Venezia, Segretario Generale di Fondazione CRT\"\n                    src=\"http:\/\/www.spaziotorino.it\/scatto\/wp-content\/gallery\/2024_09_11_citybrand\/cache\/PLA_1793.jpg-nggid0533656-ngg0dyn-60x60x100-00f0w010c011r110f110r010t010.jpg\"\n                    width=\"60\"\n                    height=\"60\"\n                    style=\"max-width:100%;\"\n                \/>\n            <\/a>\n        <\/div>\n\t\t\t\t\t\t\t<\/div> \n\t\t\t\n        \n\t\t\t\t<div id=\"ngg-image-6\" class=\"ngg-gallery-thumbnail-box\" >\n\t\t\t\t        <div class=\"ngg-gallery-thumbnail\">\n            <a href=\"http:\/\/www.spaziotorino.it\/scatto\/wp-content\/gallery\/2024_09_11_citybrand\/PLA_1809.jpg\"\n               title=\"Marco Gilli, Presidente della Fondazione Compagnia di San Paolo\"\n               data-src=\"http:\/\/www.spaziotorino.it\/scatto\/wp-content\/gallery\/2024_09_11_citybrand\/PLA_1809.jpg\"\n               data-thumbnail=\"http:\/\/www.spaziotorino.it\/scatto\/wp-content\/gallery\/2024_09_11_citybrand\/thumbs\/thumbs_PLA_1809.jpg\"\n               data-image-id=\"33662\"\n               data-title=\"Marco Gilli, Presidente della Fondazione Compagnia di San Paolo\"\n               data-description=\"Marco Gilli, Presidente della Fondazione Compagnia di San Paolo\"\n               data-image-slug=\"pla_1809-1\"\n               class=\"ngg-fancybox\" rel=\"8cf5435106c0a40d07fe56c76e1ab5d8\">\n                <img\n                    title=\"Marco Gilli, Presidente della Fondazione Compagnia di San Paolo\"\n                    alt=\"Marco Gilli, Presidente della Fondazione Compagnia di San Paolo\"\n                    src=\"http:\/\/www.spaziotorino.it\/scatto\/wp-content\/gallery\/2024_09_11_citybrand\/cache\/PLA_1809.jpg-nggid0533662-ngg0dyn-60x60x100-00f0w010c011r110f110r010t010.jpg\"\n                    width=\"60\"\n                    height=\"60\"\n                    style=\"max-width:100%;\"\n                \/>\n            <\/a>\n        <\/div>\n\t\t\t\t\t\t\t<\/div> \n\t\t\t\n        \n\t\t\n\t\t<!-- Pagination -->\n\t<div class='ngg-clear'><\/div>\t<\/div>\n\n<p>Si chiama city branding ed \u00e8 il modo in cui una citt\u00e0 sceglie di costruire la sua identit\u00e0 e di raccontarla. Un processo per aiutarla a distinguersi nell\u2019era della globalizzazione, a promuoversi meglio all\u2019esterno e ad attrarre risorse umane ed economiche.<\/p>\n<p>Per costruire il suo city brand la Citt\u00e0 di Torino ha avviato un percorso che coinvolger\u00e0 i principali attori del territorio. \u00c8 stato siglato questa mattina a Palazzo Civico un protocollo d\u2019intesa tra Citt\u00e0, Citt\u00e0 Metropolitana di Torino, Camera di commercio, Universit\u00e0 degli Studi, Politecnico, Fondazione CRT e Fondazione Compagnia di San Paolo con l\u2019obiettivo di condividere il percorso verso il city branding. In particolare, i firmatari si impegnano a garantire supporto e collaborazione reciproci per promuovere la propria appartenenza al territorio e l\u2019identit\u00e0 di Torino con l\u2019obiettivo comune di diventare ambasciatori del \u201cbrand Torino\u201d, valorizzarne il patrimonio storico, artistico, culturale e sociale, collaborare nella definizione del posizionamento strategico della citt\u00e0, dare riconoscibilit\u00e0 ai prodotti \u201cmade in Torino\u201d, consolidare il senso di appartenenza di cittadini e studenti, attrarre risorse ed investimenti, ampliare il mercato turistico in arrivo, favorire la visibilit\u00e0 della citt\u00e0, veicolare il nuovo city brand \u2013 una volta realizzato \u2013 nell\u2019ambito di partnership ed eventi.<\/p>\n<p>\u201cL\u2019obiettivo della costruzione di un nuovo city brand \u2013 spiega il&nbsp;<strong>sindaco, Stefano Lo Russo<\/strong>&nbsp;\u2013 \u00e8 quello di unire le forze con tutti i partner istituzionali pubblici e privati che abbiano a cuore il futuro della citt\u00e0 e del territorio metropolitano, per contribuire a riposizionare Torino e renderla sempre pi\u00f9 all\u2019altezza di collaborare e competere con le grandi metropoli nel nostro Paese e in tutto il mondo puntando sui suoi tanti settori d\u2019eccellenza. Il capoluogo pu\u00f2 e deve fare da traino per l\u2019intero territorio con le sue numerose specificit\u00e0. Ringrazio tutti i firmatari di questo protocollo; ci unisce il desiderio di raccontare meglio Torino e il territorio al mondo, e di farlo insieme, consapevoli che per \u2018raccontarsi\u2019 bene e in modo efficace occorre riconoscere la propria identit\u00e0 in modo condiviso e guardare tutti nella stessa direzione\u201d.<\/p>\n<p>Secondo il&nbsp;<strong>presidente della Camera di commercio di Torino, Dario Gallina<\/strong>&nbsp;\u201c\u00c8 importante che il percorso verso l\u2019individuazione del nuovo brand di Torino sia plurale e condiviso, sia per avere un risultato pi\u00f9 rappresentativo di tutte le anime della citt\u00e0, sia per ampliarne la visibilit\u00e0 e la diffusione a livello nazionale e internazionale, con un lavoro di squadra gi\u00e0 consolidato in numerosi eventi. Questo modo di lavorare insieme ci permette di presentarci di fronte ai nostri numerosi interlocutori in modo univoco e coordinato e di rendere cos\u00ec Torino pi\u00f9 attrattiva dal punto di vista economico, culturale e turistico\u201d.<\/p>\n<p>\u201cDa sempre \u2013 dice il&nbsp;<strong>rettore del Politecnico di Torino, Stefano Paolo Corgnati<\/strong>&nbsp;\u2013 abbiamo creduto nell\u2019idea di Torino come citt\u00e0 dell\u2019innovazione nella quale l\u2019universit\u00e0 gioca un ruolo cruciale di filiera per l\u2019attrazione sul territorio di giovani talenti che ci scelgono per creare il loro percorso di vita, accademico o professionale. In particolare contribuiremo con la crescita dei campus cittadini, fondamentali per l\u2019attrattivit\u00e0 di studenti da tutto il mondo. Siamo orgogliosi e felici di poter aggiungere questo \u2018nostro fotogramma\u2019 al racconto generale della citt\u00e0\u201d.<\/p>\n<p>\u201cL\u2019Universit\u00e0 \u2013 aggiunge il&nbsp;<strong>rettore dell\u2019Universit\u00e0 di Torino Stefano Geuna<\/strong>&nbsp;\u2013 \u00e8 da tempo un punto fermo nelle strategie di sviluppo e crescita della citt\u00e0. Ricerca e formazione, con le rispettive fondamentali ricadute in termini di trasferimento di conoscenze e tecnologie, fanno di Torino un luogo privilegiato nel quale investire sul proprio futuro. Con radice salde nella forza del territorio, l\u2019Universit\u00e0 rappresenta un\u2019eccezionale occasione per creare opportunit\u00e0: i campus, sui quali abbiamo fortemente puntato, sono spazi di internazionalizzazione e di acquisizione di elevata professionalit\u00e0. Anche per questo Torino si \u00e8 affermata come una ambita finestra sull\u2019Europa e sul mondo\u201d.<\/p>\n<p>&nbsp;\u201cSiamo lieti di avviare, con la firma del protocollo d\u2019intesa per il city branding, un nuovo cammino condiviso con la Citt\u00e0 e con i diversi players del territorio con cui Fondazione CRT collabora da anni sinergicamente con l\u2019obiettivo di tutelare e valorizzare il patrimonio culturale e sociale di Torino e di mettere in campo iniziative ed eventi capaci di attivare reti e attrarre risorse \u2013 dichiara&nbsp;<strong>Annapaola Venezia, Segretario Generale di Fondazione CRT<\/strong>&nbsp;\u2013. Questo sistema virtuoso che abbiamo costruito tutti insieme, e che ha contribuito a definire l\u2019identit\u00e0 della citt\u00e0, parla ora una sola lingua e inaugura uno storytelling che permetter\u00e0 a Torino di farsi conoscere e riconoscere in Italia e nel mondo\u201d.<\/p>\n<p>&nbsp;\u201cIl ruolo di un ente filantropico come la Fondazione Compagnia di San Paolo \u00e8 quello di agire ogni giorno per contribuire allo sviluppo locale della Citt\u00e0 e al benessere della popolazione, in sinergia con tutti gli stakeholder del territorio \u2013 afferma il&nbsp;<strong>presidente della Fondazione Compagnia di San Paolo, Marco Gilli<\/strong>&nbsp;\u2013 Siamo oggi firmatari del protocollo perch\u00e9 riteniamo fondamentale la condivisione di esperienze, competenze e know-how che solo il fare squadra rende possibile, con l\u2019obiettivo di promuovere un\u2019immagine positiva e unica della nostra citt\u00e0, migliorando la qualit\u00e0 urbana e il senso di appartenenza, e attraendo risorse, visitatori e investimenti\u201d.<\/p>\n<p>In preparazione a questo progetto nel 2023 \u00e8 stato avviato un percorso di indagine per cogliere la percezione della citt\u00e0 di Torino e si \u00e8 affidata all\u2019Istituto Piepoli un\u2019indagine demoscopica per cogliere gli aspetti ritenuti importanti dal territorio e dalla cittadinanza. Sono stati somministrati in citt\u00e0 oltre 5mila questionari, composti di domande aperte e chiuse, a cittadini, turisti, portatori di interesse. L\u2019indagine sta proseguendo e si avvia alla conclusione con un sondaggio telematico su scala nazionale per raccogliere le percezioni di Torino anche da parte degli Italiani nel complesso. Le prime impressioni individuate hanno permesso di definire un \u201cmanifesto identitario\u201d di racconto di Torino, condiviso tra i firmatari.<\/p>\n<p>I dati sulla percezione di Torino raccolti dall\u2019Istituto Piepoli verranno illustrati il 24 ottobre alle ore 18 alla casa Teatro Ragazzi attraverso un evento pubblico che si proporr\u00e0 anche di raccogliere l\u2019interesse di ulteriori soggetti che vorranno aderire al progetto di sviluppo del nuovo city brand. L\u2019amministrazione comunale dar\u00e0 quindi il via ad un avviso pubblico per individuare un\u2019agenzia di comunicazione per lavorare allo sviluppo del progetto e alla definizione delle linee strategiche per la sua promozione nel triennio 2025\/2026\/2027.<\/p>\n","protected":false},"excerpt":{"rendered":"<p>Si chiama city branding ed \u00e8 il modo in cui una citt\u00e0 sceglie di costruire la sua identit\u00e0 e di raccontarla. Un processo per aiutarla a distinguersi nell\u2019era della globalizzazione, a promuoversi meglio all\u2019esterno e ad attrarre risorse umane ed economiche. Per costruire il suo city brand la Citt\u00e0 di Torino ha avviato un percorso [&hellip;]<\/p>\n","protected":false},"author":1,"featured_media":0,"comment_status":"closed","ping_status":"open","sticky":false,"template":"","format":"standard","meta":{"ngg_post_thumbnail":0},"categories":[1,895],"tags":[],"_links":{"self":[{"href":"http:\/\/www.spaziotorino.it\/scatto\/index.php?rest_route=\/wp\/v2\/posts\/51589"}],"collection":[{"href":"http:\/\/www.spaziotorino.it\/scatto\/index.php?rest_route=\/wp\/v2\/posts"}],"about":[{"href":"http:\/\/www.spaziotorino.it\/scatto\/index.php?rest_route=\/wp\/v2\/types\/post"}],"author":[{"embeddable":true,"href":"http:\/\/www.spaziotorino.it\/scatto\/index.php?rest_route=\/wp\/v2\/users\/1"}],"replies":[{"embeddable":true,"href":"http:\/\/www.spaziotorino.it\/scatto\/index.php?rest_route=%2Fwp%2Fv2%2Fcomments&post=51589"}],"version-history":[{"count":1,"href":"http:\/\/www.spaziotorino.it\/scatto\/index.php?rest_route=\/wp\/v2\/posts\/51589\/revisions"}],"predecessor-version":[{"id":51591,"href":"http:\/\/www.spaziotorino.it\/scatto\/index.php?rest_route=\/wp\/v2\/posts\/51589\/revisions\/51591"}],"wp:attachment":[{"href":"http:\/\/www.spaziotorino.it\/scatto\/index.php?rest_route=%2Fwp%2Fv2%2Fmedia&parent=51589"}],"wp:term":[{"taxonomy":"category","embeddable":true,"href":"http:\/\/www.spaziotorino.it\/scatto\/index.php?rest_route=%2Fwp%2Fv2%2Fcategories&post=51589"},{"taxonomy":"post_tag","embeddable":true,"href":"http:\/\/www.spaziotorino.it\/scatto\/index.php?rest_route=%2Fwp%2Fv2%2Ftags&post=51589"}],"curies":[{"name":"wp","href":"https:\/\/api.w.org\/{rel}","templated":true}]}}