{"id":51614,"date":"2024-09-12T13:40:22","date_gmt":"2024-09-12T12:40:22","guid":{"rendered":"http:\/\/www.spaziotorino.it\/scatto\/?p=51614"},"modified":"2024-09-12T13:40:22","modified_gmt":"2024-09-12T12:40:22","slug":"crescere-in-citta-2024-25-presentate-le-offerte-formative-ed-educative-per-le-scuole-torinesi","status":"publish","type":"post","link":"http:\/\/www.spaziotorino.it\/scatto\/?p=51614","title":{"rendered":"\u2018Crescere in citt\u00e0 2024-25\u2019. Presentate le offerte formative ed educative per le scuole torinesi"},"content":{"rendered":"<p><a class=\"ngg-fancybox\" title=\"\u2018Crescere in citt\u00e0 2024-25\u2019. Presentate le offerte formative ed educative per le scuole torinesi\" href=\"http:\/\/www.spaziotorino.it\/scatto\/wp-content\/gallery\/2024_09_12_iter-1\/PLA_1959.jpg\" rel=\"lightbox[set_2285]\"><br \/>\n<img decoding=\"async\" loading=\"lazy\" class=\"ngg-singlepic\" title=\"\u2018Crescere in citt\u00e0 2024-25\u2019. Presentate le offerte formative ed educative per le scuole torinesi\" src=\"http:\/\/www.spaziotorino.it\/scatto\/wp-content\/gallery\/2024_09_12_iter-1\/PLA_1959.jpg\" alt=\"\" width=\"540\" height=\"360\"\/><\/a><\/p>\n<!-- index.php -->\n<div\n\tclass=\"ngg-galleryoverview ngg-ajax-pagination-none\"\n\tid=\"ngg-gallery-980623b14a541cbc2f172df2359b7e17-1\">\n\n    \t\t<!-- Thumbnails -->\n\t\t\t\t<div id=\"ngg-image-0\" class=\"ngg-gallery-thumbnail-box\" >\n\t\t\t\t        <div class=\"ngg-gallery-thumbnail\">\n            <a href=\"http:\/\/www.spaziotorino.it\/scatto\/wp-content\/gallery\/2024_09_12_iter-1\/PLA_1953.jpg\"\n               title=\"Urban Lab - Immagina la Torino del futuro\"\n               data-src=\"http:\/\/www.spaziotorino.it\/scatto\/wp-content\/gallery\/2024_09_12_iter-1\/PLA_1953.jpg\"\n               data-thumbnail=\"http:\/\/www.spaziotorino.it\/scatto\/wp-content\/gallery\/2024_09_12_iter-1\/thumbs\/thumbs_PLA_1953.jpg\"\n               data-image-id=\"33673\"\n               data-title=\"Urban Lab - Immagina la Torino del futuro\"\n               data-description=\"Urban Lab - Immagina la Torino del futuro\"\n               data-image-slug=\"pla_1953-1\"\n               class=\"ngg-fancybox\" rel=\"980623b14a541cbc2f172df2359b7e17\">\n                <img\n                    title=\"Urban Lab - Immagina la Torino del futuro\"\n                    alt=\"Urban Lab - Immagina la Torino del futuro\"\n                    src=\"http:\/\/www.spaziotorino.it\/scatto\/wp-content\/gallery\/2024_09_12_iter-1\/cache\/PLA_1953.jpg-nggid0533673-ngg0dyn-60x60x100-00f0w010c011r110f110r010t010.jpg\"\n                    width=\"60\"\n                    height=\"60\"\n                    style=\"max-width:100%;\"\n                \/>\n            <\/a>\n        <\/div>\n\t\t\t\t\t\t\t<\/div> \n\t\t\t\n        \n\t\t\t\t<div id=\"ngg-image-1\" class=\"ngg-gallery-thumbnail-box\" >\n\t\t\t\t        <div class=\"ngg-gallery-thumbnail\">\n            <a href=\"http:\/\/www.spaziotorino.it\/scatto\/wp-content\/gallery\/2024_09_12_iter-1\/PLA_1945.jpg\"\n               title=\"Carlotta Salerno, Assessora alle Politiche Educative della Citt\u00e0 di Torino e Presidente di ITER\"\n               data-src=\"http:\/\/www.spaziotorino.it\/scatto\/wp-content\/gallery\/2024_09_12_iter-1\/PLA_1945.jpg\"\n               data-thumbnail=\"http:\/\/www.spaziotorino.it\/scatto\/wp-content\/gallery\/2024_09_12_iter-1\/thumbs\/thumbs_PLA_1945.jpg\"\n               data-image-id=\"33674\"\n               data-title=\"Carlotta Salerno, Assessora alle Politiche Educative della Citt\u00e0 di Torino e Presidente di ITER\"\n               data-description=\"Carlotta Salerno, Assessora alle Politiche Educative della Citt\u00e0 di Torino e Presidente di ITER\"\n               data-image-slug=\"pla_1945-2\"\n               class=\"ngg-fancybox\" rel=\"980623b14a541cbc2f172df2359b7e17\">\n                <img\n                    title=\"Carlotta Salerno, Assessora alle Politiche Educative della Citt\u00e0 di Torino e Presidente di ITER\"\n                    alt=\"Carlotta Salerno, Assessora alle Politiche Educative della Citt\u00e0 di Torino e Presidente di ITER\"\n                    src=\"http:\/\/www.spaziotorino.it\/scatto\/wp-content\/gallery\/2024_09_12_iter-1\/cache\/PLA_1945.jpg-nggid0533674-ngg0dyn-60x60x100-00f0w010c011r110f110r010t010.jpg\"\n                    width=\"60\"\n                    height=\"60\"\n                    style=\"max-width:100%;\"\n                \/>\n            <\/a>\n        <\/div>\n\t\t\t\t\t\t\t<\/div> \n\t\t\t\n        \n\t\t\t\t<div id=\"ngg-image-2\" class=\"ngg-gallery-thumbnail-box\" >\n\t\t\t\t        <div class=\"ngg-gallery-thumbnail\">\n            <a href=\"http:\/\/www.spaziotorino.it\/scatto\/wp-content\/gallery\/2024_09_12_iter-1\/PLA_1914.jpg\"\n               title=\"\u2018Crescere in citt\u00e0 2024-25\u2019. Presentate le offerte formative ed educative per le scuole torinesi\"\n               data-src=\"http:\/\/www.spaziotorino.it\/scatto\/wp-content\/gallery\/2024_09_12_iter-1\/PLA_1914.jpg\"\n               data-thumbnail=\"http:\/\/www.spaziotorino.it\/scatto\/wp-content\/gallery\/2024_09_12_iter-1\/thumbs\/thumbs_PLA_1914.jpg\"\n               data-image-id=\"33678\"\n               data-title=\"\u2018Crescere in citt\u00e0 2024-25\u2019. Presentate le offerte formative ed educative per le scuole torinesi\"\n               data-description=\"\u2018Crescere in citt\u00e0 2024-25\u2019. Presentate le offerte formative ed educative per le scuole torinesi\"\n               data-image-slug=\"pla_1914-3\"\n               class=\"ngg-fancybox\" rel=\"980623b14a541cbc2f172df2359b7e17\">\n                <img\n                    title=\"\u2018Crescere in citt\u00e0 2024-25\u2019. Presentate le offerte formative ed educative per le scuole torinesi\"\n                    alt=\"\u2018Crescere in citt\u00e0 2024-25\u2019. Presentate le offerte formative ed educative per le scuole torinesi\"\n                    src=\"http:\/\/www.spaziotorino.it\/scatto\/wp-content\/gallery\/2024_09_12_iter-1\/cache\/PLA_1914.jpg-nggid0533678-ngg0dyn-60x60x100-00f0w010c011r110f110r010t010.jpg\"\n                    width=\"60\"\n                    height=\"60\"\n                    style=\"max-width:100%;\"\n                \/>\n            <\/a>\n        <\/div>\n\t\t\t\t\t\t\t<\/div> \n\t\t\t\n        \n\t\t\t\t<div id=\"ngg-image-3\" class=\"ngg-gallery-thumbnail-box\" >\n\t\t\t\t        <div class=\"ngg-gallery-thumbnail\">\n            <a href=\"http:\/\/www.spaziotorino.it\/scatto\/wp-content\/gallery\/2024_09_12_iter-1\/PLA_1992.jpg\"\n               title=\"\u2018Crescere in citt\u00e0 2024-25\u2019. Presentate le offerte formative ed educative per le scuole torinesi\"\n               data-src=\"http:\/\/www.spaziotorino.it\/scatto\/wp-content\/gallery\/2024_09_12_iter-1\/PLA_1992.jpg\"\n               data-thumbnail=\"http:\/\/www.spaziotorino.it\/scatto\/wp-content\/gallery\/2024_09_12_iter-1\/thumbs\/thumbs_PLA_1992.jpg\"\n               data-image-id=\"33676\"\n               data-title=\"\u2018Crescere in citt\u00e0 2024-25\u2019. Presentate le offerte formative ed educative per le scuole torinesi\"\n               data-description=\"\u2018Crescere in citt\u00e0 2024-25\u2019. Presentate le offerte formative ed educative per le scuole torinesi\"\n               data-image-slug=\"pla_1992-2\"\n               class=\"ngg-fancybox\" rel=\"980623b14a541cbc2f172df2359b7e17\">\n                <img\n                    title=\"\u2018Crescere in citt\u00e0 2024-25\u2019. Presentate le offerte formative ed educative per le scuole torinesi\"\n                    alt=\"\u2018Crescere in citt\u00e0 2024-25\u2019. Presentate le offerte formative ed educative per le scuole torinesi\"\n                    src=\"http:\/\/www.spaziotorino.it\/scatto\/wp-content\/gallery\/2024_09_12_iter-1\/cache\/PLA_1992.jpg-nggid0533676-ngg0dyn-60x60x100-00f0w010c011r110f110r010t010.jpg\"\n                    width=\"60\"\n                    height=\"60\"\n                    style=\"max-width:100%;\"\n                \/>\n            <\/a>\n        <\/div>\n\t\t\t\t\t\t\t<\/div> \n\t\t\t\n        \n\t\t\t\t<div id=\"ngg-image-4\" class=\"ngg-gallery-thumbnail-box\" >\n\t\t\t\t        <div class=\"ngg-gallery-thumbnail\">\n            <a href=\"http:\/\/www.spaziotorino.it\/scatto\/wp-content\/gallery\/2024_09_12_iter-1\/PLA_2004.jpg\"\n               title=\"\u2018Crescere in citt\u00e0 2024-25\u2019. Presentate le offerte formative ed educative per le scuole torinesi\"\n               data-src=\"http:\/\/www.spaziotorino.it\/scatto\/wp-content\/gallery\/2024_09_12_iter-1\/PLA_2004.jpg\"\n               data-thumbnail=\"http:\/\/www.spaziotorino.it\/scatto\/wp-content\/gallery\/2024_09_12_iter-1\/thumbs\/thumbs_PLA_2004.jpg\"\n               data-image-id=\"33677\"\n               data-title=\"\u2018Crescere in citt\u00e0 2024-25\u2019. Presentate le offerte formative ed educative per le scuole torinesi\"\n               data-description=\"\u2018Crescere in citt\u00e0 2024-25\u2019. Presentate le offerte formative ed educative per le scuole torinesi\"\n               data-image-slug=\"pla_2004-3\"\n               class=\"ngg-fancybox\" rel=\"980623b14a541cbc2f172df2359b7e17\">\n                <img\n                    title=\"\u2018Crescere in citt\u00e0 2024-25\u2019. Presentate le offerte formative ed educative per le scuole torinesi\"\n                    alt=\"\u2018Crescere in citt\u00e0 2024-25\u2019. Presentate le offerte formative ed educative per le scuole torinesi\"\n                    src=\"http:\/\/www.spaziotorino.it\/scatto\/wp-content\/gallery\/2024_09_12_iter-1\/cache\/PLA_2004.jpg-nggid0533677-ngg0dyn-60x60x100-00f0w010c011r110f110r010t010.jpg\"\n                    width=\"60\"\n                    height=\"60\"\n                    style=\"max-width:100%;\"\n                \/>\n            <\/a>\n        <\/div>\n\t\t\t\t\t\t\t<\/div> \n\t\t\t\n        \n\t\t\t\t<div id=\"ngg-image-5\" class=\"ngg-gallery-thumbnail-box\" >\n\t\t\t\t        <div class=\"ngg-gallery-thumbnail\">\n            <a href=\"http:\/\/www.spaziotorino.it\/scatto\/wp-content\/gallery\/2024_09_12_iter-1\/PLA_2018.jpg\"\n               title=\"\u2018Crescere in citt\u00e0 2024-25\u2019. Presentate le offerte formative ed educative per le scuole torinesi\"\n               data-src=\"http:\/\/www.spaziotorino.it\/scatto\/wp-content\/gallery\/2024_09_12_iter-1\/PLA_2018.jpg\"\n               data-thumbnail=\"http:\/\/www.spaziotorino.it\/scatto\/wp-content\/gallery\/2024_09_12_iter-1\/thumbs\/thumbs_PLA_2018.jpg\"\n               data-image-id=\"33679\"\n               data-title=\"\u2018Crescere in citt\u00e0 2024-25\u2019. Presentate le offerte formative ed educative per le scuole torinesi\"\n               data-description=\"\u2018Crescere in citt\u00e0 2024-25\u2019. Presentate le offerte formative ed educative per le scuole torinesi\"\n               data-image-slug=\"pla_2018-2\"\n               class=\"ngg-fancybox\" rel=\"980623b14a541cbc2f172df2359b7e17\">\n                <img\n                    title=\"\u2018Crescere in citt\u00e0 2024-25\u2019. Presentate le offerte formative ed educative per le scuole torinesi\"\n                    alt=\"\u2018Crescere in citt\u00e0 2024-25\u2019. Presentate le offerte formative ed educative per le scuole torinesi\"\n                    src=\"http:\/\/www.spaziotorino.it\/scatto\/wp-content\/gallery\/2024_09_12_iter-1\/cache\/PLA_2018.jpg-nggid0533679-ngg0dyn-60x60x100-00f0w010c011r110f110r010t010.jpg\"\n                    width=\"60\"\n                    height=\"60\"\n                    style=\"max-width:100%;\"\n                \/>\n            <\/a>\n        <\/div>\n\t\t\t\t\t\t\t<\/div> \n\t\t\t\n        \n\t\t\t\t<div id=\"ngg-image-6\" class=\"ngg-gallery-thumbnail-box\" >\n\t\t\t\t        <div class=\"ngg-gallery-thumbnail\">\n            <a href=\"http:\/\/www.spaziotorino.it\/scatto\/wp-content\/gallery\/2024_09_12_iter-1\/PLA_2023.jpg\"\n               title=\"\u2018Crescere in citt\u00e0 2024-25\u2019. Presentate le offerte formative ed educative per le scuole torinesi\"\n               data-src=\"http:\/\/www.spaziotorino.it\/scatto\/wp-content\/gallery\/2024_09_12_iter-1\/PLA_2023.jpg\"\n               data-thumbnail=\"http:\/\/www.spaziotorino.it\/scatto\/wp-content\/gallery\/2024_09_12_iter-1\/thumbs\/thumbs_PLA_2023.jpg\"\n               data-image-id=\"33680\"\n               data-title=\"\u2018Crescere in citt\u00e0 2024-25\u2019. Presentate le offerte formative ed educative per le scuole torinesi\"\n               data-description=\"\u2018Crescere in citt\u00e0 2024-25\u2019. Presentate le offerte formative ed educative per le scuole torinesi\"\n               data-image-slug=\"pla_2023-1\"\n               class=\"ngg-fancybox\" rel=\"980623b14a541cbc2f172df2359b7e17\">\n                <img\n                    title=\"\u2018Crescere in citt\u00e0 2024-25\u2019. Presentate le offerte formative ed educative per le scuole torinesi\"\n                    alt=\"\u2018Crescere in citt\u00e0 2024-25\u2019. Presentate le offerte formative ed educative per le scuole torinesi\"\n                    src=\"http:\/\/www.spaziotorino.it\/scatto\/wp-content\/gallery\/2024_09_12_iter-1\/cache\/PLA_2023.jpg-nggid0533680-ngg0dyn-60x60x100-00f0w010c011r110f110r010t010.jpg\"\n                    width=\"60\"\n                    height=\"60\"\n                    style=\"max-width:100%;\"\n                \/>\n            <\/a>\n        <\/div>\n\t\t\t\t\t\t\t<\/div> \n\t\t\t\n        \n\t\t\t\t<div id=\"ngg-image-7\" class=\"ngg-gallery-thumbnail-box\" >\n\t\t\t\t        <div class=\"ngg-gallery-thumbnail\">\n            <a href=\"http:\/\/www.spaziotorino.it\/scatto\/wp-content\/gallery\/2024_09_12_iter-1\/PLA_2027.jpg\"\n               title=\"\u2018Crescere in citt\u00e0 2024-25\u2019. Presentate le offerte formative ed educative per le scuole torinesi\"\n               data-src=\"http:\/\/www.spaziotorino.it\/scatto\/wp-content\/gallery\/2024_09_12_iter-1\/PLA_2027.jpg\"\n               data-thumbnail=\"http:\/\/www.spaziotorino.it\/scatto\/wp-content\/gallery\/2024_09_12_iter-1\/thumbs\/thumbs_PLA_2027.jpg\"\n               data-image-id=\"33682\"\n               data-title=\"\u2018Crescere in citt\u00e0 2024-25\u2019. Presentate le offerte formative ed educative per le scuole torinesi\"\n               data-description=\"\u2018Crescere in citt\u00e0 2024-25\u2019. Presentate le offerte formative ed educative per le scuole torinesi\"\n               data-image-slug=\"pla_2027-4\"\n               class=\"ngg-fancybox\" rel=\"980623b14a541cbc2f172df2359b7e17\">\n                <img\n                    title=\"\u2018Crescere in citt\u00e0 2024-25\u2019. Presentate le offerte formative ed educative per le scuole torinesi\"\n                    alt=\"\u2018Crescere in citt\u00e0 2024-25\u2019. Presentate le offerte formative ed educative per le scuole torinesi\"\n                    src=\"http:\/\/www.spaziotorino.it\/scatto\/wp-content\/gallery\/2024_09_12_iter-1\/cache\/PLA_2027.jpg-nggid0533682-ngg0dyn-60x60x100-00f0w010c011r110f110r010t010.jpg\"\n                    width=\"60\"\n                    height=\"60\"\n                    style=\"max-width:100%;\"\n                \/>\n            <\/a>\n        <\/div>\n\t\t\t\t\t\t\t<\/div> \n\t\t\t\n        \n\t\t\t\t<div id=\"ngg-image-8\" class=\"ngg-gallery-thumbnail-box\" >\n\t\t\t\t        <div class=\"ngg-gallery-thumbnail\">\n            <a href=\"http:\/\/www.spaziotorino.it\/scatto\/wp-content\/gallery\/2024_09_12_iter-1\/PLA_2031.jpg\"\n               title=\"\u2018Crescere in citt\u00e0 2024-25\u2019. Presentate le offerte formative ed educative per le scuole torinesi\"\n               data-src=\"http:\/\/www.spaziotorino.it\/scatto\/wp-content\/gallery\/2024_09_12_iter-1\/PLA_2031.jpg\"\n               data-thumbnail=\"http:\/\/www.spaziotorino.it\/scatto\/wp-content\/gallery\/2024_09_12_iter-1\/thumbs\/thumbs_PLA_2031.jpg\"\n               data-image-id=\"33681\"\n               data-title=\"\u2018Crescere in citt\u00e0 2024-25\u2019. Presentate le offerte formative ed educative per le scuole torinesi\"\n               data-description=\"\u2018Crescere in citt\u00e0 2024-25\u2019. Presentate le offerte formative ed educative per le scuole torinesi\"\n               data-image-slug=\"pla_2031-1\"\n               class=\"ngg-fancybox\" rel=\"980623b14a541cbc2f172df2359b7e17\">\n                <img\n                    title=\"\u2018Crescere in citt\u00e0 2024-25\u2019. Presentate le offerte formative ed educative per le scuole torinesi\"\n                    alt=\"\u2018Crescere in citt\u00e0 2024-25\u2019. Presentate le offerte formative ed educative per le scuole torinesi\"\n                    src=\"http:\/\/www.spaziotorino.it\/scatto\/wp-content\/gallery\/2024_09_12_iter-1\/cache\/PLA_2031.jpg-nggid0533681-ngg0dyn-60x60x100-00f0w010c011r110f110r010t010.jpg\"\n                    width=\"60\"\n                    height=\"60\"\n                    style=\"max-width:100%;\"\n                \/>\n            <\/a>\n        <\/div>\n\t\t\t\t\t\t\t<\/div> \n\t\t\t\n        \n\t\t\n\t\t<!-- Pagination -->\n\t<div class='ngg-clear'><\/div>\t<\/div>\n\n<p>Con l\u2019inizio dell\u2019anno scolastico si inaugura la nuova edizione di \u2018<em>Crescere in Citt\u00e0 2024\/2025. Percorsi di crescita presente e futura\u2019,&nbsp;<\/em>il catalogo online&nbsp;di offerte formative ed educative della Citt\u00e0 di Torino curato da ITER \u2013 Istituzione Torinese per una Educazione Responsabile.<\/p>\n<p>Il Catalogo raccoglie quest\u2019anno 1145 attivit\u00e0 educative proposte da 126 enti (Centri di ITER, Servizi della Citt\u00e0, Enti ed Istituzioni culturali, Musei, Atenei e Associazioni del territorio). Si tratta di percorsi rivolti a gruppi di bambine\/i e ragazze\/i dello scuole di ogni ordine e grado; attivit\u00e0 formative e di aggiornamento professionale per insegnanti ed educatori e, dallo scorso anno, i Centri di ITER propongono iniziative anche per le famiglie e i cittadini.<\/p>\n<p>Questa mattina il Catalogo \u00e8 stato presentato all\u2019Urban Lab&nbsp;dall\u2019assessora alle Politiche Educative Carlotta Salerno&nbsp;mentre alcune classi delle scuole primarie hanno sperimentato in anteprima alcune delle attivit\u00e0 proposte: giochi della tradizione popolare, laboratori di cinema e percussioni in piazza Palazzo di Citt\u00e0.<\/p>\n<p>\u201cCrescere in Citt\u00e0 si conferma un pilastro per l\u2019intera comunit\u00e0 educativa torinese e non solo. Dalle analisi condotte quest\u2019anno, grazie anche al rapporto sempre pi\u00f9 stretto con l\u2019Universit\u00e0 degli Studi di Torino, abbiamo appurato con grande emozione che si tratta del pi\u00f9 grande catalogo d\u2019Italia e costituisce di fatto una buona pratica da cui prende spunto tutto il Paese. L\u2019entusiasmo delle classi che hanno sperimentato in anteprima e nella piazza di Palazzo Civico alcune delle esperienze teatrali, musicali e laboratoriali, ma anche e soprattutto il numero delle prenotazioni che aumentano anno dopo anno sono la prova di quanto il catalogo sia un alleato fondamentale per scuole e famiglie \u2013&nbsp;ha commentato<strong>&nbsp;<\/strong>Carlotta Salerno, assessora alle Politiche Educative della Citt\u00e0 di Torino e Presidente di ITER&nbsp;-.Le migliaia di prenotazioni giunte nel 2023\/2024 suggeriscono un trend in costante crescita e non lasciano dubbi su quanto sia importante creare e implementare una rete solida tra scuole e territorio.\u201d<\/p>\n<p>Le attivit\u00e0 si potranno prenotare dal 18 settembre al 7 ottobre&nbsp;sul sito&nbsp;<a href=\"http:\/\/www.comune.torino.it\/crescere-in-citta\/\" target=\"_blank\" rel=\"noreferrer noopener\">www.comune.torino.it\/crescere-in-citta\/<\/a><\/p>\n<p>Per facilitare la scelta il Catalogo \u00e8 suddiviso per fascia di et\u00e0, tipologia di proponente e aree tematiche. Sette sono i filoni di quest\u2019anno:&nbsp;<em>sostenibilit\u00e0 ambientale, linguaggi espressivi, conoscere la citt\u00e0 e il patrimonio, discipline STEM e cittadinanza digitale, cultura ludica, benessere e salute, Costituzione, diritti e cittadinanza inclusiva<\/em>.<\/p>\n<p>\u2018Crescere in citt\u00e0 2024\/2025\u2019 propone, inoltre,&nbsp;tre sezioni speciali.<\/p>\n<p>CTE Next Education&nbsp;che consiste in un programma che mette a disposizione delle scuole le competenze tecnologiche avanzate dei partner di CTE Next Torino e di Torino City Lab quali, per esempio, intelligenza artificiale, programmazione, web design, mobilit\u00e0 e innovazione; attivit\u00e0 e laboratori sul tema \u2018Guerre e Paci\u2019 che saranno realizzati nell\u2019ambito della IX edizione di&nbsp;Biennale Democrazia&nbsp;che si terr\u00e0 dal 26 al 30 marzo 2025 e, infine, un palinsesto di appuntamenti rivolti alle scuole del territorio nell\u2019ambito di&nbsp;Sottodiciotto Film Festival&nbsp;che consistono in proiezioni, attivit\u00e0 didattiche e formative dedicati a bambine e bambini, ragazze e ragazzi delle scuole dell\u2019infanzia, primarie, secondarie di primo e secondo grado.<\/p>\n<p>Le molteplici attivit\u00e0 educative del catalogo si propongono di promuovere&nbsp;lo sviluppo del pensiero creativo e di comportamenti responsabili volti a conoscere e valorizzare la sostenibilit\u00e0 ambientale, favorire la conoscenza e la scoperta della citt\u00e0 per avvicinare bambini e ragazzi al patrimonio artistico e paesaggistico, consentire di scoprire le nuove tecnologie digitali e sperimentare il valore formativo della cooperazione e della capacit\u00e0 comunicativa attraverso il gioco.<\/p>\n<p>Inoltre, nell\u2019anno scolastico 2023\/2024, in cui sono state coinvolte 2661 classi, ITER ha svolto, in collaborazione con il Dipartimento di Filosofia e Scienze dell\u2019Educazione dell\u2019Universit\u00e0 di Torino, un progetto di ricerca finalizzato a rendere il catalogo pi\u00f9 rispondente ai bisogni del mondo della scuola: interviste, focus group, work caf\u00e8 hanno coinvolto 84 stakeholder.<\/p>\n<p>Molte delle attivit\u00e0 educative e formative presenti nel Catalogo sono gratuite, in particolare quelle proposte dai Servizi della Citt\u00e0 di Torino, dai Centri di ITER, dagli Atenei e quelle comprese nelle tre sezioni speciali.<\/p>\n","protected":false},"excerpt":{"rendered":"<p>Con l\u2019inizio dell\u2019anno scolastico si inaugura la nuova edizione di \u2018Crescere in Citt\u00e0 2024\/2025. Percorsi di crescita presente e futura\u2019,&nbsp;il catalogo online&nbsp;di offerte formative ed educative della Citt\u00e0 di Torino curato da ITER \u2013 Istituzione Torinese per una Educazione Responsabile. Il Catalogo raccoglie quest\u2019anno 1145 attivit\u00e0 educative proposte da 126 enti (Centri di ITER, Servizi [&hellip;]<\/p>\n","protected":false},"author":1,"featured_media":0,"comment_status":"closed","ping_status":"open","sticky":false,"template":"","format":"standard","meta":{"ngg_post_thumbnail":0},"categories":[1,41],"tags":[],"_links":{"self":[{"href":"http:\/\/www.spaziotorino.it\/scatto\/index.php?rest_route=\/wp\/v2\/posts\/51614"}],"collection":[{"href":"http:\/\/www.spaziotorino.it\/scatto\/index.php?rest_route=\/wp\/v2\/posts"}],"about":[{"href":"http:\/\/www.spaziotorino.it\/scatto\/index.php?rest_route=\/wp\/v2\/types\/post"}],"author":[{"embeddable":true,"href":"http:\/\/www.spaziotorino.it\/scatto\/index.php?rest_route=\/wp\/v2\/users\/1"}],"replies":[{"embeddable":true,"href":"http:\/\/www.spaziotorino.it\/scatto\/index.php?rest_route=%2Fwp%2Fv2%2Fcomments&post=51614"}],"version-history":[{"count":1,"href":"http:\/\/www.spaziotorino.it\/scatto\/index.php?rest_route=\/wp\/v2\/posts\/51614\/revisions"}],"predecessor-version":[{"id":51616,"href":"http:\/\/www.spaziotorino.it\/scatto\/index.php?rest_route=\/wp\/v2\/posts\/51614\/revisions\/51616"}],"wp:attachment":[{"href":"http:\/\/www.spaziotorino.it\/scatto\/index.php?rest_route=%2Fwp%2Fv2%2Fmedia&parent=51614"}],"wp:term":[{"taxonomy":"category","embeddable":true,"href":"http:\/\/www.spaziotorino.it\/scatto\/index.php?rest_route=%2Fwp%2Fv2%2Fcategories&post=51614"},{"taxonomy":"post_tag","embeddable":true,"href":"http:\/\/www.spaziotorino.it\/scatto\/index.php?rest_route=%2Fwp%2Fv2%2Ftags&post=51614"}],"curies":[{"name":"wp","href":"https:\/\/api.w.org\/{rel}","templated":true}]}}