{"id":51647,"date":"2024-09-13T11:15:15","date_gmt":"2024-09-13T10:15:15","guid":{"rendered":"http:\/\/www.spaziotorino.it\/scatto\/?p=51647"},"modified":"2024-09-13T17:17:38","modified_gmt":"2024-09-13T16:17:38","slug":"festival-dellaccoglienza-dal-14-settembre-al-31-ottobre-un-cammino-da-fare-insieme","status":"publish","type":"post","link":"http:\/\/www.spaziotorino.it\/scatto\/?p=51647","title":{"rendered":"Festival dell\u2019Accoglienza. Dal 14 settembre al 31 ottobre \u2018Un cammino da fare insieme\u2019"},"content":{"rendered":"<p><a class=\"ngg-fancybox\" title=\"Festival dell\u2019Accoglienza. Dal 14 settembre al 31 ottobre \u2018Un cammino da fare insieme\u2019\" href=\"http:\/\/www.spaziotorino.it\/scatto\/wp-content\/gallery\/2024_09_13_accoglienza\/PLA_2241.jpg\" rel=\"lightbox[set_2287]\"><br \/>\n<img decoding=\"async\" loading=\"lazy\" class=\"ngg-singlepic\" title=\"Festival dell\u2019Accoglienza. Dal 14 settembre al 31 ottobre \u2018Un cammino da fare insieme\u2019\" src=\"http:\/\/www.spaziotorino.it\/scatto\/wp-content\/gallery\/2024_09_13_accoglienza\/PLA_2241.jpg\" alt=\"\" width=\"540\" height=\"360\"\/><\/a><\/p>\n<!-- index.php -->\n<div\n\tclass=\"ngg-galleryoverview ngg-ajax-pagination-none\"\n\tid=\"ngg-gallery-6bda63952b0b79c12724a35147beb654-1\">\n\n    \t\t<!-- Thumbnails -->\n\t\t\t\t<div id=\"ngg-image-0\" class=\"ngg-gallery-thumbnail-box\" >\n\t\t\t\t        <div class=\"ngg-gallery-thumbnail\">\n            <a href=\"http:\/\/www.spaziotorino.it\/scatto\/wp-content\/gallery\/2024_09_13_accoglienza\/PLA_2261.jpg\"\n               title=\"In  sala Colonne presentato il Festival dell&#039;Accoglienza 2024\"\n               data-src=\"http:\/\/www.spaziotorino.it\/scatto\/wp-content\/gallery\/2024_09_13_accoglienza\/PLA_2261.jpg\"\n               data-thumbnail=\"http:\/\/www.spaziotorino.it\/scatto\/wp-content\/gallery\/2024_09_13_accoglienza\/thumbs\/thumbs_PLA_2261.jpg\"\n               data-image-id=\"33703\"\n               data-title=\"In  sala Colonne presentato il Festival dell&#039;Accoglienza 2024\"\n               data-description=\"In  sala Colonne presentato il Festival dell&#039;Accoglienza 2024\"\n               data-image-slug=\"pla_2261-1\"\n               class=\"ngg-fancybox\" rel=\"6bda63952b0b79c12724a35147beb654\">\n                <img\n                    title=\"In  sala Colonne presentato il Festival dell&#039;Accoglienza 2024\"\n                    alt=\"In  sala Colonne presentato il Festival dell&#039;Accoglienza 2024\"\n                    src=\"http:\/\/www.spaziotorino.it\/scatto\/wp-content\/gallery\/2024_09_13_accoglienza\/cache\/PLA_2261.jpg-nggid0533703-ngg0dyn-60x60x100-00f0w010c011r110f110r010t010.jpg\"\n                    width=\"60\"\n                    height=\"60\"\n                    style=\"max-width:100%;\"\n                \/>\n            <\/a>\n        <\/div>\n\t\t\t\t\t\t\t<\/div> \n\t\t\t\n        \n\t\t\t\t<div id=\"ngg-image-1\" class=\"ngg-gallery-thumbnail-box\" >\n\t\t\t\t        <div class=\"ngg-gallery-thumbnail\">\n            <a href=\"http:\/\/www.spaziotorino.it\/scatto\/wp-content\/gallery\/2024_09_13_accoglienza\/PLA_2269.jpg\"\n               title=\"Venerd\u00ec 13 settembre 2024Palazzo Civico, sala Colonne: il sindaco Lo Russo interviene alla conferenza stampa di presentazione del Festival dell&#039;Accoglienza 2024. Sono presenti gli assessori Rosatelli e Tresso\"\n               data-src=\"http:\/\/www.spaziotorino.it\/scatto\/wp-content\/gallery\/2024_09_13_accoglienza\/PLA_2269.jpg\"\n               data-thumbnail=\"http:\/\/www.spaziotorino.it\/scatto\/wp-content\/gallery\/2024_09_13_accoglienza\/thumbs\/thumbs_PLA_2269.jpg\"\n               data-image-id=\"33701\"\n               data-title=\"Venerd\u00ec 13 settembre 2024Palazzo Civico, sala Colonne: il sindaco Lo Russo interviene alla conferenza stampa di presentazione del Festival dell&#039;Accoglienza 2024. Sono presenti gli assessori Rosatelli e Tresso\"\n               data-description=\"Venerd\u00ec 13 settembre 2024Palazzo Civico, sala Colonne: il sindaco Lo Russo interviene alla conferenza stampa di presentazione del Festival dell&#039;Accoglienza 2024. Sono presenti gli assessori Rosatelli e Tresso\"\n               data-image-slug=\"pla_2269\"\n               class=\"ngg-fancybox\" rel=\"6bda63952b0b79c12724a35147beb654\">\n                <img\n                    title=\"Venerd\u00ec 13 settembre 2024Palazzo Civico, sala Colonne: il sindaco Lo Russo interviene alla conferenza stampa di presentazione del Festival dell&#039;Accoglienza 2024. Sono presenti gli assessori Rosatelli e Tresso\"\n                    alt=\"Venerd\u00ec 13 settembre 2024Palazzo Civico, sala Colonne: il sindaco Lo Russo interviene alla conferenza stampa di presentazione del Festival dell&#039;Accoglienza 2024. Sono presenti gli assessori Rosatelli e Tresso\"\n                    src=\"http:\/\/www.spaziotorino.it\/scatto\/wp-content\/gallery\/2024_09_13_accoglienza\/cache\/PLA_2269.jpg-nggid0533701-ngg0dyn-60x60x100-00f0w010c011r110f110r010t010.jpg\"\n                    width=\"60\"\n                    height=\"60\"\n                    style=\"max-width:100%;\"\n                \/>\n            <\/a>\n        <\/div>\n\t\t\t\t\t\t\t<\/div> \n\t\t\t\n        \n\t\t\t\t<div id=\"ngg-image-2\" class=\"ngg-gallery-thumbnail-box\" >\n\t\t\t\t        <div class=\"ngg-gallery-thumbnail\">\n            <a href=\"http:\/\/www.spaziotorino.it\/scatto\/wp-content\/gallery\/2024_09_13_accoglienza\/PLA_2274.jpg\"\n               title=\"In  sala Colonne presentato il Festival dell&#039;Accoglienza 2024\"\n               data-src=\"http:\/\/www.spaziotorino.it\/scatto\/wp-content\/gallery\/2024_09_13_accoglienza\/PLA_2274.jpg\"\n               data-thumbnail=\"http:\/\/www.spaziotorino.it\/scatto\/wp-content\/gallery\/2024_09_13_accoglienza\/thumbs\/thumbs_PLA_2274.jpg\"\n               data-image-id=\"33700\"\n               data-title=\"In  sala Colonne presentato il Festival dell&#039;Accoglienza 2024\"\n               data-description=\"In  sala Colonne presentato il Festival dell&#039;Accoglienza 2024\"\n               data-image-slug=\"pla_2274-1\"\n               class=\"ngg-fancybox\" rel=\"6bda63952b0b79c12724a35147beb654\">\n                <img\n                    title=\"In  sala Colonne presentato il Festival dell&#039;Accoglienza 2024\"\n                    alt=\"In  sala Colonne presentato il Festival dell&#039;Accoglienza 2024\"\n                    src=\"http:\/\/www.spaziotorino.it\/scatto\/wp-content\/gallery\/2024_09_13_accoglienza\/cache\/PLA_2274.jpg-nggid0533700-ngg0dyn-60x60x100-00f0w010c011r110f110r010t010.jpg\"\n                    width=\"60\"\n                    height=\"60\"\n                    style=\"max-width:100%;\"\n                \/>\n            <\/a>\n        <\/div>\n\t\t\t\t\t\t\t<\/div> \n\t\t\t\n        \n\t\t\t\t<div id=\"ngg-image-3\" class=\"ngg-gallery-thumbnail-box\" >\n\t\t\t\t        <div class=\"ngg-gallery-thumbnail\">\n            <a href=\"http:\/\/www.spaziotorino.it\/scatto\/wp-content\/gallery\/2024_09_13_accoglienza\/PLA_2301.jpg\"\n               title=\"l\u2019arcivescovo di Torino, Roberto Repole\"\n               data-src=\"http:\/\/www.spaziotorino.it\/scatto\/wp-content\/gallery\/2024_09_13_accoglienza\/PLA_2301.jpg\"\n               data-thumbnail=\"http:\/\/www.spaziotorino.it\/scatto\/wp-content\/gallery\/2024_09_13_accoglienza\/thumbs\/thumbs_PLA_2301.jpg\"\n               data-image-id=\"33699\"\n               data-title=\"l\u2019arcivescovo di Torino, Roberto Repole\"\n               data-description=\"l\u2019arcivescovo di Torino, Roberto Repole\"\n               data-image-slug=\"pla_2301\"\n               class=\"ngg-fancybox\" rel=\"6bda63952b0b79c12724a35147beb654\">\n                <img\n                    title=\"l\u2019arcivescovo di Torino, Roberto Repole\"\n                    alt=\"l\u2019arcivescovo di Torino, Roberto Repole\"\n                    src=\"http:\/\/www.spaziotorino.it\/scatto\/wp-content\/gallery\/2024_09_13_accoglienza\/cache\/PLA_2301.jpg-nggid0533699-ngg0dyn-60x60x100-00f0w010c011r110f110r010t010.jpg\"\n                    width=\"60\"\n                    height=\"60\"\n                    style=\"max-width:100%;\"\n                \/>\n            <\/a>\n        <\/div>\n\t\t\t\t\t\t\t<\/div> \n\t\t\t\n        \n\t\t\t\t<div id=\"ngg-image-4\" class=\"ngg-gallery-thumbnail-box\" >\n\t\t\t\t        <div class=\"ngg-gallery-thumbnail\">\n            <a href=\"http:\/\/www.spaziotorino.it\/scatto\/wp-content\/gallery\/2024_09_13_accoglienza\/PLA_2329.jpg\"\n               title=\"Il Sindaco Stefano Lo Russo interviene alla conferenza stampa di presentazione del Festival dell&#039;Accoglienza 2024\"\n               data-src=\"http:\/\/www.spaziotorino.it\/scatto\/wp-content\/gallery\/2024_09_13_accoglienza\/PLA_2329.jpg\"\n               data-thumbnail=\"http:\/\/www.spaziotorino.it\/scatto\/wp-content\/gallery\/2024_09_13_accoglienza\/thumbs\/thumbs_PLA_2329.jpg\"\n               data-image-id=\"33698\"\n               data-title=\"Il Sindaco Stefano Lo Russo interviene alla conferenza stampa di presentazione del Festival dell&#039;Accoglienza 2024\"\n               data-description=\"Il Sindaco Stefano Lo Russo interviene alla conferenza stampa di presentazione del Festival dell&#039;Accoglienza 2024\"\n               data-image-slug=\"pla_2329\"\n               class=\"ngg-fancybox\" rel=\"6bda63952b0b79c12724a35147beb654\">\n                <img\n                    title=\"Il Sindaco Stefano Lo Russo interviene alla conferenza stampa di presentazione del Festival dell&#039;Accoglienza 2024\"\n                    alt=\"Il Sindaco Stefano Lo Russo interviene alla conferenza stampa di presentazione del Festival dell&#039;Accoglienza 2024\"\n                    src=\"http:\/\/www.spaziotorino.it\/scatto\/wp-content\/gallery\/2024_09_13_accoglienza\/cache\/PLA_2329.jpg-nggid0533698-ngg0dyn-60x60x100-00f0w010c011r110f110r010t010.jpg\"\n                    width=\"60\"\n                    height=\"60\"\n                    style=\"max-width:100%;\"\n                \/>\n            <\/a>\n        <\/div>\n\t\t\t\t\t\t\t<\/div> \n\t\t\t\n        \n\t\t\t\t<div id=\"ngg-image-5\" class=\"ngg-gallery-thumbnail-box\" >\n\t\t\t\t        <div class=\"ngg-gallery-thumbnail\">\n            <a href=\"http:\/\/www.spaziotorino.it\/scatto\/wp-content\/gallery\/2024_09_13_accoglienza\/PLA_2344.jpg\"\n               title=\"In  sala Colonne presentato il Festival dell&#039;Accoglienza 2024\"\n               data-src=\"http:\/\/www.spaziotorino.it\/scatto\/wp-content\/gallery\/2024_09_13_accoglienza\/PLA_2344.jpg\"\n               data-thumbnail=\"http:\/\/www.spaziotorino.it\/scatto\/wp-content\/gallery\/2024_09_13_accoglienza\/thumbs\/thumbs_PLA_2344.jpg\"\n               data-image-id=\"33704\"\n               data-title=\"In  sala Colonne presentato il Festival dell&#039;Accoglienza 2024\"\n               data-description=\"In  sala Colonne presentato il Festival dell&#039;Accoglienza 2024\"\n               data-image-slug=\"pla_2344-2\"\n               class=\"ngg-fancybox\" rel=\"6bda63952b0b79c12724a35147beb654\">\n                <img\n                    title=\"In  sala Colonne presentato il Festival dell&#039;Accoglienza 2024\"\n                    alt=\"In  sala Colonne presentato il Festival dell&#039;Accoglienza 2024\"\n                    src=\"http:\/\/www.spaziotorino.it\/scatto\/wp-content\/gallery\/2024_09_13_accoglienza\/cache\/PLA_2344.jpg-nggid0533704-ngg0dyn-60x60x100-00f0w010c011r110f110r010t010.jpg\"\n                    width=\"60\"\n                    height=\"60\"\n                    style=\"max-width:100%;\"\n                \/>\n            <\/a>\n        <\/div>\n\t\t\t\t\t\t\t<\/div> \n\t\t\t\n        \n\t\t\t\t<div id=\"ngg-image-6\" class=\"ngg-gallery-thumbnail-box\" >\n\t\t\t\t        <div class=\"ngg-gallery-thumbnail\">\n            <a href=\"http:\/\/www.spaziotorino.it\/scatto\/wp-content\/gallery\/2024_09_13_accoglienza\/PLA_2351.jpg\"\n               title=\"Festival dell\u2019Accoglienza. Dal 14 settembre al 31 ottobre \u2018Un cammino da fare insieme\u2019\"\n               data-src=\"http:\/\/www.spaziotorino.it\/scatto\/wp-content\/gallery\/2024_09_13_accoglienza\/PLA_2351.jpg\"\n               data-thumbnail=\"http:\/\/www.spaziotorino.it\/scatto\/wp-content\/gallery\/2024_09_13_accoglienza\/thumbs\/thumbs_PLA_2351.jpg\"\n               data-image-id=\"33705\"\n               data-title=\"Festival dell\u2019Accoglienza. Dal 14 settembre al 31 ottobre \u2018Un cammino da fare insieme\u2019\"\n               data-description=\"Festival dell\u2019Accoglienza. Dal 14 settembre al 31 ottobre \u2018Un cammino da fare insieme\u2019\"\n               data-image-slug=\"pla_2351-1\"\n               class=\"ngg-fancybox\" rel=\"6bda63952b0b79c12724a35147beb654\">\n                <img\n                    title=\"Festival dell\u2019Accoglienza. Dal 14 settembre al 31 ottobre \u2018Un cammino da fare insieme\u2019\"\n                    alt=\"Festival dell\u2019Accoglienza. Dal 14 settembre al 31 ottobre \u2018Un cammino da fare insieme\u2019\"\n                    src=\"http:\/\/www.spaziotorino.it\/scatto\/wp-content\/gallery\/2024_09_13_accoglienza\/cache\/PLA_2351.jpg-nggid0533705-ngg0dyn-60x60x100-00f0w010c011r110f110r010t010.jpg\"\n                    width=\"60\"\n                    height=\"60\"\n                    style=\"max-width:100%;\"\n                \/>\n            <\/a>\n        <\/div>\n\t\t\t\t\t\t\t<\/div> \n\t\t\t\n        \n\t\t\t\t<div id=\"ngg-image-7\" class=\"ngg-gallery-thumbnail-box\" >\n\t\t\t\t        <div class=\"ngg-gallery-thumbnail\">\n            <a href=\"http:\/\/www.spaziotorino.it\/scatto\/wp-content\/gallery\/2024_09_13_accoglienza\/PLA_2358.jpg\"\n               title=\"Festival dell\u2019Accoglienza. Dal 14 settembre al 31 ottobre \u2018Un cammino da fare insieme\u2019\"\n               data-src=\"http:\/\/www.spaziotorino.it\/scatto\/wp-content\/gallery\/2024_09_13_accoglienza\/PLA_2358.jpg\"\n               data-thumbnail=\"http:\/\/www.spaziotorino.it\/scatto\/wp-content\/gallery\/2024_09_13_accoglienza\/thumbs\/thumbs_PLA_2358.jpg\"\n               data-image-id=\"33706\"\n               data-title=\"Festival dell\u2019Accoglienza. Dal 14 settembre al 31 ottobre \u2018Un cammino da fare insieme\u2019\"\n               data-description=\"Festival dell\u2019Accoglienza. Dal 14 settembre al 31 ottobre \u2018Un cammino da fare insieme\u2019\"\n               data-image-slug=\"pla_2358\"\n               class=\"ngg-fancybox\" rel=\"6bda63952b0b79c12724a35147beb654\">\n                <img\n                    title=\"Festival dell\u2019Accoglienza. Dal 14 settembre al 31 ottobre \u2018Un cammino da fare insieme\u2019\"\n                    alt=\"Festival dell\u2019Accoglienza. Dal 14 settembre al 31 ottobre \u2018Un cammino da fare insieme\u2019\"\n                    src=\"http:\/\/www.spaziotorino.it\/scatto\/wp-content\/gallery\/2024_09_13_accoglienza\/cache\/PLA_2358.jpg-nggid0533706-ngg0dyn-60x60x100-00f0w010c011r110f110r010t010.jpg\"\n                    width=\"60\"\n                    height=\"60\"\n                    style=\"max-width:100%;\"\n                \/>\n            <\/a>\n        <\/div>\n\t\t\t\t\t\t\t<\/div> \n\t\t\t\n        \n\t\t\n\t\t<!-- Pagination -->\n\t<div class='ngg-clear'><\/div>\t<\/div>\n\n<p>Pi\u00f9 di 100 eventi diffusi e oltre 150 ospiti. Sono i numeri con cui torna per il quarto anno il Festival dell\u2019Accoglienza, manifestazione&nbsp;promossa da Ufficio Pastorale Migranti e Associazione Generazioni Migranti con Fondazione Migrantes e Opera Barolo, e che per l\u2019edizione 2024 ha come tema \u2018Un cammino da fare insieme\u2019.<\/p>\n<p>\u201cPer noi \u2013 ha detto l\u2019arcivescovo di Torino, Roberto Repole \u2013 questo evento ha una valenza grandissima, incontrare lo straniero e accoglierlo per noi ha la valenza mistica di incontrare Cristo e ci permette di scoprire che c\u2019\u00e8 uno straniero in ogni uomo\u201d. \u201cQuello che mi cattura subito di questo appuntamento \u00e8 la memoria che faremo di tutti i morti che non sono riusciti neppure a diventare stranieri, perch\u00e9 sono stati inghiottiti dal mare o da qualche altra calamit\u00e0\u201d, ha aggiunto sottolineando che \u201co una societ\u00e0 \u00e8 fondata sull\u2019<em>accoglienza<\/em>&nbsp;o non \u00e8 una societ\u00e0\u201d.<\/p>\n<p>\u201cPer noi \u2013 ha detto l\u2019arcivescovo di Torino, Roberto Repole \u2013 questo evento ha una valenza grandissima, incontrare lo straniero e accoglierlo per noi ha la valenza mistica di incontrare Cristo e ci permette di scoprire che c\u2019\u00e8 uno straniero in ogni uomo\u201d. \u201cQuello che mi cattura subito di questo appuntamento \u00e8 la memoria che faremo di tutti i morti che non sono riusciti neppure a diventare stranieri, perch\u00e9 sono stati inghiottiti dal mare o da qualche altra calamit\u00e0\u201d, ha aggiunto sottolineando che \u201co una societ\u00e0 \u00e8 fondata sull\u2019<em>accoglienza<\/em>&nbsp;o non \u00e8 una societ\u00e0\u201d.<\/p>\n<p>Tema evidenziato anche dal sindaco Stefano Lo Russo che ha ricordato come Torino sia una citt\u00e0 \u201cche per molto tempo \u00e8 stata di frontiera e ha sempre rappresentato un\u2019occasione di riscatto, di una vita migliore, ha trovato in questo le sue cifre caratterizzati e deve continuare a porre l\u2019<em>accoglienza<\/em>&nbsp;come sua cifra distintiva\u201d.<\/p>\n<p>Il Festival, sostenuto da Compagnia di San Paolo e Fondazione Crt, raggiunger\u00e0 anche Trieste per una tre giorni \u2018alle porte dell\u2019Italia\u2019. \u201cUn festival di comunit\u00e0 \u2013 conclude il curatore Sergio Durando \u2013 che si sviluppa in un periodo in cui crescono la chiusura, le guerre, i fenomeni di caporalato e di sfruttamento e il filo conduttore di molti incontri sar\u00e0 l\u2019esperienza della convivenza e l\u2019impegno per la pace\u201d.<\/p>\n<p>Maggiori informazioni sul sito <strong><a href=\"https:\/\/festivalaccoglienzatorino.it\/\">festivalaccoglienzatorino.it<\/a><\/strong><\/p>\n","protected":false},"excerpt":{"rendered":"<p>Pi\u00f9 di 100 eventi diffusi e oltre 150 ospiti. Sono i numeri con cui torna per il quarto anno il Festival dell\u2019Accoglienza, manifestazione&nbsp;promossa da Ufficio Pastorale Migranti e Associazione Generazioni Migranti con Fondazione Migrantes e Opera Barolo, e che per l\u2019edizione 2024 ha come tema \u2018Un cammino da fare insieme\u2019. \u201cPer noi \u2013 ha detto [&hellip;]<\/p>\n","protected":false},"author":1,"featured_media":0,"comment_status":"closed","ping_status":"open","sticky":false,"template":"","format":"standard","meta":{"ngg_post_thumbnail":0},"categories":[1,41,895],"tags":[],"_links":{"self":[{"href":"http:\/\/www.spaziotorino.it\/scatto\/index.php?rest_route=\/wp\/v2\/posts\/51647"}],"collection":[{"href":"http:\/\/www.spaziotorino.it\/scatto\/index.php?rest_route=\/wp\/v2\/posts"}],"about":[{"href":"http:\/\/www.spaziotorino.it\/scatto\/index.php?rest_route=\/wp\/v2\/types\/post"}],"author":[{"embeddable":true,"href":"http:\/\/www.spaziotorino.it\/scatto\/index.php?rest_route=\/wp\/v2\/users\/1"}],"replies":[{"embeddable":true,"href":"http:\/\/www.spaziotorino.it\/scatto\/index.php?rest_route=%2Fwp%2Fv2%2Fcomments&post=51647"}],"version-history":[{"count":1,"href":"http:\/\/www.spaziotorino.it\/scatto\/index.php?rest_route=\/wp\/v2\/posts\/51647\/revisions"}],"predecessor-version":[{"id":51649,"href":"http:\/\/www.spaziotorino.it\/scatto\/index.php?rest_route=\/wp\/v2\/posts\/51647\/revisions\/51649"}],"wp:attachment":[{"href":"http:\/\/www.spaziotorino.it\/scatto\/index.php?rest_route=%2Fwp%2Fv2%2Fmedia&parent=51647"}],"wp:term":[{"taxonomy":"category","embeddable":true,"href":"http:\/\/www.spaziotorino.it\/scatto\/index.php?rest_route=%2Fwp%2Fv2%2Fcategories&post=51647"},{"taxonomy":"post_tag","embeddable":true,"href":"http:\/\/www.spaziotorino.it\/scatto\/index.php?rest_route=%2Fwp%2Fv2%2Ftags&post=51647"}],"curies":[{"name":"wp","href":"https:\/\/api.w.org\/{rel}","templated":true}]}}