{"id":51933,"date":"2024-10-02T13:03:08","date_gmt":"2024-10-02T12:03:08","guid":{"rendered":"http:\/\/www.spaziotorino.it\/scatto\/?p=51933"},"modified":"2024-10-02T13:03:08","modified_gmt":"2024-10-02T12:03:08","slug":"inaugurato-il-murale-sulla-facciata-della-succursale-del-liceo-artistico-cottini","status":"publish","type":"post","link":"http:\/\/www.spaziotorino.it\/scatto\/?p=51933","title":{"rendered":"Inaugurato il murale sulla facciata della succursale del Liceo Artistico Cottini"},"content":{"rendered":"<p><a class=\"ngg-fancybox\" title=\"Inaugurato il murale sulla facciata della succursale del Liceo Artistico Cottini\" href=\"http:\/\/www.spaziotorino.it\/scatto\/wp-content\/gallery\/2024_10_02_cottini\/PLA_6911.jpg\" rel=\"lightbox[set_2305]\"><br \/>\n<img decoding=\"async\" loading=\"lazy\" class=\"ngg-singlepic\" title=\"Inaugurato il murale sulla facciata della succursale del Liceo Artistico Cottini\" src=\"http:\/\/www.spaziotorino.it\/scatto\/wp-content\/gallery\/2024_10_02_cottini\/PLA_6911.jpg\" alt=\"\" width=\"540\" height=\"360\"\/><\/a><\/p>\n<!-- index.php -->\n<div\n\tclass=\"ngg-galleryoverview ngg-ajax-pagination-none\"\n\tid=\"ngg-gallery-3a8e85b124884224ad4920e6fc56e8c4-1\">\n\n    \t\t<!-- Thumbnails -->\n\t\t\t\t<div id=\"ngg-image-0\" class=\"ngg-gallery-thumbnail-box\" >\n\t\t\t\t        <div class=\"ngg-gallery-thumbnail\">\n            <a href=\"http:\/\/www.spaziotorino.it\/scatto\/wp-content\/gallery\/2024_10_02_cottini\/PLA_6824.jpg\"\n               title=\"Inaugurato il murale sulla facciata della succursale del Liceo Artistico Cottini\"\n               data-src=\"http:\/\/www.spaziotorino.it\/scatto\/wp-content\/gallery\/2024_10_02_cottini\/PLA_6824.jpg\"\n               data-thumbnail=\"http:\/\/www.spaziotorino.it\/scatto\/wp-content\/gallery\/2024_10_02_cottini\/thumbs\/thumbs_PLA_6824.jpg\"\n               data-image-id=\"33903\"\n               data-title=\"Inaugurato il murale sulla facciata della succursale del Liceo Artistico Cottini\"\n               data-description=\"Inaugurato il murale sulla facciata della succursale del Liceo Artistico Cottini\"\n               data-image-slug=\"pla_6824-2\"\n               class=\"ngg-fancybox\" rel=\"3a8e85b124884224ad4920e6fc56e8c4\">\n                <img\n                    title=\"Inaugurato il murale sulla facciata della succursale del Liceo Artistico Cottini\"\n                    alt=\"Inaugurato il murale sulla facciata della succursale del Liceo Artistico Cottini\"\n                    src=\"http:\/\/www.spaziotorino.it\/scatto\/wp-content\/gallery\/2024_10_02_cottini\/cache\/PLA_6824.jpg-nggid0533903-ngg0dyn-60x60x100-00f0w010c011r110f110r010t010.jpg\"\n                    width=\"60\"\n                    height=\"60\"\n                    style=\"max-width:100%;\"\n                \/>\n            <\/a>\n        <\/div>\n\t\t\t\t\t\t\t<\/div> \n\t\t\t\n        \n\t\t\t\t<div id=\"ngg-image-1\" class=\"ngg-gallery-thumbnail-box\" >\n\t\t\t\t        <div class=\"ngg-gallery-thumbnail\">\n            <a href=\"http:\/\/www.spaziotorino.it\/scatto\/wp-content\/gallery\/2024_10_02_cottini\/PLA_6829.jpg\"\n               title=\"Inaugurato il murale sulla facciata della succursale del Liceo Artistico Cottini\"\n               data-src=\"http:\/\/www.spaziotorino.it\/scatto\/wp-content\/gallery\/2024_10_02_cottini\/PLA_6829.jpg\"\n               data-thumbnail=\"http:\/\/www.spaziotorino.it\/scatto\/wp-content\/gallery\/2024_10_02_cottini\/thumbs\/thumbs_PLA_6829.jpg\"\n               data-image-id=\"33898\"\n               data-title=\"Inaugurato il murale sulla facciata della succursale del Liceo Artistico Cottini\"\n               data-description=\"Inaugurato il murale sulla facciata della succursale del Liceo Artistico Cottini\"\n               data-image-slug=\"pla_6829-1\"\n               class=\"ngg-fancybox\" rel=\"3a8e85b124884224ad4920e6fc56e8c4\">\n                <img\n                    title=\"Inaugurato il murale sulla facciata della succursale del Liceo Artistico Cottini\"\n                    alt=\"Inaugurato il murale sulla facciata della succursale del Liceo Artistico Cottini\"\n                    src=\"http:\/\/www.spaziotorino.it\/scatto\/wp-content\/gallery\/2024_10_02_cottini\/cache\/PLA_6829.jpg-nggid0533898-ngg0dyn-60x60x100-00f0w010c011r110f110r010t010.jpg\"\n                    width=\"60\"\n                    height=\"60\"\n                    style=\"max-width:100%;\"\n                \/>\n            <\/a>\n        <\/div>\n\t\t\t\t\t\t\t<\/div> \n\t\t\t\n        \n\t\t\t\t<div id=\"ngg-image-2\" class=\"ngg-gallery-thumbnail-box\" >\n\t\t\t\t        <div class=\"ngg-gallery-thumbnail\">\n            <a href=\"http:\/\/www.spaziotorino.it\/scatto\/wp-content\/gallery\/2024_10_02_cottini\/PLA_6832.jpg\"\n               title=\"Carlotta Salerno e Francesca Nigra\"\n               data-src=\"http:\/\/www.spaziotorino.it\/scatto\/wp-content\/gallery\/2024_10_02_cottini\/PLA_6832.jpg\"\n               data-thumbnail=\"http:\/\/www.spaziotorino.it\/scatto\/wp-content\/gallery\/2024_10_02_cottini\/thumbs\/thumbs_PLA_6832.jpg\"\n               data-image-id=\"33902\"\n               data-title=\"Carlotta Salerno e Francesca Nigra\"\n               data-description=\"Carlotta Salerno e Francesca Nigra\"\n               data-image-slug=\"pla_6832-1\"\n               class=\"ngg-fancybox\" rel=\"3a8e85b124884224ad4920e6fc56e8c4\">\n                <img\n                    title=\"Carlotta Salerno e Francesca Nigra\"\n                    alt=\"Carlotta Salerno e Francesca Nigra\"\n                    src=\"http:\/\/www.spaziotorino.it\/scatto\/wp-content\/gallery\/2024_10_02_cottini\/cache\/PLA_6832.jpg-nggid0533902-ngg0dyn-60x60x100-00f0w010c011r110f110r010t010.jpg\"\n                    width=\"60\"\n                    height=\"60\"\n                    style=\"max-width:100%;\"\n                \/>\n            <\/a>\n        <\/div>\n\t\t\t\t\t\t\t<\/div> \n\t\t\t\n        \n\t\t\t\t<div id=\"ngg-image-3\" class=\"ngg-gallery-thumbnail-box\" >\n\t\t\t\t        <div class=\"ngg-gallery-thumbnail\">\n            <a href=\"http:\/\/www.spaziotorino.it\/scatto\/wp-content\/gallery\/2024_10_02_cottini\/PLA_6840.jpg\"\n               title=\"Francesca Nigra, in arte Nice and the Fox, autrice del murales realizzato sulla facciata della succursale del Liceo Artistico Statale Renato Cottini\"\n               data-src=\"http:\/\/www.spaziotorino.it\/scatto\/wp-content\/gallery\/2024_10_02_cottini\/PLA_6840.jpg\"\n               data-thumbnail=\"http:\/\/www.spaziotorino.it\/scatto\/wp-content\/gallery\/2024_10_02_cottini\/thumbs\/thumbs_PLA_6840.jpg\"\n               data-image-id=\"33899\"\n               data-title=\"Francesca Nigra, in arte Nice and the Fox, autrice del murales realizzato sulla facciata della succursale del Liceo Artistico Statale Renato Cottini\"\n               data-description=\"Francesca Nigra, in arte Nice and the Fox, autrice del murales realizzato sulla facciata della succursale del Liceo Artistico Statale Renato Cottini\"\n               data-image-slug=\"pla_6840-2\"\n               class=\"ngg-fancybox\" rel=\"3a8e85b124884224ad4920e6fc56e8c4\">\n                <img\n                    title=\"Francesca Nigra, in arte Nice and the Fox, autrice del murales realizzato sulla facciata della succursale del Liceo Artistico Statale Renato Cottini\"\n                    alt=\"Francesca Nigra, in arte Nice and the Fox, autrice del murales realizzato sulla facciata della succursale del Liceo Artistico Statale Renato Cottini\"\n                    src=\"http:\/\/www.spaziotorino.it\/scatto\/wp-content\/gallery\/2024_10_02_cottini\/cache\/PLA_6840.jpg-nggid0533899-ngg0dyn-60x60x100-00f0w010c011r110f110r010t010.jpg\"\n                    width=\"60\"\n                    height=\"60\"\n                    style=\"max-width:100%;\"\n                \/>\n            <\/a>\n        <\/div>\n\t\t\t\t\t\t\t<\/div> \n\t\t\t\n        \n\t\t\t\t<div id=\"ngg-image-4\" class=\"ngg-gallery-thumbnail-box\" >\n\t\t\t\t        <div class=\"ngg-gallery-thumbnail\">\n            <a href=\"http:\/\/www.spaziotorino.it\/scatto\/wp-content\/gallery\/2024_10_02_cottini\/PLA_6863.jpg\"\n               title=\"L&#039;intervento dell&#039;assessora Salerno all&#039;inaugurazione del murale &quot;Uno sguardo al futuro&quot;\"\n               data-src=\"http:\/\/www.spaziotorino.it\/scatto\/wp-content\/gallery\/2024_10_02_cottini\/PLA_6863.jpg\"\n               data-thumbnail=\"http:\/\/www.spaziotorino.it\/scatto\/wp-content\/gallery\/2024_10_02_cottini\/thumbs\/thumbs_PLA_6863.jpg\"\n               data-image-id=\"33901\"\n               data-title=\"L&#039;intervento dell&#039;assessora Salerno all&#039;inaugurazione del murale &quot;Uno sguardo al futuro&quot;\"\n               data-description=\"L&#039;intervento dell&#039;assessora Salerno all&#039;inaugurazione del murale &quot;Uno sguardo al futuro&quot;\"\n               data-image-slug=\"pla_6863-1\"\n               class=\"ngg-fancybox\" rel=\"3a8e85b124884224ad4920e6fc56e8c4\">\n                <img\n                    title=\"L&#039;intervento dell&#039;assessora Salerno all&#039;inaugurazione del murale &quot;Uno sguardo al futuro&quot;\"\n                    alt=\"L&#039;intervento dell&#039;assessora Salerno all&#039;inaugurazione del murale &quot;Uno sguardo al futuro&quot;\"\n                    src=\"http:\/\/www.spaziotorino.it\/scatto\/wp-content\/gallery\/2024_10_02_cottini\/cache\/PLA_6863.jpg-nggid0533901-ngg0dyn-60x60x100-00f0w010c011r110f110r010t010.jpg\"\n                    width=\"60\"\n                    height=\"60\"\n                    style=\"max-width:100%;\"\n                \/>\n            <\/a>\n        <\/div>\n\t\t\t\t\t\t\t<\/div> \n\t\t\t\n        \n\t\t\t\t<div id=\"ngg-image-5\" class=\"ngg-gallery-thumbnail-box\" >\n\t\t\t\t        <div class=\"ngg-gallery-thumbnail\">\n            <a href=\"http:\/\/www.spaziotorino.it\/scatto\/wp-content\/gallery\/2024_10_02_cottini\/PLA_6872.jpg\"\n               title=\"Inaugurato il murale sulla facciata della succursale del Liceo Artistico Cottini\"\n               data-src=\"http:\/\/www.spaziotorino.it\/scatto\/wp-content\/gallery\/2024_10_02_cottini\/PLA_6872.jpg\"\n               data-thumbnail=\"http:\/\/www.spaziotorino.it\/scatto\/wp-content\/gallery\/2024_10_02_cottini\/thumbs\/thumbs_PLA_6872.jpg\"\n               data-image-id=\"33900\"\n               data-title=\"Inaugurato il murale sulla facciata della succursale del Liceo Artistico Cottini\"\n               data-description=\"Inaugurato il murale sulla facciata della succursale del Liceo Artistico Cottini\"\n               data-image-slug=\"pla_6872-1\"\n               class=\"ngg-fancybox\" rel=\"3a8e85b124884224ad4920e6fc56e8c4\">\n                <img\n                    title=\"Inaugurato il murale sulla facciata della succursale del Liceo Artistico Cottini\"\n                    alt=\"Inaugurato il murale sulla facciata della succursale del Liceo Artistico Cottini\"\n                    src=\"http:\/\/www.spaziotorino.it\/scatto\/wp-content\/gallery\/2024_10_02_cottini\/cache\/PLA_6872.jpg-nggid0533900-ngg0dyn-60x60x100-00f0w010c011r110f110r010t010.jpg\"\n                    width=\"60\"\n                    height=\"60\"\n                    style=\"max-width:100%;\"\n                \/>\n            <\/a>\n        <\/div>\n\t\t\t\t\t\t\t<\/div> \n\t\t\t\n        \n\t\t\t\t<div id=\"ngg-image-6\" class=\"ngg-gallery-thumbnail-box\" >\n\t\t\t\t        <div class=\"ngg-gallery-thumbnail\">\n            <a href=\"http:\/\/www.spaziotorino.it\/scatto\/wp-content\/gallery\/2024_10_02_cottini\/PLA_6880.jpg\"\n               title=\"Il murale realizzato dagli studenti sulla parete bassa del cortile della succursale\"\n               data-src=\"http:\/\/www.spaziotorino.it\/scatto\/wp-content\/gallery\/2024_10_02_cottini\/PLA_6880.jpg\"\n               data-thumbnail=\"http:\/\/www.spaziotorino.it\/scatto\/wp-content\/gallery\/2024_10_02_cottini\/thumbs\/thumbs_PLA_6880.jpg\"\n               data-image-id=\"33904\"\n               data-title=\"Il murale realizzato dagli studenti sulla parete bassa del cortile della succursale\"\n               data-description=\"Il murale realizzato dagli studenti sulla parete bassa del cortile della succursale\"\n               data-image-slug=\"pla_6880-2\"\n               class=\"ngg-fancybox\" rel=\"3a8e85b124884224ad4920e6fc56e8c4\">\n                <img\n                    title=\"Il murale realizzato dagli studenti sulla parete bassa del cortile della succursale\"\n                    alt=\"Il murale realizzato dagli studenti sulla parete bassa del cortile della succursale\"\n                    src=\"http:\/\/www.spaziotorino.it\/scatto\/wp-content\/gallery\/2024_10_02_cottini\/cache\/PLA_6880.jpg-nggid0533904-ngg0dyn-60x60x100-00f0w010c011r110f110r010t010.jpg\"\n                    width=\"60\"\n                    height=\"60\"\n                    style=\"max-width:100%;\"\n                \/>\n            <\/a>\n        <\/div>\n\t\t\t\t\t\t\t<\/div> \n\t\t\t\n        \n\t\t\t\t<div id=\"ngg-image-7\" class=\"ngg-gallery-thumbnail-box\" >\n\t\t\t\t        <div class=\"ngg-gallery-thumbnail\">\n            <a href=\"http:\/\/www.spaziotorino.it\/scatto\/wp-content\/gallery\/2024_10_02_cottini\/PLA_6887.jpg\"\n               title=\"Il murale realizzato dagli studenti sulla parete bassa del cortile della succursale\"\n               data-src=\"http:\/\/www.spaziotorino.it\/scatto\/wp-content\/gallery\/2024_10_02_cottini\/PLA_6887.jpg\"\n               data-thumbnail=\"http:\/\/www.spaziotorino.it\/scatto\/wp-content\/gallery\/2024_10_02_cottini\/thumbs\/thumbs_PLA_6887.jpg\"\n               data-image-id=\"33906\"\n               data-title=\"Il murale realizzato dagli studenti sulla parete bassa del cortile della succursale\"\n               data-description=\"Il murale realizzato dagli studenti sulla parete bassa del cortile della succursale\"\n               data-image-slug=\"pla_6887\"\n               class=\"ngg-fancybox\" rel=\"3a8e85b124884224ad4920e6fc56e8c4\">\n                <img\n                    title=\"Il murale realizzato dagli studenti sulla parete bassa del cortile della succursale\"\n                    alt=\"Il murale realizzato dagli studenti sulla parete bassa del cortile della succursale\"\n                    src=\"http:\/\/www.spaziotorino.it\/scatto\/wp-content\/gallery\/2024_10_02_cottini\/cache\/PLA_6887.jpg-nggid0533906-ngg0dyn-60x60x100-00f0w010c011r110f110r010t010.jpg\"\n                    width=\"60\"\n                    height=\"60\"\n                    style=\"max-width:100%;\"\n                \/>\n            <\/a>\n        <\/div>\n\t\t\t\t\t\t\t<\/div> \n\t\t\t\n        \n\t\t\t\t<div id=\"ngg-image-8\" class=\"ngg-gallery-thumbnail-box\" >\n\t\t\t\t        <div class=\"ngg-gallery-thumbnail\">\n            <a href=\"http:\/\/www.spaziotorino.it\/scatto\/wp-content\/gallery\/2024_10_02_cottini\/PLA_6899.jpg\"\n               title=\"\u2018Uno Sguardo al Futuro\u2019\"\n               data-src=\"http:\/\/www.spaziotorino.it\/scatto\/wp-content\/gallery\/2024_10_02_cottini\/PLA_6899.jpg\"\n               data-thumbnail=\"http:\/\/www.spaziotorino.it\/scatto\/wp-content\/gallery\/2024_10_02_cottini\/thumbs\/thumbs_PLA_6899.jpg\"\n               data-image-id=\"33909\"\n               data-title=\"\u2018Uno Sguardo al Futuro\u2019\"\n               data-description=\"\u2018Uno Sguardo al Futuro\u2019\"\n               data-image-slug=\"pla_6899-2\"\n               class=\"ngg-fancybox\" rel=\"3a8e85b124884224ad4920e6fc56e8c4\">\n                <img\n                    title=\"\u2018Uno Sguardo al Futuro\u2019\"\n                    alt=\"\u2018Uno Sguardo al Futuro\u2019\"\n                    src=\"http:\/\/www.spaziotorino.it\/scatto\/wp-content\/gallery\/2024_10_02_cottini\/cache\/PLA_6899.jpg-nggid0533909-ngg0dyn-60x60x100-00f0w010c011r110f110r010t010.jpg\"\n                    width=\"60\"\n                    height=\"60\"\n                    style=\"max-width:100%;\"\n                \/>\n            <\/a>\n        <\/div>\n\t\t\t\t\t\t\t<\/div> \n\t\t\t\n        \n\t\t\t\t<div id=\"ngg-image-9\" class=\"ngg-gallery-thumbnail-box\" >\n\t\t\t\t        <div class=\"ngg-gallery-thumbnail\">\n            <a href=\"http:\/\/www.spaziotorino.it\/scatto\/wp-content\/gallery\/2024_10_02_cottini\/PLA_6900.jpg\"\n               title=\"\u2018Uno Sguardo al Futuro\u2019\"\n               data-src=\"http:\/\/www.spaziotorino.it\/scatto\/wp-content\/gallery\/2024_10_02_cottini\/PLA_6900.jpg\"\n               data-thumbnail=\"http:\/\/www.spaziotorino.it\/scatto\/wp-content\/gallery\/2024_10_02_cottini\/thumbs\/thumbs_PLA_6900.jpg\"\n               data-image-id=\"33908\"\n               data-title=\"\u2018Uno Sguardo al Futuro\u2019\"\n               data-description=\"\u2018Uno Sguardo al Futuro\u2019\"\n               data-image-slug=\"pla_6900\"\n               class=\"ngg-fancybox\" rel=\"3a8e85b124884224ad4920e6fc56e8c4\">\n                <img\n                    title=\"\u2018Uno Sguardo al Futuro\u2019\"\n                    alt=\"\u2018Uno Sguardo al Futuro\u2019\"\n                    src=\"http:\/\/www.spaziotorino.it\/scatto\/wp-content\/gallery\/2024_10_02_cottini\/cache\/PLA_6900.jpg-nggid0533908-ngg0dyn-60x60x100-00f0w010c011r110f110r010t010.jpg\"\n                    width=\"60\"\n                    height=\"60\"\n                    style=\"max-width:100%;\"\n                \/>\n            <\/a>\n        <\/div>\n\t\t\t\t\t\t\t<\/div> \n\t\t\t\n        \n\t\t\t\t<div id=\"ngg-image-10\" class=\"ngg-gallery-thumbnail-box\" >\n\t\t\t\t        <div class=\"ngg-gallery-thumbnail\">\n            <a href=\"http:\/\/www.spaziotorino.it\/scatto\/wp-content\/gallery\/2024_10_02_cottini\/PLA_6916.jpg\"\n               title=\"\u2018Uno Sguardo al Futuro\u2019\"\n               data-src=\"http:\/\/www.spaziotorino.it\/scatto\/wp-content\/gallery\/2024_10_02_cottini\/PLA_6916.jpg\"\n               data-thumbnail=\"http:\/\/www.spaziotorino.it\/scatto\/wp-content\/gallery\/2024_10_02_cottini\/thumbs\/thumbs_PLA_6916.jpg\"\n               data-image-id=\"33910\"\n               data-title=\"\u2018Uno Sguardo al Futuro\u2019\"\n               data-description=\"\u2018Uno Sguardo al Futuro\u2019\"\n               data-image-slug=\"pla_6916\"\n               class=\"ngg-fancybox\" rel=\"3a8e85b124884224ad4920e6fc56e8c4\">\n                <img\n                    title=\"\u2018Uno Sguardo al Futuro\u2019\"\n                    alt=\"\u2018Uno Sguardo al Futuro\u2019\"\n                    src=\"http:\/\/www.spaziotorino.it\/scatto\/wp-content\/gallery\/2024_10_02_cottini\/cache\/PLA_6916.jpg-nggid0533910-ngg0dyn-60x60x100-00f0w010c011r110f110r010t010.jpg\"\n                    width=\"60\"\n                    height=\"60\"\n                    style=\"max-width:100%;\"\n                \/>\n            <\/a>\n        <\/div>\n\t\t\t\t\t\t\t<\/div> \n\t\t\t\n        \n\t\t\t\t<div id=\"ngg-image-11\" class=\"ngg-gallery-thumbnail-box\" >\n\t\t\t\t        <div class=\"ngg-gallery-thumbnail\">\n            <a href=\"http:\/\/www.spaziotorino.it\/scatto\/wp-content\/gallery\/2024_10_02_cottini\/PLA_6928.jpg\"\n               title=\"\u2018Io Sono Te\u2019, opera di pittura acrilica sui pilastri presenti nel parco realizzata dagli studenti\"\n               data-src=\"http:\/\/www.spaziotorino.it\/scatto\/wp-content\/gallery\/2024_10_02_cottini\/PLA_6928.jpg\"\n               data-thumbnail=\"http:\/\/www.spaziotorino.it\/scatto\/wp-content\/gallery\/2024_10_02_cottini\/thumbs\/thumbs_PLA_6928.jpg\"\n               data-image-id=\"33907\"\n               data-title=\"\u2018Io Sono Te\u2019, opera di pittura acrilica sui pilastri presenti nel parco realizzata dagli studenti\"\n               data-description=\"\u2018Io Sono Te\u2019, opera di pittura acrilica sui pilastri presenti nel parco realizzata dagli studenti\"\n               data-image-slug=\"pla_6928\"\n               class=\"ngg-fancybox\" rel=\"3a8e85b124884224ad4920e6fc56e8c4\">\n                <img\n                    title=\"\u2018Io Sono Te\u2019, opera di pittura acrilica sui pilastri presenti nel parco realizzata dagli studenti\"\n                    alt=\"\u2018Io Sono Te\u2019, opera di pittura acrilica sui pilastri presenti nel parco realizzata dagli studenti\"\n                    src=\"http:\/\/www.spaziotorino.it\/scatto\/wp-content\/gallery\/2024_10_02_cottini\/cache\/PLA_6928.jpg-nggid0533907-ngg0dyn-60x60x100-00f0w010c011r110f110r010t010.jpg\"\n                    width=\"60\"\n                    height=\"60\"\n                    style=\"max-width:100%;\"\n                \/>\n            <\/a>\n        <\/div>\n\t\t\t\t\t\t\t<\/div> \n\t\t\t\n        \n\t\t\n\t\t<!-- Pagination -->\n\t<div class='ngg-clear'><\/div>\t<\/div>\n\n<p>\u00c8 stato inaugurato questa mattina dall\u2019assessora alle Politiche Educative e Giovanili Carlotta Salerno il murales realizzato dall\u2019artista Francesca Nigra, in arte Nice and the Fox, sulla facciata della succursale del Liceo Artistico Statale Renato Cottini.<\/p>\n<p>L\u2019iniziativa rientra nel progetto di riqualificazione urbana \u2018Uno Sguardo al Futuro\u2019 \u2013 patrocinato dal Comune di Torino, sostenuto da Salmoiraghi &amp; Vigan\u00f2 e nato in collaborazione con Brand for the City, realt\u00e0 specializzata in iniziative di rigenerazione urbana e MurArte, il programma della Citt\u00e0 per la promozione della street art e dell\u2019arte urbana \u2013 che d\u00e0 voce alle nuove generazioni sui temi del futuro.<\/p>\n<p>\u201c<em>La scuola \u00e8 il primo motore di rigenerazione urbana e questa operazione che ha visto coinvolto il Liceo Cottini e le sue classi \u00e8 una combinazione vincente<\/em>&nbsp;\u2013 sostiene Carlotta Salerno, Assessora alle Politiche Educative e Giovanili della Citt\u00e0 di Torino.&nbsp;<em>Dare la possibilit\u00e0 agli studenti di esprimere le proprie idee e vederle tradotte in arte \u00e8 gi\u00e0 un primo passo verso la creazione di una maggiore consapevolezza di quali siano i loro pensieri e desideri. Adulti e Istituzioni non potranno fare a meno, osservando quella superficie, di riflettere sulle esigenze dei ragazzi e, magari, pensare a quali siano le modalit\u00e0 per concretizzarle. Un ringraziamento speciale a Salmoiraghi&amp;Vigan\u00f2 e Brand for the City per aver pensato di coinvolgere Torino in questo meraviglioso progetto e a MurArte che, a poche settimane dal suo venticinquennale, dimostra di essere sempre pi\u00f9 un punto di riferimento per l\u2019arte urbana cittadina e nazionale<\/em>\u201d.<\/p>\n<p>Con la sua raffigurazione l\u2019artista ha voluto celebrare lo sguardo come strumento per immaginare una societ\u00e0 migliore e che invita a prendersi cura della natura.<\/p>\n<p>Inoltre, nei mesi di giugno e settembre, grazie a questo progetto, 20 studenti del Liceo Artistico hanno partecipato a un laboratorio di arte urbana tenuto dall\u2019artista Nice and the Fox e da rappresentanti delle associazioni culturali Monkeys Evolution e Il Cerchio e le Gocce, che hanno supportato gli alunni nell\u2019ideazione, progettazione e realizzazione di un\u2019opera collettiva disegnata su un muro del cortile interno del Cottini. Il workshop con l\u2019artista \u00e8 servito ai ragazzi anche come spunto per l\u2019elaborazione di opere personali digitali che saranno valutate da una giuria composta da Nice and the Fox, dai referenti scolastici e dal team di Salmoiraghi &amp; Vigan\u00f2. Le opere vincitrici saranno proiettate sui videowall dei negozi torinesi di Salmoiraghi &amp; Vigan\u00f2.<\/p>\n<p>Infine, ultimo tassello del progetto di riqualificazione urbana, \u00e8 la mostra permanente \u2018Io Sono Te\u2019, che dona una nuova vita alla strada antistante l\u2019edificio scolastico, via Don Giovanni Grioli, attraverso la realizzazione da parte degli studenti di un\u2019opera di pittura acrilica sui pilastri presenti nel parco, rappresentante i volti dei liceali, come parte di una riflessione sull\u2019identit\u00e0 giovanile.<\/p>\n<p><strong>Nice and the Fox<\/strong>&nbsp;Torinese, pittrice su tela e su muro, Francesca Nigra, in arte Nice and the Fox, \u00e8 specializzata nell\u2019arte figurativa pittorica caratterizzata da classicismi ed elementi grafici. Per le sue opere l\u2019artista predilige il ritratto, genere pi\u00f9 vicino a esternare l\u2019essenza pi\u00f9 profonda dei protagonisti. Per Nice and the Fox, infatti, l\u2019arte \u00e8 uno strumento comunicativo per esprimere con forza le proprie idee ed emozioni.<\/p>\n","protected":false},"excerpt":{"rendered":"<p>\u00c8 stato inaugurato questa mattina dall\u2019assessora alle Politiche Educative e Giovanili Carlotta Salerno il murales realizzato dall\u2019artista Francesca Nigra, in arte Nice and the Fox, sulla facciata della succursale del Liceo Artistico Statale Renato Cottini. L\u2019iniziativa rientra nel progetto di riqualificazione urbana \u2018Uno Sguardo al Futuro\u2019 \u2013 patrocinato dal Comune di Torino, sostenuto da Salmoiraghi [&hellip;]<\/p>\n","protected":false},"author":1,"featured_media":0,"comment_status":"closed","ping_status":"open","sticky":false,"template":"","format":"standard","meta":{"ngg_post_thumbnail":0},"categories":[1,41],"tags":[],"_links":{"self":[{"href":"http:\/\/www.spaziotorino.it\/scatto\/index.php?rest_route=\/wp\/v2\/posts\/51933"}],"collection":[{"href":"http:\/\/www.spaziotorino.it\/scatto\/index.php?rest_route=\/wp\/v2\/posts"}],"about":[{"href":"http:\/\/www.spaziotorino.it\/scatto\/index.php?rest_route=\/wp\/v2\/types\/post"}],"author":[{"embeddable":true,"href":"http:\/\/www.spaziotorino.it\/scatto\/index.php?rest_route=\/wp\/v2\/users\/1"}],"replies":[{"embeddable":true,"href":"http:\/\/www.spaziotorino.it\/scatto\/index.php?rest_route=%2Fwp%2Fv2%2Fcomments&post=51933"}],"version-history":[{"count":1,"href":"http:\/\/www.spaziotorino.it\/scatto\/index.php?rest_route=\/wp\/v2\/posts\/51933\/revisions"}],"predecessor-version":[{"id":51935,"href":"http:\/\/www.spaziotorino.it\/scatto\/index.php?rest_route=\/wp\/v2\/posts\/51933\/revisions\/51935"}],"wp:attachment":[{"href":"http:\/\/www.spaziotorino.it\/scatto\/index.php?rest_route=%2Fwp%2Fv2%2Fmedia&parent=51933"}],"wp:term":[{"taxonomy":"category","embeddable":true,"href":"http:\/\/www.spaziotorino.it\/scatto\/index.php?rest_route=%2Fwp%2Fv2%2Fcategories&post=51933"},{"taxonomy":"post_tag","embeddable":true,"href":"http:\/\/www.spaziotorino.it\/scatto\/index.php?rest_route=%2Fwp%2Fv2%2Ftags&post=51933"}],"curies":[{"name":"wp","href":"https:\/\/api.w.org\/{rel}","templated":true}]}}