{"id":52133,"date":"2024-10-10T14:22:49","date_gmt":"2024-10-10T13:22:49","guid":{"rendered":"http:\/\/www.spaziotorino.it\/scatto\/?p=52133"},"modified":"2024-10-10T14:22:49","modified_gmt":"2024-10-10T13:22:49","slug":"le-giornate-della-legalita-inaugurano-al-palagiustizia-con-un-dibattito-sul-senso-della-giustizia","status":"publish","type":"post","link":"http:\/\/www.spaziotorino.it\/scatto\/?p=52133","title":{"rendered":"Le Giornate della Legalit\u00e0 inaugurano al Palagiustizia con un dibattito sul \u201csenso della giustizia\u201d"},"content":{"rendered":"<p><a class=\"ngg-fancybox\" title=\"Le Giornate della Legalit\u00e0 inaugurano al Palagiustizia con un dibattito sul \u201csenso della giustizia\u201d\" href=\"http:\/\/www.spaziotorino.it\/scatto\/wp-content\/gallery\/2024_10_10_legalita\/PLA_8362.jpg\" rel=\"lightbox[set_2316]\"><br \/>\n<img decoding=\"async\" loading=\"lazy\" class=\"ngg-singlepic\" title=\"Le Giornate della Legalit\u00e0 inaugurano al Palagiustizia con un dibattito sul \u201csenso della giustizia\u201d\" src=\"http:\/\/www.spaziotorino.it\/scatto\/wp-content\/gallery\/2024_10_10_legalita\/PLA_8362.jpg\" alt=\"\" width=\"540\" height=\"360\"\/><\/a><\/p>\n<!-- index.php -->\n<div\n\tclass=\"ngg-galleryoverview ngg-ajax-pagination-none\"\n\tid=\"ngg-gallery-65ce8830dbb739ff6d94aa0aa85dda1d-1\">\n\n    \t\t<!-- Thumbnails -->\n\t\t\t\t<div id=\"ngg-image-0\" class=\"ngg-gallery-thumbnail-box\" >\n\t\t\t\t        <div class=\"ngg-gallery-thumbnail\">\n            <a href=\"http:\/\/www.spaziotorino.it\/scatto\/wp-content\/gallery\/2024_10_10_legalita\/PLA_8397.jpg\"\n               title=\"Mario Calabresi e Marta Cartabia\"\n               data-src=\"http:\/\/www.spaziotorino.it\/scatto\/wp-content\/gallery\/2024_10_10_legalita\/PLA_8397.jpg\"\n               data-thumbnail=\"http:\/\/www.spaziotorino.it\/scatto\/wp-content\/gallery\/2024_10_10_legalita\/thumbs\/thumbs_PLA_8397.jpg\"\n               data-image-id=\"34048\"\n               data-title=\"Mario Calabresi e Marta Cartabia\"\n               data-description=\"Mario Calabresi e Marta Cartabia\"\n               data-image-slug=\"pla_8397-1\"\n               class=\"ngg-fancybox\" rel=\"65ce8830dbb739ff6d94aa0aa85dda1d\">\n                <img\n                    title=\"Mario Calabresi e Marta Cartabia\"\n                    alt=\"Mario Calabresi e Marta Cartabia\"\n                    src=\"http:\/\/www.spaziotorino.it\/scatto\/wp-content\/gallery\/2024_10_10_legalita\/cache\/PLA_8397.jpg-nggid0534048-ngg0dyn-60x60x100-00f0w010c011r110f110r010t010.jpg\"\n                    width=\"60\"\n                    height=\"60\"\n                    style=\"max-width:100%;\"\n                \/>\n            <\/a>\n        <\/div>\n\t\t\t\t\t\t\t<\/div> \n\t\t\t\n        \n\t\t\t\t<div id=\"ngg-image-1\" class=\"ngg-gallery-thumbnail-box\" >\n\t\t\t\t        <div class=\"ngg-gallery-thumbnail\">\n            <a href=\"http:\/\/www.spaziotorino.it\/scatto\/wp-content\/gallery\/2024_10_10_legalita\/PLA_8424.jpg\"\n               title=\"Mario Calabresi; Stefano Lo Russo; Edoardo Barelli Innocenti, presidente della Corte d&#039;Appello di Torino; Marta Cartabia e Lucia Musti, Procuratore generale presso la Corte d&#039;appello di Torino\"\n               data-src=\"http:\/\/www.spaziotorino.it\/scatto\/wp-content\/gallery\/2024_10_10_legalita\/PLA_8424.jpg\"\n               data-thumbnail=\"http:\/\/www.spaziotorino.it\/scatto\/wp-content\/gallery\/2024_10_10_legalita\/thumbs\/thumbs_PLA_8424.jpg\"\n               data-image-id=\"34046\"\n               data-title=\"Mario Calabresi; Stefano Lo Russo; Edoardo Barelli Innocenti, presidente della Corte d&#039;Appello di Torino; Marta Cartabia e Lucia Musti, Procuratore generale presso la Corte d&#039;appello di Torino\"\n               data-description=\"Mario Calabresi; Stefano Lo Russo; Edoardo Barelli Innocenti, presidente della Corte d&#039;Appello di Torino; Marta Cartabia e Lucia Musti, Procuratore generale presso la Corte d&#039;appello di Torino\"\n               data-image-slug=\"pla_8424-1\"\n               class=\"ngg-fancybox\" rel=\"65ce8830dbb739ff6d94aa0aa85dda1d\">\n                <img\n                    title=\"Mario Calabresi; Stefano Lo Russo; Edoardo Barelli Innocenti, presidente della Corte d&#039;Appello di Torino; Marta Cartabia e Lucia Musti, Procuratore generale presso la Corte d&#039;appello di Torino\"\n                    alt=\"Mario Calabresi; Stefano Lo Russo; Edoardo Barelli Innocenti, presidente della Corte d&#039;Appello di Torino; Marta Cartabia e Lucia Musti, Procuratore generale presso la Corte d&#039;appello di Torino\"\n                    src=\"http:\/\/www.spaziotorino.it\/scatto\/wp-content\/gallery\/2024_10_10_legalita\/cache\/PLA_8424.jpg-nggid0534046-ngg0dyn-60x60x100-00f0w010c011r110f110r010t010.jpg\"\n                    width=\"60\"\n                    height=\"60\"\n                    style=\"max-width:100%;\"\n                \/>\n            <\/a>\n        <\/div>\n\t\t\t\t\t\t\t<\/div> \n\t\t\t\n        \n\t\t\t\t<div id=\"ngg-image-2\" class=\"ngg-gallery-thumbnail-box\" >\n\t\t\t\t        <div class=\"ngg-gallery-thumbnail\">\n            <a href=\"http:\/\/www.spaziotorino.it\/scatto\/wp-content\/gallery\/2024_10_10_legalita\/PLA_8453.jpg\"\n               title=\"Palazzo di Giustizia, Aula Magna - inaugurazione delle &quot;Giornate della Legalit\u00e0 - Il senso della giustizia&quot;\"\n               data-src=\"http:\/\/www.spaziotorino.it\/scatto\/wp-content\/gallery\/2024_10_10_legalita\/PLA_8453.jpg\"\n               data-thumbnail=\"http:\/\/www.spaziotorino.it\/scatto\/wp-content\/gallery\/2024_10_10_legalita\/thumbs\/thumbs_PLA_8453.jpg\"\n               data-image-id=\"34043\"\n               data-title=\"Palazzo di Giustizia, Aula Magna - inaugurazione delle &quot;Giornate della Legalit\u00e0 - Il senso della giustizia&quot;\"\n               data-description=\"Palazzo di Giustizia, Aula Magna - inaugurazione delle &quot;Giornate della Legalit\u00e0 - Il senso della giustizia&quot;\"\n               data-image-slug=\"pla_8453-2\"\n               class=\"ngg-fancybox\" rel=\"65ce8830dbb739ff6d94aa0aa85dda1d\">\n                <img\n                    title=\"Palazzo di Giustizia, Aula Magna - inaugurazione delle &quot;Giornate della Legalit\u00e0 - Il senso della giustizia&quot;\"\n                    alt=\"Palazzo di Giustizia, Aula Magna - inaugurazione delle &quot;Giornate della Legalit\u00e0 - Il senso della giustizia&quot;\"\n                    src=\"http:\/\/www.spaziotorino.it\/scatto\/wp-content\/gallery\/2024_10_10_legalita\/cache\/PLA_8453.jpg-nggid0534043-ngg0dyn-60x60x100-00f0w010c011r110f110r010t010.jpg\"\n                    width=\"60\"\n                    height=\"60\"\n                    style=\"max-width:100%;\"\n                \/>\n            <\/a>\n        <\/div>\n\t\t\t\t\t\t\t<\/div> \n\t\t\t\n        \n\t\t\t\t<div id=\"ngg-image-3\" class=\"ngg-gallery-thumbnail-box\" >\n\t\t\t\t        <div class=\"ngg-gallery-thumbnail\">\n            <a href=\"http:\/\/www.spaziotorino.it\/scatto\/wp-content\/gallery\/2024_10_10_legalita\/PLA_8457.jpg\"\n               title=\"Il Sindaco Stefano Lo Russo porta i saluti istituzionali della Citt\u00e0 di Torino\"\n               data-src=\"http:\/\/www.spaziotorino.it\/scatto\/wp-content\/gallery\/2024_10_10_legalita\/PLA_8457.jpg\"\n               data-thumbnail=\"http:\/\/www.spaziotorino.it\/scatto\/wp-content\/gallery\/2024_10_10_legalita\/thumbs\/thumbs_PLA_8457.jpg\"\n               data-image-id=\"34045\"\n               data-title=\"Il Sindaco Stefano Lo Russo porta i saluti istituzionali della Citt\u00e0 di Torino\"\n               data-description=\"Il Sindaco Stefano Lo Russo porta i saluti istituzionali della Citt\u00e0 di Torino\"\n               data-image-slug=\"pla_8457-2\"\n               class=\"ngg-fancybox\" rel=\"65ce8830dbb739ff6d94aa0aa85dda1d\">\n                <img\n                    title=\"Il Sindaco Stefano Lo Russo porta i saluti istituzionali della Citt\u00e0 di Torino\"\n                    alt=\"Il Sindaco Stefano Lo Russo porta i saluti istituzionali della Citt\u00e0 di Torino\"\n                    src=\"http:\/\/www.spaziotorino.it\/scatto\/wp-content\/gallery\/2024_10_10_legalita\/cache\/PLA_8457.jpg-nggid0534045-ngg0dyn-60x60x100-00f0w010c011r110f110r010t010.jpg\"\n                    width=\"60\"\n                    height=\"60\"\n                    style=\"max-width:100%;\"\n                \/>\n            <\/a>\n        <\/div>\n\t\t\t\t\t\t\t<\/div> \n\t\t\t\n        \n\t\t\t\t<div id=\"ngg-image-4\" class=\"ngg-gallery-thumbnail-box\" >\n\t\t\t\t        <div class=\"ngg-gallery-thumbnail\">\n            <a href=\"http:\/\/www.spaziotorino.it\/scatto\/wp-content\/gallery\/2024_10_10_legalita\/PLA_8479.jpg\"\n               title=\"Il Sindaco Stefano Lo Russo porta i saluti istituzionali della Citt\u00e0 di Torino\"\n               data-src=\"http:\/\/www.spaziotorino.it\/scatto\/wp-content\/gallery\/2024_10_10_legalita\/PLA_8479.jpg\"\n               data-thumbnail=\"http:\/\/www.spaziotorino.it\/scatto\/wp-content\/gallery\/2024_10_10_legalita\/thumbs\/thumbs_PLA_8479.jpg\"\n               data-image-id=\"34047\"\n               data-title=\"Il Sindaco Stefano Lo Russo porta i saluti istituzionali della Citt\u00e0 di Torino\"\n               data-description=\"Il Sindaco Stefano Lo Russo porta i saluti istituzionali della Citt\u00e0 di Torino\"\n               data-image-slug=\"pla_8479-2\"\n               class=\"ngg-fancybox\" rel=\"65ce8830dbb739ff6d94aa0aa85dda1d\">\n                <img\n                    title=\"Il Sindaco Stefano Lo Russo porta i saluti istituzionali della Citt\u00e0 di Torino\"\n                    alt=\"Il Sindaco Stefano Lo Russo porta i saluti istituzionali della Citt\u00e0 di Torino\"\n                    src=\"http:\/\/www.spaziotorino.it\/scatto\/wp-content\/gallery\/2024_10_10_legalita\/cache\/PLA_8479.jpg-nggid0534047-ngg0dyn-60x60x100-00f0w010c011r110f110r010t010.jpg\"\n                    width=\"60\"\n                    height=\"60\"\n                    style=\"max-width:100%;\"\n                \/>\n            <\/a>\n        <\/div>\n\t\t\t\t\t\t\t<\/div> \n\t\t\t\n        \n\t\t\t\t<div id=\"ngg-image-5\" class=\"ngg-gallery-thumbnail-box\" >\n\t\t\t\t        <div class=\"ngg-gallery-thumbnail\">\n            <a href=\"http:\/\/www.spaziotorino.it\/scatto\/wp-content\/gallery\/2024_10_10_legalita\/PLA_8602.jpg\"\n               title=\"Marta Cartabia, Presidente emerita della Corte costituzionale\"\n               data-src=\"http:\/\/www.spaziotorino.it\/scatto\/wp-content\/gallery\/2024_10_10_legalita\/PLA_8602.jpg\"\n               data-thumbnail=\"http:\/\/www.spaziotorino.it\/scatto\/wp-content\/gallery\/2024_10_10_legalita\/thumbs\/thumbs_PLA_8602.jpg\"\n               data-image-id=\"34053\"\n               data-title=\"Marta Cartabia, Presidente emerita della Corte costituzionale\"\n               data-description=\"Marta Cartabia, Presidente emerita della Corte costituzionale\"\n               data-image-slug=\"pla_8602-4\"\n               class=\"ngg-fancybox\" rel=\"65ce8830dbb739ff6d94aa0aa85dda1d\">\n                <img\n                    title=\"Marta Cartabia, Presidente emerita della Corte costituzionale\"\n                    alt=\"Marta Cartabia, Presidente emerita della Corte costituzionale\"\n                    src=\"http:\/\/www.spaziotorino.it\/scatto\/wp-content\/gallery\/2024_10_10_legalita\/cache\/PLA_8602.jpg-nggid0534053-ngg0dyn-60x60x100-00f0w010c011r110f110r010t010.jpg\"\n                    width=\"60\"\n                    height=\"60\"\n                    style=\"max-width:100%;\"\n                \/>\n            <\/a>\n        <\/div>\n\t\t\t\t\t\t\t<\/div> \n\t\t\t\n        \n\t\t\t\t<div id=\"ngg-image-6\" class=\"ngg-gallery-thumbnail-box\" >\n\t\t\t\t        <div class=\"ngg-gallery-thumbnail\">\n            <a href=\"http:\/\/www.spaziotorino.it\/scatto\/wp-content\/gallery\/2024_10_10_legalita\/PLA_8629.jpg\"\n               title=\"Marta Cartabia e Mario Calabresi\"\n               data-src=\"http:\/\/www.spaziotorino.it\/scatto\/wp-content\/gallery\/2024_10_10_legalita\/PLA_8629.jpg\"\n               data-thumbnail=\"http:\/\/www.spaziotorino.it\/scatto\/wp-content\/gallery\/2024_10_10_legalita\/thumbs\/thumbs_PLA_8629.jpg\"\n               data-image-id=\"34050\"\n               data-title=\"Marta Cartabia e Mario Calabresi\"\n               data-description=\"Marta Cartabia e Mario Calabresi\"\n               data-image-slug=\"pla_8629-1\"\n               class=\"ngg-fancybox\" rel=\"65ce8830dbb739ff6d94aa0aa85dda1d\">\n                <img\n                    title=\"Marta Cartabia e Mario Calabresi\"\n                    alt=\"Marta Cartabia e Mario Calabresi\"\n                    src=\"http:\/\/www.spaziotorino.it\/scatto\/wp-content\/gallery\/2024_10_10_legalita\/cache\/PLA_8629.jpg-nggid0534050-ngg0dyn-60x60x100-00f0w010c011r110f110r010t010.jpg\"\n                    width=\"60\"\n                    height=\"60\"\n                    style=\"max-width:100%;\"\n                \/>\n            <\/a>\n        <\/div>\n\t\t\t\t\t\t\t<\/div> \n\t\t\t\n        \n\t\t\t\t<div id=\"ngg-image-7\" class=\"ngg-gallery-thumbnail-box\" >\n\t\t\t\t        <div class=\"ngg-gallery-thumbnail\">\n            <a href=\"http:\/\/www.spaziotorino.it\/scatto\/wp-content\/gallery\/2024_10_10_legalita\/PLA_8645.jpg\"\n               title=\"Palazzo di Giustizia, Aula Magna - inaugurazione delle &quot;Giornate della Legalit\u00e0 - Il senso della giustizia&quot;\"\n               data-src=\"http:\/\/www.spaziotorino.it\/scatto\/wp-content\/gallery\/2024_10_10_legalita\/PLA_8645.jpg\"\n               data-thumbnail=\"http:\/\/www.spaziotorino.it\/scatto\/wp-content\/gallery\/2024_10_10_legalita\/thumbs\/thumbs_PLA_8645.jpg\"\n               data-image-id=\"34049\"\n               data-title=\"Palazzo di Giustizia, Aula Magna - inaugurazione delle &quot;Giornate della Legalit\u00e0 - Il senso della giustizia&quot;\"\n               data-description=\"Palazzo di Giustizia, Aula Magna - inaugurazione delle &quot;Giornate della Legalit\u00e0 - Il senso della giustizia&quot;\"\n               data-image-slug=\"pla_8645-1\"\n               class=\"ngg-fancybox\" rel=\"65ce8830dbb739ff6d94aa0aa85dda1d\">\n                <img\n                    title=\"Palazzo di Giustizia, Aula Magna - inaugurazione delle &quot;Giornate della Legalit\u00e0 - Il senso della giustizia&quot;\"\n                    alt=\"Palazzo di Giustizia, Aula Magna - inaugurazione delle &quot;Giornate della Legalit\u00e0 - Il senso della giustizia&quot;\"\n                    src=\"http:\/\/www.spaziotorino.it\/scatto\/wp-content\/gallery\/2024_10_10_legalita\/cache\/PLA_8645.jpg-nggid0534049-ngg0dyn-60x60x100-00f0w010c011r110f110r010t010.jpg\"\n                    width=\"60\"\n                    height=\"60\"\n                    style=\"max-width:100%;\"\n                \/>\n            <\/a>\n        <\/div>\n\t\t\t\t\t\t\t<\/div> \n\t\t\t\n        \n\t\t\t\t<div id=\"ngg-image-8\" class=\"ngg-gallery-thumbnail-box\" >\n\t\t\t\t        <div class=\"ngg-gallery-thumbnail\">\n            <a href=\"http:\/\/www.spaziotorino.it\/scatto\/wp-content\/gallery\/2024_10_10_legalita\/PLA_8647.jpg\"\n               title=\"Palazzo di Giustizia, Aula Magna - inaugurazione delle &quot;Giornate della Legalit\u00e0 - Il senso della giustizia&quot;\"\n               data-src=\"http:\/\/www.spaziotorino.it\/scatto\/wp-content\/gallery\/2024_10_10_legalita\/PLA_8647.jpg\"\n               data-thumbnail=\"http:\/\/www.spaziotorino.it\/scatto\/wp-content\/gallery\/2024_10_10_legalita\/thumbs\/thumbs_PLA_8647.jpg\"\n               data-image-id=\"34054\"\n               data-title=\"Palazzo di Giustizia, Aula Magna - inaugurazione delle &quot;Giornate della Legalit\u00e0 - Il senso della giustizia&quot;\"\n               data-description=\"Palazzo di Giustizia, Aula Magna - inaugurazione delle &quot;Giornate della Legalit\u00e0 - Il senso della giustizia&quot;\"\n               data-image-slug=\"pla_8647-2\"\n               class=\"ngg-fancybox\" rel=\"65ce8830dbb739ff6d94aa0aa85dda1d\">\n                <img\n                    title=\"Palazzo di Giustizia, Aula Magna - inaugurazione delle &quot;Giornate della Legalit\u00e0 - Il senso della giustizia&quot;\"\n                    alt=\"Palazzo di Giustizia, Aula Magna - inaugurazione delle &quot;Giornate della Legalit\u00e0 - Il senso della giustizia&quot;\"\n                    src=\"http:\/\/www.spaziotorino.it\/scatto\/wp-content\/gallery\/2024_10_10_legalita\/cache\/PLA_8647.jpg-nggid0534054-ngg0dyn-60x60x100-00f0w010c011r110f110r010t010.jpg\"\n                    width=\"60\"\n                    height=\"60\"\n                    style=\"max-width:100%;\"\n                \/>\n            <\/a>\n        <\/div>\n\t\t\t\t\t\t\t<\/div> \n\t\t\t\n        \n\t\t\t\t<div id=\"ngg-image-9\" class=\"ngg-gallery-thumbnail-box\" >\n\t\t\t\t        <div class=\"ngg-gallery-thumbnail\">\n            <a href=\"http:\/\/www.spaziotorino.it\/scatto\/wp-content\/gallery\/2024_10_10_legalita\/PLA_8650.jpg\"\n               title=\"Marta Cartabia e Mario Calabresi\"\n               data-src=\"http:\/\/www.spaziotorino.it\/scatto\/wp-content\/gallery\/2024_10_10_legalita\/PLA_8650.jpg\"\n               data-thumbnail=\"http:\/\/www.spaziotorino.it\/scatto\/wp-content\/gallery\/2024_10_10_legalita\/thumbs\/thumbs_PLA_8650.jpg\"\n               data-image-id=\"34051\"\n               data-title=\"Marta Cartabia e Mario Calabresi\"\n               data-description=\"Marta Cartabia e Mario Calabresi\"\n               data-image-slug=\"pla_8650\"\n               class=\"ngg-fancybox\" rel=\"65ce8830dbb739ff6d94aa0aa85dda1d\">\n                <img\n                    title=\"Marta Cartabia e Mario Calabresi\"\n                    alt=\"Marta Cartabia e Mario Calabresi\"\n                    src=\"http:\/\/www.spaziotorino.it\/scatto\/wp-content\/gallery\/2024_10_10_legalita\/cache\/PLA_8650.jpg-nggid0534051-ngg0dyn-60x60x100-00f0w010c011r110f110r010t010.jpg\"\n                    width=\"60\"\n                    height=\"60\"\n                    style=\"max-width:100%;\"\n                \/>\n            <\/a>\n        <\/div>\n\t\t\t\t\t\t\t<\/div> \n\t\t\t\n        \n\t\t\t\t<div id=\"ngg-image-10\" class=\"ngg-gallery-thumbnail-box\" >\n\t\t\t\t        <div class=\"ngg-gallery-thumbnail\">\n            <a href=\"http:\/\/www.spaziotorino.it\/scatto\/wp-content\/gallery\/2024_10_10_legalita\/PLA_8662.jpg\"\n               title=\"Mario Calabresi\"\n               data-src=\"http:\/\/www.spaziotorino.it\/scatto\/wp-content\/gallery\/2024_10_10_legalita\/PLA_8662.jpg\"\n               data-thumbnail=\"http:\/\/www.spaziotorino.it\/scatto\/wp-content\/gallery\/2024_10_10_legalita\/thumbs\/thumbs_PLA_8662.jpg\"\n               data-image-id=\"34052\"\n               data-title=\"Mario Calabresi\"\n               data-description=\"Mario Calabresi\"\n               data-image-slug=\"pla_8662-3\"\n               class=\"ngg-fancybox\" rel=\"65ce8830dbb739ff6d94aa0aa85dda1d\">\n                <img\n                    title=\"Mario Calabresi\"\n                    alt=\"Mario Calabresi\"\n                    src=\"http:\/\/www.spaziotorino.it\/scatto\/wp-content\/gallery\/2024_10_10_legalita\/cache\/PLA_8662.jpg-nggid0534052-ngg0dyn-60x60x100-00f0w010c011r110f110r010t010.jpg\"\n                    width=\"60\"\n                    height=\"60\"\n                    style=\"max-width:100%;\"\n                \/>\n            <\/a>\n        <\/div>\n\t\t\t\t\t\t\t<\/div> \n\t\t\t\n        \n\t\t\t\t<div id=\"ngg-image-11\" class=\"ngg-gallery-thumbnail-box\" >\n\t\t\t\t        <div class=\"ngg-gallery-thumbnail\">\n            <a href=\"http:\/\/www.spaziotorino.it\/scatto\/wp-content\/gallery\/2024_10_10_legalita\/PLA_8677.jpg\"\n               title=\"Marta Cartabia e Mario Calabresi\"\n               data-src=\"http:\/\/www.spaziotorino.it\/scatto\/wp-content\/gallery\/2024_10_10_legalita\/PLA_8677.jpg\"\n               data-thumbnail=\"http:\/\/www.spaziotorino.it\/scatto\/wp-content\/gallery\/2024_10_10_legalita\/thumbs\/thumbs_PLA_8677.jpg\"\n               data-image-id=\"34055\"\n               data-title=\"Marta Cartabia e Mario Calabresi\"\n               data-description=\"Marta Cartabia e Mario Calabresi\"\n               data-image-slug=\"pla_8677\"\n               class=\"ngg-fancybox\" rel=\"65ce8830dbb739ff6d94aa0aa85dda1d\">\n                <img\n                    title=\"Marta Cartabia e Mario Calabresi\"\n                    alt=\"Marta Cartabia e Mario Calabresi\"\n                    src=\"http:\/\/www.spaziotorino.it\/scatto\/wp-content\/gallery\/2024_10_10_legalita\/cache\/PLA_8677.jpg-nggid0534055-ngg0dyn-60x60x100-00f0w010c011r110f110r010t010.jpg\"\n                    width=\"60\"\n                    height=\"60\"\n                    style=\"max-width:100%;\"\n                \/>\n            <\/a>\n        <\/div>\n\t\t\t\t\t\t\t<\/div> \n\t\t\t\n        \n\t\t\t\t<div id=\"ngg-image-12\" class=\"ngg-gallery-thumbnail-box\" >\n\t\t\t\t        <div class=\"ngg-gallery-thumbnail\">\n            <a href=\"http:\/\/www.spaziotorino.it\/scatto\/wp-content\/gallery\/2024_10_10_legalita\/PLA_8688.jpg\"\n               title=\"Marta Cartabia e Mario Calabresi\"\n               data-src=\"http:\/\/www.spaziotorino.it\/scatto\/wp-content\/gallery\/2024_10_10_legalita\/PLA_8688.jpg\"\n               data-thumbnail=\"http:\/\/www.spaziotorino.it\/scatto\/wp-content\/gallery\/2024_10_10_legalita\/thumbs\/thumbs_PLA_8688.jpg\"\n               data-image-id=\"34056\"\n               data-title=\"Marta Cartabia e Mario Calabresi\"\n               data-description=\"Marta Cartabia e Mario Calabresi\"\n               data-image-slug=\"pla_8688\"\n               class=\"ngg-fancybox\" rel=\"65ce8830dbb739ff6d94aa0aa85dda1d\">\n                <img\n                    title=\"Marta Cartabia e Mario Calabresi\"\n                    alt=\"Marta Cartabia e Mario Calabresi\"\n                    src=\"http:\/\/www.spaziotorino.it\/scatto\/wp-content\/gallery\/2024_10_10_legalita\/cache\/PLA_8688.jpg-nggid0534056-ngg0dyn-60x60x100-00f0w010c011r110f110r010t010.jpg\"\n                    width=\"60\"\n                    height=\"60\"\n                    style=\"max-width:100%;\"\n                \/>\n            <\/a>\n        <\/div>\n\t\t\t\t\t\t\t<\/div> \n\t\t\t\n        \n\t\t\n\t\t<!-- Pagination -->\n\t<div class='ngg-clear'><\/div>\t<\/div>\n\n<p>La seconda edizione delle&nbsp;<em>Giornate della Legalit\u00e0 \u2013 Spazi aperti in luoghi chiusi<\/em>, ha inaugurato questa mattina al Palazzo di Giustizia di Torino in un\u2019aula magna gremita. Settecento persone, tra cui moltissimi studenti delle scuole superiori, hanno assistito al dibattito tra l\u2019ex ministra della Giustizia Marta Cartabia e il giornalista Mario Calabresi, dal titolo \u201cIl senso della giustizia\u201d.<\/p>\n<p>\u201cLa legalit\u00e0 \u00e8 il fondamento imprescindibile della giustizia e della sicurezza \u2013 ha dichiarato il sindaco della Citt\u00e0 di Torino Stefano Lo Russo -. Solo in un contesto di rispetto delle leggi \u00e8 possibile garantire un\u2019effettiva sicurezza e tutelare, nello spirito della nostra Costituzione, il diritto alla giustizia per tutti. Nel corso di questa iniziativa \u2013 ha continuato, rivolgendosi agli studenti presenti \u2013 avrete la possibilit\u00e0 di ispirarvi alle parole e all\u2019esempio di figure autorevoli che hanno dedicato la loro vita alla promozione della legalit\u00e0. Le Giornate della Legalit\u00e0 sono un contributo che la Citt\u00e0 di Torino vuole offrire per stimolare una riflessione collettiva e permettere ai pi\u00f9 giovani di sviluppare uno spirito critico, presupposto fondamentale per affrontare la vita di tutti i giorni e interpretare la realt\u00e0.\u201d<\/p>\n<p>Nel corso del dibattito, inframmezzato da interventi musicali e teatrali a cura dell\u2019associazione Teatro e Societ\u00e0, sono stati toccati i temi della giustizia riparativa, dei confini della propria libert\u00e0, della necessit\u00e0 di mantenere il senso di giustizia quando si subisce un\u2019offesa e di non cedere al desiderio di vendetta e dell\u2019importanza di una cultura della legalit\u00e0 per contrastare la diffusione della malavita.<\/p>\n<p>Maggiori informazioni sul sito <a href=\"https:\/\/giornatedellalegalita.it\/\">giornatedellalegalita.it<\/a><\/p>\n","protected":false},"excerpt":{"rendered":"<p>La seconda edizione delle&nbsp;Giornate della Legalit\u00e0 \u2013 Spazi aperti in luoghi chiusi, ha inaugurato questa mattina al Palazzo di Giustizia di Torino in un\u2019aula magna gremita. Settecento persone, tra cui moltissimi studenti delle scuole superiori, hanno assistito al dibattito tra l\u2019ex ministra della Giustizia Marta Cartabia e il giornalista Mario Calabresi, dal titolo \u201cIl senso [&hellip;]<\/p>\n","protected":false},"author":1,"featured_media":0,"comment_status":"closed","ping_status":"open","sticky":false,"template":"","format":"standard","meta":{"ngg_post_thumbnail":0},"categories":[133,1],"tags":[],"_links":{"self":[{"href":"http:\/\/www.spaziotorino.it\/scatto\/index.php?rest_route=\/wp\/v2\/posts\/52133"}],"collection":[{"href":"http:\/\/www.spaziotorino.it\/scatto\/index.php?rest_route=\/wp\/v2\/posts"}],"about":[{"href":"http:\/\/www.spaziotorino.it\/scatto\/index.php?rest_route=\/wp\/v2\/types\/post"}],"author":[{"embeddable":true,"href":"http:\/\/www.spaziotorino.it\/scatto\/index.php?rest_route=\/wp\/v2\/users\/1"}],"replies":[{"embeddable":true,"href":"http:\/\/www.spaziotorino.it\/scatto\/index.php?rest_route=%2Fwp%2Fv2%2Fcomments&post=52133"}],"version-history":[{"count":1,"href":"http:\/\/www.spaziotorino.it\/scatto\/index.php?rest_route=\/wp\/v2\/posts\/52133\/revisions"}],"predecessor-version":[{"id":52135,"href":"http:\/\/www.spaziotorino.it\/scatto\/index.php?rest_route=\/wp\/v2\/posts\/52133\/revisions\/52135"}],"wp:attachment":[{"href":"http:\/\/www.spaziotorino.it\/scatto\/index.php?rest_route=%2Fwp%2Fv2%2Fmedia&parent=52133"}],"wp:term":[{"taxonomy":"category","embeddable":true,"href":"http:\/\/www.spaziotorino.it\/scatto\/index.php?rest_route=%2Fwp%2Fv2%2Fcategories&post=52133"},{"taxonomy":"post_tag","embeddable":true,"href":"http:\/\/www.spaziotorino.it\/scatto\/index.php?rest_route=%2Fwp%2Fv2%2Ftags&post=52133"}],"curies":[{"name":"wp","href":"https:\/\/api.w.org\/{rel}","templated":true}]}}