{"id":52196,"date":"2024-10-12T16:42:29","date_gmt":"2024-10-12T15:42:29","guid":{"rendered":"http:\/\/www.spaziotorino.it\/scatto\/?p=52196"},"modified":"2024-10-12T16:42:29","modified_gmt":"2024-10-12T15:42:29","slug":"il-taglio-del-nastro-del-secondo-bibliobus-delle-biblioteche-civiche-apre-portici-di-carta-2024","status":"publish","type":"post","link":"http:\/\/www.spaziotorino.it\/scatto\/?p=52196","title":{"rendered":"Il taglio del nastro del secondo Bibliobus delle biblioteche civiche apre Portici di Carta 2024"},"content":{"rendered":"<p><a class=\"ngg-fancybox\" title=\"Il taglio del nastro del secondo Bibliobus delle biblioteche civiche apre Portici di Carta 2024\" href=\"http:\/\/www.spaziotorino.it\/scatto\/wp-content\/gallery\/2024_10_12_portici\/PLA_9248.jpg\" rel=\"lightbox[set_2319]\"><br \/>\n<img decoding=\"async\" loading=\"lazy\" class=\"ngg-singlepic\" title=\"Il taglio del nastro del secondo Bibliobus delle biblioteche civiche apre Portici di Carta 2024\" src=\"http:\/\/www.spaziotorino.it\/scatto\/wp-content\/gallery\/2024_10_12_portici\/PLA_9248.jpg\" alt=\"\" width=\"540\" height=\"360\"\/><\/a><\/p>\n<!-- index.php -->\n<div\n\tclass=\"ngg-galleryoverview ngg-ajax-pagination-none\"\n\tid=\"ngg-gallery-818d916e6ec5e3d5f36f54369dd9c6b3-1\">\n\n    \t\t<!-- Thumbnails -->\n\t\t\t\t<div id=\"ngg-image-0\" class=\"ngg-gallery-thumbnail-box\" >\n\t\t\t\t        <div class=\"ngg-gallery-thumbnail\">\n            <a href=\"http:\/\/www.spaziotorino.it\/scatto\/wp-content\/gallery\/2024_10_12_portici\/PLA_9162.jpg\"\n               title=\"Portici di Carta 2024\"\n               data-src=\"http:\/\/www.spaziotorino.it\/scatto\/wp-content\/gallery\/2024_10_12_portici\/PLA_9162.jpg\"\n               data-thumbnail=\"http:\/\/www.spaziotorino.it\/scatto\/wp-content\/gallery\/2024_10_12_portici\/thumbs\/thumbs_PLA_9162.jpg\"\n               data-image-id=\"34080\"\n               data-title=\"Portici di Carta 2024\"\n               data-description=\"Portici di Carta 2024\"\n               data-image-slug=\"pla_9162-1\"\n               class=\"ngg-fancybox\" rel=\"818d916e6ec5e3d5f36f54369dd9c6b3\">\n                <img\n                    title=\"Portici di Carta 2024\"\n                    alt=\"Portici di Carta 2024\"\n                    src=\"http:\/\/www.spaziotorino.it\/scatto\/wp-content\/gallery\/2024_10_12_portici\/cache\/PLA_9162.jpg-nggid0534080-ngg0dyn-60x60x100-00f0w010c011r110f110r010t010.jpg\"\n                    width=\"60\"\n                    height=\"60\"\n                    style=\"max-width:100%;\"\n                \/>\n            <\/a>\n        <\/div>\n\t\t\t\t\t\t\t<\/div> \n\t\t\t\n        \n\t\t\t\t<div id=\"ngg-image-1\" class=\"ngg-gallery-thumbnail-box\" >\n\t\t\t\t        <div class=\"ngg-gallery-thumbnail\">\n            <a href=\"http:\/\/www.spaziotorino.it\/scatto\/wp-content\/gallery\/2024_10_12_portici\/PLA_9164.jpg\"\n               title=\"Il Bibliobus in piazza San Carlo\"\n               data-src=\"http:\/\/www.spaziotorino.it\/scatto\/wp-content\/gallery\/2024_10_12_portici\/PLA_9164.jpg\"\n               data-thumbnail=\"http:\/\/www.spaziotorino.it\/scatto\/wp-content\/gallery\/2024_10_12_portici\/thumbs\/thumbs_PLA_9164.jpg\"\n               data-image-id=\"34078\"\n               data-title=\"Il Bibliobus in piazza San Carlo\"\n               data-description=\"Il Bibliobus in piazza San Carlo\"\n               data-image-slug=\"pla_9164\"\n               class=\"ngg-fancybox\" rel=\"818d916e6ec5e3d5f36f54369dd9c6b3\">\n                <img\n                    title=\"Il Bibliobus in piazza San Carlo\"\n                    alt=\"Il Bibliobus in piazza San Carlo\"\n                    src=\"http:\/\/www.spaziotorino.it\/scatto\/wp-content\/gallery\/2024_10_12_portici\/cache\/PLA_9164.jpg-nggid0534078-ngg0dyn-60x60x100-00f0w010c011r110f110r010t010.jpg\"\n                    width=\"60\"\n                    height=\"60\"\n                    style=\"max-width:100%;\"\n                \/>\n            <\/a>\n        <\/div>\n\t\t\t\t\t\t\t<\/div> \n\t\t\t\n        \n\t\t\t\t<div id=\"ngg-image-2\" class=\"ngg-gallery-thumbnail-box\" >\n\t\t\t\t        <div class=\"ngg-gallery-thumbnail\">\n            <a href=\"http:\/\/www.spaziotorino.it\/scatto\/wp-content\/gallery\/2024_10_12_portici\/PLA_9173.jpg\"\n               title=\"Bibliobus\"\n               data-src=\"http:\/\/www.spaziotorino.it\/scatto\/wp-content\/gallery\/2024_10_12_portici\/PLA_9173.jpg\"\n               data-thumbnail=\"http:\/\/www.spaziotorino.it\/scatto\/wp-content\/gallery\/2024_10_12_portici\/thumbs\/thumbs_PLA_9173.jpg\"\n               data-image-id=\"34081\"\n               data-title=\"Bibliobus\"\n               data-description=\"Bibliobus\"\n               data-image-slug=\"pla_9173\"\n               class=\"ngg-fancybox\" rel=\"818d916e6ec5e3d5f36f54369dd9c6b3\">\n                <img\n                    title=\"Bibliobus\"\n                    alt=\"Bibliobus\"\n                    src=\"http:\/\/www.spaziotorino.it\/scatto\/wp-content\/gallery\/2024_10_12_portici\/cache\/PLA_9173.jpg-nggid0534081-ngg0dyn-60x60x100-00f0w010c011r110f110r010t010.jpg\"\n                    width=\"60\"\n                    height=\"60\"\n                    style=\"max-width:100%;\"\n                \/>\n            <\/a>\n        <\/div>\n\t\t\t\t\t\t\t<\/div> \n\t\t\t\n        \n\t\t\t\t<div id=\"ngg-image-3\" class=\"ngg-gallery-thumbnail-box\" >\n\t\t\t\t        <div class=\"ngg-gallery-thumbnail\">\n            <a href=\"http:\/\/www.spaziotorino.it\/scatto\/wp-content\/gallery\/2024_10_12_portici\/PLA_9175.jpg\"\n               title=\"L&#039;interno del Bibliobus\"\n               data-src=\"http:\/\/www.spaziotorino.it\/scatto\/wp-content\/gallery\/2024_10_12_portici\/PLA_9175.jpg\"\n               data-thumbnail=\"http:\/\/www.spaziotorino.it\/scatto\/wp-content\/gallery\/2024_10_12_portici\/thumbs\/thumbs_PLA_9175.jpg\"\n               data-image-id=\"34082\"\n               data-title=\"L&#039;interno del Bibliobus\"\n               data-description=\"L&#039;interno del Bibliobus\"\n               data-image-slug=\"pla_9175\"\n               class=\"ngg-fancybox\" rel=\"818d916e6ec5e3d5f36f54369dd9c6b3\">\n                <img\n                    title=\"L&#039;interno del Bibliobus\"\n                    alt=\"L&#039;interno del Bibliobus\"\n                    src=\"http:\/\/www.spaziotorino.it\/scatto\/wp-content\/gallery\/2024_10_12_portici\/cache\/PLA_9175.jpg-nggid0534082-ngg0dyn-60x60x100-00f0w010c011r110f110r010t010.jpg\"\n                    width=\"60\"\n                    height=\"60\"\n                    style=\"max-width:100%;\"\n                \/>\n            <\/a>\n        <\/div>\n\t\t\t\t\t\t\t<\/div> \n\t\t\t\n        \n\t\t\t\t<div id=\"ngg-image-4\" class=\"ngg-gallery-thumbnail-box\" >\n\t\t\t\t        <div class=\"ngg-gallery-thumbnail\">\n            <a href=\"http:\/\/www.spaziotorino.it\/scatto\/wp-content\/gallery\/2024_10_12_portici\/PLA_9209.jpg\"\n               title=\"Stefano Lo Russo, Sindaco di Torino; Rosanna Purchia, Assesora alla Cultura della Citt\u00e0 di Torino; Cecilia Cognini, Dirigente servizio Biblioteche\"\n               data-src=\"http:\/\/www.spaziotorino.it\/scatto\/wp-content\/gallery\/2024_10_12_portici\/PLA_9209.jpg\"\n               data-thumbnail=\"http:\/\/www.spaziotorino.it\/scatto\/wp-content\/gallery\/2024_10_12_portici\/thumbs\/thumbs_PLA_9209.jpg\"\n               data-image-id=\"34084\"\n               data-title=\"Stefano Lo Russo, Sindaco di Torino; Rosanna Purchia, Assesora alla Cultura della Citt\u00e0 di Torino; Cecilia Cognini, Dirigente servizio Biblioteche\"\n               data-description=\"Stefano Lo Russo, Sindaco di Torino; Rosanna Purchia, Assesora alla Cultura della Citt\u00e0 di Torino; Cecilia Cognini, Dirigente servizio Biblioteche\"\n               data-image-slug=\"pla_9209-1\"\n               class=\"ngg-fancybox\" rel=\"818d916e6ec5e3d5f36f54369dd9c6b3\">\n                <img\n                    title=\"Stefano Lo Russo, Sindaco di Torino; Rosanna Purchia, Assesora alla Cultura della Citt\u00e0 di Torino; Cecilia Cognini, Dirigente servizio Biblioteche\"\n                    alt=\"Stefano Lo Russo, Sindaco di Torino; Rosanna Purchia, Assesora alla Cultura della Citt\u00e0 di Torino; Cecilia Cognini, Dirigente servizio Biblioteche\"\n                    src=\"http:\/\/www.spaziotorino.it\/scatto\/wp-content\/gallery\/2024_10_12_portici\/cache\/PLA_9209.jpg-nggid0534084-ngg0dyn-60x60x100-00f0w010c011r110f110r010t010.jpg\"\n                    width=\"60\"\n                    height=\"60\"\n                    style=\"max-width:100%;\"\n                \/>\n            <\/a>\n        <\/div>\n\t\t\t\t\t\t\t<\/div> \n\t\t\t\n        \n\t\t\t\t<div id=\"ngg-image-5\" class=\"ngg-gallery-thumbnail-box\" >\n\t\t\t\t        <div class=\"ngg-gallery-thumbnail\">\n            <a href=\"http:\/\/www.spaziotorino.it\/scatto\/wp-content\/gallery\/2024_10_12_portici\/PLA_9215.jpg\"\n               title=\"L&#039;inagurazione del Bibliobus in piazza San Carlo\"\n               data-src=\"http:\/\/www.spaziotorino.it\/scatto\/wp-content\/gallery\/2024_10_12_portici\/PLA_9215.jpg\"\n               data-thumbnail=\"http:\/\/www.spaziotorino.it\/scatto\/wp-content\/gallery\/2024_10_12_portici\/thumbs\/thumbs_PLA_9215.jpg\"\n               data-image-id=\"34087\"\n               data-title=\"L&#039;inagurazione del Bibliobus in piazza San Carlo\"\n               data-description=\"L&#039;inagurazione del Bibliobus in piazza San Carlo\"\n               data-image-slug=\"pla_9215-1\"\n               class=\"ngg-fancybox\" rel=\"818d916e6ec5e3d5f36f54369dd9c6b3\">\n                <img\n                    title=\"L&#039;inagurazione del Bibliobus in piazza San Carlo\"\n                    alt=\"L&#039;inagurazione del Bibliobus in piazza San Carlo\"\n                    src=\"http:\/\/www.spaziotorino.it\/scatto\/wp-content\/gallery\/2024_10_12_portici\/cache\/PLA_9215.jpg-nggid0534087-ngg0dyn-60x60x100-00f0w010c011r110f110r010t010.jpg\"\n                    width=\"60\"\n                    height=\"60\"\n                    style=\"max-width:100%;\"\n                \/>\n            <\/a>\n        <\/div>\n\t\t\t\t\t\t\t<\/div> \n\t\t\t\n        \n\t\t\t\t<div id=\"ngg-image-6\" class=\"ngg-gallery-thumbnail-box\" >\n\t\t\t\t        <div class=\"ngg-gallery-thumbnail\">\n            <a href=\"http:\/\/www.spaziotorino.it\/scatto\/wp-content\/gallery\/2024_10_12_portici\/PLA_9223.jpg\"\n               title=\"L&#039;inagurazione del Bibliobus in piazza San Carlo\"\n               data-src=\"http:\/\/www.spaziotorino.it\/scatto\/wp-content\/gallery\/2024_10_12_portici\/PLA_9223.jpg\"\n               data-thumbnail=\"http:\/\/www.spaziotorino.it\/scatto\/wp-content\/gallery\/2024_10_12_portici\/thumbs\/thumbs_PLA_9223.jpg\"\n               data-image-id=\"34085\"\n               data-title=\"L&#039;inagurazione del Bibliobus in piazza San Carlo\"\n               data-description=\"L&#039;inagurazione del Bibliobus in piazza San Carlo\"\n               data-image-slug=\"pla_9223-1\"\n               class=\"ngg-fancybox\" rel=\"818d916e6ec5e3d5f36f54369dd9c6b3\">\n                <img\n                    title=\"L&#039;inagurazione del Bibliobus in piazza San Carlo\"\n                    alt=\"L&#039;inagurazione del Bibliobus in piazza San Carlo\"\n                    src=\"http:\/\/www.spaziotorino.it\/scatto\/wp-content\/gallery\/2024_10_12_portici\/cache\/PLA_9223.jpg-nggid0534085-ngg0dyn-60x60x100-00f0w010c011r110f110r010t010.jpg\"\n                    width=\"60\"\n                    height=\"60\"\n                    style=\"max-width:100%;\"\n                \/>\n            <\/a>\n        <\/div>\n\t\t\t\t\t\t\t<\/div> \n\t\t\t\n        \n\t\t\t\t<div id=\"ngg-image-7\" class=\"ngg-gallery-thumbnail-box\" >\n\t\t\t\t        <div class=\"ngg-gallery-thumbnail\">\n            <a href=\"http:\/\/www.spaziotorino.it\/scatto\/wp-content\/gallery\/2024_10_12_portici\/PLA_9234.jpg\"\n               title=\"L&#039;inagurazione del Bibliobus in piazza San Carlo\"\n               data-src=\"http:\/\/www.spaziotorino.it\/scatto\/wp-content\/gallery\/2024_10_12_portici\/PLA_9234.jpg\"\n               data-thumbnail=\"http:\/\/www.spaziotorino.it\/scatto\/wp-content\/gallery\/2024_10_12_portici\/thumbs\/thumbs_PLA_9234.jpg\"\n               data-image-id=\"34089\"\n               data-title=\"L&#039;inagurazione del Bibliobus in piazza San Carlo\"\n               data-description=\"L&#039;inagurazione del Bibliobus in piazza San Carlo\"\n               data-image-slug=\"pla_9234\"\n               class=\"ngg-fancybox\" rel=\"818d916e6ec5e3d5f36f54369dd9c6b3\">\n                <img\n                    title=\"L&#039;inagurazione del Bibliobus in piazza San Carlo\"\n                    alt=\"L&#039;inagurazione del Bibliobus in piazza San Carlo\"\n                    src=\"http:\/\/www.spaziotorino.it\/scatto\/wp-content\/gallery\/2024_10_12_portici\/cache\/PLA_9234.jpg-nggid0534089-ngg0dyn-60x60x100-00f0w010c011r110f110r010t010.jpg\"\n                    width=\"60\"\n                    height=\"60\"\n                    style=\"max-width:100%;\"\n                \/>\n            <\/a>\n        <\/div>\n\t\t\t\t\t\t\t<\/div> \n\t\t\t\n        \n\t\t\t\t<div id=\"ngg-image-8\" class=\"ngg-gallery-thumbnail-box\" >\n\t\t\t\t        <div class=\"ngg-gallery-thumbnail\">\n            <a href=\"http:\/\/www.spaziotorino.it\/scatto\/wp-content\/gallery\/2024_10_12_portici\/PLA_9284.jpg\"\n               title=\"Portici di Carta 2024\"\n               data-src=\"http:\/\/www.spaziotorino.it\/scatto\/wp-content\/gallery\/2024_10_12_portici\/PLA_9284.jpg\"\n               data-thumbnail=\"http:\/\/www.spaziotorino.it\/scatto\/wp-content\/gallery\/2024_10_12_portici\/thumbs\/thumbs_PLA_9284.jpg\"\n               data-image-id=\"34088\"\n               data-title=\"Portici di Carta 2024\"\n               data-description=\"Portici di Carta 2024\"\n               data-image-slug=\"pla_9284-2\"\n               class=\"ngg-fancybox\" rel=\"818d916e6ec5e3d5f36f54369dd9c6b3\">\n                <img\n                    title=\"Portici di Carta 2024\"\n                    alt=\"Portici di Carta 2024\"\n                    src=\"http:\/\/www.spaziotorino.it\/scatto\/wp-content\/gallery\/2024_10_12_portici\/cache\/PLA_9284.jpg-nggid0534088-ngg0dyn-60x60x100-00f0w010c011r110f110r010t010.jpg\"\n                    width=\"60\"\n                    height=\"60\"\n                    style=\"max-width:100%;\"\n                \/>\n            <\/a>\n        <\/div>\n\t\t\t\t\t\t\t<\/div> \n\t\t\t\n        \n\t\t\t\t<div id=\"ngg-image-9\" class=\"ngg-gallery-thumbnail-box\" >\n\t\t\t\t        <div class=\"ngg-gallery-thumbnail\">\n            <a href=\"http:\/\/www.spaziotorino.it\/scatto\/wp-content\/gallery\/2024_10_12_portici\/PLA_9297.jpg\"\n               title=\"Il Sindaco Lo Russo e l&#039;Assessore Porcedda tra i banchi di Portici di Carta\"\n               data-src=\"http:\/\/www.spaziotorino.it\/scatto\/wp-content\/gallery\/2024_10_12_portici\/PLA_9297.jpg\"\n               data-thumbnail=\"http:\/\/www.spaziotorino.it\/scatto\/wp-content\/gallery\/2024_10_12_portici\/thumbs\/thumbs_PLA_9297.jpg\"\n               data-image-id=\"34090\"\n               data-title=\"Il Sindaco Lo Russo e l&#039;Assessore Porcedda tra i banchi di Portici di Carta\"\n               data-description=\"Il Sindaco Lo Russo e l&#039;Assessore Porcedda tra i banchi di Portici di Carta\"\n               data-image-slug=\"pla_9297-2\"\n               class=\"ngg-fancybox\" rel=\"818d916e6ec5e3d5f36f54369dd9c6b3\">\n                <img\n                    title=\"Il Sindaco Lo Russo e l&#039;Assessore Porcedda tra i banchi di Portici di Carta\"\n                    alt=\"Il Sindaco Lo Russo e l&#039;Assessore Porcedda tra i banchi di Portici di Carta\"\n                    src=\"http:\/\/www.spaziotorino.it\/scatto\/wp-content\/gallery\/2024_10_12_portici\/cache\/PLA_9297.jpg-nggid0534090-ngg0dyn-60x60x100-00f0w010c011r110f110r010t010.jpg\"\n                    width=\"60\"\n                    height=\"60\"\n                    style=\"max-width:100%;\"\n                \/>\n            <\/a>\n        <\/div>\n\t\t\t\t\t\t\t<\/div> \n\t\t\t\n        \n\t\t\t\t<div id=\"ngg-image-10\" class=\"ngg-gallery-thumbnail-box\" >\n\t\t\t\t        <div class=\"ngg-gallery-thumbnail\">\n            <a href=\"http:\/\/www.spaziotorino.it\/scatto\/wp-content\/gallery\/2024_10_12_portici\/PLA_9303.jpg\"\n               title=\"Le Giornate della Legalit\u00e0 a Portici di Carta\"\n               data-src=\"http:\/\/www.spaziotorino.it\/scatto\/wp-content\/gallery\/2024_10_12_portici\/PLA_9303.jpg\"\n               data-thumbnail=\"http:\/\/www.spaziotorino.it\/scatto\/wp-content\/gallery\/2024_10_12_portici\/thumbs\/thumbs_PLA_9303.jpg\"\n               data-image-id=\"34091\"\n               data-title=\"Le Giornate della Legalit\u00e0 a Portici di Carta\"\n               data-description=\"Le Giornate della Legalit\u00e0 a Portici di Carta\"\n               data-image-slug=\"pla_9303-1\"\n               class=\"ngg-fancybox\" rel=\"818d916e6ec5e3d5f36f54369dd9c6b3\">\n                <img\n                    title=\"Le Giornate della Legalit\u00e0 a Portici di Carta\"\n                    alt=\"Le Giornate della Legalit\u00e0 a Portici di Carta\"\n                    src=\"http:\/\/www.spaziotorino.it\/scatto\/wp-content\/gallery\/2024_10_12_portici\/cache\/PLA_9303.jpg-nggid0534091-ngg0dyn-60x60x100-00f0w010c011r110f110r010t010.jpg\"\n                    width=\"60\"\n                    height=\"60\"\n                    style=\"max-width:100%;\"\n                \/>\n            <\/a>\n        <\/div>\n\t\t\t\t\t\t\t<\/div> \n\t\t\t\n        \n\t\t\t\t<div id=\"ngg-image-11\" class=\"ngg-gallery-thumbnail-box\" >\n\t\t\t\t        <div class=\"ngg-gallery-thumbnail\">\n            <a href=\"http:\/\/www.spaziotorino.it\/scatto\/wp-content\/gallery\/2024_10_12_portici\/PLA_9359.jpg\"\n               title=\"Portici di Carta 2024\"\n               data-src=\"http:\/\/www.spaziotorino.it\/scatto\/wp-content\/gallery\/2024_10_12_portici\/PLA_9359.jpg\"\n               data-thumbnail=\"http:\/\/www.spaziotorino.it\/scatto\/wp-content\/gallery\/2024_10_12_portici\/thumbs\/thumbs_PLA_9359.jpg\"\n               data-image-id=\"34093\"\n               data-title=\"Portici di Carta 2024\"\n               data-description=\"Portici di Carta 2024\"\n               data-image-slug=\"pla_9359-1\"\n               class=\"ngg-fancybox\" rel=\"818d916e6ec5e3d5f36f54369dd9c6b3\">\n                <img\n                    title=\"Portici di Carta 2024\"\n                    alt=\"Portici di Carta 2024\"\n                    src=\"http:\/\/www.spaziotorino.it\/scatto\/wp-content\/gallery\/2024_10_12_portici\/cache\/PLA_9359.jpg-nggid0534093-ngg0dyn-60x60x100-00f0w010c011r110f110r010t010.jpg\"\n                    width=\"60\"\n                    height=\"60\"\n                    style=\"max-width:100%;\"\n                \/>\n            <\/a>\n        <\/div>\n\t\t\t\t\t\t\t<\/div> \n\t\t\t\n        \n\t\t\t\t<div id=\"ngg-image-12\" class=\"ngg-gallery-thumbnail-box\" >\n\t\t\t\t        <div class=\"ngg-gallery-thumbnail\">\n            <a href=\"http:\/\/www.spaziotorino.it\/scatto\/wp-content\/gallery\/2024_10_12_portici\/PLA_9369.jpg\"\n               title=\"Portici di Carta 2024\"\n               data-src=\"http:\/\/www.spaziotorino.it\/scatto\/wp-content\/gallery\/2024_10_12_portici\/PLA_9369.jpg\"\n               data-thumbnail=\"http:\/\/www.spaziotorino.it\/scatto\/wp-content\/gallery\/2024_10_12_portici\/thumbs\/thumbs_PLA_9369.jpg\"\n               data-image-id=\"34092\"\n               data-title=\"Portici di Carta 2024\"\n               data-description=\"Portici di Carta 2024\"\n               data-image-slug=\"pla_9369-2\"\n               class=\"ngg-fancybox\" rel=\"818d916e6ec5e3d5f36f54369dd9c6b3\">\n                <img\n                    title=\"Portici di Carta 2024\"\n                    alt=\"Portici di Carta 2024\"\n                    src=\"http:\/\/www.spaziotorino.it\/scatto\/wp-content\/gallery\/2024_10_12_portici\/cache\/PLA_9369.jpg-nggid0534092-ngg0dyn-60x60x100-00f0w010c011r110f110r010t010.jpg\"\n                    width=\"60\"\n                    height=\"60\"\n                    style=\"max-width:100%;\"\n                \/>\n            <\/a>\n        <\/div>\n\t\t\t\t\t\t\t<\/div> \n\t\t\t\n        \n\t\t\t\t<div id=\"ngg-image-13\" class=\"ngg-gallery-thumbnail-box\" >\n\t\t\t\t        <div class=\"ngg-gallery-thumbnail\">\n            <a href=\"http:\/\/www.spaziotorino.it\/scatto\/wp-content\/gallery\/2024_10_12_portici\/PLA_9147.jpg\"\n               title=\"Portici di Carta 2024\"\n               data-src=\"http:\/\/www.spaziotorino.it\/scatto\/wp-content\/gallery\/2024_10_12_portici\/PLA_9147.jpg\"\n               data-thumbnail=\"http:\/\/www.spaziotorino.it\/scatto\/wp-content\/gallery\/2024_10_12_portici\/thumbs\/thumbs_PLA_9147.jpg\"\n               data-image-id=\"34083\"\n               data-title=\"Portici di Carta 2024\"\n               data-description=\"Portici di Carta 2024\"\n               data-image-slug=\"pla_9147\"\n               class=\"ngg-fancybox\" rel=\"818d916e6ec5e3d5f36f54369dd9c6b3\">\n                <img\n                    title=\"Portici di Carta 2024\"\n                    alt=\"Portici di Carta 2024\"\n                    src=\"http:\/\/www.spaziotorino.it\/scatto\/wp-content\/gallery\/2024_10_12_portici\/cache\/PLA_9147.jpg-nggid0534083-ngg0dyn-60x60x100-00f0w010c011r110f110r010t010.jpg\"\n                    width=\"60\"\n                    height=\"60\"\n                    style=\"max-width:100%;\"\n                \/>\n            <\/a>\n        <\/div>\n\t\t\t\t\t\t\t<\/div> \n\t\t\t\n        \n\t\t\t\t<div id=\"ngg-image-14\" class=\"ngg-gallery-thumbnail-box\" >\n\t\t\t\t        <div class=\"ngg-gallery-thumbnail\">\n            <a href=\"http:\/\/www.spaziotorino.it\/scatto\/wp-content\/gallery\/2024_10_12_portici\/PLA_9412.jpg\"\n               title=\"Portici di Carta 2024\"\n               data-src=\"http:\/\/www.spaziotorino.it\/scatto\/wp-content\/gallery\/2024_10_12_portici\/PLA_9412.jpg\"\n               data-thumbnail=\"http:\/\/www.spaziotorino.it\/scatto\/wp-content\/gallery\/2024_10_12_portici\/thumbs\/thumbs_PLA_9412.jpg\"\n               data-image-id=\"34094\"\n               data-title=\"Portici di Carta 2024\"\n               data-description=\"Portici di Carta 2024\"\n               data-image-slug=\"pla_9412-1\"\n               class=\"ngg-fancybox\" rel=\"818d916e6ec5e3d5f36f54369dd9c6b3\">\n                <img\n                    title=\"Portici di Carta 2024\"\n                    alt=\"Portici di Carta 2024\"\n                    src=\"http:\/\/www.spaziotorino.it\/scatto\/wp-content\/gallery\/2024_10_12_portici\/cache\/PLA_9412.jpg-nggid0534094-ngg0dyn-60x60x100-00f0w010c011r110f110r010t010.jpg\"\n                    width=\"60\"\n                    height=\"60\"\n                    style=\"max-width:100%;\"\n                \/>\n            <\/a>\n        <\/div>\n\t\t\t\t\t\t\t<\/div> \n\t\t\t\n        \n\t\t\t\t<div id=\"ngg-image-15\" class=\"ngg-gallery-thumbnail-box\" >\n\t\t\t\t        <div class=\"ngg-gallery-thumbnail\">\n            <a href=\"http:\/\/www.spaziotorino.it\/scatto\/wp-content\/gallery\/2024_10_12_portici\/PLA_9415.jpg\"\n               title=\"Portici di Carta 2024\"\n               data-src=\"http:\/\/www.spaziotorino.it\/scatto\/wp-content\/gallery\/2024_10_12_portici\/PLA_9415.jpg\"\n               data-thumbnail=\"http:\/\/www.spaziotorino.it\/scatto\/wp-content\/gallery\/2024_10_12_portici\/thumbs\/thumbs_PLA_9415.jpg\"\n               data-image-id=\"34095\"\n               data-title=\"Portici di Carta 2024\"\n               data-description=\"Portici di Carta 2024\"\n               data-image-slug=\"pla_9415-1\"\n               class=\"ngg-fancybox\" rel=\"818d916e6ec5e3d5f36f54369dd9c6b3\">\n                <img\n                    title=\"Portici di Carta 2024\"\n                    alt=\"Portici di Carta 2024\"\n                    src=\"http:\/\/www.spaziotorino.it\/scatto\/wp-content\/gallery\/2024_10_12_portici\/cache\/PLA_9415.jpg-nggid0534095-ngg0dyn-60x60x100-00f0w010c011r110f110r010t010.jpg\"\n                    width=\"60\"\n                    height=\"60\"\n                    style=\"max-width:100%;\"\n                \/>\n            <\/a>\n        <\/div>\n\t\t\t\t\t\t\t<\/div> \n\t\t\t\n        \n\t\t\t\t<div id=\"ngg-image-16\" class=\"ngg-gallery-thumbnail-box\" >\n\t\t\t\t        <div class=\"ngg-gallery-thumbnail\">\n            <a href=\"http:\/\/www.spaziotorino.it\/scatto\/wp-content\/gallery\/2024_10_12_portici\/PLA_9135.jpg\"\n               title=\"Portici di Carta 2024\"\n               data-src=\"http:\/\/www.spaziotorino.it\/scatto\/wp-content\/gallery\/2024_10_12_portici\/PLA_9135.jpg\"\n               data-thumbnail=\"http:\/\/www.spaziotorino.it\/scatto\/wp-content\/gallery\/2024_10_12_portici\/thumbs\/thumbs_PLA_9135.jpg\"\n               data-image-id=\"34079\"\n               data-title=\"Portici di Carta 2024\"\n               data-description=\"Portici di Carta 2024\"\n               data-image-slug=\"pla_9135-2\"\n               class=\"ngg-fancybox\" rel=\"818d916e6ec5e3d5f36f54369dd9c6b3\">\n                <img\n                    title=\"Portici di Carta 2024\"\n                    alt=\"Portici di Carta 2024\"\n                    src=\"http:\/\/www.spaziotorino.it\/scatto\/wp-content\/gallery\/2024_10_12_portici\/cache\/PLA_9135.jpg-nggid0534079-ngg0dyn-60x60x100-00f0w010c011r110f110r010t010.jpg\"\n                    width=\"60\"\n                    height=\"60\"\n                    style=\"max-width:100%;\"\n                \/>\n            <\/a>\n        <\/div>\n\t\t\t\t\t\t\t<\/div> \n\t\t\t\n        \n\t\t\t\t<div id=\"ngg-image-17\" class=\"ngg-gallery-thumbnail-box\" >\n\t\t\t\t        <div class=\"ngg-gallery-thumbnail\">\n            <a href=\"http:\/\/www.spaziotorino.it\/scatto\/wp-content\/gallery\/2024_10_12_portici\/PLA_9426.jpg\"\n               title=\"Il Sindaco Lo Russo tra i banchi di Portici di Carta\"\n               data-src=\"http:\/\/www.spaziotorino.it\/scatto\/wp-content\/gallery\/2024_10_12_portici\/PLA_9426.jpg\"\n               data-thumbnail=\"http:\/\/www.spaziotorino.it\/scatto\/wp-content\/gallery\/2024_10_12_portici\/thumbs\/thumbs_PLA_9426.jpg\"\n               data-image-id=\"34096\"\n               data-title=\"Il Sindaco Lo Russo tra i banchi di Portici di Carta\"\n               data-description=\"Il Sindaco Lo Russo tra i banchi di Portici di Carta\"\n               data-image-slug=\"pla_9426\"\n               class=\"ngg-fancybox\" rel=\"818d916e6ec5e3d5f36f54369dd9c6b3\">\n                <img\n                    title=\"Il Sindaco Lo Russo tra i banchi di Portici di Carta\"\n                    alt=\"Il Sindaco Lo Russo tra i banchi di Portici di Carta\"\n                    src=\"http:\/\/www.spaziotorino.it\/scatto\/wp-content\/gallery\/2024_10_12_portici\/cache\/PLA_9426.jpg-nggid0534096-ngg0dyn-60x60x100-00f0w010c011r110f110r010t010.jpg\"\n                    width=\"60\"\n                    height=\"60\"\n                    style=\"max-width:100%;\"\n                \/>\n            <\/a>\n        <\/div>\n\t\t\t\t\t\t\t<\/div> \n\t\t\t\n        \n\t\t\t\t<div id=\"ngg-image-18\" class=\"ngg-gallery-thumbnail-box\" >\n\t\t\t\t        <div class=\"ngg-gallery-thumbnail\">\n            <a href=\"http:\/\/www.spaziotorino.it\/scatto\/wp-content\/gallery\/2024_10_12_portici\/PLA_9431.jpg\"\n               title=\"Torino, sabatao 12 ottobre 2024Piazza San Carlo, via Roma, piazza Carlo FelicePortici di CartaInaugurazione del secondo Bibliobus\"\n               data-src=\"http:\/\/www.spaziotorino.it\/scatto\/wp-content\/gallery\/2024_10_12_portici\/PLA_9431.jpg\"\n               data-thumbnail=\"http:\/\/www.spaziotorino.it\/scatto\/wp-content\/gallery\/2024_10_12_portici\/thumbs\/thumbs_PLA_9431.jpg\"\n               data-image-id=\"34097\"\n               data-title=\"Torino, sabatao 12 ottobre 2024Piazza San Carlo, via Roma, piazza Carlo FelicePortici di CartaInaugurazione del secondo Bibliobus\"\n               data-description=\"Torino, sabatao 12 ottobre 2024Piazza San Carlo, via Roma, piazza Carlo FelicePortici di CartaInaugurazione del secondo Bibliobus\"\n               data-image-slug=\"pla_9431-1\"\n               class=\"ngg-fancybox\" rel=\"818d916e6ec5e3d5f36f54369dd9c6b3\">\n                <img\n                    title=\"Torino, sabatao 12 ottobre 2024Piazza San Carlo, via Roma, piazza Carlo FelicePortici di CartaInaugurazione del secondo Bibliobus\"\n                    alt=\"Torino, sabatao 12 ottobre 2024Piazza San Carlo, via Roma, piazza Carlo FelicePortici di CartaInaugurazione del secondo Bibliobus\"\n                    src=\"http:\/\/www.spaziotorino.it\/scatto\/wp-content\/gallery\/2024_10_12_portici\/cache\/PLA_9431.jpg-nggid0534097-ngg0dyn-60x60x100-00f0w010c011r110f110r010t010.jpg\"\n                    width=\"60\"\n                    height=\"60\"\n                    style=\"max-width:100%;\"\n                \/>\n            <\/a>\n        <\/div>\n\t\t\t\t\t\t\t<\/div> \n\t\t\t\n        \n\t\t\t\t<div id=\"ngg-image-19\" class=\"ngg-gallery-thumbnail-box\" >\n\t\t\t\t        <div class=\"ngg-gallery-thumbnail\">\n            <a href=\"http:\/\/www.spaziotorino.it\/scatto\/wp-content\/gallery\/2024_10_12_portici\/PLA_9432.jpg\"\n               title=\"Portici di Carta 2024\"\n               data-src=\"http:\/\/www.spaziotorino.it\/scatto\/wp-content\/gallery\/2024_10_12_portici\/PLA_9432.jpg\"\n               data-thumbnail=\"http:\/\/www.spaziotorino.it\/scatto\/wp-content\/gallery\/2024_10_12_portici\/thumbs\/thumbs_PLA_9432.jpg\"\n               data-image-id=\"34099\"\n               data-title=\"Portici di Carta 2024\"\n               data-description=\"Portici di Carta 2024\"\n               data-image-slug=\"pla_9432-1\"\n               class=\"ngg-fancybox\" rel=\"818d916e6ec5e3d5f36f54369dd9c6b3\">\n                <img\n                    title=\"Portici di Carta 2024\"\n                    alt=\"Portici di Carta 2024\"\n                    src=\"http:\/\/www.spaziotorino.it\/scatto\/wp-content\/gallery\/2024_10_12_portici\/cache\/PLA_9432.jpg-nggid0534099-ngg0dyn-60x60x100-00f0w010c011r110f110r010t010.jpg\"\n                    width=\"60\"\n                    height=\"60\"\n                    style=\"max-width:100%;\"\n                \/>\n            <\/a>\n        <\/div>\n\t\t\t\t\t\t\t<\/div> \n\t\t\t\n        \n\t\t\t\t<div id=\"ngg-image-20\" class=\"ngg-gallery-thumbnail-box\" >\n\t\t\t\t        <div class=\"ngg-gallery-thumbnail\">\n            <a href=\"http:\/\/www.spaziotorino.it\/scatto\/wp-content\/gallery\/2024_10_12_portici\/PLA_9436.jpg\"\n               title=\"Portici di Carta 2024\"\n               data-src=\"http:\/\/www.spaziotorino.it\/scatto\/wp-content\/gallery\/2024_10_12_portici\/PLA_9436.jpg\"\n               data-thumbnail=\"http:\/\/www.spaziotorino.it\/scatto\/wp-content\/gallery\/2024_10_12_portici\/thumbs\/thumbs_PLA_9436.jpg\"\n               data-image-id=\"34100\"\n               data-title=\"Portici di Carta 2024\"\n               data-description=\"Portici di Carta 2024\"\n               data-image-slug=\"pla_9436-1\"\n               class=\"ngg-fancybox\" rel=\"818d916e6ec5e3d5f36f54369dd9c6b3\">\n                <img\n                    title=\"Portici di Carta 2024\"\n                    alt=\"Portici di Carta 2024\"\n                    src=\"http:\/\/www.spaziotorino.it\/scatto\/wp-content\/gallery\/2024_10_12_portici\/cache\/PLA_9436.jpg-nggid0534100-ngg0dyn-60x60x100-00f0w010c011r110f110r010t010.jpg\"\n                    width=\"60\"\n                    height=\"60\"\n                    style=\"max-width:100%;\"\n                \/>\n            <\/a>\n        <\/div>\n\t\t\t\t\t\t\t<\/div> \n\t\t\t\n        \n\t\t\t\t<div id=\"ngg-image-21\" class=\"ngg-gallery-thumbnail-box\" >\n\t\t\t\t        <div class=\"ngg-gallery-thumbnail\">\n            <a href=\"http:\/\/www.spaziotorino.it\/scatto\/wp-content\/gallery\/2024_10_12_portici\/PLA_9554.jpg\"\n               title=\"Portici di Carta 2024\"\n               data-src=\"http:\/\/www.spaziotorino.it\/scatto\/wp-content\/gallery\/2024_10_12_portici\/PLA_9554.jpg\"\n               data-thumbnail=\"http:\/\/www.spaziotorino.it\/scatto\/wp-content\/gallery\/2024_10_12_portici\/thumbs\/thumbs_PLA_9554.jpg\"\n               data-image-id=\"34098\"\n               data-title=\"Portici di Carta 2024\"\n               data-description=\"Portici di Carta 2024\"\n               data-image-slug=\"pla_9554-1\"\n               class=\"ngg-fancybox\" rel=\"818d916e6ec5e3d5f36f54369dd9c6b3\">\n                <img\n                    title=\"Portici di Carta 2024\"\n                    alt=\"Portici di Carta 2024\"\n                    src=\"http:\/\/www.spaziotorino.it\/scatto\/wp-content\/gallery\/2024_10_12_portici\/cache\/PLA_9554.jpg-nggid0534098-ngg0dyn-60x60x100-00f0w010c011r110f110r010t010.jpg\"\n                    width=\"60\"\n                    height=\"60\"\n                    style=\"max-width:100%;\"\n                \/>\n            <\/a>\n        <\/div>\n\t\t\t\t\t\t\t<\/div> \n\t\t\t\n        \n\t\t\t\t<div id=\"ngg-image-22\" class=\"ngg-gallery-thumbnail-box\" >\n\t\t\t\t        <div class=\"ngg-gallery-thumbnail\">\n            <a href=\"http:\/\/www.spaziotorino.it\/scatto\/wp-content\/gallery\/2024_10_12_portici\/PLA_9579.jpg\"\n               title=\"Portici di Carta 2024\"\n               data-src=\"http:\/\/www.spaziotorino.it\/scatto\/wp-content\/gallery\/2024_10_12_portici\/PLA_9579.jpg\"\n               data-thumbnail=\"http:\/\/www.spaziotorino.it\/scatto\/wp-content\/gallery\/2024_10_12_portici\/thumbs\/thumbs_PLA_9579.jpg\"\n               data-image-id=\"34101\"\n               data-title=\"Portici di Carta 2024\"\n               data-description=\"Portici di Carta 2024\"\n               data-image-slug=\"pla_9579\"\n               class=\"ngg-fancybox\" rel=\"818d916e6ec5e3d5f36f54369dd9c6b3\">\n                <img\n                    title=\"Portici di Carta 2024\"\n                    alt=\"Portici di Carta 2024\"\n                    src=\"http:\/\/www.spaziotorino.it\/scatto\/wp-content\/gallery\/2024_10_12_portici\/cache\/PLA_9579.jpg-nggid0534101-ngg0dyn-60x60x100-00f0w010c011r110f110r010t010.jpg\"\n                    width=\"60\"\n                    height=\"60\"\n                    style=\"max-width:100%;\"\n                \/>\n            <\/a>\n        <\/div>\n\t\t\t\t\t\t\t<\/div> \n\t\t\t\n        \n\t\t\t\t<div id=\"ngg-image-23\" class=\"ngg-gallery-thumbnail-box\" >\n\t\t\t\t        <div class=\"ngg-gallery-thumbnail\">\n            <a href=\"http:\/\/www.spaziotorino.it\/scatto\/wp-content\/gallery\/2024_10_12_portici\/PLA_9603.jpg\"\n               title=\"Portici di Carta 2024\"\n               data-src=\"http:\/\/www.spaziotorino.it\/scatto\/wp-content\/gallery\/2024_10_12_portici\/PLA_9603.jpg\"\n               data-thumbnail=\"http:\/\/www.spaziotorino.it\/scatto\/wp-content\/gallery\/2024_10_12_portici\/thumbs\/thumbs_PLA_9603.jpg\"\n               data-image-id=\"34102\"\n               data-title=\"Portici di Carta 2024\"\n               data-description=\"Portici di Carta 2024\"\n               data-image-slug=\"pla_9603-2\"\n               class=\"ngg-fancybox\" rel=\"818d916e6ec5e3d5f36f54369dd9c6b3\">\n                <img\n                    title=\"Portici di Carta 2024\"\n                    alt=\"Portici di Carta 2024\"\n                    src=\"http:\/\/www.spaziotorino.it\/scatto\/wp-content\/gallery\/2024_10_12_portici\/cache\/PLA_9603.jpg-nggid0534102-ngg0dyn-60x60x100-00f0w010c011r110f110r010t010.jpg\"\n                    width=\"60\"\n                    height=\"60\"\n                    style=\"max-width:100%;\"\n                \/>\n            <\/a>\n        <\/div>\n\t\t\t\t\t\t\t<\/div> \n\t\t\t\n        \n\t\t\t\t<div id=\"ngg-image-24\" class=\"ngg-gallery-thumbnail-box\" >\n\t\t\t\t        <div class=\"ngg-gallery-thumbnail\">\n            <a href=\"http:\/\/www.spaziotorino.it\/scatto\/wp-content\/gallery\/2024_10_12_portici\/PLA_9605.jpg\"\n               title=\"Portici di Carta 2024\"\n               data-src=\"http:\/\/www.spaziotorino.it\/scatto\/wp-content\/gallery\/2024_10_12_portici\/PLA_9605.jpg\"\n               data-thumbnail=\"http:\/\/www.spaziotorino.it\/scatto\/wp-content\/gallery\/2024_10_12_portici\/thumbs\/thumbs_PLA_9605.jpg\"\n               data-image-id=\"34103\"\n               data-title=\"Portici di Carta 2024\"\n               data-description=\"Portici di Carta 2024\"\n               data-image-slug=\"pla_9605\"\n               class=\"ngg-fancybox\" rel=\"818d916e6ec5e3d5f36f54369dd9c6b3\">\n                <img\n                    title=\"Portici di Carta 2024\"\n                    alt=\"Portici di Carta 2024\"\n                    src=\"http:\/\/www.spaziotorino.it\/scatto\/wp-content\/gallery\/2024_10_12_portici\/cache\/PLA_9605.jpg-nggid0534103-ngg0dyn-60x60x100-00f0w010c011r110f110r010t010.jpg\"\n                    width=\"60\"\n                    height=\"60\"\n                    style=\"max-width:100%;\"\n                \/>\n            <\/a>\n        <\/div>\n\t\t\t\t\t\t\t<\/div> \n\t\t\t\n        \n\t\t\t\t<div id=\"ngg-image-25\" class=\"ngg-gallery-thumbnail-box\" >\n\t\t\t\t        <div class=\"ngg-gallery-thumbnail\">\n            <a href=\"http:\/\/www.spaziotorino.it\/scatto\/wp-content\/gallery\/2024_10_12_portici\/PLA_9637.jpg\"\n               title=\"Portici di Carta 2024\"\n               data-src=\"http:\/\/www.spaziotorino.it\/scatto\/wp-content\/gallery\/2024_10_12_portici\/PLA_9637.jpg\"\n               data-thumbnail=\"http:\/\/www.spaziotorino.it\/scatto\/wp-content\/gallery\/2024_10_12_portici\/thumbs\/thumbs_PLA_9637.jpg\"\n               data-image-id=\"34104\"\n               data-title=\"Portici di Carta 2024\"\n               data-description=\"Portici di Carta 2024\"\n               data-image-slug=\"pla_9637\"\n               class=\"ngg-fancybox\" rel=\"818d916e6ec5e3d5f36f54369dd9c6b3\">\n                <img\n                    title=\"Portici di Carta 2024\"\n                    alt=\"Portici di Carta 2024\"\n                    src=\"http:\/\/www.spaziotorino.it\/scatto\/wp-content\/gallery\/2024_10_12_portici\/cache\/PLA_9637.jpg-nggid0534104-ngg0dyn-60x60x100-00f0w010c011r110f110r010t010.jpg\"\n                    width=\"60\"\n                    height=\"60\"\n                    style=\"max-width:100%;\"\n                \/>\n            <\/a>\n        <\/div>\n\t\t\t\t\t\t\t<\/div> \n\t\t\t\n        \n\t\t\t\t<div id=\"ngg-image-26\" class=\"ngg-gallery-thumbnail-box\" >\n\t\t\t\t        <div class=\"ngg-gallery-thumbnail\">\n            <a href=\"http:\/\/www.spaziotorino.it\/scatto\/wp-content\/gallery\/2024_10_12_portici\/PLA_9645.jpg\"\n               title=\"Portici di Carta 2024\"\n               data-src=\"http:\/\/www.spaziotorino.it\/scatto\/wp-content\/gallery\/2024_10_12_portici\/PLA_9645.jpg\"\n               data-thumbnail=\"http:\/\/www.spaziotorino.it\/scatto\/wp-content\/gallery\/2024_10_12_portici\/thumbs\/thumbs_PLA_9645.jpg\"\n               data-image-id=\"34105\"\n               data-title=\"Portici di Carta 2024\"\n               data-description=\"Portici di Carta 2024\"\n               data-image-slug=\"pla_9645-1\"\n               class=\"ngg-fancybox\" rel=\"818d916e6ec5e3d5f36f54369dd9c6b3\">\n                <img\n                    title=\"Portici di Carta 2024\"\n                    alt=\"Portici di Carta 2024\"\n                    src=\"http:\/\/www.spaziotorino.it\/scatto\/wp-content\/gallery\/2024_10_12_portici\/cache\/PLA_9645.jpg-nggid0534105-ngg0dyn-60x60x100-00f0w010c011r110f110r010t010.jpg\"\n                    width=\"60\"\n                    height=\"60\"\n                    style=\"max-width:100%;\"\n                \/>\n            <\/a>\n        <\/div>\n\t\t\t\t\t\t\t<\/div> \n\t\t\t\n        \n\t\t\t\t<div id=\"ngg-image-27\" class=\"ngg-gallery-thumbnail-box\" >\n\t\t\t\t        <div class=\"ngg-gallery-thumbnail\">\n            <a href=\"http:\/\/www.spaziotorino.it\/scatto\/wp-content\/gallery\/2024_10_12_portici\/PLA_9651.jpg\"\n               title=\"Portici di Carta 2024\"\n               data-src=\"http:\/\/www.spaziotorino.it\/scatto\/wp-content\/gallery\/2024_10_12_portici\/PLA_9651.jpg\"\n               data-thumbnail=\"http:\/\/www.spaziotorino.it\/scatto\/wp-content\/gallery\/2024_10_12_portici\/thumbs\/thumbs_PLA_9651.jpg\"\n               data-image-id=\"34106\"\n               data-title=\"Portici di Carta 2024\"\n               data-description=\"Portici di Carta 2024\"\n               data-image-slug=\"pla_9651-1\"\n               class=\"ngg-fancybox\" rel=\"818d916e6ec5e3d5f36f54369dd9c6b3\">\n                <img\n                    title=\"Portici di Carta 2024\"\n                    alt=\"Portici di Carta 2024\"\n                    src=\"http:\/\/www.spaziotorino.it\/scatto\/wp-content\/gallery\/2024_10_12_portici\/cache\/PLA_9651.jpg-nggid0534106-ngg0dyn-60x60x100-00f0w010c011r110f110r010t010.jpg\"\n                    width=\"60\"\n                    height=\"60\"\n                    style=\"max-width:100%;\"\n                \/>\n            <\/a>\n        <\/div>\n\t\t\t\t\t\t\t<\/div> \n\t\t\t\n        \n\t\t\n\t\t<!-- Pagination -->\n\t<div class='ngg-clear'><\/div>\t<\/div>\n\n<p dir=\"ltr\">\u00c8 stato inaugurato <span id=\"OBJ_PREFIX_DWT63_com_zimbra_date\" class=\"Object\" role=\"link\">questa mattina<\/span> in piazza San Carlo il nuovo Bibliobus delle Biblioteche civiche della Citt\u00e0, in uno speciale allestimento dedicato ai temi della legalit\u00e0 in occasione della prima giornata di Portici di Carta.<\/p>\n<p dir=\"ltr\">\u201cSulla cultura, sul libro e sulle biblioteche abbiamo deciso di investire molte delle risorse del PNRR &#8211; ha dichiarato il sindaco della Citt\u00e0 di Torino Stefano Lo Russo -. Una scelta che ha condotto alla riqualificazione di ben 18 biblioteche civiche e che porter\u00e0 alla realizzazione della nuova Biblioteca Centrale al parco del Valentino. Le biblioteche sono luoghi di diffusione di cultura ma nella nostra visione sono anche centri di aggregazione e di socialit\u00e0 positiva. Luoghi inclusivi, intergenerazionali e interculturali, dove tutti possono entrare, ragazze e ragazzi, adulti e anziani, e trovare spazi adeguati e punti di accesso a tutti i tipi di servizi comunali. Torino \u00e8 la citt\u00e0 del Salone Internazionale del Libro e la nostra idea \u00e8 di avvicinare tutti alla lettura, grazie a iniziative come Portici di Carta, alle nostre biblioteche e anche con l\u2019azione sul territorio dei nostri Bibliobus\u201d.<\/p>\n<p dir=\"ltr\">\u201cPer il secondo anno Portici di Carta valica i confini dei portici e invade di libri piazza San Carlo &#8211; ha dichiarato l\u2019assessora alla Cultura Rosanna Purchia -, accogliendo anche le Giornate della Legalit\u00e0. Questo secondo Bibliobus <span id=\"OBJ_PREFIX_DWT64_com_zimbra_date\" class=\"Object\" role=\"link\">oggi<\/span> e <span id=\"OBJ_PREFIX_DWT65_com_zimbra_date\" class=\"Object\" role=\"link\">domani<\/span> ospita la Biblioteca della Legalit\u00e0, ma presto sar\u00e0 operativo sul territorio portando tantissimi libri in ogni angolo della citt\u00e0\u201d.<\/p>\n<p dir=\"ltr\">Il Servizio di Biblioteca mobile \u00e8 un servizio innovativo&nbsp; che porta la biblioteca nelle aree meno servite di Torino. Il primo bibliobus, ed equipaggiato con oltre 1200 volumi e connettivit\u00e0 wi-fi, gi\u00e0 dal 2018 offre attivit\u00e0 culturali e di lettura per bambini, ragazzi e adulti, facilitazione digitale, anagrafe e prestito.<\/p>\n<p dir=\"ltr\">Da <span id=\"OBJ_PREFIX_DWT66_com_zimbra_date\" class=\"Object\" role=\"link\">oggi<\/span> il servizio sar\u00e0 potenziato con l&#8217;introduzione del secondo Bibliobus, a cui se ne aggiunger\u00e0 un terzo, progettato con una struttura flessibile, differente dai mezzi precedenti, pensata per attivit\u00e0 nei parchi e all\u2019aperto. I due nuovi bibliobus si inseriscono nel Piano Integrato Urbano della Citt\u00e0 di Torino che prevede interventi per eliminare le barriere fisiche e socio-culturali e facilitare la socialit\u00e0 e l\u2019inclusione, attraverso la lettura e l\u2019informazione. I due bibliobus sono finanziati con fondi PNRR &#8211; Missione 5.2.2 del Piano integrato urbano.<\/p>\n","protected":false},"excerpt":{"rendered":"<p>\u00c8 stato inaugurato questa mattina in piazza San Carlo il nuovo Bibliobus delle Biblioteche civiche della Citt\u00e0, in uno speciale allestimento dedicato ai temi della legalit\u00e0 in occasione della prima giornata di Portici di Carta. \u201cSulla cultura, sul libro e sulle biblioteche abbiamo deciso di investire molte delle risorse del PNRR &#8211; ha dichiarato il [&hellip;]<\/p>\n","protected":false},"author":1,"featured_media":0,"comment_status":"closed","ping_status":"open","sticky":false,"template":"","format":"standard","meta":{"ngg_post_thumbnail":0},"categories":[54,1,41],"tags":[],"_links":{"self":[{"href":"http:\/\/www.spaziotorino.it\/scatto\/index.php?rest_route=\/wp\/v2\/posts\/52196"}],"collection":[{"href":"http:\/\/www.spaziotorino.it\/scatto\/index.php?rest_route=\/wp\/v2\/posts"}],"about":[{"href":"http:\/\/www.spaziotorino.it\/scatto\/index.php?rest_route=\/wp\/v2\/types\/post"}],"author":[{"embeddable":true,"href":"http:\/\/www.spaziotorino.it\/scatto\/index.php?rest_route=\/wp\/v2\/users\/1"}],"replies":[{"embeddable":true,"href":"http:\/\/www.spaziotorino.it\/scatto\/index.php?rest_route=%2Fwp%2Fv2%2Fcomments&post=52196"}],"version-history":[{"count":2,"href":"http:\/\/www.spaziotorino.it\/scatto\/index.php?rest_route=\/wp\/v2\/posts\/52196\/revisions"}],"predecessor-version":[{"id":52199,"href":"http:\/\/www.spaziotorino.it\/scatto\/index.php?rest_route=\/wp\/v2\/posts\/52196\/revisions\/52199"}],"wp:attachment":[{"href":"http:\/\/www.spaziotorino.it\/scatto\/index.php?rest_route=%2Fwp%2Fv2%2Fmedia&parent=52196"}],"wp:term":[{"taxonomy":"category","embeddable":true,"href":"http:\/\/www.spaziotorino.it\/scatto\/index.php?rest_route=%2Fwp%2Fv2%2Fcategories&post=52196"},{"taxonomy":"post_tag","embeddable":true,"href":"http:\/\/www.spaziotorino.it\/scatto\/index.php?rest_route=%2Fwp%2Fv2%2Ftags&post=52196"}],"curies":[{"name":"wp","href":"https:\/\/api.w.org\/{rel}","templated":true}]}}