{"id":52277,"date":"2024-10-15T14:13:39","date_gmt":"2024-10-15T13:13:39","guid":{"rendered":"http:\/\/www.spaziotorino.it\/scatto\/?p=52277"},"modified":"2024-10-16T09:49:19","modified_gmt":"2024-10-16T08:49:19","slug":"tina-modotti-lopera-e-mimmo-jodice-oasi-a-camera-centro-italiano-per-la-fotografia","status":"publish","type":"post","link":"http:\/\/www.spaziotorino.it\/scatto\/?p=52277","title":{"rendered":"Tina Modotti, l&#8217;opera e Mimmo Jodice, Oasi a CAMERA &#8211; Centro Italiano per la Fotografia"},"content":{"rendered":"<p><a class=\"ngg-fancybox\" title=\"Tina Modotti, l'opera e Mimmo Jodice, Oasi a CAMERA - Centro Italiano per la Fotografia \" href=\"http:\/\/www.spaziotorino.it\/scatto\/wp-content\/gallery\/2024_10_15_modotti\/PLA_0065.jpg\" rel=\"lightbox[set_2322]\"><br \/>\n<img decoding=\"async\" loading=\"lazy\" class=\"ngg-singlepic\" title=\"Tina Modotti, l'opera e Mimmo Jodice, Oasi a CAMERA - Centro Italiano per la Fotografia \" src=\"http:\/\/www.spaziotorino.it\/scatto\/wp-content\/gallery\/2024_10_15_modotti\/PLA_0065.jpg\" alt=\"\" width=\"540\" height=\"360\"\/><\/a><\/p>\n<!-- index.php -->\n<div\n\tclass=\"ngg-galleryoverview ngg-ajax-pagination-none\"\n\tid=\"ngg-gallery-2cd3a8345679ca3990be4f4bc6cbcdba-1\">\n\n    \t\t<!-- Thumbnails -->\n\t\t\t\t<div id=\"ngg-image-0\" class=\"ngg-gallery-thumbnail-box\" >\n\t\t\t\t        <div class=\"ngg-gallery-thumbnail\">\n            <a href=\"http:\/\/www.spaziotorino.it\/scatto\/wp-content\/gallery\/2024_10_15_modotti\/PLA_0131.jpg\"\n               title=\"Tina Modotti, l&#039;opera e Mimmo Jodice, Oasi a CAMERA - Centro Italiano per la Fotografia\"\n               data-src=\"http:\/\/www.spaziotorino.it\/scatto\/wp-content\/gallery\/2024_10_15_modotti\/PLA_0131.jpg\"\n               data-thumbnail=\"http:\/\/www.spaziotorino.it\/scatto\/wp-content\/gallery\/2024_10_15_modotti\/thumbs\/thumbs_PLA_0131.jpg\"\n               data-image-id=\"34172\"\n               data-title=\"Tina Modotti, l&#039;opera e Mimmo Jodice, Oasi a CAMERA - Centro Italiano per la Fotografia\"\n               data-description=\"Tina Modotti, l&#039;opera e Mimmo Jodice, Oasi a CAMERA - Centro Italiano per la Fotografia\"\n               data-image-slug=\"pla_0131-1\"\n               class=\"ngg-fancybox\" rel=\"2cd3a8345679ca3990be4f4bc6cbcdba\">\n                <img\n                    title=\"Tina Modotti, l&#039;opera e Mimmo Jodice, Oasi a CAMERA - Centro Italiano per la Fotografia\"\n                    alt=\"Tina Modotti, l&#039;opera e Mimmo Jodice, Oasi a CAMERA - Centro Italiano per la Fotografia\"\n                    src=\"http:\/\/www.spaziotorino.it\/scatto\/wp-content\/gallery\/2024_10_15_modotti\/cache\/PLA_0131.jpg-nggid0534172-ngg0dyn-60x60x100-00f0w010c011r110f110r010t010.jpg\"\n                    width=\"60\"\n                    height=\"60\"\n                    style=\"max-width:100%;\"\n                \/>\n            <\/a>\n        <\/div>\n\t\t\t\t\t\t\t<\/div> \n\t\t\t\n        \n\t\t\t\t<div id=\"ngg-image-1\" class=\"ngg-gallery-thumbnail-box\" >\n\t\t\t\t        <div class=\"ngg-gallery-thumbnail\">\n            <a href=\"http:\/\/www.spaziotorino.it\/scatto\/wp-content\/gallery\/2024_10_15_modotti\/PLA_0044.jpg\"\n               title=\"Tina Modotti, l&#039;opera a CAMERA - Centro Italiano per la Fotografia\"\n               data-src=\"http:\/\/www.spaziotorino.it\/scatto\/wp-content\/gallery\/2024_10_15_modotti\/PLA_0044.jpg\"\n               data-thumbnail=\"http:\/\/www.spaziotorino.it\/scatto\/wp-content\/gallery\/2024_10_15_modotti\/thumbs\/thumbs_PLA_0044.jpg\"\n               data-image-id=\"34160\"\n               data-title=\"Tina Modotti, l&#039;opera a CAMERA - Centro Italiano per la Fotografia\"\n               data-description=\"Tina Modotti, l&#039;opera a CAMERA - Centro Italiano per la Fotografia\"\n               data-image-slug=\"pla_0044-1\"\n               class=\"ngg-fancybox\" rel=\"2cd3a8345679ca3990be4f4bc6cbcdba\">\n                <img\n                    title=\"Tina Modotti, l&#039;opera a CAMERA - Centro Italiano per la Fotografia\"\n                    alt=\"Tina Modotti, l&#039;opera a CAMERA - Centro Italiano per la Fotografia\"\n                    src=\"http:\/\/www.spaziotorino.it\/scatto\/wp-content\/gallery\/2024_10_15_modotti\/cache\/PLA_0044.jpg-nggid0534160-ngg0dyn-60x60x100-00f0w010c011r110f110r010t010.jpg\"\n                    width=\"60\"\n                    height=\"60\"\n                    style=\"max-width:100%;\"\n                \/>\n            <\/a>\n        <\/div>\n\t\t\t\t\t\t\t<\/div> \n\t\t\t\n        \n\t\t\t\t<div id=\"ngg-image-2\" class=\"ngg-gallery-thumbnail-box\" >\n\t\t\t\t        <div class=\"ngg-gallery-thumbnail\">\n            <a href=\"http:\/\/www.spaziotorino.it\/scatto\/wp-content\/gallery\/2024_10_15_modotti\/PLA_0048.jpg\"\n               title=\"Tina Modotti, l&#039;opera a CAMERA - Centro Italiano per la Fotografia\"\n               data-src=\"http:\/\/www.spaziotorino.it\/scatto\/wp-content\/gallery\/2024_10_15_modotti\/PLA_0048.jpg\"\n               data-thumbnail=\"http:\/\/www.spaziotorino.it\/scatto\/wp-content\/gallery\/2024_10_15_modotti\/thumbs\/thumbs_PLA_0048.jpg\"\n               data-image-id=\"34159\"\n               data-title=\"Tina Modotti, l&#039;opera a CAMERA - Centro Italiano per la Fotografia\"\n               data-description=\"Tina Modotti, l&#039;opera a CAMERA - Centro Italiano per la Fotografia\"\n               data-image-slug=\"pla_0048-1\"\n               class=\"ngg-fancybox\" rel=\"2cd3a8345679ca3990be4f4bc6cbcdba\">\n                <img\n                    title=\"Tina Modotti, l&#039;opera a CAMERA - Centro Italiano per la Fotografia\"\n                    alt=\"Tina Modotti, l&#039;opera a CAMERA - Centro Italiano per la Fotografia\"\n                    src=\"http:\/\/www.spaziotorino.it\/scatto\/wp-content\/gallery\/2024_10_15_modotti\/cache\/PLA_0048.jpg-nggid0534159-ngg0dyn-60x60x100-00f0w010c011r110f110r010t010.jpg\"\n                    width=\"60\"\n                    height=\"60\"\n                    style=\"max-width:100%;\"\n                \/>\n            <\/a>\n        <\/div>\n\t\t\t\t\t\t\t<\/div> \n\t\t\t\n        \n\t\t\t\t<div id=\"ngg-image-3\" class=\"ngg-gallery-thumbnail-box\" >\n\t\t\t\t        <div class=\"ngg-gallery-thumbnail\">\n            <a href=\"http:\/\/www.spaziotorino.it\/scatto\/wp-content\/gallery\/2024_10_15_modotti\/PLA_0050.jpg\"\n               title=\"Tina Modotti, l&#039;opera a CAMERA - Centro Italiano per la Fotografia\"\n               data-src=\"http:\/\/www.spaziotorino.it\/scatto\/wp-content\/gallery\/2024_10_15_modotti\/PLA_0050.jpg\"\n               data-thumbnail=\"http:\/\/www.spaziotorino.it\/scatto\/wp-content\/gallery\/2024_10_15_modotti\/thumbs\/thumbs_PLA_0050.jpg\"\n               data-image-id=\"34158\"\n               data-title=\"Tina Modotti, l&#039;opera a CAMERA - Centro Italiano per la Fotografia\"\n               data-description=\"Tina Modotti, l&#039;opera a CAMERA - Centro Italiano per la Fotografia\"\n               data-image-slug=\"pla_0050-2\"\n               class=\"ngg-fancybox\" rel=\"2cd3a8345679ca3990be4f4bc6cbcdba\">\n                <img\n                    title=\"Tina Modotti, l&#039;opera a CAMERA - Centro Italiano per la Fotografia\"\n                    alt=\"Tina Modotti, l&#039;opera a CAMERA - Centro Italiano per la Fotografia\"\n                    src=\"http:\/\/www.spaziotorino.it\/scatto\/wp-content\/gallery\/2024_10_15_modotti\/cache\/PLA_0050.jpg-nggid0534158-ngg0dyn-60x60x100-00f0w010c011r110f110r010t010.jpg\"\n                    width=\"60\"\n                    height=\"60\"\n                    style=\"max-width:100%;\"\n                \/>\n            <\/a>\n        <\/div>\n\t\t\t\t\t\t\t<\/div> \n\t\t\t\n        \n\t\t\t\t<div id=\"ngg-image-4\" class=\"ngg-gallery-thumbnail-box\" >\n\t\t\t\t        <div class=\"ngg-gallery-thumbnail\">\n            <a href=\"http:\/\/www.spaziotorino.it\/scatto\/wp-content\/gallery\/2024_10_15_modotti\/PLA_0070.jpg\"\n               title=\"Tina Modotti, l&#039;opera a CAMERA - Centro Italiano per la Fotografia\"\n               data-src=\"http:\/\/www.spaziotorino.it\/scatto\/wp-content\/gallery\/2024_10_15_modotti\/PLA_0070.jpg\"\n               data-thumbnail=\"http:\/\/www.spaziotorino.it\/scatto\/wp-content\/gallery\/2024_10_15_modotti\/thumbs\/thumbs_PLA_0070.jpg\"\n               data-image-id=\"34161\"\n               data-title=\"Tina Modotti, l&#039;opera a CAMERA - Centro Italiano per la Fotografia\"\n               data-description=\"Tina Modotti, l&#039;opera a CAMERA - Centro Italiano per la Fotografia\"\n               data-image-slug=\"pla_0070\"\n               class=\"ngg-fancybox\" rel=\"2cd3a8345679ca3990be4f4bc6cbcdba\">\n                <img\n                    title=\"Tina Modotti, l&#039;opera a CAMERA - Centro Italiano per la Fotografia\"\n                    alt=\"Tina Modotti, l&#039;opera a CAMERA - Centro Italiano per la Fotografia\"\n                    src=\"http:\/\/www.spaziotorino.it\/scatto\/wp-content\/gallery\/2024_10_15_modotti\/cache\/PLA_0070.jpg-nggid0534161-ngg0dyn-60x60x100-00f0w010c011r110f110r010t010.jpg\"\n                    width=\"60\"\n                    height=\"60\"\n                    style=\"max-width:100%;\"\n                \/>\n            <\/a>\n        <\/div>\n\t\t\t\t\t\t\t<\/div> \n\t\t\t\n        \n\t\t\t\t<div id=\"ngg-image-5\" class=\"ngg-gallery-thumbnail-box\" >\n\t\t\t\t        <div class=\"ngg-gallery-thumbnail\">\n            <a href=\"http:\/\/www.spaziotorino.it\/scatto\/wp-content\/gallery\/2024_10_15_modotti\/PLA_0077.jpg\"\n               title=\"Tina Modotti, l&#039;opera a CAMERA - Centro Italiano per la Fotografia\"\n               data-src=\"http:\/\/www.spaziotorino.it\/scatto\/wp-content\/gallery\/2024_10_15_modotti\/PLA_0077.jpg\"\n               data-thumbnail=\"http:\/\/www.spaziotorino.it\/scatto\/wp-content\/gallery\/2024_10_15_modotti\/thumbs\/thumbs_PLA_0077.jpg\"\n               data-image-id=\"34157\"\n               data-title=\"Tina Modotti, l&#039;opera a CAMERA - Centro Italiano per la Fotografia\"\n               data-description=\"Tina Modotti, l&#039;opera a CAMERA - Centro Italiano per la Fotografia\"\n               data-image-slug=\"pla_0077-2\"\n               class=\"ngg-fancybox\" rel=\"2cd3a8345679ca3990be4f4bc6cbcdba\">\n                <img\n                    title=\"Tina Modotti, l&#039;opera a CAMERA - Centro Italiano per la Fotografia\"\n                    alt=\"Tina Modotti, l&#039;opera a CAMERA - Centro Italiano per la Fotografia\"\n                    src=\"http:\/\/www.spaziotorino.it\/scatto\/wp-content\/gallery\/2024_10_15_modotti\/cache\/PLA_0077.jpg-nggid0534157-ngg0dyn-60x60x100-00f0w010c011r110f110r010t010.jpg\"\n                    width=\"60\"\n                    height=\"60\"\n                    style=\"max-width:100%;\"\n                \/>\n            <\/a>\n        <\/div>\n\t\t\t\t\t\t\t<\/div> \n\t\t\t\n        \n\t\t\t\t<div id=\"ngg-image-6\" class=\"ngg-gallery-thumbnail-box\" >\n\t\t\t\t        <div class=\"ngg-gallery-thumbnail\">\n            <a href=\"http:\/\/www.spaziotorino.it\/scatto\/wp-content\/gallery\/2024_10_15_modotti\/PLA_0079.jpg\"\n               title=\"Tina Modotti, l&#039;opera a CAMERA - Centro Italiano per la Fotografia\"\n               data-src=\"http:\/\/www.spaziotorino.it\/scatto\/wp-content\/gallery\/2024_10_15_modotti\/PLA_0079.jpg\"\n               data-thumbnail=\"http:\/\/www.spaziotorino.it\/scatto\/wp-content\/gallery\/2024_10_15_modotti\/thumbs\/thumbs_PLA_0079.jpg\"\n               data-image-id=\"34164\"\n               data-title=\"Tina Modotti, l&#039;opera a CAMERA - Centro Italiano per la Fotografia\"\n               data-description=\"Tina Modotti, l&#039;opera a CAMERA - Centro Italiano per la Fotografia\"\n               data-image-slug=\"pla_0079-1\"\n               class=\"ngg-fancybox\" rel=\"2cd3a8345679ca3990be4f4bc6cbcdba\">\n                <img\n                    title=\"Tina Modotti, l&#039;opera a CAMERA - Centro Italiano per la Fotografia\"\n                    alt=\"Tina Modotti, l&#039;opera a CAMERA - Centro Italiano per la Fotografia\"\n                    src=\"http:\/\/www.spaziotorino.it\/scatto\/wp-content\/gallery\/2024_10_15_modotti\/cache\/PLA_0079.jpg-nggid0534164-ngg0dyn-60x60x100-00f0w010c011r110f110r010t010.jpg\"\n                    width=\"60\"\n                    height=\"60\"\n                    style=\"max-width:100%;\"\n                \/>\n            <\/a>\n        <\/div>\n\t\t\t\t\t\t\t<\/div> \n\t\t\t\n        \n\t\t\t\t<div id=\"ngg-image-7\" class=\"ngg-gallery-thumbnail-box\" >\n\t\t\t\t        <div class=\"ngg-gallery-thumbnail\">\n            <a href=\"http:\/\/www.spaziotorino.it\/scatto\/wp-content\/gallery\/2024_10_15_modotti\/PLA_0084.jpg\"\n               title=\"Tina Modotti, l&#039;opera a CAMERA - Centro Italiano per la Fotografia\"\n               data-src=\"http:\/\/www.spaziotorino.it\/scatto\/wp-content\/gallery\/2024_10_15_modotti\/PLA_0084.jpg\"\n               data-thumbnail=\"http:\/\/www.spaziotorino.it\/scatto\/wp-content\/gallery\/2024_10_15_modotti\/thumbs\/thumbs_PLA_0084.jpg\"\n               data-image-id=\"34163\"\n               data-title=\"Tina Modotti, l&#039;opera a CAMERA - Centro Italiano per la Fotografia\"\n               data-description=\"Tina Modotti, l&#039;opera a CAMERA - Centro Italiano per la Fotografia\"\n               data-image-slug=\"pla_0084\"\n               class=\"ngg-fancybox\" rel=\"2cd3a8345679ca3990be4f4bc6cbcdba\">\n                <img\n                    title=\"Tina Modotti, l&#039;opera a CAMERA - Centro Italiano per la Fotografia\"\n                    alt=\"Tina Modotti, l&#039;opera a CAMERA - Centro Italiano per la Fotografia\"\n                    src=\"http:\/\/www.spaziotorino.it\/scatto\/wp-content\/gallery\/2024_10_15_modotti\/cache\/PLA_0084.jpg-nggid0534163-ngg0dyn-60x60x100-00f0w010c011r110f110r010t010.jpg\"\n                    width=\"60\"\n                    height=\"60\"\n                    style=\"max-width:100%;\"\n                \/>\n            <\/a>\n        <\/div>\n\t\t\t\t\t\t\t<\/div> \n\t\t\t\n        \n\t\t\t\t<div id=\"ngg-image-8\" class=\"ngg-gallery-thumbnail-box\" >\n\t\t\t\t        <div class=\"ngg-gallery-thumbnail\">\n            <a href=\"http:\/\/www.spaziotorino.it\/scatto\/wp-content\/gallery\/2024_10_15_modotti\/PLA_0089.jpg\"\n               title=\"Tina Modotti, l&#039;opera a CAMERA - Centro Italiano per la Fotografia\"\n               data-src=\"http:\/\/www.spaziotorino.it\/scatto\/wp-content\/gallery\/2024_10_15_modotti\/PLA_0089.jpg\"\n               data-thumbnail=\"http:\/\/www.spaziotorino.it\/scatto\/wp-content\/gallery\/2024_10_15_modotti\/thumbs\/thumbs_PLA_0089.jpg\"\n               data-image-id=\"34167\"\n               data-title=\"Tina Modotti, l&#039;opera a CAMERA - Centro Italiano per la Fotografia\"\n               data-description=\"Tina Modotti, l&#039;opera a CAMERA - Centro Italiano per la Fotografia\"\n               data-image-slug=\"pla_0089\"\n               class=\"ngg-fancybox\" rel=\"2cd3a8345679ca3990be4f4bc6cbcdba\">\n                <img\n                    title=\"Tina Modotti, l&#039;opera a CAMERA - Centro Italiano per la Fotografia\"\n                    alt=\"Tina Modotti, l&#039;opera a CAMERA - Centro Italiano per la Fotografia\"\n                    src=\"http:\/\/www.spaziotorino.it\/scatto\/wp-content\/gallery\/2024_10_15_modotti\/cache\/PLA_0089.jpg-nggid0534167-ngg0dyn-60x60x100-00f0w010c011r110f110r010t010.jpg\"\n                    width=\"60\"\n                    height=\"60\"\n                    style=\"max-width:100%;\"\n                \/>\n            <\/a>\n        <\/div>\n\t\t\t\t\t\t\t<\/div> \n\t\t\t\n        \n\t\t\t\t<div id=\"ngg-image-9\" class=\"ngg-gallery-thumbnail-box\" >\n\t\t\t\t        <div class=\"ngg-gallery-thumbnail\">\n            <a href=\"http:\/\/www.spaziotorino.it\/scatto\/wp-content\/gallery\/2024_10_15_modotti\/PLA_0096.jpg\"\n               title=\"Tina Modotti, l&#039;opera a CAMERA - Centro Italiano per la Fotografia\"\n               data-src=\"http:\/\/www.spaziotorino.it\/scatto\/wp-content\/gallery\/2024_10_15_modotti\/PLA_0096.jpg\"\n               data-thumbnail=\"http:\/\/www.spaziotorino.it\/scatto\/wp-content\/gallery\/2024_10_15_modotti\/thumbs\/thumbs_PLA_0096.jpg\"\n               data-image-id=\"34166\"\n               data-title=\"Tina Modotti, l&#039;opera a CAMERA - Centro Italiano per la Fotografia\"\n               data-description=\"Tina Modotti, l&#039;opera a CAMERA - Centro Italiano per la Fotografia\"\n               data-image-slug=\"pla_0096\"\n               class=\"ngg-fancybox\" rel=\"2cd3a8345679ca3990be4f4bc6cbcdba\">\n                <img\n                    title=\"Tina Modotti, l&#039;opera a CAMERA - Centro Italiano per la Fotografia\"\n                    alt=\"Tina Modotti, l&#039;opera a CAMERA - Centro Italiano per la Fotografia\"\n                    src=\"http:\/\/www.spaziotorino.it\/scatto\/wp-content\/gallery\/2024_10_15_modotti\/cache\/PLA_0096.jpg-nggid0534166-ngg0dyn-60x60x100-00f0w010c011r110f110r010t010.jpg\"\n                    width=\"60\"\n                    height=\"60\"\n                    style=\"max-width:100%;\"\n                \/>\n            <\/a>\n        <\/div>\n\t\t\t\t\t\t\t<\/div> \n\t\t\t\n        \n\t\t\t\t<div id=\"ngg-image-10\" class=\"ngg-gallery-thumbnail-box\" >\n\t\t\t\t        <div class=\"ngg-gallery-thumbnail\">\n            <a href=\"http:\/\/www.spaziotorino.it\/scatto\/wp-content\/gallery\/2024_10_15_modotti\/PLA_0097.jpg\"\n               title=\"Tina Modotti, l&#039;opera a CAMERA - Centro Italiano per la Fotografia\"\n               data-src=\"http:\/\/www.spaziotorino.it\/scatto\/wp-content\/gallery\/2024_10_15_modotti\/PLA_0097.jpg\"\n               data-thumbnail=\"http:\/\/www.spaziotorino.it\/scatto\/wp-content\/gallery\/2024_10_15_modotti\/thumbs\/thumbs_PLA_0097.jpg\"\n               data-image-id=\"34165\"\n               data-title=\"Tina Modotti, l&#039;opera a CAMERA - Centro Italiano per la Fotografia\"\n               data-description=\"Tina Modotti, l&#039;opera a CAMERA - Centro Italiano per la Fotografia\"\n               data-image-slug=\"pla_0097\"\n               class=\"ngg-fancybox\" rel=\"2cd3a8345679ca3990be4f4bc6cbcdba\">\n                <img\n                    title=\"Tina Modotti, l&#039;opera a CAMERA - Centro Italiano per la Fotografia\"\n                    alt=\"Tina Modotti, l&#039;opera a CAMERA - Centro Italiano per la Fotografia\"\n                    src=\"http:\/\/www.spaziotorino.it\/scatto\/wp-content\/gallery\/2024_10_15_modotti\/cache\/PLA_0097.jpg-nggid0534165-ngg0dyn-60x60x100-00f0w010c011r110f110r010t010.jpg\"\n                    width=\"60\"\n                    height=\"60\"\n                    style=\"max-width:100%;\"\n                \/>\n            <\/a>\n        <\/div>\n\t\t\t\t\t\t\t<\/div> \n\t\t\t\n        \n\t\t\t\t<div id=\"ngg-image-11\" class=\"ngg-gallery-thumbnail-box\" >\n\t\t\t\t        <div class=\"ngg-gallery-thumbnail\">\n            <a href=\"http:\/\/www.spaziotorino.it\/scatto\/wp-content\/gallery\/2024_10_15_modotti\/PLA_0098.jpg\"\n               title=\"Tina Modotti, l&#039;opera a CAMERA - Centro Italiano per la Fotografia\"\n               data-src=\"http:\/\/www.spaziotorino.it\/scatto\/wp-content\/gallery\/2024_10_15_modotti\/PLA_0098.jpg\"\n               data-thumbnail=\"http:\/\/www.spaziotorino.it\/scatto\/wp-content\/gallery\/2024_10_15_modotti\/thumbs\/thumbs_PLA_0098.jpg\"\n               data-image-id=\"34168\"\n               data-title=\"Tina Modotti, l&#039;opera a CAMERA - Centro Italiano per la Fotografia\"\n               data-description=\"Tina Modotti, l&#039;opera a CAMERA - Centro Italiano per la Fotografia\"\n               data-image-slug=\"pla_0098-3\"\n               class=\"ngg-fancybox\" rel=\"2cd3a8345679ca3990be4f4bc6cbcdba\">\n                <img\n                    title=\"Tina Modotti, l&#039;opera a CAMERA - Centro Italiano per la Fotografia\"\n                    alt=\"Tina Modotti, l&#039;opera a CAMERA - Centro Italiano per la Fotografia\"\n                    src=\"http:\/\/www.spaziotorino.it\/scatto\/wp-content\/gallery\/2024_10_15_modotti\/cache\/PLA_0098.jpg-nggid0534168-ngg0dyn-60x60x100-00f0w010c011r110f110r010t010.jpg\"\n                    width=\"60\"\n                    height=\"60\"\n                    style=\"max-width:100%;\"\n                \/>\n            <\/a>\n        <\/div>\n\t\t\t\t\t\t\t<\/div> \n\t\t\t\n        \n\t\t\t\t<div id=\"ngg-image-12\" class=\"ngg-gallery-thumbnail-box\" >\n\t\t\t\t        <div class=\"ngg-gallery-thumbnail\">\n            <a href=\"http:\/\/www.spaziotorino.it\/scatto\/wp-content\/gallery\/2024_10_15_modotti\/PLA_0107.jpg\"\n               title=\"Tina Modotti, l&#039;opera a CAMERA - Centro Italiano per la Fotografia\"\n               data-src=\"http:\/\/www.spaziotorino.it\/scatto\/wp-content\/gallery\/2024_10_15_modotti\/PLA_0107.jpg\"\n               data-thumbnail=\"http:\/\/www.spaziotorino.it\/scatto\/wp-content\/gallery\/2024_10_15_modotti\/thumbs\/thumbs_PLA_0107.jpg\"\n               data-image-id=\"34169\"\n               data-title=\"Tina Modotti, l&#039;opera a CAMERA - Centro Italiano per la Fotografia\"\n               data-description=\"Tina Modotti, l&#039;opera a CAMERA - Centro Italiano per la Fotografia\"\n               data-image-slug=\"pla_0107-1\"\n               class=\"ngg-fancybox\" rel=\"2cd3a8345679ca3990be4f4bc6cbcdba\">\n                <img\n                    title=\"Tina Modotti, l&#039;opera a CAMERA - Centro Italiano per la Fotografia\"\n                    alt=\"Tina Modotti, l&#039;opera a CAMERA - Centro Italiano per la Fotografia\"\n                    src=\"http:\/\/www.spaziotorino.it\/scatto\/wp-content\/gallery\/2024_10_15_modotti\/cache\/PLA_0107.jpg-nggid0534169-ngg0dyn-60x60x100-00f0w010c011r110f110r010t010.jpg\"\n                    width=\"60\"\n                    height=\"60\"\n                    style=\"max-width:100%;\"\n                \/>\n            <\/a>\n        <\/div>\n\t\t\t\t\t\t\t<\/div> \n\t\t\t\n        \n\t\t\t\t<div id=\"ngg-image-13\" class=\"ngg-gallery-thumbnail-box\" >\n\t\t\t\t        <div class=\"ngg-gallery-thumbnail\">\n            <a href=\"http:\/\/www.spaziotorino.it\/scatto\/wp-content\/gallery\/2024_10_15_modotti\/PLA_0115.jpg\"\n               title=\"Mimmo Jodice, Oasi a CAMERA - Centro Italiano per la Fotografia\"\n               data-src=\"http:\/\/www.spaziotorino.it\/scatto\/wp-content\/gallery\/2024_10_15_modotti\/PLA_0115.jpg\"\n               data-thumbnail=\"http:\/\/www.spaziotorino.it\/scatto\/wp-content\/gallery\/2024_10_15_modotti\/thumbs\/thumbs_PLA_0115.jpg\"\n               data-image-id=\"34170\"\n               data-title=\"Mimmo Jodice, Oasi a CAMERA - Centro Italiano per la Fotografia\"\n               data-description=\"Mimmo Jodice, Oasi a CAMERA - Centro Italiano per la Fotografia\"\n               data-image-slug=\"pla_0115\"\n               class=\"ngg-fancybox\" rel=\"2cd3a8345679ca3990be4f4bc6cbcdba\">\n                <img\n                    title=\"Mimmo Jodice, Oasi a CAMERA - Centro Italiano per la Fotografia\"\n                    alt=\"Mimmo Jodice, Oasi a CAMERA - Centro Italiano per la Fotografia\"\n                    src=\"http:\/\/www.spaziotorino.it\/scatto\/wp-content\/gallery\/2024_10_15_modotti\/cache\/PLA_0115.jpg-nggid0534170-ngg0dyn-60x60x100-00f0w010c011r110f110r010t010.jpg\"\n                    width=\"60\"\n                    height=\"60\"\n                    style=\"max-width:100%;\"\n                \/>\n            <\/a>\n        <\/div>\n\t\t\t\t\t\t\t<\/div> \n\t\t\t\n        \n\t\t\t\t<div id=\"ngg-image-14\" class=\"ngg-gallery-thumbnail-box\" >\n\t\t\t\t        <div class=\"ngg-gallery-thumbnail\">\n            <a href=\"http:\/\/www.spaziotorino.it\/scatto\/wp-content\/gallery\/2024_10_15_modotti\/PLA_0118.jpg\"\n               title=\"Mimmo Jodice, Oasi a CAMERA - Centro Italiano per la Fotografia\"\n               data-src=\"http:\/\/www.spaziotorino.it\/scatto\/wp-content\/gallery\/2024_10_15_modotti\/PLA_0118.jpg\"\n               data-thumbnail=\"http:\/\/www.spaziotorino.it\/scatto\/wp-content\/gallery\/2024_10_15_modotti\/thumbs\/thumbs_PLA_0118.jpg\"\n               data-image-id=\"34171\"\n               data-title=\"Mimmo Jodice, Oasi a CAMERA - Centro Italiano per la Fotografia\"\n               data-description=\"Mimmo Jodice, Oasi a CAMERA - Centro Italiano per la Fotografia\"\n               data-image-slug=\"pla_0118-1\"\n               class=\"ngg-fancybox\" rel=\"2cd3a8345679ca3990be4f4bc6cbcdba\">\n                <img\n                    title=\"Mimmo Jodice, Oasi a CAMERA - Centro Italiano per la Fotografia\"\n                    alt=\"Mimmo Jodice, Oasi a CAMERA - Centro Italiano per la Fotografia\"\n                    src=\"http:\/\/www.spaziotorino.it\/scatto\/wp-content\/gallery\/2024_10_15_modotti\/cache\/PLA_0118.jpg-nggid0534171-ngg0dyn-60x60x100-00f0w010c011r110f110r010t010.jpg\"\n                    width=\"60\"\n                    height=\"60\"\n                    style=\"max-width:100%;\"\n                \/>\n            <\/a>\n        <\/div>\n\t\t\t\t\t\t\t<\/div> \n\t\t\t\n        \n\t\t\t\t<div id=\"ngg-image-15\" class=\"ngg-gallery-thumbnail-box\" >\n\t\t\t\t        <div class=\"ngg-gallery-thumbnail\">\n            <a href=\"http:\/\/www.spaziotorino.it\/scatto\/wp-content\/gallery\/2024_10_15_modotti\/PLA_0120.jpg\"\n               title=\"Mimmo Jodice, Oasi a CAMERA - Centro Italiano per la Fotografia\"\n               data-src=\"http:\/\/www.spaziotorino.it\/scatto\/wp-content\/gallery\/2024_10_15_modotti\/PLA_0120.jpg\"\n               data-thumbnail=\"http:\/\/www.spaziotorino.it\/scatto\/wp-content\/gallery\/2024_10_15_modotti\/thumbs\/thumbs_PLA_0120.jpg\"\n               data-image-id=\"34173\"\n               data-title=\"Mimmo Jodice, Oasi a CAMERA - Centro Italiano per la Fotografia\"\n               data-description=\"Mimmo Jodice, Oasi a CAMERA - Centro Italiano per la Fotografia\"\n               data-image-slug=\"pla_0120\"\n               class=\"ngg-fancybox\" rel=\"2cd3a8345679ca3990be4f4bc6cbcdba\">\n                <img\n                    title=\"Mimmo Jodice, Oasi a CAMERA - Centro Italiano per la Fotografia\"\n                    alt=\"Mimmo Jodice, Oasi a CAMERA - Centro Italiano per la Fotografia\"\n                    src=\"http:\/\/www.spaziotorino.it\/scatto\/wp-content\/gallery\/2024_10_15_modotti\/cache\/PLA_0120.jpg-nggid0534173-ngg0dyn-60x60x100-00f0w010c011r110f110r010t010.jpg\"\n                    width=\"60\"\n                    height=\"60\"\n                    style=\"max-width:100%;\"\n                \/>\n            <\/a>\n        <\/div>\n\t\t\t\t\t\t\t<\/div> \n\t\t\t\n        \n\t\t\n\t\t<!-- Pagination -->\n\t<div class='ngg-clear'><\/div>\t<\/div>\n\n<p><strong>Dal 16 ottobre 2024<\/strong>, <strong>CAMERA \u2013 Centro Italiano per la Fotografia <\/strong>di Torino inaugura il programma espositivo autunnale con le mostre dedicate a due grandi maestri della fotografia italiana e internazionale: <strong>Tina Modotti <\/strong>e <strong>Mimmo Jodice<\/strong>.<\/p>\n<p>Dopo la monografica sulla fotografa americana Margaret Bourke-White e la mostra <em>Bar Stories on Camera<\/em>, realizzata in collaborazione con Galleria Campari e Magnum Photos, la mostra <strong><em>Tina Modotti. L\u2019opera <\/em><\/strong>a cura di <strong>Riccardo Costantini <\/strong>si snoda intorno alla straordinaria &#8211; pi\u00f9 ricca di quanto finora creduto &#8211; produzione fotografica di Assunta Adelaide Luigia Saltarini Modotti, detta Tina (per la madre <em>Tinissima<\/em>).<\/p>\n<p>Promossa da <strong>Fondazione Cassa di Risparmio di Padova e Rovigo <\/strong>e realizzata in collaborazione con <strong>Cinemazero<\/strong>, la mostra racconta una delle figure pi\u00f9 rilevanti della <strong>fotografia del XX secolo<\/strong>, nata a Udine nel 1896 e migrata con la famiglia prima in Austria e poi in America. Approdata a Hollywood<\/p>\n<p>poco pi\u00f9 che ventenne, Modotti recita in alcuni film muti e si appassiona di fotografia, grazie anche all\u2019incontro con il fotografo <strong>Edward Weston<\/strong>.<\/p>\n<p>Tessere relazioni \u00e8 un aspetto ricorrente della vita della fotografa, che tra Messico e Stati Uniti incontra <strong>Diego Rivera, Frida Kahlo, Dorothea Lange <\/strong>e <strong>Roubaix de l\u2019Abrie Richey (Robo)<\/strong>, pittore e poeta e suo futuro marito: la sua scomparsa e quella del padre nel 1922 segnano fortemente la sua carriera. Partir\u00e0 per il <strong>Messico <\/strong>con Weston per approfondire la conoscenza della fotografia. In questo paese Modotti affina tecnica e stile, realizzando \u201c<strong>fotografie oneste<\/strong>\u201d, libere da virtuosismi, prediligendo l\u2019<strong>immediatezza <\/strong>senza rinunciare alla <strong>sperimentazione.<\/strong><\/p>\n<p>Nel corso della sua carriera, Modotti abbandona lo studio delle <em>nature morte <\/em>focalizzandosi sempre pi\u00f9 sull\u2019<strong>essere umano<\/strong>, creando una forma inedita di <strong>documentazione sociale-antropologica <\/strong>accompagnata da forti <strong>rimandi politici<\/strong>, come gli scatti dedicati alla fiera bellezza delle <strong>donne di Tehuantepec <\/strong>(Messico) del 1929, carichi di un intenso <strong>messaggio sociale<\/strong>.<\/p>\n<p><strong>L\u2019impegno civile <\/strong>evocato dalle sue fotografie si riflette anche nelle idee politiche di Modotti \u2013 naturalmente propensa alle cause dei pi\u00f9 deboli e mossa da un\u2019impellente necessit\u00e0 di azione \u2013 che non a caso nel 1927 aderisce al <strong>partito comunista messicano<\/strong>.<\/p>\n<p><strong>Attrice, modella, attivista, autrice di saggi, pittrice <\/strong>e <strong>fotografa<\/strong>, la vita di Tina Modotti \u00e8 scandita da continui cambiamenti fino alla morte nel <strong>1942 in Messico<\/strong>, luogo al quale la sua vita e la sua produzione sono indissolubilmente legate. \u00c8 difficile scindere l\u2019arte della fotografa dalla sua vita a cavallo tra due guerre, in otto paesi, parlando cinque lingue differenti, e proprio per questo la mostra di Torino si concentra sull\u2019intensit\u00e0 della sua produzione, cercando di lasciare da parte la biografia.<\/p>\n<p>Le <strong>300 fotografie <\/strong>esposte a Torino, provenienti da ricerche e prestiti da ben 32 archivi da tutto il mondo (da Honolulu a San Francisco, da Citt\u00e0 del Messico a Mosca, da Udine a Canberra), raccontano la <strong>poliedricit\u00e0<\/strong>, le peculiarit\u00e0 artistiche, l\u2019indole curiosa, partecipe e libera di Modotti, che nel corso di una breve ma intensa carriera \u00e8 riuscita a catturare in ritratti di vita quotidiana <strong>l\u2019intensit\u00e0 e i contrasti dei mondi che ha attraversato<\/strong>, raccontando l\u2019ingiustizia, il lavoro, l\u2019attivismo politico, la povert\u00e0, le contraddizioni del progresso e del passaggio alla modernit\u00e0.<\/p>\n<p>La mostra <strong><em>Tina Modotti. L\u2019opera <\/em><\/strong>\u2013 accompagnata da un ricco catalogo edito da <strong><em>Dario Cimorelli Editore <\/em><\/strong>\u2013 \u00e8 un\u2019esposizione importante anche dal <strong>punto di vista documentale<\/strong>, perch\u00e9 raccoglie <strong>materiali inediti, video, riviste, documenti, ritagli di quotidiani, ritratti dell\u2019artista <\/strong>e fotografie che riscostruiscono anche la <strong>prima e unica esposizione <\/strong>che Tina Modotti realizz\u00f2 nel <strong>1929<\/strong>, importante testimonianza dell\u2019arte della fotografa.<\/p>\n<p>La mostra, inoltre, include <strong>un percorso di opere visivo-tattili accompagnate da audiodescrizioni <\/strong>che approfondiscono lo stile e la storia. La selezione comprende sia alcune delle immagini pi\u00f9 note sia alcuni scatti meno conosciuti del lavoro dell\u2019autrice.<\/p>\n<p>Nelle stesse settimane, <strong>fino al 2 febbraio 2025<\/strong>, la <strong><em>Project Room <\/em><\/strong>di CAMERA ospita <strong><em>Mimmo Jodice. Oasi<\/em><\/strong>, esposizione realizzata in collaborazione con la <strong>Fondazione Zegna<\/strong>.<\/p>\n<p><strong>Mimmo Jodice <\/strong>(Napoli, 1934), attivo sin dagli anni Sessanta, \u00e8 uno dei protagonisti assoluti della fotografia italiana e internazionale a cavallo tra XX e XXI secolo. Dalle sperimentazioni degli esordi alla fotografia di impronta sociale degli anni Settanta, fino all\u2019attenzione nei confronti del paesaggio, la sua arte si \u00e8 evoluta con straordinaria coerenza e profondit\u00e0 di pensiero e visione.<\/p>\n<p>Curata da <strong>Walter Guadagnini <\/strong>con la collaborazione di <strong>Barbara Bergaglio<\/strong>, questa mostra unica \u2013 accompagnata da un catalogo edito da <strong><em>Dario Cimorelli Editore <\/em><\/strong>\u2013 presenta per la <strong>prima volta 40 immagini <\/strong>appartenenti alla pi\u00f9 ampia serie realizzata dal fotografo napoletano tra il 2007 e il 2008 per una <strong>committenza <\/strong>ricevuta da <strong>Fondazione Zegna<\/strong>: uno straordinario <em>corpus <\/em>all\u2019interno del quale \u00e8 possibile ritrovare tutta la poetica di Jodice, la sua capacit\u00e0 di trasformare la realt\u00e0 naturale o artificiale in una visione metafisica, sospesa nel tempo e nello spazio. Jodice ha fotografato tre luoghi chiave di quest\u2019area: lo stabilimento del Lanificio Ermenegildo Zegna, la villa del fondatore dell\u2019impresa e la grande Oasi naturalistica. I grandi e modernissimi macchinari industriali si alternano dunque agli arredi classici della villa, le montagne ai tetti degli edifici, in un gioco continuo di tempi, spazi e forme. In particolare, meritano di essere segnalate le fotografie dove appare la neve, una rarit\u00e0 nella produzione di Jodice, riconosciuta soprattutto per le visioni mediterranee. Il percorso espositivo prosegue a Trivero (Biella), dove negli spazi del <strong>Lanificio Ermenegildo Zegna <\/strong>e di <strong>Casa Zegna <\/strong>sar\u00e0 esposta una selezione di <strong>quattro stampe di grandi dimensioni <\/strong>della stessa serie. Nel catalogo una testimonianza di Anna Zegna, presidente di Fondazione Zegna, un saggio del curatore Walter Guadagnini e un testo di Ilaria Bonacossa accompagnano la riproduzione di tutte le opere esposte.<\/p>\n<p>CAMERA &#8211; Centro Italiano per la Fotografia<br \/>\nvia delle Rosine 18, Torino<br \/>\n<span id=\"OBJ_PREFIX_DWT500_com_zimbra_url\" class=\"Object\" role=\"link\"><a href=\"https:\/\/customer48131.musvc3.net\/e\/tr?q=4%3dDe4TA%26I%3d4%26E%3dDc5U%26y%3dX9XJg4%26L%3drQwG3_OTtZ_ZD_IazS_SP_OTtZ_YI4kJhIk.Qr_IazS_SP%26A%3dpL3SfT.xBw%2603%3dX5TGa%26wJ%3dBg5UAg4VAb8UEX%262k8dk%3dYp0eVIgiXlfBXH99YG9B5ABdSDBg6ABAaogh3md45GffUke57lZ03Ab96I9hXHZf&amp;mupckp=mupAtu4m8OiX0wt\" target=\"_blank\" rel=\"noopener nofollow noreferrer\">www.camera.to<\/a><\/span><\/p>\n","protected":false},"excerpt":{"rendered":"<p>Dal 16 ottobre 2024, CAMERA \u2013 Centro Italiano per la Fotografia di Torino inaugura il programma espositivo autunnale con le mostre dedicate a due grandi maestri della fotografia italiana e internazionale: Tina Modotti e Mimmo Jodice. Dopo la monografica sulla fotografa americana Margaret Bourke-White e la mostra Bar Stories on Camera, realizzata in collaborazione con [&hellip;]<\/p>\n","protected":false},"author":1,"featured_media":0,"comment_status":"closed","ping_status":"open","sticky":false,"template":"","format":"standard","meta":{"ngg_post_thumbnail":0},"categories":[54,1],"tags":[],"_links":{"self":[{"href":"http:\/\/www.spaziotorino.it\/scatto\/index.php?rest_route=\/wp\/v2\/posts\/52277"}],"collection":[{"href":"http:\/\/www.spaziotorino.it\/scatto\/index.php?rest_route=\/wp\/v2\/posts"}],"about":[{"href":"http:\/\/www.spaziotorino.it\/scatto\/index.php?rest_route=\/wp\/v2\/types\/post"}],"author":[{"embeddable":true,"href":"http:\/\/www.spaziotorino.it\/scatto\/index.php?rest_route=\/wp\/v2\/users\/1"}],"replies":[{"embeddable":true,"href":"http:\/\/www.spaziotorino.it\/scatto\/index.php?rest_route=%2Fwp%2Fv2%2Fcomments&post=52277"}],"version-history":[{"count":1,"href":"http:\/\/www.spaziotorino.it\/scatto\/index.php?rest_route=\/wp\/v2\/posts\/52277\/revisions"}],"predecessor-version":[{"id":52279,"href":"http:\/\/www.spaziotorino.it\/scatto\/index.php?rest_route=\/wp\/v2\/posts\/52277\/revisions\/52279"}],"wp:attachment":[{"href":"http:\/\/www.spaziotorino.it\/scatto\/index.php?rest_route=%2Fwp%2Fv2%2Fmedia&parent=52277"}],"wp:term":[{"taxonomy":"category","embeddable":true,"href":"http:\/\/www.spaziotorino.it\/scatto\/index.php?rest_route=%2Fwp%2Fv2%2Fcategories&post=52277"},{"taxonomy":"post_tag","embeddable":true,"href":"http:\/\/www.spaziotorino.it\/scatto\/index.php?rest_route=%2Fwp%2Fv2%2Ftags&post=52277"}],"curies":[{"name":"wp","href":"https:\/\/api.w.org\/{rel}","templated":true}]}}