{"id":52402,"date":"2024-10-23T15:09:56","date_gmt":"2024-10-23T14:09:56","guid":{"rendered":"http:\/\/www.spaziotorino.it\/scatto\/?p=52402"},"modified":"2024-10-23T15:09:56","modified_gmt":"2024-10-23T14:09:56","slug":"christian-greco-insignito-del-sigillo-civico-un-riconoscimento-alla-cultura-torinese","status":"publish","type":"post","link":"http:\/\/www.spaziotorino.it\/scatto\/?p=52402","title":{"rendered":"Christian Greco insignito del Sigillo Civico: un riconoscimento alla cultura torinese"},"content":{"rendered":"<p><a class=\"ngg-fancybox\" title=\"Christian Greco insignito del Sigillo Civico: un riconoscimento alla cultura torinese\" href=\"http:\/\/www.spaziotorino.it\/scatto\/wp-content\/gallery\/2024_10_23_greco\/PLA_1321.jpg\" rel=\"lightbox[set_2328]\"><br \/>\n<img decoding=\"async\" loading=\"lazy\" class=\"ngg-singlepic\" title=\"Christian Greco insignito del Sigillo Civico: un riconoscimento alla cultura torinese\" src=\"http:\/\/www.spaziotorino.it\/scatto\/wp-content\/gallery\/2024_10_23_greco\/PLA_1321.jpg\" alt=\"\" width=\"540\" height=\"360\"\/><\/a><\/p>\n<!-- index.php -->\n<div\n\tclass=\"ngg-galleryoverview ngg-ajax-pagination-none\"\n\tid=\"ngg-gallery-f10e23bf882f062f1547925e7243cca5-1\">\n\n    \t\t<!-- Thumbnails -->\n\t\t\t\t<div id=\"ngg-image-0\" class=\"ngg-gallery-thumbnail-box\" >\n\t\t\t\t        <div class=\"ngg-gallery-thumbnail\">\n            <a href=\"http:\/\/www.spaziotorino.it\/scatto\/wp-content\/gallery\/2024_10_23_greco\/PLA_1172.jpg\"\n               title=\"Christian Greco\"\n               data-src=\"http:\/\/www.spaziotorino.it\/scatto\/wp-content\/gallery\/2024_10_23_greco\/PLA_1172.jpg\"\n               data-thumbnail=\"http:\/\/www.spaziotorino.it\/scatto\/wp-content\/gallery\/2024_10_23_greco\/thumbs\/thumbs_PLA_1172.jpg\"\n               data-image-id=\"34262\"\n               data-title=\"Christian Greco\"\n               data-description=\"Christian Greco\"\n               data-image-slug=\"pla_1172\"\n               class=\"ngg-fancybox\" rel=\"f10e23bf882f062f1547925e7243cca5\">\n                <img\n                    title=\"Christian Greco\"\n                    alt=\"Christian Greco\"\n                    src=\"http:\/\/www.spaziotorino.it\/scatto\/wp-content\/gallery\/2024_10_23_greco\/cache\/PLA_1172.jpg-nggid0534262-ngg0dyn-60x60x100-00f0w010c011r110f110r010t010.jpg\"\n                    width=\"60\"\n                    height=\"60\"\n                    style=\"max-width:100%;\"\n                \/>\n            <\/a>\n        <\/div>\n\t\t\t\t\t\t\t<\/div> \n\t\t\t\n        \n\t\t\t\t<div id=\"ngg-image-1\" class=\"ngg-gallery-thumbnail-box\" >\n\t\t\t\t        <div class=\"ngg-gallery-thumbnail\">\n            <a href=\"http:\/\/www.spaziotorino.it\/scatto\/wp-content\/gallery\/2024_10_23_greco\/PLA_1198.jpg\"\n               title=\"Il Libro d&#039;Oro della Citt\u00e0 di Torino\"\n               data-src=\"http:\/\/www.spaziotorino.it\/scatto\/wp-content\/gallery\/2024_10_23_greco\/PLA_1198.jpg\"\n               data-thumbnail=\"http:\/\/www.spaziotorino.it\/scatto\/wp-content\/gallery\/2024_10_23_greco\/thumbs\/thumbs_PLA_1198.jpg\"\n               data-image-id=\"34263\"\n               data-title=\"Il Libro d&#039;Oro della Citt\u00e0 di Torino\"\n               data-description=\"Il Libro d&#039;Oro della Citt\u00e0 di Torino\"\n               data-image-slug=\"pla_1198-1\"\n               class=\"ngg-fancybox\" rel=\"f10e23bf882f062f1547925e7243cca5\">\n                <img\n                    title=\"Il Libro d&#039;Oro della Citt\u00e0 di Torino\"\n                    alt=\"Il Libro d&#039;Oro della Citt\u00e0 di Torino\"\n                    src=\"http:\/\/www.spaziotorino.it\/scatto\/wp-content\/gallery\/2024_10_23_greco\/cache\/PLA_1198.jpg-nggid0534263-ngg0dyn-60x60x100-00f0w010c011r110f110r010t010.jpg\"\n                    width=\"60\"\n                    height=\"60\"\n                    style=\"max-width:100%;\"\n                \/>\n            <\/a>\n        <\/div>\n\t\t\t\t\t\t\t<\/div> \n\t\t\t\n        \n\t\t\t\t<div id=\"ngg-image-2\" class=\"ngg-gallery-thumbnail-box\" >\n\t\t\t\t        <div class=\"ngg-gallery-thumbnail\">\n            <a href=\"http:\/\/www.spaziotorino.it\/scatto\/wp-content\/gallery\/2024_10_23_greco\/PLA_1261.jpg\"\n               title=\"Palazzo Civico, Sala Rossa: Cerimonia di conferimento del Sigillo Civico a Christian Greco\"\n               data-src=\"http:\/\/www.spaziotorino.it\/scatto\/wp-content\/gallery\/2024_10_23_greco\/PLA_1261.jpg\"\n               data-thumbnail=\"http:\/\/www.spaziotorino.it\/scatto\/wp-content\/gallery\/2024_10_23_greco\/thumbs\/thumbs_PLA_1261.jpg\"\n               data-image-id=\"34260\"\n               data-title=\"Palazzo Civico, Sala Rossa: Cerimonia di conferimento del Sigillo Civico a Christian Greco\"\n               data-description=\"Palazzo Civico, Sala Rossa: Cerimonia di conferimento del Sigillo Civico a Christian Greco\"\n               data-image-slug=\"pla_1261-1\"\n               class=\"ngg-fancybox\" rel=\"f10e23bf882f062f1547925e7243cca5\">\n                <img\n                    title=\"Palazzo Civico, Sala Rossa: Cerimonia di conferimento del Sigillo Civico a Christian Greco\"\n                    alt=\"Palazzo Civico, Sala Rossa: Cerimonia di conferimento del Sigillo Civico a Christian Greco\"\n                    src=\"http:\/\/www.spaziotorino.it\/scatto\/wp-content\/gallery\/2024_10_23_greco\/cache\/PLA_1261.jpg-nggid0534260-ngg0dyn-60x60x100-00f0w010c011r110f110r010t010.jpg\"\n                    width=\"60\"\n                    height=\"60\"\n                    style=\"max-width:100%;\"\n                \/>\n            <\/a>\n        <\/div>\n\t\t\t\t\t\t\t<\/div> \n\t\t\t\n        \n\t\t\t\t<div id=\"ngg-image-3\" class=\"ngg-gallery-thumbnail-box\" >\n\t\t\t\t        <div class=\"ngg-gallery-thumbnail\">\n            <a href=\"http:\/\/www.spaziotorino.it\/scatto\/wp-content\/gallery\/2024_10_23_greco\/PLA_1254.jpg\"\n               title=\"L&#039;intervento di Gianluca Cuniberti, professore ordinario in Storia greca presso il dipartimento di Studi storici dell&#039;Universit\u00e0 degli Studi di Torino\"\n               data-src=\"http:\/\/www.spaziotorino.it\/scatto\/wp-content\/gallery\/2024_10_23_greco\/PLA_1254.jpg\"\n               data-thumbnail=\"http:\/\/www.spaziotorino.it\/scatto\/wp-content\/gallery\/2024_10_23_greco\/thumbs\/thumbs_PLA_1254.jpg\"\n               data-image-id=\"34261\"\n               data-title=\"L&#039;intervento di Gianluca Cuniberti, professore ordinario in Storia greca presso il dipartimento di Studi storici dell&#039;Universit\u00e0 degli Studi di Torino\"\n               data-description=\"L&#039;intervento di Gianluca Cuniberti, professore ordinario in Storia greca presso il dipartimento di Studi storici dell&#039;Universit\u00e0 degli Studi di Torino\"\n               data-image-slug=\"pla_1254\"\n               class=\"ngg-fancybox\" rel=\"f10e23bf882f062f1547925e7243cca5\">\n                <img\n                    title=\"L&#039;intervento di Gianluca Cuniberti, professore ordinario in Storia greca presso il dipartimento di Studi storici dell&#039;Universit\u00e0 degli Studi di Torino\"\n                    alt=\"L&#039;intervento di Gianluca Cuniberti, professore ordinario in Storia greca presso il dipartimento di Studi storici dell&#039;Universit\u00e0 degli Studi di Torino\"\n                    src=\"http:\/\/www.spaziotorino.it\/scatto\/wp-content\/gallery\/2024_10_23_greco\/cache\/PLA_1254.jpg-nggid0534261-ngg0dyn-60x60x100-00f0w010c011r110f110r010t010.jpg\"\n                    width=\"60\"\n                    height=\"60\"\n                    style=\"max-width:100%;\"\n                \/>\n            <\/a>\n        <\/div>\n\t\t\t\t\t\t\t<\/div> \n\t\t\t\n        \n\t\t\t\t<div id=\"ngg-image-4\" class=\"ngg-gallery-thumbnail-box\" >\n\t\t\t\t        <div class=\"ngg-gallery-thumbnail\">\n            <a href=\"http:\/\/www.spaziotorino.it\/scatto\/wp-content\/gallery\/2024_10_23_greco\/PLA_1268.jpg\"\n               title=\"Palazzo Civico, Sala Rossa: Cerimonia di conferimento del Sigillo Civico a Christian Greco\"\n               data-src=\"http:\/\/www.spaziotorino.it\/scatto\/wp-content\/gallery\/2024_10_23_greco\/PLA_1268.jpg\"\n               data-thumbnail=\"http:\/\/www.spaziotorino.it\/scatto\/wp-content\/gallery\/2024_10_23_greco\/thumbs\/thumbs_PLA_1268.jpg\"\n               data-image-id=\"34264\"\n               data-title=\"Palazzo Civico, Sala Rossa: Cerimonia di conferimento del Sigillo Civico a Christian Greco\"\n               data-description=\"Palazzo Civico, Sala Rossa: Cerimonia di conferimento del Sigillo Civico a Christian Greco\"\n               data-image-slug=\"pla_1268\"\n               class=\"ngg-fancybox\" rel=\"f10e23bf882f062f1547925e7243cca5\">\n                <img\n                    title=\"Palazzo Civico, Sala Rossa: Cerimonia di conferimento del Sigillo Civico a Christian Greco\"\n                    alt=\"Palazzo Civico, Sala Rossa: Cerimonia di conferimento del Sigillo Civico a Christian Greco\"\n                    src=\"http:\/\/www.spaziotorino.it\/scatto\/wp-content\/gallery\/2024_10_23_greco\/cache\/PLA_1268.jpg-nggid0534264-ngg0dyn-60x60x100-00f0w010c011r110f110r010t010.jpg\"\n                    width=\"60\"\n                    height=\"60\"\n                    style=\"max-width:100%;\"\n                \/>\n            <\/a>\n        <\/div>\n\t\t\t\t\t\t\t<\/div> \n\t\t\t\n        \n\t\t\t\t<div id=\"ngg-image-5\" class=\"ngg-gallery-thumbnail-box\" >\n\t\t\t\t        <div class=\"ngg-gallery-thumbnail\">\n            <a href=\"http:\/\/www.spaziotorino.it\/scatto\/wp-content\/gallery\/2024_10_23_greco\/PLA_1277.jpg\"\n               title=\"Palazzo Civico, Sala Rossa: Cerimonia di conferimento del Sigillo Civico a Christian Greco\"\n               data-src=\"http:\/\/www.spaziotorino.it\/scatto\/wp-content\/gallery\/2024_10_23_greco\/PLA_1277.jpg\"\n               data-thumbnail=\"http:\/\/www.spaziotorino.it\/scatto\/wp-content\/gallery\/2024_10_23_greco\/thumbs\/thumbs_PLA_1277.jpg\"\n               data-image-id=\"34265\"\n               data-title=\"Palazzo Civico, Sala Rossa: Cerimonia di conferimento del Sigillo Civico a Christian Greco\"\n               data-description=\"Palazzo Civico, Sala Rossa: Cerimonia di conferimento del Sigillo Civico a Christian Greco\"\n               data-image-slug=\"pla_1277-1\"\n               class=\"ngg-fancybox\" rel=\"f10e23bf882f062f1547925e7243cca5\">\n                <img\n                    title=\"Palazzo Civico, Sala Rossa: Cerimonia di conferimento del Sigillo Civico a Christian Greco\"\n                    alt=\"Palazzo Civico, Sala Rossa: Cerimonia di conferimento del Sigillo Civico a Christian Greco\"\n                    src=\"http:\/\/www.spaziotorino.it\/scatto\/wp-content\/gallery\/2024_10_23_greco\/cache\/PLA_1277.jpg-nggid0534265-ngg0dyn-60x60x100-00f0w010c011r110f110r010t010.jpg\"\n                    width=\"60\"\n                    height=\"60\"\n                    style=\"max-width:100%;\"\n                \/>\n            <\/a>\n        <\/div>\n\t\t\t\t\t\t\t<\/div> \n\t\t\t\n        \n\t\t\t\t<div id=\"ngg-image-6\" class=\"ngg-gallery-thumbnail-box\" >\n\t\t\t\t        <div class=\"ngg-gallery-thumbnail\">\n            <a href=\"http:\/\/www.spaziotorino.it\/scatto\/wp-content\/gallery\/2024_10_23_greco\/PLA_1292.jpg\"\n               title=\"Palazzo Civico, Sala Rossa: Cerimonia di conferimento del Sigillo Civico a Christian Greco\"\n               data-src=\"http:\/\/www.spaziotorino.it\/scatto\/wp-content\/gallery\/2024_10_23_greco\/PLA_1292.jpg\"\n               data-thumbnail=\"http:\/\/www.spaziotorino.it\/scatto\/wp-content\/gallery\/2024_10_23_greco\/thumbs\/thumbs_PLA_1292.jpg\"\n               data-image-id=\"34266\"\n               data-title=\"Palazzo Civico, Sala Rossa: Cerimonia di conferimento del Sigillo Civico a Christian Greco\"\n               data-description=\"Palazzo Civico, Sala Rossa: Cerimonia di conferimento del Sigillo Civico a Christian Greco\"\n               data-image-slug=\"pla_1292\"\n               class=\"ngg-fancybox\" rel=\"f10e23bf882f062f1547925e7243cca5\">\n                <img\n                    title=\"Palazzo Civico, Sala Rossa: Cerimonia di conferimento del Sigillo Civico a Christian Greco\"\n                    alt=\"Palazzo Civico, Sala Rossa: Cerimonia di conferimento del Sigillo Civico a Christian Greco\"\n                    src=\"http:\/\/www.spaziotorino.it\/scatto\/wp-content\/gallery\/2024_10_23_greco\/cache\/PLA_1292.jpg-nggid0534266-ngg0dyn-60x60x100-00f0w010c011r110f110r010t010.jpg\"\n                    width=\"60\"\n                    height=\"60\"\n                    style=\"max-width:100%;\"\n                \/>\n            <\/a>\n        <\/div>\n\t\t\t\t\t\t\t<\/div> \n\t\t\t\n        \n\t\t\t\t<div id=\"ngg-image-7\" class=\"ngg-gallery-thumbnail-box\" >\n\t\t\t\t        <div class=\"ngg-gallery-thumbnail\">\n            <a href=\"http:\/\/www.spaziotorino.it\/scatto\/wp-content\/gallery\/2024_10_23_greco\/PLA_1294.jpg\"\n               title=\"Palazzo Civico, Sala Rossa: Cerimonia di conferimento del Sigillo Civico a Christian Greco\"\n               data-src=\"http:\/\/www.spaziotorino.it\/scatto\/wp-content\/gallery\/2024_10_23_greco\/PLA_1294.jpg\"\n               data-thumbnail=\"http:\/\/www.spaziotorino.it\/scatto\/wp-content\/gallery\/2024_10_23_greco\/thumbs\/thumbs_PLA_1294.jpg\"\n               data-image-id=\"34270\"\n               data-title=\"Palazzo Civico, Sala Rossa: Cerimonia di conferimento del Sigillo Civico a Christian Greco\"\n               data-description=\"Palazzo Civico, Sala Rossa: Cerimonia di conferimento del Sigillo Civico a Christian Greco\"\n               data-image-slug=\"pla_1294-2\"\n               class=\"ngg-fancybox\" rel=\"f10e23bf882f062f1547925e7243cca5\">\n                <img\n                    title=\"Palazzo Civico, Sala Rossa: Cerimonia di conferimento del Sigillo Civico a Christian Greco\"\n                    alt=\"Palazzo Civico, Sala Rossa: Cerimonia di conferimento del Sigillo Civico a Christian Greco\"\n                    src=\"http:\/\/www.spaziotorino.it\/scatto\/wp-content\/gallery\/2024_10_23_greco\/cache\/PLA_1294.jpg-nggid0534270-ngg0dyn-60x60x100-00f0w010c011r110f110r010t010.jpg\"\n                    width=\"60\"\n                    height=\"60\"\n                    style=\"max-width:100%;\"\n                \/>\n            <\/a>\n        <\/div>\n\t\t\t\t\t\t\t<\/div> \n\t\t\t\n        \n\t\t\t\t<div id=\"ngg-image-8\" class=\"ngg-gallery-thumbnail-box\" >\n\t\t\t\t        <div class=\"ngg-gallery-thumbnail\">\n            <a href=\"http:\/\/www.spaziotorino.it\/scatto\/wp-content\/gallery\/2024_10_23_greco\/PLA_1311.jpg\"\n               title=\"Palazzo Civico, Sala Rossa: Cerimonia di conferimento del Sigillo Civico a Christian Greco\"\n               data-src=\"http:\/\/www.spaziotorino.it\/scatto\/wp-content\/gallery\/2024_10_23_greco\/PLA_1311.jpg\"\n               data-thumbnail=\"http:\/\/www.spaziotorino.it\/scatto\/wp-content\/gallery\/2024_10_23_greco\/thumbs\/thumbs_PLA_1311.jpg\"\n               data-image-id=\"34267\"\n               data-title=\"Palazzo Civico, Sala Rossa: Cerimonia di conferimento del Sigillo Civico a Christian Greco\"\n               data-description=\"Palazzo Civico, Sala Rossa: Cerimonia di conferimento del Sigillo Civico a Christian Greco\"\n               data-image-slug=\"pla_1311-1\"\n               class=\"ngg-fancybox\" rel=\"f10e23bf882f062f1547925e7243cca5\">\n                <img\n                    title=\"Palazzo Civico, Sala Rossa: Cerimonia di conferimento del Sigillo Civico a Christian Greco\"\n                    alt=\"Palazzo Civico, Sala Rossa: Cerimonia di conferimento del Sigillo Civico a Christian Greco\"\n                    src=\"http:\/\/www.spaziotorino.it\/scatto\/wp-content\/gallery\/2024_10_23_greco\/cache\/PLA_1311.jpg-nggid0534267-ngg0dyn-60x60x100-00f0w010c011r110f110r010t010.jpg\"\n                    width=\"60\"\n                    height=\"60\"\n                    style=\"max-width:100%;\"\n                \/>\n            <\/a>\n        <\/div>\n\t\t\t\t\t\t\t<\/div> \n\t\t\t\n        \n\t\t\t\t<div id=\"ngg-image-9\" class=\"ngg-gallery-thumbnail-box\" >\n\t\t\t\t        <div class=\"ngg-gallery-thumbnail\">\n            <a href=\"http:\/\/www.spaziotorino.it\/scatto\/wp-content\/gallery\/2024_10_23_greco\/PLA_1346.jpg\"\n               title=\"Palazzo Civico, Sala Rossa: Cerimonia di conferimento del Sigillo Civico a Christian Greco\"\n               data-src=\"http:\/\/www.spaziotorino.it\/scatto\/wp-content\/gallery\/2024_10_23_greco\/PLA_1346.jpg\"\n               data-thumbnail=\"http:\/\/www.spaziotorino.it\/scatto\/wp-content\/gallery\/2024_10_23_greco\/thumbs\/thumbs_PLA_1346.jpg\"\n               data-image-id=\"34269\"\n               data-title=\"Palazzo Civico, Sala Rossa: Cerimonia di conferimento del Sigillo Civico a Christian Greco\"\n               data-description=\"Palazzo Civico, Sala Rossa: Cerimonia di conferimento del Sigillo Civico a Christian Greco\"\n               data-image-slug=\"pla_1346-2\"\n               class=\"ngg-fancybox\" rel=\"f10e23bf882f062f1547925e7243cca5\">\n                <img\n                    title=\"Palazzo Civico, Sala Rossa: Cerimonia di conferimento del Sigillo Civico a Christian Greco\"\n                    alt=\"Palazzo Civico, Sala Rossa: Cerimonia di conferimento del Sigillo Civico a Christian Greco\"\n                    src=\"http:\/\/www.spaziotorino.it\/scatto\/wp-content\/gallery\/2024_10_23_greco\/cache\/PLA_1346.jpg-nggid0534269-ngg0dyn-60x60x100-00f0w010c011r110f110r010t010.jpg\"\n                    width=\"60\"\n                    height=\"60\"\n                    style=\"max-width:100%;\"\n                \/>\n            <\/a>\n        <\/div>\n\t\t\t\t\t\t\t<\/div> \n\t\t\t\n        \n\t\t\t\t<div id=\"ngg-image-10\" class=\"ngg-gallery-thumbnail-box\" >\n\t\t\t\t        <div class=\"ngg-gallery-thumbnail\">\n            <a href=\"http:\/\/www.spaziotorino.it\/scatto\/wp-content\/gallery\/2024_10_23_greco\/PLA_1375.jpg\"\n               title=\"Palazzo Civico, Sala Rossa: Cerimonia di conferimento del Sigillo Civico a Christian Greco\"\n               data-src=\"http:\/\/www.spaziotorino.it\/scatto\/wp-content\/gallery\/2024_10_23_greco\/PLA_1375.jpg\"\n               data-thumbnail=\"http:\/\/www.spaziotorino.it\/scatto\/wp-content\/gallery\/2024_10_23_greco\/thumbs\/thumbs_PLA_1375.jpg\"\n               data-image-id=\"34268\"\n               data-title=\"Palazzo Civico, Sala Rossa: Cerimonia di conferimento del Sigillo Civico a Christian Greco\"\n               data-description=\"Palazzo Civico, Sala Rossa: Cerimonia di conferimento del Sigillo Civico a Christian Greco\"\n               data-image-slug=\"pla_1375\"\n               class=\"ngg-fancybox\" rel=\"f10e23bf882f062f1547925e7243cca5\">\n                <img\n                    title=\"Palazzo Civico, Sala Rossa: Cerimonia di conferimento del Sigillo Civico a Christian Greco\"\n                    alt=\"Palazzo Civico, Sala Rossa: Cerimonia di conferimento del Sigillo Civico a Christian Greco\"\n                    src=\"http:\/\/www.spaziotorino.it\/scatto\/wp-content\/gallery\/2024_10_23_greco\/cache\/PLA_1375.jpg-nggid0534268-ngg0dyn-60x60x100-00f0w010c011r110f110r010t010.jpg\"\n                    width=\"60\"\n                    height=\"60\"\n                    style=\"max-width:100%;\"\n                \/>\n            <\/a>\n        <\/div>\n\t\t\t\t\t\t\t<\/div> \n\t\t\t\n        \n\t\t\t\t<div id=\"ngg-image-11\" class=\"ngg-gallery-thumbnail-box\" >\n\t\t\t\t        <div class=\"ngg-gallery-thumbnail\">\n            <a href=\"http:\/\/www.spaziotorino.it\/scatto\/wp-content\/gallery\/2024_10_23_greco\/PLA_1393.jpg\"\n               title=\"Christian Greco\"\n               data-src=\"http:\/\/www.spaziotorino.it\/scatto\/wp-content\/gallery\/2024_10_23_greco\/PLA_1393.jpg\"\n               data-thumbnail=\"http:\/\/www.spaziotorino.it\/scatto\/wp-content\/gallery\/2024_10_23_greco\/thumbs\/thumbs_PLA_1393.jpg\"\n               data-image-id=\"34272\"\n               data-title=\"Christian Greco\"\n               data-description=\"Christian Greco\"\n               data-image-slug=\"pla_1393-1\"\n               class=\"ngg-fancybox\" rel=\"f10e23bf882f062f1547925e7243cca5\">\n                <img\n                    title=\"Christian Greco\"\n                    alt=\"Christian Greco\"\n                    src=\"http:\/\/www.spaziotorino.it\/scatto\/wp-content\/gallery\/2024_10_23_greco\/cache\/PLA_1393.jpg-nggid0534272-ngg0dyn-60x60x100-00f0w010c011r110f110r010t010.jpg\"\n                    width=\"60\"\n                    height=\"60\"\n                    style=\"max-width:100%;\"\n                \/>\n            <\/a>\n        <\/div>\n\t\t\t\t\t\t\t<\/div> \n\t\t\t\n        \n\t\t\t\t<div id=\"ngg-image-12\" class=\"ngg-gallery-thumbnail-box\" >\n\t\t\t\t        <div class=\"ngg-gallery-thumbnail\">\n            <a href=\"http:\/\/www.spaziotorino.it\/scatto\/wp-content\/gallery\/2024_10_23_greco\/PLA_1418.jpg\"\n               title=\"Christian Greco\"\n               data-src=\"http:\/\/www.spaziotorino.it\/scatto\/wp-content\/gallery\/2024_10_23_greco\/PLA_1418.jpg\"\n               data-thumbnail=\"http:\/\/www.spaziotorino.it\/scatto\/wp-content\/gallery\/2024_10_23_greco\/thumbs\/thumbs_PLA_1418.jpg\"\n               data-image-id=\"34273\"\n               data-title=\"Christian Greco\"\n               data-description=\"Christian Greco\"\n               data-image-slug=\"pla_1418-1\"\n               class=\"ngg-fancybox\" rel=\"f10e23bf882f062f1547925e7243cca5\">\n                <img\n                    title=\"Christian Greco\"\n                    alt=\"Christian Greco\"\n                    src=\"http:\/\/www.spaziotorino.it\/scatto\/wp-content\/gallery\/2024_10_23_greco\/cache\/PLA_1418.jpg-nggid0534273-ngg0dyn-60x60x100-00f0w010c011r110f110r010t010.jpg\"\n                    width=\"60\"\n                    height=\"60\"\n                    style=\"max-width:100%;\"\n                \/>\n            <\/a>\n        <\/div>\n\t\t\t\t\t\t\t<\/div> \n\t\t\t\n        \n\t\t\n\t\t<!-- Pagination -->\n\t<div class='ngg-clear'><\/div>\t<\/div>\n\n<p>Oggi, 23 ottobre, alle ore 11.00, nella Sala Rossa di Palazzo Civico, si \u00e8 tenuta la cerimonia di consegna del Sigillo Civico al Direttore del Museo Egizio di Torino, Christian Greco. L\u2019onorificenza \u00e8 stata conferita dalla Presidente del Consiglio Comunale, Maria Grazia Grippo, e dal sindaco, Stefano Lo Russo.<\/p>\n<p>Il conferimento del Sigillo Civico, la pi\u00f9 alta onorificenza che un cittadino torinese possa ricevere, equiparabile alla cittadinanza onoraria, \u00e8 stato approvato all\u2019unanimit\u00e0 dal Consiglio comunale. La mozione, presentata dalle consigliere Lorenza Patriarca e Nadia Conticelli, riconosce in Christian Greco una personalit\u00e0 di rilievo a livello scientifico, con numerose pubblicazioni e partecipazioni a convegni in qualit\u00e0 di esperto. Greco vanta collaborazioni come docente in prestigiose universit\u00e0, tra cui Torino, Napoli, Pisa, la Cattolica del Sacro Cuore di Milano e la New York University di Abu Dhabi.<\/p>\n<p>Sotto la sua guida, il Museo Egizio ha raggiunto una straordinaria popolarit\u00e0, diventando il terzo museo pi\u00f9 visitato in Italia, dopo la Galleria degli Uffizi e la Galleria dell\u2019Accademia di Firenze, con ben 900mila visitatori annui. Il suo lavoro ha inoltre generato un impatto economico significativo per il territorio torinese, con un valore stimato di 187 milioni di euro.<\/p>\n<p>Christian Greco \u00e8 stato recentemente insignito anche del titolo di &#8220;Torinese dell\u2019anno 2023&#8221; dalla Camera di Commercio di Torino, a ulteriore riconoscimento del suo contributo eccezionale alla citt\u00e0 e alla cultura museale internazionale.<\/p>\n<p>&nbsp;<\/p>\n","protected":false},"excerpt":{"rendered":"<p>Oggi, 23 ottobre, alle ore 11.00, nella Sala Rossa di Palazzo Civico, si \u00e8 tenuta la cerimonia di consegna del Sigillo Civico al Direttore del Museo Egizio di Torino, Christian Greco. L\u2019onorificenza \u00e8 stata conferita dalla Presidente del Consiglio Comunale, Maria Grazia Grippo, e dal sindaco, Stefano Lo Russo. Il conferimento del Sigillo Civico, la [&hellip;]<\/p>\n","protected":false},"author":1,"featured_media":0,"comment_status":"closed","ping_status":"open","sticky":false,"template":"","format":"standard","meta":{"ngg_post_thumbnail":0},"categories":[1,895],"tags":[],"_links":{"self":[{"href":"http:\/\/www.spaziotorino.it\/scatto\/index.php?rest_route=\/wp\/v2\/posts\/52402"}],"collection":[{"href":"http:\/\/www.spaziotorino.it\/scatto\/index.php?rest_route=\/wp\/v2\/posts"}],"about":[{"href":"http:\/\/www.spaziotorino.it\/scatto\/index.php?rest_route=\/wp\/v2\/types\/post"}],"author":[{"embeddable":true,"href":"http:\/\/www.spaziotorino.it\/scatto\/index.php?rest_route=\/wp\/v2\/users\/1"}],"replies":[{"embeddable":true,"href":"http:\/\/www.spaziotorino.it\/scatto\/index.php?rest_route=%2Fwp%2Fv2%2Fcomments&post=52402"}],"version-history":[{"count":1,"href":"http:\/\/www.spaziotorino.it\/scatto\/index.php?rest_route=\/wp\/v2\/posts\/52402\/revisions"}],"predecessor-version":[{"id":52404,"href":"http:\/\/www.spaziotorino.it\/scatto\/index.php?rest_route=\/wp\/v2\/posts\/52402\/revisions\/52404"}],"wp:attachment":[{"href":"http:\/\/www.spaziotorino.it\/scatto\/index.php?rest_route=%2Fwp%2Fv2%2Fmedia&parent=52402"}],"wp:term":[{"taxonomy":"category","embeddable":true,"href":"http:\/\/www.spaziotorino.it\/scatto\/index.php?rest_route=%2Fwp%2Fv2%2Fcategories&post=52402"},{"taxonomy":"post_tag","embeddable":true,"href":"http:\/\/www.spaziotorino.it\/scatto\/index.php?rest_route=%2Fwp%2Fv2%2Ftags&post=52402"}],"curies":[{"name":"wp","href":"https:\/\/api.w.org\/{rel}","templated":true}]}}