{"id":52420,"date":"2024-10-24T15:01:38","date_gmt":"2024-10-24T14:01:38","guid":{"rendered":"http:\/\/www.spaziotorino.it\/scatto\/?p=52420"},"modified":"2024-10-24T15:01:38","modified_gmt":"2024-10-24T14:01:38","slug":"luci-dartista-presentata-la-ventisettesima-edizione","status":"publish","type":"post","link":"http:\/\/www.spaziotorino.it\/scatto\/?p=52420","title":{"rendered":"Luci d\u2019Artista, presentata la ventisettesima edizione"},"content":{"rendered":"<p><a class=\"ngg-fancybox\" title=\"Luci d\u2019Artista, presentata la ventisettesima edizione \" href=\"http:\/\/www.spaziotorino.it\/scatto\/wp-content\/gallery\/2024_10_24_lucia\/PLA_1873.jpg\" rel=\"lightbox[set_2329]\"><br \/>\n<img decoding=\"async\" loading=\"lazy\" class=\"ngg-singlepic\" title=\"Luci d\u2019Artista, presentata la ventisettesima edizione \" src=\"http:\/\/www.spaziotorino.it\/scatto\/wp-content\/gallery\/2024_10_24_lucia\/PLA_1873.jpg\" alt=\"\" width=\"540\" height=\"360\"\/><\/a><\/p>\n<!-- index.php -->\n<div\n\tclass=\"ngg-galleryoverview ngg-ajax-pagination-none\"\n\tid=\"ngg-gallery-5a76441f0ffe4fefece10ff3fa80c75b-1\">\n\n    \t\t<!-- Thumbnails -->\n\t\t\t\t<div id=\"ngg-image-0\" class=\"ngg-gallery-thumbnail-box\" >\n\t\t\t\t        <div class=\"ngg-gallery-thumbnail\">\n            <a href=\"http:\/\/www.spaziotorino.it\/scatto\/wp-content\/gallery\/2024_10_24_lucia\/PLA_1928.jpg\"\n               title=\"Palazzo Civico, sala Colonne, Conferenza stampa di presentazione della ventisettesima edizione di \u201cLuci d\u2019artista\u201d\"\n               data-src=\"http:\/\/www.spaziotorino.it\/scatto\/wp-content\/gallery\/2024_10_24_lucia\/PLA_1928.jpg\"\n               data-thumbnail=\"http:\/\/www.spaziotorino.it\/scatto\/wp-content\/gallery\/2024_10_24_lucia\/thumbs\/thumbs_PLA_1928.jpg\"\n               data-image-id=\"34285\"\n               data-title=\"Palazzo Civico, sala Colonne, Conferenza stampa di presentazione della ventisettesima edizione di \u201cLuci d\u2019artista\u201d\"\n               data-description=\"Palazzo Civico, sala Colonne, Conferenza stampa di presentazione della ventisettesima edizione di \u201cLuci d\u2019artista\u201d\"\n               data-image-slug=\"pla_1928-2\"\n               class=\"ngg-fancybox\" rel=\"5a76441f0ffe4fefece10ff3fa80c75b\">\n                <img\n                    title=\"Palazzo Civico, sala Colonne, Conferenza stampa di presentazione della ventisettesima edizione di \u201cLuci d\u2019artista\u201d\"\n                    alt=\"Palazzo Civico, sala Colonne, Conferenza stampa di presentazione della ventisettesima edizione di \u201cLuci d\u2019artista\u201d\"\n                    src=\"http:\/\/www.spaziotorino.it\/scatto\/wp-content\/gallery\/2024_10_24_lucia\/cache\/PLA_1928.jpg-nggid0534285-ngg0dyn-60x60x100-00f0w010c011r110f110r010t010.jpg\"\n                    width=\"60\"\n                    height=\"60\"\n                    style=\"max-width:100%;\"\n                \/>\n            <\/a>\n        <\/div>\n\t\t\t\t\t\t\t<\/div> \n\t\t\t\n        \n\t\t\t\t<div id=\"ngg-image-1\" class=\"ngg-gallery-thumbnail-box\" >\n\t\t\t\t        <div class=\"ngg-gallery-thumbnail\">\n            <a href=\"http:\/\/www.spaziotorino.it\/scatto\/wp-content\/gallery\/2024_10_24_lucia\/PLA_1935.jpg\"\n               title=\"Palazzo Civico, sala Colonne, Conferenza stampa di presentazione della ventisettesima edizione di \u201cLuci d\u2019artista\u201d\"\n               data-src=\"http:\/\/www.spaziotorino.it\/scatto\/wp-content\/gallery\/2024_10_24_lucia\/PLA_1935.jpg\"\n               data-thumbnail=\"http:\/\/www.spaziotorino.it\/scatto\/wp-content\/gallery\/2024_10_24_lucia\/thumbs\/thumbs_PLA_1935.jpg\"\n               data-image-id=\"34284\"\n               data-title=\"Palazzo Civico, sala Colonne, Conferenza stampa di presentazione della ventisettesima edizione di \u201cLuci d\u2019artista\u201d\"\n               data-description=\"Palazzo Civico, sala Colonne, Conferenza stampa di presentazione della ventisettesima edizione di \u201cLuci d\u2019artista\u201d\"\n               data-image-slug=\"pla_1935-1\"\n               class=\"ngg-fancybox\" rel=\"5a76441f0ffe4fefece10ff3fa80c75b\">\n                <img\n                    title=\"Palazzo Civico, sala Colonne, Conferenza stampa di presentazione della ventisettesima edizione di \u201cLuci d\u2019artista\u201d\"\n                    alt=\"Palazzo Civico, sala Colonne, Conferenza stampa di presentazione della ventisettesima edizione di \u201cLuci d\u2019artista\u201d\"\n                    src=\"http:\/\/www.spaziotorino.it\/scatto\/wp-content\/gallery\/2024_10_24_lucia\/cache\/PLA_1935.jpg-nggid0534284-ngg0dyn-60x60x100-00f0w010c011r110f110r010t010.jpg\"\n                    width=\"60\"\n                    height=\"60\"\n                    style=\"max-width:100%;\"\n                \/>\n            <\/a>\n        <\/div>\n\t\t\t\t\t\t\t<\/div> \n\t\t\t\n        \n\t\t\t\t<div id=\"ngg-image-2\" class=\"ngg-gallery-thumbnail-box\" >\n\t\t\t\t        <div class=\"ngg-gallery-thumbnail\">\n            <a href=\"http:\/\/www.spaziotorino.it\/scatto\/wp-content\/gallery\/2024_10_24_lucia\/PLA_1912.jpg\"\n               title=\"Palazzo Civico, sala Colonne, Conferenza stampa di presentazione della ventisettesima edizione di \u201cLuci d\u2019artista\u201d\"\n               data-src=\"http:\/\/www.spaziotorino.it\/scatto\/wp-content\/gallery\/2024_10_24_lucia\/PLA_1912.jpg\"\n               data-thumbnail=\"http:\/\/www.spaziotorino.it\/scatto\/wp-content\/gallery\/2024_10_24_lucia\/thumbs\/thumbs_PLA_1912.jpg\"\n               data-image-id=\"34283\"\n               data-title=\"Palazzo Civico, sala Colonne, Conferenza stampa di presentazione della ventisettesima edizione di \u201cLuci d\u2019artista\u201d\"\n               data-description=\"Palazzo Civico, sala Colonne, Conferenza stampa di presentazione della ventisettesima edizione di \u201cLuci d\u2019artista\u201d\"\n               data-image-slug=\"pla_1912\"\n               class=\"ngg-fancybox\" rel=\"5a76441f0ffe4fefece10ff3fa80c75b\">\n                <img\n                    title=\"Palazzo Civico, sala Colonne, Conferenza stampa di presentazione della ventisettesima edizione di \u201cLuci d\u2019artista\u201d\"\n                    alt=\"Palazzo Civico, sala Colonne, Conferenza stampa di presentazione della ventisettesima edizione di \u201cLuci d\u2019artista\u201d\"\n                    src=\"http:\/\/www.spaziotorino.it\/scatto\/wp-content\/gallery\/2024_10_24_lucia\/cache\/PLA_1912.jpg-nggid0534283-ngg0dyn-60x60x100-00f0w010c011r110f110r010t010.jpg\"\n                    width=\"60\"\n                    height=\"60\"\n                    style=\"max-width:100%;\"\n                \/>\n            <\/a>\n        <\/div>\n\t\t\t\t\t\t\t<\/div> \n\t\t\t\n        \n\t\t\t\t<div id=\"ngg-image-3\" class=\"ngg-gallery-thumbnail-box\" >\n\t\t\t\t        <div class=\"ngg-gallery-thumbnail\">\n            <a href=\"http:\/\/www.spaziotorino.it\/scatto\/wp-content\/gallery\/2024_10_24_lucia\/PLA_1880.jpg\"\n               title=\"Andreas Angelidakis\"\n               data-src=\"http:\/\/www.spaziotorino.it\/scatto\/wp-content\/gallery\/2024_10_24_lucia\/PLA_1880.jpg\"\n               data-thumbnail=\"http:\/\/www.spaziotorino.it\/scatto\/wp-content\/gallery\/2024_10_24_lucia\/thumbs\/thumbs_PLA_1880.jpg\"\n               data-image-id=\"34278\"\n               data-title=\"Andreas Angelidakis\"\n               data-description=\"Andreas Angelidakis\"\n               data-image-slug=\"pla_1880\"\n               class=\"ngg-fancybox\" rel=\"5a76441f0ffe4fefece10ff3fa80c75b\">\n                <img\n                    title=\"Andreas Angelidakis\"\n                    alt=\"Andreas Angelidakis\"\n                    src=\"http:\/\/www.spaziotorino.it\/scatto\/wp-content\/gallery\/2024_10_24_lucia\/cache\/PLA_1880.jpg-nggid0534278-ngg0dyn-60x60x100-00f0w010c011r110f110r010t010.jpg\"\n                    width=\"60\"\n                    height=\"60\"\n                    style=\"max-width:100%;\"\n                \/>\n            <\/a>\n        <\/div>\n\t\t\t\t\t\t\t<\/div> \n\t\t\t\n        \n\t\t\t\t<div id=\"ngg-image-4\" class=\"ngg-gallery-thumbnail-box\" >\n\t\t\t\t        <div class=\"ngg-gallery-thumbnail\">\n            <a href=\"http:\/\/www.spaziotorino.it\/scatto\/wp-content\/gallery\/2024_10_24_lucia\/PLA_1882.jpg\"\n               title=\"Antonio Grulli curatore Luci d&#039;Artista di Torino\"\n               data-src=\"http:\/\/www.spaziotorino.it\/scatto\/wp-content\/gallery\/2024_10_24_lucia\/PLA_1882.jpg\"\n               data-thumbnail=\"http:\/\/www.spaziotorino.it\/scatto\/wp-content\/gallery\/2024_10_24_lucia\/thumbs\/thumbs_PLA_1882.jpg\"\n               data-image-id=\"34277\"\n               data-title=\"Antonio Grulli curatore Luci d&#039;Artista di Torino\"\n               data-description=\"Antonio Grulli curatore Luci d&#039;Artista di Torino\"\n               data-image-slug=\"pla_1882\"\n               class=\"ngg-fancybox\" rel=\"5a76441f0ffe4fefece10ff3fa80c75b\">\n                <img\n                    title=\"Antonio Grulli curatore Luci d&#039;Artista di Torino\"\n                    alt=\"Antonio Grulli curatore Luci d&#039;Artista di Torino\"\n                    src=\"http:\/\/www.spaziotorino.it\/scatto\/wp-content\/gallery\/2024_10_24_lucia\/cache\/PLA_1882.jpg-nggid0534277-ngg0dyn-60x60x100-00f0w010c011r110f110r010t010.jpg\"\n                    width=\"60\"\n                    height=\"60\"\n                    style=\"max-width:100%;\"\n                \/>\n            <\/a>\n        <\/div>\n\t\t\t\t\t\t\t<\/div> \n\t\t\t\n        \n\t\t\t\t<div id=\"ngg-image-5\" class=\"ngg-gallery-thumbnail-box\" >\n\t\t\t\t        <div class=\"ngg-gallery-thumbnail\">\n            <a href=\"http:\/\/www.spaziotorino.it\/scatto\/wp-content\/gallery\/2024_10_24_lucia\/PLA_1893.jpg\"\n               title=\"Massimo Broccio, Presidente della Fondazione Torino Musei\"\n               data-src=\"http:\/\/www.spaziotorino.it\/scatto\/wp-content\/gallery\/2024_10_24_lucia\/PLA_1893.jpg\"\n               data-thumbnail=\"http:\/\/www.spaziotorino.it\/scatto\/wp-content\/gallery\/2024_10_24_lucia\/thumbs\/thumbs_PLA_1893.jpg\"\n               data-image-id=\"34282\"\n               data-title=\"Massimo Broccio, Presidente della Fondazione Torino Musei\"\n               data-description=\"Massimo Broccio, Presidente della Fondazione Torino Musei\"\n               data-image-slug=\"pla_1893-1\"\n               class=\"ngg-fancybox\" rel=\"5a76441f0ffe4fefece10ff3fa80c75b\">\n                <img\n                    title=\"Massimo Broccio, Presidente della Fondazione Torino Musei\"\n                    alt=\"Massimo Broccio, Presidente della Fondazione Torino Musei\"\n                    src=\"http:\/\/www.spaziotorino.it\/scatto\/wp-content\/gallery\/2024_10_24_lucia\/cache\/PLA_1893.jpg-nggid0534282-ngg0dyn-60x60x100-00f0w010c011r110f110r010t010.jpg\"\n                    width=\"60\"\n                    height=\"60\"\n                    style=\"max-width:100%;\"\n                \/>\n            <\/a>\n        <\/div>\n\t\t\t\t\t\t\t<\/div> \n\t\t\t\n        \n\t\t\t\t<div id=\"ngg-image-6\" class=\"ngg-gallery-thumbnail-box\" >\n\t\t\t\t        <div class=\"ngg-gallery-thumbnail\">\n            <a href=\"http:\/\/www.spaziotorino.it\/scatto\/wp-content\/gallery\/2024_10_24_lucia\/PLA_1905.jpg\"\n               title=\"Palazzo Civico, sala Colonne, Conferenza stampa di presentazione della ventisettesima edizione di \u201cLuci d\u2019artista\u201d\"\n               data-src=\"http:\/\/www.spaziotorino.it\/scatto\/wp-content\/gallery\/2024_10_24_lucia\/PLA_1905.jpg\"\n               data-thumbnail=\"http:\/\/www.spaziotorino.it\/scatto\/wp-content\/gallery\/2024_10_24_lucia\/thumbs\/thumbs_PLA_1905.jpg\"\n               data-image-id=\"34280\"\n               data-title=\"Palazzo Civico, sala Colonne, Conferenza stampa di presentazione della ventisettesima edizione di \u201cLuci d\u2019artista\u201d\"\n               data-description=\"Palazzo Civico, sala Colonne, Conferenza stampa di presentazione della ventisettesima edizione di \u201cLuci d\u2019artista\u201d\"\n               data-image-slug=\"pla_1905-1\"\n               class=\"ngg-fancybox\" rel=\"5a76441f0ffe4fefece10ff3fa80c75b\">\n                <img\n                    title=\"Palazzo Civico, sala Colonne, Conferenza stampa di presentazione della ventisettesima edizione di \u201cLuci d\u2019artista\u201d\"\n                    alt=\"Palazzo Civico, sala Colonne, Conferenza stampa di presentazione della ventisettesima edizione di \u201cLuci d\u2019artista\u201d\"\n                    src=\"http:\/\/www.spaziotorino.it\/scatto\/wp-content\/gallery\/2024_10_24_lucia\/cache\/PLA_1905.jpg-nggid0534280-ngg0dyn-60x60x100-00f0w010c011r110f110r010t010.jpg\"\n                    width=\"60\"\n                    height=\"60\"\n                    style=\"max-width:100%;\"\n                \/>\n            <\/a>\n        <\/div>\n\t\t\t\t\t\t\t<\/div> \n\t\t\t\n        \n\t\t\t\t<div id=\"ngg-image-7\" class=\"ngg-gallery-thumbnail-box\" >\n\t\t\t\t        <div class=\"ngg-gallery-thumbnail\">\n            <a href=\"http:\/\/www.spaziotorino.it\/scatto\/wp-content\/gallery\/2024_10_24_lucia\/PLA_1925.jpg\"\n               title=\"Palazzo Civico, sala Colonne, Conferenza stampa di presentazione della ventisettesima edizione di \u201cLuci d\u2019artista\u201d\"\n               data-src=\"http:\/\/www.spaziotorino.it\/scatto\/wp-content\/gallery\/2024_10_24_lucia\/PLA_1925.jpg\"\n               data-thumbnail=\"http:\/\/www.spaziotorino.it\/scatto\/wp-content\/gallery\/2024_10_24_lucia\/thumbs\/thumbs_PLA_1925.jpg\"\n               data-image-id=\"34281\"\n               data-title=\"Palazzo Civico, sala Colonne, Conferenza stampa di presentazione della ventisettesima edizione di \u201cLuci d\u2019artista\u201d\"\n               data-description=\"Palazzo Civico, sala Colonne, Conferenza stampa di presentazione della ventisettesima edizione di \u201cLuci d\u2019artista\u201d\"\n               data-image-slug=\"pla_1925-1\"\n               class=\"ngg-fancybox\" rel=\"5a76441f0ffe4fefece10ff3fa80c75b\">\n                <img\n                    title=\"Palazzo Civico, sala Colonne, Conferenza stampa di presentazione della ventisettesima edizione di \u201cLuci d\u2019artista\u201d\"\n                    alt=\"Palazzo Civico, sala Colonne, Conferenza stampa di presentazione della ventisettesima edizione di \u201cLuci d\u2019artista\u201d\"\n                    src=\"http:\/\/www.spaziotorino.it\/scatto\/wp-content\/gallery\/2024_10_24_lucia\/cache\/PLA_1925.jpg-nggid0534281-ngg0dyn-60x60x100-00f0w010c011r110f110r010t010.jpg\"\n                    width=\"60\"\n                    height=\"60\"\n                    style=\"max-width:100%;\"\n                \/>\n            <\/a>\n        <\/div>\n\t\t\t\t\t\t\t<\/div> \n\t\t\t\n        \n\t\t\t\t<div id=\"ngg-image-8\" class=\"ngg-gallery-thumbnail-box\" >\n\t\t\t\t        <div class=\"ngg-gallery-thumbnail\">\n            <a href=\"http:\/\/www.spaziotorino.it\/scatto\/wp-content\/gallery\/2024_10_24_lucia\/PLA_1962.jpg\"\n               title=\"Antonio Grulli curatore Luci d&#039;Artista di Torino e l&#039;artista Andreas Angelidakis\"\n               data-src=\"http:\/\/www.spaziotorino.it\/scatto\/wp-content\/gallery\/2024_10_24_lucia\/PLA_1962.jpg\"\n               data-thumbnail=\"http:\/\/www.spaziotorino.it\/scatto\/wp-content\/gallery\/2024_10_24_lucia\/thumbs\/thumbs_PLA_1962.jpg\"\n               data-image-id=\"34286\"\n               data-title=\"Antonio Grulli curatore Luci d&#039;Artista di Torino e l&#039;artista Andreas Angelidakis\"\n               data-description=\"Antonio Grulli curatore Luci d&#039;Artista di Torino e l&#039;artista Andreas Angelidakis\"\n               data-image-slug=\"pla_1962-2\"\n               class=\"ngg-fancybox\" rel=\"5a76441f0ffe4fefece10ff3fa80c75b\">\n                <img\n                    title=\"Antonio Grulli curatore Luci d&#039;Artista di Torino e l&#039;artista Andreas Angelidakis\"\n                    alt=\"Antonio Grulli curatore Luci d&#039;Artista di Torino e l&#039;artista Andreas Angelidakis\"\n                    src=\"http:\/\/www.spaziotorino.it\/scatto\/wp-content\/gallery\/2024_10_24_lucia\/cache\/PLA_1962.jpg-nggid0534286-ngg0dyn-60x60x100-00f0w010c011r110f110r010t010.jpg\"\n                    width=\"60\"\n                    height=\"60\"\n                    style=\"max-width:100%;\"\n                \/>\n            <\/a>\n        <\/div>\n\t\t\t\t\t\t\t<\/div> \n\t\t\t\n        \n\t\t\t\t<div id=\"ngg-image-9\" class=\"ngg-gallery-thumbnail-box\" >\n\t\t\t\t        <div class=\"ngg-gallery-thumbnail\">\n            <a href=\"http:\/\/www.spaziotorino.it\/scatto\/wp-content\/gallery\/2024_10_24_lucia\/PLA_2002.jpg\"\n               title=\"Antonio Grulli, Andreas Angelidakis, Rosanna Purchia e Massimo Broccio,\"\n               data-src=\"http:\/\/www.spaziotorino.it\/scatto\/wp-content\/gallery\/2024_10_24_lucia\/PLA_2002.jpg\"\n               data-thumbnail=\"http:\/\/www.spaziotorino.it\/scatto\/wp-content\/gallery\/2024_10_24_lucia\/thumbs\/thumbs_PLA_2002.jpg\"\n               data-image-id=\"34287\"\n               data-title=\"Antonio Grulli, Andreas Angelidakis, Rosanna Purchia e Massimo Broccio,\"\n               data-description=\"Antonio Grulli, Andreas Angelidakis, Rosanna Purchia e Massimo Broccio,\"\n               data-image-slug=\"pla_2002-2\"\n               class=\"ngg-fancybox\" rel=\"5a76441f0ffe4fefece10ff3fa80c75b\">\n                <img\n                    title=\"Antonio Grulli, Andreas Angelidakis, Rosanna Purchia e Massimo Broccio,\"\n                    alt=\"Antonio Grulli, Andreas Angelidakis, Rosanna Purchia e Massimo Broccio,\"\n                    src=\"http:\/\/www.spaziotorino.it\/scatto\/wp-content\/gallery\/2024_10_24_lucia\/cache\/PLA_2002.jpg-nggid0534287-ngg0dyn-60x60x100-00f0w010c011r110f110r010t010.jpg\"\n                    width=\"60\"\n                    height=\"60\"\n                    style=\"max-width:100%;\"\n                \/>\n            <\/a>\n        <\/div>\n\t\t\t\t\t\t\t<\/div> \n\t\t\t\n        \n\t\t\t\t<div id=\"ngg-image-10\" class=\"ngg-gallery-thumbnail-box\" >\n\t\t\t\t        <div class=\"ngg-gallery-thumbnail\">\n            <a href=\"http:\/\/www.spaziotorino.it\/scatto\/wp-content\/gallery\/2024_10_24_lucia\/PLA_1861.jpg\"\n               title=\"Ultimi ritocchi per il Tappeto Volante di Daniel Buren in piazza Palazzo di Citt\u00e0\"\n               data-src=\"http:\/\/www.spaziotorino.it\/scatto\/wp-content\/gallery\/2024_10_24_lucia\/PLA_1861.jpg\"\n               data-thumbnail=\"http:\/\/www.spaziotorino.it\/scatto\/wp-content\/gallery\/2024_10_24_lucia\/thumbs\/thumbs_PLA_1861.jpg\"\n               data-image-id=\"34274\"\n               data-title=\"Ultimi ritocchi per il Tappeto Volante di Daniel Buren in piazza Palazzo di Citt\u00e0\"\n               data-description=\"Ultimi ritocchi per il Tappeto Volante di Daniel Buren in piazza Palazzo di Citt\u00e0\"\n               data-image-slug=\"pla_1861-2\"\n               class=\"ngg-fancybox\" rel=\"5a76441f0ffe4fefece10ff3fa80c75b\">\n                <img\n                    title=\"Ultimi ritocchi per il Tappeto Volante di Daniel Buren in piazza Palazzo di Citt\u00e0\"\n                    alt=\"Ultimi ritocchi per il Tappeto Volante di Daniel Buren in piazza Palazzo di Citt\u00e0\"\n                    src=\"http:\/\/www.spaziotorino.it\/scatto\/wp-content\/gallery\/2024_10_24_lucia\/cache\/PLA_1861.jpg-nggid0534274-ngg0dyn-60x60x100-00f0w010c011r110f110r010t010.jpg\"\n                    width=\"60\"\n                    height=\"60\"\n                    style=\"max-width:100%;\"\n                \/>\n            <\/a>\n        <\/div>\n\t\t\t\t\t\t\t<\/div> \n\t\t\t\n        \n\t\t\t\t<div id=\"ngg-image-11\" class=\"ngg-gallery-thumbnail-box\" >\n\t\t\t\t        <div class=\"ngg-gallery-thumbnail\">\n            <a href=\"http:\/\/www.spaziotorino.it\/scatto\/wp-content\/gallery\/2024_10_24_lucia\/PLA_1869.jpg\"\n               title=\"Tappeto Volante di Daniel Buren in piazza Palazzo di Citt\u00e0\"\n               data-src=\"http:\/\/www.spaziotorino.it\/scatto\/wp-content\/gallery\/2024_10_24_lucia\/PLA_1869.jpg\"\n               data-thumbnail=\"http:\/\/www.spaziotorino.it\/scatto\/wp-content\/gallery\/2024_10_24_lucia\/thumbs\/thumbs_PLA_1869.jpg\"\n               data-image-id=\"34276\"\n               data-title=\"Tappeto Volante di Daniel Buren in piazza Palazzo di Citt\u00e0\"\n               data-description=\"Tappeto Volante di Daniel Buren in piazza Palazzo di Citt\u00e0\"\n               data-image-slug=\"pla_1869\"\n               class=\"ngg-fancybox\" rel=\"5a76441f0ffe4fefece10ff3fa80c75b\">\n                <img\n                    title=\"Tappeto Volante di Daniel Buren in piazza Palazzo di Citt\u00e0\"\n                    alt=\"Tappeto Volante di Daniel Buren in piazza Palazzo di Citt\u00e0\"\n                    src=\"http:\/\/www.spaziotorino.it\/scatto\/wp-content\/gallery\/2024_10_24_lucia\/cache\/PLA_1869.jpg-nggid0534276-ngg0dyn-60x60x100-00f0w010c011r110f110r010t010.jpg\"\n                    width=\"60\"\n                    height=\"60\"\n                    style=\"max-width:100%;\"\n                \/>\n            <\/a>\n        <\/div>\n\t\t\t\t\t\t\t<\/div> \n\t\t\t\n        \n\t\t\t\t<div id=\"ngg-image-12\" class=\"ngg-gallery-thumbnail-box\" >\n\t\t\t\t        <div class=\"ngg-gallery-thumbnail\">\n            <a href=\"http:\/\/www.spaziotorino.it\/scatto\/wp-content\/gallery\/2024_10_24_lucia\/PLA_1864.jpg\"\n               title=\"Tappeto Volante di Daniel Buren in piazza Palazzo di Citt\u00e0\"\n               data-src=\"http:\/\/www.spaziotorino.it\/scatto\/wp-content\/gallery\/2024_10_24_lucia\/PLA_1864.jpg\"\n               data-thumbnail=\"http:\/\/www.spaziotorino.it\/scatto\/wp-content\/gallery\/2024_10_24_lucia\/thumbs\/thumbs_PLA_1864.jpg\"\n               data-image-id=\"34275\"\n               data-title=\"Tappeto Volante di Daniel Buren in piazza Palazzo di Citt\u00e0\"\n               data-description=\"Tappeto Volante di Daniel Buren in piazza Palazzo di Citt\u00e0\"\n               data-image-slug=\"pla_1864-1\"\n               class=\"ngg-fancybox\" rel=\"5a76441f0ffe4fefece10ff3fa80c75b\">\n                <img\n                    title=\"Tappeto Volante di Daniel Buren in piazza Palazzo di Citt\u00e0\"\n                    alt=\"Tappeto Volante di Daniel Buren in piazza Palazzo di Citt\u00e0\"\n                    src=\"http:\/\/www.spaziotorino.it\/scatto\/wp-content\/gallery\/2024_10_24_lucia\/cache\/PLA_1864.jpg-nggid0534275-ngg0dyn-60x60x100-00f0w010c011r110f110r010t010.jpg\"\n                    width=\"60\"\n                    height=\"60\"\n                    style=\"max-width:100%;\"\n                \/>\n            <\/a>\n        <\/div>\n\t\t\t\t\t\t\t<\/div> \n\t\t\t\n        \n\t\t\n\t\t<!-- Pagination -->\n\t<div class='ngg-clear'><\/div>\t<\/div>\n\n<p>Venerd\u00ec 25 ottobre dalle ore 18:00, con la prima accensione, Torino torna a illuminarsi e trasforma ancora una volta il suo cielo con installazioni luminose di grandi artisti pensate per lo spazio pubblico.<\/p>\n<p>Anche per questa edizione la&nbsp;Fondazione Torino Musei&nbsp;\u00e8 stata incaricata dalla&nbsp;Citt\u00e0 di Torino, nell\u2019ambito della sua missione istituzionale, a operare per la valorizzazione e realizzazione di quello che \u00e8 il suo progetto pi\u00f9 longevo e rappresentativo del ruolo dell\u2019arte contemporanea per l\u2019identit\u00e0 e la vita culturale della citt\u00e0.&nbsp;Luci d\u2019Artista&nbsp;\u00e8, nell\u2019ambito del nuovo&nbsp;piano strategico, la quinta linea culturale della Fondazione Torino Musei (insieme a GAM, MAO, Palazzo Madama e Artissima) e ha l\u2019obiettivo di trasformare la manifestazione in una vera istituzione di ricerca artistica permanente.<\/p>\n<p>In questa nuova edizione saranno consolidate e ulteriormente implementate le linee guida di indirizzo introdotte gi\u00e0 con la 26<sup>a<\/sup>&nbsp;edizione, visto anche il riscontro del pubblico: insieme al curatore&nbsp;Antonio Grulli&nbsp;saranno quindi rafforzate le iniziative di superamento dei confini invernali della manifestazione grazie a una programmazione attiva tutto l\u2019anno e si continuer\u00e0 nella ridefinizione delle varie sezioni di Luci d\u2019Artista. Un nuovo corso accompagnato da un rafforzamento della comunicazione, sempre pi\u00f9 internazionale, con social rinnovati e un sito internet che raccoglie la storia della manifestazione. Il tutto per&nbsp;valorizzare una collezione unica e straordinaria&nbsp;e raggiungere una&nbsp;visibilit\u00e0 nazionale&nbsp;e&nbsp;internazionale&nbsp;stabile, rendendo la manifestazione ancora pi\u00f9&nbsp;inclusiva&nbsp;ed&nbsp;ecologicamente sostenibile, basti pensare che grazie a&nbsp;circa un milione di sorgenti luminose quasi del tutto a Led, Iren fornir\u00e0 maggiore luminosit\u00e0 e ridotti consumi,&nbsp;con 13,5 km di linee elettriche&nbsp;a collegare le Luci, che impegneranno&nbsp;una potenza complessiva di soli 121 kW.<\/p>\n<p>Luci d\u2019Artista&nbsp;\u00e8 progetto e patrimonio della&nbsp;Citt\u00e0 di Torino,&nbsp;realizzato da&nbsp;Fondazione Torino Musei&nbsp;con il sostegno di&nbsp;Fondazione Compagnia di San Paolo, Fondazione CRT, Consulta per la Valorizzazione dei Beni Artistici e Culturali di Torino, Unione Industriali Torino, Torino 2025 FISU World University Games Winter e Audemars Piguet Contemporary.&nbsp;Main sponsor:&nbsp;Gruppo Iren.<\/p>\n<p><strong>LE DUE NUOVE INSTALLAZIONI LUMINOSE<\/strong><\/p>\n<p>Per la 27<sup>a<\/sup>&nbsp;edizione, Luci d\u2019Artista si arricchisce di&nbsp;due nuove installazioni luminose&nbsp;firmate da grandi artisti selezionati dal Comitato Scientifico di Luci d\u2019Artista, che in quest\u2019ultimo anno si \u00e8 completamente rinnovato ed \u00e8 oggi composto da&nbsp;Chiara Bertola&nbsp;e&nbsp;Francesco Manacorda, rispettivamente direttori della GAM \u2013 Galleria Civica d\u2019Arte Moderna e Contemporanea \u2013 e del Castello di Rivoli \u2013 Museo d\u2019Arte Contemporanea, e da&nbsp;Antonio Grulli, curatore di Luci d\u2019Artista.<\/p>\n<p>La selezione dei due nuovi artisti di Luci d\u2019Artista 27 \u00e8 il frutto di una serie di incontri tra i membri del Comitato scientifico, durante i quali si \u00e8 deciso di affiancare una stella dell\u2019arte globale a un grande Maestro indiscusso. I nomi sono quelli di&nbsp;Andreas Angelidakis&nbsp;e di&nbsp;Luigi Ontanicon le rispettive luci&nbsp;<em>VR Man<\/em>&nbsp;e&nbsp;<em>Scia\u2019Mano.<\/em><\/p>\n<p><strong><em>VR Man<\/em>&nbsp;di Andreas Angelidakis, piazza Vittorio Veneto angolo lungo Po Cadorna<\/strong><\/p>\n<p>La Luce&nbsp;<em>VR Man<\/em>&nbsp;di&nbsp;Andreas Angelidakis&nbsp;\u00e8 ripresa dall\u2019iconografia classica&nbsp;della scultura greca e romana, immaginario su cui l\u2019artista lavora da molti anni. Ma la figura si fonde con un altro elemento portante della classicit\u00e0, ovvero un&nbsp;capitello&nbsp;all\u2019altezza della testa che lo trasforma in una moderna cariatide. Il riferimento immediato \u00e8 alla&nbsp;pratica atletica&nbsp;come fondamento dei giochi olimpici ma anche come disciplina indissolubile dall\u2019attivit\u00e0 intellettuale e spirituale cos\u00ec come era vista durante il periodo classico greco.<\/p>\n<p><strong><em>Scia\u2019Mano&nbsp;<\/em>di Luigi Ontani, Giardini Sambuy \u2013 Piazza Carlo Felice, lato via Roma<\/strong><\/p>\n<p>La Luce&nbsp;<em>Scia\u2019Mano<\/em>del Maestro&nbsp;Luigi Ontani&nbsp;\u00e8, come dichiarato dal titolo, legata alla figura universale dello&nbsp;Sciamano.<\/p>\n<p>Dalla scheda dell\u2019opera: \u201cLa citt\u00e0 di Torino ha ispirato il Maestro Luigi Ontani per la sua Luce intitolata Scia\u2019Mano. L\u2019installazione \u00e8 composta da un lightbox bifacciale tondo e di grandi dimensioni, in cui le fotografie sui due lati sono stampate su un supporto lenticolare. Nelle immagini, sempre in movimento e pronte a mutare in base al punto di vista dell\u2019osservatore, vediamo l\u2019artista impersonare uno sciamano, a cui allude con un gioco di parole anche la forma della maschera \u2013 realizzata a Bali con I Wayan Sukarya \u2013 che richiama una mano. Il soggetto evoca la tradizione magica di Torino e la posizione dell\u2019opera, sul bordo nord dei Giardini Sambuy, dialoga con il punto in cui aveva sede la libreria e casa editrice Fogola frequentata dall\u2019artista in passato, di cui \u00e8 sopravvissuta un\u2019insegna. Nell\u2019opera di Ontani sono frequenti i riferimenti letterari e, non a caso, la piazza antistante la stazione Porta Nuova ha un posto nella storia della letteratura dovuto alla tragica fine di Cesare Pavese. Luigi Ontani \u00e8 uno dei grandi Maestri dell\u2019arte, e la sua figura trascende da decenni i confini italiani e occidentali: ha rivoluzionato sin dagli anni Sessanta i linguaggi artistici grazie alle sue performance, ai suoi Tableaux Vivant, ai suoi video. Utilizza da sempre la fotografia come forma artistica per esplorare nuove identit\u00e0, come veicolo di reinterpretazione della storia dell\u2019arte, ed \u00e8 stato il primo artista ad \u201cespanderla\u201d in gigantografie, come nel caso dell\u2019opera Scia\u2019Mano\u201d.<\/p>\n<p><strong>LE LUCI. COLLOCAZIONI<\/strong><\/p>\n<p>Le 28 luci si riaccendono&nbsp;tra le vie e le piazze di Torino e i cittadini e i turisti potranno alzare gli occhi e ritrovare le opere luminose nelle loro classiche location, oppure andare alla ricerca delle nuove collocazioni.<\/p>\n<p>Si accende sulla Mole Antonelliana, completamente restaurata grazie alla&nbsp;Consulta per la Valorizzazione dei Beni Artistici e Culturali di Torino&nbsp;e di&nbsp;Unione Industriali Torino,&nbsp;<em>Volo dei numeri<\/em>, l\u2019opera-manifesto di Torino citt\u00e0 dell\u2019arte contemporanea, ideata da&nbsp;Mario Merz.<\/p>\n<p>Alcune Luci storiche cambiano sede rispetto alla precedente edizione:<em>Palomar<\/em>&nbsp;di&nbsp;Giulio Paolini,&nbsp;da sempre in via Po, torna dopo dieci anni in via Garibaldi; per la prima volta in largo Montebello&nbsp;<em>Ice Cream Light<\/em>&nbsp;di&nbsp;Vanessa Safavi&nbsp;in una inedita configurazione.&nbsp;<em>Lu\u00ec e l\u2019arte di andare nel bosco<\/em>&nbsp;di&nbsp;Luigi Mainolfi&nbsp;trova nuovo spazio lungo via Carlo Alberto e al suo posto e per la prima volta in via Lagrange si potr\u00e0 ammirare&nbsp;<em>Volo su\u2026&nbsp;<\/em>di&nbsp;Francesco Casorati.<\/p>\n<p>Si riconfermano nelle collocazioni precedenti le Luci di Mario&nbsp;Air\u00f2,&nbsp;<em>Cosmometrie&nbsp;<\/em>in piazza Carignano con una sempre nuova configurazione decisa dall\u2019artista, che come ogni anno segue l\u2019allestimento della sua Luce<em>; Orizzonti&nbsp;<\/em>di&nbsp;Giovanni Anselmo, in piazza Carlo Alberto<em>; Vele di Natale<\/em>&nbsp;di&nbsp;Vasco Are&nbsp;in piazza Bodoni;&nbsp;<em>Ancora una volta<\/em>&nbsp;di&nbsp;Valerio Berruti&nbsp;in via Monferrato;&nbsp;<em>Tappeto volante<\/em>&nbsp;di&nbsp;Daniel Buren&nbsp;in piazza Palazzo di Citt\u00e0;&nbsp;Nicola&nbsp;De Maria,&nbsp;<em>Regno dei fiori: nido cosmico di tutte le anime&nbsp;<\/em>in piazza Carlo Emanuele II (piazza Carlina);&nbsp;Marco Gastini,&nbsp;<em>L\u2019energia che unisce si espande nel blu<\/em>&nbsp;inGalleria Umberto I;&nbsp;Carmelo&nbsp;Giammello,&nbsp;<em>Planetario&nbsp;<\/em>in via Roma;&nbsp;<em>Azzurrogiallo&nbsp;<\/em>di&nbsp;Giorgio Griffa&nbsp;ai Giardini Sambuy di Piazza Carlo Felice;&nbsp;Jeppe Hein,&nbsp;<em>Illuminated Benches&nbsp;<\/em>in piazza Risorgimento;&nbsp;Rebecca Horn,&nbsp;<em>Piccoli spiriti blu&nbsp;<\/em>sul Monte dei Cappuccini;&nbsp;<em>Cultura=Capitale<\/em>&nbsp;di&nbsp;Alfredo Jaar&nbsp;sulla facciata del Museo Diffuso della Resistenza;&nbsp;Renato Leotta,&nbsp;<em>Io, sono nato qui.<\/em>&nbsp;in corso Spezia 70, sul tetto dell\u2019Ospedale Sant\u2019Anna;&nbsp;Mario Molinari,&nbsp;<em>Concerto di parole&nbsp;<\/em>inpiazza Polonia;&nbsp;Luigi Nervo,&nbsp;<em>Vento solare<\/em>&nbsp;inpiazzetta Mollino;<em>&nbsp;L\u2019amore non fa rumore<\/em>&nbsp;di&nbsp;Luca Pannoli&nbsp;resta di fronte alla Biblioteca Geisser.&nbsp;Michelangelo Pistoletto,&nbsp;<em>Amare le differenze&nbsp;<\/em>in piazza della Repubblica (facciata della Tettoia dell\u2019Orologio);&nbsp;<em>My Noon<\/em>&nbsp;di&nbsp;Tobias Rehberger&nbsp;in piazza Arbarello;&nbsp;<em>Noi<\/em>&nbsp;di&nbsp;Luigi Stoisa&nbsp;resta come lo scorso anno in via Po;&nbsp;Grazia Toderi, \u201c<em>\u2026?\u2026<\/em>\u201d in cima alla cupola della Basilica Mauriziana (visibile da Piazza della Repubblica) e&nbsp;Gilberto Zorio,&nbsp;<em>Luce Fontana Ruota&nbsp;<\/em>sul laghetto di Italia \u201961 (corso Unit\u00e0 d\u2019Italia).<\/p>\n<p><strong>INAUGURAZIONE DELLE NUOVE OPERE E ACCENSIONE DELLE LUCI<\/strong><\/p>\n<p>L\u2019inaugurazione di Luci d\u2019Artista 2024, in programma&nbsp;venerd\u00ec 25 ottobre, sar\u00e0 ancora una volta itinerante, per abbracciare luoghi diversi della citt\u00e0 e sar\u00e0 aperta a cittadine, cittadini e turisti.<\/p>\n<p>Primo appuntamento&nbsp;alle ore 18 in piazza Vittorio Veneto (angolo lungo Po Cadorna), dove la Banda musicale del Corpo di Polizia Locale della Citt\u00e0 di Torino intratterr\u00e0 il pubblico in attesa che scenda il buio, per consentire l\u2019accensione della prima nuova luce di questa edizione,&nbsp;<em>VR Man<\/em>&nbsp;di Andreas Angelidakis. Il tour far\u00e0 una seconda tappa&nbsp;alle 19.15&nbsp;in&nbsp;via Fanti 17, sede dell\u2019Unione Industriali di Torino, per concludersi alle 19.45 ai Giardini Sambuy di piazza Carlo Felice, lato via Roma, dove sar\u00e0 di nuovo la Banda del Corpo di Polizia Locale della Citt\u00e0 di Torino ad accompagnare l\u2019accensione della seconda nuova luce,&nbsp;<em>Scia\u2019Mano<\/em>, alla presenzadel Maestro&nbsp;Luigi Ontani. Ogni tappa prevede interventi delle istituzioni, degli artisti e dei partner di Luci d\u2019Artista.<\/p>\n<p><strong>LA NUOVA IMMAGINE GRAFICA E IL NUOVO LOGO DI LUCI D\u2019ARTISTA<\/strong><\/p>\n<p>Dopo il grande successo dell\u2019edizione passata, Luci d\u2019Artista sceglie la continuit\u00e0 per la propria grafica. Si rinnova la collaborazione con&nbsp;Studio Fludd&nbsp;(<a href=\"http:\/\/studiofludd.com\/\" target=\"_blank\" rel=\"noreferrer noopener\">studiofludd.com<\/a>), giovane studio di grafica torinese, che oltre all\u2019immagine correlata della manifestazione firma anche il primo logo di Luci d\u2019Artista.<\/p>\n<p>Per l\u2019immagine correlata Luci d\u2019Artista punta sulla riconoscibilit\u00e0 e declina il Visual dell\u2019edizione passata presentandone una variazione basata sul cambiamento del soggetto e della&nbsp;<em>palette colori<\/em>&nbsp;preponderante. Questo secondo step della collaborazione con Studio Fludd si presenta quasi in maniera cinematografica. L\u2019idea di una luce pura, cruda, che si materializza e prende corpo, fino a inoltrarsi nello spazio urbano, aprendo varchi e diventando veicolo puro di comunicazione, sembra essere catturata dal secondo frame di una pellicola, iniettando una componente narrativa nell\u2019evoluzione del volto di Luci d\u2019Artista. \u00c8 il dettaglio di una luce che potrebbe essere un neon, o un tubo led, e che riesce a farsi strada nella nostra citt\u00e0 creando nuove possibilit\u00e0 e nuovi spazi per l\u2019immaginazione. Come l\u2019anno scorso, la nuova immagine grafica \u00e8 in primis volta a comunicare l\u2019evoluzione di questo grande evento in una vera e propria istituzione di Arte Contemporanea.<\/p>\n<p>Nell\u2019ottica di renderla sempre pi\u00f9 riconoscibile quale istituzione culturale di livello non solo nazionale ma anche internazionale, la creazione di&nbsp;un logo che andasse al di l\u00e0 delle singole edizioni&nbsp;\u00e8 diventata una delle priorit\u00e0 curatoriali.<\/p>\n<p>Il nuovo logo \u00e8 stato quindi sviluppato in continuit\u00e0 con l\u2019identit\u00e0 visiva, nell\u2019intento di richiamare il tema della&nbsp;materialit\u00e0 della luce&nbsp;attraverso un&nbsp;bagliore&nbsp;che ne anima la superficie. \u00c8 stato elaborato un carattere tipografico chiaro e moderno, capace di conferire al logotipo un\u2019identit\u00e0 unica ed evocativa, caratterizzata da un impatto visivo forte e una spiccata riconoscibilit\u00e0. Per ampliare la versatilit\u00e0 e l\u2019immediatezza dell\u2019immagine coordinata, l\u2019identit\u00e0 di Luci d\u2019Artista \u00e8 arricchita da un monogramma coerente con il design complessivo. Un logo quindi che rappresenta il&nbsp;rapporto tra le arti e la luce, un nuovo segno che vuole essere trasversale alle tante attivit\u00e0 annuali comprese oggi in Luci d\u2019Artista.<\/p>\n<p><strong>IL SITO INTERNET DI LUCI D\u2019ARTISTA<\/strong><\/p>\n<p>L\u2019altra grande novit\u00e0 di questa edizione \u00e8 la presentazione del sito generale di Luci d\u2019Artista&nbsp;<strong><a href=\"http:\/\/lucidartistatorino.org\/\" target=\"_blank\" rel=\"noreferrer noopener\">lucidartistatorino.org<\/a><\/strong><\/p>\n<p>Negli anni, infatti, si sono susseguiti una serie di siti dedicati a raccontare le varie edizioni, mentre ora, per la prima volta nella storia di Luci d\u2019Artista, sar\u00e0 presentato un sito complessivo di tutta la manifestazione, della sua storia e di tutti i materiali che sono gi\u00e0 stati raccolti e che verranno raccolti in futuro. Il sito sar\u00e0 la \u201ccasa\u201d di Luci d\u2019Artista, il luogo che terr\u00e0 insieme questo inedito museo a cielo aperto, e in cui sar\u00e0 possibile consultare l\u2019archivio storico della manifestazione con tutti i materiali legati alle Luci, di cui \u00e8 iniziata la raccolta. Per una collezione che non possiede una sede fisica, si avr\u00e0 finalmente un luogo, seppur virtuale, in cui si potr\u00e0 ricostruire la storia di un progetto cos\u00ec importante per l\u2019arte contemporanea, non solo italiana, nello spazio pubblico. Il sito \u00e8 stato realizzato da una grande eccellenza torinese,&nbsp;Wedoo, azienda in grado di lavorare su scala globale collaborando con grandissimi brand e istituzioni e agli eventi pi\u00f9 prestigiosi.<\/p>\n<p>Una parte del sito \u00e8 dedicata alla 27esima edizione di Luci d\u2019Artista, in cui sar\u00e0 possibile trovare tutte le informazioni sulla manifestazione di quest\u2019anno e la mappa dei luoghi dove poter ammirare le Luci.<\/p>\n<p><strong>ACCADEMIA DELLA LUCE. Il&nbsp;<em>Public Program<\/em>&nbsp;di Luci d\u2019Artista<\/strong>&nbsp;\u2013&nbsp;<strong>Novembre 2024 \u2013 Giugno 2025<\/strong><\/p>\n<p>Accademia della Luce, il&nbsp;<em>Public Program<\/em>&nbsp;di Luci d\u2019Artista, nasce nel 2018 come programma didattico e di eventi rivolto alla cittadinanza torinese con lo scopo di rafforzare l\u2019inclusivit\u00e0 e allargare la platea dei fruitori. Nasce dalla necessit\u00e0 di un maggiore coinvolgimento dei torinesi, soprattutto degli abitanti delle circoscrizioni periferiche, sia rispetto a Luci d\u2019Artista sia nei confronti dell\u2019arte contemporanea. Sono state per questo messe in campo con grande partecipazione una serie di attivit\u00e0 educative curate dai&nbsp;Dipartimenti Educazione&nbsp;delle principali istituzioni torinesi dedicate all\u2019arte contemporanea in collaborazione con Luci d\u2019Artista. I musei torinesi coinvolti sono:&nbsp;Castello di Rivoli&nbsp;Museo d\u2019Arte Contemporanea,&nbsp;Fondazione Merz,&nbsp;Fondazione Sandretto Re Rebaudengo,&nbsp;GAM&nbsp;\u2013 Galleria Civica d\u2019Arte Moderna e Contemporanea,&nbsp;MAO&nbsp;Museo d\u2019Arte Orientale e&nbsp;PAV&nbsp;Parco Arte Vivente.<\/p>\n<p>Ma, importante novit\u00e0 della 27esima edizione di Luci d\u2019Artista, quest\u2019anno la collaborazione si allarga ad altre due grandi istituzioni espositive della citt\u00e0: il MAUTO \u2013 Museo Nazionale dell\u2019Automobile e OGR Torino.<\/p>\n<p>Arriviamo cos\u00ec a otto Dipartimenti Educazione, che promuoveranno occasioni di dibattito e azioni con le scuole del territorio cittadino, con le famiglie e con gli abitanti di tutte le circoscrizioni, proponendo progetti che&nbsp;prenderanno il via con l\u2019accensione delle Luci e proseguiranno nei mesi successivi.<\/p>\n<p>Accademia della Luce&nbsp;\u00e8 un fondamentale strumento di evoluzione di Luci d\u2019Artista. Anche quest\u2019anno un tema far\u00e0 da linea guida per tutta l\u2019edizione:&nbsp;\u201cLuce e gesto\u201d, e gli eventi, aperti a tutto il pubblico, saranno coordinati con una precisa visione curatoriale. Oltre alle proposte educative gestite autonomamente dai Dipartimenti Educazione, e continuando il&nbsp;superamento dei classici confini invernali e natalizi di Luci d\u2019Artista,si affiancheranno una serie di importanti eventi: domenica 3 novembre alle ore 15, all\u2019interno di&nbsp;Artissima, si terr\u00e0 la conversazione tra Andreas Angelidakis e Antonio Grulli, in cui si parler\u00e0 della nuova Luce progettata dell\u2019artista greco. inoltre nel mese di gennaio 2025 avr\u00e0 luogo negli spazi della&nbsp;GAM&nbsp;una&nbsp;conferenza sull\u2019opera di uno dei due autori delle nuove Luci, il Maestro Luigi Ontani, per parlare della sua carriera, che l\u2019ha portato a raggiungere i vertici dell\u2019arte globale, e della Luce da lui ideata prendendo ispirazione dalla citt\u00e0 di Torino.<\/p>\n<p>L\u2019intero programma di Accademia della Luce, come per l\u2019edizione passata, si concluder\u00e0 con un grande evento durante il solstizio d\u2019estate,&nbsp;il 21 giugno 2025, in cui sar\u00e0 coinvolto un gruppo di performer internazionali a cui sar\u00e0 chiesto di lavorare attorno al tema della Luce.<\/p>\n<p>Anche quest\u2019anno,&nbsp;grazie alla collaborazione di&nbsp;City Sightseeing Torino,&nbsp;saranno realizzate iniziative speciali dedicate alle famiglie, per scoprire la collezione di Luci d\u2019Artista e rafforzare il senso di appartenenza alla Citt\u00e0 e, in particolare, al proprio territorio, favorendo una maggiore fruibilit\u00e0 del patrimonio artistico collocato nello spazio pubblico.<\/p>\n<p>Per la seconda volta vengono inoltre proposti, in collaborazione con&nbsp;Metrotrail,&nbsp;quattro itinerari di trekking urbano che abbinano Natura e Luci d\u2019Artista 27, per un&nbsp;<em>Public Program<\/em>&nbsp;sempre pi\u00f9 ecologico e sostenibile. Una guida escursionistica ambientale accompagner\u00e0 i visitatori a scoprire ambienti ecologicamente rilevanti a Torino \u2013 come fiumi, parchi, giardini e semplici aiuole \u2013 percorrendo impensabili sentieri verdi urbani, punteggiati dalle installazioni di Luci d\u2019Artista. La silente fauna notturna dei fiumi far\u00e0 da contrasto con le luci stesse e la vita della citt\u00e0; alberi monumentali e giardini segreti segneranno la riscossa della Natura sulla metropoli.&nbsp;<\/p>\n<p>Le camminate, lunghe indicativamente dai sei ai sette chilometri, dureranno circa due ore e mezza. Per costi, itinerari e modalit\u00e0 di prenotazione:&nbsp;<a href=\"http:\/\/lucidartistatorino.org\/\" target=\"_blank\" rel=\"noreferrer noopener\">lucidartistatorino.org<\/a>&nbsp;e&nbsp;<a href=\"http:\/\/www.metrotrail.it\/luci-dartista\" target=\"_blank\" rel=\"noreferrer noopener\">www.metrotrail.it\/luci-dartista<\/a>.<\/p>\n<p><strong>ELENCO LUCI D\u2019ARTISTA 27<\/strong><\/p>\n<p>1.&nbsp;&nbsp;&nbsp;&nbsp;Mario&nbsp;<strong>AIRO\u2019<\/strong>&nbsp;\u2013&nbsp;<em>Cosmometrie&nbsp;<\/em>\u2013 Piazza Carignano<\/p>\n<p>2.&nbsp;&nbsp;&nbsp;&nbsp;Andreas&nbsp;<strong>ANGELIDAKIS<\/strong>&nbsp;\u2013&nbsp;<em>VR Man<\/em>&nbsp;\u2013 Piazza Vittorio Veneto \u2013&nbsp;<strong>Nuova Luce 27<sup>a<\/sup>&nbsp;edizione<\/strong><\/p>\n<p>3.&nbsp;&nbsp;&nbsp;&nbsp;Giovanni&nbsp;<strong>ANSELMO<\/strong>&nbsp;\u2013&nbsp;<em>Orizzonti<\/em>&nbsp;\u2013 Piazza Carlo Alberto<\/p>\n<p>4.&nbsp;&nbsp;&nbsp;&nbsp;Vasco&nbsp;<strong>ARE<\/strong>&nbsp;\u2013&nbsp;<em>Vele di Natale&nbsp;<\/em>\u2013 Piazza Bodoni<\/p>\n<p>5.&nbsp;&nbsp;&nbsp;&nbsp;Valerio&nbsp;<strong>BERRUTI<\/strong>&nbsp;\u2013&nbsp;<em>Ancora una volta&nbsp;<\/em>\u2013 Via Monferrato<\/p>\n<p>6.&nbsp;&nbsp;&nbsp;&nbsp;Daniel&nbsp;<strong>BUREN<\/strong>&nbsp;\u2013&nbsp;<em>Tappeto Volante<\/em>&nbsp;\u2013 Piazza Palazzo di Citt\u00e0<\/p>\n<p>7.&nbsp;&nbsp;&nbsp;&nbsp;Francesco&nbsp;<strong>CASORATI<\/strong>&nbsp;\u2013&nbsp;<em>Volo su \u2026&nbsp;<\/em>\u2013 Via Lagrange \u2013&nbsp;<strong>ricollocazione<\/strong><\/p>\n<p>8.&nbsp;&nbsp;&nbsp;&nbsp;Nicola&nbsp;<strong>DE MARIA<\/strong>&nbsp;\u2013&nbsp;<em>Regno dei fiori: nido cosmico di tutte le anime&nbsp;<\/em>\u2013Piazza Carlo Emanuele II<\/p>\n<p>9.&nbsp;&nbsp;&nbsp;&nbsp;Marco&nbsp;<strong>GASTINI<\/strong>&nbsp;\u2013&nbsp;<em>L\u2019energia che unisce si espande nel blu&nbsp;<\/em>\u2013 Galleria Umberto I<\/p>\n<p>10.&nbsp;&nbsp;Carmelo&nbsp;<strong>GIAMMELLO<\/strong>&nbsp;\u2013&nbsp;<em>Planetario&nbsp;<\/em>\u2013 Via Roma<\/p>\n<p>11.&nbsp;&nbsp;Giorgio&nbsp;<strong>GRIFFA<\/strong>&nbsp;\u2013&nbsp;<em>AZZURROGIALLO<\/em>&nbsp;\u2013 Giardini Sambuy<\/p>\n<p>12.&nbsp;&nbsp;Jeppe&nbsp;<strong>HEIN<\/strong>&nbsp;\u2013&nbsp;<em>Illuminated Benches&nbsp;<\/em>\u2013 Piazza Risorgimento<\/p>\n<p>13.&nbsp;&nbsp;Rebecca&nbsp;<strong>HORN&nbsp;<\/strong>\u2013&nbsp;<em>Piccoli spiriti blu&nbsp;<\/em>\u2013 Monte dei Cappuccini<\/p>\n<p>14.&nbsp;&nbsp;Alfredo&nbsp;<strong>JAAR<\/strong>&nbsp;\u2013&nbsp;<em>Cultura=Capitale&nbsp;<\/em>\u2013 Museo della Resistenza<\/p>\n<p>15.&nbsp;&nbsp;Renato&nbsp;<strong>LEOTTA<\/strong>&nbsp;\u2013&nbsp;<em>Io, sono nato qui.&nbsp;<\/em>\u2013 Corso Spezia 70, tetto Ospedale Sant\u2019Anna<\/p>\n<p>16.&nbsp;&nbsp;Luigi&nbsp;<strong>MAINOLFI<\/strong>&nbsp;\u2013&nbsp;<em>Lu\u00ec e l\u2019arte di andare nel bosco&nbsp;<\/em>\u2013 Via Carlo Alberto \u2013&nbsp;<strong>ricollocazione<\/strong><\/p>\n<p>17.&nbsp;&nbsp;Mario&nbsp;<strong>MERZ&nbsp;<\/strong>\u2013&nbsp;<em>Il volo dei numeri&nbsp;<\/em>\u2013 Mole Antonelliana<\/p>\n<p>18.&nbsp;&nbsp;Mario&nbsp;<strong>MOLINARI<\/strong>&nbsp;\u2013&nbsp;<em>Concerto di parole&nbsp;<\/em>\u2013 area verde di Piazza Polonia<\/p>\n<p>19.&nbsp;&nbsp;Luigi&nbsp;<strong>NERVO<\/strong>&nbsp;\u2013&nbsp;<em>Vento solare&nbsp;<\/em>\u2013 Piazzetta Mollino<\/p>\n<p>20.&nbsp;&nbsp;Luigi&nbsp;<strong>ONTANI&nbsp;<\/strong>\u2013&nbsp;<em>Scia\u2019Mano<\/em>&nbsp;\u2013 Giardini Sambuy \u2013&nbsp;<strong>Nuova Luce 27<sup>a<\/sup>&nbsp;edizione<\/strong><\/p>\n<p>21.&nbsp;&nbsp;Luca&nbsp;<strong>PANNOLI<\/strong>&nbsp;\u2013&nbsp;<em>L\u2019amore non fa rumore&nbsp;<\/em>\u2013 Parco Michelotti, fronte Biblioteca Geisser<\/p>\n<p>22.&nbsp;&nbsp;Giulio&nbsp;<strong>PAOLINI<\/strong>&nbsp;\u2013&nbsp;<em>Palomar&nbsp;<\/em>\u2013 via Garibaldi \u2013&nbsp;<strong>ricollocazione<\/strong><\/p>\n<p>23.&nbsp;&nbsp;Michelangelo&nbsp;<strong>PISTOLETTO<\/strong>&nbsp;\u2013&nbsp;<em>Amare le differenze&nbsp;<\/em>\u2013 Piazza della Repubblica, Tettoia Orologio<\/p>\n<p>24.&nbsp;&nbsp;Tobias&nbsp;<strong>REHBERGER<\/strong>&nbsp;\u2013&nbsp;<em>My Noon&nbsp;<\/em>\u2013 Piazza Arbarello<\/p>\n<p>25.&nbsp;&nbsp;Vanessa&nbsp;<strong>SAFAVI<\/strong>&nbsp;\u2013&nbsp;<em>Ice Cream Light&nbsp;<\/em>\u2013 Largo Montebello \u2013&nbsp;<strong>ricollocazione<\/strong><\/p>\n<p>26.&nbsp;&nbsp;Luigi&nbsp;<strong>STOISA<\/strong>&nbsp;\u2013&nbsp;<em>Noi&nbsp;<\/em>\u2013 Via Po<\/p>\n<p>27.&nbsp;&nbsp;Grazia&nbsp;<strong>TODERI<\/strong>&nbsp;\u2013&nbsp;<em>\u2026?\u2026<\/em>&nbsp;\u2013 Cupola della Basilica Mauriziana (via della Basilica angolo via Milano)<\/p>\n<p>28.&nbsp;&nbsp;Gilberto&nbsp;<strong>ZORIO<\/strong>&nbsp;\u2013&nbsp;<em>Luce Fontana Ruota&nbsp;<\/em>\u2013 opera permanente Laghetto Italia \u201961 (corso Unit\u00e0 d\u2019Italia)<\/p>\n","protected":false},"excerpt":{"rendered":"<p>Venerd\u00ec 25 ottobre dalle ore 18:00, con la prima accensione, Torino torna a illuminarsi e trasforma ancora una volta il suo cielo con installazioni luminose di grandi artisti pensate per lo spazio pubblico. Anche per questa edizione la&nbsp;Fondazione Torino Musei&nbsp;\u00e8 stata incaricata dalla&nbsp;Citt\u00e0 di Torino, nell\u2019ambito della sua missione istituzionale, a operare per la valorizzazione [&hellip;]<\/p>\n","protected":false},"author":1,"featured_media":0,"comment_status":"closed","ping_status":"open","sticky":false,"template":"","format":"standard","meta":{"ngg_post_thumbnail":0},"categories":[54,1],"tags":[],"_links":{"self":[{"href":"http:\/\/www.spaziotorino.it\/scatto\/index.php?rest_route=\/wp\/v2\/posts\/52420"}],"collection":[{"href":"http:\/\/www.spaziotorino.it\/scatto\/index.php?rest_route=\/wp\/v2\/posts"}],"about":[{"href":"http:\/\/www.spaziotorino.it\/scatto\/index.php?rest_route=\/wp\/v2\/types\/post"}],"author":[{"embeddable":true,"href":"http:\/\/www.spaziotorino.it\/scatto\/index.php?rest_route=\/wp\/v2\/users\/1"}],"replies":[{"embeddable":true,"href":"http:\/\/www.spaziotorino.it\/scatto\/index.php?rest_route=%2Fwp%2Fv2%2Fcomments&post=52420"}],"version-history":[{"count":1,"href":"http:\/\/www.spaziotorino.it\/scatto\/index.php?rest_route=\/wp\/v2\/posts\/52420\/revisions"}],"predecessor-version":[{"id":52422,"href":"http:\/\/www.spaziotorino.it\/scatto\/index.php?rest_route=\/wp\/v2\/posts\/52420\/revisions\/52422"}],"wp:attachment":[{"href":"http:\/\/www.spaziotorino.it\/scatto\/index.php?rest_route=%2Fwp%2Fv2%2Fmedia&parent=52420"}],"wp:term":[{"taxonomy":"category","embeddable":true,"href":"http:\/\/www.spaziotorino.it\/scatto\/index.php?rest_route=%2Fwp%2Fv2%2Fcategories&post=52420"},{"taxonomy":"post_tag","embeddable":true,"href":"http:\/\/www.spaziotorino.it\/scatto\/index.php?rest_route=%2Fwp%2Fv2%2Ftags&post=52420"}],"curies":[{"name":"wp","href":"https:\/\/api.w.org\/{rel}","templated":true}]}}