{"id":52440,"date":"2024-10-24T21:48:02","date_gmt":"2024-10-24T20:48:02","guid":{"rendered":"http:\/\/www.spaziotorino.it\/scatto\/?p=52440"},"modified":"2024-10-24T21:48:02","modified_gmt":"2024-10-24T20:48:02","slug":"amata-da-torinesi-e-turisti-torino-chiama-a-raccolta-enti-e-associazioni-per-costruire-il-suo-nuovo-city-brand","status":"publish","type":"post","link":"http:\/\/www.spaziotorino.it\/scatto\/?p=52440","title":{"rendered":"Amata da torinesi e turisti, Torino chiama a raccolta enti e associazioni per costruire il suo nuovo city brand"},"content":{"rendered":"<p><a class=\"ngg-fancybox\" title=\"Amata da torinesi e turisti, Torino chiama a raccolta enti e associazioni per costruire il suo nuovo city brand\" href=\"http:\/\/www.spaziotorino.it\/scatto\/wp-content\/gallery\/2024_10_24_branding\/PLA_2229.jpg\" rel=\"lightbox[set_2330]\"><br \/>\n<img decoding=\"async\" loading=\"lazy\" class=\"ngg-singlepic\" title=\"Amata da torinesi e turisti, Torino chiama a raccolta enti e associazioni per costruire il suo nuovo city brand\" src=\"http:\/\/www.spaziotorino.it\/scatto\/wp-content\/gallery\/2024_10_24_branding\/PLA_2229.jpg\" alt=\"\" width=\"540\" height=\"360\"\/><\/a><\/p>\n<!-- index.php -->\n<div\n\tclass=\"ngg-galleryoverview ngg-ajax-pagination-none\"\n\tid=\"ngg-gallery-a68f253810353b12d266c989572feab0-1\">\n\n    \t\t<!-- Thumbnails -->\n\t\t\t\t<div id=\"ngg-image-0\" class=\"ngg-gallery-thumbnail-box\" >\n\t\t\t\t        <div class=\"ngg-gallery-thumbnail\">\n            <a href=\"http:\/\/www.spaziotorino.it\/scatto\/wp-content\/gallery\/2024_10_24_branding\/PLA_2039.jpg\"\n               title=\"City Branding della Citt\u00e0 di Torino\"\n               data-src=\"http:\/\/www.spaziotorino.it\/scatto\/wp-content\/gallery\/2024_10_24_branding\/PLA_2039.jpg\"\n               data-thumbnail=\"http:\/\/www.spaziotorino.it\/scatto\/wp-content\/gallery\/2024_10_24_branding\/thumbs\/thumbs_PLA_2039.jpg\"\n               data-image-id=\"34288\"\n               data-title=\"City Branding della Citt\u00e0 di Torino\"\n               data-description=\"City Branding della Citt\u00e0 di Torino\"\n               data-image-slug=\"pla_2039\"\n               class=\"ngg-fancybox\" rel=\"a68f253810353b12d266c989572feab0\">\n                <img\n                    title=\"City Branding della Citt\u00e0 di Torino\"\n                    alt=\"City Branding della Citt\u00e0 di Torino\"\n                    src=\"http:\/\/www.spaziotorino.it\/scatto\/wp-content\/gallery\/2024_10_24_branding\/cache\/PLA_2039.jpg-nggid0534288-ngg0dyn-60x60x100-00f0w010c011r110f110r010t010.jpg\"\n                    width=\"60\"\n                    height=\"60\"\n                    style=\"max-width:100%;\"\n                \/>\n            <\/a>\n        <\/div>\n\t\t\t\t\t\t\t<\/div> \n\t\t\t\n        \n\t\t\t\t<div id=\"ngg-image-1\" class=\"ngg-gallery-thumbnail-box\" >\n\t\t\t\t        <div class=\"ngg-gallery-thumbnail\">\n            <a href=\"http:\/\/www.spaziotorino.it\/scatto\/wp-content\/gallery\/2024_10_24_branding\/PLA_2041.jpg\"\n               title=\"City Branding della Citt\u00e0 di Torino\"\n               data-src=\"http:\/\/www.spaziotorino.it\/scatto\/wp-content\/gallery\/2024_10_24_branding\/PLA_2041.jpg\"\n               data-thumbnail=\"http:\/\/www.spaziotorino.it\/scatto\/wp-content\/gallery\/2024_10_24_branding\/thumbs\/thumbs_PLA_2041.jpg\"\n               data-image-id=\"34290\"\n               data-title=\"City Branding della Citt\u00e0 di Torino\"\n               data-description=\"City Branding della Citt\u00e0 di Torino\"\n               data-image-slug=\"pla_2041\"\n               class=\"ngg-fancybox\" rel=\"a68f253810353b12d266c989572feab0\">\n                <img\n                    title=\"City Branding della Citt\u00e0 di Torino\"\n                    alt=\"City Branding della Citt\u00e0 di Torino\"\n                    src=\"http:\/\/www.spaziotorino.it\/scatto\/wp-content\/gallery\/2024_10_24_branding\/cache\/PLA_2041.jpg-nggid0534290-ngg0dyn-60x60x100-00f0w010c011r110f110r010t010.jpg\"\n                    width=\"60\"\n                    height=\"60\"\n                    style=\"max-width:100%;\"\n                \/>\n            <\/a>\n        <\/div>\n\t\t\t\t\t\t\t<\/div> \n\t\t\t\n        \n\t\t\t\t<div id=\"ngg-image-2\" class=\"ngg-gallery-thumbnail-box\" >\n\t\t\t\t        <div class=\"ngg-gallery-thumbnail\">\n            <a href=\"http:\/\/www.spaziotorino.it\/scatto\/wp-content\/gallery\/2024_10_24_branding\/PLA_2068.jpg\"\n               title=\"City Branding della Citt\u00e0 di Torino\"\n               data-src=\"http:\/\/www.spaziotorino.it\/scatto\/wp-content\/gallery\/2024_10_24_branding\/PLA_2068.jpg\"\n               data-thumbnail=\"http:\/\/www.spaziotorino.it\/scatto\/wp-content\/gallery\/2024_10_24_branding\/thumbs\/thumbs_PLA_2068.jpg\"\n               data-image-id=\"34289\"\n               data-title=\"City Branding della Citt\u00e0 di Torino\"\n               data-description=\"City Branding della Citt\u00e0 di Torino\"\n               data-image-slug=\"pla_2068-1\"\n               class=\"ngg-fancybox\" rel=\"a68f253810353b12d266c989572feab0\">\n                <img\n                    title=\"City Branding della Citt\u00e0 di Torino\"\n                    alt=\"City Branding della Citt\u00e0 di Torino\"\n                    src=\"http:\/\/www.spaziotorino.it\/scatto\/wp-content\/gallery\/2024_10_24_branding\/cache\/PLA_2068.jpg-nggid0534289-ngg0dyn-60x60x100-00f0w010c011r110f110r010t010.jpg\"\n                    width=\"60\"\n                    height=\"60\"\n                    style=\"max-width:100%;\"\n                \/>\n            <\/a>\n        <\/div>\n\t\t\t\t\t\t\t<\/div> \n\t\t\t\n        \n\t\t\t\t<div id=\"ngg-image-3\" class=\"ngg-gallery-thumbnail-box\" >\n\t\t\t\t        <div class=\"ngg-gallery-thumbnail\">\n            <a href=\"http:\/\/www.spaziotorino.it\/scatto\/wp-content\/gallery\/2024_10_24_branding\/PLA_2079.jpg\"\n               title=\"City Branding della Citt\u00e0 di Torino\"\n               data-src=\"http:\/\/www.spaziotorino.it\/scatto\/wp-content\/gallery\/2024_10_24_branding\/PLA_2079.jpg\"\n               data-thumbnail=\"http:\/\/www.spaziotorino.it\/scatto\/wp-content\/gallery\/2024_10_24_branding\/thumbs\/thumbs_PLA_2079.jpg\"\n               data-image-id=\"34291\"\n               data-title=\"City Branding della Citt\u00e0 di Torino\"\n               data-description=\"City Branding della Citt\u00e0 di Torino\"\n               data-image-slug=\"pla_2079-1\"\n               class=\"ngg-fancybox\" rel=\"a68f253810353b12d266c989572feab0\">\n                <img\n                    title=\"City Branding della Citt\u00e0 di Torino\"\n                    alt=\"City Branding della Citt\u00e0 di Torino\"\n                    src=\"http:\/\/www.spaziotorino.it\/scatto\/wp-content\/gallery\/2024_10_24_branding\/cache\/PLA_2079.jpg-nggid0534291-ngg0dyn-60x60x100-00f0w010c011r110f110r010t010.jpg\"\n                    width=\"60\"\n                    height=\"60\"\n                    style=\"max-width:100%;\"\n                \/>\n            <\/a>\n        <\/div>\n\t\t\t\t\t\t\t<\/div> \n\t\t\t\n        \n\t\t\t\t<div id=\"ngg-image-4\" class=\"ngg-gallery-thumbnail-box\" >\n\t\t\t\t        <div class=\"ngg-gallery-thumbnail\">\n            <a href=\"http:\/\/www.spaziotorino.it\/scatto\/wp-content\/gallery\/2024_10_24_branding\/PLA_2223.jpg\"\n               title=\"City Branding della Citt\u00e0 di Torino\"\n               data-src=\"http:\/\/www.spaziotorino.it\/scatto\/wp-content\/gallery\/2024_10_24_branding\/PLA_2223.jpg\"\n               data-thumbnail=\"http:\/\/www.spaziotorino.it\/scatto\/wp-content\/gallery\/2024_10_24_branding\/thumbs\/thumbs_PLA_2223.jpg\"\n               data-image-id=\"34294\"\n               data-title=\"City Branding della Citt\u00e0 di Torino\"\n               data-description=\"City Branding della Citt\u00e0 di Torino\"\n               data-image-slug=\"pla_2223-2\"\n               class=\"ngg-fancybox\" rel=\"a68f253810353b12d266c989572feab0\">\n                <img\n                    title=\"City Branding della Citt\u00e0 di Torino\"\n                    alt=\"City Branding della Citt\u00e0 di Torino\"\n                    src=\"http:\/\/www.spaziotorino.it\/scatto\/wp-content\/gallery\/2024_10_24_branding\/cache\/PLA_2223.jpg-nggid0534294-ngg0dyn-60x60x100-00f0w010c011r110f110r010t010.jpg\"\n                    width=\"60\"\n                    height=\"60\"\n                    style=\"max-width:100%;\"\n                \/>\n            <\/a>\n        <\/div>\n\t\t\t\t\t\t\t<\/div> \n\t\t\t\n        \n\t\t\t\t<div id=\"ngg-image-5\" class=\"ngg-gallery-thumbnail-box\" >\n\t\t\t\t        <div class=\"ngg-gallery-thumbnail\">\n            <a href=\"http:\/\/www.spaziotorino.it\/scatto\/wp-content\/gallery\/2024_10_24_branding\/PLA_2119.jpg\"\n               title=\"City Branding della Citt\u00e0 di Torino\"\n               data-src=\"http:\/\/www.spaziotorino.it\/scatto\/wp-content\/gallery\/2024_10_24_branding\/PLA_2119.jpg\"\n               data-thumbnail=\"http:\/\/www.spaziotorino.it\/scatto\/wp-content\/gallery\/2024_10_24_branding\/thumbs\/thumbs_PLA_2119.jpg\"\n               data-image-id=\"34292\"\n               data-title=\"City Branding della Citt\u00e0 di Torino\"\n               data-description=\"City Branding della Citt\u00e0 di Torino\"\n               data-image-slug=\"pla_2119-2\"\n               class=\"ngg-fancybox\" rel=\"a68f253810353b12d266c989572feab0\">\n                <img\n                    title=\"City Branding della Citt\u00e0 di Torino\"\n                    alt=\"City Branding della Citt\u00e0 di Torino\"\n                    src=\"http:\/\/www.spaziotorino.it\/scatto\/wp-content\/gallery\/2024_10_24_branding\/cache\/PLA_2119.jpg-nggid0534292-ngg0dyn-60x60x100-00f0w010c011r110f110r010t010.jpg\"\n                    width=\"60\"\n                    height=\"60\"\n                    style=\"max-width:100%;\"\n                \/>\n            <\/a>\n        <\/div>\n\t\t\t\t\t\t\t<\/div> \n\t\t\t\n        \n\t\t\t\t<div id=\"ngg-image-6\" class=\"ngg-gallery-thumbnail-box\" >\n\t\t\t\t        <div class=\"ngg-gallery-thumbnail\">\n            <a href=\"http:\/\/www.spaziotorino.it\/scatto\/wp-content\/gallery\/2024_10_24_branding\/PLA_2110.jpg\"\n               title=\"City Branding della Citt\u00e0 di Torino\"\n               data-src=\"http:\/\/www.spaziotorino.it\/scatto\/wp-content\/gallery\/2024_10_24_branding\/PLA_2110.jpg\"\n               data-thumbnail=\"http:\/\/www.spaziotorino.it\/scatto\/wp-content\/gallery\/2024_10_24_branding\/thumbs\/thumbs_PLA_2110.jpg\"\n               data-image-id=\"34293\"\n               data-title=\"City Branding della Citt\u00e0 di Torino\"\n               data-description=\"City Branding della Citt\u00e0 di Torino\"\n               data-image-slug=\"pla_2110-1\"\n               class=\"ngg-fancybox\" rel=\"a68f253810353b12d266c989572feab0\">\n                <img\n                    title=\"City Branding della Citt\u00e0 di Torino\"\n                    alt=\"City Branding della Citt\u00e0 di Torino\"\n                    src=\"http:\/\/www.spaziotorino.it\/scatto\/wp-content\/gallery\/2024_10_24_branding\/cache\/PLA_2110.jpg-nggid0534293-ngg0dyn-60x60x100-00f0w010c011r110f110r010t010.jpg\"\n                    width=\"60\"\n                    height=\"60\"\n                    style=\"max-width:100%;\"\n                \/>\n            <\/a>\n        <\/div>\n\t\t\t\t\t\t\t<\/div> \n\t\t\t\n        \n\t\t\t\t<div id=\"ngg-image-7\" class=\"ngg-gallery-thumbnail-box\" >\n\t\t\t\t        <div class=\"ngg-gallery-thumbnail\">\n            <a href=\"http:\/\/www.spaziotorino.it\/scatto\/wp-content\/gallery\/2024_10_24_branding\/PLA_2146.jpg\"\n               title=\"City Branding della Citt\u00e0 di Torino\"\n               data-src=\"http:\/\/www.spaziotorino.it\/scatto\/wp-content\/gallery\/2024_10_24_branding\/PLA_2146.jpg\"\n               data-thumbnail=\"http:\/\/www.spaziotorino.it\/scatto\/wp-content\/gallery\/2024_10_24_branding\/thumbs\/thumbs_PLA_2146.jpg\"\n               data-image-id=\"34295\"\n               data-title=\"City Branding della Citt\u00e0 di Torino\"\n               data-description=\"City Branding della Citt\u00e0 di Torino\"\n               data-image-slug=\"pla_2146\"\n               class=\"ngg-fancybox\" rel=\"a68f253810353b12d266c989572feab0\">\n                <img\n                    title=\"City Branding della Citt\u00e0 di Torino\"\n                    alt=\"City Branding della Citt\u00e0 di Torino\"\n                    src=\"http:\/\/www.spaziotorino.it\/scatto\/wp-content\/gallery\/2024_10_24_branding\/cache\/PLA_2146.jpg-nggid0534295-ngg0dyn-60x60x100-00f0w010c011r110f110r010t010.jpg\"\n                    width=\"60\"\n                    height=\"60\"\n                    style=\"max-width:100%;\"\n                \/>\n            <\/a>\n        <\/div>\n\t\t\t\t\t\t\t<\/div> \n\t\t\t\n        \n\t\t\t\t<div id=\"ngg-image-8\" class=\"ngg-gallery-thumbnail-box\" >\n\t\t\t\t        <div class=\"ngg-gallery-thumbnail\">\n            <a href=\"http:\/\/www.spaziotorino.it\/scatto\/wp-content\/gallery\/2024_10_24_branding\/PLA_2175.jpg\"\n               title=\"City Branding della Citt\u00e0 di Torino\"\n               data-src=\"http:\/\/www.spaziotorino.it\/scatto\/wp-content\/gallery\/2024_10_24_branding\/PLA_2175.jpg\"\n               data-thumbnail=\"http:\/\/www.spaziotorino.it\/scatto\/wp-content\/gallery\/2024_10_24_branding\/thumbs\/thumbs_PLA_2175.jpg\"\n               data-image-id=\"34299\"\n               data-title=\"City Branding della Citt\u00e0 di Torino\"\n               data-description=\"City Branding della Citt\u00e0 di Torino\"\n               data-image-slug=\"pla_2175\"\n               class=\"ngg-fancybox\" rel=\"a68f253810353b12d266c989572feab0\">\n                <img\n                    title=\"City Branding della Citt\u00e0 di Torino\"\n                    alt=\"City Branding della Citt\u00e0 di Torino\"\n                    src=\"http:\/\/www.spaziotorino.it\/scatto\/wp-content\/gallery\/2024_10_24_branding\/cache\/PLA_2175.jpg-nggid0534299-ngg0dyn-60x60x100-00f0w010c011r110f110r010t010.jpg\"\n                    width=\"60\"\n                    height=\"60\"\n                    style=\"max-width:100%;\"\n                \/>\n            <\/a>\n        <\/div>\n\t\t\t\t\t\t\t<\/div> \n\t\t\t\n        \n\t\t\t\t<div id=\"ngg-image-9\" class=\"ngg-gallery-thumbnail-box\" >\n\t\t\t\t        <div class=\"ngg-gallery-thumbnail\">\n            <a href=\"http:\/\/www.spaziotorino.it\/scatto\/wp-content\/gallery\/2024_10_24_branding\/PLA_2239.jpg\"\n               title=\"City Branding della Citt\u00e0 di Torino\"\n               data-src=\"http:\/\/www.spaziotorino.it\/scatto\/wp-content\/gallery\/2024_10_24_branding\/PLA_2239.jpg\"\n               data-thumbnail=\"http:\/\/www.spaziotorino.it\/scatto\/wp-content\/gallery\/2024_10_24_branding\/thumbs\/thumbs_PLA_2239.jpg\"\n               data-image-id=\"34296\"\n               data-title=\"City Branding della Citt\u00e0 di Torino\"\n               data-description=\"City Branding della Citt\u00e0 di Torino\"\n               data-image-slug=\"pla_2239-3\"\n               class=\"ngg-fancybox\" rel=\"a68f253810353b12d266c989572feab0\">\n                <img\n                    title=\"City Branding della Citt\u00e0 di Torino\"\n                    alt=\"City Branding della Citt\u00e0 di Torino\"\n                    src=\"http:\/\/www.spaziotorino.it\/scatto\/wp-content\/gallery\/2024_10_24_branding\/cache\/PLA_2239.jpg-nggid0534296-ngg0dyn-60x60x100-00f0w010c011r110f110r010t010.jpg\"\n                    width=\"60\"\n                    height=\"60\"\n                    style=\"max-width:100%;\"\n                \/>\n            <\/a>\n        <\/div>\n\t\t\t\t\t\t\t<\/div> \n\t\t\t\n        \n\t\t\t\t<div id=\"ngg-image-10\" class=\"ngg-gallery-thumbnail-box\" >\n\t\t\t\t        <div class=\"ngg-gallery-thumbnail\">\n            <a href=\"http:\/\/www.spaziotorino.it\/scatto\/wp-content\/gallery\/2024_10_24_branding\/PLA_2260.jpg\"\n               title=\"City Branding della Citt\u00e0 di Torino\"\n               data-src=\"http:\/\/www.spaziotorino.it\/scatto\/wp-content\/gallery\/2024_10_24_branding\/PLA_2260.jpg\"\n               data-thumbnail=\"http:\/\/www.spaziotorino.it\/scatto\/wp-content\/gallery\/2024_10_24_branding\/thumbs\/thumbs_PLA_2260.jpg\"\n               data-image-id=\"34297\"\n               data-title=\"City Branding della Citt\u00e0 di Torino\"\n               data-description=\"City Branding della Citt\u00e0 di Torino\"\n               data-image-slug=\"pla_2260-3\"\n               class=\"ngg-fancybox\" rel=\"a68f253810353b12d266c989572feab0\">\n                <img\n                    title=\"City Branding della Citt\u00e0 di Torino\"\n                    alt=\"City Branding della Citt\u00e0 di Torino\"\n                    src=\"http:\/\/www.spaziotorino.it\/scatto\/wp-content\/gallery\/2024_10_24_branding\/cache\/PLA_2260.jpg-nggid0534297-ngg0dyn-60x60x100-00f0w010c011r110f110r010t010.jpg\"\n                    width=\"60\"\n                    height=\"60\"\n                    style=\"max-width:100%;\"\n                \/>\n            <\/a>\n        <\/div>\n\t\t\t\t\t\t\t<\/div> \n\t\t\t\n        \n\t\t\t\t<div id=\"ngg-image-11\" class=\"ngg-gallery-thumbnail-box\" >\n\t\t\t\t        <div class=\"ngg-gallery-thumbnail\">\n            <a href=\"http:\/\/www.spaziotorino.it\/scatto\/wp-content\/gallery\/2024_10_24_branding\/PLA_2315.jpg\"\n               title=\"City Branding della Citt\u00e0 di Torino\"\n               data-src=\"http:\/\/www.spaziotorino.it\/scatto\/wp-content\/gallery\/2024_10_24_branding\/PLA_2315.jpg\"\n               data-thumbnail=\"http:\/\/www.spaziotorino.it\/scatto\/wp-content\/gallery\/2024_10_24_branding\/thumbs\/thumbs_PLA_2315.jpg\"\n               data-image-id=\"34300\"\n               data-title=\"City Branding della Citt\u00e0 di Torino\"\n               data-description=\"City Branding della Citt\u00e0 di Torino\"\n               data-image-slug=\"pla_2315-1\"\n               class=\"ngg-fancybox\" rel=\"a68f253810353b12d266c989572feab0\">\n                <img\n                    title=\"City Branding della Citt\u00e0 di Torino\"\n                    alt=\"City Branding della Citt\u00e0 di Torino\"\n                    src=\"http:\/\/www.spaziotorino.it\/scatto\/wp-content\/gallery\/2024_10_24_branding\/cache\/PLA_2315.jpg-nggid0534300-ngg0dyn-60x60x100-00f0w010c011r110f110r010t010.jpg\"\n                    width=\"60\"\n                    height=\"60\"\n                    style=\"max-width:100%;\"\n                \/>\n            <\/a>\n        <\/div>\n\t\t\t\t\t\t\t<\/div> \n\t\t\t\n        \n\t\t\t\t<div id=\"ngg-image-12\" class=\"ngg-gallery-thumbnail-box\" >\n\t\t\t\t        <div class=\"ngg-gallery-thumbnail\">\n            <a href=\"http:\/\/www.spaziotorino.it\/scatto\/wp-content\/gallery\/2024_10_24_branding\/PLA_2338.jpg\"\n               title=\"City Branding della Citt\u00e0 di Torino\"\n               data-src=\"http:\/\/www.spaziotorino.it\/scatto\/wp-content\/gallery\/2024_10_24_branding\/PLA_2338.jpg\"\n               data-thumbnail=\"http:\/\/www.spaziotorino.it\/scatto\/wp-content\/gallery\/2024_10_24_branding\/thumbs\/thumbs_PLA_2338.jpg\"\n               data-image-id=\"34301\"\n               data-title=\"City Branding della Citt\u00e0 di Torino\"\n               data-description=\"City Branding della Citt\u00e0 di Torino\"\n               data-image-slug=\"pla_2338-3\"\n               class=\"ngg-fancybox\" rel=\"a68f253810353b12d266c989572feab0\">\n                <img\n                    title=\"City Branding della Citt\u00e0 di Torino\"\n                    alt=\"City Branding della Citt\u00e0 di Torino\"\n                    src=\"http:\/\/www.spaziotorino.it\/scatto\/wp-content\/gallery\/2024_10_24_branding\/cache\/PLA_2338.jpg-nggid0534301-ngg0dyn-60x60x100-00f0w010c011r110f110r010t010.jpg\"\n                    width=\"60\"\n                    height=\"60\"\n                    style=\"max-width:100%;\"\n                \/>\n            <\/a>\n        <\/div>\n\t\t\t\t\t\t\t<\/div> \n\t\t\t\n        \n\t\t\t\t<div id=\"ngg-image-13\" class=\"ngg-gallery-thumbnail-box\" >\n\t\t\t\t        <div class=\"ngg-gallery-thumbnail\">\n            <a href=\"http:\/\/www.spaziotorino.it\/scatto\/wp-content\/gallery\/2024_10_24_branding\/PLA_2380.jpg\"\n               title=\"City Branding della Citt\u00e0 di Torino\"\n               data-src=\"http:\/\/www.spaziotorino.it\/scatto\/wp-content\/gallery\/2024_10_24_branding\/PLA_2380.jpg\"\n               data-thumbnail=\"http:\/\/www.spaziotorino.it\/scatto\/wp-content\/gallery\/2024_10_24_branding\/thumbs\/thumbs_PLA_2380.jpg\"\n               data-image-id=\"34302\"\n               data-title=\"City Branding della Citt\u00e0 di Torino\"\n               data-description=\"City Branding della Citt\u00e0 di Torino\"\n               data-image-slug=\"pla_2380-1\"\n               class=\"ngg-fancybox\" rel=\"a68f253810353b12d266c989572feab0\">\n                <img\n                    title=\"City Branding della Citt\u00e0 di Torino\"\n                    alt=\"City Branding della Citt\u00e0 di Torino\"\n                    src=\"http:\/\/www.spaziotorino.it\/scatto\/wp-content\/gallery\/2024_10_24_branding\/cache\/PLA_2380.jpg-nggid0534302-ngg0dyn-60x60x100-00f0w010c011r110f110r010t010.jpg\"\n                    width=\"60\"\n                    height=\"60\"\n                    style=\"max-width:100%;\"\n                \/>\n            <\/a>\n        <\/div>\n\t\t\t\t\t\t\t<\/div> \n\t\t\t\n        \n\t\t\n\t\t<!-- Pagination -->\n\t<div class='ngg-clear'><\/div>\t<\/div>\n\n<p>Torino \u00e8 ricca di verde, storia e cultura. Tranquilla, elegante, a misura d\u2019uomo. Inaspettata, per chi la scopre per la prima volta. Una citt\u00e0 affascinante con tanto da offrire: la posizione geografica, le Universit\u00e0, il verde, l\u2019architettura, i monumenti, il cibo. Una citt\u00e0 con grandi opportunit\u00e0 di sviluppo per tecnologia, innovazione, turismo, eventi, formazione accademica. Con qualche ostacolo ancora da superare, come traffico, inquinamento, collegamenti e l\u2019essere un po\u2019 \u201cchiusa\u201d. Questa la fotografia dei principali aggettivi raccolti dall\u2019indagine demoscopica svolta dall\u2019Istituto Piepoli, per cogliere gli aspetti ritenuti importanti dal territorio e dalla cittadinanza per lo sviluppo del city brand.<\/p>\n<p>Tra novembre 2023 e la fine del mese scorso sono state prese in esame 6.114 persone tra cittadini torinesi e italiani residenti in altre regioni, studenti universitari, turisti, dipendenti comunali e portatori d\u2019interesse. Agli intervistati sono stati domandati et\u00e0, genere, provenienza (se di Torino anche il quartiere), professione. Nel caso dei turisti \u00e8 stato chiesto loro se fossero a Torino per la prima volta e come avessero conosciuto la citt\u00e0, mentre, per gli studenti, l\u2019Universit\u00e0 frequentata e, nel caso dei fuori sede, se pensassero di restare stabilmente a Torino anche terminati gli studi. A tutti \u00e8 stato chiesto di elencare aspetti positivi e negativi della citt\u00e0, a cosa associno Torino, quali aggettivi la caratterizzino di pi\u00f9, come la vedano in futuro.<\/p>\n<p>Per il campione pi\u00f9 importante degli intervistati il tratto identificativo della citt\u00e0 risiede nella cultura e nell\u2019architettura ed il suo futuro la vede come citt\u00e0 universitaria e citt\u00e0 d\u2019arte. Raffinata \u00e8 l\u2019aggettivo pi\u00f9 frequente con cui la descrivono. Se Torino fosse una forma sarebbe quadrata, se fosse un colore verde o blu mentre se fosse un genere musicale sarebbe musica classica o jazz.<\/p>\n<p>Quale tono scegliere per parlare di Torino? Senza dubbio, elegante. Elementi che saranno la base di partenza nel percorso di city branding avviato lo scorso 11 settembre con la firma del protocollo d\u2019intesa tra Citt\u00e0, Citt\u00e0 Metropolitana di Torino, Camera di commercio, Universit\u00e0 degli Studi, Politecnico, Fondazione CRT e Fondazione Compagnia di San Paolo e con la condivisione di un manifesto identitario presentato questa sera insieme ai risultati dell\u2019indagine, nel corso di un evento alla Casa Teatro Ragazzi, a tutti gli enti, le associazioni iscritte al Registro delle Associazioni e le imprese, affinch\u00e9 aderiscano e ne diventino protagonisti.<\/p>\n<p>Per il progetto l\u2019amministrazione ha gi\u00e0 stanziato 432mila euro nel triennio 2025\/2026\/2027 e lanciato una consultazione preliminare di mercato per gli operatori di settore. Entro la fine dell\u2019anno seguir\u00e0 gara europea a procedura telematica aperta per l\u2019affidamento triennale del servizio di ideazione e realizzazione del percorso di city branding, nonch\u00e9 di definizione dell\u2019identit\u00e0 della citt\u00e0 attraverso l\u2019implementazione di strategie comunicative finalizzate al riposizionamento di Torino nel panorama nazionale ed internazionale.<\/p>\n","protected":false},"excerpt":{"rendered":"<p>Torino \u00e8 ricca di verde, storia e cultura. Tranquilla, elegante, a misura d\u2019uomo. Inaspettata, per chi la scopre per la prima volta. Una citt\u00e0 affascinante con tanto da offrire: la posizione geografica, le Universit\u00e0, il verde, l\u2019architettura, i monumenti, il cibo. Una citt\u00e0 con grandi opportunit\u00e0 di sviluppo per tecnologia, innovazione, turismo, eventi, formazione accademica. [&hellip;]<\/p>\n","protected":false},"author":1,"featured_media":0,"comment_status":"closed","ping_status":"open","sticky":false,"template":"","format":"standard","meta":{"ngg_post_thumbnail":0},"categories":[1,41],"tags":[],"_links":{"self":[{"href":"http:\/\/www.spaziotorino.it\/scatto\/index.php?rest_route=\/wp\/v2\/posts\/52440"}],"collection":[{"href":"http:\/\/www.spaziotorino.it\/scatto\/index.php?rest_route=\/wp\/v2\/posts"}],"about":[{"href":"http:\/\/www.spaziotorino.it\/scatto\/index.php?rest_route=\/wp\/v2\/types\/post"}],"author":[{"embeddable":true,"href":"http:\/\/www.spaziotorino.it\/scatto\/index.php?rest_route=\/wp\/v2\/users\/1"}],"replies":[{"embeddable":true,"href":"http:\/\/www.spaziotorino.it\/scatto\/index.php?rest_route=%2Fwp%2Fv2%2Fcomments&post=52440"}],"version-history":[{"count":1,"href":"http:\/\/www.spaziotorino.it\/scatto\/index.php?rest_route=\/wp\/v2\/posts\/52440\/revisions"}],"predecessor-version":[{"id":52442,"href":"http:\/\/www.spaziotorino.it\/scatto\/index.php?rest_route=\/wp\/v2\/posts\/52440\/revisions\/52442"}],"wp:attachment":[{"href":"http:\/\/www.spaziotorino.it\/scatto\/index.php?rest_route=%2Fwp%2Fv2%2Fmedia&parent=52440"}],"wp:term":[{"taxonomy":"category","embeddable":true,"href":"http:\/\/www.spaziotorino.it\/scatto\/index.php?rest_route=%2Fwp%2Fv2%2Fcategories&post=52440"},{"taxonomy":"post_tag","embeddable":true,"href":"http:\/\/www.spaziotorino.it\/scatto\/index.php?rest_route=%2Fwp%2Fv2%2Ftags&post=52440"}],"curies":[{"name":"wp","href":"https:\/\/api.w.org\/{rel}","templated":true}]}}