{"id":52470,"date":"2024-10-25T22:34:11","date_gmt":"2024-10-25T21:34:11","guid":{"rendered":"http:\/\/www.spaziotorino.it\/scatto\/?p=52470"},"modified":"2024-10-25T22:34:11","modified_gmt":"2024-10-25T21:34:11","slug":"inaugurata-la-27a-edizione-di-luci-dartista","status":"publish","type":"post","link":"http:\/\/www.spaziotorino.it\/scatto\/?p=52470","title":{"rendered":"Inaugurata la 27a edizione di Luci d\u2019Artista"},"content":{"rendered":"<p><a class=\"ngg-fancybox\" title=\"Inaugurata la 27a edizione di Luci d\u2019Artista\" href=\"http:\/\/www.spaziotorino.it\/scatto\/wp-content\/gallery\/2024_10_25_lucia\/PLA_2565.jpg\" rel=\"lightbox[set_2331]\"><br \/>\n<img decoding=\"async\" loading=\"lazy\" class=\"ngg-singlepic\" title=\"Inaugurata la 27a edizione di Luci d\u2019Artista\" src=\"http:\/\/www.spaziotorino.it\/scatto\/wp-content\/gallery\/2024_10_25_lucia\/PLA_2565.jpg\" alt=\"\" width=\"540\" height=\"360\"\/><\/a><\/p>\n<!-- index.php -->\n<div\n\tclass=\"ngg-galleryoverview ngg-ajax-pagination-none\"\n\tid=\"ngg-gallery-8e122bda300772b0293d4dd2eadfed2c-1\">\n\n    \t\t<!-- Thumbnails -->\n\t\t\t\t<div id=\"ngg-image-0\" class=\"ngg-gallery-thumbnail-box\" >\n\t\t\t\t        <div class=\"ngg-gallery-thumbnail\">\n            <a href=\"http:\/\/www.spaziotorino.it\/scatto\/wp-content\/gallery\/2024_10_25_lucia\/PLA_2497.jpg\"\n               title=\"La Banda Musicale del Corpo di Polizia Municipale della Citt\u00e0 di Torino apre l&#039;inaugurazione di Luci d\u2019artista\"\n               data-src=\"http:\/\/www.spaziotorino.it\/scatto\/wp-content\/gallery\/2024_10_25_lucia\/PLA_2497.jpg\"\n               data-thumbnail=\"http:\/\/www.spaziotorino.it\/scatto\/wp-content\/gallery\/2024_10_25_lucia\/thumbs\/thumbs_PLA_2497.jpg\"\n               data-image-id=\"34303\"\n               data-title=\"La Banda Musicale del Corpo di Polizia Municipale della Citt\u00e0 di Torino apre l&#039;inaugurazione di Luci d\u2019artista\"\n               data-description=\"La Banda Musicale del Corpo di Polizia Municipale della Citt\u00e0 di Torino apre l&#039;inaugurazione di Luci d\u2019artista\"\n               data-image-slug=\"pla_2497-1\"\n               class=\"ngg-fancybox\" rel=\"8e122bda300772b0293d4dd2eadfed2c\">\n                <img\n                    title=\"La Banda Musicale del Corpo di Polizia Municipale della Citt\u00e0 di Torino apre l&#039;inaugurazione di Luci d\u2019artista\"\n                    alt=\"La Banda Musicale del Corpo di Polizia Municipale della Citt\u00e0 di Torino apre l&#039;inaugurazione di Luci d\u2019artista\"\n                    src=\"http:\/\/www.spaziotorino.it\/scatto\/wp-content\/gallery\/2024_10_25_lucia\/cache\/PLA_2497.jpg-nggid0534303-ngg0dyn-60x60x100-00f0w010c011r110f110r010t010.jpg\"\n                    width=\"60\"\n                    height=\"60\"\n                    style=\"max-width:100%;\"\n                \/>\n            <\/a>\n        <\/div>\n\t\t\t\t\t\t\t<\/div> \n\t\t\t\n        \n\t\t\t\t<div id=\"ngg-image-1\" class=\"ngg-gallery-thumbnail-box\" >\n\t\t\t\t        <div class=\"ngg-gallery-thumbnail\">\n            <a href=\"http:\/\/www.spaziotorino.it\/scatto\/wp-content\/gallery\/2024_10_25_lucia\/PLA_2501.jpg\"\n               title=\"La Banda Musicale del Corpo di Polizia Municipale della Citt\u00e0 di Torino apre l&#039;inaugurazione di Luci d\u2019artista\"\n               data-src=\"http:\/\/www.spaziotorino.it\/scatto\/wp-content\/gallery\/2024_10_25_lucia\/PLA_2501.jpg\"\n               data-thumbnail=\"http:\/\/www.spaziotorino.it\/scatto\/wp-content\/gallery\/2024_10_25_lucia\/thumbs\/thumbs_PLA_2501.jpg\"\n               data-image-id=\"34305\"\n               data-title=\"La Banda Musicale del Corpo di Polizia Municipale della Citt\u00e0 di Torino apre l&#039;inaugurazione di Luci d\u2019artista\"\n               data-description=\"La Banda Musicale del Corpo di Polizia Municipale della Citt\u00e0 di Torino apre l&#039;inaugurazione di Luci d\u2019artista\"\n               data-image-slug=\"pla_2501-2\"\n               class=\"ngg-fancybox\" rel=\"8e122bda300772b0293d4dd2eadfed2c\">\n                <img\n                    title=\"La Banda Musicale del Corpo di Polizia Municipale della Citt\u00e0 di Torino apre l&#039;inaugurazione di Luci d\u2019artista\"\n                    alt=\"La Banda Musicale del Corpo di Polizia Municipale della Citt\u00e0 di Torino apre l&#039;inaugurazione di Luci d\u2019artista\"\n                    src=\"http:\/\/www.spaziotorino.it\/scatto\/wp-content\/gallery\/2024_10_25_lucia\/cache\/PLA_2501.jpg-nggid0534305-ngg0dyn-60x60x100-00f0w010c011r110f110r010t010.jpg\"\n                    width=\"60\"\n                    height=\"60\"\n                    style=\"max-width:100%;\"\n                \/>\n            <\/a>\n        <\/div>\n\t\t\t\t\t\t\t<\/div> \n\t\t\t\n        \n\t\t\t\t<div id=\"ngg-image-2\" class=\"ngg-gallery-thumbnail-box\" >\n\t\t\t\t        <div class=\"ngg-gallery-thumbnail\">\n            <a href=\"http:\/\/www.spaziotorino.it\/scatto\/wp-content\/gallery\/2024_10_25_lucia\/PLA_2540.jpg\"\n               title=\"Piazza Vittorio Veneto, Inaugurazione di Luci d\u2019artista\"\n               data-src=\"http:\/\/www.spaziotorino.it\/scatto\/wp-content\/gallery\/2024_10_25_lucia\/PLA_2540.jpg\"\n               data-thumbnail=\"http:\/\/www.spaziotorino.it\/scatto\/wp-content\/gallery\/2024_10_25_lucia\/thumbs\/thumbs_PLA_2540.jpg\"\n               data-image-id=\"34307\"\n               data-title=\"Piazza Vittorio Veneto, Inaugurazione di Luci d\u2019artista\"\n               data-description=\"Piazza Vittorio Veneto, Inaugurazione di Luci d\u2019artista\"\n               data-image-slug=\"pla_2540-2\"\n               class=\"ngg-fancybox\" rel=\"8e122bda300772b0293d4dd2eadfed2c\">\n                <img\n                    title=\"Piazza Vittorio Veneto, Inaugurazione di Luci d\u2019artista\"\n                    alt=\"Piazza Vittorio Veneto, Inaugurazione di Luci d\u2019artista\"\n                    src=\"http:\/\/www.spaziotorino.it\/scatto\/wp-content\/gallery\/2024_10_25_lucia\/cache\/PLA_2540.jpg-nggid0534307-ngg0dyn-60x60x100-00f0w010c011r110f110r010t010.jpg\"\n                    width=\"60\"\n                    height=\"60\"\n                    style=\"max-width:100%;\"\n                \/>\n            <\/a>\n        <\/div>\n\t\t\t\t\t\t\t<\/div> \n\t\t\t\n        \n\t\t\t\t<div id=\"ngg-image-3\" class=\"ngg-gallery-thumbnail-box\" >\n\t\t\t\t        <div class=\"ngg-gallery-thumbnail\">\n            <a href=\"http:\/\/www.spaziotorino.it\/scatto\/wp-content\/gallery\/2024_10_25_lucia\/PLA_2544.jpg\"\n               title=\"Piazza Vittorio Veneto, Inaugurazione di Luci d\u2019artista\"\n               data-src=\"http:\/\/www.spaziotorino.it\/scatto\/wp-content\/gallery\/2024_10_25_lucia\/PLA_2544.jpg\"\n               data-thumbnail=\"http:\/\/www.spaziotorino.it\/scatto\/wp-content\/gallery\/2024_10_25_lucia\/thumbs\/thumbs_PLA_2544.jpg\"\n               data-image-id=\"34308\"\n               data-title=\"Piazza Vittorio Veneto, Inaugurazione di Luci d\u2019artista\"\n               data-description=\"Piazza Vittorio Veneto, Inaugurazione di Luci d\u2019artista\"\n               data-image-slug=\"pla_2544-1\"\n               class=\"ngg-fancybox\" rel=\"8e122bda300772b0293d4dd2eadfed2c\">\n                <img\n                    title=\"Piazza Vittorio Veneto, Inaugurazione di Luci d\u2019artista\"\n                    alt=\"Piazza Vittorio Veneto, Inaugurazione di Luci d\u2019artista\"\n                    src=\"http:\/\/www.spaziotorino.it\/scatto\/wp-content\/gallery\/2024_10_25_lucia\/cache\/PLA_2544.jpg-nggid0534308-ngg0dyn-60x60x100-00f0w010c011r110f110r010t010.jpg\"\n                    width=\"60\"\n                    height=\"60\"\n                    style=\"max-width:100%;\"\n                \/>\n            <\/a>\n        <\/div>\n\t\t\t\t\t\t\t<\/div> \n\t\t\t\n        \n\t\t\t\t<div id=\"ngg-image-4\" class=\"ngg-gallery-thumbnail-box\" >\n\t\t\t\t        <div class=\"ngg-gallery-thumbnail\">\n            <a href=\"http:\/\/www.spaziotorino.it\/scatto\/wp-content\/gallery\/2024_10_25_lucia\/PLA_2551.jpg\"\n               title=\"Piazza Vittorio Veneto, Inaugurazione di Luci d\u2019artista\"\n               data-src=\"http:\/\/www.spaziotorino.it\/scatto\/wp-content\/gallery\/2024_10_25_lucia\/PLA_2551.jpg\"\n               data-thumbnail=\"http:\/\/www.spaziotorino.it\/scatto\/wp-content\/gallery\/2024_10_25_lucia\/thumbs\/thumbs_PLA_2551.jpg\"\n               data-image-id=\"34304\"\n               data-title=\"Piazza Vittorio Veneto, Inaugurazione di Luci d\u2019artista\"\n               data-description=\"Piazza Vittorio Veneto, Inaugurazione di Luci d\u2019artista\"\n               data-image-slug=\"pla_2551\"\n               class=\"ngg-fancybox\" rel=\"8e122bda300772b0293d4dd2eadfed2c\">\n                <img\n                    title=\"Piazza Vittorio Veneto, Inaugurazione di Luci d\u2019artista\"\n                    alt=\"Piazza Vittorio Veneto, Inaugurazione di Luci d\u2019artista\"\n                    src=\"http:\/\/www.spaziotorino.it\/scatto\/wp-content\/gallery\/2024_10_25_lucia\/cache\/PLA_2551.jpg-nggid0534304-ngg0dyn-60x60x100-00f0w010c011r110f110r010t010.jpg\"\n                    width=\"60\"\n                    height=\"60\"\n                    style=\"max-width:100%;\"\n                \/>\n            <\/a>\n        <\/div>\n\t\t\t\t\t\t\t<\/div> \n\t\t\t\n        \n\t\t\t\t<div id=\"ngg-image-5\" class=\"ngg-gallery-thumbnail-box\" >\n\t\t\t\t        <div class=\"ngg-gallery-thumbnail\">\n            <a href=\"http:\/\/www.spaziotorino.it\/scatto\/wp-content\/gallery\/2024_10_25_lucia\/PLA_2591.jpg\"\n               title=\"Piazza Vittorio Veneto, Inaugurazione di Luci d\u2019artista\"\n               data-src=\"http:\/\/www.spaziotorino.it\/scatto\/wp-content\/gallery\/2024_10_25_lucia\/PLA_2591.jpg\"\n               data-thumbnail=\"http:\/\/www.spaziotorino.it\/scatto\/wp-content\/gallery\/2024_10_25_lucia\/thumbs\/thumbs_PLA_2591.jpg\"\n               data-image-id=\"34314\"\n               data-title=\"Piazza Vittorio Veneto, Inaugurazione di Luci d\u2019artista\"\n               data-description=\"Piazza Vittorio Veneto, Inaugurazione di Luci d\u2019artista\"\n               data-image-slug=\"pla_2591\"\n               class=\"ngg-fancybox\" rel=\"8e122bda300772b0293d4dd2eadfed2c\">\n                <img\n                    title=\"Piazza Vittorio Veneto, Inaugurazione di Luci d\u2019artista\"\n                    alt=\"Piazza Vittorio Veneto, Inaugurazione di Luci d\u2019artista\"\n                    src=\"http:\/\/www.spaziotorino.it\/scatto\/wp-content\/gallery\/2024_10_25_lucia\/cache\/PLA_2591.jpg-nggid0534314-ngg0dyn-60x60x100-00f0w010c011r110f110r010t010.jpg\"\n                    width=\"60\"\n                    height=\"60\"\n                    style=\"max-width:100%;\"\n                \/>\n            <\/a>\n        <\/div>\n\t\t\t\t\t\t\t<\/div> \n\t\t\t\n        \n\t\t\t\t<div id=\"ngg-image-6\" class=\"ngg-gallery-thumbnail-box\" >\n\t\t\t\t        <div class=\"ngg-gallery-thumbnail\">\n            <a href=\"http:\/\/www.spaziotorino.it\/scatto\/wp-content\/gallery\/2024_10_25_lucia\/PLA_2607.jpg\"\n               title=\"Andreas Angelidakis \u2013 VR Man \u2013 Piazza Vittorio Veneto\"\n               data-src=\"http:\/\/www.spaziotorino.it\/scatto\/wp-content\/gallery\/2024_10_25_lucia\/PLA_2607.jpg\"\n               data-thumbnail=\"http:\/\/www.spaziotorino.it\/scatto\/wp-content\/gallery\/2024_10_25_lucia\/thumbs\/thumbs_PLA_2607.jpg\"\n               data-image-id=\"34311\"\n               data-title=\"Andreas Angelidakis \u2013 VR Man \u2013 Piazza Vittorio Veneto\"\n               data-description=\"Andreas Angelidakis \u2013 VR Man \u2013 Piazza Vittorio Veneto\"\n               data-image-slug=\"pla_2607-1\"\n               class=\"ngg-fancybox\" rel=\"8e122bda300772b0293d4dd2eadfed2c\">\n                <img\n                    title=\"Andreas Angelidakis \u2013 VR Man \u2013 Piazza Vittorio Veneto\"\n                    alt=\"Andreas Angelidakis \u2013 VR Man \u2013 Piazza Vittorio Veneto\"\n                    src=\"http:\/\/www.spaziotorino.it\/scatto\/wp-content\/gallery\/2024_10_25_lucia\/cache\/PLA_2607.jpg-nggid0534311-ngg0dyn-60x60x100-00f0w010c011r110f110r010t010.jpg\"\n                    width=\"60\"\n                    height=\"60\"\n                    style=\"max-width:100%;\"\n                \/>\n            <\/a>\n        <\/div>\n\t\t\t\t\t\t\t<\/div> \n\t\t\t\n        \n\t\t\t\t<div id=\"ngg-image-7\" class=\"ngg-gallery-thumbnail-box\" >\n\t\t\t\t        <div class=\"ngg-gallery-thumbnail\">\n            <a href=\"http:\/\/www.spaziotorino.it\/scatto\/wp-content\/gallery\/2024_10_25_lucia\/PLA_2635.jpg\"\n               title=\"Andreas Angelidakis \u2013 VR Man \u2013 Piazza Vittorio Veneto\"\n               data-src=\"http:\/\/www.spaziotorino.it\/scatto\/wp-content\/gallery\/2024_10_25_lucia\/PLA_2635.jpg\"\n               data-thumbnail=\"http:\/\/www.spaziotorino.it\/scatto\/wp-content\/gallery\/2024_10_25_lucia\/thumbs\/thumbs_PLA_2635.jpg\"\n               data-image-id=\"34312\"\n               data-title=\"Andreas Angelidakis \u2013 VR Man \u2013 Piazza Vittorio Veneto\"\n               data-description=\"Andreas Angelidakis \u2013 VR Man \u2013 Piazza Vittorio Veneto\"\n               data-image-slug=\"pla_2635-1\"\n               class=\"ngg-fancybox\" rel=\"8e122bda300772b0293d4dd2eadfed2c\">\n                <img\n                    title=\"Andreas Angelidakis \u2013 VR Man \u2013 Piazza Vittorio Veneto\"\n                    alt=\"Andreas Angelidakis \u2013 VR Man \u2013 Piazza Vittorio Veneto\"\n                    src=\"http:\/\/www.spaziotorino.it\/scatto\/wp-content\/gallery\/2024_10_25_lucia\/cache\/PLA_2635.jpg-nggid0534312-ngg0dyn-60x60x100-00f0w010c011r110f110r010t010.jpg\"\n                    width=\"60\"\n                    height=\"60\"\n                    style=\"max-width:100%;\"\n                \/>\n            <\/a>\n        <\/div>\n\t\t\t\t\t\t\t<\/div> \n\t\t\t\n        \n\t\t\t\t<div id=\"ngg-image-8\" class=\"ngg-gallery-thumbnail-box\" >\n\t\t\t\t        <div class=\"ngg-gallery-thumbnail\">\n            <a href=\"http:\/\/www.spaziotorino.it\/scatto\/wp-content\/gallery\/2024_10_25_lucia\/PLA_2651.jpg\"\n               title=\"Andreas Angelidakis \u2013 VR Man \u2013 Piazza Vittorio Veneto. Sullo sfondo Rebecca Horn \u2013 Piccoli spiriti blu \u2013 Monte dei Cappuccini\"\n               data-src=\"http:\/\/www.spaziotorino.it\/scatto\/wp-content\/gallery\/2024_10_25_lucia\/PLA_2651.jpg\"\n               data-thumbnail=\"http:\/\/www.spaziotorino.it\/scatto\/wp-content\/gallery\/2024_10_25_lucia\/thumbs\/thumbs_PLA_2651.jpg\"\n               data-image-id=\"34309\"\n               data-title=\"Andreas Angelidakis \u2013 VR Man \u2013 Piazza Vittorio Veneto. Sullo sfondo Rebecca Horn \u2013 Piccoli spiriti blu \u2013 Monte dei Cappuccini\"\n               data-description=\"Andreas Angelidakis \u2013 VR Man \u2013 Piazza Vittorio Veneto. Sullo sfondo Rebecca Horn \u2013 Piccoli spiriti blu \u2013 Monte dei Cappuccini\"\n               data-image-slug=\"pla_2651\"\n               class=\"ngg-fancybox\" rel=\"8e122bda300772b0293d4dd2eadfed2c\">\n                <img\n                    title=\"Andreas Angelidakis \u2013 VR Man \u2013 Piazza Vittorio Veneto. Sullo sfondo Rebecca Horn \u2013 Piccoli spiriti blu \u2013 Monte dei Cappuccini\"\n                    alt=\"Andreas Angelidakis \u2013 VR Man \u2013 Piazza Vittorio Veneto. Sullo sfondo Rebecca Horn \u2013 Piccoli spiriti blu \u2013 Monte dei Cappuccini\"\n                    src=\"http:\/\/www.spaziotorino.it\/scatto\/wp-content\/gallery\/2024_10_25_lucia\/cache\/PLA_2651.jpg-nggid0534309-ngg0dyn-60x60x100-00f0w010c011r110f110r010t010.jpg\"\n                    width=\"60\"\n                    height=\"60\"\n                    style=\"max-width:100%;\"\n                \/>\n            <\/a>\n        <\/div>\n\t\t\t\t\t\t\t<\/div> \n\t\t\t\n        \n\t\t\t\t<div id=\"ngg-image-9\" class=\"ngg-gallery-thumbnail-box\" >\n\t\t\t\t        <div class=\"ngg-gallery-thumbnail\">\n            <a href=\"http:\/\/www.spaziotorino.it\/scatto\/wp-content\/gallery\/2024_10_25_lucia\/PLA_2653.jpg\"\n               title=\"Michelangelo Pistoletto \u2013 Amare le differenze \u2013 Piazza della Repubblica, Tettoia Orologio\"\n               data-src=\"http:\/\/www.spaziotorino.it\/scatto\/wp-content\/gallery\/2024_10_25_lucia\/PLA_2653.jpg\"\n               data-thumbnail=\"http:\/\/www.spaziotorino.it\/scatto\/wp-content\/gallery\/2024_10_25_lucia\/thumbs\/thumbs_PLA_2653.jpg\"\n               data-image-id=\"34310\"\n               data-title=\"Michelangelo Pistoletto \u2013 Amare le differenze \u2013 Piazza della Repubblica, Tettoia Orologio\"\n               data-description=\"Michelangelo Pistoletto \u2013 Amare le differenze \u2013 Piazza della Repubblica, Tettoia Orologio\"\n               data-image-slug=\"pla_2653-3\"\n               class=\"ngg-fancybox\" rel=\"8e122bda300772b0293d4dd2eadfed2c\">\n                <img\n                    title=\"Michelangelo Pistoletto \u2013 Amare le differenze \u2013 Piazza della Repubblica, Tettoia Orologio\"\n                    alt=\"Michelangelo Pistoletto \u2013 Amare le differenze \u2013 Piazza della Repubblica, Tettoia Orologio\"\n                    src=\"http:\/\/www.spaziotorino.it\/scatto\/wp-content\/gallery\/2024_10_25_lucia\/cache\/PLA_2653.jpg-nggid0534310-ngg0dyn-60x60x100-00f0w010c011r110f110r010t010.jpg\"\n                    width=\"60\"\n                    height=\"60\"\n                    style=\"max-width:100%;\"\n                \/>\n            <\/a>\n        <\/div>\n\t\t\t\t\t\t\t<\/div> \n\t\t\t\n        \n\t\t\t\t<div id=\"ngg-image-10\" class=\"ngg-gallery-thumbnail-box\" >\n\t\t\t\t        <div class=\"ngg-gallery-thumbnail\">\n            <a href=\"http:\/\/www.spaziotorino.it\/scatto\/wp-content\/gallery\/2024_10_25_lucia\/PLA_2657.jpg\"\n               title=\"Michelangelo Pistoletto \u2013 Amare le differenze \u2013 Piazza della Repubblica, Tettoia Orologio\"\n               data-src=\"http:\/\/www.spaziotorino.it\/scatto\/wp-content\/gallery\/2024_10_25_lucia\/PLA_2657.jpg\"\n               data-thumbnail=\"http:\/\/www.spaziotorino.it\/scatto\/wp-content\/gallery\/2024_10_25_lucia\/thumbs\/thumbs_PLA_2657.jpg\"\n               data-image-id=\"34313\"\n               data-title=\"Michelangelo Pistoletto \u2013 Amare le differenze \u2013 Piazza della Repubblica, Tettoia Orologio\"\n               data-description=\"Michelangelo Pistoletto \u2013 Amare le differenze \u2013 Piazza della Repubblica, Tettoia Orologio\"\n               data-image-slug=\"pla_2657-4\"\n               class=\"ngg-fancybox\" rel=\"8e122bda300772b0293d4dd2eadfed2c\">\n                <img\n                    title=\"Michelangelo Pistoletto \u2013 Amare le differenze \u2013 Piazza della Repubblica, Tettoia Orologio\"\n                    alt=\"Michelangelo Pistoletto \u2013 Amare le differenze \u2013 Piazza della Repubblica, Tettoia Orologio\"\n                    src=\"http:\/\/www.spaziotorino.it\/scatto\/wp-content\/gallery\/2024_10_25_lucia\/cache\/PLA_2657.jpg-nggid0534313-ngg0dyn-60x60x100-00f0w010c011r110f110r010t010.jpg\"\n                    width=\"60\"\n                    height=\"60\"\n                    style=\"max-width:100%;\"\n                \/>\n            <\/a>\n        <\/div>\n\t\t\t\t\t\t\t<\/div> \n\t\t\t\n        \n\t\t\t\t<div id=\"ngg-image-11\" class=\"ngg-gallery-thumbnail-box\" >\n\t\t\t\t        <div class=\"ngg-gallery-thumbnail\">\n            <a href=\"http:\/\/www.spaziotorino.it\/scatto\/wp-content\/gallery\/2024_10_25_lucia\/PLA_2669.jpg\"\n               title=\"Daniel Buren \u2013 Tappeto Volante \u2013 Piazza Palazzo di Citt\u00e0\"\n               data-src=\"http:\/\/www.spaziotorino.it\/scatto\/wp-content\/gallery\/2024_10_25_lucia\/PLA_2669.jpg\"\n               data-thumbnail=\"http:\/\/www.spaziotorino.it\/scatto\/wp-content\/gallery\/2024_10_25_lucia\/thumbs\/thumbs_PLA_2669.jpg\"\n               data-image-id=\"34318\"\n               data-title=\"Daniel Buren \u2013 Tappeto Volante \u2013 Piazza Palazzo di Citt\u00e0\"\n               data-description=\"Daniel Buren \u2013 Tappeto Volante \u2013 Piazza Palazzo di Citt\u00e0\"\n               data-image-slug=\"pla_2669-1\"\n               class=\"ngg-fancybox\" rel=\"8e122bda300772b0293d4dd2eadfed2c\">\n                <img\n                    title=\"Daniel Buren \u2013 Tappeto Volante \u2013 Piazza Palazzo di Citt\u00e0\"\n                    alt=\"Daniel Buren \u2013 Tappeto Volante \u2013 Piazza Palazzo di Citt\u00e0\"\n                    src=\"http:\/\/www.spaziotorino.it\/scatto\/wp-content\/gallery\/2024_10_25_lucia\/cache\/PLA_2669.jpg-nggid0534318-ngg0dyn-60x60x100-00f0w010c011r110f110r010t010.jpg\"\n                    width=\"60\"\n                    height=\"60\"\n                    style=\"max-width:100%;\"\n                \/>\n            <\/a>\n        <\/div>\n\t\t\t\t\t\t\t<\/div> \n\t\t\t\n        \n\t\t\t\t<div id=\"ngg-image-12\" class=\"ngg-gallery-thumbnail-box\" >\n\t\t\t\t        <div class=\"ngg-gallery-thumbnail\">\n            <a href=\"http:\/\/www.spaziotorino.it\/scatto\/wp-content\/gallery\/2024_10_25_lucia\/PLA_2691.jpg\"\n               title=\"Giulio Paolini \u2013 Palomar \u2013 via Garibaldi\"\n               data-src=\"http:\/\/www.spaziotorino.it\/scatto\/wp-content\/gallery\/2024_10_25_lucia\/PLA_2691.jpg\"\n               data-thumbnail=\"http:\/\/www.spaziotorino.it\/scatto\/wp-content\/gallery\/2024_10_25_lucia\/thumbs\/thumbs_PLA_2691.jpg\"\n               data-image-id=\"34315\"\n               data-title=\"Giulio Paolini \u2013 Palomar \u2013 via Garibaldi\"\n               data-description=\"Giulio Paolini \u2013 Palomar \u2013 via Garibaldi\"\n               data-image-slug=\"pla_2691-1\"\n               class=\"ngg-fancybox\" rel=\"8e122bda300772b0293d4dd2eadfed2c\">\n                <img\n                    title=\"Giulio Paolini \u2013 Palomar \u2013 via Garibaldi\"\n                    alt=\"Giulio Paolini \u2013 Palomar \u2013 via Garibaldi\"\n                    src=\"http:\/\/www.spaziotorino.it\/scatto\/wp-content\/gallery\/2024_10_25_lucia\/cache\/PLA_2691.jpg-nggid0534315-ngg0dyn-60x60x100-00f0w010c011r110f110r010t010.jpg\"\n                    width=\"60\"\n                    height=\"60\"\n                    style=\"max-width:100%;\"\n                \/>\n            <\/a>\n        <\/div>\n\t\t\t\t\t\t\t<\/div> \n\t\t\t\n        \n\t\t\t\t<div id=\"ngg-image-13\" class=\"ngg-gallery-thumbnail-box\" >\n\t\t\t\t        <div class=\"ngg-gallery-thumbnail\">\n            <a href=\"http:\/\/www.spaziotorino.it\/scatto\/wp-content\/gallery\/2024_10_25_lucia\/PLA_2706.jpg\"\n               title=\"Erik Sagli - Euridome - Unione Industriali - Costellazione\"\n               data-src=\"http:\/\/www.spaziotorino.it\/scatto\/wp-content\/gallery\/2024_10_25_lucia\/PLA_2706.jpg\"\n               data-thumbnail=\"http:\/\/www.spaziotorino.it\/scatto\/wp-content\/gallery\/2024_10_25_lucia\/thumbs\/thumbs_PLA_2706.jpg\"\n               data-image-id=\"34316\"\n               data-title=\"Erik Sagli - Euridome - Unione Industriali - Costellazione\"\n               data-description=\"Erik Sagli - Euridome - Unione Industriali - Costellazione\"\n               data-image-slug=\"pla_2706\"\n               class=\"ngg-fancybox\" rel=\"8e122bda300772b0293d4dd2eadfed2c\">\n                <img\n                    title=\"Erik Sagli - Euridome - Unione Industriali - Costellazione\"\n                    alt=\"Erik Sagli - Euridome - Unione Industriali - Costellazione\"\n                    src=\"http:\/\/www.spaziotorino.it\/scatto\/wp-content\/gallery\/2024_10_25_lucia\/cache\/PLA_2706.jpg-nggid0534316-ngg0dyn-60x60x100-00f0w010c011r110f110r010t010.jpg\"\n                    width=\"60\"\n                    height=\"60\"\n                    style=\"max-width:100%;\"\n                \/>\n            <\/a>\n        <\/div>\n\t\t\t\t\t\t\t<\/div> \n\t\t\t\n        \n\t\t\t\t<div id=\"ngg-image-14\" class=\"ngg-gallery-thumbnail-box\" >\n\t\t\t\t        <div class=\"ngg-gallery-thumbnail\">\n            <a href=\"http:\/\/www.spaziotorino.it\/scatto\/wp-content\/gallery\/2024_10_25_lucia\/PLA_2744.jpg\"\n               title=\"Erik Sagli - Euridome - Unione Industriali - Costellazione\"\n               data-src=\"http:\/\/www.spaziotorino.it\/scatto\/wp-content\/gallery\/2024_10_25_lucia\/PLA_2744.jpg\"\n               data-thumbnail=\"http:\/\/www.spaziotorino.it\/scatto\/wp-content\/gallery\/2024_10_25_lucia\/thumbs\/thumbs_PLA_2744.jpg\"\n               data-image-id=\"34320\"\n               data-title=\"Erik Sagli - Euridome - Unione Industriali - Costellazione\"\n               data-description=\"Erik Sagli - Euridome - Unione Industriali - Costellazione\"\n               data-image-slug=\"pla_2744-4\"\n               class=\"ngg-fancybox\" rel=\"8e122bda300772b0293d4dd2eadfed2c\">\n                <img\n                    title=\"Erik Sagli - Euridome - Unione Industriali - Costellazione\"\n                    alt=\"Erik Sagli - Euridome - Unione Industriali - Costellazione\"\n                    src=\"http:\/\/www.spaziotorino.it\/scatto\/wp-content\/gallery\/2024_10_25_lucia\/cache\/PLA_2744.jpg-nggid0534320-ngg0dyn-60x60x100-00f0w010c011r110f110r010t010.jpg\"\n                    width=\"60\"\n                    height=\"60\"\n                    style=\"max-width:100%;\"\n                \/>\n            <\/a>\n        <\/div>\n\t\t\t\t\t\t\t<\/div> \n\t\t\t\n        \n\t\t\t\t<div id=\"ngg-image-15\" class=\"ngg-gallery-thumbnail-box\" >\n\t\t\t\t        <div class=\"ngg-gallery-thumbnail\">\n            <a href=\"http:\/\/www.spaziotorino.it\/scatto\/wp-content\/gallery\/2024_10_25_lucia\/PLA_2757.jpg\"\n               title=\"Via Roma,  inaugurazione di Luci d\u2019artista\"\n               data-src=\"http:\/\/www.spaziotorino.it\/scatto\/wp-content\/gallery\/2024_10_25_lucia\/PLA_2757.jpg\"\n               data-thumbnail=\"http:\/\/www.spaziotorino.it\/scatto\/wp-content\/gallery\/2024_10_25_lucia\/thumbs\/thumbs_PLA_2757.jpg\"\n               data-image-id=\"34317\"\n               data-title=\"Via Roma,  inaugurazione di Luci d\u2019artista\"\n               data-description=\"Via Roma,  inaugurazione di Luci d\u2019artista\"\n               data-image-slug=\"pla_2757-2\"\n               class=\"ngg-fancybox\" rel=\"8e122bda300772b0293d4dd2eadfed2c\">\n                <img\n                    title=\"Via Roma,  inaugurazione di Luci d\u2019artista\"\n                    alt=\"Via Roma,  inaugurazione di Luci d\u2019artista\"\n                    src=\"http:\/\/www.spaziotorino.it\/scatto\/wp-content\/gallery\/2024_10_25_lucia\/cache\/PLA_2757.jpg-nggid0534317-ngg0dyn-60x60x100-00f0w010c011r110f110r010t010.jpg\"\n                    width=\"60\"\n                    height=\"60\"\n                    style=\"max-width:100%;\"\n                \/>\n            <\/a>\n        <\/div>\n\t\t\t\t\t\t\t<\/div> \n\t\t\t\n        \n\t\t\t\t<div id=\"ngg-image-16\" class=\"ngg-gallery-thumbnail-box\" >\n\t\t\t\t        <div class=\"ngg-gallery-thumbnail\">\n            <a href=\"http:\/\/www.spaziotorino.it\/scatto\/wp-content\/gallery\/2024_10_25_lucia\/PLA_2778.jpg\"\n               title=\"Piazza Carlo Felice, Giardino Sambuy, inaugurazione di Luci d\u2019artista\"\n               data-src=\"http:\/\/www.spaziotorino.it\/scatto\/wp-content\/gallery\/2024_10_25_lucia\/PLA_2778.jpg\"\n               data-thumbnail=\"http:\/\/www.spaziotorino.it\/scatto\/wp-content\/gallery\/2024_10_25_lucia\/thumbs\/thumbs_PLA_2778.jpg\"\n               data-image-id=\"34319\"\n               data-title=\"Piazza Carlo Felice, Giardino Sambuy, inaugurazione di Luci d\u2019artista\"\n               data-description=\"Piazza Carlo Felice, Giardino Sambuy, inaugurazione di Luci d\u2019artista\"\n               data-image-slug=\"pla_2778-1\"\n               class=\"ngg-fancybox\" rel=\"8e122bda300772b0293d4dd2eadfed2c\">\n                <img\n                    title=\"Piazza Carlo Felice, Giardino Sambuy, inaugurazione di Luci d\u2019artista\"\n                    alt=\"Piazza Carlo Felice, Giardino Sambuy, inaugurazione di Luci d\u2019artista\"\n                    src=\"http:\/\/www.spaziotorino.it\/scatto\/wp-content\/gallery\/2024_10_25_lucia\/cache\/PLA_2778.jpg-nggid0534319-ngg0dyn-60x60x100-00f0w010c011r110f110r010t010.jpg\"\n                    width=\"60\"\n                    height=\"60\"\n                    style=\"max-width:100%;\"\n                \/>\n            <\/a>\n        <\/div>\n\t\t\t\t\t\t\t<\/div> \n\t\t\t\n        \n\t\t\t\t<div id=\"ngg-image-17\" class=\"ngg-gallery-thumbnail-box\" >\n\t\t\t\t        <div class=\"ngg-gallery-thumbnail\">\n            <a href=\"http:\/\/www.spaziotorino.it\/scatto\/wp-content\/gallery\/2024_10_25_lucia\/PLA_2781.jpg\"\n               title=\"Luigi Ontani\"\n               data-src=\"http:\/\/www.spaziotorino.it\/scatto\/wp-content\/gallery\/2024_10_25_lucia\/PLA_2781.jpg\"\n               data-thumbnail=\"http:\/\/www.spaziotorino.it\/scatto\/wp-content\/gallery\/2024_10_25_lucia\/thumbs\/thumbs_PLA_2781.jpg\"\n               data-image-id=\"34321\"\n               data-title=\"Luigi Ontani\"\n               data-description=\"Luigi Ontani\"\n               data-image-slug=\"pla_2781-1\"\n               class=\"ngg-fancybox\" rel=\"8e122bda300772b0293d4dd2eadfed2c\">\n                <img\n                    title=\"Luigi Ontani\"\n                    alt=\"Luigi Ontani\"\n                    src=\"http:\/\/www.spaziotorino.it\/scatto\/wp-content\/gallery\/2024_10_25_lucia\/cache\/PLA_2781.jpg-nggid0534321-ngg0dyn-60x60x100-00f0w010c011r110f110r010t010.jpg\"\n                    width=\"60\"\n                    height=\"60\"\n                    style=\"max-width:100%;\"\n                \/>\n            <\/a>\n        <\/div>\n\t\t\t\t\t\t\t<\/div> \n\t\t\t\n        \n\t\t\t\t<div id=\"ngg-image-18\" class=\"ngg-gallery-thumbnail-box\" >\n\t\t\t\t        <div class=\"ngg-gallery-thumbnail\">\n            <a href=\"http:\/\/www.spaziotorino.it\/scatto\/wp-content\/gallery\/2024_10_25_lucia\/PLA_2829.jpg\"\n               title=\"Piazza Carlo Felice, Giardino Sambuy, inaugurazione di Luci d\u2019artista\"\n               data-src=\"http:\/\/www.spaziotorino.it\/scatto\/wp-content\/gallery\/2024_10_25_lucia\/PLA_2829.jpg\"\n               data-thumbnail=\"http:\/\/www.spaziotorino.it\/scatto\/wp-content\/gallery\/2024_10_25_lucia\/thumbs\/thumbs_PLA_2829.jpg\"\n               data-image-id=\"34322\"\n               data-title=\"Piazza Carlo Felice, Giardino Sambuy, inaugurazione di Luci d\u2019artista\"\n               data-description=\"Piazza Carlo Felice, Giardino Sambuy, inaugurazione di Luci d\u2019artista\"\n               data-image-slug=\"pla_2829-1\"\n               class=\"ngg-fancybox\" rel=\"8e122bda300772b0293d4dd2eadfed2c\">\n                <img\n                    title=\"Piazza Carlo Felice, Giardino Sambuy, inaugurazione di Luci d\u2019artista\"\n                    alt=\"Piazza Carlo Felice, Giardino Sambuy, inaugurazione di Luci d\u2019artista\"\n                    src=\"http:\/\/www.spaziotorino.it\/scatto\/wp-content\/gallery\/2024_10_25_lucia\/cache\/PLA_2829.jpg-nggid0534322-ngg0dyn-60x60x100-00f0w010c011r110f110r010t010.jpg\"\n                    width=\"60\"\n                    height=\"60\"\n                    style=\"max-width:100%;\"\n                \/>\n            <\/a>\n        <\/div>\n\t\t\t\t\t\t\t<\/div> \n\t\t\t\n        \n\t\t\t\t<div id=\"ngg-image-19\" class=\"ngg-gallery-thumbnail-box\" >\n\t\t\t\t        <div class=\"ngg-gallery-thumbnail\">\n            <a href=\"http:\/\/www.spaziotorino.it\/scatto\/wp-content\/gallery\/2024_10_25_lucia\/PLA_2841.jpg\"\n               title=\"Luigi Ontani\u2013 Scia\u2019Mano \u2013 Giardini Sambuy\"\n               data-src=\"http:\/\/www.spaziotorino.it\/scatto\/wp-content\/gallery\/2024_10_25_lucia\/PLA_2841.jpg\"\n               data-thumbnail=\"http:\/\/www.spaziotorino.it\/scatto\/wp-content\/gallery\/2024_10_25_lucia\/thumbs\/thumbs_PLA_2841.jpg\"\n               data-image-id=\"34325\"\n               data-title=\"Luigi Ontani\u2013 Scia\u2019Mano \u2013 Giardini Sambuy\"\n               data-description=\"Luigi Ontani\u2013 Scia\u2019Mano \u2013 Giardini Sambuy\"\n               data-image-slug=\"pla_2841\"\n               class=\"ngg-fancybox\" rel=\"8e122bda300772b0293d4dd2eadfed2c\">\n                <img\n                    title=\"Luigi Ontani\u2013 Scia\u2019Mano \u2013 Giardini Sambuy\"\n                    alt=\"Luigi Ontani\u2013 Scia\u2019Mano \u2013 Giardini Sambuy\"\n                    src=\"http:\/\/www.spaziotorino.it\/scatto\/wp-content\/gallery\/2024_10_25_lucia\/cache\/PLA_2841.jpg-nggid0534325-ngg0dyn-60x60x100-00f0w010c011r110f110r010t010.jpg\"\n                    width=\"60\"\n                    height=\"60\"\n                    style=\"max-width:100%;\"\n                \/>\n            <\/a>\n        <\/div>\n\t\t\t\t\t\t\t<\/div> \n\t\t\t\n        \n\t\t\t\t<div id=\"ngg-image-20\" class=\"ngg-gallery-thumbnail-box\" >\n\t\t\t\t        <div class=\"ngg-gallery-thumbnail\">\n            <a href=\"http:\/\/www.spaziotorino.it\/scatto\/wp-content\/gallery\/2024_10_25_lucia\/PLA_2845.jpg\"\n               title=\"Luigi Ontani\u2013 Scia\u2019Mano \u2013 Giardini Sambuy e Carmelo Giammello \u2013 Planetario \u2013 Via Roma\"\n               data-src=\"http:\/\/www.spaziotorino.it\/scatto\/wp-content\/gallery\/2024_10_25_lucia\/PLA_2845.jpg\"\n               data-thumbnail=\"http:\/\/www.spaziotorino.it\/scatto\/wp-content\/gallery\/2024_10_25_lucia\/thumbs\/thumbs_PLA_2845.jpg\"\n               data-image-id=\"34323\"\n               data-title=\"Luigi Ontani\u2013 Scia\u2019Mano \u2013 Giardini Sambuy e Carmelo Giammello \u2013 Planetario \u2013 Via Roma\"\n               data-description=\"Luigi Ontani\u2013 Scia\u2019Mano \u2013 Giardini Sambuy e Carmelo Giammello \u2013 Planetario \u2013 Via Roma\"\n               data-image-slug=\"pla_2845\"\n               class=\"ngg-fancybox\" rel=\"8e122bda300772b0293d4dd2eadfed2c\">\n                <img\n                    title=\"Luigi Ontani\u2013 Scia\u2019Mano \u2013 Giardini Sambuy e Carmelo Giammello \u2013 Planetario \u2013 Via Roma\"\n                    alt=\"Luigi Ontani\u2013 Scia\u2019Mano \u2013 Giardini Sambuy e Carmelo Giammello \u2013 Planetario \u2013 Via Roma\"\n                    src=\"http:\/\/www.spaziotorino.it\/scatto\/wp-content\/gallery\/2024_10_25_lucia\/cache\/PLA_2845.jpg-nggid0534323-ngg0dyn-60x60x100-00f0w010c011r110f110r010t010.jpg\"\n                    width=\"60\"\n                    height=\"60\"\n                    style=\"max-width:100%;\"\n                \/>\n            <\/a>\n        <\/div>\n\t\t\t\t\t\t\t<\/div> \n\t\t\t\n        \n\t\t\t\t<div id=\"ngg-image-21\" class=\"ngg-gallery-thumbnail-box\" >\n\t\t\t\t        <div class=\"ngg-gallery-thumbnail\">\n            <a href=\"http:\/\/www.spaziotorino.it\/scatto\/wp-content\/gallery\/2024_10_25_lucia\/PLA_2892.jpg\"\n               title=\"Luigi Ontani\u2013 Scia\u2019Mano \u2013 Giardini Sambuy\"\n               data-src=\"http:\/\/www.spaziotorino.it\/scatto\/wp-content\/gallery\/2024_10_25_lucia\/PLA_2892.jpg\"\n               data-thumbnail=\"http:\/\/www.spaziotorino.it\/scatto\/wp-content\/gallery\/2024_10_25_lucia\/thumbs\/thumbs_PLA_2892.jpg\"\n               data-image-id=\"34327\"\n               data-title=\"Luigi Ontani\u2013 Scia\u2019Mano \u2013 Giardini Sambuy\"\n               data-description=\"Luigi Ontani\u2013 Scia\u2019Mano \u2013 Giardini Sambuy\"\n               data-image-slug=\"pla_2892-2\"\n               class=\"ngg-fancybox\" rel=\"8e122bda300772b0293d4dd2eadfed2c\">\n                <img\n                    title=\"Luigi Ontani\u2013 Scia\u2019Mano \u2013 Giardini Sambuy\"\n                    alt=\"Luigi Ontani\u2013 Scia\u2019Mano \u2013 Giardini Sambuy\"\n                    src=\"http:\/\/www.spaziotorino.it\/scatto\/wp-content\/gallery\/2024_10_25_lucia\/cache\/PLA_2892.jpg-nggid0534327-ngg0dyn-60x60x100-00f0w010c011r110f110r010t010.jpg\"\n                    width=\"60\"\n                    height=\"60\"\n                    style=\"max-width:100%;\"\n                \/>\n            <\/a>\n        <\/div>\n\t\t\t\t\t\t\t<\/div> \n\t\t\t\n        \n\t\t\t\t<div id=\"ngg-image-22\" class=\"ngg-gallery-thumbnail-box\" >\n\t\t\t\t        <div class=\"ngg-gallery-thumbnail\">\n            <a href=\"http:\/\/www.spaziotorino.it\/scatto\/wp-content\/gallery\/2024_10_25_lucia\/PLA_2876.jpg\"\n               title=\"Carmelo Giammello \u2013 Planetario \u2013 Via Roma\"\n               data-src=\"http:\/\/www.spaziotorino.it\/scatto\/wp-content\/gallery\/2024_10_25_lucia\/PLA_2876.jpg\"\n               data-thumbnail=\"http:\/\/www.spaziotorino.it\/scatto\/wp-content\/gallery\/2024_10_25_lucia\/thumbs\/thumbs_PLA_2876.jpg\"\n               data-image-id=\"34324\"\n               data-title=\"Carmelo Giammello \u2013 Planetario \u2013 Via Roma\"\n               data-description=\"Carmelo Giammello \u2013 Planetario \u2013 Via Roma\"\n               data-image-slug=\"pla_2876\"\n               class=\"ngg-fancybox\" rel=\"8e122bda300772b0293d4dd2eadfed2c\">\n                <img\n                    title=\"Carmelo Giammello \u2013 Planetario \u2013 Via Roma\"\n                    alt=\"Carmelo Giammello \u2013 Planetario \u2013 Via Roma\"\n                    src=\"http:\/\/www.spaziotorino.it\/scatto\/wp-content\/gallery\/2024_10_25_lucia\/cache\/PLA_2876.jpg-nggid0534324-ngg0dyn-60x60x100-00f0w010c011r110f110r010t010.jpg\"\n                    width=\"60\"\n                    height=\"60\"\n                    style=\"max-width:100%;\"\n                \/>\n            <\/a>\n        <\/div>\n\t\t\t\t\t\t\t<\/div> \n\t\t\t\n        \n\t\t\t\t<div id=\"ngg-image-23\" class=\"ngg-gallery-thumbnail-box\" >\n\t\t\t\t        <div class=\"ngg-gallery-thumbnail\">\n            <a href=\"http:\/\/www.spaziotorino.it\/scatto\/wp-content\/gallery\/2024_10_25_lucia\/PLA_2887.jpg\"\n               title=\"Carmelo Giammello \u2013 Planetario \u2013 Via Roma\"\n               data-src=\"http:\/\/www.spaziotorino.it\/scatto\/wp-content\/gallery\/2024_10_25_lucia\/PLA_2887.jpg\"\n               data-thumbnail=\"http:\/\/www.spaziotorino.it\/scatto\/wp-content\/gallery\/2024_10_25_lucia\/thumbs\/thumbs_PLA_2887.jpg\"\n               data-image-id=\"34326\"\n               data-title=\"Carmelo Giammello \u2013 Planetario \u2013 Via Roma\"\n               data-description=\"Carmelo Giammello \u2013 Planetario \u2013 Via Roma\"\n               data-image-slug=\"pla_2887\"\n               class=\"ngg-fancybox\" rel=\"8e122bda300772b0293d4dd2eadfed2c\">\n                <img\n                    title=\"Carmelo Giammello \u2013 Planetario \u2013 Via Roma\"\n                    alt=\"Carmelo Giammello \u2013 Planetario \u2013 Via Roma\"\n                    src=\"http:\/\/www.spaziotorino.it\/scatto\/wp-content\/gallery\/2024_10_25_lucia\/cache\/PLA_2887.jpg-nggid0534326-ngg0dyn-60x60x100-00f0w010c011r110f110r010t010.jpg\"\n                    width=\"60\"\n                    height=\"60\"\n                    style=\"max-width:100%;\"\n                \/>\n            <\/a>\n        <\/div>\n\t\t\t\t\t\t\t<\/div> \n\t\t\t\n        \n\t\t\t\t<div id=\"ngg-image-24\" class=\"ngg-gallery-thumbnail-box\" >\n\t\t\t\t        <div class=\"ngg-gallery-thumbnail\">\n            <a href=\"http:\/\/www.spaziotorino.it\/scatto\/wp-content\/gallery\/2024_10_25_lucia\/PLA_2901.jpg\"\n               title=\"Giorgio Griffa \u2013 AZZURROGIALLO \u2013 Giardini Sambuy\"\n               data-src=\"http:\/\/www.spaziotorino.it\/scatto\/wp-content\/gallery\/2024_10_25_lucia\/PLA_2901.jpg\"\n               data-thumbnail=\"http:\/\/www.spaziotorino.it\/scatto\/wp-content\/gallery\/2024_10_25_lucia\/thumbs\/thumbs_PLA_2901.jpg\"\n               data-image-id=\"34328\"\n               data-title=\"Giorgio Griffa \u2013 AZZURROGIALLO \u2013 Giardini Sambuy\"\n               data-description=\"Giorgio Griffa \u2013 AZZURROGIALLO \u2013 Giardini Sambuy\"\n               data-image-slug=\"pla_2901-3\"\n               class=\"ngg-fancybox\" rel=\"8e122bda300772b0293d4dd2eadfed2c\">\n                <img\n                    title=\"Giorgio Griffa \u2013 AZZURROGIALLO \u2013 Giardini Sambuy\"\n                    alt=\"Giorgio Griffa \u2013 AZZURROGIALLO \u2013 Giardini Sambuy\"\n                    src=\"http:\/\/www.spaziotorino.it\/scatto\/wp-content\/gallery\/2024_10_25_lucia\/cache\/PLA_2901.jpg-nggid0534328-ngg0dyn-60x60x100-00f0w010c011r110f110r010t010.jpg\"\n                    width=\"60\"\n                    height=\"60\"\n                    style=\"max-width:100%;\"\n                \/>\n            <\/a>\n        <\/div>\n\t\t\t\t\t\t\t<\/div> \n\t\t\t\n        \n\t\t\n\t\t<!-- Pagination -->\n\t<div class='ngg-clear'><\/div>\t<\/div>\n\n<p>Venerd\u00ec 25 ottobre si \u00e8 tenuta l&#8217;inaugurazione di <strong>Luci d&#8217;Artista 2024<\/strong>, itinerante per abbracciare luoghi diversi della citt\u00e0 e aperta a cittadine, cittadini e turisti.<\/p>\n<p>Il primo appuntamento si \u00e8 svolto alle ore 18 in <strong>piazza Vittorio Veneto<\/strong> (angolo lungo Po Cadorna), dove la <strong>Banda musicale del Corpo di Polizia Locale della Citt\u00e0 di Torino<\/strong> ha intrattenuto il pubblico in attesa del calar del buio. Successivamente, il Sindaco <strong>Stefano Lo Russo<\/strong>, insieme all\u2019Assessora alla Cultura <strong>Rosanna Purchia<\/strong>, al presidente della <strong>Fondazione Torino Musei<\/strong> <strong>Massimo Broccio<\/strong>, al Direttore artistico di <strong>Luci d\u2019Artista<\/strong> <strong>Antonio Grulli<\/strong> e all\u2019artista <strong>Andreas Angelidakis<\/strong>, ha dato il via all&#8217;accensione della prima nuova installazione dell&#8217;edizione, <strong>VR Man<\/strong> di Andreas Angelidakis.<\/p>\n<p>Il tour \u00e8 poi proseguito alle 19.15 in <strong>via Fanti 17<\/strong>, presso la sede dell&#8217;<strong>Unione Industriali di Torino<\/strong>, dove \u00e8 stata accesa l&#8217;opera di <strong>Erik Saglia<\/strong>, <em>Euridome<\/em>, nell&#8217;ambito di <em>Costellazione<\/em>.<\/p>\n<p>La serata inaugurale si \u00e8 conclusa ai <strong>Giardini Sambuy<\/strong>, in <strong>piazza Carlo Felice<\/strong>, lato <strong>via Roma<\/strong>, dove la <strong>Banda del Corpo di Polizia Locale della Citt\u00e0 di Torino<\/strong> ha accompagnato l&#8217;accensione della seconda nuova luce, <em>Scia&#8217;Mano<\/em>, alla presenza del Maestro <strong>Luigi Ontani<\/strong>.<\/p>\n<p>Da quel momento, <strong>28 luci<\/strong> si sono riaccese tra le vie e le piazze di Torino, offrendo a cittadini e turisti la possibilit\u00e0 di alzare gli occhi per ammirare le opere luminose nelle loro sedi storiche, oppure di andare alla ricerca delle nuove collocazioni.<\/p>\n<p>Sulla <strong>Mole Antonelliana<\/strong>, restaurata grazie alla <strong>Consulta per la Valorizzazione dei Beni Artistici e Culturali di Torino<\/strong> e all\u2019<strong>Unione Industriali Torino<\/strong>, \u00e8 tornata a brillare <em>Volo dei numeri<\/em> di <strong>Mario Merz<\/strong>, emblematica opera-manifesto della citt\u00e0 dell&#8217;arte contemporanea. Alcune installazioni storiche hanno cambiato sede rispetto alla scorsa edizione: <em>Palomar<\/em> di <strong>Giulio Paolini<\/strong>, da sempre in via Po, \u00e8 ritornata in <strong>via Garibaldi<\/strong> dopo dieci anni; <em>Ice Cream Light<\/em> di <strong>Vanessa Safavi<\/strong> \u00e8 stata installata per la prima volta in <strong>largo Montebello<\/strong> in una nuova configurazione. <em>Lu\u00ec e l\u2019arte di andare nel bosco<\/em> di <strong>Luigi Mainolfi<\/strong> ha trovato spazio lungo <strong>via Carlo Alberto<\/strong>, mentre al suo posto, in <strong>via Lagrange<\/strong>, \u00e8 possibile ammirare per la prima volta <em>Volo su\u2026<\/em> di <strong>Francesco Casorati<\/strong>.<\/p>\n<p>Sono state riconfermate invece le collocazioni delle altre opere luminose, come <em>Cosmometrie<\/em> di <strong>Mario Air\u00f2<\/strong> in <strong>piazza Carignano<\/strong>, con una configurazione ogni anno nuova, decisa dall\u2019artista stesso; <em>Orizzonti<\/em> di <strong>Giovanni Anselmo<\/strong> in <strong>piazza Carlo Alberto<\/strong>; <em>Vele di Natale<\/em> di <strong>Vasco Are<\/strong> in <strong>piazza Bodoni<\/strong>; <em>Ancora una volta<\/em> di <strong>Valerio Berruti<\/strong> in <strong>via Monferrato<\/strong>; <em>Tappeto volante<\/em> di <strong>Daniel Buren<\/strong> in <strong>piazza Palazzo di Citt\u00e0<\/strong>; <em>Regno dei fiori: nido cosmico di tutte le anime<\/em> di <strong>Nicola De Maria<\/strong> in <strong>piazza Carlo Emanuele II<\/strong> (piazza Carlina); <em>L\u2019energia che unisce si espande nel blu<\/em> di <strong>Marco Gastini<\/strong> in <strong>Galleria Umberto I<\/strong>; <em>Planetario<\/em> di <strong>Carmelo Giammello<\/strong> in <strong>via Roma<\/strong>; <em>Azzurrogiallo<\/em> di <strong>Giorgio Griffa<\/strong> ai <strong>Giardini Sambuy<\/strong> di <strong>Piazza Carlo Felice<\/strong>; <em>Illuminated Benches<\/em> di <strong>Jeppe Hein<\/strong> in <strong>piazza Risorgimento<\/strong>; <em>Piccoli spiriti blu<\/em> di <strong>Rebecca Horn<\/strong> sul <strong>Monte dei Cappuccini<\/strong>; <em>Cultura=Capitale<\/em> di <strong>Alfredo Jaar<\/strong> sulla facciata del <strong>Museo Diffuso della Resistenza<\/strong>; <em>Io, sono nato qui.<\/em> di <strong>Renato Leotta<\/strong> in <strong>corso Spezia 70<\/strong>, sul tetto dell\u2019<strong>Ospedale Sant\u2019Anna<\/strong>; <em>Concerto di parole<\/em> di <strong>Mario Molinari<\/strong> in <strong>piazza Polonia<\/strong>; <em>Vento solare<\/em> di <strong>Luigi Nervo<\/strong> in <strong>piazzetta Mollino<\/strong>; <em>L&#8217;amore non fa rumore<\/em> di <strong>Luca Pannoli<\/strong> di fronte alla <strong>Biblioteca Geisser<\/strong>; <em>Amare le differenze<\/em> di <strong>Michelangelo Pistoletto<\/strong> in <strong>piazza della Repubblica<\/strong> (facciata della Tettoia dell\u2019Orologio); <em>My Noon<\/em> di <strong>Tobias Rehberger<\/strong> in <strong>piazza Arbarello<\/strong>; <em>Noi<\/em> di <strong>Luigi Stoisa<\/strong> in <strong>via Po<\/strong>; <em>\u201c\u2026?&#8230;\u201d<\/em> di <strong>Grazia Toderi<\/strong> in cima alla cupola della <strong>Basilica Mauriziana<\/strong> (visibile da <strong>piazza della Repubblica<\/strong>); e <em>Luce Fontana Ruota<\/em> di <strong>Gilberto Zorio<\/strong> sul laghetto di <strong>Italia \u201961<\/strong> in <strong>corso Unit\u00e0 d\u2019Italia<\/strong>.<\/p>\n","protected":false},"excerpt":{"rendered":"<p>Venerd\u00ec 25 ottobre si \u00e8 tenuta l&#8217;inaugurazione di Luci d&#8217;Artista 2024, itinerante per abbracciare luoghi diversi della citt\u00e0 e aperta a cittadine, cittadini e turisti. Il primo appuntamento si \u00e8 svolto alle ore 18 in piazza Vittorio Veneto (angolo lungo Po Cadorna), dove la Banda musicale del Corpo di Polizia Locale della Citt\u00e0 di Torino [&hellip;]<\/p>\n","protected":false},"author":1,"featured_media":0,"comment_status":"closed","ping_status":"open","sticky":false,"template":"","format":"standard","meta":{"ngg_post_thumbnail":0},"categories":[54,1],"tags":[],"_links":{"self":[{"href":"http:\/\/www.spaziotorino.it\/scatto\/index.php?rest_route=\/wp\/v2\/posts\/52470"}],"collection":[{"href":"http:\/\/www.spaziotorino.it\/scatto\/index.php?rest_route=\/wp\/v2\/posts"}],"about":[{"href":"http:\/\/www.spaziotorino.it\/scatto\/index.php?rest_route=\/wp\/v2\/types\/post"}],"author":[{"embeddable":true,"href":"http:\/\/www.spaziotorino.it\/scatto\/index.php?rest_route=\/wp\/v2\/users\/1"}],"replies":[{"embeddable":true,"href":"http:\/\/www.spaziotorino.it\/scatto\/index.php?rest_route=%2Fwp%2Fv2%2Fcomments&post=52470"}],"version-history":[{"count":2,"href":"http:\/\/www.spaziotorino.it\/scatto\/index.php?rest_route=\/wp\/v2\/posts\/52470\/revisions"}],"predecessor-version":[{"id":52473,"href":"http:\/\/www.spaziotorino.it\/scatto\/index.php?rest_route=\/wp\/v2\/posts\/52470\/revisions\/52473"}],"wp:attachment":[{"href":"http:\/\/www.spaziotorino.it\/scatto\/index.php?rest_route=%2Fwp%2Fv2%2Fmedia&parent=52470"}],"wp:term":[{"taxonomy":"category","embeddable":true,"href":"http:\/\/www.spaziotorino.it\/scatto\/index.php?rest_route=%2Fwp%2Fv2%2Fcategories&post=52470"},{"taxonomy":"post_tag","embeddable":true,"href":"http:\/\/www.spaziotorino.it\/scatto\/index.php?rest_route=%2Fwp%2Fv2%2Ftags&post=52470"}],"curies":[{"name":"wp","href":"https:\/\/api.w.org\/{rel}","templated":true}]}}