{"id":52617,"date":"2024-10-30T13:08:11","date_gmt":"2024-10-30T12:08:11","guid":{"rendered":"http:\/\/www.spaziotorino.it\/scatto\/?p=52617"},"modified":"2024-10-30T20:10:30","modified_gmt":"2024-10-30T19:10:30","slug":"paratissima-venti-dal-31-ottobre-torna-lappuntamento-con-la-fiera-dellarte-contemporanea","status":"publish","type":"post","link":"http:\/\/www.spaziotorino.it\/scatto\/?p=52617","title":{"rendered":"Paratissima VENTI, dal 31 ottobre torna l\u2019appuntamento con la fiera dell\u2019arte contemporanea"},"content":{"rendered":"<p><a class=\"ngg-fancybox\" title=\"Paratissima VENTI, dal 31 ottobre torna l\u2019appuntamento con la fiera dell\u2019arte contemporanea\" href=\"http:\/\/www.spaziotorino.it\/scatto\/wp-content\/gallery\/2024_10_30_paratissima\/PLA_3724.jpg\" rel=\"lightbox[set_2339]\"><br \/>\n<img decoding=\"async\" loading=\"lazy\" class=\"ngg-singlepic\" title=\"Paratissima VENTI, dal 31 ottobre torna l\u2019appuntamento con la fiera dell\u2019arte contemporanea\" src=\"http:\/\/www.spaziotorino.it\/scatto\/wp-content\/gallery\/2024_10_30_paratissima\/PLA_3724.jpg\" alt=\"\" width=\"540\" height=\"360\"\/><\/a><\/p>\n<!-- index.php -->\n<div\n\tclass=\"ngg-galleryoverview ngg-ajax-pagination-none\"\n\tid=\"ngg-gallery-e6f04612ff6d474d6a51614688294644-1\">\n\n    \t\t<!-- Thumbnails -->\n\t\t\t\t<div id=\"ngg-image-0\" class=\"ngg-gallery-thumbnail-box\" >\n\t\t\t\t        <div class=\"ngg-gallery-thumbnail\">\n            <a href=\"http:\/\/www.spaziotorino.it\/scatto\/wp-content\/gallery\/2024_10_30_paratissima\/PLA_3755.jpg\"\n               title=\"Officine S-ex Snos - XX edizione di Paratissima\"\n               data-src=\"http:\/\/www.spaziotorino.it\/scatto\/wp-content\/gallery\/2024_10_30_paratissima\/PLA_3755.jpg\"\n               data-thumbnail=\"http:\/\/www.spaziotorino.it\/scatto\/wp-content\/gallery\/2024_10_30_paratissima\/thumbs\/thumbs_PLA_3755.jpg\"\n               data-image-id=\"34424\"\n               data-title=\"Officine S-ex Snos - XX edizione di Paratissima\"\n               data-description=\"Officine S-ex Snos - XX edizione di Paratissima\"\n               data-image-slug=\"pla_3755-2\"\n               class=\"ngg-fancybox\" rel=\"e6f04612ff6d474d6a51614688294644\">\n                <img\n                    title=\"Officine S-ex Snos - XX edizione di Paratissima\"\n                    alt=\"Officine S-ex Snos - XX edizione di Paratissima\"\n                    src=\"http:\/\/www.spaziotorino.it\/scatto\/wp-content\/gallery\/2024_10_30_paratissima\/cache\/PLA_3755.jpg-nggid0534424-ngg0dyn-60x60x100-00f0w010c011r110f110r010t010.jpg\"\n                    width=\"60\"\n                    height=\"60\"\n                    style=\"max-width:100%;\"\n                \/>\n            <\/a>\n        <\/div>\n\t\t\t\t\t\t\t<\/div> \n\t\t\t\n        \n\t\t\t\t<div id=\"ngg-image-1\" class=\"ngg-gallery-thumbnail-box\" >\n\t\t\t\t        <div class=\"ngg-gallery-thumbnail\">\n            <a href=\"http:\/\/www.spaziotorino.it\/scatto\/wp-content\/gallery\/2024_10_30_paratissima\/PLA_3761.jpg\"\n               title=\"Officine S-ex Snos - XX edizione di Paratissima\"\n               data-src=\"http:\/\/www.spaziotorino.it\/scatto\/wp-content\/gallery\/2024_10_30_paratissima\/PLA_3761.jpg\"\n               data-thumbnail=\"http:\/\/www.spaziotorino.it\/scatto\/wp-content\/gallery\/2024_10_30_paratissima\/thumbs\/thumbs_PLA_3761.jpg\"\n               data-image-id=\"34421\"\n               data-title=\"Officine S-ex Snos - XX edizione di Paratissima\"\n               data-description=\"Officine S-ex Snos - XX edizione di Paratissima\"\n               data-image-slug=\"pla_3761-2\"\n               class=\"ngg-fancybox\" rel=\"e6f04612ff6d474d6a51614688294644\">\n                <img\n                    title=\"Officine S-ex Snos - XX edizione di Paratissima\"\n                    alt=\"Officine S-ex Snos - XX edizione di Paratissima\"\n                    src=\"http:\/\/www.spaziotorino.it\/scatto\/wp-content\/gallery\/2024_10_30_paratissima\/cache\/PLA_3761.jpg-nggid0534421-ngg0dyn-60x60x100-00f0w010c011r110f110r010t010.jpg\"\n                    width=\"60\"\n                    height=\"60\"\n                    style=\"max-width:100%;\"\n                \/>\n            <\/a>\n        <\/div>\n\t\t\t\t\t\t\t<\/div> \n\t\t\t\n        \n\t\t\t\t<div id=\"ngg-image-2\" class=\"ngg-gallery-thumbnail-box\" >\n\t\t\t\t        <div class=\"ngg-gallery-thumbnail\">\n            <a href=\"http:\/\/www.spaziotorino.it\/scatto\/wp-content\/gallery\/2024_10_30_paratissima\/PLA_3763.jpg\"\n               title=\"Officine S-ex Snos - XX edizione di Paratissima\"\n               data-src=\"http:\/\/www.spaziotorino.it\/scatto\/wp-content\/gallery\/2024_10_30_paratissima\/PLA_3763.jpg\"\n               data-thumbnail=\"http:\/\/www.spaziotorino.it\/scatto\/wp-content\/gallery\/2024_10_30_paratissima\/thumbs\/thumbs_PLA_3763.jpg\"\n               data-image-id=\"34422\"\n               data-title=\"Officine S-ex Snos - XX edizione di Paratissima\"\n               data-description=\"Officine S-ex Snos - XX edizione di Paratissima\"\n               data-image-slug=\"pla_3763-1\"\n               class=\"ngg-fancybox\" rel=\"e6f04612ff6d474d6a51614688294644\">\n                <img\n                    title=\"Officine S-ex Snos - XX edizione di Paratissima\"\n                    alt=\"Officine S-ex Snos - XX edizione di Paratissima\"\n                    src=\"http:\/\/www.spaziotorino.it\/scatto\/wp-content\/gallery\/2024_10_30_paratissima\/cache\/PLA_3763.jpg-nggid0534422-ngg0dyn-60x60x100-00f0w010c011r110f110r010t010.jpg\"\n                    width=\"60\"\n                    height=\"60\"\n                    style=\"max-width:100%;\"\n                \/>\n            <\/a>\n        <\/div>\n\t\t\t\t\t\t\t<\/div> \n\t\t\t\n        \n\t\t\t\t<div id=\"ngg-image-3\" class=\"ngg-gallery-thumbnail-box\" >\n\t\t\t\t        <div class=\"ngg-gallery-thumbnail\">\n            <a href=\"http:\/\/www.spaziotorino.it\/scatto\/wp-content\/gallery\/2024_10_30_paratissima\/PLA_3770.jpg\"\n               title=\"Officine S-ex Snos - XX edizione di Paratissima\"\n               data-src=\"http:\/\/www.spaziotorino.it\/scatto\/wp-content\/gallery\/2024_10_30_paratissima\/PLA_3770.jpg\"\n               data-thumbnail=\"http:\/\/www.spaziotorino.it\/scatto\/wp-content\/gallery\/2024_10_30_paratissima\/thumbs\/thumbs_PLA_3770.jpg\"\n               data-image-id=\"34423\"\n               data-title=\"Officine S-ex Snos - XX edizione di Paratissima\"\n               data-description=\"Officine S-ex Snos - XX edizione di Paratissima\"\n               data-image-slug=\"pla_3770-1\"\n               class=\"ngg-fancybox\" rel=\"e6f04612ff6d474d6a51614688294644\">\n                <img\n                    title=\"Officine S-ex Snos - XX edizione di Paratissima\"\n                    alt=\"Officine S-ex Snos - XX edizione di Paratissima\"\n                    src=\"http:\/\/www.spaziotorino.it\/scatto\/wp-content\/gallery\/2024_10_30_paratissima\/cache\/PLA_3770.jpg-nggid0534423-ngg0dyn-60x60x100-00f0w010c011r110f110r010t010.jpg\"\n                    width=\"60\"\n                    height=\"60\"\n                    style=\"max-width:100%;\"\n                \/>\n            <\/a>\n        <\/div>\n\t\t\t\t\t\t\t<\/div> \n\t\t\t\n        \n\t\t\t\t<div id=\"ngg-image-4\" class=\"ngg-gallery-thumbnail-box\" >\n\t\t\t\t        <div class=\"ngg-gallery-thumbnail\">\n            <a href=\"http:\/\/www.spaziotorino.it\/scatto\/wp-content\/gallery\/2024_10_30_paratissima\/PLA_3779.jpg\"\n               title=\"Officine S-ex Snos - XX edizione di Paratissima\"\n               data-src=\"http:\/\/www.spaziotorino.it\/scatto\/wp-content\/gallery\/2024_10_30_paratissima\/PLA_3779.jpg\"\n               data-thumbnail=\"http:\/\/www.spaziotorino.it\/scatto\/wp-content\/gallery\/2024_10_30_paratissima\/thumbs\/thumbs_PLA_3779.jpg\"\n               data-image-id=\"34425\"\n               data-title=\"Officine S-ex Snos - XX edizione di Paratissima\"\n               data-description=\"Officine S-ex Snos - XX edizione di Paratissima\"\n               data-image-slug=\"pla_3779-1\"\n               class=\"ngg-fancybox\" rel=\"e6f04612ff6d474d6a51614688294644\">\n                <img\n                    title=\"Officine S-ex Snos - XX edizione di Paratissima\"\n                    alt=\"Officine S-ex Snos - XX edizione di Paratissima\"\n                    src=\"http:\/\/www.spaziotorino.it\/scatto\/wp-content\/gallery\/2024_10_30_paratissima\/cache\/PLA_3779.jpg-nggid0534425-ngg0dyn-60x60x100-00f0w010c011r110f110r010t010.jpg\"\n                    width=\"60\"\n                    height=\"60\"\n                    style=\"max-width:100%;\"\n                \/>\n            <\/a>\n        <\/div>\n\t\t\t\t\t\t\t<\/div> \n\t\t\t\n        \n\t\t\t\t<div id=\"ngg-image-5\" class=\"ngg-gallery-thumbnail-box\" >\n\t\t\t\t        <div class=\"ngg-gallery-thumbnail\">\n            <a href=\"http:\/\/www.spaziotorino.it\/scatto\/wp-content\/gallery\/2024_10_30_paratissima\/PLA_3784.jpg\"\n               title=\"Officine S-ex Snos - XX edizione di Paratissima\"\n               data-src=\"http:\/\/www.spaziotorino.it\/scatto\/wp-content\/gallery\/2024_10_30_paratissima\/PLA_3784.jpg\"\n               data-thumbnail=\"http:\/\/www.spaziotorino.it\/scatto\/wp-content\/gallery\/2024_10_30_paratissima\/thumbs\/thumbs_PLA_3784.jpg\"\n               data-image-id=\"34427\"\n               data-title=\"Officine S-ex Snos - XX edizione di Paratissima\"\n               data-description=\"Officine S-ex Snos - XX edizione di Paratissima\"\n               data-image-slug=\"pla_3784-1\"\n               class=\"ngg-fancybox\" rel=\"e6f04612ff6d474d6a51614688294644\">\n                <img\n                    title=\"Officine S-ex Snos - XX edizione di Paratissima\"\n                    alt=\"Officine S-ex Snos - XX edizione di Paratissima\"\n                    src=\"http:\/\/www.spaziotorino.it\/scatto\/wp-content\/gallery\/2024_10_30_paratissima\/cache\/PLA_3784.jpg-nggid0534427-ngg0dyn-60x60x100-00f0w010c011r110f110r010t010.jpg\"\n                    width=\"60\"\n                    height=\"60\"\n                    style=\"max-width:100%;\"\n                \/>\n            <\/a>\n        <\/div>\n\t\t\t\t\t\t\t<\/div> \n\t\t\t\n        \n\t\t\t\t<div id=\"ngg-image-6\" class=\"ngg-gallery-thumbnail-box\" >\n\t\t\t\t        <div class=\"ngg-gallery-thumbnail\">\n            <a href=\"http:\/\/www.spaziotorino.it\/scatto\/wp-content\/gallery\/2024_10_30_paratissima\/PLA_3794.jpg\"\n               title=\"Officine S-ex Snos - XX edizione di Paratissima\"\n               data-src=\"http:\/\/www.spaziotorino.it\/scatto\/wp-content\/gallery\/2024_10_30_paratissima\/PLA_3794.jpg\"\n               data-thumbnail=\"http:\/\/www.spaziotorino.it\/scatto\/wp-content\/gallery\/2024_10_30_paratissima\/thumbs\/thumbs_PLA_3794.jpg\"\n               data-image-id=\"34426\"\n               data-title=\"Officine S-ex Snos - XX edizione di Paratissima\"\n               data-description=\"Officine S-ex Snos - XX edizione di Paratissima\"\n               data-image-slug=\"pla_3794\"\n               class=\"ngg-fancybox\" rel=\"e6f04612ff6d474d6a51614688294644\">\n                <img\n                    title=\"Officine S-ex Snos - XX edizione di Paratissima\"\n                    alt=\"Officine S-ex Snos - XX edizione di Paratissima\"\n                    src=\"http:\/\/www.spaziotorino.it\/scatto\/wp-content\/gallery\/2024_10_30_paratissima\/cache\/PLA_3794.jpg-nggid0534426-ngg0dyn-60x60x100-00f0w010c011r110f110r010t010.jpg\"\n                    width=\"60\"\n                    height=\"60\"\n                    style=\"max-width:100%;\"\n                \/>\n            <\/a>\n        <\/div>\n\t\t\t\t\t\t\t<\/div> \n\t\t\t\n        \n\t\t\t\t<div id=\"ngg-image-7\" class=\"ngg-gallery-thumbnail-box\" >\n\t\t\t\t        <div class=\"ngg-gallery-thumbnail\">\n            <a href=\"http:\/\/www.spaziotorino.it\/scatto\/wp-content\/gallery\/2024_10_30_paratissima\/PLA_3800.jpg\"\n               title=\"Officine S-ex Snos - XX edizione di Paratissima\"\n               data-src=\"http:\/\/www.spaziotorino.it\/scatto\/wp-content\/gallery\/2024_10_30_paratissima\/PLA_3800.jpg\"\n               data-thumbnail=\"http:\/\/www.spaziotorino.it\/scatto\/wp-content\/gallery\/2024_10_30_paratissima\/thumbs\/thumbs_PLA_3800.jpg\"\n               data-image-id=\"34429\"\n               data-title=\"Officine S-ex Snos - XX edizione di Paratissima\"\n               data-description=\"Officine S-ex Snos - XX edizione di Paratissima\"\n               data-image-slug=\"pla_3800-1\"\n               class=\"ngg-fancybox\" rel=\"e6f04612ff6d474d6a51614688294644\">\n                <img\n                    title=\"Officine S-ex Snos - XX edizione di Paratissima\"\n                    alt=\"Officine S-ex Snos - XX edizione di Paratissima\"\n                    src=\"http:\/\/www.spaziotorino.it\/scatto\/wp-content\/gallery\/2024_10_30_paratissima\/cache\/PLA_3800.jpg-nggid0534429-ngg0dyn-60x60x100-00f0w010c011r110f110r010t010.jpg\"\n                    width=\"60\"\n                    height=\"60\"\n                    style=\"max-width:100%;\"\n                \/>\n            <\/a>\n        <\/div>\n\t\t\t\t\t\t\t<\/div> \n\t\t\t\n        \n\t\t\t\t<div id=\"ngg-image-8\" class=\"ngg-gallery-thumbnail-box\" >\n\t\t\t\t        <div class=\"ngg-gallery-thumbnail\">\n            <a href=\"http:\/\/www.spaziotorino.it\/scatto\/wp-content\/gallery\/2024_10_30_paratissima\/PLA_3805.jpg\"\n               title=\"Officine S-ex Snos - XX edizione di Paratissima\"\n               data-src=\"http:\/\/www.spaziotorino.it\/scatto\/wp-content\/gallery\/2024_10_30_paratissima\/PLA_3805.jpg\"\n               data-thumbnail=\"http:\/\/www.spaziotorino.it\/scatto\/wp-content\/gallery\/2024_10_30_paratissima\/thumbs\/thumbs_PLA_3805.jpg\"\n               data-image-id=\"34431\"\n               data-title=\"Officine S-ex Snos - XX edizione di Paratissima\"\n               data-description=\"Officine S-ex Snos - XX edizione di Paratissima\"\n               data-image-slug=\"pla_3805-1\"\n               class=\"ngg-fancybox\" rel=\"e6f04612ff6d474d6a51614688294644\">\n                <img\n                    title=\"Officine S-ex Snos - XX edizione di Paratissima\"\n                    alt=\"Officine S-ex Snos - XX edizione di Paratissima\"\n                    src=\"http:\/\/www.spaziotorino.it\/scatto\/wp-content\/gallery\/2024_10_30_paratissima\/cache\/PLA_3805.jpg-nggid0534431-ngg0dyn-60x60x100-00f0w010c011r110f110r010t010.jpg\"\n                    width=\"60\"\n                    height=\"60\"\n                    style=\"max-width:100%;\"\n                \/>\n            <\/a>\n        <\/div>\n\t\t\t\t\t\t\t<\/div> \n\t\t\t\n        \n\t\t\t\t<div id=\"ngg-image-9\" class=\"ngg-gallery-thumbnail-box\" >\n\t\t\t\t        <div class=\"ngg-gallery-thumbnail\">\n            <a href=\"http:\/\/www.spaziotorino.it\/scatto\/wp-content\/gallery\/2024_10_30_paratissima\/PLA_3808.jpg\"\n               title=\"Officine S-ex Snos - XX edizione di Paratissima\"\n               data-src=\"http:\/\/www.spaziotorino.it\/scatto\/wp-content\/gallery\/2024_10_30_paratissima\/PLA_3808.jpg\"\n               data-thumbnail=\"http:\/\/www.spaziotorino.it\/scatto\/wp-content\/gallery\/2024_10_30_paratissima\/thumbs\/thumbs_PLA_3808.jpg\"\n               data-image-id=\"34428\"\n               data-title=\"Officine S-ex Snos - XX edizione di Paratissima\"\n               data-description=\"Officine S-ex Snos - XX edizione di Paratissima\"\n               data-image-slug=\"pla_3808\"\n               class=\"ngg-fancybox\" rel=\"e6f04612ff6d474d6a51614688294644\">\n                <img\n                    title=\"Officine S-ex Snos - XX edizione di Paratissima\"\n                    alt=\"Officine S-ex Snos - XX edizione di Paratissima\"\n                    src=\"http:\/\/www.spaziotorino.it\/scatto\/wp-content\/gallery\/2024_10_30_paratissima\/cache\/PLA_3808.jpg-nggid0534428-ngg0dyn-60x60x100-00f0w010c011r110f110r010t010.jpg\"\n                    width=\"60\"\n                    height=\"60\"\n                    style=\"max-width:100%;\"\n                \/>\n            <\/a>\n        <\/div>\n\t\t\t\t\t\t\t<\/div> \n\t\t\t\n        \n\t\t\t\t<div id=\"ngg-image-10\" class=\"ngg-gallery-thumbnail-box\" >\n\t\t\t\t        <div class=\"ngg-gallery-thumbnail\">\n            <a href=\"http:\/\/www.spaziotorino.it\/scatto\/wp-content\/gallery\/2024_10_30_paratissima\/PLA_3816.jpg\"\n               title=\"Officine S-ex Snos - XX edizione di Paratissima\"\n               data-src=\"http:\/\/www.spaziotorino.it\/scatto\/wp-content\/gallery\/2024_10_30_paratissima\/PLA_3816.jpg\"\n               data-thumbnail=\"http:\/\/www.spaziotorino.it\/scatto\/wp-content\/gallery\/2024_10_30_paratissima\/thumbs\/thumbs_PLA_3816.jpg\"\n               data-image-id=\"34430\"\n               data-title=\"Officine S-ex Snos - XX edizione di Paratissima\"\n               data-description=\"Officine S-ex Snos - XX edizione di Paratissima\"\n               data-image-slug=\"pla_3816\"\n               class=\"ngg-fancybox\" rel=\"e6f04612ff6d474d6a51614688294644\">\n                <img\n                    title=\"Officine S-ex Snos - XX edizione di Paratissima\"\n                    alt=\"Officine S-ex Snos - XX edizione di Paratissima\"\n                    src=\"http:\/\/www.spaziotorino.it\/scatto\/wp-content\/gallery\/2024_10_30_paratissima\/cache\/PLA_3816.jpg-nggid0534430-ngg0dyn-60x60x100-00f0w010c011r110f110r010t010.jpg\"\n                    width=\"60\"\n                    height=\"60\"\n                    style=\"max-width:100%;\"\n                \/>\n            <\/a>\n        <\/div>\n\t\t\t\t\t\t\t<\/div> \n\t\t\t\n        \n\t\t\t\t<div id=\"ngg-image-11\" class=\"ngg-gallery-thumbnail-box\" >\n\t\t\t\t        <div class=\"ngg-gallery-thumbnail\">\n            <a href=\"http:\/\/www.spaziotorino.it\/scatto\/wp-content\/gallery\/2024_10_30_paratissima\/PLA_3823.jpg\"\n               title=\"Officine S-ex Snos - XX edizione di Paratissima\"\n               data-src=\"http:\/\/www.spaziotorino.it\/scatto\/wp-content\/gallery\/2024_10_30_paratissima\/PLA_3823.jpg\"\n               data-thumbnail=\"http:\/\/www.spaziotorino.it\/scatto\/wp-content\/gallery\/2024_10_30_paratissima\/thumbs\/thumbs_PLA_3823.jpg\"\n               data-image-id=\"34434\"\n               data-title=\"Officine S-ex Snos - XX edizione di Paratissima\"\n               data-description=\"Officine S-ex Snos - XX edizione di Paratissima\"\n               data-image-slug=\"pla_3823\"\n               class=\"ngg-fancybox\" rel=\"e6f04612ff6d474d6a51614688294644\">\n                <img\n                    title=\"Officine S-ex Snos - XX edizione di Paratissima\"\n                    alt=\"Officine S-ex Snos - XX edizione di Paratissima\"\n                    src=\"http:\/\/www.spaziotorino.it\/scatto\/wp-content\/gallery\/2024_10_30_paratissima\/cache\/PLA_3823.jpg-nggid0534434-ngg0dyn-60x60x100-00f0w010c011r110f110r010t010.jpg\"\n                    width=\"60\"\n                    height=\"60\"\n                    style=\"max-width:100%;\"\n                \/>\n            <\/a>\n        <\/div>\n\t\t\t\t\t\t\t<\/div> \n\t\t\t\n        \n\t\t\t\t<div id=\"ngg-image-12\" class=\"ngg-gallery-thumbnail-box\" >\n\t\t\t\t        <div class=\"ngg-gallery-thumbnail\">\n            <a href=\"http:\/\/www.spaziotorino.it\/scatto\/wp-content\/gallery\/2024_10_30_paratissima\/PLA_3826.jpg\"\n               title=\"Officine S-ex Snos - XX edizione di Paratissima\"\n               data-src=\"http:\/\/www.spaziotorino.it\/scatto\/wp-content\/gallery\/2024_10_30_paratissima\/PLA_3826.jpg\"\n               data-thumbnail=\"http:\/\/www.spaziotorino.it\/scatto\/wp-content\/gallery\/2024_10_30_paratissima\/thumbs\/thumbs_PLA_3826.jpg\"\n               data-image-id=\"34432\"\n               data-title=\"Officine S-ex Snos - XX edizione di Paratissima\"\n               data-description=\"Officine S-ex Snos - XX edizione di Paratissima\"\n               data-image-slug=\"pla_3826-3\"\n               class=\"ngg-fancybox\" rel=\"e6f04612ff6d474d6a51614688294644\">\n                <img\n                    title=\"Officine S-ex Snos - XX edizione di Paratissima\"\n                    alt=\"Officine S-ex Snos - XX edizione di Paratissima\"\n                    src=\"http:\/\/www.spaziotorino.it\/scatto\/wp-content\/gallery\/2024_10_30_paratissima\/cache\/PLA_3826.jpg-nggid0534432-ngg0dyn-60x60x100-00f0w010c011r110f110r010t010.jpg\"\n                    width=\"60\"\n                    height=\"60\"\n                    style=\"max-width:100%;\"\n                \/>\n            <\/a>\n        <\/div>\n\t\t\t\t\t\t\t<\/div> \n\t\t\t\n        \n\t\t\t\t<div id=\"ngg-image-13\" class=\"ngg-gallery-thumbnail-box\" >\n\t\t\t\t        <div class=\"ngg-gallery-thumbnail\">\n            <a href=\"http:\/\/www.spaziotorino.it\/scatto\/wp-content\/gallery\/2024_10_30_paratissima\/PLA_3832.jpg\"\n               title=\"Officine S-ex Snos - XX edizione di Paratissima\"\n               data-src=\"http:\/\/www.spaziotorino.it\/scatto\/wp-content\/gallery\/2024_10_30_paratissima\/PLA_3832.jpg\"\n               data-thumbnail=\"http:\/\/www.spaziotorino.it\/scatto\/wp-content\/gallery\/2024_10_30_paratissima\/thumbs\/thumbs_PLA_3832.jpg\"\n               data-image-id=\"34433\"\n               data-title=\"Officine S-ex Snos - XX edizione di Paratissima\"\n               data-description=\"Officine S-ex Snos - XX edizione di Paratissima\"\n               data-image-slug=\"pla_3832-3\"\n               class=\"ngg-fancybox\" rel=\"e6f04612ff6d474d6a51614688294644\">\n                <img\n                    title=\"Officine S-ex Snos - XX edizione di Paratissima\"\n                    alt=\"Officine S-ex Snos - XX edizione di Paratissima\"\n                    src=\"http:\/\/www.spaziotorino.it\/scatto\/wp-content\/gallery\/2024_10_30_paratissima\/cache\/PLA_3832.jpg-nggid0534433-ngg0dyn-60x60x100-00f0w010c011r110f110r010t010.jpg\"\n                    width=\"60\"\n                    height=\"60\"\n                    style=\"max-width:100%;\"\n                \/>\n            <\/a>\n        <\/div>\n\t\t\t\t\t\t\t<\/div> \n\t\t\t\n        \n\t\t\t\t<div id=\"ngg-image-14\" class=\"ngg-gallery-thumbnail-box\" >\n\t\t\t\t        <div class=\"ngg-gallery-thumbnail\">\n            <a href=\"http:\/\/www.spaziotorino.it\/scatto\/wp-content\/gallery\/2024_10_30_paratissima\/PLA_3836.jpg\"\n               title=\"Officine S-ex Snos - XX edizione di Paratissima\"\n               data-src=\"http:\/\/www.spaziotorino.it\/scatto\/wp-content\/gallery\/2024_10_30_paratissima\/PLA_3836.jpg\"\n               data-thumbnail=\"http:\/\/www.spaziotorino.it\/scatto\/wp-content\/gallery\/2024_10_30_paratissima\/thumbs\/thumbs_PLA_3836.jpg\"\n               data-image-id=\"34436\"\n               data-title=\"Officine S-ex Snos - XX edizione di Paratissima\"\n               data-description=\"Officine S-ex Snos - XX edizione di Paratissima\"\n               data-image-slug=\"pla_3836-1\"\n               class=\"ngg-fancybox\" rel=\"e6f04612ff6d474d6a51614688294644\">\n                <img\n                    title=\"Officine S-ex Snos - XX edizione di Paratissima\"\n                    alt=\"Officine S-ex Snos - XX edizione di Paratissima\"\n                    src=\"http:\/\/www.spaziotorino.it\/scatto\/wp-content\/gallery\/2024_10_30_paratissima\/cache\/PLA_3836.jpg-nggid0534436-ngg0dyn-60x60x100-00f0w010c011r110f110r010t010.jpg\"\n                    width=\"60\"\n                    height=\"60\"\n                    style=\"max-width:100%;\"\n                \/>\n            <\/a>\n        <\/div>\n\t\t\t\t\t\t\t<\/div> \n\t\t\t\n        \n\t\t\t\t<div id=\"ngg-image-15\" class=\"ngg-gallery-thumbnail-box\" >\n\t\t\t\t        <div class=\"ngg-gallery-thumbnail\">\n            <a href=\"http:\/\/www.spaziotorino.it\/scatto\/wp-content\/gallery\/2024_10_30_paratissima\/PLA_3838.jpg\"\n               title=\"Officine S-ex Snos - XX edizione di Paratissima\"\n               data-src=\"http:\/\/www.spaziotorino.it\/scatto\/wp-content\/gallery\/2024_10_30_paratissima\/PLA_3838.jpg\"\n               data-thumbnail=\"http:\/\/www.spaziotorino.it\/scatto\/wp-content\/gallery\/2024_10_30_paratissima\/thumbs\/thumbs_PLA_3838.jpg\"\n               data-image-id=\"34435\"\n               data-title=\"Officine S-ex Snos - XX edizione di Paratissima\"\n               data-description=\"Officine S-ex Snos - XX edizione di Paratissima\"\n               data-image-slug=\"pla_3838\"\n               class=\"ngg-fancybox\" rel=\"e6f04612ff6d474d6a51614688294644\">\n                <img\n                    title=\"Officine S-ex Snos - XX edizione di Paratissima\"\n                    alt=\"Officine S-ex Snos - XX edizione di Paratissima\"\n                    src=\"http:\/\/www.spaziotorino.it\/scatto\/wp-content\/gallery\/2024_10_30_paratissima\/cache\/PLA_3838.jpg-nggid0534435-ngg0dyn-60x60x100-00f0w010c011r110f110r010t010.jpg\"\n                    width=\"60\"\n                    height=\"60\"\n                    style=\"max-width:100%;\"\n                \/>\n            <\/a>\n        <\/div>\n\t\t\t\t\t\t\t<\/div> \n\t\t\t\n        \n\t\t\t\t<div id=\"ngg-image-16\" class=\"ngg-gallery-thumbnail-box\" >\n\t\t\t\t        <div class=\"ngg-gallery-thumbnail\">\n            <a href=\"http:\/\/www.spaziotorino.it\/scatto\/wp-content\/gallery\/2024_10_30_paratissima\/PLA_3848.jpg\"\n               title=\"Officine S-ex Snos - XX edizione di Paratissima\"\n               data-src=\"http:\/\/www.spaziotorino.it\/scatto\/wp-content\/gallery\/2024_10_30_paratissima\/PLA_3848.jpg\"\n               data-thumbnail=\"http:\/\/www.spaziotorino.it\/scatto\/wp-content\/gallery\/2024_10_30_paratissima\/thumbs\/thumbs_PLA_3848.jpg\"\n               data-image-id=\"34437\"\n               data-title=\"Officine S-ex Snos - XX edizione di Paratissima\"\n               data-description=\"Officine S-ex Snos - XX edizione di Paratissima\"\n               data-image-slug=\"pla_3848-2\"\n               class=\"ngg-fancybox\" rel=\"e6f04612ff6d474d6a51614688294644\">\n                <img\n                    title=\"Officine S-ex Snos - XX edizione di Paratissima\"\n                    alt=\"Officine S-ex Snos - XX edizione di Paratissima\"\n                    src=\"http:\/\/www.spaziotorino.it\/scatto\/wp-content\/gallery\/2024_10_30_paratissima\/cache\/PLA_3848.jpg-nggid0534437-ngg0dyn-60x60x100-00f0w010c011r110f110r010t010.jpg\"\n                    width=\"60\"\n                    height=\"60\"\n                    style=\"max-width:100%;\"\n                \/>\n            <\/a>\n        <\/div>\n\t\t\t\t\t\t\t<\/div> \n\t\t\t\n        \n\t\t\t\t<div id=\"ngg-image-17\" class=\"ngg-gallery-thumbnail-box\" >\n\t\t\t\t        <div class=\"ngg-gallery-thumbnail\">\n            <a href=\"http:\/\/www.spaziotorino.it\/scatto\/wp-content\/gallery\/2024_10_30_paratissima\/PLA_3850.jpg\"\n               title=\"Officine S-ex Snos - XX edizione di Paratissima\"\n               data-src=\"http:\/\/www.spaziotorino.it\/scatto\/wp-content\/gallery\/2024_10_30_paratissima\/PLA_3850.jpg\"\n               data-thumbnail=\"http:\/\/www.spaziotorino.it\/scatto\/wp-content\/gallery\/2024_10_30_paratissima\/thumbs\/thumbs_PLA_3850.jpg\"\n               data-image-id=\"34438\"\n               data-title=\"Officine S-ex Snos - XX edizione di Paratissima\"\n               data-description=\"Officine S-ex Snos - XX edizione di Paratissima\"\n               data-image-slug=\"pla_3850\"\n               class=\"ngg-fancybox\" rel=\"e6f04612ff6d474d6a51614688294644\">\n                <img\n                    title=\"Officine S-ex Snos - XX edizione di Paratissima\"\n                    alt=\"Officine S-ex Snos - XX edizione di Paratissima\"\n                    src=\"http:\/\/www.spaziotorino.it\/scatto\/wp-content\/gallery\/2024_10_30_paratissima\/cache\/PLA_3850.jpg-nggid0534438-ngg0dyn-60x60x100-00f0w010c011r110f110r010t010.jpg\"\n                    width=\"60\"\n                    height=\"60\"\n                    style=\"max-width:100%;\"\n                \/>\n            <\/a>\n        <\/div>\n\t\t\t\t\t\t\t<\/div> \n\t\t\t\n        \n\t\t\t\t<div id=\"ngg-image-18\" class=\"ngg-gallery-thumbnail-box\" >\n\t\t\t\t        <div class=\"ngg-gallery-thumbnail\">\n            <a href=\"http:\/\/www.spaziotorino.it\/scatto\/wp-content\/gallery\/2024_10_30_paratissima\/PLA_3859.jpg\"\n               title=\"Officine S-ex Snos - XX edizione di Paratissima\"\n               data-src=\"http:\/\/www.spaziotorino.it\/scatto\/wp-content\/gallery\/2024_10_30_paratissima\/PLA_3859.jpg\"\n               data-thumbnail=\"http:\/\/www.spaziotorino.it\/scatto\/wp-content\/gallery\/2024_10_30_paratissima\/thumbs\/thumbs_PLA_3859.jpg\"\n               data-image-id=\"34440\"\n               data-title=\"Officine S-ex Snos - XX edizione di Paratissima\"\n               data-description=\"Officine S-ex Snos - XX edizione di Paratissima\"\n               data-image-slug=\"pla_3859-1\"\n               class=\"ngg-fancybox\" rel=\"e6f04612ff6d474d6a51614688294644\">\n                <img\n                    title=\"Officine S-ex Snos - XX edizione di Paratissima\"\n                    alt=\"Officine S-ex Snos - XX edizione di Paratissima\"\n                    src=\"http:\/\/www.spaziotorino.it\/scatto\/wp-content\/gallery\/2024_10_30_paratissima\/cache\/PLA_3859.jpg-nggid0534440-ngg0dyn-60x60x100-00f0w010c011r110f110r010t010.jpg\"\n                    width=\"60\"\n                    height=\"60\"\n                    style=\"max-width:100%;\"\n                \/>\n            <\/a>\n        <\/div>\n\t\t\t\t\t\t\t<\/div> \n\t\t\t\n        \n\t\t\t\t<div id=\"ngg-image-19\" class=\"ngg-gallery-thumbnail-box\" >\n\t\t\t\t        <div class=\"ngg-gallery-thumbnail\">\n            <a href=\"http:\/\/www.spaziotorino.it\/scatto\/wp-content\/gallery\/2024_10_30_paratissima\/PLA_3871.jpg\"\n               title=\"Officine S-ex Snos - XX edizione di Paratissima\"\n               data-src=\"http:\/\/www.spaziotorino.it\/scatto\/wp-content\/gallery\/2024_10_30_paratissima\/PLA_3871.jpg\"\n               data-thumbnail=\"http:\/\/www.spaziotorino.it\/scatto\/wp-content\/gallery\/2024_10_30_paratissima\/thumbs\/thumbs_PLA_3871.jpg\"\n               data-image-id=\"34439\"\n               data-title=\"Officine S-ex Snos - XX edizione di Paratissima\"\n               data-description=\"Officine S-ex Snos - XX edizione di Paratissima\"\n               data-image-slug=\"pla_3871-2\"\n               class=\"ngg-fancybox\" rel=\"e6f04612ff6d474d6a51614688294644\">\n                <img\n                    title=\"Officine S-ex Snos - XX edizione di Paratissima\"\n                    alt=\"Officine S-ex Snos - XX edizione di Paratissima\"\n                    src=\"http:\/\/www.spaziotorino.it\/scatto\/wp-content\/gallery\/2024_10_30_paratissima\/cache\/PLA_3871.jpg-nggid0534439-ngg0dyn-60x60x100-00f0w010c011r110f110r010t010.jpg\"\n                    width=\"60\"\n                    height=\"60\"\n                    style=\"max-width:100%;\"\n                \/>\n            <\/a>\n        <\/div>\n\t\t\t\t\t\t\t<\/div> \n\t\t\t\n        \n\t\t\t\t<div id=\"ngg-image-20\" class=\"ngg-gallery-thumbnail-box\" >\n\t\t\t\t        <div class=\"ngg-gallery-thumbnail\">\n            <a href=\"http:\/\/www.spaziotorino.it\/scatto\/wp-content\/gallery\/2024_10_30_paratissima\/PLA_3874.jpg\"\n               title=\"Officine S-ex Snos - XX edizione di Paratissima\"\n               data-src=\"http:\/\/www.spaziotorino.it\/scatto\/wp-content\/gallery\/2024_10_30_paratissima\/PLA_3874.jpg\"\n               data-thumbnail=\"http:\/\/www.spaziotorino.it\/scatto\/wp-content\/gallery\/2024_10_30_paratissima\/thumbs\/thumbs_PLA_3874.jpg\"\n               data-image-id=\"34441\"\n               data-title=\"Officine S-ex Snos - XX edizione di Paratissima\"\n               data-description=\"Officine S-ex Snos - XX edizione di Paratissima\"\n               data-image-slug=\"pla_3874-1\"\n               class=\"ngg-fancybox\" rel=\"e6f04612ff6d474d6a51614688294644\">\n                <img\n                    title=\"Officine S-ex Snos - XX edizione di Paratissima\"\n                    alt=\"Officine S-ex Snos - XX edizione di Paratissima\"\n                    src=\"http:\/\/www.spaziotorino.it\/scatto\/wp-content\/gallery\/2024_10_30_paratissima\/cache\/PLA_3874.jpg-nggid0534441-ngg0dyn-60x60x100-00f0w010c011r110f110r010t010.jpg\"\n                    width=\"60\"\n                    height=\"60\"\n                    style=\"max-width:100%;\"\n                \/>\n            <\/a>\n        <\/div>\n\t\t\t\t\t\t\t<\/div> \n\t\t\t\n        \n\t\t\n\t\t<!-- Pagination -->\n\t<div class='ngg-clear'><\/div>\t<\/div>\n\n<p>Dal 31 ottobre al 3 novembre 2024, Paratissima celebra vent\u2019anni di viaggio nel mondo dell\u2019arte contemporanea. Un traguardo straordinario che la riporta alle origini del suo percorso, fatto di correnti artistiche, cambiamenti e una costante ricerca di nuove rotte da tracciare.<\/p>\n<p>Paratissima VENTI \u00e8 il punto d\u2019incontro tra passato e futuro, un\u2019occasione per riflettere sulle traiettorie creative che hanno plasmato la storia dell\u2019evento che ha riscritto i codici della fiera d\u2019arte contemporanea, rivolgendosi come nessun altro aveva fatto prima agli artisti e ai creativi emergenti ancora non entrati nel circuito ufficiale dell\u2019arte, ma anche soprattutto un\u2019opportunit\u00e0 per sperimentare nuove prospettive.<\/p>\n<p>In questa edizione speciale la sfida \u00e8 muoversi in una nuova direzione, accolti da una nuova e affascinante sede: gli Uffici | SNOS (Corso Mortara, 24), concessi temporaneamente da Intesa Sanpaolo S.p.a.. Qui, un flusso continuo di creativit\u00e0 attraverser\u00e0 le opere di pi\u00f9 di 350 artisti che spaziano dalle arti visive alle nuove forme di espressione digitale, per offrire al pubblico un\u2019esperienza immersiva e<br \/>\ncoinvolgente.<\/p>\n<p><em>\u201cL\u2019arte contemporanea \u00e8 senza dubbio una delle vocazioni di Torino, uno dei tratti distintivi della sua vita culturale, che vogliamo continuare a supportare e rafforzare<\/em>&nbsp;\u2013 afferma il sindaco&nbsp;<strong>Stefano Lo Russo<\/strong>&nbsp;\u2013<em>. In questa cornice realt\u00e0 come Paratissima, che festeggia quest\u2019anno l\u2019importante traguardo del ventennale, rappresentano un\u2019eccellenza e un motivo d\u2019orgoglio per la citt\u00e0. L\u2019amministrazione comunale, grazie anche all\u2019impegno della Vicesindaca Michela Favaro, ha supportato la ricerca di una nuova sede e oggi siamo davvero contenti di dare il via a questa nuova edizione, consapevoli che arte e cultura possano davvero fare la differenza per la nostra citt\u00e0 e posizionarla a livello internazionale\u201d<\/em><\/p>\n<p>Paratissima non \u00e8 solo una fiera d\u2019arte: \u00e8 un crocevia di idee e talenti, un tornado di creativit\u00e0 che da vent\u2019anni scuote, stravolge e trasforma. Ogni edizione \u00e8 stata una tappa di un viaggio senza mappa, attraversando citt\u00e0 e orizzonti, dall\u2019Italia all\u2019Europa e portando come tratto distintivo la passione per l\u2019innovazione e l\u2019arte emergente.<\/p>\n<p>Paratissima VENTI \u00e8 uno sguardo orgoglioso rivolto al passato ma proiettandosi verso il futuro, con l\u2019energia di chi sa che il meglio deve ancora venire, pronti a esplorare nuovi spazi, a dare voce ai talenti di domani e a continuare a tracciare nuovi percorsi nell\u2019arte contemporanea.<\/p>\n<p>A sviluppare il visual e il testo manifesto di Paratissima VENTI \u00e8 stata Catherine Gipton, AI-powered Art Curator by Alessandro Scali. La scelta di affidare a una curatrice d\u2019arte virtuale la creazione di elementi chiave della comunicazione di Paratissima VENTI dimostra il&nbsp;coraggio&nbsp;e la&nbsp;visione innovativa&nbsp;di Paratissima, che non ha mai esitato a&nbsp;sfidare le convenzioni&nbsp;e ad esplorare nuove strade. Affidarsi a<br \/>\nCatherine Gipton, un\u2019intelligenza artificiale, per celebrare i venti anni di un evento cos\u00ec significativo, sottolinea l\u2019impegno costante di Paratissima nel promuovere un\u2019arte che sia&nbsp;sperimentale,&nbsp;inclusiva&nbsp;e&nbsp;proiettata verso il futuro.<\/p>\n<p><strong>LA NUOVA LOCATION<\/strong><\/p>\n<p>Paratissima si insedia in uno spazio inedito e trova casa per la sua ventesima edizione all\u2019interno di quelli che una volta erano gli \u201cUffici Seat Pagine Gialle\u201d, oggi \u201cUffici | SNOS\u201d, nome derivante dall\u2019adiacenza con la galleria che ospitava le Officine Savigliano, in Corso Mortara 24. Una sfida che ha deciso di affrontare ripensando modalit\u00e0 allestitive e progettuali alternative, riqualificando una location unica e iconica realizzata dallo studio Iosa Ghini Associati, citata per interesse architettonico finanche nella 13a Mostra internazionale di Architettura della Biennale di Venezia.<\/p>\n<p>Spazi caratterizzati da linee curve e sinuose, pareti trasparenti e pochissime porte, molti colori e giochi di luce. Un ambiente fluente, giocoso e colorato, caratterizzato dall\u2019assenza di angoli retti e zone buie. Una nuova dimensione creativa dove l\u2019arte si sostituisce ai complementi d\u2019arredo convenzionali d\u2019ufficio, generando un linguaggio espositivo inesplorato ed inaspettato. Gli spazi che un tempo erano<br \/>\ndedicati al lavoro comune, si trasformano oggi in luoghi di incontro culturale, dove le persone possono nuovamente condividere esperienze, emozioni e confronti, creando un nuovo senso di comunit\u00e0, un legame tra visitatori e artisti che va oltre le pareti fisiche.<\/p>\n<p>Paratissima VENTI celebra cos\u00ec non solo l\u2019arte contemporanea, ma anche la capacit\u00e0 di reinventare e valorizzare gli spazi, dimostrando come la creativit\u00e0 possa ridefinire il concetto di condivisione.<\/p>\n<p>Maggiori informazioni nelle pagine di <a href=\"https:\/\/www.paratissima.it\/\"><strong>Paratissima<\/strong><\/a><\/p>\n","protected":false},"excerpt":{"rendered":"<p>Dal 31 ottobre al 3 novembre 2024, Paratissima celebra vent\u2019anni di viaggio nel mondo dell\u2019arte contemporanea. Un traguardo straordinario che la riporta alle origini del suo percorso, fatto di correnti artistiche, cambiamenti e una costante ricerca di nuove rotte da tracciare. Paratissima VENTI \u00e8 il punto d\u2019incontro tra passato e futuro, un\u2019occasione per riflettere sulle [&hellip;]<\/p>\n","protected":false},"author":1,"featured_media":0,"comment_status":"closed","ping_status":"open","sticky":false,"template":"","format":"standard","meta":{"ngg_post_thumbnail":0},"categories":[54,1],"tags":[],"_links":{"self":[{"href":"http:\/\/www.spaziotorino.it\/scatto\/index.php?rest_route=\/wp\/v2\/posts\/52617"}],"collection":[{"href":"http:\/\/www.spaziotorino.it\/scatto\/index.php?rest_route=\/wp\/v2\/posts"}],"about":[{"href":"http:\/\/www.spaziotorino.it\/scatto\/index.php?rest_route=\/wp\/v2\/types\/post"}],"author":[{"embeddable":true,"href":"http:\/\/www.spaziotorino.it\/scatto\/index.php?rest_route=\/wp\/v2\/users\/1"}],"replies":[{"embeddable":true,"href":"http:\/\/www.spaziotorino.it\/scatto\/index.php?rest_route=%2Fwp%2Fv2%2Fcomments&post=52617"}],"version-history":[{"count":1,"href":"http:\/\/www.spaziotorino.it\/scatto\/index.php?rest_route=\/wp\/v2\/posts\/52617\/revisions"}],"predecessor-version":[{"id":52619,"href":"http:\/\/www.spaziotorino.it\/scatto\/index.php?rest_route=\/wp\/v2\/posts\/52617\/revisions\/52619"}],"wp:attachment":[{"href":"http:\/\/www.spaziotorino.it\/scatto\/index.php?rest_route=%2Fwp%2Fv2%2Fmedia&parent=52617"}],"wp:term":[{"taxonomy":"category","embeddable":true,"href":"http:\/\/www.spaziotorino.it\/scatto\/index.php?rest_route=%2Fwp%2Fv2%2Fcategories&post=52617"},{"taxonomy":"post_tag","embeddable":true,"href":"http:\/\/www.spaziotorino.it\/scatto\/index.php?rest_route=%2Fwp%2Fv2%2Ftags&post=52617"}],"curies":[{"name":"wp","href":"https:\/\/api.w.org\/{rel}","templated":true}]}}