{"id":53425,"date":"2024-11-25T14:48:31","date_gmt":"2024-11-25T13:48:31","guid":{"rendered":"http:\/\/www.spaziotorino.it\/scatto\/?p=53425"},"modified":"2024-11-26T13:50:09","modified_gmt":"2024-11-26T12:50:09","slug":"alec-baldwin-protagonista-al-festival-del-cinema-con-the-hunt-for-red-october","status":"publish","type":"post","link":"http:\/\/www.spaziotorino.it\/scatto\/?p=53425","title":{"rendered":"Alec Baldwin protagonista al Festival del Cinema con &#8216;The Hunt for Red October&#8217;"},"content":{"rendered":"<p><a class=\"ngg-fancybox\" title=\"Alec Baldwin protagonista al Festival del Cinema con 'The Hunt for Red October'\" href=\"http:\/\/www.spaziotorino.it\/scatto\/wp-content\/gallery\/2024_11_25_baldwin\/PLA_4758.jpg\" rel=\"lightbox[set_2376]\"><br \/>\n<img decoding=\"async\" loading=\"lazy\" class=\"ngg-singlepic\" title=\"Alec Baldwin protagonista al Festival del Cinema con 'The Hunt for Red October'\" src=\"http:\/\/www.spaziotorino.it\/scatto\/wp-content\/gallery\/2024_11_25_baldwin\/PLA_4758.jpg\" alt=\"\" width=\"540\" height=\"360\"\/><\/a><\/p>\n<!-- index.php -->\n<div\n\tclass=\"ngg-galleryoverview ngg-ajax-pagination-none\"\n\tid=\"ngg-gallery-9b4e4114598f8c372a4830b41e29dd21-1\">\n\n    \t\t<!-- Thumbnails -->\n\t\t\t\t<div id=\"ngg-image-0\" class=\"ngg-gallery-thumbnail-box\" >\n\t\t\t\t        <div class=\"ngg-gallery-thumbnail\">\n            <a href=\"http:\/\/www.spaziotorino.it\/scatto\/wp-content\/gallery\/2024_11_25_baldwin\/PLA_4570.jpg\"\n               title=\"Kim Hyun-jung\"\n               data-src=\"http:\/\/www.spaziotorino.it\/scatto\/wp-content\/gallery\/2024_11_25_baldwin\/PLA_4570.jpg\"\n               data-thumbnail=\"http:\/\/www.spaziotorino.it\/scatto\/wp-content\/gallery\/2024_11_25_baldwin\/thumbs\/thumbs_PLA_4570.jpg\"\n               data-image-id=\"35068\"\n               data-title=\"Kim Hyun-jung\"\n               data-description=\"Kim Hyun-jung\"\n               data-image-slug=\"pla_4570\"\n               class=\"ngg-fancybox\" rel=\"9b4e4114598f8c372a4830b41e29dd21\">\n                <img\n                    title=\"Kim Hyun-jung\"\n                    alt=\"Kim Hyun-jung\"\n                    src=\"http:\/\/www.spaziotorino.it\/scatto\/wp-content\/gallery\/2024_11_25_baldwin\/cache\/PLA_4570.jpg-nggid0535068-ngg0dyn-60x60x100-00f0w010c011r110f110r010t010.jpg\"\n                    width=\"60\"\n                    height=\"60\"\n                    style=\"max-width:100%;\"\n                \/>\n            <\/a>\n        <\/div>\n\t\t\t\t\t\t\t<\/div> \n\t\t\t\n        \n\t\t\t\t<div id=\"ngg-image-1\" class=\"ngg-gallery-thumbnail-box\" >\n\t\t\t\t        <div class=\"ngg-gallery-thumbnail\">\n            <a href=\"http:\/\/www.spaziotorino.it\/scatto\/wp-content\/gallery\/2024_11_25_baldwin\/PLA_4577.jpg\"\n               title=\"Kim Hyun-jung\"\n               data-src=\"http:\/\/www.spaziotorino.it\/scatto\/wp-content\/gallery\/2024_11_25_baldwin\/PLA_4577.jpg\"\n               data-thumbnail=\"http:\/\/www.spaziotorino.it\/scatto\/wp-content\/gallery\/2024_11_25_baldwin\/thumbs\/thumbs_PLA_4577.jpg\"\n               data-image-id=\"35069\"\n               data-title=\"Kim Hyun-jung\"\n               data-description=\"Kim Hyun-jung\"\n               data-image-slug=\"pla_4577-2\"\n               class=\"ngg-fancybox\" rel=\"9b4e4114598f8c372a4830b41e29dd21\">\n                <img\n                    title=\"Kim Hyun-jung\"\n                    alt=\"Kim Hyun-jung\"\n                    src=\"http:\/\/www.spaziotorino.it\/scatto\/wp-content\/gallery\/2024_11_25_baldwin\/cache\/PLA_4577.jpg-nggid0535069-ngg0dyn-60x60x100-00f0w010c011r110f110r010t010.jpg\"\n                    width=\"60\"\n                    height=\"60\"\n                    style=\"max-width:100%;\"\n                \/>\n            <\/a>\n        <\/div>\n\t\t\t\t\t\t\t<\/div> \n\t\t\t\n        \n\t\t\t\t<div id=\"ngg-image-2\" class=\"ngg-gallery-thumbnail-box\" >\n\t\t\t\t        <div class=\"ngg-gallery-thumbnail\">\n            <a href=\"http:\/\/www.spaziotorino.it\/scatto\/wp-content\/gallery\/2024_11_25_baldwin\/PLA_4614.jpg\"\n               title=\"Jorge Riquelme Serrano e Gast\u00f3n Salgado\"\n               data-src=\"http:\/\/www.spaziotorino.it\/scatto\/wp-content\/gallery\/2024_11_25_baldwin\/PLA_4614.jpg\"\n               data-thumbnail=\"http:\/\/www.spaziotorino.it\/scatto\/wp-content\/gallery\/2024_11_25_baldwin\/thumbs\/thumbs_PLA_4614.jpg\"\n               data-image-id=\"35070\"\n               data-title=\"Jorge Riquelme Serrano e Gast\u00f3n Salgado\"\n               data-description=\"Jorge Riquelme Serrano e Gast\u00f3n Salgado\"\n               data-image-slug=\"pla_4614-2\"\n               class=\"ngg-fancybox\" rel=\"9b4e4114598f8c372a4830b41e29dd21\">\n                <img\n                    title=\"Jorge Riquelme Serrano e Gast\u00f3n Salgado\"\n                    alt=\"Jorge Riquelme Serrano e Gast\u00f3n Salgado\"\n                    src=\"http:\/\/www.spaziotorino.it\/scatto\/wp-content\/gallery\/2024_11_25_baldwin\/cache\/PLA_4614.jpg-nggid0535070-ngg0dyn-60x60x100-00f0w010c011r110f110r010t010.jpg\"\n                    width=\"60\"\n                    height=\"60\"\n                    style=\"max-width:100%;\"\n                \/>\n            <\/a>\n        <\/div>\n\t\t\t\t\t\t\t<\/div> \n\t\t\t\n        \n\t\t\t\t<div id=\"ngg-image-3\" class=\"ngg-gallery-thumbnail-box\" >\n\t\t\t\t        <div class=\"ngg-gallery-thumbnail\">\n            <a href=\"http:\/\/www.spaziotorino.it\/scatto\/wp-content\/gallery\/2024_11_25_baldwin\/PLA_4621.jpg\"\n               title=\"Jorge Riquelme Serrano\"\n               data-src=\"http:\/\/www.spaziotorino.it\/scatto\/wp-content\/gallery\/2024_11_25_baldwin\/PLA_4621.jpg\"\n               data-thumbnail=\"http:\/\/www.spaziotorino.it\/scatto\/wp-content\/gallery\/2024_11_25_baldwin\/thumbs\/thumbs_PLA_4621.jpg\"\n               data-image-id=\"35072\"\n               data-title=\"Jorge Riquelme Serrano\"\n               data-description=\"Jorge Riquelme Serrano\"\n               data-image-slug=\"pla_4621-1\"\n               class=\"ngg-fancybox\" rel=\"9b4e4114598f8c372a4830b41e29dd21\">\n                <img\n                    title=\"Jorge Riquelme Serrano\"\n                    alt=\"Jorge Riquelme Serrano\"\n                    src=\"http:\/\/www.spaziotorino.it\/scatto\/wp-content\/gallery\/2024_11_25_baldwin\/cache\/PLA_4621.jpg-nggid0535072-ngg0dyn-60x60x100-00f0w010c011r110f110r010t010.jpg\"\n                    width=\"60\"\n                    height=\"60\"\n                    style=\"max-width:100%;\"\n                \/>\n            <\/a>\n        <\/div>\n\t\t\t\t\t\t\t<\/div> \n\t\t\t\n        \n\t\t\t\t<div id=\"ngg-image-4\" class=\"ngg-gallery-thumbnail-box\" >\n\t\t\t\t        <div class=\"ngg-gallery-thumbnail\">\n            <a href=\"http:\/\/www.spaziotorino.it\/scatto\/wp-content\/gallery\/2024_11_25_baldwin\/PLA_4633.jpg\"\n               title=\"Gast\u00f3n Salgado\"\n               data-src=\"http:\/\/www.spaziotorino.it\/scatto\/wp-content\/gallery\/2024_11_25_baldwin\/PLA_4633.jpg\"\n               data-thumbnail=\"http:\/\/www.spaziotorino.it\/scatto\/wp-content\/gallery\/2024_11_25_baldwin\/thumbs\/thumbs_PLA_4633.jpg\"\n               data-image-id=\"35073\"\n               data-title=\"Gast\u00f3n Salgado\"\n               data-description=\"Gast\u00f3n Salgado\"\n               data-image-slug=\"pla_4633-2\"\n               class=\"ngg-fancybox\" rel=\"9b4e4114598f8c372a4830b41e29dd21\">\n                <img\n                    title=\"Gast\u00f3n Salgado\"\n                    alt=\"Gast\u00f3n Salgado\"\n                    src=\"http:\/\/www.spaziotorino.it\/scatto\/wp-content\/gallery\/2024_11_25_baldwin\/cache\/PLA_4633.jpg-nggid0535073-ngg0dyn-60x60x100-00f0w010c011r110f110r010t010.jpg\"\n                    width=\"60\"\n                    height=\"60\"\n                    style=\"max-width:100%;\"\n                \/>\n            <\/a>\n        <\/div>\n\t\t\t\t\t\t\t<\/div> \n\t\t\t\n        \n\t\t\t\t<div id=\"ngg-image-5\" class=\"ngg-gallery-thumbnail-box\" >\n\t\t\t\t        <div class=\"ngg-gallery-thumbnail\">\n            <a href=\"http:\/\/www.spaziotorino.it\/scatto\/wp-content\/gallery\/2024_11_25_baldwin\/PLA_4659.jpg\"\n               title=\"Alec Baldwin arriva alla Cavallerizza Reale\"\n               data-src=\"http:\/\/www.spaziotorino.it\/scatto\/wp-content\/gallery\/2024_11_25_baldwin\/PLA_4659.jpg\"\n               data-thumbnail=\"http:\/\/www.spaziotorino.it\/scatto\/wp-content\/gallery\/2024_11_25_baldwin\/thumbs\/thumbs_PLA_4659.jpg\"\n               data-image-id=\"35071\"\n               data-title=\"Alec Baldwin arriva alla Cavallerizza Reale\"\n               data-description=\"Alec Baldwin arriva alla Cavallerizza Reale\"\n               data-image-slug=\"pla_4659-1\"\n               class=\"ngg-fancybox\" rel=\"9b4e4114598f8c372a4830b41e29dd21\">\n                <img\n                    title=\"Alec Baldwin arriva alla Cavallerizza Reale\"\n                    alt=\"Alec Baldwin arriva alla Cavallerizza Reale\"\n                    src=\"http:\/\/www.spaziotorino.it\/scatto\/wp-content\/gallery\/2024_11_25_baldwin\/cache\/PLA_4659.jpg-nggid0535071-ngg0dyn-60x60x100-00f0w010c011r110f110r010t010.jpg\"\n                    width=\"60\"\n                    height=\"60\"\n                    style=\"max-width:100%;\"\n                \/>\n            <\/a>\n        <\/div>\n\t\t\t\t\t\t\t<\/div> \n\t\t\t\n        \n\t\t\t\t<div id=\"ngg-image-6\" class=\"ngg-gallery-thumbnail-box\" >\n\t\t\t\t        <div class=\"ngg-gallery-thumbnail\">\n            <a href=\"http:\/\/www.spaziotorino.it\/scatto\/wp-content\/gallery\/2024_11_25_baldwin\/PLA_4706.jpg\"\n               title=\"Alec Baldwin\"\n               data-src=\"http:\/\/www.spaziotorino.it\/scatto\/wp-content\/gallery\/2024_11_25_baldwin\/PLA_4706.jpg\"\n               data-thumbnail=\"http:\/\/www.spaziotorino.it\/scatto\/wp-content\/gallery\/2024_11_25_baldwin\/thumbs\/thumbs_PLA_4706.jpg\"\n               data-image-id=\"35074\"\n               data-title=\"Alec Baldwin\"\n               data-description=\"Alec Baldwin\"\n               data-image-slug=\"pla_4706-1\"\n               class=\"ngg-fancybox\" rel=\"9b4e4114598f8c372a4830b41e29dd21\">\n                <img\n                    title=\"Alec Baldwin\"\n                    alt=\"Alec Baldwin\"\n                    src=\"http:\/\/www.spaziotorino.it\/scatto\/wp-content\/gallery\/2024_11_25_baldwin\/cache\/PLA_4706.jpg-nggid0535074-ngg0dyn-60x60x100-00f0w010c011r110f110r010t010.jpg\"\n                    width=\"60\"\n                    height=\"60\"\n                    style=\"max-width:100%;\"\n                \/>\n            <\/a>\n        <\/div>\n\t\t\t\t\t\t\t<\/div> \n\t\t\t\n        \n\t\t\t\t<div id=\"ngg-image-7\" class=\"ngg-gallery-thumbnail-box\" >\n\t\t\t\t        <div class=\"ngg-gallery-thumbnail\">\n            <a href=\"http:\/\/www.spaziotorino.it\/scatto\/wp-content\/gallery\/2024_11_25_baldwin\/PLA_4731.jpg\"\n               title=\"Alec Baldwin con il direttore del TFF, Giulio Base\"\n               data-src=\"http:\/\/www.spaziotorino.it\/scatto\/wp-content\/gallery\/2024_11_25_baldwin\/PLA_4731.jpg\"\n               data-thumbnail=\"http:\/\/www.spaziotorino.it\/scatto\/wp-content\/gallery\/2024_11_25_baldwin\/thumbs\/thumbs_PLA_4731.jpg\"\n               data-image-id=\"35075\"\n               data-title=\"Alec Baldwin con il direttore del TFF, Giulio Base\"\n               data-description=\"Alec Baldwin con il direttore del TFF, Giulio Base\"\n               data-image-slug=\"pla_4731-2\"\n               class=\"ngg-fancybox\" rel=\"9b4e4114598f8c372a4830b41e29dd21\">\n                <img\n                    title=\"Alec Baldwin con il direttore del TFF, Giulio Base\"\n                    alt=\"Alec Baldwin con il direttore del TFF, Giulio Base\"\n                    src=\"http:\/\/www.spaziotorino.it\/scatto\/wp-content\/gallery\/2024_11_25_baldwin\/cache\/PLA_4731.jpg-nggid0535075-ngg0dyn-60x60x100-00f0w010c011r110f110r010t010.jpg\"\n                    width=\"60\"\n                    height=\"60\"\n                    style=\"max-width:100%;\"\n                \/>\n            <\/a>\n        <\/div>\n\t\t\t\t\t\t\t<\/div> \n\t\t\t\n        \n\t\t\t\t<div id=\"ngg-image-8\" class=\"ngg-gallery-thumbnail-box\" >\n\t\t\t\t        <div class=\"ngg-gallery-thumbnail\">\n            <a href=\"http:\/\/www.spaziotorino.it\/scatto\/wp-content\/gallery\/2024_11_25_baldwin\/PLA_4756.jpg\"\n               title=\"Da che parte guardiamo? Alec Baldwin con il presidente del Museo del Cinema, Enzo Ghigo\"\n               data-src=\"http:\/\/www.spaziotorino.it\/scatto\/wp-content\/gallery\/2024_11_25_baldwin\/PLA_4756.jpg\"\n               data-thumbnail=\"http:\/\/www.spaziotorino.it\/scatto\/wp-content\/gallery\/2024_11_25_baldwin\/thumbs\/thumbs_PLA_4756.jpg\"\n               data-image-id=\"35076\"\n               data-title=\"Da che parte guardiamo? Alec Baldwin con il presidente del Museo del Cinema, Enzo Ghigo\"\n               data-description=\"Da che parte guardiamo? Alec Baldwin con il presidente del Museo del Cinema, Enzo Ghigo\"\n               data-image-slug=\"pla_4756-1\"\n               class=\"ngg-fancybox\" rel=\"9b4e4114598f8c372a4830b41e29dd21\">\n                <img\n                    title=\"Da che parte guardiamo? Alec Baldwin con il presidente del Museo del Cinema, Enzo Ghigo\"\n                    alt=\"Da che parte guardiamo? Alec Baldwin con il presidente del Museo del Cinema, Enzo Ghigo\"\n                    src=\"http:\/\/www.spaziotorino.it\/scatto\/wp-content\/gallery\/2024_11_25_baldwin\/cache\/PLA_4756.jpg-nggid0535076-ngg0dyn-60x60x100-00f0w010c011r110f110r010t010.jpg\"\n                    width=\"60\"\n                    height=\"60\"\n                    style=\"max-width:100%;\"\n                \/>\n            <\/a>\n        <\/div>\n\t\t\t\t\t\t\t<\/div> \n\t\t\t\n        \n\t\t\t\t<div id=\"ngg-image-9\" class=\"ngg-gallery-thumbnail-box\" >\n\t\t\t\t        <div class=\"ngg-gallery-thumbnail\">\n            <a href=\"http:\/\/www.spaziotorino.it\/scatto\/wp-content\/gallery\/2024_11_25_baldwin\/PLA_4768.jpg\"\n               title=\"Alec Baldwin\"\n               data-src=\"http:\/\/www.spaziotorino.it\/scatto\/wp-content\/gallery\/2024_11_25_baldwin\/PLA_4768.jpg\"\n               data-thumbnail=\"http:\/\/www.spaziotorino.it\/scatto\/wp-content\/gallery\/2024_11_25_baldwin\/thumbs\/thumbs_PLA_4768.jpg\"\n               data-image-id=\"35078\"\n               data-title=\"Alec Baldwin\"\n               data-description=\"Alec Baldwin\"\n               data-image-slug=\"pla_4768-1\"\n               class=\"ngg-fancybox\" rel=\"9b4e4114598f8c372a4830b41e29dd21\">\n                <img\n                    title=\"Alec Baldwin\"\n                    alt=\"Alec Baldwin\"\n                    src=\"http:\/\/www.spaziotorino.it\/scatto\/wp-content\/gallery\/2024_11_25_baldwin\/cache\/PLA_4768.jpg-nggid0535078-ngg0dyn-60x60x100-00f0w010c011r110f110r010t010.jpg\"\n                    width=\"60\"\n                    height=\"60\"\n                    style=\"max-width:100%;\"\n                \/>\n            <\/a>\n        <\/div>\n\t\t\t\t\t\t\t<\/div> \n\t\t\t\n        \n\t\t\t\t<div id=\"ngg-image-10\" class=\"ngg-gallery-thumbnail-box\" >\n\t\t\t\t        <div class=\"ngg-gallery-thumbnail\">\n            <a href=\"http:\/\/www.spaziotorino.it\/scatto\/wp-content\/gallery\/2024_11_25_baldwin\/PLA_4836.jpg\"\n               title=\"Un momento della conferenza stampa di Alec Baldwin alla Cavallerizza Reale\"\n               data-src=\"http:\/\/www.spaziotorino.it\/scatto\/wp-content\/gallery\/2024_11_25_baldwin\/PLA_4836.jpg\"\n               data-thumbnail=\"http:\/\/www.spaziotorino.it\/scatto\/wp-content\/gallery\/2024_11_25_baldwin\/thumbs\/thumbs_PLA_4836.jpg\"\n               data-image-id=\"35079\"\n               data-title=\"Un momento della conferenza stampa di Alec Baldwin alla Cavallerizza Reale\"\n               data-description=\"Un momento della conferenza stampa di Alec Baldwin alla Cavallerizza Reale\"\n               data-image-slug=\"pla_4836\"\n               class=\"ngg-fancybox\" rel=\"9b4e4114598f8c372a4830b41e29dd21\">\n                <img\n                    title=\"Un momento della conferenza stampa di Alec Baldwin alla Cavallerizza Reale\"\n                    alt=\"Un momento della conferenza stampa di Alec Baldwin alla Cavallerizza Reale\"\n                    src=\"http:\/\/www.spaziotorino.it\/scatto\/wp-content\/gallery\/2024_11_25_baldwin\/cache\/PLA_4836.jpg-nggid0535079-ngg0dyn-60x60x100-00f0w010c011r110f110r010t010.jpg\"\n                    width=\"60\"\n                    height=\"60\"\n                    style=\"max-width:100%;\"\n                \/>\n            <\/a>\n        <\/div>\n\t\t\t\t\t\t\t<\/div> \n\t\t\t\n        \n\t\t\n\t\t<!-- Pagination -->\n\t<div class='ngg-clear'><\/div>\t<\/div>\n\n<p>Il Festival del Cinema prosegue con una giornata ricca di eventi, ma \u00e8 stata la presenza di Alec Baldwin alla conferenza stampa per <em>The Hunt for Red October<\/em> (<em>Caccia a Ottobre Rosso<\/em>) a catturare l&#8217;attenzione principale. Luned\u00ec 25 novembre, presso la Cavallerizza, l\u2019attore statunitense ha presenziato alla sessione dedicata al capolavoro diretto da John McTiernan, un film che ha segnato la storia del cinema d\u2019azione e di spionaggio.<\/p>\n<p>Nel 1990, Baldwin ha interpretato l\u2019iconico ruolo di Jack Ryan, analista della CIA, che si trova al centro di un intrigo internazionale legato a un sottomarino sovietico. <em>The Hunt for Red October<\/em> (<em>Caccia a Ottobre Rosso<\/em>), tratto dal romanzo di Tom Clancy, ha definito uno standard per i film di spionaggio, grazie alla sua trama avvincente e alla chimica tra Baldwin e Sean Connery. Durante la conferenza, Baldwin ha raccontato aneddoti dal set, sottolineando il rigore del regista McTiernan e l\u2019eredit\u00e0 di un film che ha contribuito a lanciare la sua carriera.<\/p>\n<p>La giornata ha visto alternarsi altri importanti momenti. Alle 11.30, sempre alla Cavallerizza, Kim Hyun-jung ha presentato il suo ultimo lavoro, <em>My Best Your, Your Least<\/em>, in concorso nella sezione Lungometraggi. Il film, un dramma intenso prodotto in Corea del Sud, esplora le complessit\u00e0 delle relazioni umane e ha gi\u00e0 suscitato interesse tra i critici.<\/p>\n<p>A seguire, alle 12.00, \u00e8 stato il turno di Jorge Riquelme Serrano con <em>Isla Negra<\/em>, proiettato fuori concorso. Accompagnato dall\u2019attore Gast\u00f3n Salgado, il regista cileno ha discusso le tematiche di identit\u00e0 e memoria che attraversano il suo film, ambientato nella suggestiva localit\u00e0 che d\u00e0 il titolo all\u2019opera.<\/p>\n","protected":false},"excerpt":{"rendered":"<p>Il Festival del Cinema prosegue con una giornata ricca di eventi, ma \u00e8 stata la presenza di Alec Baldwin alla conferenza stampa per The Hunt for Red October (Caccia a Ottobre Rosso) a catturare l&#8217;attenzione principale. Luned\u00ec 25 novembre, presso la Cavallerizza, l\u2019attore statunitense ha presenziato alla sessione dedicata al capolavoro diretto da John McTiernan, [&hellip;]<\/p>\n","protected":false},"author":1,"featured_media":0,"comment_status":"closed","ping_status":"open","sticky":false,"template":"","format":"standard","meta":{"ngg_post_thumbnail":0},"categories":[54,1],"tags":[],"_links":{"self":[{"href":"http:\/\/www.spaziotorino.it\/scatto\/index.php?rest_route=\/wp\/v2\/posts\/53425"}],"collection":[{"href":"http:\/\/www.spaziotorino.it\/scatto\/index.php?rest_route=\/wp\/v2\/posts"}],"about":[{"href":"http:\/\/www.spaziotorino.it\/scatto\/index.php?rest_route=\/wp\/v2\/types\/post"}],"author":[{"embeddable":true,"href":"http:\/\/www.spaziotorino.it\/scatto\/index.php?rest_route=\/wp\/v2\/users\/1"}],"replies":[{"embeddable":true,"href":"http:\/\/www.spaziotorino.it\/scatto\/index.php?rest_route=%2Fwp%2Fv2%2Fcomments&post=53425"}],"version-history":[{"count":1,"href":"http:\/\/www.spaziotorino.it\/scatto\/index.php?rest_route=\/wp\/v2\/posts\/53425\/revisions"}],"predecessor-version":[{"id":53427,"href":"http:\/\/www.spaziotorino.it\/scatto\/index.php?rest_route=\/wp\/v2\/posts\/53425\/revisions\/53427"}],"wp:attachment":[{"href":"http:\/\/www.spaziotorino.it\/scatto\/index.php?rest_route=%2Fwp%2Fv2%2Fmedia&parent=53425"}],"wp:term":[{"taxonomy":"category","embeddable":true,"href":"http:\/\/www.spaziotorino.it\/scatto\/index.php?rest_route=%2Fwp%2Fv2%2Fcategories&post=53425"},{"taxonomy":"post_tag","embeddable":true,"href":"http:\/\/www.spaziotorino.it\/scatto\/index.php?rest_route=%2Fwp%2Fv2%2Ftags&post=53425"}],"curies":[{"name":"wp","href":"https:\/\/api.w.org\/{rel}","templated":true}]}}