{"id":54400,"date":"2025-02-05T16:06:28","date_gmt":"2025-02-05T15:06:28","guid":{"rendered":"http:\/\/www.spaziotorino.it\/scatto\/?p=54400"},"modified":"2025-02-05T16:09:36","modified_gmt":"2025-02-05T15:09:36","slug":"presentata-la-frecciarossa-final-eight-2025-a-torino-dal-12-al-16-febbraio","status":"publish","type":"post","link":"http:\/\/www.spaziotorino.it\/scatto\/?p=54400","title":{"rendered":"Presentata la Frecciarossa Final Eight 2025, a Torino dal 12 al 16 febbraio"},"content":{"rendered":"<p><a class=\"ngg-fancybox\" title=\"Presentata la Frecciarossa Final Eight 2025, a Torino dal 12 al 16 febbraio\" href=\"http:\/\/www.spaziotorino.it\/scatto\/wp-content\/gallery\/2025_02_05_basket\/PLA_9072.jpg\" rel=\"lightbox[set_2422]\"><br \/>\n<img decoding=\"async\" loading=\"lazy\" class=\"ngg-singlepic\" title=\"Presentata la Frecciarossa Final Eight 2025, a Torino dal 12 al 16 febbraio\" src=\"http:\/\/www.spaziotorino.it\/scatto\/wp-content\/gallery\/2025_02_05_basket\/PLA_9072.jpg\" alt=\"\" width=\"540\" height=\"360\"\/><\/a><\/p>\n<!-- index.php -->\n<div\n\tclass=\"ngg-galleryoverview ngg-ajax-pagination-none\"\n\tid=\"ngg-gallery-3c9310377bb7b20b66ec3fde18c84b2b-1\">\n\n    \t\t<!-- Thumbnails -->\n\t\t\t\t<div id=\"ngg-image-0\" class=\"ngg-gallery-thumbnail-box\" >\n\t\t\t\t        <div class=\"ngg-gallery-thumbnail\">\n            <a href=\"http:\/\/www.spaziotorino.it\/scatto\/wp-content\/gallery\/2025_02_05_basket\/PLA_9075.jpg\"\n               title=\"La Coppa LBA delle Final Eight di basket a Palazzo Civico, Sala Marmi\"\n               data-src=\"http:\/\/www.spaziotorino.it\/scatto\/wp-content\/gallery\/2025_02_05_basket\/PLA_9075.jpg\"\n               data-thumbnail=\"http:\/\/www.spaziotorino.it\/scatto\/wp-content\/gallery\/2025_02_05_basket\/thumbs\/thumbs_PLA_9075.jpg\"\n               data-image-id=\"35822\"\n               data-title=\"La Coppa LBA delle Final Eight di basket a Palazzo Civico, Sala Marmi\"\n               data-description=\"La Coppa LBA delle Final Eight di basket a Palazzo Civico, Sala Marmi\"\n               data-image-slug=\"pla_9075\"\n               class=\"ngg-fancybox\" rel=\"3c9310377bb7b20b66ec3fde18c84b2b\">\n                <img\n                    title=\"La Coppa LBA delle Final Eight di basket a Palazzo Civico, Sala Marmi\"\n                    alt=\"La Coppa LBA delle Final Eight di basket a Palazzo Civico, Sala Marmi\"\n                    src=\"http:\/\/www.spaziotorino.it\/scatto\/wp-content\/gallery\/2025_02_05_basket\/cache\/PLA_9075.jpg-nggid0535822-ngg0dyn-60x60x100-00f0w010c011r110f110r010t010.jpg\"\n                    width=\"60\"\n                    height=\"60\"\n                    style=\"max-width:100%;\"\n                \/>\n            <\/a>\n        <\/div>\n\t\t\t\t\t\t\t<\/div> \n\t\t\t\n        \n\t\t\t\t<div id=\"ngg-image-1\" class=\"ngg-gallery-thumbnail-box\" >\n\t\t\t\t        <div class=\"ngg-gallery-thumbnail\">\n            <a href=\"http:\/\/www.spaziotorino.it\/scatto\/wp-content\/gallery\/2025_02_05_basket\/PLA_9130.jpg\"\n               title=\"Il Sindaco Stefano Lo Russo e l&#039;Assessore allo Sport Domenico Carretta con la Coppa LBA delle Final Eight di basket\"\n               data-src=\"http:\/\/www.spaziotorino.it\/scatto\/wp-content\/gallery\/2025_02_05_basket\/PLA_9130.jpg\"\n               data-thumbnail=\"http:\/\/www.spaziotorino.it\/scatto\/wp-content\/gallery\/2025_02_05_basket\/thumbs\/thumbs_PLA_9130.jpg\"\n               data-image-id=\"35820\"\n               data-title=\"Il Sindaco Stefano Lo Russo e l&#039;Assessore allo Sport Domenico Carretta con la Coppa LBA delle Final Eight di basket\"\n               data-description=\"Il Sindaco Stefano Lo Russo e l&#039;Assessore allo Sport Domenico Carretta con la Coppa LBA delle Final Eight di basket\"\n               data-image-slug=\"pla_9130\"\n               class=\"ngg-fancybox\" rel=\"3c9310377bb7b20b66ec3fde18c84b2b\">\n                <img\n                    title=\"Il Sindaco Stefano Lo Russo e l&#039;Assessore allo Sport Domenico Carretta con la Coppa LBA delle Final Eight di basket\"\n                    alt=\"Il Sindaco Stefano Lo Russo e l&#039;Assessore allo Sport Domenico Carretta con la Coppa LBA delle Final Eight di basket\"\n                    src=\"http:\/\/www.spaziotorino.it\/scatto\/wp-content\/gallery\/2025_02_05_basket\/cache\/PLA_9130.jpg-nggid0535820-ngg0dyn-60x60x100-00f0w010c011r110f110r010t010.jpg\"\n                    width=\"60\"\n                    height=\"60\"\n                    style=\"max-width:100%;\"\n                \/>\n            <\/a>\n        <\/div>\n\t\t\t\t\t\t\t<\/div> \n\t\t\t\n        \n\t\t\t\t<div id=\"ngg-image-2\" class=\"ngg-gallery-thumbnail-box\" >\n\t\t\t\t        <div class=\"ngg-gallery-thumbnail\">\n            <a href=\"http:\/\/www.spaziotorino.it\/scatto\/wp-content\/gallery\/2025_02_05_basket\/PLA_9164.jpg\"\n               title=\"Circolo dei Lettori: Conferenza stampa di presentazione della Frecciarossa Final Eight 2025 di basket\"\n               data-src=\"http:\/\/www.spaziotorino.it\/scatto\/wp-content\/gallery\/2025_02_05_basket\/PLA_9164.jpg\"\n               data-thumbnail=\"http:\/\/www.spaziotorino.it\/scatto\/wp-content\/gallery\/2025_02_05_basket\/thumbs\/thumbs_PLA_9164.jpg\"\n               data-image-id=\"35825\"\n               data-title=\"Circolo dei Lettori: Conferenza stampa di presentazione della Frecciarossa Final Eight 2025 di basket\"\n               data-description=\"Circolo dei Lettori: Conferenza stampa di presentazione della Frecciarossa Final Eight 2025 di basket\"\n               data-image-slug=\"pla_9164-1\"\n               class=\"ngg-fancybox\" rel=\"3c9310377bb7b20b66ec3fde18c84b2b\">\n                <img\n                    title=\"Circolo dei Lettori: Conferenza stampa di presentazione della Frecciarossa Final Eight 2025 di basket\"\n                    alt=\"Circolo dei Lettori: Conferenza stampa di presentazione della Frecciarossa Final Eight 2025 di basket\"\n                    src=\"http:\/\/www.spaziotorino.it\/scatto\/wp-content\/gallery\/2025_02_05_basket\/cache\/PLA_9164.jpg-nggid0535825-ngg0dyn-60x60x100-00f0w010c011r110f110r010t010.jpg\"\n                    width=\"60\"\n                    height=\"60\"\n                    style=\"max-width:100%;\"\n                \/>\n            <\/a>\n        <\/div>\n\t\t\t\t\t\t\t<\/div> \n\t\t\t\n        \n\t\t\t\t<div id=\"ngg-image-3\" class=\"ngg-gallery-thumbnail-box\" >\n\t\t\t\t        <div class=\"ngg-gallery-thumbnail\">\n            <a href=\"http:\/\/www.spaziotorino.it\/scatto\/wp-content\/gallery\/2025_02_05_basket\/PLA_9171.jpg\"\n               title=\"Giovanni De Nicolao, capitano della Napoli Basket &#039;riconsegna&#039; il trofeo conquistato nel 2024\"\n               data-src=\"http:\/\/www.spaziotorino.it\/scatto\/wp-content\/gallery\/2025_02_05_basket\/PLA_9171.jpg\"\n               data-thumbnail=\"http:\/\/www.spaziotorino.it\/scatto\/wp-content\/gallery\/2025_02_05_basket\/thumbs\/thumbs_PLA_9171.jpg\"\n               data-image-id=\"35826\"\n               data-title=\"Giovanni De Nicolao, capitano della Napoli Basket &#039;riconsegna&#039; il trofeo conquistato nel 2024\"\n               data-description=\"Giovanni De Nicolao, capitano della Napoli Basket &#039;riconsegna&#039; il trofeo conquistato nel 2024\"\n               data-image-slug=\"pla_9171-2\"\n               class=\"ngg-fancybox\" rel=\"3c9310377bb7b20b66ec3fde18c84b2b\">\n                <img\n                    title=\"Giovanni De Nicolao, capitano della Napoli Basket &#039;riconsegna&#039; il trofeo conquistato nel 2024\"\n                    alt=\"Giovanni De Nicolao, capitano della Napoli Basket &#039;riconsegna&#039; il trofeo conquistato nel 2024\"\n                    src=\"http:\/\/www.spaziotorino.it\/scatto\/wp-content\/gallery\/2025_02_05_basket\/cache\/PLA_9171.jpg-nggid0535826-ngg0dyn-60x60x100-00f0w010c011r110f110r010t010.jpg\"\n                    width=\"60\"\n                    height=\"60\"\n                    style=\"max-width:100%;\"\n                \/>\n            <\/a>\n        <\/div>\n\t\t\t\t\t\t\t<\/div> \n\t\t\t\n        \n\t\t\t\t<div id=\"ngg-image-4\" class=\"ngg-gallery-thumbnail-box\" >\n\t\t\t\t        <div class=\"ngg-gallery-thumbnail\">\n            <a href=\"http:\/\/www.spaziotorino.it\/scatto\/wp-content\/gallery\/2025_02_05_basket\/PLA_9142.jpg\"\n               title=\"Carlton Myers, Ambassador delle Final Eight e Umberto Gandini, Presidente della Lega Basket Serie A\"\n               data-src=\"http:\/\/www.spaziotorino.it\/scatto\/wp-content\/gallery\/2025_02_05_basket\/PLA_9142.jpg\"\n               data-thumbnail=\"http:\/\/www.spaziotorino.it\/scatto\/wp-content\/gallery\/2025_02_05_basket\/thumbs\/thumbs_PLA_9142.jpg\"\n               data-image-id=\"35823\"\n               data-title=\"Carlton Myers, Ambassador delle Final Eight e Umberto Gandini, Presidente della Lega Basket Serie A\"\n               data-description=\"Carlton Myers, Ambassador delle Final Eight e Umberto Gandini, Presidente della Lega Basket Serie A\"\n               data-image-slug=\"pla_9142-1\"\n               class=\"ngg-fancybox\" rel=\"3c9310377bb7b20b66ec3fde18c84b2b\">\n                <img\n                    title=\"Carlton Myers, Ambassador delle Final Eight e Umberto Gandini, Presidente della Lega Basket Serie A\"\n                    alt=\"Carlton Myers, Ambassador delle Final Eight e Umberto Gandini, Presidente della Lega Basket Serie A\"\n                    src=\"http:\/\/www.spaziotorino.it\/scatto\/wp-content\/gallery\/2025_02_05_basket\/cache\/PLA_9142.jpg-nggid0535823-ngg0dyn-60x60x100-00f0w010c011r110f110r010t010.jpg\"\n                    width=\"60\"\n                    height=\"60\"\n                    style=\"max-width:100%;\"\n                \/>\n            <\/a>\n        <\/div>\n\t\t\t\t\t\t\t<\/div> \n\t\t\t\n        \n\t\t\t\t<div id=\"ngg-image-5\" class=\"ngg-gallery-thumbnail-box\" >\n\t\t\t\t        <div class=\"ngg-gallery-thumbnail\">\n            <a href=\"http:\/\/www.spaziotorino.it\/scatto\/wp-content\/gallery\/2025_02_05_basket\/PLA_9153.jpg\"\n               title=\"La coppa LBF delle Final Four di basket al Circolo dei Lettori\"\n               data-src=\"http:\/\/www.spaziotorino.it\/scatto\/wp-content\/gallery\/2025_02_05_basket\/PLA_9153.jpg\"\n               data-thumbnail=\"http:\/\/www.spaziotorino.it\/scatto\/wp-content\/gallery\/2025_02_05_basket\/thumbs\/thumbs_PLA_9153.jpg\"\n               data-image-id=\"35824\"\n               data-title=\"La coppa LBF delle Final Four di basket al Circolo dei Lettori\"\n               data-description=\"La coppa LBF delle Final Four di basket al Circolo dei Lettori\"\n               data-image-slug=\"pla_9153\"\n               class=\"ngg-fancybox\" rel=\"3c9310377bb7b20b66ec3fde18c84b2b\">\n                <img\n                    title=\"La coppa LBF delle Final Four di basket al Circolo dei Lettori\"\n                    alt=\"La coppa LBF delle Final Four di basket al Circolo dei Lettori\"\n                    src=\"http:\/\/www.spaziotorino.it\/scatto\/wp-content\/gallery\/2025_02_05_basket\/cache\/PLA_9153.jpg-nggid0535824-ngg0dyn-60x60x100-00f0w010c011r110f110r010t010.jpg\"\n                    width=\"60\"\n                    height=\"60\"\n                    style=\"max-width:100%;\"\n                \/>\n            <\/a>\n        <\/div>\n\t\t\t\t\t\t\t<\/div> \n\t\t\t\n        \n\t\t\t\t<div id=\"ngg-image-6\" class=\"ngg-gallery-thumbnail-box\" >\n\t\t\t\t        <div class=\"ngg-gallery-thumbnail\">\n            <a href=\"http:\/\/www.spaziotorino.it\/scatto\/wp-content\/gallery\/2025_02_05_basket\/PLA_9263.jpg\"\n               title=\"Circolo dei Lettori: Conferenza stampa di presentazione della Frecciarossa Final Eight 2025 di basket\"\n               data-src=\"http:\/\/www.spaziotorino.it\/scatto\/wp-content\/gallery\/2025_02_05_basket\/PLA_9263.jpg\"\n               data-thumbnail=\"http:\/\/www.spaziotorino.it\/scatto\/wp-content\/gallery\/2025_02_05_basket\/thumbs\/thumbs_PLA_9263.jpg\"\n               data-image-id=\"35827\"\n               data-title=\"Circolo dei Lettori: Conferenza stampa di presentazione della Frecciarossa Final Eight 2025 di basket\"\n               data-description=\"Circolo dei Lettori: Conferenza stampa di presentazione della Frecciarossa Final Eight 2025 di basket\"\n               data-image-slug=\"pla_9263\"\n               class=\"ngg-fancybox\" rel=\"3c9310377bb7b20b66ec3fde18c84b2b\">\n                <img\n                    title=\"Circolo dei Lettori: Conferenza stampa di presentazione della Frecciarossa Final Eight 2025 di basket\"\n                    alt=\"Circolo dei Lettori: Conferenza stampa di presentazione della Frecciarossa Final Eight 2025 di basket\"\n                    src=\"http:\/\/www.spaziotorino.it\/scatto\/wp-content\/gallery\/2025_02_05_basket\/cache\/PLA_9263.jpg-nggid0535827-ngg0dyn-60x60x100-00f0w010c011r110f110r010t010.jpg\"\n                    width=\"60\"\n                    height=\"60\"\n                    style=\"max-width:100%;\"\n                \/>\n            <\/a>\n        <\/div>\n\t\t\t\t\t\t\t<\/div> \n\t\t\t\n        \n\t\t\t\t<div id=\"ngg-image-7\" class=\"ngg-gallery-thumbnail-box\" >\n\t\t\t\t        <div class=\"ngg-gallery-thumbnail\">\n            <a href=\"http:\/\/www.spaziotorino.it\/scatto\/wp-content\/gallery\/2025_02_05_basket\/PLA_9267.jpg\"\n               title=\"Circolo dei Lettori: Conferenza stampa di presentazione della Frecciarossa Final Eight 2025 di basket\"\n               data-src=\"http:\/\/www.spaziotorino.it\/scatto\/wp-content\/gallery\/2025_02_05_basket\/PLA_9267.jpg\"\n               data-thumbnail=\"http:\/\/www.spaziotorino.it\/scatto\/wp-content\/gallery\/2025_02_05_basket\/thumbs\/thumbs_PLA_9267.jpg\"\n               data-image-id=\"35828\"\n               data-title=\"Circolo dei Lettori: Conferenza stampa di presentazione della Frecciarossa Final Eight 2025 di basket\"\n               data-description=\"Circolo dei Lettori: Conferenza stampa di presentazione della Frecciarossa Final Eight 2025 di basket\"\n               data-image-slug=\"pla_9267\"\n               class=\"ngg-fancybox\" rel=\"3c9310377bb7b20b66ec3fde18c84b2b\">\n                <img\n                    title=\"Circolo dei Lettori: Conferenza stampa di presentazione della Frecciarossa Final Eight 2025 di basket\"\n                    alt=\"Circolo dei Lettori: Conferenza stampa di presentazione della Frecciarossa Final Eight 2025 di basket\"\n                    src=\"http:\/\/www.spaziotorino.it\/scatto\/wp-content\/gallery\/2025_02_05_basket\/cache\/PLA_9267.jpg-nggid0535828-ngg0dyn-60x60x100-00f0w010c011r110f110r010t010.jpg\"\n                    width=\"60\"\n                    height=\"60\"\n                    style=\"max-width:100%;\"\n                \/>\n            <\/a>\n        <\/div>\n\t\t\t\t\t\t\t<\/div> \n\t\t\t\n        \n\t\t\n\t\t<!-- Pagination -->\n\t<div class='ngg-clear'><\/div>\t<\/div>\n\n<p>Si \u00e8 svolta presso il Circolo dei Lettori la conferenza stampa di presentazione della Frecciarossa Final Eight 2025 presented by Unipol, in programma dal 12 al 16 febbraio all\u2019Inalpi Arena e che vedr\u00e0 Germani Brescia, Trapani Shark, Dolomiti Energia Trentino, Virtus Segafredo Bologna, EA7 Emporio Armani Milano, UNAHOTELS Reggio Emilia, Pallacanestro Trieste e Bertram Derthona Tortona contendersi la Coppa Italia.<\/p>\n<p>Anche quest\u2019anno \u00e8 stata confermata la Frecciarossa Final Four di Lega Basket Femminile, che disputer\u00e0 le semifinali venerd\u00ec 14 e la finalissima domenica 16 alle ore 12.30.<\/p>\n<p>Dopo un\u2019edizione 2024 da record con oltre 45 mila presenze all\u2019Inalpi Arena in tutti i giorni della competizione, attualmente sono stati venduti quasi 38 mila biglietti, con un aumento del 7% rispetto allo stesso periodo della scorsa stagione e un forte aumento di presenze per la giornata di mercoled\u00ec. Domenica 16 febbraio, data in cui si disputeranno le finali maschili e femminili, \u00e8 invece completamente \u201csold out\u201d mentre sono stati gi\u00e0 venduti oltre 6 mila biglietti per venerd\u00ec 14 febbraio, giornata dedicata alle semifinali della Frecciarossa Final Four.<\/p>\n<p>Stefano Lo Russo, Sindaco di Torino, ha commentato: \u201cLa Frecciarossa Final Eight torna a Torino, per regalare a tanti tifosi e appassionati una settimana di grande sport e divertimento. La nostra citt\u00e0 si conferma palcoscenico di grandi competizioni nazionali e internazionali che sono anche una preziosa occasione per far apprezzare le bellezze del nostro territorio e per avvicinare i cittadini alla pratica sportiva. Cos\u00ec \u00e8 stato per le Final Eight, che hanno visto crescere ad ogni edizione il coinvolgimento della citt\u00e0 anche attraverso le sue realt\u00e0 commerciali, sportive e sociali\u201d.<\/p>\n<p>L\u2019assessore allo Sport Domenico Carretta, intervenendo alla conferenza stampa, ha aggiunto: \u201cPer il terzo anno le Final Eight saranno a Torino, dal 12 al 16 Febbraio, perch\u00e9 questa citt\u00e0 fa affezionare chiunque la incontri. Nel basket esiste il tiro da tre, ma siamo pronti a segnare un tiro da quattro per ospitarle anche il prossimo anno\u201d.<\/p>\n<p>L\u2019evento \u00e8 realizzato con il supporto della Regione Piemonte, della Citt\u00e0 di Torino, della Camera di commercio di Torino e il coinvolgimento della FIP Piemonte.&nbsp;<\/p>\n<p><strong>Il programma della Frecciarossa Final Eight:<\/strong><\/p>\n<p>Quarti di finale<br \/>\nMercoled\u00ec 12 febbraio<br \/>\nOre 18.00: Germani Brescia \u2013 Bertram Derthona Tortona<br \/>\nOre 20.45: Virtus Segafredo Bologna \u2013 EA7 Emporio Armani Milano&nbsp;<br \/>\nGioved\u00ec 13 febbraio<br \/>\nOre 18.00: Dolomiti Energia Trentino \u2013 UNAHOTELS Reggio Emilia&nbsp;&nbsp;<br \/>\nOre 20.45: Trapani Shark \u2013 Pallacanestro Trieste&nbsp;&nbsp;&nbsp;&nbsp;&nbsp;&nbsp;&nbsp;&nbsp;&nbsp;&nbsp;&nbsp;&nbsp;&nbsp;&nbsp;&nbsp;&nbsp;&nbsp;&nbsp;&nbsp;&nbsp;&nbsp;&nbsp;&nbsp;&nbsp;&nbsp;&nbsp;&nbsp;&nbsp;&nbsp;&nbsp;&nbsp;&nbsp;&nbsp;&nbsp;&nbsp;&nbsp;&nbsp;&nbsp;&nbsp;&nbsp;&nbsp;&nbsp;&nbsp;&nbsp;&nbsp;&nbsp;&nbsp;&nbsp;&nbsp;&nbsp;&nbsp;<\/p>\n<p>Semifinali:<br \/>\nSabato 15 febbraio<br \/>\nOre 18.00: Vincente Brescia \u2013 Tortona \/ Vincente Bologna \u2013 Milano&nbsp;&nbsp;&nbsp;&nbsp;&nbsp;&nbsp;&nbsp;&nbsp;&nbsp;&nbsp;&nbsp;&nbsp;&nbsp;&nbsp;&nbsp;&nbsp;&nbsp;&nbsp;&nbsp;<br \/>\nOre 20.45: Vincente Trento \u2013 Reggio Emilia \/ Vincente Trapani \u2013 Trieste&nbsp;&nbsp;&nbsp;&nbsp;&nbsp;&nbsp;&nbsp;&nbsp;&nbsp;&nbsp;&nbsp;&nbsp;&nbsp;<\/p>\n<p>Finale:<br \/>\nDomenica 16 febbraio 2025, ore 17.15&nbsp;<\/p>\n<p><strong>Il programma della Frecciarossa Final Four:<\/strong><\/p>\n<p>Semifinali<br \/>\nVenerd\u00ec 14 febbraio<br \/>\nOre 18.00: Umana Reyer Venezia \u2013 Autosped BCC Derthona&nbsp;&nbsp;&nbsp;&nbsp;&nbsp;&nbsp;&nbsp;&nbsp;&nbsp;&nbsp;&nbsp;&nbsp;&nbsp;&nbsp;&nbsp;&nbsp;&nbsp;&nbsp;&nbsp;&nbsp;&nbsp;&nbsp;<br \/>\nOre 20.30: Famila Wuber Schio \u2013 La Molisana Magnolia Campobasso&nbsp;&nbsp;&nbsp;&nbsp;&nbsp;&nbsp;&nbsp;&nbsp;<\/p>\n<p>Finale<br \/>\nDomenica 16 febbraio, ore 12:30&nbsp;<\/p>\n<p>Il prestigioso trofeo della Final Eight, che ad inizio conferenza \u00e8 stato portato in sala da Giovanni De Nicolao \u2013 capitano del Napolibasket, squadra detentrice del titolo \u2013 nei giorni scorsi ha fatto tappa a Palazzo Civico dove \u00e8 stata accolta dal Sindaco e dall\u2019assessore allo Sport.<\/p>\n","protected":false},"excerpt":{"rendered":"<p>Si \u00e8 svolta presso il Circolo dei Lettori la conferenza stampa di presentazione della Frecciarossa Final Eight 2025 presented by Unipol, in programma dal 12 al 16 febbraio all\u2019Inalpi Arena e che vedr\u00e0 Germani Brescia, Trapani Shark, Dolomiti Energia Trentino, Virtus Segafredo Bologna, EA7 Emporio Armani Milano, UNAHOTELS Reggio Emilia, Pallacanestro Trieste e Bertram Derthona [&hellip;]<\/p>\n","protected":false},"author":1,"featured_media":0,"comment_status":"closed","ping_status":"open","sticky":false,"template":"","format":"standard","meta":{"ngg_post_thumbnail":0},"categories":[1,10],"tags":[],"_links":{"self":[{"href":"http:\/\/www.spaziotorino.it\/scatto\/index.php?rest_route=\/wp\/v2\/posts\/54400"}],"collection":[{"href":"http:\/\/www.spaziotorino.it\/scatto\/index.php?rest_route=\/wp\/v2\/posts"}],"about":[{"href":"http:\/\/www.spaziotorino.it\/scatto\/index.php?rest_route=\/wp\/v2\/types\/post"}],"author":[{"embeddable":true,"href":"http:\/\/www.spaziotorino.it\/scatto\/index.php?rest_route=\/wp\/v2\/users\/1"}],"replies":[{"embeddable":true,"href":"http:\/\/www.spaziotorino.it\/scatto\/index.php?rest_route=%2Fwp%2Fv2%2Fcomments&post=54400"}],"version-history":[{"count":2,"href":"http:\/\/www.spaziotorino.it\/scatto\/index.php?rest_route=\/wp\/v2\/posts\/54400\/revisions"}],"predecessor-version":[{"id":54404,"href":"http:\/\/www.spaziotorino.it\/scatto\/index.php?rest_route=\/wp\/v2\/posts\/54400\/revisions\/54404"}],"wp:attachment":[{"href":"http:\/\/www.spaziotorino.it\/scatto\/index.php?rest_route=%2Fwp%2Fv2%2Fmedia&parent=54400"}],"wp:term":[{"taxonomy":"category","embeddable":true,"href":"http:\/\/www.spaziotorino.it\/scatto\/index.php?rest_route=%2Fwp%2Fv2%2Fcategories&post=54400"},{"taxonomy":"post_tag","embeddable":true,"href":"http:\/\/www.spaziotorino.it\/scatto\/index.php?rest_route=%2Fwp%2Fv2%2Ftags&post=54400"}],"curies":[{"name":"wp","href":"https:\/\/api.w.org\/{rel}","templated":true}]}}