{"id":54433,"date":"2025-02-06T14:24:14","date_gmt":"2025-02-06T13:24:14","guid":{"rendered":"http:\/\/www.spaziotorino.it\/scatto\/?p=54433"},"modified":"2025-02-06T14:24:14","modified_gmt":"2025-02-06T13:24:14","slug":"presentato-il-festival-internazionale-dellagricoltura-coltivato-lacqua-il-tema-della-seconda-edizione-in-programma-dal-20-al-23-marzo","status":"publish","type":"post","link":"http:\/\/www.spaziotorino.it\/scatto\/?p=54433","title":{"rendered":"Presentato il Festival Internazionale dell\u2019Agricoltura Coltivato. L\u2019acqua il tema della seconda edizione, in programma dal 20 al 23 marzo"},"content":{"rendered":"<p><a class=\"ngg-fancybox\" title=\"Presentato il Festival Internazionale dell\u2019Agricoltura Coltivato. L\u2019acqua il tema della seconda edizione, in programma dal 20 al 23 marzo\" href=\"http:\/\/www.spaziotorino.it\/scatto\/wp-content\/gallery\/2025_02_06_coltivato-1\/PLA_9401.jpg\" rel=\"lightbox[set_2425]\"><br \/>\n<img decoding=\"async\" loading=\"lazy\" class=\"ngg-singlepic\" title=\"Presentato il Festival Internazionale dell\u2019Agricoltura Coltivato. L\u2019acqua il tema della seconda edizione, in programma dal 20 al 23 marzo\" src=\"http:\/\/www.spaziotorino.it\/scatto\/wp-content\/gallery\/2025_02_06_coltivato-1\/PLA_9401.jpg\" alt=\"\" width=\"540\" height=\"360\"\/><\/a><\/p>\n<!-- index.php -->\n<div\n\tclass=\"ngg-galleryoverview ngg-ajax-pagination-none\"\n\tid=\"ngg-gallery-54c748644e3ca799edd7de068515c2e8-1\">\n\n    \t\t<!-- Thumbnails -->\n\t\t\t\t<div id=\"ngg-image-0\" class=\"ngg-gallery-thumbnail-box\" >\n\t\t\t\t        <div class=\"ngg-gallery-thumbnail\">\n            <a href=\"http:\/\/www.spaziotorino.it\/scatto\/wp-content\/gallery\/2025_02_06_coltivato-1\/PLA_9346.jpg\"\n               title=\"Presentato il Festival Internazionale dell\u2019Agricoltura Coltivato. L\u2019acqua il tema della seconda edizione, in programma dal 20 al 23 marzo\"\n               data-src=\"http:\/\/www.spaziotorino.it\/scatto\/wp-content\/gallery\/2025_02_06_coltivato-1\/PLA_9346.jpg\"\n               data-thumbnail=\"http:\/\/www.spaziotorino.it\/scatto\/wp-content\/gallery\/2025_02_06_coltivato-1\/thumbs\/thumbs_PLA_9346.jpg\"\n               data-image-id=\"35845\"\n               data-title=\"Presentato il Festival Internazionale dell\u2019Agricoltura Coltivato. L\u2019acqua il tema della seconda edizione, in programma dal 20 al 23 marzo\"\n               data-description=\"Presentato il Festival Internazionale dell\u2019Agricoltura Coltivato. L\u2019acqua il tema della seconda edizione, in programma dal 20 al 23 marzo\"\n               data-image-slug=\"pla_9346-1\"\n               class=\"ngg-fancybox\" rel=\"54c748644e3ca799edd7de068515c2e8\">\n                <img\n                    title=\"Presentato il Festival Internazionale dell\u2019Agricoltura Coltivato. L\u2019acqua il tema della seconda edizione, in programma dal 20 al 23 marzo\"\n                    alt=\"Presentato il Festival Internazionale dell\u2019Agricoltura Coltivato. L\u2019acqua il tema della seconda edizione, in programma dal 20 al 23 marzo\"\n                    src=\"http:\/\/www.spaziotorino.it\/scatto\/wp-content\/gallery\/2025_02_06_coltivato-1\/cache\/PLA_9346.jpg-nggid0535845-ngg0dyn-60x60x100-00f0w010c011r110f110r010t010.jpg\"\n                    width=\"60\"\n                    height=\"60\"\n                    style=\"max-width:100%;\"\n                \/>\n            <\/a>\n        <\/div>\n\t\t\t\t\t\t\t<\/div> \n\t\t\t\n        \n\t\t\t\t<div id=\"ngg-image-1\" class=\"ngg-gallery-thumbnail-box\" >\n\t\t\t\t        <div class=\"ngg-gallery-thumbnail\">\n            <a href=\"http:\/\/www.spaziotorino.it\/scatto\/wp-content\/gallery\/2025_02_06_coltivato-1\/PLA_9352.jpg\"\n               title=\"Maria Lodovica Gullino, Direttore scientifico del Festival Internazionale dell\u2019Agricoltura Coltivato\"\n               data-src=\"http:\/\/www.spaziotorino.it\/scatto\/wp-content\/gallery\/2025_02_06_coltivato-1\/PLA_9352.jpg\"\n               data-thumbnail=\"http:\/\/www.spaziotorino.it\/scatto\/wp-content\/gallery\/2025_02_06_coltivato-1\/thumbs\/thumbs_PLA_9352.jpg\"\n               data-image-id=\"35844\"\n               data-title=\"Maria Lodovica Gullino, Direttore scientifico del Festival Internazionale dell\u2019Agricoltura Coltivato\"\n               data-description=\"Maria Lodovica Gullino, Direttore scientifico del Festival Internazionale dell\u2019Agricoltura Coltivato\"\n               data-image-slug=\"pla_9352-2\"\n               class=\"ngg-fancybox\" rel=\"54c748644e3ca799edd7de068515c2e8\">\n                <img\n                    title=\"Maria Lodovica Gullino, Direttore scientifico del Festival Internazionale dell\u2019Agricoltura Coltivato\"\n                    alt=\"Maria Lodovica Gullino, Direttore scientifico del Festival Internazionale dell\u2019Agricoltura Coltivato\"\n                    src=\"http:\/\/www.spaziotorino.it\/scatto\/wp-content\/gallery\/2025_02_06_coltivato-1\/cache\/PLA_9352.jpg-nggid0535844-ngg0dyn-60x60x100-00f0w010c011r110f110r010t010.jpg\"\n                    width=\"60\"\n                    height=\"60\"\n                    style=\"max-width:100%;\"\n                \/>\n            <\/a>\n        <\/div>\n\t\t\t\t\t\t\t<\/div> \n\t\t\t\n        \n\t\t\t\t<div id=\"ngg-image-2\" class=\"ngg-gallery-thumbnail-box\" >\n\t\t\t\t        <div class=\"ngg-gallery-thumbnail\">\n            <a href=\"http:\/\/www.spaziotorino.it\/scatto\/wp-content\/gallery\/2025_02_06_coltivato-1\/PLA_9371.jpg\"\n               title=\"Antonio Pascale, Direttore artistico del Festival Internazionale dell\u2019Agricoltura Coltivato\"\n               data-src=\"http:\/\/www.spaziotorino.it\/scatto\/wp-content\/gallery\/2025_02_06_coltivato-1\/PLA_9371.jpg\"\n               data-thumbnail=\"http:\/\/www.spaziotorino.it\/scatto\/wp-content\/gallery\/2025_02_06_coltivato-1\/thumbs\/thumbs_PLA_9371.jpg\"\n               data-image-id=\"35847\"\n               data-title=\"Antonio Pascale, Direttore artistico del Festival Internazionale dell\u2019Agricoltura Coltivato\"\n               data-description=\"Antonio Pascale, Direttore artistico del Festival Internazionale dell\u2019Agricoltura Coltivato\"\n               data-image-slug=\"pla_9371-2\"\n               class=\"ngg-fancybox\" rel=\"54c748644e3ca799edd7de068515c2e8\">\n                <img\n                    title=\"Antonio Pascale, Direttore artistico del Festival Internazionale dell\u2019Agricoltura Coltivato\"\n                    alt=\"Antonio Pascale, Direttore artistico del Festival Internazionale dell\u2019Agricoltura Coltivato\"\n                    src=\"http:\/\/www.spaziotorino.it\/scatto\/wp-content\/gallery\/2025_02_06_coltivato-1\/cache\/PLA_9371.jpg-nggid0535847-ngg0dyn-60x60x100-00f0w010c011r110f110r010t010.jpg\"\n                    width=\"60\"\n                    height=\"60\"\n                    style=\"max-width:100%;\"\n                \/>\n            <\/a>\n        <\/div>\n\t\t\t\t\t\t\t<\/div> \n\t\t\t\n        \n\t\t\t\t<div id=\"ngg-image-3\" class=\"ngg-gallery-thumbnail-box\" >\n\t\t\t\t        <div class=\"ngg-gallery-thumbnail\">\n            <a href=\"http:\/\/www.spaziotorino.it\/scatto\/wp-content\/gallery\/2025_02_06_coltivato-1\/PLA_9379.jpg\"\n               title=\"Presentato il Festival Internazionale dell\u2019Agricoltura Coltivato. L\u2019acqua il tema della seconda edizione, in programma dal 20 al 23 marzo\"\n               data-src=\"http:\/\/www.spaziotorino.it\/scatto\/wp-content\/gallery\/2025_02_06_coltivato-1\/PLA_9379.jpg\"\n               data-thumbnail=\"http:\/\/www.spaziotorino.it\/scatto\/wp-content\/gallery\/2025_02_06_coltivato-1\/thumbs\/thumbs_PLA_9379.jpg\"\n               data-image-id=\"35843\"\n               data-title=\"Presentato il Festival Internazionale dell\u2019Agricoltura Coltivato. L\u2019acqua il tema della seconda edizione, in programma dal 20 al 23 marzo\"\n               data-description=\"Presentato il Festival Internazionale dell\u2019Agricoltura Coltivato. L\u2019acqua il tema della seconda edizione, in programma dal 20 al 23 marzo\"\n               data-image-slug=\"pla_9379-3\"\n               class=\"ngg-fancybox\" rel=\"54c748644e3ca799edd7de068515c2e8\">\n                <img\n                    title=\"Presentato il Festival Internazionale dell\u2019Agricoltura Coltivato. L\u2019acqua il tema della seconda edizione, in programma dal 20 al 23 marzo\"\n                    alt=\"Presentato il Festival Internazionale dell\u2019Agricoltura Coltivato. L\u2019acqua il tema della seconda edizione, in programma dal 20 al 23 marzo\"\n                    src=\"http:\/\/www.spaziotorino.it\/scatto\/wp-content\/gallery\/2025_02_06_coltivato-1\/cache\/PLA_9379.jpg-nggid0535843-ngg0dyn-60x60x100-00f0w010c011r110f110r010t010.jpg\"\n                    width=\"60\"\n                    height=\"60\"\n                    style=\"max-width:100%;\"\n                \/>\n            <\/a>\n        <\/div>\n\t\t\t\t\t\t\t<\/div> \n\t\t\t\n        \n\t\t\t\t<div id=\"ngg-image-4\" class=\"ngg-gallery-thumbnail-box\" >\n\t\t\t\t        <div class=\"ngg-gallery-thumbnail\">\n            <a href=\"http:\/\/www.spaziotorino.it\/scatto\/wp-content\/gallery\/2025_02_06_coltivato-1\/PLA_9406.jpg\"\n               title=\"Presentato il Festival Internazionale dell\u2019Agricoltura Coltivato. L\u2019acqua il tema della seconda edizione, in programma dal 20 al 23 marzo\"\n               data-src=\"http:\/\/www.spaziotorino.it\/scatto\/wp-content\/gallery\/2025_02_06_coltivato-1\/PLA_9406.jpg\"\n               data-thumbnail=\"http:\/\/www.spaziotorino.it\/scatto\/wp-content\/gallery\/2025_02_06_coltivato-1\/thumbs\/thumbs_PLA_9406.jpg\"\n               data-image-id=\"35846\"\n               data-title=\"Presentato il Festival Internazionale dell\u2019Agricoltura Coltivato. L\u2019acqua il tema della seconda edizione, in programma dal 20 al 23 marzo\"\n               data-description=\"Presentato il Festival Internazionale dell\u2019Agricoltura Coltivato. L\u2019acqua il tema della seconda edizione, in programma dal 20 al 23 marzo\"\n               data-image-slug=\"pla_9406-4\"\n               class=\"ngg-fancybox\" rel=\"54c748644e3ca799edd7de068515c2e8\">\n                <img\n                    title=\"Presentato il Festival Internazionale dell\u2019Agricoltura Coltivato. L\u2019acqua il tema della seconda edizione, in programma dal 20 al 23 marzo\"\n                    alt=\"Presentato il Festival Internazionale dell\u2019Agricoltura Coltivato. L\u2019acqua il tema della seconda edizione, in programma dal 20 al 23 marzo\"\n                    src=\"http:\/\/www.spaziotorino.it\/scatto\/wp-content\/gallery\/2025_02_06_coltivato-1\/cache\/PLA_9406.jpg-nggid0535846-ngg0dyn-60x60x100-00f0w010c011r110f110r010t010.jpg\"\n                    width=\"60\"\n                    height=\"60\"\n                    style=\"max-width:100%;\"\n                \/>\n            <\/a>\n        <\/div>\n\t\t\t\t\t\t\t<\/div> \n\t\t\t\n        \n\t\t\t\t<div id=\"ngg-image-5\" class=\"ngg-gallery-thumbnail-box\" >\n\t\t\t\t        <div class=\"ngg-gallery-thumbnail\">\n            <a href=\"http:\/\/www.spaziotorino.it\/scatto\/wp-content\/gallery\/2025_02_06_coltivato-1\/PLA_9419.jpg\"\n               title=\"Francesco Tresso, Assessore al Verde della Citt\u00e0 di Torino\"\n               data-src=\"http:\/\/www.spaziotorino.it\/scatto\/wp-content\/gallery\/2025_02_06_coltivato-1\/PLA_9419.jpg\"\n               data-thumbnail=\"http:\/\/www.spaziotorino.it\/scatto\/wp-content\/gallery\/2025_02_06_coltivato-1\/thumbs\/thumbs_PLA_9419.jpg\"\n               data-image-id=\"35850\"\n               data-title=\"Francesco Tresso, Assessore al Verde della Citt\u00e0 di Torino\"\n               data-description=\"Francesco Tresso, Assessore al Verde della Citt\u00e0 di Torino\"\n               data-image-slug=\"pla_9419-1\"\n               class=\"ngg-fancybox\" rel=\"54c748644e3ca799edd7de068515c2e8\">\n                <img\n                    title=\"Francesco Tresso, Assessore al Verde della Citt\u00e0 di Torino\"\n                    alt=\"Francesco Tresso, Assessore al Verde della Citt\u00e0 di Torino\"\n                    src=\"http:\/\/www.spaziotorino.it\/scatto\/wp-content\/gallery\/2025_02_06_coltivato-1\/cache\/PLA_9419.jpg-nggid0535850-ngg0dyn-60x60x100-00f0w010c011r110f110r010t010.jpg\"\n                    width=\"60\"\n                    height=\"60\"\n                    style=\"max-width:100%;\"\n                \/>\n            <\/a>\n        <\/div>\n\t\t\t\t\t\t\t<\/div> \n\t\t\t\n        \n\t\t\t\t<div id=\"ngg-image-6\" class=\"ngg-gallery-thumbnail-box\" >\n\t\t\t\t        <div class=\"ngg-gallery-thumbnail\">\n            <a href=\"http:\/\/www.spaziotorino.it\/scatto\/wp-content\/gallery\/2025_02_06_coltivato-1\/PLA_9422.jpg\"\n               title=\"Antonio Pascale, Direttore artistico del Festival Internazionale dell\u2019Agricoltura Coltivato\"\n               data-src=\"http:\/\/www.spaziotorino.it\/scatto\/wp-content\/gallery\/2025_02_06_coltivato-1\/PLA_9422.jpg\"\n               data-thumbnail=\"http:\/\/www.spaziotorino.it\/scatto\/wp-content\/gallery\/2025_02_06_coltivato-1\/thumbs\/thumbs_PLA_9422.jpg\"\n               data-image-id=\"35849\"\n               data-title=\"Antonio Pascale, Direttore artistico del Festival Internazionale dell\u2019Agricoltura Coltivato\"\n               data-description=\"Antonio Pascale, Direttore artistico del Festival Internazionale dell\u2019Agricoltura Coltivato\"\n               data-image-slug=\"pla_9422-1\"\n               class=\"ngg-fancybox\" rel=\"54c748644e3ca799edd7de068515c2e8\">\n                <img\n                    title=\"Antonio Pascale, Direttore artistico del Festival Internazionale dell\u2019Agricoltura Coltivato\"\n                    alt=\"Antonio Pascale, Direttore artistico del Festival Internazionale dell\u2019Agricoltura Coltivato\"\n                    src=\"http:\/\/www.spaziotorino.it\/scatto\/wp-content\/gallery\/2025_02_06_coltivato-1\/cache\/PLA_9422.jpg-nggid0535849-ngg0dyn-60x60x100-00f0w010c011r110f110r010t010.jpg\"\n                    width=\"60\"\n                    height=\"60\"\n                    style=\"max-width:100%;\"\n                \/>\n            <\/a>\n        <\/div>\n\t\t\t\t\t\t\t<\/div> \n\t\t\t\n        \n\t\t\n\t\t<!-- Pagination -->\n\t<div class='ngg-clear'><\/div>\t<\/div>\n\n<p>Dal 20 al 23 marzo torna a Torino Coltivato, il Festival Internazionale dell\u2019Agricoltura: incontri, conferenze, dibattiti, tavole rotonde, laboratori, interviste e spettacoli teatrali, per raccontare l\u2019agricoltura in un grande evento scientifico-divulgativo con cadenza biennale.<\/p>\n<p>La seconda edizione del Festival, nei giorni in cui ricorre la Giornata Mondiale dell\u2019Acqua (22 marzo), \u00e8 dedicata a questa risorsa fondamentale e sempre pi\u00f9 scarsa. Coltivato non si limita a presentare la problematica della scarsit\u00e0 idrica, ma si propone di offrire un\u2019analisi approfondita del tema, esplorando le cause, le conseguenze e, soprattutto, le possibili soluzioni per una gestione pi\u00f9 responsabile e sostenibile di una risorsa vitale per il settore agricolo e per l\u2019intero pianeta. Il tema sar\u00e0 indagato sotto diversi punti di vista: cambiamenti climatici e siccit\u00e0, gestione innovativa delle risorse idriche, conflitti per l\u2019accesso all\u2019acqua e sicurezza alimentare.<\/p>\n<p>\u201cSono lieto di portare i saluti della Citt\u00e0 alla presentazione della seconda edizione di Coltivato, un festival che grazie ad un programma ambizioso e ricco di appuntamenti porta l\u2019agricoltura nel cuore di Torino \u2013 ha commentato l\u2019assessore Francesco Tresso, portando i saluti della Citt\u00e0 alla conferenza stampa di presentazione -. Torino vanta anche una solida tradizione di agricoltura urbana, un fenomeno che genera benefici importanti, in una nuova visione del tessuto urbano: dalla sicurezza alimentare alla conservazione del suolo, dal rafforzamento delle reti di collaborazione tra i cittadini alla promozione di stili di vita sani, e offre al contempo un\u2019importante occasione per riconnettersi con la natura. Il tema scelto per questa edizione di Coltivato \u00e8 di grande attualit\u00e0: la gestione sostenibile delle risorse idriche, che sono un bene essenziale per l\u2019agricoltura e per l\u2019intero pianeta. Un tema che si intreccia con le sfide del cambiamento climatico, incidendo non solo sulle pratiche agricole ma anche sulla cura del verde urbano. Coltivato rappresenta dunque un\u2019importante occasione di confronto e approfondimento su tematiche fondamentali per il nostro futuro\u201d.<\/p>\n<p>Coltivato si propone di parlare della \u201cvera\u201d agricoltura, spesso diversa da quella immaginata, bucolica, in modo rigoroso, basato su fatti e numeri, da un punto di vista di economia e lavoro, di innovazione, scienza e tecnologia, senza dimenticare il cambiamento climatico e la sostenibilit\u00e0, che all\u2019agricoltura sono strettamente (inter)connessi. Il tutto con spirito critico ma aperto, rivolgendosi a un pubblico eterogeneo e affiancando a eventi di carattere strettamente scientifico, come seminari, interviste e tavole rotonde, momenti puramente divulgativi, come reading e spettacoli teatrali, laboratori per i pi\u00f9 giovani. Perch\u00e9 raccontare l\u2019agricoltura significa coltivare conoscenza e da qui nasce anche il nome del Festival \u2013 Coltivato.&nbsp;<\/p>\n<p>La location principale del festival sar\u00e0 il Circolo dei lettori, mentre la Cavallerizza Reale ospiter\u00e0 l\u2019inaugurazione e il Palazzo della Radio, il Teatro Gobetti e il Museo della Frutta Francesco Garnier Valletti le anteprime del Festival. L\u2019ingresso \u00e8 libero fino a esaurimento posti, salvo dove diversamente indicato; programma completo di tutti gli appuntamenti \u00e8 disponibile sul sito&nbsp;<a href=\"http:\/\/www.coltivato.com\/\" target=\"_blank\" rel=\"noreferrer noopener\">www.coltivato.com<\/a>.<\/p>\n<p>Coltivato nasce da un\u2019idea di Antonio Pascale, scrittore e ispettore presso il Ministero dell\u2019agricoltura, della sovranit\u00e0 alimentare e delle foreste, e di Maria Lodovica Gullino, fitopatologa e imprenditrice, che ne sono rispettivamente direttore artistico e responsabile scientifico.&nbsp;<\/p>\n<p>Il Festival \u00e8 patrocinato dal Ministero dell\u2019agricoltura, della sovranit\u00e0 alimentare e delle foreste, dalla Regione Piemonte, dalla Citt\u00e0 di Torino e dall\u2019Universit\u00e0 degli Studi di Torino. \u00c8 sostenuto dalla Camera di commercio industria artigianato e agricoltura di Torino, Intesa Sanpaolo, Fondazione Compagnia di San Paolo, Fondazione CRT, Fondazione Agritech, Federchimica Agrofarma, SMAT, Unioncamere Piemonte, Thales Alenia Space, Reale Mutua, Turismo Torino, in collaborazione con Teatro Stabile di Torino \u2013 Teatro Nazionale, Biennale Democrazia, Biennale Tecnologia, Giornale della Legalit\u00e0 \u2013 Spazi aperti in luoghi chiusi, SaluTO, Rai Teche, IED Torino, ReSoil Foundation, AgriNewTech, weTree. Si ringrazia Fondazione Circolo dei lettori. Promotore e organizzatore del Festival \u00e8 il Comitato per l\u2019organizzazione del Festival Internazionale dell\u2019Agricoltura, fondato nel 2022 da Maria Lodovica Gullino, Maria Grazia Pellerino e Luca Remmert, e di cui oggi fanno parte anche Maria Caramelli e Vittorio Viora.<\/p>\n","protected":false},"excerpt":{"rendered":"<p>Dal 20 al 23 marzo torna a Torino Coltivato, il Festival Internazionale dell\u2019Agricoltura: incontri, conferenze, dibattiti, tavole rotonde, laboratori, interviste e spettacoli teatrali, per raccontare l\u2019agricoltura in un grande evento scientifico-divulgativo con cadenza biennale. La seconda edizione del Festival, nei giorni in cui ricorre la Giornata Mondiale dell\u2019Acqua (22 marzo), \u00e8 dedicata a questa risorsa [&hellip;]<\/p>\n","protected":false},"author":1,"featured_media":0,"comment_status":"closed","ping_status":"open","sticky":false,"template":"","format":"standard","meta":{"ngg_post_thumbnail":0},"categories":[1,41],"tags":[],"_links":{"self":[{"href":"http:\/\/www.spaziotorino.it\/scatto\/index.php?rest_route=\/wp\/v2\/posts\/54433"}],"collection":[{"href":"http:\/\/www.spaziotorino.it\/scatto\/index.php?rest_route=\/wp\/v2\/posts"}],"about":[{"href":"http:\/\/www.spaziotorino.it\/scatto\/index.php?rest_route=\/wp\/v2\/types\/post"}],"author":[{"embeddable":true,"href":"http:\/\/www.spaziotorino.it\/scatto\/index.php?rest_route=\/wp\/v2\/users\/1"}],"replies":[{"embeddable":true,"href":"http:\/\/www.spaziotorino.it\/scatto\/index.php?rest_route=%2Fwp%2Fv2%2Fcomments&post=54433"}],"version-history":[{"count":1,"href":"http:\/\/www.spaziotorino.it\/scatto\/index.php?rest_route=\/wp\/v2\/posts\/54433\/revisions"}],"predecessor-version":[{"id":54435,"href":"http:\/\/www.spaziotorino.it\/scatto\/index.php?rest_route=\/wp\/v2\/posts\/54433\/revisions\/54435"}],"wp:attachment":[{"href":"http:\/\/www.spaziotorino.it\/scatto\/index.php?rest_route=%2Fwp%2Fv2%2Fmedia&parent=54433"}],"wp:term":[{"taxonomy":"category","embeddable":true,"href":"http:\/\/www.spaziotorino.it\/scatto\/index.php?rest_route=%2Fwp%2Fv2%2Fcategories&post=54433"},{"taxonomy":"post_tag","embeddable":true,"href":"http:\/\/www.spaziotorino.it\/scatto\/index.php?rest_route=%2Fwp%2Fv2%2Ftags&post=54433"}],"curies":[{"name":"wp","href":"https:\/\/api.w.org\/{rel}","templated":true}]}}