{"id":54453,"date":"2025-02-07T17:30:55","date_gmt":"2025-02-07T16:30:55","guid":{"rendered":"http:\/\/www.spaziotorino.it\/scatto\/?p=54453"},"modified":"2025-02-07T17:30:55","modified_gmt":"2025-02-07T16:30:55","slug":"la-citta-di-torino-celebra-il-giorno-del-ricordo-con-la-presenza-di-egea-haffner-simbolo-dellesodo-giuliano-dalmata","status":"publish","type":"post","link":"http:\/\/www.spaziotorino.it\/scatto\/?p=54453","title":{"rendered":"La Citt\u00e0 di Torino celebra il Giorno del Ricordo con la presenza di Egea Haffner, simbolo dell\u2019esodo giuliano-dalmata"},"content":{"rendered":"<p><a class=\"ngg-fancybox\" title=\"La Citt\u00e0 di Torino celebra il Giorno del Ricordo con la presenza di Egea Haffner, simbolo dell\u2019esodo giuliano-dalmata\" href=\"http:\/\/www.spaziotorino.it\/scatto\/wp-content\/gallery\/2025_02_07_ricordo\/PLA_9640.jpg\" rel=\"lightbox[set_2426]\"><br \/>\n<img decoding=\"async\" loading=\"lazy\" class=\"ngg-singlepic\" title=\"La Citt\u00e0 di Torino celebra il Giorno del Ricordo con la presenza di Egea Haffner, simbolo dell\u2019esodo giuliano-dalmata\" src=\"http:\/\/www.spaziotorino.it\/scatto\/wp-content\/gallery\/2025_02_07_ricordo\/PLA_9640.jpg\" alt=\"\" width=\"540\" height=\"360\"\/><\/a><\/p>\n<!-- index.php -->\n<div\n\tclass=\"ngg-galleryoverview ngg-ajax-pagination-none\"\n\tid=\"ngg-gallery-248eae46fa7206b117f53f04a5fe5826-1\">\n\n    \t\t<!-- Thumbnails -->\n\t\t\t\t<div id=\"ngg-image-0\" class=\"ngg-gallery-thumbnail-box\" >\n\t\t\t\t        <div class=\"ngg-gallery-thumbnail\">\n            <a href=\"http:\/\/www.spaziotorino.it\/scatto\/wp-content\/gallery\/2025_02_07_ricordo\/PLA_9458.jpg\"\n               title=\"Egea Haffner con la locandina delle iniziative della Citt\u00e0 per il Giorno del Ricordo, che riporta la sua foto da bambina con la valigia\"\n               data-src=\"http:\/\/www.spaziotorino.it\/scatto\/wp-content\/gallery\/2025_02_07_ricordo\/PLA_9458.jpg\"\n               data-thumbnail=\"http:\/\/www.spaziotorino.it\/scatto\/wp-content\/gallery\/2025_02_07_ricordo\/thumbs\/thumbs_PLA_9458.jpg\"\n               data-image-id=\"35854\"\n               data-title=\"Egea Haffner con la locandina delle iniziative della Citt\u00e0 per il Giorno del Ricordo, che riporta la sua foto da bambina con la valigia\"\n               data-description=\"Egea Haffner con la locandina delle iniziative della Citt\u00e0 per il Giorno del Ricordo, che riporta la sua foto da bambina con la valigia\"\n               data-image-slug=\"pla_9458\"\n               class=\"ngg-fancybox\" rel=\"248eae46fa7206b117f53f04a5fe5826\">\n                <img\n                    title=\"Egea Haffner con la locandina delle iniziative della Citt\u00e0 per il Giorno del Ricordo, che riporta la sua foto da bambina con la valigia\"\n                    alt=\"Egea Haffner con la locandina delle iniziative della Citt\u00e0 per il Giorno del Ricordo, che riporta la sua foto da bambina con la valigia\"\n                    src=\"http:\/\/www.spaziotorino.it\/scatto\/wp-content\/gallery\/2025_02_07_ricordo\/cache\/PLA_9458.jpg-nggid0535854-ngg0dyn-60x60x100-00f0w010c011r110f110r010t010.jpg\"\n                    width=\"60\"\n                    height=\"60\"\n                    style=\"max-width:100%;\"\n                \/>\n            <\/a>\n        <\/div>\n\t\t\t\t\t\t\t<\/div> \n\t\t\t\n        \n\t\t\t\t<div id=\"ngg-image-1\" class=\"ngg-gallery-thumbnail-box\" >\n\t\t\t\t        <div class=\"ngg-gallery-thumbnail\">\n            <a href=\"http:\/\/www.spaziotorino.it\/scatto\/wp-content\/gallery\/2025_02_07_ricordo\/PLA_9466.jpg\"\n               title=\"Antonio Vatta e Egea Haffner\"\n               data-src=\"http:\/\/www.spaziotorino.it\/scatto\/wp-content\/gallery\/2025_02_07_ricordo\/PLA_9466.jpg\"\n               data-thumbnail=\"http:\/\/www.spaziotorino.it\/scatto\/wp-content\/gallery\/2025_02_07_ricordo\/thumbs\/thumbs_PLA_9466.jpg\"\n               data-image-id=\"35851\"\n               data-title=\"Torino, venerd\u00ec 7 febbraio 2025Palazzo Civico, sala RossaCelebrazione per la Giornata del Ricordo, in memoria delle vittime delle foibe e dell&#039;esodo degli Istriani, Fiumani e Dalmati. Presente Egea Haffner, la bambina con la valigia. Partecipano la vicesindaca Michela Favoro e la presidente Maria Grazia Grippo\"\n               data-description=\"Antonio Vatta e Egea Haffner\"\n               data-image-slug=\"pla_9466-1\"\n               class=\"ngg-fancybox\" rel=\"248eae46fa7206b117f53f04a5fe5826\">\n                <img\n                    title=\"Torino, venerd\u00ec 7 febbraio 2025Palazzo Civico, sala RossaCelebrazione per la Giornata del Ricordo, in memoria delle vittime delle foibe e dell&#039;esodo degli Istriani, Fiumani e Dalmati. Presente Egea Haffner, la bambina con la valigia. Partecipano la vicesindaca Michela Favoro e la presidente Maria Grazia Grippo\"\n                    alt=\"Torino, venerd\u00ec 7 febbraio 2025Palazzo Civico, sala RossaCelebrazione per la Giornata del Ricordo, in memoria delle vittime delle foibe e dell&#039;esodo degli Istriani, Fiumani e Dalmati. Presente Egea Haffner, la bambina con la valigia. Partecipano la vicesindaca Michela Favoro e la presidente Maria Grazia Grippo\"\n                    src=\"http:\/\/www.spaziotorino.it\/scatto\/wp-content\/gallery\/2025_02_07_ricordo\/cache\/PLA_9466.jpg-nggid0535851-ngg0dyn-60x60x100-00f0w010c011r110f110r010t010.jpg\"\n                    width=\"60\"\n                    height=\"60\"\n                    style=\"max-width:100%;\"\n                \/>\n            <\/a>\n        <\/div>\n\t\t\t\t\t\t\t<\/div> \n\t\t\t\n        \n\t\t\t\t<div id=\"ngg-image-2\" class=\"ngg-gallery-thumbnail-box\" >\n\t\t\t\t        <div class=\"ngg-gallery-thumbnail\">\n            <a href=\"http:\/\/www.spaziotorino.it\/scatto\/wp-content\/gallery\/2025_02_07_ricordo\/PLA_9480.jpg\"\n               title=\"La Citt\u00e0 di Torino celebra il Giorno del Ricordo\"\n               data-src=\"http:\/\/www.spaziotorino.it\/scatto\/wp-content\/gallery\/2025_02_07_ricordo\/PLA_9480.jpg\"\n               data-thumbnail=\"http:\/\/www.spaziotorino.it\/scatto\/wp-content\/gallery\/2025_02_07_ricordo\/thumbs\/thumbs_PLA_9480.jpg\"\n               data-image-id=\"35855\"\n               data-title=\"La Citt\u00e0 di Torino celebra il Giorno del Ricordo\"\n               data-description=\"La Citt\u00e0 di Torino celebra il Giorno del Ricordo\"\n               data-image-slug=\"pla_9480-1\"\n               class=\"ngg-fancybox\" rel=\"248eae46fa7206b117f53f04a5fe5826\">\n                <img\n                    title=\"La Citt\u00e0 di Torino celebra il Giorno del Ricordo\"\n                    alt=\"La Citt\u00e0 di Torino celebra il Giorno del Ricordo\"\n                    src=\"http:\/\/www.spaziotorino.it\/scatto\/wp-content\/gallery\/2025_02_07_ricordo\/cache\/PLA_9480.jpg-nggid0535855-ngg0dyn-60x60x100-00f0w010c011r110f110r010t010.jpg\"\n                    width=\"60\"\n                    height=\"60\"\n                    style=\"max-width:100%;\"\n                \/>\n            <\/a>\n        <\/div>\n\t\t\t\t\t\t\t<\/div> \n\t\t\t\n        \n\t\t\t\t<div id=\"ngg-image-3\" class=\"ngg-gallery-thumbnail-box\" >\n\t\t\t\t        <div class=\"ngg-gallery-thumbnail\">\n            <a href=\"http:\/\/www.spaziotorino.it\/scatto\/wp-content\/gallery\/2025_02_07_ricordo\/PLA_9482.jpg\"\n               title=\"La Presidente del Consiglio Comunale, Maria Grazia Grippo, apre la cerimonia per il Giorno del Ricordo in Sala Rossa\"\n               data-src=\"http:\/\/www.spaziotorino.it\/scatto\/wp-content\/gallery\/2025_02_07_ricordo\/PLA_9482.jpg\"\n               data-thumbnail=\"http:\/\/www.spaziotorino.it\/scatto\/wp-content\/gallery\/2025_02_07_ricordo\/thumbs\/thumbs_PLA_9482.jpg\"\n               data-image-id=\"35852\"\n               data-title=\"La Presidente del Consiglio Comunale, Maria Grazia Grippo, apre la cerimonia per il Giorno del Ricordo in Sala Rossa\"\n               data-description=\"La Presidente del Consiglio Comunale, Maria Grazia Grippo, apre la cerimonia per il Giorno del Ricordo in Sala Rossa\"\n               data-image-slug=\"pla_9482-3\"\n               class=\"ngg-fancybox\" rel=\"248eae46fa7206b117f53f04a5fe5826\">\n                <img\n                    title=\"La Presidente del Consiglio Comunale, Maria Grazia Grippo, apre la cerimonia per il Giorno del Ricordo in Sala Rossa\"\n                    alt=\"La Presidente del Consiglio Comunale, Maria Grazia Grippo, apre la cerimonia per il Giorno del Ricordo in Sala Rossa\"\n                    src=\"http:\/\/www.spaziotorino.it\/scatto\/wp-content\/gallery\/2025_02_07_ricordo\/cache\/PLA_9482.jpg-nggid0535852-ngg0dyn-60x60x100-00f0w010c011r110f110r010t010.jpg\"\n                    width=\"60\"\n                    height=\"60\"\n                    style=\"max-width:100%;\"\n                \/>\n            <\/a>\n        <\/div>\n\t\t\t\t\t\t\t<\/div> \n\t\t\t\n        \n\t\t\t\t<div id=\"ngg-image-4\" class=\"ngg-gallery-thumbnail-box\" >\n\t\t\t\t        <div class=\"ngg-gallery-thumbnail\">\n            <a href=\"http:\/\/www.spaziotorino.it\/scatto\/wp-content\/gallery\/2025_02_07_ricordo\/PLA_9507.jpg\"\n               title=\"La Citt\u00e0 di Torino celebra il Giorno del Ricordo\"\n               data-src=\"http:\/\/www.spaziotorino.it\/scatto\/wp-content\/gallery\/2025_02_07_ricordo\/PLA_9507.jpg\"\n               data-thumbnail=\"http:\/\/www.spaziotorino.it\/scatto\/wp-content\/gallery\/2025_02_07_ricordo\/thumbs\/thumbs_PLA_9507.jpg\"\n               data-image-id=\"35856\"\n               data-title=\"La Citt\u00e0 di Torino celebra il Giorno del Ricordo\"\n               data-description=\"La Citt\u00e0 di Torino celebra il Giorno del Ricordo\"\n               data-image-slug=\"pla_9507\"\n               class=\"ngg-fancybox\" rel=\"248eae46fa7206b117f53f04a5fe5826\">\n                <img\n                    title=\"La Citt\u00e0 di Torino celebra il Giorno del Ricordo\"\n                    alt=\"La Citt\u00e0 di Torino celebra il Giorno del Ricordo\"\n                    src=\"http:\/\/www.spaziotorino.it\/scatto\/wp-content\/gallery\/2025_02_07_ricordo\/cache\/PLA_9507.jpg-nggid0535856-ngg0dyn-60x60x100-00f0w010c011r110f110r010t010.jpg\"\n                    width=\"60\"\n                    height=\"60\"\n                    style=\"max-width:100%;\"\n                \/>\n            <\/a>\n        <\/div>\n\t\t\t\t\t\t\t<\/div> \n\t\t\t\n        \n\t\t\t\t<div id=\"ngg-image-5\" class=\"ngg-gallery-thumbnail-box\" >\n\t\t\t\t        <div class=\"ngg-gallery-thumbnail\">\n            <a href=\"http:\/\/www.spaziotorino.it\/scatto\/wp-content\/gallery\/2025_02_07_ricordo\/PLA_9512.jpg\"\n               title=\"Antonio Vatta, Presidente dell&#039;Associazione Nazionale Venezia Giulia e Dalmazia Comitato provinciale di Torino interviene alla cerimonia in Sala Rossa\"\n               data-src=\"http:\/\/www.spaziotorino.it\/scatto\/wp-content\/gallery\/2025_02_07_ricordo\/PLA_9512.jpg\"\n               data-thumbnail=\"http:\/\/www.spaziotorino.it\/scatto\/wp-content\/gallery\/2025_02_07_ricordo\/thumbs\/thumbs_PLA_9512.jpg\"\n               data-image-id=\"35853\"\n               data-title=\"Antonio Vatta, Presidente dell&#039;Associazione Nazionale Venezia Giulia e Dalmazia Comitato provinciale di Torino interviene alla cerimonia in Sala Rossa\"\n               data-description=\"Antonio Vatta, Presidente dell&#039;Associazione Nazionale Venezia Giulia e Dalmazia Comitato provinciale di Torino interviene alla cerimonia in Sala Rossa\"\n               data-image-slug=\"pla_9512-1\"\n               class=\"ngg-fancybox\" rel=\"248eae46fa7206b117f53f04a5fe5826\">\n                <img\n                    title=\"Antonio Vatta, Presidente dell&#039;Associazione Nazionale Venezia Giulia e Dalmazia Comitato provinciale di Torino interviene alla cerimonia in Sala Rossa\"\n                    alt=\"Antonio Vatta, Presidente dell&#039;Associazione Nazionale Venezia Giulia e Dalmazia Comitato provinciale di Torino interviene alla cerimonia in Sala Rossa\"\n                    src=\"http:\/\/www.spaziotorino.it\/scatto\/wp-content\/gallery\/2025_02_07_ricordo\/cache\/PLA_9512.jpg-nggid0535853-ngg0dyn-60x60x100-00f0w010c011r110f110r010t010.jpg\"\n                    width=\"60\"\n                    height=\"60\"\n                    style=\"max-width:100%;\"\n                \/>\n            <\/a>\n        <\/div>\n\t\t\t\t\t\t\t<\/div> \n\t\t\t\n        \n\t\t\t\t<div id=\"ngg-image-6\" class=\"ngg-gallery-thumbnail-box\" >\n\t\t\t\t        <div class=\"ngg-gallery-thumbnail\">\n            <a href=\"http:\/\/www.spaziotorino.it\/scatto\/wp-content\/gallery\/2025_02_07_ricordo\/PLA_9522.jpg\"\n               title=\"La Citt\u00e0 di Torino celebra il Giorno del Ricordo\"\n               data-src=\"http:\/\/www.spaziotorino.it\/scatto\/wp-content\/gallery\/2025_02_07_ricordo\/PLA_9522.jpg\"\n               data-thumbnail=\"http:\/\/www.spaziotorino.it\/scatto\/wp-content\/gallery\/2025_02_07_ricordo\/thumbs\/thumbs_PLA_9522.jpg\"\n               data-image-id=\"35857\"\n               data-title=\"La Citt\u00e0 di Torino celebra il Giorno del Ricordo\"\n               data-description=\"La Citt\u00e0 di Torino celebra il Giorno del Ricordo\"\n               data-image-slug=\"pla_9522\"\n               class=\"ngg-fancybox\" rel=\"248eae46fa7206b117f53f04a5fe5826\">\n                <img\n                    title=\"La Citt\u00e0 di Torino celebra il Giorno del Ricordo\"\n                    alt=\"La Citt\u00e0 di Torino celebra il Giorno del Ricordo\"\n                    src=\"http:\/\/www.spaziotorino.it\/scatto\/wp-content\/gallery\/2025_02_07_ricordo\/cache\/PLA_9522.jpg-nggid0535857-ngg0dyn-60x60x100-00f0w010c011r110f110r010t010.jpg\"\n                    width=\"60\"\n                    height=\"60\"\n                    style=\"max-width:100%;\"\n                \/>\n            <\/a>\n        <\/div>\n\t\t\t\t\t\t\t<\/div> \n\t\t\t\n        \n\t\t\t\t<div id=\"ngg-image-7\" class=\"ngg-gallery-thumbnail-box\" >\n\t\t\t\t        <div class=\"ngg-gallery-thumbnail\">\n            <a href=\"http:\/\/www.spaziotorino.it\/scatto\/wp-content\/gallery\/2025_02_07_ricordo\/PLA_9526.jpg\"\n               title=\"La Citt\u00e0 di Torino celebra il Giorno del Ricordo\"\n               data-src=\"http:\/\/www.spaziotorino.it\/scatto\/wp-content\/gallery\/2025_02_07_ricordo\/PLA_9526.jpg\"\n               data-thumbnail=\"http:\/\/www.spaziotorino.it\/scatto\/wp-content\/gallery\/2025_02_07_ricordo\/thumbs\/thumbs_PLA_9526.jpg\"\n               data-image-id=\"35859\"\n               data-title=\"La Citt\u00e0 di Torino celebra il Giorno del Ricordo\"\n               data-description=\"La Citt\u00e0 di Torino celebra il Giorno del Ricordo\"\n               data-image-slug=\"pla_9526\"\n               class=\"ngg-fancybox\" rel=\"248eae46fa7206b117f53f04a5fe5826\">\n                <img\n                    title=\"La Citt\u00e0 di Torino celebra il Giorno del Ricordo\"\n                    alt=\"La Citt\u00e0 di Torino celebra il Giorno del Ricordo\"\n                    src=\"http:\/\/www.spaziotorino.it\/scatto\/wp-content\/gallery\/2025_02_07_ricordo\/cache\/PLA_9526.jpg-nggid0535859-ngg0dyn-60x60x100-00f0w010c011r110f110r010t010.jpg\"\n                    width=\"60\"\n                    height=\"60\"\n                    style=\"max-width:100%;\"\n                \/>\n            <\/a>\n        <\/div>\n\t\t\t\t\t\t\t<\/div> \n\t\t\t\n        \n\t\t\t\t<div id=\"ngg-image-8\" class=\"ngg-gallery-thumbnail-box\" >\n\t\t\t\t        <div class=\"ngg-gallery-thumbnail\">\n            <a href=\"http:\/\/www.spaziotorino.it\/scatto\/wp-content\/gallery\/2025_02_07_ricordo\/PLA_9559.jpg\"\n               title=\"L&#039;intervento di Egea Haffner\"\n               data-src=\"http:\/\/www.spaziotorino.it\/scatto\/wp-content\/gallery\/2025_02_07_ricordo\/PLA_9559.jpg\"\n               data-thumbnail=\"http:\/\/www.spaziotorino.it\/scatto\/wp-content\/gallery\/2025_02_07_ricordo\/thumbs\/thumbs_PLA_9559.jpg\"\n               data-image-id=\"35858\"\n               data-title=\"L&#039;intervento di Egea Haffner\"\n               data-description=\"L&#039;intervento di Egea Haffner\"\n               data-image-slug=\"pla_9559\"\n               class=\"ngg-fancybox\" rel=\"248eae46fa7206b117f53f04a5fe5826\">\n                <img\n                    title=\"L&#039;intervento di Egea Haffner\"\n                    alt=\"L&#039;intervento di Egea Haffner\"\n                    src=\"http:\/\/www.spaziotorino.it\/scatto\/wp-content\/gallery\/2025_02_07_ricordo\/cache\/PLA_9559.jpg-nggid0535858-ngg0dyn-60x60x100-00f0w010c011r110f110r010t010.jpg\"\n                    width=\"60\"\n                    height=\"60\"\n                    style=\"max-width:100%;\"\n                \/>\n            <\/a>\n        <\/div>\n\t\t\t\t\t\t\t<\/div> \n\t\t\t\n        \n\t\t\t\t<div id=\"ngg-image-9\" class=\"ngg-gallery-thumbnail-box\" >\n\t\t\t\t        <div class=\"ngg-gallery-thumbnail\">\n            <a href=\"http:\/\/www.spaziotorino.it\/scatto\/wp-content\/gallery\/2025_02_07_ricordo\/PLA_9590.jpg\"\n               title=\"La Citt\u00e0 di Torino celebra il Giorno del Ricordo\"\n               data-src=\"http:\/\/www.spaziotorino.it\/scatto\/wp-content\/gallery\/2025_02_07_ricordo\/PLA_9590.jpg\"\n               data-thumbnail=\"http:\/\/www.spaziotorino.it\/scatto\/wp-content\/gallery\/2025_02_07_ricordo\/thumbs\/thumbs_PLA_9590.jpg\"\n               data-image-id=\"35862\"\n               data-title=\"La Citt\u00e0 di Torino celebra il Giorno del Ricordo\"\n               data-description=\"La Citt\u00e0 di Torino celebra il Giorno del Ricordo\"\n               data-image-slug=\"pla_9590\"\n               class=\"ngg-fancybox\" rel=\"248eae46fa7206b117f53f04a5fe5826\">\n                <img\n                    title=\"La Citt\u00e0 di Torino celebra il Giorno del Ricordo\"\n                    alt=\"La Citt\u00e0 di Torino celebra il Giorno del Ricordo\"\n                    src=\"http:\/\/www.spaziotorino.it\/scatto\/wp-content\/gallery\/2025_02_07_ricordo\/cache\/PLA_9590.jpg-nggid0535862-ngg0dyn-60x60x100-00f0w010c011r110f110r010t010.jpg\"\n                    width=\"60\"\n                    height=\"60\"\n                    style=\"max-width:100%;\"\n                \/>\n            <\/a>\n        <\/div>\n\t\t\t\t\t\t\t<\/div> \n\t\t\t\n        \n\t\t\t\t<div id=\"ngg-image-10\" class=\"ngg-gallery-thumbnail-box\" >\n\t\t\t\t        <div class=\"ngg-gallery-thumbnail\">\n            <a href=\"http:\/\/www.spaziotorino.it\/scatto\/wp-content\/gallery\/2025_02_07_ricordo\/PLA_9595.jpg\"\n               title=\"La Citt\u00e0 di Torino celebra il Giorno del Ricordo\"\n               data-src=\"http:\/\/www.spaziotorino.it\/scatto\/wp-content\/gallery\/2025_02_07_ricordo\/PLA_9595.jpg\"\n               data-thumbnail=\"http:\/\/www.spaziotorino.it\/scatto\/wp-content\/gallery\/2025_02_07_ricordo\/thumbs\/thumbs_PLA_9595.jpg\"\n               data-image-id=\"35860\"\n               data-title=\"La Citt\u00e0 di Torino celebra il Giorno del Ricordo\"\n               data-description=\"La Citt\u00e0 di Torino celebra il Giorno del Ricordo\"\n               data-image-slug=\"pla_9595-1\"\n               class=\"ngg-fancybox\" rel=\"248eae46fa7206b117f53f04a5fe5826\">\n                <img\n                    title=\"La Citt\u00e0 di Torino celebra il Giorno del Ricordo\"\n                    alt=\"La Citt\u00e0 di Torino celebra il Giorno del Ricordo\"\n                    src=\"http:\/\/www.spaziotorino.it\/scatto\/wp-content\/gallery\/2025_02_07_ricordo\/cache\/PLA_9595.jpg-nggid0535860-ngg0dyn-60x60x100-00f0w010c011r110f110r010t010.jpg\"\n                    width=\"60\"\n                    height=\"60\"\n                    style=\"max-width:100%;\"\n                \/>\n            <\/a>\n        <\/div>\n\t\t\t\t\t\t\t<\/div> \n\t\t\t\n        \n\t\t\t\t<div id=\"ngg-image-11\" class=\"ngg-gallery-thumbnail-box\" >\n\t\t\t\t        <div class=\"ngg-gallery-thumbnail\">\n            <a href=\"http:\/\/www.spaziotorino.it\/scatto\/wp-content\/gallery\/2025_02_07_ricordo\/PLA_9605.jpg\"\n               title=\"La vicesindaca Michela Favaro e Egea Haffner\"\n               data-src=\"http:\/\/www.spaziotorino.it\/scatto\/wp-content\/gallery\/2025_02_07_ricordo\/PLA_9605.jpg\"\n               data-thumbnail=\"http:\/\/www.spaziotorino.it\/scatto\/wp-content\/gallery\/2025_02_07_ricordo\/thumbs\/thumbs_PLA_9605.jpg\"\n               data-image-id=\"35861\"\n               data-title=\"La vicesindaca Michela Favaro e Egea Haffner\"\n               data-description=\"La vicesindaca Michela Favaro e Egea Haffner\"\n               data-image-slug=\"pla_9605-2\"\n               class=\"ngg-fancybox\" rel=\"248eae46fa7206b117f53f04a5fe5826\">\n                <img\n                    title=\"La vicesindaca Michela Favaro e Egea Haffner\"\n                    alt=\"La vicesindaca Michela Favaro e Egea Haffner\"\n                    src=\"http:\/\/www.spaziotorino.it\/scatto\/wp-content\/gallery\/2025_02_07_ricordo\/cache\/PLA_9605.jpg-nggid0535861-ngg0dyn-60x60x100-00f0w010c011r110f110r010t010.jpg\"\n                    width=\"60\"\n                    height=\"60\"\n                    style=\"max-width:100%;\"\n                \/>\n            <\/a>\n        <\/div>\n\t\t\t\t\t\t\t<\/div> \n\t\t\t\n        \n\t\t\t\t<div id=\"ngg-image-12\" class=\"ngg-gallery-thumbnail-box\" >\n\t\t\t\t        <div class=\"ngg-gallery-thumbnail\">\n            <a href=\"http:\/\/www.spaziotorino.it\/scatto\/wp-content\/gallery\/2025_02_07_ricordo\/PLA_9612.jpg\"\n               title=\"La vicesindaca Michela Favaro e la presidente del Consiglio Maria Grazia Grippo con Egea Haffner\"\n               data-src=\"http:\/\/www.spaziotorino.it\/scatto\/wp-content\/gallery\/2025_02_07_ricordo\/PLA_9612.jpg\"\n               data-thumbnail=\"http:\/\/www.spaziotorino.it\/scatto\/wp-content\/gallery\/2025_02_07_ricordo\/thumbs\/thumbs_PLA_9612.jpg\"\n               data-image-id=\"35863\"\n               data-title=\"La vicesindaca Michela Favaro e la presidente del Consiglio Maria Grazia Grippo con Egea Haffner\"\n               data-description=\"La vicesindaca Michela Favaro e la presidente del Consiglio Maria Grazia Grippo con Egea Haffner\"\n               data-image-slug=\"pla_9612\"\n               class=\"ngg-fancybox\" rel=\"248eae46fa7206b117f53f04a5fe5826\">\n                <img\n                    title=\"La vicesindaca Michela Favaro e la presidente del Consiglio Maria Grazia Grippo con Egea Haffner\"\n                    alt=\"La vicesindaca Michela Favaro e la presidente del Consiglio Maria Grazia Grippo con Egea Haffner\"\n                    src=\"http:\/\/www.spaziotorino.it\/scatto\/wp-content\/gallery\/2025_02_07_ricordo\/cache\/PLA_9612.jpg-nggid0535863-ngg0dyn-60x60x100-00f0w010c011r110f110r010t010.jpg\"\n                    width=\"60\"\n                    height=\"60\"\n                    style=\"max-width:100%;\"\n                \/>\n            <\/a>\n        <\/div>\n\t\t\t\t\t\t\t<\/div> \n\t\t\t\n        \n\t\t\t\t<div id=\"ngg-image-13\" class=\"ngg-gallery-thumbnail-box\" >\n\t\t\t\t        <div class=\"ngg-gallery-thumbnail\">\n            <a href=\"http:\/\/www.spaziotorino.it\/scatto\/wp-content\/gallery\/2025_02_07_ricordo\/PLA_9620.jpg\"\n               title=\"La Citt\u00e0 di Torino celebra il Giorno del Ricordo\"\n               data-src=\"http:\/\/www.spaziotorino.it\/scatto\/wp-content\/gallery\/2025_02_07_ricordo\/PLA_9620.jpg\"\n               data-thumbnail=\"http:\/\/www.spaziotorino.it\/scatto\/wp-content\/gallery\/2025_02_07_ricordo\/thumbs\/thumbs_PLA_9620.jpg\"\n               data-image-id=\"35865\"\n               data-title=\"La Citt\u00e0 di Torino celebra il Giorno del Ricordo\"\n               data-description=\"La Citt\u00e0 di Torino celebra il Giorno del Ricordo\"\n               data-image-slug=\"pla_9620\"\n               class=\"ngg-fancybox\" rel=\"248eae46fa7206b117f53f04a5fe5826\">\n                <img\n                    title=\"La Citt\u00e0 di Torino celebra il Giorno del Ricordo\"\n                    alt=\"La Citt\u00e0 di Torino celebra il Giorno del Ricordo\"\n                    src=\"http:\/\/www.spaziotorino.it\/scatto\/wp-content\/gallery\/2025_02_07_ricordo\/cache\/PLA_9620.jpg-nggid0535865-ngg0dyn-60x60x100-00f0w010c011r110f110r010t010.jpg\"\n                    width=\"60\"\n                    height=\"60\"\n                    style=\"max-width:100%;\"\n                \/>\n            <\/a>\n        <\/div>\n\t\t\t\t\t\t\t<\/div> \n\t\t\t\n        \n\t\t\n\t\t<!-- Pagination -->\n\t<div class='ngg-clear'><\/div>\t<\/div>\n\n<p>La Citt\u00e0 di Torino celebra il Giorno del Ricordo in Sala Rossa. Ad aprire la cerimonia \u00e8 stata la presidente del Consiglio Comunale Maria Grazia Grippo, a cui sono seguiti gli interventi dell\u2019assessore regionale Maurizio Marrone, del presidente del Comitato Resistenza e Costituzione e Vice Presidente del Consiglio regionale del Piemonte Domenico Ravetti, del Presidente dell\u2019Associazione Nazionale Venezia Giulia e Dalmazia \u2013 Comitato Provinciale di Torino Antonio Vatta. L\u2019orazione ufficiale \u00e8 stata affidata a Egea Haffner, la \u201cbambina con la valigia\u201d, simbolo dell\u2019esodo giuliano-dalmata. La cerimonia si \u00e8 chiusa con l\u2019intervento della Vicesindaca Michela Favaro.<\/p>\n<p>\u201cOggi prendono il via le celebrazioni del Giorno del Ricordo \u2013 ha dichiarato&nbsp;<strong>la Vicesindaca Michela Favaro nel suo intervento<\/strong>&nbsp;\u2013 con una serie di appuntamenti nella nostra citt\u00e0, momenti di riflessione e approfondimento su una pagina di storia che per troppo tempo non ha ricevuto l\u2019attenzione necessaria. \u00c8 fondamentale continuare a ricercare e analizzare questi eventi, perch\u00e9 di fronte a diritti negati e concittadini uccisi o costretti all\u2019esilio deve esserci una posizione chiara e condivisa. A Torino molti esuli hanno trovato accoglienza e hanno potuto ricostruire le loro vite. Oggi la nostra responsabilit\u00e0 \u00e8 anche quella di trasmettere alle nuove generazioni il valore dell\u2019accoglienza che la nostra comunit\u00e0 ha saputo offrire. Voglio porgere un sentito ringraziamento a Egea Haffner, che con la sua presenza ci ha donato una testimonianza preziosa. La sua storia ci aiuta a comprendere meglio il dramma vissuto da migliaia di persone. Anche oggi ci sono tanti bambini e bambine con la valigia e il nostro impegno \u00e8 di impedire che in futuro altre persone siano costrette ad abbandonare la propria casa per sfuggire a guerre e stermini\u201d.<\/p>\n<p>\u201cLa foto con la valigia \u2013 ha raccontato Egea Haffner \u2013 fu scattata per lasciare un ricordo alla mia nonna paterna. Voleva una foto della sua unica nipotina, che forse non avrebbe pi\u00f9 rivisto. Dietro quella foto non c\u2019\u00e8 solo la tragedia della mia famiglia, ma quella di un intero popolo costretto all\u2019esilio. Sulla valigia \u00e8 scritto \u201cesile giuliana 30.001\u201d perch\u00e9 al tempo Pola contava circa 30 mila abitanti e si prevedeva che quasi tutti sarebbero dovuti partire. Pochi giorni dopo partii per Cagliari, dove ci ospit\u00f2 una zia. Mio padre non c\u2019era: una sera di maggio del 1945 fu prelevato dalla polizia e scomparve nel nulla. Chiedemmo alla Croce Rossa se era stato deportato in qualche campo di concentramento, ma nessuno seppe risponderci. Negli ultimi anni ho viaggiato in tutta Italia per raccontare la mia storia, \u00e8 la mia missione. \u00c8 stato anche pubblicato un libro e tra pochi giorni uscir\u00e0 un film. \u00c8 importante continuare a raccontare, a ricordare, affinch\u00e9 tutto questo non venga dimenticato\u201d.<\/p>\n","protected":false},"excerpt":{"rendered":"<p>La Citt\u00e0 di Torino celebra il Giorno del Ricordo in Sala Rossa. Ad aprire la cerimonia \u00e8 stata la presidente del Consiglio Comunale Maria Grazia Grippo, a cui sono seguiti gli interventi dell\u2019assessore regionale Maurizio Marrone, del presidente del Comitato Resistenza e Costituzione e Vice Presidente del Consiglio regionale del Piemonte Domenico Ravetti, del Presidente [&hellip;]<\/p>\n","protected":false},"author":1,"featured_media":0,"comment_status":"closed","ping_status":"open","sticky":false,"template":"","format":"standard","meta":{"ngg_post_thumbnail":0},"categories":[1,895],"tags":[],"_links":{"self":[{"href":"http:\/\/www.spaziotorino.it\/scatto\/index.php?rest_route=\/wp\/v2\/posts\/54453"}],"collection":[{"href":"http:\/\/www.spaziotorino.it\/scatto\/index.php?rest_route=\/wp\/v2\/posts"}],"about":[{"href":"http:\/\/www.spaziotorino.it\/scatto\/index.php?rest_route=\/wp\/v2\/types\/post"}],"author":[{"embeddable":true,"href":"http:\/\/www.spaziotorino.it\/scatto\/index.php?rest_route=\/wp\/v2\/users\/1"}],"replies":[{"embeddable":true,"href":"http:\/\/www.spaziotorino.it\/scatto\/index.php?rest_route=%2Fwp%2Fv2%2Fcomments&post=54453"}],"version-history":[{"count":1,"href":"http:\/\/www.spaziotorino.it\/scatto\/index.php?rest_route=\/wp\/v2\/posts\/54453\/revisions"}],"predecessor-version":[{"id":54455,"href":"http:\/\/www.spaziotorino.it\/scatto\/index.php?rest_route=\/wp\/v2\/posts\/54453\/revisions\/54455"}],"wp:attachment":[{"href":"http:\/\/www.spaziotorino.it\/scatto\/index.php?rest_route=%2Fwp%2Fv2%2Fmedia&parent=54453"}],"wp:term":[{"taxonomy":"category","embeddable":true,"href":"http:\/\/www.spaziotorino.it\/scatto\/index.php?rest_route=%2Fwp%2Fv2%2Fcategories&post=54453"},{"taxonomy":"post_tag","embeddable":true,"href":"http:\/\/www.spaziotorino.it\/scatto\/index.php?rest_route=%2Fwp%2Fv2%2Ftags&post=54453"}],"curies":[{"name":"wp","href":"https:\/\/api.w.org\/{rel}","templated":true}]}}