{"id":54472,"date":"2025-02-10T16:52:05","date_gmt":"2025-02-10T15:52:05","guid":{"rendered":"http:\/\/www.spaziotorino.it\/scatto\/?p=54472"},"modified":"2025-02-10T16:52:05","modified_gmt":"2025-02-10T15:52:05","slug":"torino-ricorda-le-vittime-delle-foibe-e-lesodo-degli-istriani-fiumani-e-dalmati","status":"publish","type":"post","link":"http:\/\/www.spaziotorino.it\/scatto\/?p=54472","title":{"rendered":"Torino ricorda le vittime delle foibe e l&#8217;esodo degli Istriani Fiumani e Dalmati"},"content":{"rendered":"<p><a class=\"ngg-fancybox\" title=\"Torino ricorda le vittime delle foibe e l'esodo degli Istriani Fiumani e Dalmati\" href=\"http:\/\/www.spaziotorino.it\/scatto\/wp-content\/gallery\/2025_02_10_ricordo\/PLA_9716.jpg\" rel=\"lightbox[set_2427]\"><br \/>\n<img decoding=\"async\" loading=\"lazy\" class=\"ngg-singlepic\" title=\"Torino ricorda le vittime delle foibe e l'esodo degli Istriani Fiumani e Dalmati\" src=\"http:\/\/www.spaziotorino.it\/scatto\/wp-content\/gallery\/2025_02_10_ricordo\/PLA_9716.jpg\" alt=\"\" width=\"540\" height=\"360\"\/><\/a><\/p>\n<!-- index.php -->\n<div\n\tclass=\"ngg-galleryoverview ngg-ajax-pagination-none\"\n\tid=\"ngg-gallery-a4058b0b68e343aa8c2fc2a286d76831-1\">\n\n    \t\t<!-- Thumbnails -->\n\t\t\t\t<div id=\"ngg-image-0\" class=\"ngg-gallery-thumbnail-box\" >\n\t\t\t\t        <div class=\"ngg-gallery-thumbnail\">\n            <a href=\"http:\/\/www.spaziotorino.it\/scatto\/wp-content\/gallery\/2025_02_10_ricordo\/PLA_9651.jpg\"\n               title=\"Torino ricorda le vittime delle foibe e l&#039;esodo degli Istriani Fiumani e Dalmati\"\n               data-src=\"http:\/\/www.spaziotorino.it\/scatto\/wp-content\/gallery\/2025_02_10_ricordo\/PLA_9651.jpg\"\n               data-thumbnail=\"http:\/\/www.spaziotorino.it\/scatto\/wp-content\/gallery\/2025_02_10_ricordo\/thumbs\/thumbs_PLA_9651.jpg\"\n               data-image-id=\"35866\"\n               data-title=\"Torino ricorda le vittime delle foibe e l&#039;esodo degli Istriani Fiumani e Dalmati\"\n               data-description=\"Torino ricorda le vittime delle foibe e l&#039;esodo degli Istriani Fiumani e Dalmati\"\n               data-image-slug=\"pla_9651-2\"\n               class=\"ngg-fancybox\" rel=\"a4058b0b68e343aa8c2fc2a286d76831\">\n                <img\n                    title=\"Torino ricorda le vittime delle foibe e l&#039;esodo degli Istriani Fiumani e Dalmati\"\n                    alt=\"Torino ricorda le vittime delle foibe e l&#039;esodo degli Istriani Fiumani e Dalmati\"\n                    src=\"http:\/\/www.spaziotorino.it\/scatto\/wp-content\/gallery\/2025_02_10_ricordo\/cache\/PLA_9651.jpg-nggid0535866-ngg0dyn-60x60x100-00f0w010c011r110f110r010t010.jpg\"\n                    width=\"60\"\n                    height=\"60\"\n                    style=\"max-width:100%;\"\n                \/>\n            <\/a>\n        <\/div>\n\t\t\t\t\t\t\t<\/div> \n\t\t\t\n        \n\t\t\t\t<div id=\"ngg-image-1\" class=\"ngg-gallery-thumbnail-box\" >\n\t\t\t\t        <div class=\"ngg-gallery-thumbnail\">\n            <a href=\"http:\/\/www.spaziotorino.it\/scatto\/wp-content\/gallery\/2025_02_10_ricordo\/PLA_9656.jpg\"\n               title=\"Torino ricorda le vittime delle foibe e l&#039;esodo degli Istriani Fiumani e Dalmati\"\n               data-src=\"http:\/\/www.spaziotorino.it\/scatto\/wp-content\/gallery\/2025_02_10_ricordo\/PLA_9656.jpg\"\n               data-thumbnail=\"http:\/\/www.spaziotorino.it\/scatto\/wp-content\/gallery\/2025_02_10_ricordo\/thumbs\/thumbs_PLA_9656.jpg\"\n               data-image-id=\"35869\"\n               data-title=\"Torino ricorda le vittime delle foibe e l&#039;esodo degli Istriani Fiumani e Dalmati\"\n               data-description=\"Torino ricorda le vittime delle foibe e l&#039;esodo degli Istriani Fiumani e Dalmati\"\n               data-image-slug=\"pla_9656-2\"\n               class=\"ngg-fancybox\" rel=\"a4058b0b68e343aa8c2fc2a286d76831\">\n                <img\n                    title=\"Torino ricorda le vittime delle foibe e l&#039;esodo degli Istriani Fiumani e Dalmati\"\n                    alt=\"Torino ricorda le vittime delle foibe e l&#039;esodo degli Istriani Fiumani e Dalmati\"\n                    src=\"http:\/\/www.spaziotorino.it\/scatto\/wp-content\/gallery\/2025_02_10_ricordo\/cache\/PLA_9656.jpg-nggid0535869-ngg0dyn-60x60x100-00f0w010c011r110f110r010t010.jpg\"\n                    width=\"60\"\n                    height=\"60\"\n                    style=\"max-width:100%;\"\n                \/>\n            <\/a>\n        <\/div>\n\t\t\t\t\t\t\t<\/div> \n\t\t\t\n        \n\t\t\t\t<div id=\"ngg-image-2\" class=\"ngg-gallery-thumbnail-box\" >\n\t\t\t\t        <div class=\"ngg-gallery-thumbnail\">\n            <a href=\"http:\/\/www.spaziotorino.it\/scatto\/wp-content\/gallery\/2025_02_10_ricordo\/PLA_9659.jpg\"\n               title=\"Torino ricorda le vittime delle foibe e l&#039;esodo degli Istriani Fiumani e Dalmati\"\n               data-src=\"http:\/\/www.spaziotorino.it\/scatto\/wp-content\/gallery\/2025_02_10_ricordo\/PLA_9659.jpg\"\n               data-thumbnail=\"http:\/\/www.spaziotorino.it\/scatto\/wp-content\/gallery\/2025_02_10_ricordo\/thumbs\/thumbs_PLA_9659.jpg\"\n               data-image-id=\"35867\"\n               data-title=\"Torino ricorda le vittime delle foibe e l&#039;esodo degli Istriani Fiumani e Dalmati\"\n               data-description=\"Torino ricorda le vittime delle foibe e l&#039;esodo degli Istriani Fiumani e Dalmati\"\n               data-image-slug=\"pla_9659-1\"\n               class=\"ngg-fancybox\" rel=\"a4058b0b68e343aa8c2fc2a286d76831\">\n                <img\n                    title=\"Torino ricorda le vittime delle foibe e l&#039;esodo degli Istriani Fiumani e Dalmati\"\n                    alt=\"Torino ricorda le vittime delle foibe e l&#039;esodo degli Istriani Fiumani e Dalmati\"\n                    src=\"http:\/\/www.spaziotorino.it\/scatto\/wp-content\/gallery\/2025_02_10_ricordo\/cache\/PLA_9659.jpg-nggid0535867-ngg0dyn-60x60x100-00f0w010c011r110f110r010t010.jpg\"\n                    width=\"60\"\n                    height=\"60\"\n                    style=\"max-width:100%;\"\n                \/>\n            <\/a>\n        <\/div>\n\t\t\t\t\t\t\t<\/div> \n\t\t\t\n        \n\t\t\t\t<div id=\"ngg-image-3\" class=\"ngg-gallery-thumbnail-box\" >\n\t\t\t\t        <div class=\"ngg-gallery-thumbnail\">\n            <a href=\"http:\/\/www.spaziotorino.it\/scatto\/wp-content\/gallery\/2025_02_10_ricordo\/PLA_9675.jpg\"\n               title=\"Torino ricorda le vittime delle foibe e l&#039;esodo degli Istriani Fiumani e Dalmati\"\n               data-src=\"http:\/\/www.spaziotorino.it\/scatto\/wp-content\/gallery\/2025_02_10_ricordo\/PLA_9675.jpg\"\n               data-thumbnail=\"http:\/\/www.spaziotorino.it\/scatto\/wp-content\/gallery\/2025_02_10_ricordo\/thumbs\/thumbs_PLA_9675.jpg\"\n               data-image-id=\"35871\"\n               data-title=\"Torino ricorda le vittime delle foibe e l&#039;esodo degli Istriani Fiumani e Dalmati\"\n               data-description=\"Torino ricorda le vittime delle foibe e l&#039;esodo degli Istriani Fiumani e Dalmati\"\n               data-image-slug=\"pla_9675-1\"\n               class=\"ngg-fancybox\" rel=\"a4058b0b68e343aa8c2fc2a286d76831\">\n                <img\n                    title=\"Torino ricorda le vittime delle foibe e l&#039;esodo degli Istriani Fiumani e Dalmati\"\n                    alt=\"Torino ricorda le vittime delle foibe e l&#039;esodo degli Istriani Fiumani e Dalmati\"\n                    src=\"http:\/\/www.spaziotorino.it\/scatto\/wp-content\/gallery\/2025_02_10_ricordo\/cache\/PLA_9675.jpg-nggid0535871-ngg0dyn-60x60x100-00f0w010c011r110f110r010t010.jpg\"\n                    width=\"60\"\n                    height=\"60\"\n                    style=\"max-width:100%;\"\n                \/>\n            <\/a>\n        <\/div>\n\t\t\t\t\t\t\t<\/div> \n\t\t\t\n        \n\t\t\t\t<div id=\"ngg-image-4\" class=\"ngg-gallery-thumbnail-box\" >\n\t\t\t\t        <div class=\"ngg-gallery-thumbnail\">\n            <a href=\"http:\/\/www.spaziotorino.it\/scatto\/wp-content\/gallery\/2025_02_10_ricordo\/PLA_9676.jpg\"\n               title=\"Torino ricorda le vittime delle foibe e l&#039;esodo degli Istriani Fiumani e Dalmati\"\n               data-src=\"http:\/\/www.spaziotorino.it\/scatto\/wp-content\/gallery\/2025_02_10_ricordo\/PLA_9676.jpg\"\n               data-thumbnail=\"http:\/\/www.spaziotorino.it\/scatto\/wp-content\/gallery\/2025_02_10_ricordo\/thumbs\/thumbs_PLA_9676.jpg\"\n               data-image-id=\"35868\"\n               data-title=\"Torino ricorda le vittime delle foibe e l&#039;esodo degli Istriani Fiumani e Dalmati\"\n               data-description=\"Torino ricorda le vittime delle foibe e l&#039;esodo degli Istriani Fiumani e Dalmati\"\n               data-image-slug=\"pla_9676-1\"\n               class=\"ngg-fancybox\" rel=\"a4058b0b68e343aa8c2fc2a286d76831\">\n                <img\n                    title=\"Torino ricorda le vittime delle foibe e l&#039;esodo degli Istriani Fiumani e Dalmati\"\n                    alt=\"Torino ricorda le vittime delle foibe e l&#039;esodo degli Istriani Fiumani e Dalmati\"\n                    src=\"http:\/\/www.spaziotorino.it\/scatto\/wp-content\/gallery\/2025_02_10_ricordo\/cache\/PLA_9676.jpg-nggid0535868-ngg0dyn-60x60x100-00f0w010c011r110f110r010t010.jpg\"\n                    width=\"60\"\n                    height=\"60\"\n                    style=\"max-width:100%;\"\n                \/>\n            <\/a>\n        <\/div>\n\t\t\t\t\t\t\t<\/div> \n\t\t\t\n        \n\t\t\t\t<div id=\"ngg-image-5\" class=\"ngg-gallery-thumbnail-box\" >\n\t\t\t\t        <div class=\"ngg-gallery-thumbnail\">\n            <a href=\"http:\/\/www.spaziotorino.it\/scatto\/wp-content\/gallery\/2025_02_10_ricordo\/PLA_9678.jpg\"\n               title=\"Torino ricorda le vittime delle foibe e l&#039;esodo degli Istriani Fiumani e Dalmati\"\n               data-src=\"http:\/\/www.spaziotorino.it\/scatto\/wp-content\/gallery\/2025_02_10_ricordo\/PLA_9678.jpg\"\n               data-thumbnail=\"http:\/\/www.spaziotorino.it\/scatto\/wp-content\/gallery\/2025_02_10_ricordo\/thumbs\/thumbs_PLA_9678.jpg\"\n               data-image-id=\"35870\"\n               data-title=\"Torino ricorda le vittime delle foibe e l&#039;esodo degli Istriani Fiumani e Dalmati\"\n               data-description=\"Torino ricorda le vittime delle foibe e l&#039;esodo degli Istriani Fiumani e Dalmati\"\n               data-image-slug=\"pla_9678-3\"\n               class=\"ngg-fancybox\" rel=\"a4058b0b68e343aa8c2fc2a286d76831\">\n                <img\n                    title=\"Torino ricorda le vittime delle foibe e l&#039;esodo degli Istriani Fiumani e Dalmati\"\n                    alt=\"Torino ricorda le vittime delle foibe e l&#039;esodo degli Istriani Fiumani e Dalmati\"\n                    src=\"http:\/\/www.spaziotorino.it\/scatto\/wp-content\/gallery\/2025_02_10_ricordo\/cache\/PLA_9678.jpg-nggid0535870-ngg0dyn-60x60x100-00f0w010c011r110f110r010t010.jpg\"\n                    width=\"60\"\n                    height=\"60\"\n                    style=\"max-width:100%;\"\n                \/>\n            <\/a>\n        <\/div>\n\t\t\t\t\t\t\t<\/div> \n\t\t\t\n        \n\t\t\t\t<div id=\"ngg-image-6\" class=\"ngg-gallery-thumbnail-box\" >\n\t\t\t\t        <div class=\"ngg-gallery-thumbnail\">\n            <a href=\"http:\/\/www.spaziotorino.it\/scatto\/wp-content\/gallery\/2025_02_10_ricordo\/PLA_9680.jpg\"\n               title=\"Torino ricorda le vittime delle foibe e l&#039;esodo degli Istriani Fiumani e Dalmati\"\n               data-src=\"http:\/\/www.spaziotorino.it\/scatto\/wp-content\/gallery\/2025_02_10_ricordo\/PLA_9680.jpg\"\n               data-thumbnail=\"http:\/\/www.spaziotorino.it\/scatto\/wp-content\/gallery\/2025_02_10_ricordo\/thumbs\/thumbs_PLA_9680.jpg\"\n               data-image-id=\"35872\"\n               data-title=\"Torino ricorda le vittime delle foibe e l&#039;esodo degli Istriani Fiumani e Dalmati\"\n               data-description=\"Torino ricorda le vittime delle foibe e l&#039;esodo degli Istriani Fiumani e Dalmati\"\n               data-image-slug=\"pla_9680-2\"\n               class=\"ngg-fancybox\" rel=\"a4058b0b68e343aa8c2fc2a286d76831\">\n                <img\n                    title=\"Torino ricorda le vittime delle foibe e l&#039;esodo degli Istriani Fiumani e Dalmati\"\n                    alt=\"Torino ricorda le vittime delle foibe e l&#039;esodo degli Istriani Fiumani e Dalmati\"\n                    src=\"http:\/\/www.spaziotorino.it\/scatto\/wp-content\/gallery\/2025_02_10_ricordo\/cache\/PLA_9680.jpg-nggid0535872-ngg0dyn-60x60x100-00f0w010c011r110f110r010t010.jpg\"\n                    width=\"60\"\n                    height=\"60\"\n                    style=\"max-width:100%;\"\n                \/>\n            <\/a>\n        <\/div>\n\t\t\t\t\t\t\t<\/div> \n\t\t\t\n        \n\t\t\t\t<div id=\"ngg-image-7\" class=\"ngg-gallery-thumbnail-box\" >\n\t\t\t\t        <div class=\"ngg-gallery-thumbnail\">\n            <a href=\"http:\/\/www.spaziotorino.it\/scatto\/wp-content\/gallery\/2025_02_10_ricordo\/PLA_9696.jpg\"\n               title=\"Torino ricorda le vittime delle foibe e l&#039;esodo degli Istriani Fiumani e Dalmati\"\n               data-src=\"http:\/\/www.spaziotorino.it\/scatto\/wp-content\/gallery\/2025_02_10_ricordo\/PLA_9696.jpg\"\n               data-thumbnail=\"http:\/\/www.spaziotorino.it\/scatto\/wp-content\/gallery\/2025_02_10_ricordo\/thumbs\/thumbs_PLA_9696.jpg\"\n               data-image-id=\"35873\"\n               data-title=\"Torino ricorda le vittime delle foibe e l&#039;esodo degli Istriani Fiumani e Dalmati\"\n               data-description=\"Torino ricorda le vittime delle foibe e l&#039;esodo degli Istriani Fiumani e Dalmati\"\n               data-image-slug=\"pla_9696\"\n               class=\"ngg-fancybox\" rel=\"a4058b0b68e343aa8c2fc2a286d76831\">\n                <img\n                    title=\"Torino ricorda le vittime delle foibe e l&#039;esodo degli Istriani Fiumani e Dalmati\"\n                    alt=\"Torino ricorda le vittime delle foibe e l&#039;esodo degli Istriani Fiumani e Dalmati\"\n                    src=\"http:\/\/www.spaziotorino.it\/scatto\/wp-content\/gallery\/2025_02_10_ricordo\/cache\/PLA_9696.jpg-nggid0535873-ngg0dyn-60x60x100-00f0w010c011r110f110r010t010.jpg\"\n                    width=\"60\"\n                    height=\"60\"\n                    style=\"max-width:100%;\"\n                \/>\n            <\/a>\n        <\/div>\n\t\t\t\t\t\t\t<\/div> \n\t\t\t\n        \n\t\t\t\t<div id=\"ngg-image-8\" class=\"ngg-gallery-thumbnail-box\" >\n\t\t\t\t        <div class=\"ngg-gallery-thumbnail\">\n            <a href=\"http:\/\/www.spaziotorino.it\/scatto\/wp-content\/gallery\/2025_02_10_ricordo\/PLA_9703.jpg\"\n               title=\"Torino ricorda le vittime delle foibe e l&#039;esodo degli Istriani Fiumani e Dalmati\"\n               data-src=\"http:\/\/www.spaziotorino.it\/scatto\/wp-content\/gallery\/2025_02_10_ricordo\/PLA_9703.jpg\"\n               data-thumbnail=\"http:\/\/www.spaziotorino.it\/scatto\/wp-content\/gallery\/2025_02_10_ricordo\/thumbs\/thumbs_PLA_9703.jpg\"\n               data-image-id=\"35875\"\n               data-title=\"Torino ricorda le vittime delle foibe e l&#039;esodo degli Istriani Fiumani e Dalmati\"\n               data-description=\"Torino ricorda le vittime delle foibe e l&#039;esodo degli Istriani Fiumani e Dalmati\"\n               data-image-slug=\"pla_9703-3\"\n               class=\"ngg-fancybox\" rel=\"a4058b0b68e343aa8c2fc2a286d76831\">\n                <img\n                    title=\"Torino ricorda le vittime delle foibe e l&#039;esodo degli Istriani Fiumani e Dalmati\"\n                    alt=\"Torino ricorda le vittime delle foibe e l&#039;esodo degli Istriani Fiumani e Dalmati\"\n                    src=\"http:\/\/www.spaziotorino.it\/scatto\/wp-content\/gallery\/2025_02_10_ricordo\/cache\/PLA_9703.jpg-nggid0535875-ngg0dyn-60x60x100-00f0w010c011r110f110r010t010.jpg\"\n                    width=\"60\"\n                    height=\"60\"\n                    style=\"max-width:100%;\"\n                \/>\n            <\/a>\n        <\/div>\n\t\t\t\t\t\t\t<\/div> \n\t\t\t\n        \n\t\t\t\t<div id=\"ngg-image-9\" class=\"ngg-gallery-thumbnail-box\" >\n\t\t\t\t        <div class=\"ngg-gallery-thumbnail\">\n            <a href=\"http:\/\/www.spaziotorino.it\/scatto\/wp-content\/gallery\/2025_02_10_ricordo\/PLA_9714.jpg\"\n               title=\"Torino ricorda le vittime delle foibe e l&#039;esodo degli Istriani Fiumani e Dalmati\"\n               data-src=\"http:\/\/www.spaziotorino.it\/scatto\/wp-content\/gallery\/2025_02_10_ricordo\/PLA_9714.jpg\"\n               data-thumbnail=\"http:\/\/www.spaziotorino.it\/scatto\/wp-content\/gallery\/2025_02_10_ricordo\/thumbs\/thumbs_PLA_9714.jpg\"\n               data-image-id=\"35874\"\n               data-title=\"Torino ricorda le vittime delle foibe e l&#039;esodo degli Istriani Fiumani e Dalmati\"\n               data-description=\"Torino ricorda le vittime delle foibe e l&#039;esodo degli Istriani Fiumani e Dalmati\"\n               data-image-slug=\"pla_9714-4\"\n               class=\"ngg-fancybox\" rel=\"a4058b0b68e343aa8c2fc2a286d76831\">\n                <img\n                    title=\"Torino ricorda le vittime delle foibe e l&#039;esodo degli Istriani Fiumani e Dalmati\"\n                    alt=\"Torino ricorda le vittime delle foibe e l&#039;esodo degli Istriani Fiumani e Dalmati\"\n                    src=\"http:\/\/www.spaziotorino.it\/scatto\/wp-content\/gallery\/2025_02_10_ricordo\/cache\/PLA_9714.jpg-nggid0535874-ngg0dyn-60x60x100-00f0w010c011r110f110r010t010.jpg\"\n                    width=\"60\"\n                    height=\"60\"\n                    style=\"max-width:100%;\"\n                \/>\n            <\/a>\n        <\/div>\n\t\t\t\t\t\t\t<\/div> \n\t\t\t\n        \n\t\t\t\t<div id=\"ngg-image-10\" class=\"ngg-gallery-thumbnail-box\" >\n\t\t\t\t        <div class=\"ngg-gallery-thumbnail\">\n            <a href=\"http:\/\/www.spaziotorino.it\/scatto\/wp-content\/gallery\/2025_02_10_ricordo\/PLA_9720.jpg\"\n               title=\"Torino ricorda le vittime delle foibe e l&#039;esodo degli Istriani Fiumani e Dalmati\"\n               data-src=\"http:\/\/www.spaziotorino.it\/scatto\/wp-content\/gallery\/2025_02_10_ricordo\/PLA_9720.jpg\"\n               data-thumbnail=\"http:\/\/www.spaziotorino.it\/scatto\/wp-content\/gallery\/2025_02_10_ricordo\/thumbs\/thumbs_PLA_9720.jpg\"\n               data-image-id=\"35876\"\n               data-title=\"Torino ricorda le vittime delle foibe e l&#039;esodo degli Istriani Fiumani e Dalmati\"\n               data-description=\"Torino ricorda le vittime delle foibe e l&#039;esodo degli Istriani Fiumani e Dalmati\"\n               data-image-slug=\"pla_9720-1\"\n               class=\"ngg-fancybox\" rel=\"a4058b0b68e343aa8c2fc2a286d76831\">\n                <img\n                    title=\"Torino ricorda le vittime delle foibe e l&#039;esodo degli Istriani Fiumani e Dalmati\"\n                    alt=\"Torino ricorda le vittime delle foibe e l&#039;esodo degli Istriani Fiumani e Dalmati\"\n                    src=\"http:\/\/www.spaziotorino.it\/scatto\/wp-content\/gallery\/2025_02_10_ricordo\/cache\/PLA_9720.jpg-nggid0535876-ngg0dyn-60x60x100-00f0w010c011r110f110r010t010.jpg\"\n                    width=\"60\"\n                    height=\"60\"\n                    style=\"max-width:100%;\"\n                \/>\n            <\/a>\n        <\/div>\n\t\t\t\t\t\t\t<\/div> \n\t\t\t\n        \n\t\t\t\t<div id=\"ngg-image-11\" class=\"ngg-gallery-thumbnail-box\" >\n\t\t\t\t        <div class=\"ngg-gallery-thumbnail\">\n            <a href=\"http:\/\/www.spaziotorino.it\/scatto\/wp-content\/gallery\/2025_02_10_ricordo\/PLA_9725.jpg\"\n               title=\"Torino ricorda le vittime delle foibe e l&#039;esodo degli Istriani Fiumani e Dalmati\"\n               data-src=\"http:\/\/www.spaziotorino.it\/scatto\/wp-content\/gallery\/2025_02_10_ricordo\/PLA_9725.jpg\"\n               data-thumbnail=\"http:\/\/www.spaziotorino.it\/scatto\/wp-content\/gallery\/2025_02_10_ricordo\/thumbs\/thumbs_PLA_9725.jpg\"\n               data-image-id=\"35878\"\n               data-title=\"Torino ricorda le vittime delle foibe e l&#039;esodo degli Istriani Fiumani e Dalmati\"\n               data-description=\"Torino ricorda le vittime delle foibe e l&#039;esodo degli Istriani Fiumani e Dalmati\"\n               data-image-slug=\"pla_9725-2\"\n               class=\"ngg-fancybox\" rel=\"a4058b0b68e343aa8c2fc2a286d76831\">\n                <img\n                    title=\"Torino ricorda le vittime delle foibe e l&#039;esodo degli Istriani Fiumani e Dalmati\"\n                    alt=\"Torino ricorda le vittime delle foibe e l&#039;esodo degli Istriani Fiumani e Dalmati\"\n                    src=\"http:\/\/www.spaziotorino.it\/scatto\/wp-content\/gallery\/2025_02_10_ricordo\/cache\/PLA_9725.jpg-nggid0535878-ngg0dyn-60x60x100-00f0w010c011r110f110r010t010.jpg\"\n                    width=\"60\"\n                    height=\"60\"\n                    style=\"max-width:100%;\"\n                \/>\n            <\/a>\n        <\/div>\n\t\t\t\t\t\t\t<\/div> \n\t\t\t\n        \n\t\t\t\t<div id=\"ngg-image-12\" class=\"ngg-gallery-thumbnail-box\" >\n\t\t\t\t        <div class=\"ngg-gallery-thumbnail\">\n            <a href=\"http:\/\/www.spaziotorino.it\/scatto\/wp-content\/gallery\/2025_02_10_ricordo\/PLA_9726.jpg\"\n               title=\"Torino ricorda le vittime delle foibe e l&#039;esodo degli Istriani Fiumani e Dalmati\"\n               data-src=\"http:\/\/www.spaziotorino.it\/scatto\/wp-content\/gallery\/2025_02_10_ricordo\/PLA_9726.jpg\"\n               data-thumbnail=\"http:\/\/www.spaziotorino.it\/scatto\/wp-content\/gallery\/2025_02_10_ricordo\/thumbs\/thumbs_PLA_9726.jpg\"\n               data-image-id=\"35879\"\n               data-title=\"Torino ricorda le vittime delle foibe e l&#039;esodo degli Istriani Fiumani e Dalmati\"\n               data-description=\"Torino ricorda le vittime delle foibe e l&#039;esodo degli Istriani Fiumani e Dalmati\"\n               data-image-slug=\"pla_9726\"\n               class=\"ngg-fancybox\" rel=\"a4058b0b68e343aa8c2fc2a286d76831\">\n                <img\n                    title=\"Torino ricorda le vittime delle foibe e l&#039;esodo degli Istriani Fiumani e Dalmati\"\n                    alt=\"Torino ricorda le vittime delle foibe e l&#039;esodo degli Istriani Fiumani e Dalmati\"\n                    src=\"http:\/\/www.spaziotorino.it\/scatto\/wp-content\/gallery\/2025_02_10_ricordo\/cache\/PLA_9726.jpg-nggid0535879-ngg0dyn-60x60x100-00f0w010c011r110f110r010t010.jpg\"\n                    width=\"60\"\n                    height=\"60\"\n                    style=\"max-width:100%;\"\n                \/>\n            <\/a>\n        <\/div>\n\t\t\t\t\t\t\t<\/div> \n\t\t\t\n        \n\t\t\t\t<div id=\"ngg-image-13\" class=\"ngg-gallery-thumbnail-box\" >\n\t\t\t\t        <div class=\"ngg-gallery-thumbnail\">\n            <a href=\"http:\/\/www.spaziotorino.it\/scatto\/wp-content\/gallery\/2025_02_10_ricordo\/PLA_9731.jpg\"\n               title=\"Torino ricorda le vittime delle foibe e l&#039;esodo degli Istriani Fiumani e Dalmati\"\n               data-src=\"http:\/\/www.spaziotorino.it\/scatto\/wp-content\/gallery\/2025_02_10_ricordo\/PLA_9731.jpg\"\n               data-thumbnail=\"http:\/\/www.spaziotorino.it\/scatto\/wp-content\/gallery\/2025_02_10_ricordo\/thumbs\/thumbs_PLA_9731.jpg\"\n               data-image-id=\"35880\"\n               data-title=\"Torino ricorda le vittime delle foibe e l&#039;esodo degli Istriani Fiumani e Dalmati\"\n               data-description=\"Torino ricorda le vittime delle foibe e l&#039;esodo degli Istriani Fiumani e Dalmati\"\n               data-image-slug=\"pla_9731-3\"\n               class=\"ngg-fancybox\" rel=\"a4058b0b68e343aa8c2fc2a286d76831\">\n                <img\n                    title=\"Torino ricorda le vittime delle foibe e l&#039;esodo degli Istriani Fiumani e Dalmati\"\n                    alt=\"Torino ricorda le vittime delle foibe e l&#039;esodo degli Istriani Fiumani e Dalmati\"\n                    src=\"http:\/\/www.spaziotorino.it\/scatto\/wp-content\/gallery\/2025_02_10_ricordo\/cache\/PLA_9731.jpg-nggid0535880-ngg0dyn-60x60x100-00f0w010c011r110f110r010t010.jpg\"\n                    width=\"60\"\n                    height=\"60\"\n                    style=\"max-width:100%;\"\n                \/>\n            <\/a>\n        <\/div>\n\t\t\t\t\t\t\t<\/div> \n\t\t\t\n        \n\t\t\n\t\t<!-- Pagination -->\n\t<div class='ngg-clear'><\/div>\t<\/div>\n\n<p>Torino ha commemorato il Giorno del Ricordo con una cerimonia presso il Cimitero Monumentale, dove \u00e8 stato reso omaggio al monumento dedicato alle vittime delle foibe e ai 350mila esuli dai territori assegnati alla Jugoslavia dopo la Seconda guerra mondiale.<\/p>\n<p>Dopo la <a href=\"http:\/\/www.spaziotorino.it\/scatto\/?p=54453\">celebrazione ufficiale svoltasi venerd\u00ec scorso<\/a> a Palazzo Civico, oggi, 10 febbraio, una folta rappresentanza della comunit\u00e0 giuliano-dalmata subalpina, insieme a numerose autorit\u00e0 civili e militari, ha partecipato alla cerimonia. La vicesindaca Michela Favaro, in rappresentanza della Citt\u00e0 di Torino, ha preso parte all&#8217;evento, durante il quale \u00e8 stata deposta una corona d\u2019alloro in memoria delle vittime. Un momento di raccoglimento per non dimenticare una delle pagine pi\u00f9 dolorose della storia italiana.<\/p>\n","protected":false},"excerpt":{"rendered":"<p>Torino ha commemorato il Giorno del Ricordo con una cerimonia presso il Cimitero Monumentale, dove \u00e8 stato reso omaggio al monumento dedicato alle vittime delle foibe e ai 350mila esuli dai territori assegnati alla Jugoslavia dopo la Seconda guerra mondiale. Dopo la celebrazione ufficiale svoltasi venerd\u00ec scorso a Palazzo Civico, oggi, 10 febbraio, una folta [&hellip;]<\/p>\n","protected":false},"author":1,"featured_media":0,"comment_status":"closed","ping_status":"open","sticky":false,"template":"","format":"standard","meta":{"ngg_post_thumbnail":0},"categories":[1,895],"tags":[],"_links":{"self":[{"href":"http:\/\/www.spaziotorino.it\/scatto\/index.php?rest_route=\/wp\/v2\/posts\/54472"}],"collection":[{"href":"http:\/\/www.spaziotorino.it\/scatto\/index.php?rest_route=\/wp\/v2\/posts"}],"about":[{"href":"http:\/\/www.spaziotorino.it\/scatto\/index.php?rest_route=\/wp\/v2\/types\/post"}],"author":[{"embeddable":true,"href":"http:\/\/www.spaziotorino.it\/scatto\/index.php?rest_route=\/wp\/v2\/users\/1"}],"replies":[{"embeddable":true,"href":"http:\/\/www.spaziotorino.it\/scatto\/index.php?rest_route=%2Fwp%2Fv2%2Fcomments&post=54472"}],"version-history":[{"count":1,"href":"http:\/\/www.spaziotorino.it\/scatto\/index.php?rest_route=\/wp\/v2\/posts\/54472\/revisions"}],"predecessor-version":[{"id":54474,"href":"http:\/\/www.spaziotorino.it\/scatto\/index.php?rest_route=\/wp\/v2\/posts\/54472\/revisions\/54474"}],"wp:attachment":[{"href":"http:\/\/www.spaziotorino.it\/scatto\/index.php?rest_route=%2Fwp%2Fv2%2Fmedia&parent=54472"}],"wp:term":[{"taxonomy":"category","embeddable":true,"href":"http:\/\/www.spaziotorino.it\/scatto\/index.php?rest_route=%2Fwp%2Fv2%2Fcategories&post=54472"},{"taxonomy":"post_tag","embeddable":true,"href":"http:\/\/www.spaziotorino.it\/scatto\/index.php?rest_route=%2Fwp%2Fv2%2Ftags&post=54472"}],"curies":[{"name":"wp","href":"https:\/\/api.w.org\/{rel}","templated":true}]}}