{"id":54559,"date":"2025-02-13T14:10:00","date_gmt":"2025-02-13T13:10:00","guid":{"rendered":"http:\/\/www.spaziotorino.it\/scatto\/?p=54559"},"modified":"2025-02-14T14:55:24","modified_gmt":"2025-02-14T13:55:24","slug":"forma-e-colore-la-ceramica-dei-grandi-maestri-in-mostra-a-torino","status":"publish","type":"post","link":"http:\/\/www.spaziotorino.it\/scatto\/?p=54559","title":{"rendered":"Forma e Colore: la ceramica dei grandi Maestri in mostra a Torino"},"content":{"rendered":"<p><a class=\"ngg-fancybox\" title=\"Forma e Colore: la ceramica dei grandi Maestri in mostra a Torino\" href=\"http:\/\/www.spaziotorino.it\/scatto\/wp-content\/gallery\/2025_02_13_ceram\/PLA_0602.jpg\" rel=\"lightbox[set_2431]\"><br \/>\n<img decoding=\"async\" loading=\"lazy\" class=\"ngg-singlepic\" title=\"Forma e Colore: la ceramica dei grandi Maestri in mostra a Torino\" src=\"http:\/\/www.spaziotorino.it\/scatto\/wp-content\/gallery\/2025_02_13_ceram\/PLA_0602.jpg\" alt=\"\" width=\"540\" height=\"360\"\/><\/a><\/p>\n<p><!-- index.php -->\n<div\n\tclass=\"ngg-galleryoverview ngg-ajax-pagination-none\"\n\tid=\"ngg-gallery-237541e093fa368f11fbbe08cb1fe6e8-1\">\n\n    \t\t<!-- Thumbnails -->\n\t\t\t\t<div id=\"ngg-image-0\" class=\"ngg-gallery-thumbnail-box\" >\n\t\t\t\t        <div class=\"ngg-gallery-thumbnail\">\n            <a href=\"http:\/\/www.spaziotorino.it\/scatto\/wp-content\/gallery\/2025_02_13_ceram\/PLA_0604.jpg\"\n               title=\"Forma e Colore: Xu De Qi\"\n               data-src=\"http:\/\/www.spaziotorino.it\/scatto\/wp-content\/gallery\/2025_02_13_ceram\/PLA_0604.jpg\"\n               data-thumbnail=\"http:\/\/www.spaziotorino.it\/scatto\/wp-content\/gallery\/2025_02_13_ceram\/thumbs\/thumbs_PLA_0604.jpg\"\n               data-image-id=\"35936\"\n               data-title=\"Forma e Colore: Xu De Qi\"\n               data-description=\"Forma e Colore: Xu De Qi\"\n               data-image-slug=\"pla_0604-2\"\n               class=\"ngg-fancybox\" rel=\"237541e093fa368f11fbbe08cb1fe6e8\">\n                <img\n                    title=\"Forma e Colore: Xu De Qi\"\n                    alt=\"Forma e Colore: Xu De Qi\"\n                    src=\"http:\/\/www.spaziotorino.it\/scatto\/wp-content\/gallery\/2025_02_13_ceram\/cache\/PLA_0604.jpg-nggid0535936-ngg0dyn-60x60x100-00f0w010c011r110f110r010t010.jpg\"\n                    width=\"60\"\n                    height=\"60\"\n                    style=\"max-width:100%;\"\n                \/>\n            <\/a>\n        <\/div>\n\t\t\t\t\t\t\t<\/div> \n\t\t\t\n        \n\t\t\t\t<div id=\"ngg-image-1\" class=\"ngg-gallery-thumbnail-box\" >\n\t\t\t\t        <div class=\"ngg-gallery-thumbnail\">\n            <a href=\"http:\/\/www.spaziotorino.it\/scatto\/wp-content\/gallery\/2025_02_13_ceram\/PLA_0613.jpg\"\n               title=\"Forma e Colore: Picasso\"\n               data-src=\"http:\/\/www.spaziotorino.it\/scatto\/wp-content\/gallery\/2025_02_13_ceram\/PLA_0613.jpg\"\n               data-thumbnail=\"http:\/\/www.spaziotorino.it\/scatto\/wp-content\/gallery\/2025_02_13_ceram\/thumbs\/thumbs_PLA_0613.jpg\"\n               data-image-id=\"35940\"\n               data-title=\"Forma e Colore: Picasso\"\n               data-description=\"Forma e Colore: Picasso\"\n               data-image-slug=\"pla_0613-2\"\n               class=\"ngg-fancybox\" rel=\"237541e093fa368f11fbbe08cb1fe6e8\">\n                <img\n                    title=\"Forma e Colore: Picasso\"\n                    alt=\"Forma e Colore: Picasso\"\n                    src=\"http:\/\/www.spaziotorino.it\/scatto\/wp-content\/gallery\/2025_02_13_ceram\/cache\/PLA_0613.jpg-nggid0535940-ngg0dyn-60x60x100-00f0w010c011r110f110r010t010.jpg\"\n                    width=\"60\"\n                    height=\"60\"\n                    style=\"max-width:100%;\"\n                \/>\n            <\/a>\n        <\/div>\n\t\t\t\t\t\t\t<\/div> \n\t\t\t\n        \n\t\t\t\t<div id=\"ngg-image-2\" class=\"ngg-gallery-thumbnail-box\" >\n\t\t\t\t        <div class=\"ngg-gallery-thumbnail\">\n            <a href=\"http:\/\/www.spaziotorino.it\/scatto\/wp-content\/gallery\/2025_02_13_ceram\/PLA_0614.jpg\"\n               title=\"Forma e Colore: la ceramica dei grandi Maestri in mostra a Torino\"\n               data-src=\"http:\/\/www.spaziotorino.it\/scatto\/wp-content\/gallery\/2025_02_13_ceram\/PLA_0614.jpg\"\n               data-thumbnail=\"http:\/\/www.spaziotorino.it\/scatto\/wp-content\/gallery\/2025_02_13_ceram\/thumbs\/thumbs_PLA_0614.jpg\"\n               data-image-id=\"35937\"\n               data-title=\"Forma e Colore: la ceramica dei grandi Maestri in mostra a Torino\"\n               data-description=\"Forma e Colore: la ceramica dei grandi Maestri in mostra a Torino\"\n               data-image-slug=\"pla_0614\"\n               class=\"ngg-fancybox\" rel=\"237541e093fa368f11fbbe08cb1fe6e8\">\n                <img\n                    title=\"Forma e Colore: la ceramica dei grandi Maestri in mostra a Torino\"\n                    alt=\"Forma e Colore: la ceramica dei grandi Maestri in mostra a Torino\"\n                    src=\"http:\/\/www.spaziotorino.it\/scatto\/wp-content\/gallery\/2025_02_13_ceram\/cache\/PLA_0614.jpg-nggid0535937-ngg0dyn-60x60x100-00f0w010c011r110f110r010t010.jpg\"\n                    width=\"60\"\n                    height=\"60\"\n                    style=\"max-width:100%;\"\n                \/>\n            <\/a>\n        <\/div>\n\t\t\t\t\t\t\t<\/div> \n\t\t\t\n        \n\t\t\t\t<div id=\"ngg-image-3\" class=\"ngg-gallery-thumbnail-box\" >\n\t\t\t\t        <div class=\"ngg-gallery-thumbnail\">\n            <a href=\"http:\/\/www.spaziotorino.it\/scatto\/wp-content\/gallery\/2025_02_13_ceram\/PLA_0620.jpg\"\n               title=\"Forma e Colore: la ceramica dei grandi Maestri in mostra a Torino\"\n               data-src=\"http:\/\/www.spaziotorino.it\/scatto\/wp-content\/gallery\/2025_02_13_ceram\/PLA_0620.jpg\"\n               data-thumbnail=\"http:\/\/www.spaziotorino.it\/scatto\/wp-content\/gallery\/2025_02_13_ceram\/thumbs\/thumbs_PLA_0620.jpg\"\n               data-image-id=\"35938\"\n               data-title=\"Forma e Colore: la ceramica dei grandi Maestri in mostra a Torino\"\n               data-description=\"Forma e Colore: la ceramica dei grandi Maestri in mostra a Torino\"\n               data-image-slug=\"pla_0620-1\"\n               class=\"ngg-fancybox\" rel=\"237541e093fa368f11fbbe08cb1fe6e8\">\n                <img\n                    title=\"Forma e Colore: la ceramica dei grandi Maestri in mostra a Torino\"\n                    alt=\"Forma e Colore: la ceramica dei grandi Maestri in mostra a Torino\"\n                    src=\"http:\/\/www.spaziotorino.it\/scatto\/wp-content\/gallery\/2025_02_13_ceram\/cache\/PLA_0620.jpg-nggid0535938-ngg0dyn-60x60x100-00f0w010c011r110f110r010t010.jpg\"\n                    width=\"60\"\n                    height=\"60\"\n                    style=\"max-width:100%;\"\n                \/>\n            <\/a>\n        <\/div>\n\t\t\t\t\t\t\t<\/div> \n\t\t\t\n        \n\t\t\t\t<div id=\"ngg-image-4\" class=\"ngg-gallery-thumbnail-box\" >\n\t\t\t\t        <div class=\"ngg-gallery-thumbnail\">\n            <a href=\"http:\/\/www.spaziotorino.it\/scatto\/wp-content\/gallery\/2025_02_13_ceram\/PLA_0621.jpg\"\n               title=\"Forma e Colore: Marc Chagall\"\n               data-src=\"http:\/\/www.spaziotorino.it\/scatto\/wp-content\/gallery\/2025_02_13_ceram\/PLA_0621.jpg\"\n               data-thumbnail=\"http:\/\/www.spaziotorino.it\/scatto\/wp-content\/gallery\/2025_02_13_ceram\/thumbs\/thumbs_PLA_0621.jpg\"\n               data-image-id=\"35939\"\n               data-title=\"Forma e Colore: Marc Chagall\"\n               data-description=\"Forma e Colore: Marc Chagall\"\n               data-image-slug=\"pla_0621-1\"\n               class=\"ngg-fancybox\" rel=\"237541e093fa368f11fbbe08cb1fe6e8\">\n                <img\n                    title=\"Forma e Colore: Marc Chagall\"\n                    alt=\"Forma e Colore: Marc Chagall\"\n                    src=\"http:\/\/www.spaziotorino.it\/scatto\/wp-content\/gallery\/2025_02_13_ceram\/cache\/PLA_0621.jpg-nggid0535939-ngg0dyn-60x60x100-00f0w010c011r110f110r010t010.jpg\"\n                    width=\"60\"\n                    height=\"60\"\n                    style=\"max-width:100%;\"\n                \/>\n            <\/a>\n        <\/div>\n\t\t\t\t\t\t\t<\/div> \n\t\t\t\n        \n\t\t\t\t<div id=\"ngg-image-5\" class=\"ngg-gallery-thumbnail-box\" >\n\t\t\t\t        <div class=\"ngg-gallery-thumbnail\">\n            <a href=\"http:\/\/www.spaziotorino.it\/scatto\/wp-content\/gallery\/2025_02_13_ceram\/PLA_0626.jpg\"\n               title=\"Forma e Colore: Maurizio Cattelan\"\n               data-src=\"http:\/\/www.spaziotorino.it\/scatto\/wp-content\/gallery\/2025_02_13_ceram\/PLA_0626.jpg\"\n               data-thumbnail=\"http:\/\/www.spaziotorino.it\/scatto\/wp-content\/gallery\/2025_02_13_ceram\/thumbs\/thumbs_PLA_0626.jpg\"\n               data-image-id=\"35942\"\n               data-title=\"Forma e Colore: Maurizio Cattelan\"\n               data-description=\"Forma e Colore: Maurizio Cattelan\"\n               data-image-slug=\"pla_0626-4\"\n               class=\"ngg-fancybox\" rel=\"237541e093fa368f11fbbe08cb1fe6e8\">\n                <img\n                    title=\"Forma e Colore: Maurizio Cattelan\"\n                    alt=\"Forma e Colore: Maurizio Cattelan\"\n                    src=\"http:\/\/www.spaziotorino.it\/scatto\/wp-content\/gallery\/2025_02_13_ceram\/cache\/PLA_0626.jpg-nggid0535942-ngg0dyn-60x60x100-00f0w010c011r110f110r010t010.jpg\"\n                    width=\"60\"\n                    height=\"60\"\n                    style=\"max-width:100%;\"\n                \/>\n            <\/a>\n        <\/div>\n\t\t\t\t\t\t\t<\/div> \n\t\t\t\n        \n\t\t\t\t<div id=\"ngg-image-6\" class=\"ngg-gallery-thumbnail-box\" >\n\t\t\t\t        <div class=\"ngg-gallery-thumbnail\">\n            <a href=\"http:\/\/www.spaziotorino.it\/scatto\/wp-content\/gallery\/2025_02_13_ceram\/PLA_0630.jpg\"\n               title=\"Forma e Colore: Ezio Gribaudo\"\n               data-src=\"http:\/\/www.spaziotorino.it\/scatto\/wp-content\/gallery\/2025_02_13_ceram\/PLA_0630.jpg\"\n               data-thumbnail=\"http:\/\/www.spaziotorino.it\/scatto\/wp-content\/gallery\/2025_02_13_ceram\/thumbs\/thumbs_PLA_0630.jpg\"\n               data-image-id=\"35944\"\n               data-title=\"Forma e Colore: Ezio Gribaudo\"\n               data-description=\"Forma e Colore: Ezio Gribaudo\"\n               data-image-slug=\"pla_0630\"\n               class=\"ngg-fancybox\" rel=\"237541e093fa368f11fbbe08cb1fe6e8\">\n                <img\n                    title=\"Forma e Colore: Ezio Gribaudo\"\n                    alt=\"Forma e Colore: Ezio Gribaudo\"\n                    src=\"http:\/\/www.spaziotorino.it\/scatto\/wp-content\/gallery\/2025_02_13_ceram\/cache\/PLA_0630.jpg-nggid0535944-ngg0dyn-60x60x100-00f0w010c011r110f110r010t010.jpg\"\n                    width=\"60\"\n                    height=\"60\"\n                    style=\"max-width:100%;\"\n                \/>\n            <\/a>\n        <\/div>\n\t\t\t\t\t\t\t<\/div> \n\t\t\t\n        \n\t\t\t\t<div id=\"ngg-image-7\" class=\"ngg-gallery-thumbnail-box\" >\n\t\t\t\t        <div class=\"ngg-gallery-thumbnail\">\n            <a href=\"http:\/\/www.spaziotorino.it\/scatto\/wp-content\/gallery\/2025_02_13_ceram\/PLA_0632.jpg\"\n               title=\"Forma e Colore: Andy Warhol\"\n               data-src=\"http:\/\/www.spaziotorino.it\/scatto\/wp-content\/gallery\/2025_02_13_ceram\/PLA_0632.jpg\"\n               data-thumbnail=\"http:\/\/www.spaziotorino.it\/scatto\/wp-content\/gallery\/2025_02_13_ceram\/thumbs\/thumbs_PLA_0632.jpg\"\n               data-image-id=\"35943\"\n               data-title=\"Forma e Colore: Andy Warhol\"\n               data-description=\"Forma e Colore: Andy Warhol\"\n               data-image-slug=\"pla_0632-3\"\n               class=\"ngg-fancybox\" rel=\"237541e093fa368f11fbbe08cb1fe6e8\">\n                <img\n                    title=\"Forma e Colore: Andy Warhol\"\n                    alt=\"Forma e Colore: Andy Warhol\"\n                    src=\"http:\/\/www.spaziotorino.it\/scatto\/wp-content\/gallery\/2025_02_13_ceram\/cache\/PLA_0632.jpg-nggid0535943-ngg0dyn-60x60x100-00f0w010c011r110f110r010t010.jpg\"\n                    width=\"60\"\n                    height=\"60\"\n                    style=\"max-width:100%;\"\n                \/>\n            <\/a>\n        <\/div>\n\t\t\t\t\t\t\t<\/div> \n\t\t\t\n        \n\t\t\t\t<div id=\"ngg-image-8\" class=\"ngg-gallery-thumbnail-box\" >\n\t\t\t\t        <div class=\"ngg-gallery-thumbnail\">\n            <a href=\"http:\/\/www.spaziotorino.it\/scatto\/wp-content\/gallery\/2025_02_13_ceram\/PLA_0637.jpg\"\n               title=\"Forma e Colore: Marina Abramovic\"\n               data-src=\"http:\/\/www.spaziotorino.it\/scatto\/wp-content\/gallery\/2025_02_13_ceram\/PLA_0637.jpg\"\n               data-thumbnail=\"http:\/\/www.spaziotorino.it\/scatto\/wp-content\/gallery\/2025_02_13_ceram\/thumbs\/thumbs_PLA_0637.jpg\"\n               data-image-id=\"35946\"\n               data-title=\"Torino, gioved\u00ec 13 febbraio 2025Spazio espositivo Oratorio San Filippo Neri \u2013 Galleria SottanaForma e Colore da Pcasso a Warhol Ceramiche\"\n               data-description=\"Forma e Colore: Marina Abramovic\"\n               data-image-slug=\"pla_0637-2\"\n               class=\"ngg-fancybox\" rel=\"237541e093fa368f11fbbe08cb1fe6e8\">\n                <img\n                    title=\"Torino, gioved\u00ec 13 febbraio 2025Spazio espositivo Oratorio San Filippo Neri \u2013 Galleria SottanaForma e Colore da Pcasso a Warhol Ceramiche\"\n                    alt=\"Torino, gioved\u00ec 13 febbraio 2025Spazio espositivo Oratorio San Filippo Neri \u2013 Galleria SottanaForma e Colore da Pcasso a Warhol Ceramiche\"\n                    src=\"http:\/\/www.spaziotorino.it\/scatto\/wp-content\/gallery\/2025_02_13_ceram\/cache\/PLA_0637.jpg-nggid0535946-ngg0dyn-60x60x100-00f0w010c011r110f110r010t010.jpg\"\n                    width=\"60\"\n                    height=\"60\"\n                    style=\"max-width:100%;\"\n                \/>\n            <\/a>\n        <\/div>\n\t\t\t\t\t\t\t<\/div> \n\t\t\t\n        \n\t\t\t\t<div id=\"ngg-image-9\" class=\"ngg-gallery-thumbnail-box\" >\n\t\t\t\t        <div class=\"ngg-gallery-thumbnail\">\n            <a href=\"http:\/\/www.spaziotorino.it\/scatto\/wp-content\/gallery\/2025_02_13_ceram\/PLA_0641.jpg\"\n               title=\"Forma e Colore: la ceramica dei grandi Maestri in mostra a Torino\"\n               data-src=\"http:\/\/www.spaziotorino.it\/scatto\/wp-content\/gallery\/2025_02_13_ceram\/PLA_0641.jpg\"\n               data-thumbnail=\"http:\/\/www.spaziotorino.it\/scatto\/wp-content\/gallery\/2025_02_13_ceram\/thumbs\/thumbs_PLA_0641.jpg\"\n               data-image-id=\"35947\"\n               data-title=\"Forma e Colore: la ceramica dei grandi Maestri in mostra a Torino\"\n               data-description=\"Forma e Colore: la ceramica dei grandi Maestri in mostra a Torino\"\n               data-image-slug=\"pla_0641\"\n               class=\"ngg-fancybox\" rel=\"237541e093fa368f11fbbe08cb1fe6e8\">\n                <img\n                    title=\"Forma e Colore: la ceramica dei grandi Maestri in mostra a Torino\"\n                    alt=\"Forma e Colore: la ceramica dei grandi Maestri in mostra a Torino\"\n                    src=\"http:\/\/www.spaziotorino.it\/scatto\/wp-content\/gallery\/2025_02_13_ceram\/cache\/PLA_0641.jpg-nggid0535947-ngg0dyn-60x60x100-00f0w010c011r110f110r010t010.jpg\"\n                    width=\"60\"\n                    height=\"60\"\n                    style=\"max-width:100%;\"\n                \/>\n            <\/a>\n        <\/div>\n\t\t\t\t\t\t\t<\/div> \n\t\t\t\n        \n\t\t\t\t<div id=\"ngg-image-10\" class=\"ngg-gallery-thumbnail-box\" >\n\t\t\t\t        <div class=\"ngg-gallery-thumbnail\">\n            <a href=\"http:\/\/www.spaziotorino.it\/scatto\/wp-content\/gallery\/2025_02_13_ceram\/PLA_0644.jpg\"\n               title=\"Forma e Colore: la ceramica dei grandi Maestri in mostra a Torino\"\n               data-src=\"http:\/\/www.spaziotorino.it\/scatto\/wp-content\/gallery\/2025_02_13_ceram\/PLA_0644.jpg\"\n               data-thumbnail=\"http:\/\/www.spaziotorino.it\/scatto\/wp-content\/gallery\/2025_02_13_ceram\/thumbs\/thumbs_PLA_0644.jpg\"\n               data-image-id=\"35945\"\n               data-title=\"Forma e Colore: la ceramica dei grandi Maestri in mostra a Torino\"\n               data-description=\"Forma e Colore: la ceramica dei grandi Maestri in mostra a Torino\"\n               data-image-slug=\"pla_0644-1\"\n               class=\"ngg-fancybox\" rel=\"237541e093fa368f11fbbe08cb1fe6e8\">\n                <img\n                    title=\"Forma e Colore: la ceramica dei grandi Maestri in mostra a Torino\"\n                    alt=\"Forma e Colore: la ceramica dei grandi Maestri in mostra a Torino\"\n                    src=\"http:\/\/www.spaziotorino.it\/scatto\/wp-content\/gallery\/2025_02_13_ceram\/cache\/PLA_0644.jpg-nggid0535945-ngg0dyn-60x60x100-00f0w010c011r110f110r010t010.jpg\"\n                    width=\"60\"\n                    height=\"60\"\n                    style=\"max-width:100%;\"\n                \/>\n            <\/a>\n        <\/div>\n\t\t\t\t\t\t\t<\/div> \n\t\t\t\n        \n\t\t\n\t\t<!-- Pagination -->\n\t<div class='ngg-clear'><\/div>\t<\/div>\n<br \/>\nDal 15 febbraio al 2 giugno 2025, la Galleria Sottana dell\u2019Oratorio di San Filippo Neri a Torino ospiter\u00e0 <em>Forma e Colore. Da Picasso e Warhol, la ceramica dei grandi Maestri<\/em>, un\u2019esposizione che raccoglie circa 100 opere in ceramica realizzate da alcuni dei pi\u00f9 celebri artisti del Novecento e contemporanei.<\/p>\n<p>La mostra offre un viaggio attraverso sette aree tematiche, mettendo in dialogo la creativit\u00e0 occidentale e orientale. Tra i protagonisti figurano Salvador Dal\u00ed, Marc Chagall, Pablo Picasso, Marina Abramovi\u0107, Keith Haring, Andy Warhol e Sol LeWitt, accanto ad artisti cinesi come Xu De Qi, Zhang Hongmei e Cai Wanlin. Un\u2019esplorazione dell\u2019arte su ceramica che attraversa materiali come la terracotta e la porcellana, testimoniando l\u2019influenza dei grandi maestri su questa forma d\u2019arte.<\/p>\n<p>L\u2019esposizione \u00e8 organizzata da AICS Torino e da Art Book Web, in collaborazione con Congregatio Oratorii Taurinensi, FAI &#8211; Fondo per l\u2019Ambiente Italiano e Blu&amp;Blu Network e patrocinata da Citt\u00e0 di Torino.&nbsp;<\/p>\n<p>La mostra sar\u00e0 aperta dal marted\u00ec alla domenica (ore 10-19). Aperture straordinarie: luned\u00ec 21 aprile e luned\u00ec 22 giugno, chiusa a Pasqua. Costo biglietto: 10 euro. Dal mese di marzo, ogni ultimo sabato del mese visite guidate per famiglie e visite guidate speciali per adulti esclusivamente su prenotazione: <a href=\"mailto:biglietteriamostrato@gmail.com\">biglietteriamostrato@gmail.com<\/a><\/p>\n","protected":false},"excerpt":{"rendered":"<p>Dal 15 febbraio al 2 giugno 2025, la Galleria Sottana dell\u2019Oratorio di San Filippo Neri a Torino ospiter\u00e0 Forma e Colore. Da Picasso e Warhol, la ceramica dei grandi Maestri, un\u2019esposizione che raccoglie circa 100 opere in ceramica realizzate da alcuni dei pi\u00f9 celebri artisti del Novecento e contemporanei. La mostra offre un viaggio attraverso [&hellip;]<\/p>\n","protected":false},"author":1,"featured_media":0,"comment_status":"closed","ping_status":"open","sticky":false,"template":"","format":"standard","meta":{"ngg_post_thumbnail":0},"categories":[54,1],"tags":[],"_links":{"self":[{"href":"http:\/\/www.spaziotorino.it\/scatto\/index.php?rest_route=\/wp\/v2\/posts\/54559"}],"collection":[{"href":"http:\/\/www.spaziotorino.it\/scatto\/index.php?rest_route=\/wp\/v2\/posts"}],"about":[{"href":"http:\/\/www.spaziotorino.it\/scatto\/index.php?rest_route=\/wp\/v2\/types\/post"}],"author":[{"embeddable":true,"href":"http:\/\/www.spaziotorino.it\/scatto\/index.php?rest_route=\/wp\/v2\/users\/1"}],"replies":[{"embeddable":true,"href":"http:\/\/www.spaziotorino.it\/scatto\/index.php?rest_route=%2Fwp%2Fv2%2Fcomments&post=54559"}],"version-history":[{"count":2,"href":"http:\/\/www.spaziotorino.it\/scatto\/index.php?rest_route=\/wp\/v2\/posts\/54559\/revisions"}],"predecessor-version":[{"id":54571,"href":"http:\/\/www.spaziotorino.it\/scatto\/index.php?rest_route=\/wp\/v2\/posts\/54559\/revisions\/54571"}],"wp:attachment":[{"href":"http:\/\/www.spaziotorino.it\/scatto\/index.php?rest_route=%2Fwp%2Fv2%2Fmedia&parent=54559"}],"wp:term":[{"taxonomy":"category","embeddable":true,"href":"http:\/\/www.spaziotorino.it\/scatto\/index.php?rest_route=%2Fwp%2Fv2%2Fcategories&post=54559"},{"taxonomy":"post_tag","embeddable":true,"href":"http:\/\/www.spaziotorino.it\/scatto\/index.php?rest_route=%2Fwp%2Fv2%2Ftags&post=54559"}],"curies":[{"name":"wp","href":"https:\/\/api.w.org\/{rel}","templated":true}]}}