{"id":54942,"date":"2025-03-04T21:01:20","date_gmt":"2025-03-04T20:01:20","guid":{"rendered":"http:\/\/www.spaziotorino.it\/scatto\/?p=54942"},"modified":"2025-03-06T15:18:38","modified_gmt":"2025-03-06T14:18:38","slug":"aurora-barriera-incontri-e-idee-per-una-citta-piu-vivibile","status":"publish","type":"post","link":"http:\/\/www.spaziotorino.it\/scatto\/?p=54942","title":{"rendered":"Aurora-Barriera: incontri e idee per una citt\u00e0 pi\u00f9 vivibile"},"content":{"rendered":"<p><a class=\"ngg-fancybox\" title=\"Aurora-Barriera: incontri e idee per una citt\u00e0 pi\u00f9 vivibile\" href=\"http:\/\/www.spaziotorino.it\/scatto\/wp-content\/gallery\/2025_03_04_aurbar\/PLA_4663.jpg\" rel=\"lightbox[set_2452]\"><br \/>\n<img decoding=\"async\" loading=\"lazy\" class=\"ngg-singlepic\" title=\"Aurora-Barriera: incontri e idee per una citt\u00e0 pi\u00f9 vivibile\" src=\"http:\/\/www.spaziotorino.it\/scatto\/wp-content\/gallery\/2025_03_04_aurbar\/PLA_4663.jpg\" alt=\"\" width=\"540\" height=\"360\"\/><\/a><\/p>\n<!-- index.php -->\n<div\n\tclass=\"ngg-galleryoverview ngg-ajax-pagination-none\"\n\tid=\"ngg-gallery-263a62df25db3e8b0c8958d15e94c29f-1\">\n\n    \t\t<!-- Thumbnails -->\n\t\t\t\t<div id=\"ngg-image-0\" class=\"ngg-gallery-thumbnail-box\" >\n\t\t\t\t        <div class=\"ngg-gallery-thumbnail\">\n            <a href=\"http:\/\/www.spaziotorino.it\/scatto\/wp-content\/gallery\/2025_03_04_aurbar\/PLA_4543.jpg\"\n               title=\"Aurora-Barriera: incontri e idee per una citt\u00e0 pi\u00f9 vivibile\"\n               data-src=\"http:\/\/www.spaziotorino.it\/scatto\/wp-content\/gallery\/2025_03_04_aurbar\/PLA_4543.jpg\"\n               data-thumbnail=\"http:\/\/www.spaziotorino.it\/scatto\/wp-content\/gallery\/2025_03_04_aurbar\/thumbs\/thumbs_PLA_4543.jpg\"\n               data-image-id=\"36220\"\n               data-title=\"Aurora-Barriera: incontri e idee per una citt\u00e0 pi\u00f9 vivibile\"\n               data-description=\"Aurora-Barriera: incontri e idee per una citt\u00e0 pi\u00f9 vivibile\"\n               data-image-slug=\"pla_4543-1\"\n               class=\"ngg-fancybox\" rel=\"263a62df25db3e8b0c8958d15e94c29f\">\n                <img\n                    title=\"Aurora-Barriera: incontri e idee per una citt\u00e0 pi\u00f9 vivibile\"\n                    alt=\"Aurora-Barriera: incontri e idee per una citt\u00e0 pi\u00f9 vivibile\"\n                    src=\"http:\/\/www.spaziotorino.it\/scatto\/wp-content\/gallery\/2025_03_04_aurbar\/cache\/PLA_4543.jpg-nggid0536220-ngg0dyn-60x60x100-00f0w010c011r110f110r010t010.jpg\"\n                    width=\"60\"\n                    height=\"60\"\n                    style=\"max-width:100%;\"\n                \/>\n            <\/a>\n        <\/div>\n\t\t\t\t\t\t\t<\/div> \n\t\t\t\n        \n\t\t\t\t<div id=\"ngg-image-1\" class=\"ngg-gallery-thumbnail-box\" >\n\t\t\t\t        <div class=\"ngg-gallery-thumbnail\">\n            <a href=\"http:\/\/www.spaziotorino.it\/scatto\/wp-content\/gallery\/2025_03_04_aurbar\/PLA_4558.jpg\"\n               title=\"Aurora-Barriera: incontri e idee per una citt\u00e0 pi\u00f9 vivibile\"\n               data-src=\"http:\/\/www.spaziotorino.it\/scatto\/wp-content\/gallery\/2025_03_04_aurbar\/PLA_4558.jpg\"\n               data-thumbnail=\"http:\/\/www.spaziotorino.it\/scatto\/wp-content\/gallery\/2025_03_04_aurbar\/thumbs\/thumbs_PLA_4558.jpg\"\n               data-image-id=\"36222\"\n               data-title=\"Aurora-Barriera: incontri e idee per una citt\u00e0 pi\u00f9 vivibile\"\n               data-description=\"Aurora-Barriera: incontri e idee per una citt\u00e0 pi\u00f9 vivibile\"\n               data-image-slug=\"pla_4558-2\"\n               class=\"ngg-fancybox\" rel=\"263a62df25db3e8b0c8958d15e94c29f\">\n                <img\n                    title=\"Aurora-Barriera: incontri e idee per una citt\u00e0 pi\u00f9 vivibile\"\n                    alt=\"Aurora-Barriera: incontri e idee per una citt\u00e0 pi\u00f9 vivibile\"\n                    src=\"http:\/\/www.spaziotorino.it\/scatto\/wp-content\/gallery\/2025_03_04_aurbar\/cache\/PLA_4558.jpg-nggid0536222-ngg0dyn-60x60x100-00f0w010c011r110f110r010t010.jpg\"\n                    width=\"60\"\n                    height=\"60\"\n                    style=\"max-width:100%;\"\n                \/>\n            <\/a>\n        <\/div>\n\t\t\t\t\t\t\t<\/div> \n\t\t\t\n        \n\t\t\t\t<div id=\"ngg-image-2\" class=\"ngg-gallery-thumbnail-box\" >\n\t\t\t\t        <div class=\"ngg-gallery-thumbnail\">\n            <a href=\"http:\/\/www.spaziotorino.it\/scatto\/wp-content\/gallery\/2025_03_04_aurbar\/PLA_4568.jpg\"\n               title=\"Aurora-Barriera: incontri e idee per una citt\u00e0 pi\u00f9 vivibile\"\n               data-src=\"http:\/\/www.spaziotorino.it\/scatto\/wp-content\/gallery\/2025_03_04_aurbar\/PLA_4568.jpg\"\n               data-thumbnail=\"http:\/\/www.spaziotorino.it\/scatto\/wp-content\/gallery\/2025_03_04_aurbar\/thumbs\/thumbs_PLA_4568.jpg\"\n               data-image-id=\"36221\"\n               data-title=\"Aurora-Barriera: incontri e idee per una citt\u00e0 pi\u00f9 vivibile\"\n               data-description=\"Aurora-Barriera: incontri e idee per una citt\u00e0 pi\u00f9 vivibile\"\n               data-image-slug=\"pla_4568-1\"\n               class=\"ngg-fancybox\" rel=\"263a62df25db3e8b0c8958d15e94c29f\">\n                <img\n                    title=\"Aurora-Barriera: incontri e idee per una citt\u00e0 pi\u00f9 vivibile\"\n                    alt=\"Aurora-Barriera: incontri e idee per una citt\u00e0 pi\u00f9 vivibile\"\n                    src=\"http:\/\/www.spaziotorino.it\/scatto\/wp-content\/gallery\/2025_03_04_aurbar\/cache\/PLA_4568.jpg-nggid0536221-ngg0dyn-60x60x100-00f0w010c011r110f110r010t010.jpg\"\n                    width=\"60\"\n                    height=\"60\"\n                    style=\"max-width:100%;\"\n                \/>\n            <\/a>\n        <\/div>\n\t\t\t\t\t\t\t<\/div> \n\t\t\t\n        \n\t\t\t\t<div id=\"ngg-image-3\" class=\"ngg-gallery-thumbnail-box\" >\n\t\t\t\t        <div class=\"ngg-gallery-thumbnail\">\n            <a href=\"http:\/\/www.spaziotorino.it\/scatto\/wp-content\/gallery\/2025_03_04_aurbar\/PLA_4574.jpg\"\n               title=\"L&#039;Assessora Carlotta Salerno introduce l&#039;incontro\"\n               data-src=\"http:\/\/www.spaziotorino.it\/scatto\/wp-content\/gallery\/2025_03_04_aurbar\/PLA_4574.jpg\"\n               data-thumbnail=\"http:\/\/www.spaziotorino.it\/scatto\/wp-content\/gallery\/2025_03_04_aurbar\/thumbs\/thumbs_PLA_4574.jpg\"\n               data-image-id=\"36219\"\n               data-title=\"L&#039;Assessora Carlotta Salerno introduce l&#039;incontro\"\n               data-description=\"L&#039;Assessora Carlotta Salerno introduce l&#039;incontro\"\n               data-image-slug=\"pla_4574-2\"\n               class=\"ngg-fancybox\" rel=\"263a62df25db3e8b0c8958d15e94c29f\">\n                <img\n                    title=\"L&#039;Assessora Carlotta Salerno introduce l&#039;incontro\"\n                    alt=\"L&#039;Assessora Carlotta Salerno introduce l&#039;incontro\"\n                    src=\"http:\/\/www.spaziotorino.it\/scatto\/wp-content\/gallery\/2025_03_04_aurbar\/cache\/PLA_4574.jpg-nggid0536219-ngg0dyn-60x60x100-00f0w010c011r110f110r010t010.jpg\"\n                    width=\"60\"\n                    height=\"60\"\n                    style=\"max-width:100%;\"\n                \/>\n            <\/a>\n        <\/div>\n\t\t\t\t\t\t\t<\/div> \n\t\t\t\n        \n\t\t\t\t<div id=\"ngg-image-4\" class=\"ngg-gallery-thumbnail-box\" >\n\t\t\t\t        <div class=\"ngg-gallery-thumbnail\">\n            <a href=\"http:\/\/www.spaziotorino.it\/scatto\/wp-content\/gallery\/2025_03_04_aurbar\/PLA_4632.jpg\"\n               title=\"Aurora-Barriera: incontri e idee per una citt\u00e0 pi\u00f9 vivibile\"\n               data-src=\"http:\/\/www.spaziotorino.it\/scatto\/wp-content\/gallery\/2025_03_04_aurbar\/PLA_4632.jpg\"\n               data-thumbnail=\"http:\/\/www.spaziotorino.it\/scatto\/wp-content\/gallery\/2025_03_04_aurbar\/thumbs\/thumbs_PLA_4632.jpg\"\n               data-image-id=\"36218\"\n               data-title=\"Aurora-Barriera: incontri e idee per una citt\u00e0 pi\u00f9 vivibile\"\n               data-description=\"Aurora-Barriera: incontri e idee per una citt\u00e0 pi\u00f9 vivibile\"\n               data-image-slug=\"pla_4632-1\"\n               class=\"ngg-fancybox\" rel=\"263a62df25db3e8b0c8958d15e94c29f\">\n                <img\n                    title=\"Aurora-Barriera: incontri e idee per una citt\u00e0 pi\u00f9 vivibile\"\n                    alt=\"Aurora-Barriera: incontri e idee per una citt\u00e0 pi\u00f9 vivibile\"\n                    src=\"http:\/\/www.spaziotorino.it\/scatto\/wp-content\/gallery\/2025_03_04_aurbar\/cache\/PLA_4632.jpg-nggid0536218-ngg0dyn-60x60x100-00f0w010c011r110f110r010t010.jpg\"\n                    width=\"60\"\n                    height=\"60\"\n                    style=\"max-width:100%;\"\n                \/>\n            <\/a>\n        <\/div>\n\t\t\t\t\t\t\t<\/div> \n\t\t\t\n        \n\t\t\t\t<div id=\"ngg-image-5\" class=\"ngg-gallery-thumbnail-box\" >\n\t\t\t\t        <div class=\"ngg-gallery-thumbnail\">\n            <a href=\"http:\/\/www.spaziotorino.it\/scatto\/wp-content\/gallery\/2025_03_04_aurbar\/PLA_4716.jpg\"\n               title=\"Aurora-Barriera: incontri e idee per una citt\u00e0 pi\u00f9 vivibile\"\n               data-src=\"http:\/\/www.spaziotorino.it\/scatto\/wp-content\/gallery\/2025_03_04_aurbar\/PLA_4716.jpg\"\n               data-thumbnail=\"http:\/\/www.spaziotorino.it\/scatto\/wp-content\/gallery\/2025_03_04_aurbar\/thumbs\/thumbs_PLA_4716.jpg\"\n               data-image-id=\"36230\"\n               data-title=\"Aurora-Barriera: incontri e idee per una citt\u00e0 pi\u00f9 vivibile\"\n               data-description=\"Aurora-Barriera: incontri e idee per una citt\u00e0 pi\u00f9 vivibile\"\n               data-image-slug=\"pla_4716-1\"\n               class=\"ngg-fancybox\" rel=\"263a62df25db3e8b0c8958d15e94c29f\">\n                <img\n                    title=\"Aurora-Barriera: incontri e idee per una citt\u00e0 pi\u00f9 vivibile\"\n                    alt=\"Aurora-Barriera: incontri e idee per una citt\u00e0 pi\u00f9 vivibile\"\n                    src=\"http:\/\/www.spaziotorino.it\/scatto\/wp-content\/gallery\/2025_03_04_aurbar\/cache\/PLA_4716.jpg-nggid0536230-ngg0dyn-60x60x100-00f0w010c011r110f110r010t010.jpg\"\n                    width=\"60\"\n                    height=\"60\"\n                    style=\"max-width:100%;\"\n                \/>\n            <\/a>\n        <\/div>\n\t\t\t\t\t\t\t<\/div> \n\t\t\t\n        \n\t\t\t\t<div id=\"ngg-image-6\" class=\"ngg-gallery-thumbnail-box\" >\n\t\t\t\t        <div class=\"ngg-gallery-thumbnail\">\n            <a href=\"http:\/\/www.spaziotorino.it\/scatto\/wp-content\/gallery\/2025_03_04_aurbar\/PLA_4655.jpg\"\n               title=\"Aurora-Barriera: incontri e idee per una citt\u00e0 pi\u00f9 vivibile\"\n               data-src=\"http:\/\/www.spaziotorino.it\/scatto\/wp-content\/gallery\/2025_03_04_aurbar\/PLA_4655.jpg\"\n               data-thumbnail=\"http:\/\/www.spaziotorino.it\/scatto\/wp-content\/gallery\/2025_03_04_aurbar\/thumbs\/thumbs_PLA_4655.jpg\"\n               data-image-id=\"36217\"\n               data-title=\"Aurora-Barriera: incontri e idee per una citt\u00e0 pi\u00f9 vivibile\"\n               data-description=\"Aurora-Barriera: incontri e idee per una citt\u00e0 pi\u00f9 vivibile\"\n               data-image-slug=\"pla_4655\"\n               class=\"ngg-fancybox\" rel=\"263a62df25db3e8b0c8958d15e94c29f\">\n                <img\n                    title=\"Aurora-Barriera: incontri e idee per una citt\u00e0 pi\u00f9 vivibile\"\n                    alt=\"Aurora-Barriera: incontri e idee per una citt\u00e0 pi\u00f9 vivibile\"\n                    src=\"http:\/\/www.spaziotorino.it\/scatto\/wp-content\/gallery\/2025_03_04_aurbar\/cache\/PLA_4655.jpg-nggid0536217-ngg0dyn-60x60x100-00f0w010c011r110f110r010t010.jpg\"\n                    width=\"60\"\n                    height=\"60\"\n                    style=\"max-width:100%;\"\n                \/>\n            <\/a>\n        <\/div>\n\t\t\t\t\t\t\t<\/div> \n\t\t\t\n        \n\t\t\t\t<div id=\"ngg-image-7\" class=\"ngg-gallery-thumbnail-box\" >\n\t\t\t\t        <div class=\"ngg-gallery-thumbnail\">\n            <a href=\"http:\/\/www.spaziotorino.it\/scatto\/wp-content\/gallery\/2025_03_04_aurbar\/PLA_4712.jpg\"\n               title=\"Aurora-Barriera: incontri e idee per una citt\u00e0 pi\u00f9 vivibile\"\n               data-src=\"http:\/\/www.spaziotorino.it\/scatto\/wp-content\/gallery\/2025_03_04_aurbar\/PLA_4712.jpg\"\n               data-thumbnail=\"http:\/\/www.spaziotorino.it\/scatto\/wp-content\/gallery\/2025_03_04_aurbar\/thumbs\/thumbs_PLA_4712.jpg\"\n               data-image-id=\"36229\"\n               data-title=\"Aurora-Barriera: incontri e idee per una citt\u00e0 pi\u00f9 vivibile\"\n               data-description=\"Aurora-Barriera: incontri e idee per una citt\u00e0 pi\u00f9 vivibile\"\n               data-image-slug=\"pla_4712-1\"\n               class=\"ngg-fancybox\" rel=\"263a62df25db3e8b0c8958d15e94c29f\">\n                <img\n                    title=\"Aurora-Barriera: incontri e idee per una citt\u00e0 pi\u00f9 vivibile\"\n                    alt=\"Aurora-Barriera: incontri e idee per una citt\u00e0 pi\u00f9 vivibile\"\n                    src=\"http:\/\/www.spaziotorino.it\/scatto\/wp-content\/gallery\/2025_03_04_aurbar\/cache\/PLA_4712.jpg-nggid0536229-ngg0dyn-60x60x100-00f0w010c011r110f110r010t010.jpg\"\n                    width=\"60\"\n                    height=\"60\"\n                    style=\"max-width:100%;\"\n                \/>\n            <\/a>\n        <\/div>\n\t\t\t\t\t\t\t<\/div> \n\t\t\t\n        \n\t\t\t\t<div id=\"ngg-image-8\" class=\"ngg-gallery-thumbnail-box\" >\n\t\t\t\t        <div class=\"ngg-gallery-thumbnail\">\n            <a href=\"http:\/\/www.spaziotorino.it\/scatto\/wp-content\/gallery\/2025_03_04_aurbar\/PLA_4695.jpg\"\n               title=\"Aurora-Barriera: incontri e idee per una citt\u00e0 pi\u00f9 vivibile\"\n               data-src=\"http:\/\/www.spaziotorino.it\/scatto\/wp-content\/gallery\/2025_03_04_aurbar\/PLA_4695.jpg\"\n               data-thumbnail=\"http:\/\/www.spaziotorino.it\/scatto\/wp-content\/gallery\/2025_03_04_aurbar\/thumbs\/thumbs_PLA_4695.jpg\"\n               data-image-id=\"36226\"\n               data-title=\"Aurora-Barriera: incontri e idee per una citt\u00e0 pi\u00f9 vivibile\"\n               data-description=\"Aurora-Barriera: incontri e idee per una citt\u00e0 pi\u00f9 vivibile\"\n               data-image-slug=\"pla_4695\"\n               class=\"ngg-fancybox\" rel=\"263a62df25db3e8b0c8958d15e94c29f\">\n                <img\n                    title=\"Aurora-Barriera: incontri e idee per una citt\u00e0 pi\u00f9 vivibile\"\n                    alt=\"Aurora-Barriera: incontri e idee per una citt\u00e0 pi\u00f9 vivibile\"\n                    src=\"http:\/\/www.spaziotorino.it\/scatto\/wp-content\/gallery\/2025_03_04_aurbar\/cache\/PLA_4695.jpg-nggid0536226-ngg0dyn-60x60x100-00f0w010c011r110f110r010t010.jpg\"\n                    width=\"60\"\n                    height=\"60\"\n                    style=\"max-width:100%;\"\n                \/>\n            <\/a>\n        <\/div>\n\t\t\t\t\t\t\t<\/div> \n\t\t\t\n        \n\t\t\t\t<div id=\"ngg-image-9\" class=\"ngg-gallery-thumbnail-box\" >\n\t\t\t\t        <div class=\"ngg-gallery-thumbnail\">\n            <a href=\"http:\/\/www.spaziotorino.it\/scatto\/wp-content\/gallery\/2025_03_04_aurbar\/PLA_4666.jpg\"\n               title=\"Aurora-Barriera: incontri e idee per una citt\u00e0 pi\u00f9 vivibile\"\n               data-src=\"http:\/\/www.spaziotorino.it\/scatto\/wp-content\/gallery\/2025_03_04_aurbar\/PLA_4666.jpg\"\n               data-thumbnail=\"http:\/\/www.spaziotorino.it\/scatto\/wp-content\/gallery\/2025_03_04_aurbar\/thumbs\/thumbs_PLA_4666.jpg\"\n               data-image-id=\"36227\"\n               data-title=\"Aurora-Barriera: incontri e idee per una citt\u00e0 pi\u00f9 vivibile\"\n               data-description=\"Aurora-Barriera: incontri e idee per una citt\u00e0 pi\u00f9 vivibile\"\n               data-image-slug=\"pla_4666\"\n               class=\"ngg-fancybox\" rel=\"263a62df25db3e8b0c8958d15e94c29f\">\n                <img\n                    title=\"Aurora-Barriera: incontri e idee per una citt\u00e0 pi\u00f9 vivibile\"\n                    alt=\"Aurora-Barriera: incontri e idee per una citt\u00e0 pi\u00f9 vivibile\"\n                    src=\"http:\/\/www.spaziotorino.it\/scatto\/wp-content\/gallery\/2025_03_04_aurbar\/cache\/PLA_4666.jpg-nggid0536227-ngg0dyn-60x60x100-00f0w010c011r110f110r010t010.jpg\"\n                    width=\"60\"\n                    height=\"60\"\n                    style=\"max-width:100%;\"\n                \/>\n            <\/a>\n        <\/div>\n\t\t\t\t\t\t\t<\/div> \n\t\t\t\n        \n\t\t\t\t<div id=\"ngg-image-10\" class=\"ngg-gallery-thumbnail-box\" >\n\t\t\t\t        <div class=\"ngg-gallery-thumbnail\">\n            <a href=\"http:\/\/www.spaziotorino.it\/scatto\/wp-content\/gallery\/2025_03_04_aurbar\/PLA_4673.jpg\"\n               title=\"Aurora-Barriera: incontri e idee per una citt\u00e0 pi\u00f9 vivibile\"\n               data-src=\"http:\/\/www.spaziotorino.it\/scatto\/wp-content\/gallery\/2025_03_04_aurbar\/PLA_4673.jpg\"\n               data-thumbnail=\"http:\/\/www.spaziotorino.it\/scatto\/wp-content\/gallery\/2025_03_04_aurbar\/thumbs\/thumbs_PLA_4673.jpg\"\n               data-image-id=\"36224\"\n               data-title=\"Aurora-Barriera: incontri e idee per una citt\u00e0 pi\u00f9 vivibile\"\n               data-description=\"Aurora-Barriera: incontri e idee per una citt\u00e0 pi\u00f9 vivibile\"\n               data-image-slug=\"pla_4673-2\"\n               class=\"ngg-fancybox\" rel=\"263a62df25db3e8b0c8958d15e94c29f\">\n                <img\n                    title=\"Aurora-Barriera: incontri e idee per una citt\u00e0 pi\u00f9 vivibile\"\n                    alt=\"Aurora-Barriera: incontri e idee per una citt\u00e0 pi\u00f9 vivibile\"\n                    src=\"http:\/\/www.spaziotorino.it\/scatto\/wp-content\/gallery\/2025_03_04_aurbar\/cache\/PLA_4673.jpg-nggid0536224-ngg0dyn-60x60x100-00f0w010c011r110f110r010t010.jpg\"\n                    width=\"60\"\n                    height=\"60\"\n                    style=\"max-width:100%;\"\n                \/>\n            <\/a>\n        <\/div>\n\t\t\t\t\t\t\t<\/div> \n\t\t\t\n        \n\t\t\t\t<div id=\"ngg-image-11\" class=\"ngg-gallery-thumbnail-box\" >\n\t\t\t\t        <div class=\"ngg-gallery-thumbnail\">\n            <a href=\"http:\/\/www.spaziotorino.it\/scatto\/wp-content\/gallery\/2025_03_04_aurbar\/PLA_4708.jpg\"\n               title=\"Aurora-Barriera: incontri e idee per una citt\u00e0 pi\u00f9 vivibile\"\n               data-src=\"http:\/\/www.spaziotorino.it\/scatto\/wp-content\/gallery\/2025_03_04_aurbar\/PLA_4708.jpg\"\n               data-thumbnail=\"http:\/\/www.spaziotorino.it\/scatto\/wp-content\/gallery\/2025_03_04_aurbar\/thumbs\/thumbs_PLA_4708.jpg\"\n               data-image-id=\"36228\"\n               data-title=\"Aurora-Barriera: incontri e idee per una citt\u00e0 pi\u00f9 vivibile\"\n               data-description=\"Aurora-Barriera: incontri e idee per una citt\u00e0 pi\u00f9 vivibile\"\n               data-image-slug=\"pla_4708-3\"\n               class=\"ngg-fancybox\" rel=\"263a62df25db3e8b0c8958d15e94c29f\">\n                <img\n                    title=\"Aurora-Barriera: incontri e idee per una citt\u00e0 pi\u00f9 vivibile\"\n                    alt=\"Aurora-Barriera: incontri e idee per una citt\u00e0 pi\u00f9 vivibile\"\n                    src=\"http:\/\/www.spaziotorino.it\/scatto\/wp-content\/gallery\/2025_03_04_aurbar\/cache\/PLA_4708.jpg-nggid0536228-ngg0dyn-60x60x100-00f0w010c011r110f110r010t010.jpg\"\n                    width=\"60\"\n                    height=\"60\"\n                    style=\"max-width:100%;\"\n                \/>\n            <\/a>\n        <\/div>\n\t\t\t\t\t\t\t<\/div> \n\t\t\t\n        \n\t\t\t\t<div id=\"ngg-image-12\" class=\"ngg-gallery-thumbnail-box\" >\n\t\t\t\t        <div class=\"ngg-gallery-thumbnail\">\n            <a href=\"http:\/\/www.spaziotorino.it\/scatto\/wp-content\/gallery\/2025_03_04_aurbar\/PLA_4685.jpg\"\n               title=\"Aurora-Barriera: incontri e idee per una citt\u00e0 pi\u00f9 vivibile\"\n               data-src=\"http:\/\/www.spaziotorino.it\/scatto\/wp-content\/gallery\/2025_03_04_aurbar\/PLA_4685.jpg\"\n               data-thumbnail=\"http:\/\/www.spaziotorino.it\/scatto\/wp-content\/gallery\/2025_03_04_aurbar\/thumbs\/thumbs_PLA_4685.jpg\"\n               data-image-id=\"36225\"\n               data-title=\"Aurora-Barriera: incontri e idee per una citt\u00e0 pi\u00f9 vivibile\"\n               data-description=\"Aurora-Barriera: incontri e idee per una citt\u00e0 pi\u00f9 vivibile\"\n               data-image-slug=\"pla_4685-2\"\n               class=\"ngg-fancybox\" rel=\"263a62df25db3e8b0c8958d15e94c29f\">\n                <img\n                    title=\"Aurora-Barriera: incontri e idee per una citt\u00e0 pi\u00f9 vivibile\"\n                    alt=\"Aurora-Barriera: incontri e idee per una citt\u00e0 pi\u00f9 vivibile\"\n                    src=\"http:\/\/www.spaziotorino.it\/scatto\/wp-content\/gallery\/2025_03_04_aurbar\/cache\/PLA_4685.jpg-nggid0536225-ngg0dyn-60x60x100-00f0w010c011r110f110r010t010.jpg\"\n                    width=\"60\"\n                    height=\"60\"\n                    style=\"max-width:100%;\"\n                \/>\n            <\/a>\n        <\/div>\n\t\t\t\t\t\t\t<\/div> \n\t\t\t\n        \n\t\t\n\t\t<!-- Pagination -->\n\t<div class='ngg-clear'><\/div>\t<\/div>\n\n<p>Marted\u00ec 4 marzo si \u00e8 svolto il primo incontro &#8220;\ud835\uddd4\ud835\uddef\ud835\uddf6\ud835\ude01\ud835\uddee\ud835\uddfb\ud835\ude01\ud835\uddf6 \ud835\udde9\ud835\uddf6\ud835\ude00\ud835\uddf6\ud835\uddfc\ud835\uddfb\ud835\uddee\ud835\uddff\ud835\uddf6&#8221; presso i Bagni Pubblici di via Agli\u00e8, dando il via a una serie di eventi legati al percorso di rigenerazione urbana del \ud835\udde3\ud835\uddff\ud835\uddfc\ud835\uddf4\ud835\uddf2\ud835\ude01\ud835\ude01\ud835\uddfc \ud835\uddf1\ud835\uddf6 \ud835\udde7\ud835\uddf2\ud835\uddff\ud835\uddff\ud835\uddf6\ud835\ude01\ud835\uddfc\ud835\uddff\ud835\uddf6\ud835\uddfc \ud835\uddd4\ud835\ude02\ud835\uddff\ud835\uddfc\ud835\uddff\ud835\uddee-\ud835\uddd5\ud835\uddee\ud835\uddff\ud835\uddff\ud835\uddf6\ud835\uddf2\ud835\uddff\ud835\uddee, finanziato dal Programma PN Metro Plus 21_27.<\/p>\n<p>Questi eventi sono pensati per coinvolgere attivamente i cittadini e le realt\u00e0 locali, offrendo uno spazio per condividere idee e proposte volte a migliorare la sostenibilit\u00e0 ambientale, la qualit\u00e0 della vita e la sicurezza nei quartieri.<\/p>\n<p>I prossimi appuntamenti:<\/p>\n<ul>\n<li>12 marzo \u2013 &#8220;\ud835\udde0\ud835\uddfc\ud835\uddef\ud835\uddf6\ud835\uddf9\ud835\uddf6\ud835\ude01\ud835\uddee\u0300 \ud835\uddf1\ud835\uddf2\ud835\uddf6 \ud835\uddfe\ud835\ude02\ud835\uddee\ud835\uddff\ud835\ude01\ud835\uddf6\ud835\uddf2\ud835\uddff\ud835\uddf6&#8221; presso Cecchi Point, Via Cecchi 17, ore 17:30<\/li>\n<li>20 marzo \u2013 &#8220;\ud835\udde9\ud835\uddf2\ud835\uddff\ud835\uddf1\ud835\uddf2 \ud835\uddf2 \ud835\ude00\ud835\uddfd\ud835\uddee\ud835\ude07\ud835\uddf6\ud835\uddfc \ud835\uddfd\ud835\ude02\ud835\uddef\ud835\uddef\ud835\uddf9\ud835\uddf6\ud835\uddf0\ud835\uddfc&#8221; presso IC Aristide Gabelli, Via Santhi\u00e0 25, ore 17:30<\/li>\n<\/ul>\n<p>Partecipa con le tue idee e contribuisci al cambiamento!<\/p>\n<p>Per info: <a href=\"mailto:partecipazioneAB@infrato.it\">partecipazioneAB@infrato.it<\/a><\/p>\n","protected":false},"excerpt":{"rendered":"<p>Marted\u00ec 4 marzo si \u00e8 svolto il primo incontro &#8220;\ud835\uddd4\ud835\uddef\ud835\uddf6\ud835\ude01\ud835\uddee\ud835\uddfb\ud835\ude01\ud835\uddf6 \ud835\udde9\ud835\uddf6\ud835\ude00\ud835\uddf6\ud835\uddfc\ud835\uddfb\ud835\uddee\ud835\uddff\ud835\uddf6&#8221; presso i Bagni Pubblici di via Agli\u00e8, dando il via a una serie di eventi legati al percorso di rigenerazione urbana del \ud835\udde3\ud835\uddff\ud835\uddfc\ud835\uddf4\ud835\uddf2\ud835\ude01\ud835\ude01\ud835\uddfc \ud835\uddf1\ud835\uddf6 \ud835\udde7\ud835\uddf2\ud835\uddff\ud835\uddff\ud835\uddf6\ud835\ude01\ud835\uddfc\ud835\uddff\ud835\uddf6\ud835\uddfc \ud835\uddd4\ud835\ude02\ud835\uddff\ud835\uddfc\ud835\uddff\ud835\uddee-\ud835\uddd5\ud835\uddee\ud835\uddff\ud835\uddff\ud835\uddf6\ud835\uddf2\ud835\uddff\ud835\uddee, finanziato dal Programma PN Metro Plus 21_27. Questi eventi sono pensati per coinvolgere attivamente i cittadini e le [&hellip;]<\/p>\n","protected":false},"author":1,"featured_media":0,"comment_status":"closed","ping_status":"open","sticky":false,"template":"","format":"standard","meta":{"ngg_post_thumbnail":0},"categories":[1,41],"tags":[],"_links":{"self":[{"href":"http:\/\/www.spaziotorino.it\/scatto\/index.php?rest_route=\/wp\/v2\/posts\/54942"}],"collection":[{"href":"http:\/\/www.spaziotorino.it\/scatto\/index.php?rest_route=\/wp\/v2\/posts"}],"about":[{"href":"http:\/\/www.spaziotorino.it\/scatto\/index.php?rest_route=\/wp\/v2\/types\/post"}],"author":[{"embeddable":true,"href":"http:\/\/www.spaziotorino.it\/scatto\/index.php?rest_route=\/wp\/v2\/users\/1"}],"replies":[{"embeddable":true,"href":"http:\/\/www.spaziotorino.it\/scatto\/index.php?rest_route=%2Fwp%2Fv2%2Fcomments&post=54942"}],"version-history":[{"count":4,"href":"http:\/\/www.spaziotorino.it\/scatto\/index.php?rest_route=\/wp\/v2\/posts\/54942\/revisions"}],"predecessor-version":[{"id":54965,"href":"http:\/\/www.spaziotorino.it\/scatto\/index.php?rest_route=\/wp\/v2\/posts\/54942\/revisions\/54965"}],"wp:attachment":[{"href":"http:\/\/www.spaziotorino.it\/scatto\/index.php?rest_route=%2Fwp%2Fv2%2Fmedia&parent=54942"}],"wp:term":[{"taxonomy":"category","embeddable":true,"href":"http:\/\/www.spaziotorino.it\/scatto\/index.php?rest_route=%2Fwp%2Fv2%2Fcategories&post=54942"},{"taxonomy":"post_tag","embeddable":true,"href":"http:\/\/www.spaziotorino.it\/scatto\/index.php?rest_route=%2Fwp%2Fv2%2Ftags&post=54942"}],"curies":[{"name":"wp","href":"https:\/\/api.w.org\/{rel}","templated":true}]}}