{"id":55225,"date":"2025-03-18T17:35:35","date_gmt":"2025-03-18T16:35:35","guid":{"rendered":"http:\/\/www.spaziotorino.it\/scatto\/?p=55225"},"modified":"2025-03-19T11:45:38","modified_gmt":"2025-03-19T10:45:38","slug":"il-pianoforte-rosa-di-fred-buscaglione-trova-casa-al-museo-della-radio-e-della-televisione-rai-di-torino","status":"publish","type":"post","link":"http:\/\/www.spaziotorino.it\/scatto\/?p=55225","title":{"rendered":"Il pianoforte rosa di Fred Buscaglione trova casa al Museo della Radio e della Televisione Rai di Torino"},"content":{"rendered":"<p><a class=\"ngg-fancybox\" title=\"Il pianoforte rosa di Fred Buscaglione trova casa al Museo della Radio e della Televisione Rai di Torino\" href=\"http:\/\/www.spaziotorino.it\/scatto\/wp-content\/gallery\/2025_03_18_pianorosa\/PLA_7525.jpg\" rel=\"lightbox[set_2467]\"><br \/>\n<img decoding=\"async\" loading=\"lazy\" class=\"ngg-singlepic\" title=\"Il pianoforte rosa di Fred Buscaglione trova casa al Museo della Radio e della Televisione Rai di Torino\" src=\"http:\/\/www.spaziotorino.it\/scatto\/wp-content\/gallery\/2025_03_18_pianorosa\/PLA_7525.jpg\" alt=\"\" width=\"540\" height=\"360\"\/><\/a><\/p>\n<!-- index.php -->\n<div\n\tclass=\"ngg-galleryoverview ngg-ajax-pagination-none\"\n\tid=\"ngg-gallery-70feddd51906a454471a63fcdbe43e28-1\">\n\n    \t\t<!-- Thumbnails -->\n\t\t\t\t<div id=\"ngg-image-0\" class=\"ngg-gallery-thumbnail-box\" >\n\t\t\t\t        <div class=\"ngg-gallery-thumbnail\">\n            <a href=\"http:\/\/www.spaziotorino.it\/scatto\/wp-content\/gallery\/2025_03_18_pianorosa\/PLA_7404.jpg\"\n               title=\"Rai - Museo della Radio: Incontro stampa per la donazione del pianoforte rosa di Fred Buscaglione al museo\"\n               data-src=\"http:\/\/www.spaziotorino.it\/scatto\/wp-content\/gallery\/2025_03_18_pianorosa\/PLA_7404.jpg\"\n               data-thumbnail=\"http:\/\/www.spaziotorino.it\/scatto\/wp-content\/gallery\/2025_03_18_pianorosa\/thumbs\/thumbs_PLA_7404.jpg\"\n               data-image-id=\"36432\"\n               data-title=\"Rai - Museo della Radio: Incontro stampa per la donazione del pianoforte rosa di Fred Buscaglione al museo\"\n               data-description=\"Rai - Museo della Radio: Incontro stampa per la donazione del pianoforte rosa di Fred Buscaglione al museo\"\n               data-image-slug=\"pla_7404-1\"\n               class=\"ngg-fancybox\" rel=\"70feddd51906a454471a63fcdbe43e28\">\n                <img\n                    title=\"Rai - Museo della Radio: Incontro stampa per la donazione del pianoforte rosa di Fred Buscaglione al museo\"\n                    alt=\"Rai - Museo della Radio: Incontro stampa per la donazione del pianoforte rosa di Fred Buscaglione al museo\"\n                    src=\"http:\/\/www.spaziotorino.it\/scatto\/wp-content\/gallery\/2025_03_18_pianorosa\/cache\/PLA_7404.jpg-nggid0536432-ngg0dyn-60x60x100-00f0w010c011r110f110r010t010.jpg\"\n                    width=\"60\"\n                    height=\"60\"\n                    style=\"max-width:100%;\"\n                \/>\n            <\/a>\n        <\/div>\n\t\t\t\t\t\t\t<\/div> \n\t\t\t\n        \n\t\t\t\t<div id=\"ngg-image-1\" class=\"ngg-gallery-thumbnail-box\" >\n\t\t\t\t        <div class=\"ngg-gallery-thumbnail\">\n            <a href=\"http:\/\/www.spaziotorino.it\/scatto\/wp-content\/gallery\/2025_03_18_pianorosa\/PLA_7399.jpg\"\n               title=\"L&#039;Assessora alla Cultura Rosanna Purchia con Rosanna Vaudetti e Maria Giovanna Elmi\"\n               data-src=\"http:\/\/www.spaziotorino.it\/scatto\/wp-content\/gallery\/2025_03_18_pianorosa\/PLA_7399.jpg\"\n               data-thumbnail=\"http:\/\/www.spaziotorino.it\/scatto\/wp-content\/gallery\/2025_03_18_pianorosa\/thumbs\/thumbs_PLA_7399.jpg\"\n               data-image-id=\"36428\"\n               data-title=\"L&#039;Assessora alla Cultura Rosanna Purchia con Rosanna Vaudetti e Maria Giovanna Elmi\"\n               data-description=\"L&#039;Assessora alla Cultura Rosanna Purchia con Rosanna Vaudetti e Maria Giovanna Elmi\"\n               data-image-slug=\"pla_7399-1\"\n               class=\"ngg-fancybox\" rel=\"70feddd51906a454471a63fcdbe43e28\">\n                <img\n                    title=\"L&#039;Assessora alla Cultura Rosanna Purchia con Rosanna Vaudetti e Maria Giovanna Elmi\"\n                    alt=\"L&#039;Assessora alla Cultura Rosanna Purchia con Rosanna Vaudetti e Maria Giovanna Elmi\"\n                    src=\"http:\/\/www.spaziotorino.it\/scatto\/wp-content\/gallery\/2025_03_18_pianorosa\/cache\/PLA_7399.jpg-nggid0536428-ngg0dyn-60x60x100-00f0w010c011r110f110r010t010.jpg\"\n                    width=\"60\"\n                    height=\"60\"\n                    style=\"max-width:100%;\"\n                \/>\n            <\/a>\n        <\/div>\n\t\t\t\t\t\t\t<\/div> \n\t\t\t\n        \n\t\t\t\t<div id=\"ngg-image-2\" class=\"ngg-gallery-thumbnail-box\" >\n\t\t\t\t        <div class=\"ngg-gallery-thumbnail\">\n            <a href=\"http:\/\/www.spaziotorino.it\/scatto\/wp-content\/gallery\/2025_03_18_pianorosa\/PLA_7415.jpg\"\n               title=\"Il pianoforte rosa di Fred Buscaglione trova casa al Museo della Radio e della Televisione Rai di Torino\"\n               data-src=\"http:\/\/www.spaziotorino.it\/scatto\/wp-content\/gallery\/2025_03_18_pianorosa\/PLA_7415.jpg\"\n               data-thumbnail=\"http:\/\/www.spaziotorino.it\/scatto\/wp-content\/gallery\/2025_03_18_pianorosa\/thumbs\/thumbs_PLA_7415.jpg\"\n               data-image-id=\"36431\"\n               data-title=\"Il pianoforte rosa di Fred Buscaglione trova casa al Museo della Radio e della Televisione Rai di Torino\"\n               data-description=\"Il pianoforte rosa di Fred Buscaglione trova casa al Museo della Radio e della Televisione Rai di Torino\"\n               data-image-slug=\"pla_7415-2\"\n               class=\"ngg-fancybox\" rel=\"70feddd51906a454471a63fcdbe43e28\">\n                <img\n                    title=\"Il pianoforte rosa di Fred Buscaglione trova casa al Museo della Radio e della Televisione Rai di Torino\"\n                    alt=\"Il pianoforte rosa di Fred Buscaglione trova casa al Museo della Radio e della Televisione Rai di Torino\"\n                    src=\"http:\/\/www.spaziotorino.it\/scatto\/wp-content\/gallery\/2025_03_18_pianorosa\/cache\/PLA_7415.jpg-nggid0536431-ngg0dyn-60x60x100-00f0w010c011r110f110r010t010.jpg\"\n                    width=\"60\"\n                    height=\"60\"\n                    style=\"max-width:100%;\"\n                \/>\n            <\/a>\n        <\/div>\n\t\t\t\t\t\t\t<\/div> \n\t\t\t\n        \n\t\t\t\t<div id=\"ngg-image-3\" class=\"ngg-gallery-thumbnail-box\" >\n\t\t\t\t        <div class=\"ngg-gallery-thumbnail\">\n            <a href=\"http:\/\/www.spaziotorino.it\/scatto\/wp-content\/gallery\/2025_03_18_pianorosa\/PLA_7429.jpg\"\n               title=\"Toni Campa e l\u2019assessora Rosanna Purchia scoprono il pianoforte\"\n               data-src=\"http:\/\/www.spaziotorino.it\/scatto\/wp-content\/gallery\/2025_03_18_pianorosa\/PLA_7429.jpg\"\n               data-thumbnail=\"http:\/\/www.spaziotorino.it\/scatto\/wp-content\/gallery\/2025_03_18_pianorosa\/thumbs\/thumbs_PLA_7429.jpg\"\n               data-image-id=\"36429\"\n               data-title=\"Toni Campa e l\u2019assessora Rosanna Purchia scoprono il pianoforte\"\n               data-description=\"Toni Campa e l\u2019assessora Rosanna Purchia scoprono il pianoforte\"\n               data-image-slug=\"pla_7429-1\"\n               class=\"ngg-fancybox\" rel=\"70feddd51906a454471a63fcdbe43e28\">\n                <img\n                    title=\"Toni Campa e l\u2019assessora Rosanna Purchia scoprono il pianoforte\"\n                    alt=\"Toni Campa e l\u2019assessora Rosanna Purchia scoprono il pianoforte\"\n                    src=\"http:\/\/www.spaziotorino.it\/scatto\/wp-content\/gallery\/2025_03_18_pianorosa\/cache\/PLA_7429.jpg-nggid0536429-ngg0dyn-60x60x100-00f0w010c011r110f110r010t010.jpg\"\n                    width=\"60\"\n                    height=\"60\"\n                    style=\"max-width:100%;\"\n                \/>\n            <\/a>\n        <\/div>\n\t\t\t\t\t\t\t<\/div> \n\t\t\t\n        \n\t\t\t\t<div id=\"ngg-image-4\" class=\"ngg-gallery-thumbnail-box\" >\n\t\t\t\t        <div class=\"ngg-gallery-thumbnail\">\n            <a href=\"http:\/\/www.spaziotorino.it\/scatto\/wp-content\/gallery\/2025_03_18_pianorosa\/PLA_7439.jpg\"\n               title=\"L&#039;Assessora alla Cultura Purchia e Toni Campa, proprietario del pianoforte donato alla Citt\u00e0 di Torino\"\n               data-src=\"http:\/\/www.spaziotorino.it\/scatto\/wp-content\/gallery\/2025_03_18_pianorosa\/PLA_7439.jpg\"\n               data-thumbnail=\"http:\/\/www.spaziotorino.it\/scatto\/wp-content\/gallery\/2025_03_18_pianorosa\/thumbs\/thumbs_PLA_7439.jpg\"\n               data-image-id=\"36430\"\n               data-title=\"L&#039;Assessora alla Cultura Purchia e Toni Campa, proprietario del pianoforte donato alla Citt\u00e0 di Torino\"\n               data-description=\"L&#039;Assessora alla Cultura Purchia e Toni Campa, proprietario del pianoforte donato alla Citt\u00e0 di Torino\"\n               data-image-slug=\"pla_7439\"\n               class=\"ngg-fancybox\" rel=\"70feddd51906a454471a63fcdbe43e28\">\n                <img\n                    title=\"L&#039;Assessora alla Cultura Purchia e Toni Campa, proprietario del pianoforte donato alla Citt\u00e0 di Torino\"\n                    alt=\"L&#039;Assessora alla Cultura Purchia e Toni Campa, proprietario del pianoforte donato alla Citt\u00e0 di Torino\"\n                    src=\"http:\/\/www.spaziotorino.it\/scatto\/wp-content\/gallery\/2025_03_18_pianorosa\/cache\/PLA_7439.jpg-nggid0536430-ngg0dyn-60x60x100-00f0w010c011r110f110r010t010.jpg\"\n                    width=\"60\"\n                    height=\"60\"\n                    style=\"max-width:100%;\"\n                \/>\n            <\/a>\n        <\/div>\n\t\t\t\t\t\t\t<\/div> \n\t\t\t\n        \n\t\t\t\t<div id=\"ngg-image-5\" class=\"ngg-gallery-thumbnail-box\" >\n\t\t\t\t        <div class=\"ngg-gallery-thumbnail\">\n            <a href=\"http:\/\/www.spaziotorino.it\/scatto\/wp-content\/gallery\/2025_03_18_pianorosa\/PLA_7457.jpg\"\n               title=\"Rai - Museo della Radio: Incontro stampa per la donazione del pianoforte rosa di Fred Buscaglione al museo\"\n               data-src=\"http:\/\/www.spaziotorino.it\/scatto\/wp-content\/gallery\/2025_03_18_pianorosa\/PLA_7457.jpg\"\n               data-thumbnail=\"http:\/\/www.spaziotorino.it\/scatto\/wp-content\/gallery\/2025_03_18_pianorosa\/thumbs\/thumbs_PLA_7457.jpg\"\n               data-image-id=\"36433\"\n               data-title=\"Rai - Museo della Radio: Incontro stampa per la donazione del pianoforte rosa di Fred Buscaglione al museo\"\n               data-description=\"Rai - Museo della Radio: Incontro stampa per la donazione del pianoforte rosa di Fred Buscaglione al museo\"\n               data-image-slug=\"pla_7457-2\"\n               class=\"ngg-fancybox\" rel=\"70feddd51906a454471a63fcdbe43e28\">\n                <img\n                    title=\"Rai - Museo della Radio: Incontro stampa per la donazione del pianoforte rosa di Fred Buscaglione al museo\"\n                    alt=\"Rai - Museo della Radio: Incontro stampa per la donazione del pianoforte rosa di Fred Buscaglione al museo\"\n                    src=\"http:\/\/www.spaziotorino.it\/scatto\/wp-content\/gallery\/2025_03_18_pianorosa\/cache\/PLA_7457.jpg-nggid0536433-ngg0dyn-60x60x100-00f0w010c011r110f110r010t010.jpg\"\n                    width=\"60\"\n                    height=\"60\"\n                    style=\"max-width:100%;\"\n                \/>\n            <\/a>\n        <\/div>\n\t\t\t\t\t\t\t<\/div> \n\t\t\t\n        \n\t\t\t\t<div id=\"ngg-image-6\" class=\"ngg-gallery-thumbnail-box\" >\n\t\t\t\t        <div class=\"ngg-gallery-thumbnail\">\n            <a href=\"http:\/\/www.spaziotorino.it\/scatto\/wp-content\/gallery\/2025_03_18_pianorosa\/PLA_7486.jpg\"\n               title=\"Il pianoforte rosa di Fred Buscaglione trova casa al Museo della Radio e della Televisione Rai di Torino\"\n               data-src=\"http:\/\/www.spaziotorino.it\/scatto\/wp-content\/gallery\/2025_03_18_pianorosa\/PLA_7486.jpg\"\n               data-thumbnail=\"http:\/\/www.spaziotorino.it\/scatto\/wp-content\/gallery\/2025_03_18_pianorosa\/thumbs\/thumbs_PLA_7486.jpg\"\n               data-image-id=\"36434\"\n               data-title=\"Il pianoforte rosa di Fred Buscaglione trova casa al Museo della Radio e della Televisione Rai di Torino\"\n               data-description=\"Il pianoforte rosa di Fred Buscaglione trova casa al Museo della Radio e della Televisione Rai di Torino\"\n               data-image-slug=\"pla_7486\"\n               class=\"ngg-fancybox\" rel=\"70feddd51906a454471a63fcdbe43e28\">\n                <img\n                    title=\"Il pianoforte rosa di Fred Buscaglione trova casa al Museo della Radio e della Televisione Rai di Torino\"\n                    alt=\"Il pianoforte rosa di Fred Buscaglione trova casa al Museo della Radio e della Televisione Rai di Torino\"\n                    src=\"http:\/\/www.spaziotorino.it\/scatto\/wp-content\/gallery\/2025_03_18_pianorosa\/cache\/PLA_7486.jpg-nggid0536434-ngg0dyn-60x60x100-00f0w010c011r110f110r010t010.jpg\"\n                    width=\"60\"\n                    height=\"60\"\n                    style=\"max-width:100%;\"\n                \/>\n            <\/a>\n        <\/div>\n\t\t\t\t\t\t\t<\/div> \n\t\t\t\n        \n\t\t\t\t<div id=\"ngg-image-7\" class=\"ngg-gallery-thumbnail-box\" >\n\t\t\t\t        <div class=\"ngg-gallery-thumbnail\">\n            <a href=\"http:\/\/www.spaziotorino.it\/scatto\/wp-content\/gallery\/2025_03_18_pianorosa\/PLA_7497.jpg\"\n               title=\"Il pianoforte rosa di Fred Buscaglione trova casa al Museo della Radio e della Televisione Rai di Torino\"\n               data-src=\"http:\/\/www.spaziotorino.it\/scatto\/wp-content\/gallery\/2025_03_18_pianorosa\/PLA_7497.jpg\"\n               data-thumbnail=\"http:\/\/www.spaziotorino.it\/scatto\/wp-content\/gallery\/2025_03_18_pianorosa\/thumbs\/thumbs_PLA_7497.jpg\"\n               data-image-id=\"36437\"\n               data-title=\"Il pianoforte rosa di Fred Buscaglione trova casa al Museo della Radio e della Televisione Rai di Torino\"\n               data-description=\"Il pianoforte rosa di Fred Buscaglione trova casa al Museo della Radio e della Televisione Rai di Torino\"\n               data-image-slug=\"pla_7497-2\"\n               class=\"ngg-fancybox\" rel=\"70feddd51906a454471a63fcdbe43e28\">\n                <img\n                    title=\"Il pianoforte rosa di Fred Buscaglione trova casa al Museo della Radio e della Televisione Rai di Torino\"\n                    alt=\"Il pianoforte rosa di Fred Buscaglione trova casa al Museo della Radio e della Televisione Rai di Torino\"\n                    src=\"http:\/\/www.spaziotorino.it\/scatto\/wp-content\/gallery\/2025_03_18_pianorosa\/cache\/PLA_7497.jpg-nggid0536437-ngg0dyn-60x60x100-00f0w010c011r110f110r010t010.jpg\"\n                    width=\"60\"\n                    height=\"60\"\n                    style=\"max-width:100%;\"\n                \/>\n            <\/a>\n        <\/div>\n\t\t\t\t\t\t\t<\/div> \n\t\t\t\n        \n\t\t\t\t<div id=\"ngg-image-8\" class=\"ngg-gallery-thumbnail-box\" >\n\t\t\t\t        <div class=\"ngg-gallery-thumbnail\">\n            <a href=\"http:\/\/www.spaziotorino.it\/scatto\/wp-content\/gallery\/2025_03_18_pianorosa\/PLA_7499.jpg\"\n               title=\"Il pianoforte rosa di Fred Buscaglione trova casa al Museo della Radio e della Televisione Rai di Torino\"\n               data-src=\"http:\/\/www.spaziotorino.it\/scatto\/wp-content\/gallery\/2025_03_18_pianorosa\/PLA_7499.jpg\"\n               data-thumbnail=\"http:\/\/www.spaziotorino.it\/scatto\/wp-content\/gallery\/2025_03_18_pianorosa\/thumbs\/thumbs_PLA_7499.jpg\"\n               data-image-id=\"36439\"\n               data-title=\"Il pianoforte rosa di Fred Buscaglione trova casa al Museo della Radio e della Televisione Rai di Torino\"\n               data-description=\"Il pianoforte rosa di Fred Buscaglione trova casa al Museo della Radio e della Televisione Rai di Torino\"\n               data-image-slug=\"pla_7499-3\"\n               class=\"ngg-fancybox\" rel=\"70feddd51906a454471a63fcdbe43e28\">\n                <img\n                    title=\"Il pianoforte rosa di Fred Buscaglione trova casa al Museo della Radio e della Televisione Rai di Torino\"\n                    alt=\"Il pianoforte rosa di Fred Buscaglione trova casa al Museo della Radio e della Televisione Rai di Torino\"\n                    src=\"http:\/\/www.spaziotorino.it\/scatto\/wp-content\/gallery\/2025_03_18_pianorosa\/cache\/PLA_7499.jpg-nggid0536439-ngg0dyn-60x60x100-00f0w010c011r110f110r010t010.jpg\"\n                    width=\"60\"\n                    height=\"60\"\n                    style=\"max-width:100%;\"\n                \/>\n            <\/a>\n        <\/div>\n\t\t\t\t\t\t\t<\/div> \n\t\t\t\n        \n\t\t\t\t<div id=\"ngg-image-9\" class=\"ngg-gallery-thumbnail-box\" >\n\t\t\t\t        <div class=\"ngg-gallery-thumbnail\">\n            <a href=\"http:\/\/www.spaziotorino.it\/scatto\/wp-content\/gallery\/2025_03_18_pianorosa\/PLA_7502.jpg\"\n               title=\"Il pianoforte rosa di Fred Buscaglione trova casa al Museo della Radio e della Televisione Rai di Torino\"\n               data-src=\"http:\/\/www.spaziotorino.it\/scatto\/wp-content\/gallery\/2025_03_18_pianorosa\/PLA_7502.jpg\"\n               data-thumbnail=\"http:\/\/www.spaziotorino.it\/scatto\/wp-content\/gallery\/2025_03_18_pianorosa\/thumbs\/thumbs_PLA_7502.jpg\"\n               data-image-id=\"36436\"\n               data-title=\"Il pianoforte rosa di Fred Buscaglione trova casa al Museo della Radio e della Televisione Rai di Torino\"\n               data-description=\"Il pianoforte rosa di Fred Buscaglione trova casa al Museo della Radio e della Televisione Rai di Torino\"\n               data-image-slug=\"pla_7502-4\"\n               class=\"ngg-fancybox\" rel=\"70feddd51906a454471a63fcdbe43e28\">\n                <img\n                    title=\"Il pianoforte rosa di Fred Buscaglione trova casa al Museo della Radio e della Televisione Rai di Torino\"\n                    alt=\"Il pianoforte rosa di Fred Buscaglione trova casa al Museo della Radio e della Televisione Rai di Torino\"\n                    src=\"http:\/\/www.spaziotorino.it\/scatto\/wp-content\/gallery\/2025_03_18_pianorosa\/cache\/PLA_7502.jpg-nggid0536436-ngg0dyn-60x60x100-00f0w010c011r110f110r010t010.jpg\"\n                    width=\"60\"\n                    height=\"60\"\n                    style=\"max-width:100%;\"\n                \/>\n            <\/a>\n        <\/div>\n\t\t\t\t\t\t\t<\/div> \n\t\t\t\n        \n\t\t\t\t<div id=\"ngg-image-10\" class=\"ngg-gallery-thumbnail-box\" >\n\t\t\t\t        <div class=\"ngg-gallery-thumbnail\">\n            <a href=\"http:\/\/www.spaziotorino.it\/scatto\/wp-content\/gallery\/2025_03_18_pianorosa\/PLA_7508.jpg\"\n               title=\"Il pianoforte rosa di Fred Buscaglione trova casa al Museo della Radio e della Televisione Rai di Torino\"\n               data-src=\"http:\/\/www.spaziotorino.it\/scatto\/wp-content\/gallery\/2025_03_18_pianorosa\/PLA_7508.jpg\"\n               data-thumbnail=\"http:\/\/www.spaziotorino.it\/scatto\/wp-content\/gallery\/2025_03_18_pianorosa\/thumbs\/thumbs_PLA_7508.jpg\"\n               data-image-id=\"36435\"\n               data-title=\"Il pianoforte rosa di Fred Buscaglione trova casa al Museo della Radio e della Televisione Rai di Torino\"\n               data-description=\"Il pianoforte rosa di Fred Buscaglione trova casa al Museo della Radio e della Televisione Rai di Torino\"\n               data-image-slug=\"pla_7508-1\"\n               class=\"ngg-fancybox\" rel=\"70feddd51906a454471a63fcdbe43e28\">\n                <img\n                    title=\"Il pianoforte rosa di Fred Buscaglione trova casa al Museo della Radio e della Televisione Rai di Torino\"\n                    alt=\"Il pianoforte rosa di Fred Buscaglione trova casa al Museo della Radio e della Televisione Rai di Torino\"\n                    src=\"http:\/\/www.spaziotorino.it\/scatto\/wp-content\/gallery\/2025_03_18_pianorosa\/cache\/PLA_7508.jpg-nggid0536435-ngg0dyn-60x60x100-00f0w010c011r110f110r010t010.jpg\"\n                    width=\"60\"\n                    height=\"60\"\n                    style=\"max-width:100%;\"\n                \/>\n            <\/a>\n        <\/div>\n\t\t\t\t\t\t\t<\/div> \n\t\t\t\n        \n\t\t\t\t<div id=\"ngg-image-11\" class=\"ngg-gallery-thumbnail-box\" >\n\t\t\t\t        <div class=\"ngg-gallery-thumbnail\">\n            <a href=\"http:\/\/www.spaziotorino.it\/scatto\/wp-content\/gallery\/2025_03_18_pianorosa\/PLA_7514.jpg\"\n               title=\"Rosanna Vaudetti e Maria Giovanna Elmi posano accanto agli abiti di scena donati al Museo della Radio Rai\"\n               data-src=\"http:\/\/www.spaziotorino.it\/scatto\/wp-content\/gallery\/2025_03_18_pianorosa\/PLA_7514.jpg\"\n               data-thumbnail=\"http:\/\/www.spaziotorino.it\/scatto\/wp-content\/gallery\/2025_03_18_pianorosa\/thumbs\/thumbs_PLA_7514.jpg\"\n               data-image-id=\"36438\"\n               data-title=\"Rosanna Vaudetti e Maria Giovanna Elmi posano accanto agli abiti di scena donati al Museo della Radio Rai\"\n               data-description=\"Rosanna Vaudetti e Maria Giovanna Elmi posano accanto agli abiti di scena donati al Museo della Radio Rai\"\n               data-image-slug=\"pla_7514-2\"\n               class=\"ngg-fancybox\" rel=\"70feddd51906a454471a63fcdbe43e28\">\n                <img\n                    title=\"Rosanna Vaudetti e Maria Giovanna Elmi posano accanto agli abiti di scena donati al Museo della Radio Rai\"\n                    alt=\"Rosanna Vaudetti e Maria Giovanna Elmi posano accanto agli abiti di scena donati al Museo della Radio Rai\"\n                    src=\"http:\/\/www.spaziotorino.it\/scatto\/wp-content\/gallery\/2025_03_18_pianorosa\/cache\/PLA_7514.jpg-nggid0536438-ngg0dyn-60x60x100-00f0w010c011r110f110r010t010.jpg\"\n                    width=\"60\"\n                    height=\"60\"\n                    style=\"max-width:100%;\"\n                \/>\n            <\/a>\n        <\/div>\n\t\t\t\t\t\t\t<\/div> \n\t\t\t\n        \n\t\t\n\t\t<!-- Pagination -->\n\t<div class='ngg-clear'><\/div>\t<\/div>\n\n<p>Dopo numerose vicissitudini, il pianoforte rosa appartenuto a Fred Buscaglione torna a Torino e da oggi potr\u00e0 essere ammirato al Museo della Radio e della Televisione della Rai. Grazie a un dialogo tra la Citt\u00e0 di Torino, il Museo e l\u2019imprenditore <strong>Tony Campa<\/strong>, questo testimone di un\u2019epoca d\u2019oro della musica italiana trova cos\u00ec il luogo ideale per essere valorizzato. L\u2019evento di presentazione, questa mattina, ha visto anche la partecipazione di <strong>Rosanna Vaudetti<\/strong> e <strong>Maria Giovanna Elmi,<\/strong> storiche presentatrici televisive, che hanno donato al museo gli abiti utilizzati in momenti significativi della storia della televisione.<\/p>\n<p>\u201c\u00c8 una giornata di grande emozione \u2013 ha dichiarato&nbsp;<strong>l\u2019assessora alla Cultura della Citt\u00e0 di Torino Rosanna Purchia<\/strong>&nbsp;\u2013 e voglio esprimere la mia gratitudine a tutti coloro che hanno creduto in questo progetto. I colloqui sono iniziati due anni fa, quando ho incontrato Tony Campa al Le Roi Music Hall, dove questo pianoforte era custodito. Era giusto trovargli una collocazione che ne esaltasse il valore e sono certa che anche Fred Buscaglione sarebbe felice di sapere che il suo strumento \u00e8 qui, in un luogo che celebra la storia della radio e della televisione italiana\u201d.<\/p>\n<p>\u201cQuesto momento riunisce tanti elementi preziosi della nostra memoria \u2013 ha dichiarato&nbsp;<strong>il direttore del Centro di produzione Rai di Torino Guido Rossi<\/strong>&nbsp;-. Il Museo della Radio e della Televisione \u00e8 un luogo in continua evoluzione, che racconta la storia della comunicazione e dello spettacolo in Italia, che ospita costumi, cimeli e documenti di grandi protagonisti della radio e della televisione. Accogliere il pianoforte di Fred Buscaglione significa aggiungere un altro tassello alla narrazione di un\u2019epoca straordinaria, che arricchir\u00e0 ulteriormente il percorso espositivo, insieme all\u2019abito di Maria Giovanna Elmi, con cui condusse, prima donna nella storia, il Festival di Sanremo nel 1978, accanto a Mike Bongiorno. Un gesto che segue quello di Rosanna Vaudetti, che un anno e mezzo fa ha donato il vestito con cui annunci\u00f2 la nascita della televisione a colori in Italia\u201d.<\/p>\n<p>Tony Campa, collezionista e imprenditore che ha custodito il pianoforte per anni, ha raccontato la storia dello strumento, originariamente ospitato al Le Roi Music Hall, il celebre locale torinese che ha visto esibirsi alcuni dei pi\u00f9 grandi artisti italiani tra cui Lucio Dalla, Ornella Vanoni, Gino Paoli e un giovane Lucio Battisti. Rimasto a lungo nei magazzini del Le Roi, fu rilevato dallo stesso Campa, finch\u00e9, durante una tourn\u00e9e a Torino, Massimo Ranieri lo scopr\u00ec e lo volle per il suo programma televisivo \u201cSogno o son desto\u201d. Il pianoforte rest\u00f2 poi a Ranieri per sette anni, prima di fare finalmente ritorno a Torino.<\/p>\n","protected":false},"excerpt":{"rendered":"<p>Dopo numerose vicissitudini, il pianoforte rosa appartenuto a Fred Buscaglione torna a Torino e da oggi potr\u00e0 essere ammirato al Museo della Radio e della Televisione della Rai. Grazie a un dialogo tra la Citt\u00e0 di Torino, il Museo e l\u2019imprenditore Tony Campa, questo testimone di un\u2019epoca d\u2019oro della musica italiana trova cos\u00ec il luogo [&hellip;]<\/p>\n","protected":false},"author":1,"featured_media":0,"comment_status":"closed","ping_status":"open","sticky":false,"template":"","format":"standard","meta":{"ngg_post_thumbnail":0},"categories":[1,41],"tags":[],"_links":{"self":[{"href":"http:\/\/www.spaziotorino.it\/scatto\/index.php?rest_route=\/wp\/v2\/posts\/55225"}],"collection":[{"href":"http:\/\/www.spaziotorino.it\/scatto\/index.php?rest_route=\/wp\/v2\/posts"}],"about":[{"href":"http:\/\/www.spaziotorino.it\/scatto\/index.php?rest_route=\/wp\/v2\/types\/post"}],"author":[{"embeddable":true,"href":"http:\/\/www.spaziotorino.it\/scatto\/index.php?rest_route=\/wp\/v2\/users\/1"}],"replies":[{"embeddable":true,"href":"http:\/\/www.spaziotorino.it\/scatto\/index.php?rest_route=%2Fwp%2Fv2%2Fcomments&post=55225"}],"version-history":[{"count":1,"href":"http:\/\/www.spaziotorino.it\/scatto\/index.php?rest_route=\/wp\/v2\/posts\/55225\/revisions"}],"predecessor-version":[{"id":55228,"href":"http:\/\/www.spaziotorino.it\/scatto\/index.php?rest_route=\/wp\/v2\/posts\/55225\/revisions\/55228"}],"wp:attachment":[{"href":"http:\/\/www.spaziotorino.it\/scatto\/index.php?rest_route=%2Fwp%2Fv2%2Fmedia&parent=55225"}],"wp:term":[{"taxonomy":"category","embeddable":true,"href":"http:\/\/www.spaziotorino.it\/scatto\/index.php?rest_route=%2Fwp%2Fv2%2Fcategories&post=55225"},{"taxonomy":"post_tag","embeddable":true,"href":"http:\/\/www.spaziotorino.it\/scatto\/index.php?rest_route=%2Fwp%2Fv2%2Ftags&post=55225"}],"curies":[{"name":"wp","href":"https:\/\/api.w.org\/{rel}","templated":true}]}}