{"id":55267,"date":"2025-03-21T15:20:46","date_gmt":"2025-03-21T14:20:46","guid":{"rendered":"http:\/\/www.spaziotorino.it\/scatto\/?p=55267"},"modified":"2025-03-21T15:20:46","modified_gmt":"2025-03-21T14:20:46","slug":"la-console-generale-della-repubblica-di-polonia-a-palazzo-civico","status":"publish","type":"post","link":"http:\/\/www.spaziotorino.it\/scatto\/?p=55267","title":{"rendered":"La Console Generale della Repubblica di Polonia a Palazzo civico"},"content":{"rendered":"<p><a class=\"ngg-fancybox\" title=\"La Console Generale della Repubblica di Polonia a Palazzo civico\" href=\"http:\/\/www.spaziotorino.it\/scatto\/wp-content\/gallery\/2025_03_21_polonia\/PLA_7953.jpg\" rel=\"lightbox[set_2470]\"><br \/>\n<img decoding=\"async\" loading=\"lazy\" class=\"ngg-singlepic\" title=\"La Console Generale della Repubblica di Polonia a Palazzo civico\" src=\"http:\/\/www.spaziotorino.it\/scatto\/wp-content\/gallery\/2025_03_21_polonia\/PLA_7953.jpg\" alt=\"\" width=\"540\" height=\"360\"\/><\/a><\/p>\n<!-- index.php -->\n<div\n\tclass=\"ngg-galleryoverview ngg-ajax-pagination-none\"\n\tid=\"ngg-gallery-f942535e7b0f60b6e499b03d7a4a0bae-1\">\n\n    \t\t<!-- Thumbnails -->\n\t\t\t\t<div id=\"ngg-image-0\" class=\"ngg-gallery-thumbnail-box\" >\n\t\t\t\t        <div class=\"ngg-gallery-thumbnail\">\n            <a href=\"http:\/\/www.spaziotorino.it\/scatto\/wp-content\/gallery\/2025_03_21_polonia\/PLA_7921.jpg\"\n               title=\"La Console Generale di Polonia in Milano Agnieszka Gloria Kami\u0144ska, accompagnata dal Console Onorario di Polonia in Torino Ulrico Leiss de Leimburg e la Consigliera Comunale Lorenza Patriarca\"\n               data-src=\"http:\/\/www.spaziotorino.it\/scatto\/wp-content\/gallery\/2025_03_21_polonia\/PLA_7921.jpg\"\n               data-thumbnail=\"http:\/\/www.spaziotorino.it\/scatto\/wp-content\/gallery\/2025_03_21_polonia\/thumbs\/thumbs_PLA_7921.jpg\"\n               data-image-id=\"36464\"\n               data-title=\"La Console Generale di Polonia in Milano Agnieszka Gloria Kami\u0144ska, accompagnata dal Console Onorario di Polonia in Torino Ulrico Leiss de Leimburg e la Consigliera Comunale Lorenza Patriarca\"\n               data-description=\"La Console Generale di Polonia in Milano Agnieszka Gloria Kami\u0144ska, accompagnata dal Console Onorario di Polonia in Torino Ulrico Leiss de Leimburg e la Consigliera Comunale Lorenza Patriarca\"\n               data-image-slug=\"pla_7921\"\n               class=\"ngg-fancybox\" rel=\"f942535e7b0f60b6e499b03d7a4a0bae\">\n                <img\n                    title=\"La Console Generale di Polonia in Milano Agnieszka Gloria Kami\u0144ska, accompagnata dal Console Onorario di Polonia in Torino Ulrico Leiss de Leimburg e la Consigliera Comunale Lorenza Patriarca\"\n                    alt=\"La Console Generale di Polonia in Milano Agnieszka Gloria Kami\u0144ska, accompagnata dal Console Onorario di Polonia in Torino Ulrico Leiss de Leimburg e la Consigliera Comunale Lorenza Patriarca\"\n                    src=\"http:\/\/www.spaziotorino.it\/scatto\/wp-content\/gallery\/2025_03_21_polonia\/cache\/PLA_7921.jpg-nggid0536464-ngg0dyn-60x60x100-00f0w010c011r110f110r010t010.jpg\"\n                    width=\"60\"\n                    height=\"60\"\n                    style=\"max-width:100%;\"\n                \/>\n            <\/a>\n        <\/div>\n\t\t\t\t\t\t\t<\/div> \n\t\t\t\n        \n\t\t\t\t<div id=\"ngg-image-1\" class=\"ngg-gallery-thumbnail-box\" >\n\t\t\t\t        <div class=\"ngg-gallery-thumbnail\">\n            <a href=\"http:\/\/www.spaziotorino.it\/scatto\/wp-content\/gallery\/2025_03_21_polonia\/PLA_7923.jpg\"\n               title=\"Un momento della visita della Console Generale della Repubblica di Polonia a Palazzo civico\"\n               data-src=\"http:\/\/www.spaziotorino.it\/scatto\/wp-content\/gallery\/2025_03_21_polonia\/PLA_7923.jpg\"\n               data-thumbnail=\"http:\/\/www.spaziotorino.it\/scatto\/wp-content\/gallery\/2025_03_21_polonia\/thumbs\/thumbs_PLA_7923.jpg\"\n               data-image-id=\"36466\"\n               data-title=\"Un momento della visita della Console Generale della Repubblica di Polonia a Palazzo civico\"\n               data-description=\"Un momento della visita della Console Generale della Repubblica di Polonia a Palazzo civico\"\n               data-image-slug=\"pla_7923-1\"\n               class=\"ngg-fancybox\" rel=\"f942535e7b0f60b6e499b03d7a4a0bae\">\n                <img\n                    title=\"Un momento della visita della Console Generale della Repubblica di Polonia a Palazzo civico\"\n                    alt=\"Un momento della visita della Console Generale della Repubblica di Polonia a Palazzo civico\"\n                    src=\"http:\/\/www.spaziotorino.it\/scatto\/wp-content\/gallery\/2025_03_21_polonia\/cache\/PLA_7923.jpg-nggid0536466-ngg0dyn-60x60x100-00f0w010c011r110f110r010t010.jpg\"\n                    width=\"60\"\n                    height=\"60\"\n                    style=\"max-width:100%;\"\n                \/>\n            <\/a>\n        <\/div>\n\t\t\t\t\t\t\t<\/div> \n\t\t\t\n        \n\t\t\t\t<div id=\"ngg-image-2\" class=\"ngg-gallery-thumbnail-box\" >\n\t\t\t\t        <div class=\"ngg-gallery-thumbnail\">\n            <a href=\"http:\/\/www.spaziotorino.it\/scatto\/wp-content\/gallery\/2025_03_21_polonia\/PLA_7929.jpg\"\n               title=\"La Console Generale di Polonia in Milano Agnieszka Gloria Kami\u0144ska e il Console Onorario di Polonia in Torino Ulrico Leiss de Leimburg\"\n               data-src=\"http:\/\/www.spaziotorino.it\/scatto\/wp-content\/gallery\/2025_03_21_polonia\/PLA_7929.jpg\"\n               data-thumbnail=\"http:\/\/www.spaziotorino.it\/scatto\/wp-content\/gallery\/2025_03_21_polonia\/thumbs\/thumbs_PLA_7929.jpg\"\n               data-image-id=\"36465\"\n               data-title=\"La Console Generale di Polonia in Milano Agnieszka Gloria Kami\u0144ska e il Console Onorario di Polonia in Torino Ulrico Leiss de Leimburg\"\n               data-description=\"La Console Generale di Polonia in Milano Agnieszka Gloria Kami\u0144ska e il Console Onorario di Polonia in Torino Ulrico Leiss de Leimburg\"\n               data-image-slug=\"pla_7929-1\"\n               class=\"ngg-fancybox\" rel=\"f942535e7b0f60b6e499b03d7a4a0bae\">\n                <img\n                    title=\"La Console Generale di Polonia in Milano Agnieszka Gloria Kami\u0144ska e il Console Onorario di Polonia in Torino Ulrico Leiss de Leimburg\"\n                    alt=\"La Console Generale di Polonia in Milano Agnieszka Gloria Kami\u0144ska e il Console Onorario di Polonia in Torino Ulrico Leiss de Leimburg\"\n                    src=\"http:\/\/www.spaziotorino.it\/scatto\/wp-content\/gallery\/2025_03_21_polonia\/cache\/PLA_7929.jpg-nggid0536465-ngg0dyn-60x60x100-00f0w010c011r110f110r010t010.jpg\"\n                    width=\"60\"\n                    height=\"60\"\n                    style=\"max-width:100%;\"\n                \/>\n            <\/a>\n        <\/div>\n\t\t\t\t\t\t\t<\/div> \n\t\t\t\n        \n\t\t\t\t<div id=\"ngg-image-3\" class=\"ngg-gallery-thumbnail-box\" >\n\t\t\t\t        <div class=\"ngg-gallery-thumbnail\">\n            <a href=\"http:\/\/www.spaziotorino.it\/scatto\/wp-content\/gallery\/2025_03_21_polonia\/PLA_7938.jpg\"\n               title=\"La Vicesindaca Michela Favaro Favaro\"\n               data-src=\"http:\/\/www.spaziotorino.it\/scatto\/wp-content\/gallery\/2025_03_21_polonia\/PLA_7938.jpg\"\n               data-thumbnail=\"http:\/\/www.spaziotorino.it\/scatto\/wp-content\/gallery\/2025_03_21_polonia\/thumbs\/thumbs_PLA_7938.jpg\"\n               data-image-id=\"36462\"\n               data-title=\"La Vicesindaca Michela Favaro Favaro\"\n               data-description=\"La Vicesindaca Michela Favaro Favaro\"\n               data-image-slug=\"pla_7938-2\"\n               class=\"ngg-fancybox\" rel=\"f942535e7b0f60b6e499b03d7a4a0bae\">\n                <img\n                    title=\"La Vicesindaca Michela Favaro Favaro\"\n                    alt=\"La Vicesindaca Michela Favaro Favaro\"\n                    src=\"http:\/\/www.spaziotorino.it\/scatto\/wp-content\/gallery\/2025_03_21_polonia\/cache\/PLA_7938.jpg-nggid0536462-ngg0dyn-60x60x100-00f0w010c011r110f110r010t010.jpg\"\n                    width=\"60\"\n                    height=\"60\"\n                    style=\"max-width:100%;\"\n                \/>\n            <\/a>\n        <\/div>\n\t\t\t\t\t\t\t<\/div> \n\t\t\t\n        \n\t\t\n\t\t<!-- Pagination -->\n\t<div class='ngg-clear'><\/div>\t<\/div>\n\n<p>Incontro cordiale, questa mattina, nella sala Musy di Palazzo Civico, tra la vicesindaca Michela Favaro e la Console Generale della Repubblica di Polonia in Milano, Agnieszka Gloria Kami\u0144ska, accompagnata dal console onorario di Polonia a Torino Ulrico Leiss de Leimburg.<\/p>\n<p>Al centro del colloquio la comune volont\u00e0 di rafforzare la cooperazione e i legami gi\u00e0 solidi tra il distretto torinese e quelli polacchi \u2013 oltre a quelli consolidati nei campi prettamente produttivi dell\u2019automotive e dell\u2019aerospazio \u2013 e dare concretezza a patti tra le rispettive istituzioni in campo accademico, educativo e nello scambio di esperienze nella rinascita del contesto post-industriale urbano.<\/p>\n<p>\u00c8 stato ricordato che la Citt\u00e0 di Torino condivide con alcune citt\u00e0 della Polonia l\u2019appartenenza alle reti internazionali come Eurocities e UNESCO World Book Capitals che promuove pratiche editoriali sostenibili dal punto di vista ambientale, lo scambio internazionale e la mobilit\u00e0 di scrittori, traduttori e rappresentanti dell\u2019industria del libro.<\/p>\n<p>La Console ha evidenziato come la Polonia sia molto interessata a rafforzare e incentivare gli scambi fra istituzioni museali e culturali, anche in virt\u00f9 degli storici rapporti della Polonia con l\u2019Italia, e delle citt\u00e0 polacche con Torino.<\/p>\n<p>In segno di amicizia, al termine della visita,&nbsp;vi \u00e8 stato uno scambio di doni.<\/p>\n","protected":false},"excerpt":{"rendered":"<p>Incontro cordiale, questa mattina, nella sala Musy di Palazzo Civico, tra la vicesindaca Michela Favaro e la Console Generale della Repubblica di Polonia in Milano, Agnieszka Gloria Kami\u0144ska, accompagnata dal console onorario di Polonia a Torino Ulrico Leiss de Leimburg. Al centro del colloquio la comune volont\u00e0 di rafforzare la cooperazione e i legami gi\u00e0 [&hellip;]<\/p>\n","protected":false},"author":1,"featured_media":0,"comment_status":"closed","ping_status":"open","sticky":false,"template":"","format":"standard","meta":{"ngg_post_thumbnail":0},"categories":[1,895],"tags":[],"_links":{"self":[{"href":"http:\/\/www.spaziotorino.it\/scatto\/index.php?rest_route=\/wp\/v2\/posts\/55267"}],"collection":[{"href":"http:\/\/www.spaziotorino.it\/scatto\/index.php?rest_route=\/wp\/v2\/posts"}],"about":[{"href":"http:\/\/www.spaziotorino.it\/scatto\/index.php?rest_route=\/wp\/v2\/types\/post"}],"author":[{"embeddable":true,"href":"http:\/\/www.spaziotorino.it\/scatto\/index.php?rest_route=\/wp\/v2\/users\/1"}],"replies":[{"embeddable":true,"href":"http:\/\/www.spaziotorino.it\/scatto\/index.php?rest_route=%2Fwp%2Fv2%2Fcomments&post=55267"}],"version-history":[{"count":2,"href":"http:\/\/www.spaziotorino.it\/scatto\/index.php?rest_route=\/wp\/v2\/posts\/55267\/revisions"}],"predecessor-version":[{"id":55288,"href":"http:\/\/www.spaziotorino.it\/scatto\/index.php?rest_route=\/wp\/v2\/posts\/55267\/revisions\/55288"}],"wp:attachment":[{"href":"http:\/\/www.spaziotorino.it\/scatto\/index.php?rest_route=%2Fwp%2Fv2%2Fmedia&parent=55267"}],"wp:term":[{"taxonomy":"category","embeddable":true,"href":"http:\/\/www.spaziotorino.it\/scatto\/index.php?rest_route=%2Fwp%2Fv2%2Fcategories&post=55267"},{"taxonomy":"post_tag","embeddable":true,"href":"http:\/\/www.spaziotorino.it\/scatto\/index.php?rest_route=%2Fwp%2Fv2%2Ftags&post=55267"}],"curies":[{"name":"wp","href":"https:\/\/api.w.org\/{rel}","templated":true}]}}