{"id":55285,"date":"2025-03-21T15:50:40","date_gmt":"2025-03-21T14:50:40","guid":{"rendered":"http:\/\/www.spaziotorino.it\/scatto\/?p=55285"},"modified":"2025-03-21T16:27:12","modified_gmt":"2025-03-21T15:27:12","slug":"la-citta-consegna-il-sigillo-civico-a-hassan-khorzom-e-mina-sharifi","status":"publish","type":"post","link":"http:\/\/www.spaziotorino.it\/scatto\/?p=55285","title":{"rendered":"La Citt\u00e0 consegna il sigillo civico a Hassan Khorzom e Mina Sharifi"},"content":{"rendered":"<p><a class=\"ngg-fancybox\" title=\"La Citt\u00e0 consegna il sigillo civico a Hassan Khorzom e Mina Sharifi\" href=\"http:\/\/www.spaziotorino.it\/scatto\/wp-content\/gallery\/2025_03_21_sigillo\/PLA_8055.jpg\" rel=\"lightbox[set_2471]\"><br \/>\n<img decoding=\"async\" loading=\"lazy\" class=\"ngg-singlepic\" title=\"La Citt\u00e0 consegna il sigillo civico a Hassan Khorzom e Mina Sharifi\" src=\"http:\/\/www.spaziotorino.it\/scatto\/wp-content\/gallery\/2025_03_21_sigillo\/PLA_8055.jpg\" alt=\"\" width=\"540\" height=\"360\"\/><\/a><\/p>\n<!-- index.php -->\n<div\n\tclass=\"ngg-galleryoverview ngg-ajax-pagination-none\"\n\tid=\"ngg-gallery-1da412d5c3c1729a2e42db75b551053a-1\">\n\n    \t\t<!-- Thumbnails -->\n\t\t\t\t<div id=\"ngg-image-0\" class=\"ngg-gallery-thumbnail-box\" >\n\t\t\t\t        <div class=\"ngg-gallery-thumbnail\">\n            <a href=\"http:\/\/www.spaziotorino.it\/scatto\/wp-content\/gallery\/2025_03_21_sigillo\/PLA_7986.jpg\"\n               title=\"Un momento della cerimonia di consegna del sigillo civico a Hassan Khorzom e Mina Sharifi nella Sala Rossa di Palazzo Civico\"\n               data-src=\"http:\/\/www.spaziotorino.it\/scatto\/wp-content\/gallery\/2025_03_21_sigillo\/PLA_7986.jpg\"\n               data-thumbnail=\"http:\/\/www.spaziotorino.it\/scatto\/wp-content\/gallery\/2025_03_21_sigillo\/thumbs\/thumbs_PLA_7986.jpg\"\n               data-image-id=\"36470\"\n               data-title=\"Un momento della cerimonia di consegna del sigillo civico a Hassan Khorzom e Mina Sharifi nella Sala Rossa di Palazzo Civico\"\n               data-description=\"Un momento della cerimonia di consegna del sigillo civico a Hassan Khorzom e Mina Sharifi nella Sala Rossa di Palazzo Civico\"\n               data-image-slug=\"pla_7986-1\"\n               class=\"ngg-fancybox\" rel=\"1da412d5c3c1729a2e42db75b551053a\">\n                <img\n                    title=\"Un momento della cerimonia di consegna del sigillo civico a Hassan Khorzom e Mina Sharifi nella Sala Rossa di Palazzo Civico\"\n                    alt=\"Un momento della cerimonia di consegna del sigillo civico a Hassan Khorzom e Mina Sharifi nella Sala Rossa di Palazzo Civico\"\n                    src=\"http:\/\/www.spaziotorino.it\/scatto\/wp-content\/gallery\/2025_03_21_sigillo\/cache\/PLA_7986.jpg-nggid0536470-ngg0dyn-60x60x100-00f0w010c011r110f110r010t010.jpg\"\n                    width=\"60\"\n                    height=\"60\"\n                    style=\"max-width:100%;\"\n                \/>\n            <\/a>\n        <\/div>\n\t\t\t\t\t\t\t<\/div> \n\t\t\t\n        \n\t\t\t\t<div id=\"ngg-image-1\" class=\"ngg-gallery-thumbnail-box\" >\n\t\t\t\t        <div class=\"ngg-gallery-thumbnail\">\n            <a href=\"http:\/\/www.spaziotorino.it\/scatto\/wp-content\/gallery\/2025_03_21_sigillo\/PLA_7999.jpg\"\n               title=\"Augusto Montaruli, presidente della sezione Anpi \u201cNicola Grosa\u201d\"\n               data-src=\"http:\/\/www.spaziotorino.it\/scatto\/wp-content\/gallery\/2025_03_21_sigillo\/PLA_7999.jpg\"\n               data-thumbnail=\"http:\/\/www.spaziotorino.it\/scatto\/wp-content\/gallery\/2025_03_21_sigillo\/thumbs\/thumbs_PLA_7999.jpg\"\n               data-image-id=\"36472\"\n               data-title=\"Augusto Montaruli, presidente della sezione Anpi \u201cNicola Grosa\u201d\"\n               data-description=\"Augusto Montaruli, presidente della sezione Anpi \u201cNicola Grosa\u201d\"\n               data-image-slug=\"pla_7999-1\"\n               class=\"ngg-fancybox\" rel=\"1da412d5c3c1729a2e42db75b551053a\">\n                <img\n                    title=\"Augusto Montaruli, presidente della sezione Anpi \u201cNicola Grosa\u201d\"\n                    alt=\"Augusto Montaruli, presidente della sezione Anpi \u201cNicola Grosa\u201d\"\n                    src=\"http:\/\/www.spaziotorino.it\/scatto\/wp-content\/gallery\/2025_03_21_sigillo\/cache\/PLA_7999.jpg-nggid0536472-ngg0dyn-60x60x100-00f0w010c011r110f110r010t010.jpg\"\n                    width=\"60\"\n                    height=\"60\"\n                    style=\"max-width:100%;\"\n                \/>\n            <\/a>\n        <\/div>\n\t\t\t\t\t\t\t<\/div> \n\t\t\t\n        \n\t\t\t\t<div id=\"ngg-image-2\" class=\"ngg-gallery-thumbnail-box\" >\n\t\t\t\t        <div class=\"ngg-gallery-thumbnail\">\n            <a href=\"http:\/\/www.spaziotorino.it\/scatto\/wp-content\/gallery\/2025_03_21_sigillo\/PLA_8006.jpg\"\n               title=\"Stefania Gualtieri, vicepresidente della Fondazione \u201cEmmanuel \u2013 don Francesco Tarantini per le Migrazioni e il sud del mondo\u201d\"\n               data-src=\"http:\/\/www.spaziotorino.it\/scatto\/wp-content\/gallery\/2025_03_21_sigillo\/PLA_8006.jpg\"\n               data-thumbnail=\"http:\/\/www.spaziotorino.it\/scatto\/wp-content\/gallery\/2025_03_21_sigillo\/thumbs\/thumbs_PLA_8006.jpg\"\n               data-image-id=\"36469\"\n               data-title=\"Stefania Gualtieri, vicepresidente della Fondazione \u201cEmmanuel \u2013 don Francesco Tarantini per le Migrazioni e il sud del mondo\u201d\"\n               data-description=\"Stefania Gualtieri, vicepresidente della Fondazione \u201cEmmanuel \u2013 don Francesco Tarantini per le Migrazioni e il sud del mondo\u201d\"\n               data-image-slug=\"pla_8006-2\"\n               class=\"ngg-fancybox\" rel=\"1da412d5c3c1729a2e42db75b551053a\">\n                <img\n                    title=\"Stefania Gualtieri, vicepresidente della Fondazione \u201cEmmanuel \u2013 don Francesco Tarantini per le Migrazioni e il sud del mondo\u201d\"\n                    alt=\"Stefania Gualtieri, vicepresidente della Fondazione \u201cEmmanuel \u2013 don Francesco Tarantini per le Migrazioni e il sud del mondo\u201d\"\n                    src=\"http:\/\/www.spaziotorino.it\/scatto\/wp-content\/gallery\/2025_03_21_sigillo\/cache\/PLA_8006.jpg-nggid0536469-ngg0dyn-60x60x100-00f0w010c011r110f110r010t010.jpg\"\n                    width=\"60\"\n                    height=\"60\"\n                    style=\"max-width:100%;\"\n                \/>\n            <\/a>\n        <\/div>\n\t\t\t\t\t\t\t<\/div> \n\t\t\t\n        \n\t\t\t\t<div id=\"ngg-image-3\" class=\"ngg-gallery-thumbnail-box\" >\n\t\t\t\t        <div class=\"ngg-gallery-thumbnail\">\n            <a href=\"http:\/\/www.spaziotorino.it\/scatto\/wp-content\/gallery\/2025_03_21_sigillo\/PLA_8011.jpg\"\n               title=\"Un momento della cerimonia di consegna del sigillo civico a Hassan Khorzom e Mina Sharifi nella Sala Rossa di Palazzo Civico\"\n               data-src=\"http:\/\/www.spaziotorino.it\/scatto\/wp-content\/gallery\/2025_03_21_sigillo\/PLA_8011.jpg\"\n               data-thumbnail=\"http:\/\/www.spaziotorino.it\/scatto\/wp-content\/gallery\/2025_03_21_sigillo\/thumbs\/thumbs_PLA_8011.jpg\"\n               data-image-id=\"36467\"\n               data-title=\"Un momento della cerimonia di consegna del sigillo civico a Hassan Khorzom e Mina Sharifi nella Sala Rossa di Palazzo Civico\"\n               data-description=\"Un momento della cerimonia di consegna del sigillo civico a Hassan Khorzom e Mina Sharifi nella Sala Rossa di Palazzo Civico\"\n               data-image-slug=\"pla_8011-2\"\n               class=\"ngg-fancybox\" rel=\"1da412d5c3c1729a2e42db75b551053a\">\n                <img\n                    title=\"Un momento della cerimonia di consegna del sigillo civico a Hassan Khorzom e Mina Sharifi nella Sala Rossa di Palazzo Civico\"\n                    alt=\"Un momento della cerimonia di consegna del sigillo civico a Hassan Khorzom e Mina Sharifi nella Sala Rossa di Palazzo Civico\"\n                    src=\"http:\/\/www.spaziotorino.it\/scatto\/wp-content\/gallery\/2025_03_21_sigillo\/cache\/PLA_8011.jpg-nggid0536467-ngg0dyn-60x60x100-00f0w010c011r110f110r010t010.jpg\"\n                    width=\"60\"\n                    height=\"60\"\n                    style=\"max-width:100%;\"\n                \/>\n            <\/a>\n        <\/div>\n\t\t\t\t\t\t\t<\/div> \n\t\t\t\n        \n\t\t\t\t<div id=\"ngg-image-4\" class=\"ngg-gallery-thumbnail-box\" >\n\t\t\t\t        <div class=\"ngg-gallery-thumbnail\">\n            <a href=\"http:\/\/www.spaziotorino.it\/scatto\/wp-content\/gallery\/2025_03_21_sigillo\/PLA_8013.jpg\"\n               title=\"Ludovica Cioria, Vicepresidente del Consiglio Comunale\"\n               data-src=\"http:\/\/www.spaziotorino.it\/scatto\/wp-content\/gallery\/2025_03_21_sigillo\/PLA_8013.jpg\"\n               data-thumbnail=\"http:\/\/www.spaziotorino.it\/scatto\/wp-content\/gallery\/2025_03_21_sigillo\/thumbs\/thumbs_PLA_8013.jpg\"\n               data-image-id=\"36471\"\n               data-title=\"Ludovica Cioria, Vicepresidente del Consiglio Comunale\"\n               data-description=\"Ludovica Cioria, Vicepresidente del Consiglio Comunale\"\n               data-image-slug=\"pla_8013-2\"\n               class=\"ngg-fancybox\" rel=\"1da412d5c3c1729a2e42db75b551053a\">\n                <img\n                    title=\"Ludovica Cioria, Vicepresidente del Consiglio Comunale\"\n                    alt=\"Ludovica Cioria, Vicepresidente del Consiglio Comunale\"\n                    src=\"http:\/\/www.spaziotorino.it\/scatto\/wp-content\/gallery\/2025_03_21_sigillo\/cache\/PLA_8013.jpg-nggid0536471-ngg0dyn-60x60x100-00f0w010c011r110f110r010t010.jpg\"\n                    width=\"60\"\n                    height=\"60\"\n                    style=\"max-width:100%;\"\n                \/>\n            <\/a>\n        <\/div>\n\t\t\t\t\t\t\t<\/div> \n\t\t\t\n        \n\t\t\t\t<div id=\"ngg-image-5\" class=\"ngg-gallery-thumbnail-box\" >\n\t\t\t\t        <div class=\"ngg-gallery-thumbnail\">\n            <a href=\"http:\/\/www.spaziotorino.it\/scatto\/wp-content\/gallery\/2025_03_21_sigillo\/PLA_8029.jpg\"\n               title=\"Michela Favaro, Vicesindaca della Citt\u00e0 di Torino\"\n               data-src=\"http:\/\/www.spaziotorino.it\/scatto\/wp-content\/gallery\/2025_03_21_sigillo\/PLA_8029.jpg\"\n               data-thumbnail=\"http:\/\/www.spaziotorino.it\/scatto\/wp-content\/gallery\/2025_03_21_sigillo\/thumbs\/thumbs_PLA_8029.jpg\"\n               data-image-id=\"36468\"\n               data-title=\"Michela Favaro, Vicesindaca della Citt\u00e0 di Torino\"\n               data-description=\"Michela Favaro, Vicesindaca della Citt\u00e0 di Torino\"\n               data-image-slug=\"pla_8029-1\"\n               class=\"ngg-fancybox\" rel=\"1da412d5c3c1729a2e42db75b551053a\">\n                <img\n                    title=\"Michela Favaro, Vicesindaca della Citt\u00e0 di Torino\"\n                    alt=\"Michela Favaro, Vicesindaca della Citt\u00e0 di Torino\"\n                    src=\"http:\/\/www.spaziotorino.it\/scatto\/wp-content\/gallery\/2025_03_21_sigillo\/cache\/PLA_8029.jpg-nggid0536468-ngg0dyn-60x60x100-00f0w010c011r110f110r010t010.jpg\"\n                    width=\"60\"\n                    height=\"60\"\n                    style=\"max-width:100%;\"\n                \/>\n            <\/a>\n        <\/div>\n\t\t\t\t\t\t\t<\/div> \n\t\t\t\n        \n\t\t\t\t<div id=\"ngg-image-6\" class=\"ngg-gallery-thumbnail-box\" >\n\t\t\t\t        <div class=\"ngg-gallery-thumbnail\">\n            <a href=\"http:\/\/www.spaziotorino.it\/scatto\/wp-content\/gallery\/2025_03_21_sigillo\/PLA_8038.jpg\"\n               title=\"Un momento della cerimonia di consegna del sigillo civico a Hassan Khorzom e Mina Sharifi nella Sala Rossa di Palazzo Civico\"\n               data-src=\"http:\/\/www.spaziotorino.it\/scatto\/wp-content\/gallery\/2025_03_21_sigillo\/PLA_8038.jpg\"\n               data-thumbnail=\"http:\/\/www.spaziotorino.it\/scatto\/wp-content\/gallery\/2025_03_21_sigillo\/thumbs\/thumbs_PLA_8038.jpg\"\n               data-image-id=\"36473\"\n               data-title=\"Un momento della cerimonia di consegna del sigillo civico a Hassan Khorzom e Mina Sharifi nella Sala Rossa di Palazzo Civico\"\n               data-description=\"Un momento della cerimonia di consegna del sigillo civico a Hassan Khorzom e Mina Sharifi nella Sala Rossa di Palazzo Civico\"\n               data-image-slug=\"pla_8038-2\"\n               class=\"ngg-fancybox\" rel=\"1da412d5c3c1729a2e42db75b551053a\">\n                <img\n                    title=\"Un momento della cerimonia di consegna del sigillo civico a Hassan Khorzom e Mina Sharifi nella Sala Rossa di Palazzo Civico\"\n                    alt=\"Un momento della cerimonia di consegna del sigillo civico a Hassan Khorzom e Mina Sharifi nella Sala Rossa di Palazzo Civico\"\n                    src=\"http:\/\/www.spaziotorino.it\/scatto\/wp-content\/gallery\/2025_03_21_sigillo\/cache\/PLA_8038.jpg-nggid0536473-ngg0dyn-60x60x100-00f0w010c011r110f110r010t010.jpg\"\n                    width=\"60\"\n                    height=\"60\"\n                    style=\"max-width:100%;\"\n                \/>\n            <\/a>\n        <\/div>\n\t\t\t\t\t\t\t<\/div> \n\t\t\t\n        \n\t\t\t\t<div id=\"ngg-image-7\" class=\"ngg-gallery-thumbnail-box\" >\n\t\t\t\t        <div class=\"ngg-gallery-thumbnail\">\n            <a href=\"http:\/\/www.spaziotorino.it\/scatto\/wp-content\/gallery\/2025_03_21_sigillo\/PLA_8077.jpg\"\n               title=\"Hassan Khorzom con Evelina Christillin\"\n               data-src=\"http:\/\/www.spaziotorino.it\/scatto\/wp-content\/gallery\/2025_03_21_sigillo\/PLA_8077.jpg\"\n               data-thumbnail=\"http:\/\/www.spaziotorino.it\/scatto\/wp-content\/gallery\/2025_03_21_sigillo\/thumbs\/thumbs_PLA_8077.jpg\"\n               data-image-id=\"36477\"\n               data-title=\"Hassan Khorzom con Evelina Christillin\"\n               data-description=\"Hassan Khorzom con Evelina Christillin\"\n               data-image-slug=\"pla_8077-1\"\n               class=\"ngg-fancybox\" rel=\"1da412d5c3c1729a2e42db75b551053a\">\n                <img\n                    title=\"Hassan Khorzom con Evelina Christillin\"\n                    alt=\"Hassan Khorzom con Evelina Christillin\"\n                    src=\"http:\/\/www.spaziotorino.it\/scatto\/wp-content\/gallery\/2025_03_21_sigillo\/cache\/PLA_8077.jpg-nggid0536477-ngg0dyn-60x60x100-00f0w010c011r110f110r010t010.jpg\"\n                    width=\"60\"\n                    height=\"60\"\n                    style=\"max-width:100%;\"\n                \/>\n            <\/a>\n        <\/div>\n\t\t\t\t\t\t\t<\/div> \n\t\t\t\n        \n\t\t\t\t<div id=\"ngg-image-8\" class=\"ngg-gallery-thumbnail-box\" >\n\t\t\t\t        <div class=\"ngg-gallery-thumbnail\">\n            <a href=\"http:\/\/www.spaziotorino.it\/scatto\/wp-content\/gallery\/2025_03_21_sigillo\/PLA_8083.jpg\"\n               title=\"Mina Sharifi con la Vicepresidente del Consiglio Comunale Ludovica Cioria e la Vicesindaca Michela Favaro\"\n               data-src=\"http:\/\/www.spaziotorino.it\/scatto\/wp-content\/gallery\/2025_03_21_sigillo\/PLA_8083.jpg\"\n               data-thumbnail=\"http:\/\/www.spaziotorino.it\/scatto\/wp-content\/gallery\/2025_03_21_sigillo\/thumbs\/thumbs_PLA_8083.jpg\"\n               data-image-id=\"36476\"\n               data-title=\"Mina Sharifi con la Vicepresidente del Consiglio Comunale Ludovica Cioria e la Vicesindaca Michela Favaro\"\n               data-description=\"Mina Sharifi con la Vicepresidente del Consiglio Comunale Ludovica Cioria e la Vicesindaca Michela Favaro\"\n               data-image-slug=\"pla_8083-1\"\n               class=\"ngg-fancybox\" rel=\"1da412d5c3c1729a2e42db75b551053a\">\n                <img\n                    title=\"Mina Sharifi con la Vicepresidente del Consiglio Comunale Ludovica Cioria e la Vicesindaca Michela Favaro\"\n                    alt=\"Mina Sharifi con la Vicepresidente del Consiglio Comunale Ludovica Cioria e la Vicesindaca Michela Favaro\"\n                    src=\"http:\/\/www.spaziotorino.it\/scatto\/wp-content\/gallery\/2025_03_21_sigillo\/cache\/PLA_8083.jpg-nggid0536476-ngg0dyn-60x60x100-00f0w010c011r110f110r010t010.jpg\"\n                    width=\"60\"\n                    height=\"60\"\n                    style=\"max-width:100%;\"\n                \/>\n            <\/a>\n        <\/div>\n\t\t\t\t\t\t\t<\/div> \n\t\t\t\n        \n\t\t\t\t<div id=\"ngg-image-9\" class=\"ngg-gallery-thumbnail-box\" >\n\t\t\t\t        <div class=\"ngg-gallery-thumbnail\">\n            <a href=\"http:\/\/www.spaziotorino.it\/scatto\/wp-content\/gallery\/2025_03_21_sigillo\/PLA_8087.jpg\"\n               title=\"La Citt\u00e0 consegna il sigillo civico a Hassan Khorzom e Mina Sharifi\"\n               data-src=\"http:\/\/www.spaziotorino.it\/scatto\/wp-content\/gallery\/2025_03_21_sigillo\/PLA_8087.jpg\"\n               data-thumbnail=\"http:\/\/www.spaziotorino.it\/scatto\/wp-content\/gallery\/2025_03_21_sigillo\/thumbs\/thumbs_PLA_8087.jpg\"\n               data-image-id=\"36474\"\n               data-title=\"La Citt\u00e0 consegna il sigillo civico a Hassan Khorzom e Mina Sharifi\"\n               data-description=\"La Citt\u00e0 consegna il sigillo civico a Hassan Khorzom e Mina Sharifi\"\n               data-image-slug=\"pla_8087-2\"\n               class=\"ngg-fancybox\" rel=\"1da412d5c3c1729a2e42db75b551053a\">\n                <img\n                    title=\"La Citt\u00e0 consegna il sigillo civico a Hassan Khorzom e Mina Sharifi\"\n                    alt=\"La Citt\u00e0 consegna il sigillo civico a Hassan Khorzom e Mina Sharifi\"\n                    src=\"http:\/\/www.spaziotorino.it\/scatto\/wp-content\/gallery\/2025_03_21_sigillo\/cache\/PLA_8087.jpg-nggid0536474-ngg0dyn-60x60x100-00f0w010c011r110f110r010t010.jpg\"\n                    width=\"60\"\n                    height=\"60\"\n                    style=\"max-width:100%;\"\n                \/>\n            <\/a>\n        <\/div>\n\t\t\t\t\t\t\t<\/div> \n\t\t\t\n        \n\t\t\t\t<div id=\"ngg-image-10\" class=\"ngg-gallery-thumbnail-box\" >\n\t\t\t\t        <div class=\"ngg-gallery-thumbnail\">\n            <a href=\"http:\/\/www.spaziotorino.it\/scatto\/wp-content\/gallery\/2025_03_21_sigillo\/PLA_8094.jpg\"\n               title=\"La Citt\u00e0 consegna il sigillo civico a Hassan Khorzom e Mina Sharifi\"\n               data-src=\"http:\/\/www.spaziotorino.it\/scatto\/wp-content\/gallery\/2025_03_21_sigillo\/PLA_8094.jpg\"\n               data-thumbnail=\"http:\/\/www.spaziotorino.it\/scatto\/wp-content\/gallery\/2025_03_21_sigillo\/thumbs\/thumbs_PLA_8094.jpg\"\n               data-image-id=\"36475\"\n               data-title=\"La Citt\u00e0 consegna il sigillo civico a Hassan Khorzom e Mina Sharifi\"\n               data-description=\"La Citt\u00e0 consegna il sigillo civico a Hassan Khorzom e Mina Sharifi\"\n               data-image-slug=\"pla_8094-1\"\n               class=\"ngg-fancybox\" rel=\"1da412d5c3c1729a2e42db75b551053a\">\n                <img\n                    title=\"La Citt\u00e0 consegna il sigillo civico a Hassan Khorzom e Mina Sharifi\"\n                    alt=\"La Citt\u00e0 consegna il sigillo civico a Hassan Khorzom e Mina Sharifi\"\n                    src=\"http:\/\/www.spaziotorino.it\/scatto\/wp-content\/gallery\/2025_03_21_sigillo\/cache\/PLA_8094.jpg-nggid0536475-ngg0dyn-60x60x100-00f0w010c011r110f110r010t010.jpg\"\n                    width=\"60\"\n                    height=\"60\"\n                    style=\"max-width:100%;\"\n                \/>\n            <\/a>\n        <\/div>\n\t\t\t\t\t\t\t<\/div> \n\t\t\t\n        \n\t\t\t\t<div id=\"ngg-image-11\" class=\"ngg-gallery-thumbnail-box\" >\n\t\t\t\t        <div class=\"ngg-gallery-thumbnail\">\n            <a href=\"http:\/\/www.spaziotorino.it\/scatto\/wp-content\/gallery\/2025_03_21_sigillo\/PLA_8103.jpg\"\n               title=\"Hassan Khorzom\"\n               data-src=\"http:\/\/www.spaziotorino.it\/scatto\/wp-content\/gallery\/2025_03_21_sigillo\/PLA_8103.jpg\"\n               data-thumbnail=\"http:\/\/www.spaziotorino.it\/scatto\/wp-content\/gallery\/2025_03_21_sigillo\/thumbs\/thumbs_PLA_8103.jpg\"\n               data-image-id=\"36480\"\n               data-title=\"Hassan Khorzom\"\n               data-description=\"Hassan Khorzom\"\n               data-image-slug=\"pla_8103-1\"\n               class=\"ngg-fancybox\" rel=\"1da412d5c3c1729a2e42db75b551053a\">\n                <img\n                    title=\"Hassan Khorzom\"\n                    alt=\"Hassan Khorzom\"\n                    src=\"http:\/\/www.spaziotorino.it\/scatto\/wp-content\/gallery\/2025_03_21_sigillo\/cache\/PLA_8103.jpg-nggid0536480-ngg0dyn-60x60x100-00f0w010c011r110f110r010t010.jpg\"\n                    width=\"60\"\n                    height=\"60\"\n                    style=\"max-width:100%;\"\n                \/>\n            <\/a>\n        <\/div>\n\t\t\t\t\t\t\t<\/div> \n\t\t\t\n        \n\t\t\t\t<div id=\"ngg-image-12\" class=\"ngg-gallery-thumbnail-box\" >\n\t\t\t\t        <div class=\"ngg-gallery-thumbnail\">\n            <a href=\"http:\/\/www.spaziotorino.it\/scatto\/wp-content\/gallery\/2025_03_21_sigillo\/PLA_8133.jpg\"\n               title=\"Mina Sharifi\"\n               data-src=\"http:\/\/www.spaziotorino.it\/scatto\/wp-content\/gallery\/2025_03_21_sigillo\/PLA_8133.jpg\"\n               data-thumbnail=\"http:\/\/www.spaziotorino.it\/scatto\/wp-content\/gallery\/2025_03_21_sigillo\/thumbs\/thumbs_PLA_8133.jpg\"\n               data-image-id=\"36479\"\n               data-title=\"Mina Sharifi\"\n               data-description=\"Mina Sharifi\"\n               data-image-slug=\"pla_8133-1\"\n               class=\"ngg-fancybox\" rel=\"1da412d5c3c1729a2e42db75b551053a\">\n                <img\n                    title=\"Mina Sharifi\"\n                    alt=\"Mina Sharifi\"\n                    src=\"http:\/\/www.spaziotorino.it\/scatto\/wp-content\/gallery\/2025_03_21_sigillo\/cache\/PLA_8133.jpg-nggid0536479-ngg0dyn-60x60x100-00f0w010c011r110f110r010t010.jpg\"\n                    width=\"60\"\n                    height=\"60\"\n                    style=\"max-width:100%;\"\n                \/>\n            <\/a>\n        <\/div>\n\t\t\t\t\t\t\t<\/div> \n\t\t\t\n        \n\t\t\n\t\t<!-- Pagination -->\n\t<div class='ngg-clear'><\/div>\t<\/div>\n\n<p>Si \u00e8 svolta questa mattina, all\u2019interno della Sala Rossa di Palazzo Civico, la <strong>cerimonia per il conferimento del Sigillo civico a Hassan Khorzom, \u201csimbolo del reinserimento e dell\u2019inclusione sociale dei profughi di guerra\u201d e a Mina Sharifi, \u201cattivista per il diritto allo studio in Afghanistan\u201d<\/strong>, come stabilito dalle due diverse mozioni approvate dal Consiglio comunale, il 27 maggio scorso. Alla cerimonia erano presenti:&nbsp;<strong>Ludovica Cioria<\/strong>, vicepresidente del Consiglio comunale; la vicesindaca <strong>Michela Favaro<\/strong>; <strong>Augusto Montaruli<\/strong>, presidente della sezione Anpi \u201cNicola Grosa\u201d che ha letto le motivazioni portate a sostegno della candidatura di Khorzom, e <strong>Stefania Gualtieri<\/strong>, vicepresidente della Fondazione \u201cEmmanuel \u2013 don Francesco Tarantini per le Migrazioni e il sud del mondo\u201d che ha ricordato, invece, le motivazioni per la candidatura di Sharifi. Nel suo saluto Cioria, ricordando che stiamo vivendo un periodo in cui la recrudescenza delle guerre nel mondo ci mette di fronte alla necessit\u00e0 di scelte coraggiose, ha sottolineato l\u2019importanza di difendere i diritti umani e la promozione del dialogo interculturale. Per la vicepresidente del Consiglio comunale, in questo senso vanno interpretati i due sigilli civici conferiti questa mattina a Khorzom e Sharifi, perch\u00e9 stanno regalando al nostro Paese tutte le loro capacit\u00e0, il loro ingegno, la loro onest\u00e0 umana ed intellettuale, il loro amore e la passione civile. Anche la vicesindaca, nel salutare gli intervenuti alla cerimonia, ha posto l\u2019accento sull\u2019importanza di essere una comunit\u00e0 accogliente, capace di includere persone che spesso sono in fuga da Paesi in guerra o dove i diritti elementari sono negati e che, accompagnati dal proprio vissuto, diventano un valore aggiunto per la nostra citt\u00e0. Per Favaro, l\u2019integrazione che passa attraverso l\u2019abbattimento di steccati e la trasmissione di sentimenti di giustizia e pace, pu\u00f2 trasformare un dolore o la sofferenza in un\u2019opportunit\u00e0. E diventare un arricchimento per tuta la comunit\u00e0.<\/p>\n<p><strong>Hassan Khorzom<\/strong>&nbsp;\u00e8 nato a Damasco (Siria) nel 1962. Emigrato in Italia con la famiglia per seguire il padre medico che desiderava approfondire il suo percorso di studi nelle nostre universit\u00e0, Hassan ha svolto in Italia il suo percorso di studi, fino ad arrivare al liceo. Rientrato in Siria con la famiglia, si \u00e8 laureato in letteratura inglese ed \u00e8 diventato guida turistica e culturale. Nel 2011, con lo scoppio della rivoluzione siriana, ha deciso di lasciare il suo Paese e trasferirsi definitivamente in Italia, a Torino. Inseritosi rapidamente nel contesto sociale e culturale della nostra citt\u00e0 si ccupa per il Museo Egizio di progetti di inclusione sociale e della cura dell\u2019archivio digitale. E\u2019 in attesa della cittadinanza italiana.<\/p>\n<p><strong>Mina Sharifi<\/strong>&nbsp;\u00e8 nata a Daykondi, (Afghanistan) nell\u2019agosto del 2001. Di etnia Hazara, ancora piccola si \u00e8 trasferita con la famiglia ad Herat, dove i genitori contavano di trovare condizioni di vita migliori. Completato il liceo Mina si \u00e8 dedicata al perfezionamento dell\u2019inglese e ha superato l\u2019esame per entrare all\u2019universit\u00e0 di informatica, proprio nei giorni in cui il suo Paese \u00e8 tornato sotto il regime dei Taliban, che hanno privato le donne di ogni diritto, compreso quello allo studio ed al lavoro. Nel 2021 esce dall\u2019Afghanistan insieme ad un fratello e tre sorelle per iniziare un nuovo capitolo della sua vita in Italia, prima a Genova e, nel 2021, grazie ad una borsa di studio triennale del Progetto \u201cCulture Builds the Future\u201d, a Torino, dove risiede tuttora, per frequentare il Corso di Laurea in Informatica. Qui, con alcuni compagni di corso, ha fondato l\u2019Associazione degli studenti Afgani per diffondere la consapevolezza sulle opportunit\u00e0 educative.<\/p>\n<p>[Fonte: <a href=\"http:\/\/www.comune.torino.it\/cittagora\/in-evidenza\/la-citta-consegna-il-sigillo-civico-a-hassan-khorzom-e-mina-sharifi.html\/\">CittAgor\u00e0<\/a>]<\/p>\n","protected":false},"excerpt":{"rendered":"<p>Si \u00e8 svolta questa mattina, all\u2019interno della Sala Rossa di Palazzo Civico, la cerimonia per il conferimento del Sigillo civico a Hassan Khorzom, \u201csimbolo del reinserimento e dell\u2019inclusione sociale dei profughi di guerra\u201d e a Mina Sharifi, \u201cattivista per il diritto allo studio in Afghanistan\u201d, come stabilito dalle due diverse mozioni approvate dal Consiglio comunale, [&hellip;]<\/p>\n","protected":false},"author":1,"featured_media":0,"comment_status":"closed","ping_status":"open","sticky":false,"template":"","format":"standard","meta":{"ngg_post_thumbnail":0},"categories":[1,895],"tags":[],"_links":{"self":[{"href":"http:\/\/www.spaziotorino.it\/scatto\/index.php?rest_route=\/wp\/v2\/posts\/55285"}],"collection":[{"href":"http:\/\/www.spaziotorino.it\/scatto\/index.php?rest_route=\/wp\/v2\/posts"}],"about":[{"href":"http:\/\/www.spaziotorino.it\/scatto\/index.php?rest_route=\/wp\/v2\/types\/post"}],"author":[{"embeddable":true,"href":"http:\/\/www.spaziotorino.it\/scatto\/index.php?rest_route=\/wp\/v2\/users\/1"}],"replies":[{"embeddable":true,"href":"http:\/\/www.spaziotorino.it\/scatto\/index.php?rest_route=%2Fwp%2Fv2%2Fcomments&post=55285"}],"version-history":[{"count":3,"href":"http:\/\/www.spaziotorino.it\/scatto\/index.php?rest_route=\/wp\/v2\/posts\/55285\/revisions"}],"predecessor-version":[{"id":55302,"href":"http:\/\/www.spaziotorino.it\/scatto\/index.php?rest_route=\/wp\/v2\/posts\/55285\/revisions\/55302"}],"wp:attachment":[{"href":"http:\/\/www.spaziotorino.it\/scatto\/index.php?rest_route=%2Fwp%2Fv2%2Fmedia&parent=55285"}],"wp:term":[{"taxonomy":"category","embeddable":true,"href":"http:\/\/www.spaziotorino.it\/scatto\/index.php?rest_route=%2Fwp%2Fv2%2Fcategories&post=55285"},{"taxonomy":"post_tag","embeddable":true,"href":"http:\/\/www.spaziotorino.it\/scatto\/index.php?rest_route=%2Fwp%2Fv2%2Ftags&post=55285"}],"curies":[{"name":"wp","href":"https:\/\/api.w.org\/{rel}","templated":true}]}}