{"id":55299,"date":"2025-03-20T20:24:36","date_gmt":"2025-03-20T19:24:36","guid":{"rendered":"http:\/\/www.spaziotorino.it\/scatto\/?p=55299"},"modified":"2025-03-21T16:30:07","modified_gmt":"2025-03-21T15:30:07","slug":"aurora-barriera-focus-su-verde-e-spazio-pubblico","status":"publish","type":"post","link":"http:\/\/www.spaziotorino.it\/scatto\/?p=55299","title":{"rendered":"Aurora &#8211; Barriera: focus su verde e spazio pubblico"},"content":{"rendered":"<p><a class=\"ngg-fancybox\" title=\"Aurora - Barriera: focus su verde e spazio pubblico\" href=\"http:\/\/www.spaziotorino.it\/scatto\/wp-content\/gallery\/2025_03_20_aubar\/PLA_7871.jpg\" rel=\"lightbox[set_2472]\"><br \/>\n<img decoding=\"async\" loading=\"lazy\" class=\"ngg-singlepic\" title=\"Aurora - Barriera: focus su verde e spazio pubblico\" src=\"http:\/\/www.spaziotorino.it\/scatto\/wp-content\/gallery\/2025_03_20_aubar\/PLA_7871.jpg\" alt=\"\" width=\"540\" height=\"360\"\/><\/a><\/p>\n<!-- index.php -->\n<div\n\tclass=\"ngg-galleryoverview ngg-ajax-pagination-none\"\n\tid=\"ngg-gallery-abd8ba95ae59e705e8735a91fb1f1378-1\">\n\n    \t\t<!-- Thumbnails -->\n\t\t\t\t<div id=\"ngg-image-0\" class=\"ngg-gallery-thumbnail-box\" >\n\t\t\t\t        <div class=\"ngg-gallery-thumbnail\">\n            <a href=\"http:\/\/www.spaziotorino.it\/scatto\/wp-content\/gallery\/2025_03_20_aubar\/PLA_7803.jpg\"\n               title=\"\u201cAurora \u2013 Barriera\u201d: focus su verde e spazio pubblico\"\n               data-src=\"http:\/\/www.spaziotorino.it\/scatto\/wp-content\/gallery\/2025_03_20_aubar\/PLA_7803.jpg\"\n               data-thumbnail=\"http:\/\/www.spaziotorino.it\/scatto\/wp-content\/gallery\/2025_03_20_aubar\/thumbs\/thumbs_PLA_7803.jpg\"\n               data-image-id=\"36484\"\n               data-title=\"\u201cAurora \u2013 Barriera\u201d: focus su verde e spazio pubblico\"\n               data-description=\"\u201cAurora \u2013 Barriera\u201d: focus su verde e spazio pubblico\"\n               data-image-slug=\"pla_7803\"\n               class=\"ngg-fancybox\" rel=\"abd8ba95ae59e705e8735a91fb1f1378\">\n                <img\n                    title=\"\u201cAurora \u2013 Barriera\u201d: focus su verde e spazio pubblico\"\n                    alt=\"\u201cAurora \u2013 Barriera\u201d: focus su verde e spazio pubblico\"\n                    src=\"http:\/\/www.spaziotorino.it\/scatto\/wp-content\/gallery\/2025_03_20_aubar\/cache\/PLA_7803.jpg-nggid0536484-ngg0dyn-60x60x100-00f0w010c011r110f110r010t010.jpg\"\n                    width=\"60\"\n                    height=\"60\"\n                    style=\"max-width:100%;\"\n                \/>\n            <\/a>\n        <\/div>\n\t\t\t\t\t\t\t<\/div> \n\t\t\t\n        \n\t\t\t\t<div id=\"ngg-image-1\" class=\"ngg-gallery-thumbnail-box\" >\n\t\t\t\t        <div class=\"ngg-gallery-thumbnail\">\n            <a href=\"http:\/\/www.spaziotorino.it\/scatto\/wp-content\/gallery\/2025_03_20_aubar\/PLA_7793.jpg\"\n               title=\"\u201cAurora \u2013 Barriera\u201d: focus su verde e spazio pubblico\"\n               data-src=\"http:\/\/www.spaziotorino.it\/scatto\/wp-content\/gallery\/2025_03_20_aubar\/PLA_7793.jpg\"\n               data-thumbnail=\"http:\/\/www.spaziotorino.it\/scatto\/wp-content\/gallery\/2025_03_20_aubar\/thumbs\/thumbs_PLA_7793.jpg\"\n               data-image-id=\"36485\"\n               data-title=\"\u201cAurora \u2013 Barriera\u201d: focus su verde e spazio pubblico\"\n               data-description=\"\u201cAurora \u2013 Barriera\u201d: focus su verde e spazio pubblico\"\n               data-image-slug=\"pla_7793-3\"\n               class=\"ngg-fancybox\" rel=\"abd8ba95ae59e705e8735a91fb1f1378\">\n                <img\n                    title=\"\u201cAurora \u2013 Barriera\u201d: focus su verde e spazio pubblico\"\n                    alt=\"\u201cAurora \u2013 Barriera\u201d: focus su verde e spazio pubblico\"\n                    src=\"http:\/\/www.spaziotorino.it\/scatto\/wp-content\/gallery\/2025_03_20_aubar\/cache\/PLA_7793.jpg-nggid0536485-ngg0dyn-60x60x100-00f0w010c011r110f110r010t010.jpg\"\n                    width=\"60\"\n                    height=\"60\"\n                    style=\"max-width:100%;\"\n                \/>\n            <\/a>\n        <\/div>\n\t\t\t\t\t\t\t<\/div> \n\t\t\t\n        \n\t\t\t\t<div id=\"ngg-image-2\" class=\"ngg-gallery-thumbnail-box\" >\n\t\t\t\t        <div class=\"ngg-gallery-thumbnail\">\n            <a href=\"http:\/\/www.spaziotorino.it\/scatto\/wp-content\/gallery\/2025_03_20_aubar\/PLA_7813.jpg\"\n               title=\"\u201cAurora \u2013 Barriera\u201d: focus su verde e spazio pubblico\"\n               data-src=\"http:\/\/www.spaziotorino.it\/scatto\/wp-content\/gallery\/2025_03_20_aubar\/PLA_7813.jpg\"\n               data-thumbnail=\"http:\/\/www.spaziotorino.it\/scatto\/wp-content\/gallery\/2025_03_20_aubar\/thumbs\/thumbs_PLA_7813.jpg\"\n               data-image-id=\"36483\"\n               data-title=\"\u201cAurora \u2013 Barriera\u201d: focus su verde e spazio pubblico\"\n               data-description=\"\u201cAurora \u2013 Barriera\u201d: focus su verde e spazio pubblico\"\n               data-image-slug=\"pla_7813-2\"\n               class=\"ngg-fancybox\" rel=\"abd8ba95ae59e705e8735a91fb1f1378\">\n                <img\n                    title=\"\u201cAurora \u2013 Barriera\u201d: focus su verde e spazio pubblico\"\n                    alt=\"\u201cAurora \u2013 Barriera\u201d: focus su verde e spazio pubblico\"\n                    src=\"http:\/\/www.spaziotorino.it\/scatto\/wp-content\/gallery\/2025_03_20_aubar\/cache\/PLA_7813.jpg-nggid0536483-ngg0dyn-60x60x100-00f0w010c011r110f110r010t010.jpg\"\n                    width=\"60\"\n                    height=\"60\"\n                    style=\"max-width:100%;\"\n                \/>\n            <\/a>\n        <\/div>\n\t\t\t\t\t\t\t<\/div> \n\t\t\t\n        \n\t\t\t\t<div id=\"ngg-image-3\" class=\"ngg-gallery-thumbnail-box\" >\n\t\t\t\t        <div class=\"ngg-gallery-thumbnail\">\n            <a href=\"http:\/\/www.spaziotorino.it\/scatto\/wp-content\/gallery\/2025_03_20_aubar\/PLA_7851.jpg\"\n               title=\"\u201cAurora \u2013 Barriera\u201d: focus su verde e spazio pubblico\"\n               data-src=\"http:\/\/www.spaziotorino.it\/scatto\/wp-content\/gallery\/2025_03_20_aubar\/PLA_7851.jpg\"\n               data-thumbnail=\"http:\/\/www.spaziotorino.it\/scatto\/wp-content\/gallery\/2025_03_20_aubar\/thumbs\/thumbs_PLA_7851.jpg\"\n               data-image-id=\"36482\"\n               data-title=\"\u201cAurora \u2013 Barriera\u201d: focus su verde e spazio pubblico\"\n               data-description=\"\u201cAurora \u2013 Barriera\u201d: focus su verde e spazio pubblico\"\n               data-image-slug=\"pla_7851-1\"\n               class=\"ngg-fancybox\" rel=\"abd8ba95ae59e705e8735a91fb1f1378\">\n                <img\n                    title=\"\u201cAurora \u2013 Barriera\u201d: focus su verde e spazio pubblico\"\n                    alt=\"\u201cAurora \u2013 Barriera\u201d: focus su verde e spazio pubblico\"\n                    src=\"http:\/\/www.spaziotorino.it\/scatto\/wp-content\/gallery\/2025_03_20_aubar\/cache\/PLA_7851.jpg-nggid0536482-ngg0dyn-60x60x100-00f0w010c011r110f110r010t010.jpg\"\n                    width=\"60\"\n                    height=\"60\"\n                    style=\"max-width:100%;\"\n                \/>\n            <\/a>\n        <\/div>\n\t\t\t\t\t\t\t<\/div> \n\t\t\t\n        \n\t\t\t\t<div id=\"ngg-image-4\" class=\"ngg-gallery-thumbnail-box\" >\n\t\t\t\t        <div class=\"ngg-gallery-thumbnail\">\n            <a href=\"http:\/\/www.spaziotorino.it\/scatto\/wp-content\/gallery\/2025_03_20_aubar\/PLA_7858.jpg\"\n               title=\"\u201cAurora \u2013 Barriera\u201d: focus su verde e spazio pubblico\"\n               data-src=\"http:\/\/www.spaziotorino.it\/scatto\/wp-content\/gallery\/2025_03_20_aubar\/PLA_7858.jpg\"\n               data-thumbnail=\"http:\/\/www.spaziotorino.it\/scatto\/wp-content\/gallery\/2025_03_20_aubar\/thumbs\/thumbs_PLA_7858.jpg\"\n               data-image-id=\"36486\"\n               data-title=\"\u201cAurora \u2013 Barriera\u201d: focus su verde e spazio pubblico\"\n               data-description=\"\u201cAurora \u2013 Barriera\u201d: focus su verde e spazio pubblico\"\n               data-image-slug=\"pla_7858\"\n               class=\"ngg-fancybox\" rel=\"abd8ba95ae59e705e8735a91fb1f1378\">\n                <img\n                    title=\"\u201cAurora \u2013 Barriera\u201d: focus su verde e spazio pubblico\"\n                    alt=\"\u201cAurora \u2013 Barriera\u201d: focus su verde e spazio pubblico\"\n                    src=\"http:\/\/www.spaziotorino.it\/scatto\/wp-content\/gallery\/2025_03_20_aubar\/cache\/PLA_7858.jpg-nggid0536486-ngg0dyn-60x60x100-00f0w010c011r110f110r010t010.jpg\"\n                    width=\"60\"\n                    height=\"60\"\n                    style=\"max-width:100%;\"\n                \/>\n            <\/a>\n        <\/div>\n\t\t\t\t\t\t\t<\/div> \n\t\t\t\n        \n\t\t\t\t<div id=\"ngg-image-5\" class=\"ngg-gallery-thumbnail-box\" >\n\t\t\t\t        <div class=\"ngg-gallery-thumbnail\">\n            <a href=\"http:\/\/www.spaziotorino.it\/scatto\/wp-content\/gallery\/2025_03_20_aubar\/PLA_7865.jpg\"\n               title=\"\u201cAurora \u2013 Barriera\u201d: focus su verde e spazio pubblico\"\n               data-src=\"http:\/\/www.spaziotorino.it\/scatto\/wp-content\/gallery\/2025_03_20_aubar\/PLA_7865.jpg\"\n               data-thumbnail=\"http:\/\/www.spaziotorino.it\/scatto\/wp-content\/gallery\/2025_03_20_aubar\/thumbs\/thumbs_PLA_7865.jpg\"\n               data-image-id=\"36481\"\n               data-title=\"\u201cAurora \u2013 Barriera\u201d: focus su verde e spazio pubblico\"\n               data-description=\"\u201cAurora \u2013 Barriera\u201d: focus su verde e spazio pubblico\"\n               data-image-slug=\"pla_7865-3\"\n               class=\"ngg-fancybox\" rel=\"abd8ba95ae59e705e8735a91fb1f1378\">\n                <img\n                    title=\"\u201cAurora \u2013 Barriera\u201d: focus su verde e spazio pubblico\"\n                    alt=\"\u201cAurora \u2013 Barriera\u201d: focus su verde e spazio pubblico\"\n                    src=\"http:\/\/www.spaziotorino.it\/scatto\/wp-content\/gallery\/2025_03_20_aubar\/cache\/PLA_7865.jpg-nggid0536481-ngg0dyn-60x60x100-00f0w010c011r110f110r010t010.jpg\"\n                    width=\"60\"\n                    height=\"60\"\n                    style=\"max-width:100%;\"\n                \/>\n            <\/a>\n        <\/div>\n\t\t\t\t\t\t\t<\/div> \n\t\t\t\n        \n\t\t\t\t<div id=\"ngg-image-6\" class=\"ngg-gallery-thumbnail-box\" >\n\t\t\t\t        <div class=\"ngg-gallery-thumbnail\">\n            <a href=\"http:\/\/www.spaziotorino.it\/scatto\/wp-content\/gallery\/2025_03_20_aubar\/PLA_7895.jpg\"\n               title=\"\u201cAurora \u2013 Barriera\u201d: focus su verde e spazio pubblico\"\n               data-src=\"http:\/\/www.spaziotorino.it\/scatto\/wp-content\/gallery\/2025_03_20_aubar\/PLA_7895.jpg\"\n               data-thumbnail=\"http:\/\/www.spaziotorino.it\/scatto\/wp-content\/gallery\/2025_03_20_aubar\/thumbs\/thumbs_PLA_7895.jpg\"\n               data-image-id=\"36488\"\n               data-title=\"\u201cAurora \u2013 Barriera\u201d: focus su verde e spazio pubblico\"\n               data-description=\"\u201cAurora \u2013 Barriera\u201d: focus su verde e spazio pubblico\"\n               data-image-slug=\"pla_7895-2\"\n               class=\"ngg-fancybox\" rel=\"abd8ba95ae59e705e8735a91fb1f1378\">\n                <img\n                    title=\"\u201cAurora \u2013 Barriera\u201d: focus su verde e spazio pubblico\"\n                    alt=\"\u201cAurora \u2013 Barriera\u201d: focus su verde e spazio pubblico\"\n                    src=\"http:\/\/www.spaziotorino.it\/scatto\/wp-content\/gallery\/2025_03_20_aubar\/cache\/PLA_7895.jpg-nggid0536488-ngg0dyn-60x60x100-00f0w010c011r110f110r010t010.jpg\"\n                    width=\"60\"\n                    height=\"60\"\n                    style=\"max-width:100%;\"\n                \/>\n            <\/a>\n        <\/div>\n\t\t\t\t\t\t\t<\/div> \n\t\t\t\n        \n\t\t\n\t\t<!-- Pagination -->\n\t<div class='ngg-clear'><\/div>\t<\/div>\n\n<p>Il 20 marzo si \u00e8 svolto un nuovo appuntamento del <strong data-start=\"141\" data-end=\"182\">ciclo di incontri \u201cAurora \u2013 Barriera\u201d<\/strong>, dedicato ai temi della citt\u00e0 e della partecipazione urbana. L\u2019incontro, intitolato <strong data-start=\"267\" data-end=\"296\">\u201cVerde e spazio pubblico\u201d<\/strong>, si \u00e8 tenuto presso l\u2019IC Aristide Gabelli di Torino, in Via Santhi\u00e0 25.<\/p>\n<p>Dopo i primi due eventi, questo appuntamento ha approfondito il ruolo del verde e degli spazi pubblici nella qualit\u00e0 della vita cittadina. Attraverso interventi di esperti e il confronto con i partecipanti, sono emerse riflessioni su sostenibilit\u00e0, vivibilit\u00e0 e possibili strategie per rendere i quartieri pi\u00f9 accoglienti e accessibili.<\/p>\n<p>Il ciclo di incontri continua a offrire un\u2019importante occasione di dialogo e confronto, coinvolgendo la comunit\u00e0 nel ripensare il futuro urbano di Aurora e Barriera di Milano in un\u2019ottica pi\u00f9 sostenibile e inclusiva.<\/p>\n","protected":false},"excerpt":{"rendered":"<p>Il 20 marzo si \u00e8 svolto un nuovo appuntamento del ciclo di incontri \u201cAurora \u2013 Barriera\u201d, dedicato ai temi della citt\u00e0 e della partecipazione urbana. L\u2019incontro, intitolato \u201cVerde e spazio pubblico\u201d, si \u00e8 tenuto presso l\u2019IC Aristide Gabelli di Torino, in Via Santhi\u00e0 25. Dopo i primi due eventi, questo appuntamento ha approfondito il ruolo [&hellip;]<\/p>\n","protected":false},"author":1,"featured_media":0,"comment_status":"closed","ping_status":"open","sticky":false,"template":"","format":"standard","meta":{"ngg_post_thumbnail":0},"categories":[1,41],"tags":[],"_links":{"self":[{"href":"http:\/\/www.spaziotorino.it\/scatto\/index.php?rest_route=\/wp\/v2\/posts\/55299"}],"collection":[{"href":"http:\/\/www.spaziotorino.it\/scatto\/index.php?rest_route=\/wp\/v2\/posts"}],"about":[{"href":"http:\/\/www.spaziotorino.it\/scatto\/index.php?rest_route=\/wp\/v2\/types\/post"}],"author":[{"embeddable":true,"href":"http:\/\/www.spaziotorino.it\/scatto\/index.php?rest_route=\/wp\/v2\/users\/1"}],"replies":[{"embeddable":true,"href":"http:\/\/www.spaziotorino.it\/scatto\/index.php?rest_route=%2Fwp%2Fv2%2Fcomments&post=55299"}],"version-history":[{"count":2,"href":"http:\/\/www.spaziotorino.it\/scatto\/index.php?rest_route=\/wp\/v2\/posts\/55299\/revisions"}],"predecessor-version":[{"id":55304,"href":"http:\/\/www.spaziotorino.it\/scatto\/index.php?rest_route=\/wp\/v2\/posts\/55299\/revisions\/55304"}],"wp:attachment":[{"href":"http:\/\/www.spaziotorino.it\/scatto\/index.php?rest_route=%2Fwp%2Fv2%2Fmedia&parent=55299"}],"wp:term":[{"taxonomy":"category","embeddable":true,"href":"http:\/\/www.spaziotorino.it\/scatto\/index.php?rest_route=%2Fwp%2Fv2%2Fcategories&post=55299"},{"taxonomy":"post_tag","embeddable":true,"href":"http:\/\/www.spaziotorino.it\/scatto\/index.php?rest_route=%2Fwp%2Fv2%2Ftags&post=55299"}],"curies":[{"name":"wp","href":"https:\/\/api.w.org\/{rel}","templated":true}]}}