{"id":55352,"date":"2025-03-26T15:22:19","date_gmt":"2025-03-26T14:22:19","guid":{"rendered":"http:\/\/www.spaziotorino.it\/scatto\/?p=55352"},"modified":"2025-03-26T15:22:19","modified_gmt":"2025-03-26T14:22:19","slug":"torino-firmato-il-piano-citta-degli-immobili-pubblici","status":"publish","type":"post","link":"http:\/\/www.spaziotorino.it\/scatto\/?p=55352","title":{"rendered":"Torino, firmato il Piano Citt\u00e0 degli immobili pubblici"},"content":{"rendered":"<p><a class=\"ngg-fancybox\" title=\"Torino, firmato il Piano Citt\u00e0 degli immobili pubblici\" href=\"http:\/\/www.spaziotorino.it\/scatto\/wp-content\/gallery\/2025_03_26_demanio\/PLA_8444.jpg\" rel=\"lightbox[set_2476]\"><br \/>\n<img decoding=\"async\" loading=\"lazy\" class=\"ngg-singlepic\" title=\"Torino, firmato il Piano Citt\u00e0 degli immobili pubblici\" src=\"http:\/\/www.spaziotorino.it\/scatto\/wp-content\/gallery\/2025_03_26_demanio\/PLA_8444.jpg\" alt=\"\" width=\"540\" height=\"360\"\/><\/a><\/p>\n<!-- index.php -->\n<div\n\tclass=\"ngg-galleryoverview ngg-ajax-pagination-none\"\n\tid=\"ngg-gallery-a75435f4cbd92d44dc611f9f42f3ceed-1\">\n\n    \t\t<!-- Thumbnails -->\n\t\t\t\t<div id=\"ngg-image-0\" class=\"ngg-gallery-thumbnail-box\" >\n\t\t\t\t        <div class=\"ngg-gallery-thumbnail\">\n            <a href=\"http:\/\/www.spaziotorino.it\/scatto\/wp-content\/gallery\/2025_03_26_demanio\/PLA_8321.jpg\"\n               title=\"Torino, firmato il Piano Citt\u00e0 degli immobili pubblici\"\n               data-src=\"http:\/\/www.spaziotorino.it\/scatto\/wp-content\/gallery\/2025_03_26_demanio\/PLA_8321.jpg\"\n               data-thumbnail=\"http:\/\/www.spaziotorino.it\/scatto\/wp-content\/gallery\/2025_03_26_demanio\/thumbs\/thumbs_PLA_8321.jpg\"\n               data-image-id=\"36514\"\n               data-title=\"Torino, firmato il Piano Citt\u00e0 degli immobili pubblici\"\n               data-description=\"Torino, firmato il Piano Citt\u00e0 degli immobili pubblici\"\n               data-image-slug=\"pla_8321\"\n               class=\"ngg-fancybox\" rel=\"a75435f4cbd92d44dc611f9f42f3ceed\">\n                <img\n                    title=\"Torino, firmato il Piano Citt\u00e0 degli immobili pubblici\"\n                    alt=\"Torino, firmato il Piano Citt\u00e0 degli immobili pubblici\"\n                    src=\"http:\/\/www.spaziotorino.it\/scatto\/wp-content\/gallery\/2025_03_26_demanio\/cache\/PLA_8321.jpg-nggid0536514-ngg0dyn-60x60x100-00f0w010c011r110f110r010t010.jpg\"\n                    width=\"60\"\n                    height=\"60\"\n                    style=\"max-width:100%;\"\n                \/>\n            <\/a>\n        <\/div>\n\t\t\t\t\t\t\t<\/div> \n\t\t\t\n        \n\t\t\t\t<div id=\"ngg-image-1\" class=\"ngg-gallery-thumbnail-box\" >\n\t\t\t\t        <div class=\"ngg-gallery-thumbnail\">\n            <a href=\"http:\/\/www.spaziotorino.it\/scatto\/wp-content\/gallery\/2025_03_26_demanio\/PLA_8368.jpg\"\n               title=\"Torino, firmato il Piano Citt\u00e0 degli immobili pubblici\"\n               data-src=\"http:\/\/www.spaziotorino.it\/scatto\/wp-content\/gallery\/2025_03_26_demanio\/PLA_8368.jpg\"\n               data-thumbnail=\"http:\/\/www.spaziotorino.it\/scatto\/wp-content\/gallery\/2025_03_26_demanio\/thumbs\/thumbs_PLA_8368.jpg\"\n               data-image-id=\"36511\"\n               data-title=\"Torino, firmato il Piano Citt\u00e0 degli immobili pubblici\"\n               data-description=\"Torino, firmato il Piano Citt\u00e0 degli immobili pubblici\"\n               data-image-slug=\"pla_8368-2\"\n               class=\"ngg-fancybox\" rel=\"a75435f4cbd92d44dc611f9f42f3ceed\">\n                <img\n                    title=\"Torino, firmato il Piano Citt\u00e0 degli immobili pubblici\"\n                    alt=\"Torino, firmato il Piano Citt\u00e0 degli immobili pubblici\"\n                    src=\"http:\/\/www.spaziotorino.it\/scatto\/wp-content\/gallery\/2025_03_26_demanio\/cache\/PLA_8368.jpg-nggid0536511-ngg0dyn-60x60x100-00f0w010c011r110f110r010t010.jpg\"\n                    width=\"60\"\n                    height=\"60\"\n                    style=\"max-width:100%;\"\n                \/>\n            <\/a>\n        <\/div>\n\t\t\t\t\t\t\t<\/div> \n\t\t\t\n        \n\t\t\t\t<div id=\"ngg-image-2\" class=\"ngg-gallery-thumbnail-box\" >\n\t\t\t\t        <div class=\"ngg-gallery-thumbnail\">\n            <a href=\"http:\/\/www.spaziotorino.it\/scatto\/wp-content\/gallery\/2025_03_26_demanio\/PLA_8390.jpg\"\n               title=\"Torino, firmato il Piano Citt\u00e0 degli immobili pubblici\"\n               data-src=\"http:\/\/www.spaziotorino.it\/scatto\/wp-content\/gallery\/2025_03_26_demanio\/PLA_8390.jpg\"\n               data-thumbnail=\"http:\/\/www.spaziotorino.it\/scatto\/wp-content\/gallery\/2025_03_26_demanio\/thumbs\/thumbs_PLA_8390.jpg\"\n               data-image-id=\"36516\"\n               data-title=\"Torino, firmato il Piano Citt\u00e0 degli immobili pubblici\"\n               data-description=\"Torino, firmato il Piano Citt\u00e0 degli immobili pubblici\"\n               data-image-slug=\"pla_8390-3\"\n               class=\"ngg-fancybox\" rel=\"a75435f4cbd92d44dc611f9f42f3ceed\">\n                <img\n                    title=\"Torino, firmato il Piano Citt\u00e0 degli immobili pubblici\"\n                    alt=\"Torino, firmato il Piano Citt\u00e0 degli immobili pubblici\"\n                    src=\"http:\/\/www.spaziotorino.it\/scatto\/wp-content\/gallery\/2025_03_26_demanio\/cache\/PLA_8390.jpg-nggid0536516-ngg0dyn-60x60x100-00f0w010c011r110f110r010t010.jpg\"\n                    width=\"60\"\n                    height=\"60\"\n                    style=\"max-width:100%;\"\n                \/>\n            <\/a>\n        <\/div>\n\t\t\t\t\t\t\t<\/div> \n\t\t\t\n        \n\t\t\t\t<div id=\"ngg-image-3\" class=\"ngg-gallery-thumbnail-box\" >\n\t\t\t\t        <div class=\"ngg-gallery-thumbnail\">\n            <a href=\"http:\/\/www.spaziotorino.it\/scatto\/wp-content\/gallery\/2025_03_26_demanio\/PLA_8394.jpg\"\n               title=\"Torino, firmato il Piano Citt\u00e0 degli immobili pubblici\"\n               data-src=\"http:\/\/www.spaziotorino.it\/scatto\/wp-content\/gallery\/2025_03_26_demanio\/PLA_8394.jpg\"\n               data-thumbnail=\"http:\/\/www.spaziotorino.it\/scatto\/wp-content\/gallery\/2025_03_26_demanio\/thumbs\/thumbs_PLA_8394.jpg\"\n               data-image-id=\"36513\"\n               data-title=\"Torino, firmato il Piano Citt\u00e0 degli immobili pubblici\"\n               data-description=\"Torino, firmato il Piano Citt\u00e0 degli immobili pubblici\"\n               data-image-slug=\"pla_8394-1\"\n               class=\"ngg-fancybox\" rel=\"a75435f4cbd92d44dc611f9f42f3ceed\">\n                <img\n                    title=\"Torino, firmato il Piano Citt\u00e0 degli immobili pubblici\"\n                    alt=\"Torino, firmato il Piano Citt\u00e0 degli immobili pubblici\"\n                    src=\"http:\/\/www.spaziotorino.it\/scatto\/wp-content\/gallery\/2025_03_26_demanio\/cache\/PLA_8394.jpg-nggid0536513-ngg0dyn-60x60x100-00f0w010c011r110f110r010t010.jpg\"\n                    width=\"60\"\n                    height=\"60\"\n                    style=\"max-width:100%;\"\n                \/>\n            <\/a>\n        <\/div>\n\t\t\t\t\t\t\t<\/div> \n\t\t\t\n        \n\t\t\t\t<div id=\"ngg-image-4\" class=\"ngg-gallery-thumbnail-box\" >\n\t\t\t\t        <div class=\"ngg-gallery-thumbnail\">\n            <a href=\"http:\/\/www.spaziotorino.it\/scatto\/wp-content\/gallery\/2025_03_26_demanio\/PLA_8401.jpg\"\n               title=\"Torino, firmato il Piano Citt\u00e0 degli immobili pubblici\"\n               data-src=\"http:\/\/www.spaziotorino.it\/scatto\/wp-content\/gallery\/2025_03_26_demanio\/PLA_8401.jpg\"\n               data-thumbnail=\"http:\/\/www.spaziotorino.it\/scatto\/wp-content\/gallery\/2025_03_26_demanio\/thumbs\/thumbs_PLA_8401.jpg\"\n               data-image-id=\"36515\"\n               data-title=\"Torino, firmato il Piano Citt\u00e0 degli immobili pubblici\"\n               data-description=\"Torino, firmato il Piano Citt\u00e0 degli immobili pubblici\"\n               data-image-slug=\"pla_8401-2\"\n               class=\"ngg-fancybox\" rel=\"a75435f4cbd92d44dc611f9f42f3ceed\">\n                <img\n                    title=\"Torino, firmato il Piano Citt\u00e0 degli immobili pubblici\"\n                    alt=\"Torino, firmato il Piano Citt\u00e0 degli immobili pubblici\"\n                    src=\"http:\/\/www.spaziotorino.it\/scatto\/wp-content\/gallery\/2025_03_26_demanio\/cache\/PLA_8401.jpg-nggid0536515-ngg0dyn-60x60x100-00f0w010c011r110f110r010t010.jpg\"\n                    width=\"60\"\n                    height=\"60\"\n                    style=\"max-width:100%;\"\n                \/>\n            <\/a>\n        <\/div>\n\t\t\t\t\t\t\t<\/div> \n\t\t\t\n        \n\t\t\t\t<div id=\"ngg-image-5\" class=\"ngg-gallery-thumbnail-box\" >\n\t\t\t\t        <div class=\"ngg-gallery-thumbnail\">\n            <a href=\"http:\/\/www.spaziotorino.it\/scatto\/wp-content\/gallery\/2025_03_26_demanio\/PLA_8425.jpg\"\n               title=\"Il Direttore dell\u2019Agenzia del Demanio, Alessandra dal Verme e il Sindaco di Torino, Stefano Lo Russo\"\n               data-src=\"http:\/\/www.spaziotorino.it\/scatto\/wp-content\/gallery\/2025_03_26_demanio\/PLA_8425.jpg\"\n               data-thumbnail=\"http:\/\/www.spaziotorino.it\/scatto\/wp-content\/gallery\/2025_03_26_demanio\/thumbs\/thumbs_PLA_8425.jpg\"\n               data-image-id=\"36512\"\n               data-title=\"Il Direttore dell\u2019Agenzia del Demanio, Alessandra dal Verme e il Sindaco di Torino, Stefano Lo Russo\"\n               data-description=\"Il Direttore dell\u2019Agenzia del Demanio, Alessandra dal Verme e il Sindaco di Torino, Stefano Lo Russo\"\n               data-image-slug=\"pla_8425-2\"\n               class=\"ngg-fancybox\" rel=\"a75435f4cbd92d44dc611f9f42f3ceed\">\n                <img\n                    title=\"Il Direttore dell\u2019Agenzia del Demanio, Alessandra dal Verme e il Sindaco di Torino, Stefano Lo Russo\"\n                    alt=\"Il Direttore dell\u2019Agenzia del Demanio, Alessandra dal Verme e il Sindaco di Torino, Stefano Lo Russo\"\n                    src=\"http:\/\/www.spaziotorino.it\/scatto\/wp-content\/gallery\/2025_03_26_demanio\/cache\/PLA_8425.jpg-nggid0536512-ngg0dyn-60x60x100-00f0w010c011r110f110r010t010.jpg\"\n                    width=\"60\"\n                    height=\"60\"\n                    style=\"max-width:100%;\"\n                \/>\n            <\/a>\n        <\/div>\n\t\t\t\t\t\t\t<\/div> \n\t\t\t\n        \n\t\t\t\t<div id=\"ngg-image-6\" class=\"ngg-gallery-thumbnail-box\" >\n\t\t\t\t        <div class=\"ngg-gallery-thumbnail\">\n            <a href=\"http:\/\/www.spaziotorino.it\/scatto\/wp-content\/gallery\/2025_03_26_demanio\/PLA_8431.jpg\"\n               title=\"Torino, firmato il Piano Citt\u00e0 degli immobili pubblici\"\n               data-src=\"http:\/\/www.spaziotorino.it\/scatto\/wp-content\/gallery\/2025_03_26_demanio\/PLA_8431.jpg\"\n               data-thumbnail=\"http:\/\/www.spaziotorino.it\/scatto\/wp-content\/gallery\/2025_03_26_demanio\/thumbs\/thumbs_PLA_8431.jpg\"\n               data-image-id=\"36518\"\n               data-title=\"Torino, firmato il Piano Citt\u00e0 degli immobili pubblici\"\n               data-description=\"Torino, firmato il Piano Citt\u00e0 degli immobili pubblici\"\n               data-image-slug=\"pla_8431-1\"\n               class=\"ngg-fancybox\" rel=\"a75435f4cbd92d44dc611f9f42f3ceed\">\n                <img\n                    title=\"Torino, firmato il Piano Citt\u00e0 degli immobili pubblici\"\n                    alt=\"Torino, firmato il Piano Citt\u00e0 degli immobili pubblici\"\n                    src=\"http:\/\/www.spaziotorino.it\/scatto\/wp-content\/gallery\/2025_03_26_demanio\/cache\/PLA_8431.jpg-nggid0536518-ngg0dyn-60x60x100-00f0w010c011r110f110r010t010.jpg\"\n                    width=\"60\"\n                    height=\"60\"\n                    style=\"max-width:100%;\"\n                \/>\n            <\/a>\n        <\/div>\n\t\t\t\t\t\t\t<\/div> \n\t\t\t\n        \n\t\t\n\t\t<!-- Pagination -->\n\t<div class='ngg-clear'><\/div>\t<\/div>\n\n<p>Il Direttore dell\u2019Agenzia del Demanio, Alessandra dal Verme e il Sindaco di Torino, Stefano Lo Russo, hanno firmato il Piano Citt\u00e0 degli immobili pubblici, un patto istituzionale per pianificare in modo integrato il patrimonio immobiliare pubblico della citt\u00e0 in un\u2019ottica di rigenerazione urbana e partecipazione della collettivit\u00e0.<\/p>\n<p>Il Piano Citt\u00e0 degli immobili pubblici individua le azioni prioritarie di recupero funzionale degli immobili pubblici e la loro restituzione alla vita attiva dei cittadini, in ragione delle esigenze logistiche delle Pubbliche amministrazioni e ai fabbisogni del territorio. Accanto al finanziamento pubblico saranno attivati capitali privati e competenze, con operazioni di partenariato pubblico-privato che coniughino obiettivi di innovazione, ambientali e sociali.<\/p>\n<p><em>\u201cLa valorizzazione del patrimonio pubblico deve contribuire allo sviluppo della citt\u00e0 secondo la sua vocazione storica, industriale, universitaria e scientifica\u201d&nbsp;<\/em>sottolinea il&nbsp;<strong>Direttore dell\u2019Agenzia del Demanio, Alessandra dal Verme<\/strong>.&nbsp;<em>\u201cTorino ha un patrimonio immobiliare da valorizzare rilevante, eredit\u00e0 della sua storia, il Piano \u00e8 una grande opportunit\u00e0 per trasformare la citt\u00e0. &nbsp;La pi\u00f9 grande innovazione sta proprio nella capacit\u00e0 di cambiare e guardare al futuro partendo dalla propria storia e identit\u00e0. Penso, come esempi, alla valorizzazione del Complesso della Basilica di Superga, luogo di memoria, bellezza architettonica e accoglienza, all\u2019ex Manifattura Tabacchi che si apre ai privati come opportunit\u00e0 per offrire nuovi spazi alla Torino industriale, promuovere cultura, sport e residenzialit\u00e0 per gli studenti\u201d<\/em>.<\/p>\n<p><em>\u201cLa firma di oggi&nbsp;<\/em>\u2013 spiega il&nbsp;<strong>Sindaco di Torino<\/strong>,&nbsp;<strong>Stefano Lo Russo<\/strong>&nbsp;\u2013<em>&nbsp;si inserisce nell\u2019impegno che, come amministrazione, stiamo portando avanti per valorizzare il patrimonio degli immobili pubblici sia attraverso interventi di rigenerazione urbana ed efficientamento energetico che con progettualit\u00e0 che possano trovare nuove vocazioni per spazi dismessi. In questo senso la collaborazione tra istituzioni \u00e8 strategica e con l\u2019Agenzia del Demanio esiste gi\u00e0 un percorso avviato che ha portato, ad esempio, all\u2019accordo per la rifunzionalizzazione degli ex uffici dei giudici di pace nel quartiere Vallette, all\u2019affidamento della progettazione per la rinascita della ex Manifattura Tabacchi e ad altri interventi sul nostro territorio. Collaborazioni di questo tipo, insieme al fondamentale apporto di sistemi di<\/em>&nbsp;<em>partenariato pubblico privato, possono contribuire in modo importante allo sviluppo e alla trasformazione della nostra citt\u00e0\u201d.<\/em><\/p>\n<p>Il Piano Citt\u00e0 degli immobili pubblici di Torino seleziona un primo<strong>&nbsp;<\/strong>portafoglio immobiliare<strong>&nbsp;<\/strong>di 13 beni (10 di propriet\u00e0 dello Stato e 3 di propriet\u00e0 del Comune). Potranno essere aggiunti ulteriori beni da valorizzare, anche con il coinvolgimento di altri Enti e Istituzioni.<\/p>\n<p><strong>Immobili di propriet\u00e0 dello Stato coinvolti nel Piano Citt\u00e0:<\/strong><\/p>\n<ol class=\"wp-block-list\">\n<li>COMPLESSO DELLA BASILICA DI SUPERGA: Servizi ai pellegrini, accoglienza turistica e sviluppo funzioni culturali<\/li>\n<li>EX MANIFATTURA TABACCHI&nbsp;\u2013 Nuova destinazione: Polo culturale, archivistico, universitario (housing e servizi)&nbsp;<\/li>\n<li>CASERMA AMIONE \u2013 Nuova destinazione: Cittadella PP.AA.<\/li>\n<li>CASERMA LA MARMORA \u2013 Nuova destinazione: uso PA \u2013 Guardia di Finanza<\/li>\n<li>CASERMA DABORMIDA \u2013 Nuova destinazione: Museo d\u2019artiglieria e infrastruttura militare<\/li>\n<li>EX MAGAZZINI GENIO MILITARE \u2013 Nuova destinazione: mix funzionale legato al distretto della produzione innovativa<\/li>\n<li>FABBRICATO RESIDENZIALE \u2013 Nuova destinazione: housing \/ associazioni<\/li>\n<li>EX PALAZZO DELLA REGIONE \u2013 Nuova destinazione: uso PA (Corte dei Conti e Avvocatura dello Stato)<\/li>\n<li>MAGAZZINO DIREZIONALE DI ARTIGLIERIA E DIFESA CHIMICA \u2013 Nuova destinazione: mix funzionale legato al distretto della produzione innovativa<\/li>\n<li>COMPLESSO DIREZIONALE EX SEDE UFFICI DEL GIUDICE DI PACE&nbsp;\u2013 Nuova destinazione: Centro per l\u2019impiego e Polo per la formazione<\/li>\n<\/ol>\n<p><strong>Immobili di propriet\u00e0 del Comune coinvolti nel Piano Citt\u00e0:<\/strong><\/p>\n<ol class=\"wp-block-list\">\n<li>COMPLESSO EX FIMIT&nbsp;\u2013 Nuova destinazione: parco urbano, strutture e servizi<\/li>\n<li>SEDE COMANDO PROVINCIALE VVF&nbsp;\u2013 razionalizzazione spesa locativa: Caserma Vigili del Fuoco<\/li>\n<li>DISTACCAMENTO LINGOTTO VVF \u2013 razionalizzazione spesa locativa: Caserma Vigili del Fuoco<\/li>\n<\/ol>\n<p>A seguito della firma del Piano Citt\u00e0, l\u2019Agenzia del Demanio ha organizzato il workshop&nbsp;<em>Di cosa \u00e8 fatta una citt\u00e0?<\/em>&nbsp;a cura di&nbsp;Scuola Holden. L\u2019incontro, ideato dal team creativo Holden Studios guidato da Alessandro&nbsp;Mari, \u00e8 stato un momento di condivisione per stimolare la partecipazione attiva dei cittadini nei processi di trasformazione della citt\u00e0 e, al tempo stesso, restituire alla citt\u00e0 l\u2019intensit\u00e0 che le persone portano con s\u00e9 quando desiderano abitare i luoghi. La tavola rotonda si \u00e8 suddivisa in tre momenti: Gesti, a cura di Daniela Elisa Roero, Responsabile Regionale Piemonte e Valle D\u2019Aosta Agenzia del Demanio; Progetto, in collaborazione con Torino Urban Lab e Politecnico di Torino, con l\u2019intervento di Paolo Mazzoleni, Assessore Urbanistica ed Edilizia Privata della Citt\u00e0; Poetiche, con Alberico Guerzoni, Direttore Generale Polo Education Feltrinelli.<\/p>\n<p>Per maggiori informazioni sul Piano Citt\u00e0 degli Immobili Pubblici di Torino \u00e8 possibile consultare la pagina:&nbsp;<a href=\"https:\/\/gisportal.agenziademanio.it\/portal\/apps\/storymaps\/stories\/a58b2de8b29d4f2ea175de2faf7372f4\">Piano Citt\u00e0 degli immobili pubblici di Torino<\/a><\/p>\n","protected":false},"excerpt":{"rendered":"<p>Il Direttore dell\u2019Agenzia del Demanio, Alessandra dal Verme e il Sindaco di Torino, Stefano Lo Russo, hanno firmato il Piano Citt\u00e0 degli immobili pubblici, un patto istituzionale per pianificare in modo integrato il patrimonio immobiliare pubblico della citt\u00e0 in un\u2019ottica di rigenerazione urbana e partecipazione della collettivit\u00e0. Il Piano Citt\u00e0 degli immobili pubblici individua le [&hellip;]<\/p>\n","protected":false},"author":1,"featured_media":0,"comment_status":"closed","ping_status":"open","sticky":false,"template":"","format":"standard","meta":{"ngg_post_thumbnail":0},"categories":[1,41],"tags":[],"_links":{"self":[{"href":"http:\/\/www.spaziotorino.it\/scatto\/index.php?rest_route=\/wp\/v2\/posts\/55352"}],"collection":[{"href":"http:\/\/www.spaziotorino.it\/scatto\/index.php?rest_route=\/wp\/v2\/posts"}],"about":[{"href":"http:\/\/www.spaziotorino.it\/scatto\/index.php?rest_route=\/wp\/v2\/types\/post"}],"author":[{"embeddable":true,"href":"http:\/\/www.spaziotorino.it\/scatto\/index.php?rest_route=\/wp\/v2\/users\/1"}],"replies":[{"embeddable":true,"href":"http:\/\/www.spaziotorino.it\/scatto\/index.php?rest_route=%2Fwp%2Fv2%2Fcomments&post=55352"}],"version-history":[{"count":1,"href":"http:\/\/www.spaziotorino.it\/scatto\/index.php?rest_route=\/wp\/v2\/posts\/55352\/revisions"}],"predecessor-version":[{"id":55354,"href":"http:\/\/www.spaziotorino.it\/scatto\/index.php?rest_route=\/wp\/v2\/posts\/55352\/revisions\/55354"}],"wp:attachment":[{"href":"http:\/\/www.spaziotorino.it\/scatto\/index.php?rest_route=%2Fwp%2Fv2%2Fmedia&parent=55352"}],"wp:term":[{"taxonomy":"category","embeddable":true,"href":"http:\/\/www.spaziotorino.it\/scatto\/index.php?rest_route=%2Fwp%2Fv2%2Fcategories&post=55352"},{"taxonomy":"post_tag","embeddable":true,"href":"http:\/\/www.spaziotorino.it\/scatto\/index.php?rest_route=%2Fwp%2Fv2%2Ftags&post=55352"}],"curies":[{"name":"wp","href":"https:\/\/api.w.org\/{rel}","templated":true}]}}