{"id":55754,"date":"2025-04-16T21:27:25","date_gmt":"2025-04-16T20:27:25","guid":{"rendered":"http:\/\/www.spaziotorino.it\/scatto\/?p=55754"},"modified":"2025-04-16T21:27:25","modified_gmt":"2025-04-16T20:27:25","slug":"inaugurata-allaccademia-albertina-la-nuova-edizione-di-exposed-torino-foto-festival-lo-sguardo-della-fotografia-contemporanea-sul-nostro-tempo","status":"publish","type":"post","link":"http:\/\/www.spaziotorino.it\/scatto\/?p=55754","title":{"rendered":"Inaugurata all\u2019Accademia Albertina la nuova edizione di EXPOSED Torino Foto Festival: lo sguardo della fotografia contemporanea sul nostro tempo"},"content":{"rendered":"<p><a class=\"ngg-fancybox\" title=\"Inaugurata all\u2019Accademia Albertina la nuova edizione di EXPOSED Torino Foto Festival: lo sguardo della fotografia contemporanea sul nostro tempo\" href=\"http:\/\/www.spaziotorino.it\/scatto\/wp-content\/gallery\/2025_04_16_exposed\/PLA_3251.jpg\" rel=\"lightbox[set_2497]\"><br \/>\n<img decoding=\"async\" loading=\"lazy\" class=\"ngg-singlepic\" title=\"Inaugurata all\u2019Accademia Albertina la nuova edizione di EXPOSED Torino Foto Festival: lo sguardo della fotografia contemporanea sul nostro tempo\" src=\"http:\/\/www.spaziotorino.it\/scatto\/wp-content\/gallery\/2025_04_16_exposed\/PLA_3251.jpg\" alt=\"\" width=\"540\" height=\"360\"\/><\/a><\/p>\n<!-- index.php -->\n<div\n\tclass=\"ngg-galleryoverview ngg-ajax-pagination-none\"\n\tid=\"ngg-gallery-0a68e9b15203a5ac64696352aef4a2d8-1\">\n\n    \t\t<!-- Thumbnails -->\n\t\t\t\t<div id=\"ngg-image-0\" class=\"ngg-gallery-thumbnail-box\" >\n\t\t\t\t        <div class=\"ngg-gallery-thumbnail\">\n            <a href=\"http:\/\/www.spaziotorino.it\/scatto\/wp-content\/gallery\/2025_04_16_exposed\/PLA_3351.jpg\"\n               title=\"Inaugurata all\u2019Accademia Albertina la nuova edizione di EXPOSED Torino Foto Festival\"\n               data-src=\"http:\/\/www.spaziotorino.it\/scatto\/wp-content\/gallery\/2025_04_16_exposed\/PLA_3351.jpg\"\n               data-thumbnail=\"http:\/\/www.spaziotorino.it\/scatto\/wp-content\/gallery\/2025_04_16_exposed\/thumbs\/thumbs_PLA_3351.jpg\"\n               data-image-id=\"36812\"\n               data-title=\"Inaugurata all\u2019Accademia Albertina la nuova edizione di EXPOSED Torino Foto Festival\"\n               data-description=\"Inaugurata all\u2019Accademia Albertina la nuova edizione di EXPOSED Torino Foto Festival\"\n               data-image-slug=\"pla_3351\"\n               class=\"ngg-fancybox\" rel=\"0a68e9b15203a5ac64696352aef4a2d8\">\n                <img\n                    title=\"Inaugurata all\u2019Accademia Albertina la nuova edizione di EXPOSED Torino Foto Festival\"\n                    alt=\"Inaugurata all\u2019Accademia Albertina la nuova edizione di EXPOSED Torino Foto Festival\"\n                    src=\"http:\/\/www.spaziotorino.it\/scatto\/wp-content\/gallery\/2025_04_16_exposed\/cache\/PLA_3351.jpg-nggid0536812-ngg0dyn-60x60x100-00f0w010c011r110f110r010t010.jpg\"\n                    width=\"60\"\n                    height=\"60\"\n                    style=\"max-width:100%;\"\n                \/>\n            <\/a>\n        <\/div>\n\t\t\t\t\t\t\t<\/div> \n\t\t\t\n        \n\t\t\t\t<div id=\"ngg-image-1\" class=\"ngg-gallery-thumbnail-box\" >\n\t\t\t\t        <div class=\"ngg-gallery-thumbnail\">\n            <a href=\"http:\/\/www.spaziotorino.it\/scatto\/wp-content\/gallery\/2025_04_16_exposed\/PLA_3259.jpg\"\n               title=\"Inaugurata all\u2019Accademia Albertina la nuova edizione di EXPOSED Torino Foto Festival\"\n               data-src=\"http:\/\/www.spaziotorino.it\/scatto\/wp-content\/gallery\/2025_04_16_exposed\/PLA_3259.jpg\"\n               data-thumbnail=\"http:\/\/www.spaziotorino.it\/scatto\/wp-content\/gallery\/2025_04_16_exposed\/thumbs\/thumbs_PLA_3259.jpg\"\n               data-image-id=\"36807\"\n               data-title=\"Inaugurata all\u2019Accademia Albertina la nuova edizione di EXPOSED Torino Foto Festival\"\n               data-description=\"Inaugurata all\u2019Accademia Albertina la nuova edizione di EXPOSED Torino Foto Festival\"\n               data-image-slug=\"pla_3259-1\"\n               class=\"ngg-fancybox\" rel=\"0a68e9b15203a5ac64696352aef4a2d8\">\n                <img\n                    title=\"Inaugurata all\u2019Accademia Albertina la nuova edizione di EXPOSED Torino Foto Festival\"\n                    alt=\"Inaugurata all\u2019Accademia Albertina la nuova edizione di EXPOSED Torino Foto Festival\"\n                    src=\"http:\/\/www.spaziotorino.it\/scatto\/wp-content\/gallery\/2025_04_16_exposed\/cache\/PLA_3259.jpg-nggid0536807-ngg0dyn-60x60x100-00f0w010c011r110f110r010t010.jpg\"\n                    width=\"60\"\n                    height=\"60\"\n                    style=\"max-width:100%;\"\n                \/>\n            <\/a>\n        <\/div>\n\t\t\t\t\t\t\t<\/div> \n\t\t\t\n        \n\t\t\t\t<div id=\"ngg-image-2\" class=\"ngg-gallery-thumbnail-box\" >\n\t\t\t\t        <div class=\"ngg-gallery-thumbnail\">\n            <a href=\"http:\/\/www.spaziotorino.it\/scatto\/wp-content\/gallery\/2025_04_16_exposed\/PLA_3278.jpg\"\n               title=\"Inaugurata all\u2019Accademia Albertina la nuova edizione di EXPOSED Torino Foto Festival\"\n               data-src=\"http:\/\/www.spaziotorino.it\/scatto\/wp-content\/gallery\/2025_04_16_exposed\/PLA_3278.jpg\"\n               data-thumbnail=\"http:\/\/www.spaziotorino.it\/scatto\/wp-content\/gallery\/2025_04_16_exposed\/thumbs\/thumbs_PLA_3278.jpg\"\n               data-image-id=\"36804\"\n               data-title=\"Inaugurata all\u2019Accademia Albertina la nuova edizione di EXPOSED Torino Foto Festival\"\n               data-description=\"Inaugurata all\u2019Accademia Albertina la nuova edizione di EXPOSED Torino Foto Festival\"\n               data-image-slug=\"pla_3278-1\"\n               class=\"ngg-fancybox\" rel=\"0a68e9b15203a5ac64696352aef4a2d8\">\n                <img\n                    title=\"Inaugurata all\u2019Accademia Albertina la nuova edizione di EXPOSED Torino Foto Festival\"\n                    alt=\"Inaugurata all\u2019Accademia Albertina la nuova edizione di EXPOSED Torino Foto Festival\"\n                    src=\"http:\/\/www.spaziotorino.it\/scatto\/wp-content\/gallery\/2025_04_16_exposed\/cache\/PLA_3278.jpg-nggid0536804-ngg0dyn-60x60x100-00f0w010c011r110f110r010t010.jpg\"\n                    width=\"60\"\n                    height=\"60\"\n                    style=\"max-width:100%;\"\n                \/>\n            <\/a>\n        <\/div>\n\t\t\t\t\t\t\t<\/div> \n\t\t\t\n        \n\t\t\t\t<div id=\"ngg-image-3\" class=\"ngg-gallery-thumbnail-box\" >\n\t\t\t\t        <div class=\"ngg-gallery-thumbnail\">\n            <a href=\"http:\/\/www.spaziotorino.it\/scatto\/wp-content\/gallery\/2025_04_16_exposed\/PLA_3412.jpg\"\n               title=\"Inaugurata all\u2019Accademia Albertina la nuova edizione di EXPOSED Torino Foto Festival\"\n               data-src=\"http:\/\/www.spaziotorino.it\/scatto\/wp-content\/gallery\/2025_04_16_exposed\/PLA_3412.jpg\"\n               data-thumbnail=\"http:\/\/www.spaziotorino.it\/scatto\/wp-content\/gallery\/2025_04_16_exposed\/thumbs\/thumbs_PLA_3412.jpg\"\n               data-image-id=\"36817\"\n               data-title=\"Inaugurata all\u2019Accademia Albertina la nuova edizione di EXPOSED Torino Foto Festival\"\n               data-description=\"Inaugurata all\u2019Accademia Albertina la nuova edizione di EXPOSED Torino Foto Festival\"\n               data-image-slug=\"pla_3412\"\n               class=\"ngg-fancybox\" rel=\"0a68e9b15203a5ac64696352aef4a2d8\">\n                <img\n                    title=\"Inaugurata all\u2019Accademia Albertina la nuova edizione di EXPOSED Torino Foto Festival\"\n                    alt=\"Inaugurata all\u2019Accademia Albertina la nuova edizione di EXPOSED Torino Foto Festival\"\n                    src=\"http:\/\/www.spaziotorino.it\/scatto\/wp-content\/gallery\/2025_04_16_exposed\/cache\/PLA_3412.jpg-nggid0536817-ngg0dyn-60x60x100-00f0w010c011r110f110r010t010.jpg\"\n                    width=\"60\"\n                    height=\"60\"\n                    style=\"max-width:100%;\"\n                \/>\n            <\/a>\n        <\/div>\n\t\t\t\t\t\t\t<\/div> \n\t\t\t\n        \n\t\t\t\t<div id=\"ngg-image-4\" class=\"ngg-gallery-thumbnail-box\" >\n\t\t\t\t        <div class=\"ngg-gallery-thumbnail\">\n            <a href=\"http:\/\/www.spaziotorino.it\/scatto\/wp-content\/gallery\/2025_04_16_exposed\/PLA_3275.jpg\"\n               title=\"Inaugurata all\u2019Accademia Albertina la nuova edizione di EXPOSED Torino Foto Festival\"\n               data-src=\"http:\/\/www.spaziotorino.it\/scatto\/wp-content\/gallery\/2025_04_16_exposed\/PLA_3275.jpg\"\n               data-thumbnail=\"http:\/\/www.spaziotorino.it\/scatto\/wp-content\/gallery\/2025_04_16_exposed\/thumbs\/thumbs_PLA_3275.jpg\"\n               data-image-id=\"36805\"\n               data-title=\"Inaugurata all\u2019Accademia Albertina la nuova edizione di EXPOSED Torino Foto Festival\"\n               data-description=\"Inaugurata all\u2019Accademia Albertina la nuova edizione di EXPOSED Torino Foto Festival\"\n               data-image-slug=\"pla_3275-1\"\n               class=\"ngg-fancybox\" rel=\"0a68e9b15203a5ac64696352aef4a2d8\">\n                <img\n                    title=\"Inaugurata all\u2019Accademia Albertina la nuova edizione di EXPOSED Torino Foto Festival\"\n                    alt=\"Inaugurata all\u2019Accademia Albertina la nuova edizione di EXPOSED Torino Foto Festival\"\n                    src=\"http:\/\/www.spaziotorino.it\/scatto\/wp-content\/gallery\/2025_04_16_exposed\/cache\/PLA_3275.jpg-nggid0536805-ngg0dyn-60x60x100-00f0w010c011r110f110r010t010.jpg\"\n                    width=\"60\"\n                    height=\"60\"\n                    style=\"max-width:100%;\"\n                \/>\n            <\/a>\n        <\/div>\n\t\t\t\t\t\t\t<\/div> \n\t\t\t\n        \n\t\t\t\t<div id=\"ngg-image-5\" class=\"ngg-gallery-thumbnail-box\" >\n\t\t\t\t        <div class=\"ngg-gallery-thumbnail\">\n            <a href=\"http:\/\/www.spaziotorino.it\/scatto\/wp-content\/gallery\/2025_04_16_exposed\/PLA_3311.jpg\"\n               title=\"Inaugurata all\u2019Accademia Albertina la nuova edizione di EXPOSED Torino Foto Festival\"\n               data-src=\"http:\/\/www.spaziotorino.it\/scatto\/wp-content\/gallery\/2025_04_16_exposed\/PLA_3311.jpg\"\n               data-thumbnail=\"http:\/\/www.spaziotorino.it\/scatto\/wp-content\/gallery\/2025_04_16_exposed\/thumbs\/thumbs_PLA_3311.jpg\"\n               data-image-id=\"36810\"\n               data-title=\"Inaugurata all\u2019Accademia Albertina la nuova edizione di EXPOSED Torino Foto Festival\"\n               data-description=\"Inaugurata all\u2019Accademia Albertina la nuova edizione di EXPOSED Torino Foto Festival\"\n               data-image-slug=\"pla_3311-3\"\n               class=\"ngg-fancybox\" rel=\"0a68e9b15203a5ac64696352aef4a2d8\">\n                <img\n                    title=\"Inaugurata all\u2019Accademia Albertina la nuova edizione di EXPOSED Torino Foto Festival\"\n                    alt=\"Inaugurata all\u2019Accademia Albertina la nuova edizione di EXPOSED Torino Foto Festival\"\n                    src=\"http:\/\/www.spaziotorino.it\/scatto\/wp-content\/gallery\/2025_04_16_exposed\/cache\/PLA_3311.jpg-nggid0536810-ngg0dyn-60x60x100-00f0w010c011r110f110r010t010.jpg\"\n                    width=\"60\"\n                    height=\"60\"\n                    style=\"max-width:100%;\"\n                \/>\n            <\/a>\n        <\/div>\n\t\t\t\t\t\t\t<\/div> \n\t\t\t\n        \n\t\t\t\t<div id=\"ngg-image-6\" class=\"ngg-gallery-thumbnail-box\" >\n\t\t\t\t        <div class=\"ngg-gallery-thumbnail\">\n            <a href=\"http:\/\/www.spaziotorino.it\/scatto\/wp-content\/gallery\/2025_04_16_exposed\/PLA_3315.jpg\"\n               title=\"Inaugurata all\u2019Accademia Albertina la nuova edizione di EXPOSED Torino Foto Festival\"\n               data-src=\"http:\/\/www.spaziotorino.it\/scatto\/wp-content\/gallery\/2025_04_16_exposed\/PLA_3315.jpg\"\n               data-thumbnail=\"http:\/\/www.spaziotorino.it\/scatto\/wp-content\/gallery\/2025_04_16_exposed\/thumbs\/thumbs_PLA_3315.jpg\"\n               data-image-id=\"36811\"\n               data-title=\"Inaugurata all\u2019Accademia Albertina la nuova edizione di EXPOSED Torino Foto Festival\"\n               data-description=\"Inaugurata all\u2019Accademia Albertina la nuova edizione di EXPOSED Torino Foto Festival\"\n               data-image-slug=\"pla_3315-1\"\n               class=\"ngg-fancybox\" rel=\"0a68e9b15203a5ac64696352aef4a2d8\">\n                <img\n                    title=\"Inaugurata all\u2019Accademia Albertina la nuova edizione di EXPOSED Torino Foto Festival\"\n                    alt=\"Inaugurata all\u2019Accademia Albertina la nuova edizione di EXPOSED Torino Foto Festival\"\n                    src=\"http:\/\/www.spaziotorino.it\/scatto\/wp-content\/gallery\/2025_04_16_exposed\/cache\/PLA_3315.jpg-nggid0536811-ngg0dyn-60x60x100-00f0w010c011r110f110r010t010.jpg\"\n                    width=\"60\"\n                    height=\"60\"\n                    style=\"max-width:100%;\"\n                \/>\n            <\/a>\n        <\/div>\n\t\t\t\t\t\t\t<\/div> \n\t\t\t\n        \n\t\t\t\t<div id=\"ngg-image-7\" class=\"ngg-gallery-thumbnail-box\" >\n\t\t\t\t        <div class=\"ngg-gallery-thumbnail\">\n            <a href=\"http:\/\/www.spaziotorino.it\/scatto\/wp-content\/gallery\/2025_04_16_exposed\/PLA_3332.jpg\"\n               title=\"Inaugurata all\u2019Accademia Albertina la nuova edizione di EXPOSED Torino Foto Festival\"\n               data-src=\"http:\/\/www.spaziotorino.it\/scatto\/wp-content\/gallery\/2025_04_16_exposed\/PLA_3332.jpg\"\n               data-thumbnail=\"http:\/\/www.spaziotorino.it\/scatto\/wp-content\/gallery\/2025_04_16_exposed\/thumbs\/thumbs_PLA_3332.jpg\"\n               data-image-id=\"36813\"\n               data-title=\"Inaugurata all\u2019Accademia Albertina la nuova edizione di EXPOSED Torino Foto Festival\"\n               data-description=\"Inaugurata all\u2019Accademia Albertina la nuova edizione di EXPOSED Torino Foto Festival\"\n               data-image-slug=\"pla_3332-3\"\n               class=\"ngg-fancybox\" rel=\"0a68e9b15203a5ac64696352aef4a2d8\">\n                <img\n                    title=\"Inaugurata all\u2019Accademia Albertina la nuova edizione di EXPOSED Torino Foto Festival\"\n                    alt=\"Inaugurata all\u2019Accademia Albertina la nuova edizione di EXPOSED Torino Foto Festival\"\n                    src=\"http:\/\/www.spaziotorino.it\/scatto\/wp-content\/gallery\/2025_04_16_exposed\/cache\/PLA_3332.jpg-nggid0536813-ngg0dyn-60x60x100-00f0w010c011r110f110r010t010.jpg\"\n                    width=\"60\"\n                    height=\"60\"\n                    style=\"max-width:100%;\"\n                \/>\n            <\/a>\n        <\/div>\n\t\t\t\t\t\t\t<\/div> \n\t\t\t\n        \n\t\t\t\t<div id=\"ngg-image-8\" class=\"ngg-gallery-thumbnail-box\" >\n\t\t\t\t        <div class=\"ngg-gallery-thumbnail\">\n            <a href=\"http:\/\/www.spaziotorino.it\/scatto\/wp-content\/gallery\/2025_04_16_exposed\/PLA_3362.jpg\"\n               title=\"Salvatore Vitale e Menno Liauw , direttori artistici di Exposed Torino Foto Festival\"\n               data-src=\"http:\/\/www.spaziotorino.it\/scatto\/wp-content\/gallery\/2025_04_16_exposed\/PLA_3362.jpg\"\n               data-thumbnail=\"http:\/\/www.spaziotorino.it\/scatto\/wp-content\/gallery\/2025_04_16_exposed\/thumbs\/thumbs_PLA_3362.jpg\"\n               data-image-id=\"36814\"\n               data-title=\"Salvatore Vitale e Menno Liauw , direttori artistici di Exposed Torino Foto Festival\"\n               data-description=\"Salvatore Vitale e Menno Liauw , direttori artistici di Exposed Torino Foto Festival\"\n               data-image-slug=\"pla_3362-1\"\n               class=\"ngg-fancybox\" rel=\"0a68e9b15203a5ac64696352aef4a2d8\">\n                <img\n                    title=\"Salvatore Vitale e Menno Liauw , direttori artistici di Exposed Torino Foto Festival\"\n                    alt=\"Salvatore Vitale e Menno Liauw , direttori artistici di Exposed Torino Foto Festival\"\n                    src=\"http:\/\/www.spaziotorino.it\/scatto\/wp-content\/gallery\/2025_04_16_exposed\/cache\/PLA_3362.jpg-nggid0536814-ngg0dyn-60x60x100-00f0w010c011r110f110r010t010.jpg\"\n                    width=\"60\"\n                    height=\"60\"\n                    style=\"max-width:100%;\"\n                \/>\n            <\/a>\n        <\/div>\n\t\t\t\t\t\t\t<\/div> \n\t\t\t\n        \n\t\t\t\t<div id=\"ngg-image-9\" class=\"ngg-gallery-thumbnail-box\" >\n\t\t\t\t        <div class=\"ngg-gallery-thumbnail\">\n            <a href=\"http:\/\/www.spaziotorino.it\/scatto\/wp-content\/gallery\/2025_04_16_exposed\/PLA_3400.jpg\"\n               title=\"Inaugurata all\u2019Accademia Albertina la nuova edizione di EXPOSED Torino Foto Festival\"\n               data-src=\"http:\/\/www.spaziotorino.it\/scatto\/wp-content\/gallery\/2025_04_16_exposed\/PLA_3400.jpg\"\n               data-thumbnail=\"http:\/\/www.spaziotorino.it\/scatto\/wp-content\/gallery\/2025_04_16_exposed\/thumbs\/thumbs_PLA_3400.jpg\"\n               data-image-id=\"36816\"\n               data-title=\"Inaugurata all\u2019Accademia Albertina la nuova edizione di EXPOSED Torino Foto Festival\"\n               data-description=\"Inaugurata all\u2019Accademia Albertina la nuova edizione di EXPOSED Torino Foto Festival\"\n               data-image-slug=\"pla_3400\"\n               class=\"ngg-fancybox\" rel=\"0a68e9b15203a5ac64696352aef4a2d8\">\n                <img\n                    title=\"Inaugurata all\u2019Accademia Albertina la nuova edizione di EXPOSED Torino Foto Festival\"\n                    alt=\"Inaugurata all\u2019Accademia Albertina la nuova edizione di EXPOSED Torino Foto Festival\"\n                    src=\"http:\/\/www.spaziotorino.it\/scatto\/wp-content\/gallery\/2025_04_16_exposed\/cache\/PLA_3400.jpg-nggid0536816-ngg0dyn-60x60x100-00f0w010c011r110f110r010t010.jpg\"\n                    width=\"60\"\n                    height=\"60\"\n                    style=\"max-width:100%;\"\n                \/>\n            <\/a>\n        <\/div>\n\t\t\t\t\t\t\t<\/div> \n\t\t\t\n        \n\t\t\t\t<div id=\"ngg-image-10\" class=\"ngg-gallery-thumbnail-box\" >\n\t\t\t\t        <div class=\"ngg-gallery-thumbnail\">\n            <a href=\"http:\/\/www.spaziotorino.it\/scatto\/wp-content\/gallery\/2025_04_16_exposed\/PLA_3393.jpg\"\n               title=\"Inaugurata all\u2019Accademia Albertina la nuova edizione di EXPOSED Torino Foto Festival\"\n               data-src=\"http:\/\/www.spaziotorino.it\/scatto\/wp-content\/gallery\/2025_04_16_exposed\/PLA_3393.jpg\"\n               data-thumbnail=\"http:\/\/www.spaziotorino.it\/scatto\/wp-content\/gallery\/2025_04_16_exposed\/thumbs\/thumbs_PLA_3393.jpg\"\n               data-image-id=\"36815\"\n               data-title=\"Inaugurata all\u2019Accademia Albertina la nuova edizione di EXPOSED Torino Foto Festival\"\n               data-description=\"Inaugurata all\u2019Accademia Albertina la nuova edizione di EXPOSED Torino Foto Festival\"\n               data-image-slug=\"pla_3393-1\"\n               class=\"ngg-fancybox\" rel=\"0a68e9b15203a5ac64696352aef4a2d8\">\n                <img\n                    title=\"Inaugurata all\u2019Accademia Albertina la nuova edizione di EXPOSED Torino Foto Festival\"\n                    alt=\"Inaugurata all\u2019Accademia Albertina la nuova edizione di EXPOSED Torino Foto Festival\"\n                    src=\"http:\/\/www.spaziotorino.it\/scatto\/wp-content\/gallery\/2025_04_16_exposed\/cache\/PLA_3393.jpg-nggid0536815-ngg0dyn-60x60x100-00f0w010c011r110f110r010t010.jpg\"\n                    width=\"60\"\n                    height=\"60\"\n                    style=\"max-width:100%;\"\n                \/>\n            <\/a>\n        <\/div>\n\t\t\t\t\t\t\t<\/div> \n\t\t\t\n        \n\t\t\t\t<div id=\"ngg-image-11\" class=\"ngg-gallery-thumbnail-box\" >\n\t\t\t\t        <div class=\"ngg-gallery-thumbnail\">\n            <a href=\"http:\/\/www.spaziotorino.it\/scatto\/wp-content\/gallery\/2025_04_16_exposed\/PLA_3022.jpg\"\n               title=\"Alla GAM \u2013 Galleria d\u2019Arte Moderna e Contemporanea le immaginid di River Claure\"\n               data-src=\"http:\/\/www.spaziotorino.it\/scatto\/wp-content\/gallery\/2025_04_16_exposed\/PLA_3022.jpg\"\n               data-thumbnail=\"http:\/\/www.spaziotorino.it\/scatto\/wp-content\/gallery\/2025_04_16_exposed\/thumbs\/thumbs_PLA_3022.jpg\"\n               data-image-id=\"36808\"\n               data-title=\"Alla GAM \u2013 Galleria d\u2019Arte Moderna e Contemporanea le immaginid di River Claure\"\n               data-description=\"Alla GAM \u2013 Galleria d\u2019Arte Moderna e Contemporanea le immaginid di River Claure\"\n               data-image-slug=\"pla_3022-2\"\n               class=\"ngg-fancybox\" rel=\"0a68e9b15203a5ac64696352aef4a2d8\">\n                <img\n                    title=\"Alla GAM \u2013 Galleria d\u2019Arte Moderna e Contemporanea le immaginid di River Claure\"\n                    alt=\"Alla GAM \u2013 Galleria d\u2019Arte Moderna e Contemporanea le immaginid di River Claure\"\n                    src=\"http:\/\/www.spaziotorino.it\/scatto\/wp-content\/gallery\/2025_04_16_exposed\/cache\/PLA_3022.jpg-nggid0536808-ngg0dyn-60x60x100-00f0w010c011r110f110r010t010.jpg\"\n                    width=\"60\"\n                    height=\"60\"\n                    style=\"max-width:100%;\"\n                \/>\n            <\/a>\n        <\/div>\n\t\t\t\t\t\t\t<\/div> \n\t\t\t\n        \n\t\t\t\t<div id=\"ngg-image-12\" class=\"ngg-gallery-thumbnail-box\" >\n\t\t\t\t        <div class=\"ngg-gallery-thumbnail\">\n            <a href=\"http:\/\/www.spaziotorino.it\/scatto\/wp-content\/gallery\/2025_04_16_exposed\/PLA_3129.jpg\"\n               title=\"Alla GAM \u2013 Galleria d\u2019Arte Moderna e Contemporanea le immaginid di River Claure\"\n               data-src=\"http:\/\/www.spaziotorino.it\/scatto\/wp-content\/gallery\/2025_04_16_exposed\/PLA_3129.jpg\"\n               data-thumbnail=\"http:\/\/www.spaziotorino.it\/scatto\/wp-content\/gallery\/2025_04_16_exposed\/thumbs\/thumbs_PLA_3129.jpg\"\n               data-image-id=\"36806\"\n               data-title=\"Alla GAM \u2013 Galleria d\u2019Arte Moderna e Contemporanea le immaginid di River Claure\"\n               data-description=\"Alla GAM \u2013 Galleria d\u2019Arte Moderna e Contemporanea le immaginid di River Claure\"\n               data-image-slug=\"pla_3129-2\"\n               class=\"ngg-fancybox\" rel=\"0a68e9b15203a5ac64696352aef4a2d8\">\n                <img\n                    title=\"Alla GAM \u2013 Galleria d\u2019Arte Moderna e Contemporanea le immaginid di River Claure\"\n                    alt=\"Alla GAM \u2013 Galleria d\u2019Arte Moderna e Contemporanea le immaginid di River Claure\"\n                    src=\"http:\/\/www.spaziotorino.it\/scatto\/wp-content\/gallery\/2025_04_16_exposed\/cache\/PLA_3129.jpg-nggid0536806-ngg0dyn-60x60x100-00f0w010c011r110f110r010t010.jpg\"\n                    width=\"60\"\n                    height=\"60\"\n                    style=\"max-width:100%;\"\n                \/>\n            <\/a>\n        <\/div>\n\t\t\t\t\t\t\t<\/div> \n\t\t\t\n        \n\t\t\n\t\t<!-- Pagination -->\n\t<div class='ngg-clear'><\/div>\t<\/div>\n\n<p>\u00c8 stata inaugurata all\u2019Accademia Albertina di Belle Arti, la seconda edizione di <strong>EXPOSED Torino Foto Festival<\/strong>, manifestazione internazionale interamente dedicata alla fotografia contemporanea. Fino al 2 giugno, il festival animer\u00e0 la citt\u00e0 con <strong>dodici mostre gratuite<\/strong> in sedi espositive diffuse, coinvolgendo <strong>sedici artisti internazionali<\/strong> che con i loro scatti affrontano i temi cruciali e complessi della contemporaneit\u00e0: dai cambiamenti climatici alle disuguaglianze sociali, dalla memoria collettiva al rapporto sempre pi\u00f9 ibrido tra uomo e tecnologia.<\/p>\n<p><strong>L\u2019Accademia Albertina: cuore pulsante del festival<\/strong><\/p>\n<p>L\u2019Accademia Albertina, sede simbolo della formazione artistica torinese, si conferma <strong>cuore pulsante del festival<\/strong>, ospitando le opere di cinque artisti che offrono visioni penetranti del nostro presente.<\/p>\n<p>Tra questi, il fotografo congolese <strong>Georges Senga<\/strong> con <em>D\u00e9calquer<\/em>, che indaga le radici dimenticate di una comunit\u00e0 nippo-congolese segnata dal neocolonialismo minerario. Accanto a lui, lo statunitense <strong>Gregory Halpern<\/strong>, membro della celebre Magnum Photos, presenta <em>Omaha Sketchbook<\/em>, una narrazione visiva sulla citt\u00e0 di Omaha, Nebraska, sospesa tra ruralit\u00e0, crisi sociale e aspettative future.<\/p>\n<p>Spazio anche alla ricerca visuale e politica di <strong>Lisa Barnard<\/strong> con <em>Running Fast \u2013 Senses Off<\/em>, una riflessione intensa sulle tecnologie militari e la percezione. <strong>Silvia Rosi<\/strong>, vincitrice del C\/O Berlin Talent Award 2024, intreccia autoritratto e memoria diasporica in <em>Disintegrata<\/em>, mentre <strong>Valeria Cherchi<\/strong> esplora con <em>RE:Birth<\/em> la violenza ostetrica e ginecologica, combinando documentazione e sensibilit\u00e0 artistica in un racconto stratificato.<\/p>\n<p><strong>Una rete diffusa di mostre in tutta la citt\u00e0<\/strong><\/p>\n<p>Al di fuori dell\u2019Accademia, il festival si ramifica in altre sedi cittadine. Tra queste, l\u2019<strong>Archivio di Stato<\/strong>, dove il taiwanese <strong>Sheng-Wen Lo<\/strong> espone <em>Not Bad Intentions. Attempts to Coexist<\/em>, una riflessione sull\u2019antropocentrismo ambientale. Nello stesso spazio, la mostra collettiva <em>To Be In and Out of the World<\/em>, curata da <strong>Zo\u00e9 Samudzi<\/strong>, mette in dialogo artisti da Palestina, Sudafrica e Hong Kong.<\/p>\n<p>Alla <strong>GAM \u2013 Galleria d\u2019Arte Moderna e Contemporanea<\/strong>, il boliviano <strong>River Claure<\/strong>, vincitore dell\u2019EXPOSED Grant 2024, rilegge il mito dell\u2019Amazzonia con l\u2019opera <em>Once Upon a Time in the Jungle<\/em>, unendo western, cultura indigena e immaginario postcoloniale.<\/p>\n<p>Le <strong>OGR Torino<\/strong> ospitano la collettiva <em>Almost Real. From Trace to Simulation<\/em>, incentrata sul rapporto tra fotografia e intelligenza artificiale, con opere di <strong>Alan Butler<\/strong>, <strong>Nora Al-Badri<\/strong> e <strong>Lawrence Lek<\/strong>.<\/p>\n<p>A <strong>Palazzo Carignano<\/strong>, l\u2019installazione <em>Climate Tribunal<\/em> di <strong>Paolo Cirio<\/strong> trasforma i ghiacciai in soggetti giuridici per denunciare le responsabilit\u00e0 delle aziende nel cambiamento climatico.<\/p>\n<p><strong>Un festival che coinvolge, educa e si espande<\/strong><\/p>\n<p>Completano il programma numerosi appuntamenti del <strong>public programme<\/strong>, tra cui visite guidate, talk, workshop e attivit\u00e0 didattiche. Il primo evento si terr\u00e0 <strong>gioved\u00ec 17 aprile<\/strong> proprio all\u2019Accademia Albertina, con tre panel dedicati a colonialismo, immagini sintetiche e convivenza umano\/non-umano.<\/p>\n<p>Torna anche <strong>EXPOSED Photomatch<\/strong>, in collaborazione con Fotofestiwal \u0141\u00f3d\u017a, con tredici fotografi selezionati tramite open call che dialogheranno con esperti internazionali in un format innovativo di portfolio review.<\/p>\n<p>Per gli appassionati di fotografia analogica, <strong>Lomowalks<\/strong> in collaborazione con LOMOGRAPHY proporranno itinerari alternativi alla scoperta della citt\u00e0, mentre l\u2019<strong>Educational Programme<\/strong> rende il festival accessibile a tutte le et\u00e0 con materiali didattici e mediatori culturali. Ai pi\u00f9 piccoli \u00e8 dedicato il <strong>Passaporto Kids<\/strong>, guida educativa illustrata disponibile gratuitamente.<\/p>\n<p>Infine, grazie al progetto <strong>Echoes<\/strong>, EXPOSED si estende oltre le sedi ufficiali, coinvolgendo musei, gallerie, collettivi e spazi indipendenti, trasformando Torino in un vero e proprio laboratorio di visioni contemporanee.<\/p>\n<p><a href=\"https:\/\/www.exposed.photography\/\"><strong>EXPOSED Torino Foto Festival<\/strong><\/a><\/p>\n<p>&nbsp;<\/p>\n","protected":false},"excerpt":{"rendered":"<p>\u00c8 stata inaugurata all\u2019Accademia Albertina di Belle Arti, la seconda edizione di EXPOSED Torino Foto Festival, manifestazione internazionale interamente dedicata alla fotografia contemporanea. Fino al 2 giugno, il festival animer\u00e0 la citt\u00e0 con dodici mostre gratuite in sedi espositive diffuse, coinvolgendo sedici artisti internazionali che con i loro scatti affrontano i temi cruciali e complessi [&hellip;]<\/p>\n","protected":false},"author":1,"featured_media":0,"comment_status":"closed","ping_status":"open","sticky":false,"template":"","format":"standard","meta":{"ngg_post_thumbnail":0},"categories":[54,1],"tags":[],"_links":{"self":[{"href":"http:\/\/www.spaziotorino.it\/scatto\/index.php?rest_route=\/wp\/v2\/posts\/55754"}],"collection":[{"href":"http:\/\/www.spaziotorino.it\/scatto\/index.php?rest_route=\/wp\/v2\/posts"}],"about":[{"href":"http:\/\/www.spaziotorino.it\/scatto\/index.php?rest_route=\/wp\/v2\/types\/post"}],"author":[{"embeddable":true,"href":"http:\/\/www.spaziotorino.it\/scatto\/index.php?rest_route=\/wp\/v2\/users\/1"}],"replies":[{"embeddable":true,"href":"http:\/\/www.spaziotorino.it\/scatto\/index.php?rest_route=%2Fwp%2Fv2%2Fcomments&post=55754"}],"version-history":[{"count":3,"href":"http:\/\/www.spaziotorino.it\/scatto\/index.php?rest_route=\/wp\/v2\/posts\/55754\/revisions"}],"predecessor-version":[{"id":55770,"href":"http:\/\/www.spaziotorino.it\/scatto\/index.php?rest_route=\/wp\/v2\/posts\/55754\/revisions\/55770"}],"wp:attachment":[{"href":"http:\/\/www.spaziotorino.it\/scatto\/index.php?rest_route=%2Fwp%2Fv2%2Fmedia&parent=55754"}],"wp:term":[{"taxonomy":"category","embeddable":true,"href":"http:\/\/www.spaziotorino.it\/scatto\/index.php?rest_route=%2Fwp%2Fv2%2Fcategories&post=55754"},{"taxonomy":"post_tag","embeddable":true,"href":"http:\/\/www.spaziotorino.it\/scatto\/index.php?rest_route=%2Fwp%2Fv2%2Ftags&post=55754"}],"curies":[{"name":"wp","href":"https:\/\/api.w.org\/{rel}","templated":true}]}}