{"id":573,"date":"2010-05-12T15:59:16","date_gmt":"2010-05-12T14:59:16","guid":{"rendered":"http:\/\/www.spaziotorino.it\/scatto\/?p=573"},"modified":"2010-05-12T22:16:15","modified_gmt":"2010-05-12T21:16:15","slug":"mario-merz-una-mostra-ricca-di-suggestioni","status":"publish","type":"post","link":"http:\/\/www.spaziotorino.it\/scatto\/?p=573","title":{"rendered":"Mario Merz, una mostra ricca di suggestioni"},"content":{"rendered":"<p><a title=\"Tavolo per i libri di Beatrice, 1988 - Turbina, 1988\" rel=\"lightbox[set_87]\" href=\"http:\/\/www.spaziotorino.it\/scatto\/wp-content\/gallery\/2010_05_12_merz\/1205_merz_7646.jpg\"><br \/>\n<img decoding=\"async\" loading=\"lazy\" class=\"ngg-singlepic\" title=\"Tavolo per i libri di Beatrice, 1988 - Turbina, 1988t\" src=\"http:\/\/www.spaziotorino.it\/scatto\/wp-content\/gallery\/2010_05_12_merz\/1205_merz_7646.jpg\" alt=\"\" width=\"540\" height=\"360\" \/><br \/>\n<\/a><\/p>\n<!-- index.php -->\n<div\n\tclass=\"ngg-galleryoverview ngg-ajax-pagination-none\"\n\tid=\"ngg-gallery-c5bf28f50e58b4e56874fd7cdc32e800-1\">\n\n    \t\t<!-- Thumbnails -->\n\t\t\t\t<div id=\"ngg-image-0\" class=\"ngg-gallery-thumbnail-box\" >\n\t\t\t\t        <div class=\"ngg-gallery-thumbnail\">\n            <a href=\"http:\/\/www.spaziotorino.it\/scatto\/wp-content\/gallery\/2010_05_12_merz\/1205_merz_7605.jpg\"\n               title=\"Fondazione Merz, in primo piano \\&quot;Casa del giardiniere\\&quot;, 1983-84\"\n               data-src=\"http:\/\/www.spaziotorino.it\/scatto\/wp-content\/gallery\/2010_05_12_merz\/1205_merz_7605.jpg\"\n               data-thumbnail=\"http:\/\/www.spaziotorino.it\/scatto\/wp-content\/gallery\/2010_05_12_merz\/thumbs\/thumbs_1205_merz_7605.jpg\"\n               data-image-id=\"1441\"\n               data-title=\"Fondazione Merz, in primo piano\"\n               data-description=\"Fondazione Merz, in primo piano &quot;Casa del giardiniere&quot;, 1983-84\"\n               data-image-slug=\"fondazione-merz-in-primo-piano\"\n               class=\"ngg-fancybox\" rel=\"c5bf28f50e58b4e56874fd7cdc32e800\">\n                <img\n                    title=\"Fondazione Merz, in primo piano\"\n                    alt=\"Fondazione Merz, in primo piano\"\n                    src=\"http:\/\/www.spaziotorino.it\/scatto\/wp-content\/gallery\/2010_05_12_merz\/cache\/1205_merz_7605.jpg-nggid041441-ngg0dyn-60x60x100-00f0w010c011r110f110r010t010.jpg\"\n                    width=\"60\"\n                    height=\"60\"\n                    style=\"max-width:100%;\"\n                \/>\n            <\/a>\n        <\/div>\n\t\t\t\t\t\t\t<\/div> \n\t\t\t\n        \n\t\t\t\t<div id=\"ngg-image-1\" class=\"ngg-gallery-thumbnail-box\" >\n\t\t\t\t        <div class=\"ngg-gallery-thumbnail\">\n            <a href=\"http:\/\/www.spaziotorino.it\/scatto\/wp-content\/gallery\/2010_05_12_merz\/1205_merz_7610-copia.jpg\"\n               title=\"Lezione di anatomia, 1979\"\n               data-src=\"http:\/\/www.spaziotorino.it\/scatto\/wp-content\/gallery\/2010_05_12_merz\/1205_merz_7610-copia.jpg\"\n               data-thumbnail=\"http:\/\/www.spaziotorino.it\/scatto\/wp-content\/gallery\/2010_05_12_merz\/thumbs\/thumbs_1205_merz_7610-copia.jpg\"\n               data-image-id=\"1458\"\n               data-title=\"Lezione di anatomia, 1979\"\n               data-description=\"Lezione di anatomia, 1979\"\n               data-image-slug=\"lezione-di-anatomia-1979\"\n               class=\"ngg-fancybox\" rel=\"c5bf28f50e58b4e56874fd7cdc32e800\">\n                <img\n                    title=\"Lezione di anatomia, 1979\"\n                    alt=\"Lezione di anatomia, 1979\"\n                    src=\"http:\/\/www.spaziotorino.it\/scatto\/wp-content\/gallery\/2010_05_12_merz\/cache\/1205_merz_7610-copia.jpg-nggid041458-ngg0dyn-60x60x100-00f0w010c011r110f110r010t010.jpg\"\n                    width=\"60\"\n                    height=\"60\"\n                    style=\"max-width:100%;\"\n                \/>\n            <\/a>\n        <\/div>\n\t\t\t\t\t\t\t<\/div> \n\t\t\t\n        \n\t\t\t\t<div id=\"ngg-image-2\" class=\"ngg-gallery-thumbnail-box\" >\n\t\t\t\t        <div class=\"ngg-gallery-thumbnail\">\n            <a href=\"http:\/\/www.spaziotorino.it\/scatto\/wp-content\/gallery\/2010_05_12_merz\/1205_merz_7614.jpg\"\n               title=\"Mario Merz, Pageantry of painting. Corteo della pittura\"\n               data-src=\"http:\/\/www.spaziotorino.it\/scatto\/wp-content\/gallery\/2010_05_12_merz\/1205_merz_7614.jpg\"\n               data-thumbnail=\"http:\/\/www.spaziotorino.it\/scatto\/wp-content\/gallery\/2010_05_12_merz\/thumbs\/thumbs_1205_merz_7614.jpg\"\n               data-image-id=\"1443\"\n               data-title=\"Mario Merz, Pageantry of painting. Corteo della pittura\"\n               data-description=\"Mario Merz, Pageantry of painting. Corteo della pittura\"\n               data-image-slug=\"mario-merz-pageantry-of-painting-corteo-della-pittura\"\n               class=\"ngg-fancybox\" rel=\"c5bf28f50e58b4e56874fd7cdc32e800\">\n                <img\n                    title=\"Mario Merz, Pageantry of painting. Corteo della pittura\"\n                    alt=\"Mario Merz, Pageantry of painting. Corteo della pittura\"\n                    src=\"http:\/\/www.spaziotorino.it\/scatto\/wp-content\/gallery\/2010_05_12_merz\/cache\/1205_merz_7614.jpg-nggid041443-ngg0dyn-60x60x100-00f0w010c011r110f110r010t010.jpg\"\n                    width=\"60\"\n                    height=\"60\"\n                    style=\"max-width:100%;\"\n                \/>\n            <\/a>\n        <\/div>\n\t\t\t\t\t\t\t<\/div> \n\t\t\t\n        \n\t\t\t\t<div id=\"ngg-image-3\" class=\"ngg-gallery-thumbnail-box\" >\n\t\t\t\t        <div class=\"ngg-gallery-thumbnail\">\n            <a href=\"http:\/\/www.spaziotorino.it\/scatto\/wp-content\/gallery\/2010_05_12_merz\/1205_merz_7615.jpg\"\n               title=\"Un lago \u00e8 un fiume avvolto su se stesso\"\n               data-src=\"http:\/\/www.spaziotorino.it\/scatto\/wp-content\/gallery\/2010_05_12_merz\/1205_merz_7615.jpg\"\n               data-thumbnail=\"http:\/\/www.spaziotorino.it\/scatto\/wp-content\/gallery\/2010_05_12_merz\/thumbs\/thumbs_1205_merz_7615.jpg\"\n               data-image-id=\"1444\"\n               data-title=\"Un lago \u00e8 un fiume avvolto su se stesso\"\n               data-description=\"Un lago \u00e8 un fiume avvolto su se stesso\"\n               data-image-slug=\"un-lago-%c3%a8-un-fiume-avvolto-su-se-stesso\"\n               class=\"ngg-fancybox\" rel=\"c5bf28f50e58b4e56874fd7cdc32e800\">\n                <img\n                    title=\"Un lago \u00e8 un fiume avvolto su se stesso\"\n                    alt=\"Un lago \u00e8 un fiume avvolto su se stesso\"\n                    src=\"http:\/\/www.spaziotorino.it\/scatto\/wp-content\/gallery\/2010_05_12_merz\/cache\/1205_merz_7615.jpg-nggid041444-ngg0dyn-60x60x100-00f0w010c011r110f110r010t010.jpg\"\n                    width=\"60\"\n                    height=\"60\"\n                    style=\"max-width:100%;\"\n                \/>\n            <\/a>\n        <\/div>\n\t\t\t\t\t\t\t<\/div> \n\t\t\t\n        \n\t\t\t\t<div id=\"ngg-image-4\" class=\"ngg-gallery-thumbnail-box\" >\n\t\t\t\t        <div class=\"ngg-gallery-thumbnail\">\n            <a href=\"http:\/\/www.spaziotorino.it\/scatto\/wp-content\/gallery\/2010_05_12_merz\/1205_merz_7621-copia.jpg\"\n               title=\"Senza titolo (tavoli), 1974\"\n               data-src=\"http:\/\/www.spaziotorino.it\/scatto\/wp-content\/gallery\/2010_05_12_merz\/1205_merz_7621-copia.jpg\"\n               data-thumbnail=\"http:\/\/www.spaziotorino.it\/scatto\/wp-content\/gallery\/2010_05_12_merz\/thumbs\/thumbs_1205_merz_7621-copia.jpg\"\n               data-image-id=\"1459\"\n               data-title=\"Senza titolo (tavoli), 1974\"\n               data-description=\"Senza titolo (tavoli), 1974\"\n               data-image-slug=\"senza-titolo-tavoli-1974\"\n               class=\"ngg-fancybox\" rel=\"c5bf28f50e58b4e56874fd7cdc32e800\">\n                <img\n                    title=\"Senza titolo (tavoli), 1974\"\n                    alt=\"Senza titolo (tavoli), 1974\"\n                    src=\"http:\/\/www.spaziotorino.it\/scatto\/wp-content\/gallery\/2010_05_12_merz\/cache\/1205_merz_7621-copia.jpg-nggid041459-ngg0dyn-60x60x100-00f0w010c011r110f110r010t010.jpg\"\n                    width=\"60\"\n                    height=\"60\"\n                    style=\"max-width:100%;\"\n                \/>\n            <\/a>\n        <\/div>\n\t\t\t\t\t\t\t<\/div> \n\t\t\t\n        \n\t\t\t\t<div id=\"ngg-image-5\" class=\"ngg-gallery-thumbnail-box\" >\n\t\t\t\t        <div class=\"ngg-gallery-thumbnail\">\n            <a href=\"http:\/\/www.spaziotorino.it\/scatto\/wp-content\/gallery\/2010_05_12_merz\/1205_merz_7628-copia.jpg\"\n               title=\"Senza titolo, 1982 - Irritabile irritato, 1979\"\n               data-src=\"http:\/\/www.spaziotorino.it\/scatto\/wp-content\/gallery\/2010_05_12_merz\/1205_merz_7628-copia.jpg\"\n               data-thumbnail=\"http:\/\/www.spaziotorino.it\/scatto\/wp-content\/gallery\/2010_05_12_merz\/thumbs\/thumbs_1205_merz_7628-copia.jpg\"\n               data-image-id=\"1460\"\n               data-title=\"Senza titolo, 1982 - Irritabile irritato, 1979\"\n               data-description=\"Senza titolo, 1982 - Irritabile irritato, 1979\"\n               data-image-slug=\"senza-titolo-1982-irritabile-irritato-1979\"\n               class=\"ngg-fancybox\" rel=\"c5bf28f50e58b4e56874fd7cdc32e800\">\n                <img\n                    title=\"Senza titolo, 1982 - Irritabile irritato, 1979\"\n                    alt=\"Senza titolo, 1982 - Irritabile irritato, 1979\"\n                    src=\"http:\/\/www.spaziotorino.it\/scatto\/wp-content\/gallery\/2010_05_12_merz\/cache\/1205_merz_7628-copia.jpg-nggid041460-ngg0dyn-60x60x100-00f0w010c011r110f110r010t010.jpg\"\n                    width=\"60\"\n                    height=\"60\"\n                    style=\"max-width:100%;\"\n                \/>\n            <\/a>\n        <\/div>\n\t\t\t\t\t\t\t<\/div> \n\t\t\t\n        \n\t\t\t\t<div id=\"ngg-image-6\" class=\"ngg-gallery-thumbnail-box\" >\n\t\t\t\t        <div class=\"ngg-gallery-thumbnail\">\n            <a href=\"http:\/\/www.spaziotorino.it\/scatto\/wp-content\/gallery\/2010_05_12_merz\/1205_merz_7635.jpg\"\n               title=\"Cinque viaggiatori, 1981\"\n               data-src=\"http:\/\/www.spaziotorino.it\/scatto\/wp-content\/gallery\/2010_05_12_merz\/1205_merz_7635.jpg\"\n               data-thumbnail=\"http:\/\/www.spaziotorino.it\/scatto\/wp-content\/gallery\/2010_05_12_merz\/thumbs\/thumbs_1205_merz_7635.jpg\"\n               data-image-id=\"1447\"\n               data-title=\"Cinque viaggiatori, 1981\"\n               data-description=\"Cinque viaggiatori, 1981\"\n               data-image-slug=\"cinque-viaggiatori-1981\"\n               class=\"ngg-fancybox\" rel=\"c5bf28f50e58b4e56874fd7cdc32e800\">\n                <img\n                    title=\"Cinque viaggiatori, 1981\"\n                    alt=\"Cinque viaggiatori, 1981\"\n                    src=\"http:\/\/www.spaziotorino.it\/scatto\/wp-content\/gallery\/2010_05_12_merz\/cache\/1205_merz_7635.jpg-nggid041447-ngg0dyn-60x60x100-00f0w010c011r110f110r010t010.jpg\"\n                    width=\"60\"\n                    height=\"60\"\n                    style=\"max-width:100%;\"\n                \/>\n            <\/a>\n        <\/div>\n\t\t\t\t\t\t\t<\/div> \n\t\t\t\n        \n\t\t\t\t<div id=\"ngg-image-7\" class=\"ngg-gallery-thumbnail-box\" >\n\t\t\t\t        <div class=\"ngg-gallery-thumbnail\">\n            <a href=\"http:\/\/www.spaziotorino.it\/scatto\/wp-content\/gallery\/2010_05_12_merz\/1205_merz_7640.jpg\"\n               title=\"Senza titolo, 1983\"\n               data-src=\"http:\/\/www.spaziotorino.it\/scatto\/wp-content\/gallery\/2010_05_12_merz\/1205_merz_7640.jpg\"\n               data-thumbnail=\"http:\/\/www.spaziotorino.it\/scatto\/wp-content\/gallery\/2010_05_12_merz\/thumbs\/thumbs_1205_merz_7640.jpg\"\n               data-image-id=\"1448\"\n               data-title=\"Senza titolo, 1983\"\n               data-description=\"Senza titolo, 1983\"\n               data-image-slug=\"senza-titolo-1983\"\n               class=\"ngg-fancybox\" rel=\"c5bf28f50e58b4e56874fd7cdc32e800\">\n                <img\n                    title=\"Senza titolo, 1983\"\n                    alt=\"Senza titolo, 1983\"\n                    src=\"http:\/\/www.spaziotorino.it\/scatto\/wp-content\/gallery\/2010_05_12_merz\/cache\/1205_merz_7640.jpg-nggid041448-ngg0dyn-60x60x100-00f0w010c011r110f110r010t010.jpg\"\n                    width=\"60\"\n                    height=\"60\"\n                    style=\"max-width:100%;\"\n                \/>\n            <\/a>\n        <\/div>\n\t\t\t\t\t\t\t<\/div> \n\t\t\t\n        \n\t\t\t\t<div id=\"ngg-image-8\" class=\"ngg-gallery-thumbnail-box\" >\n\t\t\t\t        <div class=\"ngg-gallery-thumbnail\">\n            <a href=\"http:\/\/www.spaziotorino.it\/scatto\/wp-content\/gallery\/2010_05_12_merz\/1205_merz_7641.jpg\"\n               title=\"Igloo con vortice, 1981\"\n               data-src=\"http:\/\/www.spaziotorino.it\/scatto\/wp-content\/gallery\/2010_05_12_merz\/1205_merz_7641.jpg\"\n               data-thumbnail=\"http:\/\/www.spaziotorino.it\/scatto\/wp-content\/gallery\/2010_05_12_merz\/thumbs\/thumbs_1205_merz_7641.jpg\"\n               data-image-id=\"1449\"\n               data-title=\"Igloo con vortice, 1981\"\n               data-description=\"Igloo con vortice, 1981\"\n               data-image-slug=\"igloo-con-vortice-1981\"\n               class=\"ngg-fancybox\" rel=\"c5bf28f50e58b4e56874fd7cdc32e800\">\n                <img\n                    title=\"Igloo con vortice, 1981\"\n                    alt=\"Igloo con vortice, 1981\"\n                    src=\"http:\/\/www.spaziotorino.it\/scatto\/wp-content\/gallery\/2010_05_12_merz\/cache\/1205_merz_7641.jpg-nggid041449-ngg0dyn-60x60x100-00f0w010c011r110f110r010t010.jpg\"\n                    width=\"60\"\n                    height=\"60\"\n                    style=\"max-width:100%;\"\n                \/>\n            <\/a>\n        <\/div>\n\t\t\t\t\t\t\t<\/div> \n\t\t\t\n        \n\t\t\t\t<div id=\"ngg-image-9\" class=\"ngg-gallery-thumbnail-box\" >\n\t\t\t\t        <div class=\"ngg-gallery-thumbnail\">\n            <a href=\"http:\/\/www.spaziotorino.it\/scatto\/wp-content\/gallery\/2010_05_12_merz\/1205_merz_7646.jpg\"\n               title=\"Tavolo per i libri di Beatrice, 1988 - Turbina, 1988\"\n               data-src=\"http:\/\/www.spaziotorino.it\/scatto\/wp-content\/gallery\/2010_05_12_merz\/1205_merz_7646.jpg\"\n               data-thumbnail=\"http:\/\/www.spaziotorino.it\/scatto\/wp-content\/gallery\/2010_05_12_merz\/thumbs\/thumbs_1205_merz_7646.jpg\"\n               data-image-id=\"1450\"\n               data-title=\"Tavolo per i libri di Beatrice, 1988 - Turbina, 1988\"\n               data-description=\"Tavolo per i libri di Beatrice, 1988 - Turbina, 1988\"\n               data-image-slug=\"tavolo-per-i-libri-di-beatrice-1988-turbina-1988\"\n               class=\"ngg-fancybox\" rel=\"c5bf28f50e58b4e56874fd7cdc32e800\">\n                <img\n                    title=\"Tavolo per i libri di Beatrice, 1988 - Turbina, 1988\"\n                    alt=\"Tavolo per i libri di Beatrice, 1988 - Turbina, 1988\"\n                    src=\"http:\/\/www.spaziotorino.it\/scatto\/wp-content\/gallery\/2010_05_12_merz\/cache\/1205_merz_7646.jpg-nggid041450-ngg0dyn-60x60x100-00f0w010c011r110f110r010t010.jpg\"\n                    width=\"60\"\n                    height=\"60\"\n                    style=\"max-width:100%;\"\n                \/>\n            <\/a>\n        <\/div>\n\t\t\t\t\t\t\t<\/div> \n\t\t\t\n        \n\t\t\t\t<div id=\"ngg-image-10\" class=\"ngg-gallery-thumbnail-box\" >\n\t\t\t\t        <div class=\"ngg-gallery-thumbnail\">\n            <a href=\"http:\/\/www.spaziotorino.it\/scatto\/wp-content\/gallery\/2010_05_12_merz\/1205_merz_7659.jpg\"\n               title=\"Rudi Fuchs\"\n               data-src=\"http:\/\/www.spaziotorino.it\/scatto\/wp-content\/gallery\/2010_05_12_merz\/1205_merz_7659.jpg\"\n               data-thumbnail=\"http:\/\/www.spaziotorino.it\/scatto\/wp-content\/gallery\/2010_05_12_merz\/thumbs\/thumbs_1205_merz_7659.jpg\"\n               data-image-id=\"1451\"\n               data-title=\"Rudi Fuchs\"\n               data-description=\"Rudi Fuchs\"\n               data-image-slug=\"rudi-fuchs\"\n               class=\"ngg-fancybox\" rel=\"c5bf28f50e58b4e56874fd7cdc32e800\">\n                <img\n                    title=\"Rudi Fuchs\"\n                    alt=\"Rudi Fuchs\"\n                    src=\"http:\/\/www.spaziotorino.it\/scatto\/wp-content\/gallery\/2010_05_12_merz\/cache\/1205_merz_7659.jpg-nggid041451-ngg0dyn-60x60x100-00f0w010c011r110f110r010t010.jpg\"\n                    width=\"60\"\n                    height=\"60\"\n                    style=\"max-width:100%;\"\n                \/>\n            <\/a>\n        <\/div>\n\t\t\t\t\t\t\t<\/div> \n\t\t\t\n        \n\t\t\t\t<div id=\"ngg-image-11\" class=\"ngg-gallery-thumbnail-box\" >\n\t\t\t\t        <div class=\"ngg-gallery-thumbnail\">\n            <a href=\"http:\/\/www.spaziotorino.it\/scatto\/wp-content\/gallery\/2010_05_12_merz\/1205_merz_7672.jpg\"\n               title=\"Rinoceronte, 1980\"\n               data-src=\"http:\/\/www.spaziotorino.it\/scatto\/wp-content\/gallery\/2010_05_12_merz\/1205_merz_7672.jpg\"\n               data-thumbnail=\"http:\/\/www.spaziotorino.it\/scatto\/wp-content\/gallery\/2010_05_12_merz\/thumbs\/thumbs_1205_merz_7672.jpg\"\n               data-image-id=\"1452\"\n               data-title=\"Rinoceronte, 1980\"\n               data-description=\"Rinoceronte, 1980\"\n               data-image-slug=\"rinoceronte-1980\"\n               class=\"ngg-fancybox\" rel=\"c5bf28f50e58b4e56874fd7cdc32e800\">\n                <img\n                    title=\"Rinoceronte, 1980\"\n                    alt=\"Rinoceronte, 1980\"\n                    src=\"http:\/\/www.spaziotorino.it\/scatto\/wp-content\/gallery\/2010_05_12_merz\/cache\/1205_merz_7672.jpg-nggid041452-ngg0dyn-60x60x100-00f0w010c011r110f110r010t010.jpg\"\n                    width=\"60\"\n                    height=\"60\"\n                    style=\"max-width:100%;\"\n                \/>\n            <\/a>\n        <\/div>\n\t\t\t\t\t\t\t<\/div> \n\t\t\t\n        \n\t\t\t\t<div id=\"ngg-image-12\" class=\"ngg-gallery-thumbnail-box\" >\n\t\t\t\t        <div class=\"ngg-gallery-thumbnail\">\n            <a href=\"http:\/\/www.spaziotorino.it\/scatto\/wp-content\/gallery\/2010_05_12_merz\/1205_merz_7677.jpg\"\n               title=\"Gambe, 1978\"\n               data-src=\"http:\/\/www.spaziotorino.it\/scatto\/wp-content\/gallery\/2010_05_12_merz\/1205_merz_7677.jpg\"\n               data-thumbnail=\"http:\/\/www.spaziotorino.it\/scatto\/wp-content\/gallery\/2010_05_12_merz\/thumbs\/thumbs_1205_merz_7677.jpg\"\n               data-image-id=\"1453\"\n               data-title=\"Gambe, 1978\"\n               data-description=\"Gambe, 1978\"\n               data-image-slug=\"gambe-1978\"\n               class=\"ngg-fancybox\" rel=\"c5bf28f50e58b4e56874fd7cdc32e800\">\n                <img\n                    title=\"Gambe, 1978\"\n                    alt=\"Gambe, 1978\"\n                    src=\"http:\/\/www.spaziotorino.it\/scatto\/wp-content\/gallery\/2010_05_12_merz\/cache\/1205_merz_7677.jpg-nggid041453-ngg0dyn-60x60x100-00f0w010c011r110f110r010t010.jpg\"\n                    width=\"60\"\n                    height=\"60\"\n                    style=\"max-width:100%;\"\n                \/>\n            <\/a>\n        <\/div>\n\t\t\t\t\t\t\t<\/div> \n\t\t\t\n        \n\t\t\t\t<div id=\"ngg-image-13\" class=\"ngg-gallery-thumbnail-box\" >\n\t\t\t\t        <div class=\"ngg-gallery-thumbnail\">\n            <a href=\"http:\/\/www.spaziotorino.it\/scatto\/wp-content\/gallery\/2010_05_12_merz\/1205_merz_7695.jpg\"\n               title=\"Mario Merz, una mostra ricca di suggestioni\"\n               data-src=\"http:\/\/www.spaziotorino.it\/scatto\/wp-content\/gallery\/2010_05_12_merz\/1205_merz_7695.jpg\"\n               data-thumbnail=\"http:\/\/www.spaziotorino.it\/scatto\/wp-content\/gallery\/2010_05_12_merz\/thumbs\/thumbs_1205_merz_7695.jpg\"\n               data-image-id=\"1454\"\n               data-title=\"Mario Merz, una mostra ricca di suggestioni\"\n               data-description=\"Mario Merz, una mostra ricca di suggestioni\"\n               data-image-slug=\"mario-merz-una-mostra-ricca-di-suggestioni\"\n               class=\"ngg-fancybox\" rel=\"c5bf28f50e58b4e56874fd7cdc32e800\">\n                <img\n                    title=\"Mario Merz, una mostra ricca di suggestioni\"\n                    alt=\"Mario Merz, una mostra ricca di suggestioni\"\n                    src=\"http:\/\/www.spaziotorino.it\/scatto\/wp-content\/gallery\/2010_05_12_merz\/cache\/1205_merz_7695.jpg-nggid041454-ngg0dyn-60x60x100-00f0w010c011r110f110r010t010.jpg\"\n                    width=\"60\"\n                    height=\"60\"\n                    style=\"max-width:100%;\"\n                \/>\n            <\/a>\n        <\/div>\n\t\t\t\t\t\t\t<\/div> \n\t\t\t\n        \n\t\t\n\t\t<!-- Pagination -->\n\t<div class='ngg-clear'><\/div>\t<\/div>\n\n<p>Una mostra ricca di suggestioni, quella che la Fondazione Merz ha dedicato a Mario, il padre dell\u2019arte povera, a cui \u00e8 dedicato il museo. \u201cRicordo quando da bambino andavo a vedere le parate dei giorni di festa \u2013 racconta l\u2019amico Rudi Fuchs, ideatore e curatore della personale che rimarr\u00e0 allestita fino al 26 settembre &#8211; dove i membri di ciascuna casata sfilavano con i loro stemmi. Ogni volta che vedo i grandi dipinti di Mario penso a quelle cerimonie spettacolari e alla possibilit\u00e0 di mettere in mostra una trentina di quelle immagini-stendardo come in una rappresentazione teatrale, per restituire loro quello sventolio particolare.\u201d <\/p>\n<p>L\u2019incanto di Pageantry of painting. Corteo della pittura, si percepisce da subito. Appena entrati in galleria si ha la sensazione di essere in \u201ccasa sua\u201d, perch\u00e9 si respira un\u2019atmosfera che riporta a tutto il suo lavoro, a una produzione che \u00e8 maturata nel tempo. Le opere in mostra, realizzate tra la met\u00e0 degli anni Settanta e la fine degli anni Ottanta, provengono sia da importanti musei europei sia da collezioni private e in alcuni casi non esposte al pubblico da molti anni. \u201cLa pittura \u00e8 alla base del suo lavoro \u2013 ha spiegato stamattina Fuchs \u2013 Mario \u00e8 sempre stato eccitato dai colori forti come un bambino dalle bambole\u201d. Esposte, sui muri bianchi della Fondazione, una ventina di grandi pitture selezionate dallo storico dell\u2019arte olandese \u2013 direttore del Castello di Rivoli dal 1984 al 1990 &#8211; con l\u2019assistenza di Cristina Mundici. Si tratta in buona parte di soggetti animali, per lo pi\u00f9 fantastici, dalle forme arcaiche, come il rinoceronte o l\u2019elefante, il coccodrillo, la rana e i mufloni, un teatro delle meraviglie. <\/p>\n<p>\u201cUna volta vidi Mario Merz mentre creava alcuni dei grandi dipinti inclusi in questa mostra \u2013 ha raccontato ancora Fuchs al pubblico intento ad ascoltare i suoi ricordi.- Procedeva con un pennello zuppo di colore e qualche bomboletta di vernice su tele non intelaiate, leggere e sottili come lenzuola. Pi\u00f9 che dipingere sembrava disegnare: linee allungate, curve, ondivaghe, che prendevano la forma di una qualche figura. Erano sagome ben delineate, potenti nel colore e nel disegno. Erano forme araldiche\u201d.<br \/>\nMario Merz era innanzitutto un fan di Jackson Pollock, che aveva portato in pittura la misura dell\u2019infinito. Partendo dagli spunti provenienti dalla natura i segni pittorici dl Merz tendono a dilatarsi sulla tela, ad acquisire una loro propria dignit\u00e0 organica. <\/p>\n<p>Gli strati di colore materico riversati sul quadro diventano essi stessi una seconda natura. L\u2019allestimento \u00e8 accompagnato &#8211; su scelta dei curatori &#8211; da poesie inglesi scritte sui muri. \u201cA fare la pittura &#8211; ha spiegato Fuchs \u2013 non \u00e8 la filosofia, ma la poesia, soprattutto quella inglese perch\u00e9 \u00e8 la lingua con il vocabolario pi\u00f9 ricco\u201d. Tra i lavori in mostra anche due igloo dipinti, Casa del giardiniere e Igloo (Tenda di Gheddafi) e il video Lumaca di Gerry Schum.<br \/>\n<em>LC <\/em><br \/>\n<a href=\"http:\/\/www.comune.torino.it\/torinoclick\/agenzia.php?id=893\">www.torinoclick.it 12 maggio<\/a><\/p>\n","protected":false},"excerpt":{"rendered":"<p>Una mostra ricca di suggestioni, quella che la Fondazione Merz ha dedicato a Mario, il padre dell\u2019arte povera, a cui \u00e8 dedicato il museo. \u201cRicordo quando da bambino andavo a vedere le parate dei giorni di festa \u2013 racconta l\u2019amico Rudi Fuchs, ideatore e curatore della personale che rimarr\u00e0 allestita fino al 26 settembre &#8211; [&hellip;]<\/p>\n","protected":false},"author":1,"featured_media":0,"comment_status":"open","ping_status":"open","sticky":false,"template":"","format":"standard","meta":{"ngg_post_thumbnail":0},"categories":[54,1],"tags":[3021,608,3135,3346],"_links":{"self":[{"href":"http:\/\/www.spaziotorino.it\/scatto\/index.php?rest_route=\/wp\/v2\/posts\/573"}],"collection":[{"href":"http:\/\/www.spaziotorino.it\/scatto\/index.php?rest_route=\/wp\/v2\/posts"}],"about":[{"href":"http:\/\/www.spaziotorino.it\/scatto\/index.php?rest_route=\/wp\/v2\/types\/post"}],"author":[{"embeddable":true,"href":"http:\/\/www.spaziotorino.it\/scatto\/index.php?rest_route=\/wp\/v2\/users\/1"}],"replies":[{"embeddable":true,"href":"http:\/\/www.spaziotorino.it\/scatto\/index.php?rest_route=%2Fwp%2Fv2%2Fcomments&post=573"}],"version-history":[{"count":2,"href":"http:\/\/www.spaziotorino.it\/scatto\/index.php?rest_route=\/wp\/v2\/posts\/573\/revisions"}],"predecessor-version":[{"id":575,"href":"http:\/\/www.spaziotorino.it\/scatto\/index.php?rest_route=\/wp\/v2\/posts\/573\/revisions\/575"}],"wp:attachment":[{"href":"http:\/\/www.spaziotorino.it\/scatto\/index.php?rest_route=%2Fwp%2Fv2%2Fmedia&parent=573"}],"wp:term":[{"taxonomy":"category","embeddable":true,"href":"http:\/\/www.spaziotorino.it\/scatto\/index.php?rest_route=%2Fwp%2Fv2%2Fcategories&post=573"},{"taxonomy":"post_tag","embeddable":true,"href":"http:\/\/www.spaziotorino.it\/scatto\/index.php?rest_route=%2Fwp%2Fv2%2Ftags&post=573"}],"curies":[{"name":"wp","href":"https:\/\/api.w.org\/{rel}","templated":true}]}}