{"id":57817,"date":"2025-09-08T14:00:29","date_gmt":"2025-09-08T13:00:29","guid":{"rendered":"http:\/\/www.spaziotorino.it\/scatto\/?p=57817"},"modified":"2025-09-08T14:00:29","modified_gmt":"2025-09-08T13:00:29","slug":"commemorato-al-cimitero-monumentale-l82-anniversario-dellarmistizio-dell8-settembre-1943","status":"publish","type":"post","link":"http:\/\/www.spaziotorino.it\/scatto\/?p=57817","title":{"rendered":"Commemorato al Cimitero Monumentale l\u201982\u00b0 Anniversario dell\u2019Armistizio dell\u20198 settembre 1943"},"content":{"rendered":"<p><a class=\"ngg-fancybox\" title=\"Commemorato al Cimitero Monumentale l\u201982\u00b0 Anniversario dell\u2019Armistizio dell\u20198 settembre 1943\" href=\"http:\/\/www.spaziotorino.it\/scatto\/wp-content\/gallery\/2025_09_08_8settembre\/PLA_9679.jpg\" rel=\"lightbox[set_2606]\"><br \/>\n<img decoding=\"async\" loading=\"lazy\" class=\"ngg-singlepic\" title=\"Commemorato al Cimitero Monumentale l\u201982\u00b0 Anniversario dell\u2019Armistizio dell\u20198 settembre 1943\" src=\"http:\/\/www.spaziotorino.it\/scatto\/wp-content\/gallery\/2025_09_08_8settembre\/PLA_9679.jpg\" alt=\"\" width=\"540\" height=\"360\"\/><\/a><\/p>\n<!-- index.php -->\n<div\n\tclass=\"ngg-galleryoverview ngg-ajax-pagination-none\"\n\tid=\"ngg-gallery-63362482628c46ebc9990d02579beb69-1\">\n\n    \t\t<!-- Thumbnails -->\n\t\t\t\t<div id=\"ngg-image-0\" class=\"ngg-gallery-thumbnail-box\" >\n\t\t\t\t        <div class=\"ngg-gallery-thumbnail\">\n            <a href=\"http:\/\/www.spaziotorino.it\/scatto\/wp-content\/gallery\/2025_09_08_8settembre\/PLA_9663.jpg\"\n               title=\"Commemorato al Cimitero Monumentale l\u201982\u00b0 Anniversario dell\u2019Armistizio dell\u20198 settembre 1943\"\n               data-src=\"http:\/\/www.spaziotorino.it\/scatto\/wp-content\/gallery\/2025_09_08_8settembre\/PLA_9663.jpg\"\n               data-thumbnail=\"http:\/\/www.spaziotorino.it\/scatto\/wp-content\/gallery\/2025_09_08_8settembre\/thumbs\/thumbs_PLA_9663.jpg\"\n               data-image-id=\"38388\"\n               data-title=\"Commemorato al Cimitero Monumentale l\u201982\u00b0 Anniversario dell\u2019Armistizio dell\u20198 settembre 1943\"\n               data-description=\"Commemorato al Cimitero Monumentale l\u201982\u00b0 Anniversario dell\u2019Armistizio dell\u20198 settembre 1943\"\n               data-image-slug=\"pla_9663-3\"\n               class=\"ngg-fancybox\" rel=\"63362482628c46ebc9990d02579beb69\">\n                <img\n                    title=\"Commemorato al Cimitero Monumentale l\u201982\u00b0 Anniversario dell\u2019Armistizio dell\u20198 settembre 1943\"\n                    alt=\"Commemorato al Cimitero Monumentale l\u201982\u00b0 Anniversario dell\u2019Armistizio dell\u20198 settembre 1943\"\n                    src=\"http:\/\/www.spaziotorino.it\/scatto\/wp-content\/gallery\/2025_09_08_8settembre\/cache\/PLA_9663.jpg-nggid0538388-ngg0dyn-60x60x100-00f0w010c011r110f110r010t010.jpg\"\n                    width=\"60\"\n                    height=\"60\"\n                    style=\"max-width:100%;\"\n                \/>\n            <\/a>\n        <\/div>\n\t\t\t\t\t\t\t<\/div> \n\t\t\t\n        \n\t\t\t\t<div id=\"ngg-image-1\" class=\"ngg-gallery-thumbnail-box\" >\n\t\t\t\t        <div class=\"ngg-gallery-thumbnail\">\n            <a href=\"http:\/\/www.spaziotorino.it\/scatto\/wp-content\/gallery\/2025_09_08_8settembre\/PLA_9669.jpg\"\n               title=\"Commemorato al Cimitero Monumentale l\u201982\u00b0 Anniversario dell\u2019Armistizio dell\u20198 settembre 1943\"\n               data-src=\"http:\/\/www.spaziotorino.it\/scatto\/wp-content\/gallery\/2025_09_08_8settembre\/PLA_9669.jpg\"\n               data-thumbnail=\"http:\/\/www.spaziotorino.it\/scatto\/wp-content\/gallery\/2025_09_08_8settembre\/thumbs\/thumbs_PLA_9669.jpg\"\n               data-image-id=\"38389\"\n               data-title=\"Commemorato al Cimitero Monumentale l\u201982\u00b0 Anniversario dell\u2019Armistizio dell\u20198 settembre 1943\"\n               data-description=\"Commemorato al Cimitero Monumentale l\u201982\u00b0 Anniversario dell\u2019Armistizio dell\u20198 settembre 1943\"\n               data-image-slug=\"pla_9669-5\"\n               class=\"ngg-fancybox\" rel=\"63362482628c46ebc9990d02579beb69\">\n                <img\n                    title=\"Commemorato al Cimitero Monumentale l\u201982\u00b0 Anniversario dell\u2019Armistizio dell\u20198 settembre 1943\"\n                    alt=\"Commemorato al Cimitero Monumentale l\u201982\u00b0 Anniversario dell\u2019Armistizio dell\u20198 settembre 1943\"\n                    src=\"http:\/\/www.spaziotorino.it\/scatto\/wp-content\/gallery\/2025_09_08_8settembre\/cache\/PLA_9669.jpg-nggid0538389-ngg0dyn-60x60x100-00f0w010c011r110f110r010t010.jpg\"\n                    width=\"60\"\n                    height=\"60\"\n                    style=\"max-width:100%;\"\n                \/>\n            <\/a>\n        <\/div>\n\t\t\t\t\t\t\t<\/div> \n\t\t\t\n        \n\t\t\t\t<div id=\"ngg-image-2\" class=\"ngg-gallery-thumbnail-box\" >\n\t\t\t\t        <div class=\"ngg-gallery-thumbnail\">\n            <a href=\"http:\/\/www.spaziotorino.it\/scatto\/wp-content\/gallery\/2025_09_08_8settembre\/PLA_9674.jpg\"\n               title=\"Commemorato al Cimitero Monumentale l\u201982\u00b0 Anniversario dell\u2019Armistizio dell\u20198 settembre 1943\"\n               data-src=\"http:\/\/www.spaziotorino.it\/scatto\/wp-content\/gallery\/2025_09_08_8settembre\/PLA_9674.jpg\"\n               data-thumbnail=\"http:\/\/www.spaziotorino.it\/scatto\/wp-content\/gallery\/2025_09_08_8settembre\/thumbs\/thumbs_PLA_9674.jpg\"\n               data-image-id=\"38384\"\n               data-title=\"Commemorato al Cimitero Monumentale l\u201982\u00b0 Anniversario dell\u2019Armistizio dell\u20198 settembre 1943\"\n               data-description=\"Commemorato al Cimitero Monumentale l\u201982\u00b0 Anniversario dell\u2019Armistizio dell\u20198 settembre 1943\"\n               data-image-slug=\"pla_9674-1\"\n               class=\"ngg-fancybox\" rel=\"63362482628c46ebc9990d02579beb69\">\n                <img\n                    title=\"Commemorato al Cimitero Monumentale l\u201982\u00b0 Anniversario dell\u2019Armistizio dell\u20198 settembre 1943\"\n                    alt=\"Commemorato al Cimitero Monumentale l\u201982\u00b0 Anniversario dell\u2019Armistizio dell\u20198 settembre 1943\"\n                    src=\"http:\/\/www.spaziotorino.it\/scatto\/wp-content\/gallery\/2025_09_08_8settembre\/cache\/PLA_9674.jpg-nggid0538384-ngg0dyn-60x60x100-00f0w010c011r110f110r010t010.jpg\"\n                    width=\"60\"\n                    height=\"60\"\n                    style=\"max-width:100%;\"\n                \/>\n            <\/a>\n        <\/div>\n\t\t\t\t\t\t\t<\/div> \n\t\t\t\n        \n\t\t\t\t<div id=\"ngg-image-3\" class=\"ngg-gallery-thumbnail-box\" >\n\t\t\t\t        <div class=\"ngg-gallery-thumbnail\">\n            <a href=\"http:\/\/www.spaziotorino.it\/scatto\/wp-content\/gallery\/2025_09_08_8settembre\/PLA_9686.jpg\"\n               title=\"Commemorato al Cimitero Monumentale l\u201982\u00b0 Anniversario dell\u2019Armistizio dell\u20198 settembre 1943\"\n               data-src=\"http:\/\/www.spaziotorino.it\/scatto\/wp-content\/gallery\/2025_09_08_8settembre\/PLA_9686.jpg\"\n               data-thumbnail=\"http:\/\/www.spaziotorino.it\/scatto\/wp-content\/gallery\/2025_09_08_8settembre\/thumbs\/thumbs_PLA_9686.jpg\"\n               data-image-id=\"38386\"\n               data-title=\"Commemorato al Cimitero Monumentale l\u201982\u00b0 Anniversario dell\u2019Armistizio dell\u20198 settembre 1943\"\n               data-description=\"Commemorato al Cimitero Monumentale l\u201982\u00b0 Anniversario dell\u2019Armistizio dell\u20198 settembre 1943\"\n               data-image-slug=\"pla_9686\"\n               class=\"ngg-fancybox\" rel=\"63362482628c46ebc9990d02579beb69\">\n                <img\n                    title=\"Commemorato al Cimitero Monumentale l\u201982\u00b0 Anniversario dell\u2019Armistizio dell\u20198 settembre 1943\"\n                    alt=\"Commemorato al Cimitero Monumentale l\u201982\u00b0 Anniversario dell\u2019Armistizio dell\u20198 settembre 1943\"\n                    src=\"http:\/\/www.spaziotorino.it\/scatto\/wp-content\/gallery\/2025_09_08_8settembre\/cache\/PLA_9686.jpg-nggid0538386-ngg0dyn-60x60x100-00f0w010c011r110f110r010t010.jpg\"\n                    width=\"60\"\n                    height=\"60\"\n                    style=\"max-width:100%;\"\n                \/>\n            <\/a>\n        <\/div>\n\t\t\t\t\t\t\t<\/div> \n\t\t\t\n        \n\t\t\t\t<div id=\"ngg-image-4\" class=\"ngg-gallery-thumbnail-box\" >\n\t\t\t\t        <div class=\"ngg-gallery-thumbnail\">\n            <a href=\"http:\/\/www.spaziotorino.it\/scatto\/wp-content\/gallery\/2025_09_08_8settembre\/PLA_9692.jpg\"\n               title=\"Commemorato al Cimitero Monumentale l\u201982\u00b0 Anniversario dell\u2019Armistizio dell\u20198 settembre 1943\"\n               data-src=\"http:\/\/www.spaziotorino.it\/scatto\/wp-content\/gallery\/2025_09_08_8settembre\/PLA_9692.jpg\"\n               data-thumbnail=\"http:\/\/www.spaziotorino.it\/scatto\/wp-content\/gallery\/2025_09_08_8settembre\/thumbs\/thumbs_PLA_9692.jpg\"\n               data-image-id=\"38385\"\n               data-title=\"Commemorato al Cimitero Monumentale l\u201982\u00b0 Anniversario dell\u2019Armistizio dell\u20198 settembre 1943\"\n               data-description=\"Commemorato al Cimitero Monumentale l\u201982\u00b0 Anniversario dell\u2019Armistizio dell\u20198 settembre 1943\"\n               data-image-slug=\"pla_9692-1\"\n               class=\"ngg-fancybox\" rel=\"63362482628c46ebc9990d02579beb69\">\n                <img\n                    title=\"Commemorato al Cimitero Monumentale l\u201982\u00b0 Anniversario dell\u2019Armistizio dell\u20198 settembre 1943\"\n                    alt=\"Commemorato al Cimitero Monumentale l\u201982\u00b0 Anniversario dell\u2019Armistizio dell\u20198 settembre 1943\"\n                    src=\"http:\/\/www.spaziotorino.it\/scatto\/wp-content\/gallery\/2025_09_08_8settembre\/cache\/PLA_9692.jpg-nggid0538385-ngg0dyn-60x60x100-00f0w010c011r110f110r010t010.jpg\"\n                    width=\"60\"\n                    height=\"60\"\n                    style=\"max-width:100%;\"\n                \/>\n            <\/a>\n        <\/div>\n\t\t\t\t\t\t\t<\/div> \n\t\t\t\n        \n\t\t\t\t<div id=\"ngg-image-5\" class=\"ngg-gallery-thumbnail-box\" >\n\t\t\t\t        <div class=\"ngg-gallery-thumbnail\">\n            <a href=\"http:\/\/www.spaziotorino.it\/scatto\/wp-content\/gallery\/2025_09_08_8settembre\/PLA_9696.jpg\"\n               title=\"Commemorato al Cimitero Monumentale l\u201982\u00b0 Anniversario dell\u2019Armistizio dell\u20198 settembre 1943\"\n               data-src=\"http:\/\/www.spaziotorino.it\/scatto\/wp-content\/gallery\/2025_09_08_8settembre\/PLA_9696.jpg\"\n               data-thumbnail=\"http:\/\/www.spaziotorino.it\/scatto\/wp-content\/gallery\/2025_09_08_8settembre\/thumbs\/thumbs_PLA_9696.jpg\"\n               data-image-id=\"38390\"\n               data-title=\"Commemorato al Cimitero Monumentale l\u201982\u00b0 Anniversario dell\u2019Armistizio dell\u20198 settembre 1943\"\n               data-description=\"Commemorato al Cimitero Monumentale l\u201982\u00b0 Anniversario dell\u2019Armistizio dell\u20198 settembre 1943\"\n               data-image-slug=\"pla_9696-1\"\n               class=\"ngg-fancybox\" rel=\"63362482628c46ebc9990d02579beb69\">\n                <img\n                    title=\"Commemorato al Cimitero Monumentale l\u201982\u00b0 Anniversario dell\u2019Armistizio dell\u20198 settembre 1943\"\n                    alt=\"Commemorato al Cimitero Monumentale l\u201982\u00b0 Anniversario dell\u2019Armistizio dell\u20198 settembre 1943\"\n                    src=\"http:\/\/www.spaziotorino.it\/scatto\/wp-content\/gallery\/2025_09_08_8settembre\/cache\/PLA_9696.jpg-nggid0538390-ngg0dyn-60x60x100-00f0w010c011r110f110r010t010.jpg\"\n                    width=\"60\"\n                    height=\"60\"\n                    style=\"max-width:100%;\"\n                \/>\n            <\/a>\n        <\/div>\n\t\t\t\t\t\t\t<\/div> \n\t\t\t\n        \n\t\t\t\t<div id=\"ngg-image-6\" class=\"ngg-gallery-thumbnail-box\" >\n\t\t\t\t        <div class=\"ngg-gallery-thumbnail\">\n            <a href=\"http:\/\/www.spaziotorino.it\/scatto\/wp-content\/gallery\/2025_09_08_8settembre\/PLA_9704.jpg\"\n               title=\"Commemorato al Cimitero Monumentale l\u201982\u00b0 Anniversario dell\u2019Armistizio dell\u20198 settembre 1943\"\n               data-src=\"http:\/\/www.spaziotorino.it\/scatto\/wp-content\/gallery\/2025_09_08_8settembre\/PLA_9704.jpg\"\n               data-thumbnail=\"http:\/\/www.spaziotorino.it\/scatto\/wp-content\/gallery\/2025_09_08_8settembre\/thumbs\/thumbs_PLA_9704.jpg\"\n               data-image-id=\"38391\"\n               data-title=\"Commemorato al Cimitero Monumentale l\u201982\u00b0 Anniversario dell\u2019Armistizio dell\u20198 settembre 1943\"\n               data-description=\"Commemorato al Cimitero Monumentale l\u201982\u00b0 Anniversario dell\u2019Armistizio dell\u20198 settembre 1943\"\n               data-image-slug=\"pla_9704-2\"\n               class=\"ngg-fancybox\" rel=\"63362482628c46ebc9990d02579beb69\">\n                <img\n                    title=\"Commemorato al Cimitero Monumentale l\u201982\u00b0 Anniversario dell\u2019Armistizio dell\u20198 settembre 1943\"\n                    alt=\"Commemorato al Cimitero Monumentale l\u201982\u00b0 Anniversario dell\u2019Armistizio dell\u20198 settembre 1943\"\n                    src=\"http:\/\/www.spaziotorino.it\/scatto\/wp-content\/gallery\/2025_09_08_8settembre\/cache\/PLA_9704.jpg-nggid0538391-ngg0dyn-60x60x100-00f0w010c011r110f110r010t010.jpg\"\n                    width=\"60\"\n                    height=\"60\"\n                    style=\"max-width:100%;\"\n                \/>\n            <\/a>\n        <\/div>\n\t\t\t\t\t\t\t<\/div> \n\t\t\t\n        \n\t\t\n\t\t<!-- Pagination -->\n\t<div class='ngg-clear'><\/div>\t<\/div>\n\n<p>Questa mattina, luned\u00ec 8 settembre 2025, alle ore 9:30, presso il Cimitero Monumentale di Torino, si \u00e8 svolta la cerimonia di commemorazione dell\u2019<strong>82\u00b0 Anniversario dell\u2019Armistizio dell\u20198 settembre 1943<\/strong>.<\/p>\n<p>Alla presenza delle autorit\u00e0 civili e militari, la citt\u00e0 ha reso omaggio a una delle date pi\u00f9 significative della storia nazionale, che segn\u00f2 l\u2019inizio della Resistenza e il percorso dell\u2019Italia verso la libert\u00e0 e la democrazia.<\/p>\n<p>In rappresentanza della Citt\u00e0 di Torino ha preso parte alla cerimonia l\u2019assessora <strong>Foglietta<\/strong>, che ha partecipato alla deposizione delle corone in memoria delle vittime e dei caduti. Con questo gesto \u00e8 stato rinnovato il tributo a quanti, con il proprio sacrificio, hanno reso possibile la rinascita del Paese sui valori di pace, giustizia e convivenza civile.<\/p>\n","protected":false},"excerpt":{"rendered":"<p>Questa mattina, luned\u00ec 8 settembre 2025, alle ore 9:30, presso il Cimitero Monumentale di Torino, si \u00e8 svolta la cerimonia di commemorazione dell\u201982\u00b0 Anniversario dell\u2019Armistizio dell\u20198 settembre 1943. Alla presenza delle autorit\u00e0 civili e militari, la citt\u00e0 ha reso omaggio a una delle date pi\u00f9 significative della storia nazionale, che segn\u00f2 l\u2019inizio della Resistenza e [&hellip;]<\/p>\n","protected":false},"author":1,"featured_media":0,"comment_status":"closed","ping_status":"open","sticky":false,"template":"","format":"standard","meta":{"ngg_post_thumbnail":0},"categories":[1,895],"tags":[],"_links":{"self":[{"href":"http:\/\/www.spaziotorino.it\/scatto\/index.php?rest_route=\/wp\/v2\/posts\/57817"}],"collection":[{"href":"http:\/\/www.spaziotorino.it\/scatto\/index.php?rest_route=\/wp\/v2\/posts"}],"about":[{"href":"http:\/\/www.spaziotorino.it\/scatto\/index.php?rest_route=\/wp\/v2\/types\/post"}],"author":[{"embeddable":true,"href":"http:\/\/www.spaziotorino.it\/scatto\/index.php?rest_route=\/wp\/v2\/users\/1"}],"replies":[{"embeddable":true,"href":"http:\/\/www.spaziotorino.it\/scatto\/index.php?rest_route=%2Fwp%2Fv2%2Fcomments&post=57817"}],"version-history":[{"count":1,"href":"http:\/\/www.spaziotorino.it\/scatto\/index.php?rest_route=\/wp\/v2\/posts\/57817\/revisions"}],"predecessor-version":[{"id":57818,"href":"http:\/\/www.spaziotorino.it\/scatto\/index.php?rest_route=\/wp\/v2\/posts\/57817\/revisions\/57818"}],"wp:attachment":[{"href":"http:\/\/www.spaziotorino.it\/scatto\/index.php?rest_route=%2Fwp%2Fv2%2Fmedia&parent=57817"}],"wp:term":[{"taxonomy":"category","embeddable":true,"href":"http:\/\/www.spaziotorino.it\/scatto\/index.php?rest_route=%2Fwp%2Fv2%2Fcategories&post=57817"},{"taxonomy":"post_tag","embeddable":true,"href":"http:\/\/www.spaziotorino.it\/scatto\/index.php?rest_route=%2Fwp%2Fv2%2Ftags&post=57817"}],"curies":[{"name":"wp","href":"https:\/\/api.w.org\/{rel}","templated":true}]}}