{"id":58117,"date":"2025-09-23T17:30:30","date_gmt":"2025-09-23T16:30:30","guid":{"rendered":"http:\/\/www.spaziotorino.it\/scatto\/?p=58117"},"modified":"2025-09-23T17:30:30","modified_gmt":"2025-09-23T16:30:30","slug":"presentata-la-seconda-edizione-di-salone-auto-torino-al-via-venerdi-26-settembre","status":"publish","type":"post","link":"http:\/\/www.spaziotorino.it\/scatto\/?p=58117","title":{"rendered":"Presentata la seconda edizione di Salone Auto Torino, al via venerd\u00ec 26 settembre"},"content":{"rendered":"<p><a class=\"ngg-fancybox\" title=\"Presentata la seconda edizione di Salone Auto Torino, al via venerd\u00ec 26 settembre\" href=\"http:\/\/www.spaziotorino.it\/scatto\/wp-content\/gallery\/2025_09_23_salauto\/PLA_3572.jpg\" rel=\"lightbox[set_2626]\"><br \/>\n<img decoding=\"async\" loading=\"lazy\" class=\"ngg-singlepic\" title=\"Presentata la seconda edizione di Salone Auto Torino, al via venerd\u00ec 26 settembre\" src=\"http:\/\/www.spaziotorino.it\/scatto\/wp-content\/gallery\/2025_09_23_salauto\/PLA_3572.jpg\" alt=\"\" width=\"540\" height=\"360\"\/><\/a><\/p>\n<!-- index.php -->\n<div\n\tclass=\"ngg-galleryoverview ngg-ajax-pagination-none\"\n\tid=\"ngg-gallery-1bad97ad0a32f49ce7fe319806eeb4df-1\">\n\n    \t\t<!-- Thumbnails -->\n\t\t\t\t<div id=\"ngg-image-0\" class=\"ngg-gallery-thumbnail-box\" >\n\t\t\t\t        <div class=\"ngg-gallery-thumbnail\">\n            <a href=\"http:\/\/www.spaziotorino.it\/scatto\/wp-content\/gallery\/2025_09_23_salauto\/PLA_3540.jpg\"\n               title=\"Presentata la seconda edizione di Salone Auto Torino, al via venerd\u00ec 26 settembre\"\n               data-src=\"http:\/\/www.spaziotorino.it\/scatto\/wp-content\/gallery\/2025_09_23_salauto\/PLA_3540.jpg\"\n               data-thumbnail=\"http:\/\/www.spaziotorino.it\/scatto\/wp-content\/gallery\/2025_09_23_salauto\/thumbs\/thumbs_PLA_3540.jpg\"\n               data-image-id=\"38611\"\n               data-title=\"Presentata la seconda edizione di Salone Auto Torino, al via venerd\u00ec 26 settembre\"\n               data-description=\"Presentata la seconda edizione di Salone Auto Torino, al via venerd\u00ec 26 settembre\"\n               data-image-slug=\"pla_3540-1\"\n               class=\"ngg-fancybox\" rel=\"1bad97ad0a32f49ce7fe319806eeb4df\">\n                <img\n                    title=\"Presentata la seconda edizione di Salone Auto Torino, al via venerd\u00ec 26 settembre\"\n                    alt=\"Presentata la seconda edizione di Salone Auto Torino, al via venerd\u00ec 26 settembre\"\n                    src=\"http:\/\/www.spaziotorino.it\/scatto\/wp-content\/gallery\/2025_09_23_salauto\/cache\/PLA_3540.jpg-nggid0538611-ngg0dyn-60x60x100-00f0w010c011r110f110r010t010.jpg\"\n                    width=\"60\"\n                    height=\"60\"\n                    style=\"max-width:100%;\"\n                \/>\n            <\/a>\n        <\/div>\n\t\t\t\t\t\t\t<\/div> \n\t\t\t\n        \n\t\t\t\t<div id=\"ngg-image-1\" class=\"ngg-gallery-thumbnail-box\" >\n\t\t\t\t        <div class=\"ngg-gallery-thumbnail\">\n            <a href=\"http:\/\/www.spaziotorino.it\/scatto\/wp-content\/gallery\/2025_09_23_salauto\/PLA_3547.jpg\"\n               title=\"Presentata la seconda edizione di Salone Auto Torino, al via venerd\u00ec 26 settembre\"\n               data-src=\"http:\/\/www.spaziotorino.it\/scatto\/wp-content\/gallery\/2025_09_23_salauto\/PLA_3547.jpg\"\n               data-thumbnail=\"http:\/\/www.spaziotorino.it\/scatto\/wp-content\/gallery\/2025_09_23_salauto\/thumbs\/thumbs_PLA_3547.jpg\"\n               data-image-id=\"38612\"\n               data-title=\"Presentata la seconda edizione di Salone Auto Torino, al via venerd\u00ec 26 settembre\"\n               data-description=\"Presentata la seconda edizione di Salone Auto Torino, al via venerd\u00ec 26 settembre\"\n               data-image-slug=\"pla_3547-1\"\n               class=\"ngg-fancybox\" rel=\"1bad97ad0a32f49ce7fe319806eeb4df\">\n                <img\n                    title=\"Presentata la seconda edizione di Salone Auto Torino, al via venerd\u00ec 26 settembre\"\n                    alt=\"Presentata la seconda edizione di Salone Auto Torino, al via venerd\u00ec 26 settembre\"\n                    src=\"http:\/\/www.spaziotorino.it\/scatto\/wp-content\/gallery\/2025_09_23_salauto\/cache\/PLA_3547.jpg-nggid0538612-ngg0dyn-60x60x100-00f0w010c011r110f110r010t010.jpg\"\n                    width=\"60\"\n                    height=\"60\"\n                    style=\"max-width:100%;\"\n                \/>\n            <\/a>\n        <\/div>\n\t\t\t\t\t\t\t<\/div> \n\t\t\t\n        \n\t\t\t\t<div id=\"ngg-image-2\" class=\"ngg-gallery-thumbnail-box\" >\n\t\t\t\t        <div class=\"ngg-gallery-thumbnail\">\n            <a href=\"http:\/\/www.spaziotorino.it\/scatto\/wp-content\/gallery\/2025_09_23_salauto\/PLA_3566.jpg\"\n               title=\"Presentata la seconda edizione di Salone Auto Torino, al via venerd\u00ec 26 settembre\"\n               data-src=\"http:\/\/www.spaziotorino.it\/scatto\/wp-content\/gallery\/2025_09_23_salauto\/PLA_3566.jpg\"\n               data-thumbnail=\"http:\/\/www.spaziotorino.it\/scatto\/wp-content\/gallery\/2025_09_23_salauto\/thumbs\/thumbs_PLA_3566.jpg\"\n               data-image-id=\"38615\"\n               data-title=\"Presentata la seconda edizione di Salone Auto Torino, al via venerd\u00ec 26 settembre\"\n               data-description=\"Presentata la seconda edizione di Salone Auto Torino, al via venerd\u00ec 26 settembre\"\n               data-image-slug=\"pla_3566\"\n               class=\"ngg-fancybox\" rel=\"1bad97ad0a32f49ce7fe319806eeb4df\">\n                <img\n                    title=\"Presentata la seconda edizione di Salone Auto Torino, al via venerd\u00ec 26 settembre\"\n                    alt=\"Presentata la seconda edizione di Salone Auto Torino, al via venerd\u00ec 26 settembre\"\n                    src=\"http:\/\/www.spaziotorino.it\/scatto\/wp-content\/gallery\/2025_09_23_salauto\/cache\/PLA_3566.jpg-nggid0538615-ngg0dyn-60x60x100-00f0w010c011r110f110r010t010.jpg\"\n                    width=\"60\"\n                    height=\"60\"\n                    style=\"max-width:100%;\"\n                \/>\n            <\/a>\n        <\/div>\n\t\t\t\t\t\t\t<\/div> \n\t\t\t\n        \n\t\t\t\t<div id=\"ngg-image-3\" class=\"ngg-gallery-thumbnail-box\" >\n\t\t\t\t        <div class=\"ngg-gallery-thumbnail\">\n            <a href=\"http:\/\/www.spaziotorino.it\/scatto\/wp-content\/gallery\/2025_09_23_salauto\/PLA_3583.jpg\"\n               title=\"Presentata la seconda edizione di Salone Auto Torino, al via venerd\u00ec 26 settembre\"\n               data-src=\"http:\/\/www.spaziotorino.it\/scatto\/wp-content\/gallery\/2025_09_23_salauto\/PLA_3583.jpg\"\n               data-thumbnail=\"http:\/\/www.spaziotorino.it\/scatto\/wp-content\/gallery\/2025_09_23_salauto\/thumbs\/thumbs_PLA_3583.jpg\"\n               data-image-id=\"38614\"\n               data-title=\"Presentata la seconda edizione di Salone Auto Torino, al via venerd\u00ec 26 settembre\"\n               data-description=\"Presentata la seconda edizione di Salone Auto Torino, al via venerd\u00ec 26 settembre\"\n               data-image-slug=\"pla_3583\"\n               class=\"ngg-fancybox\" rel=\"1bad97ad0a32f49ce7fe319806eeb4df\">\n                <img\n                    title=\"Presentata la seconda edizione di Salone Auto Torino, al via venerd\u00ec 26 settembre\"\n                    alt=\"Presentata la seconda edizione di Salone Auto Torino, al via venerd\u00ec 26 settembre\"\n                    src=\"http:\/\/www.spaziotorino.it\/scatto\/wp-content\/gallery\/2025_09_23_salauto\/cache\/PLA_3583.jpg-nggid0538614-ngg0dyn-60x60x100-00f0w010c011r110f110r010t010.jpg\"\n                    width=\"60\"\n                    height=\"60\"\n                    style=\"max-width:100%;\"\n                \/>\n            <\/a>\n        <\/div>\n\t\t\t\t\t\t\t<\/div> \n\t\t\t\n        \n\t\t\t\t<div id=\"ngg-image-4\" class=\"ngg-gallery-thumbnail-box\" >\n\t\t\t\t        <div class=\"ngg-gallery-thumbnail\">\n            <a href=\"http:\/\/www.spaziotorino.it\/scatto\/wp-content\/gallery\/2025_09_23_salauto\/PLA_3604.jpg\"\n               title=\"Presentata la seconda edizione di Salone Auto Torino, al via venerd\u00ec 26 settembre\"\n               data-src=\"http:\/\/www.spaziotorino.it\/scatto\/wp-content\/gallery\/2025_09_23_salauto\/PLA_3604.jpg\"\n               data-thumbnail=\"http:\/\/www.spaziotorino.it\/scatto\/wp-content\/gallery\/2025_09_23_salauto\/thumbs\/thumbs_PLA_3604.jpg\"\n               data-image-id=\"38613\"\n               data-title=\"Presentata la seconda edizione di Salone Auto Torino, al via venerd\u00ec 26 settembre\"\n               data-description=\"Presentata la seconda edizione di Salone Auto Torino, al via venerd\u00ec 26 settembre\"\n               data-image-slug=\"pla_3604-1\"\n               class=\"ngg-fancybox\" rel=\"1bad97ad0a32f49ce7fe319806eeb4df\">\n                <img\n                    title=\"Presentata la seconda edizione di Salone Auto Torino, al via venerd\u00ec 26 settembre\"\n                    alt=\"Presentata la seconda edizione di Salone Auto Torino, al via venerd\u00ec 26 settembre\"\n                    src=\"http:\/\/www.spaziotorino.it\/scatto\/wp-content\/gallery\/2025_09_23_salauto\/cache\/PLA_3604.jpg-nggid0538613-ngg0dyn-60x60x100-00f0w010c011r110f110r010t010.jpg\"\n                    width=\"60\"\n                    height=\"60\"\n                    style=\"max-width:100%;\"\n                \/>\n            <\/a>\n        <\/div>\n\t\t\t\t\t\t\t<\/div> \n\t\t\t\n        \n\t\t\t\t<div id=\"ngg-image-5\" class=\"ngg-gallery-thumbnail-box\" >\n\t\t\t\t        <div class=\"ngg-gallery-thumbnail\">\n            <a href=\"http:\/\/www.spaziotorino.it\/scatto\/wp-content\/gallery\/2025_09_23_salauto\/PLA_3642.jpg\"\n               title=\"Presentata la seconda edizione di Salone Auto Torino, al via venerd\u00ec 26 settembre\"\n               data-src=\"http:\/\/www.spaziotorino.it\/scatto\/wp-content\/gallery\/2025_09_23_salauto\/PLA_3642.jpg\"\n               data-thumbnail=\"http:\/\/www.spaziotorino.it\/scatto\/wp-content\/gallery\/2025_09_23_salauto\/thumbs\/thumbs_PLA_3642.jpg\"\n               data-image-id=\"38618\"\n               data-title=\"Presentata la seconda edizione di Salone Auto Torino, al via venerd\u00ec 26 settembre\"\n               data-description=\"Presentata la seconda edizione di Salone Auto Torino, al via venerd\u00ec 26 settembre\"\n               data-image-slug=\"pla_3642-2\"\n               class=\"ngg-fancybox\" rel=\"1bad97ad0a32f49ce7fe319806eeb4df\">\n                <img\n                    title=\"Presentata la seconda edizione di Salone Auto Torino, al via venerd\u00ec 26 settembre\"\n                    alt=\"Presentata la seconda edizione di Salone Auto Torino, al via venerd\u00ec 26 settembre\"\n                    src=\"http:\/\/www.spaziotorino.it\/scatto\/wp-content\/gallery\/2025_09_23_salauto\/cache\/PLA_3642.jpg-nggid0538618-ngg0dyn-60x60x100-00f0w010c011r110f110r010t010.jpg\"\n                    width=\"60\"\n                    height=\"60\"\n                    style=\"max-width:100%;\"\n                \/>\n            <\/a>\n        <\/div>\n\t\t\t\t\t\t\t<\/div> \n\t\t\t\n        \n\t\t\t\t<div id=\"ngg-image-6\" class=\"ngg-gallery-thumbnail-box\" >\n\t\t\t\t        <div class=\"ngg-gallery-thumbnail\">\n            <a href=\"http:\/\/www.spaziotorino.it\/scatto\/wp-content\/gallery\/2025_09_23_salauto\/PLA_3648.jpg\"\n               title=\"Presentata la seconda edizione di Salone Auto Torino, al via venerd\u00ec 26 settembre\"\n               data-src=\"http:\/\/www.spaziotorino.it\/scatto\/wp-content\/gallery\/2025_09_23_salauto\/PLA_3648.jpg\"\n               data-thumbnail=\"http:\/\/www.spaziotorino.it\/scatto\/wp-content\/gallery\/2025_09_23_salauto\/thumbs\/thumbs_PLA_3648.jpg\"\n               data-image-id=\"38617\"\n               data-title=\"Presentata la seconda edizione di Salone Auto Torino, al via venerd\u00ec 26 settembre\"\n               data-description=\"Presentata la seconda edizione di Salone Auto Torino, al via venerd\u00ec 26 settembre\"\n               data-image-slug=\"pla_3648\"\n               class=\"ngg-fancybox\" rel=\"1bad97ad0a32f49ce7fe319806eeb4df\">\n                <img\n                    title=\"Presentata la seconda edizione di Salone Auto Torino, al via venerd\u00ec 26 settembre\"\n                    alt=\"Presentata la seconda edizione di Salone Auto Torino, al via venerd\u00ec 26 settembre\"\n                    src=\"http:\/\/www.spaziotorino.it\/scatto\/wp-content\/gallery\/2025_09_23_salauto\/cache\/PLA_3648.jpg-nggid0538617-ngg0dyn-60x60x100-00f0w010c011r110f110r010t010.jpg\"\n                    width=\"60\"\n                    height=\"60\"\n                    style=\"max-width:100%;\"\n                \/>\n            <\/a>\n        <\/div>\n\t\t\t\t\t\t\t<\/div> \n\t\t\t\n        \n\t\t\n\t\t<!-- Pagination -->\n\t<div class='ngg-clear'><\/div>\t<\/div>\n\n<p>Salone Auto Torino inaugura la sua seconda edizione il 26 settembre, e fino a domenica 28 settembre animer\u00e0 il centro citt\u00e0 tra piazza Castello, Piazzetta Reale e i Giardini dei Musei Reali. Con ingresso gratuito e orario prolungato dalle 9 alle 19 e un\u2019esposizione a cielo aperto incorniciata dai monumenti di Torino, accoglier\u00e0 i visitatori con due portali di ingresso: in piazza Castello, angolo via Roma, e su viale 1\u00b0 Maggio, per la prima volta aperto per il pubblico.<\/p>\n<p>Gli oltre 100 modelli e le attivit\u00e0 dell\u2019edizione 2025 sono stati presentati oggi alla OGR in una conferenza stampa dal presidente di Salone Auto Torino, Andrea Levy, alla presenza delle istituzioni cittadine. Per la Citt\u00e0 di Torino sono intervenuti il sindaco Stefano Lo Russo e l\u2019assessore allo Sport, Grandi Eventi, Turismo e Tempo Libero Mimmo Carretta.<\/p>\n<p>\u201cTorino si prepara ad accogliere una nuova edizione del Salone dell\u2019Auto \u2013 ha commentato il sindaco Lo Russo -. La sede naturale di questa manifestazione, che siamo certi sapr\u00e0 attrarre un folto pubblico di torinesi, turisti e appassionati, non pu\u00f2 che essere la nostra citt\u00e0, dove l\u2019industria automobilistica \u00e8 nata, si \u00e8 sviluppata e ha fatto scuola per oltre un secolo e che oggi si pone come punto di partenza da cui guardare al futuro, laboratorio di innovazione e transizione ecologica. Sar\u00e0 ancora una volta una passeggiata a cielo aperto tra modelli di ogni epoca ma anche l\u2019occasione per approfondire i temi della mobilit\u00e0 del futuro. Diamo quindi il benvenuto al Salone dell\u2019Auto che dar\u00e0 il via ad un autunno di grandi eventi che vedranno la nostra citt\u00e0 grande protagonista\u201d.&nbsp;<\/p>\n<p>La giornata inaugurale di venerd\u00ec 26 settembre sar\u00e0 dedicata a stampa, istituzioni e partner e si aprir\u00e0 alle ore 10 con la cerimonia ufficiale in via Roma, angolo piazza Castello. La seconda e la terza giornata proseguiranno con l\u2019esposizione statica nel cuore della citt\u00e0, visitabile dalle 9 alle 19 tra piazza Castello, Piazzetta Reale e i Giardini dei Musei Reali, e con l\u2019area test drive, allestita in piazza Castello \u2013 lato Prefettura. Saranno numerose le anteprime che verranno svelate al Salone Auto Torino, molti i brand che hanno scelto questa occasione per presentare al grande pubblico le nuove vetture pronte a debuttare sul mercato. Durante i tre giorni sar\u00e0 inoltre possibile assistere a numerose attivit\u00e0 presso gli stand, tra cui quello di Cybex, che proporr\u00e0 momenti di sensibilizzazione sui sistemi di sicurezza per i pi\u00f9 piccoli con dimostrazioni pratiche tramite un simulatore di crash test, all\u2019interno dei Giardini dei Musei Reali.<\/p>\n<p>\u201cIl Salone dell\u2019Auto nella nostra citt\u00e0 \u00e8 l\u2019occasione per rendere Torino protagonista nel panorama automobilistico nazionale e internazionale \u2013 ha commentato l\u2019assessore Domenico Carretta -. Siamo felici di accogliere una manifestazione cos\u00ec prestigiosa, in grado di portare a Torino oltre 500mila visitatori e rinsaldare il legame tra la citt\u00e0, la sua storia industriale e l\u2019innovazione della mobilit\u00e0. Il Salone, con il suo format diffuso e gratuito nel cuore del centro storico, rappresenta al meglio la nostra idea di evento accessibile, inclusivo e capace di valorizzare le bellezze della citt\u00e0, trasformandole in una cornice unica per un settore in continua evoluzione. Dalle anteprime dei modelli che disegneranno il futuro, ai nuovi brand, fino agli eventi e ai talk dedicati ai professionisti del settore, sar\u00e0 un\u2019esperienza aperta a tutti che metter\u00e0 al centro il tema dell\u2019auto in tutte le sue forme\u201d.&nbsp;<\/p>\n<p>Salone Auto Torino \u00e8 anche musei, trasporti e ristoranti grazie al Pass Convenzioni: i visitatori avranno l\u2019opportunit\u00e0 di vivere a pieno la citt\u00e0, grazie alle diverse convenzioni e i numerosi sconti dedicati. Grazie all\u2019iniziativa MaaS ToMove, sar\u00e0 possibile muoversi per la citt\u00e0 con mezzi sostenibili usufruendo di un bonus di 20 euro utilizzabile per l\u2019acquisto del 50% del costo su tutti i viaggi con i mezzi pubblici GTT, taxi, monopattini, e-bike e scooter disponibili sulle SuperApp Urbi o Wetaxi. Enjoy, servizio di vehicle service, permette di raggiungere Salone Auto Torino con una tariffa convenzionata legata ad un codice promozionale, scaricabile insieme al Pass Convenzioni.<\/p>\n<p>Grazie al Pass Convenzioni, i visitatori avranno accesso a promozioni speciali per scoprire alcuni dei musei e delle attrazioni culturali pi\u00f9 importanti della citt\u00e0: Museo Nazionale dell\u2019Automobile, Museo Egizio, Museo Nazionale del Cinema \u2013 Fondazione Maria Adriana Prolo, Pinacoteca Agnelli, Palazzina di Caccia di Stupinigi, Museo Lavazza, Precettoria di Sant\u2019Antonio di Ranverso, Abbazia di Santa Maria di Staffarda e Centro Storico Fiat daranno la possibilit\u00e0 di accedere alle proprie collezioni e alle proprie strutture con una tariffa ridotta durante la tre giorni di Salone Auto Torino. Il Museo Nazionale dell\u2019Automobile, oltre al modello esposto a Salone Auto Torino nella Corte d\u2019Onore Pininfarina, ha organizzato un\u2019apertura prolungata per la serata del sabato, con una speciale visita guidata all\u2019open garage e per permettere a tutti i visitatori di avere pi\u00f9 tempo per ammirare la leggendaria Alfa Romeo 33 Stradale, esposta all\u2019interno del museo accanto alla riedizione del 2023, realizzata in soli 33 esemplari. Nella giornata di sabato 27 settembre, in occasione dell\u2019apertura serale straordinaria per le \u201cGiornate Europee del Patrimonio\u201d, dalle 19.30 alle 22.30 sar\u00e0 inoltre possibile visitare alcune sezioni dei Musei Reali al costo simbolico di 1 euro (ultimo ingresso ore 21.30). Anche Palazzo Madama aderir\u00e0 con l\u2019ingresso ridotto a 1 euro sabato 27 e domenica 28 settembre.<\/p>\n<p>Nel weekend di Salone Auto Torino, Turismo Torino e Provincia organizzer\u00e0 il Welcome Tour\u00ae Torino \u2013 Speciale Salone, con partecipazione gratuita per il pubblico, e la visita d\u2019impresa gratuita a PETRONAS Lubricants International, fissata per venerd\u00ec 26 settembre. Somewhere Tours proporr\u00e0 durante la tre giorni i suoi tour pi\u00f9 noti: Torino in Canoa, Barriera Design District, Tour a Palazzo Reale, Tour Museo dell\u2019Auto, Tour Centro Storico Fiat, Torino Magica\u00ae Tour e La magia del Museo Egizio di Torino. City Sightseeing Torino offrir\u00e0 un esclusivo sconto del 20% sui suoi servizi Hop On Hop Off per un\u2019avventura in citt\u00e0 a bordo dei loro bus rossi a due piani. Club Silencio dar\u00e0 invece la possibilit\u00e0 di partecipare con tariffa dedicata a Una Notte all\u2019Aero Club, sabato 27 settembre: musica, test drive, aerei, drink e molto altro.<\/p>\n<p>\u201cSalone Auto Torino torna e lo fa mettendo in mostra tutte le novit\u00e0 del mercato, avvicinandole al pubblico che potr\u00e0 cos\u00ec rendersi conto di quanto il sistema sia pronto con le migliori tecnologie alla sfida della transizione \u2013 dichiara Andrea Levy, Presidente Salone Auto Torino -. Saranno a disposizione per i test drive del pubblico molti modelli di tutte le alimentazioni. L\u2019obiettivo di Salone Auto Torino \u00e8 quello di essere il punto di incontro nazionale tra case automobilistiche, istituzioni, media e pubblico, facendo conoscere il meglio del mercato attualmente a disposizione dei visitatori\u201d.<\/p>\n","protected":false},"excerpt":{"rendered":"<p>Salone Auto Torino inaugura la sua seconda edizione il 26 settembre, e fino a domenica 28 settembre animer\u00e0 il centro citt\u00e0 tra piazza Castello, Piazzetta Reale e i Giardini dei Musei Reali. Con ingresso gratuito e orario prolungato dalle 9 alle 19 e un\u2019esposizione a cielo aperto incorniciata dai monumenti di Torino, accoglier\u00e0 i visitatori [&hellip;]<\/p>\n","protected":false},"author":1,"featured_media":0,"comment_status":"closed","ping_status":"open","sticky":false,"template":"","format":"standard","meta":{"ngg_post_thumbnail":0},"categories":[133,1],"tags":[],"_links":{"self":[{"href":"http:\/\/www.spaziotorino.it\/scatto\/index.php?rest_route=\/wp\/v2\/posts\/58117"}],"collection":[{"href":"http:\/\/www.spaziotorino.it\/scatto\/index.php?rest_route=\/wp\/v2\/posts"}],"about":[{"href":"http:\/\/www.spaziotorino.it\/scatto\/index.php?rest_route=\/wp\/v2\/types\/post"}],"author":[{"embeddable":true,"href":"http:\/\/www.spaziotorino.it\/scatto\/index.php?rest_route=\/wp\/v2\/users\/1"}],"replies":[{"embeddable":true,"href":"http:\/\/www.spaziotorino.it\/scatto\/index.php?rest_route=%2Fwp%2Fv2%2Fcomments&post=58117"}],"version-history":[{"count":1,"href":"http:\/\/www.spaziotorino.it\/scatto\/index.php?rest_route=\/wp\/v2\/posts\/58117\/revisions"}],"predecessor-version":[{"id":58118,"href":"http:\/\/www.spaziotorino.it\/scatto\/index.php?rest_route=\/wp\/v2\/posts\/58117\/revisions\/58118"}],"wp:attachment":[{"href":"http:\/\/www.spaziotorino.it\/scatto\/index.php?rest_route=%2Fwp%2Fv2%2Fmedia&parent=58117"}],"wp:term":[{"taxonomy":"category","embeddable":true,"href":"http:\/\/www.spaziotorino.it\/scatto\/index.php?rest_route=%2Fwp%2Fv2%2Fcategories&post=58117"},{"taxonomy":"post_tag","embeddable":true,"href":"http:\/\/www.spaziotorino.it\/scatto\/index.php?rest_route=%2Fwp%2Fv2%2Ftags&post=58117"}],"curies":[{"name":"wp","href":"https:\/\/api.w.org\/{rel}","templated":true}]}}