{"id":60336,"date":"2026-03-04T14:02:47","date_gmt":"2026-03-04T13:02:47","guid":{"rendered":"http:\/\/www.spaziotorino.it\/scatto\/?p=60336"},"modified":"2026-03-04T15:03:26","modified_gmt":"2026-03-04T14:03:26","slug":"intrepide-a-palazzo-civico-un-omaggio-alla-forza-delle-donne","status":"publish","type":"post","link":"http:\/\/www.spaziotorino.it\/scatto\/?p=60336","title":{"rendered":"Intrepide a Palazzo Civico un omaggio alla forza delle donne"},"content":{"rendered":"<p><a class=\"ngg-fancybox\" title=\"Intrepide a Palazzo Civico un omaggio alla forza delle donne\" href=\"http:\/\/www.spaziotorino.it\/scatto\/wp-content\/gallery\/2026_03_04_intrepide\/PLA_1700.jpg\" rel=\"lightbox[set_2746]\"><br \/>\n<img decoding=\"async\" loading=\"lazy\" class=\"ngg-singlepic\" title=\"Intrepide a Palazzo Civico un omaggio alla forza delle donne\" src=\"http:\/\/www.spaziotorino.it\/scatto\/wp-content\/gallery\/2026_03_04_intrepide\/PLA_1700.jpg\" alt=\"\" width=\"540\" height=\"360\"\/><\/a><\/p>\n<!-- index.php -->\n<div\n\tclass=\"ngg-galleryoverview ngg-ajax-pagination-none\"\n\tid=\"ngg-gallery-69aa2ab55e0c72c033480e1afc00d716-1\">\n\n    \t\t<!-- Thumbnails -->\n\t\t\t\t<div id=\"ngg-image-0\" class=\"ngg-gallery-thumbnail-box\" >\n\t\t\t\t        <div class=\"ngg-gallery-thumbnail\">\n            <a href=\"http:\/\/www.spaziotorino.it\/scatto\/wp-content\/gallery\/2026_03_04_intrepide\/PLA_1734.jpg\"\n               title=\"Un momento della conferenza stampa di inugurazione\"\n               data-src=\"http:\/\/www.spaziotorino.it\/scatto\/wp-content\/gallery\/2026_03_04_intrepide\/PLA_1734.jpg\"\n               data-thumbnail=\"http:\/\/www.spaziotorino.it\/scatto\/wp-content\/gallery\/2026_03_04_intrepide\/thumbs\/thumbs_PLA_1734.jpg\"\n               data-image-id=\"40365\"\n               data-title=\"Un momento della conferenza stampa di inugurazione\"\n               data-description=\"Un momento della conferenza stampa di inugurazione\"\n               data-image-slug=\"pla_1734-2\"\n               class=\"ngg-fancybox\" rel=\"69aa2ab55e0c72c033480e1afc00d716\">\n                <img\n                    title=\"Un momento della conferenza stampa di inugurazione\"\n                    alt=\"Un momento della conferenza stampa di inugurazione\"\n                    src=\"http:\/\/www.spaziotorino.it\/scatto\/wp-content\/gallery\/2026_03_04_intrepide\/cache\/PLA_1734.jpg-nggid0540365-ngg0dyn-60x60x100-00f0w010c011r110f110r010t010.jpg\"\n                    width=\"60\"\n                    height=\"60\"\n                    style=\"max-width:100%;\"\n                \/>\n            <\/a>\n        <\/div>\n\t\t\t\t\t\t\t<\/div> \n\t\t\t\n        \n\t\t\t\t<div id=\"ngg-image-1\" class=\"ngg-gallery-thumbnail-box\" >\n\t\t\t\t        <div class=\"ngg-gallery-thumbnail\">\n            <a href=\"http:\/\/www.spaziotorino.it\/scatto\/wp-content\/gallery\/2026_03_04_intrepide\/PLA_1740.jpg\"\n               title=\"L&#039;assessore Jacopo Rosatelli e Marjan Moghaddam\"\n               data-src=\"http:\/\/www.spaziotorino.it\/scatto\/wp-content\/gallery\/2026_03_04_intrepide\/PLA_1740.jpg\"\n               data-thumbnail=\"http:\/\/www.spaziotorino.it\/scatto\/wp-content\/gallery\/2026_03_04_intrepide\/thumbs\/thumbs_PLA_1740.jpg\"\n               data-image-id=\"40370\"\n               data-title=\"L&#039;assessore Jacopo Rosatelli e Marjan Moghaddam\"\n               data-description=\"L&#039;assessore Jacopo Rosatelli e Marjan Moghaddam\"\n               data-image-slug=\"pla_1740-1\"\n               class=\"ngg-fancybox\" rel=\"69aa2ab55e0c72c033480e1afc00d716\">\n                <img\n                    title=\"L&#039;assessore Jacopo Rosatelli e Marjan Moghaddam\"\n                    alt=\"L&#039;assessore Jacopo Rosatelli e Marjan Moghaddam\"\n                    src=\"http:\/\/www.spaziotorino.it\/scatto\/wp-content\/gallery\/2026_03_04_intrepide\/cache\/PLA_1740.jpg-nggid0540370-ngg0dyn-60x60x100-00f0w010c011r110f110r010t010.jpg\"\n                    width=\"60\"\n                    height=\"60\"\n                    style=\"max-width:100%;\"\n                \/>\n            <\/a>\n        <\/div>\n\t\t\t\t\t\t\t<\/div> \n\t\t\t\n        \n\t\t\t\t<div id=\"ngg-image-2\" class=\"ngg-gallery-thumbnail-box\" >\n\t\t\t\t        <div class=\"ngg-gallery-thumbnail\">\n            <a href=\"http:\/\/www.spaziotorino.it\/scatto\/wp-content\/gallery\/2026_03_04_intrepide\/PLA_1707.jpg\"\n               title=\"Intrepide a Palazzo Civico un omaggio alla forza delle donne\"\n               data-src=\"http:\/\/www.spaziotorino.it\/scatto\/wp-content\/gallery\/2026_03_04_intrepide\/PLA_1707.jpg\"\n               data-thumbnail=\"http:\/\/www.spaziotorino.it\/scatto\/wp-content\/gallery\/2026_03_04_intrepide\/thumbs\/thumbs_PLA_1707.jpg\"\n               data-image-id=\"40367\"\n               data-title=\"Intrepide a Palazzo Civico un omaggio alla forza delle donne\"\n               data-description=\"Intrepide a Palazzo Civico un omaggio alla forza delle donne\"\n               data-image-slug=\"pla_1707-2\"\n               class=\"ngg-fancybox\" rel=\"69aa2ab55e0c72c033480e1afc00d716\">\n                <img\n                    title=\"Intrepide a Palazzo Civico un omaggio alla forza delle donne\"\n                    alt=\"Intrepide a Palazzo Civico un omaggio alla forza delle donne\"\n                    src=\"http:\/\/www.spaziotorino.it\/scatto\/wp-content\/gallery\/2026_03_04_intrepide\/cache\/PLA_1707.jpg-nggid0540367-ngg0dyn-60x60x100-00f0w010c011r110f110r010t010.jpg\"\n                    width=\"60\"\n                    height=\"60\"\n                    style=\"max-width:100%;\"\n                \/>\n            <\/a>\n        <\/div>\n\t\t\t\t\t\t\t<\/div> \n\t\t\t\n        \n\t\t\t\t<div id=\"ngg-image-3\" class=\"ngg-gallery-thumbnail-box\" >\n\t\t\t\t        <div class=\"ngg-gallery-thumbnail\">\n            <a href=\"http:\/\/www.spaziotorino.it\/scatto\/wp-content\/gallery\/2026_03_04_intrepide\/PLA_1763.jpg\"\n               title=\"Intrepide a Palazzo Civico un omaggio alla forza delle donne\"\n               data-src=\"http:\/\/www.spaziotorino.it\/scatto\/wp-content\/gallery\/2026_03_04_intrepide\/PLA_1763.jpg\"\n               data-thumbnail=\"http:\/\/www.spaziotorino.it\/scatto\/wp-content\/gallery\/2026_03_04_intrepide\/thumbs\/thumbs_PLA_1763.jpg\"\n               data-image-id=\"40369\"\n               data-title=\"Intrepide a Palazzo Civico un omaggio alla forza delle donne\"\n               data-description=\"Intrepide a Palazzo Civico un omaggio alla forza delle donne\"\n               data-image-slug=\"pla_1763-1\"\n               class=\"ngg-fancybox\" rel=\"69aa2ab55e0c72c033480e1afc00d716\">\n                <img\n                    title=\"Intrepide a Palazzo Civico un omaggio alla forza delle donne\"\n                    alt=\"Intrepide a Palazzo Civico un omaggio alla forza delle donne\"\n                    src=\"http:\/\/www.spaziotorino.it\/scatto\/wp-content\/gallery\/2026_03_04_intrepide\/cache\/PLA_1763.jpg-nggid0540369-ngg0dyn-60x60x100-00f0w010c011r110f110r010t010.jpg\"\n                    width=\"60\"\n                    height=\"60\"\n                    style=\"max-width:100%;\"\n                \/>\n            <\/a>\n        <\/div>\n\t\t\t\t\t\t\t<\/div> \n\t\t\t\n        \n\t\t\t\t<div id=\"ngg-image-4\" class=\"ngg-gallery-thumbnail-box\" >\n\t\t\t\t        <div class=\"ngg-gallery-thumbnail\">\n            <a href=\"http:\/\/www.spaziotorino.it\/scatto\/wp-content\/gallery\/2026_03_04_intrepide\/PLA_1705.jpg\"\n               title=\"Intrepide a Palazzo Civico un omaggio alla forza delle donne\"\n               data-src=\"http:\/\/www.spaziotorino.it\/scatto\/wp-content\/gallery\/2026_03_04_intrepide\/PLA_1705.jpg\"\n               data-thumbnail=\"http:\/\/www.spaziotorino.it\/scatto\/wp-content\/gallery\/2026_03_04_intrepide\/thumbs\/thumbs_PLA_1705.jpg\"\n               data-image-id=\"40363\"\n               data-title=\"Intrepide a Palazzo Civico un omaggio alla forza delle donne\"\n               data-description=\"Intrepide a Palazzo Civico un omaggio alla forza delle donne\"\n               data-image-slug=\"pla_1705-4\"\n               class=\"ngg-fancybox\" rel=\"69aa2ab55e0c72c033480e1afc00d716\">\n                <img\n                    title=\"Intrepide a Palazzo Civico un omaggio alla forza delle donne\"\n                    alt=\"Intrepide a Palazzo Civico un omaggio alla forza delle donne\"\n                    src=\"http:\/\/www.spaziotorino.it\/scatto\/wp-content\/gallery\/2026_03_04_intrepide\/cache\/PLA_1705.jpg-nggid0540363-ngg0dyn-60x60x100-00f0w010c011r110f110r010t010.jpg\"\n                    width=\"60\"\n                    height=\"60\"\n                    style=\"max-width:100%;\"\n                \/>\n            <\/a>\n        <\/div>\n\t\t\t\t\t\t\t<\/div> \n\t\t\t\n        \n\t\t\t\t<div id=\"ngg-image-5\" class=\"ngg-gallery-thumbnail-box\" >\n\t\t\t\t        <div class=\"ngg-gallery-thumbnail\">\n            <a href=\"http:\/\/www.spaziotorino.it\/scatto\/wp-content\/gallery\/2026_03_04_intrepide\/PLA_1712.jpg\"\n               title=\"La presidente Grippo visita la mostra\"\n               data-src=\"http:\/\/www.spaziotorino.it\/scatto\/wp-content\/gallery\/2026_03_04_intrepide\/PLA_1712.jpg\"\n               data-thumbnail=\"http:\/\/www.spaziotorino.it\/scatto\/wp-content\/gallery\/2026_03_04_intrepide\/thumbs\/thumbs_PLA_1712.jpg\"\n               data-image-id=\"40364\"\n               data-title=\"La presidente Grippo visita la mostra\"\n               data-description=\"La presidente Grippo visita la mostra\"\n               data-image-slug=\"pla_1712\"\n               class=\"ngg-fancybox\" rel=\"69aa2ab55e0c72c033480e1afc00d716\">\n                <img\n                    title=\"La presidente Grippo visita la mostra\"\n                    alt=\"La presidente Grippo visita la mostra\"\n                    src=\"http:\/\/www.spaziotorino.it\/scatto\/wp-content\/gallery\/2026_03_04_intrepide\/cache\/PLA_1712.jpg-nggid0540364-ngg0dyn-60x60x100-00f0w010c011r110f110r010t010.jpg\"\n                    width=\"60\"\n                    height=\"60\"\n                    style=\"max-width:100%;\"\n                \/>\n            <\/a>\n        <\/div>\n\t\t\t\t\t\t\t<\/div> \n\t\t\t\n        \n\t\t\t\t<div id=\"ngg-image-6\" class=\"ngg-gallery-thumbnail-box\" >\n\t\t\t\t        <div class=\"ngg-gallery-thumbnail\">\n            <a href=\"http:\/\/www.spaziotorino.it\/scatto\/wp-content\/gallery\/2026_03_04_intrepide\/PLA_1702.jpg\"\n               title=\"Intrepide a Palazzo Civico un omaggio alla forza delle donne\"\n               data-src=\"http:\/\/www.spaziotorino.it\/scatto\/wp-content\/gallery\/2026_03_04_intrepide\/PLA_1702.jpg\"\n               data-thumbnail=\"http:\/\/www.spaziotorino.it\/scatto\/wp-content\/gallery\/2026_03_04_intrepide\/thumbs\/thumbs_PLA_1702.jpg\"\n               data-image-id=\"40368\"\n               data-title=\"Intrepide a Palazzo Civico un omaggio alla forza delle donne\"\n               data-description=\"Intrepide a Palazzo Civico un omaggio alla forza delle donne\"\n               data-image-slug=\"pla_1702\"\n               class=\"ngg-fancybox\" rel=\"69aa2ab55e0c72c033480e1afc00d716\">\n                <img\n                    title=\"Intrepide a Palazzo Civico un omaggio alla forza delle donne\"\n                    alt=\"Intrepide a Palazzo Civico un omaggio alla forza delle donne\"\n                    src=\"http:\/\/www.spaziotorino.it\/scatto\/wp-content\/gallery\/2026_03_04_intrepide\/cache\/PLA_1702.jpg-nggid0540368-ngg0dyn-60x60x100-00f0w010c011r110f110r010t010.jpg\"\n                    width=\"60\"\n                    height=\"60\"\n                    style=\"max-width:100%;\"\n                \/>\n            <\/a>\n        <\/div>\n\t\t\t\t\t\t\t<\/div> \n\t\t\t\n        \n\t\t\n\t\t<!-- Pagination -->\n\t<div class='ngg-clear'><\/div>\t<\/div>\n\n<p>In occasione della Giornata Internazionale della Donna la Presidenza del Consiglio Comunale di <strong>Torino<\/strong> insieme alla Consulta Femminile Comunale ha inaugurato la mostra fotografica <strong>Intrepide \u2013 storie di donne viaggi sogni e avventure<\/strong> realizzata dall\u2019artista <strong>Marjan Moghaddam<\/strong>.<\/p>\n<p>La conferenza di inaugurazione si \u00e8 svolta nella Sala delle Colonne di <strong>Palazzo Civico<\/strong>. \u00c8 intervenuta la presidente del Consiglio Comunale <strong>Maria Grazia Grippo<\/strong>. Erano presenti l\u2019assessore <strong>Jacopo Rosatelli<\/strong> e l\u2019autrice delle opere Marjan Moghaddam. La mostra \u00e8 allestita nel loggiato antistante la Sala delle Colonne ed \u00e8 visitabile con ingresso libero fino a venerd\u00ec 13 marzo. Gli orari di apertura sono dal luned\u00ec al venerd\u00ec dalle 9 alle 17 e il sabato dalle 9 alle 12.<\/p>\n<p>L\u2019iniziativa ha rappresentato anche un momento di ricordo e omaggio a <strong>Claudia Apostolo<\/strong> giornalista e membro della Consulta Femminile Comunale scomparsa prematuramente lo scorso anno. Il suo impegno civile e la sua attenzione ai diritti e al ruolo delle donne trovano continuit\u00e0 in un progetto che mette al centro resilienza incontro tra culture e accoglienza.<\/p>\n<p>Intrepide racconta attraverso immagini e testimonianze le storie di ventiquattro donne provenienti da cinque continenti. Marjan Moghaddam ha raccolto i loro racconti trasformandoli in un percorso visivo che intreccia ritratti esperienze di vita e parole. Ne emerge un mosaico di storie segnate da partenze cambiamenti e nuove possibilit\u00e0 che invita a riflettere sul significato della migrazione femminile e sulla forza necessaria per reinventare il proprio futuro.<\/p>\n","protected":false},"excerpt":{"rendered":"<p>In occasione della Giornata Internazionale della Donna la Presidenza del Consiglio Comunale di Torino insieme alla Consulta Femminile Comunale ha inaugurato la mostra fotografica Intrepide \u2013 storie di donne viaggi sogni e avventure realizzata dall\u2019artista Marjan Moghaddam. La conferenza di inaugurazione si \u00e8 svolta nella Sala delle Colonne di Palazzo Civico. \u00c8 intervenuta la presidente [&hellip;]<\/p>\n","protected":false},"author":1,"featured_media":0,"comment_status":"closed","ping_status":"open","sticky":false,"template":"","format":"standard","meta":{"ngg_post_thumbnail":0},"categories":[54,1,895],"tags":[],"_links":{"self":[{"href":"http:\/\/www.spaziotorino.it\/scatto\/index.php?rest_route=\/wp\/v2\/posts\/60336"}],"collection":[{"href":"http:\/\/www.spaziotorino.it\/scatto\/index.php?rest_route=\/wp\/v2\/posts"}],"about":[{"href":"http:\/\/www.spaziotorino.it\/scatto\/index.php?rest_route=\/wp\/v2\/types\/post"}],"author":[{"embeddable":true,"href":"http:\/\/www.spaziotorino.it\/scatto\/index.php?rest_route=\/wp\/v2\/users\/1"}],"replies":[{"embeddable":true,"href":"http:\/\/www.spaziotorino.it\/scatto\/index.php?rest_route=%2Fwp%2Fv2%2Fcomments&post=60336"}],"version-history":[{"count":1,"href":"http:\/\/www.spaziotorino.it\/scatto\/index.php?rest_route=\/wp\/v2\/posts\/60336\/revisions"}],"predecessor-version":[{"id":60337,"href":"http:\/\/www.spaziotorino.it\/scatto\/index.php?rest_route=\/wp\/v2\/posts\/60336\/revisions\/60337"}],"wp:attachment":[{"href":"http:\/\/www.spaziotorino.it\/scatto\/index.php?rest_route=%2Fwp%2Fv2%2Fmedia&parent=60336"}],"wp:term":[{"taxonomy":"category","embeddable":true,"href":"http:\/\/www.spaziotorino.it\/scatto\/index.php?rest_route=%2Fwp%2Fv2%2Fcategories&post=60336"},{"taxonomy":"post_tag","embeddable":true,"href":"http:\/\/www.spaziotorino.it\/scatto\/index.php?rest_route=%2Fwp%2Fv2%2Ftags&post=60336"}],"curies":[{"name":"wp","href":"https:\/\/api.w.org\/{rel}","templated":true}]}}