{"id":60365,"date":"2026-03-05T13:27:17","date_gmt":"2026-03-05T12:27:17","guid":{"rendered":"http:\/\/www.spaziotorino.it\/scatto\/?p=60365"},"modified":"2026-03-06T12:27:54","modified_gmt":"2026-03-06T11:27:54","slug":"a-palazzo-di-citta-lincontro-tra-torino-e-la-delegazione-della-repubblica-del-peru","status":"publish","type":"post","link":"http:\/\/www.spaziotorino.it\/scatto\/?p=60365","title":{"rendered":"A Palazzo di Citt\u00e0 l\u2019incontro tra Torino e la delegazione della Repubblica del Per\u00f9"},"content":{"rendered":"<p><a class=\"ngg-fancybox\" title=\"A Palazzo di Citt\u00e0 l\u2019incontro tra Torino e la delegazione della Repubblica del Per\u00f9\" href=\"http:\/\/www.spaziotorino.it\/scatto\/wp-content\/gallery\/2026_03_05_peru\/PLA_2025.jpg\" rel=\"lightbox[set_2749]\"><br \/>\n<img decoding=\"async\" loading=\"lazy\" class=\"ngg-singlepic\" title=\"A Palazzo di Citt\u00e0 l\u2019incontro tra Torino e la delegazione della Repubblica del Per\u00f9\" src=\"http:\/\/www.spaziotorino.it\/scatto\/wp-content\/gallery\/2026_03_05_peru\/PLA_2025.jpg\" alt=\"\" width=\"540\" height=\"360\"\/><\/a><\/p>\n<!-- index.php -->\n<div\n\tclass=\"ngg-galleryoverview ngg-ajax-pagination-none\"\n\tid=\"ngg-gallery-f809aca1196f3416919295e1ee3c894c-1\">\n\n    \t\t<!-- Thumbnails -->\n\t\t\t\t<div id=\"ngg-image-0\" class=\"ngg-gallery-thumbnail-box\" >\n\t\t\t\t        <div class=\"ngg-gallery-thumbnail\">\n            <a href=\"http:\/\/www.spaziotorino.it\/scatto\/wp-content\/gallery\/2026_03_05_peru\/PLA_2040.jpg\"\n               title=\"A Palazzo di Citt\u00e0 l\u2019incontro tra Torino e la delegazione della Repubblica del Per\u00f9\"\n               data-src=\"http:\/\/www.spaziotorino.it\/scatto\/wp-content\/gallery\/2026_03_05_peru\/PLA_2040.jpg\"\n               data-thumbnail=\"http:\/\/www.spaziotorino.it\/scatto\/wp-content\/gallery\/2026_03_05_peru\/thumbs\/thumbs_PLA_2040.jpg\"\n               data-image-id=\"40389\"\n               data-title=\"A Palazzo di Citt\u00e0 l\u2019incontro tra Torino e la delegazione della Repubblica del Per\u00f9\"\n               data-description=\"A Palazzo di Citt\u00e0 l\u2019incontro tra Torino e la delegazione della Repubblica del Per\u00f9\"\n               data-image-slug=\"pla_2040-4\"\n               class=\"ngg-fancybox\" rel=\"f809aca1196f3416919295e1ee3c894c\">\n                <img\n                    title=\"A Palazzo di Citt\u00e0 l\u2019incontro tra Torino e la delegazione della Repubblica del Per\u00f9\"\n                    alt=\"A Palazzo di Citt\u00e0 l\u2019incontro tra Torino e la delegazione della Repubblica del Per\u00f9\"\n                    src=\"http:\/\/www.spaziotorino.it\/scatto\/wp-content\/gallery\/2026_03_05_peru\/cache\/PLA_2040.jpg-nggid0540389-ngg0dyn-60x60x100-00f0w010c011r110f110r010t010.jpg\"\n                    width=\"60\"\n                    height=\"60\"\n                    style=\"max-width:100%;\"\n                \/>\n            <\/a>\n        <\/div>\n\t\t\t\t\t\t\t<\/div> \n\t\t\t\n        \n\t\t\t\t<div id=\"ngg-image-1\" class=\"ngg-gallery-thumbnail-box\" >\n\t\t\t\t        <div class=\"ngg-gallery-thumbnail\">\n            <a href=\"http:\/\/www.spaziotorino.it\/scatto\/wp-content\/gallery\/2026_03_05_peru\/PLA_2073.jpg\"\n               title=\"La delegazione della Repubblica del Per\u00f9\"\n               data-src=\"http:\/\/www.spaziotorino.it\/scatto\/wp-content\/gallery\/2026_03_05_peru\/PLA_2073.jpg\"\n               data-thumbnail=\"http:\/\/www.spaziotorino.it\/scatto\/wp-content\/gallery\/2026_03_05_peru\/thumbs\/thumbs_PLA_2073.jpg\"\n               data-image-id=\"40387\"\n               data-title=\"La delegazione della Repubblica del Per\u00f9\"\n               data-description=\"La delegazione della Repubblica del Per\u00f9\"\n               data-image-slug=\"pla_2073-1\"\n               class=\"ngg-fancybox\" rel=\"f809aca1196f3416919295e1ee3c894c\">\n                <img\n                    title=\"La delegazione della Repubblica del Per\u00f9\"\n                    alt=\"La delegazione della Repubblica del Per\u00f9\"\n                    src=\"http:\/\/www.spaziotorino.it\/scatto\/wp-content\/gallery\/2026_03_05_peru\/cache\/PLA_2073.jpg-nggid0540387-ngg0dyn-60x60x100-00f0w010c011r110f110r010t010.jpg\"\n                    width=\"60\"\n                    height=\"60\"\n                    style=\"max-width:100%;\"\n                \/>\n            <\/a>\n        <\/div>\n\t\t\t\t\t\t\t<\/div> \n\t\t\t\n        \n\t\t\t\t<div id=\"ngg-image-2\" class=\"ngg-gallery-thumbnail-box\" >\n\t\t\t\t        <div class=\"ngg-gallery-thumbnail\">\n            <a href=\"http:\/\/www.spaziotorino.it\/scatto\/wp-content\/gallery\/2026_03_05_peru\/PLA_2063.jpg\"\n               title=\"L&#039;assessora Carlotta Salerno\"\n               data-src=\"http:\/\/www.spaziotorino.it\/scatto\/wp-content\/gallery\/2026_03_05_peru\/PLA_2063.jpg\"\n               data-thumbnail=\"http:\/\/www.spaziotorino.it\/scatto\/wp-content\/gallery\/2026_03_05_peru\/thumbs\/thumbs_PLA_2063.jpg\"\n               data-image-id=\"40385\"\n               data-title=\"L&#039;assessora Carlotta Salerno\"\n               data-description=\"L&#039;assessora Carlotta Salerno\"\n               data-image-slug=\"pla_2063-2\"\n               class=\"ngg-fancybox\" rel=\"f809aca1196f3416919295e1ee3c894c\">\n                <img\n                    title=\"L&#039;assessora Carlotta Salerno\"\n                    alt=\"L&#039;assessora Carlotta Salerno\"\n                    src=\"http:\/\/www.spaziotorino.it\/scatto\/wp-content\/gallery\/2026_03_05_peru\/cache\/PLA_2063.jpg-nggid0540385-ngg0dyn-60x60x100-00f0w010c011r110f110r010t010.jpg\"\n                    width=\"60\"\n                    height=\"60\"\n                    style=\"max-width:100%;\"\n                \/>\n            <\/a>\n        <\/div>\n\t\t\t\t\t\t\t<\/div> \n\t\t\t\n        \n\t\t\t\t<div id=\"ngg-image-3\" class=\"ngg-gallery-thumbnail-box\" >\n\t\t\t\t        <div class=\"ngg-gallery-thumbnail\">\n            <a href=\"http:\/\/www.spaziotorino.it\/scatto\/wp-content\/gallery\/2026_03_05_peru\/PLA_2007.jpg\"\n               title=\"Ezio Valfr\u00e9 Hern\u00e1ndez, console generale a Torino e l&#039;ambasciatore del Per\u00f9 in Italia, Manuel Cacho Sousa Vel\u00e1zquez\"\n               data-src=\"http:\/\/www.spaziotorino.it\/scatto\/wp-content\/gallery\/2026_03_05_peru\/PLA_2007.jpg\"\n               data-thumbnail=\"http:\/\/www.spaziotorino.it\/scatto\/wp-content\/gallery\/2026_03_05_peru\/thumbs\/thumbs_PLA_2007.jpg\"\n               data-image-id=\"40386\"\n               data-title=\"Ezio Valfr\u00e9 Hern\u00e1ndez, console generale a Torino e l&#039;ambasciatore del Per\u00f9 in Italia, Manuel Cacho Sousa Vel\u00e1zquez\"\n               data-description=\"Ezio Valfr\u00e9 Hern\u00e1ndez, console generale a Torino e l&#039;ambasciatore del Per\u00f9 in Italia, Manuel Cacho Sousa Vel\u00e1zquez\"\n               data-image-slug=\"pla_2007-1\"\n               class=\"ngg-fancybox\" rel=\"f809aca1196f3416919295e1ee3c894c\">\n                <img\n                    title=\"Ezio Valfr\u00e9 Hern\u00e1ndez, console generale a Torino e l&#039;ambasciatore del Per\u00f9 in Italia, Manuel Cacho Sousa Vel\u00e1zquez\"\n                    alt=\"Ezio Valfr\u00e9 Hern\u00e1ndez, console generale a Torino e l&#039;ambasciatore del Per\u00f9 in Italia, Manuel Cacho Sousa Vel\u00e1zquez\"\n                    src=\"http:\/\/www.spaziotorino.it\/scatto\/wp-content\/gallery\/2026_03_05_peru\/cache\/PLA_2007.jpg-nggid0540386-ngg0dyn-60x60x100-00f0w010c011r110f110r010t010.jpg\"\n                    width=\"60\"\n                    height=\"60\"\n                    style=\"max-width:100%;\"\n                \/>\n            <\/a>\n        <\/div>\n\t\t\t\t\t\t\t<\/div> \n\t\t\t\n        \n\t\t\n\t\t<!-- Pagination -->\n\t<div class='ngg-clear'><\/div>\t<\/div>\n\n<p>Questa mattina, Palazzo di Citt\u00e0 ha ospitato un importante incontro volto a consolidare il legame profondo tra la Citt\u00e0 di Torino e la Repubblica del Per\u00f9. L\u2019assessora&nbsp;<strong>Carlotta Salerno<\/strong>&nbsp;ha accolto una delegazione composta dall\u2019ambasciatore del Per\u00f9 in Italia, Manuel Cacho Sousa Vel\u00e1zquez, dalla consigliera diplomatica Vanessa Bohorquez e dal console generale a Torino, Ezio Valfr\u00e9 Hern\u00e1ndez.<\/p>\n<p>Durante il colloquio, l\u2019assessora Salerno ha portato i saluti del sindaco Lo Russo, definendo la comunit\u00e0 peruviana torinese come \u201cspeciale\u201d per la sua straordinaria capacit\u00e0 di apertura e integrazione.<\/p>\n<p>Un punto centrale della discussione \u00e8 stato il ruolo dei giovani di seconda generazione. Salerno ha sottolineato con ammirazione l\u2019impegno dei ragazzi nel recupero delle danze e del folklore tipico:<\/p>\n<p>\u201c\u00c8 una grande risorsa vedere giovani partecipare attivamente agli eventi culturali della citt\u00e0, mantenendo vive le proprie radici pur essendo parte integrante del tessuto sociale torinese\u201d, ha spiegato.<\/p>\n<p>L\u2019ambasciatore Cacho Sousa Vel\u00e1zquez ha descritto la comunit\u00e0 peruviana come \u201cantica e laboriosa\u201d, evidenziando come il legame non sia solo culturale ma anche economico, come testimoniato dalla visita della delegazione alla Camera di Commercio.<\/p>\n","protected":false},"excerpt":{"rendered":"<p>Questa mattina, Palazzo di Citt\u00e0 ha ospitato un importante incontro volto a consolidare il legame profondo tra la Citt\u00e0 di Torino e la Repubblica del Per\u00f9. L\u2019assessora&nbsp;Carlotta Salerno&nbsp;ha accolto una delegazione composta dall\u2019ambasciatore del Per\u00f9 in Italia, Manuel Cacho Sousa Vel\u00e1zquez, dalla consigliera diplomatica Vanessa Bohorquez e dal console generale a Torino, Ezio Valfr\u00e9 Hern\u00e1ndez. [&hellip;]<\/p>\n","protected":false},"author":1,"featured_media":0,"comment_status":"closed","ping_status":"open","sticky":false,"template":"","format":"standard","meta":{"ngg_post_thumbnail":0},"categories":[1,895],"tags":[],"_links":{"self":[{"href":"http:\/\/www.spaziotorino.it\/scatto\/index.php?rest_route=\/wp\/v2\/posts\/60365"}],"collection":[{"href":"http:\/\/www.spaziotorino.it\/scatto\/index.php?rest_route=\/wp\/v2\/posts"}],"about":[{"href":"http:\/\/www.spaziotorino.it\/scatto\/index.php?rest_route=\/wp\/v2\/types\/post"}],"author":[{"embeddable":true,"href":"http:\/\/www.spaziotorino.it\/scatto\/index.php?rest_route=\/wp\/v2\/users\/1"}],"replies":[{"embeddable":true,"href":"http:\/\/www.spaziotorino.it\/scatto\/index.php?rest_route=%2Fwp%2Fv2%2Fcomments&post=60365"}],"version-history":[{"count":1,"href":"http:\/\/www.spaziotorino.it\/scatto\/index.php?rest_route=\/wp\/v2\/posts\/60365\/revisions"}],"predecessor-version":[{"id":60366,"href":"http:\/\/www.spaziotorino.it\/scatto\/index.php?rest_route=\/wp\/v2\/posts\/60365\/revisions\/60366"}],"wp:attachment":[{"href":"http:\/\/www.spaziotorino.it\/scatto\/index.php?rest_route=%2Fwp%2Fv2%2Fmedia&parent=60365"}],"wp:term":[{"taxonomy":"category","embeddable":true,"href":"http:\/\/www.spaziotorino.it\/scatto\/index.php?rest_route=%2Fwp%2Fv2%2Fcategories&post=60365"},{"taxonomy":"post_tag","embeddable":true,"href":"http:\/\/www.spaziotorino.it\/scatto\/index.php?rest_route=%2Fwp%2Fv2%2Ftags&post=60365"}],"curies":[{"name":"wp","href":"https:\/\/api.w.org\/{rel}","templated":true}]}}