{"id":60861,"date":"2026-04-25T15:47:05","date_gmt":"2026-04-25T14:47:05","guid":{"rendered":"http:\/\/www.spaziotorino.it\/scatto\/?p=60861"},"modified":"2026-04-25T15:47:05","modified_gmt":"2026-04-25T14:47:05","slug":"mille-papaveri-rossi-al-polo-del-900-un-prato-di-memoria-condivisa-per-il-25-aprile","status":"publish","type":"post","link":"http:\/\/www.spaziotorino.it\/scatto\/?p=60861","title":{"rendered":"\u201cMille Papaveri Rossi\u201d: al Polo del \u2019900 un prato di memoria condivisa per il 25 aprile"},"content":{"rendered":"<p><a class=\"ngg-fancybox\" title=\"\u201cMille Papaveri Rossi\u201d: al Polo del \u2019900 un prato di memoria condivisa per il 25 aprile\" href=\"http:\/\/www.spaziotorino.it\/scatto\/wp-content\/gallery\/2026_04_25_papaveri\/PLA_7156.jpg\" rel=\"lightbox[set_2782]\"><br \/>\n<img decoding=\"async\" loading=\"lazy\" class=\"ngg-singlepic\" title=\"\u201cMille Papaveri Rossi\u201d: al Polo del \u2019900 un prato di memoria condivisa per il 25 aprile\" src=\"http:\/\/www.spaziotorino.it\/scatto\/wp-content\/gallery\/2026_04_25_papaveri\/PLA_7156.jpg\" alt=\"\" width=\"540\" height=\"360\"\/><\/a><\/p>\n<!-- index.php -->\n<div\n\tclass=\"ngg-galleryoverview ngg-ajax-pagination-none\"\n\tid=\"ngg-gallery-4020cc6300e68019ddc227cb1e1b345a-1\">\n\n    \t\t<!-- Thumbnails -->\n\t\t\t\t<div id=\"ngg-image-0\" class=\"ngg-gallery-thumbnail-box\" >\n\t\t\t\t        <div class=\"ngg-gallery-thumbnail\">\n            <a href=\"http:\/\/www.spaziotorino.it\/scatto\/wp-content\/gallery\/2026_04_25_papaveri\/PLA_7163.jpg\"\n               title=\"\u201cMille Papaveri Rossi\u201d: al Polo del \u2019900 un prato di memoria condivisa per il 25 aprile\"\n               data-src=\"http:\/\/www.spaziotorino.it\/scatto\/wp-content\/gallery\/2026_04_25_papaveri\/PLA_7163.jpg\"\n               data-thumbnail=\"http:\/\/www.spaziotorino.it\/scatto\/wp-content\/gallery\/2026_04_25_papaveri\/thumbs\/thumbs_PLA_7163.jpg\"\n               data-image-id=\"40764\"\n               data-title=\"\u201cMille Papaveri Rossi\u201d: al Polo del \u2019900 un prato di memoria condivisa per il 25 aprile\"\n               data-description=\"\u201cMille Papaveri Rossi\u201d: al Polo del \u2019900 un prato di memoria condivisa per il 25 aprile\"\n               data-image-slug=\"pla_7163-2\"\n               class=\"ngg-fancybox\" rel=\"4020cc6300e68019ddc227cb1e1b345a\">\n                <img\n                    title=\"\u201cMille Papaveri Rossi\u201d: al Polo del \u2019900 un prato di memoria condivisa per il 25 aprile\"\n                    alt=\"\u201cMille Papaveri Rossi\u201d: al Polo del \u2019900 un prato di memoria condivisa per il 25 aprile\"\n                    src=\"http:\/\/www.spaziotorino.it\/scatto\/wp-content\/gallery\/2026_04_25_papaveri\/cache\/PLA_7163.jpg-nggid0540764-ngg0dyn-60x60x100-00f0w010c011r110f110r010t010.jpg\"\n                    width=\"60\"\n                    height=\"60\"\n                    style=\"max-width:100%;\"\n                \/>\n            <\/a>\n        <\/div>\n\t\t\t\t\t\t\t<\/div> \n\t\t\t\n        \n\t\t\t\t<div id=\"ngg-image-1\" class=\"ngg-gallery-thumbnail-box\" >\n\t\t\t\t        <div class=\"ngg-gallery-thumbnail\">\n            <a href=\"http:\/\/www.spaziotorino.it\/scatto\/wp-content\/gallery\/2026_04_25_papaveri\/PLA_7167.jpg\"\n               title=\"\u201cMille Papaveri Rossi\u201d: al Polo del \u2019900 un prato di memoria condivisa per il 25 aprile\"\n               data-src=\"http:\/\/www.spaziotorino.it\/scatto\/wp-content\/gallery\/2026_04_25_papaveri\/PLA_7167.jpg\"\n               data-thumbnail=\"http:\/\/www.spaziotorino.it\/scatto\/wp-content\/gallery\/2026_04_25_papaveri\/thumbs\/thumbs_PLA_7167.jpg\"\n               data-image-id=\"40767\"\n               data-title=\"\u201cMille Papaveri Rossi\u201d: al Polo del \u2019900 un prato di memoria condivisa per il 25 aprile\"\n               data-description=\"\u201cMille Papaveri Rossi\u201d: al Polo del \u2019900 un prato di memoria condivisa per il 25 aprile\"\n               data-image-slug=\"pla_7167\"\n               class=\"ngg-fancybox\" rel=\"4020cc6300e68019ddc227cb1e1b345a\">\n                <img\n                    title=\"\u201cMille Papaveri Rossi\u201d: al Polo del \u2019900 un prato di memoria condivisa per il 25 aprile\"\n                    alt=\"\u201cMille Papaveri Rossi\u201d: al Polo del \u2019900 un prato di memoria condivisa per il 25 aprile\"\n                    src=\"http:\/\/www.spaziotorino.it\/scatto\/wp-content\/gallery\/2026_04_25_papaveri\/cache\/PLA_7167.jpg-nggid0540767-ngg0dyn-60x60x100-00f0w010c011r110f110r010t010.jpg\"\n                    width=\"60\"\n                    height=\"60\"\n                    style=\"max-width:100%;\"\n                \/>\n            <\/a>\n        <\/div>\n\t\t\t\t\t\t\t<\/div> \n\t\t\t\n        \n\t\t\t\t<div id=\"ngg-image-2\" class=\"ngg-gallery-thumbnail-box\" >\n\t\t\t\t        <div class=\"ngg-gallery-thumbnail\">\n            <a href=\"http:\/\/www.spaziotorino.it\/scatto\/wp-content\/gallery\/2026_04_25_papaveri\/PLA_7175.jpg\"\n               title=\"\u201cMille Papaveri Rossi\u201d: al Polo del \u2019900 un prato di memoria condivisa per il 25 aprile\"\n               data-src=\"http:\/\/www.spaziotorino.it\/scatto\/wp-content\/gallery\/2026_04_25_papaveri\/PLA_7175.jpg\"\n               data-thumbnail=\"http:\/\/www.spaziotorino.it\/scatto\/wp-content\/gallery\/2026_04_25_papaveri\/thumbs\/thumbs_PLA_7175.jpg\"\n               data-image-id=\"40763\"\n               data-title=\"\u201cMille Papaveri Rossi\u201d: al Polo del \u2019900 un prato di memoria condivisa per il 25 aprile\"\n               data-description=\"\u201cMille Papaveri Rossi\u201d: al Polo del \u2019900 un prato di memoria condivisa per il 25 aprile\"\n               data-image-slug=\"pla_7175-1\"\n               class=\"ngg-fancybox\" rel=\"4020cc6300e68019ddc227cb1e1b345a\">\n                <img\n                    title=\"\u201cMille Papaveri Rossi\u201d: al Polo del \u2019900 un prato di memoria condivisa per il 25 aprile\"\n                    alt=\"\u201cMille Papaveri Rossi\u201d: al Polo del \u2019900 un prato di memoria condivisa per il 25 aprile\"\n                    src=\"http:\/\/www.spaziotorino.it\/scatto\/wp-content\/gallery\/2026_04_25_papaveri\/cache\/PLA_7175.jpg-nggid0540763-ngg0dyn-60x60x100-00f0w010c011r110f110r010t010.jpg\"\n                    width=\"60\"\n                    height=\"60\"\n                    style=\"max-width:100%;\"\n                \/>\n            <\/a>\n        <\/div>\n\t\t\t\t\t\t\t<\/div> \n\t\t\t\n        \n\t\t\t\t<div id=\"ngg-image-3\" class=\"ngg-gallery-thumbnail-box\" >\n\t\t\t\t        <div class=\"ngg-gallery-thumbnail\">\n            <a href=\"http:\/\/www.spaziotorino.it\/scatto\/wp-content\/gallery\/2026_04_25_papaveri\/PLA_7182.jpg\"\n               title=\"\u201cMille Papaveri Rossi\u201d: al Polo del \u2019900 un prato di memoria condivisa per il 25 aprile\"\n               data-src=\"http:\/\/www.spaziotorino.it\/scatto\/wp-content\/gallery\/2026_04_25_papaveri\/PLA_7182.jpg\"\n               data-thumbnail=\"http:\/\/www.spaziotorino.it\/scatto\/wp-content\/gallery\/2026_04_25_papaveri\/thumbs\/thumbs_PLA_7182.jpg\"\n               data-image-id=\"40765\"\n               data-title=\"\u201cMille Papaveri Rossi\u201d: al Polo del \u2019900 un prato di memoria condivisa per il 25 aprile\"\n               data-description=\"\u201cMille Papaveri Rossi\u201d: al Polo del \u2019900 un prato di memoria condivisa per il 25 aprile\"\n               data-image-slug=\"pla_7182-1\"\n               class=\"ngg-fancybox\" rel=\"4020cc6300e68019ddc227cb1e1b345a\">\n                <img\n                    title=\"\u201cMille Papaveri Rossi\u201d: al Polo del \u2019900 un prato di memoria condivisa per il 25 aprile\"\n                    alt=\"\u201cMille Papaveri Rossi\u201d: al Polo del \u2019900 un prato di memoria condivisa per il 25 aprile\"\n                    src=\"http:\/\/www.spaziotorino.it\/scatto\/wp-content\/gallery\/2026_04_25_papaveri\/cache\/PLA_7182.jpg-nggid0540765-ngg0dyn-60x60x100-00f0w010c011r110f110r010t010.jpg\"\n                    width=\"60\"\n                    height=\"60\"\n                    style=\"max-width:100%;\"\n                \/>\n            <\/a>\n        <\/div>\n\t\t\t\t\t\t\t<\/div> \n\t\t\t\n        \n\t\t\t\t<div id=\"ngg-image-4\" class=\"ngg-gallery-thumbnail-box\" >\n\t\t\t\t        <div class=\"ngg-gallery-thumbnail\">\n            <a href=\"http:\/\/www.spaziotorino.it\/scatto\/wp-content\/gallery\/2026_04_25_papaveri\/PLA_7187.jpg\"\n               title=\"\u201cMille Papaveri Rossi\u201d: al Polo del \u2019900 un prato di memoria condivisa per il 25 aprile\"\n               data-src=\"http:\/\/www.spaziotorino.it\/scatto\/wp-content\/gallery\/2026_04_25_papaveri\/PLA_7187.jpg\"\n               data-thumbnail=\"http:\/\/www.spaziotorino.it\/scatto\/wp-content\/gallery\/2026_04_25_papaveri\/thumbs\/thumbs_PLA_7187.jpg\"\n               data-image-id=\"40766\"\n               data-title=\"\u201cMille Papaveri Rossi\u201d: al Polo del \u2019900 un prato di memoria condivisa per il 25 aprile\"\n               data-description=\"\u201cMille Papaveri Rossi\u201d: al Polo del \u2019900 un prato di memoria condivisa per il 25 aprile\"\n               data-image-slug=\"pla_7187-2\"\n               class=\"ngg-fancybox\" rel=\"4020cc6300e68019ddc227cb1e1b345a\">\n                <img\n                    title=\"\u201cMille Papaveri Rossi\u201d: al Polo del \u2019900 un prato di memoria condivisa per il 25 aprile\"\n                    alt=\"\u201cMille Papaveri Rossi\u201d: al Polo del \u2019900 un prato di memoria condivisa per il 25 aprile\"\n                    src=\"http:\/\/www.spaziotorino.it\/scatto\/wp-content\/gallery\/2026_04_25_papaveri\/cache\/PLA_7187.jpg-nggid0540766-ngg0dyn-60x60x100-00f0w010c011r110f110r010t010.jpg\"\n                    width=\"60\"\n                    height=\"60\"\n                    style=\"max-width:100%;\"\n                \/>\n            <\/a>\n        <\/div>\n\t\t\t\t\t\t\t<\/div> \n\t\t\t\n        \n\t\t\n\t\t<!-- Pagination -->\n\t<div class='ngg-clear'><\/div>\t<\/div>\n\n<p>Nel giorno del <strong>25 aprile<\/strong>, il <strong>Cortile del Polo del \u2019900<\/strong>, in <strong>piazzetta Antonicelli<\/strong> a Torino, ospita l\u2019installazione artistica partecipativa <strong>\u201cMille Papaveri Rossi\u201d<\/strong>, un\u2019iniziativa che unisce <strong>arte, memoria e coinvolgimento collettivo<\/strong>.<\/p>\n<p>Promosso da Arci Torino, Fondazione Nuto Revelli, Fondazione Istituto piemontese Antonio Gramsci, ANPI e Istituto piemontese per la storia della Resistenza Giorgio Agosti, l\u2019evento nasce da un\u2019idea dell\u2019artista Daniela Calisi ed \u00e8 curato dall\u2019associazione Miranda.<\/p>\n<p>Nei giorni precedenti la ricorrenza, attraverso <strong>workshop pubblici diffusi in citt\u00e0<\/strong>, persone di tutte le et\u00e0 \u2013 bambine e bambini, ragazze e ragazzi, adulte e adulti \u2013 hanno realizzato <strong>papaveri rossi in carta<\/strong>, utilizzando kit pretagliati. Questi fiori danno vita a un <strong>grande prato temporaneo<\/strong>, simbolo tangibile di una memoria costruita insieme.<\/p>\n<p>Ogni papavero \u00e8 dedicato a una persona che ha contribuito alla <strong>Resistenza<\/strong>, accompagnato da un breve racconto della sua vita. Un gesto semplice ma potente, che trasforma la commemorazione in una <strong>pratica collettiva di memoria attiva<\/strong>.<\/p>\n<p>Il <strong>papavero<\/strong>, fragile e resistente allo stesso tempo, diventa cos\u00ec <strong>simbolo della cura della democrazia<\/strong> e di una presa di posizione contro <strong>guerra e riarmo<\/strong>. L\u2019installazione non si esaurisce nello spazio espositivo: chi la visita pu\u00f2 infatti <strong>portare con s\u00e9 uno o pi\u00f9 fiori<\/strong>, diventandone custode e contribuendo a diffondere il ricordo anche oltre l\u2019evento.<\/p>\n<p>\u201cMille Papaveri Rossi\u201d si inserisce nel programma delle celebrazioni cittadine del <strong>25 aprile<\/strong>, offrendo un\u2019esperienza che intreccia <strong>arte, partecipazione e responsabilit\u00e0 civile<\/strong>, e che invita a vivere la memoria non solo come ricordo, ma come <strong>azione quotidiana<\/strong>.<\/p>\n","protected":false},"excerpt":{"rendered":"<p>Nel giorno del 25 aprile, il Cortile del Polo del \u2019900, in piazzetta Antonicelli a Torino, ospita l\u2019installazione artistica partecipativa \u201cMille Papaveri Rossi\u201d, un\u2019iniziativa che unisce arte, memoria e coinvolgimento collettivo. Promosso da Arci Torino, Fondazione Nuto Revelli, Fondazione Istituto piemontese Antonio Gramsci, ANPI e Istituto piemontese per la storia della Resistenza Giorgio Agosti, l\u2019evento [&hellip;]<\/p>\n","protected":false},"author":1,"featured_media":0,"comment_status":"closed","ping_status":"open","sticky":false,"template":"","format":"standard","meta":{"ngg_post_thumbnail":0},"categories":[1,41],"tags":[],"_links":{"self":[{"href":"http:\/\/www.spaziotorino.it\/scatto\/index.php?rest_route=\/wp\/v2\/posts\/60861"}],"collection":[{"href":"http:\/\/www.spaziotorino.it\/scatto\/index.php?rest_route=\/wp\/v2\/posts"}],"about":[{"href":"http:\/\/www.spaziotorino.it\/scatto\/index.php?rest_route=\/wp\/v2\/types\/post"}],"author":[{"embeddable":true,"href":"http:\/\/www.spaziotorino.it\/scatto\/index.php?rest_route=\/wp\/v2\/users\/1"}],"replies":[{"embeddable":true,"href":"http:\/\/www.spaziotorino.it\/scatto\/index.php?rest_route=%2Fwp%2Fv2%2Fcomments&post=60861"}],"version-history":[{"count":1,"href":"http:\/\/www.spaziotorino.it\/scatto\/index.php?rest_route=\/wp\/v2\/posts\/60861\/revisions"}],"predecessor-version":[{"id":60862,"href":"http:\/\/www.spaziotorino.it\/scatto\/index.php?rest_route=\/wp\/v2\/posts\/60861\/revisions\/60862"}],"wp:attachment":[{"href":"http:\/\/www.spaziotorino.it\/scatto\/index.php?rest_route=%2Fwp%2Fv2%2Fmedia&parent=60861"}],"wp:term":[{"taxonomy":"category","embeddable":true,"href":"http:\/\/www.spaziotorino.it\/scatto\/index.php?rest_route=%2Fwp%2Fv2%2Fcategories&post=60861"},{"taxonomy":"post_tag","embeddable":true,"href":"http:\/\/www.spaziotorino.it\/scatto\/index.php?rest_route=%2Fwp%2Fv2%2Ftags&post=60861"}],"curies":[{"name":"wp","href":"https:\/\/api.w.org\/{rel}","templated":true}]}}