{"id":60905,"date":"2026-04-26T21:51:10","date_gmt":"2026-04-26T20:51:10","guid":{"rendered":"http:\/\/www.spaziotorino.it\/scatto\/?p=60905"},"modified":"2026-04-26T21:51:10","modified_gmt":"2026-04-26T20:51:10","slug":"centinaia-di-persone-per-la-jst-jazz-parade-del-torino-jazz-festival","status":"publish","type":"post","link":"http:\/\/www.spaziotorino.it\/scatto\/?p=60905","title":{"rendered":"Centinaia di persone per la JST Jazz Parade del Torino Jazz Festival"},"content":{"rendered":"<p><a class=\"ngg-fancybox\" title=\"Centinaia di persone per la JST Jazz Parade del Torino Jazz Festival\" href=\"http:\/\/www.spaziotorino.it\/scatto\/wp-content\/gallery\/2026_04_26_jst\/PLA_7473.jpg\" rel=\"lightbox[set_2784]\"><br \/>\n<img decoding=\"async\" loading=\"lazy\" class=\"ngg-singlepic\" title=\"Centinaia di persone per la JST Jazz Parade del Torino Jazz Festival\" src=\"http:\/\/www.spaziotorino.it\/scatto\/wp-content\/gallery\/2026_04_26_jst\/PLA_7473.jpg\" alt=\"\" width=\"540\" height=\"360\"\/><\/a><\/p>\n<!-- index.php -->\n<div\n\tclass=\"ngg-galleryoverview ngg-ajax-pagination-none\"\n\tid=\"ngg-gallery-4944a2d15b1f8b1dce38e1a303facd3c-1\">\n\n    \t\t<!-- Thumbnails -->\n\t\t\t\t<div id=\"ngg-image-0\" class=\"ngg-gallery-thumbnail-box\" >\n\t\t\t\t        <div class=\"ngg-gallery-thumbnail\">\n            <a href=\"http:\/\/www.spaziotorino.it\/scatto\/wp-content\/gallery\/2026_04_26_jst\/PLA_7455.jpg\"\n               title=\"Centinaia di persone per la JST Jazz Parade del Torino Jazz Festival\"\n               data-src=\"http:\/\/www.spaziotorino.it\/scatto\/wp-content\/gallery\/2026_04_26_jst\/PLA_7455.jpg\"\n               data-thumbnail=\"http:\/\/www.spaziotorino.it\/scatto\/wp-content\/gallery\/2026_04_26_jst\/thumbs\/thumbs_PLA_7455.jpg\"\n               data-image-id=\"40787\"\n               data-title=\"Centinaia di persone per la JST Jazz Parade del Torino Jazz Festival\"\n               data-description=\"Centinaia di persone per la JST Jazz Parade del Torino Jazz Festival\"\n               data-image-slug=\"pla_7455\"\n               class=\"ngg-fancybox\" rel=\"4944a2d15b1f8b1dce38e1a303facd3c\">\n                <img\n                    title=\"Centinaia di persone per la JST Jazz Parade del Torino Jazz Festival\"\n                    alt=\"Centinaia di persone per la JST Jazz Parade del Torino Jazz Festival\"\n                    src=\"http:\/\/www.spaziotorino.it\/scatto\/wp-content\/gallery\/2026_04_26_jst\/cache\/PLA_7455.jpg-nggid0540787-ngg0dyn-60x60x100-00f0w010c011r110f110r010t010.jpg\"\n                    width=\"60\"\n                    height=\"60\"\n                    style=\"max-width:100%;\"\n                \/>\n            <\/a>\n        <\/div>\n\t\t\t\t\t\t\t<\/div> \n\t\t\t\n        \n\t\t\t\t<div id=\"ngg-image-1\" class=\"ngg-gallery-thumbnail-box\" >\n\t\t\t\t        <div class=\"ngg-gallery-thumbnail\">\n            <a href=\"http:\/\/www.spaziotorino.it\/scatto\/wp-content\/gallery\/2026_04_26_jst\/PLA_7463.jpg\"\n               title=\"Centinaia di persone per la JST Jazz Parade del Torino Jazz Festival\"\n               data-src=\"http:\/\/www.spaziotorino.it\/scatto\/wp-content\/gallery\/2026_04_26_jst\/PLA_7463.jpg\"\n               data-thumbnail=\"http:\/\/www.spaziotorino.it\/scatto\/wp-content\/gallery\/2026_04_26_jst\/thumbs\/thumbs_PLA_7463.jpg\"\n               data-image-id=\"40786\"\n               data-title=\"Centinaia di persone per la JST Jazz Parade del Torino Jazz Festival\"\n               data-description=\"Centinaia di persone per la JST Jazz Parade del Torino Jazz Festival\"\n               data-image-slug=\"pla_7463-2\"\n               class=\"ngg-fancybox\" rel=\"4944a2d15b1f8b1dce38e1a303facd3c\">\n                <img\n                    title=\"Centinaia di persone per la JST Jazz Parade del Torino Jazz Festival\"\n                    alt=\"Centinaia di persone per la JST Jazz Parade del Torino Jazz Festival\"\n                    src=\"http:\/\/www.spaziotorino.it\/scatto\/wp-content\/gallery\/2026_04_26_jst\/cache\/PLA_7463.jpg-nggid0540786-ngg0dyn-60x60x100-00f0w010c011r110f110r010t010.jpg\"\n                    width=\"60\"\n                    height=\"60\"\n                    style=\"max-width:100%;\"\n                \/>\n            <\/a>\n        <\/div>\n\t\t\t\t\t\t\t<\/div> \n\t\t\t\n        \n\t\t\t\t<div id=\"ngg-image-2\" class=\"ngg-gallery-thumbnail-box\" >\n\t\t\t\t        <div class=\"ngg-gallery-thumbnail\">\n            <a href=\"http:\/\/www.spaziotorino.it\/scatto\/wp-content\/gallery\/2026_04_26_jst\/PLA_7476.jpg\"\n               title=\"Centinaia di persone per la JST Jazz Parade del Torino Jazz Festival\"\n               data-src=\"http:\/\/www.spaziotorino.it\/scatto\/wp-content\/gallery\/2026_04_26_jst\/PLA_7476.jpg\"\n               data-thumbnail=\"http:\/\/www.spaziotorino.it\/scatto\/wp-content\/gallery\/2026_04_26_jst\/thumbs\/thumbs_PLA_7476.jpg\"\n               data-image-id=\"40788\"\n               data-title=\"Centinaia di persone per la JST Jazz Parade del Torino Jazz Festival\"\n               data-description=\"Centinaia di persone per la JST Jazz Parade del Torino Jazz Festival\"\n               data-image-slug=\"pla_7476-3\"\n               class=\"ngg-fancybox\" rel=\"4944a2d15b1f8b1dce38e1a303facd3c\">\n                <img\n                    title=\"Centinaia di persone per la JST Jazz Parade del Torino Jazz Festival\"\n                    alt=\"Centinaia di persone per la JST Jazz Parade del Torino Jazz Festival\"\n                    src=\"http:\/\/www.spaziotorino.it\/scatto\/wp-content\/gallery\/2026_04_26_jst\/cache\/PLA_7476.jpg-nggid0540788-ngg0dyn-60x60x100-00f0w010c011r110f110r010t010.jpg\"\n                    width=\"60\"\n                    height=\"60\"\n                    style=\"max-width:100%;\"\n                \/>\n            <\/a>\n        <\/div>\n\t\t\t\t\t\t\t<\/div> \n\t\t\t\n        \n\t\t\t\t<div id=\"ngg-image-3\" class=\"ngg-gallery-thumbnail-box\" >\n\t\t\t\t        <div class=\"ngg-gallery-thumbnail\">\n            <a href=\"http:\/\/www.spaziotorino.it\/scatto\/wp-content\/gallery\/2026_04_26_jst\/PLA_7481.jpg\"\n               title=\"Centinaia di persone per la JST Jazz Parade del Torino Jazz Festival\"\n               data-src=\"http:\/\/www.spaziotorino.it\/scatto\/wp-content\/gallery\/2026_04_26_jst\/PLA_7481.jpg\"\n               data-thumbnail=\"http:\/\/www.spaziotorino.it\/scatto\/wp-content\/gallery\/2026_04_26_jst\/thumbs\/thumbs_PLA_7481.jpg\"\n               data-image-id=\"40789\"\n               data-title=\"Centinaia di persone per la JST Jazz Parade del Torino Jazz Festival\"\n               data-description=\"Centinaia di persone per la JST Jazz Parade del Torino Jazz Festival\"\n               data-image-slug=\"pla_7481-6\"\n               class=\"ngg-fancybox\" rel=\"4944a2d15b1f8b1dce38e1a303facd3c\">\n                <img\n                    title=\"Centinaia di persone per la JST Jazz Parade del Torino Jazz Festival\"\n                    alt=\"Centinaia di persone per la JST Jazz Parade del Torino Jazz Festival\"\n                    src=\"http:\/\/www.spaziotorino.it\/scatto\/wp-content\/gallery\/2026_04_26_jst\/cache\/PLA_7481.jpg-nggid0540789-ngg0dyn-60x60x100-00f0w010c011r110f110r010t010.jpg\"\n                    width=\"60\"\n                    height=\"60\"\n                    style=\"max-width:100%;\"\n                \/>\n            <\/a>\n        <\/div>\n\t\t\t\t\t\t\t<\/div> \n\t\t\t\n        \n\t\t\t\t<div id=\"ngg-image-4\" class=\"ngg-gallery-thumbnail-box\" >\n\t\t\t\t        <div class=\"ngg-gallery-thumbnail\">\n            <a href=\"http:\/\/www.spaziotorino.it\/scatto\/wp-content\/gallery\/2026_04_26_jst\/PLA_7494.jpg\"\n               title=\"Centinaia di persone per la JST Jazz Parade del Torino Jazz Festival\"\n               data-src=\"http:\/\/www.spaziotorino.it\/scatto\/wp-content\/gallery\/2026_04_26_jst\/PLA_7494.jpg\"\n               data-thumbnail=\"http:\/\/www.spaziotorino.it\/scatto\/wp-content\/gallery\/2026_04_26_jst\/thumbs\/thumbs_PLA_7494.jpg\"\n               data-image-id=\"40791\"\n               data-title=\"Centinaia di persone per la JST Jazz Parade del Torino Jazz Festival\"\n               data-description=\"Centinaia di persone per la JST Jazz Parade del Torino Jazz Festival\"\n               data-image-slug=\"pla_7494-1\"\n               class=\"ngg-fancybox\" rel=\"4944a2d15b1f8b1dce38e1a303facd3c\">\n                <img\n                    title=\"Centinaia di persone per la JST Jazz Parade del Torino Jazz Festival\"\n                    alt=\"Centinaia di persone per la JST Jazz Parade del Torino Jazz Festival\"\n                    src=\"http:\/\/www.spaziotorino.it\/scatto\/wp-content\/gallery\/2026_04_26_jst\/cache\/PLA_7494.jpg-nggid0540791-ngg0dyn-60x60x100-00f0w010c011r110f110r010t010.jpg\"\n                    width=\"60\"\n                    height=\"60\"\n                    style=\"max-width:100%;\"\n                \/>\n            <\/a>\n        <\/div>\n\t\t\t\t\t\t\t<\/div> \n\t\t\t\n        \n\t\t\t\t<div id=\"ngg-image-5\" class=\"ngg-gallery-thumbnail-box\" >\n\t\t\t\t        <div class=\"ngg-gallery-thumbnail\">\n            <a href=\"http:\/\/www.spaziotorino.it\/scatto\/wp-content\/gallery\/2026_04_26_jst\/PLA_7495.jpg\"\n               title=\"Centinaia di persone per la JST Jazz Parade del Torino Jazz Festival\"\n               data-src=\"http:\/\/www.spaziotorino.it\/scatto\/wp-content\/gallery\/2026_04_26_jst\/PLA_7495.jpg\"\n               data-thumbnail=\"http:\/\/www.spaziotorino.it\/scatto\/wp-content\/gallery\/2026_04_26_jst\/thumbs\/thumbs_PLA_7495.jpg\"\n               data-image-id=\"40794\"\n               data-title=\"Centinaia di persone per la JST Jazz Parade del Torino Jazz Festival\"\n               data-description=\"Centinaia di persone per la JST Jazz Parade del Torino Jazz Festival\"\n               data-image-slug=\"pla_7495-1\"\n               class=\"ngg-fancybox\" rel=\"4944a2d15b1f8b1dce38e1a303facd3c\">\n                <img\n                    title=\"Centinaia di persone per la JST Jazz Parade del Torino Jazz Festival\"\n                    alt=\"Centinaia di persone per la JST Jazz Parade del Torino Jazz Festival\"\n                    src=\"http:\/\/www.spaziotorino.it\/scatto\/wp-content\/gallery\/2026_04_26_jst\/cache\/PLA_7495.jpg-nggid0540794-ngg0dyn-60x60x100-00f0w010c011r110f110r010t010.jpg\"\n                    width=\"60\"\n                    height=\"60\"\n                    style=\"max-width:100%;\"\n                \/>\n            <\/a>\n        <\/div>\n\t\t\t\t\t\t\t<\/div> \n\t\t\t\n        \n\t\t\t\t<div id=\"ngg-image-6\" class=\"ngg-gallery-thumbnail-box\" >\n\t\t\t\t        <div class=\"ngg-gallery-thumbnail\">\n            <a href=\"http:\/\/www.spaziotorino.it\/scatto\/wp-content\/gallery\/2026_04_26_jst\/PLA_7524.jpg\"\n               title=\"Centinaia di persone per la JST Jazz Parade del Torino Jazz Festival\"\n               data-src=\"http:\/\/www.spaziotorino.it\/scatto\/wp-content\/gallery\/2026_04_26_jst\/PLA_7524.jpg\"\n               data-thumbnail=\"http:\/\/www.spaziotorino.it\/scatto\/wp-content\/gallery\/2026_04_26_jst\/thumbs\/thumbs_PLA_7524.jpg\"\n               data-image-id=\"40793\"\n               data-title=\"Centinaia di persone per la JST Jazz Parade del Torino Jazz Festival\"\n               data-description=\"Centinaia di persone per la JST Jazz Parade del Torino Jazz Festival\"\n               data-image-slug=\"pla_7524-1\"\n               class=\"ngg-fancybox\" rel=\"4944a2d15b1f8b1dce38e1a303facd3c\">\n                <img\n                    title=\"Centinaia di persone per la JST Jazz Parade del Torino Jazz Festival\"\n                    alt=\"Centinaia di persone per la JST Jazz Parade del Torino Jazz Festival\"\n                    src=\"http:\/\/www.spaziotorino.it\/scatto\/wp-content\/gallery\/2026_04_26_jst\/cache\/PLA_7524.jpg-nggid0540793-ngg0dyn-60x60x100-00f0w010c011r110f110r010t010.jpg\"\n                    width=\"60\"\n                    height=\"60\"\n                    style=\"max-width:100%;\"\n                \/>\n            <\/a>\n        <\/div>\n\t\t\t\t\t\t\t<\/div> \n\t\t\t\n        \n\t\t\t\t<div id=\"ngg-image-7\" class=\"ngg-gallery-thumbnail-box\" >\n\t\t\t\t        <div class=\"ngg-gallery-thumbnail\">\n            <a href=\"http:\/\/www.spaziotorino.it\/scatto\/wp-content\/gallery\/2026_04_26_jst\/PLA_7529.jpg\"\n               title=\"Centinaia di persone per la JST Jazz Parade del Torino Jazz Festival\"\n               data-src=\"http:\/\/www.spaziotorino.it\/scatto\/wp-content\/gallery\/2026_04_26_jst\/PLA_7529.jpg\"\n               data-thumbnail=\"http:\/\/www.spaziotorino.it\/scatto\/wp-content\/gallery\/2026_04_26_jst\/thumbs\/thumbs_PLA_7529.jpg\"\n               data-image-id=\"40792\"\n               data-title=\"Centinaia di persone per la JST Jazz Parade del Torino Jazz Festival\"\n               data-description=\"Centinaia di persone per la JST Jazz Parade del Torino Jazz Festival\"\n               data-image-slug=\"pla_7529-2\"\n               class=\"ngg-fancybox\" rel=\"4944a2d15b1f8b1dce38e1a303facd3c\">\n                <img\n                    title=\"Centinaia di persone per la JST Jazz Parade del Torino Jazz Festival\"\n                    alt=\"Centinaia di persone per la JST Jazz Parade del Torino Jazz Festival\"\n                    src=\"http:\/\/www.spaziotorino.it\/scatto\/wp-content\/gallery\/2026_04_26_jst\/cache\/PLA_7529.jpg-nggid0540792-ngg0dyn-60x60x100-00f0w010c011r110f110r010t010.jpg\"\n                    width=\"60\"\n                    height=\"60\"\n                    style=\"max-width:100%;\"\n                \/>\n            <\/a>\n        <\/div>\n\t\t\t\t\t\t\t<\/div> \n\t\t\t\n        \n\t\t\t\t<div id=\"ngg-image-8\" class=\"ngg-gallery-thumbnail-box\" >\n\t\t\t\t        <div class=\"ngg-gallery-thumbnail\">\n            <a href=\"http:\/\/www.spaziotorino.it\/scatto\/wp-content\/gallery\/2026_04_26_jst\/PLA_7556.jpg\"\n               title=\"Centinaia di persone per la JST Jazz Parade del Torino Jazz Festival\"\n               data-src=\"http:\/\/www.spaziotorino.it\/scatto\/wp-content\/gallery\/2026_04_26_jst\/PLA_7556.jpg\"\n               data-thumbnail=\"http:\/\/www.spaziotorino.it\/scatto\/wp-content\/gallery\/2026_04_26_jst\/thumbs\/thumbs_PLA_7556.jpg\"\n               data-image-id=\"40795\"\n               data-title=\"Centinaia di persone per la JST Jazz Parade del Torino Jazz Festival\"\n               data-description=\"Centinaia di persone per la JST Jazz Parade del Torino Jazz Festival\"\n               data-image-slug=\"pla_7556-3\"\n               class=\"ngg-fancybox\" rel=\"4944a2d15b1f8b1dce38e1a303facd3c\">\n                <img\n                    title=\"Centinaia di persone per la JST Jazz Parade del Torino Jazz Festival\"\n                    alt=\"Centinaia di persone per la JST Jazz Parade del Torino Jazz Festival\"\n                    src=\"http:\/\/www.spaziotorino.it\/scatto\/wp-content\/gallery\/2026_04_26_jst\/cache\/PLA_7556.jpg-nggid0540795-ngg0dyn-60x60x100-00f0w010c011r110f110r010t010.jpg\"\n                    width=\"60\"\n                    height=\"60\"\n                    style=\"max-width:100%;\"\n                \/>\n            <\/a>\n        <\/div>\n\t\t\t\t\t\t\t<\/div> \n\t\t\t\n        \n\t\t\t\t<div id=\"ngg-image-9\" class=\"ngg-gallery-thumbnail-box\" >\n\t\t\t\t        <div class=\"ngg-gallery-thumbnail\">\n            <a href=\"http:\/\/www.spaziotorino.it\/scatto\/wp-content\/gallery\/2026_04_26_jst\/PLA_7571.jpg\"\n               title=\"Centinaia di persone per la JST Jazz Parade del Torino Jazz Festival\"\n               data-src=\"http:\/\/www.spaziotorino.it\/scatto\/wp-content\/gallery\/2026_04_26_jst\/PLA_7571.jpg\"\n               data-thumbnail=\"http:\/\/www.spaziotorino.it\/scatto\/wp-content\/gallery\/2026_04_26_jst\/thumbs\/thumbs_PLA_7571.jpg\"\n               data-image-id=\"40796\"\n               data-title=\"Centinaia di persone per la JST Jazz Parade del Torino Jazz Festival\"\n               data-description=\"Centinaia di persone per la JST Jazz Parade del Torino Jazz Festival\"\n               data-image-slug=\"pla_7571-3\"\n               class=\"ngg-fancybox\" rel=\"4944a2d15b1f8b1dce38e1a303facd3c\">\n                <img\n                    title=\"Centinaia di persone per la JST Jazz Parade del Torino Jazz Festival\"\n                    alt=\"Centinaia di persone per la JST Jazz Parade del Torino Jazz Festival\"\n                    src=\"http:\/\/www.spaziotorino.it\/scatto\/wp-content\/gallery\/2026_04_26_jst\/cache\/PLA_7571.jpg-nggid0540796-ngg0dyn-60x60x100-00f0w010c011r110f110r010t010.jpg\"\n                    width=\"60\"\n                    height=\"60\"\n                    style=\"max-width:100%;\"\n                \/>\n            <\/a>\n        <\/div>\n\t\t\t\t\t\t\t<\/div> \n\t\t\t\n        \n\t\t\t\t<div id=\"ngg-image-10\" class=\"ngg-gallery-thumbnail-box\" >\n\t\t\t\t        <div class=\"ngg-gallery-thumbnail\">\n            <a href=\"http:\/\/www.spaziotorino.it\/scatto\/wp-content\/gallery\/2026_04_26_jst\/PLA_7579.jpg\"\n               title=\"Centinaia di persone per la JST Jazz Parade del Torino Jazz Festival\"\n               data-src=\"http:\/\/www.spaziotorino.it\/scatto\/wp-content\/gallery\/2026_04_26_jst\/PLA_7579.jpg\"\n               data-thumbnail=\"http:\/\/www.spaziotorino.it\/scatto\/wp-content\/gallery\/2026_04_26_jst\/thumbs\/thumbs_PLA_7579.jpg\"\n               data-image-id=\"40797\"\n               data-title=\"Centinaia di persone per la JST Jazz Parade del Torino Jazz Festival\"\n               data-description=\"Centinaia di persone per la JST Jazz Parade del Torino Jazz Festival\"\n               data-image-slug=\"pla_7579-2\"\n               class=\"ngg-fancybox\" rel=\"4944a2d15b1f8b1dce38e1a303facd3c\">\n                <img\n                    title=\"Centinaia di persone per la JST Jazz Parade del Torino Jazz Festival\"\n                    alt=\"Centinaia di persone per la JST Jazz Parade del Torino Jazz Festival\"\n                    src=\"http:\/\/www.spaziotorino.it\/scatto\/wp-content\/gallery\/2026_04_26_jst\/cache\/PLA_7579.jpg-nggid0540797-ngg0dyn-60x60x100-00f0w010c011r110f110r010t010.jpg\"\n                    width=\"60\"\n                    height=\"60\"\n                    style=\"max-width:100%;\"\n                \/>\n            <\/a>\n        <\/div>\n\t\t\t\t\t\t\t<\/div> \n\t\t\t\n        \n\t\t\t\t<div id=\"ngg-image-11\" class=\"ngg-gallery-thumbnail-box\" >\n\t\t\t\t        <div class=\"ngg-gallery-thumbnail\">\n            <a href=\"http:\/\/www.spaziotorino.it\/scatto\/wp-content\/gallery\/2026_04_26_jst\/PLA_7604.jpg\"\n               title=\"Centinaia di persone per la JST Jazz Parade del Torino Jazz Festival\"\n               data-src=\"http:\/\/www.spaziotorino.it\/scatto\/wp-content\/gallery\/2026_04_26_jst\/PLA_7604.jpg\"\n               data-thumbnail=\"http:\/\/www.spaziotorino.it\/scatto\/wp-content\/gallery\/2026_04_26_jst\/thumbs\/thumbs_PLA_7604.jpg\"\n               data-image-id=\"40798\"\n               data-title=\"Centinaia di persone per la JST Jazz Parade del Torino Jazz Festival\"\n               data-description=\"Centinaia di persone per la JST Jazz Parade del Torino Jazz Festival\"\n               data-image-slug=\"pla_7604-1\"\n               class=\"ngg-fancybox\" rel=\"4944a2d15b1f8b1dce38e1a303facd3c\">\n                <img\n                    title=\"Centinaia di persone per la JST Jazz Parade del Torino Jazz Festival\"\n                    alt=\"Centinaia di persone per la JST Jazz Parade del Torino Jazz Festival\"\n                    src=\"http:\/\/www.spaziotorino.it\/scatto\/wp-content\/gallery\/2026_04_26_jst\/cache\/PLA_7604.jpg-nggid0540798-ngg0dyn-60x60x100-00f0w010c011r110f110r010t010.jpg\"\n                    width=\"60\"\n                    height=\"60\"\n                    style=\"max-width:100%;\"\n                \/>\n            <\/a>\n        <\/div>\n\t\t\t\t\t\t\t<\/div> \n\t\t\t\n        \n\t\t\t\t<div id=\"ngg-image-12\" class=\"ngg-gallery-thumbnail-box\" >\n\t\t\t\t        <div class=\"ngg-gallery-thumbnail\">\n            <a href=\"http:\/\/www.spaziotorino.it\/scatto\/wp-content\/gallery\/2026_04_26_jst\/PLA_7610.jpg\"\n               title=\"Centinaia di persone per la JST Jazz Parade del Torino Jazz Festival\"\n               data-src=\"http:\/\/www.spaziotorino.it\/scatto\/wp-content\/gallery\/2026_04_26_jst\/PLA_7610.jpg\"\n               data-thumbnail=\"http:\/\/www.spaziotorino.it\/scatto\/wp-content\/gallery\/2026_04_26_jst\/thumbs\/thumbs_PLA_7610.jpg\"\n               data-image-id=\"40799\"\n               data-title=\"Centinaia di persone per la JST Jazz Parade del Torino Jazz Festival\"\n               data-description=\"Centinaia di persone per la JST Jazz Parade del Torino Jazz Festival\"\n               data-image-slug=\"pla_7610-2\"\n               class=\"ngg-fancybox\" rel=\"4944a2d15b1f8b1dce38e1a303facd3c\">\n                <img\n                    title=\"Centinaia di persone per la JST Jazz Parade del Torino Jazz Festival\"\n                    alt=\"Centinaia di persone per la JST Jazz Parade del Torino Jazz Festival\"\n                    src=\"http:\/\/www.spaziotorino.it\/scatto\/wp-content\/gallery\/2026_04_26_jst\/cache\/PLA_7610.jpg-nggid0540799-ngg0dyn-60x60x100-00f0w010c011r110f110r010t010.jpg\"\n                    width=\"60\"\n                    height=\"60\"\n                    style=\"max-width:100%;\"\n                \/>\n            <\/a>\n        <\/div>\n\t\t\t\t\t\t\t<\/div> \n\t\t\t\n        \n\t\t\t\t<div id=\"ngg-image-13\" class=\"ngg-gallery-thumbnail-box\" >\n\t\t\t\t        <div class=\"ngg-gallery-thumbnail\">\n            <a href=\"http:\/\/www.spaziotorino.it\/scatto\/wp-content\/gallery\/2026_04_26_jst\/PLA_7631.jpg\"\n               title=\"Centinaia di persone per la JST Jazz Parade del Torino Jazz Festival\"\n               data-src=\"http:\/\/www.spaziotorino.it\/scatto\/wp-content\/gallery\/2026_04_26_jst\/PLA_7631.jpg\"\n               data-thumbnail=\"http:\/\/www.spaziotorino.it\/scatto\/wp-content\/gallery\/2026_04_26_jst\/thumbs\/thumbs_PLA_7631.jpg\"\n               data-image-id=\"40800\"\n               data-title=\"Centinaia di persone per la JST Jazz Parade del Torino Jazz Festival\"\n               data-description=\"Centinaia di persone per la JST Jazz Parade del Torino Jazz Festival\"\n               data-image-slug=\"pla_7631-1\"\n               class=\"ngg-fancybox\" rel=\"4944a2d15b1f8b1dce38e1a303facd3c\">\n                <img\n                    title=\"Centinaia di persone per la JST Jazz Parade del Torino Jazz Festival\"\n                    alt=\"Centinaia di persone per la JST Jazz Parade del Torino Jazz Festival\"\n                    src=\"http:\/\/www.spaziotorino.it\/scatto\/wp-content\/gallery\/2026_04_26_jst\/cache\/PLA_7631.jpg-nggid0540800-ngg0dyn-60x60x100-00f0w010c011r110f110r010t010.jpg\"\n                    width=\"60\"\n                    height=\"60\"\n                    style=\"max-width:100%;\"\n                \/>\n            <\/a>\n        <\/div>\n\t\t\t\t\t\t\t<\/div> \n\t\t\t\n        \n\t\t\t\t<div id=\"ngg-image-14\" class=\"ngg-gallery-thumbnail-box\" >\n\t\t\t\t        <div class=\"ngg-gallery-thumbnail\">\n            <a href=\"http:\/\/www.spaziotorino.it\/scatto\/wp-content\/gallery\/2026_04_26_jst\/PLA_7645.jpg\"\n               title=\"Centinaia di persone per la JST Jazz Parade del Torino Jazz Festival\"\n               data-src=\"http:\/\/www.spaziotorino.it\/scatto\/wp-content\/gallery\/2026_04_26_jst\/PLA_7645.jpg\"\n               data-thumbnail=\"http:\/\/www.spaziotorino.it\/scatto\/wp-content\/gallery\/2026_04_26_jst\/thumbs\/thumbs_PLA_7645.jpg\"\n               data-image-id=\"40803\"\n               data-title=\"Centinaia di persone per la JST Jazz Parade del Torino Jazz Festival\"\n               data-description=\"Centinaia di persone per la JST Jazz Parade del Torino Jazz Festival\"\n               data-image-slug=\"pla_7645\"\n               class=\"ngg-fancybox\" rel=\"4944a2d15b1f8b1dce38e1a303facd3c\">\n                <img\n                    title=\"Centinaia di persone per la JST Jazz Parade del Torino Jazz Festival\"\n                    alt=\"Centinaia di persone per la JST Jazz Parade del Torino Jazz Festival\"\n                    src=\"http:\/\/www.spaziotorino.it\/scatto\/wp-content\/gallery\/2026_04_26_jst\/cache\/PLA_7645.jpg-nggid0540803-ngg0dyn-60x60x100-00f0w010c011r110f110r010t010.jpg\"\n                    width=\"60\"\n                    height=\"60\"\n                    style=\"max-width:100%;\"\n                \/>\n            <\/a>\n        <\/div>\n\t\t\t\t\t\t\t<\/div> \n\t\t\t\n        \n\t\t\t\t<div id=\"ngg-image-15\" class=\"ngg-gallery-thumbnail-box\" >\n\t\t\t\t        <div class=\"ngg-gallery-thumbnail\">\n            <a href=\"http:\/\/www.spaziotorino.it\/scatto\/wp-content\/gallery\/2026_04_26_jst\/PLA_7663.jpg\"\n               title=\"Centinaia di persone per la JST Jazz Parade del Torino Jazz Festival\"\n               data-src=\"http:\/\/www.spaziotorino.it\/scatto\/wp-content\/gallery\/2026_04_26_jst\/PLA_7663.jpg\"\n               data-thumbnail=\"http:\/\/www.spaziotorino.it\/scatto\/wp-content\/gallery\/2026_04_26_jst\/thumbs\/thumbs_PLA_7663.jpg\"\n               data-image-id=\"40801\"\n               data-title=\"Centinaia di persone per la JST Jazz Parade del Torino Jazz Festival\"\n               data-description=\"Centinaia di persone per la JST Jazz Parade del Torino Jazz Festival\"\n               data-image-slug=\"pla_7663-2\"\n               class=\"ngg-fancybox\" rel=\"4944a2d15b1f8b1dce38e1a303facd3c\">\n                <img\n                    title=\"Centinaia di persone per la JST Jazz Parade del Torino Jazz Festival\"\n                    alt=\"Centinaia di persone per la JST Jazz Parade del Torino Jazz Festival\"\n                    src=\"http:\/\/www.spaziotorino.it\/scatto\/wp-content\/gallery\/2026_04_26_jst\/cache\/PLA_7663.jpg-nggid0540801-ngg0dyn-60x60x100-00f0w010c011r110f110r010t010.jpg\"\n                    width=\"60\"\n                    height=\"60\"\n                    style=\"max-width:100%;\"\n                \/>\n            <\/a>\n        <\/div>\n\t\t\t\t\t\t\t<\/div> \n\t\t\t\n        \n\t\t\t\t<div id=\"ngg-image-16\" class=\"ngg-gallery-thumbnail-box\" >\n\t\t\t\t        <div class=\"ngg-gallery-thumbnail\">\n            <a href=\"http:\/\/www.spaziotorino.it\/scatto\/wp-content\/gallery\/2026_04_26_jst\/PLA_7671.jpg\"\n               title=\"Centinaia di persone per la JST Jazz Parade del Torino Jazz Festival\"\n               data-src=\"http:\/\/www.spaziotorino.it\/scatto\/wp-content\/gallery\/2026_04_26_jst\/PLA_7671.jpg\"\n               data-thumbnail=\"http:\/\/www.spaziotorino.it\/scatto\/wp-content\/gallery\/2026_04_26_jst\/thumbs\/thumbs_PLA_7671.jpg\"\n               data-image-id=\"40802\"\n               data-title=\"Centinaia di persone per la JST Jazz Parade del Torino Jazz Festival\"\n               data-description=\"Centinaia di persone per la JST Jazz Parade del Torino Jazz Festival\"\n               data-image-slug=\"pla_7671-1\"\n               class=\"ngg-fancybox\" rel=\"4944a2d15b1f8b1dce38e1a303facd3c\">\n                <img\n                    title=\"Centinaia di persone per la JST Jazz Parade del Torino Jazz Festival\"\n                    alt=\"Centinaia di persone per la JST Jazz Parade del Torino Jazz Festival\"\n                    src=\"http:\/\/www.spaziotorino.it\/scatto\/wp-content\/gallery\/2026_04_26_jst\/cache\/PLA_7671.jpg-nggid0540802-ngg0dyn-60x60x100-00f0w010c011r110f110r010t010.jpg\"\n                    width=\"60\"\n                    height=\"60\"\n                    style=\"max-width:100%;\"\n                \/>\n            <\/a>\n        <\/div>\n\t\t\t\t\t\t\t<\/div> \n\t\t\t\n        \n\t\t\t\t<div id=\"ngg-image-17\" class=\"ngg-gallery-thumbnail-box\" >\n\t\t\t\t        <div class=\"ngg-gallery-thumbnail\">\n            <a href=\"http:\/\/www.spaziotorino.it\/scatto\/wp-content\/gallery\/2026_04_26_jst\/PLA_7679.jpg\"\n               title=\"Centinaia di persone per la JST Jazz Parade del Torino Jazz Festival\"\n               data-src=\"http:\/\/www.spaziotorino.it\/scatto\/wp-content\/gallery\/2026_04_26_jst\/PLA_7679.jpg\"\n               data-thumbnail=\"http:\/\/www.spaziotorino.it\/scatto\/wp-content\/gallery\/2026_04_26_jst\/thumbs\/thumbs_PLA_7679.jpg\"\n               data-image-id=\"40804\"\n               data-title=\"Centinaia di persone per la JST Jazz Parade del Torino Jazz Festival\"\n               data-description=\"Centinaia di persone per la JST Jazz Parade del Torino Jazz Festival\"\n               data-image-slug=\"pla_7679-2\"\n               class=\"ngg-fancybox\" rel=\"4944a2d15b1f8b1dce38e1a303facd3c\">\n                <img\n                    title=\"Centinaia di persone per la JST Jazz Parade del Torino Jazz Festival\"\n                    alt=\"Centinaia di persone per la JST Jazz Parade del Torino Jazz Festival\"\n                    src=\"http:\/\/www.spaziotorino.it\/scatto\/wp-content\/gallery\/2026_04_26_jst\/cache\/PLA_7679.jpg-nggid0540804-ngg0dyn-60x60x100-00f0w010c011r110f110r010t010.jpg\"\n                    width=\"60\"\n                    height=\"60\"\n                    style=\"max-width:100%;\"\n                \/>\n            <\/a>\n        <\/div>\n\t\t\t\t\t\t\t<\/div> \n\t\t\t\n        \n\t\t\t\t<div id=\"ngg-image-18\" class=\"ngg-gallery-thumbnail-box\" >\n\t\t\t\t        <div class=\"ngg-gallery-thumbnail\">\n            <a href=\"http:\/\/www.spaziotorino.it\/scatto\/wp-content\/gallery\/2026_04_26_jst\/PLA_7688.jpg\"\n               title=\"Centinaia di persone per la JST Jazz Parade del Torino Jazz Festival\"\n               data-src=\"http:\/\/www.spaziotorino.it\/scatto\/wp-content\/gallery\/2026_04_26_jst\/PLA_7688.jpg\"\n               data-thumbnail=\"http:\/\/www.spaziotorino.it\/scatto\/wp-content\/gallery\/2026_04_26_jst\/thumbs\/thumbs_PLA_7688.jpg\"\n               data-image-id=\"40806\"\n               data-title=\"Centinaia di persone per la JST Jazz Parade del Torino Jazz Festival\"\n               data-description=\"Centinaia di persone per la JST Jazz Parade del Torino Jazz Festival\"\n               data-image-slug=\"pla_7688-1\"\n               class=\"ngg-fancybox\" rel=\"4944a2d15b1f8b1dce38e1a303facd3c\">\n                <img\n                    title=\"Centinaia di persone per la JST Jazz Parade del Torino Jazz Festival\"\n                    alt=\"Centinaia di persone per la JST Jazz Parade del Torino Jazz Festival\"\n                    src=\"http:\/\/www.spaziotorino.it\/scatto\/wp-content\/gallery\/2026_04_26_jst\/cache\/PLA_7688.jpg-nggid0540806-ngg0dyn-60x60x100-00f0w010c011r110f110r010t010.jpg\"\n                    width=\"60\"\n                    height=\"60\"\n                    style=\"max-width:100%;\"\n                \/>\n            <\/a>\n        <\/div>\n\t\t\t\t\t\t\t<\/div> \n\t\t\t\n        \n\t\t\t\t<div id=\"ngg-image-19\" class=\"ngg-gallery-thumbnail-box\" >\n\t\t\t\t        <div class=\"ngg-gallery-thumbnail\">\n            <a href=\"http:\/\/www.spaziotorino.it\/scatto\/wp-content\/gallery\/2026_04_26_jst\/PLA_7702.jpg\"\n               title=\"Centinaia di persone per la JST Jazz Parade del Torino Jazz Festival\"\n               data-src=\"http:\/\/www.spaziotorino.it\/scatto\/wp-content\/gallery\/2026_04_26_jst\/PLA_7702.jpg\"\n               data-thumbnail=\"http:\/\/www.spaziotorino.it\/scatto\/wp-content\/gallery\/2026_04_26_jst\/thumbs\/thumbs_PLA_7702.jpg\"\n               data-image-id=\"40805\"\n               data-title=\"Centinaia di persone per la JST Jazz Parade del Torino Jazz Festival\"\n               data-description=\"Centinaia di persone per la JST Jazz Parade del Torino Jazz Festival\"\n               data-image-slug=\"pla_7702-2\"\n               class=\"ngg-fancybox\" rel=\"4944a2d15b1f8b1dce38e1a303facd3c\">\n                <img\n                    title=\"Centinaia di persone per la JST Jazz Parade del Torino Jazz Festival\"\n                    alt=\"Centinaia di persone per la JST Jazz Parade del Torino Jazz Festival\"\n                    src=\"http:\/\/www.spaziotorino.it\/scatto\/wp-content\/gallery\/2026_04_26_jst\/cache\/PLA_7702.jpg-nggid0540805-ngg0dyn-60x60x100-00f0w010c011r110f110r010t010.jpg\"\n                    width=\"60\"\n                    height=\"60\"\n                    style=\"max-width:100%;\"\n                \/>\n            <\/a>\n        <\/div>\n\t\t\t\t\t\t\t<\/div> \n\t\t\t\n        \n\t\t\n\t\t<!-- Pagination -->\n\t<div class='ngg-clear'><\/div>\t<\/div>\n\n<p>Torino ha vibrato oggi al ritmo del jazz con la travolgente <strong>JST Jazz Parade<\/strong>, uno degli appuntamenti pi\u00f9 coinvolgenti del Torino Jazz Festival. Centinaia di persone hanno seguito la parata musicale lungo il centro cittadino, trasformando le strade in un grande palcoscenico a cielo aperto.<\/p>\n<p>La partenza \u00e8 avvenuta alle 14:30 da Piazza Palazzo di Citt\u00e0, da cui la marching band ha dato il via a un corteo festoso che ha attraversato Via Garibaldi, Piazza Castello, Via Accademia delle Scienze e Piazza Carignano, fino a giungere alle 16:30 nella scenografica Piazza San Carlo.<\/p>\n<p>Ad accompagnare il pubblico lungo il percorso, una potente miscela di stili \u2013 dal dixieland all\u2019R&amp;B, dal cool jazz al free, fino allo swing e al funk \u2013 interpretata dalla JST Jazz Parade, una vera e propria \u201cAll Star\u201d di musicisti nata dieci anni fa all\u2019interno dei Laboratori di Barriera, cuore creativo della citt\u00e0. L\u2019ensemble rappresenta l\u2019anima pi\u00f9 dinamica della Jazz School Torino, dove la tradizione incontra la sperimentazione attraverso l\u2019improvvisazione collettiva.<\/p>\n<p>A rendere ancora pi\u00f9 coinvolgente l\u2019esperienza, i ballerini di lindy hop dell\u2019associazione \u201cLa Bicicleta\u201d, che hanno animato la parata con coreografie spontanee e interazioni con il pubblico, trasformando spettatori e passanti in partecipanti attivi.<\/p>\n<p>Tra i protagonisti musicali: Diego Borotti al sax tenore, Gianni Virone al sax basso, Cesare Mecca alla tromba, Stefano Calcagno al trombone, insieme alle percussioni di Francesco Brancato e Mattia Barbieri. Un organico capace di evocare le atmosfere delle storiche marching band di New Orleans, ma con un\u2019identit\u00e0 tutta torinese.<\/p>\n<p>La JST Jazz Parade si conferma cos\u00ec uno degli eventi pi\u00f9 amati del festival: un momento in cui la musica esce dai teatri e invade la citt\u00e0, unendo generazioni e linguaggi in una festa collettiva che celebra il jazz nella sua forma pi\u00f9 libera e condivisa.<\/p>\n","protected":false},"excerpt":{"rendered":"<p>Torino ha vibrato oggi al ritmo del jazz con la travolgente JST Jazz Parade, uno degli appuntamenti pi\u00f9 coinvolgenti del Torino Jazz Festival. Centinaia di persone hanno seguito la parata musicale lungo il centro cittadino, trasformando le strade in un grande palcoscenico a cielo aperto. La partenza \u00e8 avvenuta alle 14:30 da Piazza Palazzo di [&hellip;]<\/p>\n","protected":false},"author":1,"featured_media":0,"comment_status":"closed","ping_status":"open","sticky":false,"template":"","format":"standard","meta":{"ngg_post_thumbnail":0},"categories":[1,41,134],"tags":[],"_links":{"self":[{"href":"http:\/\/www.spaziotorino.it\/scatto\/index.php?rest_route=\/wp\/v2\/posts\/60905"}],"collection":[{"href":"http:\/\/www.spaziotorino.it\/scatto\/index.php?rest_route=\/wp\/v2\/posts"}],"about":[{"href":"http:\/\/www.spaziotorino.it\/scatto\/index.php?rest_route=\/wp\/v2\/types\/post"}],"author":[{"embeddable":true,"href":"http:\/\/www.spaziotorino.it\/scatto\/index.php?rest_route=\/wp\/v2\/users\/1"}],"replies":[{"embeddable":true,"href":"http:\/\/www.spaziotorino.it\/scatto\/index.php?rest_route=%2Fwp%2Fv2%2Fcomments&post=60905"}],"version-history":[{"count":1,"href":"http:\/\/www.spaziotorino.it\/scatto\/index.php?rest_route=\/wp\/v2\/posts\/60905\/revisions"}],"predecessor-version":[{"id":60906,"href":"http:\/\/www.spaziotorino.it\/scatto\/index.php?rest_route=\/wp\/v2\/posts\/60905\/revisions\/60906"}],"wp:attachment":[{"href":"http:\/\/www.spaziotorino.it\/scatto\/index.php?rest_route=%2Fwp%2Fv2%2Fmedia&parent=60905"}],"wp:term":[{"taxonomy":"category","embeddable":true,"href":"http:\/\/www.spaziotorino.it\/scatto\/index.php?rest_route=%2Fwp%2Fv2%2Fcategories&post=60905"},{"taxonomy":"post_tag","embeddable":true,"href":"http:\/\/www.spaziotorino.it\/scatto\/index.php?rest_route=%2Fwp%2Fv2%2Ftags&post=60905"}],"curies":[{"name":"wp","href":"https:\/\/api.w.org\/{rel}","templated":true}]}}