{"id":61779,"date":"2026-06-30T18:18:18","date_gmt":"2026-06-30T17:18:18","guid":{"rendered":"http:\/\/www.spaziotorino.it\/scatto\/?p=61779"},"modified":"2026-07-01T15:54:52","modified_gmt":"2026-07-01T14:54:52","slug":"gam-4-0-presentato-il-progetto-di-rigenerazione-della-galleria-darte-moderna-e-contemporanea-di-torino","status":"publish","type":"post","link":"http:\/\/www.spaziotorino.it\/scatto\/?p=61779","title":{"rendered":"GAM 4.0: presentato il progetto di rigenerazione della Galleria d\u2019Arte Moderna e Contemporanea di Torino"},"content":{"rendered":"<p><a class=\"ngg-fancybox\" title=\"GAM 4.0: presentato il progetto di rigenerazione della Galleria d\u2019Arte Moderna e Contemporanea di Torino\" href=\"http:\/\/www.spaziotorino.it\/scatto\/wp-content\/gallery\/2026_06_30_gam\/PLA_1494.jpg\" rel=\"&quot;lightbox[set_2832]\"><br \/>\n<img decoding=\"async\" loading=\"lazy\" class=\"ngg-singlepic\" title=\"GAM 4.0: presentato il progetto di rigenerazione della Galleria d\u2019Arte Moderna e Contemporanea di Torino\" src=\"http:\/\/www.spaziotorino.it\/scatto\/wp-content\/gallery\/2026_06_30_gam\/PLA_1494.jpg\" alt=\"\" width=\"540\" height=\"360\"\/><\/a><\/p>\n<!-- index.php -->\n<div\n\tclass=\"ngg-galleryoverview ngg-ajax-pagination-none\"\n\tid=\"ngg-gallery-d882df35e7ec0cfe7b13cb9604f8d168-1\">\n\n    \t\t<!-- Thumbnails -->\n\t\t\t\t<div id=\"ngg-image-0\" class=\"ngg-gallery-thumbnail-box\" >\n\t\t\t\t        <div class=\"ngg-gallery-thumbnail\">\n            <a href=\"http:\/\/www.spaziotorino.it\/scatto\/wp-content\/gallery\/2026_06_30_gam\/PLA_1349.jpg\"\n               title=\"GAM 4.0: presentato il progetto di rigenerazione della Galleria d\u2019Arte Moderna e Contemporanea di Torino\"\n               data-src=\"http:\/\/www.spaziotorino.it\/scatto\/wp-content\/gallery\/2026_06_30_gam\/PLA_1349.jpg\"\n               data-thumbnail=\"http:\/\/www.spaziotorino.it\/scatto\/wp-content\/gallery\/2026_06_30_gam\/thumbs\/thumbs_PLA_1349.jpg\"\n               data-image-id=\"41505\"\n               data-title=\"GAM 4.0: presentato il progetto di rigenerazione della Galleria d\u2019Arte Moderna e Contemporanea di Torino\"\n               data-description=\"GAM 4.0: presentato il progetto di rigenerazione della Galleria d\u2019Arte Moderna e Contemporanea di Torino\"\n               data-image-slug=\"pla_1349-1\"\n               class=\"ngg-fancybox\" rel=\"d882df35e7ec0cfe7b13cb9604f8d168\">\n                <img\n                    title=\"GAM 4.0: presentato il progetto di rigenerazione della Galleria d\u2019Arte Moderna e Contemporanea di Torino\"\n                    alt=\"GAM 4.0: presentato il progetto di rigenerazione della Galleria d\u2019Arte Moderna e Contemporanea di Torino\"\n                    src=\"http:\/\/www.spaziotorino.it\/scatto\/wp-content\/gallery\/2026_06_30_gam\/cache\/PLA_1349.jpg-nggid0541505-ngg0dyn-60x60x100-00f0w010c011r110f110r010t010.jpg\"\n                    width=\"60\"\n                    height=\"60\"\n                    style=\"max-width:100%;\"\n                \/>\n            <\/a>\n        <\/div>\n\t\t\t\t\t\t\t<\/div> \n\t\t\t\n        \n\t\t\t\t<div id=\"ngg-image-1\" class=\"ngg-gallery-thumbnail-box\" >\n\t\t\t\t        <div class=\"ngg-gallery-thumbnail\">\n            <a href=\"http:\/\/www.spaziotorino.it\/scatto\/wp-content\/gallery\/2026_06_30_gam\/PLA_1380.jpg\"\n               title=\"GAM 4.0: presentato il progetto di rigenerazione della Galleria d\u2019Arte Moderna e Contemporanea di Torino\"\n               data-src=\"http:\/\/www.spaziotorino.it\/scatto\/wp-content\/gallery\/2026_06_30_gam\/PLA_1380.jpg\"\n               data-thumbnail=\"http:\/\/www.spaziotorino.it\/scatto\/wp-content\/gallery\/2026_06_30_gam\/thumbs\/thumbs_PLA_1380.jpg\"\n               data-image-id=\"41506\"\n               data-title=\"GAM 4.0: presentato il progetto di rigenerazione della Galleria d\u2019Arte Moderna e Contemporanea di Torino\"\n               data-description=\"GAM 4.0: presentato il progetto di rigenerazione della Galleria d\u2019Arte Moderna e Contemporanea di Torino\"\n               data-image-slug=\"pla_1380\"\n               class=\"ngg-fancybox\" rel=\"d882df35e7ec0cfe7b13cb9604f8d168\">\n                <img\n                    title=\"GAM 4.0: presentato il progetto di rigenerazione della Galleria d\u2019Arte Moderna e Contemporanea di Torino\"\n                    alt=\"GAM 4.0: presentato il progetto di rigenerazione della Galleria d\u2019Arte Moderna e Contemporanea di Torino\"\n                    src=\"http:\/\/www.spaziotorino.it\/scatto\/wp-content\/gallery\/2026_06_30_gam\/cache\/PLA_1380.jpg-nggid0541506-ngg0dyn-60x60x100-00f0w010c011r110f110r010t010.jpg\"\n                    width=\"60\"\n                    height=\"60\"\n                    style=\"max-width:100%;\"\n                \/>\n            <\/a>\n        <\/div>\n\t\t\t\t\t\t\t<\/div> \n\t\t\t\n        \n\t\t\t\t<div id=\"ngg-image-2\" class=\"ngg-gallery-thumbnail-box\" >\n\t\t\t\t        <div class=\"ngg-gallery-thumbnail\">\n            <a href=\"http:\/\/www.spaziotorino.it\/scatto\/wp-content\/gallery\/2026_06_30_gam\/PLA_1412.jpg\"\n               title=\"GAM 4.0: presentato il progetto di rigenerazione della Galleria d\u2019Arte Moderna e Contemporanea di Torino\"\n               data-src=\"http:\/\/www.spaziotorino.it\/scatto\/wp-content\/gallery\/2026_06_30_gam\/PLA_1412.jpg\"\n               data-thumbnail=\"http:\/\/www.spaziotorino.it\/scatto\/wp-content\/gallery\/2026_06_30_gam\/thumbs\/thumbs_PLA_1412.jpg\"\n               data-image-id=\"41509\"\n               data-title=\"GAM 4.0: presentato il progetto di rigenerazione della Galleria d\u2019Arte Moderna e Contemporanea di Torino\"\n               data-description=\"GAM 4.0: presentato il progetto di rigenerazione della Galleria d\u2019Arte Moderna e Contemporanea di Torino\"\n               data-image-slug=\"pla_1412-3\"\n               class=\"ngg-fancybox\" rel=\"d882df35e7ec0cfe7b13cb9604f8d168\">\n                <img\n                    title=\"GAM 4.0: presentato il progetto di rigenerazione della Galleria d\u2019Arte Moderna e Contemporanea di Torino\"\n                    alt=\"GAM 4.0: presentato il progetto di rigenerazione della Galleria d\u2019Arte Moderna e Contemporanea di Torino\"\n                    src=\"http:\/\/www.spaziotorino.it\/scatto\/wp-content\/gallery\/2026_06_30_gam\/cache\/PLA_1412.jpg-nggid0541509-ngg0dyn-60x60x100-00f0w010c011r110f110r010t010.jpg\"\n                    width=\"60\"\n                    height=\"60\"\n                    style=\"max-width:100%;\"\n                \/>\n            <\/a>\n        <\/div>\n\t\t\t\t\t\t\t<\/div> \n\t\t\t\n        \n\t\t\t\t<div id=\"ngg-image-3\" class=\"ngg-gallery-thumbnail-box\" >\n\t\t\t\t        <div class=\"ngg-gallery-thumbnail\">\n            <a href=\"http:\/\/www.spaziotorino.it\/scatto\/wp-content\/gallery\/2026_06_30_gam\/PLA_1443.jpg\"\n               title=\"GAM 4.0: presentato il progetto di rigenerazione della Galleria d\u2019Arte Moderna e Contemporanea di Torino\"\n               data-src=\"http:\/\/www.spaziotorino.it\/scatto\/wp-content\/gallery\/2026_06_30_gam\/PLA_1443.jpg\"\n               data-thumbnail=\"http:\/\/www.spaziotorino.it\/scatto\/wp-content\/gallery\/2026_06_30_gam\/thumbs\/thumbs_PLA_1443.jpg\"\n               data-image-id=\"41507\"\n               data-title=\"GAM 4.0: presentato il progetto di rigenerazione della Galleria d\u2019Arte Moderna e Contemporanea di Torino\"\n               data-description=\"GAM 4.0: presentato il progetto di rigenerazione della Galleria d\u2019Arte Moderna e Contemporanea di Torino\"\n               data-image-slug=\"pla_1443-2\"\n               class=\"ngg-fancybox\" rel=\"d882df35e7ec0cfe7b13cb9604f8d168\">\n                <img\n                    title=\"GAM 4.0: presentato il progetto di rigenerazione della Galleria d\u2019Arte Moderna e Contemporanea di Torino\"\n                    alt=\"GAM 4.0: presentato il progetto di rigenerazione della Galleria d\u2019Arte Moderna e Contemporanea di Torino\"\n                    src=\"http:\/\/www.spaziotorino.it\/scatto\/wp-content\/gallery\/2026_06_30_gam\/cache\/PLA_1443.jpg-nggid0541507-ngg0dyn-60x60x100-00f0w010c011r110f110r010t010.jpg\"\n                    width=\"60\"\n                    height=\"60\"\n                    style=\"max-width:100%;\"\n                \/>\n            <\/a>\n        <\/div>\n\t\t\t\t\t\t\t<\/div> \n\t\t\t\n        \n\t\t\t\t<div id=\"ngg-image-4\" class=\"ngg-gallery-thumbnail-box\" >\n\t\t\t\t        <div class=\"ngg-gallery-thumbnail\">\n            <a href=\"http:\/\/www.spaziotorino.it\/scatto\/wp-content\/gallery\/2026_06_30_gam\/PLA_1446.jpg\"\n               title=\"GAM 4.0: presentato il progetto di rigenerazione della Galleria d\u2019Arte Moderna e Contemporanea di Torino\"\n               data-src=\"http:\/\/www.spaziotorino.it\/scatto\/wp-content\/gallery\/2026_06_30_gam\/PLA_1446.jpg\"\n               data-thumbnail=\"http:\/\/www.spaziotorino.it\/scatto\/wp-content\/gallery\/2026_06_30_gam\/thumbs\/thumbs_PLA_1446.jpg\"\n               data-image-id=\"41510\"\n               data-title=\"GAM 4.0: presentato il progetto di rigenerazione della Galleria d\u2019Arte Moderna e Contemporanea di Torino\"\n               data-description=\"GAM 4.0: presentato il progetto di rigenerazione della Galleria d\u2019Arte Moderna e Contemporanea di Torino\"\n               data-image-slug=\"pla_1446-4\"\n               class=\"ngg-fancybox\" rel=\"d882df35e7ec0cfe7b13cb9604f8d168\">\n                <img\n                    title=\"GAM 4.0: presentato il progetto di rigenerazione della Galleria d\u2019Arte Moderna e Contemporanea di Torino\"\n                    alt=\"GAM 4.0: presentato il progetto di rigenerazione della Galleria d\u2019Arte Moderna e Contemporanea di Torino\"\n                    src=\"http:\/\/www.spaziotorino.it\/scatto\/wp-content\/gallery\/2026_06_30_gam\/cache\/PLA_1446.jpg-nggid0541510-ngg0dyn-60x60x100-00f0w010c011r110f110r010t010.jpg\"\n                    width=\"60\"\n                    height=\"60\"\n                    style=\"max-width:100%;\"\n                \/>\n            <\/a>\n        <\/div>\n\t\t\t\t\t\t\t<\/div> \n\t\t\t\n        \n\t\t\t\t<div id=\"ngg-image-5\" class=\"ngg-gallery-thumbnail-box\" >\n\t\t\t\t        <div class=\"ngg-gallery-thumbnail\">\n            <a href=\"http:\/\/www.spaziotorino.it\/scatto\/wp-content\/gallery\/2026_06_30_gam\/PLA_1460.jpg\"\n               title=\"Da sinistra: Elena Bo, Bertrand Schippan, Chiara Bertola, Rosanna Purchia, Alberto Lessan, Jacopo Bracco, Winy Maas, Marco Gilli, Stefano Lo Russo, Massimo Broccio, Luca Ballarini\"\n               data-src=\"http:\/\/www.spaziotorino.it\/scatto\/wp-content\/gallery\/2026_06_30_gam\/PLA_1460.jpg\"\n               data-thumbnail=\"http:\/\/www.spaziotorino.it\/scatto\/wp-content\/gallery\/2026_06_30_gam\/thumbs\/thumbs_PLA_1460.jpg\"\n               data-image-id=\"41508\"\n               data-title=\"Da sinistra: Elena Bo, Bertrand Schippan, Chiara Bertola, Rosanna Purchia, Alberto Lessan, Jacopo Bracco, Winy Maas, Marco Gilli, Stefano Lo Russo, Massimo Broccio, Luca Ballarini\"\n               data-description=\"Da sinistra: Elena Bo, Bertrand Schippan, Chiara Bertola, Rosanna Purchia, Alberto Lessan, Jacopo Bracco, Winy Maas, Marco Gilli, Stefano Lo Russo, Massimo Broccio, Luca Ballarini\"\n               data-image-slug=\"pla_1460-1\"\n               class=\"ngg-fancybox\" rel=\"d882df35e7ec0cfe7b13cb9604f8d168\">\n                <img\n                    title=\"Da sinistra: Elena Bo, Bertrand Schippan, Chiara Bertola, Rosanna Purchia, Alberto Lessan, Jacopo Bracco, Winy Maas, Marco Gilli, Stefano Lo Russo, Massimo Broccio, Luca Ballarini\"\n                    alt=\"Da sinistra: Elena Bo, Bertrand Schippan, Chiara Bertola, Rosanna Purchia, Alberto Lessan, Jacopo Bracco, Winy Maas, Marco Gilli, Stefano Lo Russo, Massimo Broccio, Luca Ballarini\"\n                    src=\"http:\/\/www.spaziotorino.it\/scatto\/wp-content\/gallery\/2026_06_30_gam\/cache\/PLA_1460.jpg-nggid0541508-ngg0dyn-60x60x100-00f0w010c011r110f110r010t010.jpg\"\n                    width=\"60\"\n                    height=\"60\"\n                    style=\"max-width:100%;\"\n                \/>\n            <\/a>\n        <\/div>\n\t\t\t\t\t\t\t<\/div> \n\t\t\t\n        \n\t\t\t\t<div id=\"ngg-image-6\" class=\"ngg-gallery-thumbnail-box\" >\n\t\t\t\t        <div class=\"ngg-gallery-thumbnail\">\n            <a href=\"http:\/\/www.spaziotorino.it\/scatto\/wp-content\/gallery\/2026_06_30_gam\/PLA_1469.jpg\"\n               title=\"L&#039;esposizione dedicata ai cinque progetti finalisti del concorso internazionale &quot;GAM 4.0: recuperare il futuro. Orizzonti di progetto, per un museo del domani&quot;\"\n               data-src=\"http:\/\/www.spaziotorino.it\/scatto\/wp-content\/gallery\/2026_06_30_gam\/PLA_1469.jpg\"\n               data-thumbnail=\"http:\/\/www.spaziotorino.it\/scatto\/wp-content\/gallery\/2026_06_30_gam\/thumbs\/thumbs_PLA_1469.jpg\"\n               data-image-id=\"41543\"\n               data-title=\"L&#039;esposizione dedicata ai cinque progetti finalisti del concorso internazionale &quot;GAM 4.0: recuperare il futuro. Orizzonti di progetto, per un museo del domani&quot;\"\n               data-description=\"L&#039;esposizione dedicata ai cinque progetti finalisti del concorso internazionale &quot;GAM 4.0: recuperare il futuro. Orizzonti di progetto, per un museo del domani&quot;\"\n               data-image-slug=\"pla_1469-1\"\n               class=\"ngg-fancybox\" rel=\"d882df35e7ec0cfe7b13cb9604f8d168\">\n                <img\n                    title=\"L&#039;esposizione dedicata ai cinque progetti finalisti del concorso internazionale &quot;GAM 4.0: recuperare il futuro. Orizzonti di progetto, per un museo del domani&quot;\"\n                    alt=\"L&#039;esposizione dedicata ai cinque progetti finalisti del concorso internazionale &quot;GAM 4.0: recuperare il futuro. Orizzonti di progetto, per un museo del domani&quot;\"\n                    src=\"http:\/\/www.spaziotorino.it\/scatto\/wp-content\/gallery\/2026_06_30_gam\/cache\/PLA_1469.jpg-nggid0541543-ngg0dyn-60x60x100-00f0w010c011r110f110r010t010.jpg\"\n                    width=\"60\"\n                    height=\"60\"\n                    style=\"max-width:100%;\"\n                \/>\n            <\/a>\n        <\/div>\n\t\t\t\t\t\t\t<\/div> \n\t\t\t\n        \n\t\t\t\t<div id=\"ngg-image-7\" class=\"ngg-gallery-thumbnail-box\" >\n\t\t\t\t        <div class=\"ngg-gallery-thumbnail\">\n            <a href=\"http:\/\/www.spaziotorino.it\/scatto\/wp-content\/gallery\/2026_06_30_gam\/PLA_1487.jpg\"\n               title=\"L&#039;esposizione dedicata ai cinque progetti finalisti del concorso internazionale &quot;GAM 4.0: recuperare il futuro. Orizzonti di progetto, per un museo del domani&quot;\"\n               data-src=\"http:\/\/www.spaziotorino.it\/scatto\/wp-content\/gallery\/2026_06_30_gam\/PLA_1487.jpg\"\n               data-thumbnail=\"http:\/\/www.spaziotorino.it\/scatto\/wp-content\/gallery\/2026_06_30_gam\/thumbs\/thumbs_PLA_1487.jpg\"\n               data-image-id=\"41544\"\n               data-title=\"L&#039;esposizione dedicata ai cinque progetti finalisti del concorso internazionale &quot;GAM 4.0: recuperare il futuro. Orizzonti di progetto, per un museo del domani&quot;\"\n               data-description=\"L&#039;esposizione dedicata ai cinque progetti finalisti del concorso internazionale &quot;GAM 4.0: recuperare il futuro. Orizzonti di progetto, per un museo del domani&quot;\"\n               data-image-slug=\"pla_1487-3\"\n               class=\"ngg-fancybox\" rel=\"d882df35e7ec0cfe7b13cb9604f8d168\">\n                <img\n                    title=\"L&#039;esposizione dedicata ai cinque progetti finalisti del concorso internazionale &quot;GAM 4.0: recuperare il futuro. Orizzonti di progetto, per un museo del domani&quot;\"\n                    alt=\"L&#039;esposizione dedicata ai cinque progetti finalisti del concorso internazionale &quot;GAM 4.0: recuperare il futuro. Orizzonti di progetto, per un museo del domani&quot;\"\n                    src=\"http:\/\/www.spaziotorino.it\/scatto\/wp-content\/gallery\/2026_06_30_gam\/cache\/PLA_1487.jpg-nggid0541544-ngg0dyn-60x60x100-00f0w010c011r110f110r010t010.jpg\"\n                    width=\"60\"\n                    height=\"60\"\n                    style=\"max-width:100%;\"\n                \/>\n            <\/a>\n        <\/div>\n\t\t\t\t\t\t\t<\/div> \n\t\t\t\n        \n\t\t\t\t<div id=\"ngg-image-8\" class=\"ngg-gallery-thumbnail-box\" >\n\t\t\t\t        <div class=\"ngg-gallery-thumbnail\">\n            <a href=\"http:\/\/www.spaziotorino.it\/scatto\/wp-content\/gallery\/2026_06_30_gam\/PLA_1484.jpg\"\n               title=\"L&#039;esposizione dedicata ai cinque progetti finalisti del concorso internazionale &quot;GAM 4.0: recuperare il futuro. Orizzonti di progetto, per un museo del domani&quot;\"\n               data-src=\"http:\/\/www.spaziotorino.it\/scatto\/wp-content\/gallery\/2026_06_30_gam\/PLA_1484.jpg\"\n               data-thumbnail=\"http:\/\/www.spaziotorino.it\/scatto\/wp-content\/gallery\/2026_06_30_gam\/thumbs\/thumbs_PLA_1484.jpg\"\n               data-image-id=\"41542\"\n               data-title=\"L&#039;esposizione dedicata ai cinque progetti finalisti del concorso internazionale &quot;GAM 4.0: recuperare il futuro. Orizzonti di progetto, per un museo del domani&quot;\"\n               data-description=\"L&#039;esposizione dedicata ai cinque progetti finalisti del concorso internazionale &quot;GAM 4.0: recuperare il futuro. Orizzonti di progetto, per un museo del domani&quot;\"\n               data-image-slug=\"pla_1484-4\"\n               class=\"ngg-fancybox\" rel=\"d882df35e7ec0cfe7b13cb9604f8d168\">\n                <img\n                    title=\"L&#039;esposizione dedicata ai cinque progetti finalisti del concorso internazionale &quot;GAM 4.0: recuperare il futuro. Orizzonti di progetto, per un museo del domani&quot;\"\n                    alt=\"L&#039;esposizione dedicata ai cinque progetti finalisti del concorso internazionale &quot;GAM 4.0: recuperare il futuro. Orizzonti di progetto, per un museo del domani&quot;\"\n                    src=\"http:\/\/www.spaziotorino.it\/scatto\/wp-content\/gallery\/2026_06_30_gam\/cache\/PLA_1484.jpg-nggid0541542-ngg0dyn-60x60x100-00f0w010c011r110f110r010t010.jpg\"\n                    width=\"60\"\n                    height=\"60\"\n                    style=\"max-width:100%;\"\n                \/>\n            <\/a>\n        <\/div>\n\t\t\t\t\t\t\t<\/div> \n\t\t\t\n        \n\t\t\t\t<div id=\"ngg-image-9\" class=\"ngg-gallery-thumbnail-box\" >\n\t\t\t\t        <div class=\"ngg-gallery-thumbnail\">\n            <a href=\"http:\/\/www.spaziotorino.it\/scatto\/wp-content\/gallery\/2026_06_30_gam\/PLA_1506.jpg\"\n               title=\"L&#039;esposizione dedicata ai cinque progetti finalisti del concorso internazionale &quot;GAM 4.0: recuperare il futuro. Orizzonti di progetto, per un museo del domani&quot;\"\n               data-src=\"http:\/\/www.spaziotorino.it\/scatto\/wp-content\/gallery\/2026_06_30_gam\/PLA_1506.jpg\"\n               data-thumbnail=\"http:\/\/www.spaziotorino.it\/scatto\/wp-content\/gallery\/2026_06_30_gam\/thumbs\/thumbs_PLA_1506.jpg\"\n               data-image-id=\"41545\"\n               data-title=\"L&#039;esposizione dedicata ai cinque progetti finalisti del concorso internazionale &quot;GAM 4.0: recuperare il futuro. Orizzonti di progetto, per un museo del domani&quot;\"\n               data-description=\"L&#039;esposizione dedicata ai cinque progetti finalisti del concorso internazionale &quot;GAM 4.0: recuperare il futuro. Orizzonti di progetto, per un museo del domani&quot;\"\n               data-image-slug=\"pla_1506-2\"\n               class=\"ngg-fancybox\" rel=\"d882df35e7ec0cfe7b13cb9604f8d168\">\n                <img\n                    title=\"L&#039;esposizione dedicata ai cinque progetti finalisti del concorso internazionale &quot;GAM 4.0: recuperare il futuro. Orizzonti di progetto, per un museo del domani&quot;\"\n                    alt=\"L&#039;esposizione dedicata ai cinque progetti finalisti del concorso internazionale &quot;GAM 4.0: recuperare il futuro. Orizzonti di progetto, per un museo del domani&quot;\"\n                    src=\"http:\/\/www.spaziotorino.it\/scatto\/wp-content\/gallery\/2026_06_30_gam\/cache\/PLA_1506.jpg-nggid0541545-ngg0dyn-60x60x100-00f0w010c011r110f110r010t010.jpg\"\n                    width=\"60\"\n                    height=\"60\"\n                    style=\"max-width:100%;\"\n                \/>\n            <\/a>\n        <\/div>\n\t\t\t\t\t\t\t<\/div> \n\t\t\t\n        \n\t\t\t\t<div id=\"ngg-image-10\" class=\"ngg-gallery-thumbnail-box\" >\n\t\t\t\t        <div class=\"ngg-gallery-thumbnail\">\n            <a href=\"http:\/\/www.spaziotorino.it\/scatto\/wp-content\/gallery\/2026_06_30_gam\/gam_40_4.jpg\"\n               title=\"L\u2019ANGOLO CIVICO\nDei nuovi ingressi al Centro Civico e all\u2019Auditorium\nGAM \u2013 Galleria Civica d\u2019Arte Moderna e Contemporanea di Torino \nProgetto architettonico: MVRDV + BALANCE\nCredito fotografico: MVRDV\"\n               data-src=\"http:\/\/www.spaziotorino.it\/scatto\/wp-content\/gallery\/2026_06_30_gam\/gam_40_4.jpg\"\n               data-thumbnail=\"http:\/\/www.spaziotorino.it\/scatto\/wp-content\/gallery\/2026_06_30_gam\/thumbs\/thumbs_gam_40_4.jpg\"\n               data-image-id=\"41500\"\n               data-title=\"L\u2019ANGOLO CIVICO Dei nuovi ingressi al Centro Civico e all\u2019Auditorium GAM \u2013 Galleria Civica d\u2019Arte Moderna e Contemporanea di Torino  Progetto architettonico: MVRDV + BALANCE Credito fotografico: MVRDV\"\n               data-description=\"L\u2019ANGOLO CIVICO\nDei nuovi ingressi al Centro Civico e all\u2019Auditorium\nGAM \u2013 Galleria Civica d\u2019Arte Moderna e Contemporanea di Torino \nProgetto architettonico: MVRDV + BALANCE\nCredito fotografico: MVRDV\"\n               data-image-slug=\"gam_40_4\"\n               class=\"ngg-fancybox\" rel=\"d882df35e7ec0cfe7b13cb9604f8d168\">\n                <img\n                    title=\"L\u2019ANGOLO CIVICO Dei nuovi ingressi al Centro Civico e all\u2019Auditorium GAM \u2013 Galleria Civica d\u2019Arte Moderna e Contemporanea di Torino  Progetto architettonico: MVRDV + BALANCE Credito fotografico: MVRDV\"\n                    alt=\"L\u2019ANGOLO CIVICO Dei nuovi ingressi al Centro Civico e all\u2019Auditorium GAM \u2013 Galleria Civica d\u2019Arte Moderna e Contemporanea di Torino  Progetto architettonico: MVRDV + BALANCE Credito fotografico: MVRDV\"\n                    src=\"http:\/\/www.spaziotorino.it\/scatto\/wp-content\/gallery\/2026_06_30_gam\/cache\/gam_40_4.jpg-nggid0541500-ngg0dyn-60x60x100-00f0w010c011r110f110r010t010.jpg\"\n                    width=\"60\"\n                    height=\"60\"\n                    style=\"max-width:100%;\"\n                \/>\n            <\/a>\n        <\/div>\n\t\t\t\t\t\t\t<\/div> \n\t\t\t\n        \n\t\t\t\t<div id=\"ngg-image-11\" class=\"ngg-gallery-thumbnail-box\" >\n\t\t\t\t        <div class=\"ngg-gallery-thumbnail\">\n            <a href=\"http:\/\/www.spaziotorino.it\/scatto\/wp-content\/gallery\/2026_06_30_gam\/gam_40_2.jpg\"\n               title=\"LA NUOVA DIMENSIONE DELL\u2019ARTE. Uno spazio pubblico in cui arte, didattica e societ\u00e0 si incontrano\n\nGAM \u2013 Galleria Civica d\u2019Arte Moderna e Contemporanea di Torino. Progetto architettonico: MVRDV + BALANCE. Credito fotografico: MVRDV\"\n               data-src=\"http:\/\/www.spaziotorino.it\/scatto\/wp-content\/gallery\/2026_06_30_gam\/gam_40_2.jpg\"\n               data-thumbnail=\"http:\/\/www.spaziotorino.it\/scatto\/wp-content\/gallery\/2026_06_30_gam\/thumbs\/thumbs_gam_40_2.jpg\"\n               data-image-id=\"41501\"\n               data-title=\"LA NUOVA DIMENSIONE DELL\u2019ARTE. Uno spazio pubblico in cui arte, didattica e societ\u00e0 si incontrano  GAM \u2013 Galleria Civica d\u2019Arte Moderna e Contemporanea di Torino. Progetto architettonico: MVRDV + BALANCE. Credito fotografico: MVRDV\"\n               data-description=\"LA NUOVA DIMENSIONE DELL\u2019ARTE. Uno spazio pubblico in cui arte, didattica e societ\u00e0 si incontrano\n\nGAM \u2013 Galleria Civica d\u2019Arte Moderna e Contemporanea di Torino. Progetto architettonico: MVRDV + BALANCE. Credito fotografico: MVRDV\"\n               data-image-slug=\"gam_40_2\"\n               class=\"ngg-fancybox\" rel=\"d882df35e7ec0cfe7b13cb9604f8d168\">\n                <img\n                    title=\"LA NUOVA DIMENSIONE DELL\u2019ARTE. Uno spazio pubblico in cui arte, didattica e societ\u00e0 si incontrano  GAM \u2013 Galleria Civica d\u2019Arte Moderna e Contemporanea di Torino. Progetto architettonico: MVRDV + BALANCE. Credito fotografico: MVRDV\"\n                    alt=\"LA NUOVA DIMENSIONE DELL\u2019ARTE. Uno spazio pubblico in cui arte, didattica e societ\u00e0 si incontrano  GAM \u2013 Galleria Civica d\u2019Arte Moderna e Contemporanea di Torino. Progetto architettonico: MVRDV + BALANCE. Credito fotografico: MVRDV\"\n                    src=\"http:\/\/www.spaziotorino.it\/scatto\/wp-content\/gallery\/2026_06_30_gam\/cache\/gam_40_2.jpg-nggid0541501-ngg0dyn-60x60x100-00f0w010c011r110f110r010t010.jpg\"\n                    width=\"60\"\n                    height=\"60\"\n                    style=\"max-width:100%;\"\n                \/>\n            <\/a>\n        <\/div>\n\t\t\t\t\t\t\t<\/div> \n\t\t\t\n        \n\t\t\t\t<div id=\"ngg-image-12\" class=\"ngg-gallery-thumbnail-box\" >\n\t\t\t\t        <div class=\"ngg-gallery-thumbnail\">\n            <a href=\"http:\/\/www.spaziotorino.it\/scatto\/wp-content\/gallery\/2026_06_30_gam\/gam_40_1.jpg\"\n               title=\"LA DIAGONALE DI LUCE. Un attraversamento urbano all\u2019interno del quartiere. GAM \u2013 Galleria Civica d\u2019Arte Moderna e Contemporanea di Torino. Progetto architettonico: MVRDV + BALANCE. Credito fotografico: MVRDV\"\n               data-src=\"http:\/\/www.spaziotorino.it\/scatto\/wp-content\/gallery\/2026_06_30_gam\/gam_40_1.jpg\"\n               data-thumbnail=\"http:\/\/www.spaziotorino.it\/scatto\/wp-content\/gallery\/2026_06_30_gam\/thumbs\/thumbs_gam_40_1.jpg\"\n               data-image-id=\"41503\"\n               data-title=\"LA DIAGONALE DI LUCE. Un attraversamento urbano all\u2019interno del quartiere. GAM \u2013 Galleria Civica d\u2019Arte Moderna e Contemporanea di Torino. Progetto architettonico: MVRDV + BALANCE. Credito fotografico: MVRDV\"\n               data-description=\"LA DIAGONALE DI LUCE. Un attraversamento urbano all\u2019interno del quartiere. GAM \u2013 Galleria Civica d\u2019Arte Moderna e Contemporanea di Torino. Progetto architettonico: MVRDV + BALANCE. Credito fotografico: MVRDV\"\n               data-image-slug=\"gam_40_1\"\n               class=\"ngg-fancybox\" rel=\"d882df35e7ec0cfe7b13cb9604f8d168\">\n                <img\n                    title=\"LA DIAGONALE DI LUCE. Un attraversamento urbano all\u2019interno del quartiere. GAM \u2013 Galleria Civica d\u2019Arte Moderna e Contemporanea di Torino. Progetto architettonico: MVRDV + BALANCE. Credito fotografico: MVRDV\"\n                    alt=\"LA DIAGONALE DI LUCE. Un attraversamento urbano all\u2019interno del quartiere. GAM \u2013 Galleria Civica d\u2019Arte Moderna e Contemporanea di Torino. Progetto architettonico: MVRDV + BALANCE. Credito fotografico: MVRDV\"\n                    src=\"http:\/\/www.spaziotorino.it\/scatto\/wp-content\/gallery\/2026_06_30_gam\/cache\/gam_40_1.jpg-nggid0541503-ngg0dyn-60x60x100-00f0w010c011r110f110r010t010.jpg\"\n                    width=\"60\"\n                    height=\"60\"\n                    style=\"max-width:100%;\"\n                \/>\n            <\/a>\n        <\/div>\n\t\t\t\t\t\t\t<\/div> \n\t\t\t\n        \n\t\t\t\t<div id=\"ngg-image-13\" class=\"ngg-gallery-thumbnail-box\" >\n\t\t\t\t        <div class=\"ngg-gallery-thumbnail\">\n            <a href=\"http:\/\/www.spaziotorino.it\/scatto\/wp-content\/gallery\/2026_06_30_gam\/gam_40_5.jpg\"\n               title=\"06\nL\u2019ATRIO\nUn ambiente cardine esempio dello spirito\ndella nuova GAM\nGAM \u2013 Galleria Civica d\u2019Arte Moderna e Contemporanea di Torino \nProgetto architettonico: MVRDV + BALANCE\nCredito fotografico: MVRDV\"\n               data-src=\"http:\/\/www.spaziotorino.it\/scatto\/wp-content\/gallery\/2026_06_30_gam\/gam_40_5.jpg\"\n               data-thumbnail=\"http:\/\/www.spaziotorino.it\/scatto\/wp-content\/gallery\/2026_06_30_gam\/thumbs\/thumbs_gam_40_5.jpg\"\n               data-image-id=\"41504\"\n               data-title=\"06 L\u2019ATRIO Un ambiente cardine esempio dello spirito della nuova GAM GAM \u2013 Galleria Civica d\u2019Arte Moderna e Contemporanea di Torino  Progetto architettonico: MVRDV + BALANCE Credito fotografico: MVRDV\"\n               data-description=\"06\nL\u2019ATRIO\nUn ambiente cardine esempio dello spirito\ndella nuova GAM\nGAM \u2013 Galleria Civica d\u2019Arte Moderna e Contemporanea di Torino \nProgetto architettonico: MVRDV + BALANCE\nCredito fotografico: MVRDV\"\n               data-image-slug=\"gam_40_5\"\n               class=\"ngg-fancybox\" rel=\"d882df35e7ec0cfe7b13cb9604f8d168\">\n                <img\n                    title=\"06 L\u2019ATRIO Un ambiente cardine esempio dello spirito della nuova GAM GAM \u2013 Galleria Civica d\u2019Arte Moderna e Contemporanea di Torino  Progetto architettonico: MVRDV + BALANCE Credito fotografico: MVRDV\"\n                    alt=\"06 L\u2019ATRIO Un ambiente cardine esempio dello spirito della nuova GAM GAM \u2013 Galleria Civica d\u2019Arte Moderna e Contemporanea di Torino  Progetto architettonico: MVRDV + BALANCE Credito fotografico: MVRDV\"\n                    src=\"http:\/\/www.spaziotorino.it\/scatto\/wp-content\/gallery\/2026_06_30_gam\/cache\/gam_40_5.jpg-nggid0541504-ngg0dyn-60x60x100-00f0w010c011r110f110r010t010.jpg\"\n                    width=\"60\"\n                    height=\"60\"\n                    style=\"max-width:100%;\"\n                \/>\n            <\/a>\n        <\/div>\n\t\t\t\t\t\t\t<\/div> \n\t\t\t\n        \n\t\t\n\t\t<!-- Pagination -->\n\t<div class='ngg-clear'><\/div>\t<\/div>\n\n<p>Presentato al Teatro Regio il piano di riqualificazione della GAM di Torino, la pi\u00f9 antica galleria civica d&#8217;arte moderna e contemporanea d&#8217;Italia. L&#8217;intervento, sostenuto dalla Fondazione Compagnia di San Paolo con un investimento di 27,5 milioni di euro, punta a trasformare il museo in uno spazio pi\u00f9 accessibile, sostenibile e aperto alla citt\u00e0.<\/p>\n<p>Il progetto vincitore del concorso internazionale \u00e8 firmato dallo studio olandese MVRDV insieme a Balance Architettura ed EP&amp;S Group. La nuova GAM sar\u00e0 concepita come una piazza civica con nuovi spazi espositivi, aree dedicate alle attivit\u00e0 culturali e un percorso che render\u00e0 accessibile al pubblico parte delle oltre 50 mila opere conservate nei depositi.<\/p>\n<p>Nel pomeriggio, alla GAM di via Magenta 31, \u00e8 stata inaugurata l&#8217;esposizione dedicata ai cinque progetti finalisti del concorso internazionale &#8220;GAM 4.0: recuperare il futuro. Orizzonti di progetto, per un museo del domani&#8221;, al quale hanno partecipato 49 studi di architettura provenienti da tutto il mondo. La mostra racconta il percorso che porter\u00e0 alla trasformazione del museo ed \u00e8 accompagnata da un programma di iniziative pubbliche fino all&#8217;estate del 2027.<\/p>\n<p>Maggiori informazioni su <a href=\"https:\/\/www.torinoclick.it\/cultura\/gam-4-0-presentato-il-progetto-di-rigenerazione-della-piu-antica-galleria-darte-moderna-ditalia\/\">TorinoClick<\/a><\/p>\n","protected":false},"excerpt":{"rendered":"<p>Presentato al Teatro Regio il piano di riqualificazione della GAM di Torino, la pi\u00f9 antica galleria civica d&#8217;arte moderna e contemporanea d&#8217;Italia. L&#8217;intervento, sostenuto dalla Fondazione Compagnia di San Paolo con un investimento di 27,5 milioni di euro, punta a trasformare il museo in uno spazio pi\u00f9 accessibile, sostenibile e aperto alla citt\u00e0. Il progetto [&hellip;]<\/p>\n","protected":false},"author":1,"featured_media":0,"comment_status":"closed","ping_status":"open","sticky":false,"template":"","format":"standard","meta":{"ngg_post_thumbnail":0},"categories":[1,41],"tags":[],"_links":{"self":[{"href":"http:\/\/www.spaziotorino.it\/scatto\/index.php?rest_route=\/wp\/v2\/posts\/61779"}],"collection":[{"href":"http:\/\/www.spaziotorino.it\/scatto\/index.php?rest_route=\/wp\/v2\/posts"}],"about":[{"href":"http:\/\/www.spaziotorino.it\/scatto\/index.php?rest_route=\/wp\/v2\/types\/post"}],"author":[{"embeddable":true,"href":"http:\/\/www.spaziotorino.it\/scatto\/index.php?rest_route=\/wp\/v2\/users\/1"}],"replies":[{"embeddable":true,"href":"http:\/\/www.spaziotorino.it\/scatto\/index.php?rest_route=%2Fwp%2Fv2%2Fcomments&post=61779"}],"version-history":[{"count":2,"href":"http:\/\/www.spaziotorino.it\/scatto\/index.php?rest_route=\/wp\/v2\/posts\/61779\/revisions"}],"predecessor-version":[{"id":61822,"href":"http:\/\/www.spaziotorino.it\/scatto\/index.php?rest_route=\/wp\/v2\/posts\/61779\/revisions\/61822"}],"wp:attachment":[{"href":"http:\/\/www.spaziotorino.it\/scatto\/index.php?rest_route=%2Fwp%2Fv2%2Fmedia&parent=61779"}],"wp:term":[{"taxonomy":"category","embeddable":true,"href":"http:\/\/www.spaziotorino.it\/scatto\/index.php?rest_route=%2Fwp%2Fv2%2Fcategories&post=61779"},{"taxonomy":"post_tag","embeddable":true,"href":"http:\/\/www.spaziotorino.it\/scatto\/index.php?rest_route=%2Fwp%2Fv2%2Ftags&post=61779"}],"curies":[{"name":"wp","href":"https:\/\/api.w.org\/{rel}","templated":true}]}}