{"id":802,"date":"2010-09-12T21:00:25","date_gmt":"2010-09-12T20:00:25","guid":{"rendered":"http:\/\/www.spaziotorino.it\/scatto\/?p=802"},"modified":"2010-09-13T11:12:50","modified_gmt":"2010-09-13T10:12:50","slug":"torino-street-style-un-weekend-%e2%80%9cestremo%e2%80%9d-per-torino-2010-capitale-europea-dei-giovani","status":"publish","type":"post","link":"http:\/\/www.spaziotorino.it\/scatto\/?p=802","title":{"rendered":"Torino Street Style. Un weekend \u201cestremo\u201d per Torino 2010 Capitale Europea dei Giovani"},"content":{"rendered":"<p><a title=\"Torino Street Style\" rel=\"lightbox[set_126]\" href=\"http:\/\/www.spaziotorino.it\/scatto\/wp-content\/gallery\/2010_09_12_street_vertical\/1209_street_alv_1656.jpg\"><br \/>\n<img decoding=\"async\" loading=\"lazy\" class=\"ngg-singlepic\" title=\"Torino Street Style\" src=\"http:\/\/www.spaziotorino.it\/scatto\/wp-content\/gallery\/2010_09_12_street_vertical\/1209_street_alv_1656.jpg\" alt=\"\" width=\"540\" height=\"360\" \/><br \/>\n<\/a><\/p>\n<!-- index.php -->\n<div\n\tclass=\"ngg-galleryoverview ngg-ajax-pagination-none\"\n\tid=\"ngg-gallery-82cf1cdf63d1194e784737e7329f37b3-1\">\n\n    \t\t<!-- Thumbnails -->\n\t\t\t\t<div id=\"ngg-image-0\" class=\"ngg-gallery-thumbnail-box\" >\n\t\t\t\t        <div class=\"ngg-gallery-thumbnail\">\n            <a href=\"http:\/\/www.spaziotorino.it\/scatto\/wp-content\/gallery\/2010_09_12_street_vertical\/1209_street_2849.jpg\"\n               title=\"Il riscaldamento degli atleti della Vertical City Race\"\n               data-src=\"http:\/\/www.spaziotorino.it\/scatto\/wp-content\/gallery\/2010_09_12_street_vertical\/1209_street_2849.jpg\"\n               data-thumbnail=\"http:\/\/www.spaziotorino.it\/scatto\/wp-content\/gallery\/2010_09_12_street_vertical\/thumbs\/thumbs_1209_street_2849.jpg\"\n               data-image-id=\"2007\"\n               data-title=\"Il riscaldamento degli atleti della Vertical City Race\"\n               data-description=\"Il riscaldamento degli atleti della Vertical City Race\"\n               data-image-slug=\"il-riscaldamento-degli-atleti-della-vertical-city-race\"\n               class=\"ngg-fancybox\" rel=\"82cf1cdf63d1194e784737e7329f37b3\">\n                <img\n                    title=\"Il riscaldamento degli atleti della Vertical City Race\"\n                    alt=\"Il riscaldamento degli atleti della Vertical City Race\"\n                    src=\"http:\/\/www.spaziotorino.it\/scatto\/wp-content\/gallery\/2010_09_12_street_vertical\/cache\/1209_street_2849.jpg-nggid042007-ngg0dyn-60x60x100-00f0w010c011r110f110r010t010.jpg\"\n                    width=\"60\"\n                    height=\"60\"\n                    style=\"max-width:100%;\"\n                \/>\n            <\/a>\n        <\/div>\n\t\t\t\t\t\t\t<\/div> \n\t\t\t\n        \n\t\t\t\t<div id=\"ngg-image-1\" class=\"ngg-gallery-thumbnail-box\" >\n\t\t\t\t        <div class=\"ngg-gallery-thumbnail\">\n            <a href=\"http:\/\/www.spaziotorino.it\/scatto\/wp-content\/gallery\/2010_09_12_street_vertical\/1209_street_2883.jpg\"\n               title=\"La partenza della gara\"\n               data-src=\"http:\/\/www.spaziotorino.it\/scatto\/wp-content\/gallery\/2010_09_12_street_vertical\/1209_street_2883.jpg\"\n               data-thumbnail=\"http:\/\/www.spaziotorino.it\/scatto\/wp-content\/gallery\/2010_09_12_street_vertical\/thumbs\/thumbs_1209_street_2883.jpg\"\n               data-image-id=\"2008\"\n               data-title=\"La partenza della gara\"\n               data-description=\"La partenza della gara\"\n               data-image-slug=\"la-partenza-della-gara\"\n               class=\"ngg-fancybox\" rel=\"82cf1cdf63d1194e784737e7329f37b3\">\n                <img\n                    title=\"La partenza della gara\"\n                    alt=\"La partenza della gara\"\n                    src=\"http:\/\/www.spaziotorino.it\/scatto\/wp-content\/gallery\/2010_09_12_street_vertical\/cache\/1209_street_2883.jpg-nggid042008-ngg0dyn-60x60x100-00f0w010c011r110f110r010t010.jpg\"\n                    width=\"60\"\n                    height=\"60\"\n                    style=\"max-width:100%;\"\n                \/>\n            <\/a>\n        <\/div>\n\t\t\t\t\t\t\t<\/div> \n\t\t\t\n        \n\t\t\t\t<div id=\"ngg-image-2\" class=\"ngg-gallery-thumbnail-box\" >\n\t\t\t\t        <div class=\"ngg-gallery-thumbnail\">\n            <a href=\"http:\/\/www.spaziotorino.it\/scatto\/wp-content\/gallery\/2010_09_12_street_vertical\/1209_street_2897.jpg\"\n               title=\"Gli atleti della Vertical City Race in piazza San Carlo\"\n               data-src=\"http:\/\/www.spaziotorino.it\/scatto\/wp-content\/gallery\/2010_09_12_street_vertical\/1209_street_2897.jpg\"\n               data-thumbnail=\"http:\/\/www.spaziotorino.it\/scatto\/wp-content\/gallery\/2010_09_12_street_vertical\/thumbs\/thumbs_1209_street_2897.jpg\"\n               data-image-id=\"2009\"\n               data-title=\"Gli atleti della Vertical City Race in piazza San Carlo\"\n               data-description=\"Gli atleti della Vertical City Race in piazza San Carlo\"\n               data-image-slug=\"gli-atleti-della-vertical-city-race-in-piazza-san-carlo\"\n               class=\"ngg-fancybox\" rel=\"82cf1cdf63d1194e784737e7329f37b3\">\n                <img\n                    title=\"Gli atleti della Vertical City Race in piazza San Carlo\"\n                    alt=\"Gli atleti della Vertical City Race in piazza San Carlo\"\n                    src=\"http:\/\/www.spaziotorino.it\/scatto\/wp-content\/gallery\/2010_09_12_street_vertical\/cache\/1209_street_2897.jpg-nggid042009-ngg0dyn-60x60x100-00f0w010c011r110f110r010t010.jpg\"\n                    width=\"60\"\n                    height=\"60\"\n                    style=\"max-width:100%;\"\n                \/>\n            <\/a>\n        <\/div>\n\t\t\t\t\t\t\t<\/div> \n\t\t\t\n        \n\t\t\t\t<div id=\"ngg-image-3\" class=\"ngg-gallery-thumbnail-box\" >\n\t\t\t\t        <div class=\"ngg-gallery-thumbnail\">\n            <a href=\"http:\/\/www.spaziotorino.it\/scatto\/wp-content\/gallery\/2010_09_12_street_vertical\/1209_street_alv_1393.jpg\"\n               title=\"La teleferica sul Po\"\n               data-src=\"http:\/\/www.spaziotorino.it\/scatto\/wp-content\/gallery\/2010_09_12_street_vertical\/1209_street_alv_1393.jpg\"\n               data-thumbnail=\"http:\/\/www.spaziotorino.it\/scatto\/wp-content\/gallery\/2010_09_12_street_vertical\/thumbs\/thumbs_1209_street_alv_1393.jpg\"\n               data-image-id=\"2018\"\n               data-title=\"La teleferica sul Po\"\n               data-description=\"La teleferica sul Po\"\n               data-image-slug=\"la-teleferica-sul-po\"\n               class=\"ngg-fancybox\" rel=\"82cf1cdf63d1194e784737e7329f37b3\">\n                <img\n                    title=\"La teleferica sul Po\"\n                    alt=\"La teleferica sul Po\"\n                    src=\"http:\/\/www.spaziotorino.it\/scatto\/wp-content\/gallery\/2010_09_12_street_vertical\/cache\/1209_street_alv_1393.jpg-nggid042018-ngg0dyn-60x60x100-00f0w010c011r110f110r010t010.jpg\"\n                    width=\"60\"\n                    height=\"60\"\n                    style=\"max-width:100%;\"\n                \/>\n            <\/a>\n        <\/div>\n\t\t\t\t\t\t\t<\/div> \n\t\t\t\n        \n\t\t\t\t<div id=\"ngg-image-4\" class=\"ngg-gallery-thumbnail-box\" >\n\t\t\t\t        <div class=\"ngg-gallery-thumbnail\">\n            <a href=\"http:\/\/www.spaziotorino.it\/scatto\/wp-content\/gallery\/2010_09_12_street_vertical\/1209_street_alv_1410.jpg\"\n               title=\"La teleferica sul Po\"\n               data-src=\"http:\/\/www.spaziotorino.it\/scatto\/wp-content\/gallery\/2010_09_12_street_vertical\/1209_street_alv_1410.jpg\"\n               data-thumbnail=\"http:\/\/www.spaziotorino.it\/scatto\/wp-content\/gallery\/2010_09_12_street_vertical\/thumbs\/thumbs_1209_street_alv_1410.jpg\"\n               data-image-id=\"2019\"\n               data-title=\"La teleferica sul Po\"\n               data-description=\"La teleferica sul Po\"\n               data-image-slug=\"la-teleferica-sul-po-1\"\n               class=\"ngg-fancybox\" rel=\"82cf1cdf63d1194e784737e7329f37b3\">\n                <img\n                    title=\"La teleferica sul Po\"\n                    alt=\"La teleferica sul Po\"\n                    src=\"http:\/\/www.spaziotorino.it\/scatto\/wp-content\/gallery\/2010_09_12_street_vertical\/cache\/1209_street_alv_1410.jpg-nggid042019-ngg0dyn-60x60x100-00f0w010c011r110f110r010t010.jpg\"\n                    width=\"60\"\n                    height=\"60\"\n                    style=\"max-width:100%;\"\n                \/>\n            <\/a>\n        <\/div>\n\t\t\t\t\t\t\t<\/div> \n\t\t\t\n        \n\t\t\t\t<div id=\"ngg-image-5\" class=\"ngg-gallery-thumbnail-box\" >\n\t\t\t\t        <div class=\"ngg-gallery-thumbnail\">\n            <a href=\"http:\/\/www.spaziotorino.it\/scatto\/wp-content\/gallery\/2010_09_12_street_vertical\/1209_street_alv_1656.jpg\"\n               title=\"Frisbee free style\"\n               data-src=\"http:\/\/www.spaziotorino.it\/scatto\/wp-content\/gallery\/2010_09_12_street_vertical\/1209_street_alv_1656.jpg\"\n               data-thumbnail=\"http:\/\/www.spaziotorino.it\/scatto\/wp-content\/gallery\/2010_09_12_street_vertical\/thumbs\/thumbs_1209_street_alv_1656.jpg\"\n               data-image-id=\"2029\"\n               data-title=\"Frisbee free style\"\n               data-description=\"Frisbee free style\"\n               data-image-slug=\"frisbee-free-style\"\n               class=\"ngg-fancybox\" rel=\"82cf1cdf63d1194e784737e7329f37b3\">\n                <img\n                    title=\"Frisbee free style\"\n                    alt=\"Frisbee free style\"\n                    src=\"http:\/\/www.spaziotorino.it\/scatto\/wp-content\/gallery\/2010_09_12_street_vertical\/cache\/1209_street_alv_1656.jpg-nggid042029-ngg0dyn-60x60x100-00f0w010c011r110f110r010t010.jpg\"\n                    width=\"60\"\n                    height=\"60\"\n                    style=\"max-width:100%;\"\n                \/>\n            <\/a>\n        <\/div>\n\t\t\t\t\t\t\t<\/div> \n\t\t\t\n        \n\t\t\t\t<div id=\"ngg-image-6\" class=\"ngg-gallery-thumbnail-box\" >\n\t\t\t\t        <div class=\"ngg-gallery-thumbnail\">\n            <a href=\"http:\/\/www.spaziotorino.it\/scatto\/wp-content\/gallery\/2010_09_12_street_vertical\/1209_street_alv_1514.jpg\"\n               title=\"Le acrobazie delle bmx\"\n               data-src=\"http:\/\/www.spaziotorino.it\/scatto\/wp-content\/gallery\/2010_09_12_street_vertical\/1209_street_alv_1514.jpg\"\n               data-thumbnail=\"http:\/\/www.spaziotorino.it\/scatto\/wp-content\/gallery\/2010_09_12_street_vertical\/thumbs\/thumbs_1209_street_alv_1514.jpg\"\n               data-image-id=\"2023\"\n               data-title=\"Le acrobazie delle bmx\"\n               data-description=\"Le acrobazie delle bmx\"\n               data-image-slug=\"le-acrobazie-delle-bmx\"\n               class=\"ngg-fancybox\" rel=\"82cf1cdf63d1194e784737e7329f37b3\">\n                <img\n                    title=\"Le acrobazie delle bmx\"\n                    alt=\"Le acrobazie delle bmx\"\n                    src=\"http:\/\/www.spaziotorino.it\/scatto\/wp-content\/gallery\/2010_09_12_street_vertical\/cache\/1209_street_alv_1514.jpg-nggid042023-ngg0dyn-60x60x100-00f0w010c011r110f110r010t010.jpg\"\n                    width=\"60\"\n                    height=\"60\"\n                    style=\"max-width:100%;\"\n                \/>\n            <\/a>\n        <\/div>\n\t\t\t\t\t\t\t<\/div> \n\t\t\t\n        \n\t\t\t\t<div id=\"ngg-image-7\" class=\"ngg-gallery-thumbnail-box\" >\n\t\t\t\t        <div class=\"ngg-gallery-thumbnail\">\n            <a href=\"http:\/\/www.spaziotorino.it\/scatto\/wp-content\/gallery\/2010_09_12_street_vertical\/1209_street_alv_1583.jpg\"\n               title=\"Gli skate volano in piazza San Carlo\"\n               data-src=\"http:\/\/www.spaziotorino.it\/scatto\/wp-content\/gallery\/2010_09_12_street_vertical\/1209_street_alv_1583.jpg\"\n               data-thumbnail=\"http:\/\/www.spaziotorino.it\/scatto\/wp-content\/gallery\/2010_09_12_street_vertical\/thumbs\/thumbs_1209_street_alv_1583.jpg\"\n               data-image-id=\"2025\"\n               data-title=\"Gli skate volano in piazza San Carlo\"\n               data-description=\"Gli skate volano in piazza San Carlo\"\n               data-image-slug=\"gli-skate-volano-in-piazza-san-carlo\"\n               class=\"ngg-fancybox\" rel=\"82cf1cdf63d1194e784737e7329f37b3\">\n                <img\n                    title=\"Gli skate volano in piazza San Carlo\"\n                    alt=\"Gli skate volano in piazza San Carlo\"\n                    src=\"http:\/\/www.spaziotorino.it\/scatto\/wp-content\/gallery\/2010_09_12_street_vertical\/cache\/1209_street_alv_1583.jpg-nggid042025-ngg0dyn-60x60x100-00f0w010c011r110f110r010t010.jpg\"\n                    width=\"60\"\n                    height=\"60\"\n                    style=\"max-width:100%;\"\n                \/>\n            <\/a>\n        <\/div>\n\t\t\t\t\t\t\t<\/div> \n\t\t\t\n        \n\t\t\t\t<div id=\"ngg-image-8\" class=\"ngg-gallery-thumbnail-box\" >\n\t\t\t\t        <div class=\"ngg-gallery-thumbnail\">\n            <a href=\"http:\/\/www.spaziotorino.it\/scatto\/wp-content\/gallery\/2010_09_12_street_vertical\/1209_street_3258.jpg\"\n               title=\"Skateboarding\"\n               data-src=\"http:\/\/www.spaziotorino.it\/scatto\/wp-content\/gallery\/2010_09_12_street_vertical\/1209_street_3258.jpg\"\n               data-thumbnail=\"http:\/\/www.spaziotorino.it\/scatto\/wp-content\/gallery\/2010_09_12_street_vertical\/thumbs\/thumbs_1209_street_3258.jpg\"\n               data-image-id=\"2013\"\n               data-title=\"Skateboarding\"\n               data-description=\"Skateboarding\"\n               data-image-slug=\"skateboarding-1\"\n               class=\"ngg-fancybox\" rel=\"82cf1cdf63d1194e784737e7329f37b3\">\n                <img\n                    title=\"Skateboarding\"\n                    alt=\"Skateboarding\"\n                    src=\"http:\/\/www.spaziotorino.it\/scatto\/wp-content\/gallery\/2010_09_12_street_vertical\/cache\/1209_street_3258.jpg-nggid042013-ngg0dyn-60x60x100-00f0w010c011r110f110r010t010.jpg\"\n                    width=\"60\"\n                    height=\"60\"\n                    style=\"max-width:100%;\"\n                \/>\n            <\/a>\n        <\/div>\n\t\t\t\t\t\t\t<\/div> \n\t\t\t\n        \n\t\t\t\t<div id=\"ngg-image-9\" class=\"ngg-gallery-thumbnail-box\" >\n\t\t\t\t        <div class=\"ngg-gallery-thumbnail\">\n            <a href=\"http:\/\/www.spaziotorino.it\/scatto\/wp-content\/gallery\/2010_09_12_street_vertical\/1209_street_alv_1455.jpg\"\n               title=\"Skateboarding\"\n               data-src=\"http:\/\/www.spaziotorino.it\/scatto\/wp-content\/gallery\/2010_09_12_street_vertical\/1209_street_alv_1455.jpg\"\n               data-thumbnail=\"http:\/\/www.spaziotorino.it\/scatto\/wp-content\/gallery\/2010_09_12_street_vertical\/thumbs\/thumbs_1209_street_alv_1455.jpg\"\n               data-image-id=\"2020\"\n               data-title=\"Skateboarding\"\n               data-description=\"Skateboarding\"\n               data-image-slug=\"skateboarding-1\"\n               class=\"ngg-fancybox\" rel=\"82cf1cdf63d1194e784737e7329f37b3\">\n                <img\n                    title=\"Skateboarding\"\n                    alt=\"Skateboarding\"\n                    src=\"http:\/\/www.spaziotorino.it\/scatto\/wp-content\/gallery\/2010_09_12_street_vertical\/cache\/1209_street_alv_1455.jpg-nggid042020-ngg0dyn-60x60x100-00f0w010c011r110f110r010t010.jpg\"\n                    width=\"60\"\n                    height=\"60\"\n                    style=\"max-width:100%;\"\n                \/>\n            <\/a>\n        <\/div>\n\t\t\t\t\t\t\t<\/div> \n\t\t\t\n        \n\t\t\t\t<div id=\"ngg-image-10\" class=\"ngg-gallery-thumbnail-box\" >\n\t\t\t\t        <div class=\"ngg-gallery-thumbnail\">\n            <a href=\"http:\/\/www.spaziotorino.it\/scatto\/wp-content\/gallery\/2010_09_12_street_vertical\/1209_street_3232.jpg\"\n               title=\"Bmx\"\n               data-src=\"http:\/\/www.spaziotorino.it\/scatto\/wp-content\/gallery\/2010_09_12_street_vertical\/1209_street_3232.jpg\"\n               data-thumbnail=\"http:\/\/www.spaziotorino.it\/scatto\/wp-content\/gallery\/2010_09_12_street_vertical\/thumbs\/thumbs_1209_street_3232.jpg\"\n               data-image-id=\"2011\"\n               data-title=\"Bmx\"\n               data-description=\"Bmx\"\n               data-image-slug=\"bmx-3\"\n               class=\"ngg-fancybox\" rel=\"82cf1cdf63d1194e784737e7329f37b3\">\n                <img\n                    title=\"Bmx\"\n                    alt=\"Bmx\"\n                    src=\"http:\/\/www.spaziotorino.it\/scatto\/wp-content\/gallery\/2010_09_12_street_vertical\/cache\/1209_street_3232.jpg-nggid042011-ngg0dyn-60x60x100-00f0w010c011r110f110r010t010.jpg\"\n                    width=\"60\"\n                    height=\"60\"\n                    style=\"max-width:100%;\"\n                \/>\n            <\/a>\n        <\/div>\n\t\t\t\t\t\t\t<\/div> \n\t\t\t\n        \n\t\t\t\t<div id=\"ngg-image-11\" class=\"ngg-gallery-thumbnail-box\" >\n\t\t\t\t        <div class=\"ngg-gallery-thumbnail\">\n            <a href=\"http:\/\/www.spaziotorino.it\/scatto\/wp-content\/gallery\/2010_09_12_street_vertical\/1209_street_3252.jpg\"\n               title=\"Frisbee\"\n               data-src=\"http:\/\/www.spaziotorino.it\/scatto\/wp-content\/gallery\/2010_09_12_street_vertical\/1209_street_3252.jpg\"\n               data-thumbnail=\"http:\/\/www.spaziotorino.it\/scatto\/wp-content\/gallery\/2010_09_12_street_vertical\/thumbs\/thumbs_1209_street_3252.jpg\"\n               data-image-id=\"2012\"\n               data-title=\"Frisbee\"\n               data-description=\"Frisbee\"\n               data-image-slug=\"frisbee-2\"\n               class=\"ngg-fancybox\" rel=\"82cf1cdf63d1194e784737e7329f37b3\">\n                <img\n                    title=\"Frisbee\"\n                    alt=\"Frisbee\"\n                    src=\"http:\/\/www.spaziotorino.it\/scatto\/wp-content\/gallery\/2010_09_12_street_vertical\/cache\/1209_street_3252.jpg-nggid042012-ngg0dyn-60x60x100-00f0w010c011r110f110r010t010.jpg\"\n                    width=\"60\"\n                    height=\"60\"\n                    style=\"max-width:100%;\"\n                \/>\n            <\/a>\n        <\/div>\n\t\t\t\t\t\t\t<\/div> \n\t\t\t\n        \n\t\t\t\t<div id=\"ngg-image-12\" class=\"ngg-gallery-thumbnail-box\" >\n\t\t\t\t        <div class=\"ngg-gallery-thumbnail\">\n            <a href=\"http:\/\/www.spaziotorino.it\/scatto\/wp-content\/gallery\/2010_09_12_street_vertical\/1209_street_3292.jpg\"\n               title=\"Bmx\"\n               data-src=\"http:\/\/www.spaziotorino.it\/scatto\/wp-content\/gallery\/2010_09_12_street_vertical\/1209_street_3292.jpg\"\n               data-thumbnail=\"http:\/\/www.spaziotorino.it\/scatto\/wp-content\/gallery\/2010_09_12_street_vertical\/thumbs\/thumbs_1209_street_3292.jpg\"\n               data-image-id=\"2014\"\n               data-title=\"Bmx\"\n               data-description=\"Bmx\"\n               data-image-slug=\"bmx-1\"\n               class=\"ngg-fancybox\" rel=\"82cf1cdf63d1194e784737e7329f37b3\">\n                <img\n                    title=\"Bmx\"\n                    alt=\"Bmx\"\n                    src=\"http:\/\/www.spaziotorino.it\/scatto\/wp-content\/gallery\/2010_09_12_street_vertical\/cache\/1209_street_3292.jpg-nggid042014-ngg0dyn-60x60x100-00f0w010c011r110f110r010t010.jpg\"\n                    width=\"60\"\n                    height=\"60\"\n                    style=\"max-width:100%;\"\n                \/>\n            <\/a>\n        <\/div>\n\t\t\t\t\t\t\t<\/div> \n\t\t\t\n        \n\t\t\t\t<div id=\"ngg-image-13\" class=\"ngg-gallery-thumbnail-box\" >\n\t\t\t\t        <div class=\"ngg-gallery-thumbnail\">\n            <a href=\"http:\/\/www.spaziotorino.it\/scatto\/wp-content\/gallery\/2010_09_12_street_vertical\/1209_street_3297.jpg\"\n               title=\"Bmx\"\n               data-src=\"http:\/\/www.spaziotorino.it\/scatto\/wp-content\/gallery\/2010_09_12_street_vertical\/1209_street_3297.jpg\"\n               data-thumbnail=\"http:\/\/www.spaziotorino.it\/scatto\/wp-content\/gallery\/2010_09_12_street_vertical\/thumbs\/thumbs_1209_street_3297.jpg\"\n               data-image-id=\"2015\"\n               data-title=\"Bmx\"\n               data-description=\"Bmx\"\n               data-image-slug=\"bmx\"\n               class=\"ngg-fancybox\" rel=\"82cf1cdf63d1194e784737e7329f37b3\">\n                <img\n                    title=\"Bmx\"\n                    alt=\"Bmx\"\n                    src=\"http:\/\/www.spaziotorino.it\/scatto\/wp-content\/gallery\/2010_09_12_street_vertical\/cache\/1209_street_3297.jpg-nggid042015-ngg0dyn-60x60x100-00f0w010c011r110f110r010t010.jpg\"\n                    width=\"60\"\n                    height=\"60\"\n                    style=\"max-width:100%;\"\n                \/>\n            <\/a>\n        <\/div>\n\t\t\t\t\t\t\t<\/div> \n\t\t\t\n        \n\t\t\t\t<div id=\"ngg-image-14\" class=\"ngg-gallery-thumbnail-box\" >\n\t\t\t\t        <div class=\"ngg-gallery-thumbnail\">\n            <a href=\"http:\/\/www.spaziotorino.it\/scatto\/wp-content\/gallery\/2010_09_12_street_vertical\/1209_street_alv_1502.jpg\"\n               title=\"Bmx\"\n               data-src=\"http:\/\/www.spaziotorino.it\/scatto\/wp-content\/gallery\/2010_09_12_street_vertical\/1209_street_alv_1502.jpg\"\n               data-thumbnail=\"http:\/\/www.spaziotorino.it\/scatto\/wp-content\/gallery\/2010_09_12_street_vertical\/thumbs\/thumbs_1209_street_alv_1502.jpg\"\n               data-image-id=\"2021\"\n               data-title=\"Bmx\"\n               data-description=\"Bmx\"\n               data-image-slug=\"bmx-1\"\n               class=\"ngg-fancybox\" rel=\"82cf1cdf63d1194e784737e7329f37b3\">\n                <img\n                    title=\"Bmx\"\n                    alt=\"Bmx\"\n                    src=\"http:\/\/www.spaziotorino.it\/scatto\/wp-content\/gallery\/2010_09_12_street_vertical\/cache\/1209_street_alv_1502.jpg-nggid042021-ngg0dyn-60x60x100-00f0w010c011r110f110r010t010.jpg\"\n                    width=\"60\"\n                    height=\"60\"\n                    style=\"max-width:100%;\"\n                \/>\n            <\/a>\n        <\/div>\n\t\t\t\t\t\t\t<\/div> \n\t\t\t\n        \n\t\t\t\t<div id=\"ngg-image-15\" class=\"ngg-gallery-thumbnail-box\" >\n\t\t\t\t        <div class=\"ngg-gallery-thumbnail\">\n            <a href=\"http:\/\/www.spaziotorino.it\/scatto\/wp-content\/gallery\/2010_09_12_street_vertical\/1209_street_alv_1511.jpg\"\n               title=\"Bmx\"\n               data-src=\"http:\/\/www.spaziotorino.it\/scatto\/wp-content\/gallery\/2010_09_12_street_vertical\/1209_street_alv_1511.jpg\"\n               data-thumbnail=\"http:\/\/www.spaziotorino.it\/scatto\/wp-content\/gallery\/2010_09_12_street_vertical\/thumbs\/thumbs_1209_street_alv_1511.jpg\"\n               data-image-id=\"2022\"\n               data-title=\"Bmx\"\n               data-description=\"Bmx\"\n               data-image-slug=\"bmx-2\"\n               class=\"ngg-fancybox\" rel=\"82cf1cdf63d1194e784737e7329f37b3\">\n                <img\n                    title=\"Bmx\"\n                    alt=\"Bmx\"\n                    src=\"http:\/\/www.spaziotorino.it\/scatto\/wp-content\/gallery\/2010_09_12_street_vertical\/cache\/1209_street_alv_1511.jpg-nggid042022-ngg0dyn-60x60x100-00f0w010c011r110f110r010t010.jpg\"\n                    width=\"60\"\n                    height=\"60\"\n                    style=\"max-width:100%;\"\n                \/>\n            <\/a>\n        <\/div>\n\t\t\t\t\t\t\t<\/div> \n\t\t\t\n        \n\t\t\t\t<div id=\"ngg-image-16\" class=\"ngg-gallery-thumbnail-box\" >\n\t\t\t\t        <div class=\"ngg-gallery-thumbnail\">\n            <a href=\"http:\/\/www.spaziotorino.it\/scatto\/wp-content\/gallery\/2010_09_12_street_vertical\/1209_street_alv_1549.jpg\"\n               title=\"Skateboarding\"\n               data-src=\"http:\/\/www.spaziotorino.it\/scatto\/wp-content\/gallery\/2010_09_12_street_vertical\/1209_street_alv_1549.jpg\"\n               data-thumbnail=\"http:\/\/www.spaziotorino.it\/scatto\/wp-content\/gallery\/2010_09_12_street_vertical\/thumbs\/thumbs_1209_street_alv_1549.jpg\"\n               data-image-id=\"2024\"\n               data-title=\"Skateboarding\"\n               data-description=\"Skateboarding\"\n               data-image-slug=\"skateboarding\"\n               class=\"ngg-fancybox\" rel=\"82cf1cdf63d1194e784737e7329f37b3\">\n                <img\n                    title=\"Skateboarding\"\n                    alt=\"Skateboarding\"\n                    src=\"http:\/\/www.spaziotorino.it\/scatto\/wp-content\/gallery\/2010_09_12_street_vertical\/cache\/1209_street_alv_1549.jpg-nggid042024-ngg0dyn-60x60x100-00f0w010c011r110f110r010t010.jpg\"\n                    width=\"60\"\n                    height=\"60\"\n                    style=\"max-width:100%;\"\n                \/>\n            <\/a>\n        <\/div>\n\t\t\t\t\t\t\t<\/div> \n\t\t\t\n        \n\t\t\t\t<div id=\"ngg-image-17\" class=\"ngg-gallery-thumbnail-box\" >\n\t\t\t\t        <div class=\"ngg-gallery-thumbnail\">\n            <a href=\"http:\/\/www.spaziotorino.it\/scatto\/wp-content\/gallery\/2010_09_12_street_vertical\/1209_street_alv_1592.jpg\"\n               title=\"Frisbee\"\n               data-src=\"http:\/\/www.spaziotorino.it\/scatto\/wp-content\/gallery\/2010_09_12_street_vertical\/1209_street_alv_1592.jpg\"\n               data-thumbnail=\"http:\/\/www.spaziotorino.it\/scatto\/wp-content\/gallery\/2010_09_12_street_vertical\/thumbs\/thumbs_1209_street_alv_1592.jpg\"\n               data-image-id=\"2026\"\n               data-title=\"Frisbee\"\n               data-description=\"Frisbee\"\n               data-image-slug=\"frisbee-2\"\n               class=\"ngg-fancybox\" rel=\"82cf1cdf63d1194e784737e7329f37b3\">\n                <img\n                    title=\"Frisbee\"\n                    alt=\"Frisbee\"\n                    src=\"http:\/\/www.spaziotorino.it\/scatto\/wp-content\/gallery\/2010_09_12_street_vertical\/cache\/1209_street_alv_1592.jpg-nggid042026-ngg0dyn-60x60x100-00f0w010c011r110f110r010t010.jpg\"\n                    width=\"60\"\n                    height=\"60\"\n                    style=\"max-width:100%;\"\n                \/>\n            <\/a>\n        <\/div>\n\t\t\t\t\t\t\t<\/div> \n\t\t\t\n        \n\t\t\t\t<div id=\"ngg-image-18\" class=\"ngg-gallery-thumbnail-box\" >\n\t\t\t\t        <div class=\"ngg-gallery-thumbnail\">\n            <a href=\"http:\/\/www.spaziotorino.it\/scatto\/wp-content\/gallery\/2010_09_12_street_vertical\/1209_street_alv_1615.jpg\"\n               title=\"Frisbee\"\n               data-src=\"http:\/\/www.spaziotorino.it\/scatto\/wp-content\/gallery\/2010_09_12_street_vertical\/1209_street_alv_1615.jpg\"\n               data-thumbnail=\"http:\/\/www.spaziotorino.it\/scatto\/wp-content\/gallery\/2010_09_12_street_vertical\/thumbs\/thumbs_1209_street_alv_1615.jpg\"\n               data-image-id=\"2027\"\n               data-title=\"Frisbee\"\n               data-description=\"Frisbee\"\n               data-image-slug=\"frisbee\"\n               class=\"ngg-fancybox\" rel=\"82cf1cdf63d1194e784737e7329f37b3\">\n                <img\n                    title=\"Frisbee\"\n                    alt=\"Frisbee\"\n                    src=\"http:\/\/www.spaziotorino.it\/scatto\/wp-content\/gallery\/2010_09_12_street_vertical\/cache\/1209_street_alv_1615.jpg-nggid042027-ngg0dyn-60x60x100-00f0w010c011r110f110r010t010.jpg\"\n                    width=\"60\"\n                    height=\"60\"\n                    style=\"max-width:100%;\"\n                \/>\n            <\/a>\n        <\/div>\n\t\t\t\t\t\t\t<\/div> \n\t\t\t\n        \n\t\t\t\t<div id=\"ngg-image-19\" class=\"ngg-gallery-thumbnail-box\" >\n\t\t\t\t        <div class=\"ngg-gallery-thumbnail\">\n            <a href=\"http:\/\/www.spaziotorino.it\/scatto\/wp-content\/gallery\/2010_09_12_street_vertical\/1209_street_alv_1629.jpg\"\n               title=\"Frisbee\"\n               data-src=\"http:\/\/www.spaziotorino.it\/scatto\/wp-content\/gallery\/2010_09_12_street_vertical\/1209_street_alv_1629.jpg\"\n               data-thumbnail=\"http:\/\/www.spaziotorino.it\/scatto\/wp-content\/gallery\/2010_09_12_street_vertical\/thumbs\/thumbs_1209_street_alv_1629.jpg\"\n               data-image-id=\"2028\"\n               data-title=\"Frisbee\"\n               data-description=\"Frisbee\"\n               data-image-slug=\"frisbee-1\"\n               class=\"ngg-fancybox\" rel=\"82cf1cdf63d1194e784737e7329f37b3\">\n                <img\n                    title=\"Frisbee\"\n                    alt=\"Frisbee\"\n                    src=\"http:\/\/www.spaziotorino.it\/scatto\/wp-content\/gallery\/2010_09_12_street_vertical\/cache\/1209_street_alv_1629.jpg-nggid042028-ngg0dyn-60x60x100-00f0w010c011r110f110r010t010.jpg\"\n                    width=\"60\"\n                    height=\"60\"\n                    style=\"max-width:100%;\"\n                \/>\n            <\/a>\n        <\/div>\n\t\t\t\t\t\t\t<\/div> \n\t\t\t\n        \n\t\t\t\t<div id=\"ngg-image-20\" class=\"ngg-gallery-thumbnail-box\" >\n\t\t\t\t        <div class=\"ngg-gallery-thumbnail\">\n            <a href=\"http:\/\/www.spaziotorino.it\/scatto\/wp-content\/gallery\/2010_09_12_street_vertical\/1209_street_2904.jpg\"\n               title=\"Arrampicata\"\n               data-src=\"http:\/\/www.spaziotorino.it\/scatto\/wp-content\/gallery\/2010_09_12_street_vertical\/1209_street_2904.jpg\"\n               data-thumbnail=\"http:\/\/www.spaziotorino.it\/scatto\/wp-content\/gallery\/2010_09_12_street_vertical\/thumbs\/thumbs_1209_street_2904.jpg\"\n               data-image-id=\"2010\"\n               data-title=\"Arrampicata\"\n               data-description=\"Arrampicata\"\n               data-image-slug=\"arrampicata\"\n               class=\"ngg-fancybox\" rel=\"82cf1cdf63d1194e784737e7329f37b3\">\n                <img\n                    title=\"Arrampicata\"\n                    alt=\"Arrampicata\"\n                    src=\"http:\/\/www.spaziotorino.it\/scatto\/wp-content\/gallery\/2010_09_12_street_vertical\/cache\/1209_street_2904.jpg-nggid042010-ngg0dyn-60x60x100-00f0w010c011r110f110r010t010.jpg\"\n                    width=\"60\"\n                    height=\"60\"\n                    style=\"max-width:100%;\"\n                \/>\n            <\/a>\n        <\/div>\n\t\t\t\t\t\t\t<\/div> \n\t\t\t\n        \n\t\t\t\t<div id=\"ngg-image-21\" class=\"ngg-gallery-thumbnail-box\" >\n\t\t\t\t        <div class=\"ngg-gallery-thumbnail\">\n            <a href=\"http:\/\/www.spaziotorino.it\/scatto\/wp-content\/gallery\/2010_09_12_street_vertical\/1209_street_3377.jpg\"\n               title=\"Arrampicata\"\n               data-src=\"http:\/\/www.spaziotorino.it\/scatto\/wp-content\/gallery\/2010_09_12_street_vertical\/1209_street_3377.jpg\"\n               data-thumbnail=\"http:\/\/www.spaziotorino.it\/scatto\/wp-content\/gallery\/2010_09_12_street_vertical\/thumbs\/thumbs_1209_street_3377.jpg\"\n               data-image-id=\"2016\"\n               data-title=\"Arrampicata\"\n               data-description=\"Arrampicata\"\n               data-image-slug=\"arrampicata-1\"\n               class=\"ngg-fancybox\" rel=\"82cf1cdf63d1194e784737e7329f37b3\">\n                <img\n                    title=\"Arrampicata\"\n                    alt=\"Arrampicata\"\n                    src=\"http:\/\/www.spaziotorino.it\/scatto\/wp-content\/gallery\/2010_09_12_street_vertical\/cache\/1209_street_3377.jpg-nggid042016-ngg0dyn-60x60x100-00f0w010c011r110f110r010t010.jpg\"\n                    width=\"60\"\n                    height=\"60\"\n                    style=\"max-width:100%;\"\n                \/>\n            <\/a>\n        <\/div>\n\t\t\t\t\t\t\t<\/div> \n\t\t\t\n        \n\t\t\t\t<div id=\"ngg-image-22\" class=\"ngg-gallery-thumbnail-box\" >\n\t\t\t\t        <div class=\"ngg-gallery-thumbnail\">\n            <a href=\"http:\/\/www.spaziotorino.it\/scatto\/wp-content\/gallery\/2010_09_12_street_vertical\/1209_street_alv_1340.jpg\"\n               title=\"\"\n               data-src=\"http:\/\/www.spaziotorino.it\/scatto\/wp-content\/gallery\/2010_09_12_street_vertical\/1209_street_alv_1340.jpg\"\n               data-thumbnail=\"http:\/\/www.spaziotorino.it\/scatto\/wp-content\/gallery\/2010_09_12_street_vertical\/thumbs\/thumbs_1209_street_alv_1340.jpg\"\n               data-image-id=\"2017\"\n               data-title=\"Torino Street Style\"\n               data-description=\"\"\n               data-image-slug=\"torino-street-style\"\n               class=\"ngg-fancybox\" rel=\"82cf1cdf63d1194e784737e7329f37b3\">\n                <img\n                    title=\"Torino Street Style\"\n                    alt=\"Torino Street Style\"\n                    src=\"http:\/\/www.spaziotorino.it\/scatto\/wp-content\/gallery\/2010_09_12_street_vertical\/cache\/1209_street_alv_1340.jpg-nggid042017-ngg0dyn-60x60x100-00f0w010c011r110f110r010t010.jpg\"\n                    width=\"60\"\n                    height=\"60\"\n                    style=\"max-width:100%;\"\n                \/>\n            <\/a>\n        <\/div>\n\t\t\t\t\t\t\t<\/div> \n\t\t\t\n        \n\t\t\n\t\t<!-- Pagination -->\n\t<div class='ngg-clear'><\/div>\t<\/div>\n\n<p>Un weekend \u201cestremo\u201d per Torino 2010 Capitale Europea dei Giovani.<br \/>\nSabato e domenica, infatti, piazza San Carlo, via Roma e la Cavallerizza Reale hanno ospitato Torino Street Style, l\u2019iniziativa che ha trasformato le piazze e le vie del centro in un\u2019arena in cui si esibiranno le associazioni e i gruppi che praticano sport di strada.<br \/>\nLa ruota di Rhon (una grande ruota metallica al cui interno si fanno esibizioni a ritmo di musica) lo skate, lo street boulder (arrampicata urbana), l\u2019ultimate frisbee, le evoluzioni con le bmx, il bike polo giocato su biciclette modificate, lo street golf, sono alcune delle discipline che caratterizzeranno la due giorni torinese di sport.<br \/>\nDa segnalare anche la Vertical City Race, la gara che ha trasformato il capoluogo subalpino in un percorso ad ostacoli: corsa e mountain bike in collina, regata in kayak sul Po, attraversamento in teleferica sopra il fiume, arrampicata e calata in doppia ai Murazzi, city chase (inseguimento e orientamento) per le strade del centro storico.<br \/>\nUna grande kermesse dove i cittadini hanno potuto essere sia spettatori che protagonisti partecipando ai vari workshop in programma per imparare le discipline pi\u00f9 ardite e, magari, scoprire di avere la vocazione dello skater o dell\u2019arrampicatore.<\/p>\n<p>Fortemente sostenuto da Citt\u00e0 di Torino, Ministero della Giovent\u00f9 e Regione Piemonte, Torino Street Style \u00e8 uno dei maggiori eventi di Torino 2010 e rappresenta un\u2019opportunit\u00e0 unica per giovani sportivi e appassionati di vedere finalmente al centro dell\u2019attenzione anche sport meno noti.<\/p>\n","protected":false},"excerpt":{"rendered":"<p>Un weekend \u201cestremo\u201d per Torino 2010 Capitale Europea dei Giovani. Sabato e domenica, infatti, piazza San Carlo, via Roma e la Cavallerizza Reale hanno ospitato Torino Street Style, l\u2019iniziativa che ha trasformato le piazze e le vie del centro in un\u2019arena in cui si esibiranno le associazioni e i gruppi che praticano sport di strada. [&hellip;]<\/p>\n","protected":false},"author":1,"featured_media":0,"comment_status":"closed","ping_status":"open","sticky":false,"template":"","format":"standard","meta":{"ngg_post_thumbnail":0},"categories":[1,41],"tags":[3051,3432,3433,3384,3016,3431,3005,3429,3430],"_links":{"self":[{"href":"http:\/\/www.spaziotorino.it\/scatto\/index.php?rest_route=\/wp\/v2\/posts\/802"}],"collection":[{"href":"http:\/\/www.spaziotorino.it\/scatto\/index.php?rest_route=\/wp\/v2\/posts"}],"about":[{"href":"http:\/\/www.spaziotorino.it\/scatto\/index.php?rest_route=\/wp\/v2\/types\/post"}],"author":[{"embeddable":true,"href":"http:\/\/www.spaziotorino.it\/scatto\/index.php?rest_route=\/wp\/v2\/users\/1"}],"replies":[{"embeddable":true,"href":"http:\/\/www.spaziotorino.it\/scatto\/index.php?rest_route=%2Fwp%2Fv2%2Fcomments&post=802"}],"version-history":[{"count":4,"href":"http:\/\/www.spaziotorino.it\/scatto\/index.php?rest_route=\/wp\/v2\/posts\/802\/revisions"}],"predecessor-version":[{"id":806,"href":"http:\/\/www.spaziotorino.it\/scatto\/index.php?rest_route=\/wp\/v2\/posts\/802\/revisions\/806"}],"wp:attachment":[{"href":"http:\/\/www.spaziotorino.it\/scatto\/index.php?rest_route=%2Fwp%2Fv2%2Fmedia&parent=802"}],"wp:term":[{"taxonomy":"category","embeddable":true,"href":"http:\/\/www.spaziotorino.it\/scatto\/index.php?rest_route=%2Fwp%2Fv2%2Fcategories&post=802"},{"taxonomy":"post_tag","embeddable":true,"href":"http:\/\/www.spaziotorino.it\/scatto\/index.php?rest_route=%2Fwp%2Fv2%2Ftags&post=802"}],"curies":[{"name":"wp","href":"https:\/\/api.w.org\/{rel}","templated":true}]}}