{"id":938,"date":"2010-11-19T17:29:59","date_gmt":"2010-11-19T16:29:59","guid":{"rendered":"http:\/\/www.spaziotorino.it\/scatto\/?p=938"},"modified":"2010-12-02T16:29:37","modified_gmt":"2010-12-02T15:29:37","slug":"lessenza-al-femminile","status":"publish","type":"post","link":"http:\/\/www.spaziotorino.it\/scatto\/?p=938","title":{"rendered":"L&#8217;essenza al femminile"},"content":{"rendered":"<p><iframe data-cc-src=\"https:\/\/www.youtube-nocookie.com\/embed\/sNay2FJlfaA\" title=\"YouTube video player\" data-consent=\"youtube\" data-block=\"show\" allow=\"accelerometer; autoplay; clipboard-write; encrypted-media; gyroscope; picture-in-picture\" allowfullscreen=\"\" width=\"540\" height=\"360\" frameborder=\"0\"><\/iframe><\/p>\n<!-- index.php -->\n<div\n\tclass=\"ngg-galleryoverview ngg-ajax-pagination-none\"\n\tid=\"ngg-gallery-bae0d792aaec8855c105564f2a13794a-1\">\n\n    \t\t<!-- Thumbnails -->\n\t\t\t\t<div id=\"ngg-image-0\" class=\"ngg-gallery-thumbnail-box\" >\n\t\t\t\t        <div class=\"ngg-gallery-thumbnail\">\n            <a href=\"http:\/\/www.spaziotorino.it\/scatto\/wp-content\/gallery\/2010_11_19_piaia\/1911_piaia_1662.jpg\"\n               title=\"Roberto Piaia, L\\&#039;essenza al femminile\"\n               data-src=\"http:\/\/www.spaziotorino.it\/scatto\/wp-content\/gallery\/2010_11_19_piaia\/1911_piaia_1662.jpg\"\n               data-thumbnail=\"http:\/\/www.spaziotorino.it\/scatto\/wp-content\/gallery\/2010_11_19_piaia\/thumbs\/thumbs_1911_piaia_1662.jpg\"\n               data-image-id=\"2385\"\n               data-title=\"Roberto Piaia, L\\&#039;essenza al femminile\"\n               data-description=\"Roberto Piaia, L&#039;essenza al femminile\"\n               data-image-slug=\"roberto-piaia-lessenza-al-femminile\"\n               class=\"ngg-fancybox\" rel=\"bae0d792aaec8855c105564f2a13794a\">\n                <img\n                    title=\"Roberto Piaia, L\\&#039;essenza al femminile\"\n                    alt=\"Roberto Piaia, L\\&#039;essenza al femminile\"\n                    src=\"http:\/\/www.spaziotorino.it\/scatto\/wp-content\/gallery\/2010_11_19_piaia\/cache\/1911_piaia_1662.jpg-nggid042385-ngg0dyn-60x60x100-00f0w010c011r110f110r010t010.jpg\"\n                    width=\"60\"\n                    height=\"60\"\n                    style=\"max-width:100%;\"\n                \/>\n            <\/a>\n        <\/div>\n\t\t\t\t\t\t\t<\/div> \n\t\t\t\n        \n\t\t\t\t<div id=\"ngg-image-1\" class=\"ngg-gallery-thumbnail-box\" >\n\t\t\t\t        <div class=\"ngg-gallery-thumbnail\">\n            <a href=\"http:\/\/www.spaziotorino.it\/scatto\/wp-content\/gallery\/2010_11_19_piaia\/1911_piaia_1608.jpg\"\n               title=\"Marylin in assurfivo, 2005\"\n               data-src=\"http:\/\/www.spaziotorino.it\/scatto\/wp-content\/gallery\/2010_11_19_piaia\/1911_piaia_1608.jpg\"\n               data-thumbnail=\"http:\/\/www.spaziotorino.it\/scatto\/wp-content\/gallery\/2010_11_19_piaia\/thumbs\/thumbs_1911_piaia_1608.jpg\"\n               data-image-id=\"2381\"\n               data-title=\"Marylin in assurfivo, 2005\"\n               data-description=\"Marylin in assurfivo, 2005\"\n               data-image-slug=\"marylin-in-assurfivo-2005\"\n               class=\"ngg-fancybox\" rel=\"bae0d792aaec8855c105564f2a13794a\">\n                <img\n                    title=\"Marylin in assurfivo, 2005\"\n                    alt=\"Marylin in assurfivo, 2005\"\n                    src=\"http:\/\/www.spaziotorino.it\/scatto\/wp-content\/gallery\/2010_11_19_piaia\/cache\/1911_piaia_1608.jpg-nggid042381-ngg0dyn-60x60x100-00f0w010c011r110f110r010t010.jpg\"\n                    width=\"60\"\n                    height=\"60\"\n                    style=\"max-width:100%;\"\n                \/>\n            <\/a>\n        <\/div>\n\t\t\t\t\t\t\t<\/div> \n\t\t\t\n        \n\t\t\t\t<div id=\"ngg-image-2\" class=\"ngg-gallery-thumbnail-box\" >\n\t\t\t\t        <div class=\"ngg-gallery-thumbnail\">\n            <a href=\"http:\/\/www.spaziotorino.it\/scatto\/wp-content\/gallery\/2010_11_19_piaia\/1911_piaia_1658.jpg\"\n               title=\"Il guadiano dell\\&#039;immobilit\u00e0, 2005\/06\"\n               data-src=\"http:\/\/www.spaziotorino.it\/scatto\/wp-content\/gallery\/2010_11_19_piaia\/1911_piaia_1658.jpg\"\n               data-thumbnail=\"http:\/\/www.spaziotorino.it\/scatto\/wp-content\/gallery\/2010_11_19_piaia\/thumbs\/thumbs_1911_piaia_1658.jpg\"\n               data-image-id=\"2384\"\n               data-title=\"Il guadiano dell\\&#039;immobilit\u00e0, 2005\/06\"\n               data-description=\"Il guadiano dell&#039;immobilit\u00e0, 2005\/06\"\n               data-image-slug=\"il-guadiano-dellimmobilit%c3%a0-200506\"\n               class=\"ngg-fancybox\" rel=\"bae0d792aaec8855c105564f2a13794a\">\n                <img\n                    title=\"Il guadiano dell\\&#039;immobilit\u00e0, 2005\/06\"\n                    alt=\"Il guadiano dell\\&#039;immobilit\u00e0, 2005\/06\"\n                    src=\"http:\/\/www.spaziotorino.it\/scatto\/wp-content\/gallery\/2010_11_19_piaia\/cache\/1911_piaia_1658.jpg-nggid042384-ngg0dyn-60x60x100-00f0w010c011r110f110r010t010.jpg\"\n                    width=\"60\"\n                    height=\"60\"\n                    style=\"max-width:100%;\"\n                \/>\n            <\/a>\n        <\/div>\n\t\t\t\t\t\t\t<\/div> \n\t\t\t\n        \n\t\t\t\t<div id=\"ngg-image-3\" class=\"ngg-gallery-thumbnail-box\" >\n\t\t\t\t        <div class=\"ngg-gallery-thumbnail\">\n            <a href=\"http:\/\/www.spaziotorino.it\/scatto\/wp-content\/gallery\/2010_11_19_piaia\/1911_piaia_1633.jpg\"\n               title=\"Vanitosa, 2005\"\n               data-src=\"http:\/\/www.spaziotorino.it\/scatto\/wp-content\/gallery\/2010_11_19_piaia\/1911_piaia_1633.jpg\"\n               data-thumbnail=\"http:\/\/www.spaziotorino.it\/scatto\/wp-content\/gallery\/2010_11_19_piaia\/thumbs\/thumbs_1911_piaia_1633.jpg\"\n               data-image-id=\"2383\"\n               data-title=\"Vanitosa, 2005\"\n               data-description=\"Vanitosa, 2005\"\n               data-image-slug=\"vanitosa-2005\"\n               class=\"ngg-fancybox\" rel=\"bae0d792aaec8855c105564f2a13794a\">\n                <img\n                    title=\"Vanitosa, 2005\"\n                    alt=\"Vanitosa, 2005\"\n                    src=\"http:\/\/www.spaziotorino.it\/scatto\/wp-content\/gallery\/2010_11_19_piaia\/cache\/1911_piaia_1633.jpg-nggid042383-ngg0dyn-60x60x100-00f0w010c011r110f110r010t010.jpg\"\n                    width=\"60\"\n                    height=\"60\"\n                    style=\"max-width:100%;\"\n                \/>\n            <\/a>\n        <\/div>\n\t\t\t\t\t\t\t<\/div> \n\t\t\t\n        \n\t\t\t\t<div id=\"ngg-image-4\" class=\"ngg-gallery-thumbnail-box\" >\n\t\t\t\t        <div class=\"ngg-gallery-thumbnail\">\n            <a href=\"http:\/\/www.spaziotorino.it\/scatto\/wp-content\/gallery\/2010_11_19_piaia\/1911_piaia_1600.jpg\"\n               title=\"L\\&#039;ira, 2007\"\n               data-src=\"http:\/\/www.spaziotorino.it\/scatto\/wp-content\/gallery\/2010_11_19_piaia\/1911_piaia_1600.jpg\"\n               data-thumbnail=\"http:\/\/www.spaziotorino.it\/scatto\/wp-content\/gallery\/2010_11_19_piaia\/thumbs\/thumbs_1911_piaia_1600.jpg\"\n               data-image-id=\"2380\"\n               data-title=\"L\\&#039;ira, 2007\"\n               data-description=\"L&#039;ira, 2007\"\n               data-image-slug=\"lira-2007\"\n               class=\"ngg-fancybox\" rel=\"bae0d792aaec8855c105564f2a13794a\">\n                <img\n                    title=\"L\\&#039;ira, 2007\"\n                    alt=\"L\\&#039;ira, 2007\"\n                    src=\"http:\/\/www.spaziotorino.it\/scatto\/wp-content\/gallery\/2010_11_19_piaia\/cache\/1911_piaia_1600.jpg-nggid042380-ngg0dyn-60x60x100-00f0w010c011r110f110r010t010.jpg\"\n                    width=\"60\"\n                    height=\"60\"\n                    style=\"max-width:100%;\"\n                \/>\n            <\/a>\n        <\/div>\n\t\t\t\t\t\t\t<\/div> \n\t\t\t\n        \n\t\t\t\t<div id=\"ngg-image-5\" class=\"ngg-gallery-thumbnail-box\" >\n\t\t\t\t        <div class=\"ngg-gallery-thumbnail\">\n            <a href=\"http:\/\/www.spaziotorino.it\/scatto\/wp-content\/gallery\/2010_11_19_piaia\/1911_piaia_1582.jpg\"\n               title=\"La cena\"\n               data-src=\"http:\/\/www.spaziotorino.it\/scatto\/wp-content\/gallery\/2010_11_19_piaia\/1911_piaia_1582.jpg\"\n               data-thumbnail=\"http:\/\/www.spaziotorino.it\/scatto\/wp-content\/gallery\/2010_11_19_piaia\/thumbs\/thumbs_1911_piaia_1582.jpg\"\n               data-image-id=\"2379\"\n               data-title=\"La cena\"\n               data-description=\"La cena\"\n               data-image-slug=\"la-cena\"\n               class=\"ngg-fancybox\" rel=\"bae0d792aaec8855c105564f2a13794a\">\n                <img\n                    title=\"La cena\"\n                    alt=\"La cena\"\n                    src=\"http:\/\/www.spaziotorino.it\/scatto\/wp-content\/gallery\/2010_11_19_piaia\/cache\/1911_piaia_1582.jpg-nggid042379-ngg0dyn-60x60x100-00f0w010c011r110f110r010t010.jpg\"\n                    width=\"60\"\n                    height=\"60\"\n                    style=\"max-width:100%;\"\n                \/>\n            <\/a>\n        <\/div>\n\t\t\t\t\t\t\t<\/div> \n\t\t\t\n        \n\t\t\t\t<div id=\"ngg-image-6\" class=\"ngg-gallery-thumbnail-box\" >\n\t\t\t\t        <div class=\"ngg-gallery-thumbnail\">\n            <a href=\"http:\/\/www.spaziotorino.it\/scatto\/wp-content\/gallery\/2010_11_19_piaia\/1911_piaia_1629.jpg\"\n               title=\"Roberto Piaia\"\n               data-src=\"http:\/\/www.spaziotorino.it\/scatto\/wp-content\/gallery\/2010_11_19_piaia\/1911_piaia_1629.jpg\"\n               data-thumbnail=\"http:\/\/www.spaziotorino.it\/scatto\/wp-content\/gallery\/2010_11_19_piaia\/thumbs\/thumbs_1911_piaia_1629.jpg\"\n               data-image-id=\"2382\"\n               data-title=\"Roberto Piaia\"\n               data-description=\"Roberto Piaia\"\n               data-image-slug=\"roberto-piaia\"\n               class=\"ngg-fancybox\" rel=\"bae0d792aaec8855c105564f2a13794a\">\n                <img\n                    title=\"Roberto Piaia\"\n                    alt=\"Roberto Piaia\"\n                    src=\"http:\/\/www.spaziotorino.it\/scatto\/wp-content\/gallery\/2010_11_19_piaia\/cache\/1911_piaia_1629.jpg-nggid042382-ngg0dyn-60x60x100-00f0w010c011r110f110r010t010.jpg\"\n                    width=\"60\"\n                    height=\"60\"\n                    style=\"max-width:100%;\"\n                \/>\n            <\/a>\n        <\/div>\n\t\t\t\t\t\t\t<\/div> \n\t\t\t\n        \n\t\t\t\t<div id=\"ngg-image-7\" class=\"ngg-gallery-thumbnail-box\" >\n\t\t\t\t        <div class=\"ngg-gallery-thumbnail\">\n            <a href=\"http:\/\/www.spaziotorino.it\/scatto\/wp-content\/gallery\/2010_11_19_piaia\/1911_piaia_1567.jpg\"\n               title=\"Promotrice delle Belle Arti\"\n               data-src=\"http:\/\/www.spaziotorino.it\/scatto\/wp-content\/gallery\/2010_11_19_piaia\/1911_piaia_1567.jpg\"\n               data-thumbnail=\"http:\/\/www.spaziotorino.it\/scatto\/wp-content\/gallery\/2010_11_19_piaia\/thumbs\/thumbs_1911_piaia_1567.jpg\"\n               data-image-id=\"2378\"\n               data-title=\"Promotrice delle Belle Arti\"\n               data-description=\"Promotrice delle Belle Arti\"\n               data-image-slug=\"promotrice-delle-belle-arti-1\"\n               class=\"ngg-fancybox\" rel=\"bae0d792aaec8855c105564f2a13794a\">\n                <img\n                    title=\"Promotrice delle Belle Arti\"\n                    alt=\"Promotrice delle Belle Arti\"\n                    src=\"http:\/\/www.spaziotorino.it\/scatto\/wp-content\/gallery\/2010_11_19_piaia\/cache\/1911_piaia_1567.jpg-nggid042378-ngg0dyn-60x60x100-00f0w010c011r110f110r010t010.jpg\"\n                    width=\"60\"\n                    height=\"60\"\n                    style=\"max-width:100%;\"\n                \/>\n            <\/a>\n        <\/div>\n\t\t\t\t\t\t\t<\/div> \n\t\t\t\n        \n\t\t\n\t\t<!-- Pagination -->\n\t<div class='ngg-clear'><\/div>\t<\/div>\n\n<p>Dal 20 novembre al 31 dicembre Roberto Piaia sar\u00e0 presente alla Palazzina della Promotrice delle Belle Arti con una corposa antologica dal titolo L\u2019ESSENZA AL FEMMINILE, pi\u00f9 di 160 opere tra olii, disegni e sculture.<br \/>\nMai titolo fu pi\u00f9 azzeccato, infatti ci\u00f2 che trasuda da ogni lavoro di Piaia \u00e8 una femminilit\u00e0 che interpreta il mondo e le emozioni, uno sguardo che spazia dalla storia all\u2019attualit\u00e0, che rilegge i classici e la religione, uno sguardo di vita.<br \/>\nPiaia \u00e8 un artista eclettico, in continua evoluzione, che si muove con disinvoltura tra l\u2019astratto, il surreale e l\u2019iperrealismo; per cercare di \u201cspiegare\u201d la propria cangiante espressione artistica ha addirittura coniato il termine Assurfivo, ove AS sta per Astratto, SUR per Surreale, FIVO per Figurativo.<br \/>\n\u00c8 un pittore che si stacca nettamente dai tempi odierni, dominati dalla fretta di risultati veloci ma spesso effimeri. E\u2019 sua abitudine dipingere  \u201ccome una volta\u2026\u201d . <\/p>\n<p>La mostra si apre con un inedito autoritratto: composto da 45 donne-modelle, il viso di Piaia diviene, con le parole del curatore Angelo Mistrangelo, \u201c\u2026un mosaico di sensazioni, di sottili volumi, di una mappa che sottolinea la misura pittorica dell\u2019artista trevigiano. Il suo studio appare come un luogo della memoria, di indagine sul \u201cfemminile\u201d, di una straordinaria stagione che va dal dinamismo del futurismo boccioniano, alla Pop Art di Andy Warhol, in una sorta di narrazione coinvolgente e trasparente, nitida e permeata dalla luce atmosferica che percorre realistici profili.\u201d<\/p>\n<p>E i corpi di donna interpretano tutti i temi cari a Piaia, con un dichiarato intento esibizionista, le modelle operano una \u201cdrammatizzazione\u201d del gesto, che caratterizza tutte serie pittoriche: dal Ciclo dei 12 mesi, agli Interni, dai 7 Peccati Capitali, a Dante al femminile.<br \/>\nL\u2019artista si muove in un mondo abitato da sole donne, figure femminili che padroneggiano la luce e i colori, figure perfette dalle proporzioni antiche che esaltano per\u00f2 un\u2019iconografia non immune dalle suggestioni della fotografia e della grafica pubblicitaria, senza trascurare le immagini internet e i frames da video.<\/p>\n<p>L\u2019ESSENZA AL FEMMINILE<br \/>\n20 novembre &#8211; 31 dicembre 2010<br \/>\nPromotrice delle Belle Arti<br \/>\nViale Diego Balsamo Crivelli 11, Torino<br \/>\ntutti i giorni 10.00-12.30 e 16.00-19.30 festivi 10.00-12.00 luned\u00ec chiuso<br \/>\nIngresso libero<\/p>\n","protected":false},"excerpt":{"rendered":"<p>Dal 20 novembre al 31 dicembre Roberto Piaia sar\u00e0 presente alla Palazzina della Promotrice delle Belle Arti con una corposa antologica dal titolo L\u2019ESSENZA AL FEMMINILE, pi\u00f9 di 160 opere tra olii, disegni e sculture. Mai titolo fu pi\u00f9 azzeccato, infatti ci\u00f2 che trasuda da ogni lavoro di Piaia \u00e8 una femminilit\u00e0 che interpreta il [&hellip;]<\/p>\n","protected":false},"author":1,"featured_media":0,"comment_status":"closed","ping_status":"open","sticky":false,"template":"","format":"standard","meta":{"ngg_post_thumbnail":0},"categories":[54,1],"tags":[3021,3493,3171,833],"_links":{"self":[{"href":"http:\/\/www.spaziotorino.it\/scatto\/index.php?rest_route=\/wp\/v2\/posts\/938"}],"collection":[{"href":"http:\/\/www.spaziotorino.it\/scatto\/index.php?rest_route=\/wp\/v2\/posts"}],"about":[{"href":"http:\/\/www.spaziotorino.it\/scatto\/index.php?rest_route=\/wp\/v2\/types\/post"}],"author":[{"embeddable":true,"href":"http:\/\/www.spaziotorino.it\/scatto\/index.php?rest_route=\/wp\/v2\/users\/1"}],"replies":[{"embeddable":true,"href":"http:\/\/www.spaziotorino.it\/scatto\/index.php?rest_route=%2Fwp%2Fv2%2Fcomments&post=938"}],"version-history":[{"count":7,"href":"http:\/\/www.spaziotorino.it\/scatto\/index.php?rest_route=\/wp\/v2\/posts\/938\/revisions"}],"predecessor-version":[{"id":974,"href":"http:\/\/www.spaziotorino.it\/scatto\/index.php?rest_route=\/wp\/v2\/posts\/938\/revisions\/974"}],"wp:attachment":[{"href":"http:\/\/www.spaziotorino.it\/scatto\/index.php?rest_route=%2Fwp%2Fv2%2Fmedia&parent=938"}],"wp:term":[{"taxonomy":"category","embeddable":true,"href":"http:\/\/www.spaziotorino.it\/scatto\/index.php?rest_route=%2Fwp%2Fv2%2Fcategories&post=938"},{"taxonomy":"post_tag","embeddable":true,"href":"http:\/\/www.spaziotorino.it\/scatto\/index.php?rest_route=%2Fwp%2Fv2%2Ftags&post=938"}],"curies":[{"name":"wp","href":"https:\/\/api.w.org\/{rel}","templated":true}]}}